{"id":323323,"date":"2026-02-04T09:30:08","date_gmt":"2026-02-04T06:30:08","guid":{"rendered":"https:\/\/vof-news.eu\/lesions-psychiques-un-risque-daccident-du-travail-en-hausse\/"},"modified":"2026-02-04T09:30:26","modified_gmt":"2026-02-04T06:30:26","slug":"lesions-psychiques-un-risque-daccident-du-travail-en-hausse","status":"publish","type":"post","link":"https:\/\/vof-news.eu\/fr\/lesions-psychiques-un-risque-daccident-du-travail-en-hausse\/","title":{"rendered":"L\u00e9sions psychiques\u00a0: un risque d\u2019accident du travail en hausse"},"content":{"rendered":"<article>\n<p><strong>Carnet de bureau.<\/strong> Un<a href=\"https:\/\/www.courdecassation.fr\/decision\/68cce98541cce69a12ae3dfc\" rel=\"nofollow\"> chef de rayon qui, apr\u00e8s avoir pr\u00e9par\u00e9 des commandes clients, est retrouv\u00e9 en pleurs dans le bureau du comit\u00e9 social et \u00e9conomique\u00a0;<\/a> un salari\u00e9 d\u2019un centre d\u2019appels t\u00e9l\u00e9phoniques qui s\u2019effondre apr\u00e8s avoir \u00e9t\u00e9 confront\u00e9 \u00e0 un cas houleux. Les m\u00e9decins consult\u00e9s constatent  pour l\u2019un,  pour l\u2019autre. Et les deux salari\u00e9s sont reconnus comme accident\u00e9s du travail, avec pour cons\u00e9quence pour l\u2019entreprise une hausse de la cotisation patronale.<\/p>\n<p>De plus en plus d\u2019affections psychiques sont ainsi qualifi\u00e9es d\u2019accidents du travail. Le <a href=\"https:\/\/www.assurance-maladie.ameli.fr\/etudes-et-donnees\/etudes-publications\/assurance-maladie-risques-professionnels\/rapport-annuel-assurance-maladie-risques-professionnels\" rel=\"nofollow\"><\/a>, de novembre 2025\u00a0qui vient d\u2019\u00eatre actualis\u00e9 \u00e0 la mi-janvier, en souligne la hausse\u00a0: pr\u00e8s de 29\u00a0000\u00a0accidents du travail ont ainsi \u00e9t\u00e9 reconnus en\u00a02024\u00a0et identifi\u00e9s comme \u00e9tant en lien avec des affections psychiques ou des risques psychosociaux, , inscrits au <a href=\"https:\/\/www.assurance-maladie.ameli.fr\/sites\/default\/files\/2026-01_lessentiel-2024-sante-securite-au-travail_assurance-maladie.pdf\" rel=\"nofollow\">bilan 2025\u00a0de l\u2019Assurance-maladie sur les risques professionnels<\/a>.<\/p>\n<p>Ce type de l\u00e9sions ne repr\u00e9sentait que <a href=\"https:\/\/www.assurance-maladie.ameli.fr\/presse\/2018-01-16-cp-affections-psychiques-travail\" rel=\"nofollow\">1,6\u00a0% des accidents du travail il y a dix ans<\/a>. , explique Rapha\u00ebl Haeflinger, le directeur g\u00e9n\u00e9ral d\u2019Eurogip, l\u2019observatoire des risques psychosociaux.<\/p>\n<section>   <\/section>\n<p>Paradoxalement, l\u2019accident du travail est plus facile et plus rapide \u00e0 \u00e9tablir qu\u2019une maladie professionnelle. La d\u00e9cision de la caisse est rendue en trois mois au lieu de huit, car il y a peu de choses \u00e0 v\u00e9rifier\u00a0: essentiellement l\u2019existence d\u2019un choc, le lieu et le temps de travail. D\u2019un point de vue juridique (article <a href=\"https:\/\/www.legifrance.gouv.fr\/codes\/article_lc\/LEGIARTI000047452603\" rel=\"nofollow\">L. 411-1\u00a0du code de la S\u00e9curit\u00e9 sociale<\/a>), l\u2019accident du travail est une l\u00e9sion manifest\u00e9e sur le temps et le lieu de travail et rattach\u00e9e \u00e0 une situation professionnelle.<\/p>\n<h2>Les bonnes pratiques en la mati\u00e8re<\/h2>\n<p><strong>Il vous reste 47.88% de cet article \u00e0 lire. La suite est r\u00e9serv\u00e9e aux abonn\u00e9s.<\/strong><\/p>\n<\/article>\n","protected":false},"excerpt":{"rendered":"<p>Carnet de bureau. Un chef de rayon qui, apr\u00e8s avoir pr\u00e9par\u00e9 des commandes clients, est retrouv\u00e9 en pleurs dans le bureau du comit\u00e9 social et \u00e9conomique\u00a0; un salari\u00e9 d\u2019un centre d\u2019appels t\u00e9l\u00e9phoniques qui s\u2019effondre apr\u00e8s avoir \u00e9t\u00e9 confront\u00e9 \u00e0 un cas houleux. Les m\u00e9decins consult\u00e9s constatent pour l\u2019un, pour l\u2019autre. Et les deux salari\u00e9s sont<\/p>\n","protected":false},"author":1,"featured_media":0,"comment_status":"open","ping_status":"open","sticky":false,"template":"","format":"standard","meta":{"footnotes":""},"categories":[53],"tags":[],"class_list":["post-323323","post","type-post","status-publish","format-standard","hentry","category-main-news-fr"],"acf":[],"yoast_head":"<!-- This site is optimized with the Yoast SEO plugin v22.9 - https:\/\/yoast.com\/wordpress\/plugins\/seo\/ -->\n<title>L\u00e9sions psychiques\u00a0: un risque d\u2019accident du travail en hausse - vof-news.eu<\/title>\n<meta name=\"description\" content=\"Carnet de bureau. Un chef de rayon qui, apr\u00e8s avoir pr\u00e9par\u00e9 des commandes clients, est retrouv\u00e9 en pleurs dans le bureau du comit\u00e9 social et \u00e9conomique\u00a0; un salari\u00e9 d\u2019un centre d\u2019appels t\u00e9l\u00e9phoniques qui s\u2019effondre apr\u00e8s avoir \u00e9t\u00e9 confront\u00e9 \u00e0 un cas houleux. Les m\u00e9decins consult\u00e9s constatent pour l\u2019un, pour l\u2019autre. Et les deux salari\u00e9s sont reconnus comme accident\u00e9s du travail, avec pour cons\u00e9quence pour l\u2019entreprise une hausse de la cotisation patronale. De plus en plus d\u2019affections psychiques sont ainsi qualifi\u00e9es d\u2019accidents du travail. Le , de novembre 2025\u00a0qui vient d\u2019\u00eatre actualis\u00e9 \u00e0 la mi-janvier, en souligne la hausse\u00a0: pr\u00e8s de 29\u00a0000\u00a0accidents du travail ont ainsi \u00e9t\u00e9 reconnus en\u00a02024\u00a0et identifi\u00e9s comme \u00e9tant en lien avec des affections psychiques ou des risques psychosociaux, , inscrits au bilan 2025\u00a0de l\u2019Assurance-maladie sur les risques professionnels. Ce type de l\u00e9sions ne repr\u00e9sentait que 1,6\u00a0% des accidents du travail il y a dix ans. , explique Rapha\u00ebl Haeflinger, le directeur g\u00e9n\u00e9ral d\u2019Eurogip, l\u2019observatoire des risques psychosociaux.   Paradoxalement, l\u2019accident du travail est plus facile et plus rapide \u00e0 \u00e9tablir qu\u2019une maladie professionnelle. La d\u00e9cision de la caisse est rendue en trois mois au lieu de huit, car il y a peu de choses \u00e0 v\u00e9rifier\u00a0: essentiellement l\u2019existence d\u2019un choc, le lieu et le temps de travail. D\u2019un point de vue juridique (article L. 411-1\u00a0du code de la S\u00e9curit\u00e9 sociale), l\u2019accident du travail est une l\u00e9sion manifest\u00e9e sur le temps et le lieu de travail et rattach\u00e9e \u00e0 une situation professionnelle. Les bonnes pratiques en la mati\u00e8re Il vous reste 47.88% de cet article \u00e0 lire. La suite est r\u00e9serv\u00e9e aux abonn\u00e9s.\" \/>\n<meta name=\"robots\" content=\"noindex, follow, max-snippet:-1, max-image-preview:large, max-video-preview:-1\" \/>\n<meta property=\"og:locale\" content=\"fr_FR\" \/>\n<meta property=\"og:type\" content=\"article\" \/>\n<meta property=\"og:title\" content=\"L\u00e9sions psychiques\u00a0: un risque d\u2019accident du travail en hausse - vof-news.eu\" \/>\n<meta property=\"og:description\" content=\"Carnet de bureau. Un chef de rayon qui, apr\u00e8s avoir pr\u00e9par\u00e9 des commandes clients, est retrouv\u00e9 en pleurs dans le bureau du comit\u00e9 social et \u00e9conomique\u00a0; un salari\u00e9 d\u2019un centre d\u2019appels t\u00e9l\u00e9phoniques qui s\u2019effondre apr\u00e8s avoir \u00e9t\u00e9 confront\u00e9 \u00e0 un cas houleux. Les m\u00e9decins consult\u00e9s constatent pour l\u2019un, pour l\u2019autre. Et les deux salari\u00e9s sont reconnus comme accident\u00e9s du travail, avec pour cons\u00e9quence pour l\u2019entreprise une hausse de la cotisation patronale. De plus en plus d\u2019affections psychiques sont ainsi qualifi\u00e9es d\u2019accidents du travail. Le , de novembre 2025\u00a0qui vient d\u2019\u00eatre actualis\u00e9 \u00e0 la mi-janvier, en souligne la hausse\u00a0: pr\u00e8s de 29\u00a0000\u00a0accidents du travail ont ainsi \u00e9t\u00e9 reconnus en\u00a02024\u00a0et identifi\u00e9s comme \u00e9tant en lien avec des affections psychiques ou des risques psychosociaux, , inscrits au bilan 2025\u00a0de l\u2019Assurance-maladie sur les risques professionnels. Ce type de l\u00e9sions ne repr\u00e9sentait que 1,6\u00a0% des accidents du travail il y a dix ans. , explique Rapha\u00ebl Haeflinger, le directeur g\u00e9n\u00e9ral d\u2019Eurogip, l\u2019observatoire des risques psychosociaux.   Paradoxalement, l\u2019accident du travail est plus facile et plus rapide \u00e0 \u00e9tablir qu\u2019une maladie professionnelle. La d\u00e9cision de la caisse est rendue en trois mois au lieu de huit, car il y a peu de choses \u00e0 v\u00e9rifier\u00a0: essentiellement l\u2019existence d\u2019un choc, le lieu et le temps de travail. D\u2019un point de vue juridique (article L. 411-1\u00a0du code de la S\u00e9curit\u00e9 sociale), l\u2019accident du travail est une l\u00e9sion manifest\u00e9e sur le temps et le lieu de travail et rattach\u00e9e \u00e0 une situation professionnelle. Les bonnes pratiques en la mati\u00e8re Il vous reste 47.88% de cet article \u00e0 lire. La suite est r\u00e9serv\u00e9e aux abonn\u00e9s.\" \/>\n<meta property=\"og:url\" content=\"https:\/\/vof-news.eu\/fr\/lesions-psychiques-un-risque-daccident-du-travail-en-hausse\/\" \/>\n<meta property=\"og:site_name\" content=\"vof-news.eu\" \/>\n<meta property=\"article:published_time\" content=\"2026-02-04T06:30:08+00:00\" \/>\n<meta property=\"article:modified_time\" content=\"2026-02-04T06:30:26+00:00\" \/>\n<meta name=\"author\" content=\"Author\" \/>\n<meta name=\"twitter:card\" content=\"summary_large_image\" \/>\n<meta name=\"twitter:label1\" content=\"\u00c9crit par\" \/>\n\t<meta name=\"twitter:data1\" content=\"Author\" \/>\n\t<meta name=\"twitter:label2\" content=\"Dur\u00e9e de lecture estim\u00e9e\" \/>\n\t<meta name=\"twitter:data2\" content=\"2 minutes\" \/>\n<script type=\"application\/ld+json\" class=\"yoast-schema-graph\">{\"@context\":\"https:\/\/schema.org\",\"@graph\":[{\"@type\":\"WebPage\",\"@id\":\"https:\/\/vof-news.eu\/fr\/lesions-psychiques-un-risque-daccident-du-travail-en-hausse\/\",\"url\":\"https:\/\/vof-news.eu\/fr\/lesions-psychiques-un-risque-daccident-du-travail-en-hausse\/\",\"name\":\"L\u00e9sions psychiques\u00a0: un risque d\u2019accident du travail en hausse - vof-news.eu\",\"isPartOf\":{\"@id\":\"https:\/\/vof-news.eu\/fr\/#website\"},\"datePublished\":\"2026-02-04T06:30:08+00:00\",\"dateModified\":\"2026-02-04T06:30:26+00:00\",\"author\":{\"@id\":\"https:\/\/vof-news.eu\/fr\/#\/schema\/person\/f6a2a4309f0561835797fd8c19b333ed\"},\"description\":\"Carnet de bureau. Un chef de rayon qui, apr\u00e8s avoir pr\u00e9par\u00e9 des commandes clients, est retrouv\u00e9 en pleurs dans le bureau du comit\u00e9 social et \u00e9conomique\u00a0; un salari\u00e9 d\u2019un centre d\u2019appels t\u00e9l\u00e9phoniques qui s\u2019effondre apr\u00e8s avoir \u00e9t\u00e9 confront\u00e9 \u00e0 un cas houleux. Les m\u00e9decins consult\u00e9s constatent pour l\u2019un, pour l\u2019autre. Et les deux salari\u00e9s sont reconnus comme accident\u00e9s du travail, avec pour cons\u00e9quence pour l\u2019entreprise une hausse de la cotisation patronale. De plus en plus d\u2019affections psychiques sont ainsi qualifi\u00e9es d\u2019accidents du travail. Le , de novembre 2025\u00a0qui vient d\u2019\u00eatre actualis\u00e9 \u00e0 la mi-janvier, en souligne la hausse\u00a0: pr\u00e8s de 29\u00a0000\u00a0accidents du travail ont ainsi \u00e9t\u00e9 reconnus en\u00a02024\u00a0et identifi\u00e9s comme \u00e9tant en lien avec des affections psychiques ou des risques psychosociaux, , inscrits au bilan 2025\u00a0de l\u2019Assurance-maladie sur les risques professionnels. Ce type de l\u00e9sions ne repr\u00e9sentait que 1,6\u00a0% des accidents du travail il y a dix ans. , explique Rapha\u00ebl Haeflinger, le directeur g\u00e9n\u00e9ral d\u2019Eurogip, l\u2019observatoire des risques psychosociaux. Paradoxalement, l\u2019accident du travail est plus facile et plus rapide \u00e0 \u00e9tablir qu\u2019une maladie professionnelle. La d\u00e9cision de la caisse est rendue en trois mois au lieu de huit, car il y a peu de choses \u00e0 v\u00e9rifier\u00a0: essentiellement l\u2019existence d\u2019un choc, le lieu et le temps de travail. D\u2019un point de vue juridique (article L. 411-1\u00a0du code de la S\u00e9curit\u00e9 sociale), l\u2019accident du travail est une l\u00e9sion manifest\u00e9e sur le temps et le lieu de travail et rattach\u00e9e \u00e0 une situation professionnelle. Les bonnes pratiques en la mati\u00e8re Il vous reste 47.88% de cet article \u00e0 lire. La suite est r\u00e9serv\u00e9e aux abonn\u00e9s.\",\"breadcrumb\":{\"@id\":\"https:\/\/vof-news.eu\/fr\/lesions-psychiques-un-risque-daccident-du-travail-en-hausse\/#breadcrumb\"},\"inLanguage\":\"fr-FR\",\"potentialAction\":[{\"@type\":\"ReadAction\",\"target\":[\"https:\/\/vof-news.eu\/fr\/lesions-psychiques-un-risque-daccident-du-travail-en-hausse\/\"]}]},{\"@type\":\"BreadcrumbList\",\"@id\":\"https:\/\/vof-news.eu\/fr\/lesions-psychiques-un-risque-daccident-du-travail-en-hausse\/#breadcrumb\",\"itemListElement\":[{\"@type\":\"ListItem\",\"position\":1,\"name\":\"Home\",\"item\":\"https:\/\/vof-news.eu\/fr\/\"},{\"@type\":\"ListItem\",\"position\":2,\"name\":\"L\u00e9sions psychiques\u00a0: un risque d\u2019accident du travail en hausse\"}]},{\"@type\":\"WebSite\",\"@id\":\"https:\/\/vof-news.eu\/fr\/#website\",\"url\":\"https:\/\/vof-news.eu\/fr\/\",\"name\":\"vof-news.eu\",\"description\":\"\",\"potentialAction\":[{\"@type\":\"SearchAction\",\"target\":{\"@type\":\"EntryPoint\",\"urlTemplate\":\"https:\/\/vof-news.eu\/fr\/?s={search_term_string}\"},\"query-input\":\"required name=search_term_string\"}],\"inLanguage\":\"fr-FR\"},{\"@type\":\"Person\",\"@id\":\"https:\/\/vof-news.eu\/fr\/#\/schema\/person\/f6a2a4309f0561835797fd8c19b333ed\",\"name\":\"Author\",\"image\":{\"@type\":\"ImageObject\",\"inLanguage\":\"fr-FR\",\"@id\":\"https:\/\/vof-news.eu\/fr\/#\/schema\/person\/image\/\",\"url\":\"https:\/\/secure.gravatar.com\/avatar\/b67e614b1b25b3e9c0c239efdd2fde5ab015b5affd6f1c3c85911ca4b384e790?s=96&d=mm&r=g\",\"contentUrl\":\"https:\/\/secure.gravatar.com\/avatar\/b67e614b1b25b3e9c0c239efdd2fde5ab015b5affd6f1c3c85911ca4b384e790?s=96&d=mm&r=g\",\"caption\":\"Author\"},\"sameAs\":[\"http:\/\/vof-news.eu\"],\"url\":\"https:\/\/vof-news.eu\/fr\/author\/zwt6qxnjulxbnyg\/\"}]}<\/script>\n<!-- \/ Yoast SEO plugin. -->","yoast_head_json":{"title":"L\u00e9sions psychiques\u00a0: un risque d\u2019accident du travail en hausse - vof-news.eu","description":"Carnet de bureau. Un chef de rayon qui, apr\u00e8s avoir pr\u00e9par\u00e9 des commandes clients, est retrouv\u00e9 en pleurs dans le bureau du comit\u00e9 social et \u00e9conomique\u00a0; un salari\u00e9 d\u2019un centre d\u2019appels t\u00e9l\u00e9phoniques qui s\u2019effondre apr\u00e8s avoir \u00e9t\u00e9 confront\u00e9 \u00e0 un cas houleux. Les m\u00e9decins consult\u00e9s constatent pour l\u2019un, pour l\u2019autre. Et les deux salari\u00e9s sont reconnus comme accident\u00e9s du travail, avec pour cons\u00e9quence pour l\u2019entreprise une hausse de la cotisation patronale. De plus en plus d\u2019affections psychiques sont ainsi qualifi\u00e9es d\u2019accidents du travail. Le , de novembre 2025\u00a0qui vient d\u2019\u00eatre actualis\u00e9 \u00e0 la mi-janvier, en souligne la hausse\u00a0: pr\u00e8s de 29\u00a0000\u00a0accidents du travail ont ainsi \u00e9t\u00e9 reconnus en\u00a02024\u00a0et identifi\u00e9s comme \u00e9tant en lien avec des affections psychiques ou des risques psychosociaux, , inscrits au bilan 2025\u00a0de l\u2019Assurance-maladie sur les risques professionnels. Ce type de l\u00e9sions ne repr\u00e9sentait que 1,6\u00a0% des accidents du travail il y a dix ans. , explique Rapha\u00ebl Haeflinger, le directeur g\u00e9n\u00e9ral d\u2019Eurogip, l\u2019observatoire des risques psychosociaux.   Paradoxalement, l\u2019accident du travail est plus facile et plus rapide \u00e0 \u00e9tablir qu\u2019une maladie professionnelle. La d\u00e9cision de la caisse est rendue en trois mois au lieu de huit, car il y a peu de choses \u00e0 v\u00e9rifier\u00a0: essentiellement l\u2019existence d\u2019un choc, le lieu et le temps de travail. D\u2019un point de vue juridique (article L. 411-1\u00a0du code de la S\u00e9curit\u00e9 sociale), l\u2019accident du travail est une l\u00e9sion manifest\u00e9e sur le temps et le lieu de travail et rattach\u00e9e \u00e0 une situation professionnelle. Les bonnes pratiques en la mati\u00e8re Il vous reste 47.88% de cet article \u00e0 lire. La suite est r\u00e9serv\u00e9e aux abonn\u00e9s.","robots":{"index":"noindex","follow":"follow","max-snippet":"max-snippet:-1","max-image-preview":"max-image-preview:large","max-video-preview":"max-video-preview:-1"},"og_locale":"fr_FR","og_type":"article","og_title":"L\u00e9sions psychiques\u00a0: un risque d\u2019accident du travail en hausse - vof-news.eu","og_description":"Carnet de bureau. Un chef de rayon qui, apr\u00e8s avoir pr\u00e9par\u00e9 des commandes clients, est retrouv\u00e9 en pleurs dans le bureau du comit\u00e9 social et \u00e9conomique\u00a0; un salari\u00e9 d\u2019un centre d\u2019appels t\u00e9l\u00e9phoniques qui s\u2019effondre apr\u00e8s avoir \u00e9t\u00e9 confront\u00e9 \u00e0 un cas houleux. Les m\u00e9decins consult\u00e9s constatent pour l\u2019un, pour l\u2019autre. Et les deux salari\u00e9s sont reconnus comme accident\u00e9s du travail, avec pour cons\u00e9quence pour l\u2019entreprise une hausse de la cotisation patronale. De plus en plus d\u2019affections psychiques sont ainsi qualifi\u00e9es d\u2019accidents du travail. Le , de novembre 2025\u00a0qui vient d\u2019\u00eatre actualis\u00e9 \u00e0 la mi-janvier, en souligne la hausse\u00a0: pr\u00e8s de 29\u00a0000\u00a0accidents du travail ont ainsi \u00e9t\u00e9 reconnus en\u00a02024\u00a0et identifi\u00e9s comme \u00e9tant en lien avec des affections psychiques ou des risques psychosociaux, , inscrits au bilan 2025\u00a0de l\u2019Assurance-maladie sur les risques professionnels. Ce type de l\u00e9sions ne repr\u00e9sentait que 1,6\u00a0% des accidents du travail il y a dix ans. , explique Rapha\u00ebl Haeflinger, le directeur g\u00e9n\u00e9ral d\u2019Eurogip, l\u2019observatoire des risques psychosociaux.   Paradoxalement, l\u2019accident du travail est plus facile et plus rapide \u00e0 \u00e9tablir qu\u2019une maladie professionnelle. La d\u00e9cision de la caisse est rendue en trois mois au lieu de huit, car il y a peu de choses \u00e0 v\u00e9rifier\u00a0: essentiellement l\u2019existence d\u2019un choc, le lieu et le temps de travail. D\u2019un point de vue juridique (article L. 411-1\u00a0du code de la S\u00e9curit\u00e9 sociale), l\u2019accident du travail est une l\u00e9sion manifest\u00e9e sur le temps et le lieu de travail et rattach\u00e9e \u00e0 une situation professionnelle. Les bonnes pratiques en la mati\u00e8re Il vous reste 47.88% de cet article \u00e0 lire. La suite est r\u00e9serv\u00e9e aux abonn\u00e9s.","og_url":"https:\/\/vof-news.eu\/fr\/lesions-psychiques-un-risque-daccident-du-travail-en-hausse\/","og_site_name":"vof-news.eu","article_published_time":"2026-02-04T06:30:08+00:00","article_modified_time":"2026-02-04T06:30:26+00:00","author":"Author","twitter_card":"summary_large_image","twitter_misc":{"\u00c9crit par":"Author","Dur\u00e9e de lecture estim\u00e9e":"2 minutes"},"schema":{"@context":"https:\/\/schema.org","@graph":[{"@type":"WebPage","@id":"https:\/\/vof-news.eu\/fr\/lesions-psychiques-un-risque-daccident-du-travail-en-hausse\/","url":"https:\/\/vof-news.eu\/fr\/lesions-psychiques-un-risque-daccident-du-travail-en-hausse\/","name":"L\u00e9sions psychiques\u00a0: un risque d\u2019accident du travail en hausse - vof-news.eu","isPartOf":{"@id":"https:\/\/vof-news.eu\/fr\/#website"},"datePublished":"2026-02-04T06:30:08+00:00","dateModified":"2026-02-04T06:30:26+00:00","author":{"@id":"https:\/\/vof-news.eu\/fr\/#\/schema\/person\/f6a2a4309f0561835797fd8c19b333ed"},"description":"Carnet de bureau. Un chef de rayon qui, apr\u00e8s avoir pr\u00e9par\u00e9 des commandes clients, est retrouv\u00e9 en pleurs dans le bureau du comit\u00e9 social et \u00e9conomique\u00a0; un salari\u00e9 d\u2019un centre d\u2019appels t\u00e9l\u00e9phoniques qui s\u2019effondre apr\u00e8s avoir \u00e9t\u00e9 confront\u00e9 \u00e0 un cas houleux. Les m\u00e9decins consult\u00e9s constatent pour l\u2019un, pour l\u2019autre. Et les deux salari\u00e9s sont reconnus comme accident\u00e9s du travail, avec pour cons\u00e9quence pour l\u2019entreprise une hausse de la cotisation patronale. De plus en plus d\u2019affections psychiques sont ainsi qualifi\u00e9es d\u2019accidents du travail. Le , de novembre 2025\u00a0qui vient d\u2019\u00eatre actualis\u00e9 \u00e0 la mi-janvier, en souligne la hausse\u00a0: pr\u00e8s de 29\u00a0000\u00a0accidents du travail ont ainsi \u00e9t\u00e9 reconnus en\u00a02024\u00a0et identifi\u00e9s comme \u00e9tant en lien avec des affections psychiques ou des risques psychosociaux, , inscrits au bilan 2025\u00a0de l\u2019Assurance-maladie sur les risques professionnels. Ce type de l\u00e9sions ne repr\u00e9sentait que 1,6\u00a0% des accidents du travail il y a dix ans. , explique Rapha\u00ebl Haeflinger, le directeur g\u00e9n\u00e9ral d\u2019Eurogip, l\u2019observatoire des risques psychosociaux. Paradoxalement, l\u2019accident du travail est plus facile et plus rapide \u00e0 \u00e9tablir qu\u2019une maladie professionnelle. La d\u00e9cision de la caisse est rendue en trois mois au lieu de huit, car il y a peu de choses \u00e0 v\u00e9rifier\u00a0: essentiellement l\u2019existence d\u2019un choc, le lieu et le temps de travail. D\u2019un point de vue juridique (article L. 411-1\u00a0du code de la S\u00e9curit\u00e9 sociale), l\u2019accident du travail est une l\u00e9sion manifest\u00e9e sur le temps et le lieu de travail et rattach\u00e9e \u00e0 une situation professionnelle. Les bonnes pratiques en la mati\u00e8re Il vous reste 47.88% de cet article \u00e0 lire. La suite est r\u00e9serv\u00e9e aux abonn\u00e9s.","breadcrumb":{"@id":"https:\/\/vof-news.eu\/fr\/lesions-psychiques-un-risque-daccident-du-travail-en-hausse\/#breadcrumb"},"inLanguage":"fr-FR","potentialAction":[{"@type":"ReadAction","target":["https:\/\/vof-news.eu\/fr\/lesions-psychiques-un-risque-daccident-du-travail-en-hausse\/"]}]},{"@type":"BreadcrumbList","@id":"https:\/\/vof-news.eu\/fr\/lesions-psychiques-un-risque-daccident-du-travail-en-hausse\/#breadcrumb","itemListElement":[{"@type":"ListItem","position":1,"name":"Home","item":"https:\/\/vof-news.eu\/fr\/"},{"@type":"ListItem","position":2,"name":"L\u00e9sions psychiques\u00a0: un risque d\u2019accident du travail en hausse"}]},{"@type":"WebSite","@id":"https:\/\/vof-news.eu\/fr\/#website","url":"https:\/\/vof-news.eu\/fr\/","name":"vof-news.eu","description":"","potentialAction":[{"@type":"SearchAction","target":{"@type":"EntryPoint","urlTemplate":"https:\/\/vof-news.eu\/fr\/?s={search_term_string}"},"query-input":"required name=search_term_string"}],"inLanguage":"fr-FR"},{"@type":"Person","@id":"https:\/\/vof-news.eu\/fr\/#\/schema\/person\/f6a2a4309f0561835797fd8c19b333ed","name":"Author","image":{"@type":"ImageObject","inLanguage":"fr-FR","@id":"https:\/\/vof-news.eu\/fr\/#\/schema\/person\/image\/","url":"https:\/\/secure.gravatar.com\/avatar\/b67e614b1b25b3e9c0c239efdd2fde5ab015b5affd6f1c3c85911ca4b384e790?s=96&d=mm&r=g","contentUrl":"https:\/\/secure.gravatar.com\/avatar\/b67e614b1b25b3e9c0c239efdd2fde5ab015b5affd6f1c3c85911ca4b384e790?s=96&d=mm&r=g","caption":"Author"},"sameAs":["http:\/\/vof-news.eu"],"url":"https:\/\/vof-news.eu\/fr\/author\/zwt6qxnjulxbnyg\/"}]}},"yoast_meta":{"yoast_wpseo_title":"","yoast_wpseo_metadesc":"","yoast_wpseo_canonical":""},"_links":{"self":[{"href":"https:\/\/vof-news.eu\/fr\/wp-json\/wp\/v2\/posts\/323323","targetHints":{"allow":["GET"]}}],"collection":[{"href":"https:\/\/vof-news.eu\/fr\/wp-json\/wp\/v2\/posts"}],"about":[{"href":"https:\/\/vof-news.eu\/fr\/wp-json\/wp\/v2\/types\/post"}],"author":[{"embeddable":true,"href":"https:\/\/vof-news.eu\/fr\/wp-json\/wp\/v2\/users\/1"}],"replies":[{"embeddable":true,"href":"https:\/\/vof-news.eu\/fr\/wp-json\/wp\/v2\/comments?post=323323"}],"version-history":[{"count":1,"href":"https:\/\/vof-news.eu\/fr\/wp-json\/wp\/v2\/posts\/323323\/revisions"}],"predecessor-version":[{"id":323324,"href":"https:\/\/vof-news.eu\/fr\/wp-json\/wp\/v2\/posts\/323323\/revisions\/323324"}],"wp:attachment":[{"href":"https:\/\/vof-news.eu\/fr\/wp-json\/wp\/v2\/media?parent=323323"}],"wp:term":[{"taxonomy":"category","embeddable":true,"href":"https:\/\/vof-news.eu\/fr\/wp-json\/wp\/v2\/categories?post=323323"},{"taxonomy":"post_tag","embeddable":true,"href":"https:\/\/vof-news.eu\/fr\/wp-json\/wp\/v2\/tags?post=323323"}],"curies":[{"name":"wp","href":"https:\/\/api.w.org\/{rel}","templated":true}]}}