{"id":323166,"date":"2026-02-03T19:30:26","date_gmt":"2026-02-03T16:30:26","guid":{"rendered":"https:\/\/vof-news.eu\/les-communes-sont-lechelle-parfaite-pour-organiser-la-lutte-contre-les-cancers-lappel-du-president-de-la-ligue-contre-le-cancer-avant-les-elections-mun\/"},"modified":"2026-02-03T19:30:32","modified_gmt":"2026-02-03T16:30:32","slug":"les-communes-sont-lechelle-parfaite-pour-organiser-la-lutte-contre-les-cancers-lappel-du-president-de-la-ligue-contre-le-cancer-avant-les-elections-mun","status":"publish","type":"post","link":"https:\/\/vof-news.eu\/fr\/les-communes-sont-lechelle-parfaite-pour-organiser-la-lutte-contre-les-cancers-lappel-du-president-de-la-ligue-contre-le-cancer-avant-les-elections-mun\/","title":{"rendered":"\u00ab\u00a0Les communes sont l\u2019\u00e9chelle parfaite pour organiser la lutte contre les cancers\u00a0\u00bb\u00a0: l\u2019appel du pr\u00e9sident de la Ligue contre le cancer avant les \u00e9lections municipales"},"content":{"rendered":"<article>\n<p><span>D<\/span>es progr\u00e8s de la m\u00e9decine aux promesses de l\u2019innovation, les discours sur la Journ\u00e9e mondiale contre le cancer \u2013 le 4\u00a0f\u00e9vrier \u2013 sont d\u00e9sormais bien rod\u00e9s. Tant et si bien que ceux de cette \u00e9dition sont, en partie, connus \u00e0 l\u2019avance\u00a0: ce sera l\u2019occasion de s\u2019enorgueillir que, d\u00e9sormais, six cancers sur dix se soignent, douze fois plus qu\u2019il y a cent ans. Les avanc\u00e9es des traitements serviront, une fois de plus, de faire-valoir \u00e0 une conclusion qui n\u2019engage personne\u00a0:  C\u2019est en effet la marche \u00e0 suivre pour les cancers que nous connaissons mieux et que nous pouvons esp\u00e9rer traiter tant que le soutien \u00e0 la recherche suit.<\/p>\n<p>Mais si la France souhaite vraiment aller plus loin dans la lutte contre la maladie, encore faudrait-il regarder l\u00e0 o\u00f9 elle ne va jamais. Non vers le cancer qui se soigne, mais vers celui qui s\u2019\u00e9vite\u00a0: c\u2019est-\u00e0-dire pr\u00e8s de 40\u00a0% des cas que nous diagnostiquons tous les ans. Oui, chacun de ces quelque 170\u00a0000 nouveaux cancers, sur les 430\u00a0000 diagnostiqu\u00e9s en\u00a02023, selon l\u2019Institut national du cancer, rel\u00e8ve bien d\u2019une responsabilit\u00e9 collective. Car les choix individuels s\u2019exercent toujours dans un environnement donn\u00e9 et impos\u00e9.<\/p>\n<p>Pareille assurance peut d\u00e9tonner dans une soci\u00e9t\u00e9 o\u00f9 le premier r\u00e9flexe est de chercher du c\u00f4t\u00e9 de la responsabilit\u00e9 de chacun. Mais que faisons-nous le reste du temps, si ce n\u2019est r\u00e9p\u00e9ter de grandes injonctions\u00a0comme , ,  qui ne r\u00e9ussissent qu\u2019\u00e0 culpabiliser individuellement et creuser les diff\u00e9rences d\u2019esp\u00e9rance de vie, entre les plus pr\u00e9caires et les plus ais\u00e9s\u00a0? Il faudrait aujourd\u2019hui moins de paroles et plus d\u2019actes.<\/p>\n<p>Cette seconde moiti\u00e9 de la lutte, il est \u00e0 craindre que responsables et d\u00e9cideurs politiques cherchent soigneusement \u00e0 la taire le 4\u00a0f\u00e9vrier. De pr\u00e9vention, nous avons tout \u00e0 faire et pourtant nous n\u2019avons rien \u00e0 dire. Car en parler, ce serait prendre le risque d\u2019exposer l\u2019Etat face \u00e0 son inertie. Ou plut\u00f4t sa vision court-termiste\u00a0: le curatif avant le pr\u00e9ventif, alors que la sant\u00e9 de demain se pense aujourd\u2019hui.<\/p>\n<p><strong>Il vous reste 64.71% de cet article \u00e0 lire. La suite est r\u00e9serv\u00e9e aux abonn\u00e9s.<\/strong><\/p>\n<\/article>\n","protected":false},"excerpt":{"rendered":"<p>Des progr\u00e8s de la m\u00e9decine aux promesses de l\u2019innovation, les discours sur la Journ\u00e9e mondiale contre le cancer \u2013 le 4\u00a0f\u00e9vrier \u2013 sont d\u00e9sormais bien rod\u00e9s. Tant et si bien que ceux de cette \u00e9dition sont, en partie, connus \u00e0 l\u2019avance\u00a0: ce sera l\u2019occasion de s\u2019enorgueillir que, d\u00e9sormais, six cancers sur dix se soignent, douze<\/p>\n","protected":false},"author":1,"featured_media":0,"comment_status":"open","ping_status":"open","sticky":false,"template":"","format":"standard","meta":{"footnotes":""},"categories":[53],"tags":[],"class_list":["post-323166","post","type-post","status-publish","format-standard","hentry","category-main-news-fr"],"acf":[],"yoast_head":"<!-- This site is optimized with the Yoast SEO plugin v22.9 - https:\/\/yoast.com\/wordpress\/plugins\/seo\/ -->\n<title>\u00ab\u00a0Les communes sont l\u2019\u00e9chelle parfaite pour organiser la lutte contre les cancers\u00a0\u00bb\u00a0: l\u2019appel du pr\u00e9sident de la Ligue contre le cancer avant les \u00e9lections municipales - vof-news.eu<\/title>\n<meta name=\"description\" content=\"Des progr\u00e8s de la m\u00e9decine aux promesses de l\u2019innovation, les discours sur la Journ\u00e9e mondiale contre le cancer \u2013 le 4\u00a0f\u00e9vrier \u2013 sont d\u00e9sormais bien rod\u00e9s. Tant et si bien que ceux de cette \u00e9dition sont, en partie, connus \u00e0 l\u2019avance\u00a0: ce sera l\u2019occasion de s\u2019enorgueillir que, d\u00e9sormais, six cancers sur dix se soignent, douze fois plus qu\u2019il y a cent ans. Les avanc\u00e9es des traitements serviront, une fois de plus, de faire-valoir \u00e0 une conclusion qui n\u2019engage personne\u00a0: C\u2019est en effet la marche \u00e0 suivre pour les cancers que nous connaissons mieux et que nous pouvons esp\u00e9rer traiter tant que le soutien \u00e0 la recherche suit. Mais si la France souhaite vraiment aller plus loin dans la lutte contre la maladie, encore faudrait-il regarder l\u00e0 o\u00f9 elle ne va jamais. Non vers le cancer qui se soigne, mais vers celui qui s\u2019\u00e9vite\u00a0: c\u2019est-\u00e0-dire pr\u00e8s de 40\u00a0% des cas que nous diagnostiquons tous les ans. Oui, chacun de ces quelque 170\u00a0000 nouveaux cancers, sur les 430\u00a0000 diagnostiqu\u00e9s en\u00a02023, selon l\u2019Institut national du cancer, rel\u00e8ve bien d\u2019une responsabilit\u00e9 collective. Car les choix individuels s\u2019exercent toujours dans un environnement donn\u00e9 et impos\u00e9. Pareille assurance peut d\u00e9tonner dans une soci\u00e9t\u00e9 o\u00f9 le premier r\u00e9flexe est de chercher du c\u00f4t\u00e9 de la responsabilit\u00e9 de chacun. Mais que faisons-nous le reste du temps, si ce n\u2019est r\u00e9p\u00e9ter de grandes injonctions\u00a0comme , , qui ne r\u00e9ussissent qu\u2019\u00e0 culpabiliser individuellement et creuser les diff\u00e9rences d\u2019esp\u00e9rance de vie, entre les plus pr\u00e9caires et les plus ais\u00e9s\u00a0? Il faudrait aujourd\u2019hui moins de paroles et plus d\u2019actes. Cette seconde moiti\u00e9 de la lutte, il est \u00e0 craindre que responsables et d\u00e9cideurs politiques cherchent soigneusement \u00e0 la taire le 4\u00a0f\u00e9vrier. De pr\u00e9vention, nous avons tout \u00e0 faire et pourtant nous n\u2019avons rien \u00e0 dire. Car en parler, ce serait prendre le risque d\u2019exposer l\u2019Etat face \u00e0 son inertie. Ou plut\u00f4t sa vision court-termiste\u00a0: le curatif avant le pr\u00e9ventif, alors que la sant\u00e9 de demain se pense aujourd\u2019hui. Il vous reste 64.71% de cet article \u00e0 lire. La suite est r\u00e9serv\u00e9e aux abonn\u00e9s.\" \/>\n<meta name=\"robots\" content=\"noindex, follow, max-snippet:-1, max-image-preview:large, max-video-preview:-1\" \/>\n<meta property=\"og:locale\" content=\"fr_FR\" \/>\n<meta property=\"og:type\" content=\"article\" \/>\n<meta property=\"og:title\" content=\"\u00ab\u00a0Les communes sont l\u2019\u00e9chelle parfaite pour organiser la lutte contre les cancers\u00a0\u00bb\u00a0: l\u2019appel du pr\u00e9sident de la Ligue contre le cancer avant les \u00e9lections municipales - vof-news.eu\" \/>\n<meta property=\"og:description\" content=\"Des progr\u00e8s de la m\u00e9decine aux promesses de l\u2019innovation, les discours sur la Journ\u00e9e mondiale contre le cancer \u2013 le 4\u00a0f\u00e9vrier \u2013 sont d\u00e9sormais bien rod\u00e9s. Tant et si bien que ceux de cette \u00e9dition sont, en partie, connus \u00e0 l\u2019avance\u00a0: ce sera l\u2019occasion de s\u2019enorgueillir que, d\u00e9sormais, six cancers sur dix se soignent, douze fois plus qu\u2019il y a cent ans. Les avanc\u00e9es des traitements serviront, une fois de plus, de faire-valoir \u00e0 une conclusion qui n\u2019engage personne\u00a0: C\u2019est en effet la marche \u00e0 suivre pour les cancers que nous connaissons mieux et que nous pouvons esp\u00e9rer traiter tant que le soutien \u00e0 la recherche suit. Mais si la France souhaite vraiment aller plus loin dans la lutte contre la maladie, encore faudrait-il regarder l\u00e0 o\u00f9 elle ne va jamais. Non vers le cancer qui se soigne, mais vers celui qui s\u2019\u00e9vite\u00a0: c\u2019est-\u00e0-dire pr\u00e8s de 40\u00a0% des cas que nous diagnostiquons tous les ans. Oui, chacun de ces quelque 170\u00a0000 nouveaux cancers, sur les 430\u00a0000 diagnostiqu\u00e9s en\u00a02023, selon l\u2019Institut national du cancer, rel\u00e8ve bien d\u2019une responsabilit\u00e9 collective. Car les choix individuels s\u2019exercent toujours dans un environnement donn\u00e9 et impos\u00e9. Pareille assurance peut d\u00e9tonner dans une soci\u00e9t\u00e9 o\u00f9 le premier r\u00e9flexe est de chercher du c\u00f4t\u00e9 de la responsabilit\u00e9 de chacun. Mais que faisons-nous le reste du temps, si ce n\u2019est r\u00e9p\u00e9ter de grandes injonctions\u00a0comme , , qui ne r\u00e9ussissent qu\u2019\u00e0 culpabiliser individuellement et creuser les diff\u00e9rences d\u2019esp\u00e9rance de vie, entre les plus pr\u00e9caires et les plus ais\u00e9s\u00a0? Il faudrait aujourd\u2019hui moins de paroles et plus d\u2019actes. Cette seconde moiti\u00e9 de la lutte, il est \u00e0 craindre que responsables et d\u00e9cideurs politiques cherchent soigneusement \u00e0 la taire le 4\u00a0f\u00e9vrier. De pr\u00e9vention, nous avons tout \u00e0 faire et pourtant nous n\u2019avons rien \u00e0 dire. Car en parler, ce serait prendre le risque d\u2019exposer l\u2019Etat face \u00e0 son inertie. Ou plut\u00f4t sa vision court-termiste\u00a0: le curatif avant le pr\u00e9ventif, alors que la sant\u00e9 de demain se pense aujourd\u2019hui. Il vous reste 64.71% de cet article \u00e0 lire. La suite est r\u00e9serv\u00e9e aux abonn\u00e9s.\" \/>\n<meta property=\"og:url\" content=\"https:\/\/vof-news.eu\/fr\/les-communes-sont-lechelle-parfaite-pour-organiser-la-lutte-contre-les-cancers-lappel-du-president-de-la-ligue-contre-le-cancer-avant-les-elections-mun\/\" \/>\n<meta property=\"og:site_name\" content=\"vof-news.eu\" \/>\n<meta property=\"article:published_time\" content=\"2026-02-03T16:30:26+00:00\" \/>\n<meta property=\"article:modified_time\" content=\"2026-02-03T16:30:32+00:00\" \/>\n<meta name=\"author\" content=\"Author\" \/>\n<meta name=\"twitter:card\" content=\"summary_large_image\" \/>\n<meta name=\"twitter:label1\" content=\"\u00c9crit par\" \/>\n\t<meta name=\"twitter:data1\" content=\"Author\" \/>\n\t<meta name=\"twitter:label2\" content=\"Dur\u00e9e de lecture estim\u00e9e\" \/>\n\t<meta name=\"twitter:data2\" content=\"2 minutes\" \/>\n<script type=\"application\/ld+json\" class=\"yoast-schema-graph\">{\"@context\":\"https:\/\/schema.org\",\"@graph\":[{\"@type\":\"WebPage\",\"@id\":\"https:\/\/vof-news.eu\/fr\/les-communes-sont-lechelle-parfaite-pour-organiser-la-lutte-contre-les-cancers-lappel-du-president-de-la-ligue-contre-le-cancer-avant-les-elections-mun\/\",\"url\":\"https:\/\/vof-news.eu\/fr\/les-communes-sont-lechelle-parfaite-pour-organiser-la-lutte-contre-les-cancers-lappel-du-president-de-la-ligue-contre-le-cancer-avant-les-elections-mun\/\",\"name\":\"\u00ab\u00a0Les communes sont l\u2019\u00e9chelle parfaite pour organiser la lutte contre les cancers\u00a0\u00bb\u00a0: l\u2019appel du pr\u00e9sident de la Ligue contre le cancer avant les \u00e9lections municipales - vof-news.eu\",\"isPartOf\":{\"@id\":\"https:\/\/vof-news.eu\/fr\/#website\"},\"datePublished\":\"2026-02-03T16:30:26+00:00\",\"dateModified\":\"2026-02-03T16:30:32+00:00\",\"author\":{\"@id\":\"https:\/\/vof-news.eu\/fr\/#\/schema\/person\/f6a2a4309f0561835797fd8c19b333ed\"},\"description\":\"Des progr\u00e8s de la m\u00e9decine aux promesses de l\u2019innovation, les discours sur la Journ\u00e9e mondiale contre le cancer \u2013 le 4\u00a0f\u00e9vrier \u2013 sont d\u00e9sormais bien rod\u00e9s. Tant et si bien que ceux de cette \u00e9dition sont, en partie, connus \u00e0 l\u2019avance\u00a0: ce sera l\u2019occasion de s\u2019enorgueillir que, d\u00e9sormais, six cancers sur dix se soignent, douze fois plus qu\u2019il y a cent ans. Les avanc\u00e9es des traitements serviront, une fois de plus, de faire-valoir \u00e0 une conclusion qui n\u2019engage personne\u00a0: C\u2019est en effet la marche \u00e0 suivre pour les cancers que nous connaissons mieux et que nous pouvons esp\u00e9rer traiter tant que le soutien \u00e0 la recherche suit. Mais si la France souhaite vraiment aller plus loin dans la lutte contre la maladie, encore faudrait-il regarder l\u00e0 o\u00f9 elle ne va jamais. Non vers le cancer qui se soigne, mais vers celui qui s\u2019\u00e9vite\u00a0: c\u2019est-\u00e0-dire pr\u00e8s de 40\u00a0% des cas que nous diagnostiquons tous les ans. Oui, chacun de ces quelque 170\u00a0000 nouveaux cancers, sur les 430\u00a0000 diagnostiqu\u00e9s en\u00a02023, selon l\u2019Institut national du cancer, rel\u00e8ve bien d\u2019une responsabilit\u00e9 collective. Car les choix individuels s\u2019exercent toujours dans un environnement donn\u00e9 et impos\u00e9. Pareille assurance peut d\u00e9tonner dans une soci\u00e9t\u00e9 o\u00f9 le premier r\u00e9flexe est de chercher du c\u00f4t\u00e9 de la responsabilit\u00e9 de chacun. Mais que faisons-nous le reste du temps, si ce n\u2019est r\u00e9p\u00e9ter de grandes injonctions\u00a0comme , , qui ne r\u00e9ussissent qu\u2019\u00e0 culpabiliser individuellement et creuser les diff\u00e9rences d\u2019esp\u00e9rance de vie, entre les plus pr\u00e9caires et les plus ais\u00e9s\u00a0? Il faudrait aujourd\u2019hui moins de paroles et plus d\u2019actes. Cette seconde moiti\u00e9 de la lutte, il est \u00e0 craindre que responsables et d\u00e9cideurs politiques cherchent soigneusement \u00e0 la taire le 4\u00a0f\u00e9vrier. De pr\u00e9vention, nous avons tout \u00e0 faire et pourtant nous n\u2019avons rien \u00e0 dire. Car en parler, ce serait prendre le risque d\u2019exposer l\u2019Etat face \u00e0 son inertie. Ou plut\u00f4t sa vision court-termiste\u00a0: le curatif avant le pr\u00e9ventif, alors que la sant\u00e9 de demain se pense aujourd\u2019hui. Il vous reste 64.71% de cet article \u00e0 lire. La suite est r\u00e9serv\u00e9e aux abonn\u00e9s.\",\"breadcrumb\":{\"@id\":\"https:\/\/vof-news.eu\/fr\/les-communes-sont-lechelle-parfaite-pour-organiser-la-lutte-contre-les-cancers-lappel-du-president-de-la-ligue-contre-le-cancer-avant-les-elections-mun\/#breadcrumb\"},\"inLanguage\":\"fr-FR\",\"potentialAction\":[{\"@type\":\"ReadAction\",\"target\":[\"https:\/\/vof-news.eu\/fr\/les-communes-sont-lechelle-parfaite-pour-organiser-la-lutte-contre-les-cancers-lappel-du-president-de-la-ligue-contre-le-cancer-avant-les-elections-mun\/\"]}]},{\"@type\":\"BreadcrumbList\",\"@id\":\"https:\/\/vof-news.eu\/fr\/les-communes-sont-lechelle-parfaite-pour-organiser-la-lutte-contre-les-cancers-lappel-du-president-de-la-ligue-contre-le-cancer-avant-les-elections-mun\/#breadcrumb\",\"itemListElement\":[{\"@type\":\"ListItem\",\"position\":1,\"name\":\"Home\",\"item\":\"https:\/\/vof-news.eu\/fr\/\"},{\"@type\":\"ListItem\",\"position\":2,\"name\":\"\u00ab\u00a0Les communes sont l\u2019\u00e9chelle parfaite pour organiser la lutte contre les cancers\u00a0\u00bb\u00a0: l\u2019appel du pr\u00e9sident de la Ligue contre le cancer avant les \u00e9lections municipales\"}]},{\"@type\":\"WebSite\",\"@id\":\"https:\/\/vof-news.eu\/fr\/#website\",\"url\":\"https:\/\/vof-news.eu\/fr\/\",\"name\":\"vof-news.eu\",\"description\":\"\",\"potentialAction\":[{\"@type\":\"SearchAction\",\"target\":{\"@type\":\"EntryPoint\",\"urlTemplate\":\"https:\/\/vof-news.eu\/fr\/?s={search_term_string}\"},\"query-input\":\"required name=search_term_string\"}],\"inLanguage\":\"fr-FR\"},{\"@type\":\"Person\",\"@id\":\"https:\/\/vof-news.eu\/fr\/#\/schema\/person\/f6a2a4309f0561835797fd8c19b333ed\",\"name\":\"Author\",\"image\":{\"@type\":\"ImageObject\",\"inLanguage\":\"fr-FR\",\"@id\":\"https:\/\/vof-news.eu\/fr\/#\/schema\/person\/image\/\",\"url\":\"https:\/\/secure.gravatar.com\/avatar\/b67e614b1b25b3e9c0c239efdd2fde5ab015b5affd6f1c3c85911ca4b384e790?s=96&d=mm&r=g\",\"contentUrl\":\"https:\/\/secure.gravatar.com\/avatar\/b67e614b1b25b3e9c0c239efdd2fde5ab015b5affd6f1c3c85911ca4b384e790?s=96&d=mm&r=g\",\"caption\":\"Author\"},\"sameAs\":[\"http:\/\/vof-news.eu\"],\"url\":\"https:\/\/vof-news.eu\/fr\/author\/zwt6qxnjulxbnyg\/\"}]}<\/script>\n<!-- \/ Yoast SEO plugin. -->","yoast_head_json":{"title":"\u00ab\u00a0Les communes sont l\u2019\u00e9chelle parfaite pour organiser la lutte contre les cancers\u00a0\u00bb\u00a0: l\u2019appel du pr\u00e9sident de la Ligue contre le cancer avant les \u00e9lections municipales - vof-news.eu","description":"Des progr\u00e8s de la m\u00e9decine aux promesses de l\u2019innovation, les discours sur la Journ\u00e9e mondiale contre le cancer \u2013 le 4\u00a0f\u00e9vrier \u2013 sont d\u00e9sormais bien rod\u00e9s. Tant et si bien que ceux de cette \u00e9dition sont, en partie, connus \u00e0 l\u2019avance\u00a0: ce sera l\u2019occasion de s\u2019enorgueillir que, d\u00e9sormais, six cancers sur dix se soignent, douze fois plus qu\u2019il y a cent ans. Les avanc\u00e9es des traitements serviront, une fois de plus, de faire-valoir \u00e0 une conclusion qui n\u2019engage personne\u00a0: C\u2019est en effet la marche \u00e0 suivre pour les cancers que nous connaissons mieux et que nous pouvons esp\u00e9rer traiter tant que le soutien \u00e0 la recherche suit. Mais si la France souhaite vraiment aller plus loin dans la lutte contre la maladie, encore faudrait-il regarder l\u00e0 o\u00f9 elle ne va jamais. Non vers le cancer qui se soigne, mais vers celui qui s\u2019\u00e9vite\u00a0: c\u2019est-\u00e0-dire pr\u00e8s de 40\u00a0% des cas que nous diagnostiquons tous les ans. Oui, chacun de ces quelque 170\u00a0000 nouveaux cancers, sur les 430\u00a0000 diagnostiqu\u00e9s en\u00a02023, selon l\u2019Institut national du cancer, rel\u00e8ve bien d\u2019une responsabilit\u00e9 collective. Car les choix individuels s\u2019exercent toujours dans un environnement donn\u00e9 et impos\u00e9. Pareille assurance peut d\u00e9tonner dans une soci\u00e9t\u00e9 o\u00f9 le premier r\u00e9flexe est de chercher du c\u00f4t\u00e9 de la responsabilit\u00e9 de chacun. Mais que faisons-nous le reste du temps, si ce n\u2019est r\u00e9p\u00e9ter de grandes injonctions\u00a0comme , , qui ne r\u00e9ussissent qu\u2019\u00e0 culpabiliser individuellement et creuser les diff\u00e9rences d\u2019esp\u00e9rance de vie, entre les plus pr\u00e9caires et les plus ais\u00e9s\u00a0? Il faudrait aujourd\u2019hui moins de paroles et plus d\u2019actes. Cette seconde moiti\u00e9 de la lutte, il est \u00e0 craindre que responsables et d\u00e9cideurs politiques cherchent soigneusement \u00e0 la taire le 4\u00a0f\u00e9vrier. De pr\u00e9vention, nous avons tout \u00e0 faire et pourtant nous n\u2019avons rien \u00e0 dire. Car en parler, ce serait prendre le risque d\u2019exposer l\u2019Etat face \u00e0 son inertie. Ou plut\u00f4t sa vision court-termiste\u00a0: le curatif avant le pr\u00e9ventif, alors que la sant\u00e9 de demain se pense aujourd\u2019hui. Il vous reste 64.71% de cet article \u00e0 lire. La suite est r\u00e9serv\u00e9e aux abonn\u00e9s.","robots":{"index":"noindex","follow":"follow","max-snippet":"max-snippet:-1","max-image-preview":"max-image-preview:large","max-video-preview":"max-video-preview:-1"},"og_locale":"fr_FR","og_type":"article","og_title":"\u00ab\u00a0Les communes sont l\u2019\u00e9chelle parfaite pour organiser la lutte contre les cancers\u00a0\u00bb\u00a0: l\u2019appel du pr\u00e9sident de la Ligue contre le cancer avant les \u00e9lections municipales - vof-news.eu","og_description":"Des progr\u00e8s de la m\u00e9decine aux promesses de l\u2019innovation, les discours sur la Journ\u00e9e mondiale contre le cancer \u2013 le 4\u00a0f\u00e9vrier \u2013 sont d\u00e9sormais bien rod\u00e9s. Tant et si bien que ceux de cette \u00e9dition sont, en partie, connus \u00e0 l\u2019avance\u00a0: ce sera l\u2019occasion de s\u2019enorgueillir que, d\u00e9sormais, six cancers sur dix se soignent, douze fois plus qu\u2019il y a cent ans. Les avanc\u00e9es des traitements serviront, une fois de plus, de faire-valoir \u00e0 une conclusion qui n\u2019engage personne\u00a0: C\u2019est en effet la marche \u00e0 suivre pour les cancers que nous connaissons mieux et que nous pouvons esp\u00e9rer traiter tant que le soutien \u00e0 la recherche suit. Mais si la France souhaite vraiment aller plus loin dans la lutte contre la maladie, encore faudrait-il regarder l\u00e0 o\u00f9 elle ne va jamais. Non vers le cancer qui se soigne, mais vers celui qui s\u2019\u00e9vite\u00a0: c\u2019est-\u00e0-dire pr\u00e8s de 40\u00a0% des cas que nous diagnostiquons tous les ans. Oui, chacun de ces quelque 170\u00a0000 nouveaux cancers, sur les 430\u00a0000 diagnostiqu\u00e9s en\u00a02023, selon l\u2019Institut national du cancer, rel\u00e8ve bien d\u2019une responsabilit\u00e9 collective. Car les choix individuels s\u2019exercent toujours dans un environnement donn\u00e9 et impos\u00e9. Pareille assurance peut d\u00e9tonner dans une soci\u00e9t\u00e9 o\u00f9 le premier r\u00e9flexe est de chercher du c\u00f4t\u00e9 de la responsabilit\u00e9 de chacun. Mais que faisons-nous le reste du temps, si ce n\u2019est r\u00e9p\u00e9ter de grandes injonctions\u00a0comme , , qui ne r\u00e9ussissent qu\u2019\u00e0 culpabiliser individuellement et creuser les diff\u00e9rences d\u2019esp\u00e9rance de vie, entre les plus pr\u00e9caires et les plus ais\u00e9s\u00a0? Il faudrait aujourd\u2019hui moins de paroles et plus d\u2019actes. Cette seconde moiti\u00e9 de la lutte, il est \u00e0 craindre que responsables et d\u00e9cideurs politiques cherchent soigneusement \u00e0 la taire le 4\u00a0f\u00e9vrier. De pr\u00e9vention, nous avons tout \u00e0 faire et pourtant nous n\u2019avons rien \u00e0 dire. Car en parler, ce serait prendre le risque d\u2019exposer l\u2019Etat face \u00e0 son inertie. Ou plut\u00f4t sa vision court-termiste\u00a0: le curatif avant le pr\u00e9ventif, alors que la sant\u00e9 de demain se pense aujourd\u2019hui. Il vous reste 64.71% de cet article \u00e0 lire. La suite est r\u00e9serv\u00e9e aux abonn\u00e9s.","og_url":"https:\/\/vof-news.eu\/fr\/les-communes-sont-lechelle-parfaite-pour-organiser-la-lutte-contre-les-cancers-lappel-du-president-de-la-ligue-contre-le-cancer-avant-les-elections-mun\/","og_site_name":"vof-news.eu","article_published_time":"2026-02-03T16:30:26+00:00","article_modified_time":"2026-02-03T16:30:32+00:00","author":"Author","twitter_card":"summary_large_image","twitter_misc":{"\u00c9crit par":"Author","Dur\u00e9e de lecture estim\u00e9e":"2 minutes"},"schema":{"@context":"https:\/\/schema.org","@graph":[{"@type":"WebPage","@id":"https:\/\/vof-news.eu\/fr\/les-communes-sont-lechelle-parfaite-pour-organiser-la-lutte-contre-les-cancers-lappel-du-president-de-la-ligue-contre-le-cancer-avant-les-elections-mun\/","url":"https:\/\/vof-news.eu\/fr\/les-communes-sont-lechelle-parfaite-pour-organiser-la-lutte-contre-les-cancers-lappel-du-president-de-la-ligue-contre-le-cancer-avant-les-elections-mun\/","name":"\u00ab\u00a0Les communes sont l\u2019\u00e9chelle parfaite pour organiser la lutte contre les cancers\u00a0\u00bb\u00a0: l\u2019appel du pr\u00e9sident de la Ligue contre le cancer avant les \u00e9lections municipales - vof-news.eu","isPartOf":{"@id":"https:\/\/vof-news.eu\/fr\/#website"},"datePublished":"2026-02-03T16:30:26+00:00","dateModified":"2026-02-03T16:30:32+00:00","author":{"@id":"https:\/\/vof-news.eu\/fr\/#\/schema\/person\/f6a2a4309f0561835797fd8c19b333ed"},"description":"Des progr\u00e8s de la m\u00e9decine aux promesses de l\u2019innovation, les discours sur la Journ\u00e9e mondiale contre le cancer \u2013 le 4\u00a0f\u00e9vrier \u2013 sont d\u00e9sormais bien rod\u00e9s. Tant et si bien que ceux de cette \u00e9dition sont, en partie, connus \u00e0 l\u2019avance\u00a0: ce sera l\u2019occasion de s\u2019enorgueillir que, d\u00e9sormais, six cancers sur dix se soignent, douze fois plus qu\u2019il y a cent ans. Les avanc\u00e9es des traitements serviront, une fois de plus, de faire-valoir \u00e0 une conclusion qui n\u2019engage personne\u00a0: C\u2019est en effet la marche \u00e0 suivre pour les cancers que nous connaissons mieux et que nous pouvons esp\u00e9rer traiter tant que le soutien \u00e0 la recherche suit. Mais si la France souhaite vraiment aller plus loin dans la lutte contre la maladie, encore faudrait-il regarder l\u00e0 o\u00f9 elle ne va jamais. Non vers le cancer qui se soigne, mais vers celui qui s\u2019\u00e9vite\u00a0: c\u2019est-\u00e0-dire pr\u00e8s de 40\u00a0% des cas que nous diagnostiquons tous les ans. Oui, chacun de ces quelque 170\u00a0000 nouveaux cancers, sur les 430\u00a0000 diagnostiqu\u00e9s en\u00a02023, selon l\u2019Institut national du cancer, rel\u00e8ve bien d\u2019une responsabilit\u00e9 collective. Car les choix individuels s\u2019exercent toujours dans un environnement donn\u00e9 et impos\u00e9. Pareille assurance peut d\u00e9tonner dans une soci\u00e9t\u00e9 o\u00f9 le premier r\u00e9flexe est de chercher du c\u00f4t\u00e9 de la responsabilit\u00e9 de chacun. Mais que faisons-nous le reste du temps, si ce n\u2019est r\u00e9p\u00e9ter de grandes injonctions\u00a0comme , , qui ne r\u00e9ussissent qu\u2019\u00e0 culpabiliser individuellement et creuser les diff\u00e9rences d\u2019esp\u00e9rance de vie, entre les plus pr\u00e9caires et les plus ais\u00e9s\u00a0? Il faudrait aujourd\u2019hui moins de paroles et plus d\u2019actes. Cette seconde moiti\u00e9 de la lutte, il est \u00e0 craindre que responsables et d\u00e9cideurs politiques cherchent soigneusement \u00e0 la taire le 4\u00a0f\u00e9vrier. De pr\u00e9vention, nous avons tout \u00e0 faire et pourtant nous n\u2019avons rien \u00e0 dire. Car en parler, ce serait prendre le risque d\u2019exposer l\u2019Etat face \u00e0 son inertie. Ou plut\u00f4t sa vision court-termiste\u00a0: le curatif avant le pr\u00e9ventif, alors que la sant\u00e9 de demain se pense aujourd\u2019hui. Il vous reste 64.71% de cet article \u00e0 lire. La suite est r\u00e9serv\u00e9e aux abonn\u00e9s.","breadcrumb":{"@id":"https:\/\/vof-news.eu\/fr\/les-communes-sont-lechelle-parfaite-pour-organiser-la-lutte-contre-les-cancers-lappel-du-president-de-la-ligue-contre-le-cancer-avant-les-elections-mun\/#breadcrumb"},"inLanguage":"fr-FR","potentialAction":[{"@type":"ReadAction","target":["https:\/\/vof-news.eu\/fr\/les-communes-sont-lechelle-parfaite-pour-organiser-la-lutte-contre-les-cancers-lappel-du-president-de-la-ligue-contre-le-cancer-avant-les-elections-mun\/"]}]},{"@type":"BreadcrumbList","@id":"https:\/\/vof-news.eu\/fr\/les-communes-sont-lechelle-parfaite-pour-organiser-la-lutte-contre-les-cancers-lappel-du-president-de-la-ligue-contre-le-cancer-avant-les-elections-mun\/#breadcrumb","itemListElement":[{"@type":"ListItem","position":1,"name":"Home","item":"https:\/\/vof-news.eu\/fr\/"},{"@type":"ListItem","position":2,"name":"\u00ab\u00a0Les communes sont l\u2019\u00e9chelle parfaite pour organiser la lutte contre les cancers\u00a0\u00bb\u00a0: l\u2019appel du pr\u00e9sident de la Ligue contre le cancer avant les \u00e9lections municipales"}]},{"@type":"WebSite","@id":"https:\/\/vof-news.eu\/fr\/#website","url":"https:\/\/vof-news.eu\/fr\/","name":"vof-news.eu","description":"","potentialAction":[{"@type":"SearchAction","target":{"@type":"EntryPoint","urlTemplate":"https:\/\/vof-news.eu\/fr\/?s={search_term_string}"},"query-input":"required name=search_term_string"}],"inLanguage":"fr-FR"},{"@type":"Person","@id":"https:\/\/vof-news.eu\/fr\/#\/schema\/person\/f6a2a4309f0561835797fd8c19b333ed","name":"Author","image":{"@type":"ImageObject","inLanguage":"fr-FR","@id":"https:\/\/vof-news.eu\/fr\/#\/schema\/person\/image\/","url":"https:\/\/secure.gravatar.com\/avatar\/b67e614b1b25b3e9c0c239efdd2fde5ab015b5affd6f1c3c85911ca4b384e790?s=96&d=mm&r=g","contentUrl":"https:\/\/secure.gravatar.com\/avatar\/b67e614b1b25b3e9c0c239efdd2fde5ab015b5affd6f1c3c85911ca4b384e790?s=96&d=mm&r=g","caption":"Author"},"sameAs":["http:\/\/vof-news.eu"],"url":"https:\/\/vof-news.eu\/fr\/author\/zwt6qxnjulxbnyg\/"}]}},"yoast_meta":{"yoast_wpseo_title":"","yoast_wpseo_metadesc":"","yoast_wpseo_canonical":""},"_links":{"self":[{"href":"https:\/\/vof-news.eu\/fr\/wp-json\/wp\/v2\/posts\/323166","targetHints":{"allow":["GET"]}}],"collection":[{"href":"https:\/\/vof-news.eu\/fr\/wp-json\/wp\/v2\/posts"}],"about":[{"href":"https:\/\/vof-news.eu\/fr\/wp-json\/wp\/v2\/types\/post"}],"author":[{"embeddable":true,"href":"https:\/\/vof-news.eu\/fr\/wp-json\/wp\/v2\/users\/1"}],"replies":[{"embeddable":true,"href":"https:\/\/vof-news.eu\/fr\/wp-json\/wp\/v2\/comments?post=323166"}],"version-history":[{"count":1,"href":"https:\/\/vof-news.eu\/fr\/wp-json\/wp\/v2\/posts\/323166\/revisions"}],"predecessor-version":[{"id":323167,"href":"https:\/\/vof-news.eu\/fr\/wp-json\/wp\/v2\/posts\/323166\/revisions\/323167"}],"wp:attachment":[{"href":"https:\/\/vof-news.eu\/fr\/wp-json\/wp\/v2\/media?parent=323166"}],"wp:term":[{"taxonomy":"category","embeddable":true,"href":"https:\/\/vof-news.eu\/fr\/wp-json\/wp\/v2\/categories?post=323166"},{"taxonomy":"post_tag","embeddable":true,"href":"https:\/\/vof-news.eu\/fr\/wp-json\/wp\/v2\/tags?post=323166"}],"curies":[{"name":"wp","href":"https:\/\/api.w.org\/{rel}","templated":true}]}}