{"id":323060,"date":"2026-02-03T15:31:19","date_gmt":"2026-02-03T12:31:19","guid":{"rendered":"https:\/\/vof-news.eu\/groupe-castel-la-cohabitation-entre-la-famille-castel-et-son-directeur-general-a-tourne-au-vinaigre\/"},"modified":"2026-02-03T15:32:03","modified_gmt":"2026-02-03T12:32:03","slug":"groupe-castel-la-cohabitation-entre-la-famille-castel-et-son-directeur-general-a-tourne-au-vinaigre","status":"publish","type":"post","link":"https:\/\/vof-news.eu\/fr\/groupe-castel-la-cohabitation-entre-la-famille-castel-et-son-directeur-general-a-tourne-au-vinaigre\/","title":{"rendered":"Groupe Castel\u00a0: \u00ab\u00a0La cohabitation entre la famille Castel et son directeur g\u00e9n\u00e9ral a tourn\u00e9 au vinaigre\u00a0\u00bb"},"content":{"rendered":"<article>\n<p><span>L<\/span>\u2019optimisation fiscale, c\u2019est comme l\u2019alcool, il faut en user avec mod\u00e9ration. Parce que son fondateur, Pierre Castel, 99\u00a0ans, a pouss\u00e9 le bouchon un peu loin, l\u2019empire de vins et de bi\u00e8res qui porte son nom (Baron de Lestac, Ch\u00e2teau Beychevelle, Maison Nicolas\u2026), premier producteur de boissons en Afrique, se retrouve au centre d\u2019une bataille de gouvernance \u00e9pique.<\/p>\n<p>Lundi 2\u00a0f\u00e9vrier, la famille Castel, majoritaire au capital, a annonc\u00e9 avoir r\u00e9voqu\u00e9, lors d\u2019une assembl\u00e9e g\u00e9n\u00e9rale extraordinaire, Gr\u00e9gory Clerc, le directeur g\u00e9n\u00e9ral, de son mandat d\u2019administrateur dans Investment Beverage Business Management (IBBM), la soci\u00e9t\u00e9 de t\u00eate singapourienne du groupe Castel. Une dynastie entrepreneuriale qui se f\u00e2che avec un manageur, cela reste banal. Mais, cette fois, l\u2019affaire est plus cors\u00e9e qu\u2019un rouge du Sud.<\/p>\n<p>Tout \u00e0 son obsession d\u2019\u00e9chapper au fisc, Pierre Castel, r\u00e9sident suisse, a organis\u00e9 son groupe aux racines bordelaises en une galaxie de soci\u00e9t\u00e9s, du Luxembourg \u00e0 Singapour, avec la volont\u00e9 de scinder gestion op\u00e9rationnelle, d\u2019un c\u00f4t\u00e9, et, propri\u00e9t\u00e9 du capital, de l\u2019autre, \u00e0 travers un syst\u00e8me complexe de fiducies et de holdings. En\u00a02023, il a confi\u00e9 les commandes des op\u00e9rations \u00e0 Gr\u00e9gory Clerc, un avocat genevois qui l\u2019avait \u00e9paul\u00e9 dans son conflit avec les autorit\u00e9s fiscales suisses, <a href=\"https:\/\/www.lemonde.fr\/international\/article\/2023\/08\/11\/le-milliardaire-pierre-castel-en-regle-avec-le-fisc-genevois-selon-son-avocat-apres-avoir-ete-condamne-a-verser-plus-de-350-millions-d-euros_6185169_3210.html\" rel=\"nofollow\">sold\u00e9 par une facture sup\u00e9rieure \u00e0 350\u00a0millions d\u2019euros<\/a> cette ann\u00e9e-l\u00e0.<\/p>\n<p><strong>Il vous reste 47.5% de cet article \u00e0 lire. La suite est r\u00e9serv\u00e9e aux abonn\u00e9s.<\/strong><\/p>\n<\/article>\n","protected":false},"excerpt":{"rendered":"<p>L\u2019optimisation fiscale, c\u2019est comme l\u2019alcool, il faut en user avec mod\u00e9ration. Parce que son fondateur, Pierre Castel, 99\u00a0ans, a pouss\u00e9 le bouchon un peu loin, l\u2019empire de vins et de bi\u00e8res qui porte son nom (Baron de Lestac, Ch\u00e2teau Beychevelle, Maison Nicolas\u2026), premier producteur de boissons en Afrique, se retrouve au centre d\u2019une bataille de<\/p>\n","protected":false},"author":1,"featured_media":323061,"comment_status":"open","ping_status":"open","sticky":false,"template":"","format":"standard","meta":{"footnotes":""},"categories":[58],"tags":[],"class_list":["post-323060","post","type-post","status-publish","format-standard","has-post-thumbnail","hentry","category-business-fr"],"acf":[],"yoast_head":"<!-- This site is optimized with the Yoast SEO plugin v22.9 - https:\/\/yoast.com\/wordpress\/plugins\/seo\/ -->\n<title>Groupe Castel\u00a0: \u00ab\u00a0La cohabitation entre la famille Castel et son directeur g\u00e9n\u00e9ral a tourn\u00e9 au vinaigre\u00a0\u00bb - vof-news.eu<\/title>\n<meta name=\"description\" content=\"L\u2019optimisation fiscale, c\u2019est comme l\u2019alcool, il faut en user avec mod\u00e9ration. Parce que son fondateur, Pierre Castel, 99\u00a0ans, a pouss\u00e9 le bouchon un peu loin, l\u2019empire de vins et de bi\u00e8res qui porte son nom (Baron de Lestac, Ch\u00e2teau Beychevelle, Maison Nicolas\u2026), premier producteur de boissons en Afrique, se retrouve au centre d\u2019une bataille de gouvernance \u00e9pique.  Lundi 2\u00a0f\u00e9vrier, la famille Castel, majoritaire au capital, a annonc\u00e9 avoir r\u00e9voqu\u00e9, lors d\u2019une assembl\u00e9e g\u00e9n\u00e9rale extraordinaire, Gr\u00e9gory Clerc, le directeur g\u00e9n\u00e9ral, de son mandat d\u2019administrateur dans Investment Beverage Business Management (IBBM), la soci\u00e9t\u00e9 de t\u00eate singapourienne du groupe Castel. Une dynastie entrepreneuriale qui se f\u00e2che avec un manageur, cela reste banal. Mais, cette fois, l\u2019affaire est plus cors\u00e9e qu\u2019un rouge du Sud. Tout \u00e0 son obsession d\u2019\u00e9chapper au fisc, Pierre Castel, r\u00e9sident suisse, a organis\u00e9 son groupe aux racines bordelaises en une galaxie de soci\u00e9t\u00e9s, du Luxembourg \u00e0 Singapour, avec la volont\u00e9 de scinder gestion op\u00e9rationnelle, d\u2019un c\u00f4t\u00e9, et, propri\u00e9t\u00e9 du capital, de l\u2019autre, \u00e0 travers un syst\u00e8me complexe de fiducies et de holdings. En\u00a02023, il a confi\u00e9 les commandes des op\u00e9rations \u00e0 Gr\u00e9gory Clerc, un avocat genevois qui l\u2019avait \u00e9paul\u00e9 dans son conflit avec les autorit\u00e9s fiscales suisses, sold\u00e9 par une facture sup\u00e9rieure \u00e0 350\u00a0millions d\u2019euros cette ann\u00e9e-l\u00e0. Il vous reste 47.5% de cet article \u00e0 lire. La suite est r\u00e9serv\u00e9e aux abonn\u00e9s.\" \/>\n<meta name=\"robots\" content=\"noindex, follow, max-snippet:-1, max-image-preview:large, max-video-preview:-1\" \/>\n<meta property=\"og:locale\" content=\"fr_FR\" \/>\n<meta property=\"og:type\" content=\"article\" \/>\n<meta property=\"og:title\" content=\"Groupe Castel\u00a0: \u00ab\u00a0La cohabitation entre la famille Castel et son directeur g\u00e9n\u00e9ral a tourn\u00e9 au vinaigre\u00a0\u00bb - vof-news.eu\" \/>\n<meta property=\"og:description\" content=\"L\u2019optimisation fiscale, c\u2019est comme l\u2019alcool, il faut en user avec mod\u00e9ration. Parce que son fondateur, Pierre Castel, 99\u00a0ans, a pouss\u00e9 le bouchon un peu loin, l\u2019empire de vins et de bi\u00e8res qui porte son nom (Baron de Lestac, Ch\u00e2teau Beychevelle, Maison Nicolas\u2026), premier producteur de boissons en Afrique, se retrouve au centre d\u2019une bataille de gouvernance \u00e9pique.  Lundi 2\u00a0f\u00e9vrier, la famille Castel, majoritaire au capital, a annonc\u00e9 avoir r\u00e9voqu\u00e9, lors d\u2019une assembl\u00e9e g\u00e9n\u00e9rale extraordinaire, Gr\u00e9gory Clerc, le directeur g\u00e9n\u00e9ral, de son mandat d\u2019administrateur dans Investment Beverage Business Management (IBBM), la soci\u00e9t\u00e9 de t\u00eate singapourienne du groupe Castel. Une dynastie entrepreneuriale qui se f\u00e2che avec un manageur, cela reste banal. Mais, cette fois, l\u2019affaire est plus cors\u00e9e qu\u2019un rouge du Sud. Tout \u00e0 son obsession d\u2019\u00e9chapper au fisc, Pierre Castel, r\u00e9sident suisse, a organis\u00e9 son groupe aux racines bordelaises en une galaxie de soci\u00e9t\u00e9s, du Luxembourg \u00e0 Singapour, avec la volont\u00e9 de scinder gestion op\u00e9rationnelle, d\u2019un c\u00f4t\u00e9, et, propri\u00e9t\u00e9 du capital, de l\u2019autre, \u00e0 travers un syst\u00e8me complexe de fiducies et de holdings. En\u00a02023, il a confi\u00e9 les commandes des op\u00e9rations \u00e0 Gr\u00e9gory Clerc, un avocat genevois qui l\u2019avait \u00e9paul\u00e9 dans son conflit avec les autorit\u00e9s fiscales suisses, sold\u00e9 par une facture sup\u00e9rieure \u00e0 350\u00a0millions d\u2019euros cette ann\u00e9e-l\u00e0. Il vous reste 47.5% de cet article \u00e0 lire. La suite est r\u00e9serv\u00e9e aux abonn\u00e9s.\" \/>\n<meta property=\"og:url\" content=\"https:\/\/vof-news.eu\/fr\/groupe-castel-la-cohabitation-entre-la-famille-castel-et-son-directeur-general-a-tourne-au-vinaigre\/\" \/>\n<meta property=\"og:site_name\" content=\"vof-news.eu\" \/>\n<meta property=\"article:published_time\" content=\"2026-02-03T12:31:19+00:00\" \/>\n<meta property=\"article:modified_time\" content=\"2026-02-03T12:32:03+00:00\" \/>\n<meta property=\"og:image\" content=\"https:\/\/vof-news.eu\/wp-content\/uploads\/2026\/02\/9975c34_upload-1-fkcakxwshdm2-000-1ge9pn.jpg\" \/>\n\t<meta property=\"og:image:width\" content=\"664\" \/>\n\t<meta property=\"og:image:height\" content=\"442\" \/>\n\t<meta property=\"og:image:type\" content=\"image\/jpeg\" \/>\n<meta name=\"author\" content=\"Author\" \/>\n<meta name=\"twitter:card\" content=\"summary_large_image\" \/>\n<meta name=\"twitter:label1\" content=\"\u00c9crit par\" \/>\n\t<meta name=\"twitter:data1\" content=\"Author\" \/>\n\t<meta name=\"twitter:label2\" content=\"Dur\u00e9e de lecture estim\u00e9e\" \/>\n\t<meta name=\"twitter:data2\" content=\"1 minute\" \/>\n<script type=\"application\/ld+json\" class=\"yoast-schema-graph\">{\"@context\":\"https:\/\/schema.org\",\"@graph\":[{\"@type\":\"WebPage\",\"@id\":\"https:\/\/vof-news.eu\/fr\/groupe-castel-la-cohabitation-entre-la-famille-castel-et-son-directeur-general-a-tourne-au-vinaigre\/\",\"url\":\"https:\/\/vof-news.eu\/fr\/groupe-castel-la-cohabitation-entre-la-famille-castel-et-son-directeur-general-a-tourne-au-vinaigre\/\",\"name\":\"Groupe Castel\u00a0: \u00ab\u00a0La cohabitation entre la famille Castel et son directeur g\u00e9n\u00e9ral a tourn\u00e9 au vinaigre\u00a0\u00bb - vof-news.eu\",\"isPartOf\":{\"@id\":\"https:\/\/vof-news.eu\/fr\/#website\"},\"primaryImageOfPage\":{\"@id\":\"https:\/\/vof-news.eu\/fr\/groupe-castel-la-cohabitation-entre-la-famille-castel-et-son-directeur-general-a-tourne-au-vinaigre\/#primaryimage\"},\"image\":{\"@id\":\"https:\/\/vof-news.eu\/fr\/groupe-castel-la-cohabitation-entre-la-famille-castel-et-son-directeur-general-a-tourne-au-vinaigre\/#primaryimage\"},\"thumbnailUrl\":\"https:\/\/vof-news.eu\/wp-content\/uploads\/2026\/02\/9975c34_upload-1-fkcakxwshdm2-000-1ge9pn.jpg\",\"datePublished\":\"2026-02-03T12:31:19+00:00\",\"dateModified\":\"2026-02-03T12:32:03+00:00\",\"author\":{\"@id\":\"https:\/\/vof-news.eu\/fr\/#\/schema\/person\/f6a2a4309f0561835797fd8c19b333ed\"},\"description\":\"L\u2019optimisation fiscale, c\u2019est comme l\u2019alcool, il faut en user avec mod\u00e9ration. Parce que son fondateur, Pierre Castel, 99\u00a0ans, a pouss\u00e9 le bouchon un peu loin, l\u2019empire de vins et de bi\u00e8res qui porte son nom (Baron de Lestac, Ch\u00e2teau Beychevelle, Maison Nicolas\u2026), premier producteur de boissons en Afrique, se retrouve au centre d\u2019une bataille de gouvernance \u00e9pique. Lundi 2\u00a0f\u00e9vrier, la famille Castel, majoritaire au capital, a annonc\u00e9 avoir r\u00e9voqu\u00e9, lors d\u2019une assembl\u00e9e g\u00e9n\u00e9rale extraordinaire, Gr\u00e9gory Clerc, le directeur g\u00e9n\u00e9ral, de son mandat d\u2019administrateur dans Investment Beverage Business Management (IBBM), la soci\u00e9t\u00e9 de t\u00eate singapourienne du groupe Castel. Une dynastie entrepreneuriale qui se f\u00e2che avec un manageur, cela reste banal. Mais, cette fois, l\u2019affaire est plus cors\u00e9e qu\u2019un rouge du Sud. Tout \u00e0 son obsession d\u2019\u00e9chapper au fisc, Pierre Castel, r\u00e9sident suisse, a organis\u00e9 son groupe aux racines bordelaises en une galaxie de soci\u00e9t\u00e9s, du Luxembourg \u00e0 Singapour, avec la volont\u00e9 de scinder gestion op\u00e9rationnelle, d\u2019un c\u00f4t\u00e9, et, propri\u00e9t\u00e9 du capital, de l\u2019autre, \u00e0 travers un syst\u00e8me complexe de fiducies et de holdings. En\u00a02023, il a confi\u00e9 les commandes des op\u00e9rations \u00e0 Gr\u00e9gory Clerc, un avocat genevois qui l\u2019avait \u00e9paul\u00e9 dans son conflit avec les autorit\u00e9s fiscales suisses, sold\u00e9 par une facture sup\u00e9rieure \u00e0 350\u00a0millions d\u2019euros cette ann\u00e9e-l\u00e0. Il vous reste 47.5% de cet article \u00e0 lire. La suite est r\u00e9serv\u00e9e aux abonn\u00e9s.\",\"breadcrumb\":{\"@id\":\"https:\/\/vof-news.eu\/fr\/groupe-castel-la-cohabitation-entre-la-famille-castel-et-son-directeur-general-a-tourne-au-vinaigre\/#breadcrumb\"},\"inLanguage\":\"fr-FR\",\"potentialAction\":[{\"@type\":\"ReadAction\",\"target\":[\"https:\/\/vof-news.eu\/fr\/groupe-castel-la-cohabitation-entre-la-famille-castel-et-son-directeur-general-a-tourne-au-vinaigre\/\"]}]},{\"@type\":\"ImageObject\",\"inLanguage\":\"fr-FR\",\"@id\":\"https:\/\/vof-news.eu\/fr\/groupe-castel-la-cohabitation-entre-la-famille-castel-et-son-directeur-general-a-tourne-au-vinaigre\/#primaryimage\",\"url\":\"https:\/\/vof-news.eu\/wp-content\/uploads\/2026\/02\/9975c34_upload-1-fkcakxwshdm2-000-1ge9pn.jpg\",\"contentUrl\":\"https:\/\/vof-news.eu\/wp-content\/uploads\/2026\/02\/9975c34_upload-1-fkcakxwshdm2-000-1ge9pn.jpg\",\"width\":664,\"height\":442},{\"@type\":\"BreadcrumbList\",\"@id\":\"https:\/\/vof-news.eu\/fr\/groupe-castel-la-cohabitation-entre-la-famille-castel-et-son-directeur-general-a-tourne-au-vinaigre\/#breadcrumb\",\"itemListElement\":[{\"@type\":\"ListItem\",\"position\":1,\"name\":\"Home\",\"item\":\"https:\/\/vof-news.eu\/fr\/\"},{\"@type\":\"ListItem\",\"position\":2,\"name\":\"Groupe Castel\u00a0: \u00ab\u00a0La cohabitation entre la famille Castel et son directeur g\u00e9n\u00e9ral a tourn\u00e9 au vinaigre\u00a0\u00bb\"}]},{\"@type\":\"WebSite\",\"@id\":\"https:\/\/vof-news.eu\/fr\/#website\",\"url\":\"https:\/\/vof-news.eu\/fr\/\",\"name\":\"vof-news.eu\",\"description\":\"\",\"potentialAction\":[{\"@type\":\"SearchAction\",\"target\":{\"@type\":\"EntryPoint\",\"urlTemplate\":\"https:\/\/vof-news.eu\/fr\/?s={search_term_string}\"},\"query-input\":\"required name=search_term_string\"}],\"inLanguage\":\"fr-FR\"},{\"@type\":\"Person\",\"@id\":\"https:\/\/vof-news.eu\/fr\/#\/schema\/person\/f6a2a4309f0561835797fd8c19b333ed\",\"name\":\"Author\",\"image\":{\"@type\":\"ImageObject\",\"inLanguage\":\"fr-FR\",\"@id\":\"https:\/\/vof-news.eu\/fr\/#\/schema\/person\/image\/\",\"url\":\"https:\/\/secure.gravatar.com\/avatar\/b67e614b1b25b3e9c0c239efdd2fde5ab015b5affd6f1c3c85911ca4b384e790?s=96&d=mm&r=g\",\"contentUrl\":\"https:\/\/secure.gravatar.com\/avatar\/b67e614b1b25b3e9c0c239efdd2fde5ab015b5affd6f1c3c85911ca4b384e790?s=96&d=mm&r=g\",\"caption\":\"Author\"},\"sameAs\":[\"http:\/\/vof-news.eu\"],\"url\":\"https:\/\/vof-news.eu\/fr\/author\/zwt6qxnjulxbnyg\/\"}]}<\/script>\n<!-- \/ Yoast SEO plugin. -->","yoast_head_json":{"title":"Groupe Castel\u00a0: \u00ab\u00a0La cohabitation entre la famille Castel et son directeur g\u00e9n\u00e9ral a tourn\u00e9 au vinaigre\u00a0\u00bb - vof-news.eu","description":"L\u2019optimisation fiscale, c\u2019est comme l\u2019alcool, il faut en user avec mod\u00e9ration. Parce que son fondateur, Pierre Castel, 99\u00a0ans, a pouss\u00e9 le bouchon un peu loin, l\u2019empire de vins et de bi\u00e8res qui porte son nom (Baron de Lestac, Ch\u00e2teau Beychevelle, Maison Nicolas\u2026), premier producteur de boissons en Afrique, se retrouve au centre d\u2019une bataille de gouvernance \u00e9pique.  Lundi 2\u00a0f\u00e9vrier, la famille Castel, majoritaire au capital, a annonc\u00e9 avoir r\u00e9voqu\u00e9, lors d\u2019une assembl\u00e9e g\u00e9n\u00e9rale extraordinaire, Gr\u00e9gory Clerc, le directeur g\u00e9n\u00e9ral, de son mandat d\u2019administrateur dans Investment Beverage Business Management (IBBM), la soci\u00e9t\u00e9 de t\u00eate singapourienne du groupe Castel. Une dynastie entrepreneuriale qui se f\u00e2che avec un manageur, cela reste banal. Mais, cette fois, l\u2019affaire est plus cors\u00e9e qu\u2019un rouge du Sud. Tout \u00e0 son obsession d\u2019\u00e9chapper au fisc, Pierre Castel, r\u00e9sident suisse, a organis\u00e9 son groupe aux racines bordelaises en une galaxie de soci\u00e9t\u00e9s, du Luxembourg \u00e0 Singapour, avec la volont\u00e9 de scinder gestion op\u00e9rationnelle, d\u2019un c\u00f4t\u00e9, et, propri\u00e9t\u00e9 du capital, de l\u2019autre, \u00e0 travers un syst\u00e8me complexe de fiducies et de holdings. En\u00a02023, il a confi\u00e9 les commandes des op\u00e9rations \u00e0 Gr\u00e9gory Clerc, un avocat genevois qui l\u2019avait \u00e9paul\u00e9 dans son conflit avec les autorit\u00e9s fiscales suisses, sold\u00e9 par une facture sup\u00e9rieure \u00e0 350\u00a0millions d\u2019euros cette ann\u00e9e-l\u00e0. Il vous reste 47.5% de cet article \u00e0 lire. La suite est r\u00e9serv\u00e9e aux abonn\u00e9s.","robots":{"index":"noindex","follow":"follow","max-snippet":"max-snippet:-1","max-image-preview":"max-image-preview:large","max-video-preview":"max-video-preview:-1"},"og_locale":"fr_FR","og_type":"article","og_title":"Groupe Castel\u00a0: \u00ab\u00a0La cohabitation entre la famille Castel et son directeur g\u00e9n\u00e9ral a tourn\u00e9 au vinaigre\u00a0\u00bb - vof-news.eu","og_description":"L\u2019optimisation fiscale, c\u2019est comme l\u2019alcool, il faut en user avec mod\u00e9ration. Parce que son fondateur, Pierre Castel, 99\u00a0ans, a pouss\u00e9 le bouchon un peu loin, l\u2019empire de vins et de bi\u00e8res qui porte son nom (Baron de Lestac, Ch\u00e2teau Beychevelle, Maison Nicolas\u2026), premier producteur de boissons en Afrique, se retrouve au centre d\u2019une bataille de gouvernance \u00e9pique.  Lundi 2\u00a0f\u00e9vrier, la famille Castel, majoritaire au capital, a annonc\u00e9 avoir r\u00e9voqu\u00e9, lors d\u2019une assembl\u00e9e g\u00e9n\u00e9rale extraordinaire, Gr\u00e9gory Clerc, le directeur g\u00e9n\u00e9ral, de son mandat d\u2019administrateur dans Investment Beverage Business Management (IBBM), la soci\u00e9t\u00e9 de t\u00eate singapourienne du groupe Castel. Une dynastie entrepreneuriale qui se f\u00e2che avec un manageur, cela reste banal. Mais, cette fois, l\u2019affaire est plus cors\u00e9e qu\u2019un rouge du Sud. Tout \u00e0 son obsession d\u2019\u00e9chapper au fisc, Pierre Castel, r\u00e9sident suisse, a organis\u00e9 son groupe aux racines bordelaises en une galaxie de soci\u00e9t\u00e9s, du Luxembourg \u00e0 Singapour, avec la volont\u00e9 de scinder gestion op\u00e9rationnelle, d\u2019un c\u00f4t\u00e9, et, propri\u00e9t\u00e9 du capital, de l\u2019autre, \u00e0 travers un syst\u00e8me complexe de fiducies et de holdings. En\u00a02023, il a confi\u00e9 les commandes des op\u00e9rations \u00e0 Gr\u00e9gory Clerc, un avocat genevois qui l\u2019avait \u00e9paul\u00e9 dans son conflit avec les autorit\u00e9s fiscales suisses, sold\u00e9 par une facture sup\u00e9rieure \u00e0 350\u00a0millions d\u2019euros cette ann\u00e9e-l\u00e0. Il vous reste 47.5% de cet article \u00e0 lire. La suite est r\u00e9serv\u00e9e aux abonn\u00e9s.","og_url":"https:\/\/vof-news.eu\/fr\/groupe-castel-la-cohabitation-entre-la-famille-castel-et-son-directeur-general-a-tourne-au-vinaigre\/","og_site_name":"vof-news.eu","article_published_time":"2026-02-03T12:31:19+00:00","article_modified_time":"2026-02-03T12:32:03+00:00","og_image":[{"width":664,"height":442,"url":"https:\/\/vof-news.eu\/wp-content\/uploads\/2026\/02\/9975c34_upload-1-fkcakxwshdm2-000-1ge9pn.jpg","type":"image\/jpeg"}],"author":"Author","twitter_card":"summary_large_image","twitter_misc":{"\u00c9crit par":"Author","Dur\u00e9e de lecture estim\u00e9e":"1 minute"},"schema":{"@context":"https:\/\/schema.org","@graph":[{"@type":"WebPage","@id":"https:\/\/vof-news.eu\/fr\/groupe-castel-la-cohabitation-entre-la-famille-castel-et-son-directeur-general-a-tourne-au-vinaigre\/","url":"https:\/\/vof-news.eu\/fr\/groupe-castel-la-cohabitation-entre-la-famille-castel-et-son-directeur-general-a-tourne-au-vinaigre\/","name":"Groupe Castel\u00a0: \u00ab\u00a0La cohabitation entre la famille Castel et son directeur g\u00e9n\u00e9ral a tourn\u00e9 au vinaigre\u00a0\u00bb - vof-news.eu","isPartOf":{"@id":"https:\/\/vof-news.eu\/fr\/#website"},"primaryImageOfPage":{"@id":"https:\/\/vof-news.eu\/fr\/groupe-castel-la-cohabitation-entre-la-famille-castel-et-son-directeur-general-a-tourne-au-vinaigre\/#primaryimage"},"image":{"@id":"https:\/\/vof-news.eu\/fr\/groupe-castel-la-cohabitation-entre-la-famille-castel-et-son-directeur-general-a-tourne-au-vinaigre\/#primaryimage"},"thumbnailUrl":"https:\/\/vof-news.eu\/wp-content\/uploads\/2026\/02\/9975c34_upload-1-fkcakxwshdm2-000-1ge9pn.jpg","datePublished":"2026-02-03T12:31:19+00:00","dateModified":"2026-02-03T12:32:03+00:00","author":{"@id":"https:\/\/vof-news.eu\/fr\/#\/schema\/person\/f6a2a4309f0561835797fd8c19b333ed"},"description":"L\u2019optimisation fiscale, c\u2019est comme l\u2019alcool, il faut en user avec mod\u00e9ration. Parce que son fondateur, Pierre Castel, 99\u00a0ans, a pouss\u00e9 le bouchon un peu loin, l\u2019empire de vins et de bi\u00e8res qui porte son nom (Baron de Lestac, Ch\u00e2teau Beychevelle, Maison Nicolas\u2026), premier producteur de boissons en Afrique, se retrouve au centre d\u2019une bataille de gouvernance \u00e9pique. Lundi 2\u00a0f\u00e9vrier, la famille Castel, majoritaire au capital, a annonc\u00e9 avoir r\u00e9voqu\u00e9, lors d\u2019une assembl\u00e9e g\u00e9n\u00e9rale extraordinaire, Gr\u00e9gory Clerc, le directeur g\u00e9n\u00e9ral, de son mandat d\u2019administrateur dans Investment Beverage Business Management (IBBM), la soci\u00e9t\u00e9 de t\u00eate singapourienne du groupe Castel. Une dynastie entrepreneuriale qui se f\u00e2che avec un manageur, cela reste banal. Mais, cette fois, l\u2019affaire est plus cors\u00e9e qu\u2019un rouge du Sud. Tout \u00e0 son obsession d\u2019\u00e9chapper au fisc, Pierre Castel, r\u00e9sident suisse, a organis\u00e9 son groupe aux racines bordelaises en une galaxie de soci\u00e9t\u00e9s, du Luxembourg \u00e0 Singapour, avec la volont\u00e9 de scinder gestion op\u00e9rationnelle, d\u2019un c\u00f4t\u00e9, et, propri\u00e9t\u00e9 du capital, de l\u2019autre, \u00e0 travers un syst\u00e8me complexe de fiducies et de holdings. En\u00a02023, il a confi\u00e9 les commandes des op\u00e9rations \u00e0 Gr\u00e9gory Clerc, un avocat genevois qui l\u2019avait \u00e9paul\u00e9 dans son conflit avec les autorit\u00e9s fiscales suisses, sold\u00e9 par une facture sup\u00e9rieure \u00e0 350\u00a0millions d\u2019euros cette ann\u00e9e-l\u00e0. Il vous reste 47.5% de cet article \u00e0 lire. La suite est r\u00e9serv\u00e9e aux abonn\u00e9s.","breadcrumb":{"@id":"https:\/\/vof-news.eu\/fr\/groupe-castel-la-cohabitation-entre-la-famille-castel-et-son-directeur-general-a-tourne-au-vinaigre\/#breadcrumb"},"inLanguage":"fr-FR","potentialAction":[{"@type":"ReadAction","target":["https:\/\/vof-news.eu\/fr\/groupe-castel-la-cohabitation-entre-la-famille-castel-et-son-directeur-general-a-tourne-au-vinaigre\/"]}]},{"@type":"ImageObject","inLanguage":"fr-FR","@id":"https:\/\/vof-news.eu\/fr\/groupe-castel-la-cohabitation-entre-la-famille-castel-et-son-directeur-general-a-tourne-au-vinaigre\/#primaryimage","url":"https:\/\/vof-news.eu\/wp-content\/uploads\/2026\/02\/9975c34_upload-1-fkcakxwshdm2-000-1ge9pn.jpg","contentUrl":"https:\/\/vof-news.eu\/wp-content\/uploads\/2026\/02\/9975c34_upload-1-fkcakxwshdm2-000-1ge9pn.jpg","width":664,"height":442},{"@type":"BreadcrumbList","@id":"https:\/\/vof-news.eu\/fr\/groupe-castel-la-cohabitation-entre-la-famille-castel-et-son-directeur-general-a-tourne-au-vinaigre\/#breadcrumb","itemListElement":[{"@type":"ListItem","position":1,"name":"Home","item":"https:\/\/vof-news.eu\/fr\/"},{"@type":"ListItem","position":2,"name":"Groupe Castel\u00a0: \u00ab\u00a0La cohabitation entre la famille Castel et son directeur g\u00e9n\u00e9ral a tourn\u00e9 au vinaigre\u00a0\u00bb"}]},{"@type":"WebSite","@id":"https:\/\/vof-news.eu\/fr\/#website","url":"https:\/\/vof-news.eu\/fr\/","name":"vof-news.eu","description":"","potentialAction":[{"@type":"SearchAction","target":{"@type":"EntryPoint","urlTemplate":"https:\/\/vof-news.eu\/fr\/?s={search_term_string}"},"query-input":"required name=search_term_string"}],"inLanguage":"fr-FR"},{"@type":"Person","@id":"https:\/\/vof-news.eu\/fr\/#\/schema\/person\/f6a2a4309f0561835797fd8c19b333ed","name":"Author","image":{"@type":"ImageObject","inLanguage":"fr-FR","@id":"https:\/\/vof-news.eu\/fr\/#\/schema\/person\/image\/","url":"https:\/\/secure.gravatar.com\/avatar\/b67e614b1b25b3e9c0c239efdd2fde5ab015b5affd6f1c3c85911ca4b384e790?s=96&d=mm&r=g","contentUrl":"https:\/\/secure.gravatar.com\/avatar\/b67e614b1b25b3e9c0c239efdd2fde5ab015b5affd6f1c3c85911ca4b384e790?s=96&d=mm&r=g","caption":"Author"},"sameAs":["http:\/\/vof-news.eu"],"url":"https:\/\/vof-news.eu\/fr\/author\/zwt6qxnjulxbnyg\/"}]}},"yoast_meta":{"yoast_wpseo_title":"","yoast_wpseo_metadesc":"","yoast_wpseo_canonical":""},"_links":{"self":[{"href":"https:\/\/vof-news.eu\/fr\/wp-json\/wp\/v2\/posts\/323060","targetHints":{"allow":["GET"]}}],"collection":[{"href":"https:\/\/vof-news.eu\/fr\/wp-json\/wp\/v2\/posts"}],"about":[{"href":"https:\/\/vof-news.eu\/fr\/wp-json\/wp\/v2\/types\/post"}],"author":[{"embeddable":true,"href":"https:\/\/vof-news.eu\/fr\/wp-json\/wp\/v2\/users\/1"}],"replies":[{"embeddable":true,"href":"https:\/\/vof-news.eu\/fr\/wp-json\/wp\/v2\/comments?post=323060"}],"version-history":[{"count":1,"href":"https:\/\/vof-news.eu\/fr\/wp-json\/wp\/v2\/posts\/323060\/revisions"}],"predecessor-version":[{"id":323067,"href":"https:\/\/vof-news.eu\/fr\/wp-json\/wp\/v2\/posts\/323060\/revisions\/323067"}],"wp:featuredmedia":[{"embeddable":true,"href":"https:\/\/vof-news.eu\/fr\/wp-json\/wp\/v2\/media\/323061"}],"wp:attachment":[{"href":"https:\/\/vof-news.eu\/fr\/wp-json\/wp\/v2\/media?parent=323060"}],"wp:term":[{"taxonomy":"category","embeddable":true,"href":"https:\/\/vof-news.eu\/fr\/wp-json\/wp\/v2\/categories?post=323060"},{"taxonomy":"post_tag","embeddable":true,"href":"https:\/\/vof-news.eu\/fr\/wp-json\/wp\/v2\/tags?post=323060"}],"curies":[{"name":"wp","href":"https:\/\/api.w.org\/{rel}","templated":true}]}}