{"id":323058,"date":"2026-02-03T15:30:19","date_gmt":"2026-02-03T12:30:19","guid":{"rendered":"https:\/\/vof-news.eu\/le-projet-de-loi-sure-est-une-entreprise-de-demolition-de-la-justice-criminelle\/"},"modified":"2026-02-03T15:30:51","modified_gmt":"2026-02-03T12:30:51","slug":"le-projet-de-loi-sure-est-une-entreprise-de-demolition-de-la-justice-criminelle","status":"publish","type":"post","link":"https:\/\/vof-news.eu\/fr\/le-projet-de-loi-sure-est-une-entreprise-de-demolition-de-la-justice-criminelle\/","title":{"rendered":"\u00ab\u00a0Le projet de loi SURE\u00a0est une entreprise de d\u00e9molition de la justice criminelle\u00a0\u00bb"},"content":{"rendered":"<article>\n<p><span>L<\/span>e 17\u00a0janvier, dans les colonnes du , G\u00e9rald Darmanin, garde des sceaux, a pr\u00e9sent\u00e9 les grandes lignes de son projet de loi SURE , portant notamment sur la r\u00e9forme de la justice criminelle, et qui devrait prochainement \u00eatre soumis au Parlement. Son objectif, louable en soi, est d\u2019acc\u00e9l\u00e9rer le traitement des affaires criminelles pour permettre leur jugement dans des d\u00e9lais raisonnables, ce qui est loin d\u2019\u00eatre le cas aujourd\u2019hui.<\/p>\n<p>Toutefois, en prenant connaissance des mesures annonc\u00e9es, ce projet appara\u00eet moins comme celui d\u2019un ministre soucieux d\u2019am\u00e9liorer la qualit\u00e9 de la justice que comme celui d\u2019un chef d\u2019entreprise de d\u00e9molition qui se serait donn\u00e9 pour but de mettre \u00e0 terre les trois grands piliers sur lesquels repose notre justice criminelle. Trois garanties fondamentales, mais qui, parce qu\u2019elles impliquent une justice qui prend le temps de bien juger, sont exclusivement per\u00e7ues par la technocratie minist\u00e9rielle comme une source de lenteur. Ces trois principes sont les suivants.<\/p>\n<p>Premier principe\u00a0: la publicit\u00e9 des d\u00e9bats, garantie essentielle permettant aux citoyens de contr\u00f4ler la qualit\u00e9 de la justice rendue. Cette publicit\u00e9 serait profond\u00e9ment affect\u00e9e par la mise en place du plaider-coupable criminel. En effet, \u00e0 travers cette proc\u00e9dure, la culpabilit\u00e9 et la peine ne seraient plus d\u00e9termin\u00e9es \u00e0 l\u2019issue d\u2019une audience publique, mais au terme d\u2019une n\u00e9gociation opaque entre le parquet et l\u2019accus\u00e9. Leur accord devrait ensuite \u00eatre avalis\u00e9 par la victime \u2013 au risque de la mettre face \u00e0 des dilemmes insoutenables \u2013, avant d\u2019\u00eatre homologu\u00e9 par un juge dans le cadre d\u2019une audience pens\u00e9e pour \u00eatre br\u00e8ve. Le public serait ainsi priv\u00e9 de son droit de comprendre pleinement les tenants et aboutissants d\u2019une condamnation, ainsi que les crit\u00e8res ayant d\u00e9termin\u00e9 le choix d\u2019une peine.<\/p>\n<h2>Confusion conceptuelle<\/h2>\n<p><strong>Il vous reste 70.01% de cet article \u00e0 lire. La suite est r\u00e9serv\u00e9e aux abonn\u00e9s.<\/strong><\/p>\n<\/article>\n","protected":false},"excerpt":{"rendered":"<p>Le 17\u00a0janvier, dans les colonnes du , G\u00e9rald Darmanin, garde des sceaux, a pr\u00e9sent\u00e9 les grandes lignes de son projet de loi SURE , portant notamment sur la r\u00e9forme de la justice criminelle, et qui devrait prochainement \u00eatre soumis au Parlement. Son objectif, louable en soi, est d\u2019acc\u00e9l\u00e9rer le traitement des affaires criminelles pour permettre<\/p>\n","protected":false},"author":1,"featured_media":0,"comment_status":"open","ping_status":"open","sticky":false,"template":"","format":"standard","meta":{"footnotes":""},"categories":[53],"tags":[],"class_list":["post-323058","post","type-post","status-publish","format-standard","hentry","category-main-news-fr"],"acf":[],"yoast_head":"<!-- This site is optimized with the Yoast SEO plugin v22.9 - https:\/\/yoast.com\/wordpress\/plugins\/seo\/ -->\n<title>\u00ab\u00a0Le projet de loi SURE\u00a0est une entreprise de d\u00e9molition de la justice criminelle\u00a0\u00bb - vof-news.eu<\/title>\n<meta name=\"description\" content=\"Le 17\u00a0janvier, dans les colonnes du , G\u00e9rald Darmanin, garde des sceaux, a pr\u00e9sent\u00e9 les grandes lignes de son projet de loi SURE , portant notamment sur la r\u00e9forme de la justice criminelle, et qui devrait prochainement \u00eatre soumis au Parlement. Son objectif, louable en soi, est d\u2019acc\u00e9l\u00e9rer le traitement des affaires criminelles pour permettre leur jugement dans des d\u00e9lais raisonnables, ce qui est loin d\u2019\u00eatre le cas aujourd\u2019hui. Toutefois, en prenant connaissance des mesures annonc\u00e9es, ce projet appara\u00eet moins comme celui d\u2019un ministre soucieux d\u2019am\u00e9liorer la qualit\u00e9 de la justice que comme celui d\u2019un chef d\u2019entreprise de d\u00e9molition qui se serait donn\u00e9 pour but de mettre \u00e0 terre les trois grands piliers sur lesquels repose notre justice criminelle. Trois garanties fondamentales, mais qui, parce qu\u2019elles impliquent une justice qui prend le temps de bien juger, sont exclusivement per\u00e7ues par la technocratie minist\u00e9rielle comme une source de lenteur. Ces trois principes sont les suivants. Premier principe\u00a0: la publicit\u00e9 des d\u00e9bats, garantie essentielle permettant aux citoyens de contr\u00f4ler la qualit\u00e9 de la justice rendue. Cette publicit\u00e9 serait profond\u00e9ment affect\u00e9e par la mise en place du plaider-coupable criminel. En effet, \u00e0 travers cette proc\u00e9dure, la culpabilit\u00e9 et la peine ne seraient plus d\u00e9termin\u00e9es \u00e0 l\u2019issue d\u2019une audience publique, mais au terme d\u2019une n\u00e9gociation opaque entre le parquet et l\u2019accus\u00e9. Leur accord devrait ensuite \u00eatre avalis\u00e9 par la victime \u2013 au risque de la mettre face \u00e0 des dilemmes insoutenables \u2013, avant d\u2019\u00eatre homologu\u00e9 par un juge dans le cadre d\u2019une audience pens\u00e9e pour \u00eatre br\u00e8ve. Le public serait ainsi priv\u00e9 de son droit de comprendre pleinement les tenants et aboutissants d\u2019une condamnation, ainsi que les crit\u00e8res ayant d\u00e9termin\u00e9 le choix d\u2019une peine. Confusion conceptuelle Il vous reste 70.01% de cet article \u00e0 lire. La suite est r\u00e9serv\u00e9e aux abonn\u00e9s.\" \/>\n<meta name=\"robots\" content=\"noindex, follow, max-snippet:-1, max-image-preview:large, max-video-preview:-1\" \/>\n<meta property=\"og:locale\" content=\"fr_FR\" \/>\n<meta property=\"og:type\" content=\"article\" \/>\n<meta property=\"og:title\" content=\"\u00ab\u00a0Le projet de loi SURE\u00a0est une entreprise de d\u00e9molition de la justice criminelle\u00a0\u00bb - vof-news.eu\" \/>\n<meta property=\"og:description\" content=\"Le 17\u00a0janvier, dans les colonnes du , G\u00e9rald Darmanin, garde des sceaux, a pr\u00e9sent\u00e9 les grandes lignes de son projet de loi SURE , portant notamment sur la r\u00e9forme de la justice criminelle, et qui devrait prochainement \u00eatre soumis au Parlement. Son objectif, louable en soi, est d\u2019acc\u00e9l\u00e9rer le traitement des affaires criminelles pour permettre leur jugement dans des d\u00e9lais raisonnables, ce qui est loin d\u2019\u00eatre le cas aujourd\u2019hui. Toutefois, en prenant connaissance des mesures annonc\u00e9es, ce projet appara\u00eet moins comme celui d\u2019un ministre soucieux d\u2019am\u00e9liorer la qualit\u00e9 de la justice que comme celui d\u2019un chef d\u2019entreprise de d\u00e9molition qui se serait donn\u00e9 pour but de mettre \u00e0 terre les trois grands piliers sur lesquels repose notre justice criminelle. Trois garanties fondamentales, mais qui, parce qu\u2019elles impliquent une justice qui prend le temps de bien juger, sont exclusivement per\u00e7ues par la technocratie minist\u00e9rielle comme une source de lenteur. Ces trois principes sont les suivants. Premier principe\u00a0: la publicit\u00e9 des d\u00e9bats, garantie essentielle permettant aux citoyens de contr\u00f4ler la qualit\u00e9 de la justice rendue. Cette publicit\u00e9 serait profond\u00e9ment affect\u00e9e par la mise en place du plaider-coupable criminel. En effet, \u00e0 travers cette proc\u00e9dure, la culpabilit\u00e9 et la peine ne seraient plus d\u00e9termin\u00e9es \u00e0 l\u2019issue d\u2019une audience publique, mais au terme d\u2019une n\u00e9gociation opaque entre le parquet et l\u2019accus\u00e9. Leur accord devrait ensuite \u00eatre avalis\u00e9 par la victime \u2013 au risque de la mettre face \u00e0 des dilemmes insoutenables \u2013, avant d\u2019\u00eatre homologu\u00e9 par un juge dans le cadre d\u2019une audience pens\u00e9e pour \u00eatre br\u00e8ve. Le public serait ainsi priv\u00e9 de son droit de comprendre pleinement les tenants et aboutissants d\u2019une condamnation, ainsi que les crit\u00e8res ayant d\u00e9termin\u00e9 le choix d\u2019une peine. Confusion conceptuelle Il vous reste 70.01% de cet article \u00e0 lire. La suite est r\u00e9serv\u00e9e aux abonn\u00e9s.\" \/>\n<meta property=\"og:url\" content=\"https:\/\/vof-news.eu\/fr\/le-projet-de-loi-sure-est-une-entreprise-de-demolition-de-la-justice-criminelle\/\" \/>\n<meta property=\"og:site_name\" content=\"vof-news.eu\" \/>\n<meta property=\"article:published_time\" content=\"2026-02-03T12:30:19+00:00\" \/>\n<meta property=\"article:modified_time\" content=\"2026-02-03T12:30:51+00:00\" \/>\n<meta name=\"author\" content=\"Author\" \/>\n<meta name=\"twitter:card\" content=\"summary_large_image\" \/>\n<meta name=\"twitter:label1\" content=\"\u00c9crit par\" \/>\n\t<meta name=\"twitter:data1\" content=\"Author\" \/>\n\t<meta name=\"twitter:label2\" content=\"Dur\u00e9e de lecture estim\u00e9e\" \/>\n\t<meta name=\"twitter:data2\" content=\"2 minutes\" \/>\n<script type=\"application\/ld+json\" class=\"yoast-schema-graph\">{\"@context\":\"https:\/\/schema.org\",\"@graph\":[{\"@type\":\"WebPage\",\"@id\":\"https:\/\/vof-news.eu\/fr\/le-projet-de-loi-sure-est-une-entreprise-de-demolition-de-la-justice-criminelle\/\",\"url\":\"https:\/\/vof-news.eu\/fr\/le-projet-de-loi-sure-est-une-entreprise-de-demolition-de-la-justice-criminelle\/\",\"name\":\"\u00ab\u00a0Le projet de loi SURE\u00a0est une entreprise de d\u00e9molition de la justice criminelle\u00a0\u00bb - vof-news.eu\",\"isPartOf\":{\"@id\":\"https:\/\/vof-news.eu\/fr\/#website\"},\"datePublished\":\"2026-02-03T12:30:19+00:00\",\"dateModified\":\"2026-02-03T12:30:51+00:00\",\"author\":{\"@id\":\"https:\/\/vof-news.eu\/fr\/#\/schema\/person\/f6a2a4309f0561835797fd8c19b333ed\"},\"description\":\"Le 17\u00a0janvier, dans les colonnes du , G\u00e9rald Darmanin, garde des sceaux, a pr\u00e9sent\u00e9 les grandes lignes de son projet de loi SURE , portant notamment sur la r\u00e9forme de la justice criminelle, et qui devrait prochainement \u00eatre soumis au Parlement. Son objectif, louable en soi, est d\u2019acc\u00e9l\u00e9rer le traitement des affaires criminelles pour permettre leur jugement dans des d\u00e9lais raisonnables, ce qui est loin d\u2019\u00eatre le cas aujourd\u2019hui. Toutefois, en prenant connaissance des mesures annonc\u00e9es, ce projet appara\u00eet moins comme celui d\u2019un ministre soucieux d\u2019am\u00e9liorer la qualit\u00e9 de la justice que comme celui d\u2019un chef d\u2019entreprise de d\u00e9molition qui se serait donn\u00e9 pour but de mettre \u00e0 terre les trois grands piliers sur lesquels repose notre justice criminelle. Trois garanties fondamentales, mais qui, parce qu\u2019elles impliquent une justice qui prend le temps de bien juger, sont exclusivement per\u00e7ues par la technocratie minist\u00e9rielle comme une source de lenteur. Ces trois principes sont les suivants. Premier principe\u00a0: la publicit\u00e9 des d\u00e9bats, garantie essentielle permettant aux citoyens de contr\u00f4ler la qualit\u00e9 de la justice rendue. Cette publicit\u00e9 serait profond\u00e9ment affect\u00e9e par la mise en place du plaider-coupable criminel. En effet, \u00e0 travers cette proc\u00e9dure, la culpabilit\u00e9 et la peine ne seraient plus d\u00e9termin\u00e9es \u00e0 l\u2019issue d\u2019une audience publique, mais au terme d\u2019une n\u00e9gociation opaque entre le parquet et l\u2019accus\u00e9. Leur accord devrait ensuite \u00eatre avalis\u00e9 par la victime \u2013 au risque de la mettre face \u00e0 des dilemmes insoutenables \u2013, avant d\u2019\u00eatre homologu\u00e9 par un juge dans le cadre d\u2019une audience pens\u00e9e pour \u00eatre br\u00e8ve. Le public serait ainsi priv\u00e9 de son droit de comprendre pleinement les tenants et aboutissants d\u2019une condamnation, ainsi que les crit\u00e8res ayant d\u00e9termin\u00e9 le choix d\u2019une peine. Confusion conceptuelle Il vous reste 70.01% de cet article \u00e0 lire. La suite est r\u00e9serv\u00e9e aux abonn\u00e9s.\",\"breadcrumb\":{\"@id\":\"https:\/\/vof-news.eu\/fr\/le-projet-de-loi-sure-est-une-entreprise-de-demolition-de-la-justice-criminelle\/#breadcrumb\"},\"inLanguage\":\"fr-FR\",\"potentialAction\":[{\"@type\":\"ReadAction\",\"target\":[\"https:\/\/vof-news.eu\/fr\/le-projet-de-loi-sure-est-une-entreprise-de-demolition-de-la-justice-criminelle\/\"]}]},{\"@type\":\"BreadcrumbList\",\"@id\":\"https:\/\/vof-news.eu\/fr\/le-projet-de-loi-sure-est-une-entreprise-de-demolition-de-la-justice-criminelle\/#breadcrumb\",\"itemListElement\":[{\"@type\":\"ListItem\",\"position\":1,\"name\":\"Home\",\"item\":\"https:\/\/vof-news.eu\/fr\/\"},{\"@type\":\"ListItem\",\"position\":2,\"name\":\"\u00ab\u00a0Le projet de loi SURE\u00a0est une entreprise de d\u00e9molition de la justice criminelle\u00a0\u00bb\"}]},{\"@type\":\"WebSite\",\"@id\":\"https:\/\/vof-news.eu\/fr\/#website\",\"url\":\"https:\/\/vof-news.eu\/fr\/\",\"name\":\"vof-news.eu\",\"description\":\"\",\"potentialAction\":[{\"@type\":\"SearchAction\",\"target\":{\"@type\":\"EntryPoint\",\"urlTemplate\":\"https:\/\/vof-news.eu\/fr\/?s={search_term_string}\"},\"query-input\":\"required name=search_term_string\"}],\"inLanguage\":\"fr-FR\"},{\"@type\":\"Person\",\"@id\":\"https:\/\/vof-news.eu\/fr\/#\/schema\/person\/f6a2a4309f0561835797fd8c19b333ed\",\"name\":\"Author\",\"image\":{\"@type\":\"ImageObject\",\"inLanguage\":\"fr-FR\",\"@id\":\"https:\/\/vof-news.eu\/fr\/#\/schema\/person\/image\/\",\"url\":\"https:\/\/secure.gravatar.com\/avatar\/b67e614b1b25b3e9c0c239efdd2fde5ab015b5affd6f1c3c85911ca4b384e790?s=96&d=mm&r=g\",\"contentUrl\":\"https:\/\/secure.gravatar.com\/avatar\/b67e614b1b25b3e9c0c239efdd2fde5ab015b5affd6f1c3c85911ca4b384e790?s=96&d=mm&r=g\",\"caption\":\"Author\"},\"sameAs\":[\"http:\/\/vof-news.eu\"],\"url\":\"https:\/\/vof-news.eu\/fr\/author\/zwt6qxnjulxbnyg\/\"}]}<\/script>\n<!-- \/ Yoast SEO plugin. -->","yoast_head_json":{"title":"\u00ab\u00a0Le projet de loi SURE\u00a0est une entreprise de d\u00e9molition de la justice criminelle\u00a0\u00bb - vof-news.eu","description":"Le 17\u00a0janvier, dans les colonnes du , G\u00e9rald Darmanin, garde des sceaux, a pr\u00e9sent\u00e9 les grandes lignes de son projet de loi SURE , portant notamment sur la r\u00e9forme de la justice criminelle, et qui devrait prochainement \u00eatre soumis au Parlement. Son objectif, louable en soi, est d\u2019acc\u00e9l\u00e9rer le traitement des affaires criminelles pour permettre leur jugement dans des d\u00e9lais raisonnables, ce qui est loin d\u2019\u00eatre le cas aujourd\u2019hui. Toutefois, en prenant connaissance des mesures annonc\u00e9es, ce projet appara\u00eet moins comme celui d\u2019un ministre soucieux d\u2019am\u00e9liorer la qualit\u00e9 de la justice que comme celui d\u2019un chef d\u2019entreprise de d\u00e9molition qui se serait donn\u00e9 pour but de mettre \u00e0 terre les trois grands piliers sur lesquels repose notre justice criminelle. Trois garanties fondamentales, mais qui, parce qu\u2019elles impliquent une justice qui prend le temps de bien juger, sont exclusivement per\u00e7ues par la technocratie minist\u00e9rielle comme une source de lenteur. Ces trois principes sont les suivants. Premier principe\u00a0: la publicit\u00e9 des d\u00e9bats, garantie essentielle permettant aux citoyens de contr\u00f4ler la qualit\u00e9 de la justice rendue. Cette publicit\u00e9 serait profond\u00e9ment affect\u00e9e par la mise en place du plaider-coupable criminel. En effet, \u00e0 travers cette proc\u00e9dure, la culpabilit\u00e9 et la peine ne seraient plus d\u00e9termin\u00e9es \u00e0 l\u2019issue d\u2019une audience publique, mais au terme d\u2019une n\u00e9gociation opaque entre le parquet et l\u2019accus\u00e9. Leur accord devrait ensuite \u00eatre avalis\u00e9 par la victime \u2013 au risque de la mettre face \u00e0 des dilemmes insoutenables \u2013, avant d\u2019\u00eatre homologu\u00e9 par un juge dans le cadre d\u2019une audience pens\u00e9e pour \u00eatre br\u00e8ve. Le public serait ainsi priv\u00e9 de son droit de comprendre pleinement les tenants et aboutissants d\u2019une condamnation, ainsi que les crit\u00e8res ayant d\u00e9termin\u00e9 le choix d\u2019une peine. Confusion conceptuelle Il vous reste 70.01% de cet article \u00e0 lire. La suite est r\u00e9serv\u00e9e aux abonn\u00e9s.","robots":{"index":"noindex","follow":"follow","max-snippet":"max-snippet:-1","max-image-preview":"max-image-preview:large","max-video-preview":"max-video-preview:-1"},"og_locale":"fr_FR","og_type":"article","og_title":"\u00ab\u00a0Le projet de loi SURE\u00a0est une entreprise de d\u00e9molition de la justice criminelle\u00a0\u00bb - vof-news.eu","og_description":"Le 17\u00a0janvier, dans les colonnes du , G\u00e9rald Darmanin, garde des sceaux, a pr\u00e9sent\u00e9 les grandes lignes de son projet de loi SURE , portant notamment sur la r\u00e9forme de la justice criminelle, et qui devrait prochainement \u00eatre soumis au Parlement. Son objectif, louable en soi, est d\u2019acc\u00e9l\u00e9rer le traitement des affaires criminelles pour permettre leur jugement dans des d\u00e9lais raisonnables, ce qui est loin d\u2019\u00eatre le cas aujourd\u2019hui. Toutefois, en prenant connaissance des mesures annonc\u00e9es, ce projet appara\u00eet moins comme celui d\u2019un ministre soucieux d\u2019am\u00e9liorer la qualit\u00e9 de la justice que comme celui d\u2019un chef d\u2019entreprise de d\u00e9molition qui se serait donn\u00e9 pour but de mettre \u00e0 terre les trois grands piliers sur lesquels repose notre justice criminelle. Trois garanties fondamentales, mais qui, parce qu\u2019elles impliquent une justice qui prend le temps de bien juger, sont exclusivement per\u00e7ues par la technocratie minist\u00e9rielle comme une source de lenteur. Ces trois principes sont les suivants. Premier principe\u00a0: la publicit\u00e9 des d\u00e9bats, garantie essentielle permettant aux citoyens de contr\u00f4ler la qualit\u00e9 de la justice rendue. Cette publicit\u00e9 serait profond\u00e9ment affect\u00e9e par la mise en place du plaider-coupable criminel. En effet, \u00e0 travers cette proc\u00e9dure, la culpabilit\u00e9 et la peine ne seraient plus d\u00e9termin\u00e9es \u00e0 l\u2019issue d\u2019une audience publique, mais au terme d\u2019une n\u00e9gociation opaque entre le parquet et l\u2019accus\u00e9. Leur accord devrait ensuite \u00eatre avalis\u00e9 par la victime \u2013 au risque de la mettre face \u00e0 des dilemmes insoutenables \u2013, avant d\u2019\u00eatre homologu\u00e9 par un juge dans le cadre d\u2019une audience pens\u00e9e pour \u00eatre br\u00e8ve. Le public serait ainsi priv\u00e9 de son droit de comprendre pleinement les tenants et aboutissants d\u2019une condamnation, ainsi que les crit\u00e8res ayant d\u00e9termin\u00e9 le choix d\u2019une peine. Confusion conceptuelle Il vous reste 70.01% de cet article \u00e0 lire. La suite est r\u00e9serv\u00e9e aux abonn\u00e9s.","og_url":"https:\/\/vof-news.eu\/fr\/le-projet-de-loi-sure-est-une-entreprise-de-demolition-de-la-justice-criminelle\/","og_site_name":"vof-news.eu","article_published_time":"2026-02-03T12:30:19+00:00","article_modified_time":"2026-02-03T12:30:51+00:00","author":"Author","twitter_card":"summary_large_image","twitter_misc":{"\u00c9crit par":"Author","Dur\u00e9e de lecture estim\u00e9e":"2 minutes"},"schema":{"@context":"https:\/\/schema.org","@graph":[{"@type":"WebPage","@id":"https:\/\/vof-news.eu\/fr\/le-projet-de-loi-sure-est-une-entreprise-de-demolition-de-la-justice-criminelle\/","url":"https:\/\/vof-news.eu\/fr\/le-projet-de-loi-sure-est-une-entreprise-de-demolition-de-la-justice-criminelle\/","name":"\u00ab\u00a0Le projet de loi SURE\u00a0est une entreprise de d\u00e9molition de la justice criminelle\u00a0\u00bb - vof-news.eu","isPartOf":{"@id":"https:\/\/vof-news.eu\/fr\/#website"},"datePublished":"2026-02-03T12:30:19+00:00","dateModified":"2026-02-03T12:30:51+00:00","author":{"@id":"https:\/\/vof-news.eu\/fr\/#\/schema\/person\/f6a2a4309f0561835797fd8c19b333ed"},"description":"Le 17\u00a0janvier, dans les colonnes du , G\u00e9rald Darmanin, garde des sceaux, a pr\u00e9sent\u00e9 les grandes lignes de son projet de loi SURE , portant notamment sur la r\u00e9forme de la justice criminelle, et qui devrait prochainement \u00eatre soumis au Parlement. Son objectif, louable en soi, est d\u2019acc\u00e9l\u00e9rer le traitement des affaires criminelles pour permettre leur jugement dans des d\u00e9lais raisonnables, ce qui est loin d\u2019\u00eatre le cas aujourd\u2019hui. Toutefois, en prenant connaissance des mesures annonc\u00e9es, ce projet appara\u00eet moins comme celui d\u2019un ministre soucieux d\u2019am\u00e9liorer la qualit\u00e9 de la justice que comme celui d\u2019un chef d\u2019entreprise de d\u00e9molition qui se serait donn\u00e9 pour but de mettre \u00e0 terre les trois grands piliers sur lesquels repose notre justice criminelle. Trois garanties fondamentales, mais qui, parce qu\u2019elles impliquent une justice qui prend le temps de bien juger, sont exclusivement per\u00e7ues par la technocratie minist\u00e9rielle comme une source de lenteur. Ces trois principes sont les suivants. Premier principe\u00a0: la publicit\u00e9 des d\u00e9bats, garantie essentielle permettant aux citoyens de contr\u00f4ler la qualit\u00e9 de la justice rendue. Cette publicit\u00e9 serait profond\u00e9ment affect\u00e9e par la mise en place du plaider-coupable criminel. En effet, \u00e0 travers cette proc\u00e9dure, la culpabilit\u00e9 et la peine ne seraient plus d\u00e9termin\u00e9es \u00e0 l\u2019issue d\u2019une audience publique, mais au terme d\u2019une n\u00e9gociation opaque entre le parquet et l\u2019accus\u00e9. Leur accord devrait ensuite \u00eatre avalis\u00e9 par la victime \u2013 au risque de la mettre face \u00e0 des dilemmes insoutenables \u2013, avant d\u2019\u00eatre homologu\u00e9 par un juge dans le cadre d\u2019une audience pens\u00e9e pour \u00eatre br\u00e8ve. Le public serait ainsi priv\u00e9 de son droit de comprendre pleinement les tenants et aboutissants d\u2019une condamnation, ainsi que les crit\u00e8res ayant d\u00e9termin\u00e9 le choix d\u2019une peine. Confusion conceptuelle Il vous reste 70.01% de cet article \u00e0 lire. La suite est r\u00e9serv\u00e9e aux abonn\u00e9s.","breadcrumb":{"@id":"https:\/\/vof-news.eu\/fr\/le-projet-de-loi-sure-est-une-entreprise-de-demolition-de-la-justice-criminelle\/#breadcrumb"},"inLanguage":"fr-FR","potentialAction":[{"@type":"ReadAction","target":["https:\/\/vof-news.eu\/fr\/le-projet-de-loi-sure-est-une-entreprise-de-demolition-de-la-justice-criminelle\/"]}]},{"@type":"BreadcrumbList","@id":"https:\/\/vof-news.eu\/fr\/le-projet-de-loi-sure-est-une-entreprise-de-demolition-de-la-justice-criminelle\/#breadcrumb","itemListElement":[{"@type":"ListItem","position":1,"name":"Home","item":"https:\/\/vof-news.eu\/fr\/"},{"@type":"ListItem","position":2,"name":"\u00ab\u00a0Le projet de loi SURE\u00a0est une entreprise de d\u00e9molition de la justice criminelle\u00a0\u00bb"}]},{"@type":"WebSite","@id":"https:\/\/vof-news.eu\/fr\/#website","url":"https:\/\/vof-news.eu\/fr\/","name":"vof-news.eu","description":"","potentialAction":[{"@type":"SearchAction","target":{"@type":"EntryPoint","urlTemplate":"https:\/\/vof-news.eu\/fr\/?s={search_term_string}"},"query-input":"required name=search_term_string"}],"inLanguage":"fr-FR"},{"@type":"Person","@id":"https:\/\/vof-news.eu\/fr\/#\/schema\/person\/f6a2a4309f0561835797fd8c19b333ed","name":"Author","image":{"@type":"ImageObject","inLanguage":"fr-FR","@id":"https:\/\/vof-news.eu\/fr\/#\/schema\/person\/image\/","url":"https:\/\/secure.gravatar.com\/avatar\/b67e614b1b25b3e9c0c239efdd2fde5ab015b5affd6f1c3c85911ca4b384e790?s=96&d=mm&r=g","contentUrl":"https:\/\/secure.gravatar.com\/avatar\/b67e614b1b25b3e9c0c239efdd2fde5ab015b5affd6f1c3c85911ca4b384e790?s=96&d=mm&r=g","caption":"Author"},"sameAs":["http:\/\/vof-news.eu"],"url":"https:\/\/vof-news.eu\/fr\/author\/zwt6qxnjulxbnyg\/"}]}},"yoast_meta":{"yoast_wpseo_title":"","yoast_wpseo_metadesc":"","yoast_wpseo_canonical":""},"_links":{"self":[{"href":"https:\/\/vof-news.eu\/fr\/wp-json\/wp\/v2\/posts\/323058","targetHints":{"allow":["GET"]}}],"collection":[{"href":"https:\/\/vof-news.eu\/fr\/wp-json\/wp\/v2\/posts"}],"about":[{"href":"https:\/\/vof-news.eu\/fr\/wp-json\/wp\/v2\/types\/post"}],"author":[{"embeddable":true,"href":"https:\/\/vof-news.eu\/fr\/wp-json\/wp\/v2\/users\/1"}],"replies":[{"embeddable":true,"href":"https:\/\/vof-news.eu\/fr\/wp-json\/wp\/v2\/comments?post=323058"}],"version-history":[{"count":1,"href":"https:\/\/vof-news.eu\/fr\/wp-json\/wp\/v2\/posts\/323058\/revisions"}],"predecessor-version":[{"id":323059,"href":"https:\/\/vof-news.eu\/fr\/wp-json\/wp\/v2\/posts\/323058\/revisions\/323059"}],"wp:attachment":[{"href":"https:\/\/vof-news.eu\/fr\/wp-json\/wp\/v2\/media?parent=323058"}],"wp:term":[{"taxonomy":"category","embeddable":true,"href":"https:\/\/vof-news.eu\/fr\/wp-json\/wp\/v2\/categories?post=323058"},{"taxonomy":"post_tag","embeddable":true,"href":"https:\/\/vof-news.eu\/fr\/wp-json\/wp\/v2\/tags?post=323058"}],"curies":[{"name":"wp","href":"https:\/\/api.w.org\/{rel}","templated":true}]}}