{"id":322907,"date":"2026-02-03T07:30:18","date_gmt":"2026-02-03T04:30:18","guid":{"rendered":"https:\/\/vof-news.eu\/municipales-2026-une-nouvelle-etape-de-la-decentralisation-educative-simpose\/"},"modified":"2026-02-03T07:30:48","modified_gmt":"2026-02-03T04:30:48","slug":"municipales-2026-une-nouvelle-etape-de-la-decentralisation-educative-simpose","status":"publish","type":"post","link":"https:\/\/vof-news.eu\/fr\/municipales-2026-une-nouvelle-etape-de-la-decentralisation-educative-simpose\/","title":{"rendered":"Municipales 2026\u00a0: \u00ab\u00a0Une nouvelle \u00e9tape de la d\u00e9centralisation \u00e9ducative s\u2019impose\u00a0\u00bb"},"content":{"rendered":"<article>\n<section>\n<p><span><\/span><span>Cette tribune para\u00eet dans . Si vous \u00eates abonn\u00e9 au\u00a0, vous pouvez vous inscrire \u00e0\u00a0cette lettre hebdomadaire\u00a0<a href=\"https:\/\/www.lemonde.fr\/newsletters\/le-monde-de-l-education\/?xtor=SEC-33281070\" rel=\"nofollow\">en suivant ce lien<\/a>.<\/span><\/p>\n<\/section>\n<p>La qualit\u00e9 d\u2019une \u00e9cole compte parmi les facteurs les plus d\u00e9terminants de la valeur des logements environnants. Pour les communes, l\u2019\u00e9cole ne rel\u00e8ve donc pas seulement de l\u2019acc\u00e8s \u00e0 un service public, elle est devenue un actif territorial majeur, qui p\u00e8se directement sur l\u2019attractivit\u00e9 r\u00e9sidentielle et l\u2019avenir \u00e9conomique des territoires.<\/p>\n<p>C\u2019est pr\u00e9cis\u00e9ment pour cette raison que la question \u00e9ducative s\u2019impose comme un enjeu central des prochaines \u00e9lections municipales. Les citoyens le savent, qu\u2019ils soient jeunes parents, grands-parents, actifs ou retrait\u00e9s, l\u2019\u00e9cole de la commune fa\u00e7onne leur quotidien. Ils entendent d\u00e8s lors interroger les choix des \u00e9quipes municipales, qu\u2019ils tiennent en grande partie pour responsables de l\u2019acc\u00e8s \u00e0 une \u00e9ducation de qualit\u00e9.<\/p>\n<p>Or, c\u2019est l\u00e0 que se loge une tension d\u00e9mocratique majeure. Si les d\u00e9cisions les plus structurantes \u2013 ouvertures et fermetures de classes, dotations en postes, carte scolaire \u2013 rel\u00e8vent de la responsabilit\u00e9 de l\u2019Etat, ce sont les \u00e9lus locaux qui font face aux attentes et aux col\u00e8res des familles. Les maires se retrouvent ainsi en premi\u00e8re ligne, sans disposer des leviers d\u00e9cisifs, alors que la d\u00e9prise d\u00e9mographique devient une r\u00e9alit\u00e9 majeure et durable.<\/p>\n<h2>Mod\u00e8le uniformis\u00e9<\/h2>\n<p>Cette dissociation met en lumi\u00e8re une fracture plus profonde, l\u2019\u00e9cart croissant entre les r\u00e9alit\u00e9s territoriales et l\u2019organisation de l\u2019\u00e9cole. Entre transports longs, d\u00e9clin d\u00e9mographique et absent\u00e9isme professoral, les r\u00e9alit\u00e9s locales divergent. Pourtant, malgr\u00e9 quelques exp\u00e9rimentations dans les territoires ruraux, l\u2019\u00e9cole reste prisonni\u00e8re d\u2019un mod\u00e8le uniformis\u00e9.<\/p>\n<p>Ainsi, la R\u00e9publique accepte la diff\u00e9renciation sociale, \u00e0 travers l\u2019\u00e9ducation prioritaire, mais continue d\u2019ignorer la diff\u00e9renciation organisationnelle, pourtant indispensable pour r\u00e9pondre aux sp\u00e9cificit\u00e9s des territoires. Ce carcan \u00e9touffe l\u2019innovation territoriale. Priv\u00e9e de cap propre, l\u2019action locale devient un simple amortisseur des d\u00e9cisions nationales, alors m\u00eame que le cadre l\u00e9gal permettrait une r\u00e9elle audace.<\/p>\n<p><strong>Il vous reste 47.26% de cet article \u00e0 lire. La suite est r\u00e9serv\u00e9e aux abonn\u00e9s.<\/strong><\/p>\n<\/article>\n","protected":false},"excerpt":{"rendered":"<p>Cette tribune para\u00eet dans . Si vous \u00eates abonn\u00e9 au\u00a0, vous pouvez vous inscrire \u00e0\u00a0cette lettre hebdomadaire\u00a0en suivant ce lien. La qualit\u00e9 d\u2019une \u00e9cole compte parmi les facteurs les plus d\u00e9terminants de la valeur des logements environnants. Pour les communes, l\u2019\u00e9cole ne rel\u00e8ve donc pas seulement de l\u2019acc\u00e8s \u00e0 un service public, elle est devenue<\/p>\n","protected":false},"author":1,"featured_media":0,"comment_status":"open","ping_status":"open","sticky":false,"template":"","format":"standard","meta":{"footnotes":""},"categories":[53],"tags":[],"class_list":["post-322907","post","type-post","status-publish","format-standard","hentry","category-main-news-fr"],"acf":[],"yoast_head":"<!-- This site is optimized with the Yoast SEO plugin v22.9 - https:\/\/yoast.com\/wordpress\/plugins\/seo\/ -->\n<title>Municipales 2026\u00a0: \u00ab\u00a0Une nouvelle \u00e9tape de la d\u00e9centralisation \u00e9ducative s\u2019impose\u00a0\u00bb - vof-news.eu<\/title>\n<meta name=\"description\" content=\"Cette tribune para\u00eet dans . Si vous \u00eates abonn\u00e9 au\u00a0, vous pouvez vous inscrire \u00e0\u00a0cette lettre hebdomadaire\u00a0en suivant ce lien. La qualit\u00e9 d\u2019une \u00e9cole compte parmi les facteurs les plus d\u00e9terminants de la valeur des logements environnants. Pour les communes, l\u2019\u00e9cole ne rel\u00e8ve donc pas seulement de l\u2019acc\u00e8s \u00e0 un service public, elle est devenue un actif territorial majeur, qui p\u00e8se directement sur l\u2019attractivit\u00e9 r\u00e9sidentielle et l\u2019avenir \u00e9conomique des territoires. C\u2019est pr\u00e9cis\u00e9ment pour cette raison que la question \u00e9ducative s\u2019impose comme un enjeu central des prochaines \u00e9lections municipales. Les citoyens le savent, qu\u2019ils soient jeunes parents, grands-parents, actifs ou retrait\u00e9s, l\u2019\u00e9cole de la commune fa\u00e7onne leur quotidien. Ils entendent d\u00e8s lors interroger les choix des \u00e9quipes municipales, qu\u2019ils tiennent en grande partie pour responsables de l\u2019acc\u00e8s \u00e0 une \u00e9ducation de qualit\u00e9. Or, c\u2019est l\u00e0 que se loge une tension d\u00e9mocratique majeure. Si les d\u00e9cisions les plus structurantes \u2013 ouvertures et fermetures de classes, dotations en postes, carte scolaire \u2013 rel\u00e8vent de la responsabilit\u00e9 de l\u2019Etat, ce sont les \u00e9lus locaux qui font face aux attentes et aux col\u00e8res des familles. Les maires se retrouvent ainsi en premi\u00e8re ligne, sans disposer des leviers d\u00e9cisifs, alors que la d\u00e9prise d\u00e9mographique devient une r\u00e9alit\u00e9 majeure et durable. Mod\u00e8le uniformis\u00e9 Cette dissociation met en lumi\u00e8re une fracture plus profonde, l\u2019\u00e9cart croissant entre les r\u00e9alit\u00e9s territoriales et l\u2019organisation de l\u2019\u00e9cole. Entre transports longs, d\u00e9clin d\u00e9mographique et absent\u00e9isme professoral, les r\u00e9alit\u00e9s locales divergent. Pourtant, malgr\u00e9 quelques exp\u00e9rimentations dans les territoires ruraux, l\u2019\u00e9cole reste prisonni\u00e8re d\u2019un mod\u00e8le uniformis\u00e9. Ainsi, la R\u00e9publique accepte la diff\u00e9renciation sociale, \u00e0 travers l\u2019\u00e9ducation prioritaire, mais continue d\u2019ignorer la diff\u00e9renciation organisationnelle, pourtant indispensable pour r\u00e9pondre aux sp\u00e9cificit\u00e9s des territoires. Ce carcan \u00e9touffe l\u2019innovation territoriale. Priv\u00e9e de cap propre, l\u2019action locale devient un simple amortisseur des d\u00e9cisions nationales, alors m\u00eame que le cadre l\u00e9gal permettrait une r\u00e9elle audace. Il vous reste 47.26% de cet article \u00e0 lire. La suite est r\u00e9serv\u00e9e aux abonn\u00e9s.\" \/>\n<meta name=\"robots\" content=\"noindex, follow, max-snippet:-1, max-image-preview:large, max-video-preview:-1\" \/>\n<meta property=\"og:locale\" content=\"fr_FR\" \/>\n<meta property=\"og:type\" content=\"article\" \/>\n<meta property=\"og:title\" content=\"Municipales 2026\u00a0: \u00ab\u00a0Une nouvelle \u00e9tape de la d\u00e9centralisation \u00e9ducative s\u2019impose\u00a0\u00bb - vof-news.eu\" \/>\n<meta property=\"og:description\" content=\"Cette tribune para\u00eet dans . Si vous \u00eates abonn\u00e9 au\u00a0, vous pouvez vous inscrire \u00e0\u00a0cette lettre hebdomadaire\u00a0en suivant ce lien. La qualit\u00e9 d\u2019une \u00e9cole compte parmi les facteurs les plus d\u00e9terminants de la valeur des logements environnants. Pour les communes, l\u2019\u00e9cole ne rel\u00e8ve donc pas seulement de l\u2019acc\u00e8s \u00e0 un service public, elle est devenue un actif territorial majeur, qui p\u00e8se directement sur l\u2019attractivit\u00e9 r\u00e9sidentielle et l\u2019avenir \u00e9conomique des territoires. C\u2019est pr\u00e9cis\u00e9ment pour cette raison que la question \u00e9ducative s\u2019impose comme un enjeu central des prochaines \u00e9lections municipales. Les citoyens le savent, qu\u2019ils soient jeunes parents, grands-parents, actifs ou retrait\u00e9s, l\u2019\u00e9cole de la commune fa\u00e7onne leur quotidien. Ils entendent d\u00e8s lors interroger les choix des \u00e9quipes municipales, qu\u2019ils tiennent en grande partie pour responsables de l\u2019acc\u00e8s \u00e0 une \u00e9ducation de qualit\u00e9. Or, c\u2019est l\u00e0 que se loge une tension d\u00e9mocratique majeure. Si les d\u00e9cisions les plus structurantes \u2013 ouvertures et fermetures de classes, dotations en postes, carte scolaire \u2013 rel\u00e8vent de la responsabilit\u00e9 de l\u2019Etat, ce sont les \u00e9lus locaux qui font face aux attentes et aux col\u00e8res des familles. Les maires se retrouvent ainsi en premi\u00e8re ligne, sans disposer des leviers d\u00e9cisifs, alors que la d\u00e9prise d\u00e9mographique devient une r\u00e9alit\u00e9 majeure et durable. Mod\u00e8le uniformis\u00e9 Cette dissociation met en lumi\u00e8re une fracture plus profonde, l\u2019\u00e9cart croissant entre les r\u00e9alit\u00e9s territoriales et l\u2019organisation de l\u2019\u00e9cole. Entre transports longs, d\u00e9clin d\u00e9mographique et absent\u00e9isme professoral, les r\u00e9alit\u00e9s locales divergent. Pourtant, malgr\u00e9 quelques exp\u00e9rimentations dans les territoires ruraux, l\u2019\u00e9cole reste prisonni\u00e8re d\u2019un mod\u00e8le uniformis\u00e9. Ainsi, la R\u00e9publique accepte la diff\u00e9renciation sociale, \u00e0 travers l\u2019\u00e9ducation prioritaire, mais continue d\u2019ignorer la diff\u00e9renciation organisationnelle, pourtant indispensable pour r\u00e9pondre aux sp\u00e9cificit\u00e9s des territoires. Ce carcan \u00e9touffe l\u2019innovation territoriale. Priv\u00e9e de cap propre, l\u2019action locale devient un simple amortisseur des d\u00e9cisions nationales, alors m\u00eame que le cadre l\u00e9gal permettrait une r\u00e9elle audace. Il vous reste 47.26% de cet article \u00e0 lire. La suite est r\u00e9serv\u00e9e aux abonn\u00e9s.\" \/>\n<meta property=\"og:url\" content=\"https:\/\/vof-news.eu\/fr\/municipales-2026-une-nouvelle-etape-de-la-decentralisation-educative-simpose\/\" \/>\n<meta property=\"og:site_name\" content=\"vof-news.eu\" \/>\n<meta property=\"article:published_time\" content=\"2026-02-03T04:30:18+00:00\" \/>\n<meta property=\"article:modified_time\" content=\"2026-02-03T04:30:48+00:00\" \/>\n<meta name=\"author\" content=\"Author\" \/>\n<meta name=\"twitter:card\" content=\"summary_large_image\" \/>\n<meta name=\"twitter:label1\" content=\"\u00c9crit par\" \/>\n\t<meta name=\"twitter:data1\" content=\"Author\" \/>\n\t<meta name=\"twitter:label2\" content=\"Dur\u00e9e de lecture estim\u00e9e\" \/>\n\t<meta name=\"twitter:data2\" content=\"2 minutes\" \/>\n<script type=\"application\/ld+json\" class=\"yoast-schema-graph\">{\"@context\":\"https:\/\/schema.org\",\"@graph\":[{\"@type\":\"WebPage\",\"@id\":\"https:\/\/vof-news.eu\/fr\/municipales-2026-une-nouvelle-etape-de-la-decentralisation-educative-simpose\/\",\"url\":\"https:\/\/vof-news.eu\/fr\/municipales-2026-une-nouvelle-etape-de-la-decentralisation-educative-simpose\/\",\"name\":\"Municipales 2026\u00a0: \u00ab\u00a0Une nouvelle \u00e9tape de la d\u00e9centralisation \u00e9ducative s\u2019impose\u00a0\u00bb - vof-news.eu\",\"isPartOf\":{\"@id\":\"https:\/\/vof-news.eu\/fr\/#website\"},\"datePublished\":\"2026-02-03T04:30:18+00:00\",\"dateModified\":\"2026-02-03T04:30:48+00:00\",\"author\":{\"@id\":\"https:\/\/vof-news.eu\/fr\/#\/schema\/person\/f6a2a4309f0561835797fd8c19b333ed\"},\"description\":\"Cette tribune para\u00eet dans . Si vous \u00eates abonn\u00e9 au\u00a0, vous pouvez vous inscrire \u00e0\u00a0cette lettre hebdomadaire\u00a0en suivant ce lien. La qualit\u00e9 d\u2019une \u00e9cole compte parmi les facteurs les plus d\u00e9terminants de la valeur des logements environnants. Pour les communes, l\u2019\u00e9cole ne rel\u00e8ve donc pas seulement de l\u2019acc\u00e8s \u00e0 un service public, elle est devenue un actif territorial majeur, qui p\u00e8se directement sur l\u2019attractivit\u00e9 r\u00e9sidentielle et l\u2019avenir \u00e9conomique des territoires. C\u2019est pr\u00e9cis\u00e9ment pour cette raison que la question \u00e9ducative s\u2019impose comme un enjeu central des prochaines \u00e9lections municipales. Les citoyens le savent, qu\u2019ils soient jeunes parents, grands-parents, actifs ou retrait\u00e9s, l\u2019\u00e9cole de la commune fa\u00e7onne leur quotidien. Ils entendent d\u00e8s lors interroger les choix des \u00e9quipes municipales, qu\u2019ils tiennent en grande partie pour responsables de l\u2019acc\u00e8s \u00e0 une \u00e9ducation de qualit\u00e9. Or, c\u2019est l\u00e0 que se loge une tension d\u00e9mocratique majeure. Si les d\u00e9cisions les plus structurantes \u2013 ouvertures et fermetures de classes, dotations en postes, carte scolaire \u2013 rel\u00e8vent de la responsabilit\u00e9 de l\u2019Etat, ce sont les \u00e9lus locaux qui font face aux attentes et aux col\u00e8res des familles. Les maires se retrouvent ainsi en premi\u00e8re ligne, sans disposer des leviers d\u00e9cisifs, alors que la d\u00e9prise d\u00e9mographique devient une r\u00e9alit\u00e9 majeure et durable. Mod\u00e8le uniformis\u00e9 Cette dissociation met en lumi\u00e8re une fracture plus profonde, l\u2019\u00e9cart croissant entre les r\u00e9alit\u00e9s territoriales et l\u2019organisation de l\u2019\u00e9cole. Entre transports longs, d\u00e9clin d\u00e9mographique et absent\u00e9isme professoral, les r\u00e9alit\u00e9s locales divergent. Pourtant, malgr\u00e9 quelques exp\u00e9rimentations dans les territoires ruraux, l\u2019\u00e9cole reste prisonni\u00e8re d\u2019un mod\u00e8le uniformis\u00e9. Ainsi, la R\u00e9publique accepte la diff\u00e9renciation sociale, \u00e0 travers l\u2019\u00e9ducation prioritaire, mais continue d\u2019ignorer la diff\u00e9renciation organisationnelle, pourtant indispensable pour r\u00e9pondre aux sp\u00e9cificit\u00e9s des territoires. Ce carcan \u00e9touffe l\u2019innovation territoriale. Priv\u00e9e de cap propre, l\u2019action locale devient un simple amortisseur des d\u00e9cisions nationales, alors m\u00eame que le cadre l\u00e9gal permettrait une r\u00e9elle audace. Il vous reste 47.26% de cet article \u00e0 lire. La suite est r\u00e9serv\u00e9e aux abonn\u00e9s.\",\"breadcrumb\":{\"@id\":\"https:\/\/vof-news.eu\/fr\/municipales-2026-une-nouvelle-etape-de-la-decentralisation-educative-simpose\/#breadcrumb\"},\"inLanguage\":\"fr-FR\",\"potentialAction\":[{\"@type\":\"ReadAction\",\"target\":[\"https:\/\/vof-news.eu\/fr\/municipales-2026-une-nouvelle-etape-de-la-decentralisation-educative-simpose\/\"]}]},{\"@type\":\"BreadcrumbList\",\"@id\":\"https:\/\/vof-news.eu\/fr\/municipales-2026-une-nouvelle-etape-de-la-decentralisation-educative-simpose\/#breadcrumb\",\"itemListElement\":[{\"@type\":\"ListItem\",\"position\":1,\"name\":\"Home\",\"item\":\"https:\/\/vof-news.eu\/fr\/\"},{\"@type\":\"ListItem\",\"position\":2,\"name\":\"Municipales 2026\u00a0: \u00ab\u00a0Une nouvelle \u00e9tape de la d\u00e9centralisation \u00e9ducative s\u2019impose\u00a0\u00bb\"}]},{\"@type\":\"WebSite\",\"@id\":\"https:\/\/vof-news.eu\/fr\/#website\",\"url\":\"https:\/\/vof-news.eu\/fr\/\",\"name\":\"vof-news.eu\",\"description\":\"\",\"potentialAction\":[{\"@type\":\"SearchAction\",\"target\":{\"@type\":\"EntryPoint\",\"urlTemplate\":\"https:\/\/vof-news.eu\/fr\/?s={search_term_string}\"},\"query-input\":\"required name=search_term_string\"}],\"inLanguage\":\"fr-FR\"},{\"@type\":\"Person\",\"@id\":\"https:\/\/vof-news.eu\/fr\/#\/schema\/person\/f6a2a4309f0561835797fd8c19b333ed\",\"name\":\"Author\",\"image\":{\"@type\":\"ImageObject\",\"inLanguage\":\"fr-FR\",\"@id\":\"https:\/\/vof-news.eu\/fr\/#\/schema\/person\/image\/\",\"url\":\"https:\/\/secure.gravatar.com\/avatar\/b67e614b1b25b3e9c0c239efdd2fde5ab015b5affd6f1c3c85911ca4b384e790?s=96&d=mm&r=g\",\"contentUrl\":\"https:\/\/secure.gravatar.com\/avatar\/b67e614b1b25b3e9c0c239efdd2fde5ab015b5affd6f1c3c85911ca4b384e790?s=96&d=mm&r=g\",\"caption\":\"Author\"},\"sameAs\":[\"http:\/\/vof-news.eu\"],\"url\":\"https:\/\/vof-news.eu\/fr\/author\/zwt6qxnjulxbnyg\/\"}]}<\/script>\n<!-- \/ Yoast SEO plugin. -->","yoast_head_json":{"title":"Municipales 2026\u00a0: \u00ab\u00a0Une nouvelle \u00e9tape de la d\u00e9centralisation \u00e9ducative s\u2019impose\u00a0\u00bb - vof-news.eu","description":"Cette tribune para\u00eet dans . Si vous \u00eates abonn\u00e9 au\u00a0, vous pouvez vous inscrire \u00e0\u00a0cette lettre hebdomadaire\u00a0en suivant ce lien. La qualit\u00e9 d\u2019une \u00e9cole compte parmi les facteurs les plus d\u00e9terminants de la valeur des logements environnants. Pour les communes, l\u2019\u00e9cole ne rel\u00e8ve donc pas seulement de l\u2019acc\u00e8s \u00e0 un service public, elle est devenue un actif territorial majeur, qui p\u00e8se directement sur l\u2019attractivit\u00e9 r\u00e9sidentielle et l\u2019avenir \u00e9conomique des territoires. C\u2019est pr\u00e9cis\u00e9ment pour cette raison que la question \u00e9ducative s\u2019impose comme un enjeu central des prochaines \u00e9lections municipales. Les citoyens le savent, qu\u2019ils soient jeunes parents, grands-parents, actifs ou retrait\u00e9s, l\u2019\u00e9cole de la commune fa\u00e7onne leur quotidien. Ils entendent d\u00e8s lors interroger les choix des \u00e9quipes municipales, qu\u2019ils tiennent en grande partie pour responsables de l\u2019acc\u00e8s \u00e0 une \u00e9ducation de qualit\u00e9. Or, c\u2019est l\u00e0 que se loge une tension d\u00e9mocratique majeure. Si les d\u00e9cisions les plus structurantes \u2013 ouvertures et fermetures de classes, dotations en postes, carte scolaire \u2013 rel\u00e8vent de la responsabilit\u00e9 de l\u2019Etat, ce sont les \u00e9lus locaux qui font face aux attentes et aux col\u00e8res des familles. Les maires se retrouvent ainsi en premi\u00e8re ligne, sans disposer des leviers d\u00e9cisifs, alors que la d\u00e9prise d\u00e9mographique devient une r\u00e9alit\u00e9 majeure et durable. Mod\u00e8le uniformis\u00e9 Cette dissociation met en lumi\u00e8re une fracture plus profonde, l\u2019\u00e9cart croissant entre les r\u00e9alit\u00e9s territoriales et l\u2019organisation de l\u2019\u00e9cole. Entre transports longs, d\u00e9clin d\u00e9mographique et absent\u00e9isme professoral, les r\u00e9alit\u00e9s locales divergent. Pourtant, malgr\u00e9 quelques exp\u00e9rimentations dans les territoires ruraux, l\u2019\u00e9cole reste prisonni\u00e8re d\u2019un mod\u00e8le uniformis\u00e9. Ainsi, la R\u00e9publique accepte la diff\u00e9renciation sociale, \u00e0 travers l\u2019\u00e9ducation prioritaire, mais continue d\u2019ignorer la diff\u00e9renciation organisationnelle, pourtant indispensable pour r\u00e9pondre aux sp\u00e9cificit\u00e9s des territoires. Ce carcan \u00e9touffe l\u2019innovation territoriale. Priv\u00e9e de cap propre, l\u2019action locale devient un simple amortisseur des d\u00e9cisions nationales, alors m\u00eame que le cadre l\u00e9gal permettrait une r\u00e9elle audace. Il vous reste 47.26% de cet article \u00e0 lire. La suite est r\u00e9serv\u00e9e aux abonn\u00e9s.","robots":{"index":"noindex","follow":"follow","max-snippet":"max-snippet:-1","max-image-preview":"max-image-preview:large","max-video-preview":"max-video-preview:-1"},"og_locale":"fr_FR","og_type":"article","og_title":"Municipales 2026\u00a0: \u00ab\u00a0Une nouvelle \u00e9tape de la d\u00e9centralisation \u00e9ducative s\u2019impose\u00a0\u00bb - vof-news.eu","og_description":"Cette tribune para\u00eet dans . Si vous \u00eates abonn\u00e9 au\u00a0, vous pouvez vous inscrire \u00e0\u00a0cette lettre hebdomadaire\u00a0en suivant ce lien. La qualit\u00e9 d\u2019une \u00e9cole compte parmi les facteurs les plus d\u00e9terminants de la valeur des logements environnants. Pour les communes, l\u2019\u00e9cole ne rel\u00e8ve donc pas seulement de l\u2019acc\u00e8s \u00e0 un service public, elle est devenue un actif territorial majeur, qui p\u00e8se directement sur l\u2019attractivit\u00e9 r\u00e9sidentielle et l\u2019avenir \u00e9conomique des territoires. C\u2019est pr\u00e9cis\u00e9ment pour cette raison que la question \u00e9ducative s\u2019impose comme un enjeu central des prochaines \u00e9lections municipales. Les citoyens le savent, qu\u2019ils soient jeunes parents, grands-parents, actifs ou retrait\u00e9s, l\u2019\u00e9cole de la commune fa\u00e7onne leur quotidien. Ils entendent d\u00e8s lors interroger les choix des \u00e9quipes municipales, qu\u2019ils tiennent en grande partie pour responsables de l\u2019acc\u00e8s \u00e0 une \u00e9ducation de qualit\u00e9. Or, c\u2019est l\u00e0 que se loge une tension d\u00e9mocratique majeure. Si les d\u00e9cisions les plus structurantes \u2013 ouvertures et fermetures de classes, dotations en postes, carte scolaire \u2013 rel\u00e8vent de la responsabilit\u00e9 de l\u2019Etat, ce sont les \u00e9lus locaux qui font face aux attentes et aux col\u00e8res des familles. Les maires se retrouvent ainsi en premi\u00e8re ligne, sans disposer des leviers d\u00e9cisifs, alors que la d\u00e9prise d\u00e9mographique devient une r\u00e9alit\u00e9 majeure et durable. Mod\u00e8le uniformis\u00e9 Cette dissociation met en lumi\u00e8re une fracture plus profonde, l\u2019\u00e9cart croissant entre les r\u00e9alit\u00e9s territoriales et l\u2019organisation de l\u2019\u00e9cole. Entre transports longs, d\u00e9clin d\u00e9mographique et absent\u00e9isme professoral, les r\u00e9alit\u00e9s locales divergent. Pourtant, malgr\u00e9 quelques exp\u00e9rimentations dans les territoires ruraux, l\u2019\u00e9cole reste prisonni\u00e8re d\u2019un mod\u00e8le uniformis\u00e9. Ainsi, la R\u00e9publique accepte la diff\u00e9renciation sociale, \u00e0 travers l\u2019\u00e9ducation prioritaire, mais continue d\u2019ignorer la diff\u00e9renciation organisationnelle, pourtant indispensable pour r\u00e9pondre aux sp\u00e9cificit\u00e9s des territoires. Ce carcan \u00e9touffe l\u2019innovation territoriale. Priv\u00e9e de cap propre, l\u2019action locale devient un simple amortisseur des d\u00e9cisions nationales, alors m\u00eame que le cadre l\u00e9gal permettrait une r\u00e9elle audace. Il vous reste 47.26% de cet article \u00e0 lire. La suite est r\u00e9serv\u00e9e aux abonn\u00e9s.","og_url":"https:\/\/vof-news.eu\/fr\/municipales-2026-une-nouvelle-etape-de-la-decentralisation-educative-simpose\/","og_site_name":"vof-news.eu","article_published_time":"2026-02-03T04:30:18+00:00","article_modified_time":"2026-02-03T04:30:48+00:00","author":"Author","twitter_card":"summary_large_image","twitter_misc":{"\u00c9crit par":"Author","Dur\u00e9e de lecture estim\u00e9e":"2 minutes"},"schema":{"@context":"https:\/\/schema.org","@graph":[{"@type":"WebPage","@id":"https:\/\/vof-news.eu\/fr\/municipales-2026-une-nouvelle-etape-de-la-decentralisation-educative-simpose\/","url":"https:\/\/vof-news.eu\/fr\/municipales-2026-une-nouvelle-etape-de-la-decentralisation-educative-simpose\/","name":"Municipales 2026\u00a0: \u00ab\u00a0Une nouvelle \u00e9tape de la d\u00e9centralisation \u00e9ducative s\u2019impose\u00a0\u00bb - vof-news.eu","isPartOf":{"@id":"https:\/\/vof-news.eu\/fr\/#website"},"datePublished":"2026-02-03T04:30:18+00:00","dateModified":"2026-02-03T04:30:48+00:00","author":{"@id":"https:\/\/vof-news.eu\/fr\/#\/schema\/person\/f6a2a4309f0561835797fd8c19b333ed"},"description":"Cette tribune para\u00eet dans . Si vous \u00eates abonn\u00e9 au\u00a0, vous pouvez vous inscrire \u00e0\u00a0cette lettre hebdomadaire\u00a0en suivant ce lien. La qualit\u00e9 d\u2019une \u00e9cole compte parmi les facteurs les plus d\u00e9terminants de la valeur des logements environnants. Pour les communes, l\u2019\u00e9cole ne rel\u00e8ve donc pas seulement de l\u2019acc\u00e8s \u00e0 un service public, elle est devenue un actif territorial majeur, qui p\u00e8se directement sur l\u2019attractivit\u00e9 r\u00e9sidentielle et l\u2019avenir \u00e9conomique des territoires. C\u2019est pr\u00e9cis\u00e9ment pour cette raison que la question \u00e9ducative s\u2019impose comme un enjeu central des prochaines \u00e9lections municipales. Les citoyens le savent, qu\u2019ils soient jeunes parents, grands-parents, actifs ou retrait\u00e9s, l\u2019\u00e9cole de la commune fa\u00e7onne leur quotidien. Ils entendent d\u00e8s lors interroger les choix des \u00e9quipes municipales, qu\u2019ils tiennent en grande partie pour responsables de l\u2019acc\u00e8s \u00e0 une \u00e9ducation de qualit\u00e9. Or, c\u2019est l\u00e0 que se loge une tension d\u00e9mocratique majeure. Si les d\u00e9cisions les plus structurantes \u2013 ouvertures et fermetures de classes, dotations en postes, carte scolaire \u2013 rel\u00e8vent de la responsabilit\u00e9 de l\u2019Etat, ce sont les \u00e9lus locaux qui font face aux attentes et aux col\u00e8res des familles. Les maires se retrouvent ainsi en premi\u00e8re ligne, sans disposer des leviers d\u00e9cisifs, alors que la d\u00e9prise d\u00e9mographique devient une r\u00e9alit\u00e9 majeure et durable. Mod\u00e8le uniformis\u00e9 Cette dissociation met en lumi\u00e8re une fracture plus profonde, l\u2019\u00e9cart croissant entre les r\u00e9alit\u00e9s territoriales et l\u2019organisation de l\u2019\u00e9cole. Entre transports longs, d\u00e9clin d\u00e9mographique et absent\u00e9isme professoral, les r\u00e9alit\u00e9s locales divergent. Pourtant, malgr\u00e9 quelques exp\u00e9rimentations dans les territoires ruraux, l\u2019\u00e9cole reste prisonni\u00e8re d\u2019un mod\u00e8le uniformis\u00e9. Ainsi, la R\u00e9publique accepte la diff\u00e9renciation sociale, \u00e0 travers l\u2019\u00e9ducation prioritaire, mais continue d\u2019ignorer la diff\u00e9renciation organisationnelle, pourtant indispensable pour r\u00e9pondre aux sp\u00e9cificit\u00e9s des territoires. Ce carcan \u00e9touffe l\u2019innovation territoriale. Priv\u00e9e de cap propre, l\u2019action locale devient un simple amortisseur des d\u00e9cisions nationales, alors m\u00eame que le cadre l\u00e9gal permettrait une r\u00e9elle audace. Il vous reste 47.26% de cet article \u00e0 lire. La suite est r\u00e9serv\u00e9e aux abonn\u00e9s.","breadcrumb":{"@id":"https:\/\/vof-news.eu\/fr\/municipales-2026-une-nouvelle-etape-de-la-decentralisation-educative-simpose\/#breadcrumb"},"inLanguage":"fr-FR","potentialAction":[{"@type":"ReadAction","target":["https:\/\/vof-news.eu\/fr\/municipales-2026-une-nouvelle-etape-de-la-decentralisation-educative-simpose\/"]}]},{"@type":"BreadcrumbList","@id":"https:\/\/vof-news.eu\/fr\/municipales-2026-une-nouvelle-etape-de-la-decentralisation-educative-simpose\/#breadcrumb","itemListElement":[{"@type":"ListItem","position":1,"name":"Home","item":"https:\/\/vof-news.eu\/fr\/"},{"@type":"ListItem","position":2,"name":"Municipales 2026\u00a0: \u00ab\u00a0Une nouvelle \u00e9tape de la d\u00e9centralisation \u00e9ducative s\u2019impose\u00a0\u00bb"}]},{"@type":"WebSite","@id":"https:\/\/vof-news.eu\/fr\/#website","url":"https:\/\/vof-news.eu\/fr\/","name":"vof-news.eu","description":"","potentialAction":[{"@type":"SearchAction","target":{"@type":"EntryPoint","urlTemplate":"https:\/\/vof-news.eu\/fr\/?s={search_term_string}"},"query-input":"required name=search_term_string"}],"inLanguage":"fr-FR"},{"@type":"Person","@id":"https:\/\/vof-news.eu\/fr\/#\/schema\/person\/f6a2a4309f0561835797fd8c19b333ed","name":"Author","image":{"@type":"ImageObject","inLanguage":"fr-FR","@id":"https:\/\/vof-news.eu\/fr\/#\/schema\/person\/image\/","url":"https:\/\/secure.gravatar.com\/avatar\/b67e614b1b25b3e9c0c239efdd2fde5ab015b5affd6f1c3c85911ca4b384e790?s=96&d=mm&r=g","contentUrl":"https:\/\/secure.gravatar.com\/avatar\/b67e614b1b25b3e9c0c239efdd2fde5ab015b5affd6f1c3c85911ca4b384e790?s=96&d=mm&r=g","caption":"Author"},"sameAs":["http:\/\/vof-news.eu"],"url":"https:\/\/vof-news.eu\/fr\/author\/zwt6qxnjulxbnyg\/"}]}},"yoast_meta":{"yoast_wpseo_title":"","yoast_wpseo_metadesc":"","yoast_wpseo_canonical":""},"_links":{"self":[{"href":"https:\/\/vof-news.eu\/fr\/wp-json\/wp\/v2\/posts\/322907","targetHints":{"allow":["GET"]}}],"collection":[{"href":"https:\/\/vof-news.eu\/fr\/wp-json\/wp\/v2\/posts"}],"about":[{"href":"https:\/\/vof-news.eu\/fr\/wp-json\/wp\/v2\/types\/post"}],"author":[{"embeddable":true,"href":"https:\/\/vof-news.eu\/fr\/wp-json\/wp\/v2\/users\/1"}],"replies":[{"embeddable":true,"href":"https:\/\/vof-news.eu\/fr\/wp-json\/wp\/v2\/comments?post=322907"}],"version-history":[{"count":1,"href":"https:\/\/vof-news.eu\/fr\/wp-json\/wp\/v2\/posts\/322907\/revisions"}],"predecessor-version":[{"id":322908,"href":"https:\/\/vof-news.eu\/fr\/wp-json\/wp\/v2\/posts\/322907\/revisions\/322908"}],"wp:attachment":[{"href":"https:\/\/vof-news.eu\/fr\/wp-json\/wp\/v2\/media?parent=322907"}],"wp:term":[{"taxonomy":"category","embeddable":true,"href":"https:\/\/vof-news.eu\/fr\/wp-json\/wp\/v2\/categories?post=322907"},{"taxonomy":"post_tag","embeddable":true,"href":"https:\/\/vof-news.eu\/fr\/wp-json\/wp\/v2\/tags?post=322907"}],"curies":[{"name":"wp","href":"https:\/\/api.w.org\/{rel}","templated":true}]}}