{"id":322253,"date":"2026-01-31T17:30:23","date_gmt":"2026-01-31T14:30:23","guid":{"rendered":"https:\/\/vof-news.eu\/la-baisse-des-naissances-va-amplifier-la-pression-fiscale-et-sociale-sur-les-actifs-a-defaut-de-penser-des-recettes-alternatives\/"},"modified":"2026-01-31T17:31:00","modified_gmt":"2026-01-31T14:31:00","slug":"la-baisse-des-naissances-va-amplifier-la-pression-fiscale-et-sociale-sur-les-actifs-a-defaut-de-penser-des-recettes-alternatives","status":"publish","type":"post","link":"https:\/\/vof-news.eu\/fr\/la-baisse-des-naissances-va-amplifier-la-pression-fiscale-et-sociale-sur-les-actifs-a-defaut-de-penser-des-recettes-alternatives\/","title":{"rendered":"\u00ab\u00a0La baisse des naissances va amplifier la pression fiscale et sociale sur les actifs, \u00e0 d\u00e9faut de penser des recettes alternatives\u00a0\u00bb"},"content":{"rendered":"<article>\n<p><span>E<\/span>n\u00a02025, la France a compt\u00e9 pour la premi\u00e8re fois depuis 1945 <a href=\"https:\/\/www.insee.fr\/fr\/statistiques\/8719824\" rel=\"nofollow\">moins de naissances que de d\u00e9c\u00e8s<\/a>, sous l\u2019effet d\u2019une chute de la natalit\u00e9. Le basculement vers un solde naturel n\u00e9gatif a lieu dix\u00a0ans plus t\u00f4t que ce qui \u00e9tait pr\u00e9vu par les derni\u00e8res projections de l\u2019Insee datant de\u2026 2021. La population cro\u00eet encore, du fait du solde migratoire positif, mais, d\u2019apr\u00e8s <a href=\"https:\/\/www.ined.fr\/fr\/publications\/editions\/population-et-societes\/population-de-la-France-va-t-elle-diminuer\/\" rel=\"nofollow\">les projections de l\u2019INED<\/a>  actualis\u00e9es en\u00a02025, elle pourrait baisser apr\u00e8s 2040. La France se dirige vers une attrition d\u00e9mographique qui soul\u00e8ve d\u2019importants d\u00e9fis macro\u00e9conomiques et soci\u00e9taux.<\/p>\n<p>A court terme, la baisse de la natalit\u00e9 n\u2019est pas forc\u00e9ment une mauvaise nouvelle. Cela fait au fond moins de bouches \u00e0 nourrir, au moment o\u00f9 le pays doit mobiliser des ressources pour se d\u00e9sendetter, se r\u00e9armer et se d\u00e9carboner. La baisse d\u2019un quart des naissances depuis 2010 va all\u00e9ger la pression sur nos services publics, \u00e0 commencer par les \u00e9coles.<\/p>\n<p>Mais ne nous y trompons pas\u00a0: moins de naissances aujourd\u2019hui, c\u2019est moins de bras demain. Or la production de richesses d\u00e9pend de la quantit\u00e9 de travail, c\u2019est-\u00e0-dire du nombre total d\u2019heures travaill\u00e9es. Cette circonstance est d\u2019autant plus cruciale que le vieillissement de la population induit une hausse de la demande de services (sant\u00e9, soins personnels\u2026) intensifs en main-d\u2019\u0153uvre, au moment pr\u00e9cis o\u00f9 celle-ci se trouve progressivement amput\u00e9e par le d\u00e9part \u00e0 la retraite des g\u00e9n\u00e9rations aujourd\u2019hui les plus nombreuses.<\/p>\n<section>   <\/section>\n<p>Avec la part des plus de 65\u00a0ans qui devrait passer de 22\u00a0% en\u00a02025 \u00e0 29\u00a0% en\u00a02070, la d\u00e9pense publique s\u2019alourdirait de 4 points de PIB <a href=\"https:\/\/www.ccomptes.fr\/fr\/publications\/demographie-et-finances-publiques\" rel=\"nofollow\">d\u2019apr\u00e8s la Cour des comptes<\/a>, du fait des d\u00e9penses de retraites et de maladie, et ce malgr\u00e9 les \u00e9conomies induites par la baisse des naissances. La pression fiscale et sociale s\u2019exer\u00e7ant sur les actifs va s\u2019amplifier, \u00e0 d\u00e9faut de penser des recettes alternatives.<\/p>\n<h2><strong>Cr\u00e9er plus d\u2019emplois<\/strong><\/h2>\n<p><strong>Il vous reste 67.97% de cet article \u00e0 lire. La suite est r\u00e9serv\u00e9e aux abonn\u00e9s.<\/strong><\/p>\n<\/article>\n","protected":false},"excerpt":{"rendered":"<p>En\u00a02025, la France a compt\u00e9 pour la premi\u00e8re fois depuis 1945 moins de naissances que de d\u00e9c\u00e8s, sous l\u2019effet d\u2019une chute de la natalit\u00e9. Le basculement vers un solde naturel n\u00e9gatif a lieu dix\u00a0ans plus t\u00f4t que ce qui \u00e9tait pr\u00e9vu par les derni\u00e8res projections de l\u2019Insee datant de\u2026 2021. La population cro\u00eet encore, du<\/p>\n","protected":false},"author":1,"featured_media":0,"comment_status":"open","ping_status":"open","sticky":false,"template":"","format":"standard","meta":{"footnotes":""},"categories":[58],"tags":[],"class_list":["post-322253","post","type-post","status-publish","format-standard","hentry","category-business-fr"],"acf":[],"yoast_head":"<!-- This site is optimized with the Yoast SEO plugin v22.9 - https:\/\/yoast.com\/wordpress\/plugins\/seo\/ -->\n<title>\u00ab\u00a0La baisse des naissances va amplifier la pression fiscale et sociale sur les actifs, \u00e0 d\u00e9faut de penser des recettes alternatives\u00a0\u00bb - vof-news.eu<\/title>\n<meta name=\"description\" content=\"En\u00a02025, la France a compt\u00e9 pour la premi\u00e8re fois depuis 1945 moins de naissances que de d\u00e9c\u00e8s, sous l\u2019effet d\u2019une chute de la natalit\u00e9. Le basculement vers un solde naturel n\u00e9gatif a lieu dix\u00a0ans plus t\u00f4t que ce qui \u00e9tait pr\u00e9vu par les derni\u00e8res projections de l\u2019Insee datant de\u2026 2021. La population cro\u00eet encore, du fait du solde migratoire positif, mais, d\u2019apr\u00e8s les projections de l\u2019INED actualis\u00e9es en\u00a02025, elle pourrait baisser apr\u00e8s 2040. La France se dirige vers une attrition d\u00e9mographique qui soul\u00e8ve d\u2019importants d\u00e9fis macro\u00e9conomiques et soci\u00e9taux. A court terme, la baisse de la natalit\u00e9 n\u2019est pas forc\u00e9ment une mauvaise nouvelle. Cela fait au fond moins de bouches \u00e0 nourrir, au moment o\u00f9 le pays doit mobiliser des ressources pour se d\u00e9sendetter, se r\u00e9armer et se d\u00e9carboner. La baisse d\u2019un quart des naissances depuis 2010 va all\u00e9ger la pression sur nos services publics, \u00e0 commencer par les \u00e9coles. Mais ne nous y trompons pas\u00a0: moins de naissances aujourd\u2019hui, c\u2019est moins de bras demain. Or la production de richesses d\u00e9pend de la quantit\u00e9 de travail, c\u2019est-\u00e0-dire du nombre total d\u2019heures travaill\u00e9es. Cette circonstance est d\u2019autant plus cruciale que le vieillissement de la population induit une hausse de la demande de services (sant\u00e9, soins personnels\u2026) intensifs en main-d\u2019\u0153uvre, au moment pr\u00e9cis o\u00f9 celle-ci se trouve progressivement amput\u00e9e par le d\u00e9part \u00e0 la retraite des g\u00e9n\u00e9rations aujourd\u2019hui les plus nombreuses.   Avec la part des plus de 65\u00a0ans qui devrait passer de 22\u00a0% en\u00a02025 \u00e0 29\u00a0% en\u00a02070, la d\u00e9pense publique s\u2019alourdirait de 4 points de PIB d\u2019apr\u00e8s la Cour des comptes, du fait des d\u00e9penses de retraites et de maladie, et ce malgr\u00e9 les \u00e9conomies induites par la baisse des naissances. La pression fiscale et sociale s\u2019exer\u00e7ant sur les actifs va s\u2019amplifier, \u00e0 d\u00e9faut de penser des recettes alternatives. Cr\u00e9er plus d\u2019emplois Il vous reste 67.97% de cet article \u00e0 lire. La suite est r\u00e9serv\u00e9e aux abonn\u00e9s.\" \/>\n<meta name=\"robots\" content=\"noindex, follow, max-snippet:-1, max-image-preview:large, max-video-preview:-1\" \/>\n<meta property=\"og:locale\" content=\"fr_FR\" \/>\n<meta property=\"og:type\" content=\"article\" \/>\n<meta property=\"og:title\" content=\"\u00ab\u00a0La baisse des naissances va amplifier la pression fiscale et sociale sur les actifs, \u00e0 d\u00e9faut de penser des recettes alternatives\u00a0\u00bb - vof-news.eu\" \/>\n<meta property=\"og:description\" content=\"En\u00a02025, la France a compt\u00e9 pour la premi\u00e8re fois depuis 1945 moins de naissances que de d\u00e9c\u00e8s, sous l\u2019effet d\u2019une chute de la natalit\u00e9. Le basculement vers un solde naturel n\u00e9gatif a lieu dix\u00a0ans plus t\u00f4t que ce qui \u00e9tait pr\u00e9vu par les derni\u00e8res projections de l\u2019Insee datant de\u2026 2021. La population cro\u00eet encore, du fait du solde migratoire positif, mais, d\u2019apr\u00e8s les projections de l\u2019INED actualis\u00e9es en\u00a02025, elle pourrait baisser apr\u00e8s 2040. La France se dirige vers une attrition d\u00e9mographique qui soul\u00e8ve d\u2019importants d\u00e9fis macro\u00e9conomiques et soci\u00e9taux. A court terme, la baisse de la natalit\u00e9 n\u2019est pas forc\u00e9ment une mauvaise nouvelle. Cela fait au fond moins de bouches \u00e0 nourrir, au moment o\u00f9 le pays doit mobiliser des ressources pour se d\u00e9sendetter, se r\u00e9armer et se d\u00e9carboner. La baisse d\u2019un quart des naissances depuis 2010 va all\u00e9ger la pression sur nos services publics, \u00e0 commencer par les \u00e9coles. Mais ne nous y trompons pas\u00a0: moins de naissances aujourd\u2019hui, c\u2019est moins de bras demain. Or la production de richesses d\u00e9pend de la quantit\u00e9 de travail, c\u2019est-\u00e0-dire du nombre total d\u2019heures travaill\u00e9es. Cette circonstance est d\u2019autant plus cruciale que le vieillissement de la population induit une hausse de la demande de services (sant\u00e9, soins personnels\u2026) intensifs en main-d\u2019\u0153uvre, au moment pr\u00e9cis o\u00f9 celle-ci se trouve progressivement amput\u00e9e par le d\u00e9part \u00e0 la retraite des g\u00e9n\u00e9rations aujourd\u2019hui les plus nombreuses.   Avec la part des plus de 65\u00a0ans qui devrait passer de 22\u00a0% en\u00a02025 \u00e0 29\u00a0% en\u00a02070, la d\u00e9pense publique s\u2019alourdirait de 4 points de PIB d\u2019apr\u00e8s la Cour des comptes, du fait des d\u00e9penses de retraites et de maladie, et ce malgr\u00e9 les \u00e9conomies induites par la baisse des naissances. La pression fiscale et sociale s\u2019exer\u00e7ant sur les actifs va s\u2019amplifier, \u00e0 d\u00e9faut de penser des recettes alternatives. Cr\u00e9er plus d\u2019emplois Il vous reste 67.97% de cet article \u00e0 lire. La suite est r\u00e9serv\u00e9e aux abonn\u00e9s.\" \/>\n<meta property=\"og:url\" content=\"https:\/\/vof-news.eu\/fr\/la-baisse-des-naissances-va-amplifier-la-pression-fiscale-et-sociale-sur-les-actifs-a-defaut-de-penser-des-recettes-alternatives\/\" \/>\n<meta property=\"og:site_name\" content=\"vof-news.eu\" \/>\n<meta property=\"article:published_time\" content=\"2026-01-31T14:30:23+00:00\" \/>\n<meta property=\"article:modified_time\" content=\"2026-01-31T14:31:00+00:00\" \/>\n<meta name=\"author\" content=\"Author\" \/>\n<meta name=\"twitter:card\" content=\"summary_large_image\" \/>\n<meta name=\"twitter:label1\" content=\"\u00c9crit par\" \/>\n\t<meta name=\"twitter:data1\" content=\"Author\" \/>\n\t<meta name=\"twitter:label2\" content=\"Dur\u00e9e de lecture estim\u00e9e\" \/>\n\t<meta name=\"twitter:data2\" content=\"2 minutes\" \/>\n<script type=\"application\/ld+json\" class=\"yoast-schema-graph\">{\"@context\":\"https:\/\/schema.org\",\"@graph\":[{\"@type\":\"WebPage\",\"@id\":\"https:\/\/vof-news.eu\/fr\/la-baisse-des-naissances-va-amplifier-la-pression-fiscale-et-sociale-sur-les-actifs-a-defaut-de-penser-des-recettes-alternatives\/\",\"url\":\"https:\/\/vof-news.eu\/fr\/la-baisse-des-naissances-va-amplifier-la-pression-fiscale-et-sociale-sur-les-actifs-a-defaut-de-penser-des-recettes-alternatives\/\",\"name\":\"\u00ab\u00a0La baisse des naissances va amplifier la pression fiscale et sociale sur les actifs, \u00e0 d\u00e9faut de penser des recettes alternatives\u00a0\u00bb - vof-news.eu\",\"isPartOf\":{\"@id\":\"https:\/\/vof-news.eu\/fr\/#website\"},\"datePublished\":\"2026-01-31T14:30:23+00:00\",\"dateModified\":\"2026-01-31T14:31:00+00:00\",\"author\":{\"@id\":\"https:\/\/vof-news.eu\/fr\/#\/schema\/person\/f6a2a4309f0561835797fd8c19b333ed\"},\"description\":\"En\u00a02025, la France a compt\u00e9 pour la premi\u00e8re fois depuis 1945 moins de naissances que de d\u00e9c\u00e8s, sous l\u2019effet d\u2019une chute de la natalit\u00e9. Le basculement vers un solde naturel n\u00e9gatif a lieu dix\u00a0ans plus t\u00f4t que ce qui \u00e9tait pr\u00e9vu par les derni\u00e8res projections de l\u2019Insee datant de\u2026 2021. La population cro\u00eet encore, du fait du solde migratoire positif, mais, d\u2019apr\u00e8s les projections de l\u2019INED actualis\u00e9es en\u00a02025, elle pourrait baisser apr\u00e8s 2040. La France se dirige vers une attrition d\u00e9mographique qui soul\u00e8ve d\u2019importants d\u00e9fis macro\u00e9conomiques et soci\u00e9taux. A court terme, la baisse de la natalit\u00e9 n\u2019est pas forc\u00e9ment une mauvaise nouvelle. Cela fait au fond moins de bouches \u00e0 nourrir, au moment o\u00f9 le pays doit mobiliser des ressources pour se d\u00e9sendetter, se r\u00e9armer et se d\u00e9carboner. La baisse d\u2019un quart des naissances depuis 2010 va all\u00e9ger la pression sur nos services publics, \u00e0 commencer par les \u00e9coles. Mais ne nous y trompons pas\u00a0: moins de naissances aujourd\u2019hui, c\u2019est moins de bras demain. Or la production de richesses d\u00e9pend de la quantit\u00e9 de travail, c\u2019est-\u00e0-dire du nombre total d\u2019heures travaill\u00e9es. Cette circonstance est d\u2019autant plus cruciale que le vieillissement de la population induit une hausse de la demande de services (sant\u00e9, soins personnels\u2026) intensifs en main-d\u2019\u0153uvre, au moment pr\u00e9cis o\u00f9 celle-ci se trouve progressivement amput\u00e9e par le d\u00e9part \u00e0 la retraite des g\u00e9n\u00e9rations aujourd\u2019hui les plus nombreuses. Avec la part des plus de 65\u00a0ans qui devrait passer de 22\u00a0% en\u00a02025 \u00e0 29\u00a0% en\u00a02070, la d\u00e9pense publique s\u2019alourdirait de 4 points de PIB d\u2019apr\u00e8s la Cour des comptes, du fait des d\u00e9penses de retraites et de maladie, et ce malgr\u00e9 les \u00e9conomies induites par la baisse des naissances. La pression fiscale et sociale s\u2019exer\u00e7ant sur les actifs va s\u2019amplifier, \u00e0 d\u00e9faut de penser des recettes alternatives. Cr\u00e9er plus d\u2019emplois Il vous reste 67.97% de cet article \u00e0 lire. La suite est r\u00e9serv\u00e9e aux abonn\u00e9s.\",\"breadcrumb\":{\"@id\":\"https:\/\/vof-news.eu\/fr\/la-baisse-des-naissances-va-amplifier-la-pression-fiscale-et-sociale-sur-les-actifs-a-defaut-de-penser-des-recettes-alternatives\/#breadcrumb\"},\"inLanguage\":\"fr-FR\",\"potentialAction\":[{\"@type\":\"ReadAction\",\"target\":[\"https:\/\/vof-news.eu\/fr\/la-baisse-des-naissances-va-amplifier-la-pression-fiscale-et-sociale-sur-les-actifs-a-defaut-de-penser-des-recettes-alternatives\/\"]}]},{\"@type\":\"BreadcrumbList\",\"@id\":\"https:\/\/vof-news.eu\/fr\/la-baisse-des-naissances-va-amplifier-la-pression-fiscale-et-sociale-sur-les-actifs-a-defaut-de-penser-des-recettes-alternatives\/#breadcrumb\",\"itemListElement\":[{\"@type\":\"ListItem\",\"position\":1,\"name\":\"Home\",\"item\":\"https:\/\/vof-news.eu\/fr\/\"},{\"@type\":\"ListItem\",\"position\":2,\"name\":\"\u00ab\u00a0La baisse des naissances va amplifier la pression fiscale et sociale sur les actifs, \u00e0 d\u00e9faut de penser des recettes alternatives\u00a0\u00bb\"}]},{\"@type\":\"WebSite\",\"@id\":\"https:\/\/vof-news.eu\/fr\/#website\",\"url\":\"https:\/\/vof-news.eu\/fr\/\",\"name\":\"vof-news.eu\",\"description\":\"\",\"potentialAction\":[{\"@type\":\"SearchAction\",\"target\":{\"@type\":\"EntryPoint\",\"urlTemplate\":\"https:\/\/vof-news.eu\/fr\/?s={search_term_string}\"},\"query-input\":\"required name=search_term_string\"}],\"inLanguage\":\"fr-FR\"},{\"@type\":\"Person\",\"@id\":\"https:\/\/vof-news.eu\/fr\/#\/schema\/person\/f6a2a4309f0561835797fd8c19b333ed\",\"name\":\"Author\",\"image\":{\"@type\":\"ImageObject\",\"inLanguage\":\"fr-FR\",\"@id\":\"https:\/\/vof-news.eu\/fr\/#\/schema\/person\/image\/\",\"url\":\"https:\/\/secure.gravatar.com\/avatar\/b67e614b1b25b3e9c0c239efdd2fde5ab015b5affd6f1c3c85911ca4b384e790?s=96&d=mm&r=g\",\"contentUrl\":\"https:\/\/secure.gravatar.com\/avatar\/b67e614b1b25b3e9c0c239efdd2fde5ab015b5affd6f1c3c85911ca4b384e790?s=96&d=mm&r=g\",\"caption\":\"Author\"},\"sameAs\":[\"http:\/\/vof-news.eu\"],\"url\":\"https:\/\/vof-news.eu\/fr\/author\/zwt6qxnjulxbnyg\/\"}]}<\/script>\n<!-- \/ Yoast SEO plugin. -->","yoast_head_json":{"title":"\u00ab\u00a0La baisse des naissances va amplifier la pression fiscale et sociale sur les actifs, \u00e0 d\u00e9faut de penser des recettes alternatives\u00a0\u00bb - vof-news.eu","description":"En\u00a02025, la France a compt\u00e9 pour la premi\u00e8re fois depuis 1945 moins de naissances que de d\u00e9c\u00e8s, sous l\u2019effet d\u2019une chute de la natalit\u00e9. Le basculement vers un solde naturel n\u00e9gatif a lieu dix\u00a0ans plus t\u00f4t que ce qui \u00e9tait pr\u00e9vu par les derni\u00e8res projections de l\u2019Insee datant de\u2026 2021. La population cro\u00eet encore, du fait du solde migratoire positif, mais, d\u2019apr\u00e8s les projections de l\u2019INED actualis\u00e9es en\u00a02025, elle pourrait baisser apr\u00e8s 2040. La France se dirige vers une attrition d\u00e9mographique qui soul\u00e8ve d\u2019importants d\u00e9fis macro\u00e9conomiques et soci\u00e9taux. A court terme, la baisse de la natalit\u00e9 n\u2019est pas forc\u00e9ment une mauvaise nouvelle. Cela fait au fond moins de bouches \u00e0 nourrir, au moment o\u00f9 le pays doit mobiliser des ressources pour se d\u00e9sendetter, se r\u00e9armer et se d\u00e9carboner. La baisse d\u2019un quart des naissances depuis 2010 va all\u00e9ger la pression sur nos services publics, \u00e0 commencer par les \u00e9coles. Mais ne nous y trompons pas\u00a0: moins de naissances aujourd\u2019hui, c\u2019est moins de bras demain. Or la production de richesses d\u00e9pend de la quantit\u00e9 de travail, c\u2019est-\u00e0-dire du nombre total d\u2019heures travaill\u00e9es. Cette circonstance est d\u2019autant plus cruciale que le vieillissement de la population induit une hausse de la demande de services (sant\u00e9, soins personnels\u2026) intensifs en main-d\u2019\u0153uvre, au moment pr\u00e9cis o\u00f9 celle-ci se trouve progressivement amput\u00e9e par le d\u00e9part \u00e0 la retraite des g\u00e9n\u00e9rations aujourd\u2019hui les plus nombreuses.   Avec la part des plus de 65\u00a0ans qui devrait passer de 22\u00a0% en\u00a02025 \u00e0 29\u00a0% en\u00a02070, la d\u00e9pense publique s\u2019alourdirait de 4 points de PIB d\u2019apr\u00e8s la Cour des comptes, du fait des d\u00e9penses de retraites et de maladie, et ce malgr\u00e9 les \u00e9conomies induites par la baisse des naissances. La pression fiscale et sociale s\u2019exer\u00e7ant sur les actifs va s\u2019amplifier, \u00e0 d\u00e9faut de penser des recettes alternatives. Cr\u00e9er plus d\u2019emplois Il vous reste 67.97% de cet article \u00e0 lire. La suite est r\u00e9serv\u00e9e aux abonn\u00e9s.","robots":{"index":"noindex","follow":"follow","max-snippet":"max-snippet:-1","max-image-preview":"max-image-preview:large","max-video-preview":"max-video-preview:-1"},"og_locale":"fr_FR","og_type":"article","og_title":"\u00ab\u00a0La baisse des naissances va amplifier la pression fiscale et sociale sur les actifs, \u00e0 d\u00e9faut de penser des recettes alternatives\u00a0\u00bb - vof-news.eu","og_description":"En\u00a02025, la France a compt\u00e9 pour la premi\u00e8re fois depuis 1945 moins de naissances que de d\u00e9c\u00e8s, sous l\u2019effet d\u2019une chute de la natalit\u00e9. Le basculement vers un solde naturel n\u00e9gatif a lieu dix\u00a0ans plus t\u00f4t que ce qui \u00e9tait pr\u00e9vu par les derni\u00e8res projections de l\u2019Insee datant de\u2026 2021. La population cro\u00eet encore, du fait du solde migratoire positif, mais, d\u2019apr\u00e8s les projections de l\u2019INED actualis\u00e9es en\u00a02025, elle pourrait baisser apr\u00e8s 2040. La France se dirige vers une attrition d\u00e9mographique qui soul\u00e8ve d\u2019importants d\u00e9fis macro\u00e9conomiques et soci\u00e9taux. A court terme, la baisse de la natalit\u00e9 n\u2019est pas forc\u00e9ment une mauvaise nouvelle. Cela fait au fond moins de bouches \u00e0 nourrir, au moment o\u00f9 le pays doit mobiliser des ressources pour se d\u00e9sendetter, se r\u00e9armer et se d\u00e9carboner. La baisse d\u2019un quart des naissances depuis 2010 va all\u00e9ger la pression sur nos services publics, \u00e0 commencer par les \u00e9coles. Mais ne nous y trompons pas\u00a0: moins de naissances aujourd\u2019hui, c\u2019est moins de bras demain. Or la production de richesses d\u00e9pend de la quantit\u00e9 de travail, c\u2019est-\u00e0-dire du nombre total d\u2019heures travaill\u00e9es. Cette circonstance est d\u2019autant plus cruciale que le vieillissement de la population induit une hausse de la demande de services (sant\u00e9, soins personnels\u2026) intensifs en main-d\u2019\u0153uvre, au moment pr\u00e9cis o\u00f9 celle-ci se trouve progressivement amput\u00e9e par le d\u00e9part \u00e0 la retraite des g\u00e9n\u00e9rations aujourd\u2019hui les plus nombreuses.   Avec la part des plus de 65\u00a0ans qui devrait passer de 22\u00a0% en\u00a02025 \u00e0 29\u00a0% en\u00a02070, la d\u00e9pense publique s\u2019alourdirait de 4 points de PIB d\u2019apr\u00e8s la Cour des comptes, du fait des d\u00e9penses de retraites et de maladie, et ce malgr\u00e9 les \u00e9conomies induites par la baisse des naissances. La pression fiscale et sociale s\u2019exer\u00e7ant sur les actifs va s\u2019amplifier, \u00e0 d\u00e9faut de penser des recettes alternatives. Cr\u00e9er plus d\u2019emplois Il vous reste 67.97% de cet article \u00e0 lire. La suite est r\u00e9serv\u00e9e aux abonn\u00e9s.","og_url":"https:\/\/vof-news.eu\/fr\/la-baisse-des-naissances-va-amplifier-la-pression-fiscale-et-sociale-sur-les-actifs-a-defaut-de-penser-des-recettes-alternatives\/","og_site_name":"vof-news.eu","article_published_time":"2026-01-31T14:30:23+00:00","article_modified_time":"2026-01-31T14:31:00+00:00","author":"Author","twitter_card":"summary_large_image","twitter_misc":{"\u00c9crit par":"Author","Dur\u00e9e de lecture estim\u00e9e":"2 minutes"},"schema":{"@context":"https:\/\/schema.org","@graph":[{"@type":"WebPage","@id":"https:\/\/vof-news.eu\/fr\/la-baisse-des-naissances-va-amplifier-la-pression-fiscale-et-sociale-sur-les-actifs-a-defaut-de-penser-des-recettes-alternatives\/","url":"https:\/\/vof-news.eu\/fr\/la-baisse-des-naissances-va-amplifier-la-pression-fiscale-et-sociale-sur-les-actifs-a-defaut-de-penser-des-recettes-alternatives\/","name":"\u00ab\u00a0La baisse des naissances va amplifier la pression fiscale et sociale sur les actifs, \u00e0 d\u00e9faut de penser des recettes alternatives\u00a0\u00bb - vof-news.eu","isPartOf":{"@id":"https:\/\/vof-news.eu\/fr\/#website"},"datePublished":"2026-01-31T14:30:23+00:00","dateModified":"2026-01-31T14:31:00+00:00","author":{"@id":"https:\/\/vof-news.eu\/fr\/#\/schema\/person\/f6a2a4309f0561835797fd8c19b333ed"},"description":"En\u00a02025, la France a compt\u00e9 pour la premi\u00e8re fois depuis 1945 moins de naissances que de d\u00e9c\u00e8s, sous l\u2019effet d\u2019une chute de la natalit\u00e9. Le basculement vers un solde naturel n\u00e9gatif a lieu dix\u00a0ans plus t\u00f4t que ce qui \u00e9tait pr\u00e9vu par les derni\u00e8res projections de l\u2019Insee datant de\u2026 2021. La population cro\u00eet encore, du fait du solde migratoire positif, mais, d\u2019apr\u00e8s les projections de l\u2019INED actualis\u00e9es en\u00a02025, elle pourrait baisser apr\u00e8s 2040. La France se dirige vers une attrition d\u00e9mographique qui soul\u00e8ve d\u2019importants d\u00e9fis macro\u00e9conomiques et soci\u00e9taux. A court terme, la baisse de la natalit\u00e9 n\u2019est pas forc\u00e9ment une mauvaise nouvelle. Cela fait au fond moins de bouches \u00e0 nourrir, au moment o\u00f9 le pays doit mobiliser des ressources pour se d\u00e9sendetter, se r\u00e9armer et se d\u00e9carboner. La baisse d\u2019un quart des naissances depuis 2010 va all\u00e9ger la pression sur nos services publics, \u00e0 commencer par les \u00e9coles. Mais ne nous y trompons pas\u00a0: moins de naissances aujourd\u2019hui, c\u2019est moins de bras demain. Or la production de richesses d\u00e9pend de la quantit\u00e9 de travail, c\u2019est-\u00e0-dire du nombre total d\u2019heures travaill\u00e9es. Cette circonstance est d\u2019autant plus cruciale que le vieillissement de la population induit une hausse de la demande de services (sant\u00e9, soins personnels\u2026) intensifs en main-d\u2019\u0153uvre, au moment pr\u00e9cis o\u00f9 celle-ci se trouve progressivement amput\u00e9e par le d\u00e9part \u00e0 la retraite des g\u00e9n\u00e9rations aujourd\u2019hui les plus nombreuses. Avec la part des plus de 65\u00a0ans qui devrait passer de 22\u00a0% en\u00a02025 \u00e0 29\u00a0% en\u00a02070, la d\u00e9pense publique s\u2019alourdirait de 4 points de PIB d\u2019apr\u00e8s la Cour des comptes, du fait des d\u00e9penses de retraites et de maladie, et ce malgr\u00e9 les \u00e9conomies induites par la baisse des naissances. La pression fiscale et sociale s\u2019exer\u00e7ant sur les actifs va s\u2019amplifier, \u00e0 d\u00e9faut de penser des recettes alternatives. Cr\u00e9er plus d\u2019emplois Il vous reste 67.97% de cet article \u00e0 lire. La suite est r\u00e9serv\u00e9e aux abonn\u00e9s.","breadcrumb":{"@id":"https:\/\/vof-news.eu\/fr\/la-baisse-des-naissances-va-amplifier-la-pression-fiscale-et-sociale-sur-les-actifs-a-defaut-de-penser-des-recettes-alternatives\/#breadcrumb"},"inLanguage":"fr-FR","potentialAction":[{"@type":"ReadAction","target":["https:\/\/vof-news.eu\/fr\/la-baisse-des-naissances-va-amplifier-la-pression-fiscale-et-sociale-sur-les-actifs-a-defaut-de-penser-des-recettes-alternatives\/"]}]},{"@type":"BreadcrumbList","@id":"https:\/\/vof-news.eu\/fr\/la-baisse-des-naissances-va-amplifier-la-pression-fiscale-et-sociale-sur-les-actifs-a-defaut-de-penser-des-recettes-alternatives\/#breadcrumb","itemListElement":[{"@type":"ListItem","position":1,"name":"Home","item":"https:\/\/vof-news.eu\/fr\/"},{"@type":"ListItem","position":2,"name":"\u00ab\u00a0La baisse des naissances va amplifier la pression fiscale et sociale sur les actifs, \u00e0 d\u00e9faut de penser des recettes alternatives\u00a0\u00bb"}]},{"@type":"WebSite","@id":"https:\/\/vof-news.eu\/fr\/#website","url":"https:\/\/vof-news.eu\/fr\/","name":"vof-news.eu","description":"","potentialAction":[{"@type":"SearchAction","target":{"@type":"EntryPoint","urlTemplate":"https:\/\/vof-news.eu\/fr\/?s={search_term_string}"},"query-input":"required name=search_term_string"}],"inLanguage":"fr-FR"},{"@type":"Person","@id":"https:\/\/vof-news.eu\/fr\/#\/schema\/person\/f6a2a4309f0561835797fd8c19b333ed","name":"Author","image":{"@type":"ImageObject","inLanguage":"fr-FR","@id":"https:\/\/vof-news.eu\/fr\/#\/schema\/person\/image\/","url":"https:\/\/secure.gravatar.com\/avatar\/b67e614b1b25b3e9c0c239efdd2fde5ab015b5affd6f1c3c85911ca4b384e790?s=96&d=mm&r=g","contentUrl":"https:\/\/secure.gravatar.com\/avatar\/b67e614b1b25b3e9c0c239efdd2fde5ab015b5affd6f1c3c85911ca4b384e790?s=96&d=mm&r=g","caption":"Author"},"sameAs":["http:\/\/vof-news.eu"],"url":"https:\/\/vof-news.eu\/fr\/author\/zwt6qxnjulxbnyg\/"}]}},"yoast_meta":{"yoast_wpseo_title":"","yoast_wpseo_metadesc":"","yoast_wpseo_canonical":""},"_links":{"self":[{"href":"https:\/\/vof-news.eu\/fr\/wp-json\/wp\/v2\/posts\/322253","targetHints":{"allow":["GET"]}}],"collection":[{"href":"https:\/\/vof-news.eu\/fr\/wp-json\/wp\/v2\/posts"}],"about":[{"href":"https:\/\/vof-news.eu\/fr\/wp-json\/wp\/v2\/types\/post"}],"author":[{"embeddable":true,"href":"https:\/\/vof-news.eu\/fr\/wp-json\/wp\/v2\/users\/1"}],"replies":[{"embeddable":true,"href":"https:\/\/vof-news.eu\/fr\/wp-json\/wp\/v2\/comments?post=322253"}],"version-history":[{"count":1,"href":"https:\/\/vof-news.eu\/fr\/wp-json\/wp\/v2\/posts\/322253\/revisions"}],"predecessor-version":[{"id":322254,"href":"https:\/\/vof-news.eu\/fr\/wp-json\/wp\/v2\/posts\/322253\/revisions\/322254"}],"wp:attachment":[{"href":"https:\/\/vof-news.eu\/fr\/wp-json\/wp\/v2\/media?parent=322253"}],"wp:term":[{"taxonomy":"category","embeddable":true,"href":"https:\/\/vof-news.eu\/fr\/wp-json\/wp\/v2\/categories?post=322253"},{"taxonomy":"post_tag","embeddable":true,"href":"https:\/\/vof-news.eu\/fr\/wp-json\/wp\/v2\/tags?post=322253"}],"curies":[{"name":"wp","href":"https:\/\/api.w.org\/{rel}","templated":true}]}}