{"id":322228,"date":"2026-01-31T15:30:16","date_gmt":"2026-01-31T12:30:16","guid":{"rendered":"https:\/\/vof-news.eu\/environnement-la-tentation-du-detricotage-au-mepris-de-la-verite-scientifique\/"},"modified":"2026-01-31T15:30:55","modified_gmt":"2026-01-31T12:30:55","slug":"environnement-la-tentation-du-detricotage-au-mepris-de-la-verite-scientifique","status":"publish","type":"post","link":"https:\/\/vof-news.eu\/fr\/environnement-la-tentation-du-detricotage-au-mepris-de-la-verite-scientifique\/","title":{"rendered":"Environnement\u00a0: la tentation du d\u00e9tricotage au m\u00e9pris de la v\u00e9rit\u00e9 scientifique"},"content":{"rendered":"<article>\n<p><span>A<\/span> Davos, mardi 20\u00a0janvier, Emmanuel Macron n\u2019a pas seulement marqu\u00e9 les esprits avec ses lunettes de soleil. Il a eu aussi <a href=\"https:\/\/www.lemonde.fr\/politique\/article\/2026\/01\/20\/ce-qu-il-faut-retenir-du-discours-d-emmanuel-macron-au-forum-economique-de-davos_6663368_823448.html\" rel=\"nofollow\">des mots importants sur la France et l\u2019Europe<\/a>, attach\u00e9es . Dans ce vieux pays et ce Vieux Continent, on pr\u00e9f\u00e8re encore  et la , a lanc\u00e9 le pr\u00e9sident de la R\u00e9publique fran\u00e7aise.<\/p>\n<p>Ce n\u2019est pas la premi\u00e8re fois que M. Macron critique implicitement les Etats-Unis de Donald Trump en s\u2019\u00e9rigeant en d\u00e9fenseur de la science.<strong> <\/strong>Dans le contexte actuel de mont\u00e9e des populismes climatosceptiques, alors que le pr\u00e9sident am\u00e9ricain coupe les financements de la recherche, bannit des th\u00e9matiques d\u2019\u00e9tudes et r\u00e9p\u00e8te que le r\u00e9chauffement climatique serait un , le chef de l\u2019Etat fran\u00e7ais a raison\u00a0: les pays europ\u00e9ens restent des refuges pour les scientifiques.<\/p>\n<p>Mais l\u2019Europe et la France, sous la pression d\u2019extr\u00eames droites qui cherchent \u00e0 instrumentaliser les col\u00e8res d\u2019une partie de la population contre les \u00e9lites, ne sont pas \u00e0 l\u2019abri d\u2019une d\u00e9rive plus sournoise. La comparaison avec les Etats-Unis, flatteuse, ne saurait faire oublier les r\u00e9cents reculs environnementaux d\u00e9cid\u00e9s au m\u00e9pris de la v\u00e9rit\u00e9 scientifique. Jeudi 29\u00a0janvier, une <a href=\"https:\/\/www.lemonde.fr\/economie\/article\/2026\/01\/27\/l-exploitation-des-hydrocarbures-dans-l-outre-mer-au-c-ur-d-une-proposition-de-loi-polemique-examinee-au-senat_6664331_3234.html\" rel=\"nofollow\">proposition de loi r\u00e9autorisant la recherche et l\u2019exploitation d\u2019hydrocarbures dans les outre-mer<\/a>, , a \u00e9t\u00e9 vot\u00e9e au S\u00e9nat. L\u2019initiative est venue d\u2019un groupe centriste proche du gouvernement et contredit \u00e0 la fois la loi Hulot de 2017, les engagements d\u2019Emmanuel Macron et les avis des scientifiques qui pr\u00e9conisent d\u2019arr\u00eater tout nouveau forage pour limiter le changement climatique.<\/p>\n<p><strong>Il vous reste 48.55% de cet article \u00e0 lire. La suite est r\u00e9serv\u00e9e aux abonn\u00e9s.<\/strong><\/p>\n<\/article>\n","protected":false},"excerpt":{"rendered":"<p>A Davos, mardi 20\u00a0janvier, Emmanuel Macron n\u2019a pas seulement marqu\u00e9 les esprits avec ses lunettes de soleil. Il a eu aussi des mots importants sur la France et l\u2019Europe, attach\u00e9es . Dans ce vieux pays et ce Vieux Continent, on pr\u00e9f\u00e8re encore et la , a lanc\u00e9 le pr\u00e9sident de la R\u00e9publique fran\u00e7aise. Ce n\u2019est<\/p>\n","protected":false},"author":1,"featured_media":322229,"comment_status":"open","ping_status":"open","sticky":false,"template":"","format":"standard","meta":{"footnotes":""},"categories":[68],"tags":[],"class_list":["post-322228","post","type-post","status-publish","format-standard","has-post-thumbnail","hentry","category-politics-fr"],"acf":[],"yoast_head":"<!-- This site is optimized with the Yoast SEO plugin v22.9 - https:\/\/yoast.com\/wordpress\/plugins\/seo\/ -->\n<title>Environnement\u00a0: la tentation du d\u00e9tricotage au m\u00e9pris de la v\u00e9rit\u00e9 scientifique - vof-news.eu<\/title>\n<meta name=\"description\" content=\"A Davos, mardi 20\u00a0janvier, Emmanuel Macron n\u2019a pas seulement marqu\u00e9 les esprits avec ses lunettes de soleil. Il a eu aussi des mots importants sur la France et l\u2019Europe, attach\u00e9es . Dans ce vieux pays et ce Vieux Continent, on pr\u00e9f\u00e8re encore et la , a lanc\u00e9 le pr\u00e9sident de la R\u00e9publique fran\u00e7aise. Ce n\u2019est pas la premi\u00e8re fois que M. Macron critique implicitement les Etats-Unis de Donald Trump en s\u2019\u00e9rigeant en d\u00e9fenseur de la science. Dans le contexte actuel de mont\u00e9e des populismes climatosceptiques, alors que le pr\u00e9sident am\u00e9ricain coupe les financements de la recherche, bannit des th\u00e9matiques d\u2019\u00e9tudes et r\u00e9p\u00e8te que le r\u00e9chauffement climatique serait un , le chef de l\u2019Etat fran\u00e7ais a raison\u00a0: les pays europ\u00e9ens restent des refuges pour les scientifiques. Mais l\u2019Europe et la France, sous la pression d\u2019extr\u00eames droites qui cherchent \u00e0 instrumentaliser les col\u00e8res d\u2019une partie de la population contre les \u00e9lites, ne sont pas \u00e0 l\u2019abri d\u2019une d\u00e9rive plus sournoise. La comparaison avec les Etats-Unis, flatteuse, ne saurait faire oublier les r\u00e9cents reculs environnementaux d\u00e9cid\u00e9s au m\u00e9pris de la v\u00e9rit\u00e9 scientifique. Jeudi 29\u00a0janvier, une proposition de loi r\u00e9autorisant la recherche et l\u2019exploitation d\u2019hydrocarbures dans les outre-mer, , a \u00e9t\u00e9 vot\u00e9e au S\u00e9nat. L\u2019initiative est venue d\u2019un groupe centriste proche du gouvernement et contredit \u00e0 la fois la loi Hulot de 2017, les engagements d\u2019Emmanuel Macron et les avis des scientifiques qui pr\u00e9conisent d\u2019arr\u00eater tout nouveau forage pour limiter le changement climatique.  Il vous reste 48.55% de cet article \u00e0 lire. La suite est r\u00e9serv\u00e9e aux abonn\u00e9s.\" \/>\n<meta name=\"robots\" content=\"noindex, follow, max-snippet:-1, max-image-preview:large, max-video-preview:-1\" \/>\n<meta property=\"og:locale\" content=\"fr_FR\" \/>\n<meta property=\"og:type\" content=\"article\" \/>\n<meta property=\"og:title\" content=\"Environnement\u00a0: la tentation du d\u00e9tricotage au m\u00e9pris de la v\u00e9rit\u00e9 scientifique - vof-news.eu\" \/>\n<meta property=\"og:description\" content=\"A Davos, mardi 20\u00a0janvier, Emmanuel Macron n\u2019a pas seulement marqu\u00e9 les esprits avec ses lunettes de soleil. Il a eu aussi des mots importants sur la France et l\u2019Europe, attach\u00e9es . Dans ce vieux pays et ce Vieux Continent, on pr\u00e9f\u00e8re encore et la , a lanc\u00e9 le pr\u00e9sident de la R\u00e9publique fran\u00e7aise. Ce n\u2019est pas la premi\u00e8re fois que M. Macron critique implicitement les Etats-Unis de Donald Trump en s\u2019\u00e9rigeant en d\u00e9fenseur de la science. Dans le contexte actuel de mont\u00e9e des populismes climatosceptiques, alors que le pr\u00e9sident am\u00e9ricain coupe les financements de la recherche, bannit des th\u00e9matiques d\u2019\u00e9tudes et r\u00e9p\u00e8te que le r\u00e9chauffement climatique serait un , le chef de l\u2019Etat fran\u00e7ais a raison\u00a0: les pays europ\u00e9ens restent des refuges pour les scientifiques. Mais l\u2019Europe et la France, sous la pression d\u2019extr\u00eames droites qui cherchent \u00e0 instrumentaliser les col\u00e8res d\u2019une partie de la population contre les \u00e9lites, ne sont pas \u00e0 l\u2019abri d\u2019une d\u00e9rive plus sournoise. La comparaison avec les Etats-Unis, flatteuse, ne saurait faire oublier les r\u00e9cents reculs environnementaux d\u00e9cid\u00e9s au m\u00e9pris de la v\u00e9rit\u00e9 scientifique. Jeudi 29\u00a0janvier, une proposition de loi r\u00e9autorisant la recherche et l\u2019exploitation d\u2019hydrocarbures dans les outre-mer, , a \u00e9t\u00e9 vot\u00e9e au S\u00e9nat. L\u2019initiative est venue d\u2019un groupe centriste proche du gouvernement et contredit \u00e0 la fois la loi Hulot de 2017, les engagements d\u2019Emmanuel Macron et les avis des scientifiques qui pr\u00e9conisent d\u2019arr\u00eater tout nouveau forage pour limiter le changement climatique.  Il vous reste 48.55% de cet article \u00e0 lire. La suite est r\u00e9serv\u00e9e aux abonn\u00e9s.\" \/>\n<meta property=\"og:url\" content=\"https:\/\/vof-news.eu\/fr\/environnement-la-tentation-du-detricotage-au-mepris-de-la-verite-scientifique\/\" \/>\n<meta property=\"og:site_name\" content=\"vof-news.eu\" \/>\n<meta property=\"article:published_time\" content=\"2026-01-31T12:30:16+00:00\" \/>\n<meta property=\"article:modified_time\" content=\"2026-01-31T12:30:55+00:00\" \/>\n<meta property=\"og:image\" content=\"https:\/\/vof-news.eu\/wp-content\/uploads\/2026\/01\/e9317cd_ftp-1-snyupbr0qnfs-5935685-01-06.jpg\" \/>\n\t<meta property=\"og:image:width\" content=\"664\" \/>\n\t<meta property=\"og:image:height\" content=\"443\" \/>\n\t<meta property=\"og:image:type\" content=\"image\/jpeg\" \/>\n<meta name=\"author\" content=\"Author\" \/>\n<meta name=\"twitter:card\" content=\"summary_large_image\" \/>\n<meta name=\"twitter:label1\" content=\"\u00c9crit par\" \/>\n\t<meta name=\"twitter:data1\" content=\"Author\" \/>\n\t<meta name=\"twitter:label2\" content=\"Dur\u00e9e de lecture estim\u00e9e\" \/>\n\t<meta name=\"twitter:data2\" content=\"1 minute\" \/>\n<script type=\"application\/ld+json\" class=\"yoast-schema-graph\">{\"@context\":\"https:\/\/schema.org\",\"@graph\":[{\"@type\":\"WebPage\",\"@id\":\"https:\/\/vof-news.eu\/fr\/environnement-la-tentation-du-detricotage-au-mepris-de-la-verite-scientifique\/\",\"url\":\"https:\/\/vof-news.eu\/fr\/environnement-la-tentation-du-detricotage-au-mepris-de-la-verite-scientifique\/\",\"name\":\"Environnement\u00a0: la tentation du d\u00e9tricotage au m\u00e9pris de la v\u00e9rit\u00e9 scientifique - vof-news.eu\",\"isPartOf\":{\"@id\":\"https:\/\/vof-news.eu\/fr\/#website\"},\"primaryImageOfPage\":{\"@id\":\"https:\/\/vof-news.eu\/fr\/environnement-la-tentation-du-detricotage-au-mepris-de-la-verite-scientifique\/#primaryimage\"},\"image\":{\"@id\":\"https:\/\/vof-news.eu\/fr\/environnement-la-tentation-du-detricotage-au-mepris-de-la-verite-scientifique\/#primaryimage\"},\"thumbnailUrl\":\"https:\/\/vof-news.eu\/wp-content\/uploads\/2026\/01\/e9317cd_ftp-1-snyupbr0qnfs-5935685-01-06.jpg\",\"datePublished\":\"2026-01-31T12:30:16+00:00\",\"dateModified\":\"2026-01-31T12:30:55+00:00\",\"author\":{\"@id\":\"https:\/\/vof-news.eu\/fr\/#\/schema\/person\/f6a2a4309f0561835797fd8c19b333ed\"},\"description\":\"A Davos, mardi 20\u00a0janvier, Emmanuel Macron n\u2019a pas seulement marqu\u00e9 les esprits avec ses lunettes de soleil. Il a eu aussi des mots importants sur la France et l\u2019Europe, attach\u00e9es . Dans ce vieux pays et ce Vieux Continent, on pr\u00e9f\u00e8re encore et la , a lanc\u00e9 le pr\u00e9sident de la R\u00e9publique fran\u00e7aise. Ce n\u2019est pas la premi\u00e8re fois que M. Macron critique implicitement les Etats-Unis de Donald Trump en s\u2019\u00e9rigeant en d\u00e9fenseur de la science. Dans le contexte actuel de mont\u00e9e des populismes climatosceptiques, alors que le pr\u00e9sident am\u00e9ricain coupe les financements de la recherche, bannit des th\u00e9matiques d\u2019\u00e9tudes et r\u00e9p\u00e8te que le r\u00e9chauffement climatique serait un , le chef de l\u2019Etat fran\u00e7ais a raison\u00a0: les pays europ\u00e9ens restent des refuges pour les scientifiques. Mais l\u2019Europe et la France, sous la pression d\u2019extr\u00eames droites qui cherchent \u00e0 instrumentaliser les col\u00e8res d\u2019une partie de la population contre les \u00e9lites, ne sont pas \u00e0 l\u2019abri d\u2019une d\u00e9rive plus sournoise. La comparaison avec les Etats-Unis, flatteuse, ne saurait faire oublier les r\u00e9cents reculs environnementaux d\u00e9cid\u00e9s au m\u00e9pris de la v\u00e9rit\u00e9 scientifique. Jeudi 29\u00a0janvier, une proposition de loi r\u00e9autorisant la recherche et l\u2019exploitation d\u2019hydrocarbures dans les outre-mer, , a \u00e9t\u00e9 vot\u00e9e au S\u00e9nat. L\u2019initiative est venue d\u2019un groupe centriste proche du gouvernement et contredit \u00e0 la fois la loi Hulot de 2017, les engagements d\u2019Emmanuel Macron et les avis des scientifiques qui pr\u00e9conisent d\u2019arr\u00eater tout nouveau forage pour limiter le changement climatique. Il vous reste 48.55% de cet article \u00e0 lire. La suite est r\u00e9serv\u00e9e aux abonn\u00e9s.\",\"breadcrumb\":{\"@id\":\"https:\/\/vof-news.eu\/fr\/environnement-la-tentation-du-detricotage-au-mepris-de-la-verite-scientifique\/#breadcrumb\"},\"inLanguage\":\"fr-FR\",\"potentialAction\":[{\"@type\":\"ReadAction\",\"target\":[\"https:\/\/vof-news.eu\/fr\/environnement-la-tentation-du-detricotage-au-mepris-de-la-verite-scientifique\/\"]}]},{\"@type\":\"ImageObject\",\"inLanguage\":\"fr-FR\",\"@id\":\"https:\/\/vof-news.eu\/fr\/environnement-la-tentation-du-detricotage-au-mepris-de-la-verite-scientifique\/#primaryimage\",\"url\":\"https:\/\/vof-news.eu\/wp-content\/uploads\/2026\/01\/e9317cd_ftp-1-snyupbr0qnfs-5935685-01-06.jpg\",\"contentUrl\":\"https:\/\/vof-news.eu\/wp-content\/uploads\/2026\/01\/e9317cd_ftp-1-snyupbr0qnfs-5935685-01-06.jpg\",\"width\":664,\"height\":443},{\"@type\":\"BreadcrumbList\",\"@id\":\"https:\/\/vof-news.eu\/fr\/environnement-la-tentation-du-detricotage-au-mepris-de-la-verite-scientifique\/#breadcrumb\",\"itemListElement\":[{\"@type\":\"ListItem\",\"position\":1,\"name\":\"Home\",\"item\":\"https:\/\/vof-news.eu\/fr\/\"},{\"@type\":\"ListItem\",\"position\":2,\"name\":\"Environnement\u00a0: la tentation du d\u00e9tricotage au m\u00e9pris de la v\u00e9rit\u00e9 scientifique\"}]},{\"@type\":\"WebSite\",\"@id\":\"https:\/\/vof-news.eu\/fr\/#website\",\"url\":\"https:\/\/vof-news.eu\/fr\/\",\"name\":\"vof-news.eu\",\"description\":\"\",\"potentialAction\":[{\"@type\":\"SearchAction\",\"target\":{\"@type\":\"EntryPoint\",\"urlTemplate\":\"https:\/\/vof-news.eu\/fr\/?s={search_term_string}\"},\"query-input\":\"required name=search_term_string\"}],\"inLanguage\":\"fr-FR\"},{\"@type\":\"Person\",\"@id\":\"https:\/\/vof-news.eu\/fr\/#\/schema\/person\/f6a2a4309f0561835797fd8c19b333ed\",\"name\":\"Author\",\"image\":{\"@type\":\"ImageObject\",\"inLanguage\":\"fr-FR\",\"@id\":\"https:\/\/vof-news.eu\/fr\/#\/schema\/person\/image\/\",\"url\":\"https:\/\/secure.gravatar.com\/avatar\/b67e614b1b25b3e9c0c239efdd2fde5ab015b5affd6f1c3c85911ca4b384e790?s=96&d=mm&r=g\",\"contentUrl\":\"https:\/\/secure.gravatar.com\/avatar\/b67e614b1b25b3e9c0c239efdd2fde5ab015b5affd6f1c3c85911ca4b384e790?s=96&d=mm&r=g\",\"caption\":\"Author\"},\"sameAs\":[\"http:\/\/vof-news.eu\"],\"url\":\"https:\/\/vof-news.eu\/fr\/author\/zwt6qxnjulxbnyg\/\"}]}<\/script>\n<!-- \/ Yoast SEO plugin. -->","yoast_head_json":{"title":"Environnement\u00a0: la tentation du d\u00e9tricotage au m\u00e9pris de la v\u00e9rit\u00e9 scientifique - vof-news.eu","description":"A Davos, mardi 20\u00a0janvier, Emmanuel Macron n\u2019a pas seulement marqu\u00e9 les esprits avec ses lunettes de soleil. Il a eu aussi des mots importants sur la France et l\u2019Europe, attach\u00e9es . Dans ce vieux pays et ce Vieux Continent, on pr\u00e9f\u00e8re encore et la , a lanc\u00e9 le pr\u00e9sident de la R\u00e9publique fran\u00e7aise. Ce n\u2019est pas la premi\u00e8re fois que M. Macron critique implicitement les Etats-Unis de Donald Trump en s\u2019\u00e9rigeant en d\u00e9fenseur de la science. Dans le contexte actuel de mont\u00e9e des populismes climatosceptiques, alors que le pr\u00e9sident am\u00e9ricain coupe les financements de la recherche, bannit des th\u00e9matiques d\u2019\u00e9tudes et r\u00e9p\u00e8te que le r\u00e9chauffement climatique serait un , le chef de l\u2019Etat fran\u00e7ais a raison\u00a0: les pays europ\u00e9ens restent des refuges pour les scientifiques. Mais l\u2019Europe et la France, sous la pression d\u2019extr\u00eames droites qui cherchent \u00e0 instrumentaliser les col\u00e8res d\u2019une partie de la population contre les \u00e9lites, ne sont pas \u00e0 l\u2019abri d\u2019une d\u00e9rive plus sournoise. La comparaison avec les Etats-Unis, flatteuse, ne saurait faire oublier les r\u00e9cents reculs environnementaux d\u00e9cid\u00e9s au m\u00e9pris de la v\u00e9rit\u00e9 scientifique. Jeudi 29\u00a0janvier, une proposition de loi r\u00e9autorisant la recherche et l\u2019exploitation d\u2019hydrocarbures dans les outre-mer, , a \u00e9t\u00e9 vot\u00e9e au S\u00e9nat. L\u2019initiative est venue d\u2019un groupe centriste proche du gouvernement et contredit \u00e0 la fois la loi Hulot de 2017, les engagements d\u2019Emmanuel Macron et les avis des scientifiques qui pr\u00e9conisent d\u2019arr\u00eater tout nouveau forage pour limiter le changement climatique.  Il vous reste 48.55% de cet article \u00e0 lire. La suite est r\u00e9serv\u00e9e aux abonn\u00e9s.","robots":{"index":"noindex","follow":"follow","max-snippet":"max-snippet:-1","max-image-preview":"max-image-preview:large","max-video-preview":"max-video-preview:-1"},"og_locale":"fr_FR","og_type":"article","og_title":"Environnement\u00a0: la tentation du d\u00e9tricotage au m\u00e9pris de la v\u00e9rit\u00e9 scientifique - vof-news.eu","og_description":"A Davos, mardi 20\u00a0janvier, Emmanuel Macron n\u2019a pas seulement marqu\u00e9 les esprits avec ses lunettes de soleil. Il a eu aussi des mots importants sur la France et l\u2019Europe, attach\u00e9es . Dans ce vieux pays et ce Vieux Continent, on pr\u00e9f\u00e8re encore et la , a lanc\u00e9 le pr\u00e9sident de la R\u00e9publique fran\u00e7aise. Ce n\u2019est pas la premi\u00e8re fois que M. Macron critique implicitement les Etats-Unis de Donald Trump en s\u2019\u00e9rigeant en d\u00e9fenseur de la science. Dans le contexte actuel de mont\u00e9e des populismes climatosceptiques, alors que le pr\u00e9sident am\u00e9ricain coupe les financements de la recherche, bannit des th\u00e9matiques d\u2019\u00e9tudes et r\u00e9p\u00e8te que le r\u00e9chauffement climatique serait un , le chef de l\u2019Etat fran\u00e7ais a raison\u00a0: les pays europ\u00e9ens restent des refuges pour les scientifiques. Mais l\u2019Europe et la France, sous la pression d\u2019extr\u00eames droites qui cherchent \u00e0 instrumentaliser les col\u00e8res d\u2019une partie de la population contre les \u00e9lites, ne sont pas \u00e0 l\u2019abri d\u2019une d\u00e9rive plus sournoise. La comparaison avec les Etats-Unis, flatteuse, ne saurait faire oublier les r\u00e9cents reculs environnementaux d\u00e9cid\u00e9s au m\u00e9pris de la v\u00e9rit\u00e9 scientifique. Jeudi 29\u00a0janvier, une proposition de loi r\u00e9autorisant la recherche et l\u2019exploitation d\u2019hydrocarbures dans les outre-mer, , a \u00e9t\u00e9 vot\u00e9e au S\u00e9nat. L\u2019initiative est venue d\u2019un groupe centriste proche du gouvernement et contredit \u00e0 la fois la loi Hulot de 2017, les engagements d\u2019Emmanuel Macron et les avis des scientifiques qui pr\u00e9conisent d\u2019arr\u00eater tout nouveau forage pour limiter le changement climatique.  Il vous reste 48.55% de cet article \u00e0 lire. La suite est r\u00e9serv\u00e9e aux abonn\u00e9s.","og_url":"https:\/\/vof-news.eu\/fr\/environnement-la-tentation-du-detricotage-au-mepris-de-la-verite-scientifique\/","og_site_name":"vof-news.eu","article_published_time":"2026-01-31T12:30:16+00:00","article_modified_time":"2026-01-31T12:30:55+00:00","og_image":[{"width":664,"height":443,"url":"https:\/\/vof-news.eu\/wp-content\/uploads\/2026\/01\/e9317cd_ftp-1-snyupbr0qnfs-5935685-01-06.jpg","type":"image\/jpeg"}],"author":"Author","twitter_card":"summary_large_image","twitter_misc":{"\u00c9crit par":"Author","Dur\u00e9e de lecture estim\u00e9e":"1 minute"},"schema":{"@context":"https:\/\/schema.org","@graph":[{"@type":"WebPage","@id":"https:\/\/vof-news.eu\/fr\/environnement-la-tentation-du-detricotage-au-mepris-de-la-verite-scientifique\/","url":"https:\/\/vof-news.eu\/fr\/environnement-la-tentation-du-detricotage-au-mepris-de-la-verite-scientifique\/","name":"Environnement\u00a0: la tentation du d\u00e9tricotage au m\u00e9pris de la v\u00e9rit\u00e9 scientifique - vof-news.eu","isPartOf":{"@id":"https:\/\/vof-news.eu\/fr\/#website"},"primaryImageOfPage":{"@id":"https:\/\/vof-news.eu\/fr\/environnement-la-tentation-du-detricotage-au-mepris-de-la-verite-scientifique\/#primaryimage"},"image":{"@id":"https:\/\/vof-news.eu\/fr\/environnement-la-tentation-du-detricotage-au-mepris-de-la-verite-scientifique\/#primaryimage"},"thumbnailUrl":"https:\/\/vof-news.eu\/wp-content\/uploads\/2026\/01\/e9317cd_ftp-1-snyupbr0qnfs-5935685-01-06.jpg","datePublished":"2026-01-31T12:30:16+00:00","dateModified":"2026-01-31T12:30:55+00:00","author":{"@id":"https:\/\/vof-news.eu\/fr\/#\/schema\/person\/f6a2a4309f0561835797fd8c19b333ed"},"description":"A Davos, mardi 20\u00a0janvier, Emmanuel Macron n\u2019a pas seulement marqu\u00e9 les esprits avec ses lunettes de soleil. Il a eu aussi des mots importants sur la France et l\u2019Europe, attach\u00e9es . Dans ce vieux pays et ce Vieux Continent, on pr\u00e9f\u00e8re encore et la , a lanc\u00e9 le pr\u00e9sident de la R\u00e9publique fran\u00e7aise. Ce n\u2019est pas la premi\u00e8re fois que M. Macron critique implicitement les Etats-Unis de Donald Trump en s\u2019\u00e9rigeant en d\u00e9fenseur de la science. Dans le contexte actuel de mont\u00e9e des populismes climatosceptiques, alors que le pr\u00e9sident am\u00e9ricain coupe les financements de la recherche, bannit des th\u00e9matiques d\u2019\u00e9tudes et r\u00e9p\u00e8te que le r\u00e9chauffement climatique serait un , le chef de l\u2019Etat fran\u00e7ais a raison\u00a0: les pays europ\u00e9ens restent des refuges pour les scientifiques. Mais l\u2019Europe et la France, sous la pression d\u2019extr\u00eames droites qui cherchent \u00e0 instrumentaliser les col\u00e8res d\u2019une partie de la population contre les \u00e9lites, ne sont pas \u00e0 l\u2019abri d\u2019une d\u00e9rive plus sournoise. La comparaison avec les Etats-Unis, flatteuse, ne saurait faire oublier les r\u00e9cents reculs environnementaux d\u00e9cid\u00e9s au m\u00e9pris de la v\u00e9rit\u00e9 scientifique. Jeudi 29\u00a0janvier, une proposition de loi r\u00e9autorisant la recherche et l\u2019exploitation d\u2019hydrocarbures dans les outre-mer, , a \u00e9t\u00e9 vot\u00e9e au S\u00e9nat. L\u2019initiative est venue d\u2019un groupe centriste proche du gouvernement et contredit \u00e0 la fois la loi Hulot de 2017, les engagements d\u2019Emmanuel Macron et les avis des scientifiques qui pr\u00e9conisent d\u2019arr\u00eater tout nouveau forage pour limiter le changement climatique. Il vous reste 48.55% de cet article \u00e0 lire. La suite est r\u00e9serv\u00e9e aux abonn\u00e9s.","breadcrumb":{"@id":"https:\/\/vof-news.eu\/fr\/environnement-la-tentation-du-detricotage-au-mepris-de-la-verite-scientifique\/#breadcrumb"},"inLanguage":"fr-FR","potentialAction":[{"@type":"ReadAction","target":["https:\/\/vof-news.eu\/fr\/environnement-la-tentation-du-detricotage-au-mepris-de-la-verite-scientifique\/"]}]},{"@type":"ImageObject","inLanguage":"fr-FR","@id":"https:\/\/vof-news.eu\/fr\/environnement-la-tentation-du-detricotage-au-mepris-de-la-verite-scientifique\/#primaryimage","url":"https:\/\/vof-news.eu\/wp-content\/uploads\/2026\/01\/e9317cd_ftp-1-snyupbr0qnfs-5935685-01-06.jpg","contentUrl":"https:\/\/vof-news.eu\/wp-content\/uploads\/2026\/01\/e9317cd_ftp-1-snyupbr0qnfs-5935685-01-06.jpg","width":664,"height":443},{"@type":"BreadcrumbList","@id":"https:\/\/vof-news.eu\/fr\/environnement-la-tentation-du-detricotage-au-mepris-de-la-verite-scientifique\/#breadcrumb","itemListElement":[{"@type":"ListItem","position":1,"name":"Home","item":"https:\/\/vof-news.eu\/fr\/"},{"@type":"ListItem","position":2,"name":"Environnement\u00a0: la tentation du d\u00e9tricotage au m\u00e9pris de la v\u00e9rit\u00e9 scientifique"}]},{"@type":"WebSite","@id":"https:\/\/vof-news.eu\/fr\/#website","url":"https:\/\/vof-news.eu\/fr\/","name":"vof-news.eu","description":"","potentialAction":[{"@type":"SearchAction","target":{"@type":"EntryPoint","urlTemplate":"https:\/\/vof-news.eu\/fr\/?s={search_term_string}"},"query-input":"required name=search_term_string"}],"inLanguage":"fr-FR"},{"@type":"Person","@id":"https:\/\/vof-news.eu\/fr\/#\/schema\/person\/f6a2a4309f0561835797fd8c19b333ed","name":"Author","image":{"@type":"ImageObject","inLanguage":"fr-FR","@id":"https:\/\/vof-news.eu\/fr\/#\/schema\/person\/image\/","url":"https:\/\/secure.gravatar.com\/avatar\/b67e614b1b25b3e9c0c239efdd2fde5ab015b5affd6f1c3c85911ca4b384e790?s=96&d=mm&r=g","contentUrl":"https:\/\/secure.gravatar.com\/avatar\/b67e614b1b25b3e9c0c239efdd2fde5ab015b5affd6f1c3c85911ca4b384e790?s=96&d=mm&r=g","caption":"Author"},"sameAs":["http:\/\/vof-news.eu"],"url":"https:\/\/vof-news.eu\/fr\/author\/zwt6qxnjulxbnyg\/"}]}},"yoast_meta":{"yoast_wpseo_title":"","yoast_wpseo_metadesc":"","yoast_wpseo_canonical":""},"_links":{"self":[{"href":"https:\/\/vof-news.eu\/fr\/wp-json\/wp\/v2\/posts\/322228","targetHints":{"allow":["GET"]}}],"collection":[{"href":"https:\/\/vof-news.eu\/fr\/wp-json\/wp\/v2\/posts"}],"about":[{"href":"https:\/\/vof-news.eu\/fr\/wp-json\/wp\/v2\/types\/post"}],"author":[{"embeddable":true,"href":"https:\/\/vof-news.eu\/fr\/wp-json\/wp\/v2\/users\/1"}],"replies":[{"embeddable":true,"href":"https:\/\/vof-news.eu\/fr\/wp-json\/wp\/v2\/comments?post=322228"}],"version-history":[{"count":1,"href":"https:\/\/vof-news.eu\/fr\/wp-json\/wp\/v2\/posts\/322228\/revisions"}],"predecessor-version":[{"id":322235,"href":"https:\/\/vof-news.eu\/fr\/wp-json\/wp\/v2\/posts\/322228\/revisions\/322235"}],"wp:featuredmedia":[{"embeddable":true,"href":"https:\/\/vof-news.eu\/fr\/wp-json\/wp\/v2\/media\/322229"}],"wp:attachment":[{"href":"https:\/\/vof-news.eu\/fr\/wp-json\/wp\/v2\/media?parent=322228"}],"wp:term":[{"taxonomy":"category","embeddable":true,"href":"https:\/\/vof-news.eu\/fr\/wp-json\/wp\/v2\/categories?post=322228"},{"taxonomy":"post_tag","embeddable":true,"href":"https:\/\/vof-news.eu\/fr\/wp-json\/wp\/v2\/tags?post=322228"}],"curies":[{"name":"wp","href":"https:\/\/api.w.org\/{rel}","templated":true}]}}