{"id":322043,"date":"2026-01-30T19:30:23","date_gmt":"2026-01-30T16:30:23","guid":{"rendered":"https:\/\/vof-news.eu\/eric-coquerel-sur-le-budget-examiner-les-depenses-avant-les-recettes-conduirait-a-sinteresser-en-priorite-a-la-satisfaction-des-besoins\/"},"modified":"2026-01-30T19:30:50","modified_gmt":"2026-01-30T16:30:50","slug":"eric-coquerel-sur-le-budget-examiner-les-depenses-avant-les-recettes-conduirait-a-sinteresser-en-priorite-a-la-satisfaction-des-besoins","status":"publish","type":"post","link":"https:\/\/vof-news.eu\/fr\/eric-coquerel-sur-le-budget-examiner-les-depenses-avant-les-recettes-conduirait-a-sinteresser-en-priorite-a-la-satisfaction-des-besoins\/","title":{"rendered":"Eric Coquerel\u00a0: \u00ab\u00a0Sur le budget, examiner les d\u00e9penses avant les recettes conduirait \u00e0 s\u2019int\u00e9resser en priorit\u00e9 \u00e0 la satisfaction des besoins\u00a0\u00bb"},"content":{"rendered":"<article>\n<p><span>A<\/span> l\u2019occasion d\u2019une consultation de la pr\u00e9sidente de l\u2019Assembl\u00e9e nationale pour r\u00e9former la proc\u00e9dure\u00a0budg\u00e9taire, j\u2019ai \u00e9t\u00e9 amen\u00e9 \u00e0 lui pr\u00e9senter des propositions qu\u2019il me semble utile de rendre publiques pour alimenter le d\u00e9bat d\u00e9mocratique.<\/p>\n<p>Aussi pertinent que soit cet exercice, il ne doit pas conduire \u00e0 des modifications qui ent\u00e9rineraient la situation anormale dans laquelle nous nous trouvons. Les gouvernements qui se succ\u00e8dent sont incapables de faire adopter leurs budgets dans les d\u00e9lais habituels non en raison de r\u00e8gles proc\u00e9durales inadapt\u00e9es, mais surtout parce qu\u2019ils sont minoritaires. Le d\u00e9raillement de la discussion budg\u00e9taire s\u2019explique en premier lieu par la d\u00e9cision du pr\u00e9sident de la R\u00e9publique de nommer un premier ministre\u00a0sans tenir compte de l\u2019expression du suffrage universel \u00e0 l\u2019issue\u00a0des \u00e9lections de 2024.<\/p>\n<p>Le v\u00e9ritable probl\u00e8me que nous devons r\u00e9soudre n\u2019est donc pas l\u2019inadaptation de quelques r\u00e8gles mais le d\u00e9s\u00e9quilibre entre les pouvoirs ex\u00e9cutif et l\u00e9gislatif. Il s\u2019agirait donc moins de faire \u00e9voluer des r\u00e8gles budg\u00e9taires que la V<sup>e<\/sup>\u00a0R\u00e9publique elle-m\u00eame. Le courant politique auquel j\u2019appartiens\u00a0 n\u2019imagine pas un toilettage de celle-ci, mais bien son remplacement par une VI<sup>e<\/sup>\u00a0R\u00e9publique. C\u2019est la condition pour redonner tout son sens \u00e0 la souverainet\u00e9 populaire. Pour autant, l\u2019exercice me pousse \u00e0 imaginer des ajustements.<\/p>\n<section>   <\/section>\n<p>Le premier serait d\u2019emp\u00eacher un gouvernement minoritaire de se pr\u00e9senter devant le Parlement comme s\u2019il \u00e9tait majoritaire. Il suffirait de rendre obligatoire le vote de confiance, ce qui rendrait inutiles l\u2019article\u00a049 alin\u00e9a\u00a03 et les ordonnances budg\u00e9taires. Ces diff\u00e9rents outils dont dispose l\u2019ex\u00e9cutif pour \u00e9viter le vote du Parlement pourraient alors \u00eatre supprim\u00e9s.<\/p>\n<h2>Enchev\u00eatrement de textes financiers<\/h2>\n<p>Afin de donner plus de poids au Parlement, il me semble ensuite n\u00e9cessaire d\u2019inverser l\u2019ordre d\u2019examen des deux parties du projet de loi de finances (PLF). Les recettes sont aujourd\u2019hui obligatoirement examin\u00e9es avant les d\u00e9penses. Ce cha\u00eenage repose sur l\u2019id\u00e9e que le niveau des d\u00e9penses doit \u00eatre fix\u00e9 \u00e0 partir des recettes mobilis\u00e9es. Cependant, ce principe r\u00e9sulte de pr\u00e9suppos\u00e9s politiques qui favorisent la rigueur budg\u00e9taire. Un renversement de l\u2019ordre d\u2019examen conduirait alors \u00e0 s\u2019int\u00e9resser en priorit\u00e9 \u00e0 la satisfaction des besoins.<\/p>\n<p><strong>Il vous reste 68.93% de cet article \u00e0 lire. La suite est r\u00e9serv\u00e9e aux abonn\u00e9s.<\/strong><\/p>\n<\/article>\n","protected":false},"excerpt":{"rendered":"<p>A l\u2019occasion d\u2019une consultation de la pr\u00e9sidente de l\u2019Assembl\u00e9e nationale pour r\u00e9former la proc\u00e9dure\u00a0budg\u00e9taire, j\u2019ai \u00e9t\u00e9 amen\u00e9 \u00e0 lui pr\u00e9senter des propositions qu\u2019il me semble utile de rendre publiques pour alimenter le d\u00e9bat d\u00e9mocratique. Aussi pertinent que soit cet exercice, il ne doit pas conduire \u00e0 des modifications qui ent\u00e9rineraient la situation anormale dans laquelle<\/p>\n","protected":false},"author":1,"featured_media":0,"comment_status":"open","ping_status":"open","sticky":false,"template":"","format":"standard","meta":{"footnotes":""},"categories":[68],"tags":[],"class_list":["post-322043","post","type-post","status-publish","format-standard","hentry","category-politics-fr"],"acf":[],"yoast_head":"<!-- This site is optimized with the Yoast SEO plugin v22.9 - https:\/\/yoast.com\/wordpress\/plugins\/seo\/ -->\n<title>Eric Coquerel\u00a0: \u00ab\u00a0Sur le budget, examiner les d\u00e9penses avant les recettes conduirait \u00e0 s\u2019int\u00e9resser en priorit\u00e9 \u00e0 la satisfaction des besoins\u00a0\u00bb - vof-news.eu<\/title>\n<meta name=\"description\" content=\"A l\u2019occasion d\u2019une consultation de la pr\u00e9sidente de l\u2019Assembl\u00e9e nationale pour r\u00e9former la proc\u00e9dure\u00a0budg\u00e9taire, j\u2019ai \u00e9t\u00e9 amen\u00e9 \u00e0 lui pr\u00e9senter des propositions qu\u2019il me semble utile de rendre publiques pour alimenter le d\u00e9bat d\u00e9mocratique. Aussi pertinent que soit cet exercice, il ne doit pas conduire \u00e0 des modifications qui ent\u00e9rineraient la situation anormale dans laquelle nous nous trouvons. Les gouvernements qui se succ\u00e8dent sont incapables de faire adopter leurs budgets dans les d\u00e9lais habituels non en raison de r\u00e8gles proc\u00e9durales inadapt\u00e9es, mais surtout parce qu\u2019ils sont minoritaires. Le d\u00e9raillement de la discussion budg\u00e9taire s\u2019explique en premier lieu par la d\u00e9cision du pr\u00e9sident de la R\u00e9publique de nommer un premier ministre\u00a0sans tenir compte de l\u2019expression du suffrage universel \u00e0 l\u2019issue\u00a0des \u00e9lections de 2024. Le v\u00e9ritable probl\u00e8me que nous devons r\u00e9soudre n\u2019est donc pas l\u2019inadaptation de quelques r\u00e8gles mais le d\u00e9s\u00e9quilibre entre les pouvoirs ex\u00e9cutif et l\u00e9gislatif. Il s\u2019agirait donc moins de faire \u00e9voluer des r\u00e8gles budg\u00e9taires que la Ve\u00a0R\u00e9publique elle-m\u00eame. Le courant politique auquel j\u2019appartiens\u00a0 n\u2019imagine pas un toilettage de celle-ci, mais bien son remplacement par une VIe\u00a0R\u00e9publique. C\u2019est la condition pour redonner tout son sens \u00e0 la souverainet\u00e9 populaire. Pour autant, l\u2019exercice me pousse \u00e0 imaginer des ajustements.   Le premier serait d\u2019emp\u00eacher un gouvernement minoritaire de se pr\u00e9senter devant le Parlement comme s\u2019il \u00e9tait majoritaire. Il suffirait de rendre obligatoire le vote de confiance, ce qui rendrait inutiles l\u2019article\u00a049 alin\u00e9a\u00a03 et les ordonnances budg\u00e9taires. Ces diff\u00e9rents outils dont dispose l\u2019ex\u00e9cutif pour \u00e9viter le vote du Parlement pourraient alors \u00eatre supprim\u00e9s. Enchev\u00eatrement de textes financiers Afin de donner plus de poids au Parlement, il me semble ensuite n\u00e9cessaire d\u2019inverser l\u2019ordre d\u2019examen des deux parties du projet de loi de finances (PLF). Les recettes sont aujourd\u2019hui obligatoirement examin\u00e9es avant les d\u00e9penses. Ce cha\u00eenage repose sur l\u2019id\u00e9e que le niveau des d\u00e9penses doit \u00eatre fix\u00e9 \u00e0 partir des recettes mobilis\u00e9es. Cependant, ce principe r\u00e9sulte de pr\u00e9suppos\u00e9s politiques qui favorisent la rigueur budg\u00e9taire. Un renversement de l\u2019ordre d\u2019examen conduirait alors \u00e0 s\u2019int\u00e9resser en priorit\u00e9 \u00e0 la satisfaction des besoins. Il vous reste 68.93% de cet article \u00e0 lire. La suite est r\u00e9serv\u00e9e aux abonn\u00e9s.\" \/>\n<meta name=\"robots\" content=\"noindex, follow, max-snippet:-1, max-image-preview:large, max-video-preview:-1\" \/>\n<meta property=\"og:locale\" content=\"fr_FR\" \/>\n<meta property=\"og:type\" content=\"article\" \/>\n<meta property=\"og:title\" content=\"Eric Coquerel\u00a0: \u00ab\u00a0Sur le budget, examiner les d\u00e9penses avant les recettes conduirait \u00e0 s\u2019int\u00e9resser en priorit\u00e9 \u00e0 la satisfaction des besoins\u00a0\u00bb - vof-news.eu\" \/>\n<meta property=\"og:description\" content=\"A l\u2019occasion d\u2019une consultation de la pr\u00e9sidente de l\u2019Assembl\u00e9e nationale pour r\u00e9former la proc\u00e9dure\u00a0budg\u00e9taire, j\u2019ai \u00e9t\u00e9 amen\u00e9 \u00e0 lui pr\u00e9senter des propositions qu\u2019il me semble utile de rendre publiques pour alimenter le d\u00e9bat d\u00e9mocratique. Aussi pertinent que soit cet exercice, il ne doit pas conduire \u00e0 des modifications qui ent\u00e9rineraient la situation anormale dans laquelle nous nous trouvons. Les gouvernements qui se succ\u00e8dent sont incapables de faire adopter leurs budgets dans les d\u00e9lais habituels non en raison de r\u00e8gles proc\u00e9durales inadapt\u00e9es, mais surtout parce qu\u2019ils sont minoritaires. Le d\u00e9raillement de la discussion budg\u00e9taire s\u2019explique en premier lieu par la d\u00e9cision du pr\u00e9sident de la R\u00e9publique de nommer un premier ministre\u00a0sans tenir compte de l\u2019expression du suffrage universel \u00e0 l\u2019issue\u00a0des \u00e9lections de 2024. Le v\u00e9ritable probl\u00e8me que nous devons r\u00e9soudre n\u2019est donc pas l\u2019inadaptation de quelques r\u00e8gles mais le d\u00e9s\u00e9quilibre entre les pouvoirs ex\u00e9cutif et l\u00e9gislatif. Il s\u2019agirait donc moins de faire \u00e9voluer des r\u00e8gles budg\u00e9taires que la Ve\u00a0R\u00e9publique elle-m\u00eame. Le courant politique auquel j\u2019appartiens\u00a0 n\u2019imagine pas un toilettage de celle-ci, mais bien son remplacement par une VIe\u00a0R\u00e9publique. C\u2019est la condition pour redonner tout son sens \u00e0 la souverainet\u00e9 populaire. Pour autant, l\u2019exercice me pousse \u00e0 imaginer des ajustements.   Le premier serait d\u2019emp\u00eacher un gouvernement minoritaire de se pr\u00e9senter devant le Parlement comme s\u2019il \u00e9tait majoritaire. Il suffirait de rendre obligatoire le vote de confiance, ce qui rendrait inutiles l\u2019article\u00a049 alin\u00e9a\u00a03 et les ordonnances budg\u00e9taires. Ces diff\u00e9rents outils dont dispose l\u2019ex\u00e9cutif pour \u00e9viter le vote du Parlement pourraient alors \u00eatre supprim\u00e9s. Enchev\u00eatrement de textes financiers Afin de donner plus de poids au Parlement, il me semble ensuite n\u00e9cessaire d\u2019inverser l\u2019ordre d\u2019examen des deux parties du projet de loi de finances (PLF). Les recettes sont aujourd\u2019hui obligatoirement examin\u00e9es avant les d\u00e9penses. Ce cha\u00eenage repose sur l\u2019id\u00e9e que le niveau des d\u00e9penses doit \u00eatre fix\u00e9 \u00e0 partir des recettes mobilis\u00e9es. Cependant, ce principe r\u00e9sulte de pr\u00e9suppos\u00e9s politiques qui favorisent la rigueur budg\u00e9taire. Un renversement de l\u2019ordre d\u2019examen conduirait alors \u00e0 s\u2019int\u00e9resser en priorit\u00e9 \u00e0 la satisfaction des besoins. Il vous reste 68.93% de cet article \u00e0 lire. La suite est r\u00e9serv\u00e9e aux abonn\u00e9s.\" \/>\n<meta property=\"og:url\" content=\"https:\/\/vof-news.eu\/fr\/eric-coquerel-sur-le-budget-examiner-les-depenses-avant-les-recettes-conduirait-a-sinteresser-en-priorite-a-la-satisfaction-des-besoins\/\" \/>\n<meta property=\"og:site_name\" content=\"vof-news.eu\" \/>\n<meta property=\"article:published_time\" content=\"2026-01-30T16:30:23+00:00\" \/>\n<meta property=\"article:modified_time\" content=\"2026-01-30T16:30:50+00:00\" \/>\n<meta name=\"author\" content=\"Author\" \/>\n<meta name=\"twitter:card\" content=\"summary_large_image\" \/>\n<meta name=\"twitter:label1\" content=\"\u00c9crit par\" \/>\n\t<meta name=\"twitter:data1\" content=\"Author\" \/>\n\t<meta name=\"twitter:label2\" content=\"Dur\u00e9e de lecture estim\u00e9e\" \/>\n\t<meta name=\"twitter:data2\" content=\"2 minutes\" \/>\n<script type=\"application\/ld+json\" class=\"yoast-schema-graph\">{\"@context\":\"https:\/\/schema.org\",\"@graph\":[{\"@type\":\"WebPage\",\"@id\":\"https:\/\/vof-news.eu\/fr\/eric-coquerel-sur-le-budget-examiner-les-depenses-avant-les-recettes-conduirait-a-sinteresser-en-priorite-a-la-satisfaction-des-besoins\/\",\"url\":\"https:\/\/vof-news.eu\/fr\/eric-coquerel-sur-le-budget-examiner-les-depenses-avant-les-recettes-conduirait-a-sinteresser-en-priorite-a-la-satisfaction-des-besoins\/\",\"name\":\"Eric Coquerel\u00a0: \u00ab\u00a0Sur le budget, examiner les d\u00e9penses avant les recettes conduirait \u00e0 s\u2019int\u00e9resser en priorit\u00e9 \u00e0 la satisfaction des besoins\u00a0\u00bb - vof-news.eu\",\"isPartOf\":{\"@id\":\"https:\/\/vof-news.eu\/fr\/#website\"},\"datePublished\":\"2026-01-30T16:30:23+00:00\",\"dateModified\":\"2026-01-30T16:30:50+00:00\",\"author\":{\"@id\":\"https:\/\/vof-news.eu\/fr\/#\/schema\/person\/f6a2a4309f0561835797fd8c19b333ed\"},\"description\":\"A l\u2019occasion d\u2019une consultation de la pr\u00e9sidente de l\u2019Assembl\u00e9e nationale pour r\u00e9former la proc\u00e9dure\u00a0budg\u00e9taire, j\u2019ai \u00e9t\u00e9 amen\u00e9 \u00e0 lui pr\u00e9senter des propositions qu\u2019il me semble utile de rendre publiques pour alimenter le d\u00e9bat d\u00e9mocratique. Aussi pertinent que soit cet exercice, il ne doit pas conduire \u00e0 des modifications qui ent\u00e9rineraient la situation anormale dans laquelle nous nous trouvons. Les gouvernements qui se succ\u00e8dent sont incapables de faire adopter leurs budgets dans les d\u00e9lais habituels non en raison de r\u00e8gles proc\u00e9durales inadapt\u00e9es, mais surtout parce qu\u2019ils sont minoritaires. Le d\u00e9raillement de la discussion budg\u00e9taire s\u2019explique en premier lieu par la d\u00e9cision du pr\u00e9sident de la R\u00e9publique de nommer un premier ministre\u00a0sans tenir compte de l\u2019expression du suffrage universel \u00e0 l\u2019issue\u00a0des \u00e9lections de 2024. Le v\u00e9ritable probl\u00e8me que nous devons r\u00e9soudre n\u2019est donc pas l\u2019inadaptation de quelques r\u00e8gles mais le d\u00e9s\u00e9quilibre entre les pouvoirs ex\u00e9cutif et l\u00e9gislatif. Il s\u2019agirait donc moins de faire \u00e9voluer des r\u00e8gles budg\u00e9taires que la Ve\u00a0R\u00e9publique elle-m\u00eame. Le courant politique auquel j\u2019appartiens\u00a0 n\u2019imagine pas un toilettage de celle-ci, mais bien son remplacement par une VIe\u00a0R\u00e9publique. C\u2019est la condition pour redonner tout son sens \u00e0 la souverainet\u00e9 populaire. Pour autant, l\u2019exercice me pousse \u00e0 imaginer des ajustements. Le premier serait d\u2019emp\u00eacher un gouvernement minoritaire de se pr\u00e9senter devant le Parlement comme s\u2019il \u00e9tait majoritaire. Il suffirait de rendre obligatoire le vote de confiance, ce qui rendrait inutiles l\u2019article\u00a049 alin\u00e9a\u00a03 et les ordonnances budg\u00e9taires. Ces diff\u00e9rents outils dont dispose l\u2019ex\u00e9cutif pour \u00e9viter le vote du Parlement pourraient alors \u00eatre supprim\u00e9s. Enchev\u00eatrement de textes financiers Afin de donner plus de poids au Parlement, il me semble ensuite n\u00e9cessaire d\u2019inverser l\u2019ordre d\u2019examen des deux parties du projet de loi de finances (PLF). Les recettes sont aujourd\u2019hui obligatoirement examin\u00e9es avant les d\u00e9penses. Ce cha\u00eenage repose sur l\u2019id\u00e9e que le niveau des d\u00e9penses doit \u00eatre fix\u00e9 \u00e0 partir des recettes mobilis\u00e9es. Cependant, ce principe r\u00e9sulte de pr\u00e9suppos\u00e9s politiques qui favorisent la rigueur budg\u00e9taire. Un renversement de l\u2019ordre d\u2019examen conduirait alors \u00e0 s\u2019int\u00e9resser en priorit\u00e9 \u00e0 la satisfaction des besoins. Il vous reste 68.93% de cet article \u00e0 lire. La suite est r\u00e9serv\u00e9e aux abonn\u00e9s.\",\"breadcrumb\":{\"@id\":\"https:\/\/vof-news.eu\/fr\/eric-coquerel-sur-le-budget-examiner-les-depenses-avant-les-recettes-conduirait-a-sinteresser-en-priorite-a-la-satisfaction-des-besoins\/#breadcrumb\"},\"inLanguage\":\"fr-FR\",\"potentialAction\":[{\"@type\":\"ReadAction\",\"target\":[\"https:\/\/vof-news.eu\/fr\/eric-coquerel-sur-le-budget-examiner-les-depenses-avant-les-recettes-conduirait-a-sinteresser-en-priorite-a-la-satisfaction-des-besoins\/\"]}]},{\"@type\":\"BreadcrumbList\",\"@id\":\"https:\/\/vof-news.eu\/fr\/eric-coquerel-sur-le-budget-examiner-les-depenses-avant-les-recettes-conduirait-a-sinteresser-en-priorite-a-la-satisfaction-des-besoins\/#breadcrumb\",\"itemListElement\":[{\"@type\":\"ListItem\",\"position\":1,\"name\":\"Home\",\"item\":\"https:\/\/vof-news.eu\/fr\/\"},{\"@type\":\"ListItem\",\"position\":2,\"name\":\"Eric Coquerel\u00a0: \u00ab\u00a0Sur le budget, examiner les d\u00e9penses avant les recettes conduirait \u00e0 s\u2019int\u00e9resser en priorit\u00e9 \u00e0 la satisfaction des besoins\u00a0\u00bb\"}]},{\"@type\":\"WebSite\",\"@id\":\"https:\/\/vof-news.eu\/fr\/#website\",\"url\":\"https:\/\/vof-news.eu\/fr\/\",\"name\":\"vof-news.eu\",\"description\":\"\",\"potentialAction\":[{\"@type\":\"SearchAction\",\"target\":{\"@type\":\"EntryPoint\",\"urlTemplate\":\"https:\/\/vof-news.eu\/fr\/?s={search_term_string}\"},\"query-input\":\"required name=search_term_string\"}],\"inLanguage\":\"fr-FR\"},{\"@type\":\"Person\",\"@id\":\"https:\/\/vof-news.eu\/fr\/#\/schema\/person\/f6a2a4309f0561835797fd8c19b333ed\",\"name\":\"Author\",\"image\":{\"@type\":\"ImageObject\",\"inLanguage\":\"fr-FR\",\"@id\":\"https:\/\/vof-news.eu\/fr\/#\/schema\/person\/image\/\",\"url\":\"https:\/\/secure.gravatar.com\/avatar\/b67e614b1b25b3e9c0c239efdd2fde5ab015b5affd6f1c3c85911ca4b384e790?s=96&d=mm&r=g\",\"contentUrl\":\"https:\/\/secure.gravatar.com\/avatar\/b67e614b1b25b3e9c0c239efdd2fde5ab015b5affd6f1c3c85911ca4b384e790?s=96&d=mm&r=g\",\"caption\":\"Author\"},\"sameAs\":[\"http:\/\/vof-news.eu\"],\"url\":\"https:\/\/vof-news.eu\/fr\/author\/zwt6qxnjulxbnyg\/\"}]}<\/script>\n<!-- \/ Yoast SEO plugin. -->","yoast_head_json":{"title":"Eric Coquerel\u00a0: \u00ab\u00a0Sur le budget, examiner les d\u00e9penses avant les recettes conduirait \u00e0 s\u2019int\u00e9resser en priorit\u00e9 \u00e0 la satisfaction des besoins\u00a0\u00bb - vof-news.eu","description":"A l\u2019occasion d\u2019une consultation de la pr\u00e9sidente de l\u2019Assembl\u00e9e nationale pour r\u00e9former la proc\u00e9dure\u00a0budg\u00e9taire, j\u2019ai \u00e9t\u00e9 amen\u00e9 \u00e0 lui pr\u00e9senter des propositions qu\u2019il me semble utile de rendre publiques pour alimenter le d\u00e9bat d\u00e9mocratique. Aussi pertinent que soit cet exercice, il ne doit pas conduire \u00e0 des modifications qui ent\u00e9rineraient la situation anormale dans laquelle nous nous trouvons. Les gouvernements qui se succ\u00e8dent sont incapables de faire adopter leurs budgets dans les d\u00e9lais habituels non en raison de r\u00e8gles proc\u00e9durales inadapt\u00e9es, mais surtout parce qu\u2019ils sont minoritaires. Le d\u00e9raillement de la discussion budg\u00e9taire s\u2019explique en premier lieu par la d\u00e9cision du pr\u00e9sident de la R\u00e9publique de nommer un premier ministre\u00a0sans tenir compte de l\u2019expression du suffrage universel \u00e0 l\u2019issue\u00a0des \u00e9lections de 2024. Le v\u00e9ritable probl\u00e8me que nous devons r\u00e9soudre n\u2019est donc pas l\u2019inadaptation de quelques r\u00e8gles mais le d\u00e9s\u00e9quilibre entre les pouvoirs ex\u00e9cutif et l\u00e9gislatif. Il s\u2019agirait donc moins de faire \u00e9voluer des r\u00e8gles budg\u00e9taires que la Ve\u00a0R\u00e9publique elle-m\u00eame. Le courant politique auquel j\u2019appartiens\u00a0 n\u2019imagine pas un toilettage de celle-ci, mais bien son remplacement par une VIe\u00a0R\u00e9publique. C\u2019est la condition pour redonner tout son sens \u00e0 la souverainet\u00e9 populaire. Pour autant, l\u2019exercice me pousse \u00e0 imaginer des ajustements.   Le premier serait d\u2019emp\u00eacher un gouvernement minoritaire de se pr\u00e9senter devant le Parlement comme s\u2019il \u00e9tait majoritaire. Il suffirait de rendre obligatoire le vote de confiance, ce qui rendrait inutiles l\u2019article\u00a049 alin\u00e9a\u00a03 et les ordonnances budg\u00e9taires. Ces diff\u00e9rents outils dont dispose l\u2019ex\u00e9cutif pour \u00e9viter le vote du Parlement pourraient alors \u00eatre supprim\u00e9s. Enchev\u00eatrement de textes financiers Afin de donner plus de poids au Parlement, il me semble ensuite n\u00e9cessaire d\u2019inverser l\u2019ordre d\u2019examen des deux parties du projet de loi de finances (PLF). Les recettes sont aujourd\u2019hui obligatoirement examin\u00e9es avant les d\u00e9penses. Ce cha\u00eenage repose sur l\u2019id\u00e9e que le niveau des d\u00e9penses doit \u00eatre fix\u00e9 \u00e0 partir des recettes mobilis\u00e9es. Cependant, ce principe r\u00e9sulte de pr\u00e9suppos\u00e9s politiques qui favorisent la rigueur budg\u00e9taire. Un renversement de l\u2019ordre d\u2019examen conduirait alors \u00e0 s\u2019int\u00e9resser en priorit\u00e9 \u00e0 la satisfaction des besoins. Il vous reste 68.93% de cet article \u00e0 lire. La suite est r\u00e9serv\u00e9e aux abonn\u00e9s.","robots":{"index":"noindex","follow":"follow","max-snippet":"max-snippet:-1","max-image-preview":"max-image-preview:large","max-video-preview":"max-video-preview:-1"},"og_locale":"fr_FR","og_type":"article","og_title":"Eric Coquerel\u00a0: \u00ab\u00a0Sur le budget, examiner les d\u00e9penses avant les recettes conduirait \u00e0 s\u2019int\u00e9resser en priorit\u00e9 \u00e0 la satisfaction des besoins\u00a0\u00bb - vof-news.eu","og_description":"A l\u2019occasion d\u2019une consultation de la pr\u00e9sidente de l\u2019Assembl\u00e9e nationale pour r\u00e9former la proc\u00e9dure\u00a0budg\u00e9taire, j\u2019ai \u00e9t\u00e9 amen\u00e9 \u00e0 lui pr\u00e9senter des propositions qu\u2019il me semble utile de rendre publiques pour alimenter le d\u00e9bat d\u00e9mocratique. Aussi pertinent que soit cet exercice, il ne doit pas conduire \u00e0 des modifications qui ent\u00e9rineraient la situation anormale dans laquelle nous nous trouvons. Les gouvernements qui se succ\u00e8dent sont incapables de faire adopter leurs budgets dans les d\u00e9lais habituels non en raison de r\u00e8gles proc\u00e9durales inadapt\u00e9es, mais surtout parce qu\u2019ils sont minoritaires. Le d\u00e9raillement de la discussion budg\u00e9taire s\u2019explique en premier lieu par la d\u00e9cision du pr\u00e9sident de la R\u00e9publique de nommer un premier ministre\u00a0sans tenir compte de l\u2019expression du suffrage universel \u00e0 l\u2019issue\u00a0des \u00e9lections de 2024. Le v\u00e9ritable probl\u00e8me que nous devons r\u00e9soudre n\u2019est donc pas l\u2019inadaptation de quelques r\u00e8gles mais le d\u00e9s\u00e9quilibre entre les pouvoirs ex\u00e9cutif et l\u00e9gislatif. Il s\u2019agirait donc moins de faire \u00e9voluer des r\u00e8gles budg\u00e9taires que la Ve\u00a0R\u00e9publique elle-m\u00eame. Le courant politique auquel j\u2019appartiens\u00a0 n\u2019imagine pas un toilettage de celle-ci, mais bien son remplacement par une VIe\u00a0R\u00e9publique. C\u2019est la condition pour redonner tout son sens \u00e0 la souverainet\u00e9 populaire. Pour autant, l\u2019exercice me pousse \u00e0 imaginer des ajustements.   Le premier serait d\u2019emp\u00eacher un gouvernement minoritaire de se pr\u00e9senter devant le Parlement comme s\u2019il \u00e9tait majoritaire. Il suffirait de rendre obligatoire le vote de confiance, ce qui rendrait inutiles l\u2019article\u00a049 alin\u00e9a\u00a03 et les ordonnances budg\u00e9taires. Ces diff\u00e9rents outils dont dispose l\u2019ex\u00e9cutif pour \u00e9viter le vote du Parlement pourraient alors \u00eatre supprim\u00e9s. Enchev\u00eatrement de textes financiers Afin de donner plus de poids au Parlement, il me semble ensuite n\u00e9cessaire d\u2019inverser l\u2019ordre d\u2019examen des deux parties du projet de loi de finances (PLF). Les recettes sont aujourd\u2019hui obligatoirement examin\u00e9es avant les d\u00e9penses. Ce cha\u00eenage repose sur l\u2019id\u00e9e que le niveau des d\u00e9penses doit \u00eatre fix\u00e9 \u00e0 partir des recettes mobilis\u00e9es. Cependant, ce principe r\u00e9sulte de pr\u00e9suppos\u00e9s politiques qui favorisent la rigueur budg\u00e9taire. Un renversement de l\u2019ordre d\u2019examen conduirait alors \u00e0 s\u2019int\u00e9resser en priorit\u00e9 \u00e0 la satisfaction des besoins. Il vous reste 68.93% de cet article \u00e0 lire. La suite est r\u00e9serv\u00e9e aux abonn\u00e9s.","og_url":"https:\/\/vof-news.eu\/fr\/eric-coquerel-sur-le-budget-examiner-les-depenses-avant-les-recettes-conduirait-a-sinteresser-en-priorite-a-la-satisfaction-des-besoins\/","og_site_name":"vof-news.eu","article_published_time":"2026-01-30T16:30:23+00:00","article_modified_time":"2026-01-30T16:30:50+00:00","author":"Author","twitter_card":"summary_large_image","twitter_misc":{"\u00c9crit par":"Author","Dur\u00e9e de lecture estim\u00e9e":"2 minutes"},"schema":{"@context":"https:\/\/schema.org","@graph":[{"@type":"WebPage","@id":"https:\/\/vof-news.eu\/fr\/eric-coquerel-sur-le-budget-examiner-les-depenses-avant-les-recettes-conduirait-a-sinteresser-en-priorite-a-la-satisfaction-des-besoins\/","url":"https:\/\/vof-news.eu\/fr\/eric-coquerel-sur-le-budget-examiner-les-depenses-avant-les-recettes-conduirait-a-sinteresser-en-priorite-a-la-satisfaction-des-besoins\/","name":"Eric Coquerel\u00a0: \u00ab\u00a0Sur le budget, examiner les d\u00e9penses avant les recettes conduirait \u00e0 s\u2019int\u00e9resser en priorit\u00e9 \u00e0 la satisfaction des besoins\u00a0\u00bb - vof-news.eu","isPartOf":{"@id":"https:\/\/vof-news.eu\/fr\/#website"},"datePublished":"2026-01-30T16:30:23+00:00","dateModified":"2026-01-30T16:30:50+00:00","author":{"@id":"https:\/\/vof-news.eu\/fr\/#\/schema\/person\/f6a2a4309f0561835797fd8c19b333ed"},"description":"A l\u2019occasion d\u2019une consultation de la pr\u00e9sidente de l\u2019Assembl\u00e9e nationale pour r\u00e9former la proc\u00e9dure\u00a0budg\u00e9taire, j\u2019ai \u00e9t\u00e9 amen\u00e9 \u00e0 lui pr\u00e9senter des propositions qu\u2019il me semble utile de rendre publiques pour alimenter le d\u00e9bat d\u00e9mocratique. Aussi pertinent que soit cet exercice, il ne doit pas conduire \u00e0 des modifications qui ent\u00e9rineraient la situation anormale dans laquelle nous nous trouvons. Les gouvernements qui se succ\u00e8dent sont incapables de faire adopter leurs budgets dans les d\u00e9lais habituels non en raison de r\u00e8gles proc\u00e9durales inadapt\u00e9es, mais surtout parce qu\u2019ils sont minoritaires. Le d\u00e9raillement de la discussion budg\u00e9taire s\u2019explique en premier lieu par la d\u00e9cision du pr\u00e9sident de la R\u00e9publique de nommer un premier ministre\u00a0sans tenir compte de l\u2019expression du suffrage universel \u00e0 l\u2019issue\u00a0des \u00e9lections de 2024. Le v\u00e9ritable probl\u00e8me que nous devons r\u00e9soudre n\u2019est donc pas l\u2019inadaptation de quelques r\u00e8gles mais le d\u00e9s\u00e9quilibre entre les pouvoirs ex\u00e9cutif et l\u00e9gislatif. Il s\u2019agirait donc moins de faire \u00e9voluer des r\u00e8gles budg\u00e9taires que la Ve\u00a0R\u00e9publique elle-m\u00eame. Le courant politique auquel j\u2019appartiens\u00a0 n\u2019imagine pas un toilettage de celle-ci, mais bien son remplacement par une VIe\u00a0R\u00e9publique. C\u2019est la condition pour redonner tout son sens \u00e0 la souverainet\u00e9 populaire. Pour autant, l\u2019exercice me pousse \u00e0 imaginer des ajustements. Le premier serait d\u2019emp\u00eacher un gouvernement minoritaire de se pr\u00e9senter devant le Parlement comme s\u2019il \u00e9tait majoritaire. Il suffirait de rendre obligatoire le vote de confiance, ce qui rendrait inutiles l\u2019article\u00a049 alin\u00e9a\u00a03 et les ordonnances budg\u00e9taires. Ces diff\u00e9rents outils dont dispose l\u2019ex\u00e9cutif pour \u00e9viter le vote du Parlement pourraient alors \u00eatre supprim\u00e9s. Enchev\u00eatrement de textes financiers Afin de donner plus de poids au Parlement, il me semble ensuite n\u00e9cessaire d\u2019inverser l\u2019ordre d\u2019examen des deux parties du projet de loi de finances (PLF). Les recettes sont aujourd\u2019hui obligatoirement examin\u00e9es avant les d\u00e9penses. Ce cha\u00eenage repose sur l\u2019id\u00e9e que le niveau des d\u00e9penses doit \u00eatre fix\u00e9 \u00e0 partir des recettes mobilis\u00e9es. Cependant, ce principe r\u00e9sulte de pr\u00e9suppos\u00e9s politiques qui favorisent la rigueur budg\u00e9taire. Un renversement de l\u2019ordre d\u2019examen conduirait alors \u00e0 s\u2019int\u00e9resser en priorit\u00e9 \u00e0 la satisfaction des besoins. Il vous reste 68.93% de cet article \u00e0 lire. La suite est r\u00e9serv\u00e9e aux abonn\u00e9s.","breadcrumb":{"@id":"https:\/\/vof-news.eu\/fr\/eric-coquerel-sur-le-budget-examiner-les-depenses-avant-les-recettes-conduirait-a-sinteresser-en-priorite-a-la-satisfaction-des-besoins\/#breadcrumb"},"inLanguage":"fr-FR","potentialAction":[{"@type":"ReadAction","target":["https:\/\/vof-news.eu\/fr\/eric-coquerel-sur-le-budget-examiner-les-depenses-avant-les-recettes-conduirait-a-sinteresser-en-priorite-a-la-satisfaction-des-besoins\/"]}]},{"@type":"BreadcrumbList","@id":"https:\/\/vof-news.eu\/fr\/eric-coquerel-sur-le-budget-examiner-les-depenses-avant-les-recettes-conduirait-a-sinteresser-en-priorite-a-la-satisfaction-des-besoins\/#breadcrumb","itemListElement":[{"@type":"ListItem","position":1,"name":"Home","item":"https:\/\/vof-news.eu\/fr\/"},{"@type":"ListItem","position":2,"name":"Eric Coquerel\u00a0: \u00ab\u00a0Sur le budget, examiner les d\u00e9penses avant les recettes conduirait \u00e0 s\u2019int\u00e9resser en priorit\u00e9 \u00e0 la satisfaction des besoins\u00a0\u00bb"}]},{"@type":"WebSite","@id":"https:\/\/vof-news.eu\/fr\/#website","url":"https:\/\/vof-news.eu\/fr\/","name":"vof-news.eu","description":"","potentialAction":[{"@type":"SearchAction","target":{"@type":"EntryPoint","urlTemplate":"https:\/\/vof-news.eu\/fr\/?s={search_term_string}"},"query-input":"required name=search_term_string"}],"inLanguage":"fr-FR"},{"@type":"Person","@id":"https:\/\/vof-news.eu\/fr\/#\/schema\/person\/f6a2a4309f0561835797fd8c19b333ed","name":"Author","image":{"@type":"ImageObject","inLanguage":"fr-FR","@id":"https:\/\/vof-news.eu\/fr\/#\/schema\/person\/image\/","url":"https:\/\/secure.gravatar.com\/avatar\/b67e614b1b25b3e9c0c239efdd2fde5ab015b5affd6f1c3c85911ca4b384e790?s=96&d=mm&r=g","contentUrl":"https:\/\/secure.gravatar.com\/avatar\/b67e614b1b25b3e9c0c239efdd2fde5ab015b5affd6f1c3c85911ca4b384e790?s=96&d=mm&r=g","caption":"Author"},"sameAs":["http:\/\/vof-news.eu"],"url":"https:\/\/vof-news.eu\/fr\/author\/zwt6qxnjulxbnyg\/"}]}},"yoast_meta":{"yoast_wpseo_title":"","yoast_wpseo_metadesc":"","yoast_wpseo_canonical":""},"_links":{"self":[{"href":"https:\/\/vof-news.eu\/fr\/wp-json\/wp\/v2\/posts\/322043","targetHints":{"allow":["GET"]}}],"collection":[{"href":"https:\/\/vof-news.eu\/fr\/wp-json\/wp\/v2\/posts"}],"about":[{"href":"https:\/\/vof-news.eu\/fr\/wp-json\/wp\/v2\/types\/post"}],"author":[{"embeddable":true,"href":"https:\/\/vof-news.eu\/fr\/wp-json\/wp\/v2\/users\/1"}],"replies":[{"embeddable":true,"href":"https:\/\/vof-news.eu\/fr\/wp-json\/wp\/v2\/comments?post=322043"}],"version-history":[{"count":1,"href":"https:\/\/vof-news.eu\/fr\/wp-json\/wp\/v2\/posts\/322043\/revisions"}],"predecessor-version":[{"id":322044,"href":"https:\/\/vof-news.eu\/fr\/wp-json\/wp\/v2\/posts\/322043\/revisions\/322044"}],"wp:attachment":[{"href":"https:\/\/vof-news.eu\/fr\/wp-json\/wp\/v2\/media?parent=322043"}],"wp:term":[{"taxonomy":"category","embeddable":true,"href":"https:\/\/vof-news.eu\/fr\/wp-json\/wp\/v2\/categories?post=322043"},{"taxonomy":"post_tag","embeddable":true,"href":"https:\/\/vof-news.eu\/fr\/wp-json\/wp\/v2\/tags?post=322043"}],"curies":[{"name":"wp","href":"https:\/\/api.w.org\/{rel}","templated":true}]}}