{"id":321798,"date":"2026-01-30T09:30:38","date_gmt":"2026-01-30T06:30:38","guid":{"rendered":"https:\/\/vof-news.eu\/gianni-infantino-executant-docile-de-donald-trump-avant-la-coupe-du-monde-2026\/"},"modified":"2026-01-30T09:31:25","modified_gmt":"2026-01-30T06:31:25","slug":"gianni-infantino-executant-docile-de-donald-trump-avant-la-coupe-du-monde-2026","status":"publish","type":"post","link":"https:\/\/vof-news.eu\/fr\/gianni-infantino-executant-docile-de-donald-trump-avant-la-coupe-du-monde-2026\/","title":{"rendered":"Gianni Infantino, ex\u00e9cutant docile\u00a0de Donald Trump avant la Coupe du monde 2026"},"content":{"rendered":"<article>\n<p><span>C<\/span>omme son nom l\u2019indique, la Coupe du monde de football est cens\u00e9e \u00eatre un \u00e9v\u00e9nement universel, une grande f\u00eate populaire. Du moins en th\u00e9orie, car l\u2019\u00e9dition\u00a02026, du 11\u00a0juin au 19\u00a0juillet au Mexique, au Canada et, surtout, aux Etats-Unis,\u00a0o\u00f9 se joueront\u00a078 des 104\u00a0matchs pr\u00e9vus, n\u2019en prend pas le chemin.<\/p>\n<p>La politique, tant int\u00e9rieure qu\u2019internationale, de Donald Trump complique l\u2019organisation de la comp\u00e9tition et g\u00e9n\u00e8re de nombreuses inqui\u00e9tudes sur son d\u00e9roulement. Dans ce contexte, le pr\u00e9sident de la F\u00e9d\u00e9ration internationale de football\u00a0(FIFA), Gianni Infantino, brille par son silence. Il subit sans broncher les d\u00e9cisions du chef de file du mouvement MAGA\u00a0(Make America Great Again, \u00ab\u00a0rendre sa grandeur \u00e0 l\u2019Am\u00e9rique\u00a0\u00bb). Comme s\u2019il \u00e9tait le spectateur impuissant des pr\u00e9paratifs d\u2019un \u00e9v\u00e9nement dont il est pourtant cens\u00e9 assurer la bonne tenue.<\/p>\n<p>Le dirigeant a vant\u00e9 \u00e0 maintes reprises le Mondial . Mais il ne s\u2019est pas \u00e9mu des restrictions de visas \u2212\u00a0interdiction totale pour l\u2019Iran et Ha\u00efti, partielle pour la C\u00f4te d\u2019Ivoire et le S\u00e9n\u00e9gal\u00a0\u2212 impos\u00e9es par l\u2019administration am\u00e9ricaine, qui emp\u00eacheront de nombreux supporteurs de se rendre aux Etats-Unis pour le tournoi. Que cela revienne, dans les faits, \u00e0 <a href=\"https:\/\/www.lemonde.fr\/sport\/article\/2025\/12\/19\/la-coupe-du-monde-2026-s-eloigne-pour-les-supporteurs-du-senegal-et-de-la-cote-d-ivoire_6658739_3242.html\" rel=\"nofollow\">interdire, par exemple, \u00e0 l\u2019immense majorit\u00e9 des fans du S\u00e9n\u00e9gal, r\u00e9cent champion d\u2019Afrique, de venir encourager leur s\u00e9lection<\/a>, ne semble pas lui poser probl\u00e8me. , assurait pourtant Gianni Infantino en mars\u00a02017.<\/p>\n<p>Les pratiques brutales de la police f\u00e9d\u00e9rale de l\u2019immigration, qui a tu\u00e9 deux ressortissants am\u00e9ricains \u00e0 Minneapolis\u00a0(Minnesota), en janvier, et fait peser une grande incertitude sur le climat social dans lequel se d\u00e9roulera la comp\u00e9tition\u00a0? Le pr\u00e9sident de la FIFA n\u2019y voit rien \u00e0 redire. , balayait-il lorsqu\u2019il avait \u00e9t\u00e9 interrog\u00e9 sur <a href=\"https:\/\/www.lemonde.fr\/sport\/article\/2025\/06\/23\/il-suffit-d-avoir-l-apparence-d-un-latino-pour-avoir-des-problemes-en-marge-de-la-coupe-du-monde-des-clubs-la-crainte-des-raids-de-la-police-de-l-immigration_6615484_3242.html\" rel=\"nofollow\">la pr\u00e9sence de ces agents tr\u00e8s controvers\u00e9s aux abords des stades lors du Mondial des clubs, \u00e0 l\u2019\u00e9t\u00e9\u00a02025<\/a>.<\/p>\n<p><strong>Il vous reste 65.38% de cet article \u00e0 lire. La suite est r\u00e9serv\u00e9e aux abonn\u00e9s.<\/strong><\/p>\n<\/article>\n","protected":false},"excerpt":{"rendered":"<p>Comme son nom l\u2019indique, la Coupe du monde de football est cens\u00e9e \u00eatre un \u00e9v\u00e9nement universel, une grande f\u00eate populaire. Du moins en th\u00e9orie, car l\u2019\u00e9dition\u00a02026, du 11\u00a0juin au 19\u00a0juillet au Mexique, au Canada et, surtout, aux Etats-Unis,\u00a0o\u00f9 se joueront\u00a078 des 104\u00a0matchs pr\u00e9vus, n\u2019en prend pas le chemin. La politique, tant int\u00e9rieure qu\u2019internationale, de Donald<\/p>\n","protected":false},"author":1,"featured_media":0,"comment_status":"open","ping_status":"open","sticky":false,"template":"","format":"standard","meta":{"footnotes":""},"categories":[73],"tags":[],"class_list":["post-321798","post","type-post","status-publish","format-standard","hentry","category-sport-fr"],"acf":[],"yoast_head":"<!-- This site is optimized with the Yoast SEO plugin v22.9 - https:\/\/yoast.com\/wordpress\/plugins\/seo\/ -->\n<title>Gianni Infantino, ex\u00e9cutant docile\u00a0de Donald Trump avant la Coupe du monde 2026 - vof-news.eu<\/title>\n<meta name=\"description\" content=\"Comme son nom l\u2019indique, la Coupe du monde de football est cens\u00e9e \u00eatre un \u00e9v\u00e9nement universel, une grande f\u00eate populaire. Du moins en th\u00e9orie, car l\u2019\u00e9dition\u00a02026, du 11\u00a0juin au 19\u00a0juillet au Mexique, au Canada et, surtout, aux Etats-Unis,\u00a0o\u00f9 se joueront\u00a078 des 104\u00a0matchs pr\u00e9vus, n\u2019en prend pas le chemin. La politique, tant int\u00e9rieure qu\u2019internationale, de Donald Trump complique l\u2019organisation de la comp\u00e9tition et g\u00e9n\u00e8re de nombreuses inqui\u00e9tudes sur son d\u00e9roulement. Dans ce contexte, le pr\u00e9sident de la F\u00e9d\u00e9ration internationale de football\u00a0(FIFA), Gianni Infantino, brille par son silence. Il subit sans broncher les d\u00e9cisions du chef de file du mouvement MAGA\u00a0(Make America Great Again, \u00ab\u00a0rendre sa grandeur \u00e0 l\u2019Am\u00e9rique\u00a0\u00bb). Comme s\u2019il \u00e9tait le spectateur impuissant des pr\u00e9paratifs d\u2019un \u00e9v\u00e9nement dont il est pourtant cens\u00e9 assurer la bonne tenue. Le dirigeant a vant\u00e9 \u00e0 maintes reprises le Mondial . Mais il ne s\u2019est pas \u00e9mu des restrictions de visas \u2212\u00a0interdiction totale pour l\u2019Iran et Ha\u00efti, partielle pour la C\u00f4te d\u2019Ivoire et le S\u00e9n\u00e9gal\u00a0\u2212 impos\u00e9es par l\u2019administration am\u00e9ricaine, qui emp\u00eacheront de nombreux supporteurs de se rendre aux Etats-Unis pour le tournoi. Que cela revienne, dans les faits, \u00e0 interdire, par exemple, \u00e0 l\u2019immense majorit\u00e9 des fans du S\u00e9n\u00e9gal, r\u00e9cent champion d\u2019Afrique, de venir encourager leur s\u00e9lection, ne semble pas lui poser probl\u00e8me. , assurait pourtant Gianni Infantino en mars\u00a02017. Les pratiques brutales de la police f\u00e9d\u00e9rale de l\u2019immigration, qui a tu\u00e9 deux ressortissants am\u00e9ricains \u00e0 Minneapolis\u00a0(Minnesota), en janvier, et fait peser une grande incertitude sur le climat social dans lequel se d\u00e9roulera la comp\u00e9tition\u00a0? Le pr\u00e9sident de la FIFA n\u2019y voit rien \u00e0 redire. , balayait-il lorsqu\u2019il avait \u00e9t\u00e9 interrog\u00e9 sur la pr\u00e9sence de ces agents tr\u00e8s controvers\u00e9s aux abords des stades lors du Mondial des clubs, \u00e0 l\u2019\u00e9t\u00e9\u00a02025. Il vous reste 65.38% de cet article \u00e0 lire. La suite est r\u00e9serv\u00e9e aux abonn\u00e9s.\" \/>\n<meta name=\"robots\" content=\"noindex, follow, max-snippet:-1, max-image-preview:large, max-video-preview:-1\" \/>\n<meta property=\"og:locale\" content=\"fr_FR\" \/>\n<meta property=\"og:type\" content=\"article\" \/>\n<meta property=\"og:title\" content=\"Gianni Infantino, ex\u00e9cutant docile\u00a0de Donald Trump avant la Coupe du monde 2026 - vof-news.eu\" \/>\n<meta property=\"og:description\" content=\"Comme son nom l\u2019indique, la Coupe du monde de football est cens\u00e9e \u00eatre un \u00e9v\u00e9nement universel, une grande f\u00eate populaire. Du moins en th\u00e9orie, car l\u2019\u00e9dition\u00a02026, du 11\u00a0juin au 19\u00a0juillet au Mexique, au Canada et, surtout, aux Etats-Unis,\u00a0o\u00f9 se joueront\u00a078 des 104\u00a0matchs pr\u00e9vus, n\u2019en prend pas le chemin. La politique, tant int\u00e9rieure qu\u2019internationale, de Donald Trump complique l\u2019organisation de la comp\u00e9tition et g\u00e9n\u00e8re de nombreuses inqui\u00e9tudes sur son d\u00e9roulement. Dans ce contexte, le pr\u00e9sident de la F\u00e9d\u00e9ration internationale de football\u00a0(FIFA), Gianni Infantino, brille par son silence. Il subit sans broncher les d\u00e9cisions du chef de file du mouvement MAGA\u00a0(Make America Great Again, \u00ab\u00a0rendre sa grandeur \u00e0 l\u2019Am\u00e9rique\u00a0\u00bb). Comme s\u2019il \u00e9tait le spectateur impuissant des pr\u00e9paratifs d\u2019un \u00e9v\u00e9nement dont il est pourtant cens\u00e9 assurer la bonne tenue. Le dirigeant a vant\u00e9 \u00e0 maintes reprises le Mondial . Mais il ne s\u2019est pas \u00e9mu des restrictions de visas \u2212\u00a0interdiction totale pour l\u2019Iran et Ha\u00efti, partielle pour la C\u00f4te d\u2019Ivoire et le S\u00e9n\u00e9gal\u00a0\u2212 impos\u00e9es par l\u2019administration am\u00e9ricaine, qui emp\u00eacheront de nombreux supporteurs de se rendre aux Etats-Unis pour le tournoi. Que cela revienne, dans les faits, \u00e0 interdire, par exemple, \u00e0 l\u2019immense majorit\u00e9 des fans du S\u00e9n\u00e9gal, r\u00e9cent champion d\u2019Afrique, de venir encourager leur s\u00e9lection, ne semble pas lui poser probl\u00e8me. , assurait pourtant Gianni Infantino en mars\u00a02017. Les pratiques brutales de la police f\u00e9d\u00e9rale de l\u2019immigration, qui a tu\u00e9 deux ressortissants am\u00e9ricains \u00e0 Minneapolis\u00a0(Minnesota), en janvier, et fait peser une grande incertitude sur le climat social dans lequel se d\u00e9roulera la comp\u00e9tition\u00a0? Le pr\u00e9sident de la FIFA n\u2019y voit rien \u00e0 redire. , balayait-il lorsqu\u2019il avait \u00e9t\u00e9 interrog\u00e9 sur la pr\u00e9sence de ces agents tr\u00e8s controvers\u00e9s aux abords des stades lors du Mondial des clubs, \u00e0 l\u2019\u00e9t\u00e9\u00a02025. Il vous reste 65.38% de cet article \u00e0 lire. La suite est r\u00e9serv\u00e9e aux abonn\u00e9s.\" \/>\n<meta property=\"og:url\" content=\"https:\/\/vof-news.eu\/fr\/gianni-infantino-executant-docile-de-donald-trump-avant-la-coupe-du-monde-2026\/\" \/>\n<meta property=\"og:site_name\" content=\"vof-news.eu\" \/>\n<meta property=\"article:published_time\" content=\"2026-01-30T06:30:38+00:00\" \/>\n<meta property=\"article:modified_time\" content=\"2026-01-30T06:31:25+00:00\" \/>\n<meta name=\"author\" content=\"Author\" \/>\n<meta name=\"twitter:card\" content=\"summary_large_image\" \/>\n<meta name=\"twitter:label1\" content=\"\u00c9crit par\" \/>\n\t<meta name=\"twitter:data1\" content=\"Author\" \/>\n\t<meta name=\"twitter:label2\" content=\"Dur\u00e9e de lecture estim\u00e9e\" \/>\n\t<meta name=\"twitter:data2\" content=\"2 minutes\" \/>\n<script type=\"application\/ld+json\" class=\"yoast-schema-graph\">{\"@context\":\"https:\/\/schema.org\",\"@graph\":[{\"@type\":\"WebPage\",\"@id\":\"https:\/\/vof-news.eu\/fr\/gianni-infantino-executant-docile-de-donald-trump-avant-la-coupe-du-monde-2026\/\",\"url\":\"https:\/\/vof-news.eu\/fr\/gianni-infantino-executant-docile-de-donald-trump-avant-la-coupe-du-monde-2026\/\",\"name\":\"Gianni Infantino, ex\u00e9cutant docile\u00a0de Donald Trump avant la Coupe du monde 2026 - vof-news.eu\",\"isPartOf\":{\"@id\":\"https:\/\/vof-news.eu\/fr\/#website\"},\"datePublished\":\"2026-01-30T06:30:38+00:00\",\"dateModified\":\"2026-01-30T06:31:25+00:00\",\"author\":{\"@id\":\"https:\/\/vof-news.eu\/fr\/#\/schema\/person\/f6a2a4309f0561835797fd8c19b333ed\"},\"description\":\"Comme son nom l\u2019indique, la Coupe du monde de football est cens\u00e9e \u00eatre un \u00e9v\u00e9nement universel, une grande f\u00eate populaire. Du moins en th\u00e9orie, car l\u2019\u00e9dition\u00a02026, du 11\u00a0juin au 19\u00a0juillet au Mexique, au Canada et, surtout, aux Etats-Unis,\u00a0o\u00f9 se joueront\u00a078 des 104\u00a0matchs pr\u00e9vus, n\u2019en prend pas le chemin. La politique, tant int\u00e9rieure qu\u2019internationale, de Donald Trump complique l\u2019organisation de la comp\u00e9tition et g\u00e9n\u00e8re de nombreuses inqui\u00e9tudes sur son d\u00e9roulement. Dans ce contexte, le pr\u00e9sident de la F\u00e9d\u00e9ration internationale de football\u00a0(FIFA), Gianni Infantino, brille par son silence. Il subit sans broncher les d\u00e9cisions du chef de file du mouvement MAGA\u00a0(Make America Great Again, \u00ab\u00a0rendre sa grandeur \u00e0 l\u2019Am\u00e9rique\u00a0\u00bb). Comme s\u2019il \u00e9tait le spectateur impuissant des pr\u00e9paratifs d\u2019un \u00e9v\u00e9nement dont il est pourtant cens\u00e9 assurer la bonne tenue. Le dirigeant a vant\u00e9 \u00e0 maintes reprises le Mondial . Mais il ne s\u2019est pas \u00e9mu des restrictions de visas \u2212\u00a0interdiction totale pour l\u2019Iran et Ha\u00efti, partielle pour la C\u00f4te d\u2019Ivoire et le S\u00e9n\u00e9gal\u00a0\u2212 impos\u00e9es par l\u2019administration am\u00e9ricaine, qui emp\u00eacheront de nombreux supporteurs de se rendre aux Etats-Unis pour le tournoi. Que cela revienne, dans les faits, \u00e0 interdire, par exemple, \u00e0 l\u2019immense majorit\u00e9 des fans du S\u00e9n\u00e9gal, r\u00e9cent champion d\u2019Afrique, de venir encourager leur s\u00e9lection, ne semble pas lui poser probl\u00e8me. , assurait pourtant Gianni Infantino en mars\u00a02017. Les pratiques brutales de la police f\u00e9d\u00e9rale de l\u2019immigration, qui a tu\u00e9 deux ressortissants am\u00e9ricains \u00e0 Minneapolis\u00a0(Minnesota), en janvier, et fait peser une grande incertitude sur le climat social dans lequel se d\u00e9roulera la comp\u00e9tition\u00a0? Le pr\u00e9sident de la FIFA n\u2019y voit rien \u00e0 redire. , balayait-il lorsqu\u2019il avait \u00e9t\u00e9 interrog\u00e9 sur la pr\u00e9sence de ces agents tr\u00e8s controvers\u00e9s aux abords des stades lors du Mondial des clubs, \u00e0 l\u2019\u00e9t\u00e9\u00a02025. Il vous reste 65.38% de cet article \u00e0 lire. La suite est r\u00e9serv\u00e9e aux abonn\u00e9s.\",\"breadcrumb\":{\"@id\":\"https:\/\/vof-news.eu\/fr\/gianni-infantino-executant-docile-de-donald-trump-avant-la-coupe-du-monde-2026\/#breadcrumb\"},\"inLanguage\":\"fr-FR\",\"potentialAction\":[{\"@type\":\"ReadAction\",\"target\":[\"https:\/\/vof-news.eu\/fr\/gianni-infantino-executant-docile-de-donald-trump-avant-la-coupe-du-monde-2026\/\"]}]},{\"@type\":\"BreadcrumbList\",\"@id\":\"https:\/\/vof-news.eu\/fr\/gianni-infantino-executant-docile-de-donald-trump-avant-la-coupe-du-monde-2026\/#breadcrumb\",\"itemListElement\":[{\"@type\":\"ListItem\",\"position\":1,\"name\":\"Home\",\"item\":\"https:\/\/vof-news.eu\/fr\/\"},{\"@type\":\"ListItem\",\"position\":2,\"name\":\"Gianni Infantino, ex\u00e9cutant docile\u00a0de Donald Trump avant la Coupe du monde 2026\"}]},{\"@type\":\"WebSite\",\"@id\":\"https:\/\/vof-news.eu\/fr\/#website\",\"url\":\"https:\/\/vof-news.eu\/fr\/\",\"name\":\"vof-news.eu\",\"description\":\"\",\"potentialAction\":[{\"@type\":\"SearchAction\",\"target\":{\"@type\":\"EntryPoint\",\"urlTemplate\":\"https:\/\/vof-news.eu\/fr\/?s={search_term_string}\"},\"query-input\":\"required name=search_term_string\"}],\"inLanguage\":\"fr-FR\"},{\"@type\":\"Person\",\"@id\":\"https:\/\/vof-news.eu\/fr\/#\/schema\/person\/f6a2a4309f0561835797fd8c19b333ed\",\"name\":\"Author\",\"image\":{\"@type\":\"ImageObject\",\"inLanguage\":\"fr-FR\",\"@id\":\"https:\/\/vof-news.eu\/fr\/#\/schema\/person\/image\/\",\"url\":\"https:\/\/secure.gravatar.com\/avatar\/b67e614b1b25b3e9c0c239efdd2fde5ab015b5affd6f1c3c85911ca4b384e790?s=96&d=mm&r=g\",\"contentUrl\":\"https:\/\/secure.gravatar.com\/avatar\/b67e614b1b25b3e9c0c239efdd2fde5ab015b5affd6f1c3c85911ca4b384e790?s=96&d=mm&r=g\",\"caption\":\"Author\"},\"sameAs\":[\"http:\/\/vof-news.eu\"],\"url\":\"https:\/\/vof-news.eu\/fr\/author\/zwt6qxnjulxbnyg\/\"}]}<\/script>\n<!-- \/ Yoast SEO plugin. -->","yoast_head_json":{"title":"Gianni Infantino, ex\u00e9cutant docile\u00a0de Donald Trump avant la Coupe du monde 2026 - vof-news.eu","description":"Comme son nom l\u2019indique, la Coupe du monde de football est cens\u00e9e \u00eatre un \u00e9v\u00e9nement universel, une grande f\u00eate populaire. Du moins en th\u00e9orie, car l\u2019\u00e9dition\u00a02026, du 11\u00a0juin au 19\u00a0juillet au Mexique, au Canada et, surtout, aux Etats-Unis,\u00a0o\u00f9 se joueront\u00a078 des 104\u00a0matchs pr\u00e9vus, n\u2019en prend pas le chemin. La politique, tant int\u00e9rieure qu\u2019internationale, de Donald Trump complique l\u2019organisation de la comp\u00e9tition et g\u00e9n\u00e8re de nombreuses inqui\u00e9tudes sur son d\u00e9roulement. Dans ce contexte, le pr\u00e9sident de la F\u00e9d\u00e9ration internationale de football\u00a0(FIFA), Gianni Infantino, brille par son silence. Il subit sans broncher les d\u00e9cisions du chef de file du mouvement MAGA\u00a0(Make America Great Again, \u00ab\u00a0rendre sa grandeur \u00e0 l\u2019Am\u00e9rique\u00a0\u00bb). Comme s\u2019il \u00e9tait le spectateur impuissant des pr\u00e9paratifs d\u2019un \u00e9v\u00e9nement dont il est pourtant cens\u00e9 assurer la bonne tenue. Le dirigeant a vant\u00e9 \u00e0 maintes reprises le Mondial . Mais il ne s\u2019est pas \u00e9mu des restrictions de visas \u2212\u00a0interdiction totale pour l\u2019Iran et Ha\u00efti, partielle pour la C\u00f4te d\u2019Ivoire et le S\u00e9n\u00e9gal\u00a0\u2212 impos\u00e9es par l\u2019administration am\u00e9ricaine, qui emp\u00eacheront de nombreux supporteurs de se rendre aux Etats-Unis pour le tournoi. Que cela revienne, dans les faits, \u00e0 interdire, par exemple, \u00e0 l\u2019immense majorit\u00e9 des fans du S\u00e9n\u00e9gal, r\u00e9cent champion d\u2019Afrique, de venir encourager leur s\u00e9lection, ne semble pas lui poser probl\u00e8me. , assurait pourtant Gianni Infantino en mars\u00a02017. Les pratiques brutales de la police f\u00e9d\u00e9rale de l\u2019immigration, qui a tu\u00e9 deux ressortissants am\u00e9ricains \u00e0 Minneapolis\u00a0(Minnesota), en janvier, et fait peser une grande incertitude sur le climat social dans lequel se d\u00e9roulera la comp\u00e9tition\u00a0? Le pr\u00e9sident de la FIFA n\u2019y voit rien \u00e0 redire. , balayait-il lorsqu\u2019il avait \u00e9t\u00e9 interrog\u00e9 sur la pr\u00e9sence de ces agents tr\u00e8s controvers\u00e9s aux abords des stades lors du Mondial des clubs, \u00e0 l\u2019\u00e9t\u00e9\u00a02025. Il vous reste 65.38% de cet article \u00e0 lire. La suite est r\u00e9serv\u00e9e aux abonn\u00e9s.","robots":{"index":"noindex","follow":"follow","max-snippet":"max-snippet:-1","max-image-preview":"max-image-preview:large","max-video-preview":"max-video-preview:-1"},"og_locale":"fr_FR","og_type":"article","og_title":"Gianni Infantino, ex\u00e9cutant docile\u00a0de Donald Trump avant la Coupe du monde 2026 - vof-news.eu","og_description":"Comme son nom l\u2019indique, la Coupe du monde de football est cens\u00e9e \u00eatre un \u00e9v\u00e9nement universel, une grande f\u00eate populaire. Du moins en th\u00e9orie, car l\u2019\u00e9dition\u00a02026, du 11\u00a0juin au 19\u00a0juillet au Mexique, au Canada et, surtout, aux Etats-Unis,\u00a0o\u00f9 se joueront\u00a078 des 104\u00a0matchs pr\u00e9vus, n\u2019en prend pas le chemin. La politique, tant int\u00e9rieure qu\u2019internationale, de Donald Trump complique l\u2019organisation de la comp\u00e9tition et g\u00e9n\u00e8re de nombreuses inqui\u00e9tudes sur son d\u00e9roulement. Dans ce contexte, le pr\u00e9sident de la F\u00e9d\u00e9ration internationale de football\u00a0(FIFA), Gianni Infantino, brille par son silence. Il subit sans broncher les d\u00e9cisions du chef de file du mouvement MAGA\u00a0(Make America Great Again, \u00ab\u00a0rendre sa grandeur \u00e0 l\u2019Am\u00e9rique\u00a0\u00bb). Comme s\u2019il \u00e9tait le spectateur impuissant des pr\u00e9paratifs d\u2019un \u00e9v\u00e9nement dont il est pourtant cens\u00e9 assurer la bonne tenue. Le dirigeant a vant\u00e9 \u00e0 maintes reprises le Mondial . Mais il ne s\u2019est pas \u00e9mu des restrictions de visas \u2212\u00a0interdiction totale pour l\u2019Iran et Ha\u00efti, partielle pour la C\u00f4te d\u2019Ivoire et le S\u00e9n\u00e9gal\u00a0\u2212 impos\u00e9es par l\u2019administration am\u00e9ricaine, qui emp\u00eacheront de nombreux supporteurs de se rendre aux Etats-Unis pour le tournoi. Que cela revienne, dans les faits, \u00e0 interdire, par exemple, \u00e0 l\u2019immense majorit\u00e9 des fans du S\u00e9n\u00e9gal, r\u00e9cent champion d\u2019Afrique, de venir encourager leur s\u00e9lection, ne semble pas lui poser probl\u00e8me. , assurait pourtant Gianni Infantino en mars\u00a02017. Les pratiques brutales de la police f\u00e9d\u00e9rale de l\u2019immigration, qui a tu\u00e9 deux ressortissants am\u00e9ricains \u00e0 Minneapolis\u00a0(Minnesota), en janvier, et fait peser une grande incertitude sur le climat social dans lequel se d\u00e9roulera la comp\u00e9tition\u00a0? Le pr\u00e9sident de la FIFA n\u2019y voit rien \u00e0 redire. , balayait-il lorsqu\u2019il avait \u00e9t\u00e9 interrog\u00e9 sur la pr\u00e9sence de ces agents tr\u00e8s controvers\u00e9s aux abords des stades lors du Mondial des clubs, \u00e0 l\u2019\u00e9t\u00e9\u00a02025. Il vous reste 65.38% de cet article \u00e0 lire. La suite est r\u00e9serv\u00e9e aux abonn\u00e9s.","og_url":"https:\/\/vof-news.eu\/fr\/gianni-infantino-executant-docile-de-donald-trump-avant-la-coupe-du-monde-2026\/","og_site_name":"vof-news.eu","article_published_time":"2026-01-30T06:30:38+00:00","article_modified_time":"2026-01-30T06:31:25+00:00","author":"Author","twitter_card":"summary_large_image","twitter_misc":{"\u00c9crit par":"Author","Dur\u00e9e de lecture estim\u00e9e":"2 minutes"},"schema":{"@context":"https:\/\/schema.org","@graph":[{"@type":"WebPage","@id":"https:\/\/vof-news.eu\/fr\/gianni-infantino-executant-docile-de-donald-trump-avant-la-coupe-du-monde-2026\/","url":"https:\/\/vof-news.eu\/fr\/gianni-infantino-executant-docile-de-donald-trump-avant-la-coupe-du-monde-2026\/","name":"Gianni Infantino, ex\u00e9cutant docile\u00a0de Donald Trump avant la Coupe du monde 2026 - vof-news.eu","isPartOf":{"@id":"https:\/\/vof-news.eu\/fr\/#website"},"datePublished":"2026-01-30T06:30:38+00:00","dateModified":"2026-01-30T06:31:25+00:00","author":{"@id":"https:\/\/vof-news.eu\/fr\/#\/schema\/person\/f6a2a4309f0561835797fd8c19b333ed"},"description":"Comme son nom l\u2019indique, la Coupe du monde de football est cens\u00e9e \u00eatre un \u00e9v\u00e9nement universel, une grande f\u00eate populaire. Du moins en th\u00e9orie, car l\u2019\u00e9dition\u00a02026, du 11\u00a0juin au 19\u00a0juillet au Mexique, au Canada et, surtout, aux Etats-Unis,\u00a0o\u00f9 se joueront\u00a078 des 104\u00a0matchs pr\u00e9vus, n\u2019en prend pas le chemin. La politique, tant int\u00e9rieure qu\u2019internationale, de Donald Trump complique l\u2019organisation de la comp\u00e9tition et g\u00e9n\u00e8re de nombreuses inqui\u00e9tudes sur son d\u00e9roulement. Dans ce contexte, le pr\u00e9sident de la F\u00e9d\u00e9ration internationale de football\u00a0(FIFA), Gianni Infantino, brille par son silence. Il subit sans broncher les d\u00e9cisions du chef de file du mouvement MAGA\u00a0(Make America Great Again, \u00ab\u00a0rendre sa grandeur \u00e0 l\u2019Am\u00e9rique\u00a0\u00bb). Comme s\u2019il \u00e9tait le spectateur impuissant des pr\u00e9paratifs d\u2019un \u00e9v\u00e9nement dont il est pourtant cens\u00e9 assurer la bonne tenue. Le dirigeant a vant\u00e9 \u00e0 maintes reprises le Mondial . Mais il ne s\u2019est pas \u00e9mu des restrictions de visas \u2212\u00a0interdiction totale pour l\u2019Iran et Ha\u00efti, partielle pour la C\u00f4te d\u2019Ivoire et le S\u00e9n\u00e9gal\u00a0\u2212 impos\u00e9es par l\u2019administration am\u00e9ricaine, qui emp\u00eacheront de nombreux supporteurs de se rendre aux Etats-Unis pour le tournoi. Que cela revienne, dans les faits, \u00e0 interdire, par exemple, \u00e0 l\u2019immense majorit\u00e9 des fans du S\u00e9n\u00e9gal, r\u00e9cent champion d\u2019Afrique, de venir encourager leur s\u00e9lection, ne semble pas lui poser probl\u00e8me. , assurait pourtant Gianni Infantino en mars\u00a02017. Les pratiques brutales de la police f\u00e9d\u00e9rale de l\u2019immigration, qui a tu\u00e9 deux ressortissants am\u00e9ricains \u00e0 Minneapolis\u00a0(Minnesota), en janvier, et fait peser une grande incertitude sur le climat social dans lequel se d\u00e9roulera la comp\u00e9tition\u00a0? Le pr\u00e9sident de la FIFA n\u2019y voit rien \u00e0 redire. , balayait-il lorsqu\u2019il avait \u00e9t\u00e9 interrog\u00e9 sur la pr\u00e9sence de ces agents tr\u00e8s controvers\u00e9s aux abords des stades lors du Mondial des clubs, \u00e0 l\u2019\u00e9t\u00e9\u00a02025. Il vous reste 65.38% de cet article \u00e0 lire. La suite est r\u00e9serv\u00e9e aux abonn\u00e9s.","breadcrumb":{"@id":"https:\/\/vof-news.eu\/fr\/gianni-infantino-executant-docile-de-donald-trump-avant-la-coupe-du-monde-2026\/#breadcrumb"},"inLanguage":"fr-FR","potentialAction":[{"@type":"ReadAction","target":["https:\/\/vof-news.eu\/fr\/gianni-infantino-executant-docile-de-donald-trump-avant-la-coupe-du-monde-2026\/"]}]},{"@type":"BreadcrumbList","@id":"https:\/\/vof-news.eu\/fr\/gianni-infantino-executant-docile-de-donald-trump-avant-la-coupe-du-monde-2026\/#breadcrumb","itemListElement":[{"@type":"ListItem","position":1,"name":"Home","item":"https:\/\/vof-news.eu\/fr\/"},{"@type":"ListItem","position":2,"name":"Gianni Infantino, ex\u00e9cutant docile\u00a0de Donald Trump avant la Coupe du monde 2026"}]},{"@type":"WebSite","@id":"https:\/\/vof-news.eu\/fr\/#website","url":"https:\/\/vof-news.eu\/fr\/","name":"vof-news.eu","description":"","potentialAction":[{"@type":"SearchAction","target":{"@type":"EntryPoint","urlTemplate":"https:\/\/vof-news.eu\/fr\/?s={search_term_string}"},"query-input":"required name=search_term_string"}],"inLanguage":"fr-FR"},{"@type":"Person","@id":"https:\/\/vof-news.eu\/fr\/#\/schema\/person\/f6a2a4309f0561835797fd8c19b333ed","name":"Author","image":{"@type":"ImageObject","inLanguage":"fr-FR","@id":"https:\/\/vof-news.eu\/fr\/#\/schema\/person\/image\/","url":"https:\/\/secure.gravatar.com\/avatar\/b67e614b1b25b3e9c0c239efdd2fde5ab015b5affd6f1c3c85911ca4b384e790?s=96&d=mm&r=g","contentUrl":"https:\/\/secure.gravatar.com\/avatar\/b67e614b1b25b3e9c0c239efdd2fde5ab015b5affd6f1c3c85911ca4b384e790?s=96&d=mm&r=g","caption":"Author"},"sameAs":["http:\/\/vof-news.eu"],"url":"https:\/\/vof-news.eu\/fr\/author\/zwt6qxnjulxbnyg\/"}]}},"yoast_meta":{"yoast_wpseo_title":"","yoast_wpseo_metadesc":"","yoast_wpseo_canonical":""},"_links":{"self":[{"href":"https:\/\/vof-news.eu\/fr\/wp-json\/wp\/v2\/posts\/321798","targetHints":{"allow":["GET"]}}],"collection":[{"href":"https:\/\/vof-news.eu\/fr\/wp-json\/wp\/v2\/posts"}],"about":[{"href":"https:\/\/vof-news.eu\/fr\/wp-json\/wp\/v2\/types\/post"}],"author":[{"embeddable":true,"href":"https:\/\/vof-news.eu\/fr\/wp-json\/wp\/v2\/users\/1"}],"replies":[{"embeddable":true,"href":"https:\/\/vof-news.eu\/fr\/wp-json\/wp\/v2\/comments?post=321798"}],"version-history":[{"count":1,"href":"https:\/\/vof-news.eu\/fr\/wp-json\/wp\/v2\/posts\/321798\/revisions"}],"predecessor-version":[{"id":321799,"href":"https:\/\/vof-news.eu\/fr\/wp-json\/wp\/v2\/posts\/321798\/revisions\/321799"}],"wp:attachment":[{"href":"https:\/\/vof-news.eu\/fr\/wp-json\/wp\/v2\/media?parent=321798"}],"wp:term":[{"taxonomy":"category","embeddable":true,"href":"https:\/\/vof-news.eu\/fr\/wp-json\/wp\/v2\/categories?post=321798"},{"taxonomy":"post_tag","embeddable":true,"href":"https:\/\/vof-news.eu\/fr\/wp-json\/wp\/v2\/tags?post=321798"}],"curies":[{"name":"wp","href":"https:\/\/api.w.org\/{rel}","templated":true}]}}