{"id":321202,"date":"2026-01-28T17:30:32","date_gmt":"2026-01-28T14:30:32","guid":{"rendered":"https:\/\/vof-news.eu\/gabriel-attal-au-defi-de-la-rupture-pour-2027\/"},"modified":"2026-01-28T17:31:11","modified_gmt":"2026-01-28T14:31:11","slug":"gabriel-attal-au-defi-de-la-rupture-pour-2027","status":"publish","type":"post","link":"https:\/\/vof-news.eu\/fr\/gabriel-attal-au-defi-de-la-rupture-pour-2027\/","title":{"rendered":"Gabriel Attal, au d\u00e9fi de la \u00ab\u00a0rupture\u00a0\u00bb pour 2027"},"content":{"rendered":"<article>\n<p><span>A<\/span>u lendemain de l\u2019\u00e9lection pr\u00e9sidentielle de 2017, remport\u00e9e par un jeune prodige de 39\u00a0ans, inconnu des Fran\u00e7ais trois\u00a0ans plus t\u00f4t, ses proches se f\u00e9licitaient ainsi\u00a0:  Le publicitaire de l\u2019agence J\u00e9sus et Gabriel, Adrien Taquet, avait propos\u00e9 au futur candidat un nom pour son mouvement (En marche\u00a0!, comme les initiales du patron) et un logo. Pour le site Internet, il s\u2019\u00e9tait inspir\u00e9 de la marque am\u00e9ricaine Apple\u00a0: une interface neutre, . Jugeant que les partis avaient failli, M.\u00a0Macron proposait une offre politique r\u00e9nov\u00e9e\u00a0: un , ouvert sur la soci\u00e9t\u00e9 civile, fond\u00e9 sur le d\u00e9passement du clivage droite-gauche. Le jour du lancement de son mouvement, le 6\u00a0avril\u00a02016 \u00e0 Amiens, il n\u2019avait pas voulu aligner une brochette d\u2019\u00e9lus blanchis sous le harnais, afin de rompre avec les codes du meeting politique.<\/p>\n<p>Dix\u00a0ans plus tard, Gabriel Attal, qui r\u00eave de lui succ\u00e9der \u00e0 l\u2019Elys\u00e9e, s\u2019inspire de mani\u00e8re troublante des m\u00eames recettes marketing. Au moment o\u00f9 la politique souffre d\u2019un tr\u00e8s grand discr\u00e9dit, encore accentu\u00e9 par la dissolution rat\u00e9e de 2024, le secr\u00e9taire g\u00e9n\u00e9ral de Renaissance, qui n\u2019est pas encore officiellement candidat \u00e0 la pr\u00e9sidentielle mais se pr\u00e9pare activement, a organis\u00e9, mardi soir, au Palais Brongniart, une \u00ab\u00a0Nuit de la Nouvelle R\u00e9publique\u00a0\u00bb (le futur nom de son parti) autour de la , \u00e0 grand renfort de  revendiqu\u00e9es\u00a0: l\u2019\u00e9v\u00e9nement, coanim\u00e9 par une intelligence artificielle (IA), baptis\u00e9e \u00ab\u00a0Nuit\u00a0\u00bb, se d\u00e9roulait jusqu\u2019\u00e0 minuit\u00a0; et les th\u00e8mes des tables rondes, r\u00e9unissant partenaires sociaux (Medef, CFDT), chefs d\u2019entreprise, intellectuels ou politistes, se voulaient disruptifs\u00a0: <\/p>\n<p><strong>Il vous reste 67.25% de cet article \u00e0 lire. La suite est r\u00e9serv\u00e9e aux abonn\u00e9s.<\/strong><\/p>\n<\/article>\n","protected":false},"excerpt":{"rendered":"<p>Au lendemain de l\u2019\u00e9lection pr\u00e9sidentielle de 2017, remport\u00e9e par un jeune prodige de 39\u00a0ans, inconnu des Fran\u00e7ais trois\u00a0ans plus t\u00f4t, ses proches se f\u00e9licitaient ainsi\u00a0: Le publicitaire de l\u2019agence J\u00e9sus et Gabriel, Adrien Taquet, avait propos\u00e9 au futur candidat un nom pour son mouvement (En marche\u00a0!, comme les initiales du patron) et un logo. Pour<\/p>\n","protected":false},"author":1,"featured_media":321203,"comment_status":"open","ping_status":"open","sticky":false,"template":"","format":"standard","meta":{"footnotes":""},"categories":[68],"tags":[],"class_list":["post-321202","post","type-post","status-publish","format-standard","has-post-thumbnail","hentry","category-politics-fr"],"acf":[],"yoast_head":"<!-- This site is optimized with the Yoast SEO plugin v22.9 - https:\/\/yoast.com\/wordpress\/plugins\/seo\/ -->\n<title>Gabriel Attal, au d\u00e9fi de la \u00ab\u00a0rupture\u00a0\u00bb pour 2027 - vof-news.eu<\/title>\n<meta name=\"description\" content=\"Au lendemain de l\u2019\u00e9lection pr\u00e9sidentielle de 2017, remport\u00e9e par un jeune prodige de 39\u00a0ans, inconnu des Fran\u00e7ais trois\u00a0ans plus t\u00f4t, ses proches se f\u00e9licitaient ainsi\u00a0: Le publicitaire de l\u2019agence J\u00e9sus et Gabriel, Adrien Taquet, avait propos\u00e9 au futur candidat un nom pour son mouvement (En marche\u00a0!, comme les initiales du patron) et un logo. Pour le site Internet, il s\u2019\u00e9tait inspir\u00e9 de la marque am\u00e9ricaine Apple\u00a0: une interface neutre, . Jugeant que les partis avaient failli, M.\u00a0Macron proposait une offre politique r\u00e9nov\u00e9e\u00a0: un , ouvert sur la soci\u00e9t\u00e9 civile, fond\u00e9 sur le d\u00e9passement du clivage droite-gauche. Le jour du lancement de son mouvement, le 6\u00a0avril\u00a02016 \u00e0 Amiens, il n\u2019avait pas voulu aligner une brochette d\u2019\u00e9lus blanchis sous le harnais, afin de rompre avec les codes du meeting politique. Dix\u00a0ans plus tard, Gabriel Attal, qui r\u00eave de lui succ\u00e9der \u00e0 l\u2019Elys\u00e9e, s\u2019inspire de mani\u00e8re troublante des m\u00eames recettes marketing. Au moment o\u00f9 la politique souffre d\u2019un tr\u00e8s grand discr\u00e9dit, encore accentu\u00e9 par la dissolution rat\u00e9e de 2024, le secr\u00e9taire g\u00e9n\u00e9ral de Renaissance, qui n\u2019est pas encore officiellement candidat \u00e0 la pr\u00e9sidentielle mais se pr\u00e9pare activement, a organis\u00e9, mardi soir, au Palais Brongniart, une \u00ab\u00a0Nuit de la Nouvelle R\u00e9publique\u00a0\u00bb (le futur nom de son parti) autour de la , \u00e0 grand renfort de revendiqu\u00e9es\u00a0: l\u2019\u00e9v\u00e9nement, coanim\u00e9 par une intelligence artificielle (IA), baptis\u00e9e \u00ab\u00a0Nuit\u00a0\u00bb, se d\u00e9roulait jusqu\u2019\u00e0 minuit\u00a0; et les th\u00e8mes des tables rondes, r\u00e9unissant partenaires sociaux (Medef, CFDT), chefs d\u2019entreprise, intellectuels ou politistes, se voulaient disruptifs\u00a0: Il vous reste 67.25% de cet article \u00e0 lire. La suite est r\u00e9serv\u00e9e aux abonn\u00e9s.\" \/>\n<meta name=\"robots\" content=\"noindex, follow, max-snippet:-1, max-image-preview:large, max-video-preview:-1\" \/>\n<meta property=\"og:locale\" content=\"fr_FR\" \/>\n<meta property=\"og:type\" content=\"article\" \/>\n<meta property=\"og:title\" content=\"Gabriel Attal, au d\u00e9fi de la \u00ab\u00a0rupture\u00a0\u00bb pour 2027 - vof-news.eu\" \/>\n<meta property=\"og:description\" content=\"Au lendemain de l\u2019\u00e9lection pr\u00e9sidentielle de 2017, remport\u00e9e par un jeune prodige de 39\u00a0ans, inconnu des Fran\u00e7ais trois\u00a0ans plus t\u00f4t, ses proches se f\u00e9licitaient ainsi\u00a0: Le publicitaire de l\u2019agence J\u00e9sus et Gabriel, Adrien Taquet, avait propos\u00e9 au futur candidat un nom pour son mouvement (En marche\u00a0!, comme les initiales du patron) et un logo. Pour le site Internet, il s\u2019\u00e9tait inspir\u00e9 de la marque am\u00e9ricaine Apple\u00a0: une interface neutre, . Jugeant que les partis avaient failli, M.\u00a0Macron proposait une offre politique r\u00e9nov\u00e9e\u00a0: un , ouvert sur la soci\u00e9t\u00e9 civile, fond\u00e9 sur le d\u00e9passement du clivage droite-gauche. Le jour du lancement de son mouvement, le 6\u00a0avril\u00a02016 \u00e0 Amiens, il n\u2019avait pas voulu aligner une brochette d\u2019\u00e9lus blanchis sous le harnais, afin de rompre avec les codes du meeting politique. Dix\u00a0ans plus tard, Gabriel Attal, qui r\u00eave de lui succ\u00e9der \u00e0 l\u2019Elys\u00e9e, s\u2019inspire de mani\u00e8re troublante des m\u00eames recettes marketing. Au moment o\u00f9 la politique souffre d\u2019un tr\u00e8s grand discr\u00e9dit, encore accentu\u00e9 par la dissolution rat\u00e9e de 2024, le secr\u00e9taire g\u00e9n\u00e9ral de Renaissance, qui n\u2019est pas encore officiellement candidat \u00e0 la pr\u00e9sidentielle mais se pr\u00e9pare activement, a organis\u00e9, mardi soir, au Palais Brongniart, une \u00ab\u00a0Nuit de la Nouvelle R\u00e9publique\u00a0\u00bb (le futur nom de son parti) autour de la , \u00e0 grand renfort de revendiqu\u00e9es\u00a0: l\u2019\u00e9v\u00e9nement, coanim\u00e9 par une intelligence artificielle (IA), baptis\u00e9e \u00ab\u00a0Nuit\u00a0\u00bb, se d\u00e9roulait jusqu\u2019\u00e0 minuit\u00a0; et les th\u00e8mes des tables rondes, r\u00e9unissant partenaires sociaux (Medef, CFDT), chefs d\u2019entreprise, intellectuels ou politistes, se voulaient disruptifs\u00a0: Il vous reste 67.25% de cet article \u00e0 lire. La suite est r\u00e9serv\u00e9e aux abonn\u00e9s.\" \/>\n<meta property=\"og:url\" content=\"https:\/\/vof-news.eu\/fr\/gabriel-attal-au-defi-de-la-rupture-pour-2027\/\" \/>\n<meta property=\"og:site_name\" content=\"vof-news.eu\" \/>\n<meta property=\"article:published_time\" content=\"2026-01-28T14:30:32+00:00\" \/>\n<meta property=\"article:modified_time\" content=\"2026-01-28T14:31:11+00:00\" \/>\n<meta property=\"og:image\" content=\"https:\/\/vof-news.eu\/wp-content\/uploads\/2026\/01\/844738d_upload-1-dicueob2yym1-jmug260127041.jpg\" \/>\n\t<meta property=\"og:image:width\" content=\"664\" \/>\n\t<meta property=\"og:image:height\" content=\"443\" \/>\n\t<meta property=\"og:image:type\" content=\"image\/jpeg\" \/>\n<meta name=\"author\" content=\"Author\" \/>\n<meta name=\"twitter:card\" content=\"summary_large_image\" \/>\n<meta name=\"twitter:label1\" content=\"\u00c9crit par\" \/>\n\t<meta name=\"twitter:data1\" content=\"Author\" \/>\n\t<meta name=\"twitter:label2\" content=\"Dur\u00e9e de lecture estim\u00e9e\" \/>\n\t<meta name=\"twitter:data2\" content=\"1 minute\" \/>\n<script type=\"application\/ld+json\" class=\"yoast-schema-graph\">{\"@context\":\"https:\/\/schema.org\",\"@graph\":[{\"@type\":\"WebPage\",\"@id\":\"https:\/\/vof-news.eu\/fr\/gabriel-attal-au-defi-de-la-rupture-pour-2027\/\",\"url\":\"https:\/\/vof-news.eu\/fr\/gabriel-attal-au-defi-de-la-rupture-pour-2027\/\",\"name\":\"Gabriel Attal, au d\u00e9fi de la \u00ab\u00a0rupture\u00a0\u00bb pour 2027 - vof-news.eu\",\"isPartOf\":{\"@id\":\"https:\/\/vof-news.eu\/fr\/#website\"},\"primaryImageOfPage\":{\"@id\":\"https:\/\/vof-news.eu\/fr\/gabriel-attal-au-defi-de-la-rupture-pour-2027\/#primaryimage\"},\"image\":{\"@id\":\"https:\/\/vof-news.eu\/fr\/gabriel-attal-au-defi-de-la-rupture-pour-2027\/#primaryimage\"},\"thumbnailUrl\":\"https:\/\/vof-news.eu\/wp-content\/uploads\/2026\/01\/844738d_upload-1-dicueob2yym1-jmug260127041.jpg\",\"datePublished\":\"2026-01-28T14:30:32+00:00\",\"dateModified\":\"2026-01-28T14:31:11+00:00\",\"author\":{\"@id\":\"https:\/\/vof-news.eu\/fr\/#\/schema\/person\/f6a2a4309f0561835797fd8c19b333ed\"},\"description\":\"Au lendemain de l\u2019\u00e9lection pr\u00e9sidentielle de 2017, remport\u00e9e par un jeune prodige de 39\u00a0ans, inconnu des Fran\u00e7ais trois\u00a0ans plus t\u00f4t, ses proches se f\u00e9licitaient ainsi\u00a0: Le publicitaire de l\u2019agence J\u00e9sus et Gabriel, Adrien Taquet, avait propos\u00e9 au futur candidat un nom pour son mouvement (En marche\u00a0!, comme les initiales du patron) et un logo. Pour le site Internet, il s\u2019\u00e9tait inspir\u00e9 de la marque am\u00e9ricaine Apple\u00a0: une interface neutre, . Jugeant que les partis avaient failli, M.\u00a0Macron proposait une offre politique r\u00e9nov\u00e9e\u00a0: un , ouvert sur la soci\u00e9t\u00e9 civile, fond\u00e9 sur le d\u00e9passement du clivage droite-gauche. Le jour du lancement de son mouvement, le 6\u00a0avril\u00a02016 \u00e0 Amiens, il n\u2019avait pas voulu aligner une brochette d\u2019\u00e9lus blanchis sous le harnais, afin de rompre avec les codes du meeting politique. Dix\u00a0ans plus tard, Gabriel Attal, qui r\u00eave de lui succ\u00e9der \u00e0 l\u2019Elys\u00e9e, s\u2019inspire de mani\u00e8re troublante des m\u00eames recettes marketing. Au moment o\u00f9 la politique souffre d\u2019un tr\u00e8s grand discr\u00e9dit, encore accentu\u00e9 par la dissolution rat\u00e9e de 2024, le secr\u00e9taire g\u00e9n\u00e9ral de Renaissance, qui n\u2019est pas encore officiellement candidat \u00e0 la pr\u00e9sidentielle mais se pr\u00e9pare activement, a organis\u00e9, mardi soir, au Palais Brongniart, une \u00ab\u00a0Nuit de la Nouvelle R\u00e9publique\u00a0\u00bb (le futur nom de son parti) autour de la , \u00e0 grand renfort de revendiqu\u00e9es\u00a0: l\u2019\u00e9v\u00e9nement, coanim\u00e9 par une intelligence artificielle (IA), baptis\u00e9e \u00ab\u00a0Nuit\u00a0\u00bb, se d\u00e9roulait jusqu\u2019\u00e0 minuit\u00a0; et les th\u00e8mes des tables rondes, r\u00e9unissant partenaires sociaux (Medef, CFDT), chefs d\u2019entreprise, intellectuels ou politistes, se voulaient disruptifs\u00a0: Il vous reste 67.25% de cet article \u00e0 lire. La suite est r\u00e9serv\u00e9e aux abonn\u00e9s.\",\"breadcrumb\":{\"@id\":\"https:\/\/vof-news.eu\/fr\/gabriel-attal-au-defi-de-la-rupture-pour-2027\/#breadcrumb\"},\"inLanguage\":\"fr-FR\",\"potentialAction\":[{\"@type\":\"ReadAction\",\"target\":[\"https:\/\/vof-news.eu\/fr\/gabriel-attal-au-defi-de-la-rupture-pour-2027\/\"]}]},{\"@type\":\"ImageObject\",\"inLanguage\":\"fr-FR\",\"@id\":\"https:\/\/vof-news.eu\/fr\/gabriel-attal-au-defi-de-la-rupture-pour-2027\/#primaryimage\",\"url\":\"https:\/\/vof-news.eu\/wp-content\/uploads\/2026\/01\/844738d_upload-1-dicueob2yym1-jmug260127041.jpg\",\"contentUrl\":\"https:\/\/vof-news.eu\/wp-content\/uploads\/2026\/01\/844738d_upload-1-dicueob2yym1-jmug260127041.jpg\",\"width\":664,\"height\":443},{\"@type\":\"BreadcrumbList\",\"@id\":\"https:\/\/vof-news.eu\/fr\/gabriel-attal-au-defi-de-la-rupture-pour-2027\/#breadcrumb\",\"itemListElement\":[{\"@type\":\"ListItem\",\"position\":1,\"name\":\"Home\",\"item\":\"https:\/\/vof-news.eu\/fr\/\"},{\"@type\":\"ListItem\",\"position\":2,\"name\":\"Gabriel Attal, au d\u00e9fi de la \u00ab\u00a0rupture\u00a0\u00bb pour 2027\"}]},{\"@type\":\"WebSite\",\"@id\":\"https:\/\/vof-news.eu\/fr\/#website\",\"url\":\"https:\/\/vof-news.eu\/fr\/\",\"name\":\"vof-news.eu\",\"description\":\"\",\"potentialAction\":[{\"@type\":\"SearchAction\",\"target\":{\"@type\":\"EntryPoint\",\"urlTemplate\":\"https:\/\/vof-news.eu\/fr\/?s={search_term_string}\"},\"query-input\":\"required name=search_term_string\"}],\"inLanguage\":\"fr-FR\"},{\"@type\":\"Person\",\"@id\":\"https:\/\/vof-news.eu\/fr\/#\/schema\/person\/f6a2a4309f0561835797fd8c19b333ed\",\"name\":\"Author\",\"image\":{\"@type\":\"ImageObject\",\"inLanguage\":\"fr-FR\",\"@id\":\"https:\/\/vof-news.eu\/fr\/#\/schema\/person\/image\/\",\"url\":\"https:\/\/secure.gravatar.com\/avatar\/b67e614b1b25b3e9c0c239efdd2fde5ab015b5affd6f1c3c85911ca4b384e790?s=96&d=mm&r=g\",\"contentUrl\":\"https:\/\/secure.gravatar.com\/avatar\/b67e614b1b25b3e9c0c239efdd2fde5ab015b5affd6f1c3c85911ca4b384e790?s=96&d=mm&r=g\",\"caption\":\"Author\"},\"sameAs\":[\"http:\/\/vof-news.eu\"],\"url\":\"https:\/\/vof-news.eu\/fr\/author\/zwt6qxnjulxbnyg\/\"}]}<\/script>\n<!-- \/ Yoast SEO plugin. -->","yoast_head_json":{"title":"Gabriel Attal, au d\u00e9fi de la \u00ab\u00a0rupture\u00a0\u00bb pour 2027 - vof-news.eu","description":"Au lendemain de l\u2019\u00e9lection pr\u00e9sidentielle de 2017, remport\u00e9e par un jeune prodige de 39\u00a0ans, inconnu des Fran\u00e7ais trois\u00a0ans plus t\u00f4t, ses proches se f\u00e9licitaient ainsi\u00a0: Le publicitaire de l\u2019agence J\u00e9sus et Gabriel, Adrien Taquet, avait propos\u00e9 au futur candidat un nom pour son mouvement (En marche\u00a0!, comme les initiales du patron) et un logo. Pour le site Internet, il s\u2019\u00e9tait inspir\u00e9 de la marque am\u00e9ricaine Apple\u00a0: une interface neutre, . Jugeant que les partis avaient failli, M.\u00a0Macron proposait une offre politique r\u00e9nov\u00e9e\u00a0: un , ouvert sur la soci\u00e9t\u00e9 civile, fond\u00e9 sur le d\u00e9passement du clivage droite-gauche. Le jour du lancement de son mouvement, le 6\u00a0avril\u00a02016 \u00e0 Amiens, il n\u2019avait pas voulu aligner une brochette d\u2019\u00e9lus blanchis sous le harnais, afin de rompre avec les codes du meeting politique. Dix\u00a0ans plus tard, Gabriel Attal, qui r\u00eave de lui succ\u00e9der \u00e0 l\u2019Elys\u00e9e, s\u2019inspire de mani\u00e8re troublante des m\u00eames recettes marketing. Au moment o\u00f9 la politique souffre d\u2019un tr\u00e8s grand discr\u00e9dit, encore accentu\u00e9 par la dissolution rat\u00e9e de 2024, le secr\u00e9taire g\u00e9n\u00e9ral de Renaissance, qui n\u2019est pas encore officiellement candidat \u00e0 la pr\u00e9sidentielle mais se pr\u00e9pare activement, a organis\u00e9, mardi soir, au Palais Brongniart, une \u00ab\u00a0Nuit de la Nouvelle R\u00e9publique\u00a0\u00bb (le futur nom de son parti) autour de la , \u00e0 grand renfort de revendiqu\u00e9es\u00a0: l\u2019\u00e9v\u00e9nement, coanim\u00e9 par une intelligence artificielle (IA), baptis\u00e9e \u00ab\u00a0Nuit\u00a0\u00bb, se d\u00e9roulait jusqu\u2019\u00e0 minuit\u00a0; et les th\u00e8mes des tables rondes, r\u00e9unissant partenaires sociaux (Medef, CFDT), chefs d\u2019entreprise, intellectuels ou politistes, se voulaient disruptifs\u00a0: Il vous reste 67.25% de cet article \u00e0 lire. La suite est r\u00e9serv\u00e9e aux abonn\u00e9s.","robots":{"index":"noindex","follow":"follow","max-snippet":"max-snippet:-1","max-image-preview":"max-image-preview:large","max-video-preview":"max-video-preview:-1"},"og_locale":"fr_FR","og_type":"article","og_title":"Gabriel Attal, au d\u00e9fi de la \u00ab\u00a0rupture\u00a0\u00bb pour 2027 - vof-news.eu","og_description":"Au lendemain de l\u2019\u00e9lection pr\u00e9sidentielle de 2017, remport\u00e9e par un jeune prodige de 39\u00a0ans, inconnu des Fran\u00e7ais trois\u00a0ans plus t\u00f4t, ses proches se f\u00e9licitaient ainsi\u00a0: Le publicitaire de l\u2019agence J\u00e9sus et Gabriel, Adrien Taquet, avait propos\u00e9 au futur candidat un nom pour son mouvement (En marche\u00a0!, comme les initiales du patron) et un logo. Pour le site Internet, il s\u2019\u00e9tait inspir\u00e9 de la marque am\u00e9ricaine Apple\u00a0: une interface neutre, . Jugeant que les partis avaient failli, M.\u00a0Macron proposait une offre politique r\u00e9nov\u00e9e\u00a0: un , ouvert sur la soci\u00e9t\u00e9 civile, fond\u00e9 sur le d\u00e9passement du clivage droite-gauche. Le jour du lancement de son mouvement, le 6\u00a0avril\u00a02016 \u00e0 Amiens, il n\u2019avait pas voulu aligner une brochette d\u2019\u00e9lus blanchis sous le harnais, afin de rompre avec les codes du meeting politique. Dix\u00a0ans plus tard, Gabriel Attal, qui r\u00eave de lui succ\u00e9der \u00e0 l\u2019Elys\u00e9e, s\u2019inspire de mani\u00e8re troublante des m\u00eames recettes marketing. Au moment o\u00f9 la politique souffre d\u2019un tr\u00e8s grand discr\u00e9dit, encore accentu\u00e9 par la dissolution rat\u00e9e de 2024, le secr\u00e9taire g\u00e9n\u00e9ral de Renaissance, qui n\u2019est pas encore officiellement candidat \u00e0 la pr\u00e9sidentielle mais se pr\u00e9pare activement, a organis\u00e9, mardi soir, au Palais Brongniart, une \u00ab\u00a0Nuit de la Nouvelle R\u00e9publique\u00a0\u00bb (le futur nom de son parti) autour de la , \u00e0 grand renfort de revendiqu\u00e9es\u00a0: l\u2019\u00e9v\u00e9nement, coanim\u00e9 par une intelligence artificielle (IA), baptis\u00e9e \u00ab\u00a0Nuit\u00a0\u00bb, se d\u00e9roulait jusqu\u2019\u00e0 minuit\u00a0; et les th\u00e8mes des tables rondes, r\u00e9unissant partenaires sociaux (Medef, CFDT), chefs d\u2019entreprise, intellectuels ou politistes, se voulaient disruptifs\u00a0: Il vous reste 67.25% de cet article \u00e0 lire. La suite est r\u00e9serv\u00e9e aux abonn\u00e9s.","og_url":"https:\/\/vof-news.eu\/fr\/gabriel-attal-au-defi-de-la-rupture-pour-2027\/","og_site_name":"vof-news.eu","article_published_time":"2026-01-28T14:30:32+00:00","article_modified_time":"2026-01-28T14:31:11+00:00","og_image":[{"width":664,"height":443,"url":"https:\/\/vof-news.eu\/wp-content\/uploads\/2026\/01\/844738d_upload-1-dicueob2yym1-jmug260127041.jpg","type":"image\/jpeg"}],"author":"Author","twitter_card":"summary_large_image","twitter_misc":{"\u00c9crit par":"Author","Dur\u00e9e de lecture estim\u00e9e":"1 minute"},"schema":{"@context":"https:\/\/schema.org","@graph":[{"@type":"WebPage","@id":"https:\/\/vof-news.eu\/fr\/gabriel-attal-au-defi-de-la-rupture-pour-2027\/","url":"https:\/\/vof-news.eu\/fr\/gabriel-attal-au-defi-de-la-rupture-pour-2027\/","name":"Gabriel Attal, au d\u00e9fi de la \u00ab\u00a0rupture\u00a0\u00bb pour 2027 - vof-news.eu","isPartOf":{"@id":"https:\/\/vof-news.eu\/fr\/#website"},"primaryImageOfPage":{"@id":"https:\/\/vof-news.eu\/fr\/gabriel-attal-au-defi-de-la-rupture-pour-2027\/#primaryimage"},"image":{"@id":"https:\/\/vof-news.eu\/fr\/gabriel-attal-au-defi-de-la-rupture-pour-2027\/#primaryimage"},"thumbnailUrl":"https:\/\/vof-news.eu\/wp-content\/uploads\/2026\/01\/844738d_upload-1-dicueob2yym1-jmug260127041.jpg","datePublished":"2026-01-28T14:30:32+00:00","dateModified":"2026-01-28T14:31:11+00:00","author":{"@id":"https:\/\/vof-news.eu\/fr\/#\/schema\/person\/f6a2a4309f0561835797fd8c19b333ed"},"description":"Au lendemain de l\u2019\u00e9lection pr\u00e9sidentielle de 2017, remport\u00e9e par un jeune prodige de 39\u00a0ans, inconnu des Fran\u00e7ais trois\u00a0ans plus t\u00f4t, ses proches se f\u00e9licitaient ainsi\u00a0: Le publicitaire de l\u2019agence J\u00e9sus et Gabriel, Adrien Taquet, avait propos\u00e9 au futur candidat un nom pour son mouvement (En marche\u00a0!, comme les initiales du patron) et un logo. Pour le site Internet, il s\u2019\u00e9tait inspir\u00e9 de la marque am\u00e9ricaine Apple\u00a0: une interface neutre, . Jugeant que les partis avaient failli, M.\u00a0Macron proposait une offre politique r\u00e9nov\u00e9e\u00a0: un , ouvert sur la soci\u00e9t\u00e9 civile, fond\u00e9 sur le d\u00e9passement du clivage droite-gauche. Le jour du lancement de son mouvement, le 6\u00a0avril\u00a02016 \u00e0 Amiens, il n\u2019avait pas voulu aligner une brochette d\u2019\u00e9lus blanchis sous le harnais, afin de rompre avec les codes du meeting politique. Dix\u00a0ans plus tard, Gabriel Attal, qui r\u00eave de lui succ\u00e9der \u00e0 l\u2019Elys\u00e9e, s\u2019inspire de mani\u00e8re troublante des m\u00eames recettes marketing. Au moment o\u00f9 la politique souffre d\u2019un tr\u00e8s grand discr\u00e9dit, encore accentu\u00e9 par la dissolution rat\u00e9e de 2024, le secr\u00e9taire g\u00e9n\u00e9ral de Renaissance, qui n\u2019est pas encore officiellement candidat \u00e0 la pr\u00e9sidentielle mais se pr\u00e9pare activement, a organis\u00e9, mardi soir, au Palais Brongniart, une \u00ab\u00a0Nuit de la Nouvelle R\u00e9publique\u00a0\u00bb (le futur nom de son parti) autour de la , \u00e0 grand renfort de revendiqu\u00e9es\u00a0: l\u2019\u00e9v\u00e9nement, coanim\u00e9 par une intelligence artificielle (IA), baptis\u00e9e \u00ab\u00a0Nuit\u00a0\u00bb, se d\u00e9roulait jusqu\u2019\u00e0 minuit\u00a0; et les th\u00e8mes des tables rondes, r\u00e9unissant partenaires sociaux (Medef, CFDT), chefs d\u2019entreprise, intellectuels ou politistes, se voulaient disruptifs\u00a0: Il vous reste 67.25% de cet article \u00e0 lire. La suite est r\u00e9serv\u00e9e aux abonn\u00e9s.","breadcrumb":{"@id":"https:\/\/vof-news.eu\/fr\/gabriel-attal-au-defi-de-la-rupture-pour-2027\/#breadcrumb"},"inLanguage":"fr-FR","potentialAction":[{"@type":"ReadAction","target":["https:\/\/vof-news.eu\/fr\/gabriel-attal-au-defi-de-la-rupture-pour-2027\/"]}]},{"@type":"ImageObject","inLanguage":"fr-FR","@id":"https:\/\/vof-news.eu\/fr\/gabriel-attal-au-defi-de-la-rupture-pour-2027\/#primaryimage","url":"https:\/\/vof-news.eu\/wp-content\/uploads\/2026\/01\/844738d_upload-1-dicueob2yym1-jmug260127041.jpg","contentUrl":"https:\/\/vof-news.eu\/wp-content\/uploads\/2026\/01\/844738d_upload-1-dicueob2yym1-jmug260127041.jpg","width":664,"height":443},{"@type":"BreadcrumbList","@id":"https:\/\/vof-news.eu\/fr\/gabriel-attal-au-defi-de-la-rupture-pour-2027\/#breadcrumb","itemListElement":[{"@type":"ListItem","position":1,"name":"Home","item":"https:\/\/vof-news.eu\/fr\/"},{"@type":"ListItem","position":2,"name":"Gabriel Attal, au d\u00e9fi de la \u00ab\u00a0rupture\u00a0\u00bb pour 2027"}]},{"@type":"WebSite","@id":"https:\/\/vof-news.eu\/fr\/#website","url":"https:\/\/vof-news.eu\/fr\/","name":"vof-news.eu","description":"","potentialAction":[{"@type":"SearchAction","target":{"@type":"EntryPoint","urlTemplate":"https:\/\/vof-news.eu\/fr\/?s={search_term_string}"},"query-input":"required name=search_term_string"}],"inLanguage":"fr-FR"},{"@type":"Person","@id":"https:\/\/vof-news.eu\/fr\/#\/schema\/person\/f6a2a4309f0561835797fd8c19b333ed","name":"Author","image":{"@type":"ImageObject","inLanguage":"fr-FR","@id":"https:\/\/vof-news.eu\/fr\/#\/schema\/person\/image\/","url":"https:\/\/secure.gravatar.com\/avatar\/b67e614b1b25b3e9c0c239efdd2fde5ab015b5affd6f1c3c85911ca4b384e790?s=96&d=mm&r=g","contentUrl":"https:\/\/secure.gravatar.com\/avatar\/b67e614b1b25b3e9c0c239efdd2fde5ab015b5affd6f1c3c85911ca4b384e790?s=96&d=mm&r=g","caption":"Author"},"sameAs":["http:\/\/vof-news.eu"],"url":"https:\/\/vof-news.eu\/fr\/author\/zwt6qxnjulxbnyg\/"}]}},"yoast_meta":{"yoast_wpseo_title":"","yoast_wpseo_metadesc":"","yoast_wpseo_canonical":""},"_links":{"self":[{"href":"https:\/\/vof-news.eu\/fr\/wp-json\/wp\/v2\/posts\/321202","targetHints":{"allow":["GET"]}}],"collection":[{"href":"https:\/\/vof-news.eu\/fr\/wp-json\/wp\/v2\/posts"}],"about":[{"href":"https:\/\/vof-news.eu\/fr\/wp-json\/wp\/v2\/types\/post"}],"author":[{"embeddable":true,"href":"https:\/\/vof-news.eu\/fr\/wp-json\/wp\/v2\/users\/1"}],"replies":[{"embeddable":true,"href":"https:\/\/vof-news.eu\/fr\/wp-json\/wp\/v2\/comments?post=321202"}],"version-history":[{"count":1,"href":"https:\/\/vof-news.eu\/fr\/wp-json\/wp\/v2\/posts\/321202\/revisions"}],"predecessor-version":[{"id":321209,"href":"https:\/\/vof-news.eu\/fr\/wp-json\/wp\/v2\/posts\/321202\/revisions\/321209"}],"wp:featuredmedia":[{"embeddable":true,"href":"https:\/\/vof-news.eu\/fr\/wp-json\/wp\/v2\/media\/321203"}],"wp:attachment":[{"href":"https:\/\/vof-news.eu\/fr\/wp-json\/wp\/v2\/media?parent=321202"}],"wp:term":[{"taxonomy":"category","embeddable":true,"href":"https:\/\/vof-news.eu\/fr\/wp-json\/wp\/v2\/categories?post=321202"},{"taxonomy":"post_tag","embeddable":true,"href":"https:\/\/vof-news.eu\/fr\/wp-json\/wp\/v2\/tags?post=321202"}],"curies":[{"name":"wp","href":"https:\/\/api.w.org\/{rel}","templated":true}]}}