{"id":320426,"date":"2026-01-26T19:32:27","date_gmt":"2026-01-26T16:32:27","guid":{"rendered":"https:\/\/vof-news.eu\/tristan-garcia-philosophe-la-television-a-developpe-en-nous-une-sorte-de-demi-sommeil-et-de-predisposition-au-commentaire-permanent\/"},"modified":"2026-01-26T19:33:08","modified_gmt":"2026-01-26T16:33:08","slug":"tristan-garcia-philosophe-la-television-a-developpe-en-nous-une-sorte-de-demi-sommeil-et-de-predisposition-au-commentaire-permanent","status":"publish","type":"post","link":"https:\/\/vof-news.eu\/fr\/tristan-garcia-philosophe-la-television-a-developpe-en-nous-une-sorte-de-demi-sommeil-et-de-predisposition-au-commentaire-permanent\/","title":{"rendered":"Tristan Garcia, philosophe\u00a0: \u00ab\u00a0La t\u00e9l\u00e9vision a d\u00e9velopp\u00e9 en nous une sorte de demi-sommeil et de pr\u00e9disposition au commentaire permanent\u00a0\u00bb"},"content":{"rendered":"<article>\n<p><span>O<\/span>n entend de plus en plus dire que la t\u00e9l\u00e9vision est morte \u2013 ou \u00e0 l\u2019agonie. Peut-\u00eatre\u2026 Mais on ne sait plus tr\u00e8s bien de quoi l\u2019on parle, et on ne l\u2019a sans doute jamais su. Qu\u2019est-ce que la \u00ab\u00a0t\u00e9l\u00e9vision\u00a0\u00bb\u00a0? Si on se r\u00e9f\u00e8re au poste, c\u2019est un appareil de r\u00e9ception d\u2019images en mouvement, organis\u00e9es en cha\u00eenes et en programmes. Cet objet a connu bien des technologies, <a href=\"https:\/\/www.lemonde.fr\/m-styles\/article\/2011\/11\/18\/les-teles-font-leur-revolution_1605211_4497319.html\" rel=\"nofollow\">du tube cathodique aux cristaux liquides<\/a>. Il a occup\u00e9, de plus en plus, une place de choix dans les foyers du XX<sup>e<\/sup>\u00a0si\u00e8cle.<\/p>\n<p>Mais la t\u00e9l\u00e9vision, ce n\u2019est pas que le t\u00e9l\u00e9viseur\u2026 C\u2019est un dispositif plus large de production et de diffusion, qui a impliqu\u00e9 non seulement des cam\u00e9ras, des micros et des studios, mais aussi un quadrillage complexe du territoire, des politiques publiques, des investissements priv\u00e9s massifs, d\u2019innombrables strat\u00e9gies de guerre culturelle pour avoir acc\u00e8s au \u00ab\u00a0<a href=\"https:\/\/www.lemonde.fr\/archives\/article\/2004\/09\/07\/patrick-le-lay-s-explique-dans-telerama-sur-ses-propos-controverses_378186_1819218.html\" rel=\"nofollow\">temps de cerveau disponible<\/a>\u00a0\u00bb des spectateurs.<\/p>\n<p>\u00ab\u00a0T\u00e9l\u00e9visuel\u00a0\u00bb a aussi d\u00e9sign\u00e9 peu \u00e0 peu, avec un soup\u00e7on de d\u00e9nigrement, toute une esth\u00e9tique associ\u00e9e \u00e0 ces images populaires et bas de gamme\u00a0: la sc\u00e9nographie des bulletins d\u2019information sur un plateau\u00a0; les d\u00e9bats d\u2019opinion et les clashs\u00a0; les retransmissions sportives\u00a0; le matraquage des r\u00e9clames et des publicit\u00e9s\u00a0; la cr\u00e9ation de soap operas, d\u2019abord financ\u00e9s par les marques de lessive \u00e0 destination des femmes au foyer\u00a0; le d\u00e9veloppement des s\u00e9ries comme forme d\u2019art en qu\u00eate de l\u00e9gitimit\u00e9\u2026<\/p>\n<p>Enfin, \u00ab\u00a0t\u00e9l\u00e9vision\u00a0\u00bb signifie d\u00e9sormais toute une histoire et une tradition, qu\u2019elle a fini par mettre elle-m\u00eame en sc\u00e8ne, \u00e0 mesure de son vieillissement et de celui de son public, dans d\u2019innombrables rediffusions et c\u00e9l\u00e9brations d\u2019un \u00ab\u00a0\u00e2ge d\u2019or\u00a0\u00bb suppos\u00e9.<\/p>\n<p>Appareil technique, forme d\u2019organisation de l\u2019espace et du temps, dispositif \u00e9conomique et politique, art populaire et industriel, archives du si\u00e8cle\u2026 Les th\u00e9oriciens des m\u00e9dias s\u2019efforcent d\u2019articuler tout ce qu\u2019a pu repr\u00e9senter la t\u00e9l\u00e9vision, \u00e0 mesure que son importance semble d\u00e9cro\u00eetre. Ces d\u00e9bats complexes sont passionnants. Mais, au moment de f\u00eater son \u00ab\u00a0anniversaire\u00a0\u00bb, on peut aussi en revenir \u00e0 l\u2019id\u00e9e simple dont la t\u00e9l\u00e9vision est devenue la cristallisation au beau milieu de nos salons.<\/p>\n<p><strong>Il vous reste 79.3% de cet article \u00e0 lire. La suite est r\u00e9serv\u00e9e aux abonn\u00e9s.<\/strong><\/p>\n<\/article>\n","protected":false},"excerpt":{"rendered":"<p>On entend de plus en plus dire que la t\u00e9l\u00e9vision est morte \u2013 ou \u00e0 l\u2019agonie. Peut-\u00eatre\u2026 Mais on ne sait plus tr\u00e8s bien de quoi l\u2019on parle, et on ne l\u2019a sans doute jamais su. Qu\u2019est-ce que la \u00ab\u00a0t\u00e9l\u00e9vision\u00a0\u00bb\u00a0? Si on se r\u00e9f\u00e8re au poste, c\u2019est un appareil de r\u00e9ception d\u2019images en mouvement, organis\u00e9es<\/p>\n","protected":false},"author":1,"featured_media":0,"comment_status":"open","ping_status":"open","sticky":false,"template":"","format":"standard","meta":{"footnotes":""},"categories":[63],"tags":[],"class_list":["post-320426","post","type-post","status-publish","format-standard","hentry","category-culture-fr"],"acf":[],"yoast_head":"<!-- This site is optimized with the Yoast SEO plugin v22.9 - https:\/\/yoast.com\/wordpress\/plugins\/seo\/ -->\n<title>Tristan Garcia, philosophe\u00a0: \u00ab\u00a0La t\u00e9l\u00e9vision a d\u00e9velopp\u00e9 en nous une sorte de demi-sommeil et de pr\u00e9disposition au commentaire permanent\u00a0\u00bb - vof-news.eu<\/title>\n<meta name=\"description\" content=\"On entend de plus en plus dire que la t\u00e9l\u00e9vision est morte \u2013 ou \u00e0 l\u2019agonie. Peut-\u00eatre\u2026 Mais on ne sait plus tr\u00e8s bien de quoi l\u2019on parle, et on ne l\u2019a sans doute jamais su. Qu\u2019est-ce que la \u00ab\u00a0t\u00e9l\u00e9vision\u00a0\u00bb\u00a0? Si on se r\u00e9f\u00e8re au poste, c\u2019est un appareil de r\u00e9ception d\u2019images en mouvement, organis\u00e9es en cha\u00eenes et en programmes. Cet objet a connu bien des technologies, du tube cathodique aux cristaux liquides. Il a occup\u00e9, de plus en plus, une place de choix dans les foyers du XXe\u00a0si\u00e8cle. Mais la t\u00e9l\u00e9vision, ce n\u2019est pas que le t\u00e9l\u00e9viseur\u2026 C\u2019est un dispositif plus large de production et de diffusion, qui a impliqu\u00e9 non seulement des cam\u00e9ras, des micros et des studios, mais aussi un quadrillage complexe du territoire, des politiques publiques, des investissements priv\u00e9s massifs, d\u2019innombrables strat\u00e9gies de guerre culturelle pour avoir acc\u00e8s au \u00ab\u00a0temps de cerveau disponible\u00a0\u00bb des spectateurs. \u00ab\u00a0T\u00e9l\u00e9visuel\u00a0\u00bb a aussi d\u00e9sign\u00e9 peu \u00e0 peu, avec un soup\u00e7on de d\u00e9nigrement, toute une esth\u00e9tique associ\u00e9e \u00e0 ces images populaires et bas de gamme\u00a0: la sc\u00e9nographie des bulletins d\u2019information sur un plateau\u00a0; les d\u00e9bats d\u2019opinion et les clashs\u00a0; les retransmissions sportives\u00a0; le matraquage des r\u00e9clames et des publicit\u00e9s\u00a0; la cr\u00e9ation de soap operas, d\u2019abord financ\u00e9s par les marques de lessive \u00e0 destination des femmes au foyer\u00a0; le d\u00e9veloppement des s\u00e9ries comme forme d\u2019art en qu\u00eate de l\u00e9gitimit\u00e9\u2026 Enfin, \u00ab\u00a0t\u00e9l\u00e9vision\u00a0\u00bb signifie d\u00e9sormais toute une histoire et une tradition, qu\u2019elle a fini par mettre elle-m\u00eame en sc\u00e8ne, \u00e0 mesure de son vieillissement et de celui de son public, dans d\u2019innombrables rediffusions et c\u00e9l\u00e9brations d\u2019un \u00ab\u00a0\u00e2ge d\u2019or\u00a0\u00bb suppos\u00e9. Appareil technique, forme d\u2019organisation de l\u2019espace et du temps, dispositif \u00e9conomique et politique, art populaire et industriel, archives du si\u00e8cle\u2026 Les th\u00e9oriciens des m\u00e9dias s\u2019efforcent d\u2019articuler tout ce qu\u2019a pu repr\u00e9senter la t\u00e9l\u00e9vision, \u00e0 mesure que son importance semble d\u00e9cro\u00eetre. Ces d\u00e9bats complexes sont passionnants. Mais, au moment de f\u00eater son \u00ab\u00a0anniversaire\u00a0\u00bb, on peut aussi en revenir \u00e0 l\u2019id\u00e9e simple dont la t\u00e9l\u00e9vision est devenue la cristallisation au beau milieu de nos salons. Il vous reste 79.3% de cet article \u00e0 lire. La suite est r\u00e9serv\u00e9e aux abonn\u00e9s.\" \/>\n<meta name=\"robots\" content=\"noindex, follow, max-snippet:-1, max-image-preview:large, max-video-preview:-1\" \/>\n<meta property=\"og:locale\" content=\"fr_FR\" \/>\n<meta property=\"og:type\" content=\"article\" \/>\n<meta property=\"og:title\" content=\"Tristan Garcia, philosophe\u00a0: \u00ab\u00a0La t\u00e9l\u00e9vision a d\u00e9velopp\u00e9 en nous une sorte de demi-sommeil et de pr\u00e9disposition au commentaire permanent\u00a0\u00bb - vof-news.eu\" \/>\n<meta property=\"og:description\" content=\"On entend de plus en plus dire que la t\u00e9l\u00e9vision est morte \u2013 ou \u00e0 l\u2019agonie. Peut-\u00eatre\u2026 Mais on ne sait plus tr\u00e8s bien de quoi l\u2019on parle, et on ne l\u2019a sans doute jamais su. Qu\u2019est-ce que la \u00ab\u00a0t\u00e9l\u00e9vision\u00a0\u00bb\u00a0? Si on se r\u00e9f\u00e8re au poste, c\u2019est un appareil de r\u00e9ception d\u2019images en mouvement, organis\u00e9es en cha\u00eenes et en programmes. Cet objet a connu bien des technologies, du tube cathodique aux cristaux liquides. Il a occup\u00e9, de plus en plus, une place de choix dans les foyers du XXe\u00a0si\u00e8cle. Mais la t\u00e9l\u00e9vision, ce n\u2019est pas que le t\u00e9l\u00e9viseur\u2026 C\u2019est un dispositif plus large de production et de diffusion, qui a impliqu\u00e9 non seulement des cam\u00e9ras, des micros et des studios, mais aussi un quadrillage complexe du territoire, des politiques publiques, des investissements priv\u00e9s massifs, d\u2019innombrables strat\u00e9gies de guerre culturelle pour avoir acc\u00e8s au \u00ab\u00a0temps de cerveau disponible\u00a0\u00bb des spectateurs. \u00ab\u00a0T\u00e9l\u00e9visuel\u00a0\u00bb a aussi d\u00e9sign\u00e9 peu \u00e0 peu, avec un soup\u00e7on de d\u00e9nigrement, toute une esth\u00e9tique associ\u00e9e \u00e0 ces images populaires et bas de gamme\u00a0: la sc\u00e9nographie des bulletins d\u2019information sur un plateau\u00a0; les d\u00e9bats d\u2019opinion et les clashs\u00a0; les retransmissions sportives\u00a0; le matraquage des r\u00e9clames et des publicit\u00e9s\u00a0; la cr\u00e9ation de soap operas, d\u2019abord financ\u00e9s par les marques de lessive \u00e0 destination des femmes au foyer\u00a0; le d\u00e9veloppement des s\u00e9ries comme forme d\u2019art en qu\u00eate de l\u00e9gitimit\u00e9\u2026 Enfin, \u00ab\u00a0t\u00e9l\u00e9vision\u00a0\u00bb signifie d\u00e9sormais toute une histoire et une tradition, qu\u2019elle a fini par mettre elle-m\u00eame en sc\u00e8ne, \u00e0 mesure de son vieillissement et de celui de son public, dans d\u2019innombrables rediffusions et c\u00e9l\u00e9brations d\u2019un \u00ab\u00a0\u00e2ge d\u2019or\u00a0\u00bb suppos\u00e9. Appareil technique, forme d\u2019organisation de l\u2019espace et du temps, dispositif \u00e9conomique et politique, art populaire et industriel, archives du si\u00e8cle\u2026 Les th\u00e9oriciens des m\u00e9dias s\u2019efforcent d\u2019articuler tout ce qu\u2019a pu repr\u00e9senter la t\u00e9l\u00e9vision, \u00e0 mesure que son importance semble d\u00e9cro\u00eetre. Ces d\u00e9bats complexes sont passionnants. Mais, au moment de f\u00eater son \u00ab\u00a0anniversaire\u00a0\u00bb, on peut aussi en revenir \u00e0 l\u2019id\u00e9e simple dont la t\u00e9l\u00e9vision est devenue la cristallisation au beau milieu de nos salons. Il vous reste 79.3% de cet article \u00e0 lire. La suite est r\u00e9serv\u00e9e aux abonn\u00e9s.\" \/>\n<meta property=\"og:url\" content=\"https:\/\/vof-news.eu\/fr\/tristan-garcia-philosophe-la-television-a-developpe-en-nous-une-sorte-de-demi-sommeil-et-de-predisposition-au-commentaire-permanent\/\" \/>\n<meta property=\"og:site_name\" content=\"vof-news.eu\" \/>\n<meta property=\"article:published_time\" content=\"2026-01-26T16:32:27+00:00\" \/>\n<meta property=\"article:modified_time\" content=\"2026-01-26T16:33:08+00:00\" \/>\n<meta name=\"author\" content=\"Author\" \/>\n<meta name=\"twitter:card\" content=\"summary_large_image\" \/>\n<meta name=\"twitter:label1\" content=\"\u00c9crit par\" \/>\n\t<meta name=\"twitter:data1\" content=\"Author\" \/>\n\t<meta name=\"twitter:label2\" content=\"Dur\u00e9e de lecture estim\u00e9e\" \/>\n\t<meta name=\"twitter:data2\" content=\"2 minutes\" \/>\n<script type=\"application\/ld+json\" class=\"yoast-schema-graph\">{\"@context\":\"https:\/\/schema.org\",\"@graph\":[{\"@type\":\"WebPage\",\"@id\":\"https:\/\/vof-news.eu\/fr\/tristan-garcia-philosophe-la-television-a-developpe-en-nous-une-sorte-de-demi-sommeil-et-de-predisposition-au-commentaire-permanent\/\",\"url\":\"https:\/\/vof-news.eu\/fr\/tristan-garcia-philosophe-la-television-a-developpe-en-nous-une-sorte-de-demi-sommeil-et-de-predisposition-au-commentaire-permanent\/\",\"name\":\"Tristan Garcia, philosophe\u00a0: \u00ab\u00a0La t\u00e9l\u00e9vision a d\u00e9velopp\u00e9 en nous une sorte de demi-sommeil et de pr\u00e9disposition au commentaire permanent\u00a0\u00bb - vof-news.eu\",\"isPartOf\":{\"@id\":\"https:\/\/vof-news.eu\/fr\/#website\"},\"datePublished\":\"2026-01-26T16:32:27+00:00\",\"dateModified\":\"2026-01-26T16:33:08+00:00\",\"author\":{\"@id\":\"https:\/\/vof-news.eu\/fr\/#\/schema\/person\/f6a2a4309f0561835797fd8c19b333ed\"},\"description\":\"On entend de plus en plus dire que la t\u00e9l\u00e9vision est morte \u2013 ou \u00e0 l\u2019agonie. Peut-\u00eatre\u2026 Mais on ne sait plus tr\u00e8s bien de quoi l\u2019on parle, et on ne l\u2019a sans doute jamais su. Qu\u2019est-ce que la \u00ab\u00a0t\u00e9l\u00e9vision\u00a0\u00bb\u00a0? Si on se r\u00e9f\u00e8re au poste, c\u2019est un appareil de r\u00e9ception d\u2019images en mouvement, organis\u00e9es en cha\u00eenes et en programmes. Cet objet a connu bien des technologies, du tube cathodique aux cristaux liquides. Il a occup\u00e9, de plus en plus, une place de choix dans les foyers du XXe\u00a0si\u00e8cle. Mais la t\u00e9l\u00e9vision, ce n\u2019est pas que le t\u00e9l\u00e9viseur\u2026 C\u2019est un dispositif plus large de production et de diffusion, qui a impliqu\u00e9 non seulement des cam\u00e9ras, des micros et des studios, mais aussi un quadrillage complexe du territoire, des politiques publiques, des investissements priv\u00e9s massifs, d\u2019innombrables strat\u00e9gies de guerre culturelle pour avoir acc\u00e8s au \u00ab\u00a0temps de cerveau disponible\u00a0\u00bb des spectateurs. \u00ab\u00a0T\u00e9l\u00e9visuel\u00a0\u00bb a aussi d\u00e9sign\u00e9 peu \u00e0 peu, avec un soup\u00e7on de d\u00e9nigrement, toute une esth\u00e9tique associ\u00e9e \u00e0 ces images populaires et bas de gamme\u00a0: la sc\u00e9nographie des bulletins d\u2019information sur un plateau\u00a0; les d\u00e9bats d\u2019opinion et les clashs\u00a0; les retransmissions sportives\u00a0; le matraquage des r\u00e9clames et des publicit\u00e9s\u00a0; la cr\u00e9ation de soap operas, d\u2019abord financ\u00e9s par les marques de lessive \u00e0 destination des femmes au foyer\u00a0; le d\u00e9veloppement des s\u00e9ries comme forme d\u2019art en qu\u00eate de l\u00e9gitimit\u00e9\u2026 Enfin, \u00ab\u00a0t\u00e9l\u00e9vision\u00a0\u00bb signifie d\u00e9sormais toute une histoire et une tradition, qu\u2019elle a fini par mettre elle-m\u00eame en sc\u00e8ne, \u00e0 mesure de son vieillissement et de celui de son public, dans d\u2019innombrables rediffusions et c\u00e9l\u00e9brations d\u2019un \u00ab\u00a0\u00e2ge d\u2019or\u00a0\u00bb suppos\u00e9. Appareil technique, forme d\u2019organisation de l\u2019espace et du temps, dispositif \u00e9conomique et politique, art populaire et industriel, archives du si\u00e8cle\u2026 Les th\u00e9oriciens des m\u00e9dias s\u2019efforcent d\u2019articuler tout ce qu\u2019a pu repr\u00e9senter la t\u00e9l\u00e9vision, \u00e0 mesure que son importance semble d\u00e9cro\u00eetre. Ces d\u00e9bats complexes sont passionnants. Mais, au moment de f\u00eater son \u00ab\u00a0anniversaire\u00a0\u00bb, on peut aussi en revenir \u00e0 l\u2019id\u00e9e simple dont la t\u00e9l\u00e9vision est devenue la cristallisation au beau milieu de nos salons. Il vous reste 79.3% de cet article \u00e0 lire. La suite est r\u00e9serv\u00e9e aux abonn\u00e9s.\",\"breadcrumb\":{\"@id\":\"https:\/\/vof-news.eu\/fr\/tristan-garcia-philosophe-la-television-a-developpe-en-nous-une-sorte-de-demi-sommeil-et-de-predisposition-au-commentaire-permanent\/#breadcrumb\"},\"inLanguage\":\"fr-FR\",\"potentialAction\":[{\"@type\":\"ReadAction\",\"target\":[\"https:\/\/vof-news.eu\/fr\/tristan-garcia-philosophe-la-television-a-developpe-en-nous-une-sorte-de-demi-sommeil-et-de-predisposition-au-commentaire-permanent\/\"]}]},{\"@type\":\"BreadcrumbList\",\"@id\":\"https:\/\/vof-news.eu\/fr\/tristan-garcia-philosophe-la-television-a-developpe-en-nous-une-sorte-de-demi-sommeil-et-de-predisposition-au-commentaire-permanent\/#breadcrumb\",\"itemListElement\":[{\"@type\":\"ListItem\",\"position\":1,\"name\":\"Home\",\"item\":\"https:\/\/vof-news.eu\/fr\/\"},{\"@type\":\"ListItem\",\"position\":2,\"name\":\"Tristan Garcia, philosophe\u00a0: \u00ab\u00a0La t\u00e9l\u00e9vision a d\u00e9velopp\u00e9 en nous une sorte de demi-sommeil et de pr\u00e9disposition au commentaire permanent\u00a0\u00bb\"}]},{\"@type\":\"WebSite\",\"@id\":\"https:\/\/vof-news.eu\/fr\/#website\",\"url\":\"https:\/\/vof-news.eu\/fr\/\",\"name\":\"vof-news.eu\",\"description\":\"\",\"potentialAction\":[{\"@type\":\"SearchAction\",\"target\":{\"@type\":\"EntryPoint\",\"urlTemplate\":\"https:\/\/vof-news.eu\/fr\/?s={search_term_string}\"},\"query-input\":\"required name=search_term_string\"}],\"inLanguage\":\"fr-FR\"},{\"@type\":\"Person\",\"@id\":\"https:\/\/vof-news.eu\/fr\/#\/schema\/person\/f6a2a4309f0561835797fd8c19b333ed\",\"name\":\"Author\",\"image\":{\"@type\":\"ImageObject\",\"inLanguage\":\"fr-FR\",\"@id\":\"https:\/\/vof-news.eu\/fr\/#\/schema\/person\/image\/\",\"url\":\"https:\/\/secure.gravatar.com\/avatar\/b67e614b1b25b3e9c0c239efdd2fde5ab015b5affd6f1c3c85911ca4b384e790?s=96&d=mm&r=g\",\"contentUrl\":\"https:\/\/secure.gravatar.com\/avatar\/b67e614b1b25b3e9c0c239efdd2fde5ab015b5affd6f1c3c85911ca4b384e790?s=96&d=mm&r=g\",\"caption\":\"Author\"},\"sameAs\":[\"http:\/\/vof-news.eu\"],\"url\":\"https:\/\/vof-news.eu\/fr\/author\/zwt6qxnjulxbnyg\/\"}]}<\/script>\n<!-- \/ Yoast SEO plugin. -->","yoast_head_json":{"title":"Tristan Garcia, philosophe\u00a0: \u00ab\u00a0La t\u00e9l\u00e9vision a d\u00e9velopp\u00e9 en nous une sorte de demi-sommeil et de pr\u00e9disposition au commentaire permanent\u00a0\u00bb - vof-news.eu","description":"On entend de plus en plus dire que la t\u00e9l\u00e9vision est morte \u2013 ou \u00e0 l\u2019agonie. Peut-\u00eatre\u2026 Mais on ne sait plus tr\u00e8s bien de quoi l\u2019on parle, et on ne l\u2019a sans doute jamais su. Qu\u2019est-ce que la \u00ab\u00a0t\u00e9l\u00e9vision\u00a0\u00bb\u00a0? Si on se r\u00e9f\u00e8re au poste, c\u2019est un appareil de r\u00e9ception d\u2019images en mouvement, organis\u00e9es en cha\u00eenes et en programmes. Cet objet a connu bien des technologies, du tube cathodique aux cristaux liquides. Il a occup\u00e9, de plus en plus, une place de choix dans les foyers du XXe\u00a0si\u00e8cle. Mais la t\u00e9l\u00e9vision, ce n\u2019est pas que le t\u00e9l\u00e9viseur\u2026 C\u2019est un dispositif plus large de production et de diffusion, qui a impliqu\u00e9 non seulement des cam\u00e9ras, des micros et des studios, mais aussi un quadrillage complexe du territoire, des politiques publiques, des investissements priv\u00e9s massifs, d\u2019innombrables strat\u00e9gies de guerre culturelle pour avoir acc\u00e8s au \u00ab\u00a0temps de cerveau disponible\u00a0\u00bb des spectateurs. \u00ab\u00a0T\u00e9l\u00e9visuel\u00a0\u00bb a aussi d\u00e9sign\u00e9 peu \u00e0 peu, avec un soup\u00e7on de d\u00e9nigrement, toute une esth\u00e9tique associ\u00e9e \u00e0 ces images populaires et bas de gamme\u00a0: la sc\u00e9nographie des bulletins d\u2019information sur un plateau\u00a0; les d\u00e9bats d\u2019opinion et les clashs\u00a0; les retransmissions sportives\u00a0; le matraquage des r\u00e9clames et des publicit\u00e9s\u00a0; la cr\u00e9ation de soap operas, d\u2019abord financ\u00e9s par les marques de lessive \u00e0 destination des femmes au foyer\u00a0; le d\u00e9veloppement des s\u00e9ries comme forme d\u2019art en qu\u00eate de l\u00e9gitimit\u00e9\u2026 Enfin, \u00ab\u00a0t\u00e9l\u00e9vision\u00a0\u00bb signifie d\u00e9sormais toute une histoire et une tradition, qu\u2019elle a fini par mettre elle-m\u00eame en sc\u00e8ne, \u00e0 mesure de son vieillissement et de celui de son public, dans d\u2019innombrables rediffusions et c\u00e9l\u00e9brations d\u2019un \u00ab\u00a0\u00e2ge d\u2019or\u00a0\u00bb suppos\u00e9. Appareil technique, forme d\u2019organisation de l\u2019espace et du temps, dispositif \u00e9conomique et politique, art populaire et industriel, archives du si\u00e8cle\u2026 Les th\u00e9oriciens des m\u00e9dias s\u2019efforcent d\u2019articuler tout ce qu\u2019a pu repr\u00e9senter la t\u00e9l\u00e9vision, \u00e0 mesure que son importance semble d\u00e9cro\u00eetre. Ces d\u00e9bats complexes sont passionnants. Mais, au moment de f\u00eater son \u00ab\u00a0anniversaire\u00a0\u00bb, on peut aussi en revenir \u00e0 l\u2019id\u00e9e simple dont la t\u00e9l\u00e9vision est devenue la cristallisation au beau milieu de nos salons. Il vous reste 79.3% de cet article \u00e0 lire. La suite est r\u00e9serv\u00e9e aux abonn\u00e9s.","robots":{"index":"noindex","follow":"follow","max-snippet":"max-snippet:-1","max-image-preview":"max-image-preview:large","max-video-preview":"max-video-preview:-1"},"og_locale":"fr_FR","og_type":"article","og_title":"Tristan Garcia, philosophe\u00a0: \u00ab\u00a0La t\u00e9l\u00e9vision a d\u00e9velopp\u00e9 en nous une sorte de demi-sommeil et de pr\u00e9disposition au commentaire permanent\u00a0\u00bb - vof-news.eu","og_description":"On entend de plus en plus dire que la t\u00e9l\u00e9vision est morte \u2013 ou \u00e0 l\u2019agonie. Peut-\u00eatre\u2026 Mais on ne sait plus tr\u00e8s bien de quoi l\u2019on parle, et on ne l\u2019a sans doute jamais su. Qu\u2019est-ce que la \u00ab\u00a0t\u00e9l\u00e9vision\u00a0\u00bb\u00a0? Si on se r\u00e9f\u00e8re au poste, c\u2019est un appareil de r\u00e9ception d\u2019images en mouvement, organis\u00e9es en cha\u00eenes et en programmes. Cet objet a connu bien des technologies, du tube cathodique aux cristaux liquides. Il a occup\u00e9, de plus en plus, une place de choix dans les foyers du XXe\u00a0si\u00e8cle. Mais la t\u00e9l\u00e9vision, ce n\u2019est pas que le t\u00e9l\u00e9viseur\u2026 C\u2019est un dispositif plus large de production et de diffusion, qui a impliqu\u00e9 non seulement des cam\u00e9ras, des micros et des studios, mais aussi un quadrillage complexe du territoire, des politiques publiques, des investissements priv\u00e9s massifs, d\u2019innombrables strat\u00e9gies de guerre culturelle pour avoir acc\u00e8s au \u00ab\u00a0temps de cerveau disponible\u00a0\u00bb des spectateurs. \u00ab\u00a0T\u00e9l\u00e9visuel\u00a0\u00bb a aussi d\u00e9sign\u00e9 peu \u00e0 peu, avec un soup\u00e7on de d\u00e9nigrement, toute une esth\u00e9tique associ\u00e9e \u00e0 ces images populaires et bas de gamme\u00a0: la sc\u00e9nographie des bulletins d\u2019information sur un plateau\u00a0; les d\u00e9bats d\u2019opinion et les clashs\u00a0; les retransmissions sportives\u00a0; le matraquage des r\u00e9clames et des publicit\u00e9s\u00a0; la cr\u00e9ation de soap operas, d\u2019abord financ\u00e9s par les marques de lessive \u00e0 destination des femmes au foyer\u00a0; le d\u00e9veloppement des s\u00e9ries comme forme d\u2019art en qu\u00eate de l\u00e9gitimit\u00e9\u2026 Enfin, \u00ab\u00a0t\u00e9l\u00e9vision\u00a0\u00bb signifie d\u00e9sormais toute une histoire et une tradition, qu\u2019elle a fini par mettre elle-m\u00eame en sc\u00e8ne, \u00e0 mesure de son vieillissement et de celui de son public, dans d\u2019innombrables rediffusions et c\u00e9l\u00e9brations d\u2019un \u00ab\u00a0\u00e2ge d\u2019or\u00a0\u00bb suppos\u00e9. Appareil technique, forme d\u2019organisation de l\u2019espace et du temps, dispositif \u00e9conomique et politique, art populaire et industriel, archives du si\u00e8cle\u2026 Les th\u00e9oriciens des m\u00e9dias s\u2019efforcent d\u2019articuler tout ce qu\u2019a pu repr\u00e9senter la t\u00e9l\u00e9vision, \u00e0 mesure que son importance semble d\u00e9cro\u00eetre. Ces d\u00e9bats complexes sont passionnants. Mais, au moment de f\u00eater son \u00ab\u00a0anniversaire\u00a0\u00bb, on peut aussi en revenir \u00e0 l\u2019id\u00e9e simple dont la t\u00e9l\u00e9vision est devenue la cristallisation au beau milieu de nos salons. Il vous reste 79.3% de cet article \u00e0 lire. La suite est r\u00e9serv\u00e9e aux abonn\u00e9s.","og_url":"https:\/\/vof-news.eu\/fr\/tristan-garcia-philosophe-la-television-a-developpe-en-nous-une-sorte-de-demi-sommeil-et-de-predisposition-au-commentaire-permanent\/","og_site_name":"vof-news.eu","article_published_time":"2026-01-26T16:32:27+00:00","article_modified_time":"2026-01-26T16:33:08+00:00","author":"Author","twitter_card":"summary_large_image","twitter_misc":{"\u00c9crit par":"Author","Dur\u00e9e de lecture estim\u00e9e":"2 minutes"},"schema":{"@context":"https:\/\/schema.org","@graph":[{"@type":"WebPage","@id":"https:\/\/vof-news.eu\/fr\/tristan-garcia-philosophe-la-television-a-developpe-en-nous-une-sorte-de-demi-sommeil-et-de-predisposition-au-commentaire-permanent\/","url":"https:\/\/vof-news.eu\/fr\/tristan-garcia-philosophe-la-television-a-developpe-en-nous-une-sorte-de-demi-sommeil-et-de-predisposition-au-commentaire-permanent\/","name":"Tristan Garcia, philosophe\u00a0: \u00ab\u00a0La t\u00e9l\u00e9vision a d\u00e9velopp\u00e9 en nous une sorte de demi-sommeil et de pr\u00e9disposition au commentaire permanent\u00a0\u00bb - vof-news.eu","isPartOf":{"@id":"https:\/\/vof-news.eu\/fr\/#website"},"datePublished":"2026-01-26T16:32:27+00:00","dateModified":"2026-01-26T16:33:08+00:00","author":{"@id":"https:\/\/vof-news.eu\/fr\/#\/schema\/person\/f6a2a4309f0561835797fd8c19b333ed"},"description":"On entend de plus en plus dire que la t\u00e9l\u00e9vision est morte \u2013 ou \u00e0 l\u2019agonie. Peut-\u00eatre\u2026 Mais on ne sait plus tr\u00e8s bien de quoi l\u2019on parle, et on ne l\u2019a sans doute jamais su. Qu\u2019est-ce que la \u00ab\u00a0t\u00e9l\u00e9vision\u00a0\u00bb\u00a0? Si on se r\u00e9f\u00e8re au poste, c\u2019est un appareil de r\u00e9ception d\u2019images en mouvement, organis\u00e9es en cha\u00eenes et en programmes. Cet objet a connu bien des technologies, du tube cathodique aux cristaux liquides. Il a occup\u00e9, de plus en plus, une place de choix dans les foyers du XXe\u00a0si\u00e8cle. Mais la t\u00e9l\u00e9vision, ce n\u2019est pas que le t\u00e9l\u00e9viseur\u2026 C\u2019est un dispositif plus large de production et de diffusion, qui a impliqu\u00e9 non seulement des cam\u00e9ras, des micros et des studios, mais aussi un quadrillage complexe du territoire, des politiques publiques, des investissements priv\u00e9s massifs, d\u2019innombrables strat\u00e9gies de guerre culturelle pour avoir acc\u00e8s au \u00ab\u00a0temps de cerveau disponible\u00a0\u00bb des spectateurs. \u00ab\u00a0T\u00e9l\u00e9visuel\u00a0\u00bb a aussi d\u00e9sign\u00e9 peu \u00e0 peu, avec un soup\u00e7on de d\u00e9nigrement, toute une esth\u00e9tique associ\u00e9e \u00e0 ces images populaires et bas de gamme\u00a0: la sc\u00e9nographie des bulletins d\u2019information sur un plateau\u00a0; les d\u00e9bats d\u2019opinion et les clashs\u00a0; les retransmissions sportives\u00a0; le matraquage des r\u00e9clames et des publicit\u00e9s\u00a0; la cr\u00e9ation de soap operas, d\u2019abord financ\u00e9s par les marques de lessive \u00e0 destination des femmes au foyer\u00a0; le d\u00e9veloppement des s\u00e9ries comme forme d\u2019art en qu\u00eate de l\u00e9gitimit\u00e9\u2026 Enfin, \u00ab\u00a0t\u00e9l\u00e9vision\u00a0\u00bb signifie d\u00e9sormais toute une histoire et une tradition, qu\u2019elle a fini par mettre elle-m\u00eame en sc\u00e8ne, \u00e0 mesure de son vieillissement et de celui de son public, dans d\u2019innombrables rediffusions et c\u00e9l\u00e9brations d\u2019un \u00ab\u00a0\u00e2ge d\u2019or\u00a0\u00bb suppos\u00e9. Appareil technique, forme d\u2019organisation de l\u2019espace et du temps, dispositif \u00e9conomique et politique, art populaire et industriel, archives du si\u00e8cle\u2026 Les th\u00e9oriciens des m\u00e9dias s\u2019efforcent d\u2019articuler tout ce qu\u2019a pu repr\u00e9senter la t\u00e9l\u00e9vision, \u00e0 mesure que son importance semble d\u00e9cro\u00eetre. Ces d\u00e9bats complexes sont passionnants. Mais, au moment de f\u00eater son \u00ab\u00a0anniversaire\u00a0\u00bb, on peut aussi en revenir \u00e0 l\u2019id\u00e9e simple dont la t\u00e9l\u00e9vision est devenue la cristallisation au beau milieu de nos salons. Il vous reste 79.3% de cet article \u00e0 lire. La suite est r\u00e9serv\u00e9e aux abonn\u00e9s.","breadcrumb":{"@id":"https:\/\/vof-news.eu\/fr\/tristan-garcia-philosophe-la-television-a-developpe-en-nous-une-sorte-de-demi-sommeil-et-de-predisposition-au-commentaire-permanent\/#breadcrumb"},"inLanguage":"fr-FR","potentialAction":[{"@type":"ReadAction","target":["https:\/\/vof-news.eu\/fr\/tristan-garcia-philosophe-la-television-a-developpe-en-nous-une-sorte-de-demi-sommeil-et-de-predisposition-au-commentaire-permanent\/"]}]},{"@type":"BreadcrumbList","@id":"https:\/\/vof-news.eu\/fr\/tristan-garcia-philosophe-la-television-a-developpe-en-nous-une-sorte-de-demi-sommeil-et-de-predisposition-au-commentaire-permanent\/#breadcrumb","itemListElement":[{"@type":"ListItem","position":1,"name":"Home","item":"https:\/\/vof-news.eu\/fr\/"},{"@type":"ListItem","position":2,"name":"Tristan Garcia, philosophe\u00a0: \u00ab\u00a0La t\u00e9l\u00e9vision a d\u00e9velopp\u00e9 en nous une sorte de demi-sommeil et de pr\u00e9disposition au commentaire permanent\u00a0\u00bb"}]},{"@type":"WebSite","@id":"https:\/\/vof-news.eu\/fr\/#website","url":"https:\/\/vof-news.eu\/fr\/","name":"vof-news.eu","description":"","potentialAction":[{"@type":"SearchAction","target":{"@type":"EntryPoint","urlTemplate":"https:\/\/vof-news.eu\/fr\/?s={search_term_string}"},"query-input":"required name=search_term_string"}],"inLanguage":"fr-FR"},{"@type":"Person","@id":"https:\/\/vof-news.eu\/fr\/#\/schema\/person\/f6a2a4309f0561835797fd8c19b333ed","name":"Author","image":{"@type":"ImageObject","inLanguage":"fr-FR","@id":"https:\/\/vof-news.eu\/fr\/#\/schema\/person\/image\/","url":"https:\/\/secure.gravatar.com\/avatar\/b67e614b1b25b3e9c0c239efdd2fde5ab015b5affd6f1c3c85911ca4b384e790?s=96&d=mm&r=g","contentUrl":"https:\/\/secure.gravatar.com\/avatar\/b67e614b1b25b3e9c0c239efdd2fde5ab015b5affd6f1c3c85911ca4b384e790?s=96&d=mm&r=g","caption":"Author"},"sameAs":["http:\/\/vof-news.eu"],"url":"https:\/\/vof-news.eu\/fr\/author\/zwt6qxnjulxbnyg\/"}]}},"yoast_meta":{"yoast_wpseo_title":"","yoast_wpseo_metadesc":"","yoast_wpseo_canonical":""},"_links":{"self":[{"href":"https:\/\/vof-news.eu\/fr\/wp-json\/wp\/v2\/posts\/320426","targetHints":{"allow":["GET"]}}],"collection":[{"href":"https:\/\/vof-news.eu\/fr\/wp-json\/wp\/v2\/posts"}],"about":[{"href":"https:\/\/vof-news.eu\/fr\/wp-json\/wp\/v2\/types\/post"}],"author":[{"embeddable":true,"href":"https:\/\/vof-news.eu\/fr\/wp-json\/wp\/v2\/users\/1"}],"replies":[{"embeddable":true,"href":"https:\/\/vof-news.eu\/fr\/wp-json\/wp\/v2\/comments?post=320426"}],"version-history":[{"count":1,"href":"https:\/\/vof-news.eu\/fr\/wp-json\/wp\/v2\/posts\/320426\/revisions"}],"predecessor-version":[{"id":320428,"href":"https:\/\/vof-news.eu\/fr\/wp-json\/wp\/v2\/posts\/320426\/revisions\/320428"}],"wp:attachment":[{"href":"https:\/\/vof-news.eu\/fr\/wp-json\/wp\/v2\/media?parent=320426"}],"wp:term":[{"taxonomy":"category","embeddable":true,"href":"https:\/\/vof-news.eu\/fr\/wp-json\/wp\/v2\/categories?post=320426"},{"taxonomy":"post_tag","embeddable":true,"href":"https:\/\/vof-news.eu\/fr\/wp-json\/wp\/v2\/tags?post=320426"}],"curies":[{"name":"wp","href":"https:\/\/api.w.org\/{rel}","templated":true}]}}