{"id":320230,"date":"2026-01-26T11:30:25","date_gmt":"2026-01-26T08:30:25","guid":{"rendered":"https:\/\/vof-news.eu\/sur-scene-a-chateauroux-les-goldmen-rendent-hommage-a-jean-jacques-goldman\/"},"modified":"2026-01-26T11:30:54","modified_gmt":"2026-01-26T08:30:54","slug":"sur-scene-a-chateauroux-les-goldmen-rendent-hommage-a-jean-jacques-goldman","status":"publish","type":"post","link":"https:\/\/vof-news.eu\/fr\/sur-scene-a-chateauroux-les-goldmen-rendent-hommage-a-jean-jacques-goldman\/","title":{"rendered":"Sur sc\u00e8ne, \u00e0 Ch\u00e2teauroux, les Goldmen rendent hommage \u00e0 Jean-Jacques\u2026 Goldman"},"content":{"rendered":"<article>\n<p><span>U<\/span>n programme de choix attend, en\u00a02026, les spectateurs du MACH\u00a036, la salle de concerts modulable de l\u2019agglom\u00e9ration de Ch\u00e2teauroux, situ\u00e9e \u00e0 D\u00e9ols (Indre)\u00a0: Supertramp, Pink Floyd, ABBA, Queen\u2026 \u2013 excusez du peu. Petit b\u00e9mol, cependant\u00a0: les groupes et artistes attendus ne sont pas\u2026 les vrais.<\/p>\n<p>Les noms dont ils s\u2019affublent \u2013 Covertramp, So Floyd, ABBA Gold, The World of Queen\u2026 \u2013 trahissent leur appartenance \u00e0 un ph\u00e9nom\u00e8ne en vogue dans l\u2019industrie musicale\u00a0: les , ces formations sp\u00e9cialis\u00e9es dans le r\u00e9pertoire d\u2019un groupe \u00e9teint ou d\u2019une personnalit\u00e9 disparue. Voire d\u2019un chanteur ayant d\u00e9cid\u00e9 de ne plus se produire en public, comme Jean-Jacques Goldman. Sa retraite pr\u00e9matur\u00e9e, en 2004, a donn\u00e9 naissance \u00e0 une demi-douzaine d\u2019orchestres professionnels vou\u00e9s \u00e0 l\u2019interpr\u00e9tation de ses succ\u00e8s. Le plus aguerri d\u2019entre eux, les Goldmen, \u00e9tait sur la sc\u00e8ne du MACH\u00a036, le 10\u00a0janvier, deuxi\u00e8me \u00e9tape d\u2019une tourn\u00e9e marathon d\u2019une centaine de dates.<\/p>\n<p>La formation a \u00e9t\u00e9 cr\u00e9\u00e9e en 2010 par Alain Stevez, un ancien pilote de grue de chantier qui, le samedi soir, arrondissait ses fins de mois en poussant la chansonnette dans les bals et les kermesses du nord de la France. Timbre haut perch\u00e9 et cheveux mi-longs, le sosie vocal et son groupe \u2013 p\u00e9riode Fredericks Goldman Jones \u2013 livrent ce soir-l\u00e0 une prestation confondante de similitude avec l\u2019authentique, devant 2\u00a0000\u00a0personnes qui n\u2019en demandaient pas tant. , assure Jean-Martial (qui n\u2019a pas donn\u00e9 son nom), 64\u00a0ans, un ancien salari\u00e9 de Renault, en r\u00e9gion parisienne, revenu s\u2019installer dans le Berry.<\/p>\n<p><strong>Il vous reste 59.1% de cet article \u00e0 lire. La suite est r\u00e9serv\u00e9e aux abonn\u00e9s.<\/strong><\/p>\n<\/article>\n","protected":false},"excerpt":{"rendered":"<p>Un programme de choix attend, en\u00a02026, les spectateurs du MACH\u00a036, la salle de concerts modulable de l\u2019agglom\u00e9ration de Ch\u00e2teauroux, situ\u00e9e \u00e0 D\u00e9ols (Indre)\u00a0: Supertramp, Pink Floyd, ABBA, Queen\u2026 \u2013 excusez du peu. Petit b\u00e9mol, cependant\u00a0: les groupes et artistes attendus ne sont pas\u2026 les vrais. Les noms dont ils s\u2019affublent \u2013 Covertramp, So Floyd, ABBA<\/p>\n","protected":false},"author":1,"featured_media":320231,"comment_status":"open","ping_status":"open","sticky":false,"template":"","format":"standard","meta":{"footnotes":""},"categories":[63],"tags":[],"class_list":["post-320230","post","type-post","status-publish","format-standard","has-post-thumbnail","hentry","category-culture-fr"],"acf":[],"yoast_head":"<!-- This site is optimized with the Yoast SEO plugin v22.9 - https:\/\/yoast.com\/wordpress\/plugins\/seo\/ -->\n<title>Sur sc\u00e8ne, \u00e0 Ch\u00e2teauroux, les Goldmen rendent hommage \u00e0 Jean-Jacques\u2026 Goldman - vof-news.eu<\/title>\n<meta name=\"description\" content=\"Un programme de choix attend, en\u00a02026, les spectateurs du MACH\u00a036, la salle de concerts modulable de l\u2019agglom\u00e9ration de Ch\u00e2teauroux, situ\u00e9e \u00e0 D\u00e9ols (Indre)\u00a0: Supertramp, Pink Floyd, ABBA, Queen\u2026 \u2013 excusez du peu. Petit b\u00e9mol, cependant\u00a0: les groupes et artistes attendus ne sont pas\u2026 les vrais. Les noms dont ils s\u2019affublent \u2013 Covertramp, So Floyd, ABBA Gold, The World of Queen\u2026 \u2013 trahissent leur appartenance \u00e0 un ph\u00e9nom\u00e8ne en vogue dans l\u2019industrie musicale\u00a0: les , ces formations sp\u00e9cialis\u00e9es dans le r\u00e9pertoire d\u2019un groupe \u00e9teint ou d\u2019une personnalit\u00e9 disparue. Voire d\u2019un chanteur ayant d\u00e9cid\u00e9 de ne plus se produire en public, comme Jean-Jacques Goldman. Sa retraite pr\u00e9matur\u00e9e, en 2004, a donn\u00e9 naissance \u00e0 une demi-douzaine d\u2019orchestres professionnels vou\u00e9s \u00e0 l\u2019interpr\u00e9tation de ses succ\u00e8s. Le plus aguerri d\u2019entre eux, les Goldmen, \u00e9tait sur la sc\u00e8ne du MACH\u00a036, le 10\u00a0janvier, deuxi\u00e8me \u00e9tape d\u2019une tourn\u00e9e marathon d\u2019une centaine de dates.  La formation a \u00e9t\u00e9 cr\u00e9\u00e9e en 2010 par Alain Stevez, un ancien pilote de grue de chantier qui, le samedi soir, arrondissait ses fins de mois en poussant la chansonnette dans les bals et les kermesses du nord de la France. Timbre haut perch\u00e9 et cheveux mi-longs, le sosie vocal et son groupe \u2013 p\u00e9riode Fredericks Goldman Jones \u2013 livrent ce soir-l\u00e0 une prestation confondante de similitude avec l\u2019authentique, devant 2\u00a0000\u00a0personnes qui n\u2019en demandaient pas tant. , assure Jean-Martial (qui n\u2019a pas donn\u00e9 son nom), 64\u00a0ans, un ancien salari\u00e9 de Renault, en r\u00e9gion parisienne, revenu s\u2019installer dans le Berry. Il vous reste 59.1% de cet article \u00e0 lire. La suite est r\u00e9serv\u00e9e aux abonn\u00e9s.\" \/>\n<meta name=\"robots\" content=\"noindex, follow, max-snippet:-1, max-image-preview:large, max-video-preview:-1\" \/>\n<meta property=\"og:locale\" content=\"fr_FR\" \/>\n<meta property=\"og:type\" content=\"article\" \/>\n<meta property=\"og:title\" content=\"Sur sc\u00e8ne, \u00e0 Ch\u00e2teauroux, les Goldmen rendent hommage \u00e0 Jean-Jacques\u2026 Goldman - vof-news.eu\" \/>\n<meta property=\"og:description\" content=\"Un programme de choix attend, en\u00a02026, les spectateurs du MACH\u00a036, la salle de concerts modulable de l\u2019agglom\u00e9ration de Ch\u00e2teauroux, situ\u00e9e \u00e0 D\u00e9ols (Indre)\u00a0: Supertramp, Pink Floyd, ABBA, Queen\u2026 \u2013 excusez du peu. Petit b\u00e9mol, cependant\u00a0: les groupes et artistes attendus ne sont pas\u2026 les vrais. Les noms dont ils s\u2019affublent \u2013 Covertramp, So Floyd, ABBA Gold, The World of Queen\u2026 \u2013 trahissent leur appartenance \u00e0 un ph\u00e9nom\u00e8ne en vogue dans l\u2019industrie musicale\u00a0: les , ces formations sp\u00e9cialis\u00e9es dans le r\u00e9pertoire d\u2019un groupe \u00e9teint ou d\u2019une personnalit\u00e9 disparue. Voire d\u2019un chanteur ayant d\u00e9cid\u00e9 de ne plus se produire en public, comme Jean-Jacques Goldman. Sa retraite pr\u00e9matur\u00e9e, en 2004, a donn\u00e9 naissance \u00e0 une demi-douzaine d\u2019orchestres professionnels vou\u00e9s \u00e0 l\u2019interpr\u00e9tation de ses succ\u00e8s. Le plus aguerri d\u2019entre eux, les Goldmen, \u00e9tait sur la sc\u00e8ne du MACH\u00a036, le 10\u00a0janvier, deuxi\u00e8me \u00e9tape d\u2019une tourn\u00e9e marathon d\u2019une centaine de dates.  La formation a \u00e9t\u00e9 cr\u00e9\u00e9e en 2010 par Alain Stevez, un ancien pilote de grue de chantier qui, le samedi soir, arrondissait ses fins de mois en poussant la chansonnette dans les bals et les kermesses du nord de la France. Timbre haut perch\u00e9 et cheveux mi-longs, le sosie vocal et son groupe \u2013 p\u00e9riode Fredericks Goldman Jones \u2013 livrent ce soir-l\u00e0 une prestation confondante de similitude avec l\u2019authentique, devant 2\u00a0000\u00a0personnes qui n\u2019en demandaient pas tant. , assure Jean-Martial (qui n\u2019a pas donn\u00e9 son nom), 64\u00a0ans, un ancien salari\u00e9 de Renault, en r\u00e9gion parisienne, revenu s\u2019installer dans le Berry. Il vous reste 59.1% de cet article \u00e0 lire. La suite est r\u00e9serv\u00e9e aux abonn\u00e9s.\" \/>\n<meta property=\"og:url\" content=\"https:\/\/vof-news.eu\/fr\/sur-scene-a-chateauroux-les-goldmen-rendent-hommage-a-jean-jacques-goldman\/\" \/>\n<meta property=\"og:site_name\" content=\"vof-news.eu\" \/>\n<meta property=\"article:published_time\" content=\"2026-01-26T08:30:25+00:00\" \/>\n<meta property=\"article:modified_time\" content=\"2026-01-26T08:30:54+00:00\" \/>\n<meta property=\"og:image\" content=\"https:\/\/vof-news.eu\/wp-content\/uploads\/2026\/01\/b5556e6_upload-1-z6y3w0dztute-gold4.jpg\" \/>\n\t<meta property=\"og:image:width\" content=\"664\" \/>\n\t<meta property=\"og:image:height\" content=\"421\" \/>\n\t<meta property=\"og:image:type\" content=\"image\/jpeg\" \/>\n<meta name=\"author\" content=\"Author\" \/>\n<meta name=\"twitter:card\" content=\"summary_large_image\" \/>\n<meta name=\"twitter:label1\" content=\"\u00c9crit par\" \/>\n\t<meta name=\"twitter:data1\" content=\"Author\" \/>\n\t<meta name=\"twitter:label2\" content=\"Dur\u00e9e de lecture estim\u00e9e\" \/>\n\t<meta name=\"twitter:data2\" content=\"1 minute\" \/>\n<script type=\"application\/ld+json\" class=\"yoast-schema-graph\">{\"@context\":\"https:\/\/schema.org\",\"@graph\":[{\"@type\":\"WebPage\",\"@id\":\"https:\/\/vof-news.eu\/fr\/sur-scene-a-chateauroux-les-goldmen-rendent-hommage-a-jean-jacques-goldman\/\",\"url\":\"https:\/\/vof-news.eu\/fr\/sur-scene-a-chateauroux-les-goldmen-rendent-hommage-a-jean-jacques-goldman\/\",\"name\":\"Sur sc\u00e8ne, \u00e0 Ch\u00e2teauroux, les Goldmen rendent hommage \u00e0 Jean-Jacques\u2026 Goldman - vof-news.eu\",\"isPartOf\":{\"@id\":\"https:\/\/vof-news.eu\/fr\/#website\"},\"primaryImageOfPage\":{\"@id\":\"https:\/\/vof-news.eu\/fr\/sur-scene-a-chateauroux-les-goldmen-rendent-hommage-a-jean-jacques-goldman\/#primaryimage\"},\"image\":{\"@id\":\"https:\/\/vof-news.eu\/fr\/sur-scene-a-chateauroux-les-goldmen-rendent-hommage-a-jean-jacques-goldman\/#primaryimage\"},\"thumbnailUrl\":\"https:\/\/vof-news.eu\/wp-content\/uploads\/2026\/01\/b5556e6_upload-1-z6y3w0dztute-gold4.jpg\",\"datePublished\":\"2026-01-26T08:30:25+00:00\",\"dateModified\":\"2026-01-26T08:30:54+00:00\",\"author\":{\"@id\":\"https:\/\/vof-news.eu\/fr\/#\/schema\/person\/f6a2a4309f0561835797fd8c19b333ed\"},\"description\":\"Un programme de choix attend, en\u00a02026, les spectateurs du MACH\u00a036, la salle de concerts modulable de l\u2019agglom\u00e9ration de Ch\u00e2teauroux, situ\u00e9e \u00e0 D\u00e9ols (Indre)\u00a0: Supertramp, Pink Floyd, ABBA, Queen\u2026 \u2013 excusez du peu. Petit b\u00e9mol, cependant\u00a0: les groupes et artistes attendus ne sont pas\u2026 les vrais. Les noms dont ils s\u2019affublent \u2013 Covertramp, So Floyd, ABBA Gold, The World of Queen\u2026 \u2013 trahissent leur appartenance \u00e0 un ph\u00e9nom\u00e8ne en vogue dans l\u2019industrie musicale\u00a0: les , ces formations sp\u00e9cialis\u00e9es dans le r\u00e9pertoire d\u2019un groupe \u00e9teint ou d\u2019une personnalit\u00e9 disparue. Voire d\u2019un chanteur ayant d\u00e9cid\u00e9 de ne plus se produire en public, comme Jean-Jacques Goldman. Sa retraite pr\u00e9matur\u00e9e, en 2004, a donn\u00e9 naissance \u00e0 une demi-douzaine d\u2019orchestres professionnels vou\u00e9s \u00e0 l\u2019interpr\u00e9tation de ses succ\u00e8s. Le plus aguerri d\u2019entre eux, les Goldmen, \u00e9tait sur la sc\u00e8ne du MACH\u00a036, le 10\u00a0janvier, deuxi\u00e8me \u00e9tape d\u2019une tourn\u00e9e marathon d\u2019une centaine de dates. La formation a \u00e9t\u00e9 cr\u00e9\u00e9e en 2010 par Alain Stevez, un ancien pilote de grue de chantier qui, le samedi soir, arrondissait ses fins de mois en poussant la chansonnette dans les bals et les kermesses du nord de la France. Timbre haut perch\u00e9 et cheveux mi-longs, le sosie vocal et son groupe \u2013 p\u00e9riode Fredericks Goldman Jones \u2013 livrent ce soir-l\u00e0 une prestation confondante de similitude avec l\u2019authentique, devant 2\u00a0000\u00a0personnes qui n\u2019en demandaient pas tant. , assure Jean-Martial (qui n\u2019a pas donn\u00e9 son nom), 64\u00a0ans, un ancien salari\u00e9 de Renault, en r\u00e9gion parisienne, revenu s\u2019installer dans le Berry. Il vous reste 59.1% de cet article \u00e0 lire. La suite est r\u00e9serv\u00e9e aux abonn\u00e9s.\",\"breadcrumb\":{\"@id\":\"https:\/\/vof-news.eu\/fr\/sur-scene-a-chateauroux-les-goldmen-rendent-hommage-a-jean-jacques-goldman\/#breadcrumb\"},\"inLanguage\":\"fr-FR\",\"potentialAction\":[{\"@type\":\"ReadAction\",\"target\":[\"https:\/\/vof-news.eu\/fr\/sur-scene-a-chateauroux-les-goldmen-rendent-hommage-a-jean-jacques-goldman\/\"]}]},{\"@type\":\"ImageObject\",\"inLanguage\":\"fr-FR\",\"@id\":\"https:\/\/vof-news.eu\/fr\/sur-scene-a-chateauroux-les-goldmen-rendent-hommage-a-jean-jacques-goldman\/#primaryimage\",\"url\":\"https:\/\/vof-news.eu\/wp-content\/uploads\/2026\/01\/b5556e6_upload-1-z6y3w0dztute-gold4.jpg\",\"contentUrl\":\"https:\/\/vof-news.eu\/wp-content\/uploads\/2026\/01\/b5556e6_upload-1-z6y3w0dztute-gold4.jpg\",\"width\":664,\"height\":421},{\"@type\":\"BreadcrumbList\",\"@id\":\"https:\/\/vof-news.eu\/fr\/sur-scene-a-chateauroux-les-goldmen-rendent-hommage-a-jean-jacques-goldman\/#breadcrumb\",\"itemListElement\":[{\"@type\":\"ListItem\",\"position\":1,\"name\":\"Home\",\"item\":\"https:\/\/vof-news.eu\/fr\/\"},{\"@type\":\"ListItem\",\"position\":2,\"name\":\"Sur sc\u00e8ne, \u00e0 Ch\u00e2teauroux, les Goldmen rendent hommage \u00e0 Jean-Jacques\u2026 Goldman\"}]},{\"@type\":\"WebSite\",\"@id\":\"https:\/\/vof-news.eu\/fr\/#website\",\"url\":\"https:\/\/vof-news.eu\/fr\/\",\"name\":\"vof-news.eu\",\"description\":\"\",\"potentialAction\":[{\"@type\":\"SearchAction\",\"target\":{\"@type\":\"EntryPoint\",\"urlTemplate\":\"https:\/\/vof-news.eu\/fr\/?s={search_term_string}\"},\"query-input\":\"required name=search_term_string\"}],\"inLanguage\":\"fr-FR\"},{\"@type\":\"Person\",\"@id\":\"https:\/\/vof-news.eu\/fr\/#\/schema\/person\/f6a2a4309f0561835797fd8c19b333ed\",\"name\":\"Author\",\"image\":{\"@type\":\"ImageObject\",\"inLanguage\":\"fr-FR\",\"@id\":\"https:\/\/vof-news.eu\/fr\/#\/schema\/person\/image\/\",\"url\":\"https:\/\/secure.gravatar.com\/avatar\/b67e614b1b25b3e9c0c239efdd2fde5ab015b5affd6f1c3c85911ca4b384e790?s=96&d=mm&r=g\",\"contentUrl\":\"https:\/\/secure.gravatar.com\/avatar\/b67e614b1b25b3e9c0c239efdd2fde5ab015b5affd6f1c3c85911ca4b384e790?s=96&d=mm&r=g\",\"caption\":\"Author\"},\"sameAs\":[\"http:\/\/vof-news.eu\"],\"url\":\"https:\/\/vof-news.eu\/fr\/author\/zwt6qxnjulxbnyg\/\"}]}<\/script>\n<!-- \/ Yoast SEO plugin. -->","yoast_head_json":{"title":"Sur sc\u00e8ne, \u00e0 Ch\u00e2teauroux, les Goldmen rendent hommage \u00e0 Jean-Jacques\u2026 Goldman - vof-news.eu","description":"Un programme de choix attend, en\u00a02026, les spectateurs du MACH\u00a036, la salle de concerts modulable de l\u2019agglom\u00e9ration de Ch\u00e2teauroux, situ\u00e9e \u00e0 D\u00e9ols (Indre)\u00a0: Supertramp, Pink Floyd, ABBA, Queen\u2026 \u2013 excusez du peu. Petit b\u00e9mol, cependant\u00a0: les groupes et artistes attendus ne sont pas\u2026 les vrais. Les noms dont ils s\u2019affublent \u2013 Covertramp, So Floyd, ABBA Gold, The World of Queen\u2026 \u2013 trahissent leur appartenance \u00e0 un ph\u00e9nom\u00e8ne en vogue dans l\u2019industrie musicale\u00a0: les , ces formations sp\u00e9cialis\u00e9es dans le r\u00e9pertoire d\u2019un groupe \u00e9teint ou d\u2019une personnalit\u00e9 disparue. Voire d\u2019un chanteur ayant d\u00e9cid\u00e9 de ne plus se produire en public, comme Jean-Jacques Goldman. Sa retraite pr\u00e9matur\u00e9e, en 2004, a donn\u00e9 naissance \u00e0 une demi-douzaine d\u2019orchestres professionnels vou\u00e9s \u00e0 l\u2019interpr\u00e9tation de ses succ\u00e8s. Le plus aguerri d\u2019entre eux, les Goldmen, \u00e9tait sur la sc\u00e8ne du MACH\u00a036, le 10\u00a0janvier, deuxi\u00e8me \u00e9tape d\u2019une tourn\u00e9e marathon d\u2019une centaine de dates.  La formation a \u00e9t\u00e9 cr\u00e9\u00e9e en 2010 par Alain Stevez, un ancien pilote de grue de chantier qui, le samedi soir, arrondissait ses fins de mois en poussant la chansonnette dans les bals et les kermesses du nord de la France. Timbre haut perch\u00e9 et cheveux mi-longs, le sosie vocal et son groupe \u2013 p\u00e9riode Fredericks Goldman Jones \u2013 livrent ce soir-l\u00e0 une prestation confondante de similitude avec l\u2019authentique, devant 2\u00a0000\u00a0personnes qui n\u2019en demandaient pas tant. , assure Jean-Martial (qui n\u2019a pas donn\u00e9 son nom), 64\u00a0ans, un ancien salari\u00e9 de Renault, en r\u00e9gion parisienne, revenu s\u2019installer dans le Berry. Il vous reste 59.1% de cet article \u00e0 lire. La suite est r\u00e9serv\u00e9e aux abonn\u00e9s.","robots":{"index":"noindex","follow":"follow","max-snippet":"max-snippet:-1","max-image-preview":"max-image-preview:large","max-video-preview":"max-video-preview:-1"},"og_locale":"fr_FR","og_type":"article","og_title":"Sur sc\u00e8ne, \u00e0 Ch\u00e2teauroux, les Goldmen rendent hommage \u00e0 Jean-Jacques\u2026 Goldman - vof-news.eu","og_description":"Un programme de choix attend, en\u00a02026, les spectateurs du MACH\u00a036, la salle de concerts modulable de l\u2019agglom\u00e9ration de Ch\u00e2teauroux, situ\u00e9e \u00e0 D\u00e9ols (Indre)\u00a0: Supertramp, Pink Floyd, ABBA, Queen\u2026 \u2013 excusez du peu. Petit b\u00e9mol, cependant\u00a0: les groupes et artistes attendus ne sont pas\u2026 les vrais. Les noms dont ils s\u2019affublent \u2013 Covertramp, So Floyd, ABBA Gold, The World of Queen\u2026 \u2013 trahissent leur appartenance \u00e0 un ph\u00e9nom\u00e8ne en vogue dans l\u2019industrie musicale\u00a0: les , ces formations sp\u00e9cialis\u00e9es dans le r\u00e9pertoire d\u2019un groupe \u00e9teint ou d\u2019une personnalit\u00e9 disparue. Voire d\u2019un chanteur ayant d\u00e9cid\u00e9 de ne plus se produire en public, comme Jean-Jacques Goldman. Sa retraite pr\u00e9matur\u00e9e, en 2004, a donn\u00e9 naissance \u00e0 une demi-douzaine d\u2019orchestres professionnels vou\u00e9s \u00e0 l\u2019interpr\u00e9tation de ses succ\u00e8s. Le plus aguerri d\u2019entre eux, les Goldmen, \u00e9tait sur la sc\u00e8ne du MACH\u00a036, le 10\u00a0janvier, deuxi\u00e8me \u00e9tape d\u2019une tourn\u00e9e marathon d\u2019une centaine de dates.  La formation a \u00e9t\u00e9 cr\u00e9\u00e9e en 2010 par Alain Stevez, un ancien pilote de grue de chantier qui, le samedi soir, arrondissait ses fins de mois en poussant la chansonnette dans les bals et les kermesses du nord de la France. Timbre haut perch\u00e9 et cheveux mi-longs, le sosie vocal et son groupe \u2013 p\u00e9riode Fredericks Goldman Jones \u2013 livrent ce soir-l\u00e0 une prestation confondante de similitude avec l\u2019authentique, devant 2\u00a0000\u00a0personnes qui n\u2019en demandaient pas tant. , assure Jean-Martial (qui n\u2019a pas donn\u00e9 son nom), 64\u00a0ans, un ancien salari\u00e9 de Renault, en r\u00e9gion parisienne, revenu s\u2019installer dans le Berry. Il vous reste 59.1% de cet article \u00e0 lire. La suite est r\u00e9serv\u00e9e aux abonn\u00e9s.","og_url":"https:\/\/vof-news.eu\/fr\/sur-scene-a-chateauroux-les-goldmen-rendent-hommage-a-jean-jacques-goldman\/","og_site_name":"vof-news.eu","article_published_time":"2026-01-26T08:30:25+00:00","article_modified_time":"2026-01-26T08:30:54+00:00","og_image":[{"width":664,"height":421,"url":"https:\/\/vof-news.eu\/wp-content\/uploads\/2026\/01\/b5556e6_upload-1-z6y3w0dztute-gold4.jpg","type":"image\/jpeg"}],"author":"Author","twitter_card":"summary_large_image","twitter_misc":{"\u00c9crit par":"Author","Dur\u00e9e de lecture estim\u00e9e":"1 minute"},"schema":{"@context":"https:\/\/schema.org","@graph":[{"@type":"WebPage","@id":"https:\/\/vof-news.eu\/fr\/sur-scene-a-chateauroux-les-goldmen-rendent-hommage-a-jean-jacques-goldman\/","url":"https:\/\/vof-news.eu\/fr\/sur-scene-a-chateauroux-les-goldmen-rendent-hommage-a-jean-jacques-goldman\/","name":"Sur sc\u00e8ne, \u00e0 Ch\u00e2teauroux, les Goldmen rendent hommage \u00e0 Jean-Jacques\u2026 Goldman - vof-news.eu","isPartOf":{"@id":"https:\/\/vof-news.eu\/fr\/#website"},"primaryImageOfPage":{"@id":"https:\/\/vof-news.eu\/fr\/sur-scene-a-chateauroux-les-goldmen-rendent-hommage-a-jean-jacques-goldman\/#primaryimage"},"image":{"@id":"https:\/\/vof-news.eu\/fr\/sur-scene-a-chateauroux-les-goldmen-rendent-hommage-a-jean-jacques-goldman\/#primaryimage"},"thumbnailUrl":"https:\/\/vof-news.eu\/wp-content\/uploads\/2026\/01\/b5556e6_upload-1-z6y3w0dztute-gold4.jpg","datePublished":"2026-01-26T08:30:25+00:00","dateModified":"2026-01-26T08:30:54+00:00","author":{"@id":"https:\/\/vof-news.eu\/fr\/#\/schema\/person\/f6a2a4309f0561835797fd8c19b333ed"},"description":"Un programme de choix attend, en\u00a02026, les spectateurs du MACH\u00a036, la salle de concerts modulable de l\u2019agglom\u00e9ration de Ch\u00e2teauroux, situ\u00e9e \u00e0 D\u00e9ols (Indre)\u00a0: Supertramp, Pink Floyd, ABBA, Queen\u2026 \u2013 excusez du peu. Petit b\u00e9mol, cependant\u00a0: les groupes et artistes attendus ne sont pas\u2026 les vrais. Les noms dont ils s\u2019affublent \u2013 Covertramp, So Floyd, ABBA Gold, The World of Queen\u2026 \u2013 trahissent leur appartenance \u00e0 un ph\u00e9nom\u00e8ne en vogue dans l\u2019industrie musicale\u00a0: les , ces formations sp\u00e9cialis\u00e9es dans le r\u00e9pertoire d\u2019un groupe \u00e9teint ou d\u2019une personnalit\u00e9 disparue. Voire d\u2019un chanteur ayant d\u00e9cid\u00e9 de ne plus se produire en public, comme Jean-Jacques Goldman. Sa retraite pr\u00e9matur\u00e9e, en 2004, a donn\u00e9 naissance \u00e0 une demi-douzaine d\u2019orchestres professionnels vou\u00e9s \u00e0 l\u2019interpr\u00e9tation de ses succ\u00e8s. Le plus aguerri d\u2019entre eux, les Goldmen, \u00e9tait sur la sc\u00e8ne du MACH\u00a036, le 10\u00a0janvier, deuxi\u00e8me \u00e9tape d\u2019une tourn\u00e9e marathon d\u2019une centaine de dates. La formation a \u00e9t\u00e9 cr\u00e9\u00e9e en 2010 par Alain Stevez, un ancien pilote de grue de chantier qui, le samedi soir, arrondissait ses fins de mois en poussant la chansonnette dans les bals et les kermesses du nord de la France. Timbre haut perch\u00e9 et cheveux mi-longs, le sosie vocal et son groupe \u2013 p\u00e9riode Fredericks Goldman Jones \u2013 livrent ce soir-l\u00e0 une prestation confondante de similitude avec l\u2019authentique, devant 2\u00a0000\u00a0personnes qui n\u2019en demandaient pas tant. , assure Jean-Martial (qui n\u2019a pas donn\u00e9 son nom), 64\u00a0ans, un ancien salari\u00e9 de Renault, en r\u00e9gion parisienne, revenu s\u2019installer dans le Berry. Il vous reste 59.1% de cet article \u00e0 lire. La suite est r\u00e9serv\u00e9e aux abonn\u00e9s.","breadcrumb":{"@id":"https:\/\/vof-news.eu\/fr\/sur-scene-a-chateauroux-les-goldmen-rendent-hommage-a-jean-jacques-goldman\/#breadcrumb"},"inLanguage":"fr-FR","potentialAction":[{"@type":"ReadAction","target":["https:\/\/vof-news.eu\/fr\/sur-scene-a-chateauroux-les-goldmen-rendent-hommage-a-jean-jacques-goldman\/"]}]},{"@type":"ImageObject","inLanguage":"fr-FR","@id":"https:\/\/vof-news.eu\/fr\/sur-scene-a-chateauroux-les-goldmen-rendent-hommage-a-jean-jacques-goldman\/#primaryimage","url":"https:\/\/vof-news.eu\/wp-content\/uploads\/2026\/01\/b5556e6_upload-1-z6y3w0dztute-gold4.jpg","contentUrl":"https:\/\/vof-news.eu\/wp-content\/uploads\/2026\/01\/b5556e6_upload-1-z6y3w0dztute-gold4.jpg","width":664,"height":421},{"@type":"BreadcrumbList","@id":"https:\/\/vof-news.eu\/fr\/sur-scene-a-chateauroux-les-goldmen-rendent-hommage-a-jean-jacques-goldman\/#breadcrumb","itemListElement":[{"@type":"ListItem","position":1,"name":"Home","item":"https:\/\/vof-news.eu\/fr\/"},{"@type":"ListItem","position":2,"name":"Sur sc\u00e8ne, \u00e0 Ch\u00e2teauroux, les Goldmen rendent hommage \u00e0 Jean-Jacques\u2026 Goldman"}]},{"@type":"WebSite","@id":"https:\/\/vof-news.eu\/fr\/#website","url":"https:\/\/vof-news.eu\/fr\/","name":"vof-news.eu","description":"","potentialAction":[{"@type":"SearchAction","target":{"@type":"EntryPoint","urlTemplate":"https:\/\/vof-news.eu\/fr\/?s={search_term_string}"},"query-input":"required name=search_term_string"}],"inLanguage":"fr-FR"},{"@type":"Person","@id":"https:\/\/vof-news.eu\/fr\/#\/schema\/person\/f6a2a4309f0561835797fd8c19b333ed","name":"Author","image":{"@type":"ImageObject","inLanguage":"fr-FR","@id":"https:\/\/vof-news.eu\/fr\/#\/schema\/person\/image\/","url":"https:\/\/secure.gravatar.com\/avatar\/b67e614b1b25b3e9c0c239efdd2fde5ab015b5affd6f1c3c85911ca4b384e790?s=96&d=mm&r=g","contentUrl":"https:\/\/secure.gravatar.com\/avatar\/b67e614b1b25b3e9c0c239efdd2fde5ab015b5affd6f1c3c85911ca4b384e790?s=96&d=mm&r=g","caption":"Author"},"sameAs":["http:\/\/vof-news.eu"],"url":"https:\/\/vof-news.eu\/fr\/author\/zwt6qxnjulxbnyg\/"}]}},"yoast_meta":{"yoast_wpseo_title":"","yoast_wpseo_metadesc":"","yoast_wpseo_canonical":""},"_links":{"self":[{"href":"https:\/\/vof-news.eu\/fr\/wp-json\/wp\/v2\/posts\/320230","targetHints":{"allow":["GET"]}}],"collection":[{"href":"https:\/\/vof-news.eu\/fr\/wp-json\/wp\/v2\/posts"}],"about":[{"href":"https:\/\/vof-news.eu\/fr\/wp-json\/wp\/v2\/types\/post"}],"author":[{"embeddable":true,"href":"https:\/\/vof-news.eu\/fr\/wp-json\/wp\/v2\/users\/1"}],"replies":[{"embeddable":true,"href":"https:\/\/vof-news.eu\/fr\/wp-json\/wp\/v2\/comments?post=320230"}],"version-history":[{"count":1,"href":"https:\/\/vof-news.eu\/fr\/wp-json\/wp\/v2\/posts\/320230\/revisions"}],"predecessor-version":[{"id":320237,"href":"https:\/\/vof-news.eu\/fr\/wp-json\/wp\/v2\/posts\/320230\/revisions\/320237"}],"wp:featuredmedia":[{"embeddable":true,"href":"https:\/\/vof-news.eu\/fr\/wp-json\/wp\/v2\/media\/320231"}],"wp:attachment":[{"href":"https:\/\/vof-news.eu\/fr\/wp-json\/wp\/v2\/media?parent=320230"}],"wp:term":[{"taxonomy":"category","embeddable":true,"href":"https:\/\/vof-news.eu\/fr\/wp-json\/wp\/v2\/categories?post=320230"},{"taxonomy":"post_tag","embeddable":true,"href":"https:\/\/vof-news.eu\/fr\/wp-json\/wp\/v2\/tags?post=320230"}],"curies":[{"name":"wp","href":"https:\/\/api.w.org\/{rel}","templated":true}]}}