{"id":317278,"date":"2026-01-16T19:30:23","date_gmt":"2026-01-16T16:30:23","guid":{"rendered":"https:\/\/vof-news.eu\/pause-series-teheran-saison-3-quand-lhistoire-fait-voler-la-fiction-en-eclats\/"},"modified":"2026-01-16T19:30:54","modified_gmt":"2026-01-16T16:30:54","slug":"pause-series-teheran-saison-3-quand-lhistoire-fait-voler-la-fiction-en-eclats","status":"publish","type":"post","link":"https:\/\/vof-news.eu\/fr\/pause-series-teheran-saison-3-quand-lhistoire-fait-voler-la-fiction-en-eclats\/","title":{"rendered":"Pause s\u00e9ries\u00a0: \u00ab\u00a0T\u00e9h\u00e9ran\u00a0\u00bb, saison 3, quand l\u2019histoire fait voler la fiction en \u00e9clats"},"content":{"rendered":"<article>\n<p><span>V<\/span>oil\u00e0 trois saisons que Tamar Rabinyan, agente du Mossad, est coinc\u00e9e \u00e0 T\u00e9h\u00e9ran. Arriv\u00e9e dans la capitale iranienne sous l\u2019uniforme d\u2019une h\u00f4tesse de l\u2019air en\u00a02020 avec pour mission de neutraliser la d\u00e9fense a\u00e9rienne de la R\u00e9publique islamique, le temps pour les bombardiers isra\u00e9liens de d\u00e9truire les installations nucl\u00e9aires du r\u00e9gime, elle est all\u00e9e de demi-succ\u00e8s en \u00e9checs retentissants, assurant \u00e0 la s\u00e9rie un public fid\u00e8le en Isra\u00ebl et dans le reste du monde.<\/p>\n<p>Produite en Isra\u00ebl par la cha\u00eene publique Kan avec le concours d\u2019Apple TV,  doit depuis le d\u00e9but jongler avec l\u2019histoire et la fiction. Diffus\u00e9es en\u00a02020 et 2022, les deux premi\u00e8res saisons installaient leur sc\u00e9nario abracadabrant et virtuose dans le statu quo violent qui caract\u00e9risait \u2013 aux yeux des profanes \u2013 les rapports entre Isra\u00ebl et l\u2019Iran.<\/p>\n<p>est l\u2019une des seules s\u00e9ries disponibles sur Apple TV \u00e0 ne pas avoir \u00e9t\u00e9 entreprise par la plateforme\u00a0; les \u00e9pisodes sont d\u2019abord diffus\u00e9s par Kan avant de gagner le reste du monde. Ce qui explique le num\u00e9ro d\u2019\u00e9quilibriste auquel se livrent les sc\u00e9naristes, emmen\u00e9s par le cr\u00e9ateur de la s\u00e9rie Moshe Zonder, \u00e9galement \u00e0 l\u2019origine de Il s\u2019agit de coller d\u2019assez pr\u00e8s au cours de l\u2019histoire pour ne pas entamer la cr\u00e9dulit\u00e9 d\u2019un public qui la vit chaque jour, tout en satisfaisant les aspirations d\u2019une audience globale, plus soucieuse de courses-poursuites et de combats rapproch\u00e9s que de g\u00e9opolitique.<\/p>\n<p><strong>Il vous reste 69.77% de cet article \u00e0 lire. La suite est r\u00e9serv\u00e9e aux abonn\u00e9s.<\/strong><\/p>\n<\/article>\n","protected":false},"excerpt":{"rendered":"<p>Voil\u00e0 trois saisons que Tamar Rabinyan, agente du Mossad, est coinc\u00e9e \u00e0 T\u00e9h\u00e9ran. Arriv\u00e9e dans la capitale iranienne sous l\u2019uniforme d\u2019une h\u00f4tesse de l\u2019air en\u00a02020 avec pour mission de neutraliser la d\u00e9fense a\u00e9rienne de la R\u00e9publique islamique, le temps pour les bombardiers isra\u00e9liens de d\u00e9truire les installations nucl\u00e9aires du r\u00e9gime, elle est all\u00e9e de demi-succ\u00e8s<\/p>\n","protected":false},"author":1,"featured_media":317279,"comment_status":"open","ping_status":"open","sticky":false,"template":"","format":"standard","meta":{"footnotes":""},"categories":[63],"tags":[],"class_list":["post-317278","post","type-post","status-publish","format-standard","has-post-thumbnail","hentry","category-culture-fr"],"acf":[],"yoast_head":"<!-- This site is optimized with the Yoast SEO plugin v22.9 - https:\/\/yoast.com\/wordpress\/plugins\/seo\/ -->\n<title>Pause s\u00e9ries\u00a0: \u00ab\u00a0T\u00e9h\u00e9ran\u00a0\u00bb, saison 3, quand l\u2019histoire fait voler la fiction en \u00e9clats - vof-news.eu<\/title>\n<meta name=\"description\" content=\"Voil\u00e0 trois saisons que Tamar Rabinyan, agente du Mossad, est coinc\u00e9e \u00e0 T\u00e9h\u00e9ran. Arriv\u00e9e dans la capitale iranienne sous l\u2019uniforme d\u2019une h\u00f4tesse de l\u2019air en\u00a02020 avec pour mission de neutraliser la d\u00e9fense a\u00e9rienne de la R\u00e9publique islamique, le temps pour les bombardiers isra\u00e9liens de d\u00e9truire les installations nucl\u00e9aires du r\u00e9gime, elle est all\u00e9e de demi-succ\u00e8s en \u00e9checs retentissants, assurant \u00e0 la s\u00e9rie un public fid\u00e8le en Isra\u00ebl et dans le reste du monde. Produite en Isra\u00ebl par la cha\u00eene publique Kan avec le concours d\u2019Apple TV, doit depuis le d\u00e9but jongler avec l\u2019histoire et la fiction. Diffus\u00e9es en\u00a02020 et 2022, les deux premi\u00e8res saisons installaient leur sc\u00e9nario abracadabrant et virtuose dans le statu quo violent qui caract\u00e9risait \u2013 aux yeux des profanes \u2013 les rapports entre Isra\u00ebl et l\u2019Iran. est l\u2019une des seules s\u00e9ries disponibles sur Apple TV \u00e0 ne pas avoir \u00e9t\u00e9 entreprise par la plateforme\u00a0; les \u00e9pisodes sont d\u2019abord diffus\u00e9s par Kan avant de gagner le reste du monde. Ce qui explique le num\u00e9ro d\u2019\u00e9quilibriste auquel se livrent les sc\u00e9naristes, emmen\u00e9s par le cr\u00e9ateur de la s\u00e9rie Moshe Zonder, \u00e9galement \u00e0 l\u2019origine de Il s\u2019agit de coller d\u2019assez pr\u00e8s au cours de l\u2019histoire pour ne pas entamer la cr\u00e9dulit\u00e9 d\u2019un public qui la vit chaque jour, tout en satisfaisant les aspirations d\u2019une audience globale, plus soucieuse de courses-poursuites et de combats rapproch\u00e9s que de g\u00e9opolitique. Il vous reste 69.77% de cet article \u00e0 lire. La suite est r\u00e9serv\u00e9e aux abonn\u00e9s.\" \/>\n<meta name=\"robots\" content=\"noindex, follow, max-snippet:-1, max-image-preview:large, max-video-preview:-1\" \/>\n<meta property=\"og:locale\" content=\"fr_FR\" \/>\n<meta property=\"og:type\" content=\"article\" \/>\n<meta property=\"og:title\" content=\"Pause s\u00e9ries\u00a0: \u00ab\u00a0T\u00e9h\u00e9ran\u00a0\u00bb, saison 3, quand l\u2019histoire fait voler la fiction en \u00e9clats - vof-news.eu\" \/>\n<meta property=\"og:description\" content=\"Voil\u00e0 trois saisons que Tamar Rabinyan, agente du Mossad, est coinc\u00e9e \u00e0 T\u00e9h\u00e9ran. Arriv\u00e9e dans la capitale iranienne sous l\u2019uniforme d\u2019une h\u00f4tesse de l\u2019air en\u00a02020 avec pour mission de neutraliser la d\u00e9fense a\u00e9rienne de la R\u00e9publique islamique, le temps pour les bombardiers isra\u00e9liens de d\u00e9truire les installations nucl\u00e9aires du r\u00e9gime, elle est all\u00e9e de demi-succ\u00e8s en \u00e9checs retentissants, assurant \u00e0 la s\u00e9rie un public fid\u00e8le en Isra\u00ebl et dans le reste du monde. Produite en Isra\u00ebl par la cha\u00eene publique Kan avec le concours d\u2019Apple TV, doit depuis le d\u00e9but jongler avec l\u2019histoire et la fiction. Diffus\u00e9es en\u00a02020 et 2022, les deux premi\u00e8res saisons installaient leur sc\u00e9nario abracadabrant et virtuose dans le statu quo violent qui caract\u00e9risait \u2013 aux yeux des profanes \u2013 les rapports entre Isra\u00ebl et l\u2019Iran. est l\u2019une des seules s\u00e9ries disponibles sur Apple TV \u00e0 ne pas avoir \u00e9t\u00e9 entreprise par la plateforme\u00a0; les \u00e9pisodes sont d\u2019abord diffus\u00e9s par Kan avant de gagner le reste du monde. Ce qui explique le num\u00e9ro d\u2019\u00e9quilibriste auquel se livrent les sc\u00e9naristes, emmen\u00e9s par le cr\u00e9ateur de la s\u00e9rie Moshe Zonder, \u00e9galement \u00e0 l\u2019origine de Il s\u2019agit de coller d\u2019assez pr\u00e8s au cours de l\u2019histoire pour ne pas entamer la cr\u00e9dulit\u00e9 d\u2019un public qui la vit chaque jour, tout en satisfaisant les aspirations d\u2019une audience globale, plus soucieuse de courses-poursuites et de combats rapproch\u00e9s que de g\u00e9opolitique. Il vous reste 69.77% de cet article \u00e0 lire. La suite est r\u00e9serv\u00e9e aux abonn\u00e9s.\" \/>\n<meta property=\"og:url\" content=\"https:\/\/vof-news.eu\/fr\/pause-series-teheran-saison-3-quand-lhistoire-fait-voler-la-fiction-en-eclats\/\" \/>\n<meta property=\"og:site_name\" content=\"vof-news.eu\" \/>\n<meta property=\"article:published_time\" content=\"2026-01-16T16:30:23+00:00\" \/>\n<meta property=\"article:modified_time\" content=\"2026-01-16T16:30:54+00:00\" \/>\n<meta property=\"og:image\" content=\"https:\/\/vof-news.eu\/wp-content\/uploads\/2026\/01\/4a9d612_upload-1-5ru6dd5agkzd-tehran-photo-030203.jpg\" \/>\n\t<meta property=\"og:image:width\" content=\"664\" \/>\n\t<meta property=\"og:image:height\" content=\"443\" \/>\n\t<meta property=\"og:image:type\" content=\"image\/jpeg\" \/>\n<meta name=\"author\" content=\"Author\" \/>\n<meta name=\"twitter:card\" content=\"summary_large_image\" \/>\n<meta name=\"twitter:label1\" content=\"\u00c9crit par\" \/>\n\t<meta name=\"twitter:data1\" content=\"Author\" \/>\n\t<meta name=\"twitter:label2\" content=\"Dur\u00e9e de lecture estim\u00e9e\" \/>\n\t<meta name=\"twitter:data2\" content=\"1 minute\" \/>\n<script type=\"application\/ld+json\" class=\"yoast-schema-graph\">{\"@context\":\"https:\/\/schema.org\",\"@graph\":[{\"@type\":\"WebPage\",\"@id\":\"https:\/\/vof-news.eu\/fr\/pause-series-teheran-saison-3-quand-lhistoire-fait-voler-la-fiction-en-eclats\/\",\"url\":\"https:\/\/vof-news.eu\/fr\/pause-series-teheran-saison-3-quand-lhistoire-fait-voler-la-fiction-en-eclats\/\",\"name\":\"Pause s\u00e9ries\u00a0: \u00ab\u00a0T\u00e9h\u00e9ran\u00a0\u00bb, saison 3, quand l\u2019histoire fait voler la fiction en \u00e9clats - vof-news.eu\",\"isPartOf\":{\"@id\":\"https:\/\/vof-news.eu\/fr\/#website\"},\"primaryImageOfPage\":{\"@id\":\"https:\/\/vof-news.eu\/fr\/pause-series-teheran-saison-3-quand-lhistoire-fait-voler-la-fiction-en-eclats\/#primaryimage\"},\"image\":{\"@id\":\"https:\/\/vof-news.eu\/fr\/pause-series-teheran-saison-3-quand-lhistoire-fait-voler-la-fiction-en-eclats\/#primaryimage\"},\"thumbnailUrl\":\"https:\/\/vof-news.eu\/wp-content\/uploads\/2026\/01\/4a9d612_upload-1-5ru6dd5agkzd-tehran-photo-030203.jpg\",\"datePublished\":\"2026-01-16T16:30:23+00:00\",\"dateModified\":\"2026-01-16T16:30:54+00:00\",\"author\":{\"@id\":\"https:\/\/vof-news.eu\/fr\/#\/schema\/person\/f6a2a4309f0561835797fd8c19b333ed\"},\"description\":\"Voil\u00e0 trois saisons que Tamar Rabinyan, agente du Mossad, est coinc\u00e9e \u00e0 T\u00e9h\u00e9ran. Arriv\u00e9e dans la capitale iranienne sous l\u2019uniforme d\u2019une h\u00f4tesse de l\u2019air en\u00a02020 avec pour mission de neutraliser la d\u00e9fense a\u00e9rienne de la R\u00e9publique islamique, le temps pour les bombardiers isra\u00e9liens de d\u00e9truire les installations nucl\u00e9aires du r\u00e9gime, elle est all\u00e9e de demi-succ\u00e8s en \u00e9checs retentissants, assurant \u00e0 la s\u00e9rie un public fid\u00e8le en Isra\u00ebl et dans le reste du monde. Produite en Isra\u00ebl par la cha\u00eene publique Kan avec le concours d\u2019Apple TV, doit depuis le d\u00e9but jongler avec l\u2019histoire et la fiction. Diffus\u00e9es en\u00a02020 et 2022, les deux premi\u00e8res saisons installaient leur sc\u00e9nario abracadabrant et virtuose dans le statu quo violent qui caract\u00e9risait \u2013 aux yeux des profanes \u2013 les rapports entre Isra\u00ebl et l\u2019Iran. est l\u2019une des seules s\u00e9ries disponibles sur Apple TV \u00e0 ne pas avoir \u00e9t\u00e9 entreprise par la plateforme\u00a0; les \u00e9pisodes sont d\u2019abord diffus\u00e9s par Kan avant de gagner le reste du monde. Ce qui explique le num\u00e9ro d\u2019\u00e9quilibriste auquel se livrent les sc\u00e9naristes, emmen\u00e9s par le cr\u00e9ateur de la s\u00e9rie Moshe Zonder, \u00e9galement \u00e0 l\u2019origine de Il s\u2019agit de coller d\u2019assez pr\u00e8s au cours de l\u2019histoire pour ne pas entamer la cr\u00e9dulit\u00e9 d\u2019un public qui la vit chaque jour, tout en satisfaisant les aspirations d\u2019une audience globale, plus soucieuse de courses-poursuites et de combats rapproch\u00e9s que de g\u00e9opolitique. Il vous reste 69.77% de cet article \u00e0 lire. La suite est r\u00e9serv\u00e9e aux abonn\u00e9s.\",\"breadcrumb\":{\"@id\":\"https:\/\/vof-news.eu\/fr\/pause-series-teheran-saison-3-quand-lhistoire-fait-voler-la-fiction-en-eclats\/#breadcrumb\"},\"inLanguage\":\"fr-FR\",\"potentialAction\":[{\"@type\":\"ReadAction\",\"target\":[\"https:\/\/vof-news.eu\/fr\/pause-series-teheran-saison-3-quand-lhistoire-fait-voler-la-fiction-en-eclats\/\"]}]},{\"@type\":\"ImageObject\",\"inLanguage\":\"fr-FR\",\"@id\":\"https:\/\/vof-news.eu\/fr\/pause-series-teheran-saison-3-quand-lhistoire-fait-voler-la-fiction-en-eclats\/#primaryimage\",\"url\":\"https:\/\/vof-news.eu\/wp-content\/uploads\/2026\/01\/4a9d612_upload-1-5ru6dd5agkzd-tehran-photo-030203.jpg\",\"contentUrl\":\"https:\/\/vof-news.eu\/wp-content\/uploads\/2026\/01\/4a9d612_upload-1-5ru6dd5agkzd-tehran-photo-030203.jpg\",\"width\":664,\"height\":443},{\"@type\":\"BreadcrumbList\",\"@id\":\"https:\/\/vof-news.eu\/fr\/pause-series-teheran-saison-3-quand-lhistoire-fait-voler-la-fiction-en-eclats\/#breadcrumb\",\"itemListElement\":[{\"@type\":\"ListItem\",\"position\":1,\"name\":\"Home\",\"item\":\"https:\/\/vof-news.eu\/fr\/\"},{\"@type\":\"ListItem\",\"position\":2,\"name\":\"Pause s\u00e9ries\u00a0: \u00ab\u00a0T\u00e9h\u00e9ran\u00a0\u00bb, saison 3, quand l\u2019histoire fait voler la fiction en \u00e9clats\"}]},{\"@type\":\"WebSite\",\"@id\":\"https:\/\/vof-news.eu\/fr\/#website\",\"url\":\"https:\/\/vof-news.eu\/fr\/\",\"name\":\"vof-news.eu\",\"description\":\"\",\"potentialAction\":[{\"@type\":\"SearchAction\",\"target\":{\"@type\":\"EntryPoint\",\"urlTemplate\":\"https:\/\/vof-news.eu\/fr\/?s={search_term_string}\"},\"query-input\":\"required name=search_term_string\"}],\"inLanguage\":\"fr-FR\"},{\"@type\":\"Person\",\"@id\":\"https:\/\/vof-news.eu\/fr\/#\/schema\/person\/f6a2a4309f0561835797fd8c19b333ed\",\"name\":\"Author\",\"image\":{\"@type\":\"ImageObject\",\"inLanguage\":\"fr-FR\",\"@id\":\"https:\/\/vof-news.eu\/fr\/#\/schema\/person\/image\/\",\"url\":\"https:\/\/secure.gravatar.com\/avatar\/b67e614b1b25b3e9c0c239efdd2fde5ab015b5affd6f1c3c85911ca4b384e790?s=96&d=mm&r=g\",\"contentUrl\":\"https:\/\/secure.gravatar.com\/avatar\/b67e614b1b25b3e9c0c239efdd2fde5ab015b5affd6f1c3c85911ca4b384e790?s=96&d=mm&r=g\",\"caption\":\"Author\"},\"sameAs\":[\"http:\/\/vof-news.eu\"],\"url\":\"https:\/\/vof-news.eu\/fr\/author\/zwt6qxnjulxbnyg\/\"}]}<\/script>\n<!-- \/ Yoast SEO plugin. -->","yoast_head_json":{"title":"Pause s\u00e9ries\u00a0: \u00ab\u00a0T\u00e9h\u00e9ran\u00a0\u00bb, saison 3, quand l\u2019histoire fait voler la fiction en \u00e9clats - vof-news.eu","description":"Voil\u00e0 trois saisons que Tamar Rabinyan, agente du Mossad, est coinc\u00e9e \u00e0 T\u00e9h\u00e9ran. Arriv\u00e9e dans la capitale iranienne sous l\u2019uniforme d\u2019une h\u00f4tesse de l\u2019air en\u00a02020 avec pour mission de neutraliser la d\u00e9fense a\u00e9rienne de la R\u00e9publique islamique, le temps pour les bombardiers isra\u00e9liens de d\u00e9truire les installations nucl\u00e9aires du r\u00e9gime, elle est all\u00e9e de demi-succ\u00e8s en \u00e9checs retentissants, assurant \u00e0 la s\u00e9rie un public fid\u00e8le en Isra\u00ebl et dans le reste du monde. Produite en Isra\u00ebl par la cha\u00eene publique Kan avec le concours d\u2019Apple TV, doit depuis le d\u00e9but jongler avec l\u2019histoire et la fiction. Diffus\u00e9es en\u00a02020 et 2022, les deux premi\u00e8res saisons installaient leur sc\u00e9nario abracadabrant et virtuose dans le statu quo violent qui caract\u00e9risait \u2013 aux yeux des profanes \u2013 les rapports entre Isra\u00ebl et l\u2019Iran. est l\u2019une des seules s\u00e9ries disponibles sur Apple TV \u00e0 ne pas avoir \u00e9t\u00e9 entreprise par la plateforme\u00a0; les \u00e9pisodes sont d\u2019abord diffus\u00e9s par Kan avant de gagner le reste du monde. Ce qui explique le num\u00e9ro d\u2019\u00e9quilibriste auquel se livrent les sc\u00e9naristes, emmen\u00e9s par le cr\u00e9ateur de la s\u00e9rie Moshe Zonder, \u00e9galement \u00e0 l\u2019origine de Il s\u2019agit de coller d\u2019assez pr\u00e8s au cours de l\u2019histoire pour ne pas entamer la cr\u00e9dulit\u00e9 d\u2019un public qui la vit chaque jour, tout en satisfaisant les aspirations d\u2019une audience globale, plus soucieuse de courses-poursuites et de combats rapproch\u00e9s que de g\u00e9opolitique. Il vous reste 69.77% de cet article \u00e0 lire. La suite est r\u00e9serv\u00e9e aux abonn\u00e9s.","robots":{"index":"noindex","follow":"follow","max-snippet":"max-snippet:-1","max-image-preview":"max-image-preview:large","max-video-preview":"max-video-preview:-1"},"og_locale":"fr_FR","og_type":"article","og_title":"Pause s\u00e9ries\u00a0: \u00ab\u00a0T\u00e9h\u00e9ran\u00a0\u00bb, saison 3, quand l\u2019histoire fait voler la fiction en \u00e9clats - vof-news.eu","og_description":"Voil\u00e0 trois saisons que Tamar Rabinyan, agente du Mossad, est coinc\u00e9e \u00e0 T\u00e9h\u00e9ran. Arriv\u00e9e dans la capitale iranienne sous l\u2019uniforme d\u2019une h\u00f4tesse de l\u2019air en\u00a02020 avec pour mission de neutraliser la d\u00e9fense a\u00e9rienne de la R\u00e9publique islamique, le temps pour les bombardiers isra\u00e9liens de d\u00e9truire les installations nucl\u00e9aires du r\u00e9gime, elle est all\u00e9e de demi-succ\u00e8s en \u00e9checs retentissants, assurant \u00e0 la s\u00e9rie un public fid\u00e8le en Isra\u00ebl et dans le reste du monde. Produite en Isra\u00ebl par la cha\u00eene publique Kan avec le concours d\u2019Apple TV, doit depuis le d\u00e9but jongler avec l\u2019histoire et la fiction. Diffus\u00e9es en\u00a02020 et 2022, les deux premi\u00e8res saisons installaient leur sc\u00e9nario abracadabrant et virtuose dans le statu quo violent qui caract\u00e9risait \u2013 aux yeux des profanes \u2013 les rapports entre Isra\u00ebl et l\u2019Iran. est l\u2019une des seules s\u00e9ries disponibles sur Apple TV \u00e0 ne pas avoir \u00e9t\u00e9 entreprise par la plateforme\u00a0; les \u00e9pisodes sont d\u2019abord diffus\u00e9s par Kan avant de gagner le reste du monde. Ce qui explique le num\u00e9ro d\u2019\u00e9quilibriste auquel se livrent les sc\u00e9naristes, emmen\u00e9s par le cr\u00e9ateur de la s\u00e9rie Moshe Zonder, \u00e9galement \u00e0 l\u2019origine de Il s\u2019agit de coller d\u2019assez pr\u00e8s au cours de l\u2019histoire pour ne pas entamer la cr\u00e9dulit\u00e9 d\u2019un public qui la vit chaque jour, tout en satisfaisant les aspirations d\u2019une audience globale, plus soucieuse de courses-poursuites et de combats rapproch\u00e9s que de g\u00e9opolitique. Il vous reste 69.77% de cet article \u00e0 lire. La suite est r\u00e9serv\u00e9e aux abonn\u00e9s.","og_url":"https:\/\/vof-news.eu\/fr\/pause-series-teheran-saison-3-quand-lhistoire-fait-voler-la-fiction-en-eclats\/","og_site_name":"vof-news.eu","article_published_time":"2026-01-16T16:30:23+00:00","article_modified_time":"2026-01-16T16:30:54+00:00","og_image":[{"width":664,"height":443,"url":"https:\/\/vof-news.eu\/wp-content\/uploads\/2026\/01\/4a9d612_upload-1-5ru6dd5agkzd-tehran-photo-030203.jpg","type":"image\/jpeg"}],"author":"Author","twitter_card":"summary_large_image","twitter_misc":{"\u00c9crit par":"Author","Dur\u00e9e de lecture estim\u00e9e":"1 minute"},"schema":{"@context":"https:\/\/schema.org","@graph":[{"@type":"WebPage","@id":"https:\/\/vof-news.eu\/fr\/pause-series-teheran-saison-3-quand-lhistoire-fait-voler-la-fiction-en-eclats\/","url":"https:\/\/vof-news.eu\/fr\/pause-series-teheran-saison-3-quand-lhistoire-fait-voler-la-fiction-en-eclats\/","name":"Pause s\u00e9ries\u00a0: \u00ab\u00a0T\u00e9h\u00e9ran\u00a0\u00bb, saison 3, quand l\u2019histoire fait voler la fiction en \u00e9clats - vof-news.eu","isPartOf":{"@id":"https:\/\/vof-news.eu\/fr\/#website"},"primaryImageOfPage":{"@id":"https:\/\/vof-news.eu\/fr\/pause-series-teheran-saison-3-quand-lhistoire-fait-voler-la-fiction-en-eclats\/#primaryimage"},"image":{"@id":"https:\/\/vof-news.eu\/fr\/pause-series-teheran-saison-3-quand-lhistoire-fait-voler-la-fiction-en-eclats\/#primaryimage"},"thumbnailUrl":"https:\/\/vof-news.eu\/wp-content\/uploads\/2026\/01\/4a9d612_upload-1-5ru6dd5agkzd-tehran-photo-030203.jpg","datePublished":"2026-01-16T16:30:23+00:00","dateModified":"2026-01-16T16:30:54+00:00","author":{"@id":"https:\/\/vof-news.eu\/fr\/#\/schema\/person\/f6a2a4309f0561835797fd8c19b333ed"},"description":"Voil\u00e0 trois saisons que Tamar Rabinyan, agente du Mossad, est coinc\u00e9e \u00e0 T\u00e9h\u00e9ran. Arriv\u00e9e dans la capitale iranienne sous l\u2019uniforme d\u2019une h\u00f4tesse de l\u2019air en\u00a02020 avec pour mission de neutraliser la d\u00e9fense a\u00e9rienne de la R\u00e9publique islamique, le temps pour les bombardiers isra\u00e9liens de d\u00e9truire les installations nucl\u00e9aires du r\u00e9gime, elle est all\u00e9e de demi-succ\u00e8s en \u00e9checs retentissants, assurant \u00e0 la s\u00e9rie un public fid\u00e8le en Isra\u00ebl et dans le reste du monde. Produite en Isra\u00ebl par la cha\u00eene publique Kan avec le concours d\u2019Apple TV, doit depuis le d\u00e9but jongler avec l\u2019histoire et la fiction. Diffus\u00e9es en\u00a02020 et 2022, les deux premi\u00e8res saisons installaient leur sc\u00e9nario abracadabrant et virtuose dans le statu quo violent qui caract\u00e9risait \u2013 aux yeux des profanes \u2013 les rapports entre Isra\u00ebl et l\u2019Iran. est l\u2019une des seules s\u00e9ries disponibles sur Apple TV \u00e0 ne pas avoir \u00e9t\u00e9 entreprise par la plateforme\u00a0; les \u00e9pisodes sont d\u2019abord diffus\u00e9s par Kan avant de gagner le reste du monde. Ce qui explique le num\u00e9ro d\u2019\u00e9quilibriste auquel se livrent les sc\u00e9naristes, emmen\u00e9s par le cr\u00e9ateur de la s\u00e9rie Moshe Zonder, \u00e9galement \u00e0 l\u2019origine de Il s\u2019agit de coller d\u2019assez pr\u00e8s au cours de l\u2019histoire pour ne pas entamer la cr\u00e9dulit\u00e9 d\u2019un public qui la vit chaque jour, tout en satisfaisant les aspirations d\u2019une audience globale, plus soucieuse de courses-poursuites et de combats rapproch\u00e9s que de g\u00e9opolitique. Il vous reste 69.77% de cet article \u00e0 lire. La suite est r\u00e9serv\u00e9e aux abonn\u00e9s.","breadcrumb":{"@id":"https:\/\/vof-news.eu\/fr\/pause-series-teheran-saison-3-quand-lhistoire-fait-voler-la-fiction-en-eclats\/#breadcrumb"},"inLanguage":"fr-FR","potentialAction":[{"@type":"ReadAction","target":["https:\/\/vof-news.eu\/fr\/pause-series-teheran-saison-3-quand-lhistoire-fait-voler-la-fiction-en-eclats\/"]}]},{"@type":"ImageObject","inLanguage":"fr-FR","@id":"https:\/\/vof-news.eu\/fr\/pause-series-teheran-saison-3-quand-lhistoire-fait-voler-la-fiction-en-eclats\/#primaryimage","url":"https:\/\/vof-news.eu\/wp-content\/uploads\/2026\/01\/4a9d612_upload-1-5ru6dd5agkzd-tehran-photo-030203.jpg","contentUrl":"https:\/\/vof-news.eu\/wp-content\/uploads\/2026\/01\/4a9d612_upload-1-5ru6dd5agkzd-tehran-photo-030203.jpg","width":664,"height":443},{"@type":"BreadcrumbList","@id":"https:\/\/vof-news.eu\/fr\/pause-series-teheran-saison-3-quand-lhistoire-fait-voler-la-fiction-en-eclats\/#breadcrumb","itemListElement":[{"@type":"ListItem","position":1,"name":"Home","item":"https:\/\/vof-news.eu\/fr\/"},{"@type":"ListItem","position":2,"name":"Pause s\u00e9ries\u00a0: \u00ab\u00a0T\u00e9h\u00e9ran\u00a0\u00bb, saison 3, quand l\u2019histoire fait voler la fiction en \u00e9clats"}]},{"@type":"WebSite","@id":"https:\/\/vof-news.eu\/fr\/#website","url":"https:\/\/vof-news.eu\/fr\/","name":"vof-news.eu","description":"","potentialAction":[{"@type":"SearchAction","target":{"@type":"EntryPoint","urlTemplate":"https:\/\/vof-news.eu\/fr\/?s={search_term_string}"},"query-input":"required name=search_term_string"}],"inLanguage":"fr-FR"},{"@type":"Person","@id":"https:\/\/vof-news.eu\/fr\/#\/schema\/person\/f6a2a4309f0561835797fd8c19b333ed","name":"Author","image":{"@type":"ImageObject","inLanguage":"fr-FR","@id":"https:\/\/vof-news.eu\/fr\/#\/schema\/person\/image\/","url":"https:\/\/secure.gravatar.com\/avatar\/b67e614b1b25b3e9c0c239efdd2fde5ab015b5affd6f1c3c85911ca4b384e790?s=96&d=mm&r=g","contentUrl":"https:\/\/secure.gravatar.com\/avatar\/b67e614b1b25b3e9c0c239efdd2fde5ab015b5affd6f1c3c85911ca4b384e790?s=96&d=mm&r=g","caption":"Author"},"sameAs":["http:\/\/vof-news.eu"],"url":"https:\/\/vof-news.eu\/fr\/author\/zwt6qxnjulxbnyg\/"}]}},"yoast_meta":{"yoast_wpseo_title":"","yoast_wpseo_metadesc":"","yoast_wpseo_canonical":""},"_links":{"self":[{"href":"https:\/\/vof-news.eu\/fr\/wp-json\/wp\/v2\/posts\/317278","targetHints":{"allow":["GET"]}}],"collection":[{"href":"https:\/\/vof-news.eu\/fr\/wp-json\/wp\/v2\/posts"}],"about":[{"href":"https:\/\/vof-news.eu\/fr\/wp-json\/wp\/v2\/types\/post"}],"author":[{"embeddable":true,"href":"https:\/\/vof-news.eu\/fr\/wp-json\/wp\/v2\/users\/1"}],"replies":[{"embeddable":true,"href":"https:\/\/vof-news.eu\/fr\/wp-json\/wp\/v2\/comments?post=317278"}],"version-history":[{"count":1,"href":"https:\/\/vof-news.eu\/fr\/wp-json\/wp\/v2\/posts\/317278\/revisions"}],"predecessor-version":[{"id":317285,"href":"https:\/\/vof-news.eu\/fr\/wp-json\/wp\/v2\/posts\/317278\/revisions\/317285"}],"wp:featuredmedia":[{"embeddable":true,"href":"https:\/\/vof-news.eu\/fr\/wp-json\/wp\/v2\/media\/317279"}],"wp:attachment":[{"href":"https:\/\/vof-news.eu\/fr\/wp-json\/wp\/v2\/media?parent=317278"}],"wp:term":[{"taxonomy":"category","embeddable":true,"href":"https:\/\/vof-news.eu\/fr\/wp-json\/wp\/v2\/categories?post=317278"},{"taxonomy":"post_tag","embeddable":true,"href":"https:\/\/vof-news.eu\/fr\/wp-json\/wp\/v2\/tags?post=317278"}],"curies":[{"name":"wp","href":"https:\/\/api.w.org\/{rel}","templated":true}]}}