{"id":315980,"date":"2026-01-13T11:30:54","date_gmt":"2026-01-13T08:30:54","guid":{"rendered":"https:\/\/vof-news.eu\/avec-furcy-ne-libre-et-nuremberg-les-proces-continuent-de-nourrir-le-cinema\/"},"modified":"2026-01-13T11:31:33","modified_gmt":"2026-01-13T08:31:33","slug":"avec-furcy-ne-libre-et-nuremberg-les-proces-continuent-de-nourrir-le-cinema","status":"publish","type":"post","link":"https:\/\/vof-news.eu\/fr\/avec-furcy-ne-libre-et-nuremberg-les-proces-continuent-de-nourrir-le-cinema\/","title":{"rendered":"Avec \u00ab\u00a0Furcy, n\u00e9 libre\u00a0\u00bb et \u00ab\u00a0Nuremberg\u00a0\u00bb, les proc\u00e8s continuent de nourrir le cin\u00e9ma"},"content":{"rendered":"<article>\n<p><span>D<\/span>eux films de proc\u00e8s, bas\u00e9s sur des faits r\u00e9els, comparaissent dans les salles fran\u00e7aises en ce mois de janvier\u00a0: , deuxi\u00e8me long-m\u00e9trage du <a href=\"https:\/\/www.lemonde.fr\/culture\/article\/2019\/03\/24\/abd-al-malik-j-ai-eu-la-chance-d-avoir-l-ecole-pour-passion_5440501_3246.html\" rel=\"nofollow\">rappeur Abd Al Malik<\/a> (le 14) et , de l\u2019Am\u00e9ricain James Vanderbilt (le 28). Le premier \u00e9voque, au d\u00e9but du XIX<sup>e<\/sup>\u00a0si\u00e8cle, l\u2019histoire \u00e9difiante et m\u00e9connue d\u2019un esclave de l\u2019\u00eele Bourbon (La R\u00e9union), Joseph Madeleine Furcy, fils d\u2019une esclave affranchie, qui d\u00e9couvre \u00e0 la mort de sa m\u00e8re qu\u2019il est cens\u00e9ment n\u00e9 libre, ce que ses ma\u00eetres prirent soin de lui cacher. Il leur intente un proc\u00e8s qui dure vingt-huit ans et qu\u2019il gagne en cassation en\u00a01843, \u00e0 l\u2019\u00e2ge de 56\u00a0ans.<\/p>\n<p> se tient durant <a href=\"https:\/\/www.lemonde.fr\/les-decodeurs\/article\/2025\/11\/20\/le-proces-de-nuremberg-est-un-moment-fondateur-qui-met-fin-a-l-impunite-des-chefs-d-etat_6654094_4355770.html\" rel=\"nofollow\">le proc\u00e8s du m\u00eame nom<\/a>, qui jugea au sortir de la seconde guerre mondiale les principaux criminels nazis. Le film s\u2019int\u00e9resse plus particuli\u00e8rement \u00e0 l\u2019histoire de Douglas Kelley, jeune psychiatre charg\u00e9 d\u2019\u00e9valuer la sant\u00e9 mentale des accus\u00e9s. Convaincu de pouvoir d\u00e9celer une typologie psychiatrique de la personnalit\u00e9 nazie, il noue un lien privil\u00e9gi\u00e9 avec Hermann G\u00f6ring, cr\u00e9ateur de la Gestapo, ministre de l\u2019aviation du Reich, morphinomane inv\u00e9t\u00e9r\u00e9 et grand manipulateur pervers. Il conclura pourtant \u00e0 la banalit\u00e9 de ces personnalit\u00e9s, et en ressortira profond\u00e9ment affect\u00e9.<\/p>\n<p>Ce qui relie ces deux films est flagrant. Relatant un fait du pass\u00e9, chacun d\u2019entre eux n\u2019en instruit pas moins le proc\u00e8s de son temps. alerte sur l\u2019amn\u00e9sie entourant le r\u00f4le de la France dans la traite, et sort \u00e0 dessein alors qu\u2019une proposition de loi a \u00e9t\u00e9 d\u00e9pos\u00e9e en septembre\u00a02025 au Parlement pour <a href=\"https:\/\/www.lemonde.fr\/politique\/article\/2025\/05\/18\/code-noir-il-ne-faut-pas-que-l-abrogation-soit-une-facon-d-etouffer-la-question-des-reparations-de-l-esclavage_6606610_823448.html\" rel=\"nofollow\">abroger symboliquement le Code noir<\/a>, qui r\u00e9glemente en France la question de l\u2019esclavage depuis 1685, pourtant frapp\u00e9 de caducit\u00e9 depuis son abolition en\u00a01848.  accompagne un homme qui, au contact des assassins ordinaires de l\u2019appareil nazi, aura constat\u00e9 \u00e0 son retour \u2013 bien avant le Philip Roth du roman (2004) \u2013 qu\u2019 aux Etats-Unis.<\/p>\n<p><strong>Il vous reste 65.69% de cet article \u00e0 lire. La suite est r\u00e9serv\u00e9e aux abonn\u00e9s.<\/strong><\/p>\n<\/article>\n","protected":false},"excerpt":{"rendered":"<p>Deux films de proc\u00e8s, bas\u00e9s sur des faits r\u00e9els, comparaissent dans les salles fran\u00e7aises en ce mois de janvier\u00a0: , deuxi\u00e8me long-m\u00e9trage du rappeur Abd Al Malik (le 14) et , de l\u2019Am\u00e9ricain James Vanderbilt (le 28). Le premier \u00e9voque, au d\u00e9but du XIXe\u00a0si\u00e8cle, l\u2019histoire \u00e9difiante et m\u00e9connue d\u2019un esclave de l\u2019\u00eele Bourbon (La R\u00e9union),<\/p>\n","protected":false},"author":1,"featured_media":0,"comment_status":"open","ping_status":"open","sticky":false,"template":"","format":"standard","meta":{"footnotes":""},"categories":[63],"tags":[],"class_list":["post-315980","post","type-post","status-publish","format-standard","hentry","category-culture-fr"],"acf":[],"yoast_head":"<!-- This site is optimized with the Yoast SEO plugin v22.9 - https:\/\/yoast.com\/wordpress\/plugins\/seo\/ -->\n<title>Avec \u00ab\u00a0Furcy, n\u00e9 libre\u00a0\u00bb et \u00ab\u00a0Nuremberg\u00a0\u00bb, les proc\u00e8s continuent de nourrir le cin\u00e9ma - vof-news.eu<\/title>\n<meta name=\"description\" content=\"Deux films de proc\u00e8s, bas\u00e9s sur des faits r\u00e9els, comparaissent dans les salles fran\u00e7aises en ce mois de janvier\u00a0: , deuxi\u00e8me long-m\u00e9trage du rappeur Abd Al Malik (le 14) et , de l\u2019Am\u00e9ricain James Vanderbilt (le 28). Le premier \u00e9voque, au d\u00e9but du XIXe\u00a0si\u00e8cle, l\u2019histoire \u00e9difiante et m\u00e9connue d\u2019un esclave de l\u2019\u00eele Bourbon (La R\u00e9union), Joseph Madeleine Furcy, fils d\u2019une esclave affranchie, qui d\u00e9couvre \u00e0 la mort de sa m\u00e8re qu\u2019il est cens\u00e9ment n\u00e9 libre, ce que ses ma\u00eetres prirent soin de lui cacher. Il leur intente un proc\u00e8s qui dure vingt-huit ans et qu\u2019il gagne en cassation en\u00a01843, \u00e0 l\u2019\u00e2ge de 56\u00a0ans. se tient durant le proc\u00e8s du m\u00eame nom, qui jugea au sortir de la seconde guerre mondiale les principaux criminels nazis. Le film s\u2019int\u00e9resse plus particuli\u00e8rement \u00e0 l\u2019histoire de Douglas Kelley, jeune psychiatre charg\u00e9 d\u2019\u00e9valuer la sant\u00e9 mentale des accus\u00e9s. Convaincu de pouvoir d\u00e9celer une typologie psychiatrique de la personnalit\u00e9 nazie, il noue un lien privil\u00e9gi\u00e9 avec Hermann G\u00f6ring, cr\u00e9ateur de la Gestapo, ministre de l\u2019aviation du Reich, morphinomane inv\u00e9t\u00e9r\u00e9 et grand manipulateur pervers. Il conclura pourtant \u00e0 la banalit\u00e9 de ces personnalit\u00e9s, et en ressortira profond\u00e9ment affect\u00e9. Ce qui relie ces deux films est flagrant. Relatant un fait du pass\u00e9, chacun d\u2019entre eux n\u2019en instruit pas moins le proc\u00e8s de son temps. alerte sur l\u2019amn\u00e9sie entourant le r\u00f4le de la France dans la traite, et sort \u00e0 dessein alors qu\u2019une proposition de loi a \u00e9t\u00e9 d\u00e9pos\u00e9e en septembre\u00a02025 au Parlement pour abroger symboliquement le Code noir, qui r\u00e9glemente en France la question de l\u2019esclavage depuis 1685, pourtant frapp\u00e9 de caducit\u00e9 depuis son abolition en\u00a01848. accompagne un homme qui, au contact des assassins ordinaires de l\u2019appareil nazi, aura constat\u00e9 \u00e0 son retour \u2013 bien avant le Philip Roth du roman (2004) \u2013 qu\u2019 aux Etats-Unis. Il vous reste 65.69% de cet article \u00e0 lire. La suite est r\u00e9serv\u00e9e aux abonn\u00e9s.\" \/>\n<meta name=\"robots\" content=\"noindex, follow, max-snippet:-1, max-image-preview:large, max-video-preview:-1\" \/>\n<meta property=\"og:locale\" content=\"fr_FR\" \/>\n<meta property=\"og:type\" content=\"article\" \/>\n<meta property=\"og:title\" content=\"Avec \u00ab\u00a0Furcy, n\u00e9 libre\u00a0\u00bb et \u00ab\u00a0Nuremberg\u00a0\u00bb, les proc\u00e8s continuent de nourrir le cin\u00e9ma - vof-news.eu\" \/>\n<meta property=\"og:description\" content=\"Deux films de proc\u00e8s, bas\u00e9s sur des faits r\u00e9els, comparaissent dans les salles fran\u00e7aises en ce mois de janvier\u00a0: , deuxi\u00e8me long-m\u00e9trage du rappeur Abd Al Malik (le 14) et , de l\u2019Am\u00e9ricain James Vanderbilt (le 28). Le premier \u00e9voque, au d\u00e9but du XIXe\u00a0si\u00e8cle, l\u2019histoire \u00e9difiante et m\u00e9connue d\u2019un esclave de l\u2019\u00eele Bourbon (La R\u00e9union), Joseph Madeleine Furcy, fils d\u2019une esclave affranchie, qui d\u00e9couvre \u00e0 la mort de sa m\u00e8re qu\u2019il est cens\u00e9ment n\u00e9 libre, ce que ses ma\u00eetres prirent soin de lui cacher. Il leur intente un proc\u00e8s qui dure vingt-huit ans et qu\u2019il gagne en cassation en\u00a01843, \u00e0 l\u2019\u00e2ge de 56\u00a0ans. se tient durant le proc\u00e8s du m\u00eame nom, qui jugea au sortir de la seconde guerre mondiale les principaux criminels nazis. Le film s\u2019int\u00e9resse plus particuli\u00e8rement \u00e0 l\u2019histoire de Douglas Kelley, jeune psychiatre charg\u00e9 d\u2019\u00e9valuer la sant\u00e9 mentale des accus\u00e9s. Convaincu de pouvoir d\u00e9celer une typologie psychiatrique de la personnalit\u00e9 nazie, il noue un lien privil\u00e9gi\u00e9 avec Hermann G\u00f6ring, cr\u00e9ateur de la Gestapo, ministre de l\u2019aviation du Reich, morphinomane inv\u00e9t\u00e9r\u00e9 et grand manipulateur pervers. Il conclura pourtant \u00e0 la banalit\u00e9 de ces personnalit\u00e9s, et en ressortira profond\u00e9ment affect\u00e9. Ce qui relie ces deux films est flagrant. Relatant un fait du pass\u00e9, chacun d\u2019entre eux n\u2019en instruit pas moins le proc\u00e8s de son temps. alerte sur l\u2019amn\u00e9sie entourant le r\u00f4le de la France dans la traite, et sort \u00e0 dessein alors qu\u2019une proposition de loi a \u00e9t\u00e9 d\u00e9pos\u00e9e en septembre\u00a02025 au Parlement pour abroger symboliquement le Code noir, qui r\u00e9glemente en France la question de l\u2019esclavage depuis 1685, pourtant frapp\u00e9 de caducit\u00e9 depuis son abolition en\u00a01848. accompagne un homme qui, au contact des assassins ordinaires de l\u2019appareil nazi, aura constat\u00e9 \u00e0 son retour \u2013 bien avant le Philip Roth du roman (2004) \u2013 qu\u2019 aux Etats-Unis. Il vous reste 65.69% de cet article \u00e0 lire. La suite est r\u00e9serv\u00e9e aux abonn\u00e9s.\" \/>\n<meta property=\"og:url\" content=\"https:\/\/vof-news.eu\/fr\/avec-furcy-ne-libre-et-nuremberg-les-proces-continuent-de-nourrir-le-cinema\/\" \/>\n<meta property=\"og:site_name\" content=\"vof-news.eu\" \/>\n<meta property=\"article:published_time\" content=\"2026-01-13T08:30:54+00:00\" \/>\n<meta property=\"article:modified_time\" content=\"2026-01-13T08:31:33+00:00\" \/>\n<meta name=\"author\" content=\"Author\" \/>\n<meta name=\"twitter:card\" content=\"summary_large_image\" \/>\n<meta name=\"twitter:label1\" content=\"\u00c9crit par\" \/>\n\t<meta name=\"twitter:data1\" content=\"Author\" \/>\n\t<meta name=\"twitter:label2\" content=\"Dur\u00e9e de lecture estim\u00e9e\" \/>\n\t<meta name=\"twitter:data2\" content=\"2 minutes\" \/>\n<script type=\"application\/ld+json\" class=\"yoast-schema-graph\">{\"@context\":\"https:\/\/schema.org\",\"@graph\":[{\"@type\":\"WebPage\",\"@id\":\"https:\/\/vof-news.eu\/fr\/avec-furcy-ne-libre-et-nuremberg-les-proces-continuent-de-nourrir-le-cinema\/\",\"url\":\"https:\/\/vof-news.eu\/fr\/avec-furcy-ne-libre-et-nuremberg-les-proces-continuent-de-nourrir-le-cinema\/\",\"name\":\"Avec \u00ab\u00a0Furcy, n\u00e9 libre\u00a0\u00bb et \u00ab\u00a0Nuremberg\u00a0\u00bb, les proc\u00e8s continuent de nourrir le cin\u00e9ma - vof-news.eu\",\"isPartOf\":{\"@id\":\"https:\/\/vof-news.eu\/fr\/#website\"},\"datePublished\":\"2026-01-13T08:30:54+00:00\",\"dateModified\":\"2026-01-13T08:31:33+00:00\",\"author\":{\"@id\":\"https:\/\/vof-news.eu\/fr\/#\/schema\/person\/f6a2a4309f0561835797fd8c19b333ed\"},\"description\":\"Deux films de proc\u00e8s, bas\u00e9s sur des faits r\u00e9els, comparaissent dans les salles fran\u00e7aises en ce mois de janvier\u00a0: , deuxi\u00e8me long-m\u00e9trage du rappeur Abd Al Malik (le 14) et , de l\u2019Am\u00e9ricain James Vanderbilt (le 28). Le premier \u00e9voque, au d\u00e9but du XIXe\u00a0si\u00e8cle, l\u2019histoire \u00e9difiante et m\u00e9connue d\u2019un esclave de l\u2019\u00eele Bourbon (La R\u00e9union), Joseph Madeleine Furcy, fils d\u2019une esclave affranchie, qui d\u00e9couvre \u00e0 la mort de sa m\u00e8re qu\u2019il est cens\u00e9ment n\u00e9 libre, ce que ses ma\u00eetres prirent soin de lui cacher. Il leur intente un proc\u00e8s qui dure vingt-huit ans et qu\u2019il gagne en cassation en\u00a01843, \u00e0 l\u2019\u00e2ge de 56\u00a0ans. se tient durant le proc\u00e8s du m\u00eame nom, qui jugea au sortir de la seconde guerre mondiale les principaux criminels nazis. Le film s\u2019int\u00e9resse plus particuli\u00e8rement \u00e0 l\u2019histoire de Douglas Kelley, jeune psychiatre charg\u00e9 d\u2019\u00e9valuer la sant\u00e9 mentale des accus\u00e9s. Convaincu de pouvoir d\u00e9celer une typologie psychiatrique de la personnalit\u00e9 nazie, il noue un lien privil\u00e9gi\u00e9 avec Hermann G\u00f6ring, cr\u00e9ateur de la Gestapo, ministre de l\u2019aviation du Reich, morphinomane inv\u00e9t\u00e9r\u00e9 et grand manipulateur pervers. Il conclura pourtant \u00e0 la banalit\u00e9 de ces personnalit\u00e9s, et en ressortira profond\u00e9ment affect\u00e9. Ce qui relie ces deux films est flagrant. Relatant un fait du pass\u00e9, chacun d\u2019entre eux n\u2019en instruit pas moins le proc\u00e8s de son temps. alerte sur l\u2019amn\u00e9sie entourant le r\u00f4le de la France dans la traite, et sort \u00e0 dessein alors qu\u2019une proposition de loi a \u00e9t\u00e9 d\u00e9pos\u00e9e en septembre\u00a02025 au Parlement pour abroger symboliquement le Code noir, qui r\u00e9glemente en France la question de l\u2019esclavage depuis 1685, pourtant frapp\u00e9 de caducit\u00e9 depuis son abolition en\u00a01848. accompagne un homme qui, au contact des assassins ordinaires de l\u2019appareil nazi, aura constat\u00e9 \u00e0 son retour \u2013 bien avant le Philip Roth du roman (2004) \u2013 qu\u2019 aux Etats-Unis. Il vous reste 65.69% de cet article \u00e0 lire. La suite est r\u00e9serv\u00e9e aux abonn\u00e9s.\",\"breadcrumb\":{\"@id\":\"https:\/\/vof-news.eu\/fr\/avec-furcy-ne-libre-et-nuremberg-les-proces-continuent-de-nourrir-le-cinema\/#breadcrumb\"},\"inLanguage\":\"fr-FR\",\"potentialAction\":[{\"@type\":\"ReadAction\",\"target\":[\"https:\/\/vof-news.eu\/fr\/avec-furcy-ne-libre-et-nuremberg-les-proces-continuent-de-nourrir-le-cinema\/\"]}]},{\"@type\":\"BreadcrumbList\",\"@id\":\"https:\/\/vof-news.eu\/fr\/avec-furcy-ne-libre-et-nuremberg-les-proces-continuent-de-nourrir-le-cinema\/#breadcrumb\",\"itemListElement\":[{\"@type\":\"ListItem\",\"position\":1,\"name\":\"Home\",\"item\":\"https:\/\/vof-news.eu\/fr\/\"},{\"@type\":\"ListItem\",\"position\":2,\"name\":\"Avec \u00ab\u00a0Furcy, n\u00e9 libre\u00a0\u00bb et \u00ab\u00a0Nuremberg\u00a0\u00bb, les proc\u00e8s continuent de nourrir le cin\u00e9ma\"}]},{\"@type\":\"WebSite\",\"@id\":\"https:\/\/vof-news.eu\/fr\/#website\",\"url\":\"https:\/\/vof-news.eu\/fr\/\",\"name\":\"vof-news.eu\",\"description\":\"\",\"potentialAction\":[{\"@type\":\"SearchAction\",\"target\":{\"@type\":\"EntryPoint\",\"urlTemplate\":\"https:\/\/vof-news.eu\/fr\/?s={search_term_string}\"},\"query-input\":\"required name=search_term_string\"}],\"inLanguage\":\"fr-FR\"},{\"@type\":\"Person\",\"@id\":\"https:\/\/vof-news.eu\/fr\/#\/schema\/person\/f6a2a4309f0561835797fd8c19b333ed\",\"name\":\"Author\",\"image\":{\"@type\":\"ImageObject\",\"inLanguage\":\"fr-FR\",\"@id\":\"https:\/\/vof-news.eu\/fr\/#\/schema\/person\/image\/\",\"url\":\"https:\/\/secure.gravatar.com\/avatar\/b67e614b1b25b3e9c0c239efdd2fde5ab015b5affd6f1c3c85911ca4b384e790?s=96&d=mm&r=g\",\"contentUrl\":\"https:\/\/secure.gravatar.com\/avatar\/b67e614b1b25b3e9c0c239efdd2fde5ab015b5affd6f1c3c85911ca4b384e790?s=96&d=mm&r=g\",\"caption\":\"Author\"},\"sameAs\":[\"http:\/\/vof-news.eu\"],\"url\":\"https:\/\/vof-news.eu\/fr\/author\/zwt6qxnjulxbnyg\/\"}]}<\/script>\n<!-- \/ Yoast SEO plugin. -->","yoast_head_json":{"title":"Avec \u00ab\u00a0Furcy, n\u00e9 libre\u00a0\u00bb et \u00ab\u00a0Nuremberg\u00a0\u00bb, les proc\u00e8s continuent de nourrir le cin\u00e9ma - vof-news.eu","description":"Deux films de proc\u00e8s, bas\u00e9s sur des faits r\u00e9els, comparaissent dans les salles fran\u00e7aises en ce mois de janvier\u00a0: , deuxi\u00e8me long-m\u00e9trage du rappeur Abd Al Malik (le 14) et , de l\u2019Am\u00e9ricain James Vanderbilt (le 28). Le premier \u00e9voque, au d\u00e9but du XIXe\u00a0si\u00e8cle, l\u2019histoire \u00e9difiante et m\u00e9connue d\u2019un esclave de l\u2019\u00eele Bourbon (La R\u00e9union), Joseph Madeleine Furcy, fils d\u2019une esclave affranchie, qui d\u00e9couvre \u00e0 la mort de sa m\u00e8re qu\u2019il est cens\u00e9ment n\u00e9 libre, ce que ses ma\u00eetres prirent soin de lui cacher. Il leur intente un proc\u00e8s qui dure vingt-huit ans et qu\u2019il gagne en cassation en\u00a01843, \u00e0 l\u2019\u00e2ge de 56\u00a0ans. se tient durant le proc\u00e8s du m\u00eame nom, qui jugea au sortir de la seconde guerre mondiale les principaux criminels nazis. Le film s\u2019int\u00e9resse plus particuli\u00e8rement \u00e0 l\u2019histoire de Douglas Kelley, jeune psychiatre charg\u00e9 d\u2019\u00e9valuer la sant\u00e9 mentale des accus\u00e9s. Convaincu de pouvoir d\u00e9celer une typologie psychiatrique de la personnalit\u00e9 nazie, il noue un lien privil\u00e9gi\u00e9 avec Hermann G\u00f6ring, cr\u00e9ateur de la Gestapo, ministre de l\u2019aviation du Reich, morphinomane inv\u00e9t\u00e9r\u00e9 et grand manipulateur pervers. Il conclura pourtant \u00e0 la banalit\u00e9 de ces personnalit\u00e9s, et en ressortira profond\u00e9ment affect\u00e9. Ce qui relie ces deux films est flagrant. Relatant un fait du pass\u00e9, chacun d\u2019entre eux n\u2019en instruit pas moins le proc\u00e8s de son temps. alerte sur l\u2019amn\u00e9sie entourant le r\u00f4le de la France dans la traite, et sort \u00e0 dessein alors qu\u2019une proposition de loi a \u00e9t\u00e9 d\u00e9pos\u00e9e en septembre\u00a02025 au Parlement pour abroger symboliquement le Code noir, qui r\u00e9glemente en France la question de l\u2019esclavage depuis 1685, pourtant frapp\u00e9 de caducit\u00e9 depuis son abolition en\u00a01848. accompagne un homme qui, au contact des assassins ordinaires de l\u2019appareil nazi, aura constat\u00e9 \u00e0 son retour \u2013 bien avant le Philip Roth du roman (2004) \u2013 qu\u2019 aux Etats-Unis. Il vous reste 65.69% de cet article \u00e0 lire. La suite est r\u00e9serv\u00e9e aux abonn\u00e9s.","robots":{"index":"noindex","follow":"follow","max-snippet":"max-snippet:-1","max-image-preview":"max-image-preview:large","max-video-preview":"max-video-preview:-1"},"og_locale":"fr_FR","og_type":"article","og_title":"Avec \u00ab\u00a0Furcy, n\u00e9 libre\u00a0\u00bb et \u00ab\u00a0Nuremberg\u00a0\u00bb, les proc\u00e8s continuent de nourrir le cin\u00e9ma - vof-news.eu","og_description":"Deux films de proc\u00e8s, bas\u00e9s sur des faits r\u00e9els, comparaissent dans les salles fran\u00e7aises en ce mois de janvier\u00a0: , deuxi\u00e8me long-m\u00e9trage du rappeur Abd Al Malik (le 14) et , de l\u2019Am\u00e9ricain James Vanderbilt (le 28). Le premier \u00e9voque, au d\u00e9but du XIXe\u00a0si\u00e8cle, l\u2019histoire \u00e9difiante et m\u00e9connue d\u2019un esclave de l\u2019\u00eele Bourbon (La R\u00e9union), Joseph Madeleine Furcy, fils d\u2019une esclave affranchie, qui d\u00e9couvre \u00e0 la mort de sa m\u00e8re qu\u2019il est cens\u00e9ment n\u00e9 libre, ce que ses ma\u00eetres prirent soin de lui cacher. Il leur intente un proc\u00e8s qui dure vingt-huit ans et qu\u2019il gagne en cassation en\u00a01843, \u00e0 l\u2019\u00e2ge de 56\u00a0ans. se tient durant le proc\u00e8s du m\u00eame nom, qui jugea au sortir de la seconde guerre mondiale les principaux criminels nazis. Le film s\u2019int\u00e9resse plus particuli\u00e8rement \u00e0 l\u2019histoire de Douglas Kelley, jeune psychiatre charg\u00e9 d\u2019\u00e9valuer la sant\u00e9 mentale des accus\u00e9s. Convaincu de pouvoir d\u00e9celer une typologie psychiatrique de la personnalit\u00e9 nazie, il noue un lien privil\u00e9gi\u00e9 avec Hermann G\u00f6ring, cr\u00e9ateur de la Gestapo, ministre de l\u2019aviation du Reich, morphinomane inv\u00e9t\u00e9r\u00e9 et grand manipulateur pervers. Il conclura pourtant \u00e0 la banalit\u00e9 de ces personnalit\u00e9s, et en ressortira profond\u00e9ment affect\u00e9. Ce qui relie ces deux films est flagrant. Relatant un fait du pass\u00e9, chacun d\u2019entre eux n\u2019en instruit pas moins le proc\u00e8s de son temps. alerte sur l\u2019amn\u00e9sie entourant le r\u00f4le de la France dans la traite, et sort \u00e0 dessein alors qu\u2019une proposition de loi a \u00e9t\u00e9 d\u00e9pos\u00e9e en septembre\u00a02025 au Parlement pour abroger symboliquement le Code noir, qui r\u00e9glemente en France la question de l\u2019esclavage depuis 1685, pourtant frapp\u00e9 de caducit\u00e9 depuis son abolition en\u00a01848. accompagne un homme qui, au contact des assassins ordinaires de l\u2019appareil nazi, aura constat\u00e9 \u00e0 son retour \u2013 bien avant le Philip Roth du roman (2004) \u2013 qu\u2019 aux Etats-Unis. Il vous reste 65.69% de cet article \u00e0 lire. La suite est r\u00e9serv\u00e9e aux abonn\u00e9s.","og_url":"https:\/\/vof-news.eu\/fr\/avec-furcy-ne-libre-et-nuremberg-les-proces-continuent-de-nourrir-le-cinema\/","og_site_name":"vof-news.eu","article_published_time":"2026-01-13T08:30:54+00:00","article_modified_time":"2026-01-13T08:31:33+00:00","author":"Author","twitter_card":"summary_large_image","twitter_misc":{"\u00c9crit par":"Author","Dur\u00e9e de lecture estim\u00e9e":"2 minutes"},"schema":{"@context":"https:\/\/schema.org","@graph":[{"@type":"WebPage","@id":"https:\/\/vof-news.eu\/fr\/avec-furcy-ne-libre-et-nuremberg-les-proces-continuent-de-nourrir-le-cinema\/","url":"https:\/\/vof-news.eu\/fr\/avec-furcy-ne-libre-et-nuremberg-les-proces-continuent-de-nourrir-le-cinema\/","name":"Avec \u00ab\u00a0Furcy, n\u00e9 libre\u00a0\u00bb et \u00ab\u00a0Nuremberg\u00a0\u00bb, les proc\u00e8s continuent de nourrir le cin\u00e9ma - vof-news.eu","isPartOf":{"@id":"https:\/\/vof-news.eu\/fr\/#website"},"datePublished":"2026-01-13T08:30:54+00:00","dateModified":"2026-01-13T08:31:33+00:00","author":{"@id":"https:\/\/vof-news.eu\/fr\/#\/schema\/person\/f6a2a4309f0561835797fd8c19b333ed"},"description":"Deux films de proc\u00e8s, bas\u00e9s sur des faits r\u00e9els, comparaissent dans les salles fran\u00e7aises en ce mois de janvier\u00a0: , deuxi\u00e8me long-m\u00e9trage du rappeur Abd Al Malik (le 14) et , de l\u2019Am\u00e9ricain James Vanderbilt (le 28). Le premier \u00e9voque, au d\u00e9but du XIXe\u00a0si\u00e8cle, l\u2019histoire \u00e9difiante et m\u00e9connue d\u2019un esclave de l\u2019\u00eele Bourbon (La R\u00e9union), Joseph Madeleine Furcy, fils d\u2019une esclave affranchie, qui d\u00e9couvre \u00e0 la mort de sa m\u00e8re qu\u2019il est cens\u00e9ment n\u00e9 libre, ce que ses ma\u00eetres prirent soin de lui cacher. Il leur intente un proc\u00e8s qui dure vingt-huit ans et qu\u2019il gagne en cassation en\u00a01843, \u00e0 l\u2019\u00e2ge de 56\u00a0ans. se tient durant le proc\u00e8s du m\u00eame nom, qui jugea au sortir de la seconde guerre mondiale les principaux criminels nazis. Le film s\u2019int\u00e9resse plus particuli\u00e8rement \u00e0 l\u2019histoire de Douglas Kelley, jeune psychiatre charg\u00e9 d\u2019\u00e9valuer la sant\u00e9 mentale des accus\u00e9s. Convaincu de pouvoir d\u00e9celer une typologie psychiatrique de la personnalit\u00e9 nazie, il noue un lien privil\u00e9gi\u00e9 avec Hermann G\u00f6ring, cr\u00e9ateur de la Gestapo, ministre de l\u2019aviation du Reich, morphinomane inv\u00e9t\u00e9r\u00e9 et grand manipulateur pervers. Il conclura pourtant \u00e0 la banalit\u00e9 de ces personnalit\u00e9s, et en ressortira profond\u00e9ment affect\u00e9. Ce qui relie ces deux films est flagrant. Relatant un fait du pass\u00e9, chacun d\u2019entre eux n\u2019en instruit pas moins le proc\u00e8s de son temps. alerte sur l\u2019amn\u00e9sie entourant le r\u00f4le de la France dans la traite, et sort \u00e0 dessein alors qu\u2019une proposition de loi a \u00e9t\u00e9 d\u00e9pos\u00e9e en septembre\u00a02025 au Parlement pour abroger symboliquement le Code noir, qui r\u00e9glemente en France la question de l\u2019esclavage depuis 1685, pourtant frapp\u00e9 de caducit\u00e9 depuis son abolition en\u00a01848. accompagne un homme qui, au contact des assassins ordinaires de l\u2019appareil nazi, aura constat\u00e9 \u00e0 son retour \u2013 bien avant le Philip Roth du roman (2004) \u2013 qu\u2019 aux Etats-Unis. Il vous reste 65.69% de cet article \u00e0 lire. La suite est r\u00e9serv\u00e9e aux abonn\u00e9s.","breadcrumb":{"@id":"https:\/\/vof-news.eu\/fr\/avec-furcy-ne-libre-et-nuremberg-les-proces-continuent-de-nourrir-le-cinema\/#breadcrumb"},"inLanguage":"fr-FR","potentialAction":[{"@type":"ReadAction","target":["https:\/\/vof-news.eu\/fr\/avec-furcy-ne-libre-et-nuremberg-les-proces-continuent-de-nourrir-le-cinema\/"]}]},{"@type":"BreadcrumbList","@id":"https:\/\/vof-news.eu\/fr\/avec-furcy-ne-libre-et-nuremberg-les-proces-continuent-de-nourrir-le-cinema\/#breadcrumb","itemListElement":[{"@type":"ListItem","position":1,"name":"Home","item":"https:\/\/vof-news.eu\/fr\/"},{"@type":"ListItem","position":2,"name":"Avec \u00ab\u00a0Furcy, n\u00e9 libre\u00a0\u00bb et \u00ab\u00a0Nuremberg\u00a0\u00bb, les proc\u00e8s continuent de nourrir le cin\u00e9ma"}]},{"@type":"WebSite","@id":"https:\/\/vof-news.eu\/fr\/#website","url":"https:\/\/vof-news.eu\/fr\/","name":"vof-news.eu","description":"","potentialAction":[{"@type":"SearchAction","target":{"@type":"EntryPoint","urlTemplate":"https:\/\/vof-news.eu\/fr\/?s={search_term_string}"},"query-input":"required name=search_term_string"}],"inLanguage":"fr-FR"},{"@type":"Person","@id":"https:\/\/vof-news.eu\/fr\/#\/schema\/person\/f6a2a4309f0561835797fd8c19b333ed","name":"Author","image":{"@type":"ImageObject","inLanguage":"fr-FR","@id":"https:\/\/vof-news.eu\/fr\/#\/schema\/person\/image\/","url":"https:\/\/secure.gravatar.com\/avatar\/b67e614b1b25b3e9c0c239efdd2fde5ab015b5affd6f1c3c85911ca4b384e790?s=96&d=mm&r=g","contentUrl":"https:\/\/secure.gravatar.com\/avatar\/b67e614b1b25b3e9c0c239efdd2fde5ab015b5affd6f1c3c85911ca4b384e790?s=96&d=mm&r=g","caption":"Author"},"sameAs":["http:\/\/vof-news.eu"],"url":"https:\/\/vof-news.eu\/fr\/author\/zwt6qxnjulxbnyg\/"}]}},"yoast_meta":{"yoast_wpseo_title":"","yoast_wpseo_metadesc":"","yoast_wpseo_canonical":""},"_links":{"self":[{"href":"https:\/\/vof-news.eu\/fr\/wp-json\/wp\/v2\/posts\/315980","targetHints":{"allow":["GET"]}}],"collection":[{"href":"https:\/\/vof-news.eu\/fr\/wp-json\/wp\/v2\/posts"}],"about":[{"href":"https:\/\/vof-news.eu\/fr\/wp-json\/wp\/v2\/types\/post"}],"author":[{"embeddable":true,"href":"https:\/\/vof-news.eu\/fr\/wp-json\/wp\/v2\/users\/1"}],"replies":[{"embeddable":true,"href":"https:\/\/vof-news.eu\/fr\/wp-json\/wp\/v2\/comments?post=315980"}],"version-history":[{"count":1,"href":"https:\/\/vof-news.eu\/fr\/wp-json\/wp\/v2\/posts\/315980\/revisions"}],"predecessor-version":[{"id":315981,"href":"https:\/\/vof-news.eu\/fr\/wp-json\/wp\/v2\/posts\/315980\/revisions\/315981"}],"wp:attachment":[{"href":"https:\/\/vof-news.eu\/fr\/wp-json\/wp\/v2\/media?parent=315980"}],"wp:term":[{"taxonomy":"category","embeddable":true,"href":"https:\/\/vof-news.eu\/fr\/wp-json\/wp\/v2\/categories?post=315980"},{"taxonomy":"post_tag","embeddable":true,"href":"https:\/\/vof-news.eu\/fr\/wp-json\/wp\/v2\/tags?post=315980"}],"curies":[{"name":"wp","href":"https:\/\/api.w.org\/{rel}","templated":true}]}}