{"id":312268,"date":"2025-12-31T17:32:15","date_gmt":"2025-12-31T14:32:15","guid":{"rendered":"https:\/\/vof-news.eu\/en-europe-centrale-les-forces-populistes-seloignent-progressivement-de-kiev\/"},"modified":"2025-12-31T17:33:07","modified_gmt":"2025-12-31T14:33:07","slug":"en-europe-centrale-les-forces-populistes-seloignent-progressivement-de-kiev","status":"publish","type":"post","link":"https:\/\/vof-news.eu\/fr\/en-europe-centrale-les-forces-populistes-seloignent-progressivement-de-kiev\/","title":{"rendered":"\u00ab\u00a0En Europe centrale, les forces populistes s\u2019\u00e9loignent progressivement de Kiev\u00a0\u00bb"},"content":{"rendered":"<article>\n<p><span>E<\/span>t de trois. Avec la formation du nouveau gouvernement d\u2019<a href=\"https:\/\/www.lemonde.fr\/international\/article\/2025\/12\/09\/republique-tcheque-andrej-babis-signe-son-retour-au-pouvoir_6656614_3210.html\" rel=\"nofollow\">Andrej Babis<\/a> \u00e0 Prague, le groupe de Visegrad\u00a0(V4)\u00a0 risque de basculer encore un peu plus vers <a href=\"https:\/\/www.lemonde.fr\/international\/article\/2025\/12\/23\/en-republique-tcheque-la-rupture-a-pas-comptes-d-andrej-babis-avec-le-soutien-a-l-ukraine_6659230_3210.html\" rel=\"nofollow\">une ligne ouvertement anti-Ukraine<\/a>. C\u2019est d\u2019ailleurs une ambition assum\u00e9e pour certains au sein de cette alliance, <a href=\"https:\/\/www.politico.eu\/article\/hungary-anti-ukraine-bloc-czechia-slovakia-viktor-orban-andrej-babis-robert-fico\/\" rel=\"nofollow\">comme l\u2019expliquait<\/a> r\u00e9cemment un des plus proches conseillers de Viktor Orban.<\/p>\n<p>Cela fait des ann\u00e9es que le premier ministre hongrois ne dissimule plus sa sympathie pour la Russie. <a href=\"https:\/\/www.lemonde.fr\/international\/article\/2025\/10\/02\/les-relations-entre-l-ukraine-et-la-hongrie-s-enveniment-apres-des-survols-de-drones_6644037_3210.html\" rel=\"nofollow\">Viktor Orban<\/a> sert aujourd\u2019hui de relais aux positions du Kremlin\u00a0: voyages r\u00e9p\u00e9t\u00e9s \u00e0 Moscou, critiques des sanctions europ\u00e9ennes, d\u00e9fense obstin\u00e9e des importations d\u2019hydrocarbures russes, blocages budg\u00e9taires et politiques au Conseil europ\u00e9en\u2026 La liste est longue.<\/p>\n<section>   <\/section>\n<p>Revenu aux affaires en octobre\u00a02023, le premier ministre slovaque, Robert Fico, lui a embo\u00eet\u00e9 le pas. Il avait, entre autres, fait campagne en promettant de mettre fin \u00e0 l\u2019aide militaire apport\u00e9e \u00e0 Kiev. Depuis, il a remis en question l\u2019appartenance de son pays \u00e0 l\u2019OTAN\u00a0 et a notamment \u00e9t\u00e9 le seul dirigeant d\u2019un pays de l\u2019Union europ\u00e9enne \u00e0 assister aux c\u00e9l\u00e9brations organis\u00e9es \u00e0 Moscou du 80<sup>e<\/sup>\u00a0anniversaire de la victoire sur l\u2019Allemagne nazie lors de la seconde guerre mondiale.<\/p>\n<h2>D\u00e9clarations ambigu\u00ebs<\/h2>\n<p>En Slovaquie comme en Hongrie, la ligne anti-Ukraine est devenue \u00e0 la fois outil de polarisation interne et instrument de politique \u00e9trang\u00e8re d\u00e9lib\u00e9r\u00e9ment non align\u00e9 sur Bruxelles. La R\u00e9publique tch\u00e8que deviendra-t-elle une alli\u00e9e suppl\u00e9mentaire\u00a0?<\/p>\n<section>   <\/section>\n<p>Il est en tout cas probable que la nouvelle coalition gouvernementale \u00e9loigne la R\u00e9publique tch\u00e8que de son r\u00f4le de soutien de premier plan \u00e0 Kiev. Cette inflexion s\u2019est d\u00e9j\u00e0 mat\u00e9rialis\u00e9e le 19 d\u00e9cembre 2025, lorsque Prague s\u2019est rang\u00e9e aux c\u00f4t\u00e9s de Bratislava et de Budapest en refusant de participer au programme de dette commune de l\u2019UE destin\u00e9 \u00e0 financer un pr\u00eat de 90 milliards d\u2019euros \u00e0 l\u2019Ukraine.<\/p>\n<p><strong>Il vous reste 57.78% de cet article \u00e0 lire. La suite est r\u00e9serv\u00e9e aux abonn\u00e9s.<\/strong><\/p>\n<\/article>\n","protected":false},"excerpt":{"rendered":"<p>Et de trois. Avec la formation du nouveau gouvernement d\u2019Andrej Babis \u00e0 Prague, le groupe de Visegrad\u00a0(V4)\u00a0 risque de basculer encore un peu plus vers une ligne ouvertement anti-Ukraine. C\u2019est d\u2019ailleurs une ambition assum\u00e9e pour certains au sein de cette alliance, comme l\u2019expliquait r\u00e9cemment un des plus proches conseillers de Viktor Orban. Cela fait des<\/p>\n","protected":false},"author":1,"featured_media":0,"comment_status":"open","ping_status":"open","sticky":false,"template":"","format":"standard","meta":{"footnotes":""},"categories":[115],"tags":[],"class_list":["post-312268","post","type-post","status-publish","format-standard","hentry","category-war-chronicles-fr"],"acf":[],"yoast_head":"<!-- This site is optimized with the Yoast SEO plugin v22.9 - https:\/\/yoast.com\/wordpress\/plugins\/seo\/ -->\n<title>\u00ab\u00a0En Europe centrale, les forces populistes s\u2019\u00e9loignent progressivement de Kiev\u00a0\u00bb - vof-news.eu<\/title>\n<meta name=\"description\" content=\"Et de trois. Avec la formation du nouveau gouvernement d\u2019Andrej Babis \u00e0 Prague, le groupe de Visegrad\u00a0(V4)\u00a0 risque de basculer encore un peu plus vers une ligne ouvertement anti-Ukraine. C\u2019est d\u2019ailleurs une ambition assum\u00e9e pour certains au sein de cette alliance, comme l\u2019expliquait r\u00e9cemment un des plus proches conseillers de Viktor Orban. Cela fait des ann\u00e9es que le premier ministre hongrois ne dissimule plus sa sympathie pour la Russie. Viktor Orban sert aujourd\u2019hui de relais aux positions du Kremlin\u00a0: voyages r\u00e9p\u00e9t\u00e9s \u00e0 Moscou, critiques des sanctions europ\u00e9ennes, d\u00e9fense obstin\u00e9e des importations d\u2019hydrocarbures russes, blocages budg\u00e9taires et politiques au Conseil europ\u00e9en\u2026 La liste est longue.   Revenu aux affaires en octobre\u00a02023, le premier ministre slovaque, Robert Fico, lui a embo\u00eet\u00e9 le pas. Il avait, entre autres, fait campagne en promettant de mettre fin \u00e0 l\u2019aide militaire apport\u00e9e \u00e0 Kiev. Depuis, il a remis en question l\u2019appartenance de son pays \u00e0 l\u2019OTAN\u00a0 et a notamment \u00e9t\u00e9 le seul dirigeant d\u2019un pays de l\u2019Union europ\u00e9enne \u00e0 assister aux c\u00e9l\u00e9brations organis\u00e9es \u00e0 Moscou du 80e\u00a0anniversaire de la victoire sur l\u2019Allemagne nazie lors de la seconde guerre mondiale. D\u00e9clarations ambigu\u00ebs En Slovaquie comme en Hongrie, la ligne anti-Ukraine est devenue \u00e0 la fois outil de polarisation interne et instrument de politique \u00e9trang\u00e8re d\u00e9lib\u00e9r\u00e9ment non align\u00e9 sur Bruxelles. La R\u00e9publique tch\u00e8que deviendra-t-elle une alli\u00e9e suppl\u00e9mentaire\u00a0?   Il est en tout cas probable que la nouvelle coalition gouvernementale \u00e9loigne la R\u00e9publique tch\u00e8que de son r\u00f4le de soutien de premier plan \u00e0 Kiev. Cette inflexion s\u2019est d\u00e9j\u00e0 mat\u00e9rialis\u00e9e le 19 d\u00e9cembre 2025, lorsque Prague s\u2019est rang\u00e9e aux c\u00f4t\u00e9s de Bratislava et de Budapest en refusant de participer au programme de dette commune de l\u2019UE destin\u00e9 \u00e0 financer un pr\u00eat de 90 milliards d\u2019euros \u00e0 l\u2019Ukraine. Il vous reste 57.78% de cet article \u00e0 lire. La suite est r\u00e9serv\u00e9e aux abonn\u00e9s.\" \/>\n<meta name=\"robots\" content=\"noindex, follow, max-snippet:-1, max-image-preview:large, max-video-preview:-1\" \/>\n<meta property=\"og:locale\" content=\"fr_FR\" \/>\n<meta property=\"og:type\" content=\"article\" \/>\n<meta property=\"og:title\" content=\"\u00ab\u00a0En Europe centrale, les forces populistes s\u2019\u00e9loignent progressivement de Kiev\u00a0\u00bb - vof-news.eu\" \/>\n<meta property=\"og:description\" content=\"Et de trois. Avec la formation du nouveau gouvernement d\u2019Andrej Babis \u00e0 Prague, le groupe de Visegrad\u00a0(V4)\u00a0 risque de basculer encore un peu plus vers une ligne ouvertement anti-Ukraine. C\u2019est d\u2019ailleurs une ambition assum\u00e9e pour certains au sein de cette alliance, comme l\u2019expliquait r\u00e9cemment un des plus proches conseillers de Viktor Orban. Cela fait des ann\u00e9es que le premier ministre hongrois ne dissimule plus sa sympathie pour la Russie. Viktor Orban sert aujourd\u2019hui de relais aux positions du Kremlin\u00a0: voyages r\u00e9p\u00e9t\u00e9s \u00e0 Moscou, critiques des sanctions europ\u00e9ennes, d\u00e9fense obstin\u00e9e des importations d\u2019hydrocarbures russes, blocages budg\u00e9taires et politiques au Conseil europ\u00e9en\u2026 La liste est longue.   Revenu aux affaires en octobre\u00a02023, le premier ministre slovaque, Robert Fico, lui a embo\u00eet\u00e9 le pas. Il avait, entre autres, fait campagne en promettant de mettre fin \u00e0 l\u2019aide militaire apport\u00e9e \u00e0 Kiev. Depuis, il a remis en question l\u2019appartenance de son pays \u00e0 l\u2019OTAN\u00a0 et a notamment \u00e9t\u00e9 le seul dirigeant d\u2019un pays de l\u2019Union europ\u00e9enne \u00e0 assister aux c\u00e9l\u00e9brations organis\u00e9es \u00e0 Moscou du 80e\u00a0anniversaire de la victoire sur l\u2019Allemagne nazie lors de la seconde guerre mondiale. D\u00e9clarations ambigu\u00ebs En Slovaquie comme en Hongrie, la ligne anti-Ukraine est devenue \u00e0 la fois outil de polarisation interne et instrument de politique \u00e9trang\u00e8re d\u00e9lib\u00e9r\u00e9ment non align\u00e9 sur Bruxelles. La R\u00e9publique tch\u00e8que deviendra-t-elle une alli\u00e9e suppl\u00e9mentaire\u00a0?   Il est en tout cas probable que la nouvelle coalition gouvernementale \u00e9loigne la R\u00e9publique tch\u00e8que de son r\u00f4le de soutien de premier plan \u00e0 Kiev. Cette inflexion s\u2019est d\u00e9j\u00e0 mat\u00e9rialis\u00e9e le 19 d\u00e9cembre 2025, lorsque Prague s\u2019est rang\u00e9e aux c\u00f4t\u00e9s de Bratislava et de Budapest en refusant de participer au programme de dette commune de l\u2019UE destin\u00e9 \u00e0 financer un pr\u00eat de 90 milliards d\u2019euros \u00e0 l\u2019Ukraine. Il vous reste 57.78% de cet article \u00e0 lire. La suite est r\u00e9serv\u00e9e aux abonn\u00e9s.\" \/>\n<meta property=\"og:url\" content=\"https:\/\/vof-news.eu\/fr\/en-europe-centrale-les-forces-populistes-seloignent-progressivement-de-kiev\/\" \/>\n<meta property=\"og:site_name\" content=\"vof-news.eu\" \/>\n<meta property=\"article:published_time\" content=\"2025-12-31T14:32:15+00:00\" \/>\n<meta property=\"article:modified_time\" content=\"2025-12-31T14:33:07+00:00\" \/>\n<meta name=\"author\" content=\"Author\" \/>\n<meta name=\"twitter:card\" content=\"summary_large_image\" \/>\n<meta name=\"twitter:label1\" content=\"\u00c9crit par\" \/>\n\t<meta name=\"twitter:data1\" content=\"Author\" \/>\n\t<meta name=\"twitter:label2\" content=\"Dur\u00e9e de lecture estim\u00e9e\" \/>\n\t<meta name=\"twitter:data2\" content=\"2 minutes\" \/>\n<script type=\"application\/ld+json\" class=\"yoast-schema-graph\">{\"@context\":\"https:\/\/schema.org\",\"@graph\":[{\"@type\":\"WebPage\",\"@id\":\"https:\/\/vof-news.eu\/fr\/en-europe-centrale-les-forces-populistes-seloignent-progressivement-de-kiev\/\",\"url\":\"https:\/\/vof-news.eu\/fr\/en-europe-centrale-les-forces-populistes-seloignent-progressivement-de-kiev\/\",\"name\":\"\u00ab\u00a0En Europe centrale, les forces populistes s\u2019\u00e9loignent progressivement de Kiev\u00a0\u00bb - vof-news.eu\",\"isPartOf\":{\"@id\":\"https:\/\/vof-news.eu\/fr\/#website\"},\"datePublished\":\"2025-12-31T14:32:15+00:00\",\"dateModified\":\"2025-12-31T14:33:07+00:00\",\"author\":{\"@id\":\"https:\/\/vof-news.eu\/fr\/#\/schema\/person\/f6a2a4309f0561835797fd8c19b333ed\"},\"description\":\"Et de trois. Avec la formation du nouveau gouvernement d\u2019Andrej Babis \u00e0 Prague, le groupe de Visegrad\u00a0(V4)\u00a0 risque de basculer encore un peu plus vers une ligne ouvertement anti-Ukraine. C\u2019est d\u2019ailleurs une ambition assum\u00e9e pour certains au sein de cette alliance, comme l\u2019expliquait r\u00e9cemment un des plus proches conseillers de Viktor Orban. Cela fait des ann\u00e9es que le premier ministre hongrois ne dissimule plus sa sympathie pour la Russie. Viktor Orban sert aujourd\u2019hui de relais aux positions du Kremlin\u00a0: voyages r\u00e9p\u00e9t\u00e9s \u00e0 Moscou, critiques des sanctions europ\u00e9ennes, d\u00e9fense obstin\u00e9e des importations d\u2019hydrocarbures russes, blocages budg\u00e9taires et politiques au Conseil europ\u00e9en\u2026 La liste est longue. Revenu aux affaires en octobre\u00a02023, le premier ministre slovaque, Robert Fico, lui a embo\u00eet\u00e9 le pas. Il avait, entre autres, fait campagne en promettant de mettre fin \u00e0 l\u2019aide militaire apport\u00e9e \u00e0 Kiev. Depuis, il a remis en question l\u2019appartenance de son pays \u00e0 l\u2019OTAN\u00a0 et a notamment \u00e9t\u00e9 le seul dirigeant d\u2019un pays de l\u2019Union europ\u00e9enne \u00e0 assister aux c\u00e9l\u00e9brations organis\u00e9es \u00e0 Moscou du 80e\u00a0anniversaire de la victoire sur l\u2019Allemagne nazie lors de la seconde guerre mondiale. D\u00e9clarations ambigu\u00ebs En Slovaquie comme en Hongrie, la ligne anti-Ukraine est devenue \u00e0 la fois outil de polarisation interne et instrument de politique \u00e9trang\u00e8re d\u00e9lib\u00e9r\u00e9ment non align\u00e9 sur Bruxelles. La R\u00e9publique tch\u00e8que deviendra-t-elle une alli\u00e9e suppl\u00e9mentaire\u00a0? Il est en tout cas probable que la nouvelle coalition gouvernementale \u00e9loigne la R\u00e9publique tch\u00e8que de son r\u00f4le de soutien de premier plan \u00e0 Kiev. Cette inflexion s\u2019est d\u00e9j\u00e0 mat\u00e9rialis\u00e9e le 19 d\u00e9cembre 2025, lorsque Prague s\u2019est rang\u00e9e aux c\u00f4t\u00e9s de Bratislava et de Budapest en refusant de participer au programme de dette commune de l\u2019UE destin\u00e9 \u00e0 financer un pr\u00eat de 90 milliards d\u2019euros \u00e0 l\u2019Ukraine. Il vous reste 57.78% de cet article \u00e0 lire. La suite est r\u00e9serv\u00e9e aux abonn\u00e9s.\",\"breadcrumb\":{\"@id\":\"https:\/\/vof-news.eu\/fr\/en-europe-centrale-les-forces-populistes-seloignent-progressivement-de-kiev\/#breadcrumb\"},\"inLanguage\":\"fr-FR\",\"potentialAction\":[{\"@type\":\"ReadAction\",\"target\":[\"https:\/\/vof-news.eu\/fr\/en-europe-centrale-les-forces-populistes-seloignent-progressivement-de-kiev\/\"]}]},{\"@type\":\"BreadcrumbList\",\"@id\":\"https:\/\/vof-news.eu\/fr\/en-europe-centrale-les-forces-populistes-seloignent-progressivement-de-kiev\/#breadcrumb\",\"itemListElement\":[{\"@type\":\"ListItem\",\"position\":1,\"name\":\"Home\",\"item\":\"https:\/\/vof-news.eu\/fr\/\"},{\"@type\":\"ListItem\",\"position\":2,\"name\":\"\u00ab\u00a0En Europe centrale, les forces populistes s\u2019\u00e9loignent progressivement de Kiev\u00a0\u00bb\"}]},{\"@type\":\"WebSite\",\"@id\":\"https:\/\/vof-news.eu\/fr\/#website\",\"url\":\"https:\/\/vof-news.eu\/fr\/\",\"name\":\"vof-news.eu\",\"description\":\"\",\"potentialAction\":[{\"@type\":\"SearchAction\",\"target\":{\"@type\":\"EntryPoint\",\"urlTemplate\":\"https:\/\/vof-news.eu\/fr\/?s={search_term_string}\"},\"query-input\":\"required name=search_term_string\"}],\"inLanguage\":\"fr-FR\"},{\"@type\":\"Person\",\"@id\":\"https:\/\/vof-news.eu\/fr\/#\/schema\/person\/f6a2a4309f0561835797fd8c19b333ed\",\"name\":\"Author\",\"image\":{\"@type\":\"ImageObject\",\"inLanguage\":\"fr-FR\",\"@id\":\"https:\/\/vof-news.eu\/fr\/#\/schema\/person\/image\/\",\"url\":\"https:\/\/secure.gravatar.com\/avatar\/b67e614b1b25b3e9c0c239efdd2fde5ab015b5affd6f1c3c85911ca4b384e790?s=96&d=mm&r=g\",\"contentUrl\":\"https:\/\/secure.gravatar.com\/avatar\/b67e614b1b25b3e9c0c239efdd2fde5ab015b5affd6f1c3c85911ca4b384e790?s=96&d=mm&r=g\",\"caption\":\"Author\"},\"sameAs\":[\"http:\/\/vof-news.eu\"],\"url\":\"https:\/\/vof-news.eu\/fr\/author\/zwt6qxnjulxbnyg\/\"}]}<\/script>\n<!-- \/ Yoast SEO plugin. -->","yoast_head_json":{"title":"\u00ab\u00a0En Europe centrale, les forces populistes s\u2019\u00e9loignent progressivement de Kiev\u00a0\u00bb - vof-news.eu","description":"Et de trois. Avec la formation du nouveau gouvernement d\u2019Andrej Babis \u00e0 Prague, le groupe de Visegrad\u00a0(V4)\u00a0 risque de basculer encore un peu plus vers une ligne ouvertement anti-Ukraine. C\u2019est d\u2019ailleurs une ambition assum\u00e9e pour certains au sein de cette alliance, comme l\u2019expliquait r\u00e9cemment un des plus proches conseillers de Viktor Orban. Cela fait des ann\u00e9es que le premier ministre hongrois ne dissimule plus sa sympathie pour la Russie. Viktor Orban sert aujourd\u2019hui de relais aux positions du Kremlin\u00a0: voyages r\u00e9p\u00e9t\u00e9s \u00e0 Moscou, critiques des sanctions europ\u00e9ennes, d\u00e9fense obstin\u00e9e des importations d\u2019hydrocarbures russes, blocages budg\u00e9taires et politiques au Conseil europ\u00e9en\u2026 La liste est longue.   Revenu aux affaires en octobre\u00a02023, le premier ministre slovaque, Robert Fico, lui a embo\u00eet\u00e9 le pas. Il avait, entre autres, fait campagne en promettant de mettre fin \u00e0 l\u2019aide militaire apport\u00e9e \u00e0 Kiev. Depuis, il a remis en question l\u2019appartenance de son pays \u00e0 l\u2019OTAN\u00a0 et a notamment \u00e9t\u00e9 le seul dirigeant d\u2019un pays de l\u2019Union europ\u00e9enne \u00e0 assister aux c\u00e9l\u00e9brations organis\u00e9es \u00e0 Moscou du 80e\u00a0anniversaire de la victoire sur l\u2019Allemagne nazie lors de la seconde guerre mondiale. D\u00e9clarations ambigu\u00ebs En Slovaquie comme en Hongrie, la ligne anti-Ukraine est devenue \u00e0 la fois outil de polarisation interne et instrument de politique \u00e9trang\u00e8re d\u00e9lib\u00e9r\u00e9ment non align\u00e9 sur Bruxelles. La R\u00e9publique tch\u00e8que deviendra-t-elle une alli\u00e9e suppl\u00e9mentaire\u00a0?   Il est en tout cas probable que la nouvelle coalition gouvernementale \u00e9loigne la R\u00e9publique tch\u00e8que de son r\u00f4le de soutien de premier plan \u00e0 Kiev. Cette inflexion s\u2019est d\u00e9j\u00e0 mat\u00e9rialis\u00e9e le 19 d\u00e9cembre 2025, lorsque Prague s\u2019est rang\u00e9e aux c\u00f4t\u00e9s de Bratislava et de Budapest en refusant de participer au programme de dette commune de l\u2019UE destin\u00e9 \u00e0 financer un pr\u00eat de 90 milliards d\u2019euros \u00e0 l\u2019Ukraine. Il vous reste 57.78% de cet article \u00e0 lire. La suite est r\u00e9serv\u00e9e aux abonn\u00e9s.","robots":{"index":"noindex","follow":"follow","max-snippet":"max-snippet:-1","max-image-preview":"max-image-preview:large","max-video-preview":"max-video-preview:-1"},"og_locale":"fr_FR","og_type":"article","og_title":"\u00ab\u00a0En Europe centrale, les forces populistes s\u2019\u00e9loignent progressivement de Kiev\u00a0\u00bb - vof-news.eu","og_description":"Et de trois. Avec la formation du nouveau gouvernement d\u2019Andrej Babis \u00e0 Prague, le groupe de Visegrad\u00a0(V4)\u00a0 risque de basculer encore un peu plus vers une ligne ouvertement anti-Ukraine. C\u2019est d\u2019ailleurs une ambition assum\u00e9e pour certains au sein de cette alliance, comme l\u2019expliquait r\u00e9cemment un des plus proches conseillers de Viktor Orban. Cela fait des ann\u00e9es que le premier ministre hongrois ne dissimule plus sa sympathie pour la Russie. Viktor Orban sert aujourd\u2019hui de relais aux positions du Kremlin\u00a0: voyages r\u00e9p\u00e9t\u00e9s \u00e0 Moscou, critiques des sanctions europ\u00e9ennes, d\u00e9fense obstin\u00e9e des importations d\u2019hydrocarbures russes, blocages budg\u00e9taires et politiques au Conseil europ\u00e9en\u2026 La liste est longue.   Revenu aux affaires en octobre\u00a02023, le premier ministre slovaque, Robert Fico, lui a embo\u00eet\u00e9 le pas. Il avait, entre autres, fait campagne en promettant de mettre fin \u00e0 l\u2019aide militaire apport\u00e9e \u00e0 Kiev. Depuis, il a remis en question l\u2019appartenance de son pays \u00e0 l\u2019OTAN\u00a0 et a notamment \u00e9t\u00e9 le seul dirigeant d\u2019un pays de l\u2019Union europ\u00e9enne \u00e0 assister aux c\u00e9l\u00e9brations organis\u00e9es \u00e0 Moscou du 80e\u00a0anniversaire de la victoire sur l\u2019Allemagne nazie lors de la seconde guerre mondiale. D\u00e9clarations ambigu\u00ebs En Slovaquie comme en Hongrie, la ligne anti-Ukraine est devenue \u00e0 la fois outil de polarisation interne et instrument de politique \u00e9trang\u00e8re d\u00e9lib\u00e9r\u00e9ment non align\u00e9 sur Bruxelles. La R\u00e9publique tch\u00e8que deviendra-t-elle une alli\u00e9e suppl\u00e9mentaire\u00a0?   Il est en tout cas probable que la nouvelle coalition gouvernementale \u00e9loigne la R\u00e9publique tch\u00e8que de son r\u00f4le de soutien de premier plan \u00e0 Kiev. Cette inflexion s\u2019est d\u00e9j\u00e0 mat\u00e9rialis\u00e9e le 19 d\u00e9cembre 2025, lorsque Prague s\u2019est rang\u00e9e aux c\u00f4t\u00e9s de Bratislava et de Budapest en refusant de participer au programme de dette commune de l\u2019UE destin\u00e9 \u00e0 financer un pr\u00eat de 90 milliards d\u2019euros \u00e0 l\u2019Ukraine. Il vous reste 57.78% de cet article \u00e0 lire. La suite est r\u00e9serv\u00e9e aux abonn\u00e9s.","og_url":"https:\/\/vof-news.eu\/fr\/en-europe-centrale-les-forces-populistes-seloignent-progressivement-de-kiev\/","og_site_name":"vof-news.eu","article_published_time":"2025-12-31T14:32:15+00:00","article_modified_time":"2025-12-31T14:33:07+00:00","author":"Author","twitter_card":"summary_large_image","twitter_misc":{"\u00c9crit par":"Author","Dur\u00e9e de lecture estim\u00e9e":"2 minutes"},"schema":{"@context":"https:\/\/schema.org","@graph":[{"@type":"WebPage","@id":"https:\/\/vof-news.eu\/fr\/en-europe-centrale-les-forces-populistes-seloignent-progressivement-de-kiev\/","url":"https:\/\/vof-news.eu\/fr\/en-europe-centrale-les-forces-populistes-seloignent-progressivement-de-kiev\/","name":"\u00ab\u00a0En Europe centrale, les forces populistes s\u2019\u00e9loignent progressivement de Kiev\u00a0\u00bb - vof-news.eu","isPartOf":{"@id":"https:\/\/vof-news.eu\/fr\/#website"},"datePublished":"2025-12-31T14:32:15+00:00","dateModified":"2025-12-31T14:33:07+00:00","author":{"@id":"https:\/\/vof-news.eu\/fr\/#\/schema\/person\/f6a2a4309f0561835797fd8c19b333ed"},"description":"Et de trois. Avec la formation du nouveau gouvernement d\u2019Andrej Babis \u00e0 Prague, le groupe de Visegrad\u00a0(V4)\u00a0 risque de basculer encore un peu plus vers une ligne ouvertement anti-Ukraine. C\u2019est d\u2019ailleurs une ambition assum\u00e9e pour certains au sein de cette alliance, comme l\u2019expliquait r\u00e9cemment un des plus proches conseillers de Viktor Orban. Cela fait des ann\u00e9es que le premier ministre hongrois ne dissimule plus sa sympathie pour la Russie. Viktor Orban sert aujourd\u2019hui de relais aux positions du Kremlin\u00a0: voyages r\u00e9p\u00e9t\u00e9s \u00e0 Moscou, critiques des sanctions europ\u00e9ennes, d\u00e9fense obstin\u00e9e des importations d\u2019hydrocarbures russes, blocages budg\u00e9taires et politiques au Conseil europ\u00e9en\u2026 La liste est longue. Revenu aux affaires en octobre\u00a02023, le premier ministre slovaque, Robert Fico, lui a embo\u00eet\u00e9 le pas. Il avait, entre autres, fait campagne en promettant de mettre fin \u00e0 l\u2019aide militaire apport\u00e9e \u00e0 Kiev. Depuis, il a remis en question l\u2019appartenance de son pays \u00e0 l\u2019OTAN\u00a0 et a notamment \u00e9t\u00e9 le seul dirigeant d\u2019un pays de l\u2019Union europ\u00e9enne \u00e0 assister aux c\u00e9l\u00e9brations organis\u00e9es \u00e0 Moscou du 80e\u00a0anniversaire de la victoire sur l\u2019Allemagne nazie lors de la seconde guerre mondiale. D\u00e9clarations ambigu\u00ebs En Slovaquie comme en Hongrie, la ligne anti-Ukraine est devenue \u00e0 la fois outil de polarisation interne et instrument de politique \u00e9trang\u00e8re d\u00e9lib\u00e9r\u00e9ment non align\u00e9 sur Bruxelles. La R\u00e9publique tch\u00e8que deviendra-t-elle une alli\u00e9e suppl\u00e9mentaire\u00a0? Il est en tout cas probable que la nouvelle coalition gouvernementale \u00e9loigne la R\u00e9publique tch\u00e8que de son r\u00f4le de soutien de premier plan \u00e0 Kiev. Cette inflexion s\u2019est d\u00e9j\u00e0 mat\u00e9rialis\u00e9e le 19 d\u00e9cembre 2025, lorsque Prague s\u2019est rang\u00e9e aux c\u00f4t\u00e9s de Bratislava et de Budapest en refusant de participer au programme de dette commune de l\u2019UE destin\u00e9 \u00e0 financer un pr\u00eat de 90 milliards d\u2019euros \u00e0 l\u2019Ukraine. Il vous reste 57.78% de cet article \u00e0 lire. La suite est r\u00e9serv\u00e9e aux abonn\u00e9s.","breadcrumb":{"@id":"https:\/\/vof-news.eu\/fr\/en-europe-centrale-les-forces-populistes-seloignent-progressivement-de-kiev\/#breadcrumb"},"inLanguage":"fr-FR","potentialAction":[{"@type":"ReadAction","target":["https:\/\/vof-news.eu\/fr\/en-europe-centrale-les-forces-populistes-seloignent-progressivement-de-kiev\/"]}]},{"@type":"BreadcrumbList","@id":"https:\/\/vof-news.eu\/fr\/en-europe-centrale-les-forces-populistes-seloignent-progressivement-de-kiev\/#breadcrumb","itemListElement":[{"@type":"ListItem","position":1,"name":"Home","item":"https:\/\/vof-news.eu\/fr\/"},{"@type":"ListItem","position":2,"name":"\u00ab\u00a0En Europe centrale, les forces populistes s\u2019\u00e9loignent progressivement de Kiev\u00a0\u00bb"}]},{"@type":"WebSite","@id":"https:\/\/vof-news.eu\/fr\/#website","url":"https:\/\/vof-news.eu\/fr\/","name":"vof-news.eu","description":"","potentialAction":[{"@type":"SearchAction","target":{"@type":"EntryPoint","urlTemplate":"https:\/\/vof-news.eu\/fr\/?s={search_term_string}"},"query-input":"required name=search_term_string"}],"inLanguage":"fr-FR"},{"@type":"Person","@id":"https:\/\/vof-news.eu\/fr\/#\/schema\/person\/f6a2a4309f0561835797fd8c19b333ed","name":"Author","image":{"@type":"ImageObject","inLanguage":"fr-FR","@id":"https:\/\/vof-news.eu\/fr\/#\/schema\/person\/image\/","url":"https:\/\/secure.gravatar.com\/avatar\/b67e614b1b25b3e9c0c239efdd2fde5ab015b5affd6f1c3c85911ca4b384e790?s=96&d=mm&r=g","contentUrl":"https:\/\/secure.gravatar.com\/avatar\/b67e614b1b25b3e9c0c239efdd2fde5ab015b5affd6f1c3c85911ca4b384e790?s=96&d=mm&r=g","caption":"Author"},"sameAs":["http:\/\/vof-news.eu"],"url":"https:\/\/vof-news.eu\/fr\/author\/zwt6qxnjulxbnyg\/"}]}},"yoast_meta":{"yoast_wpseo_title":"","yoast_wpseo_metadesc":"","yoast_wpseo_canonical":""},"_links":{"self":[{"href":"https:\/\/vof-news.eu\/fr\/wp-json\/wp\/v2\/posts\/312268","targetHints":{"allow":["GET"]}}],"collection":[{"href":"https:\/\/vof-news.eu\/fr\/wp-json\/wp\/v2\/posts"}],"about":[{"href":"https:\/\/vof-news.eu\/fr\/wp-json\/wp\/v2\/types\/post"}],"author":[{"embeddable":true,"href":"https:\/\/vof-news.eu\/fr\/wp-json\/wp\/v2\/users\/1"}],"replies":[{"embeddable":true,"href":"https:\/\/vof-news.eu\/fr\/wp-json\/wp\/v2\/comments?post=312268"}],"version-history":[{"count":1,"href":"https:\/\/vof-news.eu\/fr\/wp-json\/wp\/v2\/posts\/312268\/revisions"}],"predecessor-version":[{"id":312269,"href":"https:\/\/vof-news.eu\/fr\/wp-json\/wp\/v2\/posts\/312268\/revisions\/312269"}],"wp:attachment":[{"href":"https:\/\/vof-news.eu\/fr\/wp-json\/wp\/v2\/media?parent=312268"}],"wp:term":[{"taxonomy":"category","embeddable":true,"href":"https:\/\/vof-news.eu\/fr\/wp-json\/wp\/v2\/categories?post=312268"},{"taxonomy":"post_tag","embeddable":true,"href":"https:\/\/vof-news.eu\/fr\/wp-json\/wp\/v2\/tags?post=312268"}],"curies":[{"name":"wp","href":"https:\/\/api.w.org\/{rel}","templated":true}]}}