{"id":311598,"date":"2025-12-29T07:30:08","date_gmt":"2025-12-29T04:30:08","guid":{"rendered":"https:\/\/vof-news.eu\/le-mondial-de-football-2026-sannonce-comme-celui-de-lamerica-first-et-surtout-celui-du-business-first\/"},"modified":"2025-12-29T07:30:45","modified_gmt":"2025-12-29T04:30:45","slug":"le-mondial-de-football-2026-sannonce-comme-celui-de-lamerica-first-et-surtout-celui-du-business-first","status":"publish","type":"post","link":"https:\/\/vof-news.eu\/fr\/le-mondial-de-football-2026-sannonce-comme-celui-de-lamerica-first-et-surtout-celui-du-business-first\/","title":{"rendered":"\u00ab\u00a0Le Mondial de football 2026\u00a0s\u2019annonce comme celui de l\u2019\u201cAmerica first\u201d\u00a0\u00bb et surtout celui du \u201cbusiness first\u201d\u00a0\u00bb"},"content":{"rendered":"<article>\n<p><span>S<\/span>avoir s\u2019adapter au pays h\u00f4te de la Coupe du monde de football est l\u2019une des principales qualit\u00e9s de Gianni Infantino, le puissant pr\u00e9sident de la\u00a0F\u00e9d\u00e9ration internationale de football (FIFA). Chacun a encore en t\u00eate sa longue anaphore prononc\u00e9e en novembre\u00a02022, lors du lancement de la pr\u00e9c\u00e9dente \u00e9dition qui avait lieu au Qatar. Pour r\u00e9pondre aux nombreuses critiques adress\u00e9es au pays organisateur, notamment sur son manque de tol\u00e9rance et les conditions de travail des ouvriers sur les chantiers du Mondial, le Suisse s\u2019\u00e9tait d\u00e9clar\u00e9 arabe, africain, gay, handicap\u00e9, travailleur migrant, suscitant de nombreux quolibets.<\/p>\n<p>Le 5\u00a0d\u00e9cembre \u00e0 Washington, lors du tirage au sort de la prochaine Coupe du monde organis\u00e9e aux Etats-Unis, au Canada et au Mexique, du 11\u00a0juin au 19\u00a0juillet\u00a02026, il n\u2019y a pas eu d\u2019ode au vivre-ensemble. Pragmatique, M.\u00a0Infantino a pens\u00e9 que, cette fois, une telle d\u00e9claration ne serait pas forc\u00e9ment du go\u00fbt de son nouvel h\u00f4te, Donald Trump.<\/p>\n<p>Pour le pr\u00e9sident des Etats-Unis, qui est <a href=\"https:\/\/www.lemonde.fr\/international\/article\/2025\/12\/02\/refugies-residents-permanents-ou-meme-citoyens-naturalises-l-administration-trump-cible-la-figure-de-l-etranger-bien-au-dela-des-sans-papiers_6655643_3210.html\" rel=\"nofollow\">en guerre contre les migrants<\/a>, qui se montre m\u00e9prisant vis-\u00e0-vis de l\u2019Afrique et qui n\u2019h\u00e9site pas \u00e0 se moquer des handicap\u00e9s, le pr\u00e9sident de la FIFA a su innover en organisant une grotesque remise d\u2019un \u00ab\u00a0prix de la paix\u00a0\u00bb, cr\u00e9\u00e9 pour l\u2019occasion, afin de s\u2019attirer les bonnes gr\u00e2ces de celui qui r\u00eave de devenir un jour Prix Nobel. a d\u00e9clar\u00e9 le patron de la FIFA. Celle-ci a salu\u00e9 dans un communiqu\u00e9(\u2026)Comme diraitJordan Bardella, le pr\u00e9sident du Rassemblement national, <\/p>\n<section>   <\/section>\n<p>Le plus grand \u00e9v\u00e9nement sportif mondial d\u00e9bute donc sous le signe de l\u2019all\u00e9geance politique, oubliant, \u00e0 l\u2019occasion, l\u2019obligation de neutralit\u00e9 inscrite dans les statuts de la FIFA. <a href=\"https:\/\/www.lemonde.fr\/sport\/article\/2025\/12\/09\/une-plainte-contre-gianni-infantino-accuse-par-une-ong-d-avoir-bafoue-la-neutralite-politique-de-la-fifa-avec-donald-trump_6656627_3242.html\" rel=\"nofollow\">L\u2019organisation de d\u00e9fense des droits humains, FairSquare, a d\u2019ailleurs saisi la commission d\u2019\u00e9thique de l\u2019instance internationale<\/a>. Elle estime qu\u2019en soutenant l\u2019agenda politique de M.\u00a0Trump, M.\u00a0Infantino menace <\/p>\n<p><strong>Il vous reste 64.47% de cet article \u00e0 lire. La suite est r\u00e9serv\u00e9e aux abonn\u00e9s.<\/strong><\/p>\n<\/article>\n","protected":false},"excerpt":{"rendered":"<p>Savoir s\u2019adapter au pays h\u00f4te de la Coupe du monde de football est l\u2019une des principales qualit\u00e9s de Gianni Infantino, le puissant pr\u00e9sident de la\u00a0F\u00e9d\u00e9ration internationale de football (FIFA). Chacun a encore en t\u00eate sa longue anaphore prononc\u00e9e en novembre\u00a02022, lors du lancement de la pr\u00e9c\u00e9dente \u00e9dition qui avait lieu au Qatar. Pour r\u00e9pondre aux<\/p>\n","protected":false},"author":1,"featured_media":0,"comment_status":"open","ping_status":"open","sticky":false,"template":"","format":"standard","meta":{"footnotes":""},"categories":[73],"tags":[],"class_list":["post-311598","post","type-post","status-publish","format-standard","hentry","category-sport-fr"],"acf":[],"yoast_head":"<!-- This site is optimized with the Yoast SEO plugin v22.9 - https:\/\/yoast.com\/wordpress\/plugins\/seo\/ -->\n<title>\u00ab\u00a0Le Mondial de football 2026\u00a0s\u2019annonce comme celui de l\u2019\u201cAmerica first\u201d\u00a0\u00bb et surtout celui du \u201cbusiness first\u201d\u00a0\u00bb - vof-news.eu<\/title>\n<meta name=\"description\" content=\"Savoir s\u2019adapter au pays h\u00f4te de la Coupe du monde de football est l\u2019une des principales qualit\u00e9s de Gianni Infantino, le puissant pr\u00e9sident de la\u00a0F\u00e9d\u00e9ration internationale de football (FIFA). Chacun a encore en t\u00eate sa longue anaphore prononc\u00e9e en novembre\u00a02022, lors du lancement de la pr\u00e9c\u00e9dente \u00e9dition qui avait lieu au Qatar. Pour r\u00e9pondre aux nombreuses critiques adress\u00e9es au pays organisateur, notamment sur son manque de tol\u00e9rance et les conditions de travail des ouvriers sur les chantiers du Mondial, le Suisse s\u2019\u00e9tait d\u00e9clar\u00e9 arabe, africain, gay, handicap\u00e9, travailleur migrant, suscitant de nombreux quolibets. Le 5\u00a0d\u00e9cembre \u00e0 Washington, lors du tirage au sort de la prochaine Coupe du monde organis\u00e9e aux Etats-Unis, au Canada et au Mexique, du 11\u00a0juin au 19\u00a0juillet\u00a02026, il n\u2019y a pas eu d\u2019ode au vivre-ensemble. Pragmatique, M.\u00a0Infantino a pens\u00e9 que, cette fois, une telle d\u00e9claration ne serait pas forc\u00e9ment du go\u00fbt de son nouvel h\u00f4te, Donald Trump. Pour le pr\u00e9sident des Etats-Unis, qui est en guerre contre les migrants, qui se montre m\u00e9prisant vis-\u00e0-vis de l\u2019Afrique et qui n\u2019h\u00e9site pas \u00e0 se moquer des handicap\u00e9s, le pr\u00e9sident de la FIFA a su innover en organisant une grotesque remise d\u2019un \u00ab\u00a0prix de la paix\u00a0\u00bb, cr\u00e9\u00e9 pour l\u2019occasion, afin de s\u2019attirer les bonnes gr\u00e2ces de celui qui r\u00eave de devenir un jour Prix Nobel. a d\u00e9clar\u00e9 le patron de la FIFA. Celle-ci a salu\u00e9 dans un communiqu\u00e9(\u2026)Comme diraitJordan Bardella, le pr\u00e9sident du Rassemblement national,   Le plus grand \u00e9v\u00e9nement sportif mondial d\u00e9bute donc sous le signe de l\u2019all\u00e9geance politique, oubliant, \u00e0 l\u2019occasion, l\u2019obligation de neutralit\u00e9 inscrite dans les statuts de la FIFA. L\u2019organisation de d\u00e9fense des droits humains, FairSquare, a d\u2019ailleurs saisi la commission d\u2019\u00e9thique de l\u2019instance internationale. Elle estime qu\u2019en soutenant l\u2019agenda politique de M.\u00a0Trump, M.\u00a0Infantino menace Il vous reste 64.47% de cet article \u00e0 lire. La suite est r\u00e9serv\u00e9e aux abonn\u00e9s.\" \/>\n<meta name=\"robots\" content=\"noindex, follow, max-snippet:-1, max-image-preview:large, max-video-preview:-1\" \/>\n<meta property=\"og:locale\" content=\"fr_FR\" \/>\n<meta property=\"og:type\" content=\"article\" \/>\n<meta property=\"og:title\" content=\"\u00ab\u00a0Le Mondial de football 2026\u00a0s\u2019annonce comme celui de l\u2019\u201cAmerica first\u201d\u00a0\u00bb et surtout celui du \u201cbusiness first\u201d\u00a0\u00bb - vof-news.eu\" \/>\n<meta property=\"og:description\" content=\"Savoir s\u2019adapter au pays h\u00f4te de la Coupe du monde de football est l\u2019une des principales qualit\u00e9s de Gianni Infantino, le puissant pr\u00e9sident de la\u00a0F\u00e9d\u00e9ration internationale de football (FIFA). Chacun a encore en t\u00eate sa longue anaphore prononc\u00e9e en novembre\u00a02022, lors du lancement de la pr\u00e9c\u00e9dente \u00e9dition qui avait lieu au Qatar. Pour r\u00e9pondre aux nombreuses critiques adress\u00e9es au pays organisateur, notamment sur son manque de tol\u00e9rance et les conditions de travail des ouvriers sur les chantiers du Mondial, le Suisse s\u2019\u00e9tait d\u00e9clar\u00e9 arabe, africain, gay, handicap\u00e9, travailleur migrant, suscitant de nombreux quolibets. Le 5\u00a0d\u00e9cembre \u00e0 Washington, lors du tirage au sort de la prochaine Coupe du monde organis\u00e9e aux Etats-Unis, au Canada et au Mexique, du 11\u00a0juin au 19\u00a0juillet\u00a02026, il n\u2019y a pas eu d\u2019ode au vivre-ensemble. Pragmatique, M.\u00a0Infantino a pens\u00e9 que, cette fois, une telle d\u00e9claration ne serait pas forc\u00e9ment du go\u00fbt de son nouvel h\u00f4te, Donald Trump. Pour le pr\u00e9sident des Etats-Unis, qui est en guerre contre les migrants, qui se montre m\u00e9prisant vis-\u00e0-vis de l\u2019Afrique et qui n\u2019h\u00e9site pas \u00e0 se moquer des handicap\u00e9s, le pr\u00e9sident de la FIFA a su innover en organisant une grotesque remise d\u2019un \u00ab\u00a0prix de la paix\u00a0\u00bb, cr\u00e9\u00e9 pour l\u2019occasion, afin de s\u2019attirer les bonnes gr\u00e2ces de celui qui r\u00eave de devenir un jour Prix Nobel. a d\u00e9clar\u00e9 le patron de la FIFA. Celle-ci a salu\u00e9 dans un communiqu\u00e9(\u2026)Comme diraitJordan Bardella, le pr\u00e9sident du Rassemblement national,   Le plus grand \u00e9v\u00e9nement sportif mondial d\u00e9bute donc sous le signe de l\u2019all\u00e9geance politique, oubliant, \u00e0 l\u2019occasion, l\u2019obligation de neutralit\u00e9 inscrite dans les statuts de la FIFA. L\u2019organisation de d\u00e9fense des droits humains, FairSquare, a d\u2019ailleurs saisi la commission d\u2019\u00e9thique de l\u2019instance internationale. Elle estime qu\u2019en soutenant l\u2019agenda politique de M.\u00a0Trump, M.\u00a0Infantino menace Il vous reste 64.47% de cet article \u00e0 lire. La suite est r\u00e9serv\u00e9e aux abonn\u00e9s.\" \/>\n<meta property=\"og:url\" content=\"https:\/\/vof-news.eu\/fr\/le-mondial-de-football-2026-sannonce-comme-celui-de-lamerica-first-et-surtout-celui-du-business-first\/\" \/>\n<meta property=\"og:site_name\" content=\"vof-news.eu\" \/>\n<meta property=\"article:published_time\" content=\"2025-12-29T04:30:08+00:00\" \/>\n<meta property=\"article:modified_time\" content=\"2025-12-29T04:30:45+00:00\" \/>\n<meta name=\"author\" content=\"Author\" \/>\n<meta name=\"twitter:card\" content=\"summary_large_image\" \/>\n<meta name=\"twitter:label1\" content=\"\u00c9crit par\" \/>\n\t<meta name=\"twitter:data1\" content=\"Author\" \/>\n\t<meta name=\"twitter:label2\" content=\"Dur\u00e9e de lecture estim\u00e9e\" \/>\n\t<meta name=\"twitter:data2\" content=\"2 minutes\" \/>\n<script type=\"application\/ld+json\" class=\"yoast-schema-graph\">{\"@context\":\"https:\/\/schema.org\",\"@graph\":[{\"@type\":\"WebPage\",\"@id\":\"https:\/\/vof-news.eu\/fr\/le-mondial-de-football-2026-sannonce-comme-celui-de-lamerica-first-et-surtout-celui-du-business-first\/\",\"url\":\"https:\/\/vof-news.eu\/fr\/le-mondial-de-football-2026-sannonce-comme-celui-de-lamerica-first-et-surtout-celui-du-business-first\/\",\"name\":\"\u00ab\u00a0Le Mondial de football 2026\u00a0s\u2019annonce comme celui de l\u2019\u201cAmerica first\u201d\u00a0\u00bb et surtout celui du \u201cbusiness first\u201d\u00a0\u00bb - vof-news.eu\",\"isPartOf\":{\"@id\":\"https:\/\/vof-news.eu\/fr\/#website\"},\"datePublished\":\"2025-12-29T04:30:08+00:00\",\"dateModified\":\"2025-12-29T04:30:45+00:00\",\"author\":{\"@id\":\"https:\/\/vof-news.eu\/fr\/#\/schema\/person\/f6a2a4309f0561835797fd8c19b333ed\"},\"description\":\"Savoir s\u2019adapter au pays h\u00f4te de la Coupe du monde de football est l\u2019une des principales qualit\u00e9s de Gianni Infantino, le puissant pr\u00e9sident de la\u00a0F\u00e9d\u00e9ration internationale de football (FIFA). Chacun a encore en t\u00eate sa longue anaphore prononc\u00e9e en novembre\u00a02022, lors du lancement de la pr\u00e9c\u00e9dente \u00e9dition qui avait lieu au Qatar. Pour r\u00e9pondre aux nombreuses critiques adress\u00e9es au pays organisateur, notamment sur son manque de tol\u00e9rance et les conditions de travail des ouvriers sur les chantiers du Mondial, le Suisse s\u2019\u00e9tait d\u00e9clar\u00e9 arabe, africain, gay, handicap\u00e9, travailleur migrant, suscitant de nombreux quolibets. Le 5\u00a0d\u00e9cembre \u00e0 Washington, lors du tirage au sort de la prochaine Coupe du monde organis\u00e9e aux Etats-Unis, au Canada et au Mexique, du 11\u00a0juin au 19\u00a0juillet\u00a02026, il n\u2019y a pas eu d\u2019ode au vivre-ensemble. Pragmatique, M.\u00a0Infantino a pens\u00e9 que, cette fois, une telle d\u00e9claration ne serait pas forc\u00e9ment du go\u00fbt de son nouvel h\u00f4te, Donald Trump. Pour le pr\u00e9sident des Etats-Unis, qui est en guerre contre les migrants, qui se montre m\u00e9prisant vis-\u00e0-vis de l\u2019Afrique et qui n\u2019h\u00e9site pas \u00e0 se moquer des handicap\u00e9s, le pr\u00e9sident de la FIFA a su innover en organisant une grotesque remise d\u2019un \u00ab\u00a0prix de la paix\u00a0\u00bb, cr\u00e9\u00e9 pour l\u2019occasion, afin de s\u2019attirer les bonnes gr\u00e2ces de celui qui r\u00eave de devenir un jour Prix Nobel. a d\u00e9clar\u00e9 le patron de la FIFA. Celle-ci a salu\u00e9 dans un communiqu\u00e9(\u2026)Comme diraitJordan Bardella, le pr\u00e9sident du Rassemblement national, Le plus grand \u00e9v\u00e9nement sportif mondial d\u00e9bute donc sous le signe de l\u2019all\u00e9geance politique, oubliant, \u00e0 l\u2019occasion, l\u2019obligation de neutralit\u00e9 inscrite dans les statuts de la FIFA. L\u2019organisation de d\u00e9fense des droits humains, FairSquare, a d\u2019ailleurs saisi la commission d\u2019\u00e9thique de l\u2019instance internationale. Elle estime qu\u2019en soutenant l\u2019agenda politique de M.\u00a0Trump, M.\u00a0Infantino menace Il vous reste 64.47% de cet article \u00e0 lire. La suite est r\u00e9serv\u00e9e aux abonn\u00e9s.\",\"breadcrumb\":{\"@id\":\"https:\/\/vof-news.eu\/fr\/le-mondial-de-football-2026-sannonce-comme-celui-de-lamerica-first-et-surtout-celui-du-business-first\/#breadcrumb\"},\"inLanguage\":\"fr-FR\",\"potentialAction\":[{\"@type\":\"ReadAction\",\"target\":[\"https:\/\/vof-news.eu\/fr\/le-mondial-de-football-2026-sannonce-comme-celui-de-lamerica-first-et-surtout-celui-du-business-first\/\"]}]},{\"@type\":\"BreadcrumbList\",\"@id\":\"https:\/\/vof-news.eu\/fr\/le-mondial-de-football-2026-sannonce-comme-celui-de-lamerica-first-et-surtout-celui-du-business-first\/#breadcrumb\",\"itemListElement\":[{\"@type\":\"ListItem\",\"position\":1,\"name\":\"Home\",\"item\":\"https:\/\/vof-news.eu\/fr\/\"},{\"@type\":\"ListItem\",\"position\":2,\"name\":\"\u00ab\u00a0Le Mondial de football 2026\u00a0s\u2019annonce comme celui de l\u2019\u201cAmerica first\u201d\u00a0\u00bb et surtout celui du \u201cbusiness first\u201d\u00a0\u00bb\"}]},{\"@type\":\"WebSite\",\"@id\":\"https:\/\/vof-news.eu\/fr\/#website\",\"url\":\"https:\/\/vof-news.eu\/fr\/\",\"name\":\"vof-news.eu\",\"description\":\"\",\"potentialAction\":[{\"@type\":\"SearchAction\",\"target\":{\"@type\":\"EntryPoint\",\"urlTemplate\":\"https:\/\/vof-news.eu\/fr\/?s={search_term_string}\"},\"query-input\":\"required name=search_term_string\"}],\"inLanguage\":\"fr-FR\"},{\"@type\":\"Person\",\"@id\":\"https:\/\/vof-news.eu\/fr\/#\/schema\/person\/f6a2a4309f0561835797fd8c19b333ed\",\"name\":\"Author\",\"image\":{\"@type\":\"ImageObject\",\"inLanguage\":\"fr-FR\",\"@id\":\"https:\/\/vof-news.eu\/fr\/#\/schema\/person\/image\/\",\"url\":\"https:\/\/secure.gravatar.com\/avatar\/b67e614b1b25b3e9c0c239efdd2fde5ab015b5affd6f1c3c85911ca4b384e790?s=96&d=mm&r=g\",\"contentUrl\":\"https:\/\/secure.gravatar.com\/avatar\/b67e614b1b25b3e9c0c239efdd2fde5ab015b5affd6f1c3c85911ca4b384e790?s=96&d=mm&r=g\",\"caption\":\"Author\"},\"sameAs\":[\"http:\/\/vof-news.eu\"],\"url\":\"https:\/\/vof-news.eu\/fr\/author\/zwt6qxnjulxbnyg\/\"}]}<\/script>\n<!-- \/ Yoast SEO plugin. -->","yoast_head_json":{"title":"\u00ab\u00a0Le Mondial de football 2026\u00a0s\u2019annonce comme celui de l\u2019\u201cAmerica first\u201d\u00a0\u00bb et surtout celui du \u201cbusiness first\u201d\u00a0\u00bb - vof-news.eu","description":"Savoir s\u2019adapter au pays h\u00f4te de la Coupe du monde de football est l\u2019une des principales qualit\u00e9s de Gianni Infantino, le puissant pr\u00e9sident de la\u00a0F\u00e9d\u00e9ration internationale de football (FIFA). Chacun a encore en t\u00eate sa longue anaphore prononc\u00e9e en novembre\u00a02022, lors du lancement de la pr\u00e9c\u00e9dente \u00e9dition qui avait lieu au Qatar. Pour r\u00e9pondre aux nombreuses critiques adress\u00e9es au pays organisateur, notamment sur son manque de tol\u00e9rance et les conditions de travail des ouvriers sur les chantiers du Mondial, le Suisse s\u2019\u00e9tait d\u00e9clar\u00e9 arabe, africain, gay, handicap\u00e9, travailleur migrant, suscitant de nombreux quolibets. Le 5\u00a0d\u00e9cembre \u00e0 Washington, lors du tirage au sort de la prochaine Coupe du monde organis\u00e9e aux Etats-Unis, au Canada et au Mexique, du 11\u00a0juin au 19\u00a0juillet\u00a02026, il n\u2019y a pas eu d\u2019ode au vivre-ensemble. Pragmatique, M.\u00a0Infantino a pens\u00e9 que, cette fois, une telle d\u00e9claration ne serait pas forc\u00e9ment du go\u00fbt de son nouvel h\u00f4te, Donald Trump. Pour le pr\u00e9sident des Etats-Unis, qui est en guerre contre les migrants, qui se montre m\u00e9prisant vis-\u00e0-vis de l\u2019Afrique et qui n\u2019h\u00e9site pas \u00e0 se moquer des handicap\u00e9s, le pr\u00e9sident de la FIFA a su innover en organisant une grotesque remise d\u2019un \u00ab\u00a0prix de la paix\u00a0\u00bb, cr\u00e9\u00e9 pour l\u2019occasion, afin de s\u2019attirer les bonnes gr\u00e2ces de celui qui r\u00eave de devenir un jour Prix Nobel. a d\u00e9clar\u00e9 le patron de la FIFA. Celle-ci a salu\u00e9 dans un communiqu\u00e9(\u2026)Comme diraitJordan Bardella, le pr\u00e9sident du Rassemblement national,   Le plus grand \u00e9v\u00e9nement sportif mondial d\u00e9bute donc sous le signe de l\u2019all\u00e9geance politique, oubliant, \u00e0 l\u2019occasion, l\u2019obligation de neutralit\u00e9 inscrite dans les statuts de la FIFA. L\u2019organisation de d\u00e9fense des droits humains, FairSquare, a d\u2019ailleurs saisi la commission d\u2019\u00e9thique de l\u2019instance internationale. Elle estime qu\u2019en soutenant l\u2019agenda politique de M.\u00a0Trump, M.\u00a0Infantino menace Il vous reste 64.47% de cet article \u00e0 lire. La suite est r\u00e9serv\u00e9e aux abonn\u00e9s.","robots":{"index":"noindex","follow":"follow","max-snippet":"max-snippet:-1","max-image-preview":"max-image-preview:large","max-video-preview":"max-video-preview:-1"},"og_locale":"fr_FR","og_type":"article","og_title":"\u00ab\u00a0Le Mondial de football 2026\u00a0s\u2019annonce comme celui de l\u2019\u201cAmerica first\u201d\u00a0\u00bb et surtout celui du \u201cbusiness first\u201d\u00a0\u00bb - vof-news.eu","og_description":"Savoir s\u2019adapter au pays h\u00f4te de la Coupe du monde de football est l\u2019une des principales qualit\u00e9s de Gianni Infantino, le puissant pr\u00e9sident de la\u00a0F\u00e9d\u00e9ration internationale de football (FIFA). Chacun a encore en t\u00eate sa longue anaphore prononc\u00e9e en novembre\u00a02022, lors du lancement de la pr\u00e9c\u00e9dente \u00e9dition qui avait lieu au Qatar. Pour r\u00e9pondre aux nombreuses critiques adress\u00e9es au pays organisateur, notamment sur son manque de tol\u00e9rance et les conditions de travail des ouvriers sur les chantiers du Mondial, le Suisse s\u2019\u00e9tait d\u00e9clar\u00e9 arabe, africain, gay, handicap\u00e9, travailleur migrant, suscitant de nombreux quolibets. Le 5\u00a0d\u00e9cembre \u00e0 Washington, lors du tirage au sort de la prochaine Coupe du monde organis\u00e9e aux Etats-Unis, au Canada et au Mexique, du 11\u00a0juin au 19\u00a0juillet\u00a02026, il n\u2019y a pas eu d\u2019ode au vivre-ensemble. Pragmatique, M.\u00a0Infantino a pens\u00e9 que, cette fois, une telle d\u00e9claration ne serait pas forc\u00e9ment du go\u00fbt de son nouvel h\u00f4te, Donald Trump. Pour le pr\u00e9sident des Etats-Unis, qui est en guerre contre les migrants, qui se montre m\u00e9prisant vis-\u00e0-vis de l\u2019Afrique et qui n\u2019h\u00e9site pas \u00e0 se moquer des handicap\u00e9s, le pr\u00e9sident de la FIFA a su innover en organisant une grotesque remise d\u2019un \u00ab\u00a0prix de la paix\u00a0\u00bb, cr\u00e9\u00e9 pour l\u2019occasion, afin de s\u2019attirer les bonnes gr\u00e2ces de celui qui r\u00eave de devenir un jour Prix Nobel. a d\u00e9clar\u00e9 le patron de la FIFA. Celle-ci a salu\u00e9 dans un communiqu\u00e9(\u2026)Comme diraitJordan Bardella, le pr\u00e9sident du Rassemblement national,   Le plus grand \u00e9v\u00e9nement sportif mondial d\u00e9bute donc sous le signe de l\u2019all\u00e9geance politique, oubliant, \u00e0 l\u2019occasion, l\u2019obligation de neutralit\u00e9 inscrite dans les statuts de la FIFA. L\u2019organisation de d\u00e9fense des droits humains, FairSquare, a d\u2019ailleurs saisi la commission d\u2019\u00e9thique de l\u2019instance internationale. Elle estime qu\u2019en soutenant l\u2019agenda politique de M.\u00a0Trump, M.\u00a0Infantino menace Il vous reste 64.47% de cet article \u00e0 lire. La suite est r\u00e9serv\u00e9e aux abonn\u00e9s.","og_url":"https:\/\/vof-news.eu\/fr\/le-mondial-de-football-2026-sannonce-comme-celui-de-lamerica-first-et-surtout-celui-du-business-first\/","og_site_name":"vof-news.eu","article_published_time":"2025-12-29T04:30:08+00:00","article_modified_time":"2025-12-29T04:30:45+00:00","author":"Author","twitter_card":"summary_large_image","twitter_misc":{"\u00c9crit par":"Author","Dur\u00e9e de lecture estim\u00e9e":"2 minutes"},"schema":{"@context":"https:\/\/schema.org","@graph":[{"@type":"WebPage","@id":"https:\/\/vof-news.eu\/fr\/le-mondial-de-football-2026-sannonce-comme-celui-de-lamerica-first-et-surtout-celui-du-business-first\/","url":"https:\/\/vof-news.eu\/fr\/le-mondial-de-football-2026-sannonce-comme-celui-de-lamerica-first-et-surtout-celui-du-business-first\/","name":"\u00ab\u00a0Le Mondial de football 2026\u00a0s\u2019annonce comme celui de l\u2019\u201cAmerica first\u201d\u00a0\u00bb et surtout celui du \u201cbusiness first\u201d\u00a0\u00bb - vof-news.eu","isPartOf":{"@id":"https:\/\/vof-news.eu\/fr\/#website"},"datePublished":"2025-12-29T04:30:08+00:00","dateModified":"2025-12-29T04:30:45+00:00","author":{"@id":"https:\/\/vof-news.eu\/fr\/#\/schema\/person\/f6a2a4309f0561835797fd8c19b333ed"},"description":"Savoir s\u2019adapter au pays h\u00f4te de la Coupe du monde de football est l\u2019une des principales qualit\u00e9s de Gianni Infantino, le puissant pr\u00e9sident de la\u00a0F\u00e9d\u00e9ration internationale de football (FIFA). Chacun a encore en t\u00eate sa longue anaphore prononc\u00e9e en novembre\u00a02022, lors du lancement de la pr\u00e9c\u00e9dente \u00e9dition qui avait lieu au Qatar. Pour r\u00e9pondre aux nombreuses critiques adress\u00e9es au pays organisateur, notamment sur son manque de tol\u00e9rance et les conditions de travail des ouvriers sur les chantiers du Mondial, le Suisse s\u2019\u00e9tait d\u00e9clar\u00e9 arabe, africain, gay, handicap\u00e9, travailleur migrant, suscitant de nombreux quolibets. Le 5\u00a0d\u00e9cembre \u00e0 Washington, lors du tirage au sort de la prochaine Coupe du monde organis\u00e9e aux Etats-Unis, au Canada et au Mexique, du 11\u00a0juin au 19\u00a0juillet\u00a02026, il n\u2019y a pas eu d\u2019ode au vivre-ensemble. Pragmatique, M.\u00a0Infantino a pens\u00e9 que, cette fois, une telle d\u00e9claration ne serait pas forc\u00e9ment du go\u00fbt de son nouvel h\u00f4te, Donald Trump. Pour le pr\u00e9sident des Etats-Unis, qui est en guerre contre les migrants, qui se montre m\u00e9prisant vis-\u00e0-vis de l\u2019Afrique et qui n\u2019h\u00e9site pas \u00e0 se moquer des handicap\u00e9s, le pr\u00e9sident de la FIFA a su innover en organisant une grotesque remise d\u2019un \u00ab\u00a0prix de la paix\u00a0\u00bb, cr\u00e9\u00e9 pour l\u2019occasion, afin de s\u2019attirer les bonnes gr\u00e2ces de celui qui r\u00eave de devenir un jour Prix Nobel. a d\u00e9clar\u00e9 le patron de la FIFA. Celle-ci a salu\u00e9 dans un communiqu\u00e9(\u2026)Comme diraitJordan Bardella, le pr\u00e9sident du Rassemblement national, Le plus grand \u00e9v\u00e9nement sportif mondial d\u00e9bute donc sous le signe de l\u2019all\u00e9geance politique, oubliant, \u00e0 l\u2019occasion, l\u2019obligation de neutralit\u00e9 inscrite dans les statuts de la FIFA. L\u2019organisation de d\u00e9fense des droits humains, FairSquare, a d\u2019ailleurs saisi la commission d\u2019\u00e9thique de l\u2019instance internationale. Elle estime qu\u2019en soutenant l\u2019agenda politique de M.\u00a0Trump, M.\u00a0Infantino menace Il vous reste 64.47% de cet article \u00e0 lire. La suite est r\u00e9serv\u00e9e aux abonn\u00e9s.","breadcrumb":{"@id":"https:\/\/vof-news.eu\/fr\/le-mondial-de-football-2026-sannonce-comme-celui-de-lamerica-first-et-surtout-celui-du-business-first\/#breadcrumb"},"inLanguage":"fr-FR","potentialAction":[{"@type":"ReadAction","target":["https:\/\/vof-news.eu\/fr\/le-mondial-de-football-2026-sannonce-comme-celui-de-lamerica-first-et-surtout-celui-du-business-first\/"]}]},{"@type":"BreadcrumbList","@id":"https:\/\/vof-news.eu\/fr\/le-mondial-de-football-2026-sannonce-comme-celui-de-lamerica-first-et-surtout-celui-du-business-first\/#breadcrumb","itemListElement":[{"@type":"ListItem","position":1,"name":"Home","item":"https:\/\/vof-news.eu\/fr\/"},{"@type":"ListItem","position":2,"name":"\u00ab\u00a0Le Mondial de football 2026\u00a0s\u2019annonce comme celui de l\u2019\u201cAmerica first\u201d\u00a0\u00bb et surtout celui du \u201cbusiness first\u201d\u00a0\u00bb"}]},{"@type":"WebSite","@id":"https:\/\/vof-news.eu\/fr\/#website","url":"https:\/\/vof-news.eu\/fr\/","name":"vof-news.eu","description":"","potentialAction":[{"@type":"SearchAction","target":{"@type":"EntryPoint","urlTemplate":"https:\/\/vof-news.eu\/fr\/?s={search_term_string}"},"query-input":"required name=search_term_string"}],"inLanguage":"fr-FR"},{"@type":"Person","@id":"https:\/\/vof-news.eu\/fr\/#\/schema\/person\/f6a2a4309f0561835797fd8c19b333ed","name":"Author","image":{"@type":"ImageObject","inLanguage":"fr-FR","@id":"https:\/\/vof-news.eu\/fr\/#\/schema\/person\/image\/","url":"https:\/\/secure.gravatar.com\/avatar\/b67e614b1b25b3e9c0c239efdd2fde5ab015b5affd6f1c3c85911ca4b384e790?s=96&d=mm&r=g","contentUrl":"https:\/\/secure.gravatar.com\/avatar\/b67e614b1b25b3e9c0c239efdd2fde5ab015b5affd6f1c3c85911ca4b384e790?s=96&d=mm&r=g","caption":"Author"},"sameAs":["http:\/\/vof-news.eu"],"url":"https:\/\/vof-news.eu\/fr\/author\/zwt6qxnjulxbnyg\/"}]}},"yoast_meta":{"yoast_wpseo_title":"","yoast_wpseo_metadesc":"","yoast_wpseo_canonical":""},"_links":{"self":[{"href":"https:\/\/vof-news.eu\/fr\/wp-json\/wp\/v2\/posts\/311598","targetHints":{"allow":["GET"]}}],"collection":[{"href":"https:\/\/vof-news.eu\/fr\/wp-json\/wp\/v2\/posts"}],"about":[{"href":"https:\/\/vof-news.eu\/fr\/wp-json\/wp\/v2\/types\/post"}],"author":[{"embeddable":true,"href":"https:\/\/vof-news.eu\/fr\/wp-json\/wp\/v2\/users\/1"}],"replies":[{"embeddable":true,"href":"https:\/\/vof-news.eu\/fr\/wp-json\/wp\/v2\/comments?post=311598"}],"version-history":[{"count":1,"href":"https:\/\/vof-news.eu\/fr\/wp-json\/wp\/v2\/posts\/311598\/revisions"}],"predecessor-version":[{"id":311599,"href":"https:\/\/vof-news.eu\/fr\/wp-json\/wp\/v2\/posts\/311598\/revisions\/311599"}],"wp:attachment":[{"href":"https:\/\/vof-news.eu\/fr\/wp-json\/wp\/v2\/media?parent=311598"}],"wp:term":[{"taxonomy":"category","embeddable":true,"href":"https:\/\/vof-news.eu\/fr\/wp-json\/wp\/v2\/categories?post=311598"},{"taxonomy":"post_tag","embeddable":true,"href":"https:\/\/vof-news.eu\/fr\/wp-json\/wp\/v2\/tags?post=311598"}],"curies":[{"name":"wp","href":"https:\/\/api.w.org\/{rel}","templated":true}]}}