{"id":311309,"date":"2025-12-27T21:37:32","date_gmt":"2025-12-27T18:37:32","guid":{"rendered":"https:\/\/vof-news.eu\/christian-lequesne-politiste-en-evoquant-ladhesion-de-kiev-a-lue-le-plan-de-paix-cree-un-faux-espoir-chez-les-ukrainiens\/"},"modified":"2025-12-27T21:38:10","modified_gmt":"2025-12-27T18:38:10","slug":"christian-lequesne-politiste-en-evoquant-ladhesion-de-kiev-a-lue-le-plan-de-paix-cree-un-faux-espoir-chez-les-ukrainiens","status":"publish","type":"post","link":"https:\/\/vof-news.eu\/fr\/christian-lequesne-politiste-en-evoquant-ladhesion-de-kiev-a-lue-le-plan-de-paix-cree-un-faux-espoir-chez-les-ukrainiens\/","title":{"rendered":"Christian Lequesne, politiste\u00a0: \u00ab\u00a0En \u00e9voquant l\u2019adh\u00e9sion de Kiev \u00e0 l\u2019UE, le plan de paix cr\u00e9e un faux espoir chez les Ukrainiens\u00a0\u00bb"},"content":{"rendered":"<article>\n<p><span>I<\/span>l est impossible d\u2019affirmer quel sort sera donn\u00e9 au nouveau projet de paix en 20 points sur l\u2019Ukraine pr\u00e9sent\u00e9 par les Etats-Unis, qui a \u00e9t\u00e9 <a href=\"https:\/\/www.lemonde.fr\/international\/article\/2025\/12\/24\/l-ukraine-pose-ses-conditions-en-vue-de-la-creation-d-une-zone-demilitarisee-dans-le-donbass_6659310_3210.html\" rel=\"nofollow\">d\u00e9voil\u00e9 par Volodymyr Zelensky<\/a> et non par Donald Trump. La Russie, par le biais du porte-parole de Vladimir Poutine, dit l\u2019examiner, tout en faisant savoir, par l\u2019entremise de commentateurs proches du Kremlin, que le projet contient plusieurs demandes inacceptables.<\/p>\n<p>Les Europ\u00e9ens ne manqueront pas de remarquer <a href=\"https:\/\/www.lemonde.fr\/international\/article\/2025\/12\/24\/guerre-en-ukraine-l-integralite-du-dernier-plan-americain-en-20-points-presente-par-volodymyr-zelensky_6659323_3210.html\" rel=\"nofollow\">le point\u00a07 du projet<\/a>\u00a0:  Ce point laisse entendre que la place de l\u2019Ukraine est dans l\u2019UE, ce qui est une perspective tout \u00e0 fait souhaitable pour garantir la s\u00e9curit\u00e9 de ce pays, \u00e0 d\u00e9faut de pouvoir adh\u00e9rer \u00e0 l\u2019Organisation du trait\u00e9 de l\u2019Atlantique Nord (OTAN). Le pr\u00e9sident ukrainien se saisit de ce point pour \u00e9voquer dans ses discours publics les dates de 2027 ou 2028.<\/p>\n<p>Ces annonces sont plus qu\u2019\u00e9tonnantes pour tous ceux qui savent comment se d\u00e9roule un processus d\u2019adh\u00e9sion \u00e0 l\u2019Union europ\u00e9enne. En effet, on ne peut pas d\u00e9cr\u00e9ter, avant m\u00eame d\u2019avoir commenc\u00e9 des n\u00e9gociations, que l\u2019entr\u00e9e dans l\u2019UE se fera \u00e0 une date pr\u00e9cise. Tout d\u00e9pend de la vitesse de mise en conformit\u00e9 des l\u00e9gislations des pays candidats aux normes europ\u00e9ennes et de l\u2019accord des Etats membres, ce qui prend g\u00e9n\u00e9ralement plusieurs ann\u00e9es.<\/p>\n<p>Pour citer l\u2019exemple du Mont\u00e9n\u00e9gro, pays actuellement le plus avanc\u00e9 dans son processus d\u2019adh\u00e9sion, les n\u00e9gociations ont commenc\u00e9 en\u00a02012. Le pays a ouvert aujourd\u2019hui tous les chapitres de n\u00e9gociation au prix d\u2019un consid\u00e9rable travail d\u2019adaptation de sa l\u00e9gislation. Le r\u00e9sultat du travail de n\u00e9gociation devra ensuite \u00eatre inscrit dans un trait\u00e9. Ce trait\u00e9 d\u2019adh\u00e9sion devra enfin \u00eatre accept\u00e9 \u00e0 l\u2019unanimit\u00e9 par les 27 Etats de l\u2019UE, approuv\u00e9 par le Parlement europ\u00e9en et ratifi\u00e9 individuellement par chaque Etat membre, dont certains (comme la France) pourront avoir recours au r\u00e9f\u00e9rendum, avec tous les risques de rejet que cela comporte. On rappellera <a href=\"https:\/\/www.lemonde.fr\/international\/article\/2016\/12\/15\/traite-d-association-ue-ukraine-les-pays-bas-ont-obtenu-les-concessions-qu-ils-exigeaient_5049740_3210.html\" rel=\"nofollow\">qu\u2019en\u00a02016, le peuple n\u00e9erlandais<\/a> n\u2019a pas voulu accepter le trait\u00e9 d\u2019association de l\u2019Ukraine \u00e0 l\u2019Union europ\u00e9enne, qui comportait des mesures beaucoup moins ambitieuses que celui sur la future adh\u00e9sion.<\/p>\n<p><strong>Il vous reste 54.43% de cet article \u00e0 lire. La suite est r\u00e9serv\u00e9e aux abonn\u00e9s.<\/strong><\/p>\n<\/article>\n","protected":false},"excerpt":{"rendered":"<p>Il est impossible d\u2019affirmer quel sort sera donn\u00e9 au nouveau projet de paix en 20 points sur l\u2019Ukraine pr\u00e9sent\u00e9 par les Etats-Unis, qui a \u00e9t\u00e9 d\u00e9voil\u00e9 par Volodymyr Zelensky et non par Donald Trump. La Russie, par le biais du porte-parole de Vladimir Poutine, dit l\u2019examiner, tout en faisant savoir, par l\u2019entremise de commentateurs proches<\/p>\n","protected":false},"author":1,"featured_media":0,"comment_status":"open","ping_status":"open","sticky":false,"template":"","format":"standard","meta":{"footnotes":""},"categories":[115],"tags":[],"class_list":["post-311309","post","type-post","status-publish","format-standard","hentry","category-war-chronicles-fr"],"acf":[],"yoast_head":"<!-- This site is optimized with the Yoast SEO plugin v22.9 - https:\/\/yoast.com\/wordpress\/plugins\/seo\/ -->\n<title>Christian Lequesne, politiste\u00a0: \u00ab\u00a0En \u00e9voquant l\u2019adh\u00e9sion de Kiev \u00e0 l\u2019UE, le plan de paix cr\u00e9e un faux espoir chez les Ukrainiens\u00a0\u00bb - vof-news.eu<\/title>\n<meta name=\"description\" content=\"Il est impossible d\u2019affirmer quel sort sera donn\u00e9 au nouveau projet de paix en 20 points sur l\u2019Ukraine pr\u00e9sent\u00e9 par les Etats-Unis, qui a \u00e9t\u00e9 d\u00e9voil\u00e9 par Volodymyr Zelensky et non par Donald Trump. La Russie, par le biais du porte-parole de Vladimir Poutine, dit l\u2019examiner, tout en faisant savoir, par l\u2019entremise de commentateurs proches du Kremlin, que le projet contient plusieurs demandes inacceptables. Les Europ\u00e9ens ne manqueront pas de remarquer le point\u00a07 du projet\u00a0: Ce point laisse entendre que la place de l\u2019Ukraine est dans l\u2019UE, ce qui est une perspective tout \u00e0 fait souhaitable pour garantir la s\u00e9curit\u00e9 de ce pays, \u00e0 d\u00e9faut de pouvoir adh\u00e9rer \u00e0 l\u2019Organisation du trait\u00e9 de l\u2019Atlantique Nord (OTAN). Le pr\u00e9sident ukrainien se saisit de ce point pour \u00e9voquer dans ses discours publics les dates de 2027 ou 2028. Ces annonces sont plus qu\u2019\u00e9tonnantes pour tous ceux qui savent comment se d\u00e9roule un processus d\u2019adh\u00e9sion \u00e0 l\u2019Union europ\u00e9enne. En effet, on ne peut pas d\u00e9cr\u00e9ter, avant m\u00eame d\u2019avoir commenc\u00e9 des n\u00e9gociations, que l\u2019entr\u00e9e dans l\u2019UE se fera \u00e0 une date pr\u00e9cise. Tout d\u00e9pend de la vitesse de mise en conformit\u00e9 des l\u00e9gislations des pays candidats aux normes europ\u00e9ennes et de l\u2019accord des Etats membres, ce qui prend g\u00e9n\u00e9ralement plusieurs ann\u00e9es. Pour citer l\u2019exemple du Mont\u00e9n\u00e9gro, pays actuellement le plus avanc\u00e9 dans son processus d\u2019adh\u00e9sion, les n\u00e9gociations ont commenc\u00e9 en\u00a02012. Le pays a ouvert aujourd\u2019hui tous les chapitres de n\u00e9gociation au prix d\u2019un consid\u00e9rable travail d\u2019adaptation de sa l\u00e9gislation. Le r\u00e9sultat du travail de n\u00e9gociation devra ensuite \u00eatre inscrit dans un trait\u00e9. Ce trait\u00e9 d\u2019adh\u00e9sion devra enfin \u00eatre accept\u00e9 \u00e0 l\u2019unanimit\u00e9 par les 27 Etats de l\u2019UE, approuv\u00e9 par le Parlement europ\u00e9en et ratifi\u00e9 individuellement par chaque Etat membre, dont certains (comme la France) pourront avoir recours au r\u00e9f\u00e9rendum, avec tous les risques de rejet que cela comporte. On rappellera qu\u2019en\u00a02016, le peuple n\u00e9erlandais n\u2019a pas voulu accepter le trait\u00e9 d\u2019association de l\u2019Ukraine \u00e0 l\u2019Union europ\u00e9enne, qui comportait des mesures beaucoup moins ambitieuses que celui sur la future adh\u00e9sion. Il vous reste 54.43% de cet article \u00e0 lire. La suite est r\u00e9serv\u00e9e aux abonn\u00e9s.\" \/>\n<meta name=\"robots\" content=\"noindex, follow, max-snippet:-1, max-image-preview:large, max-video-preview:-1\" \/>\n<meta property=\"og:locale\" content=\"fr_FR\" \/>\n<meta property=\"og:type\" content=\"article\" \/>\n<meta property=\"og:title\" content=\"Christian Lequesne, politiste\u00a0: \u00ab\u00a0En \u00e9voquant l\u2019adh\u00e9sion de Kiev \u00e0 l\u2019UE, le plan de paix cr\u00e9e un faux espoir chez les Ukrainiens\u00a0\u00bb - vof-news.eu\" \/>\n<meta property=\"og:description\" content=\"Il est impossible d\u2019affirmer quel sort sera donn\u00e9 au nouveau projet de paix en 20 points sur l\u2019Ukraine pr\u00e9sent\u00e9 par les Etats-Unis, qui a \u00e9t\u00e9 d\u00e9voil\u00e9 par Volodymyr Zelensky et non par Donald Trump. La Russie, par le biais du porte-parole de Vladimir Poutine, dit l\u2019examiner, tout en faisant savoir, par l\u2019entremise de commentateurs proches du Kremlin, que le projet contient plusieurs demandes inacceptables. Les Europ\u00e9ens ne manqueront pas de remarquer le point\u00a07 du projet\u00a0: Ce point laisse entendre que la place de l\u2019Ukraine est dans l\u2019UE, ce qui est une perspective tout \u00e0 fait souhaitable pour garantir la s\u00e9curit\u00e9 de ce pays, \u00e0 d\u00e9faut de pouvoir adh\u00e9rer \u00e0 l\u2019Organisation du trait\u00e9 de l\u2019Atlantique Nord (OTAN). Le pr\u00e9sident ukrainien se saisit de ce point pour \u00e9voquer dans ses discours publics les dates de 2027 ou 2028. Ces annonces sont plus qu\u2019\u00e9tonnantes pour tous ceux qui savent comment se d\u00e9roule un processus d\u2019adh\u00e9sion \u00e0 l\u2019Union europ\u00e9enne. En effet, on ne peut pas d\u00e9cr\u00e9ter, avant m\u00eame d\u2019avoir commenc\u00e9 des n\u00e9gociations, que l\u2019entr\u00e9e dans l\u2019UE se fera \u00e0 une date pr\u00e9cise. Tout d\u00e9pend de la vitesse de mise en conformit\u00e9 des l\u00e9gislations des pays candidats aux normes europ\u00e9ennes et de l\u2019accord des Etats membres, ce qui prend g\u00e9n\u00e9ralement plusieurs ann\u00e9es. Pour citer l\u2019exemple du Mont\u00e9n\u00e9gro, pays actuellement le plus avanc\u00e9 dans son processus d\u2019adh\u00e9sion, les n\u00e9gociations ont commenc\u00e9 en\u00a02012. Le pays a ouvert aujourd\u2019hui tous les chapitres de n\u00e9gociation au prix d\u2019un consid\u00e9rable travail d\u2019adaptation de sa l\u00e9gislation. Le r\u00e9sultat du travail de n\u00e9gociation devra ensuite \u00eatre inscrit dans un trait\u00e9. Ce trait\u00e9 d\u2019adh\u00e9sion devra enfin \u00eatre accept\u00e9 \u00e0 l\u2019unanimit\u00e9 par les 27 Etats de l\u2019UE, approuv\u00e9 par le Parlement europ\u00e9en et ratifi\u00e9 individuellement par chaque Etat membre, dont certains (comme la France) pourront avoir recours au r\u00e9f\u00e9rendum, avec tous les risques de rejet que cela comporte. On rappellera qu\u2019en\u00a02016, le peuple n\u00e9erlandais n\u2019a pas voulu accepter le trait\u00e9 d\u2019association de l\u2019Ukraine \u00e0 l\u2019Union europ\u00e9enne, qui comportait des mesures beaucoup moins ambitieuses que celui sur la future adh\u00e9sion. Il vous reste 54.43% de cet article \u00e0 lire. La suite est r\u00e9serv\u00e9e aux abonn\u00e9s.\" \/>\n<meta property=\"og:url\" content=\"https:\/\/vof-news.eu\/fr\/christian-lequesne-politiste-en-evoquant-ladhesion-de-kiev-a-lue-le-plan-de-paix-cree-un-faux-espoir-chez-les-ukrainiens\/\" \/>\n<meta property=\"og:site_name\" content=\"vof-news.eu\" \/>\n<meta property=\"article:published_time\" content=\"2025-12-27T18:37:32+00:00\" \/>\n<meta property=\"article:modified_time\" content=\"2025-12-27T18:38:10+00:00\" \/>\n<meta name=\"author\" content=\"Author\" \/>\n<meta name=\"twitter:card\" content=\"summary_large_image\" \/>\n<meta name=\"twitter:label1\" content=\"\u00c9crit par\" \/>\n\t<meta name=\"twitter:data1\" content=\"Author\" \/>\n\t<meta name=\"twitter:label2\" content=\"Dur\u00e9e de lecture estim\u00e9e\" \/>\n\t<meta name=\"twitter:data2\" content=\"2 minutes\" \/>\n<script type=\"application\/ld+json\" class=\"yoast-schema-graph\">{\"@context\":\"https:\/\/schema.org\",\"@graph\":[{\"@type\":\"WebPage\",\"@id\":\"https:\/\/vof-news.eu\/fr\/christian-lequesne-politiste-en-evoquant-ladhesion-de-kiev-a-lue-le-plan-de-paix-cree-un-faux-espoir-chez-les-ukrainiens\/\",\"url\":\"https:\/\/vof-news.eu\/fr\/christian-lequesne-politiste-en-evoquant-ladhesion-de-kiev-a-lue-le-plan-de-paix-cree-un-faux-espoir-chez-les-ukrainiens\/\",\"name\":\"Christian Lequesne, politiste\u00a0: \u00ab\u00a0En \u00e9voquant l\u2019adh\u00e9sion de Kiev \u00e0 l\u2019UE, le plan de paix cr\u00e9e un faux espoir chez les Ukrainiens\u00a0\u00bb - vof-news.eu\",\"isPartOf\":{\"@id\":\"https:\/\/vof-news.eu\/fr\/#website\"},\"datePublished\":\"2025-12-27T18:37:32+00:00\",\"dateModified\":\"2025-12-27T18:38:10+00:00\",\"author\":{\"@id\":\"https:\/\/vof-news.eu\/fr\/#\/schema\/person\/f6a2a4309f0561835797fd8c19b333ed\"},\"description\":\"Il est impossible d\u2019affirmer quel sort sera donn\u00e9 au nouveau projet de paix en 20 points sur l\u2019Ukraine pr\u00e9sent\u00e9 par les Etats-Unis, qui a \u00e9t\u00e9 d\u00e9voil\u00e9 par Volodymyr Zelensky et non par Donald Trump. La Russie, par le biais du porte-parole de Vladimir Poutine, dit l\u2019examiner, tout en faisant savoir, par l\u2019entremise de commentateurs proches du Kremlin, que le projet contient plusieurs demandes inacceptables. Les Europ\u00e9ens ne manqueront pas de remarquer le point\u00a07 du projet\u00a0: Ce point laisse entendre que la place de l\u2019Ukraine est dans l\u2019UE, ce qui est une perspective tout \u00e0 fait souhaitable pour garantir la s\u00e9curit\u00e9 de ce pays, \u00e0 d\u00e9faut de pouvoir adh\u00e9rer \u00e0 l\u2019Organisation du trait\u00e9 de l\u2019Atlantique Nord (OTAN). Le pr\u00e9sident ukrainien se saisit de ce point pour \u00e9voquer dans ses discours publics les dates de 2027 ou 2028. Ces annonces sont plus qu\u2019\u00e9tonnantes pour tous ceux qui savent comment se d\u00e9roule un processus d\u2019adh\u00e9sion \u00e0 l\u2019Union europ\u00e9enne. En effet, on ne peut pas d\u00e9cr\u00e9ter, avant m\u00eame d\u2019avoir commenc\u00e9 des n\u00e9gociations, que l\u2019entr\u00e9e dans l\u2019UE se fera \u00e0 une date pr\u00e9cise. Tout d\u00e9pend de la vitesse de mise en conformit\u00e9 des l\u00e9gislations des pays candidats aux normes europ\u00e9ennes et de l\u2019accord des Etats membres, ce qui prend g\u00e9n\u00e9ralement plusieurs ann\u00e9es. Pour citer l\u2019exemple du Mont\u00e9n\u00e9gro, pays actuellement le plus avanc\u00e9 dans son processus d\u2019adh\u00e9sion, les n\u00e9gociations ont commenc\u00e9 en\u00a02012. Le pays a ouvert aujourd\u2019hui tous les chapitres de n\u00e9gociation au prix d\u2019un consid\u00e9rable travail d\u2019adaptation de sa l\u00e9gislation. Le r\u00e9sultat du travail de n\u00e9gociation devra ensuite \u00eatre inscrit dans un trait\u00e9. Ce trait\u00e9 d\u2019adh\u00e9sion devra enfin \u00eatre accept\u00e9 \u00e0 l\u2019unanimit\u00e9 par les 27 Etats de l\u2019UE, approuv\u00e9 par le Parlement europ\u00e9en et ratifi\u00e9 individuellement par chaque Etat membre, dont certains (comme la France) pourront avoir recours au r\u00e9f\u00e9rendum, avec tous les risques de rejet que cela comporte. On rappellera qu\u2019en\u00a02016, le peuple n\u00e9erlandais n\u2019a pas voulu accepter le trait\u00e9 d\u2019association de l\u2019Ukraine \u00e0 l\u2019Union europ\u00e9enne, qui comportait des mesures beaucoup moins ambitieuses que celui sur la future adh\u00e9sion. Il vous reste 54.43% de cet article \u00e0 lire. La suite est r\u00e9serv\u00e9e aux abonn\u00e9s.\",\"breadcrumb\":{\"@id\":\"https:\/\/vof-news.eu\/fr\/christian-lequesne-politiste-en-evoquant-ladhesion-de-kiev-a-lue-le-plan-de-paix-cree-un-faux-espoir-chez-les-ukrainiens\/#breadcrumb\"},\"inLanguage\":\"fr-FR\",\"potentialAction\":[{\"@type\":\"ReadAction\",\"target\":[\"https:\/\/vof-news.eu\/fr\/christian-lequesne-politiste-en-evoquant-ladhesion-de-kiev-a-lue-le-plan-de-paix-cree-un-faux-espoir-chez-les-ukrainiens\/\"]}]},{\"@type\":\"BreadcrumbList\",\"@id\":\"https:\/\/vof-news.eu\/fr\/christian-lequesne-politiste-en-evoquant-ladhesion-de-kiev-a-lue-le-plan-de-paix-cree-un-faux-espoir-chez-les-ukrainiens\/#breadcrumb\",\"itemListElement\":[{\"@type\":\"ListItem\",\"position\":1,\"name\":\"Home\",\"item\":\"https:\/\/vof-news.eu\/fr\/\"},{\"@type\":\"ListItem\",\"position\":2,\"name\":\"Christian Lequesne, politiste\u00a0: \u00ab\u00a0En \u00e9voquant l\u2019adh\u00e9sion de Kiev \u00e0 l\u2019UE, le plan de paix cr\u00e9e un faux espoir chez les Ukrainiens\u00a0\u00bb\"}]},{\"@type\":\"WebSite\",\"@id\":\"https:\/\/vof-news.eu\/fr\/#website\",\"url\":\"https:\/\/vof-news.eu\/fr\/\",\"name\":\"vof-news.eu\",\"description\":\"\",\"potentialAction\":[{\"@type\":\"SearchAction\",\"target\":{\"@type\":\"EntryPoint\",\"urlTemplate\":\"https:\/\/vof-news.eu\/fr\/?s={search_term_string}\"},\"query-input\":\"required name=search_term_string\"}],\"inLanguage\":\"fr-FR\"},{\"@type\":\"Person\",\"@id\":\"https:\/\/vof-news.eu\/fr\/#\/schema\/person\/f6a2a4309f0561835797fd8c19b333ed\",\"name\":\"Author\",\"image\":{\"@type\":\"ImageObject\",\"inLanguage\":\"fr-FR\",\"@id\":\"https:\/\/vof-news.eu\/fr\/#\/schema\/person\/image\/\",\"url\":\"https:\/\/secure.gravatar.com\/avatar\/b67e614b1b25b3e9c0c239efdd2fde5ab015b5affd6f1c3c85911ca4b384e790?s=96&d=mm&r=g\",\"contentUrl\":\"https:\/\/secure.gravatar.com\/avatar\/b67e614b1b25b3e9c0c239efdd2fde5ab015b5affd6f1c3c85911ca4b384e790?s=96&d=mm&r=g\",\"caption\":\"Author\"},\"sameAs\":[\"http:\/\/vof-news.eu\"],\"url\":\"https:\/\/vof-news.eu\/fr\/author\/zwt6qxnjulxbnyg\/\"}]}<\/script>\n<!-- \/ Yoast SEO plugin. -->","yoast_head_json":{"title":"Christian Lequesne, politiste\u00a0: \u00ab\u00a0En \u00e9voquant l\u2019adh\u00e9sion de Kiev \u00e0 l\u2019UE, le plan de paix cr\u00e9e un faux espoir chez les Ukrainiens\u00a0\u00bb - vof-news.eu","description":"Il est impossible d\u2019affirmer quel sort sera donn\u00e9 au nouveau projet de paix en 20 points sur l\u2019Ukraine pr\u00e9sent\u00e9 par les Etats-Unis, qui a \u00e9t\u00e9 d\u00e9voil\u00e9 par Volodymyr Zelensky et non par Donald Trump. La Russie, par le biais du porte-parole de Vladimir Poutine, dit l\u2019examiner, tout en faisant savoir, par l\u2019entremise de commentateurs proches du Kremlin, que le projet contient plusieurs demandes inacceptables. Les Europ\u00e9ens ne manqueront pas de remarquer le point\u00a07 du projet\u00a0: Ce point laisse entendre que la place de l\u2019Ukraine est dans l\u2019UE, ce qui est une perspective tout \u00e0 fait souhaitable pour garantir la s\u00e9curit\u00e9 de ce pays, \u00e0 d\u00e9faut de pouvoir adh\u00e9rer \u00e0 l\u2019Organisation du trait\u00e9 de l\u2019Atlantique Nord (OTAN). Le pr\u00e9sident ukrainien se saisit de ce point pour \u00e9voquer dans ses discours publics les dates de 2027 ou 2028. Ces annonces sont plus qu\u2019\u00e9tonnantes pour tous ceux qui savent comment se d\u00e9roule un processus d\u2019adh\u00e9sion \u00e0 l\u2019Union europ\u00e9enne. En effet, on ne peut pas d\u00e9cr\u00e9ter, avant m\u00eame d\u2019avoir commenc\u00e9 des n\u00e9gociations, que l\u2019entr\u00e9e dans l\u2019UE se fera \u00e0 une date pr\u00e9cise. Tout d\u00e9pend de la vitesse de mise en conformit\u00e9 des l\u00e9gislations des pays candidats aux normes europ\u00e9ennes et de l\u2019accord des Etats membres, ce qui prend g\u00e9n\u00e9ralement plusieurs ann\u00e9es. Pour citer l\u2019exemple du Mont\u00e9n\u00e9gro, pays actuellement le plus avanc\u00e9 dans son processus d\u2019adh\u00e9sion, les n\u00e9gociations ont commenc\u00e9 en\u00a02012. Le pays a ouvert aujourd\u2019hui tous les chapitres de n\u00e9gociation au prix d\u2019un consid\u00e9rable travail d\u2019adaptation de sa l\u00e9gislation. Le r\u00e9sultat du travail de n\u00e9gociation devra ensuite \u00eatre inscrit dans un trait\u00e9. Ce trait\u00e9 d\u2019adh\u00e9sion devra enfin \u00eatre accept\u00e9 \u00e0 l\u2019unanimit\u00e9 par les 27 Etats de l\u2019UE, approuv\u00e9 par le Parlement europ\u00e9en et ratifi\u00e9 individuellement par chaque Etat membre, dont certains (comme la France) pourront avoir recours au r\u00e9f\u00e9rendum, avec tous les risques de rejet que cela comporte. On rappellera qu\u2019en\u00a02016, le peuple n\u00e9erlandais n\u2019a pas voulu accepter le trait\u00e9 d\u2019association de l\u2019Ukraine \u00e0 l\u2019Union europ\u00e9enne, qui comportait des mesures beaucoup moins ambitieuses que celui sur la future adh\u00e9sion. Il vous reste 54.43% de cet article \u00e0 lire. La suite est r\u00e9serv\u00e9e aux abonn\u00e9s.","robots":{"index":"noindex","follow":"follow","max-snippet":"max-snippet:-1","max-image-preview":"max-image-preview:large","max-video-preview":"max-video-preview:-1"},"og_locale":"fr_FR","og_type":"article","og_title":"Christian Lequesne, politiste\u00a0: \u00ab\u00a0En \u00e9voquant l\u2019adh\u00e9sion de Kiev \u00e0 l\u2019UE, le plan de paix cr\u00e9e un faux espoir chez les Ukrainiens\u00a0\u00bb - vof-news.eu","og_description":"Il est impossible d\u2019affirmer quel sort sera donn\u00e9 au nouveau projet de paix en 20 points sur l\u2019Ukraine pr\u00e9sent\u00e9 par les Etats-Unis, qui a \u00e9t\u00e9 d\u00e9voil\u00e9 par Volodymyr Zelensky et non par Donald Trump. La Russie, par le biais du porte-parole de Vladimir Poutine, dit l\u2019examiner, tout en faisant savoir, par l\u2019entremise de commentateurs proches du Kremlin, que le projet contient plusieurs demandes inacceptables. Les Europ\u00e9ens ne manqueront pas de remarquer le point\u00a07 du projet\u00a0: Ce point laisse entendre que la place de l\u2019Ukraine est dans l\u2019UE, ce qui est une perspective tout \u00e0 fait souhaitable pour garantir la s\u00e9curit\u00e9 de ce pays, \u00e0 d\u00e9faut de pouvoir adh\u00e9rer \u00e0 l\u2019Organisation du trait\u00e9 de l\u2019Atlantique Nord (OTAN). Le pr\u00e9sident ukrainien se saisit de ce point pour \u00e9voquer dans ses discours publics les dates de 2027 ou 2028. Ces annonces sont plus qu\u2019\u00e9tonnantes pour tous ceux qui savent comment se d\u00e9roule un processus d\u2019adh\u00e9sion \u00e0 l\u2019Union europ\u00e9enne. En effet, on ne peut pas d\u00e9cr\u00e9ter, avant m\u00eame d\u2019avoir commenc\u00e9 des n\u00e9gociations, que l\u2019entr\u00e9e dans l\u2019UE se fera \u00e0 une date pr\u00e9cise. Tout d\u00e9pend de la vitesse de mise en conformit\u00e9 des l\u00e9gislations des pays candidats aux normes europ\u00e9ennes et de l\u2019accord des Etats membres, ce qui prend g\u00e9n\u00e9ralement plusieurs ann\u00e9es. Pour citer l\u2019exemple du Mont\u00e9n\u00e9gro, pays actuellement le plus avanc\u00e9 dans son processus d\u2019adh\u00e9sion, les n\u00e9gociations ont commenc\u00e9 en\u00a02012. Le pays a ouvert aujourd\u2019hui tous les chapitres de n\u00e9gociation au prix d\u2019un consid\u00e9rable travail d\u2019adaptation de sa l\u00e9gislation. Le r\u00e9sultat du travail de n\u00e9gociation devra ensuite \u00eatre inscrit dans un trait\u00e9. Ce trait\u00e9 d\u2019adh\u00e9sion devra enfin \u00eatre accept\u00e9 \u00e0 l\u2019unanimit\u00e9 par les 27 Etats de l\u2019UE, approuv\u00e9 par le Parlement europ\u00e9en et ratifi\u00e9 individuellement par chaque Etat membre, dont certains (comme la France) pourront avoir recours au r\u00e9f\u00e9rendum, avec tous les risques de rejet que cela comporte. On rappellera qu\u2019en\u00a02016, le peuple n\u00e9erlandais n\u2019a pas voulu accepter le trait\u00e9 d\u2019association de l\u2019Ukraine \u00e0 l\u2019Union europ\u00e9enne, qui comportait des mesures beaucoup moins ambitieuses que celui sur la future adh\u00e9sion. Il vous reste 54.43% de cet article \u00e0 lire. La suite est r\u00e9serv\u00e9e aux abonn\u00e9s.","og_url":"https:\/\/vof-news.eu\/fr\/christian-lequesne-politiste-en-evoquant-ladhesion-de-kiev-a-lue-le-plan-de-paix-cree-un-faux-espoir-chez-les-ukrainiens\/","og_site_name":"vof-news.eu","article_published_time":"2025-12-27T18:37:32+00:00","article_modified_time":"2025-12-27T18:38:10+00:00","author":"Author","twitter_card":"summary_large_image","twitter_misc":{"\u00c9crit par":"Author","Dur\u00e9e de lecture estim\u00e9e":"2 minutes"},"schema":{"@context":"https:\/\/schema.org","@graph":[{"@type":"WebPage","@id":"https:\/\/vof-news.eu\/fr\/christian-lequesne-politiste-en-evoquant-ladhesion-de-kiev-a-lue-le-plan-de-paix-cree-un-faux-espoir-chez-les-ukrainiens\/","url":"https:\/\/vof-news.eu\/fr\/christian-lequesne-politiste-en-evoquant-ladhesion-de-kiev-a-lue-le-plan-de-paix-cree-un-faux-espoir-chez-les-ukrainiens\/","name":"Christian Lequesne, politiste\u00a0: \u00ab\u00a0En \u00e9voquant l\u2019adh\u00e9sion de Kiev \u00e0 l\u2019UE, le plan de paix cr\u00e9e un faux espoir chez les Ukrainiens\u00a0\u00bb - vof-news.eu","isPartOf":{"@id":"https:\/\/vof-news.eu\/fr\/#website"},"datePublished":"2025-12-27T18:37:32+00:00","dateModified":"2025-12-27T18:38:10+00:00","author":{"@id":"https:\/\/vof-news.eu\/fr\/#\/schema\/person\/f6a2a4309f0561835797fd8c19b333ed"},"description":"Il est impossible d\u2019affirmer quel sort sera donn\u00e9 au nouveau projet de paix en 20 points sur l\u2019Ukraine pr\u00e9sent\u00e9 par les Etats-Unis, qui a \u00e9t\u00e9 d\u00e9voil\u00e9 par Volodymyr Zelensky et non par Donald Trump. La Russie, par le biais du porte-parole de Vladimir Poutine, dit l\u2019examiner, tout en faisant savoir, par l\u2019entremise de commentateurs proches du Kremlin, que le projet contient plusieurs demandes inacceptables. Les Europ\u00e9ens ne manqueront pas de remarquer le point\u00a07 du projet\u00a0: Ce point laisse entendre que la place de l\u2019Ukraine est dans l\u2019UE, ce qui est une perspective tout \u00e0 fait souhaitable pour garantir la s\u00e9curit\u00e9 de ce pays, \u00e0 d\u00e9faut de pouvoir adh\u00e9rer \u00e0 l\u2019Organisation du trait\u00e9 de l\u2019Atlantique Nord (OTAN). Le pr\u00e9sident ukrainien se saisit de ce point pour \u00e9voquer dans ses discours publics les dates de 2027 ou 2028. Ces annonces sont plus qu\u2019\u00e9tonnantes pour tous ceux qui savent comment se d\u00e9roule un processus d\u2019adh\u00e9sion \u00e0 l\u2019Union europ\u00e9enne. En effet, on ne peut pas d\u00e9cr\u00e9ter, avant m\u00eame d\u2019avoir commenc\u00e9 des n\u00e9gociations, que l\u2019entr\u00e9e dans l\u2019UE se fera \u00e0 une date pr\u00e9cise. Tout d\u00e9pend de la vitesse de mise en conformit\u00e9 des l\u00e9gislations des pays candidats aux normes europ\u00e9ennes et de l\u2019accord des Etats membres, ce qui prend g\u00e9n\u00e9ralement plusieurs ann\u00e9es. Pour citer l\u2019exemple du Mont\u00e9n\u00e9gro, pays actuellement le plus avanc\u00e9 dans son processus d\u2019adh\u00e9sion, les n\u00e9gociations ont commenc\u00e9 en\u00a02012. Le pays a ouvert aujourd\u2019hui tous les chapitres de n\u00e9gociation au prix d\u2019un consid\u00e9rable travail d\u2019adaptation de sa l\u00e9gislation. Le r\u00e9sultat du travail de n\u00e9gociation devra ensuite \u00eatre inscrit dans un trait\u00e9. Ce trait\u00e9 d\u2019adh\u00e9sion devra enfin \u00eatre accept\u00e9 \u00e0 l\u2019unanimit\u00e9 par les 27 Etats de l\u2019UE, approuv\u00e9 par le Parlement europ\u00e9en et ratifi\u00e9 individuellement par chaque Etat membre, dont certains (comme la France) pourront avoir recours au r\u00e9f\u00e9rendum, avec tous les risques de rejet que cela comporte. On rappellera qu\u2019en\u00a02016, le peuple n\u00e9erlandais n\u2019a pas voulu accepter le trait\u00e9 d\u2019association de l\u2019Ukraine \u00e0 l\u2019Union europ\u00e9enne, qui comportait des mesures beaucoup moins ambitieuses que celui sur la future adh\u00e9sion. Il vous reste 54.43% de cet article \u00e0 lire. La suite est r\u00e9serv\u00e9e aux abonn\u00e9s.","breadcrumb":{"@id":"https:\/\/vof-news.eu\/fr\/christian-lequesne-politiste-en-evoquant-ladhesion-de-kiev-a-lue-le-plan-de-paix-cree-un-faux-espoir-chez-les-ukrainiens\/#breadcrumb"},"inLanguage":"fr-FR","potentialAction":[{"@type":"ReadAction","target":["https:\/\/vof-news.eu\/fr\/christian-lequesne-politiste-en-evoquant-ladhesion-de-kiev-a-lue-le-plan-de-paix-cree-un-faux-espoir-chez-les-ukrainiens\/"]}]},{"@type":"BreadcrumbList","@id":"https:\/\/vof-news.eu\/fr\/christian-lequesne-politiste-en-evoquant-ladhesion-de-kiev-a-lue-le-plan-de-paix-cree-un-faux-espoir-chez-les-ukrainiens\/#breadcrumb","itemListElement":[{"@type":"ListItem","position":1,"name":"Home","item":"https:\/\/vof-news.eu\/fr\/"},{"@type":"ListItem","position":2,"name":"Christian Lequesne, politiste\u00a0: \u00ab\u00a0En \u00e9voquant l\u2019adh\u00e9sion de Kiev \u00e0 l\u2019UE, le plan de paix cr\u00e9e un faux espoir chez les Ukrainiens\u00a0\u00bb"}]},{"@type":"WebSite","@id":"https:\/\/vof-news.eu\/fr\/#website","url":"https:\/\/vof-news.eu\/fr\/","name":"vof-news.eu","description":"","potentialAction":[{"@type":"SearchAction","target":{"@type":"EntryPoint","urlTemplate":"https:\/\/vof-news.eu\/fr\/?s={search_term_string}"},"query-input":"required name=search_term_string"}],"inLanguage":"fr-FR"},{"@type":"Person","@id":"https:\/\/vof-news.eu\/fr\/#\/schema\/person\/f6a2a4309f0561835797fd8c19b333ed","name":"Author","image":{"@type":"ImageObject","inLanguage":"fr-FR","@id":"https:\/\/vof-news.eu\/fr\/#\/schema\/person\/image\/","url":"https:\/\/secure.gravatar.com\/avatar\/b67e614b1b25b3e9c0c239efdd2fde5ab015b5affd6f1c3c85911ca4b384e790?s=96&d=mm&r=g","contentUrl":"https:\/\/secure.gravatar.com\/avatar\/b67e614b1b25b3e9c0c239efdd2fde5ab015b5affd6f1c3c85911ca4b384e790?s=96&d=mm&r=g","caption":"Author"},"sameAs":["http:\/\/vof-news.eu"],"url":"https:\/\/vof-news.eu\/fr\/author\/zwt6qxnjulxbnyg\/"}]}},"yoast_meta":{"yoast_wpseo_title":"","yoast_wpseo_metadesc":"","yoast_wpseo_canonical":""},"_links":{"self":[{"href":"https:\/\/vof-news.eu\/fr\/wp-json\/wp\/v2\/posts\/311309","targetHints":{"allow":["GET"]}}],"collection":[{"href":"https:\/\/vof-news.eu\/fr\/wp-json\/wp\/v2\/posts"}],"about":[{"href":"https:\/\/vof-news.eu\/fr\/wp-json\/wp\/v2\/types\/post"}],"author":[{"embeddable":true,"href":"https:\/\/vof-news.eu\/fr\/wp-json\/wp\/v2\/users\/1"}],"replies":[{"embeddable":true,"href":"https:\/\/vof-news.eu\/fr\/wp-json\/wp\/v2\/comments?post=311309"}],"version-history":[{"count":1,"href":"https:\/\/vof-news.eu\/fr\/wp-json\/wp\/v2\/posts\/311309\/revisions"}],"predecessor-version":[{"id":311310,"href":"https:\/\/vof-news.eu\/fr\/wp-json\/wp\/v2\/posts\/311309\/revisions\/311310"}],"wp:attachment":[{"href":"https:\/\/vof-news.eu\/fr\/wp-json\/wp\/v2\/media?parent=311309"}],"wp:term":[{"taxonomy":"category","embeddable":true,"href":"https:\/\/vof-news.eu\/fr\/wp-json\/wp\/v2\/categories?post=311309"},{"taxonomy":"post_tag","embeddable":true,"href":"https:\/\/vof-news.eu\/fr\/wp-json\/wp\/v2\/tags?post=311309"}],"curies":[{"name":"wp","href":"https:\/\/api.w.org\/{rel}","templated":true}]}}