{"id":301240,"date":"2025-11-26T21:30:13","date_gmt":"2025-11-26T18:30:13","guid":{"rendered":"https:\/\/vof-news.eu\/la-puissance-de-lue-est-devenue-une-question-de-survie-pour-repondre-aux-tragedies-geopolitique-et-climatique\/"},"modified":"2025-11-26T21:30:50","modified_gmt":"2025-11-26T18:30:50","slug":"la-puissance-de-lue-est-devenue-une-question-de-survie-pour-repondre-aux-tragedies-geopolitique-et-climatique","status":"publish","type":"post","link":"https:\/\/vof-news.eu\/fr\/la-puissance-de-lue-est-devenue-une-question-de-survie-pour-repondre-aux-tragedies-geopolitique-et-climatique\/","title":{"rendered":"\u00ab\u00a0La puissance de l\u2019UE est devenue une question de survie pour r\u00e9pondre aux trag\u00e9dies g\u00e9opolitique et climatique\u00a0\u00bb"},"content":{"rendered":"<article>\n<p><span>N<\/span>ous vivons un moment de bascule historique. Pour la premi\u00e8re fois depuis la seconde guerre mondiale, l\u2019Europe voit vaciller les fondements m\u00eames qui ont fait sa force\u00a0: sa souverainet\u00e9, sa capacit\u00e9 d\u2019action, sa s\u00e9curit\u00e9, son mod\u00e8le d\u00e9mocratique. Pendant sept d\u00e9cennies, l\u2019Europe a \u00e9t\u00e9 un succ\u00e8s consid\u00e9rable, elle accumule aujourd\u2019hui reculs et impuissances.<\/p>\n<p>Le sort de l\u2019Ukraine, nation souveraine et partenaire, est d\u00e9sormais discut\u00e9 entre deux superpuissances militaires qui redessinent son avenir sans nous. Notre action climatique, pourtant vitale pour la plan\u00e8te, s\u2019enlise sous le poids des \u00e9go\u00efsmes nationaux. Notre souverainet\u00e9 technologique se dissout dans la d\u00e9pendance \u00e0 des plateformes, satellites et infrastructures contr\u00f4l\u00e9s ailleurs. Quant \u00e0 notre culture d\u00e9mocratique \u2013 diverse, cr\u00e9ative, ouverte \u2013, elle est min\u00e9e de l\u2019int\u00e9rieur et de l\u2019ext\u00e9rieur par des logiques de standardisation, de captation, de manipulation et d\u2019ing\u00e9rences.<\/p>\n<p>Con\u00e7ues pour une mondialisation heureuse, nos institutions n\u2019ont jamais eu comme mission prioritaire de faire de l\u2019Europe une puissance g\u00e9opolitique, technologique et culturelle assum\u00e9e qui puisse d\u00e9fendre les int\u00e9r\u00eats europ\u00e9ens face \u00e0 des superpuissances rivales. <a href=\"https:\/\/www.lemonde.fr\/argent\/article\/2022\/02\/10\/comment-en-vingt-ans-l-euro-a-ete-adopte-par-les-europeens_6113051_1657007.html\" rel=\"nofollow\">Lorsque les Europ\u00e9ens ont achev\u00e9 la mise en place de l\u2019euro en\u00a02002<\/a>, le moteur politique qui avait jusque-l\u00e0 permis des r\u00e9ussites extraordinaires a perdu en ambition. La guerre froide \u00e9tait derri\u00e8re nous, et le monde \u2013 l\u2019Europe tout particuli\u00e8rement \u2013 vivait dans la dangereuse illusion que l\u2019histoire s\u2019\u00e9tait arr\u00eat\u00e9e.<\/p>\n<p>Dans un monde qui pla\u00e7ait en son c\u0153ur le multilat\u00e9ralisme, le d\u00e9veloppement du commerce et le respect des r\u00e8gles communes, l\u2019Europe pouvait se contenter de r\u00e9glementer pour le confort des Europ\u00e9ens. Le logiciel europ\u00e9en n\u2019a pas \u00e9t\u00e9 con\u00e7u pour un monde d\u2019abord gouvern\u00e9 par le pur rapport de force et la surpuissance technologique directement li\u00e9e \u00e0 la puissance militaire.<\/p>\n<section>   <\/section>\n<p>La Chine et les Etats-Unis ont \u00e9t\u00e9 les premiers \u00e0 comprendre qu\u2019ils \u00e9taient les mieux plac\u00e9s pour tirer parti de la r\u00e9volution num\u00e9rique au d\u00e9triment du reste du monde, en particulier des Europ\u00e9ens, et ils ont mis en \u0153uvre une strat\u00e9gie volontariste de leadership, mobilisant des moyens sans pr\u00e9c\u00e9dent pour renforcer leur puissance.<\/p>\n<p><strong>Il vous reste 67.8% de cet article \u00e0 lire. La suite est r\u00e9serv\u00e9e aux abonn\u00e9s.<\/strong><\/p>\n<\/article>\n","protected":false},"excerpt":{"rendered":"<p>Nous vivons un moment de bascule historique. Pour la premi\u00e8re fois depuis la seconde guerre mondiale, l\u2019Europe voit vaciller les fondements m\u00eames qui ont fait sa force\u00a0: sa souverainet\u00e9, sa capacit\u00e9 d\u2019action, sa s\u00e9curit\u00e9, son mod\u00e8le d\u00e9mocratique. Pendant sept d\u00e9cennies, l\u2019Europe a \u00e9t\u00e9 un succ\u00e8s consid\u00e9rable, elle accumule aujourd\u2019hui reculs et impuissances. Le sort de<\/p>\n","protected":false},"author":1,"featured_media":0,"comment_status":"open","ping_status":"open","sticky":false,"template":"","format":"standard","meta":{"footnotes":""},"categories":[115],"tags":[],"class_list":["post-301240","post","type-post","status-publish","format-standard","hentry","category-war-chronicles-fr"],"acf":[],"yoast_head":"<!-- This site is optimized with the Yoast SEO plugin v22.9 - https:\/\/yoast.com\/wordpress\/plugins\/seo\/ -->\n<title>\u00ab\u00a0La puissance de l\u2019UE est devenue une question de survie pour r\u00e9pondre aux trag\u00e9dies g\u00e9opolitique et climatique\u00a0\u00bb - vof-news.eu<\/title>\n<meta name=\"description\" content=\"Nous vivons un moment de bascule historique. Pour la premi\u00e8re fois depuis la seconde guerre mondiale, l\u2019Europe voit vaciller les fondements m\u00eames qui ont fait sa force\u00a0: sa souverainet\u00e9, sa capacit\u00e9 d\u2019action, sa s\u00e9curit\u00e9, son mod\u00e8le d\u00e9mocratique. Pendant sept d\u00e9cennies, l\u2019Europe a \u00e9t\u00e9 un succ\u00e8s consid\u00e9rable, elle accumule aujourd\u2019hui reculs et impuissances. Le sort de l\u2019Ukraine, nation souveraine et partenaire, est d\u00e9sormais discut\u00e9 entre deux superpuissances militaires qui redessinent son avenir sans nous. Notre action climatique, pourtant vitale pour la plan\u00e8te, s\u2019enlise sous le poids des \u00e9go\u00efsmes nationaux. Notre souverainet\u00e9 technologique se dissout dans la d\u00e9pendance \u00e0 des plateformes, satellites et infrastructures contr\u00f4l\u00e9s ailleurs. Quant \u00e0 notre culture d\u00e9mocratique \u2013 diverse, cr\u00e9ative, ouverte \u2013, elle est min\u00e9e de l\u2019int\u00e9rieur et de l\u2019ext\u00e9rieur par des logiques de standardisation, de captation, de manipulation et d\u2019ing\u00e9rences. Con\u00e7ues pour une mondialisation heureuse, nos institutions n\u2019ont jamais eu comme mission prioritaire de faire de l\u2019Europe une puissance g\u00e9opolitique, technologique et culturelle assum\u00e9e qui puisse d\u00e9fendre les int\u00e9r\u00eats europ\u00e9ens face \u00e0 des superpuissances rivales. Lorsque les Europ\u00e9ens ont achev\u00e9 la mise en place de l\u2019euro en\u00a02002, le moteur politique qui avait jusque-l\u00e0 permis des r\u00e9ussites extraordinaires a perdu en ambition. La guerre froide \u00e9tait derri\u00e8re nous, et le monde \u2013 l\u2019Europe tout particuli\u00e8rement \u2013 vivait dans la dangereuse illusion que l\u2019histoire s\u2019\u00e9tait arr\u00eat\u00e9e. Dans un monde qui pla\u00e7ait en son c\u0153ur le multilat\u00e9ralisme, le d\u00e9veloppement du commerce et le respect des r\u00e8gles communes, l\u2019Europe pouvait se contenter de r\u00e9glementer pour le confort des Europ\u00e9ens. Le logiciel europ\u00e9en n\u2019a pas \u00e9t\u00e9 con\u00e7u pour un monde d\u2019abord gouvern\u00e9 par le pur rapport de force et la surpuissance technologique directement li\u00e9e \u00e0 la puissance militaire.   La Chine et les Etats-Unis ont \u00e9t\u00e9 les premiers \u00e0 comprendre qu\u2019ils \u00e9taient les mieux plac\u00e9s pour tirer parti de la r\u00e9volution num\u00e9rique au d\u00e9triment du reste du monde, en particulier des Europ\u00e9ens, et ils ont mis en \u0153uvre une strat\u00e9gie volontariste de leadership, mobilisant des moyens sans pr\u00e9c\u00e9dent pour renforcer leur puissance. Il vous reste 67.8% de cet article \u00e0 lire. La suite est r\u00e9serv\u00e9e aux abonn\u00e9s.\" \/>\n<meta name=\"robots\" content=\"noindex, follow, max-snippet:-1, max-image-preview:large, max-video-preview:-1\" \/>\n<meta property=\"og:locale\" content=\"fr_FR\" \/>\n<meta property=\"og:type\" content=\"article\" \/>\n<meta property=\"og:title\" content=\"\u00ab\u00a0La puissance de l\u2019UE est devenue une question de survie pour r\u00e9pondre aux trag\u00e9dies g\u00e9opolitique et climatique\u00a0\u00bb - vof-news.eu\" \/>\n<meta property=\"og:description\" content=\"Nous vivons un moment de bascule historique. Pour la premi\u00e8re fois depuis la seconde guerre mondiale, l\u2019Europe voit vaciller les fondements m\u00eames qui ont fait sa force\u00a0: sa souverainet\u00e9, sa capacit\u00e9 d\u2019action, sa s\u00e9curit\u00e9, son mod\u00e8le d\u00e9mocratique. Pendant sept d\u00e9cennies, l\u2019Europe a \u00e9t\u00e9 un succ\u00e8s consid\u00e9rable, elle accumule aujourd\u2019hui reculs et impuissances. Le sort de l\u2019Ukraine, nation souveraine et partenaire, est d\u00e9sormais discut\u00e9 entre deux superpuissances militaires qui redessinent son avenir sans nous. Notre action climatique, pourtant vitale pour la plan\u00e8te, s\u2019enlise sous le poids des \u00e9go\u00efsmes nationaux. Notre souverainet\u00e9 technologique se dissout dans la d\u00e9pendance \u00e0 des plateformes, satellites et infrastructures contr\u00f4l\u00e9s ailleurs. Quant \u00e0 notre culture d\u00e9mocratique \u2013 diverse, cr\u00e9ative, ouverte \u2013, elle est min\u00e9e de l\u2019int\u00e9rieur et de l\u2019ext\u00e9rieur par des logiques de standardisation, de captation, de manipulation et d\u2019ing\u00e9rences. Con\u00e7ues pour une mondialisation heureuse, nos institutions n\u2019ont jamais eu comme mission prioritaire de faire de l\u2019Europe une puissance g\u00e9opolitique, technologique et culturelle assum\u00e9e qui puisse d\u00e9fendre les int\u00e9r\u00eats europ\u00e9ens face \u00e0 des superpuissances rivales. Lorsque les Europ\u00e9ens ont achev\u00e9 la mise en place de l\u2019euro en\u00a02002, le moteur politique qui avait jusque-l\u00e0 permis des r\u00e9ussites extraordinaires a perdu en ambition. La guerre froide \u00e9tait derri\u00e8re nous, et le monde \u2013 l\u2019Europe tout particuli\u00e8rement \u2013 vivait dans la dangereuse illusion que l\u2019histoire s\u2019\u00e9tait arr\u00eat\u00e9e. Dans un monde qui pla\u00e7ait en son c\u0153ur le multilat\u00e9ralisme, le d\u00e9veloppement du commerce et le respect des r\u00e8gles communes, l\u2019Europe pouvait se contenter de r\u00e9glementer pour le confort des Europ\u00e9ens. Le logiciel europ\u00e9en n\u2019a pas \u00e9t\u00e9 con\u00e7u pour un monde d\u2019abord gouvern\u00e9 par le pur rapport de force et la surpuissance technologique directement li\u00e9e \u00e0 la puissance militaire.   La Chine et les Etats-Unis ont \u00e9t\u00e9 les premiers \u00e0 comprendre qu\u2019ils \u00e9taient les mieux plac\u00e9s pour tirer parti de la r\u00e9volution num\u00e9rique au d\u00e9triment du reste du monde, en particulier des Europ\u00e9ens, et ils ont mis en \u0153uvre une strat\u00e9gie volontariste de leadership, mobilisant des moyens sans pr\u00e9c\u00e9dent pour renforcer leur puissance. Il vous reste 67.8% de cet article \u00e0 lire. La suite est r\u00e9serv\u00e9e aux abonn\u00e9s.\" \/>\n<meta property=\"og:url\" content=\"https:\/\/vof-news.eu\/fr\/la-puissance-de-lue-est-devenue-une-question-de-survie-pour-repondre-aux-tragedies-geopolitique-et-climatique\/\" \/>\n<meta property=\"og:site_name\" content=\"vof-news.eu\" \/>\n<meta property=\"article:published_time\" content=\"2025-11-26T18:30:13+00:00\" \/>\n<meta property=\"article:modified_time\" content=\"2025-11-26T18:30:50+00:00\" \/>\n<meta name=\"author\" content=\"Author\" \/>\n<meta name=\"twitter:card\" content=\"summary_large_image\" \/>\n<meta name=\"twitter:label1\" content=\"\u00c9crit par\" \/>\n\t<meta name=\"twitter:data1\" content=\"Author\" \/>\n\t<meta name=\"twitter:label2\" content=\"Dur\u00e9e de lecture estim\u00e9e\" \/>\n\t<meta name=\"twitter:data2\" content=\"2 minutes\" \/>\n<script type=\"application\/ld+json\" class=\"yoast-schema-graph\">{\"@context\":\"https:\/\/schema.org\",\"@graph\":[{\"@type\":\"WebPage\",\"@id\":\"https:\/\/vof-news.eu\/fr\/la-puissance-de-lue-est-devenue-une-question-de-survie-pour-repondre-aux-tragedies-geopolitique-et-climatique\/\",\"url\":\"https:\/\/vof-news.eu\/fr\/la-puissance-de-lue-est-devenue-une-question-de-survie-pour-repondre-aux-tragedies-geopolitique-et-climatique\/\",\"name\":\"\u00ab\u00a0La puissance de l\u2019UE est devenue une question de survie pour r\u00e9pondre aux trag\u00e9dies g\u00e9opolitique et climatique\u00a0\u00bb - vof-news.eu\",\"isPartOf\":{\"@id\":\"https:\/\/vof-news.eu\/fr\/#website\"},\"datePublished\":\"2025-11-26T18:30:13+00:00\",\"dateModified\":\"2025-11-26T18:30:50+00:00\",\"author\":{\"@id\":\"https:\/\/vof-news.eu\/fr\/#\/schema\/person\/f6a2a4309f0561835797fd8c19b333ed\"},\"description\":\"Nous vivons un moment de bascule historique. Pour la premi\u00e8re fois depuis la seconde guerre mondiale, l\u2019Europe voit vaciller les fondements m\u00eames qui ont fait sa force\u00a0: sa souverainet\u00e9, sa capacit\u00e9 d\u2019action, sa s\u00e9curit\u00e9, son mod\u00e8le d\u00e9mocratique. Pendant sept d\u00e9cennies, l\u2019Europe a \u00e9t\u00e9 un succ\u00e8s consid\u00e9rable, elle accumule aujourd\u2019hui reculs et impuissances. Le sort de l\u2019Ukraine, nation souveraine et partenaire, est d\u00e9sormais discut\u00e9 entre deux superpuissances militaires qui redessinent son avenir sans nous. Notre action climatique, pourtant vitale pour la plan\u00e8te, s\u2019enlise sous le poids des \u00e9go\u00efsmes nationaux. Notre souverainet\u00e9 technologique se dissout dans la d\u00e9pendance \u00e0 des plateformes, satellites et infrastructures contr\u00f4l\u00e9s ailleurs. Quant \u00e0 notre culture d\u00e9mocratique \u2013 diverse, cr\u00e9ative, ouverte \u2013, elle est min\u00e9e de l\u2019int\u00e9rieur et de l\u2019ext\u00e9rieur par des logiques de standardisation, de captation, de manipulation et d\u2019ing\u00e9rences. Con\u00e7ues pour une mondialisation heureuse, nos institutions n\u2019ont jamais eu comme mission prioritaire de faire de l\u2019Europe une puissance g\u00e9opolitique, technologique et culturelle assum\u00e9e qui puisse d\u00e9fendre les int\u00e9r\u00eats europ\u00e9ens face \u00e0 des superpuissances rivales. Lorsque les Europ\u00e9ens ont achev\u00e9 la mise en place de l\u2019euro en\u00a02002, le moteur politique qui avait jusque-l\u00e0 permis des r\u00e9ussites extraordinaires a perdu en ambition. La guerre froide \u00e9tait derri\u00e8re nous, et le monde \u2013 l\u2019Europe tout particuli\u00e8rement \u2013 vivait dans la dangereuse illusion que l\u2019histoire s\u2019\u00e9tait arr\u00eat\u00e9e. Dans un monde qui pla\u00e7ait en son c\u0153ur le multilat\u00e9ralisme, le d\u00e9veloppement du commerce et le respect des r\u00e8gles communes, l\u2019Europe pouvait se contenter de r\u00e9glementer pour le confort des Europ\u00e9ens. Le logiciel europ\u00e9en n\u2019a pas \u00e9t\u00e9 con\u00e7u pour un monde d\u2019abord gouvern\u00e9 par le pur rapport de force et la surpuissance technologique directement li\u00e9e \u00e0 la puissance militaire. La Chine et les Etats-Unis ont \u00e9t\u00e9 les premiers \u00e0 comprendre qu\u2019ils \u00e9taient les mieux plac\u00e9s pour tirer parti de la r\u00e9volution num\u00e9rique au d\u00e9triment du reste du monde, en particulier des Europ\u00e9ens, et ils ont mis en \u0153uvre une strat\u00e9gie volontariste de leadership, mobilisant des moyens sans pr\u00e9c\u00e9dent pour renforcer leur puissance. Il vous reste 67.8% de cet article \u00e0 lire. La suite est r\u00e9serv\u00e9e aux abonn\u00e9s.\",\"breadcrumb\":{\"@id\":\"https:\/\/vof-news.eu\/fr\/la-puissance-de-lue-est-devenue-une-question-de-survie-pour-repondre-aux-tragedies-geopolitique-et-climatique\/#breadcrumb\"},\"inLanguage\":\"fr-FR\",\"potentialAction\":[{\"@type\":\"ReadAction\",\"target\":[\"https:\/\/vof-news.eu\/fr\/la-puissance-de-lue-est-devenue-une-question-de-survie-pour-repondre-aux-tragedies-geopolitique-et-climatique\/\"]}]},{\"@type\":\"BreadcrumbList\",\"@id\":\"https:\/\/vof-news.eu\/fr\/la-puissance-de-lue-est-devenue-une-question-de-survie-pour-repondre-aux-tragedies-geopolitique-et-climatique\/#breadcrumb\",\"itemListElement\":[{\"@type\":\"ListItem\",\"position\":1,\"name\":\"Home\",\"item\":\"https:\/\/vof-news.eu\/fr\/\"},{\"@type\":\"ListItem\",\"position\":2,\"name\":\"\u00ab\u00a0La puissance de l\u2019UE est devenue une question de survie pour r\u00e9pondre aux trag\u00e9dies g\u00e9opolitique et climatique\u00a0\u00bb\"}]},{\"@type\":\"WebSite\",\"@id\":\"https:\/\/vof-news.eu\/fr\/#website\",\"url\":\"https:\/\/vof-news.eu\/fr\/\",\"name\":\"vof-news.eu\",\"description\":\"\",\"potentialAction\":[{\"@type\":\"SearchAction\",\"target\":{\"@type\":\"EntryPoint\",\"urlTemplate\":\"https:\/\/vof-news.eu\/fr\/?s={search_term_string}\"},\"query-input\":\"required name=search_term_string\"}],\"inLanguage\":\"fr-FR\"},{\"@type\":\"Person\",\"@id\":\"https:\/\/vof-news.eu\/fr\/#\/schema\/person\/f6a2a4309f0561835797fd8c19b333ed\",\"name\":\"Author\",\"image\":{\"@type\":\"ImageObject\",\"inLanguage\":\"fr-FR\",\"@id\":\"https:\/\/vof-news.eu\/fr\/#\/schema\/person\/image\/\",\"url\":\"https:\/\/secure.gravatar.com\/avatar\/b67e614b1b25b3e9c0c239efdd2fde5ab015b5affd6f1c3c85911ca4b384e790?s=96&d=mm&r=g\",\"contentUrl\":\"https:\/\/secure.gravatar.com\/avatar\/b67e614b1b25b3e9c0c239efdd2fde5ab015b5affd6f1c3c85911ca4b384e790?s=96&d=mm&r=g\",\"caption\":\"Author\"},\"sameAs\":[\"http:\/\/vof-news.eu\"],\"url\":\"https:\/\/vof-news.eu\/fr\/author\/zwt6qxnjulxbnyg\/\"}]}<\/script>\n<!-- \/ Yoast SEO plugin. -->","yoast_head_json":{"title":"\u00ab\u00a0La puissance de l\u2019UE est devenue une question de survie pour r\u00e9pondre aux trag\u00e9dies g\u00e9opolitique et climatique\u00a0\u00bb - vof-news.eu","description":"Nous vivons un moment de bascule historique. Pour la premi\u00e8re fois depuis la seconde guerre mondiale, l\u2019Europe voit vaciller les fondements m\u00eames qui ont fait sa force\u00a0: sa souverainet\u00e9, sa capacit\u00e9 d\u2019action, sa s\u00e9curit\u00e9, son mod\u00e8le d\u00e9mocratique. Pendant sept d\u00e9cennies, l\u2019Europe a \u00e9t\u00e9 un succ\u00e8s consid\u00e9rable, elle accumule aujourd\u2019hui reculs et impuissances. Le sort de l\u2019Ukraine, nation souveraine et partenaire, est d\u00e9sormais discut\u00e9 entre deux superpuissances militaires qui redessinent son avenir sans nous. Notre action climatique, pourtant vitale pour la plan\u00e8te, s\u2019enlise sous le poids des \u00e9go\u00efsmes nationaux. Notre souverainet\u00e9 technologique se dissout dans la d\u00e9pendance \u00e0 des plateformes, satellites et infrastructures contr\u00f4l\u00e9s ailleurs. Quant \u00e0 notre culture d\u00e9mocratique \u2013 diverse, cr\u00e9ative, ouverte \u2013, elle est min\u00e9e de l\u2019int\u00e9rieur et de l\u2019ext\u00e9rieur par des logiques de standardisation, de captation, de manipulation et d\u2019ing\u00e9rences. Con\u00e7ues pour une mondialisation heureuse, nos institutions n\u2019ont jamais eu comme mission prioritaire de faire de l\u2019Europe une puissance g\u00e9opolitique, technologique et culturelle assum\u00e9e qui puisse d\u00e9fendre les int\u00e9r\u00eats europ\u00e9ens face \u00e0 des superpuissances rivales. Lorsque les Europ\u00e9ens ont achev\u00e9 la mise en place de l\u2019euro en\u00a02002, le moteur politique qui avait jusque-l\u00e0 permis des r\u00e9ussites extraordinaires a perdu en ambition. La guerre froide \u00e9tait derri\u00e8re nous, et le monde \u2013 l\u2019Europe tout particuli\u00e8rement \u2013 vivait dans la dangereuse illusion que l\u2019histoire s\u2019\u00e9tait arr\u00eat\u00e9e. Dans un monde qui pla\u00e7ait en son c\u0153ur le multilat\u00e9ralisme, le d\u00e9veloppement du commerce et le respect des r\u00e8gles communes, l\u2019Europe pouvait se contenter de r\u00e9glementer pour le confort des Europ\u00e9ens. Le logiciel europ\u00e9en n\u2019a pas \u00e9t\u00e9 con\u00e7u pour un monde d\u2019abord gouvern\u00e9 par le pur rapport de force et la surpuissance technologique directement li\u00e9e \u00e0 la puissance militaire.   La Chine et les Etats-Unis ont \u00e9t\u00e9 les premiers \u00e0 comprendre qu\u2019ils \u00e9taient les mieux plac\u00e9s pour tirer parti de la r\u00e9volution num\u00e9rique au d\u00e9triment du reste du monde, en particulier des Europ\u00e9ens, et ils ont mis en \u0153uvre une strat\u00e9gie volontariste de leadership, mobilisant des moyens sans pr\u00e9c\u00e9dent pour renforcer leur puissance. Il vous reste 67.8% de cet article \u00e0 lire. La suite est r\u00e9serv\u00e9e aux abonn\u00e9s.","robots":{"index":"noindex","follow":"follow","max-snippet":"max-snippet:-1","max-image-preview":"max-image-preview:large","max-video-preview":"max-video-preview:-1"},"og_locale":"fr_FR","og_type":"article","og_title":"\u00ab\u00a0La puissance de l\u2019UE est devenue une question de survie pour r\u00e9pondre aux trag\u00e9dies g\u00e9opolitique et climatique\u00a0\u00bb - vof-news.eu","og_description":"Nous vivons un moment de bascule historique. Pour la premi\u00e8re fois depuis la seconde guerre mondiale, l\u2019Europe voit vaciller les fondements m\u00eames qui ont fait sa force\u00a0: sa souverainet\u00e9, sa capacit\u00e9 d\u2019action, sa s\u00e9curit\u00e9, son mod\u00e8le d\u00e9mocratique. Pendant sept d\u00e9cennies, l\u2019Europe a \u00e9t\u00e9 un succ\u00e8s consid\u00e9rable, elle accumule aujourd\u2019hui reculs et impuissances. Le sort de l\u2019Ukraine, nation souveraine et partenaire, est d\u00e9sormais discut\u00e9 entre deux superpuissances militaires qui redessinent son avenir sans nous. Notre action climatique, pourtant vitale pour la plan\u00e8te, s\u2019enlise sous le poids des \u00e9go\u00efsmes nationaux. Notre souverainet\u00e9 technologique se dissout dans la d\u00e9pendance \u00e0 des plateformes, satellites et infrastructures contr\u00f4l\u00e9s ailleurs. Quant \u00e0 notre culture d\u00e9mocratique \u2013 diverse, cr\u00e9ative, ouverte \u2013, elle est min\u00e9e de l\u2019int\u00e9rieur et de l\u2019ext\u00e9rieur par des logiques de standardisation, de captation, de manipulation et d\u2019ing\u00e9rences. Con\u00e7ues pour une mondialisation heureuse, nos institutions n\u2019ont jamais eu comme mission prioritaire de faire de l\u2019Europe une puissance g\u00e9opolitique, technologique et culturelle assum\u00e9e qui puisse d\u00e9fendre les int\u00e9r\u00eats europ\u00e9ens face \u00e0 des superpuissances rivales. Lorsque les Europ\u00e9ens ont achev\u00e9 la mise en place de l\u2019euro en\u00a02002, le moteur politique qui avait jusque-l\u00e0 permis des r\u00e9ussites extraordinaires a perdu en ambition. La guerre froide \u00e9tait derri\u00e8re nous, et le monde \u2013 l\u2019Europe tout particuli\u00e8rement \u2013 vivait dans la dangereuse illusion que l\u2019histoire s\u2019\u00e9tait arr\u00eat\u00e9e. Dans un monde qui pla\u00e7ait en son c\u0153ur le multilat\u00e9ralisme, le d\u00e9veloppement du commerce et le respect des r\u00e8gles communes, l\u2019Europe pouvait se contenter de r\u00e9glementer pour le confort des Europ\u00e9ens. Le logiciel europ\u00e9en n\u2019a pas \u00e9t\u00e9 con\u00e7u pour un monde d\u2019abord gouvern\u00e9 par le pur rapport de force et la surpuissance technologique directement li\u00e9e \u00e0 la puissance militaire.   La Chine et les Etats-Unis ont \u00e9t\u00e9 les premiers \u00e0 comprendre qu\u2019ils \u00e9taient les mieux plac\u00e9s pour tirer parti de la r\u00e9volution num\u00e9rique au d\u00e9triment du reste du monde, en particulier des Europ\u00e9ens, et ils ont mis en \u0153uvre une strat\u00e9gie volontariste de leadership, mobilisant des moyens sans pr\u00e9c\u00e9dent pour renforcer leur puissance. Il vous reste 67.8% de cet article \u00e0 lire. La suite est r\u00e9serv\u00e9e aux abonn\u00e9s.","og_url":"https:\/\/vof-news.eu\/fr\/la-puissance-de-lue-est-devenue-une-question-de-survie-pour-repondre-aux-tragedies-geopolitique-et-climatique\/","og_site_name":"vof-news.eu","article_published_time":"2025-11-26T18:30:13+00:00","article_modified_time":"2025-11-26T18:30:50+00:00","author":"Author","twitter_card":"summary_large_image","twitter_misc":{"\u00c9crit par":"Author","Dur\u00e9e de lecture estim\u00e9e":"2 minutes"},"schema":{"@context":"https:\/\/schema.org","@graph":[{"@type":"WebPage","@id":"https:\/\/vof-news.eu\/fr\/la-puissance-de-lue-est-devenue-une-question-de-survie-pour-repondre-aux-tragedies-geopolitique-et-climatique\/","url":"https:\/\/vof-news.eu\/fr\/la-puissance-de-lue-est-devenue-une-question-de-survie-pour-repondre-aux-tragedies-geopolitique-et-climatique\/","name":"\u00ab\u00a0La puissance de l\u2019UE est devenue une question de survie pour r\u00e9pondre aux trag\u00e9dies g\u00e9opolitique et climatique\u00a0\u00bb - vof-news.eu","isPartOf":{"@id":"https:\/\/vof-news.eu\/fr\/#website"},"datePublished":"2025-11-26T18:30:13+00:00","dateModified":"2025-11-26T18:30:50+00:00","author":{"@id":"https:\/\/vof-news.eu\/fr\/#\/schema\/person\/f6a2a4309f0561835797fd8c19b333ed"},"description":"Nous vivons un moment de bascule historique. Pour la premi\u00e8re fois depuis la seconde guerre mondiale, l\u2019Europe voit vaciller les fondements m\u00eames qui ont fait sa force\u00a0: sa souverainet\u00e9, sa capacit\u00e9 d\u2019action, sa s\u00e9curit\u00e9, son mod\u00e8le d\u00e9mocratique. Pendant sept d\u00e9cennies, l\u2019Europe a \u00e9t\u00e9 un succ\u00e8s consid\u00e9rable, elle accumule aujourd\u2019hui reculs et impuissances. Le sort de l\u2019Ukraine, nation souveraine et partenaire, est d\u00e9sormais discut\u00e9 entre deux superpuissances militaires qui redessinent son avenir sans nous. Notre action climatique, pourtant vitale pour la plan\u00e8te, s\u2019enlise sous le poids des \u00e9go\u00efsmes nationaux. Notre souverainet\u00e9 technologique se dissout dans la d\u00e9pendance \u00e0 des plateformes, satellites et infrastructures contr\u00f4l\u00e9s ailleurs. Quant \u00e0 notre culture d\u00e9mocratique \u2013 diverse, cr\u00e9ative, ouverte \u2013, elle est min\u00e9e de l\u2019int\u00e9rieur et de l\u2019ext\u00e9rieur par des logiques de standardisation, de captation, de manipulation et d\u2019ing\u00e9rences. Con\u00e7ues pour une mondialisation heureuse, nos institutions n\u2019ont jamais eu comme mission prioritaire de faire de l\u2019Europe une puissance g\u00e9opolitique, technologique et culturelle assum\u00e9e qui puisse d\u00e9fendre les int\u00e9r\u00eats europ\u00e9ens face \u00e0 des superpuissances rivales. Lorsque les Europ\u00e9ens ont achev\u00e9 la mise en place de l\u2019euro en\u00a02002, le moteur politique qui avait jusque-l\u00e0 permis des r\u00e9ussites extraordinaires a perdu en ambition. La guerre froide \u00e9tait derri\u00e8re nous, et le monde \u2013 l\u2019Europe tout particuli\u00e8rement \u2013 vivait dans la dangereuse illusion que l\u2019histoire s\u2019\u00e9tait arr\u00eat\u00e9e. Dans un monde qui pla\u00e7ait en son c\u0153ur le multilat\u00e9ralisme, le d\u00e9veloppement du commerce et le respect des r\u00e8gles communes, l\u2019Europe pouvait se contenter de r\u00e9glementer pour le confort des Europ\u00e9ens. Le logiciel europ\u00e9en n\u2019a pas \u00e9t\u00e9 con\u00e7u pour un monde d\u2019abord gouvern\u00e9 par le pur rapport de force et la surpuissance technologique directement li\u00e9e \u00e0 la puissance militaire. La Chine et les Etats-Unis ont \u00e9t\u00e9 les premiers \u00e0 comprendre qu\u2019ils \u00e9taient les mieux plac\u00e9s pour tirer parti de la r\u00e9volution num\u00e9rique au d\u00e9triment du reste du monde, en particulier des Europ\u00e9ens, et ils ont mis en \u0153uvre une strat\u00e9gie volontariste de leadership, mobilisant des moyens sans pr\u00e9c\u00e9dent pour renforcer leur puissance. Il vous reste 67.8% de cet article \u00e0 lire. La suite est r\u00e9serv\u00e9e aux abonn\u00e9s.","breadcrumb":{"@id":"https:\/\/vof-news.eu\/fr\/la-puissance-de-lue-est-devenue-une-question-de-survie-pour-repondre-aux-tragedies-geopolitique-et-climatique\/#breadcrumb"},"inLanguage":"fr-FR","potentialAction":[{"@type":"ReadAction","target":["https:\/\/vof-news.eu\/fr\/la-puissance-de-lue-est-devenue-une-question-de-survie-pour-repondre-aux-tragedies-geopolitique-et-climatique\/"]}]},{"@type":"BreadcrumbList","@id":"https:\/\/vof-news.eu\/fr\/la-puissance-de-lue-est-devenue-une-question-de-survie-pour-repondre-aux-tragedies-geopolitique-et-climatique\/#breadcrumb","itemListElement":[{"@type":"ListItem","position":1,"name":"Home","item":"https:\/\/vof-news.eu\/fr\/"},{"@type":"ListItem","position":2,"name":"\u00ab\u00a0La puissance de l\u2019UE est devenue une question de survie pour r\u00e9pondre aux trag\u00e9dies g\u00e9opolitique et climatique\u00a0\u00bb"}]},{"@type":"WebSite","@id":"https:\/\/vof-news.eu\/fr\/#website","url":"https:\/\/vof-news.eu\/fr\/","name":"vof-news.eu","description":"","potentialAction":[{"@type":"SearchAction","target":{"@type":"EntryPoint","urlTemplate":"https:\/\/vof-news.eu\/fr\/?s={search_term_string}"},"query-input":"required name=search_term_string"}],"inLanguage":"fr-FR"},{"@type":"Person","@id":"https:\/\/vof-news.eu\/fr\/#\/schema\/person\/f6a2a4309f0561835797fd8c19b333ed","name":"Author","image":{"@type":"ImageObject","inLanguage":"fr-FR","@id":"https:\/\/vof-news.eu\/fr\/#\/schema\/person\/image\/","url":"https:\/\/secure.gravatar.com\/avatar\/b67e614b1b25b3e9c0c239efdd2fde5ab015b5affd6f1c3c85911ca4b384e790?s=96&d=mm&r=g","contentUrl":"https:\/\/secure.gravatar.com\/avatar\/b67e614b1b25b3e9c0c239efdd2fde5ab015b5affd6f1c3c85911ca4b384e790?s=96&d=mm&r=g","caption":"Author"},"sameAs":["http:\/\/vof-news.eu"],"url":"https:\/\/vof-news.eu\/fr\/author\/zwt6qxnjulxbnyg\/"}]}},"yoast_meta":{"yoast_wpseo_title":"","yoast_wpseo_metadesc":"","yoast_wpseo_canonical":""},"_links":{"self":[{"href":"https:\/\/vof-news.eu\/fr\/wp-json\/wp\/v2\/posts\/301240","targetHints":{"allow":["GET"]}}],"collection":[{"href":"https:\/\/vof-news.eu\/fr\/wp-json\/wp\/v2\/posts"}],"about":[{"href":"https:\/\/vof-news.eu\/fr\/wp-json\/wp\/v2\/types\/post"}],"author":[{"embeddable":true,"href":"https:\/\/vof-news.eu\/fr\/wp-json\/wp\/v2\/users\/1"}],"replies":[{"embeddable":true,"href":"https:\/\/vof-news.eu\/fr\/wp-json\/wp\/v2\/comments?post=301240"}],"version-history":[{"count":1,"href":"https:\/\/vof-news.eu\/fr\/wp-json\/wp\/v2\/posts\/301240\/revisions"}],"predecessor-version":[{"id":301241,"href":"https:\/\/vof-news.eu\/fr\/wp-json\/wp\/v2\/posts\/301240\/revisions\/301241"}],"wp:attachment":[{"href":"https:\/\/vof-news.eu\/fr\/wp-json\/wp\/v2\/media?parent=301240"}],"wp:term":[{"taxonomy":"category","embeddable":true,"href":"https:\/\/vof-news.eu\/fr\/wp-json\/wp\/v2\/categories?post=301240"},{"taxonomy":"post_tag","embeddable":true,"href":"https:\/\/vof-news.eu\/fr\/wp-json\/wp\/v2\/tags?post=301240"}],"curies":[{"name":"wp","href":"https:\/\/api.w.org\/{rel}","templated":true}]}}