{"id":296429,"date":"2025-11-13T07:30:11","date_gmt":"2025-11-13T04:30:11","guid":{"rendered":"https:\/\/vof-news.eu\/lukraine-etait-notre-rempart-contre-poutine-elle-devient-un-marchepied-pour-lui\/"},"modified":"2025-11-13T07:30:27","modified_gmt":"2025-11-13T04:30:27","slug":"lukraine-etait-notre-rempart-contre-poutine-elle-devient-un-marchepied-pour-lui","status":"publish","type":"post","link":"https:\/\/vof-news.eu\/fr\/lukraine-etait-notre-rempart-contre-poutine-elle-devient-un-marchepied-pour-lui\/","title":{"rendered":"\u00ab\u00a0L\u2019Ukraine \u00e9tait notre rempart contre Poutine, elle devient un marchepied\u00a0pour lui\u00a0\u00bb"},"content":{"rendered":"<article>\n<p><span>L<\/span>es Polonais deviendraient-ils finlandais\u00a0? Comme on le fait \u00e0 Helsinki depuis longtemps, ils se\u00a0sont mis eux aussi \u00e0 pr\u00e9parer un sac, qu\u2019ils garnissent suivant les instructions\u00a0re\u00e7ues du gouvernement\u00a0: eau, transistor, torche, piles, argent liquide au cas o\u00f9 le paiement \u00e9lectronique ne soit plus possible\u2026 C\u2019est nouveau, et c\u2019est un signe. Jusqu\u2019ici cantonn\u00e9e \u00e0 l\u2019Ukraine, attaqu\u00e9e en\u00a02014\u00a0puis envahie en\u00a02022, la guerre russe est sortie de ses gonds.<\/p>\n<p>, assenait d\u2019un ton grave, fin septembre, le premier ministre polonais, Donald Tusk, devant un auditoire d\u2019experts et de hauts\u00a0responsables europ\u00e9ens au Warsaw Security Forum.  \u00a0: \u00e0 nous, l\u2019Europe. Ce n\u2019est plus seulement une affaire de Polonais ou de Baltes traumatis\u00e9s. Ces drones qui s\u00e8ment le trouble autour de points strat\u00e9giques de l\u2019espace a\u00e9rien europ\u00e9en se\u00a0prom\u00e8nent maintenant en Belgique et \u00e0 Francfort, en Allemagne.<\/p>\n<p>La perception de la menace est in\u00e9vitablement plus aigu\u00eb \u00e0 Tallinn ou Varsovie qu\u2019\u00e0 S\u00e9ville ou Palerme, mais dans l\u2019ensemble des capitales et des \u00e9tats-majors europ\u00e9ens, le climat a chang\u00e9. Un affrontement de la Russie avec un pays de l\u2019OTAN est aujourd\u2019hui plus qu\u2019une hypoth\u00e8se. Il est plausible.<\/p>\n<section>   <\/section>\n<p>Subrepticement, l\u2019agression russe avec laquelle nous vivons depuis bient\u00f4t quatre ans a\u00a0chang\u00e9 d\u2019\u00e9chelle. Ce n\u2019est plus seulement l\u2019Ukraine qui est attaqu\u00e9e\u00a0; le conflit se d\u00e9place en Europe. La guerre hybride (attaques cyber, incursions, drones, sabotages, d\u00e9sinformation) s\u2019est intensifi\u00e9e spectaculairement. La vision imp\u00e9riale de Vladimir Poutine ne fait plus de doute.<\/p>\n<p>On entre alors dans une autre dimension\u00a0: l\u2019Ukraine \u00e9tait notre rempart, elle devient un marchepied pour lui. M\u00eame s\u2019ils ne sont pas tous aussi sombres que Donald Tusk, les dirigeants europ\u00e9ens en ont pris conscience. Services de renseignement et hauts responsables militaires multiplient les avertissements, tout en \u00e9vitant d\u2019\u00eatre alarmistes\u00a0: ce n\u2019est pas pour demain, c\u2019est plut\u00f4t \u00e0 l\u2019horizon 2030. Mais en mati\u00e8re de planification 2030, c\u2019est d\u00e9j\u00e0 demain.<\/p>\n<p><strong>Il vous reste 64.1% de cet article \u00e0 lire. La suite est r\u00e9serv\u00e9e aux abonn\u00e9s.<\/strong><\/p>\n<\/article>\n","protected":false},"excerpt":{"rendered":"<p>Les Polonais deviendraient-ils finlandais\u00a0? Comme on le fait \u00e0 Helsinki depuis longtemps, ils se\u00a0sont mis eux aussi \u00e0 pr\u00e9parer un sac, qu\u2019ils garnissent suivant les instructions\u00a0re\u00e7ues du gouvernement\u00a0: eau, transistor, torche, piles, argent liquide au cas o\u00f9 le paiement \u00e9lectronique ne soit plus possible\u2026 C\u2019est nouveau, et c\u2019est un signe. Jusqu\u2019ici cantonn\u00e9e \u00e0 l\u2019Ukraine, attaqu\u00e9e<\/p>\n","protected":false},"author":1,"featured_media":0,"comment_status":"open","ping_status":"open","sticky":false,"template":"","format":"standard","meta":{"footnotes":""},"categories":[115],"tags":[],"class_list":["post-296429","post","type-post","status-publish","format-standard","hentry","category-war-chronicles-fr"],"acf":[],"yoast_head":"<!-- This site is optimized with the Yoast SEO plugin v22.9 - https:\/\/yoast.com\/wordpress\/plugins\/seo\/ -->\n<title>\u00ab\u00a0L\u2019Ukraine \u00e9tait notre rempart contre Poutine, elle devient un marchepied\u00a0pour lui\u00a0\u00bb - vof-news.eu<\/title>\n<meta name=\"description\" content=\"Les Polonais deviendraient-ils finlandais\u00a0? Comme on le fait \u00e0 Helsinki depuis longtemps, ils se\u00a0sont mis eux aussi \u00e0 pr\u00e9parer un sac, qu\u2019ils garnissent suivant les instructions\u00a0re\u00e7ues du gouvernement\u00a0: eau, transistor, torche, piles, argent liquide au cas o\u00f9 le paiement \u00e9lectronique ne soit plus possible\u2026 C\u2019est nouveau, et c\u2019est un signe. Jusqu\u2019ici cantonn\u00e9e \u00e0 l\u2019Ukraine, attaqu\u00e9e en\u00a02014\u00a0puis envahie en\u00a02022, la guerre russe est sortie de ses gonds. , assenait d\u2019un ton grave, fin septembre, le premier ministre polonais, Donald Tusk, devant un auditoire d\u2019experts et de hauts\u00a0responsables europ\u00e9ens au Warsaw Security Forum. \u00a0: \u00e0 nous, l\u2019Europe. Ce n\u2019est plus seulement une affaire de Polonais ou de Baltes traumatis\u00e9s. Ces drones qui s\u00e8ment le trouble autour de points strat\u00e9giques de l\u2019espace a\u00e9rien europ\u00e9en se\u00a0prom\u00e8nent maintenant en Belgique et \u00e0 Francfort, en Allemagne. La perception de la menace est in\u00e9vitablement plus aigu\u00eb \u00e0 Tallinn ou Varsovie qu\u2019\u00e0 S\u00e9ville ou Palerme, mais dans l\u2019ensemble des capitales et des \u00e9tats-majors europ\u00e9ens, le climat a chang\u00e9. Un affrontement de la Russie avec un pays de l\u2019OTAN est aujourd\u2019hui plus qu\u2019une hypoth\u00e8se. Il est plausible.   Subrepticement, l\u2019agression russe avec laquelle nous vivons depuis bient\u00f4t quatre ans a\u00a0chang\u00e9 d\u2019\u00e9chelle. Ce n\u2019est plus seulement l\u2019Ukraine qui est attaqu\u00e9e\u00a0; le conflit se d\u00e9place en Europe. La guerre hybride (attaques cyber, incursions, drones, sabotages, d\u00e9sinformation) s\u2019est intensifi\u00e9e spectaculairement. La vision imp\u00e9riale de Vladimir Poutine ne fait plus de doute. On entre alors dans une autre dimension\u00a0: l\u2019Ukraine \u00e9tait notre rempart, elle devient un marchepied pour lui. M\u00eame s\u2019ils ne sont pas tous aussi sombres que Donald Tusk, les dirigeants europ\u00e9ens en ont pris conscience. Services de renseignement et hauts responsables militaires multiplient les avertissements, tout en \u00e9vitant d\u2019\u00eatre alarmistes\u00a0: ce n\u2019est pas pour demain, c\u2019est plut\u00f4t \u00e0 l\u2019horizon 2030. Mais en mati\u00e8re de planification 2030, c\u2019est d\u00e9j\u00e0 demain. Il vous reste 64.1% de cet article \u00e0 lire. La suite est r\u00e9serv\u00e9e aux abonn\u00e9s.\" \/>\n<meta name=\"robots\" content=\"noindex, follow, max-snippet:-1, max-image-preview:large, max-video-preview:-1\" \/>\n<meta property=\"og:locale\" content=\"fr_FR\" \/>\n<meta property=\"og:type\" content=\"article\" \/>\n<meta property=\"og:title\" content=\"\u00ab\u00a0L\u2019Ukraine \u00e9tait notre rempart contre Poutine, elle devient un marchepied\u00a0pour lui\u00a0\u00bb - vof-news.eu\" \/>\n<meta property=\"og:description\" content=\"Les Polonais deviendraient-ils finlandais\u00a0? Comme on le fait \u00e0 Helsinki depuis longtemps, ils se\u00a0sont mis eux aussi \u00e0 pr\u00e9parer un sac, qu\u2019ils garnissent suivant les instructions\u00a0re\u00e7ues du gouvernement\u00a0: eau, transistor, torche, piles, argent liquide au cas o\u00f9 le paiement \u00e9lectronique ne soit plus possible\u2026 C\u2019est nouveau, et c\u2019est un signe. Jusqu\u2019ici cantonn\u00e9e \u00e0 l\u2019Ukraine, attaqu\u00e9e en\u00a02014\u00a0puis envahie en\u00a02022, la guerre russe est sortie de ses gonds. , assenait d\u2019un ton grave, fin septembre, le premier ministre polonais, Donald Tusk, devant un auditoire d\u2019experts et de hauts\u00a0responsables europ\u00e9ens au Warsaw Security Forum. \u00a0: \u00e0 nous, l\u2019Europe. Ce n\u2019est plus seulement une affaire de Polonais ou de Baltes traumatis\u00e9s. Ces drones qui s\u00e8ment le trouble autour de points strat\u00e9giques de l\u2019espace a\u00e9rien europ\u00e9en se\u00a0prom\u00e8nent maintenant en Belgique et \u00e0 Francfort, en Allemagne. La perception de la menace est in\u00e9vitablement plus aigu\u00eb \u00e0 Tallinn ou Varsovie qu\u2019\u00e0 S\u00e9ville ou Palerme, mais dans l\u2019ensemble des capitales et des \u00e9tats-majors europ\u00e9ens, le climat a chang\u00e9. Un affrontement de la Russie avec un pays de l\u2019OTAN est aujourd\u2019hui plus qu\u2019une hypoth\u00e8se. Il est plausible.   Subrepticement, l\u2019agression russe avec laquelle nous vivons depuis bient\u00f4t quatre ans a\u00a0chang\u00e9 d\u2019\u00e9chelle. Ce n\u2019est plus seulement l\u2019Ukraine qui est attaqu\u00e9e\u00a0; le conflit se d\u00e9place en Europe. La guerre hybride (attaques cyber, incursions, drones, sabotages, d\u00e9sinformation) s\u2019est intensifi\u00e9e spectaculairement. La vision imp\u00e9riale de Vladimir Poutine ne fait plus de doute. On entre alors dans une autre dimension\u00a0: l\u2019Ukraine \u00e9tait notre rempart, elle devient un marchepied pour lui. M\u00eame s\u2019ils ne sont pas tous aussi sombres que Donald Tusk, les dirigeants europ\u00e9ens en ont pris conscience. Services de renseignement et hauts responsables militaires multiplient les avertissements, tout en \u00e9vitant d\u2019\u00eatre alarmistes\u00a0: ce n\u2019est pas pour demain, c\u2019est plut\u00f4t \u00e0 l\u2019horizon 2030. Mais en mati\u00e8re de planification 2030, c\u2019est d\u00e9j\u00e0 demain. Il vous reste 64.1% de cet article \u00e0 lire. La suite est r\u00e9serv\u00e9e aux abonn\u00e9s.\" \/>\n<meta property=\"og:url\" content=\"https:\/\/vof-news.eu\/fr\/lukraine-etait-notre-rempart-contre-poutine-elle-devient-un-marchepied-pour-lui\/\" \/>\n<meta property=\"og:site_name\" content=\"vof-news.eu\" \/>\n<meta property=\"article:published_time\" content=\"2025-11-13T04:30:11+00:00\" \/>\n<meta property=\"article:modified_time\" content=\"2025-11-13T04:30:27+00:00\" \/>\n<meta name=\"author\" content=\"Author\" \/>\n<meta name=\"twitter:card\" content=\"summary_large_image\" \/>\n<meta name=\"twitter:label1\" content=\"\u00c9crit par\" \/>\n\t<meta name=\"twitter:data1\" content=\"Author\" \/>\n\t<meta name=\"twitter:label2\" content=\"Dur\u00e9e de lecture estim\u00e9e\" \/>\n\t<meta name=\"twitter:data2\" content=\"2 minutes\" \/>\n<script type=\"application\/ld+json\" class=\"yoast-schema-graph\">{\"@context\":\"https:\/\/schema.org\",\"@graph\":[{\"@type\":\"WebPage\",\"@id\":\"https:\/\/vof-news.eu\/fr\/lukraine-etait-notre-rempart-contre-poutine-elle-devient-un-marchepied-pour-lui\/\",\"url\":\"https:\/\/vof-news.eu\/fr\/lukraine-etait-notre-rempart-contre-poutine-elle-devient-un-marchepied-pour-lui\/\",\"name\":\"\u00ab\u00a0L\u2019Ukraine \u00e9tait notre rempart contre Poutine, elle devient un marchepied\u00a0pour lui\u00a0\u00bb - vof-news.eu\",\"isPartOf\":{\"@id\":\"https:\/\/vof-news.eu\/fr\/#website\"},\"datePublished\":\"2025-11-13T04:30:11+00:00\",\"dateModified\":\"2025-11-13T04:30:27+00:00\",\"author\":{\"@id\":\"https:\/\/vof-news.eu\/fr\/#\/schema\/person\/f6a2a4309f0561835797fd8c19b333ed\"},\"description\":\"Les Polonais deviendraient-ils finlandais\u00a0? Comme on le fait \u00e0 Helsinki depuis longtemps, ils se\u00a0sont mis eux aussi \u00e0 pr\u00e9parer un sac, qu\u2019ils garnissent suivant les instructions\u00a0re\u00e7ues du gouvernement\u00a0: eau, transistor, torche, piles, argent liquide au cas o\u00f9 le paiement \u00e9lectronique ne soit plus possible\u2026 C\u2019est nouveau, et c\u2019est un signe. Jusqu\u2019ici cantonn\u00e9e \u00e0 l\u2019Ukraine, attaqu\u00e9e en\u00a02014\u00a0puis envahie en\u00a02022, la guerre russe est sortie de ses gonds. , assenait d\u2019un ton grave, fin septembre, le premier ministre polonais, Donald Tusk, devant un auditoire d\u2019experts et de hauts\u00a0responsables europ\u00e9ens au Warsaw Security Forum. \u00a0: \u00e0 nous, l\u2019Europe. Ce n\u2019est plus seulement une affaire de Polonais ou de Baltes traumatis\u00e9s. Ces drones qui s\u00e8ment le trouble autour de points strat\u00e9giques de l\u2019espace a\u00e9rien europ\u00e9en se\u00a0prom\u00e8nent maintenant en Belgique et \u00e0 Francfort, en Allemagne. La perception de la menace est in\u00e9vitablement plus aigu\u00eb \u00e0 Tallinn ou Varsovie qu\u2019\u00e0 S\u00e9ville ou Palerme, mais dans l\u2019ensemble des capitales et des \u00e9tats-majors europ\u00e9ens, le climat a chang\u00e9. Un affrontement de la Russie avec un pays de l\u2019OTAN est aujourd\u2019hui plus qu\u2019une hypoth\u00e8se. Il est plausible. Subrepticement, l\u2019agression russe avec laquelle nous vivons depuis bient\u00f4t quatre ans a\u00a0chang\u00e9 d\u2019\u00e9chelle. Ce n\u2019est plus seulement l\u2019Ukraine qui est attaqu\u00e9e\u00a0; le conflit se d\u00e9place en Europe. La guerre hybride (attaques cyber, incursions, drones, sabotages, d\u00e9sinformation) s\u2019est intensifi\u00e9e spectaculairement. La vision imp\u00e9riale de Vladimir Poutine ne fait plus de doute. On entre alors dans une autre dimension\u00a0: l\u2019Ukraine \u00e9tait notre rempart, elle devient un marchepied pour lui. M\u00eame s\u2019ils ne sont pas tous aussi sombres que Donald Tusk, les dirigeants europ\u00e9ens en ont pris conscience. Services de renseignement et hauts responsables militaires multiplient les avertissements, tout en \u00e9vitant d\u2019\u00eatre alarmistes\u00a0: ce n\u2019est pas pour demain, c\u2019est plut\u00f4t \u00e0 l\u2019horizon 2030. Mais en mati\u00e8re de planification 2030, c\u2019est d\u00e9j\u00e0 demain. Il vous reste 64.1% de cet article \u00e0 lire. La suite est r\u00e9serv\u00e9e aux abonn\u00e9s.\",\"breadcrumb\":{\"@id\":\"https:\/\/vof-news.eu\/fr\/lukraine-etait-notre-rempart-contre-poutine-elle-devient-un-marchepied-pour-lui\/#breadcrumb\"},\"inLanguage\":\"fr-FR\",\"potentialAction\":[{\"@type\":\"ReadAction\",\"target\":[\"https:\/\/vof-news.eu\/fr\/lukraine-etait-notre-rempart-contre-poutine-elle-devient-un-marchepied-pour-lui\/\"]}]},{\"@type\":\"BreadcrumbList\",\"@id\":\"https:\/\/vof-news.eu\/fr\/lukraine-etait-notre-rempart-contre-poutine-elle-devient-un-marchepied-pour-lui\/#breadcrumb\",\"itemListElement\":[{\"@type\":\"ListItem\",\"position\":1,\"name\":\"Home\",\"item\":\"https:\/\/vof-news.eu\/fr\/\"},{\"@type\":\"ListItem\",\"position\":2,\"name\":\"\u00ab\u00a0L\u2019Ukraine \u00e9tait notre rempart contre Poutine, elle devient un marchepied\u00a0pour lui\u00a0\u00bb\"}]},{\"@type\":\"WebSite\",\"@id\":\"https:\/\/vof-news.eu\/fr\/#website\",\"url\":\"https:\/\/vof-news.eu\/fr\/\",\"name\":\"vof-news.eu\",\"description\":\"\",\"potentialAction\":[{\"@type\":\"SearchAction\",\"target\":{\"@type\":\"EntryPoint\",\"urlTemplate\":\"https:\/\/vof-news.eu\/fr\/?s={search_term_string}\"},\"query-input\":\"required name=search_term_string\"}],\"inLanguage\":\"fr-FR\"},{\"@type\":\"Person\",\"@id\":\"https:\/\/vof-news.eu\/fr\/#\/schema\/person\/f6a2a4309f0561835797fd8c19b333ed\",\"name\":\"Author\",\"image\":{\"@type\":\"ImageObject\",\"inLanguage\":\"fr-FR\",\"@id\":\"https:\/\/vof-news.eu\/fr\/#\/schema\/person\/image\/\",\"url\":\"https:\/\/secure.gravatar.com\/avatar\/b67e614b1b25b3e9c0c239efdd2fde5ab015b5affd6f1c3c85911ca4b384e790?s=96&d=mm&r=g\",\"contentUrl\":\"https:\/\/secure.gravatar.com\/avatar\/b67e614b1b25b3e9c0c239efdd2fde5ab015b5affd6f1c3c85911ca4b384e790?s=96&d=mm&r=g\",\"caption\":\"Author\"},\"sameAs\":[\"http:\/\/vof-news.eu\"],\"url\":\"https:\/\/vof-news.eu\/fr\/author\/zwt6qxnjulxbnyg\/\"}]}<\/script>\n<!-- \/ Yoast SEO plugin. -->","yoast_head_json":{"title":"\u00ab\u00a0L\u2019Ukraine \u00e9tait notre rempart contre Poutine, elle devient un marchepied\u00a0pour lui\u00a0\u00bb - vof-news.eu","description":"Les Polonais deviendraient-ils finlandais\u00a0? Comme on le fait \u00e0 Helsinki depuis longtemps, ils se\u00a0sont mis eux aussi \u00e0 pr\u00e9parer un sac, qu\u2019ils garnissent suivant les instructions\u00a0re\u00e7ues du gouvernement\u00a0: eau, transistor, torche, piles, argent liquide au cas o\u00f9 le paiement \u00e9lectronique ne soit plus possible\u2026 C\u2019est nouveau, et c\u2019est un signe. Jusqu\u2019ici cantonn\u00e9e \u00e0 l\u2019Ukraine, attaqu\u00e9e en\u00a02014\u00a0puis envahie en\u00a02022, la guerre russe est sortie de ses gonds. , assenait d\u2019un ton grave, fin septembre, le premier ministre polonais, Donald Tusk, devant un auditoire d\u2019experts et de hauts\u00a0responsables europ\u00e9ens au Warsaw Security Forum. \u00a0: \u00e0 nous, l\u2019Europe. Ce n\u2019est plus seulement une affaire de Polonais ou de Baltes traumatis\u00e9s. Ces drones qui s\u00e8ment le trouble autour de points strat\u00e9giques de l\u2019espace a\u00e9rien europ\u00e9en se\u00a0prom\u00e8nent maintenant en Belgique et \u00e0 Francfort, en Allemagne. La perception de la menace est in\u00e9vitablement plus aigu\u00eb \u00e0 Tallinn ou Varsovie qu\u2019\u00e0 S\u00e9ville ou Palerme, mais dans l\u2019ensemble des capitales et des \u00e9tats-majors europ\u00e9ens, le climat a chang\u00e9. Un affrontement de la Russie avec un pays de l\u2019OTAN est aujourd\u2019hui plus qu\u2019une hypoth\u00e8se. Il est plausible.   Subrepticement, l\u2019agression russe avec laquelle nous vivons depuis bient\u00f4t quatre ans a\u00a0chang\u00e9 d\u2019\u00e9chelle. Ce n\u2019est plus seulement l\u2019Ukraine qui est attaqu\u00e9e\u00a0; le conflit se d\u00e9place en Europe. La guerre hybride (attaques cyber, incursions, drones, sabotages, d\u00e9sinformation) s\u2019est intensifi\u00e9e spectaculairement. La vision imp\u00e9riale de Vladimir Poutine ne fait plus de doute. On entre alors dans une autre dimension\u00a0: l\u2019Ukraine \u00e9tait notre rempart, elle devient un marchepied pour lui. M\u00eame s\u2019ils ne sont pas tous aussi sombres que Donald Tusk, les dirigeants europ\u00e9ens en ont pris conscience. Services de renseignement et hauts responsables militaires multiplient les avertissements, tout en \u00e9vitant d\u2019\u00eatre alarmistes\u00a0: ce n\u2019est pas pour demain, c\u2019est plut\u00f4t \u00e0 l\u2019horizon 2030. Mais en mati\u00e8re de planification 2030, c\u2019est d\u00e9j\u00e0 demain. Il vous reste 64.1% de cet article \u00e0 lire. La suite est r\u00e9serv\u00e9e aux abonn\u00e9s.","robots":{"index":"noindex","follow":"follow","max-snippet":"max-snippet:-1","max-image-preview":"max-image-preview:large","max-video-preview":"max-video-preview:-1"},"og_locale":"fr_FR","og_type":"article","og_title":"\u00ab\u00a0L\u2019Ukraine \u00e9tait notre rempart contre Poutine, elle devient un marchepied\u00a0pour lui\u00a0\u00bb - vof-news.eu","og_description":"Les Polonais deviendraient-ils finlandais\u00a0? Comme on le fait \u00e0 Helsinki depuis longtemps, ils se\u00a0sont mis eux aussi \u00e0 pr\u00e9parer un sac, qu\u2019ils garnissent suivant les instructions\u00a0re\u00e7ues du gouvernement\u00a0: eau, transistor, torche, piles, argent liquide au cas o\u00f9 le paiement \u00e9lectronique ne soit plus possible\u2026 C\u2019est nouveau, et c\u2019est un signe. Jusqu\u2019ici cantonn\u00e9e \u00e0 l\u2019Ukraine, attaqu\u00e9e en\u00a02014\u00a0puis envahie en\u00a02022, la guerre russe est sortie de ses gonds. , assenait d\u2019un ton grave, fin septembre, le premier ministre polonais, Donald Tusk, devant un auditoire d\u2019experts et de hauts\u00a0responsables europ\u00e9ens au Warsaw Security Forum. \u00a0: \u00e0 nous, l\u2019Europe. Ce n\u2019est plus seulement une affaire de Polonais ou de Baltes traumatis\u00e9s. Ces drones qui s\u00e8ment le trouble autour de points strat\u00e9giques de l\u2019espace a\u00e9rien europ\u00e9en se\u00a0prom\u00e8nent maintenant en Belgique et \u00e0 Francfort, en Allemagne. La perception de la menace est in\u00e9vitablement plus aigu\u00eb \u00e0 Tallinn ou Varsovie qu\u2019\u00e0 S\u00e9ville ou Palerme, mais dans l\u2019ensemble des capitales et des \u00e9tats-majors europ\u00e9ens, le climat a chang\u00e9. Un affrontement de la Russie avec un pays de l\u2019OTAN est aujourd\u2019hui plus qu\u2019une hypoth\u00e8se. Il est plausible.   Subrepticement, l\u2019agression russe avec laquelle nous vivons depuis bient\u00f4t quatre ans a\u00a0chang\u00e9 d\u2019\u00e9chelle. Ce n\u2019est plus seulement l\u2019Ukraine qui est attaqu\u00e9e\u00a0; le conflit se d\u00e9place en Europe. La guerre hybride (attaques cyber, incursions, drones, sabotages, d\u00e9sinformation) s\u2019est intensifi\u00e9e spectaculairement. La vision imp\u00e9riale de Vladimir Poutine ne fait plus de doute. On entre alors dans une autre dimension\u00a0: l\u2019Ukraine \u00e9tait notre rempart, elle devient un marchepied pour lui. M\u00eame s\u2019ils ne sont pas tous aussi sombres que Donald Tusk, les dirigeants europ\u00e9ens en ont pris conscience. Services de renseignement et hauts responsables militaires multiplient les avertissements, tout en \u00e9vitant d\u2019\u00eatre alarmistes\u00a0: ce n\u2019est pas pour demain, c\u2019est plut\u00f4t \u00e0 l\u2019horizon 2030. Mais en mati\u00e8re de planification 2030, c\u2019est d\u00e9j\u00e0 demain. Il vous reste 64.1% de cet article \u00e0 lire. La suite est r\u00e9serv\u00e9e aux abonn\u00e9s.","og_url":"https:\/\/vof-news.eu\/fr\/lukraine-etait-notre-rempart-contre-poutine-elle-devient-un-marchepied-pour-lui\/","og_site_name":"vof-news.eu","article_published_time":"2025-11-13T04:30:11+00:00","article_modified_time":"2025-11-13T04:30:27+00:00","author":"Author","twitter_card":"summary_large_image","twitter_misc":{"\u00c9crit par":"Author","Dur\u00e9e de lecture estim\u00e9e":"2 minutes"},"schema":{"@context":"https:\/\/schema.org","@graph":[{"@type":"WebPage","@id":"https:\/\/vof-news.eu\/fr\/lukraine-etait-notre-rempart-contre-poutine-elle-devient-un-marchepied-pour-lui\/","url":"https:\/\/vof-news.eu\/fr\/lukraine-etait-notre-rempart-contre-poutine-elle-devient-un-marchepied-pour-lui\/","name":"\u00ab\u00a0L\u2019Ukraine \u00e9tait notre rempart contre Poutine, elle devient un marchepied\u00a0pour lui\u00a0\u00bb - vof-news.eu","isPartOf":{"@id":"https:\/\/vof-news.eu\/fr\/#website"},"datePublished":"2025-11-13T04:30:11+00:00","dateModified":"2025-11-13T04:30:27+00:00","author":{"@id":"https:\/\/vof-news.eu\/fr\/#\/schema\/person\/f6a2a4309f0561835797fd8c19b333ed"},"description":"Les Polonais deviendraient-ils finlandais\u00a0? Comme on le fait \u00e0 Helsinki depuis longtemps, ils se\u00a0sont mis eux aussi \u00e0 pr\u00e9parer un sac, qu\u2019ils garnissent suivant les instructions\u00a0re\u00e7ues du gouvernement\u00a0: eau, transistor, torche, piles, argent liquide au cas o\u00f9 le paiement \u00e9lectronique ne soit plus possible\u2026 C\u2019est nouveau, et c\u2019est un signe. Jusqu\u2019ici cantonn\u00e9e \u00e0 l\u2019Ukraine, attaqu\u00e9e en\u00a02014\u00a0puis envahie en\u00a02022, la guerre russe est sortie de ses gonds. , assenait d\u2019un ton grave, fin septembre, le premier ministre polonais, Donald Tusk, devant un auditoire d\u2019experts et de hauts\u00a0responsables europ\u00e9ens au Warsaw Security Forum. \u00a0: \u00e0 nous, l\u2019Europe. Ce n\u2019est plus seulement une affaire de Polonais ou de Baltes traumatis\u00e9s. Ces drones qui s\u00e8ment le trouble autour de points strat\u00e9giques de l\u2019espace a\u00e9rien europ\u00e9en se\u00a0prom\u00e8nent maintenant en Belgique et \u00e0 Francfort, en Allemagne. La perception de la menace est in\u00e9vitablement plus aigu\u00eb \u00e0 Tallinn ou Varsovie qu\u2019\u00e0 S\u00e9ville ou Palerme, mais dans l\u2019ensemble des capitales et des \u00e9tats-majors europ\u00e9ens, le climat a chang\u00e9. Un affrontement de la Russie avec un pays de l\u2019OTAN est aujourd\u2019hui plus qu\u2019une hypoth\u00e8se. Il est plausible. Subrepticement, l\u2019agression russe avec laquelle nous vivons depuis bient\u00f4t quatre ans a\u00a0chang\u00e9 d\u2019\u00e9chelle. Ce n\u2019est plus seulement l\u2019Ukraine qui est attaqu\u00e9e\u00a0; le conflit se d\u00e9place en Europe. La guerre hybride (attaques cyber, incursions, drones, sabotages, d\u00e9sinformation) s\u2019est intensifi\u00e9e spectaculairement. La vision imp\u00e9riale de Vladimir Poutine ne fait plus de doute. On entre alors dans une autre dimension\u00a0: l\u2019Ukraine \u00e9tait notre rempart, elle devient un marchepied pour lui. M\u00eame s\u2019ils ne sont pas tous aussi sombres que Donald Tusk, les dirigeants europ\u00e9ens en ont pris conscience. Services de renseignement et hauts responsables militaires multiplient les avertissements, tout en \u00e9vitant d\u2019\u00eatre alarmistes\u00a0: ce n\u2019est pas pour demain, c\u2019est plut\u00f4t \u00e0 l\u2019horizon 2030. Mais en mati\u00e8re de planification 2030, c\u2019est d\u00e9j\u00e0 demain. Il vous reste 64.1% de cet article \u00e0 lire. La suite est r\u00e9serv\u00e9e aux abonn\u00e9s.","breadcrumb":{"@id":"https:\/\/vof-news.eu\/fr\/lukraine-etait-notre-rempart-contre-poutine-elle-devient-un-marchepied-pour-lui\/#breadcrumb"},"inLanguage":"fr-FR","potentialAction":[{"@type":"ReadAction","target":["https:\/\/vof-news.eu\/fr\/lukraine-etait-notre-rempart-contre-poutine-elle-devient-un-marchepied-pour-lui\/"]}]},{"@type":"BreadcrumbList","@id":"https:\/\/vof-news.eu\/fr\/lukraine-etait-notre-rempart-contre-poutine-elle-devient-un-marchepied-pour-lui\/#breadcrumb","itemListElement":[{"@type":"ListItem","position":1,"name":"Home","item":"https:\/\/vof-news.eu\/fr\/"},{"@type":"ListItem","position":2,"name":"\u00ab\u00a0L\u2019Ukraine \u00e9tait notre rempart contre Poutine, elle devient un marchepied\u00a0pour lui\u00a0\u00bb"}]},{"@type":"WebSite","@id":"https:\/\/vof-news.eu\/fr\/#website","url":"https:\/\/vof-news.eu\/fr\/","name":"vof-news.eu","description":"","potentialAction":[{"@type":"SearchAction","target":{"@type":"EntryPoint","urlTemplate":"https:\/\/vof-news.eu\/fr\/?s={search_term_string}"},"query-input":"required name=search_term_string"}],"inLanguage":"fr-FR"},{"@type":"Person","@id":"https:\/\/vof-news.eu\/fr\/#\/schema\/person\/f6a2a4309f0561835797fd8c19b333ed","name":"Author","image":{"@type":"ImageObject","inLanguage":"fr-FR","@id":"https:\/\/vof-news.eu\/fr\/#\/schema\/person\/image\/","url":"https:\/\/secure.gravatar.com\/avatar\/b67e614b1b25b3e9c0c239efdd2fde5ab015b5affd6f1c3c85911ca4b384e790?s=96&d=mm&r=g","contentUrl":"https:\/\/secure.gravatar.com\/avatar\/b67e614b1b25b3e9c0c239efdd2fde5ab015b5affd6f1c3c85911ca4b384e790?s=96&d=mm&r=g","caption":"Author"},"sameAs":["http:\/\/vof-news.eu"],"url":"https:\/\/vof-news.eu\/fr\/author\/zwt6qxnjulxbnyg\/"}]}},"yoast_meta":{"yoast_wpseo_title":"","yoast_wpseo_metadesc":"","yoast_wpseo_canonical":""},"_links":{"self":[{"href":"https:\/\/vof-news.eu\/fr\/wp-json\/wp\/v2\/posts\/296429","targetHints":{"allow":["GET"]}}],"collection":[{"href":"https:\/\/vof-news.eu\/fr\/wp-json\/wp\/v2\/posts"}],"about":[{"href":"https:\/\/vof-news.eu\/fr\/wp-json\/wp\/v2\/types\/post"}],"author":[{"embeddable":true,"href":"https:\/\/vof-news.eu\/fr\/wp-json\/wp\/v2\/users\/1"}],"replies":[{"embeddable":true,"href":"https:\/\/vof-news.eu\/fr\/wp-json\/wp\/v2\/comments?post=296429"}],"version-history":[{"count":1,"href":"https:\/\/vof-news.eu\/fr\/wp-json\/wp\/v2\/posts\/296429\/revisions"}],"predecessor-version":[{"id":296430,"href":"https:\/\/vof-news.eu\/fr\/wp-json\/wp\/v2\/posts\/296429\/revisions\/296430"}],"wp:attachment":[{"href":"https:\/\/vof-news.eu\/fr\/wp-json\/wp\/v2\/media?parent=296429"}],"wp:term":[{"taxonomy":"category","embeddable":true,"href":"https:\/\/vof-news.eu\/fr\/wp-json\/wp\/v2\/categories?post=296429"},{"taxonomy":"post_tag","embeddable":true,"href":"https:\/\/vof-news.eu\/fr\/wp-json\/wp\/v2\/tags?post=296429"}],"curies":[{"name":"wp","href":"https:\/\/api.w.org\/{rel}","templated":true}]}}