{"id":289141,"date":"2025-10-22T09:31:43","date_gmt":"2025-10-22T06:31:43","guid":{"rendered":"https:\/\/vof-news.eu\/en-ukraine-la-premiere-exposition-consacree-aux-arts-du-continent-africain-met-en-relation-des-experiences-de-domination-communes\/"},"modified":"2025-10-22T09:32:12","modified_gmt":"2025-10-22T06:32:12","slug":"en-ukraine-la-premiere-exposition-consacree-aux-arts-du-continent-africain-met-en-relation-des-experiences-de-domination-communes","status":"publish","type":"post","link":"https:\/\/vof-news.eu\/fr\/en-ukraine-la-premiere-exposition-consacree-aux-arts-du-continent-africain-met-en-relation-des-experiences-de-domination-communes\/","title":{"rendered":"\u00ab\u00a0En Ukraine, la premi\u00e8re exposition consacr\u00e9e aux arts du continent africain met en relation des exp\u00e9riences de domination communes\u00a0\u00bb"},"content":{"rendered":"<article>\n<p><span>D<\/span>\u00e8s le d\u00e9but de l\u2019agression russe , les riches collections d\u2019arts byzantin, islamique, asiatique et europ\u00e9en du Mus\u00e9e national des arts Bohdan-et-Varvara-Khanenko, \u00e0 Kiev, haut lieu du collectionnisme priv\u00e9 europ\u00e9en autour de 1900, avaient \u00e9t\u00e9 mises en s\u00e9curit\u00e9 \u2212 <a href=\"https:\/\/www.lemonde.fr\/culture\/article\/2023\/06\/07\/le-louvre-expose-des-icones-rarissimes-exfiltrees-d-ukraine_6176510_3246.html\" rel=\"nofollow\">envoy\u00e9es pour certaines au Louvre<\/a>, \u00e0 Vilnius, \u00e0 Varsovie et \u00e0 La\u00a0Haye. Frapp\u00e9 le 10\u00a0octobre\u00a02022 par l\u2019onde de choc d\u2019un missile (fen\u00eatres et vitrines souffl\u00e9es, verri\u00e8re effondr\u00e9e), le mus\u00e9e est rest\u00e9 une institution vide mais active\u00a0: performances, po\u00e9sie, conf\u00e9rences pour adultes et enfants, ateliers de soutien psychique men\u00e9s avec l\u2019h\u00f4pital voisin. Certains \u00e9clats de la verri\u00e8re ont \u00e9t\u00e9 sertis en broches par un orf\u00e8vre de Kiev, une \u00e9conomie symbolique de l\u2019endurance.<\/p>\n<p>Trois ans jour pour jour apr\u00e8s l\u2019attaque, le Khanenko a inaugur\u00e9, le 9\u00a0octobre, , une exposition qui occupe tout le mus\u00e9e et rassemble une quarantaine d\u2019\u0153uvres provenant de 18\u00a0pays africains, r\u00e9unies sur deux d\u00e9cennies par Tetiana Deshko et Andriy Klepikov, engag\u00e9s de longue date dans la sant\u00e9 publique en Afrique. Le parcours associe objets historiques et \u0153uvres contemporaines (Adelaide Damoah, Christian Nyampeta, Seyni Awa Camara, Esther Mahlangu) et se pr\u00e9sente explicitement comme un exercice de reconfiguration intellectuelle\u00a0: apprendre \u00e0 regarder le continent africain sans m\u00e9diations h\u00e9rit\u00e9es (sovi\u00e9tiques ou occidentales), \u00e0 interroger les r\u00e9cits dominants et imp\u00e9riaux, \u00e0 repenser les conditions de la production du savoir au sein des mus\u00e9es.<\/p>\n<p>Cette inflexion n\u2019est pas surgie de nulle part. Je me souviens pr\u00e9cis\u00e9ment de <a href=\"https:\/\/www.lemonde.fr\/afrique\/article\/2022\/02\/21\/regardez-la-puissance-de-ces-objets-le-benin-expose-les-vingt-six-uvres-restituees-par-la-france_6114618_3212.html\" rel=\"nofollow\">f\u00e9vrier\u00a02022, \u00e0 Cotonou, pour l\u2019ouverture de l\u2019exposition des \u0153uvres restitu\u00e9es par la France au B\u00e9nin<\/a>. Au milieu des festivit\u00e9s, tout le monde suivait la diplomatie de la derni\u00e8re chance autour de l\u2019Ukraine. Parmi les artistes, Dimitri Fagbohoun, n\u00e9 d\u2019un p\u00e8re b\u00e9ninois et d\u2019une m\u00e8re ukrainienne, m\u2019expliquait un entrelacs d\u2019histoires que j\u2019ignorais\u00a0: pr\u00e9sences ukrainiennes en Afrique de l\u2019Ouest avant les ann\u00e9es 1990\u00a0; 1991 comme ann\u00e9e charni\u00e8re commune au B\u00e9nin (sortie du socialisme) et \u00e0 l\u2019Europe orientale (apr\u00e8s l\u2019effondrement de l\u2019URSS). Deux trajectoires d\u2019\u00e9mancipation post-imp\u00e9riale qui se refl\u00e8tent et, surtout, se vivent dans des biographies concr\u00e8tes.<\/p>\n<p><strong>Il vous reste 69.11% de cet article \u00e0 lire. La suite est r\u00e9serv\u00e9e aux abonn\u00e9s.<\/strong><\/p>\n<\/article>\n","protected":false},"excerpt":{"rendered":"<p>D\u00e8s le d\u00e9but de l\u2019agression russe , les riches collections d\u2019arts byzantin, islamique, asiatique et europ\u00e9en du Mus\u00e9e national des arts Bohdan-et-Varvara-Khanenko, \u00e0 Kiev, haut lieu du collectionnisme priv\u00e9 europ\u00e9en autour de 1900, avaient \u00e9t\u00e9 mises en s\u00e9curit\u00e9 \u2212 envoy\u00e9es pour certaines au Louvre, \u00e0 Vilnius, \u00e0 Varsovie et \u00e0 La\u00a0Haye. Frapp\u00e9 le 10\u00a0octobre\u00a02022 par<\/p>\n","protected":false},"author":1,"featured_media":0,"comment_status":"open","ping_status":"open","sticky":false,"template":"","format":"standard","meta":{"footnotes":""},"categories":[115],"tags":[],"class_list":["post-289141","post","type-post","status-publish","format-standard","hentry","category-war-chronicles-fr"],"acf":[],"yoast_head":"<!-- This site is optimized with the Yoast SEO plugin v22.9 - https:\/\/yoast.com\/wordpress\/plugins\/seo\/ -->\n<title>\u00ab\u00a0En Ukraine, la premi\u00e8re exposition consacr\u00e9e aux arts du continent africain met en relation des exp\u00e9riences de domination communes\u00a0\u00bb - vof-news.eu<\/title>\n<meta name=\"description\" content=\"D\u00e8s le d\u00e9but de l\u2019agression russe , les riches collections d\u2019arts byzantin, islamique, asiatique et europ\u00e9en du Mus\u00e9e national des arts Bohdan-et-Varvara-Khanenko, \u00e0 Kiev, haut lieu du collectionnisme priv\u00e9 europ\u00e9en autour de 1900, avaient \u00e9t\u00e9 mises en s\u00e9curit\u00e9 \u2212 envoy\u00e9es pour certaines au Louvre, \u00e0 Vilnius, \u00e0 Varsovie et \u00e0 La\u00a0Haye. Frapp\u00e9 le 10\u00a0octobre\u00a02022 par l\u2019onde de choc d\u2019un missile (fen\u00eatres et vitrines souffl\u00e9es, verri\u00e8re effondr\u00e9e), le mus\u00e9e est rest\u00e9 une institution vide mais active\u00a0: performances, po\u00e9sie, conf\u00e9rences pour adultes et enfants, ateliers de soutien psychique men\u00e9s avec l\u2019h\u00f4pital voisin. Certains \u00e9clats de la verri\u00e8re ont \u00e9t\u00e9 sertis en broches par un orf\u00e8vre de Kiev, une \u00e9conomie symbolique de l\u2019endurance. Trois ans jour pour jour apr\u00e8s l\u2019attaque, le Khanenko a inaugur\u00e9, le 9\u00a0octobre, , une exposition qui occupe tout le mus\u00e9e et rassemble une quarantaine d\u2019\u0153uvres provenant de 18\u00a0pays africains, r\u00e9unies sur deux d\u00e9cennies par Tetiana Deshko et Andriy Klepikov, engag\u00e9s de longue date dans la sant\u00e9 publique en Afrique. Le parcours associe objets historiques et \u0153uvres contemporaines (Adelaide Damoah, Christian Nyampeta, Seyni Awa Camara, Esther Mahlangu) et se pr\u00e9sente explicitement comme un exercice de reconfiguration intellectuelle\u00a0: apprendre \u00e0 regarder le continent africain sans m\u00e9diations h\u00e9rit\u00e9es (sovi\u00e9tiques ou occidentales), \u00e0 interroger les r\u00e9cits dominants et imp\u00e9riaux, \u00e0 repenser les conditions de la production du savoir au sein des mus\u00e9es. Cette inflexion n\u2019est pas surgie de nulle part. Je me souviens pr\u00e9cis\u00e9ment de f\u00e9vrier\u00a02022, \u00e0 Cotonou, pour l\u2019ouverture de l\u2019exposition des \u0153uvres restitu\u00e9es par la France au B\u00e9nin. Au milieu des festivit\u00e9s, tout le monde suivait la diplomatie de la derni\u00e8re chance autour de l\u2019Ukraine. Parmi les artistes, Dimitri Fagbohoun, n\u00e9 d\u2019un p\u00e8re b\u00e9ninois et d\u2019une m\u00e8re ukrainienne, m\u2019expliquait un entrelacs d\u2019histoires que j\u2019ignorais\u00a0: pr\u00e9sences ukrainiennes en Afrique de l\u2019Ouest avant les ann\u00e9es 1990\u00a0; 1991 comme ann\u00e9e charni\u00e8re commune au B\u00e9nin (sortie du socialisme) et \u00e0 l\u2019Europe orientale (apr\u00e8s l\u2019effondrement de l\u2019URSS). Deux trajectoires d\u2019\u00e9mancipation post-imp\u00e9riale qui se refl\u00e8tent et, surtout, se vivent dans des biographies concr\u00e8tes. Il vous reste 69.11% de cet article \u00e0 lire. La suite est r\u00e9serv\u00e9e aux abonn\u00e9s.\" \/>\n<meta name=\"robots\" content=\"noindex, follow, max-snippet:-1, max-image-preview:large, max-video-preview:-1\" \/>\n<meta property=\"og:locale\" content=\"fr_FR\" \/>\n<meta property=\"og:type\" content=\"article\" \/>\n<meta property=\"og:title\" content=\"\u00ab\u00a0En Ukraine, la premi\u00e8re exposition consacr\u00e9e aux arts du continent africain met en relation des exp\u00e9riences de domination communes\u00a0\u00bb - vof-news.eu\" \/>\n<meta property=\"og:description\" content=\"D\u00e8s le d\u00e9but de l\u2019agression russe , les riches collections d\u2019arts byzantin, islamique, asiatique et europ\u00e9en du Mus\u00e9e national des arts Bohdan-et-Varvara-Khanenko, \u00e0 Kiev, haut lieu du collectionnisme priv\u00e9 europ\u00e9en autour de 1900, avaient \u00e9t\u00e9 mises en s\u00e9curit\u00e9 \u2212 envoy\u00e9es pour certaines au Louvre, \u00e0 Vilnius, \u00e0 Varsovie et \u00e0 La\u00a0Haye. Frapp\u00e9 le 10\u00a0octobre\u00a02022 par l\u2019onde de choc d\u2019un missile (fen\u00eatres et vitrines souffl\u00e9es, verri\u00e8re effondr\u00e9e), le mus\u00e9e est rest\u00e9 une institution vide mais active\u00a0: performances, po\u00e9sie, conf\u00e9rences pour adultes et enfants, ateliers de soutien psychique men\u00e9s avec l\u2019h\u00f4pital voisin. Certains \u00e9clats de la verri\u00e8re ont \u00e9t\u00e9 sertis en broches par un orf\u00e8vre de Kiev, une \u00e9conomie symbolique de l\u2019endurance. Trois ans jour pour jour apr\u00e8s l\u2019attaque, le Khanenko a inaugur\u00e9, le 9\u00a0octobre, , une exposition qui occupe tout le mus\u00e9e et rassemble une quarantaine d\u2019\u0153uvres provenant de 18\u00a0pays africains, r\u00e9unies sur deux d\u00e9cennies par Tetiana Deshko et Andriy Klepikov, engag\u00e9s de longue date dans la sant\u00e9 publique en Afrique. Le parcours associe objets historiques et \u0153uvres contemporaines (Adelaide Damoah, Christian Nyampeta, Seyni Awa Camara, Esther Mahlangu) et se pr\u00e9sente explicitement comme un exercice de reconfiguration intellectuelle\u00a0: apprendre \u00e0 regarder le continent africain sans m\u00e9diations h\u00e9rit\u00e9es (sovi\u00e9tiques ou occidentales), \u00e0 interroger les r\u00e9cits dominants et imp\u00e9riaux, \u00e0 repenser les conditions de la production du savoir au sein des mus\u00e9es. Cette inflexion n\u2019est pas surgie de nulle part. Je me souviens pr\u00e9cis\u00e9ment de f\u00e9vrier\u00a02022, \u00e0 Cotonou, pour l\u2019ouverture de l\u2019exposition des \u0153uvres restitu\u00e9es par la France au B\u00e9nin. Au milieu des festivit\u00e9s, tout le monde suivait la diplomatie de la derni\u00e8re chance autour de l\u2019Ukraine. Parmi les artistes, Dimitri Fagbohoun, n\u00e9 d\u2019un p\u00e8re b\u00e9ninois et d\u2019une m\u00e8re ukrainienne, m\u2019expliquait un entrelacs d\u2019histoires que j\u2019ignorais\u00a0: pr\u00e9sences ukrainiennes en Afrique de l\u2019Ouest avant les ann\u00e9es 1990\u00a0; 1991 comme ann\u00e9e charni\u00e8re commune au B\u00e9nin (sortie du socialisme) et \u00e0 l\u2019Europe orientale (apr\u00e8s l\u2019effondrement de l\u2019URSS). Deux trajectoires d\u2019\u00e9mancipation post-imp\u00e9riale qui se refl\u00e8tent et, surtout, se vivent dans des biographies concr\u00e8tes. Il vous reste 69.11% de cet article \u00e0 lire. La suite est r\u00e9serv\u00e9e aux abonn\u00e9s.\" \/>\n<meta property=\"og:url\" content=\"https:\/\/vof-news.eu\/fr\/en-ukraine-la-premiere-exposition-consacree-aux-arts-du-continent-africain-met-en-relation-des-experiences-de-domination-communes\/\" \/>\n<meta property=\"og:site_name\" content=\"vof-news.eu\" \/>\n<meta property=\"article:published_time\" content=\"2025-10-22T06:31:43+00:00\" \/>\n<meta property=\"article:modified_time\" content=\"2025-10-22T06:32:12+00:00\" \/>\n<meta name=\"author\" content=\"Author\" \/>\n<meta name=\"twitter:card\" content=\"summary_large_image\" \/>\n<meta name=\"twitter:label1\" content=\"\u00c9crit par\" \/>\n\t<meta name=\"twitter:data1\" content=\"Author\" \/>\n\t<meta name=\"twitter:label2\" content=\"Dur\u00e9e de lecture estim\u00e9e\" \/>\n\t<meta name=\"twitter:data2\" content=\"2 minutes\" \/>\n<script type=\"application\/ld+json\" class=\"yoast-schema-graph\">{\"@context\":\"https:\/\/schema.org\",\"@graph\":[{\"@type\":\"WebPage\",\"@id\":\"https:\/\/vof-news.eu\/fr\/en-ukraine-la-premiere-exposition-consacree-aux-arts-du-continent-africain-met-en-relation-des-experiences-de-domination-communes\/\",\"url\":\"https:\/\/vof-news.eu\/fr\/en-ukraine-la-premiere-exposition-consacree-aux-arts-du-continent-africain-met-en-relation-des-experiences-de-domination-communes\/\",\"name\":\"\u00ab\u00a0En Ukraine, la premi\u00e8re exposition consacr\u00e9e aux arts du continent africain met en relation des exp\u00e9riences de domination communes\u00a0\u00bb - vof-news.eu\",\"isPartOf\":{\"@id\":\"https:\/\/vof-news.eu\/fr\/#website\"},\"datePublished\":\"2025-10-22T06:31:43+00:00\",\"dateModified\":\"2025-10-22T06:32:12+00:00\",\"author\":{\"@id\":\"https:\/\/vof-news.eu\/fr\/#\/schema\/person\/f6a2a4309f0561835797fd8c19b333ed\"},\"description\":\"D\u00e8s le d\u00e9but de l\u2019agression russe , les riches collections d\u2019arts byzantin, islamique, asiatique et europ\u00e9en du Mus\u00e9e national des arts Bohdan-et-Varvara-Khanenko, \u00e0 Kiev, haut lieu du collectionnisme priv\u00e9 europ\u00e9en autour de 1900, avaient \u00e9t\u00e9 mises en s\u00e9curit\u00e9 \u2212 envoy\u00e9es pour certaines au Louvre, \u00e0 Vilnius, \u00e0 Varsovie et \u00e0 La\u00a0Haye. Frapp\u00e9 le 10\u00a0octobre\u00a02022 par l\u2019onde de choc d\u2019un missile (fen\u00eatres et vitrines souffl\u00e9es, verri\u00e8re effondr\u00e9e), le mus\u00e9e est rest\u00e9 une institution vide mais active\u00a0: performances, po\u00e9sie, conf\u00e9rences pour adultes et enfants, ateliers de soutien psychique men\u00e9s avec l\u2019h\u00f4pital voisin. Certains \u00e9clats de la verri\u00e8re ont \u00e9t\u00e9 sertis en broches par un orf\u00e8vre de Kiev, une \u00e9conomie symbolique de l\u2019endurance. Trois ans jour pour jour apr\u00e8s l\u2019attaque, le Khanenko a inaugur\u00e9, le 9\u00a0octobre, , une exposition qui occupe tout le mus\u00e9e et rassemble une quarantaine d\u2019\u0153uvres provenant de 18\u00a0pays africains, r\u00e9unies sur deux d\u00e9cennies par Tetiana Deshko et Andriy Klepikov, engag\u00e9s de longue date dans la sant\u00e9 publique en Afrique. Le parcours associe objets historiques et \u0153uvres contemporaines (Adelaide Damoah, Christian Nyampeta, Seyni Awa Camara, Esther Mahlangu) et se pr\u00e9sente explicitement comme un exercice de reconfiguration intellectuelle\u00a0: apprendre \u00e0 regarder le continent africain sans m\u00e9diations h\u00e9rit\u00e9es (sovi\u00e9tiques ou occidentales), \u00e0 interroger les r\u00e9cits dominants et imp\u00e9riaux, \u00e0 repenser les conditions de la production du savoir au sein des mus\u00e9es. Cette inflexion n\u2019est pas surgie de nulle part. Je me souviens pr\u00e9cis\u00e9ment de f\u00e9vrier\u00a02022, \u00e0 Cotonou, pour l\u2019ouverture de l\u2019exposition des \u0153uvres restitu\u00e9es par la France au B\u00e9nin. Au milieu des festivit\u00e9s, tout le monde suivait la diplomatie de la derni\u00e8re chance autour de l\u2019Ukraine. Parmi les artistes, Dimitri Fagbohoun, n\u00e9 d\u2019un p\u00e8re b\u00e9ninois et d\u2019une m\u00e8re ukrainienne, m\u2019expliquait un entrelacs d\u2019histoires que j\u2019ignorais\u00a0: pr\u00e9sences ukrainiennes en Afrique de l\u2019Ouest avant les ann\u00e9es 1990\u00a0; 1991 comme ann\u00e9e charni\u00e8re commune au B\u00e9nin (sortie du socialisme) et \u00e0 l\u2019Europe orientale (apr\u00e8s l\u2019effondrement de l\u2019URSS). Deux trajectoires d\u2019\u00e9mancipation post-imp\u00e9riale qui se refl\u00e8tent et, surtout, se vivent dans des biographies concr\u00e8tes. Il vous reste 69.11% de cet article \u00e0 lire. La suite est r\u00e9serv\u00e9e aux abonn\u00e9s.\",\"breadcrumb\":{\"@id\":\"https:\/\/vof-news.eu\/fr\/en-ukraine-la-premiere-exposition-consacree-aux-arts-du-continent-africain-met-en-relation-des-experiences-de-domination-communes\/#breadcrumb\"},\"inLanguage\":\"fr-FR\",\"potentialAction\":[{\"@type\":\"ReadAction\",\"target\":[\"https:\/\/vof-news.eu\/fr\/en-ukraine-la-premiere-exposition-consacree-aux-arts-du-continent-africain-met-en-relation-des-experiences-de-domination-communes\/\"]}]},{\"@type\":\"BreadcrumbList\",\"@id\":\"https:\/\/vof-news.eu\/fr\/en-ukraine-la-premiere-exposition-consacree-aux-arts-du-continent-africain-met-en-relation-des-experiences-de-domination-communes\/#breadcrumb\",\"itemListElement\":[{\"@type\":\"ListItem\",\"position\":1,\"name\":\"Home\",\"item\":\"https:\/\/vof-news.eu\/fr\/\"},{\"@type\":\"ListItem\",\"position\":2,\"name\":\"\u00ab\u00a0En Ukraine, la premi\u00e8re exposition consacr\u00e9e aux arts du continent africain met en relation des exp\u00e9riences de domination communes\u00a0\u00bb\"}]},{\"@type\":\"WebSite\",\"@id\":\"https:\/\/vof-news.eu\/fr\/#website\",\"url\":\"https:\/\/vof-news.eu\/fr\/\",\"name\":\"vof-news.eu\",\"description\":\"\",\"potentialAction\":[{\"@type\":\"SearchAction\",\"target\":{\"@type\":\"EntryPoint\",\"urlTemplate\":\"https:\/\/vof-news.eu\/fr\/?s={search_term_string}\"},\"query-input\":\"required name=search_term_string\"}],\"inLanguage\":\"fr-FR\"},{\"@type\":\"Person\",\"@id\":\"https:\/\/vof-news.eu\/fr\/#\/schema\/person\/f6a2a4309f0561835797fd8c19b333ed\",\"name\":\"Author\",\"image\":{\"@type\":\"ImageObject\",\"inLanguage\":\"fr-FR\",\"@id\":\"https:\/\/vof-news.eu\/fr\/#\/schema\/person\/image\/\",\"url\":\"https:\/\/secure.gravatar.com\/avatar\/b67e614b1b25b3e9c0c239efdd2fde5ab015b5affd6f1c3c85911ca4b384e790?s=96&d=mm&r=g\",\"contentUrl\":\"https:\/\/secure.gravatar.com\/avatar\/b67e614b1b25b3e9c0c239efdd2fde5ab015b5affd6f1c3c85911ca4b384e790?s=96&d=mm&r=g\",\"caption\":\"Author\"},\"sameAs\":[\"http:\/\/vof-news.eu\"],\"url\":\"https:\/\/vof-news.eu\/fr\/author\/zwt6qxnjulxbnyg\/\"}]}<\/script>\n<!-- \/ Yoast SEO plugin. -->","yoast_head_json":{"title":"\u00ab\u00a0En Ukraine, la premi\u00e8re exposition consacr\u00e9e aux arts du continent africain met en relation des exp\u00e9riences de domination communes\u00a0\u00bb - vof-news.eu","description":"D\u00e8s le d\u00e9but de l\u2019agression russe , les riches collections d\u2019arts byzantin, islamique, asiatique et europ\u00e9en du Mus\u00e9e national des arts Bohdan-et-Varvara-Khanenko, \u00e0 Kiev, haut lieu du collectionnisme priv\u00e9 europ\u00e9en autour de 1900, avaient \u00e9t\u00e9 mises en s\u00e9curit\u00e9 \u2212 envoy\u00e9es pour certaines au Louvre, \u00e0 Vilnius, \u00e0 Varsovie et \u00e0 La\u00a0Haye. Frapp\u00e9 le 10\u00a0octobre\u00a02022 par l\u2019onde de choc d\u2019un missile (fen\u00eatres et vitrines souffl\u00e9es, verri\u00e8re effondr\u00e9e), le mus\u00e9e est rest\u00e9 une institution vide mais active\u00a0: performances, po\u00e9sie, conf\u00e9rences pour adultes et enfants, ateliers de soutien psychique men\u00e9s avec l\u2019h\u00f4pital voisin. Certains \u00e9clats de la verri\u00e8re ont \u00e9t\u00e9 sertis en broches par un orf\u00e8vre de Kiev, une \u00e9conomie symbolique de l\u2019endurance. Trois ans jour pour jour apr\u00e8s l\u2019attaque, le Khanenko a inaugur\u00e9, le 9\u00a0octobre, , une exposition qui occupe tout le mus\u00e9e et rassemble une quarantaine d\u2019\u0153uvres provenant de 18\u00a0pays africains, r\u00e9unies sur deux d\u00e9cennies par Tetiana Deshko et Andriy Klepikov, engag\u00e9s de longue date dans la sant\u00e9 publique en Afrique. Le parcours associe objets historiques et \u0153uvres contemporaines (Adelaide Damoah, Christian Nyampeta, Seyni Awa Camara, Esther Mahlangu) et se pr\u00e9sente explicitement comme un exercice de reconfiguration intellectuelle\u00a0: apprendre \u00e0 regarder le continent africain sans m\u00e9diations h\u00e9rit\u00e9es (sovi\u00e9tiques ou occidentales), \u00e0 interroger les r\u00e9cits dominants et imp\u00e9riaux, \u00e0 repenser les conditions de la production du savoir au sein des mus\u00e9es. Cette inflexion n\u2019est pas surgie de nulle part. Je me souviens pr\u00e9cis\u00e9ment de f\u00e9vrier\u00a02022, \u00e0 Cotonou, pour l\u2019ouverture de l\u2019exposition des \u0153uvres restitu\u00e9es par la France au B\u00e9nin. Au milieu des festivit\u00e9s, tout le monde suivait la diplomatie de la derni\u00e8re chance autour de l\u2019Ukraine. Parmi les artistes, Dimitri Fagbohoun, n\u00e9 d\u2019un p\u00e8re b\u00e9ninois et d\u2019une m\u00e8re ukrainienne, m\u2019expliquait un entrelacs d\u2019histoires que j\u2019ignorais\u00a0: pr\u00e9sences ukrainiennes en Afrique de l\u2019Ouest avant les ann\u00e9es 1990\u00a0; 1991 comme ann\u00e9e charni\u00e8re commune au B\u00e9nin (sortie du socialisme) et \u00e0 l\u2019Europe orientale (apr\u00e8s l\u2019effondrement de l\u2019URSS). Deux trajectoires d\u2019\u00e9mancipation post-imp\u00e9riale qui se refl\u00e8tent et, surtout, se vivent dans des biographies concr\u00e8tes. Il vous reste 69.11% de cet article \u00e0 lire. La suite est r\u00e9serv\u00e9e aux abonn\u00e9s.","robots":{"index":"noindex","follow":"follow","max-snippet":"max-snippet:-1","max-image-preview":"max-image-preview:large","max-video-preview":"max-video-preview:-1"},"og_locale":"fr_FR","og_type":"article","og_title":"\u00ab\u00a0En Ukraine, la premi\u00e8re exposition consacr\u00e9e aux arts du continent africain met en relation des exp\u00e9riences de domination communes\u00a0\u00bb - vof-news.eu","og_description":"D\u00e8s le d\u00e9but de l\u2019agression russe , les riches collections d\u2019arts byzantin, islamique, asiatique et europ\u00e9en du Mus\u00e9e national des arts Bohdan-et-Varvara-Khanenko, \u00e0 Kiev, haut lieu du collectionnisme priv\u00e9 europ\u00e9en autour de 1900, avaient \u00e9t\u00e9 mises en s\u00e9curit\u00e9 \u2212 envoy\u00e9es pour certaines au Louvre, \u00e0 Vilnius, \u00e0 Varsovie et \u00e0 La\u00a0Haye. Frapp\u00e9 le 10\u00a0octobre\u00a02022 par l\u2019onde de choc d\u2019un missile (fen\u00eatres et vitrines souffl\u00e9es, verri\u00e8re effondr\u00e9e), le mus\u00e9e est rest\u00e9 une institution vide mais active\u00a0: performances, po\u00e9sie, conf\u00e9rences pour adultes et enfants, ateliers de soutien psychique men\u00e9s avec l\u2019h\u00f4pital voisin. Certains \u00e9clats de la verri\u00e8re ont \u00e9t\u00e9 sertis en broches par un orf\u00e8vre de Kiev, une \u00e9conomie symbolique de l\u2019endurance. Trois ans jour pour jour apr\u00e8s l\u2019attaque, le Khanenko a inaugur\u00e9, le 9\u00a0octobre, , une exposition qui occupe tout le mus\u00e9e et rassemble une quarantaine d\u2019\u0153uvres provenant de 18\u00a0pays africains, r\u00e9unies sur deux d\u00e9cennies par Tetiana Deshko et Andriy Klepikov, engag\u00e9s de longue date dans la sant\u00e9 publique en Afrique. Le parcours associe objets historiques et \u0153uvres contemporaines (Adelaide Damoah, Christian Nyampeta, Seyni Awa Camara, Esther Mahlangu) et se pr\u00e9sente explicitement comme un exercice de reconfiguration intellectuelle\u00a0: apprendre \u00e0 regarder le continent africain sans m\u00e9diations h\u00e9rit\u00e9es (sovi\u00e9tiques ou occidentales), \u00e0 interroger les r\u00e9cits dominants et imp\u00e9riaux, \u00e0 repenser les conditions de la production du savoir au sein des mus\u00e9es. Cette inflexion n\u2019est pas surgie de nulle part. Je me souviens pr\u00e9cis\u00e9ment de f\u00e9vrier\u00a02022, \u00e0 Cotonou, pour l\u2019ouverture de l\u2019exposition des \u0153uvres restitu\u00e9es par la France au B\u00e9nin. Au milieu des festivit\u00e9s, tout le monde suivait la diplomatie de la derni\u00e8re chance autour de l\u2019Ukraine. Parmi les artistes, Dimitri Fagbohoun, n\u00e9 d\u2019un p\u00e8re b\u00e9ninois et d\u2019une m\u00e8re ukrainienne, m\u2019expliquait un entrelacs d\u2019histoires que j\u2019ignorais\u00a0: pr\u00e9sences ukrainiennes en Afrique de l\u2019Ouest avant les ann\u00e9es 1990\u00a0; 1991 comme ann\u00e9e charni\u00e8re commune au B\u00e9nin (sortie du socialisme) et \u00e0 l\u2019Europe orientale (apr\u00e8s l\u2019effondrement de l\u2019URSS). Deux trajectoires d\u2019\u00e9mancipation post-imp\u00e9riale qui se refl\u00e8tent et, surtout, se vivent dans des biographies concr\u00e8tes. Il vous reste 69.11% de cet article \u00e0 lire. La suite est r\u00e9serv\u00e9e aux abonn\u00e9s.","og_url":"https:\/\/vof-news.eu\/fr\/en-ukraine-la-premiere-exposition-consacree-aux-arts-du-continent-africain-met-en-relation-des-experiences-de-domination-communes\/","og_site_name":"vof-news.eu","article_published_time":"2025-10-22T06:31:43+00:00","article_modified_time":"2025-10-22T06:32:12+00:00","author":"Author","twitter_card":"summary_large_image","twitter_misc":{"\u00c9crit par":"Author","Dur\u00e9e de lecture estim\u00e9e":"2 minutes"},"schema":{"@context":"https:\/\/schema.org","@graph":[{"@type":"WebPage","@id":"https:\/\/vof-news.eu\/fr\/en-ukraine-la-premiere-exposition-consacree-aux-arts-du-continent-africain-met-en-relation-des-experiences-de-domination-communes\/","url":"https:\/\/vof-news.eu\/fr\/en-ukraine-la-premiere-exposition-consacree-aux-arts-du-continent-africain-met-en-relation-des-experiences-de-domination-communes\/","name":"\u00ab\u00a0En Ukraine, la premi\u00e8re exposition consacr\u00e9e aux arts du continent africain met en relation des exp\u00e9riences de domination communes\u00a0\u00bb - vof-news.eu","isPartOf":{"@id":"https:\/\/vof-news.eu\/fr\/#website"},"datePublished":"2025-10-22T06:31:43+00:00","dateModified":"2025-10-22T06:32:12+00:00","author":{"@id":"https:\/\/vof-news.eu\/fr\/#\/schema\/person\/f6a2a4309f0561835797fd8c19b333ed"},"description":"D\u00e8s le d\u00e9but de l\u2019agression russe , les riches collections d\u2019arts byzantin, islamique, asiatique et europ\u00e9en du Mus\u00e9e national des arts Bohdan-et-Varvara-Khanenko, \u00e0 Kiev, haut lieu du collectionnisme priv\u00e9 europ\u00e9en autour de 1900, avaient \u00e9t\u00e9 mises en s\u00e9curit\u00e9 \u2212 envoy\u00e9es pour certaines au Louvre, \u00e0 Vilnius, \u00e0 Varsovie et \u00e0 La\u00a0Haye. Frapp\u00e9 le 10\u00a0octobre\u00a02022 par l\u2019onde de choc d\u2019un missile (fen\u00eatres et vitrines souffl\u00e9es, verri\u00e8re effondr\u00e9e), le mus\u00e9e est rest\u00e9 une institution vide mais active\u00a0: performances, po\u00e9sie, conf\u00e9rences pour adultes et enfants, ateliers de soutien psychique men\u00e9s avec l\u2019h\u00f4pital voisin. Certains \u00e9clats de la verri\u00e8re ont \u00e9t\u00e9 sertis en broches par un orf\u00e8vre de Kiev, une \u00e9conomie symbolique de l\u2019endurance. Trois ans jour pour jour apr\u00e8s l\u2019attaque, le Khanenko a inaugur\u00e9, le 9\u00a0octobre, , une exposition qui occupe tout le mus\u00e9e et rassemble une quarantaine d\u2019\u0153uvres provenant de 18\u00a0pays africains, r\u00e9unies sur deux d\u00e9cennies par Tetiana Deshko et Andriy Klepikov, engag\u00e9s de longue date dans la sant\u00e9 publique en Afrique. Le parcours associe objets historiques et \u0153uvres contemporaines (Adelaide Damoah, Christian Nyampeta, Seyni Awa Camara, Esther Mahlangu) et se pr\u00e9sente explicitement comme un exercice de reconfiguration intellectuelle\u00a0: apprendre \u00e0 regarder le continent africain sans m\u00e9diations h\u00e9rit\u00e9es (sovi\u00e9tiques ou occidentales), \u00e0 interroger les r\u00e9cits dominants et imp\u00e9riaux, \u00e0 repenser les conditions de la production du savoir au sein des mus\u00e9es. Cette inflexion n\u2019est pas surgie de nulle part. Je me souviens pr\u00e9cis\u00e9ment de f\u00e9vrier\u00a02022, \u00e0 Cotonou, pour l\u2019ouverture de l\u2019exposition des \u0153uvres restitu\u00e9es par la France au B\u00e9nin. Au milieu des festivit\u00e9s, tout le monde suivait la diplomatie de la derni\u00e8re chance autour de l\u2019Ukraine. Parmi les artistes, Dimitri Fagbohoun, n\u00e9 d\u2019un p\u00e8re b\u00e9ninois et d\u2019une m\u00e8re ukrainienne, m\u2019expliquait un entrelacs d\u2019histoires que j\u2019ignorais\u00a0: pr\u00e9sences ukrainiennes en Afrique de l\u2019Ouest avant les ann\u00e9es 1990\u00a0; 1991 comme ann\u00e9e charni\u00e8re commune au B\u00e9nin (sortie du socialisme) et \u00e0 l\u2019Europe orientale (apr\u00e8s l\u2019effondrement de l\u2019URSS). Deux trajectoires d\u2019\u00e9mancipation post-imp\u00e9riale qui se refl\u00e8tent et, surtout, se vivent dans des biographies concr\u00e8tes. Il vous reste 69.11% de cet article \u00e0 lire. La suite est r\u00e9serv\u00e9e aux abonn\u00e9s.","breadcrumb":{"@id":"https:\/\/vof-news.eu\/fr\/en-ukraine-la-premiere-exposition-consacree-aux-arts-du-continent-africain-met-en-relation-des-experiences-de-domination-communes\/#breadcrumb"},"inLanguage":"fr-FR","potentialAction":[{"@type":"ReadAction","target":["https:\/\/vof-news.eu\/fr\/en-ukraine-la-premiere-exposition-consacree-aux-arts-du-continent-africain-met-en-relation-des-experiences-de-domination-communes\/"]}]},{"@type":"BreadcrumbList","@id":"https:\/\/vof-news.eu\/fr\/en-ukraine-la-premiere-exposition-consacree-aux-arts-du-continent-africain-met-en-relation-des-experiences-de-domination-communes\/#breadcrumb","itemListElement":[{"@type":"ListItem","position":1,"name":"Home","item":"https:\/\/vof-news.eu\/fr\/"},{"@type":"ListItem","position":2,"name":"\u00ab\u00a0En Ukraine, la premi\u00e8re exposition consacr\u00e9e aux arts du continent africain met en relation des exp\u00e9riences de domination communes\u00a0\u00bb"}]},{"@type":"WebSite","@id":"https:\/\/vof-news.eu\/fr\/#website","url":"https:\/\/vof-news.eu\/fr\/","name":"vof-news.eu","description":"","potentialAction":[{"@type":"SearchAction","target":{"@type":"EntryPoint","urlTemplate":"https:\/\/vof-news.eu\/fr\/?s={search_term_string}"},"query-input":"required name=search_term_string"}],"inLanguage":"fr-FR"},{"@type":"Person","@id":"https:\/\/vof-news.eu\/fr\/#\/schema\/person\/f6a2a4309f0561835797fd8c19b333ed","name":"Author","image":{"@type":"ImageObject","inLanguage":"fr-FR","@id":"https:\/\/vof-news.eu\/fr\/#\/schema\/person\/image\/","url":"https:\/\/secure.gravatar.com\/avatar\/b67e614b1b25b3e9c0c239efdd2fde5ab015b5affd6f1c3c85911ca4b384e790?s=96&d=mm&r=g","contentUrl":"https:\/\/secure.gravatar.com\/avatar\/b67e614b1b25b3e9c0c239efdd2fde5ab015b5affd6f1c3c85911ca4b384e790?s=96&d=mm&r=g","caption":"Author"},"sameAs":["http:\/\/vof-news.eu"],"url":"https:\/\/vof-news.eu\/fr\/author\/zwt6qxnjulxbnyg\/"}]}},"yoast_meta":{"yoast_wpseo_title":"","yoast_wpseo_metadesc":"","yoast_wpseo_canonical":""},"_links":{"self":[{"href":"https:\/\/vof-news.eu\/fr\/wp-json\/wp\/v2\/posts\/289141","targetHints":{"allow":["GET"]}}],"collection":[{"href":"https:\/\/vof-news.eu\/fr\/wp-json\/wp\/v2\/posts"}],"about":[{"href":"https:\/\/vof-news.eu\/fr\/wp-json\/wp\/v2\/types\/post"}],"author":[{"embeddable":true,"href":"https:\/\/vof-news.eu\/fr\/wp-json\/wp\/v2\/users\/1"}],"replies":[{"embeddable":true,"href":"https:\/\/vof-news.eu\/fr\/wp-json\/wp\/v2\/comments?post=289141"}],"version-history":[{"count":1,"href":"https:\/\/vof-news.eu\/fr\/wp-json\/wp\/v2\/posts\/289141\/revisions"}],"predecessor-version":[{"id":289142,"href":"https:\/\/vof-news.eu\/fr\/wp-json\/wp\/v2\/posts\/289141\/revisions\/289142"}],"wp:attachment":[{"href":"https:\/\/vof-news.eu\/fr\/wp-json\/wp\/v2\/media?parent=289141"}],"wp:term":[{"taxonomy":"category","embeddable":true,"href":"https:\/\/vof-news.eu\/fr\/wp-json\/wp\/v2\/categories?post=289141"},{"taxonomy":"post_tag","embeddable":true,"href":"https:\/\/vof-news.eu\/fr\/wp-json\/wp\/v2\/tags?post=289141"}],"curies":[{"name":"wp","href":"https:\/\/api.w.org\/{rel}","templated":true}]}}