{"id":274742,"date":"2025-09-15T07:31:19","date_gmt":"2025-09-15T04:31:19","guid":{"rendered":"https:\/\/vof-news.eu\/florence-gaub-et-roderick-parkes-chercheurs-la-question-nest-pas-de-savoir-si-loccident-est-trop-mou-pour-se-battre-mais-sous-quelles-conditions-il-le-ferait\/"},"modified":"2025-09-15T07:31:34","modified_gmt":"2025-09-15T04:31:34","slug":"florence-gaub-et-roderick-parkes-chercheurs-la-question-nest-pas-de-savoir-si-loccident-est-trop-mou-pour-se-battre-mais-sous-quelles-conditions-il-le-ferait","status":"publish","type":"post","link":"https:\/\/vof-news.eu\/fr\/florence-gaub-et-roderick-parkes-chercheurs-la-question-nest-pas-de-savoir-si-loccident-est-trop-mou-pour-se-battre-mais-sous-quelles-conditions-il-le-ferait\/","title":{"rendered":"Florence Gaub et Roderick Parkes, chercheurs\u00a0: \u00ab\u00a0La question n\u2019est pas de savoir si l\u2019Occident est trop mou pour se battre, mais sous quelles conditions il le ferait\u00a0\u00bb"},"content":{"rendered":"<article>\n<p><span>L<\/span>\u2019Occident est-il trop mou pour se battre\u00a0? Cette question, nagu\u00e8re cantonn\u00e9e aux tribunes populistes, fa\u00e7onne d\u00e9sormais en silence la politique de d\u00e9fense d\u2019une grande partie de l\u2019Organisation du trait\u00e9 de l\u2019Atlantique Nord (OTAN). Des pr\u00e9suppos\u00e9s tenaces sur nos soci\u00e9t\u00e9s \u2013 trop g\u00e2t\u00e9es, trop individualistes, trop  \u2013, ainsi que des sondages r\u00e9cents, r\u00e9v\u00e8lent une faible disposition au combat parmi les populations de l\u2019OTAN (16\u00a0% des Italiens, 17\u00a0% des Allemands, 35\u00a0% des Britanniques seulement se d\u00e9clarent pr\u00eats \u00e0 se battre). Ces \u00e9l\u00e9ments impactent aujourd\u2019hui les strat\u00e9gies de mobilisation, les priorit\u00e9s de recrutement et m\u00eame l\u2019allocation des ressources de d\u00e9fense. Ce pessimisme strat\u00e9gique \u00e0 l\u2019\u00e9gard de nos populations semble plausible, mais il risque de devenir dangereusement autor\u00e9alisateur.<\/p>\n<section>   <\/section>\n<p>La volont\u00e9 de se battre n\u2019est ni pr\u00e9visible ni immuable\u00a0: elle constitue plut\u00f4t un potentiel social, une disposition qu\u2019il convient de cultiver ou d\u2019affaiblir, \u00e0 l\u2019instar d\u2019autres domaines de l\u2019action publique. Que ce soit en mati\u00e8re d\u2019\u00e9ducation, de finance ou de sant\u00e9, les politiques publiques op\u00e8rent \u00e0 partir d\u2019hypoth\u00e8ses sur le comportement citoyen. Ces postulats ne fondent pas seulement les mesures adopt\u00e9es, mais en d\u00e9terminent largement les r\u00e9sultats.<\/p>\n<p>Il en va de m\u00eame pour la d\u00e9fense. Si les planificateurs militaires pr\u00e9supposent l\u2019inertie sociale et con\u00e7oivent leurs dispositifs sur cette base, ils accroissent la probabilit\u00e9 de ce sc\u00e9nario. Bref, une forme de pens\u00e9e magique \u00e0 l\u2019\u00e9chelle g\u00e9ostrat\u00e9gique.<\/p>\n<h2>Potentiel combattant<\/h2>\n<p>Les syst\u00e8mes de mobilisation otaniens succombent malheureusement \u00e0 ce pi\u00e8ge. Au lieu de viser une lev\u00e9e en masse motiv\u00e9e, ils poursuivent d\u2019autres objectifs politiques\u00a0: renforcement de la discipline, conduite de guerres culturelles, ou apaisement des \u00e9lites dirigeantes. Cette d\u00e9rive s\u2019explique par la distance croissante entre soci\u00e9t\u00e9 civile et \u00e9lites militaro-politiques, qui r\u00e9sulte en partie de la professionnalisation des derni\u00e8res d\u00e9cennies.<\/p>\n<p><strong>Il vous reste 65.73% de cet article \u00e0 lire. La suite est r\u00e9serv\u00e9e aux abonn\u00e9s.<\/strong><\/p>\n<\/article>\n","protected":false},"excerpt":{"rendered":"<p>L\u2019Occident est-il trop mou pour se battre\u00a0? Cette question, nagu\u00e8re cantonn\u00e9e aux tribunes populistes, fa\u00e7onne d\u00e9sormais en silence la politique de d\u00e9fense d\u2019une grande partie de l\u2019Organisation du trait\u00e9 de l\u2019Atlantique Nord (OTAN). Des pr\u00e9suppos\u00e9s tenaces sur nos soci\u00e9t\u00e9s \u2013 trop g\u00e2t\u00e9es, trop individualistes, trop \u2013, ainsi que des sondages r\u00e9cents, r\u00e9v\u00e8lent une faible disposition<\/p>\n","protected":false},"author":1,"featured_media":0,"comment_status":"open","ping_status":"open","sticky":false,"template":"","format":"standard","meta":{"footnotes":""},"categories":[115],"tags":[],"class_list":["post-274742","post","type-post","status-publish","format-standard","hentry","category-war-chronicles-fr"],"acf":[],"yoast_head":"<!-- This site is optimized with the Yoast SEO plugin v22.9 - https:\/\/yoast.com\/wordpress\/plugins\/seo\/ -->\n<title>Florence Gaub et Roderick Parkes, chercheurs\u00a0: \u00ab\u00a0La question n\u2019est pas de savoir si l\u2019Occident est trop mou pour se battre, mais sous quelles conditions il le ferait\u00a0\u00bb - vof-news.eu<\/title>\n<meta name=\"description\" content=\"L\u2019Occident est-il trop mou pour se battre\u00a0? Cette question, nagu\u00e8re cantonn\u00e9e aux tribunes populistes, fa\u00e7onne d\u00e9sormais en silence la politique de d\u00e9fense d\u2019une grande partie de l\u2019Organisation du trait\u00e9 de l\u2019Atlantique Nord (OTAN). Des pr\u00e9suppos\u00e9s tenaces sur nos soci\u00e9t\u00e9s \u2013 trop g\u00e2t\u00e9es, trop individualistes, trop \u2013, ainsi que des sondages r\u00e9cents, r\u00e9v\u00e8lent une faible disposition au combat parmi les populations de l\u2019OTAN (16\u00a0% des Italiens, 17\u00a0% des Allemands, 35\u00a0% des Britanniques seulement se d\u00e9clarent pr\u00eats \u00e0 se battre). Ces \u00e9l\u00e9ments impactent aujourd\u2019hui les strat\u00e9gies de mobilisation, les priorit\u00e9s de recrutement et m\u00eame l\u2019allocation des ressources de d\u00e9fense. Ce pessimisme strat\u00e9gique \u00e0 l\u2019\u00e9gard de nos populations semble plausible, mais il risque de devenir dangereusement autor\u00e9alisateur.   La volont\u00e9 de se battre n\u2019est ni pr\u00e9visible ni immuable\u00a0: elle constitue plut\u00f4t un potentiel social, une disposition qu\u2019il convient de cultiver ou d\u2019affaiblir, \u00e0 l\u2019instar d\u2019autres domaines de l\u2019action publique. Que ce soit en mati\u00e8re d\u2019\u00e9ducation, de finance ou de sant\u00e9, les politiques publiques op\u00e8rent \u00e0 partir d\u2019hypoth\u00e8ses sur le comportement citoyen. Ces postulats ne fondent pas seulement les mesures adopt\u00e9es, mais en d\u00e9terminent largement les r\u00e9sultats. Il en va de m\u00eame pour la d\u00e9fense. Si les planificateurs militaires pr\u00e9supposent l\u2019inertie sociale et con\u00e7oivent leurs dispositifs sur cette base, ils accroissent la probabilit\u00e9 de ce sc\u00e9nario. Bref, une forme de pens\u00e9e magique \u00e0 l\u2019\u00e9chelle g\u00e9ostrat\u00e9gique. Potentiel combattant Les syst\u00e8mes de mobilisation otaniens succombent malheureusement \u00e0 ce pi\u00e8ge. Au lieu de viser une lev\u00e9e en masse motiv\u00e9e, ils poursuivent d\u2019autres objectifs politiques\u00a0: renforcement de la discipline, conduite de guerres culturelles, ou apaisement des \u00e9lites dirigeantes. Cette d\u00e9rive s\u2019explique par la distance croissante entre soci\u00e9t\u00e9 civile et \u00e9lites militaro-politiques, qui r\u00e9sulte en partie de la professionnalisation des derni\u00e8res d\u00e9cennies. Il vous reste 65.73% de cet article \u00e0 lire. La suite est r\u00e9serv\u00e9e aux abonn\u00e9s.\" \/>\n<meta name=\"robots\" content=\"noindex, follow, max-snippet:-1, max-image-preview:large, max-video-preview:-1\" \/>\n<meta property=\"og:locale\" content=\"fr_FR\" \/>\n<meta property=\"og:type\" content=\"article\" \/>\n<meta property=\"og:title\" content=\"Florence Gaub et Roderick Parkes, chercheurs\u00a0: \u00ab\u00a0La question n\u2019est pas de savoir si l\u2019Occident est trop mou pour se battre, mais sous quelles conditions il le ferait\u00a0\u00bb - vof-news.eu\" \/>\n<meta property=\"og:description\" content=\"L\u2019Occident est-il trop mou pour se battre\u00a0? Cette question, nagu\u00e8re cantonn\u00e9e aux tribunes populistes, fa\u00e7onne d\u00e9sormais en silence la politique de d\u00e9fense d\u2019une grande partie de l\u2019Organisation du trait\u00e9 de l\u2019Atlantique Nord (OTAN). Des pr\u00e9suppos\u00e9s tenaces sur nos soci\u00e9t\u00e9s \u2013 trop g\u00e2t\u00e9es, trop individualistes, trop \u2013, ainsi que des sondages r\u00e9cents, r\u00e9v\u00e8lent une faible disposition au combat parmi les populations de l\u2019OTAN (16\u00a0% des Italiens, 17\u00a0% des Allemands, 35\u00a0% des Britanniques seulement se d\u00e9clarent pr\u00eats \u00e0 se battre). Ces \u00e9l\u00e9ments impactent aujourd\u2019hui les strat\u00e9gies de mobilisation, les priorit\u00e9s de recrutement et m\u00eame l\u2019allocation des ressources de d\u00e9fense. Ce pessimisme strat\u00e9gique \u00e0 l\u2019\u00e9gard de nos populations semble plausible, mais il risque de devenir dangereusement autor\u00e9alisateur.   La volont\u00e9 de se battre n\u2019est ni pr\u00e9visible ni immuable\u00a0: elle constitue plut\u00f4t un potentiel social, une disposition qu\u2019il convient de cultiver ou d\u2019affaiblir, \u00e0 l\u2019instar d\u2019autres domaines de l\u2019action publique. Que ce soit en mati\u00e8re d\u2019\u00e9ducation, de finance ou de sant\u00e9, les politiques publiques op\u00e8rent \u00e0 partir d\u2019hypoth\u00e8ses sur le comportement citoyen. Ces postulats ne fondent pas seulement les mesures adopt\u00e9es, mais en d\u00e9terminent largement les r\u00e9sultats. Il en va de m\u00eame pour la d\u00e9fense. Si les planificateurs militaires pr\u00e9supposent l\u2019inertie sociale et con\u00e7oivent leurs dispositifs sur cette base, ils accroissent la probabilit\u00e9 de ce sc\u00e9nario. Bref, une forme de pens\u00e9e magique \u00e0 l\u2019\u00e9chelle g\u00e9ostrat\u00e9gique. Potentiel combattant Les syst\u00e8mes de mobilisation otaniens succombent malheureusement \u00e0 ce pi\u00e8ge. Au lieu de viser une lev\u00e9e en masse motiv\u00e9e, ils poursuivent d\u2019autres objectifs politiques\u00a0: renforcement de la discipline, conduite de guerres culturelles, ou apaisement des \u00e9lites dirigeantes. Cette d\u00e9rive s\u2019explique par la distance croissante entre soci\u00e9t\u00e9 civile et \u00e9lites militaro-politiques, qui r\u00e9sulte en partie de la professionnalisation des derni\u00e8res d\u00e9cennies. Il vous reste 65.73% de cet article \u00e0 lire. La suite est r\u00e9serv\u00e9e aux abonn\u00e9s.\" \/>\n<meta property=\"og:url\" content=\"https:\/\/vof-news.eu\/fr\/florence-gaub-et-roderick-parkes-chercheurs-la-question-nest-pas-de-savoir-si-loccident-est-trop-mou-pour-se-battre-mais-sous-quelles-conditions-il-le-ferait\/\" \/>\n<meta property=\"og:site_name\" content=\"vof-news.eu\" \/>\n<meta property=\"article:published_time\" content=\"2025-09-15T04:31:19+00:00\" \/>\n<meta property=\"article:modified_time\" content=\"2025-09-15T04:31:34+00:00\" \/>\n<meta name=\"author\" content=\"Author\" \/>\n<meta name=\"twitter:card\" content=\"summary_large_image\" \/>\n<meta name=\"twitter:label1\" content=\"\u00c9crit par\" \/>\n\t<meta name=\"twitter:data1\" content=\"Author\" \/>\n\t<meta name=\"twitter:label2\" content=\"Dur\u00e9e de lecture estim\u00e9e\" \/>\n\t<meta name=\"twitter:data2\" content=\"2 minutes\" \/>\n<script type=\"application\/ld+json\" class=\"yoast-schema-graph\">{\"@context\":\"https:\/\/schema.org\",\"@graph\":[{\"@type\":\"WebPage\",\"@id\":\"https:\/\/vof-news.eu\/fr\/florence-gaub-et-roderick-parkes-chercheurs-la-question-nest-pas-de-savoir-si-loccident-est-trop-mou-pour-se-battre-mais-sous-quelles-conditions-il-le-ferait\/\",\"url\":\"https:\/\/vof-news.eu\/fr\/florence-gaub-et-roderick-parkes-chercheurs-la-question-nest-pas-de-savoir-si-loccident-est-trop-mou-pour-se-battre-mais-sous-quelles-conditions-il-le-ferait\/\",\"name\":\"Florence Gaub et Roderick Parkes, chercheurs\u00a0: \u00ab\u00a0La question n\u2019est pas de savoir si l\u2019Occident est trop mou pour se battre, mais sous quelles conditions il le ferait\u00a0\u00bb - vof-news.eu\",\"isPartOf\":{\"@id\":\"https:\/\/vof-news.eu\/fr\/#website\"},\"datePublished\":\"2025-09-15T04:31:19+00:00\",\"dateModified\":\"2025-09-15T04:31:34+00:00\",\"author\":{\"@id\":\"https:\/\/vof-news.eu\/fr\/#\/schema\/person\/f6a2a4309f0561835797fd8c19b333ed\"},\"description\":\"L\u2019Occident est-il trop mou pour se battre\u00a0? Cette question, nagu\u00e8re cantonn\u00e9e aux tribunes populistes, fa\u00e7onne d\u00e9sormais en silence la politique de d\u00e9fense d\u2019une grande partie de l\u2019Organisation du trait\u00e9 de l\u2019Atlantique Nord (OTAN). Des pr\u00e9suppos\u00e9s tenaces sur nos soci\u00e9t\u00e9s \u2013 trop g\u00e2t\u00e9es, trop individualistes, trop \u2013, ainsi que des sondages r\u00e9cents, r\u00e9v\u00e8lent une faible disposition au combat parmi les populations de l\u2019OTAN (16\u00a0% des Italiens, 17\u00a0% des Allemands, 35\u00a0% des Britanniques seulement se d\u00e9clarent pr\u00eats \u00e0 se battre). Ces \u00e9l\u00e9ments impactent aujourd\u2019hui les strat\u00e9gies de mobilisation, les priorit\u00e9s de recrutement et m\u00eame l\u2019allocation des ressources de d\u00e9fense. Ce pessimisme strat\u00e9gique \u00e0 l\u2019\u00e9gard de nos populations semble plausible, mais il risque de devenir dangereusement autor\u00e9alisateur. La volont\u00e9 de se battre n\u2019est ni pr\u00e9visible ni immuable\u00a0: elle constitue plut\u00f4t un potentiel social, une disposition qu\u2019il convient de cultiver ou d\u2019affaiblir, \u00e0 l\u2019instar d\u2019autres domaines de l\u2019action publique. Que ce soit en mati\u00e8re d\u2019\u00e9ducation, de finance ou de sant\u00e9, les politiques publiques op\u00e8rent \u00e0 partir d\u2019hypoth\u00e8ses sur le comportement citoyen. Ces postulats ne fondent pas seulement les mesures adopt\u00e9es, mais en d\u00e9terminent largement les r\u00e9sultats. Il en va de m\u00eame pour la d\u00e9fense. Si les planificateurs militaires pr\u00e9supposent l\u2019inertie sociale et con\u00e7oivent leurs dispositifs sur cette base, ils accroissent la probabilit\u00e9 de ce sc\u00e9nario. Bref, une forme de pens\u00e9e magique \u00e0 l\u2019\u00e9chelle g\u00e9ostrat\u00e9gique. Potentiel combattant Les syst\u00e8mes de mobilisation otaniens succombent malheureusement \u00e0 ce pi\u00e8ge. Au lieu de viser une lev\u00e9e en masse motiv\u00e9e, ils poursuivent d\u2019autres objectifs politiques\u00a0: renforcement de la discipline, conduite de guerres culturelles, ou apaisement des \u00e9lites dirigeantes. Cette d\u00e9rive s\u2019explique par la distance croissante entre soci\u00e9t\u00e9 civile et \u00e9lites militaro-politiques, qui r\u00e9sulte en partie de la professionnalisation des derni\u00e8res d\u00e9cennies. Il vous reste 65.73% de cet article \u00e0 lire. La suite est r\u00e9serv\u00e9e aux abonn\u00e9s.\",\"breadcrumb\":{\"@id\":\"https:\/\/vof-news.eu\/fr\/florence-gaub-et-roderick-parkes-chercheurs-la-question-nest-pas-de-savoir-si-loccident-est-trop-mou-pour-se-battre-mais-sous-quelles-conditions-il-le-ferait\/#breadcrumb\"},\"inLanguage\":\"fr-FR\",\"potentialAction\":[{\"@type\":\"ReadAction\",\"target\":[\"https:\/\/vof-news.eu\/fr\/florence-gaub-et-roderick-parkes-chercheurs-la-question-nest-pas-de-savoir-si-loccident-est-trop-mou-pour-se-battre-mais-sous-quelles-conditions-il-le-ferait\/\"]}]},{\"@type\":\"BreadcrumbList\",\"@id\":\"https:\/\/vof-news.eu\/fr\/florence-gaub-et-roderick-parkes-chercheurs-la-question-nest-pas-de-savoir-si-loccident-est-trop-mou-pour-se-battre-mais-sous-quelles-conditions-il-le-ferait\/#breadcrumb\",\"itemListElement\":[{\"@type\":\"ListItem\",\"position\":1,\"name\":\"Home\",\"item\":\"https:\/\/vof-news.eu\/fr\/\"},{\"@type\":\"ListItem\",\"position\":2,\"name\":\"Florence Gaub et Roderick Parkes, chercheurs\u00a0: \u00ab\u00a0La question n\u2019est pas de savoir si l\u2019Occident est trop mou pour se battre, mais sous quelles conditions il le ferait\u00a0\u00bb\"}]},{\"@type\":\"WebSite\",\"@id\":\"https:\/\/vof-news.eu\/fr\/#website\",\"url\":\"https:\/\/vof-news.eu\/fr\/\",\"name\":\"vof-news.eu\",\"description\":\"\",\"potentialAction\":[{\"@type\":\"SearchAction\",\"target\":{\"@type\":\"EntryPoint\",\"urlTemplate\":\"https:\/\/vof-news.eu\/fr\/?s={search_term_string}\"},\"query-input\":\"required name=search_term_string\"}],\"inLanguage\":\"fr-FR\"},{\"@type\":\"Person\",\"@id\":\"https:\/\/vof-news.eu\/fr\/#\/schema\/person\/f6a2a4309f0561835797fd8c19b333ed\",\"name\":\"Author\",\"image\":{\"@type\":\"ImageObject\",\"inLanguage\":\"fr-FR\",\"@id\":\"https:\/\/vof-news.eu\/fr\/#\/schema\/person\/image\/\",\"url\":\"https:\/\/secure.gravatar.com\/avatar\/b67e614b1b25b3e9c0c239efdd2fde5ab015b5affd6f1c3c85911ca4b384e790?s=96&d=mm&r=g\",\"contentUrl\":\"https:\/\/secure.gravatar.com\/avatar\/b67e614b1b25b3e9c0c239efdd2fde5ab015b5affd6f1c3c85911ca4b384e790?s=96&d=mm&r=g\",\"caption\":\"Author\"},\"sameAs\":[\"http:\/\/vof-news.eu\"],\"url\":\"https:\/\/vof-news.eu\/fr\/author\/zwt6qxnjulxbnyg\/\"}]}<\/script>\n<!-- \/ Yoast SEO plugin. -->","yoast_head_json":{"title":"Florence Gaub et Roderick Parkes, chercheurs\u00a0: \u00ab\u00a0La question n\u2019est pas de savoir si l\u2019Occident est trop mou pour se battre, mais sous quelles conditions il le ferait\u00a0\u00bb - vof-news.eu","description":"L\u2019Occident est-il trop mou pour se battre\u00a0? Cette question, nagu\u00e8re cantonn\u00e9e aux tribunes populistes, fa\u00e7onne d\u00e9sormais en silence la politique de d\u00e9fense d\u2019une grande partie de l\u2019Organisation du trait\u00e9 de l\u2019Atlantique Nord (OTAN). Des pr\u00e9suppos\u00e9s tenaces sur nos soci\u00e9t\u00e9s \u2013 trop g\u00e2t\u00e9es, trop individualistes, trop \u2013, ainsi que des sondages r\u00e9cents, r\u00e9v\u00e8lent une faible disposition au combat parmi les populations de l\u2019OTAN (16\u00a0% des Italiens, 17\u00a0% des Allemands, 35\u00a0% des Britanniques seulement se d\u00e9clarent pr\u00eats \u00e0 se battre). Ces \u00e9l\u00e9ments impactent aujourd\u2019hui les strat\u00e9gies de mobilisation, les priorit\u00e9s de recrutement et m\u00eame l\u2019allocation des ressources de d\u00e9fense. Ce pessimisme strat\u00e9gique \u00e0 l\u2019\u00e9gard de nos populations semble plausible, mais il risque de devenir dangereusement autor\u00e9alisateur.   La volont\u00e9 de se battre n\u2019est ni pr\u00e9visible ni immuable\u00a0: elle constitue plut\u00f4t un potentiel social, une disposition qu\u2019il convient de cultiver ou d\u2019affaiblir, \u00e0 l\u2019instar d\u2019autres domaines de l\u2019action publique. Que ce soit en mati\u00e8re d\u2019\u00e9ducation, de finance ou de sant\u00e9, les politiques publiques op\u00e8rent \u00e0 partir d\u2019hypoth\u00e8ses sur le comportement citoyen. Ces postulats ne fondent pas seulement les mesures adopt\u00e9es, mais en d\u00e9terminent largement les r\u00e9sultats. Il en va de m\u00eame pour la d\u00e9fense. Si les planificateurs militaires pr\u00e9supposent l\u2019inertie sociale et con\u00e7oivent leurs dispositifs sur cette base, ils accroissent la probabilit\u00e9 de ce sc\u00e9nario. Bref, une forme de pens\u00e9e magique \u00e0 l\u2019\u00e9chelle g\u00e9ostrat\u00e9gique. Potentiel combattant Les syst\u00e8mes de mobilisation otaniens succombent malheureusement \u00e0 ce pi\u00e8ge. Au lieu de viser une lev\u00e9e en masse motiv\u00e9e, ils poursuivent d\u2019autres objectifs politiques\u00a0: renforcement de la discipline, conduite de guerres culturelles, ou apaisement des \u00e9lites dirigeantes. Cette d\u00e9rive s\u2019explique par la distance croissante entre soci\u00e9t\u00e9 civile et \u00e9lites militaro-politiques, qui r\u00e9sulte en partie de la professionnalisation des derni\u00e8res d\u00e9cennies. Il vous reste 65.73% de cet article \u00e0 lire. La suite est r\u00e9serv\u00e9e aux abonn\u00e9s.","robots":{"index":"noindex","follow":"follow","max-snippet":"max-snippet:-1","max-image-preview":"max-image-preview:large","max-video-preview":"max-video-preview:-1"},"og_locale":"fr_FR","og_type":"article","og_title":"Florence Gaub et Roderick Parkes, chercheurs\u00a0: \u00ab\u00a0La question n\u2019est pas de savoir si l\u2019Occident est trop mou pour se battre, mais sous quelles conditions il le ferait\u00a0\u00bb - vof-news.eu","og_description":"L\u2019Occident est-il trop mou pour se battre\u00a0? Cette question, nagu\u00e8re cantonn\u00e9e aux tribunes populistes, fa\u00e7onne d\u00e9sormais en silence la politique de d\u00e9fense d\u2019une grande partie de l\u2019Organisation du trait\u00e9 de l\u2019Atlantique Nord (OTAN). Des pr\u00e9suppos\u00e9s tenaces sur nos soci\u00e9t\u00e9s \u2013 trop g\u00e2t\u00e9es, trop individualistes, trop \u2013, ainsi que des sondages r\u00e9cents, r\u00e9v\u00e8lent une faible disposition au combat parmi les populations de l\u2019OTAN (16\u00a0% des Italiens, 17\u00a0% des Allemands, 35\u00a0% des Britanniques seulement se d\u00e9clarent pr\u00eats \u00e0 se battre). Ces \u00e9l\u00e9ments impactent aujourd\u2019hui les strat\u00e9gies de mobilisation, les priorit\u00e9s de recrutement et m\u00eame l\u2019allocation des ressources de d\u00e9fense. Ce pessimisme strat\u00e9gique \u00e0 l\u2019\u00e9gard de nos populations semble plausible, mais il risque de devenir dangereusement autor\u00e9alisateur.   La volont\u00e9 de se battre n\u2019est ni pr\u00e9visible ni immuable\u00a0: elle constitue plut\u00f4t un potentiel social, une disposition qu\u2019il convient de cultiver ou d\u2019affaiblir, \u00e0 l\u2019instar d\u2019autres domaines de l\u2019action publique. Que ce soit en mati\u00e8re d\u2019\u00e9ducation, de finance ou de sant\u00e9, les politiques publiques op\u00e8rent \u00e0 partir d\u2019hypoth\u00e8ses sur le comportement citoyen. Ces postulats ne fondent pas seulement les mesures adopt\u00e9es, mais en d\u00e9terminent largement les r\u00e9sultats. Il en va de m\u00eame pour la d\u00e9fense. Si les planificateurs militaires pr\u00e9supposent l\u2019inertie sociale et con\u00e7oivent leurs dispositifs sur cette base, ils accroissent la probabilit\u00e9 de ce sc\u00e9nario. Bref, une forme de pens\u00e9e magique \u00e0 l\u2019\u00e9chelle g\u00e9ostrat\u00e9gique. Potentiel combattant Les syst\u00e8mes de mobilisation otaniens succombent malheureusement \u00e0 ce pi\u00e8ge. Au lieu de viser une lev\u00e9e en masse motiv\u00e9e, ils poursuivent d\u2019autres objectifs politiques\u00a0: renforcement de la discipline, conduite de guerres culturelles, ou apaisement des \u00e9lites dirigeantes. Cette d\u00e9rive s\u2019explique par la distance croissante entre soci\u00e9t\u00e9 civile et \u00e9lites militaro-politiques, qui r\u00e9sulte en partie de la professionnalisation des derni\u00e8res d\u00e9cennies. Il vous reste 65.73% de cet article \u00e0 lire. La suite est r\u00e9serv\u00e9e aux abonn\u00e9s.","og_url":"https:\/\/vof-news.eu\/fr\/florence-gaub-et-roderick-parkes-chercheurs-la-question-nest-pas-de-savoir-si-loccident-est-trop-mou-pour-se-battre-mais-sous-quelles-conditions-il-le-ferait\/","og_site_name":"vof-news.eu","article_published_time":"2025-09-15T04:31:19+00:00","article_modified_time":"2025-09-15T04:31:34+00:00","author":"Author","twitter_card":"summary_large_image","twitter_misc":{"\u00c9crit par":"Author","Dur\u00e9e de lecture estim\u00e9e":"2 minutes"},"schema":{"@context":"https:\/\/schema.org","@graph":[{"@type":"WebPage","@id":"https:\/\/vof-news.eu\/fr\/florence-gaub-et-roderick-parkes-chercheurs-la-question-nest-pas-de-savoir-si-loccident-est-trop-mou-pour-se-battre-mais-sous-quelles-conditions-il-le-ferait\/","url":"https:\/\/vof-news.eu\/fr\/florence-gaub-et-roderick-parkes-chercheurs-la-question-nest-pas-de-savoir-si-loccident-est-trop-mou-pour-se-battre-mais-sous-quelles-conditions-il-le-ferait\/","name":"Florence Gaub et Roderick Parkes, chercheurs\u00a0: \u00ab\u00a0La question n\u2019est pas de savoir si l\u2019Occident est trop mou pour se battre, mais sous quelles conditions il le ferait\u00a0\u00bb - vof-news.eu","isPartOf":{"@id":"https:\/\/vof-news.eu\/fr\/#website"},"datePublished":"2025-09-15T04:31:19+00:00","dateModified":"2025-09-15T04:31:34+00:00","author":{"@id":"https:\/\/vof-news.eu\/fr\/#\/schema\/person\/f6a2a4309f0561835797fd8c19b333ed"},"description":"L\u2019Occident est-il trop mou pour se battre\u00a0? Cette question, nagu\u00e8re cantonn\u00e9e aux tribunes populistes, fa\u00e7onne d\u00e9sormais en silence la politique de d\u00e9fense d\u2019une grande partie de l\u2019Organisation du trait\u00e9 de l\u2019Atlantique Nord (OTAN). Des pr\u00e9suppos\u00e9s tenaces sur nos soci\u00e9t\u00e9s \u2013 trop g\u00e2t\u00e9es, trop individualistes, trop \u2013, ainsi que des sondages r\u00e9cents, r\u00e9v\u00e8lent une faible disposition au combat parmi les populations de l\u2019OTAN (16\u00a0% des Italiens, 17\u00a0% des Allemands, 35\u00a0% des Britanniques seulement se d\u00e9clarent pr\u00eats \u00e0 se battre). Ces \u00e9l\u00e9ments impactent aujourd\u2019hui les strat\u00e9gies de mobilisation, les priorit\u00e9s de recrutement et m\u00eame l\u2019allocation des ressources de d\u00e9fense. Ce pessimisme strat\u00e9gique \u00e0 l\u2019\u00e9gard de nos populations semble plausible, mais il risque de devenir dangereusement autor\u00e9alisateur. La volont\u00e9 de se battre n\u2019est ni pr\u00e9visible ni immuable\u00a0: elle constitue plut\u00f4t un potentiel social, une disposition qu\u2019il convient de cultiver ou d\u2019affaiblir, \u00e0 l\u2019instar d\u2019autres domaines de l\u2019action publique. Que ce soit en mati\u00e8re d\u2019\u00e9ducation, de finance ou de sant\u00e9, les politiques publiques op\u00e8rent \u00e0 partir d\u2019hypoth\u00e8ses sur le comportement citoyen. Ces postulats ne fondent pas seulement les mesures adopt\u00e9es, mais en d\u00e9terminent largement les r\u00e9sultats. Il en va de m\u00eame pour la d\u00e9fense. Si les planificateurs militaires pr\u00e9supposent l\u2019inertie sociale et con\u00e7oivent leurs dispositifs sur cette base, ils accroissent la probabilit\u00e9 de ce sc\u00e9nario. Bref, une forme de pens\u00e9e magique \u00e0 l\u2019\u00e9chelle g\u00e9ostrat\u00e9gique. Potentiel combattant Les syst\u00e8mes de mobilisation otaniens succombent malheureusement \u00e0 ce pi\u00e8ge. Au lieu de viser une lev\u00e9e en masse motiv\u00e9e, ils poursuivent d\u2019autres objectifs politiques\u00a0: renforcement de la discipline, conduite de guerres culturelles, ou apaisement des \u00e9lites dirigeantes. Cette d\u00e9rive s\u2019explique par la distance croissante entre soci\u00e9t\u00e9 civile et \u00e9lites militaro-politiques, qui r\u00e9sulte en partie de la professionnalisation des derni\u00e8res d\u00e9cennies. Il vous reste 65.73% de cet article \u00e0 lire. La suite est r\u00e9serv\u00e9e aux abonn\u00e9s.","breadcrumb":{"@id":"https:\/\/vof-news.eu\/fr\/florence-gaub-et-roderick-parkes-chercheurs-la-question-nest-pas-de-savoir-si-loccident-est-trop-mou-pour-se-battre-mais-sous-quelles-conditions-il-le-ferait\/#breadcrumb"},"inLanguage":"fr-FR","potentialAction":[{"@type":"ReadAction","target":["https:\/\/vof-news.eu\/fr\/florence-gaub-et-roderick-parkes-chercheurs-la-question-nest-pas-de-savoir-si-loccident-est-trop-mou-pour-se-battre-mais-sous-quelles-conditions-il-le-ferait\/"]}]},{"@type":"BreadcrumbList","@id":"https:\/\/vof-news.eu\/fr\/florence-gaub-et-roderick-parkes-chercheurs-la-question-nest-pas-de-savoir-si-loccident-est-trop-mou-pour-se-battre-mais-sous-quelles-conditions-il-le-ferait\/#breadcrumb","itemListElement":[{"@type":"ListItem","position":1,"name":"Home","item":"https:\/\/vof-news.eu\/fr\/"},{"@type":"ListItem","position":2,"name":"Florence Gaub et Roderick Parkes, chercheurs\u00a0: \u00ab\u00a0La question n\u2019est pas de savoir si l\u2019Occident est trop mou pour se battre, mais sous quelles conditions il le ferait\u00a0\u00bb"}]},{"@type":"WebSite","@id":"https:\/\/vof-news.eu\/fr\/#website","url":"https:\/\/vof-news.eu\/fr\/","name":"vof-news.eu","description":"","potentialAction":[{"@type":"SearchAction","target":{"@type":"EntryPoint","urlTemplate":"https:\/\/vof-news.eu\/fr\/?s={search_term_string}"},"query-input":"required name=search_term_string"}],"inLanguage":"fr-FR"},{"@type":"Person","@id":"https:\/\/vof-news.eu\/fr\/#\/schema\/person\/f6a2a4309f0561835797fd8c19b333ed","name":"Author","image":{"@type":"ImageObject","inLanguage":"fr-FR","@id":"https:\/\/vof-news.eu\/fr\/#\/schema\/person\/image\/","url":"https:\/\/secure.gravatar.com\/avatar\/b67e614b1b25b3e9c0c239efdd2fde5ab015b5affd6f1c3c85911ca4b384e790?s=96&d=mm&r=g","contentUrl":"https:\/\/secure.gravatar.com\/avatar\/b67e614b1b25b3e9c0c239efdd2fde5ab015b5affd6f1c3c85911ca4b384e790?s=96&d=mm&r=g","caption":"Author"},"sameAs":["http:\/\/vof-news.eu"],"url":"https:\/\/vof-news.eu\/fr\/author\/zwt6qxnjulxbnyg\/"}]}},"yoast_meta":{"yoast_wpseo_title":"","yoast_wpseo_metadesc":"","yoast_wpseo_canonical":""},"_links":{"self":[{"href":"https:\/\/vof-news.eu\/fr\/wp-json\/wp\/v2\/posts\/274742","targetHints":{"allow":["GET"]}}],"collection":[{"href":"https:\/\/vof-news.eu\/fr\/wp-json\/wp\/v2\/posts"}],"about":[{"href":"https:\/\/vof-news.eu\/fr\/wp-json\/wp\/v2\/types\/post"}],"author":[{"embeddable":true,"href":"https:\/\/vof-news.eu\/fr\/wp-json\/wp\/v2\/users\/1"}],"replies":[{"embeddable":true,"href":"https:\/\/vof-news.eu\/fr\/wp-json\/wp\/v2\/comments?post=274742"}],"version-history":[{"count":1,"href":"https:\/\/vof-news.eu\/fr\/wp-json\/wp\/v2\/posts\/274742\/revisions"}],"predecessor-version":[{"id":274743,"href":"https:\/\/vof-news.eu\/fr\/wp-json\/wp\/v2\/posts\/274742\/revisions\/274743"}],"wp:attachment":[{"href":"https:\/\/vof-news.eu\/fr\/wp-json\/wp\/v2\/media?parent=274742"}],"wp:term":[{"taxonomy":"category","embeddable":true,"href":"https:\/\/vof-news.eu\/fr\/wp-json\/wp\/v2\/categories?post=274742"},{"taxonomy":"post_tag","embeddable":true,"href":"https:\/\/vof-news.eu\/fr\/wp-json\/wp\/v2\/tags?post=274742"}],"curies":[{"name":"wp","href":"https:\/\/api.w.org\/{rel}","templated":true}]}}