{"id":257353,"date":"2025-07-22T11:30:18","date_gmt":"2025-07-22T08:30:18","guid":{"rendered":"https:\/\/vof-news.eu\/nous-prisonniers-politiques-russes-navons-pas-perdu-notre-voix-et-navons-pas-ete-oublies\/"},"modified":"2025-07-22T11:30:36","modified_gmt":"2025-07-22T08:30:36","slug":"nous-prisonniers-politiques-russes-navons-pas-perdu-notre-voix-et-navons-pas-ete-oublies","status":"publish","type":"post","link":"https:\/\/vof-news.eu\/fr\/nous-prisonniers-politiques-russes-navons-pas-perdu-notre-voix-et-navons-pas-ete-oublies\/","title":{"rendered":"\u00ab\u00a0Nous, prisonniers politiques russes, n\u2019avons pas perdu notre voix et n\u2019avons pas \u00e9t\u00e9 oubli\u00e9s\u00a0\u00bb"},"content":{"rendered":"<article>\n<p><span>N<\/span>ous, prisonniers politiques russes, nous nous adressons \u00e0\u00a0tous les\u00a0responsables politiques \u00e9trangers qui ne sont pas indiff\u00e9rents aux souffrances inflig\u00e9es \u00e0 certains en raison de leurs convictions politiques. Nous sommes au moins 10\u00a0000\u00a0personnes, prisonniers politiques russes et civils ukrainiens en otage. Nous avons une chose en commun\u00a0: nous avons \u00e9t\u00e9 punis pour avoir eu une prise de position civique.<\/p>\n<section>   <\/section>\n<p>Le terme \u00ab\u00a0justice\u00a0\u00bb, qu\u2019il s\u2019agisse du syst\u00e8me judiciaire ou de la justice sociale, n\u2019a plus aucune signification en Russie, o\u00f9 n\u2019importe qui peut se retrouver derri\u00e8re les barreaux pour avoir le\u00a0courage de penser de fa\u00e7on critique. La\u00a0l\u00e9gislation r\u00e9pressive, mise en place avec l\u2019objectif de\u00a0supprimer toute pens\u00e9e non conforme, est renforc\u00e9e de mani\u00e8re syst\u00e9matique depuis 2012. Entre 2018 et 2022, plus de 50\u00a0lois ont \u00e9t\u00e9 adopt\u00e9es en ce sens, et encore plus de\u00a060 l\u2019ont \u00e9t\u00e9 depuis f\u00e9vrier\u00a02022\u00a0.<\/p>\n<p>Dans les proc\u00e8s politiques en Russie, les accus\u00e9s ne sont jamais relax\u00e9s. Les peines prononc\u00e9es sont de plus en plus cruelles \u2013 des condamnations \u00e0 dix, quinze ou vingt\u00a0ans de prison n\u2019\u00e9tonnent plus personne. Au sein de la Douma , on entend r\u00e9guli\u00e8rement des appels \u00e0 r\u00e9tablir la peine de mort.<\/p>\n<h2>Actes de torture<\/h2>\n<p>Il y avait d\u00e9j\u00e0 peu de chances d\u2019avoir un proc\u00e8s \u00e9quitable pour une personne impliqu\u00e9e dans ce genre d\u2019affaires. Les recours ont d\u00e9finitivement disparu en\u00a02022, lorsque la Russie a refus\u00e9 d\u2019ex\u00e9cuter les d\u00e9cisions de la Cour europ\u00e9enne des droits de l\u2019homme. Les instituts de d\u00e9fense des droits humains ont, dans la Russie d\u2019aujourd\u2019hui, ont \u00e9t\u00e9 remplac\u00e9s par des organes qui ne font qu\u2019imiter les activit\u00e9s de d\u00e9fense des droits.<\/p>\n<p>Par\u00a0cons\u00e9quent, la sant\u00e9 et la vie des personnes d\u00e9tenues sont menac\u00e9es, les actes de torture ou de violence \u00e0 leur rencontre ne font g\u00e9n\u00e9ralement l\u2019objet ni d\u2019enqu\u00eate ni de jugements. Les prisonniers politiques sont<strong> <\/strong>fr\u00e9quemment d\u00e9tenus dans des conditions plus strictes que les autres, se voient priv\u00e9s de la possibilit\u00e9 de demander un am\u00e9nagement de leur peine ou de meilleures conditions de d\u00e9tention. Une pratique fr\u00e9quente consiste \u00e0 ouvrir une nouvelle affaire contre un d\u00e9tenu sur d\u00e9lation d\u2019un autre condamn\u00e9.<\/p>\n<p><strong>Il vous reste 56.52% de cet article \u00e0 lire. La suite est r\u00e9serv\u00e9e aux abonn\u00e9s.<\/strong><\/p>\n<\/article>\n","protected":false},"excerpt":{"rendered":"<p>Nous, prisonniers politiques russes, nous nous adressons \u00e0\u00a0tous les\u00a0responsables politiques \u00e9trangers qui ne sont pas indiff\u00e9rents aux souffrances inflig\u00e9es \u00e0 certains en raison de leurs convictions politiques. Nous sommes au moins 10\u00a0000\u00a0personnes, prisonniers politiques russes et civils ukrainiens en otage. Nous avons une chose en commun\u00a0: nous avons \u00e9t\u00e9 punis pour avoir eu une prise<\/p>\n","protected":false},"author":1,"featured_media":0,"comment_status":"open","ping_status":"open","sticky":false,"template":"","format":"standard","meta":{"footnotes":""},"categories":[115],"tags":[],"class_list":["post-257353","post","type-post","status-publish","format-standard","hentry","category-war-chronicles-fr"],"acf":[],"yoast_head":"<!-- This site is optimized with the Yoast SEO plugin v22.9 - https:\/\/yoast.com\/wordpress\/plugins\/seo\/ -->\n<title>\u00ab\u00a0Nous, prisonniers politiques russes, n\u2019avons pas perdu notre voix et n\u2019avons pas \u00e9t\u00e9 oubli\u00e9s\u00a0\u00bb - vof-news.eu<\/title>\n<meta name=\"description\" content=\"Nous, prisonniers politiques russes, nous nous adressons \u00e0\u00a0tous les\u00a0responsables politiques \u00e9trangers qui ne sont pas indiff\u00e9rents aux souffrances inflig\u00e9es \u00e0 certains en raison de leurs convictions politiques. Nous sommes au moins 10\u00a0000\u00a0personnes, prisonniers politiques russes et civils ukrainiens en otage. Nous avons une chose en commun\u00a0: nous avons \u00e9t\u00e9 punis pour avoir eu une prise de position civique.   Le terme \u00ab\u00a0justice\u00a0\u00bb, qu\u2019il s\u2019agisse du syst\u00e8me judiciaire ou de la justice sociale, n\u2019a plus aucune signification en Russie, o\u00f9 n\u2019importe qui peut se retrouver derri\u00e8re les barreaux pour avoir le\u00a0courage de penser de fa\u00e7on critique. La\u00a0l\u00e9gislation r\u00e9pressive, mise en place avec l\u2019objectif de\u00a0supprimer toute pens\u00e9e non conforme, est renforc\u00e9e de mani\u00e8re syst\u00e9matique depuis 2012. Entre 2018 et 2022, plus de 50\u00a0lois ont \u00e9t\u00e9 adopt\u00e9es en ce sens, et encore plus de\u00a060 l\u2019ont \u00e9t\u00e9 depuis f\u00e9vrier\u00a02022\u00a0. Dans les proc\u00e8s politiques en Russie, les accus\u00e9s ne sont jamais relax\u00e9s. Les peines prononc\u00e9es sont de plus en plus cruelles \u2013 des condamnations \u00e0 dix, quinze ou vingt\u00a0ans de prison n\u2019\u00e9tonnent plus personne. Au sein de la Douma , on entend r\u00e9guli\u00e8rement des appels \u00e0 r\u00e9tablir la peine de mort. Actes de torture Il y avait d\u00e9j\u00e0 peu de chances d\u2019avoir un proc\u00e8s \u00e9quitable pour une personne impliqu\u00e9e dans ce genre d\u2019affaires. Les recours ont d\u00e9finitivement disparu en\u00a02022, lorsque la Russie a refus\u00e9 d\u2019ex\u00e9cuter les d\u00e9cisions de la Cour europ\u00e9enne des droits de l\u2019homme. Les instituts de d\u00e9fense des droits humains ont, dans la Russie d\u2019aujourd\u2019hui, ont \u00e9t\u00e9 remplac\u00e9s par des organes qui ne font qu\u2019imiter les activit\u00e9s de d\u00e9fense des droits. Par\u00a0cons\u00e9quent, la sant\u00e9 et la vie des personnes d\u00e9tenues sont menac\u00e9es, les actes de torture ou de violence \u00e0 leur rencontre ne font g\u00e9n\u00e9ralement l\u2019objet ni d\u2019enqu\u00eate ni de jugements. Les prisonniers politiques sont fr\u00e9quemment d\u00e9tenus dans des conditions plus strictes que les autres, se voient priv\u00e9s de la possibilit\u00e9 de demander un am\u00e9nagement de leur peine ou de meilleures conditions de d\u00e9tention. Une pratique fr\u00e9quente consiste \u00e0 ouvrir une nouvelle affaire contre un d\u00e9tenu sur d\u00e9lation d\u2019un autre condamn\u00e9. Il vous reste 56.52% de cet article \u00e0 lire. La suite est r\u00e9serv\u00e9e aux abonn\u00e9s.\" \/>\n<meta name=\"robots\" content=\"noindex, follow, max-snippet:-1, max-image-preview:large, max-video-preview:-1\" \/>\n<meta property=\"og:locale\" content=\"fr_FR\" \/>\n<meta property=\"og:type\" content=\"article\" \/>\n<meta property=\"og:title\" content=\"\u00ab\u00a0Nous, prisonniers politiques russes, n\u2019avons pas perdu notre voix et n\u2019avons pas \u00e9t\u00e9 oubli\u00e9s\u00a0\u00bb - vof-news.eu\" \/>\n<meta property=\"og:description\" content=\"Nous, prisonniers politiques russes, nous nous adressons \u00e0\u00a0tous les\u00a0responsables politiques \u00e9trangers qui ne sont pas indiff\u00e9rents aux souffrances inflig\u00e9es \u00e0 certains en raison de leurs convictions politiques. Nous sommes au moins 10\u00a0000\u00a0personnes, prisonniers politiques russes et civils ukrainiens en otage. Nous avons une chose en commun\u00a0: nous avons \u00e9t\u00e9 punis pour avoir eu une prise de position civique.   Le terme \u00ab\u00a0justice\u00a0\u00bb, qu\u2019il s\u2019agisse du syst\u00e8me judiciaire ou de la justice sociale, n\u2019a plus aucune signification en Russie, o\u00f9 n\u2019importe qui peut se retrouver derri\u00e8re les barreaux pour avoir le\u00a0courage de penser de fa\u00e7on critique. La\u00a0l\u00e9gislation r\u00e9pressive, mise en place avec l\u2019objectif de\u00a0supprimer toute pens\u00e9e non conforme, est renforc\u00e9e de mani\u00e8re syst\u00e9matique depuis 2012. Entre 2018 et 2022, plus de 50\u00a0lois ont \u00e9t\u00e9 adopt\u00e9es en ce sens, et encore plus de\u00a060 l\u2019ont \u00e9t\u00e9 depuis f\u00e9vrier\u00a02022\u00a0. Dans les proc\u00e8s politiques en Russie, les accus\u00e9s ne sont jamais relax\u00e9s. Les peines prononc\u00e9es sont de plus en plus cruelles \u2013 des condamnations \u00e0 dix, quinze ou vingt\u00a0ans de prison n\u2019\u00e9tonnent plus personne. Au sein de la Douma , on entend r\u00e9guli\u00e8rement des appels \u00e0 r\u00e9tablir la peine de mort. Actes de torture Il y avait d\u00e9j\u00e0 peu de chances d\u2019avoir un proc\u00e8s \u00e9quitable pour une personne impliqu\u00e9e dans ce genre d\u2019affaires. Les recours ont d\u00e9finitivement disparu en\u00a02022, lorsque la Russie a refus\u00e9 d\u2019ex\u00e9cuter les d\u00e9cisions de la Cour europ\u00e9enne des droits de l\u2019homme. Les instituts de d\u00e9fense des droits humains ont, dans la Russie d\u2019aujourd\u2019hui, ont \u00e9t\u00e9 remplac\u00e9s par des organes qui ne font qu\u2019imiter les activit\u00e9s de d\u00e9fense des droits. Par\u00a0cons\u00e9quent, la sant\u00e9 et la vie des personnes d\u00e9tenues sont menac\u00e9es, les actes de torture ou de violence \u00e0 leur rencontre ne font g\u00e9n\u00e9ralement l\u2019objet ni d\u2019enqu\u00eate ni de jugements. Les prisonniers politiques sont fr\u00e9quemment d\u00e9tenus dans des conditions plus strictes que les autres, se voient priv\u00e9s de la possibilit\u00e9 de demander un am\u00e9nagement de leur peine ou de meilleures conditions de d\u00e9tention. Une pratique fr\u00e9quente consiste \u00e0 ouvrir une nouvelle affaire contre un d\u00e9tenu sur d\u00e9lation d\u2019un autre condamn\u00e9. Il vous reste 56.52% de cet article \u00e0 lire. La suite est r\u00e9serv\u00e9e aux abonn\u00e9s.\" \/>\n<meta property=\"og:url\" content=\"https:\/\/vof-news.eu\/fr\/nous-prisonniers-politiques-russes-navons-pas-perdu-notre-voix-et-navons-pas-ete-oublies\/\" \/>\n<meta property=\"og:site_name\" content=\"vof-news.eu\" \/>\n<meta property=\"article:published_time\" content=\"2025-07-22T08:30:18+00:00\" \/>\n<meta property=\"article:modified_time\" content=\"2025-07-22T08:30:36+00:00\" \/>\n<meta name=\"author\" content=\"Author\" \/>\n<meta name=\"twitter:card\" content=\"summary_large_image\" \/>\n<meta name=\"twitter:label1\" content=\"\u00c9crit par\" \/>\n\t<meta name=\"twitter:data1\" content=\"Author\" \/>\n\t<meta name=\"twitter:label2\" content=\"Dur\u00e9e de lecture estim\u00e9e\" \/>\n\t<meta name=\"twitter:data2\" content=\"2 minutes\" \/>\n<script type=\"application\/ld+json\" class=\"yoast-schema-graph\">{\"@context\":\"https:\/\/schema.org\",\"@graph\":[{\"@type\":\"WebPage\",\"@id\":\"https:\/\/vof-news.eu\/fr\/nous-prisonniers-politiques-russes-navons-pas-perdu-notre-voix-et-navons-pas-ete-oublies\/\",\"url\":\"https:\/\/vof-news.eu\/fr\/nous-prisonniers-politiques-russes-navons-pas-perdu-notre-voix-et-navons-pas-ete-oublies\/\",\"name\":\"\u00ab\u00a0Nous, prisonniers politiques russes, n\u2019avons pas perdu notre voix et n\u2019avons pas \u00e9t\u00e9 oubli\u00e9s\u00a0\u00bb - vof-news.eu\",\"isPartOf\":{\"@id\":\"https:\/\/vof-news.eu\/fr\/#website\"},\"datePublished\":\"2025-07-22T08:30:18+00:00\",\"dateModified\":\"2025-07-22T08:30:36+00:00\",\"author\":{\"@id\":\"https:\/\/vof-news.eu\/fr\/#\/schema\/person\/f6a2a4309f0561835797fd8c19b333ed\"},\"description\":\"Nous, prisonniers politiques russes, nous nous adressons \u00e0\u00a0tous les\u00a0responsables politiques \u00e9trangers qui ne sont pas indiff\u00e9rents aux souffrances inflig\u00e9es \u00e0 certains en raison de leurs convictions politiques. Nous sommes au moins 10\u00a0000\u00a0personnes, prisonniers politiques russes et civils ukrainiens en otage. Nous avons une chose en commun\u00a0: nous avons \u00e9t\u00e9 punis pour avoir eu une prise de position civique. Le terme \u00ab\u00a0justice\u00a0\u00bb, qu\u2019il s\u2019agisse du syst\u00e8me judiciaire ou de la justice sociale, n\u2019a plus aucune signification en Russie, o\u00f9 n\u2019importe qui peut se retrouver derri\u00e8re les barreaux pour avoir le\u00a0courage de penser de fa\u00e7on critique. La\u00a0l\u00e9gislation r\u00e9pressive, mise en place avec l\u2019objectif de\u00a0supprimer toute pens\u00e9e non conforme, est renforc\u00e9e de mani\u00e8re syst\u00e9matique depuis 2012. Entre 2018 et 2022, plus de 50\u00a0lois ont \u00e9t\u00e9 adopt\u00e9es en ce sens, et encore plus de\u00a060 l\u2019ont \u00e9t\u00e9 depuis f\u00e9vrier\u00a02022\u00a0. Dans les proc\u00e8s politiques en Russie, les accus\u00e9s ne sont jamais relax\u00e9s. Les peines prononc\u00e9es sont de plus en plus cruelles \u2013 des condamnations \u00e0 dix, quinze ou vingt\u00a0ans de prison n\u2019\u00e9tonnent plus personne. Au sein de la Douma , on entend r\u00e9guli\u00e8rement des appels \u00e0 r\u00e9tablir la peine de mort. Actes de torture Il y avait d\u00e9j\u00e0 peu de chances d\u2019avoir un proc\u00e8s \u00e9quitable pour une personne impliqu\u00e9e dans ce genre d\u2019affaires. Les recours ont d\u00e9finitivement disparu en\u00a02022, lorsque la Russie a refus\u00e9 d\u2019ex\u00e9cuter les d\u00e9cisions de la Cour europ\u00e9enne des droits de l\u2019homme. Les instituts de d\u00e9fense des droits humains ont, dans la Russie d\u2019aujourd\u2019hui, ont \u00e9t\u00e9 remplac\u00e9s par des organes qui ne font qu\u2019imiter les activit\u00e9s de d\u00e9fense des droits. Par\u00a0cons\u00e9quent, la sant\u00e9 et la vie des personnes d\u00e9tenues sont menac\u00e9es, les actes de torture ou de violence \u00e0 leur rencontre ne font g\u00e9n\u00e9ralement l\u2019objet ni d\u2019enqu\u00eate ni de jugements. Les prisonniers politiques sont fr\u00e9quemment d\u00e9tenus dans des conditions plus strictes que les autres, se voient priv\u00e9s de la possibilit\u00e9 de demander un am\u00e9nagement de leur peine ou de meilleures conditions de d\u00e9tention. Une pratique fr\u00e9quente consiste \u00e0 ouvrir une nouvelle affaire contre un d\u00e9tenu sur d\u00e9lation d\u2019un autre condamn\u00e9. Il vous reste 56.52% de cet article \u00e0 lire. La suite est r\u00e9serv\u00e9e aux abonn\u00e9s.\",\"breadcrumb\":{\"@id\":\"https:\/\/vof-news.eu\/fr\/nous-prisonniers-politiques-russes-navons-pas-perdu-notre-voix-et-navons-pas-ete-oublies\/#breadcrumb\"},\"inLanguage\":\"fr-FR\",\"potentialAction\":[{\"@type\":\"ReadAction\",\"target\":[\"https:\/\/vof-news.eu\/fr\/nous-prisonniers-politiques-russes-navons-pas-perdu-notre-voix-et-navons-pas-ete-oublies\/\"]}]},{\"@type\":\"BreadcrumbList\",\"@id\":\"https:\/\/vof-news.eu\/fr\/nous-prisonniers-politiques-russes-navons-pas-perdu-notre-voix-et-navons-pas-ete-oublies\/#breadcrumb\",\"itemListElement\":[{\"@type\":\"ListItem\",\"position\":1,\"name\":\"Home\",\"item\":\"https:\/\/vof-news.eu\/fr\/\"},{\"@type\":\"ListItem\",\"position\":2,\"name\":\"\u00ab\u00a0Nous, prisonniers politiques russes, n\u2019avons pas perdu notre voix et n\u2019avons pas \u00e9t\u00e9 oubli\u00e9s\u00a0\u00bb\"}]},{\"@type\":\"WebSite\",\"@id\":\"https:\/\/vof-news.eu\/fr\/#website\",\"url\":\"https:\/\/vof-news.eu\/fr\/\",\"name\":\"vof-news.eu\",\"description\":\"\",\"potentialAction\":[{\"@type\":\"SearchAction\",\"target\":{\"@type\":\"EntryPoint\",\"urlTemplate\":\"https:\/\/vof-news.eu\/fr\/?s={search_term_string}\"},\"query-input\":\"required name=search_term_string\"}],\"inLanguage\":\"fr-FR\"},{\"@type\":\"Person\",\"@id\":\"https:\/\/vof-news.eu\/fr\/#\/schema\/person\/f6a2a4309f0561835797fd8c19b333ed\",\"name\":\"Author\",\"image\":{\"@type\":\"ImageObject\",\"inLanguage\":\"fr-FR\",\"@id\":\"https:\/\/vof-news.eu\/fr\/#\/schema\/person\/image\/\",\"url\":\"https:\/\/secure.gravatar.com\/avatar\/b67e614b1b25b3e9c0c239efdd2fde5ab015b5affd6f1c3c85911ca4b384e790?s=96&d=mm&r=g\",\"contentUrl\":\"https:\/\/secure.gravatar.com\/avatar\/b67e614b1b25b3e9c0c239efdd2fde5ab015b5affd6f1c3c85911ca4b384e790?s=96&d=mm&r=g\",\"caption\":\"Author\"},\"sameAs\":[\"http:\/\/vof-news.eu\"],\"url\":\"https:\/\/vof-news.eu\/fr\/author\/zwt6qxnjulxbnyg\/\"}]}<\/script>\n<!-- \/ Yoast SEO plugin. -->","yoast_head_json":{"title":"\u00ab\u00a0Nous, prisonniers politiques russes, n\u2019avons pas perdu notre voix et n\u2019avons pas \u00e9t\u00e9 oubli\u00e9s\u00a0\u00bb - vof-news.eu","description":"Nous, prisonniers politiques russes, nous nous adressons \u00e0\u00a0tous les\u00a0responsables politiques \u00e9trangers qui ne sont pas indiff\u00e9rents aux souffrances inflig\u00e9es \u00e0 certains en raison de leurs convictions politiques. Nous sommes au moins 10\u00a0000\u00a0personnes, prisonniers politiques russes et civils ukrainiens en otage. Nous avons une chose en commun\u00a0: nous avons \u00e9t\u00e9 punis pour avoir eu une prise de position civique.   Le terme \u00ab\u00a0justice\u00a0\u00bb, qu\u2019il s\u2019agisse du syst\u00e8me judiciaire ou de la justice sociale, n\u2019a plus aucune signification en Russie, o\u00f9 n\u2019importe qui peut se retrouver derri\u00e8re les barreaux pour avoir le\u00a0courage de penser de fa\u00e7on critique. La\u00a0l\u00e9gislation r\u00e9pressive, mise en place avec l\u2019objectif de\u00a0supprimer toute pens\u00e9e non conforme, est renforc\u00e9e de mani\u00e8re syst\u00e9matique depuis 2012. Entre 2018 et 2022, plus de 50\u00a0lois ont \u00e9t\u00e9 adopt\u00e9es en ce sens, et encore plus de\u00a060 l\u2019ont \u00e9t\u00e9 depuis f\u00e9vrier\u00a02022\u00a0. Dans les proc\u00e8s politiques en Russie, les accus\u00e9s ne sont jamais relax\u00e9s. Les peines prononc\u00e9es sont de plus en plus cruelles \u2013 des condamnations \u00e0 dix, quinze ou vingt\u00a0ans de prison n\u2019\u00e9tonnent plus personne. Au sein de la Douma , on entend r\u00e9guli\u00e8rement des appels \u00e0 r\u00e9tablir la peine de mort. Actes de torture Il y avait d\u00e9j\u00e0 peu de chances d\u2019avoir un proc\u00e8s \u00e9quitable pour une personne impliqu\u00e9e dans ce genre d\u2019affaires. Les recours ont d\u00e9finitivement disparu en\u00a02022, lorsque la Russie a refus\u00e9 d\u2019ex\u00e9cuter les d\u00e9cisions de la Cour europ\u00e9enne des droits de l\u2019homme. Les instituts de d\u00e9fense des droits humains ont, dans la Russie d\u2019aujourd\u2019hui, ont \u00e9t\u00e9 remplac\u00e9s par des organes qui ne font qu\u2019imiter les activit\u00e9s de d\u00e9fense des droits. Par\u00a0cons\u00e9quent, la sant\u00e9 et la vie des personnes d\u00e9tenues sont menac\u00e9es, les actes de torture ou de violence \u00e0 leur rencontre ne font g\u00e9n\u00e9ralement l\u2019objet ni d\u2019enqu\u00eate ni de jugements. Les prisonniers politiques sont fr\u00e9quemment d\u00e9tenus dans des conditions plus strictes que les autres, se voient priv\u00e9s de la possibilit\u00e9 de demander un am\u00e9nagement de leur peine ou de meilleures conditions de d\u00e9tention. Une pratique fr\u00e9quente consiste \u00e0 ouvrir une nouvelle affaire contre un d\u00e9tenu sur d\u00e9lation d\u2019un autre condamn\u00e9. Il vous reste 56.52% de cet article \u00e0 lire. La suite est r\u00e9serv\u00e9e aux abonn\u00e9s.","robots":{"index":"noindex","follow":"follow","max-snippet":"max-snippet:-1","max-image-preview":"max-image-preview:large","max-video-preview":"max-video-preview:-1"},"og_locale":"fr_FR","og_type":"article","og_title":"\u00ab\u00a0Nous, prisonniers politiques russes, n\u2019avons pas perdu notre voix et n\u2019avons pas \u00e9t\u00e9 oubli\u00e9s\u00a0\u00bb - vof-news.eu","og_description":"Nous, prisonniers politiques russes, nous nous adressons \u00e0\u00a0tous les\u00a0responsables politiques \u00e9trangers qui ne sont pas indiff\u00e9rents aux souffrances inflig\u00e9es \u00e0 certains en raison de leurs convictions politiques. Nous sommes au moins 10\u00a0000\u00a0personnes, prisonniers politiques russes et civils ukrainiens en otage. Nous avons une chose en commun\u00a0: nous avons \u00e9t\u00e9 punis pour avoir eu une prise de position civique.   Le terme \u00ab\u00a0justice\u00a0\u00bb, qu\u2019il s\u2019agisse du syst\u00e8me judiciaire ou de la justice sociale, n\u2019a plus aucune signification en Russie, o\u00f9 n\u2019importe qui peut se retrouver derri\u00e8re les barreaux pour avoir le\u00a0courage de penser de fa\u00e7on critique. La\u00a0l\u00e9gislation r\u00e9pressive, mise en place avec l\u2019objectif de\u00a0supprimer toute pens\u00e9e non conforme, est renforc\u00e9e de mani\u00e8re syst\u00e9matique depuis 2012. Entre 2018 et 2022, plus de 50\u00a0lois ont \u00e9t\u00e9 adopt\u00e9es en ce sens, et encore plus de\u00a060 l\u2019ont \u00e9t\u00e9 depuis f\u00e9vrier\u00a02022\u00a0. Dans les proc\u00e8s politiques en Russie, les accus\u00e9s ne sont jamais relax\u00e9s. Les peines prononc\u00e9es sont de plus en plus cruelles \u2013 des condamnations \u00e0 dix, quinze ou vingt\u00a0ans de prison n\u2019\u00e9tonnent plus personne. Au sein de la Douma , on entend r\u00e9guli\u00e8rement des appels \u00e0 r\u00e9tablir la peine de mort. Actes de torture Il y avait d\u00e9j\u00e0 peu de chances d\u2019avoir un proc\u00e8s \u00e9quitable pour une personne impliqu\u00e9e dans ce genre d\u2019affaires. Les recours ont d\u00e9finitivement disparu en\u00a02022, lorsque la Russie a refus\u00e9 d\u2019ex\u00e9cuter les d\u00e9cisions de la Cour europ\u00e9enne des droits de l\u2019homme. Les instituts de d\u00e9fense des droits humains ont, dans la Russie d\u2019aujourd\u2019hui, ont \u00e9t\u00e9 remplac\u00e9s par des organes qui ne font qu\u2019imiter les activit\u00e9s de d\u00e9fense des droits. Par\u00a0cons\u00e9quent, la sant\u00e9 et la vie des personnes d\u00e9tenues sont menac\u00e9es, les actes de torture ou de violence \u00e0 leur rencontre ne font g\u00e9n\u00e9ralement l\u2019objet ni d\u2019enqu\u00eate ni de jugements. Les prisonniers politiques sont fr\u00e9quemment d\u00e9tenus dans des conditions plus strictes que les autres, se voient priv\u00e9s de la possibilit\u00e9 de demander un am\u00e9nagement de leur peine ou de meilleures conditions de d\u00e9tention. Une pratique fr\u00e9quente consiste \u00e0 ouvrir une nouvelle affaire contre un d\u00e9tenu sur d\u00e9lation d\u2019un autre condamn\u00e9. Il vous reste 56.52% de cet article \u00e0 lire. La suite est r\u00e9serv\u00e9e aux abonn\u00e9s.","og_url":"https:\/\/vof-news.eu\/fr\/nous-prisonniers-politiques-russes-navons-pas-perdu-notre-voix-et-navons-pas-ete-oublies\/","og_site_name":"vof-news.eu","article_published_time":"2025-07-22T08:30:18+00:00","article_modified_time":"2025-07-22T08:30:36+00:00","author":"Author","twitter_card":"summary_large_image","twitter_misc":{"\u00c9crit par":"Author","Dur\u00e9e de lecture estim\u00e9e":"2 minutes"},"schema":{"@context":"https:\/\/schema.org","@graph":[{"@type":"WebPage","@id":"https:\/\/vof-news.eu\/fr\/nous-prisonniers-politiques-russes-navons-pas-perdu-notre-voix-et-navons-pas-ete-oublies\/","url":"https:\/\/vof-news.eu\/fr\/nous-prisonniers-politiques-russes-navons-pas-perdu-notre-voix-et-navons-pas-ete-oublies\/","name":"\u00ab\u00a0Nous, prisonniers politiques russes, n\u2019avons pas perdu notre voix et n\u2019avons pas \u00e9t\u00e9 oubli\u00e9s\u00a0\u00bb - vof-news.eu","isPartOf":{"@id":"https:\/\/vof-news.eu\/fr\/#website"},"datePublished":"2025-07-22T08:30:18+00:00","dateModified":"2025-07-22T08:30:36+00:00","author":{"@id":"https:\/\/vof-news.eu\/fr\/#\/schema\/person\/f6a2a4309f0561835797fd8c19b333ed"},"description":"Nous, prisonniers politiques russes, nous nous adressons \u00e0\u00a0tous les\u00a0responsables politiques \u00e9trangers qui ne sont pas indiff\u00e9rents aux souffrances inflig\u00e9es \u00e0 certains en raison de leurs convictions politiques. Nous sommes au moins 10\u00a0000\u00a0personnes, prisonniers politiques russes et civils ukrainiens en otage. Nous avons une chose en commun\u00a0: nous avons \u00e9t\u00e9 punis pour avoir eu une prise de position civique. Le terme \u00ab\u00a0justice\u00a0\u00bb, qu\u2019il s\u2019agisse du syst\u00e8me judiciaire ou de la justice sociale, n\u2019a plus aucune signification en Russie, o\u00f9 n\u2019importe qui peut se retrouver derri\u00e8re les barreaux pour avoir le\u00a0courage de penser de fa\u00e7on critique. La\u00a0l\u00e9gislation r\u00e9pressive, mise en place avec l\u2019objectif de\u00a0supprimer toute pens\u00e9e non conforme, est renforc\u00e9e de mani\u00e8re syst\u00e9matique depuis 2012. Entre 2018 et 2022, plus de 50\u00a0lois ont \u00e9t\u00e9 adopt\u00e9es en ce sens, et encore plus de\u00a060 l\u2019ont \u00e9t\u00e9 depuis f\u00e9vrier\u00a02022\u00a0. Dans les proc\u00e8s politiques en Russie, les accus\u00e9s ne sont jamais relax\u00e9s. Les peines prononc\u00e9es sont de plus en plus cruelles \u2013 des condamnations \u00e0 dix, quinze ou vingt\u00a0ans de prison n\u2019\u00e9tonnent plus personne. Au sein de la Douma , on entend r\u00e9guli\u00e8rement des appels \u00e0 r\u00e9tablir la peine de mort. Actes de torture Il y avait d\u00e9j\u00e0 peu de chances d\u2019avoir un proc\u00e8s \u00e9quitable pour une personne impliqu\u00e9e dans ce genre d\u2019affaires. Les recours ont d\u00e9finitivement disparu en\u00a02022, lorsque la Russie a refus\u00e9 d\u2019ex\u00e9cuter les d\u00e9cisions de la Cour europ\u00e9enne des droits de l\u2019homme. Les instituts de d\u00e9fense des droits humains ont, dans la Russie d\u2019aujourd\u2019hui, ont \u00e9t\u00e9 remplac\u00e9s par des organes qui ne font qu\u2019imiter les activit\u00e9s de d\u00e9fense des droits. Par\u00a0cons\u00e9quent, la sant\u00e9 et la vie des personnes d\u00e9tenues sont menac\u00e9es, les actes de torture ou de violence \u00e0 leur rencontre ne font g\u00e9n\u00e9ralement l\u2019objet ni d\u2019enqu\u00eate ni de jugements. Les prisonniers politiques sont fr\u00e9quemment d\u00e9tenus dans des conditions plus strictes que les autres, se voient priv\u00e9s de la possibilit\u00e9 de demander un am\u00e9nagement de leur peine ou de meilleures conditions de d\u00e9tention. Une pratique fr\u00e9quente consiste \u00e0 ouvrir une nouvelle affaire contre un d\u00e9tenu sur d\u00e9lation d\u2019un autre condamn\u00e9. Il vous reste 56.52% de cet article \u00e0 lire. La suite est r\u00e9serv\u00e9e aux abonn\u00e9s.","breadcrumb":{"@id":"https:\/\/vof-news.eu\/fr\/nous-prisonniers-politiques-russes-navons-pas-perdu-notre-voix-et-navons-pas-ete-oublies\/#breadcrumb"},"inLanguage":"fr-FR","potentialAction":[{"@type":"ReadAction","target":["https:\/\/vof-news.eu\/fr\/nous-prisonniers-politiques-russes-navons-pas-perdu-notre-voix-et-navons-pas-ete-oublies\/"]}]},{"@type":"BreadcrumbList","@id":"https:\/\/vof-news.eu\/fr\/nous-prisonniers-politiques-russes-navons-pas-perdu-notre-voix-et-navons-pas-ete-oublies\/#breadcrumb","itemListElement":[{"@type":"ListItem","position":1,"name":"Home","item":"https:\/\/vof-news.eu\/fr\/"},{"@type":"ListItem","position":2,"name":"\u00ab\u00a0Nous, prisonniers politiques russes, n\u2019avons pas perdu notre voix et n\u2019avons pas \u00e9t\u00e9 oubli\u00e9s\u00a0\u00bb"}]},{"@type":"WebSite","@id":"https:\/\/vof-news.eu\/fr\/#website","url":"https:\/\/vof-news.eu\/fr\/","name":"vof-news.eu","description":"","potentialAction":[{"@type":"SearchAction","target":{"@type":"EntryPoint","urlTemplate":"https:\/\/vof-news.eu\/fr\/?s={search_term_string}"},"query-input":"required name=search_term_string"}],"inLanguage":"fr-FR"},{"@type":"Person","@id":"https:\/\/vof-news.eu\/fr\/#\/schema\/person\/f6a2a4309f0561835797fd8c19b333ed","name":"Author","image":{"@type":"ImageObject","inLanguage":"fr-FR","@id":"https:\/\/vof-news.eu\/fr\/#\/schema\/person\/image\/","url":"https:\/\/secure.gravatar.com\/avatar\/b67e614b1b25b3e9c0c239efdd2fde5ab015b5affd6f1c3c85911ca4b384e790?s=96&d=mm&r=g","contentUrl":"https:\/\/secure.gravatar.com\/avatar\/b67e614b1b25b3e9c0c239efdd2fde5ab015b5affd6f1c3c85911ca4b384e790?s=96&d=mm&r=g","caption":"Author"},"sameAs":["http:\/\/vof-news.eu"],"url":"https:\/\/vof-news.eu\/fr\/author\/zwt6qxnjulxbnyg\/"}]}},"yoast_meta":{"yoast_wpseo_title":"","yoast_wpseo_metadesc":"","yoast_wpseo_canonical":""},"_links":{"self":[{"href":"https:\/\/vof-news.eu\/fr\/wp-json\/wp\/v2\/posts\/257353","targetHints":{"allow":["GET"]}}],"collection":[{"href":"https:\/\/vof-news.eu\/fr\/wp-json\/wp\/v2\/posts"}],"about":[{"href":"https:\/\/vof-news.eu\/fr\/wp-json\/wp\/v2\/types\/post"}],"author":[{"embeddable":true,"href":"https:\/\/vof-news.eu\/fr\/wp-json\/wp\/v2\/users\/1"}],"replies":[{"embeddable":true,"href":"https:\/\/vof-news.eu\/fr\/wp-json\/wp\/v2\/comments?post=257353"}],"version-history":[{"count":1,"href":"https:\/\/vof-news.eu\/fr\/wp-json\/wp\/v2\/posts\/257353\/revisions"}],"predecessor-version":[{"id":257354,"href":"https:\/\/vof-news.eu\/fr\/wp-json\/wp\/v2\/posts\/257353\/revisions\/257354"}],"wp:attachment":[{"href":"https:\/\/vof-news.eu\/fr\/wp-json\/wp\/v2\/media?parent=257353"}],"wp:term":[{"taxonomy":"category","embeddable":true,"href":"https:\/\/vof-news.eu\/fr\/wp-json\/wp\/v2\/categories?post=257353"},{"taxonomy":"post_tag","embeddable":true,"href":"https:\/\/vof-news.eu\/fr\/wp-json\/wp\/v2\/tags?post=257353"}],"curies":[{"name":"wp","href":"https:\/\/api.w.org\/{rel}","templated":true}]}}