{"id":253610,"date":"2025-07-13T23:31:17","date_gmt":"2025-07-13T20:31:17","guid":{"rendered":"https:\/\/vof-news.eu\/nous-vivons-un-moment-de-bascules-emmanuel-macron-annonce-des-efforts-budgetaires-pour-la-defense\/"},"modified":"2025-07-13T23:31:42","modified_gmt":"2025-07-13T20:31:42","slug":"nous-vivons-un-moment-de-bascules-emmanuel-macron-annonce-des-efforts-budgetaires-pour-la-defense","status":"publish","type":"post","link":"https:\/\/vof-news.eu\/fr\/nous-vivons-un-moment-de-bascules-emmanuel-macron-annonce-des-efforts-budgetaires-pour-la-defense\/","title":{"rendered":"\u00ab\u00a0Nous vivons un moment de bascules\u00a0\u00bb\u00a0: Emmanuel Macron annonce des efforts budg\u00e9taires pour la d\u00e9fense"},"content":{"rendered":"<article>\n<p>Au cours de son traditionnel discours aux arm\u00e9es pr\u00e9c\u00e9dant la f\u00eate nationale, le pr\u00e9sident de la R\u00e9publique, Emmanuel Macron, a annonc\u00e9 de nouveaux efforts budg\u00e9taires pour la d\u00e9fense, qui porteront le budget des arm\u00e9es \u00e0 64\u00a0milliards d\u2019euros en\u00a02027. Pour le financement de ces sommes, M.\u00a0Macron a renvoy\u00e9 \u00e0 la pr\u00e9sentation du budget par le premier ministre mardi. , a-t-il toutefois affirm\u00e9.<\/p>\n<p>Le chef de l\u2019Etat identifie aussi un  avant de d\u00e9clarer que, <\/p>\n<section>\n<p> <span><a href=\"https:\/\/www.lemonde.fr\/signataires\/service-video\/\" rel=\"nofollow\"> <span>Service vid\u00e9o du Monde<\/span><\/a><\/span> <\/p>\n<\/section>\n<section>\n<section>\n<header>   <\/header>\n<section>\n<section> <a href=\"https:\/\/abo.lemonde.fr\/?lmd_medium=BOUTONS_LMFR&amp;lmd_campaign=CONTRIBUTION_ARTICLE\" rel=\"nofollow\">S\u2019abonner<\/a> <\/section>\n<\/section>\n<section><\/section>\n<\/section>\n<p>Contribuer<\/p>\n<p> <a href=\"https:\/\/www.lemonde.fr\/syndication\/\" rel=\"nofollow\">R\u00e9utiliser ce contenu<\/a> <\/section>\n<\/article>\n","protected":false},"excerpt":{"rendered":"<p>Au cours de son traditionnel discours aux arm\u00e9es pr\u00e9c\u00e9dant la f\u00eate nationale, le pr\u00e9sident de la R\u00e9publique, Emmanuel Macron, a annonc\u00e9 de nouveaux efforts budg\u00e9taires pour la d\u00e9fense, qui porteront le budget des arm\u00e9es \u00e0 64\u00a0milliards d\u2019euros en\u00a02027. Pour le financement de ces sommes, M.\u00a0Macron a renvoy\u00e9 \u00e0 la pr\u00e9sentation du budget par le premier<\/p>\n","protected":false},"author":1,"featured_media":0,"comment_status":"open","ping_status":"open","sticky":false,"template":"","format":"standard","meta":{"footnotes":""},"categories":[68],"tags":[],"class_list":["post-253610","post","type-post","status-publish","format-standard","hentry","category-politics-fr"],"acf":[],"yoast_head":"<!-- This site is optimized with the Yoast SEO plugin v22.9 - https:\/\/yoast.com\/wordpress\/plugins\/seo\/ -->\n<title>\u00ab\u00a0Nous vivons un moment de bascules\u00a0\u00bb\u00a0: Emmanuel Macron annonce des efforts budg\u00e9taires pour la d\u00e9fense - vof-news.eu<\/title>\n<meta name=\"description\" content=\"Au cours de son traditionnel discours aux arm\u00e9es pr\u00e9c\u00e9dant la f\u00eate nationale, le pr\u00e9sident de la R\u00e9publique, Emmanuel Macron, a annonc\u00e9 de nouveaux efforts budg\u00e9taires pour la d\u00e9fense, qui porteront le budget des arm\u00e9es \u00e0 64\u00a0milliards d\u2019euros en\u00a02027. Pour le financement de ces sommes, M.\u00a0Macron a renvoy\u00e9 \u00e0 la pr\u00e9sentation du budget par le premier ministre mardi. , a-t-il toutefois affirm\u00e9. Le chef de l\u2019Etat identifie aussi un avant de d\u00e9clarer que,   Service vid\u00e9o du Monde      S\u2019abonner   Contribuer R\u00e9utiliser ce contenu\" \/>\n<meta name=\"robots\" content=\"noindex, follow, max-snippet:-1, max-image-preview:large, max-video-preview:-1\" \/>\n<meta property=\"og:locale\" content=\"fr_FR\" \/>\n<meta property=\"og:type\" content=\"article\" \/>\n<meta property=\"og:title\" content=\"\u00ab\u00a0Nous vivons un moment de bascules\u00a0\u00bb\u00a0: Emmanuel Macron annonce des efforts budg\u00e9taires pour la d\u00e9fense - vof-news.eu\" \/>\n<meta property=\"og:description\" content=\"Au cours de son traditionnel discours aux arm\u00e9es pr\u00e9c\u00e9dant la f\u00eate nationale, le pr\u00e9sident de la R\u00e9publique, Emmanuel Macron, a annonc\u00e9 de nouveaux efforts budg\u00e9taires pour la d\u00e9fense, qui porteront le budget des arm\u00e9es \u00e0 64\u00a0milliards d\u2019euros en\u00a02027. Pour le financement de ces sommes, M.\u00a0Macron a renvoy\u00e9 \u00e0 la pr\u00e9sentation du budget par le premier ministre mardi. , a-t-il toutefois affirm\u00e9. Le chef de l\u2019Etat identifie aussi un avant de d\u00e9clarer que,   Service vid\u00e9o du Monde      S\u2019abonner   Contribuer R\u00e9utiliser ce contenu\" \/>\n<meta property=\"og:url\" content=\"https:\/\/vof-news.eu\/fr\/nous-vivons-un-moment-de-bascules-emmanuel-macron-annonce-des-efforts-budgetaires-pour-la-defense\/\" \/>\n<meta property=\"og:site_name\" content=\"vof-news.eu\" \/>\n<meta property=\"article:published_time\" content=\"2025-07-13T20:31:17+00:00\" \/>\n<meta property=\"article:modified_time\" content=\"2025-07-13T20:31:42+00:00\" \/>\n<meta name=\"author\" content=\"Author\" \/>\n<meta name=\"twitter:card\" content=\"summary_large_image\" \/>\n<meta name=\"twitter:label1\" content=\"\u00c9crit par\" \/>\n\t<meta name=\"twitter:data1\" content=\"Author\" \/>\n<script type=\"application\/ld+json\" class=\"yoast-schema-graph\">{\"@context\":\"https:\/\/schema.org\",\"@graph\":[{\"@type\":\"WebPage\",\"@id\":\"https:\/\/vof-news.eu\/fr\/nous-vivons-un-moment-de-bascules-emmanuel-macron-annonce-des-efforts-budgetaires-pour-la-defense\/\",\"url\":\"https:\/\/vof-news.eu\/fr\/nous-vivons-un-moment-de-bascules-emmanuel-macron-annonce-des-efforts-budgetaires-pour-la-defense\/\",\"name\":\"\u00ab\u00a0Nous vivons un moment de bascules\u00a0\u00bb\u00a0: Emmanuel Macron annonce des efforts budg\u00e9taires pour la d\u00e9fense - vof-news.eu\",\"isPartOf\":{\"@id\":\"https:\/\/vof-news.eu\/fr\/#website\"},\"datePublished\":\"2025-07-13T20:31:17+00:00\",\"dateModified\":\"2025-07-13T20:31:42+00:00\",\"author\":{\"@id\":\"https:\/\/vof-news.eu\/fr\/#\/schema\/person\/f6a2a4309f0561835797fd8c19b333ed\"},\"description\":\"Au cours de son traditionnel discours aux arm\u00e9es pr\u00e9c\u00e9dant la f\u00eate nationale, le pr\u00e9sident de la R\u00e9publique, Emmanuel Macron, a annonc\u00e9 de nouveaux efforts budg\u00e9taires pour la d\u00e9fense, qui porteront le budget des arm\u00e9es \u00e0 64\u00a0milliards d\u2019euros en\u00a02027. Pour le financement de ces sommes, M.\u00a0Macron a renvoy\u00e9 \u00e0 la pr\u00e9sentation du budget par le premier ministre mardi. , a-t-il toutefois affirm\u00e9. Le chef de l\u2019Etat identifie aussi un avant de d\u00e9clarer que, Service vid\u00e9o du Monde S\u2019abonner Contribuer R\u00e9utiliser ce contenu\",\"breadcrumb\":{\"@id\":\"https:\/\/vof-news.eu\/fr\/nous-vivons-un-moment-de-bascules-emmanuel-macron-annonce-des-efforts-budgetaires-pour-la-defense\/#breadcrumb\"},\"inLanguage\":\"fr-FR\",\"potentialAction\":[{\"@type\":\"ReadAction\",\"target\":[\"https:\/\/vof-news.eu\/fr\/nous-vivons-un-moment-de-bascules-emmanuel-macron-annonce-des-efforts-budgetaires-pour-la-defense\/\"]}]},{\"@type\":\"BreadcrumbList\",\"@id\":\"https:\/\/vof-news.eu\/fr\/nous-vivons-un-moment-de-bascules-emmanuel-macron-annonce-des-efforts-budgetaires-pour-la-defense\/#breadcrumb\",\"itemListElement\":[{\"@type\":\"ListItem\",\"position\":1,\"name\":\"Home\",\"item\":\"https:\/\/vof-news.eu\/fr\/\"},{\"@type\":\"ListItem\",\"position\":2,\"name\":\"\u00ab\u00a0Nous vivons un moment de bascules\u00a0\u00bb\u00a0: Emmanuel Macron annonce des efforts budg\u00e9taires pour la d\u00e9fense\"}]},{\"@type\":\"WebSite\",\"@id\":\"https:\/\/vof-news.eu\/fr\/#website\",\"url\":\"https:\/\/vof-news.eu\/fr\/\",\"name\":\"vof-news.eu\",\"description\":\"\",\"potentialAction\":[{\"@type\":\"SearchAction\",\"target\":{\"@type\":\"EntryPoint\",\"urlTemplate\":\"https:\/\/vof-news.eu\/fr\/?s={search_term_string}\"},\"query-input\":\"required name=search_term_string\"}],\"inLanguage\":\"fr-FR\"},{\"@type\":\"Person\",\"@id\":\"https:\/\/vof-news.eu\/fr\/#\/schema\/person\/f6a2a4309f0561835797fd8c19b333ed\",\"name\":\"Author\",\"image\":{\"@type\":\"ImageObject\",\"inLanguage\":\"fr-FR\",\"@id\":\"https:\/\/vof-news.eu\/fr\/#\/schema\/person\/image\/\",\"url\":\"https:\/\/secure.gravatar.com\/avatar\/b67e614b1b25b3e9c0c239efdd2fde5ab015b5affd6f1c3c85911ca4b384e790?s=96&d=mm&r=g\",\"contentUrl\":\"https:\/\/secure.gravatar.com\/avatar\/b67e614b1b25b3e9c0c239efdd2fde5ab015b5affd6f1c3c85911ca4b384e790?s=96&d=mm&r=g\",\"caption\":\"Author\"},\"sameAs\":[\"http:\/\/vof-news.eu\"],\"url\":\"https:\/\/vof-news.eu\/fr\/author\/zwt6qxnjulxbnyg\/\"}]}<\/script>\n<!-- \/ Yoast SEO plugin. -->","yoast_head_json":{"title":"\u00ab\u00a0Nous vivons un moment de bascules\u00a0\u00bb\u00a0: Emmanuel Macron annonce des efforts budg\u00e9taires pour la d\u00e9fense - vof-news.eu","description":"Au cours de son traditionnel discours aux arm\u00e9es pr\u00e9c\u00e9dant la f\u00eate nationale, le pr\u00e9sident de la R\u00e9publique, Emmanuel Macron, a annonc\u00e9 de nouveaux efforts budg\u00e9taires pour la d\u00e9fense, qui porteront le budget des arm\u00e9es \u00e0 64\u00a0milliards d\u2019euros en\u00a02027. Pour le financement de ces sommes, M.\u00a0Macron a renvoy\u00e9 \u00e0 la pr\u00e9sentation du budget par le premier ministre mardi. , a-t-il toutefois affirm\u00e9. Le chef de l\u2019Etat identifie aussi un avant de d\u00e9clarer que,   Service vid\u00e9o du Monde      S\u2019abonner   Contribuer R\u00e9utiliser ce contenu","robots":{"index":"noindex","follow":"follow","max-snippet":"max-snippet:-1","max-image-preview":"max-image-preview:large","max-video-preview":"max-video-preview:-1"},"og_locale":"fr_FR","og_type":"article","og_title":"\u00ab\u00a0Nous vivons un moment de bascules\u00a0\u00bb\u00a0: Emmanuel Macron annonce des efforts budg\u00e9taires pour la d\u00e9fense - vof-news.eu","og_description":"Au cours de son traditionnel discours aux arm\u00e9es pr\u00e9c\u00e9dant la f\u00eate nationale, le pr\u00e9sident de la R\u00e9publique, Emmanuel Macron, a annonc\u00e9 de nouveaux efforts budg\u00e9taires pour la d\u00e9fense, qui porteront le budget des arm\u00e9es \u00e0 64\u00a0milliards d\u2019euros en\u00a02027. Pour le financement de ces sommes, M.\u00a0Macron a renvoy\u00e9 \u00e0 la pr\u00e9sentation du budget par le premier ministre mardi. , a-t-il toutefois affirm\u00e9. Le chef de l\u2019Etat identifie aussi un avant de d\u00e9clarer que,   Service vid\u00e9o du Monde      S\u2019abonner   Contribuer R\u00e9utiliser ce contenu","og_url":"https:\/\/vof-news.eu\/fr\/nous-vivons-un-moment-de-bascules-emmanuel-macron-annonce-des-efforts-budgetaires-pour-la-defense\/","og_site_name":"vof-news.eu","article_published_time":"2025-07-13T20:31:17+00:00","article_modified_time":"2025-07-13T20:31:42+00:00","author":"Author","twitter_card":"summary_large_image","twitter_misc":{"\u00c9crit par":"Author"},"schema":{"@context":"https:\/\/schema.org","@graph":[{"@type":"WebPage","@id":"https:\/\/vof-news.eu\/fr\/nous-vivons-un-moment-de-bascules-emmanuel-macron-annonce-des-efforts-budgetaires-pour-la-defense\/","url":"https:\/\/vof-news.eu\/fr\/nous-vivons-un-moment-de-bascules-emmanuel-macron-annonce-des-efforts-budgetaires-pour-la-defense\/","name":"\u00ab\u00a0Nous vivons un moment de bascules\u00a0\u00bb\u00a0: Emmanuel Macron annonce des efforts budg\u00e9taires pour la d\u00e9fense - vof-news.eu","isPartOf":{"@id":"https:\/\/vof-news.eu\/fr\/#website"},"datePublished":"2025-07-13T20:31:17+00:00","dateModified":"2025-07-13T20:31:42+00:00","author":{"@id":"https:\/\/vof-news.eu\/fr\/#\/schema\/person\/f6a2a4309f0561835797fd8c19b333ed"},"description":"Au cours de son traditionnel discours aux arm\u00e9es pr\u00e9c\u00e9dant la f\u00eate nationale, le pr\u00e9sident de la R\u00e9publique, Emmanuel Macron, a annonc\u00e9 de nouveaux efforts budg\u00e9taires pour la d\u00e9fense, qui porteront le budget des arm\u00e9es \u00e0 64\u00a0milliards d\u2019euros en\u00a02027. Pour le financement de ces sommes, M.\u00a0Macron a renvoy\u00e9 \u00e0 la pr\u00e9sentation du budget par le premier ministre mardi. , a-t-il toutefois affirm\u00e9. Le chef de l\u2019Etat identifie aussi un avant de d\u00e9clarer que, Service vid\u00e9o du Monde S\u2019abonner Contribuer R\u00e9utiliser ce contenu","breadcrumb":{"@id":"https:\/\/vof-news.eu\/fr\/nous-vivons-un-moment-de-bascules-emmanuel-macron-annonce-des-efforts-budgetaires-pour-la-defense\/#breadcrumb"},"inLanguage":"fr-FR","potentialAction":[{"@type":"ReadAction","target":["https:\/\/vof-news.eu\/fr\/nous-vivons-un-moment-de-bascules-emmanuel-macron-annonce-des-efforts-budgetaires-pour-la-defense\/"]}]},{"@type":"BreadcrumbList","@id":"https:\/\/vof-news.eu\/fr\/nous-vivons-un-moment-de-bascules-emmanuel-macron-annonce-des-efforts-budgetaires-pour-la-defense\/#breadcrumb","itemListElement":[{"@type":"ListItem","position":1,"name":"Home","item":"https:\/\/vof-news.eu\/fr\/"},{"@type":"ListItem","position":2,"name":"\u00ab\u00a0Nous vivons un moment de bascules\u00a0\u00bb\u00a0: Emmanuel Macron annonce des efforts budg\u00e9taires pour la d\u00e9fense"}]},{"@type":"WebSite","@id":"https:\/\/vof-news.eu\/fr\/#website","url":"https:\/\/vof-news.eu\/fr\/","name":"vof-news.eu","description":"","potentialAction":[{"@type":"SearchAction","target":{"@type":"EntryPoint","urlTemplate":"https:\/\/vof-news.eu\/fr\/?s={search_term_string}"},"query-input":"required name=search_term_string"}],"inLanguage":"fr-FR"},{"@type":"Person","@id":"https:\/\/vof-news.eu\/fr\/#\/schema\/person\/f6a2a4309f0561835797fd8c19b333ed","name":"Author","image":{"@type":"ImageObject","inLanguage":"fr-FR","@id":"https:\/\/vof-news.eu\/fr\/#\/schema\/person\/image\/","url":"https:\/\/secure.gravatar.com\/avatar\/b67e614b1b25b3e9c0c239efdd2fde5ab015b5affd6f1c3c85911ca4b384e790?s=96&d=mm&r=g","contentUrl":"https:\/\/secure.gravatar.com\/avatar\/b67e614b1b25b3e9c0c239efdd2fde5ab015b5affd6f1c3c85911ca4b384e790?s=96&d=mm&r=g","caption":"Author"},"sameAs":["http:\/\/vof-news.eu"],"url":"https:\/\/vof-news.eu\/fr\/author\/zwt6qxnjulxbnyg\/"}]}},"yoast_meta":{"yoast_wpseo_title":"","yoast_wpseo_metadesc":"","yoast_wpseo_canonical":""},"_links":{"self":[{"href":"https:\/\/vof-news.eu\/fr\/wp-json\/wp\/v2\/posts\/253610","targetHints":{"allow":["GET"]}}],"collection":[{"href":"https:\/\/vof-news.eu\/fr\/wp-json\/wp\/v2\/posts"}],"about":[{"href":"https:\/\/vof-news.eu\/fr\/wp-json\/wp\/v2\/types\/post"}],"author":[{"embeddable":true,"href":"https:\/\/vof-news.eu\/fr\/wp-json\/wp\/v2\/users\/1"}],"replies":[{"embeddable":true,"href":"https:\/\/vof-news.eu\/fr\/wp-json\/wp\/v2\/comments?post=253610"}],"version-history":[{"count":1,"href":"https:\/\/vof-news.eu\/fr\/wp-json\/wp\/v2\/posts\/253610\/revisions"}],"predecessor-version":[{"id":253611,"href":"https:\/\/vof-news.eu\/fr\/wp-json\/wp\/v2\/posts\/253610\/revisions\/253611"}],"wp:attachment":[{"href":"https:\/\/vof-news.eu\/fr\/wp-json\/wp\/v2\/media?parent=253610"}],"wp:term":[{"taxonomy":"category","embeddable":true,"href":"https:\/\/vof-news.eu\/fr\/wp-json\/wp\/v2\/categories?post=253610"},{"taxonomy":"post_tag","embeddable":true,"href":"https:\/\/vof-news.eu\/fr\/wp-json\/wp\/v2\/tags?post=253610"}],"curies":[{"name":"wp","href":"https:\/\/api.w.org\/{rel}","templated":true}]}}