{"id":253506,"date":"2025-07-13T17:32:47","date_gmt":"2025-07-13T14:32:47","guid":{"rendered":"https:\/\/vof-news.eu\/la-justice-suspend-un-arrete-de-christian-estrosi-limitant-les-bateaux-de-croisiere-pres-de-nice\/"},"modified":"2025-07-13T17:33:25","modified_gmt":"2025-07-13T14:33:25","slug":"la-justice-suspend-un-arrete-de-christian-estrosi-limitant-les-bateaux-de-croisiere-pres-de-nice","status":"publish","type":"post","link":"https:\/\/vof-news.eu\/fr\/la-justice-suspend-un-arrete-de-christian-estrosi-limitant-les-bateaux-de-croisiere-pres-de-nice\/","title":{"rendered":"La justice suspend un arr\u00eat\u00e9 de Christian Estrosi limitant les bateaux de croisi\u00e8re pr\u00e8s de Nice"},"content":{"rendered":"<article>\n<p>Le tribunal administratif de Nice, saisi par le pr\u00e9fet des Alpes-Maritime, a suspendu dimanche 13\u00a0juillet un arr\u00eat\u00e9 pris par Christian Estrosi, pr\u00e9sident de la M\u00e9tropole\u00a0Nice-C\u00f4te d\u2019Azur, qui limitait les escales de paquebots g\u00e9ants \u00e0 Nice et dans la baie de Villefranche.<\/p>\n<p>M.\u00a0Estrosi, par ailleurs maire de Nice, n\u2019est  et seul le pr\u00e9fet des Alpes-Maritimes peut, , a rapport\u00e9 le tribunal administratif dans un communiqu\u00e9. Le juge des r\u00e9f\u00e9r\u00e9s, , conclut le communiqu\u00e9.<\/p>\n<p><a href=\"https:\/\/www.lemonde.fr\/politique\/article\/2025\/01\/24\/christian-estrosi-prend-un-arrete-pour-interdire-les-escales-des-gros-bateaux-de-croisiere-dans-les-eaux-de-la-metropole-de-nice_6514465_823448.html\" rel=\"nofollow\">Apr\u00e8s avoir assoupli une premi\u00e8re interdiction prise fin janvier, <\/a>Christian Estrosi avait pris mercredi un nouvel arr\u00eat\u00e9 interdisant les escales de paquebot de plus de 450 passagers \u00e0 Nice, et limitant le nombre de navires transportant plus de 2\u00a0500 passagers \u00e0 Villefranche-sur-mer \u00e0 65 par an et pas plus d\u2019un par jour.<\/p>\n<h2>\u00ab\u00a0Promotion d\u2019un tourisme raisonn\u00e9\u00a0\u00bb<\/h2>\n<p>Le maire de Nice avait justifi\u00e9 cet arr\u00eat\u00e9 au nom de . Le pr\u00e9fet des Alpes-Maritimes avait expliqu\u00e9 dans un communiqu\u00e9 jeudi avoir saisi le tribunal administratif, affirmant que l\u2019arr\u00eat\u00e9 \u00e9tait .<\/p>\n<p>La gestion des escales \u2013 depuis le mouillage jusqu\u2019au d\u00e9barquement dans les ports \u2013 rel\u00e8ve de comp\u00e9tences partag\u00e9es entre pr\u00e9fecture, pr\u00e9fecture maritime, m\u00e9tropole et d\u00e9partement.<\/p>\n<p>Dimanche, r\u00e9agissant \u00e0 l\u2019ordonnance du tribunal administratif de Nice, M.\u00a0Estrosi a insist\u00e9 dans un communiqu\u00e9 sur la n\u00e9cessit\u00e9 de .  des m\u00e9ga-croisi\u00e8res, la m\u00e9tropole , a-t-il pr\u00e9venu.<\/p>\n<p>Selon la m\u00e9tropole, l\u2019arr\u00eat\u00e9, qui \u00e9tait cens\u00e9 entrer en vigueur vendredi, devait affecter d\u2019ici la fin de l\u2019ann\u00e9e cinq escales pr\u00e9vues dans le port de Nice et 15 en\u00a02026, sur un total de 176 d\u00e9j\u00e0 r\u00e9serv\u00e9es.<\/p>\n<section>  <a href=\"https:\/\/www.lemonde.fr\/newsletters\/la-revue-du-monde\/\" rel=\"nofollow\">    <\/a> <\/section>\n<p>Concernant la gare maritime de Villefranche-sur-mer, l\u2019arr\u00eat\u00e9 devait concerner, d\u2019ici la fin de l\u2019ann\u00e9e, 12 escales de navires d\u2019une capacit\u00e9 cumul\u00e9e de plus de 38\u00a0000 passagers et, pour 2026, 53 escales d\u2019une capacit\u00e9 totale cumul\u00e9e de plus de 200\u00a0000 passagers, sur un total de 131 escales d\u00e9j\u00e0 r\u00e9serv\u00e9es.<\/p>\n<section>   <\/section>\n<section>\n<p> <span>Le Monde avec AFP<\/span> <\/p>\n<\/section>\n<section>\n<section>\n<header>   <\/header>\n<section>\n<section> <a href=\"https:\/\/abo.lemonde.fr\/?lmd_medium=BOUTONS_LMFR&amp;lmd_campaign=CONTRIBUTION_ARTICLE\" rel=\"nofollow\">S\u2019abonner<\/a> <\/section>\n<\/section>\n<section><\/section>\n<\/section>\n<p>Contribuer<\/p>\n<p> <a href=\"https:\/\/www.lemonde.fr\/syndication\/\" rel=\"nofollow\">R\u00e9utiliser ce contenu<\/a> <\/section>\n<\/article>\n","protected":false},"excerpt":{"rendered":"<p>Le tribunal administratif de Nice, saisi par le pr\u00e9fet des Alpes-Maritime, a suspendu dimanche 13\u00a0juillet un arr\u00eat\u00e9 pris par Christian Estrosi, pr\u00e9sident de la M\u00e9tropole\u00a0Nice-C\u00f4te d\u2019Azur, qui limitait les escales de paquebots g\u00e9ants \u00e0 Nice et dans la baie de Villefranche. M.\u00a0Estrosi, par ailleurs maire de Nice, n\u2019est et seul le pr\u00e9fet des Alpes-Maritimes peut,<\/p>\n","protected":false},"author":1,"featured_media":253507,"comment_status":"open","ping_status":"open","sticky":false,"template":"","format":"standard","meta":{"footnotes":""},"categories":[68],"tags":[],"class_list":["post-253506","post","type-post","status-publish","format-standard","has-post-thumbnail","hentry","category-politics-fr"],"acf":[],"yoast_head":"<!-- This site is optimized with the Yoast SEO plugin v22.9 - https:\/\/yoast.com\/wordpress\/plugins\/seo\/ -->\n<title>La justice suspend un arr\u00eat\u00e9 de Christian Estrosi limitant les bateaux de croisi\u00e8re pr\u00e8s de Nice - vof-news.eu<\/title>\n<meta name=\"description\" content=\"Le tribunal administratif de Nice, saisi par le pr\u00e9fet des Alpes-Maritime, a suspendu dimanche 13\u00a0juillet un arr\u00eat\u00e9 pris par Christian Estrosi, pr\u00e9sident de la M\u00e9tropole\u00a0Nice-C\u00f4te d\u2019Azur, qui limitait les escales de paquebots g\u00e9ants \u00e0 Nice et dans la baie de Villefranche. M.\u00a0Estrosi, par ailleurs maire de Nice, n\u2019est et seul le pr\u00e9fet des Alpes-Maritimes peut, , a rapport\u00e9 le tribunal administratif dans un communiqu\u00e9. Le juge des r\u00e9f\u00e9r\u00e9s, , conclut le communiqu\u00e9. Apr\u00e8s avoir assoupli une premi\u00e8re interdiction prise fin janvier, Christian Estrosi avait pris mercredi un nouvel arr\u00eat\u00e9 interdisant les escales de paquebot de plus de 450 passagers \u00e0 Nice, et limitant le nombre de navires transportant plus de 2\u00a0500 passagers \u00e0 Villefranche-sur-mer \u00e0 65 par an et pas plus d\u2019un par jour. \u00ab\u00a0Promotion d\u2019un tourisme raisonn\u00e9\u00a0\u00bb Le maire de Nice avait justifi\u00e9 cet arr\u00eat\u00e9 au nom de . Le pr\u00e9fet des Alpes-Maritimes avait expliqu\u00e9 dans un communiqu\u00e9 jeudi avoir saisi le tribunal administratif, affirmant que l\u2019arr\u00eat\u00e9 \u00e9tait . La gestion des escales \u2013 depuis le mouillage jusqu\u2019au d\u00e9barquement dans les ports \u2013 rel\u00e8ve de comp\u00e9tences partag\u00e9es entre pr\u00e9fecture, pr\u00e9fecture maritime, m\u00e9tropole et d\u00e9partement. Dimanche, r\u00e9agissant \u00e0 l\u2019ordonnance du tribunal administratif de Nice, M.\u00a0Estrosi a insist\u00e9 dans un communiqu\u00e9 sur la n\u00e9cessit\u00e9 de . des m\u00e9ga-croisi\u00e8res, la m\u00e9tropole , a-t-il pr\u00e9venu. Selon la m\u00e9tropole, l\u2019arr\u00eat\u00e9, qui \u00e9tait cens\u00e9 entrer en vigueur vendredi, devait affecter d\u2019ici la fin de l\u2019ann\u00e9e cinq escales pr\u00e9vues dans le port de Nice et 15 en\u00a02026, sur un total de 176 d\u00e9j\u00e0 r\u00e9serv\u00e9es.     Concernant la gare maritime de Villefranche-sur-mer, l\u2019arr\u00eat\u00e9 devait concerner, d\u2019ici la fin de l\u2019ann\u00e9e, 12 escales de navires d\u2019une capacit\u00e9 cumul\u00e9e de plus de 38\u00a0000 passagers et, pour 2026, 53 escales d\u2019une capacit\u00e9 totale cumul\u00e9e de plus de 200\u00a0000 passagers, sur un total de 131 escales d\u00e9j\u00e0 r\u00e9serv\u00e9es.    Le Monde avec AFP      S\u2019abonner   Contribuer R\u00e9utiliser ce contenu\" \/>\n<meta name=\"robots\" content=\"noindex, follow, max-snippet:-1, max-image-preview:large, max-video-preview:-1\" \/>\n<meta property=\"og:locale\" content=\"fr_FR\" \/>\n<meta property=\"og:type\" content=\"article\" \/>\n<meta property=\"og:title\" content=\"La justice suspend un arr\u00eat\u00e9 de Christian Estrosi limitant les bateaux de croisi\u00e8re pr\u00e8s de Nice - vof-news.eu\" \/>\n<meta property=\"og:description\" content=\"Le tribunal administratif de Nice, saisi par le pr\u00e9fet des Alpes-Maritime, a suspendu dimanche 13\u00a0juillet un arr\u00eat\u00e9 pris par Christian Estrosi, pr\u00e9sident de la M\u00e9tropole\u00a0Nice-C\u00f4te d\u2019Azur, qui limitait les escales de paquebots g\u00e9ants \u00e0 Nice et dans la baie de Villefranche. M.\u00a0Estrosi, par ailleurs maire de Nice, n\u2019est et seul le pr\u00e9fet des Alpes-Maritimes peut, , a rapport\u00e9 le tribunal administratif dans un communiqu\u00e9. Le juge des r\u00e9f\u00e9r\u00e9s, , conclut le communiqu\u00e9. Apr\u00e8s avoir assoupli une premi\u00e8re interdiction prise fin janvier, Christian Estrosi avait pris mercredi un nouvel arr\u00eat\u00e9 interdisant les escales de paquebot de plus de 450 passagers \u00e0 Nice, et limitant le nombre de navires transportant plus de 2\u00a0500 passagers \u00e0 Villefranche-sur-mer \u00e0 65 par an et pas plus d\u2019un par jour. \u00ab\u00a0Promotion d\u2019un tourisme raisonn\u00e9\u00a0\u00bb Le maire de Nice avait justifi\u00e9 cet arr\u00eat\u00e9 au nom de . Le pr\u00e9fet des Alpes-Maritimes avait expliqu\u00e9 dans un communiqu\u00e9 jeudi avoir saisi le tribunal administratif, affirmant que l\u2019arr\u00eat\u00e9 \u00e9tait . La gestion des escales \u2013 depuis le mouillage jusqu\u2019au d\u00e9barquement dans les ports \u2013 rel\u00e8ve de comp\u00e9tences partag\u00e9es entre pr\u00e9fecture, pr\u00e9fecture maritime, m\u00e9tropole et d\u00e9partement. Dimanche, r\u00e9agissant \u00e0 l\u2019ordonnance du tribunal administratif de Nice, M.\u00a0Estrosi a insist\u00e9 dans un communiqu\u00e9 sur la n\u00e9cessit\u00e9 de . des m\u00e9ga-croisi\u00e8res, la m\u00e9tropole , a-t-il pr\u00e9venu. Selon la m\u00e9tropole, l\u2019arr\u00eat\u00e9, qui \u00e9tait cens\u00e9 entrer en vigueur vendredi, devait affecter d\u2019ici la fin de l\u2019ann\u00e9e cinq escales pr\u00e9vues dans le port de Nice et 15 en\u00a02026, sur un total de 176 d\u00e9j\u00e0 r\u00e9serv\u00e9es.     Concernant la gare maritime de Villefranche-sur-mer, l\u2019arr\u00eat\u00e9 devait concerner, d\u2019ici la fin de l\u2019ann\u00e9e, 12 escales de navires d\u2019une capacit\u00e9 cumul\u00e9e de plus de 38\u00a0000 passagers et, pour 2026, 53 escales d\u2019une capacit\u00e9 totale cumul\u00e9e de plus de 200\u00a0000 passagers, sur un total de 131 escales d\u00e9j\u00e0 r\u00e9serv\u00e9es.    Le Monde avec AFP      S\u2019abonner   Contribuer R\u00e9utiliser ce contenu\" \/>\n<meta property=\"og:url\" content=\"https:\/\/vof-news.eu\/fr\/la-justice-suspend-un-arrete-de-christian-estrosi-limitant-les-bateaux-de-croisiere-pres-de-nice\/\" \/>\n<meta property=\"og:site_name\" content=\"vof-news.eu\" \/>\n<meta property=\"article:published_time\" content=\"2025-07-13T14:32:47+00:00\" \/>\n<meta property=\"article:modified_time\" content=\"2025-07-13T14:33:25+00:00\" \/>\n<meta property=\"og:image\" content=\"https:\/\/vof-news.eu\/wp-content\/uploads\/2025\/07\/c9dd7f1_upload-1-qp1gf21g4oit-000-36vn6zx.jpg\" \/>\n\t<meta property=\"og:image:width\" content=\"664\" \/>\n\t<meta property=\"og:image:height\" content=\"443\" \/>\n\t<meta property=\"og:image:type\" content=\"image\/jpeg\" \/>\n<meta name=\"author\" content=\"Author\" \/>\n<meta name=\"twitter:card\" content=\"summary_large_image\" \/>\n<meta name=\"twitter:label1\" content=\"\u00c9crit par\" \/>\n\t<meta name=\"twitter:data1\" content=\"Author\" \/>\n\t<meta name=\"twitter:label2\" content=\"Dur\u00e9e de lecture estim\u00e9e\" \/>\n\t<meta name=\"twitter:data2\" content=\"2 minutes\" \/>\n<script type=\"application\/ld+json\" class=\"yoast-schema-graph\">{\"@context\":\"https:\/\/schema.org\",\"@graph\":[{\"@type\":\"WebPage\",\"@id\":\"https:\/\/vof-news.eu\/fr\/la-justice-suspend-un-arrete-de-christian-estrosi-limitant-les-bateaux-de-croisiere-pres-de-nice\/\",\"url\":\"https:\/\/vof-news.eu\/fr\/la-justice-suspend-un-arrete-de-christian-estrosi-limitant-les-bateaux-de-croisiere-pres-de-nice\/\",\"name\":\"La justice suspend un arr\u00eat\u00e9 de Christian Estrosi limitant les bateaux de croisi\u00e8re pr\u00e8s de Nice - vof-news.eu\",\"isPartOf\":{\"@id\":\"https:\/\/vof-news.eu\/fr\/#website\"},\"primaryImageOfPage\":{\"@id\":\"https:\/\/vof-news.eu\/fr\/la-justice-suspend-un-arrete-de-christian-estrosi-limitant-les-bateaux-de-croisiere-pres-de-nice\/#primaryimage\"},\"image\":{\"@id\":\"https:\/\/vof-news.eu\/fr\/la-justice-suspend-un-arrete-de-christian-estrosi-limitant-les-bateaux-de-croisiere-pres-de-nice\/#primaryimage\"},\"thumbnailUrl\":\"https:\/\/vof-news.eu\/wp-content\/uploads\/2025\/07\/c9dd7f1_upload-1-qp1gf21g4oit-000-36vn6zx.jpg\",\"datePublished\":\"2025-07-13T14:32:47+00:00\",\"dateModified\":\"2025-07-13T14:33:25+00:00\",\"author\":{\"@id\":\"https:\/\/vof-news.eu\/fr\/#\/schema\/person\/f6a2a4309f0561835797fd8c19b333ed\"},\"description\":\"Le tribunal administratif de Nice, saisi par le pr\u00e9fet des Alpes-Maritime, a suspendu dimanche 13\u00a0juillet un arr\u00eat\u00e9 pris par Christian Estrosi, pr\u00e9sident de la M\u00e9tropole\u00a0Nice-C\u00f4te d\u2019Azur, qui limitait les escales de paquebots g\u00e9ants \u00e0 Nice et dans la baie de Villefranche. M.\u00a0Estrosi, par ailleurs maire de Nice, n\u2019est et seul le pr\u00e9fet des Alpes-Maritimes peut, , a rapport\u00e9 le tribunal administratif dans un communiqu\u00e9. Le juge des r\u00e9f\u00e9r\u00e9s, , conclut le communiqu\u00e9. Apr\u00e8s avoir assoupli une premi\u00e8re interdiction prise fin janvier, Christian Estrosi avait pris mercredi un nouvel arr\u00eat\u00e9 interdisant les escales de paquebot de plus de 450 passagers \u00e0 Nice, et limitant le nombre de navires transportant plus de 2\u00a0500 passagers \u00e0 Villefranche-sur-mer \u00e0 65 par an et pas plus d\u2019un par jour. \u00ab\u00a0Promotion d\u2019un tourisme raisonn\u00e9\u00a0\u00bb Le maire de Nice avait justifi\u00e9 cet arr\u00eat\u00e9 au nom de . Le pr\u00e9fet des Alpes-Maritimes avait expliqu\u00e9 dans un communiqu\u00e9 jeudi avoir saisi le tribunal administratif, affirmant que l\u2019arr\u00eat\u00e9 \u00e9tait . La gestion des escales \u2013 depuis le mouillage jusqu\u2019au d\u00e9barquement dans les ports \u2013 rel\u00e8ve de comp\u00e9tences partag\u00e9es entre pr\u00e9fecture, pr\u00e9fecture maritime, m\u00e9tropole et d\u00e9partement. Dimanche, r\u00e9agissant \u00e0 l\u2019ordonnance du tribunal administratif de Nice, M.\u00a0Estrosi a insist\u00e9 dans un communiqu\u00e9 sur la n\u00e9cessit\u00e9 de . des m\u00e9ga-croisi\u00e8res, la m\u00e9tropole , a-t-il pr\u00e9venu. Selon la m\u00e9tropole, l\u2019arr\u00eat\u00e9, qui \u00e9tait cens\u00e9 entrer en vigueur vendredi, devait affecter d\u2019ici la fin de l\u2019ann\u00e9e cinq escales pr\u00e9vues dans le port de Nice et 15 en\u00a02026, sur un total de 176 d\u00e9j\u00e0 r\u00e9serv\u00e9es. Concernant la gare maritime de Villefranche-sur-mer, l\u2019arr\u00eat\u00e9 devait concerner, d\u2019ici la fin de l\u2019ann\u00e9e, 12 escales de navires d\u2019une capacit\u00e9 cumul\u00e9e de plus de 38\u00a0000 passagers et, pour 2026, 53 escales d\u2019une capacit\u00e9 totale cumul\u00e9e de plus de 200\u00a0000 passagers, sur un total de 131 escales d\u00e9j\u00e0 r\u00e9serv\u00e9es. Le Monde avec AFP S\u2019abonner Contribuer R\u00e9utiliser ce contenu\",\"breadcrumb\":{\"@id\":\"https:\/\/vof-news.eu\/fr\/la-justice-suspend-un-arrete-de-christian-estrosi-limitant-les-bateaux-de-croisiere-pres-de-nice\/#breadcrumb\"},\"inLanguage\":\"fr-FR\",\"potentialAction\":[{\"@type\":\"ReadAction\",\"target\":[\"https:\/\/vof-news.eu\/fr\/la-justice-suspend-un-arrete-de-christian-estrosi-limitant-les-bateaux-de-croisiere-pres-de-nice\/\"]}]},{\"@type\":\"ImageObject\",\"inLanguage\":\"fr-FR\",\"@id\":\"https:\/\/vof-news.eu\/fr\/la-justice-suspend-un-arrete-de-christian-estrosi-limitant-les-bateaux-de-croisiere-pres-de-nice\/#primaryimage\",\"url\":\"https:\/\/vof-news.eu\/wp-content\/uploads\/2025\/07\/c9dd7f1_upload-1-qp1gf21g4oit-000-36vn6zx.jpg\",\"contentUrl\":\"https:\/\/vof-news.eu\/wp-content\/uploads\/2025\/07\/c9dd7f1_upload-1-qp1gf21g4oit-000-36vn6zx.jpg\",\"width\":664,\"height\":443},{\"@type\":\"BreadcrumbList\",\"@id\":\"https:\/\/vof-news.eu\/fr\/la-justice-suspend-un-arrete-de-christian-estrosi-limitant-les-bateaux-de-croisiere-pres-de-nice\/#breadcrumb\",\"itemListElement\":[{\"@type\":\"ListItem\",\"position\":1,\"name\":\"Home\",\"item\":\"https:\/\/vof-news.eu\/fr\/\"},{\"@type\":\"ListItem\",\"position\":2,\"name\":\"La justice suspend un arr\u00eat\u00e9 de Christian Estrosi limitant les bateaux de croisi\u00e8re pr\u00e8s de Nice\"}]},{\"@type\":\"WebSite\",\"@id\":\"https:\/\/vof-news.eu\/fr\/#website\",\"url\":\"https:\/\/vof-news.eu\/fr\/\",\"name\":\"vof-news.eu\",\"description\":\"\",\"potentialAction\":[{\"@type\":\"SearchAction\",\"target\":{\"@type\":\"EntryPoint\",\"urlTemplate\":\"https:\/\/vof-news.eu\/fr\/?s={search_term_string}\"},\"query-input\":\"required name=search_term_string\"}],\"inLanguage\":\"fr-FR\"},{\"@type\":\"Person\",\"@id\":\"https:\/\/vof-news.eu\/fr\/#\/schema\/person\/f6a2a4309f0561835797fd8c19b333ed\",\"name\":\"Author\",\"image\":{\"@type\":\"ImageObject\",\"inLanguage\":\"fr-FR\",\"@id\":\"https:\/\/vof-news.eu\/fr\/#\/schema\/person\/image\/\",\"url\":\"https:\/\/secure.gravatar.com\/avatar\/b67e614b1b25b3e9c0c239efdd2fde5ab015b5affd6f1c3c85911ca4b384e790?s=96&d=mm&r=g\",\"contentUrl\":\"https:\/\/secure.gravatar.com\/avatar\/b67e614b1b25b3e9c0c239efdd2fde5ab015b5affd6f1c3c85911ca4b384e790?s=96&d=mm&r=g\",\"caption\":\"Author\"},\"sameAs\":[\"http:\/\/vof-news.eu\"],\"url\":\"https:\/\/vof-news.eu\/fr\/author\/zwt6qxnjulxbnyg\/\"}]}<\/script>\n<!-- \/ Yoast SEO plugin. -->","yoast_head_json":{"title":"La justice suspend un arr\u00eat\u00e9 de Christian Estrosi limitant les bateaux de croisi\u00e8re pr\u00e8s de Nice - vof-news.eu","description":"Le tribunal administratif de Nice, saisi par le pr\u00e9fet des Alpes-Maritime, a suspendu dimanche 13\u00a0juillet un arr\u00eat\u00e9 pris par Christian Estrosi, pr\u00e9sident de la M\u00e9tropole\u00a0Nice-C\u00f4te d\u2019Azur, qui limitait les escales de paquebots g\u00e9ants \u00e0 Nice et dans la baie de Villefranche. M.\u00a0Estrosi, par ailleurs maire de Nice, n\u2019est et seul le pr\u00e9fet des Alpes-Maritimes peut, , a rapport\u00e9 le tribunal administratif dans un communiqu\u00e9. Le juge des r\u00e9f\u00e9r\u00e9s, , conclut le communiqu\u00e9. Apr\u00e8s avoir assoupli une premi\u00e8re interdiction prise fin janvier, Christian Estrosi avait pris mercredi un nouvel arr\u00eat\u00e9 interdisant les escales de paquebot de plus de 450 passagers \u00e0 Nice, et limitant le nombre de navires transportant plus de 2\u00a0500 passagers \u00e0 Villefranche-sur-mer \u00e0 65 par an et pas plus d\u2019un par jour. \u00ab\u00a0Promotion d\u2019un tourisme raisonn\u00e9\u00a0\u00bb Le maire de Nice avait justifi\u00e9 cet arr\u00eat\u00e9 au nom de . Le pr\u00e9fet des Alpes-Maritimes avait expliqu\u00e9 dans un communiqu\u00e9 jeudi avoir saisi le tribunal administratif, affirmant que l\u2019arr\u00eat\u00e9 \u00e9tait . La gestion des escales \u2013 depuis le mouillage jusqu\u2019au d\u00e9barquement dans les ports \u2013 rel\u00e8ve de comp\u00e9tences partag\u00e9es entre pr\u00e9fecture, pr\u00e9fecture maritime, m\u00e9tropole et d\u00e9partement. Dimanche, r\u00e9agissant \u00e0 l\u2019ordonnance du tribunal administratif de Nice, M.\u00a0Estrosi a insist\u00e9 dans un communiqu\u00e9 sur la n\u00e9cessit\u00e9 de . des m\u00e9ga-croisi\u00e8res, la m\u00e9tropole , a-t-il pr\u00e9venu. Selon la m\u00e9tropole, l\u2019arr\u00eat\u00e9, qui \u00e9tait cens\u00e9 entrer en vigueur vendredi, devait affecter d\u2019ici la fin de l\u2019ann\u00e9e cinq escales pr\u00e9vues dans le port de Nice et 15 en\u00a02026, sur un total de 176 d\u00e9j\u00e0 r\u00e9serv\u00e9es.     Concernant la gare maritime de Villefranche-sur-mer, l\u2019arr\u00eat\u00e9 devait concerner, d\u2019ici la fin de l\u2019ann\u00e9e, 12 escales de navires d\u2019une capacit\u00e9 cumul\u00e9e de plus de 38\u00a0000 passagers et, pour 2026, 53 escales d\u2019une capacit\u00e9 totale cumul\u00e9e de plus de 200\u00a0000 passagers, sur un total de 131 escales d\u00e9j\u00e0 r\u00e9serv\u00e9es.    Le Monde avec AFP      S\u2019abonner   Contribuer R\u00e9utiliser ce contenu","robots":{"index":"noindex","follow":"follow","max-snippet":"max-snippet:-1","max-image-preview":"max-image-preview:large","max-video-preview":"max-video-preview:-1"},"og_locale":"fr_FR","og_type":"article","og_title":"La justice suspend un arr\u00eat\u00e9 de Christian Estrosi limitant les bateaux de croisi\u00e8re pr\u00e8s de Nice - vof-news.eu","og_description":"Le tribunal administratif de Nice, saisi par le pr\u00e9fet des Alpes-Maritime, a suspendu dimanche 13\u00a0juillet un arr\u00eat\u00e9 pris par Christian Estrosi, pr\u00e9sident de la M\u00e9tropole\u00a0Nice-C\u00f4te d\u2019Azur, qui limitait les escales de paquebots g\u00e9ants \u00e0 Nice et dans la baie de Villefranche. M.\u00a0Estrosi, par ailleurs maire de Nice, n\u2019est et seul le pr\u00e9fet des Alpes-Maritimes peut, , a rapport\u00e9 le tribunal administratif dans un communiqu\u00e9. Le juge des r\u00e9f\u00e9r\u00e9s, , conclut le communiqu\u00e9. Apr\u00e8s avoir assoupli une premi\u00e8re interdiction prise fin janvier, Christian Estrosi avait pris mercredi un nouvel arr\u00eat\u00e9 interdisant les escales de paquebot de plus de 450 passagers \u00e0 Nice, et limitant le nombre de navires transportant plus de 2\u00a0500 passagers \u00e0 Villefranche-sur-mer \u00e0 65 par an et pas plus d\u2019un par jour. \u00ab\u00a0Promotion d\u2019un tourisme raisonn\u00e9\u00a0\u00bb Le maire de Nice avait justifi\u00e9 cet arr\u00eat\u00e9 au nom de . Le pr\u00e9fet des Alpes-Maritimes avait expliqu\u00e9 dans un communiqu\u00e9 jeudi avoir saisi le tribunal administratif, affirmant que l\u2019arr\u00eat\u00e9 \u00e9tait . La gestion des escales \u2013 depuis le mouillage jusqu\u2019au d\u00e9barquement dans les ports \u2013 rel\u00e8ve de comp\u00e9tences partag\u00e9es entre pr\u00e9fecture, pr\u00e9fecture maritime, m\u00e9tropole et d\u00e9partement. Dimanche, r\u00e9agissant \u00e0 l\u2019ordonnance du tribunal administratif de Nice, M.\u00a0Estrosi a insist\u00e9 dans un communiqu\u00e9 sur la n\u00e9cessit\u00e9 de . des m\u00e9ga-croisi\u00e8res, la m\u00e9tropole , a-t-il pr\u00e9venu. Selon la m\u00e9tropole, l\u2019arr\u00eat\u00e9, qui \u00e9tait cens\u00e9 entrer en vigueur vendredi, devait affecter d\u2019ici la fin de l\u2019ann\u00e9e cinq escales pr\u00e9vues dans le port de Nice et 15 en\u00a02026, sur un total de 176 d\u00e9j\u00e0 r\u00e9serv\u00e9es.     Concernant la gare maritime de Villefranche-sur-mer, l\u2019arr\u00eat\u00e9 devait concerner, d\u2019ici la fin de l\u2019ann\u00e9e, 12 escales de navires d\u2019une capacit\u00e9 cumul\u00e9e de plus de 38\u00a0000 passagers et, pour 2026, 53 escales d\u2019une capacit\u00e9 totale cumul\u00e9e de plus de 200\u00a0000 passagers, sur un total de 131 escales d\u00e9j\u00e0 r\u00e9serv\u00e9es.    Le Monde avec AFP      S\u2019abonner   Contribuer R\u00e9utiliser ce contenu","og_url":"https:\/\/vof-news.eu\/fr\/la-justice-suspend-un-arrete-de-christian-estrosi-limitant-les-bateaux-de-croisiere-pres-de-nice\/","og_site_name":"vof-news.eu","article_published_time":"2025-07-13T14:32:47+00:00","article_modified_time":"2025-07-13T14:33:25+00:00","og_image":[{"width":664,"height":443,"url":"https:\/\/vof-news.eu\/wp-content\/uploads\/2025\/07\/c9dd7f1_upload-1-qp1gf21g4oit-000-36vn6zx.jpg","type":"image\/jpeg"}],"author":"Author","twitter_card":"summary_large_image","twitter_misc":{"\u00c9crit par":"Author","Dur\u00e9e de lecture estim\u00e9e":"2 minutes"},"schema":{"@context":"https:\/\/schema.org","@graph":[{"@type":"WebPage","@id":"https:\/\/vof-news.eu\/fr\/la-justice-suspend-un-arrete-de-christian-estrosi-limitant-les-bateaux-de-croisiere-pres-de-nice\/","url":"https:\/\/vof-news.eu\/fr\/la-justice-suspend-un-arrete-de-christian-estrosi-limitant-les-bateaux-de-croisiere-pres-de-nice\/","name":"La justice suspend un arr\u00eat\u00e9 de Christian Estrosi limitant les bateaux de croisi\u00e8re pr\u00e8s de Nice - vof-news.eu","isPartOf":{"@id":"https:\/\/vof-news.eu\/fr\/#website"},"primaryImageOfPage":{"@id":"https:\/\/vof-news.eu\/fr\/la-justice-suspend-un-arrete-de-christian-estrosi-limitant-les-bateaux-de-croisiere-pres-de-nice\/#primaryimage"},"image":{"@id":"https:\/\/vof-news.eu\/fr\/la-justice-suspend-un-arrete-de-christian-estrosi-limitant-les-bateaux-de-croisiere-pres-de-nice\/#primaryimage"},"thumbnailUrl":"https:\/\/vof-news.eu\/wp-content\/uploads\/2025\/07\/c9dd7f1_upload-1-qp1gf21g4oit-000-36vn6zx.jpg","datePublished":"2025-07-13T14:32:47+00:00","dateModified":"2025-07-13T14:33:25+00:00","author":{"@id":"https:\/\/vof-news.eu\/fr\/#\/schema\/person\/f6a2a4309f0561835797fd8c19b333ed"},"description":"Le tribunal administratif de Nice, saisi par le pr\u00e9fet des Alpes-Maritime, a suspendu dimanche 13\u00a0juillet un arr\u00eat\u00e9 pris par Christian Estrosi, pr\u00e9sident de la M\u00e9tropole\u00a0Nice-C\u00f4te d\u2019Azur, qui limitait les escales de paquebots g\u00e9ants \u00e0 Nice et dans la baie de Villefranche. M.\u00a0Estrosi, par ailleurs maire de Nice, n\u2019est et seul le pr\u00e9fet des Alpes-Maritimes peut, , a rapport\u00e9 le tribunal administratif dans un communiqu\u00e9. Le juge des r\u00e9f\u00e9r\u00e9s, , conclut le communiqu\u00e9. Apr\u00e8s avoir assoupli une premi\u00e8re interdiction prise fin janvier, Christian Estrosi avait pris mercredi un nouvel arr\u00eat\u00e9 interdisant les escales de paquebot de plus de 450 passagers \u00e0 Nice, et limitant le nombre de navires transportant plus de 2\u00a0500 passagers \u00e0 Villefranche-sur-mer \u00e0 65 par an et pas plus d\u2019un par jour. \u00ab\u00a0Promotion d\u2019un tourisme raisonn\u00e9\u00a0\u00bb Le maire de Nice avait justifi\u00e9 cet arr\u00eat\u00e9 au nom de . Le pr\u00e9fet des Alpes-Maritimes avait expliqu\u00e9 dans un communiqu\u00e9 jeudi avoir saisi le tribunal administratif, affirmant que l\u2019arr\u00eat\u00e9 \u00e9tait . La gestion des escales \u2013 depuis le mouillage jusqu\u2019au d\u00e9barquement dans les ports \u2013 rel\u00e8ve de comp\u00e9tences partag\u00e9es entre pr\u00e9fecture, pr\u00e9fecture maritime, m\u00e9tropole et d\u00e9partement. Dimanche, r\u00e9agissant \u00e0 l\u2019ordonnance du tribunal administratif de Nice, M.\u00a0Estrosi a insist\u00e9 dans un communiqu\u00e9 sur la n\u00e9cessit\u00e9 de . des m\u00e9ga-croisi\u00e8res, la m\u00e9tropole , a-t-il pr\u00e9venu. Selon la m\u00e9tropole, l\u2019arr\u00eat\u00e9, qui \u00e9tait cens\u00e9 entrer en vigueur vendredi, devait affecter d\u2019ici la fin de l\u2019ann\u00e9e cinq escales pr\u00e9vues dans le port de Nice et 15 en\u00a02026, sur un total de 176 d\u00e9j\u00e0 r\u00e9serv\u00e9es. Concernant la gare maritime de Villefranche-sur-mer, l\u2019arr\u00eat\u00e9 devait concerner, d\u2019ici la fin de l\u2019ann\u00e9e, 12 escales de navires d\u2019une capacit\u00e9 cumul\u00e9e de plus de 38\u00a0000 passagers et, pour 2026, 53 escales d\u2019une capacit\u00e9 totale cumul\u00e9e de plus de 200\u00a0000 passagers, sur un total de 131 escales d\u00e9j\u00e0 r\u00e9serv\u00e9es. Le Monde avec AFP S\u2019abonner Contribuer R\u00e9utiliser ce contenu","breadcrumb":{"@id":"https:\/\/vof-news.eu\/fr\/la-justice-suspend-un-arrete-de-christian-estrosi-limitant-les-bateaux-de-croisiere-pres-de-nice\/#breadcrumb"},"inLanguage":"fr-FR","potentialAction":[{"@type":"ReadAction","target":["https:\/\/vof-news.eu\/fr\/la-justice-suspend-un-arrete-de-christian-estrosi-limitant-les-bateaux-de-croisiere-pres-de-nice\/"]}]},{"@type":"ImageObject","inLanguage":"fr-FR","@id":"https:\/\/vof-news.eu\/fr\/la-justice-suspend-un-arrete-de-christian-estrosi-limitant-les-bateaux-de-croisiere-pres-de-nice\/#primaryimage","url":"https:\/\/vof-news.eu\/wp-content\/uploads\/2025\/07\/c9dd7f1_upload-1-qp1gf21g4oit-000-36vn6zx.jpg","contentUrl":"https:\/\/vof-news.eu\/wp-content\/uploads\/2025\/07\/c9dd7f1_upload-1-qp1gf21g4oit-000-36vn6zx.jpg","width":664,"height":443},{"@type":"BreadcrumbList","@id":"https:\/\/vof-news.eu\/fr\/la-justice-suspend-un-arrete-de-christian-estrosi-limitant-les-bateaux-de-croisiere-pres-de-nice\/#breadcrumb","itemListElement":[{"@type":"ListItem","position":1,"name":"Home","item":"https:\/\/vof-news.eu\/fr\/"},{"@type":"ListItem","position":2,"name":"La justice suspend un arr\u00eat\u00e9 de Christian Estrosi limitant les bateaux de croisi\u00e8re pr\u00e8s de Nice"}]},{"@type":"WebSite","@id":"https:\/\/vof-news.eu\/fr\/#website","url":"https:\/\/vof-news.eu\/fr\/","name":"vof-news.eu","description":"","potentialAction":[{"@type":"SearchAction","target":{"@type":"EntryPoint","urlTemplate":"https:\/\/vof-news.eu\/fr\/?s={search_term_string}"},"query-input":"required name=search_term_string"}],"inLanguage":"fr-FR"},{"@type":"Person","@id":"https:\/\/vof-news.eu\/fr\/#\/schema\/person\/f6a2a4309f0561835797fd8c19b333ed","name":"Author","image":{"@type":"ImageObject","inLanguage":"fr-FR","@id":"https:\/\/vof-news.eu\/fr\/#\/schema\/person\/image\/","url":"https:\/\/secure.gravatar.com\/avatar\/b67e614b1b25b3e9c0c239efdd2fde5ab015b5affd6f1c3c85911ca4b384e790?s=96&d=mm&r=g","contentUrl":"https:\/\/secure.gravatar.com\/avatar\/b67e614b1b25b3e9c0c239efdd2fde5ab015b5affd6f1c3c85911ca4b384e790?s=96&d=mm&r=g","caption":"Author"},"sameAs":["http:\/\/vof-news.eu"],"url":"https:\/\/vof-news.eu\/fr\/author\/zwt6qxnjulxbnyg\/"}]}},"yoast_meta":{"yoast_wpseo_title":"","yoast_wpseo_metadesc":"","yoast_wpseo_canonical":""},"_links":{"self":[{"href":"https:\/\/vof-news.eu\/fr\/wp-json\/wp\/v2\/posts\/253506","targetHints":{"allow":["GET"]}}],"collection":[{"href":"https:\/\/vof-news.eu\/fr\/wp-json\/wp\/v2\/posts"}],"about":[{"href":"https:\/\/vof-news.eu\/fr\/wp-json\/wp\/v2\/types\/post"}],"author":[{"embeddable":true,"href":"https:\/\/vof-news.eu\/fr\/wp-json\/wp\/v2\/users\/1"}],"replies":[{"embeddable":true,"href":"https:\/\/vof-news.eu\/fr\/wp-json\/wp\/v2\/comments?post=253506"}],"version-history":[{"count":1,"href":"https:\/\/vof-news.eu\/fr\/wp-json\/wp\/v2\/posts\/253506\/revisions"}],"predecessor-version":[{"id":253513,"href":"https:\/\/vof-news.eu\/fr\/wp-json\/wp\/v2\/posts\/253506\/revisions\/253513"}],"wp:featuredmedia":[{"embeddable":true,"href":"https:\/\/vof-news.eu\/fr\/wp-json\/wp\/v2\/media\/253507"}],"wp:attachment":[{"href":"https:\/\/vof-news.eu\/fr\/wp-json\/wp\/v2\/media?parent=253506"}],"wp:term":[{"taxonomy":"category","embeddable":true,"href":"https:\/\/vof-news.eu\/fr\/wp-json\/wp\/v2\/categories?post=253506"},{"taxonomy":"post_tag","embeddable":true,"href":"https:\/\/vof-news.eu\/fr\/wp-json\/wp\/v2\/tags?post=253506"}],"curies":[{"name":"wp","href":"https:\/\/api.w.org\/{rel}","templated":true}]}}