{"id":253250,"date":"2025-07-13T07:31:46","date_gmt":"2025-07-13T04:31:46","guid":{"rendered":"https:\/\/vof-news.eu\/le-bilan-mitige-dune-annee-parlementaire-chaotique-entre-censure-debats-houleux-et-multiplication-des-textes\/"},"modified":"2025-07-13T07:32:18","modified_gmt":"2025-07-13T04:32:18","slug":"le-bilan-mitige-dune-annee-parlementaire-chaotique-entre-censure-debats-houleux-et-multiplication-des-textes","status":"publish","type":"post","link":"https:\/\/vof-news.eu\/fr\/le-bilan-mitige-dune-annee-parlementaire-chaotique-entre-censure-debats-houleux-et-multiplication-des-textes\/","title":{"rendered":"Le bilan mitig\u00e9 d\u2019une ann\u00e9e parlementaire chaotique, entre censure, d\u00e9bats houleux et multiplication des textes"},"content":{"rendered":"<article>\n<p>En p\u00e9n\u00e9trant dans la salle Empire du Palais-Bourbon, le 3\u00a0juillet, Ya\u00ebl Braun-Pivet affiche un grand sourire. Les \u00e9quipes de la pr\u00e9sidente de l\u2019Assembl\u00e9e nationale, aussi d\u00e9put\u00e9e (Renaissance) des Yvelines, viennent de distribuer aux journalistes pr\u00e9sents pour la conf\u00e9rence de presse un livret qui fait l\u2019\u00e9loge de cette ann\u00e9e parlementaire sous la XVII<sup>e<\/sup> l\u00e9gislature, d\u00e9but\u00e9e en juillet\u00a02024 apr\u00e8s la dissolution. ,se\u00a0f\u00e9licite-t-elle, un an plus tard. Vrai optimisme ou m\u00e9thode Cou\u00e9\u00a0? , plaide Ya\u00ebl Braun-Pivet.<\/p>\n<p>A l\u2019heure o\u00f9 l\u2019Assembl\u00e9e nationale vient de clore ses travaux, jeudi 10\u00a0juillet, pour laisser place \u00e0 la tr\u00eave estivale, la pr\u00e9sidente de l\u2019institution est bien seule \u00e0 d\u00e9fendre avec autant d\u2019enthousiasme le bilan de la dr\u00f4le d\u2019ann\u00e9e qui vient de s\u2019\u00e9couler. Peu de d\u00e9put\u00e9s interrog\u00e9s, du bloc central ou de l\u2019opposition, ont l\u2019impression de partir en vacances avec le sentiment du devoir accompli. <a href=\"https:\/\/www.lemonde.fr\/disparitions\/article\/2025\/07\/07\/olivier-marleix-depute-lr-et-ancien-chef-de-groupe-est-mort_6619673_3382.html\" rel=\"nofollow\">La mort brutale, lundi, d\u2019Olivier Marleix<\/a>, d\u00e9put\u00e9 (Les R\u00e9publicains) d\u2019Eure-et-Loir, n\u2019a fait qu\u2019assombrir un tableau d\u00e9j\u00e0 maussade, entre un certain immobilisme d\u2019une Assembl\u00e9e morcel\u00e9e en trois blocs et onze groupes, la censure d\u2019un gouvernement \u00e0 l\u2019hiver 2024, la survie \u2013 pour l\u2019instant \u2013 d\u2019un autre sans ligne claire au Parlement, une image chaotique caus\u00e9e par des d\u00e9bats houleux et le sentiment d\u2019impossibles compromis.<\/p>\n<p><strong>Il vous reste 79.06% de cet article \u00e0 lire. La suite est r\u00e9serv\u00e9e aux abonn\u00e9s.<\/strong><\/p>\n<\/article>\n","protected":false},"excerpt":{"rendered":"<p>En p\u00e9n\u00e9trant dans la salle Empire du Palais-Bourbon, le 3\u00a0juillet, Ya\u00ebl Braun-Pivet affiche un grand sourire. Les \u00e9quipes de la pr\u00e9sidente de l\u2019Assembl\u00e9e nationale, aussi d\u00e9put\u00e9e (Renaissance) des Yvelines, viennent de distribuer aux journalistes pr\u00e9sents pour la conf\u00e9rence de presse un livret qui fait l\u2019\u00e9loge de cette ann\u00e9e parlementaire sous la XVIIe l\u00e9gislature, d\u00e9but\u00e9e en<\/p>\n","protected":false},"author":1,"featured_media":253251,"comment_status":"open","ping_status":"open","sticky":false,"template":"","format":"standard","meta":{"footnotes":""},"categories":[68],"tags":[],"class_list":["post-253250","post","type-post","status-publish","format-standard","has-post-thumbnail","hentry","category-politics-fr"],"acf":[],"yoast_head":"<!-- This site is optimized with the Yoast SEO plugin v22.9 - https:\/\/yoast.com\/wordpress\/plugins\/seo\/ -->\n<title>Le bilan mitig\u00e9 d\u2019une ann\u00e9e parlementaire chaotique, entre censure, d\u00e9bats houleux et multiplication des textes - vof-news.eu<\/title>\n<meta name=\"description\" content=\"En p\u00e9n\u00e9trant dans la salle Empire du Palais-Bourbon, le 3\u00a0juillet, Ya\u00ebl Braun-Pivet affiche un grand sourire. Les \u00e9quipes de la pr\u00e9sidente de l\u2019Assembl\u00e9e nationale, aussi d\u00e9put\u00e9e (Renaissance) des Yvelines, viennent de distribuer aux journalistes pr\u00e9sents pour la conf\u00e9rence de presse un livret qui fait l\u2019\u00e9loge de cette ann\u00e9e parlementaire sous la XVIIe l\u00e9gislature, d\u00e9but\u00e9e en juillet\u00a02024 apr\u00e8s la dissolution. ,se\u00a0f\u00e9licite-t-elle, un an plus tard. Vrai optimisme ou m\u00e9thode Cou\u00e9\u00a0? , plaide Ya\u00ebl Braun-Pivet. A l\u2019heure o\u00f9 l\u2019Assembl\u00e9e nationale vient de clore ses travaux, jeudi 10\u00a0juillet, pour laisser place \u00e0 la tr\u00eave estivale, la pr\u00e9sidente de l\u2019institution est bien seule \u00e0 d\u00e9fendre avec autant d\u2019enthousiasme le bilan de la dr\u00f4le d\u2019ann\u00e9e qui vient de s\u2019\u00e9couler. Peu de d\u00e9put\u00e9s interrog\u00e9s, du bloc central ou de l\u2019opposition, ont l\u2019impression de partir en vacances avec le sentiment du devoir accompli. La mort brutale, lundi, d\u2019Olivier Marleix, d\u00e9put\u00e9 (Les R\u00e9publicains) d\u2019Eure-et-Loir, n\u2019a fait qu\u2019assombrir un tableau d\u00e9j\u00e0 maussade, entre un certain immobilisme d\u2019une Assembl\u00e9e morcel\u00e9e en trois blocs et onze groupes, la censure d\u2019un gouvernement \u00e0 l\u2019hiver 2024, la survie \u2013 pour l\u2019instant \u2013 d\u2019un autre sans ligne claire au Parlement, une image chaotique caus\u00e9e par des d\u00e9bats houleux et le sentiment d\u2019impossibles compromis. Il vous reste 79.06% de cet article \u00e0 lire. La suite est r\u00e9serv\u00e9e aux abonn\u00e9s.\" \/>\n<meta name=\"robots\" content=\"noindex, follow, max-snippet:-1, max-image-preview:large, max-video-preview:-1\" \/>\n<meta property=\"og:locale\" content=\"fr_FR\" \/>\n<meta property=\"og:type\" content=\"article\" \/>\n<meta property=\"og:title\" content=\"Le bilan mitig\u00e9 d\u2019une ann\u00e9e parlementaire chaotique, entre censure, d\u00e9bats houleux et multiplication des textes - vof-news.eu\" \/>\n<meta property=\"og:description\" content=\"En p\u00e9n\u00e9trant dans la salle Empire du Palais-Bourbon, le 3\u00a0juillet, Ya\u00ebl Braun-Pivet affiche un grand sourire. Les \u00e9quipes de la pr\u00e9sidente de l\u2019Assembl\u00e9e nationale, aussi d\u00e9put\u00e9e (Renaissance) des Yvelines, viennent de distribuer aux journalistes pr\u00e9sents pour la conf\u00e9rence de presse un livret qui fait l\u2019\u00e9loge de cette ann\u00e9e parlementaire sous la XVIIe l\u00e9gislature, d\u00e9but\u00e9e en juillet\u00a02024 apr\u00e8s la dissolution. ,se\u00a0f\u00e9licite-t-elle, un an plus tard. Vrai optimisme ou m\u00e9thode Cou\u00e9\u00a0? , plaide Ya\u00ebl Braun-Pivet. A l\u2019heure o\u00f9 l\u2019Assembl\u00e9e nationale vient de clore ses travaux, jeudi 10\u00a0juillet, pour laisser place \u00e0 la tr\u00eave estivale, la pr\u00e9sidente de l\u2019institution est bien seule \u00e0 d\u00e9fendre avec autant d\u2019enthousiasme le bilan de la dr\u00f4le d\u2019ann\u00e9e qui vient de s\u2019\u00e9couler. Peu de d\u00e9put\u00e9s interrog\u00e9s, du bloc central ou de l\u2019opposition, ont l\u2019impression de partir en vacances avec le sentiment du devoir accompli. La mort brutale, lundi, d\u2019Olivier Marleix, d\u00e9put\u00e9 (Les R\u00e9publicains) d\u2019Eure-et-Loir, n\u2019a fait qu\u2019assombrir un tableau d\u00e9j\u00e0 maussade, entre un certain immobilisme d\u2019une Assembl\u00e9e morcel\u00e9e en trois blocs et onze groupes, la censure d\u2019un gouvernement \u00e0 l\u2019hiver 2024, la survie \u2013 pour l\u2019instant \u2013 d\u2019un autre sans ligne claire au Parlement, une image chaotique caus\u00e9e par des d\u00e9bats houleux et le sentiment d\u2019impossibles compromis. Il vous reste 79.06% de cet article \u00e0 lire. La suite est r\u00e9serv\u00e9e aux abonn\u00e9s.\" \/>\n<meta property=\"og:url\" content=\"https:\/\/vof-news.eu\/fr\/le-bilan-mitige-dune-annee-parlementaire-chaotique-entre-censure-debats-houleux-et-multiplication-des-textes\/\" \/>\n<meta property=\"og:site_name\" content=\"vof-news.eu\" \/>\n<meta property=\"article:published_time\" content=\"2025-07-13T04:31:46+00:00\" \/>\n<meta property=\"article:modified_time\" content=\"2025-07-13T04:32:18+00:00\" \/>\n<meta property=\"og:image\" content=\"https:\/\/vof-news.eu\/wp-content\/uploads\/2025\/07\/1f3fea2_upload-1-jmf7dbnenuc0-595993.jpg\" \/>\n\t<meta property=\"og:image:width\" content=\"664\" \/>\n\t<meta property=\"og:image:height\" content=\"443\" \/>\n\t<meta property=\"og:image:type\" content=\"image\/jpeg\" \/>\n<meta name=\"author\" content=\"Author\" \/>\n<meta name=\"twitter:card\" content=\"summary_large_image\" \/>\n<meta name=\"twitter:label1\" content=\"\u00c9crit par\" \/>\n\t<meta name=\"twitter:data1\" content=\"Author\" \/>\n\t<meta name=\"twitter:label2\" content=\"Dur\u00e9e de lecture estim\u00e9e\" \/>\n\t<meta name=\"twitter:data2\" content=\"1 minute\" \/>\n<script type=\"application\/ld+json\" class=\"yoast-schema-graph\">{\"@context\":\"https:\/\/schema.org\",\"@graph\":[{\"@type\":\"WebPage\",\"@id\":\"https:\/\/vof-news.eu\/fr\/le-bilan-mitige-dune-annee-parlementaire-chaotique-entre-censure-debats-houleux-et-multiplication-des-textes\/\",\"url\":\"https:\/\/vof-news.eu\/fr\/le-bilan-mitige-dune-annee-parlementaire-chaotique-entre-censure-debats-houleux-et-multiplication-des-textes\/\",\"name\":\"Le bilan mitig\u00e9 d\u2019une ann\u00e9e parlementaire chaotique, entre censure, d\u00e9bats houleux et multiplication des textes - vof-news.eu\",\"isPartOf\":{\"@id\":\"https:\/\/vof-news.eu\/fr\/#website\"},\"primaryImageOfPage\":{\"@id\":\"https:\/\/vof-news.eu\/fr\/le-bilan-mitige-dune-annee-parlementaire-chaotique-entre-censure-debats-houleux-et-multiplication-des-textes\/#primaryimage\"},\"image\":{\"@id\":\"https:\/\/vof-news.eu\/fr\/le-bilan-mitige-dune-annee-parlementaire-chaotique-entre-censure-debats-houleux-et-multiplication-des-textes\/#primaryimage\"},\"thumbnailUrl\":\"https:\/\/vof-news.eu\/wp-content\/uploads\/2025\/07\/1f3fea2_upload-1-jmf7dbnenuc0-595993.jpg\",\"datePublished\":\"2025-07-13T04:31:46+00:00\",\"dateModified\":\"2025-07-13T04:32:18+00:00\",\"author\":{\"@id\":\"https:\/\/vof-news.eu\/fr\/#\/schema\/person\/f6a2a4309f0561835797fd8c19b333ed\"},\"description\":\"En p\u00e9n\u00e9trant dans la salle Empire du Palais-Bourbon, le 3\u00a0juillet, Ya\u00ebl Braun-Pivet affiche un grand sourire. Les \u00e9quipes de la pr\u00e9sidente de l\u2019Assembl\u00e9e nationale, aussi d\u00e9put\u00e9e (Renaissance) des Yvelines, viennent de distribuer aux journalistes pr\u00e9sents pour la conf\u00e9rence de presse un livret qui fait l\u2019\u00e9loge de cette ann\u00e9e parlementaire sous la XVIIe l\u00e9gislature, d\u00e9but\u00e9e en juillet\u00a02024 apr\u00e8s la dissolution. ,se\u00a0f\u00e9licite-t-elle, un an plus tard. Vrai optimisme ou m\u00e9thode Cou\u00e9\u00a0? , plaide Ya\u00ebl Braun-Pivet. A l\u2019heure o\u00f9 l\u2019Assembl\u00e9e nationale vient de clore ses travaux, jeudi 10\u00a0juillet, pour laisser place \u00e0 la tr\u00eave estivale, la pr\u00e9sidente de l\u2019institution est bien seule \u00e0 d\u00e9fendre avec autant d\u2019enthousiasme le bilan de la dr\u00f4le d\u2019ann\u00e9e qui vient de s\u2019\u00e9couler. Peu de d\u00e9put\u00e9s interrog\u00e9s, du bloc central ou de l\u2019opposition, ont l\u2019impression de partir en vacances avec le sentiment du devoir accompli. La mort brutale, lundi, d\u2019Olivier Marleix, d\u00e9put\u00e9 (Les R\u00e9publicains) d\u2019Eure-et-Loir, n\u2019a fait qu\u2019assombrir un tableau d\u00e9j\u00e0 maussade, entre un certain immobilisme d\u2019une Assembl\u00e9e morcel\u00e9e en trois blocs et onze groupes, la censure d\u2019un gouvernement \u00e0 l\u2019hiver 2024, la survie \u2013 pour l\u2019instant \u2013 d\u2019un autre sans ligne claire au Parlement, une image chaotique caus\u00e9e par des d\u00e9bats houleux et le sentiment d\u2019impossibles compromis. Il vous reste 79.06% de cet article \u00e0 lire. La suite est r\u00e9serv\u00e9e aux abonn\u00e9s.\",\"breadcrumb\":{\"@id\":\"https:\/\/vof-news.eu\/fr\/le-bilan-mitige-dune-annee-parlementaire-chaotique-entre-censure-debats-houleux-et-multiplication-des-textes\/#breadcrumb\"},\"inLanguage\":\"fr-FR\",\"potentialAction\":[{\"@type\":\"ReadAction\",\"target\":[\"https:\/\/vof-news.eu\/fr\/le-bilan-mitige-dune-annee-parlementaire-chaotique-entre-censure-debats-houleux-et-multiplication-des-textes\/\"]}]},{\"@type\":\"ImageObject\",\"inLanguage\":\"fr-FR\",\"@id\":\"https:\/\/vof-news.eu\/fr\/le-bilan-mitige-dune-annee-parlementaire-chaotique-entre-censure-debats-houleux-et-multiplication-des-textes\/#primaryimage\",\"url\":\"https:\/\/vof-news.eu\/wp-content\/uploads\/2025\/07\/1f3fea2_upload-1-jmf7dbnenuc0-595993.jpg\",\"contentUrl\":\"https:\/\/vof-news.eu\/wp-content\/uploads\/2025\/07\/1f3fea2_upload-1-jmf7dbnenuc0-595993.jpg\",\"width\":664,\"height\":443},{\"@type\":\"BreadcrumbList\",\"@id\":\"https:\/\/vof-news.eu\/fr\/le-bilan-mitige-dune-annee-parlementaire-chaotique-entre-censure-debats-houleux-et-multiplication-des-textes\/#breadcrumb\",\"itemListElement\":[{\"@type\":\"ListItem\",\"position\":1,\"name\":\"Home\",\"item\":\"https:\/\/vof-news.eu\/fr\/\"},{\"@type\":\"ListItem\",\"position\":2,\"name\":\"Le bilan mitig\u00e9 d\u2019une ann\u00e9e parlementaire chaotique, entre censure, d\u00e9bats houleux et multiplication des textes\"}]},{\"@type\":\"WebSite\",\"@id\":\"https:\/\/vof-news.eu\/fr\/#website\",\"url\":\"https:\/\/vof-news.eu\/fr\/\",\"name\":\"vof-news.eu\",\"description\":\"\",\"potentialAction\":[{\"@type\":\"SearchAction\",\"target\":{\"@type\":\"EntryPoint\",\"urlTemplate\":\"https:\/\/vof-news.eu\/fr\/?s={search_term_string}\"},\"query-input\":\"required name=search_term_string\"}],\"inLanguage\":\"fr-FR\"},{\"@type\":\"Person\",\"@id\":\"https:\/\/vof-news.eu\/fr\/#\/schema\/person\/f6a2a4309f0561835797fd8c19b333ed\",\"name\":\"Author\",\"image\":{\"@type\":\"ImageObject\",\"inLanguage\":\"fr-FR\",\"@id\":\"https:\/\/vof-news.eu\/fr\/#\/schema\/person\/image\/\",\"url\":\"https:\/\/secure.gravatar.com\/avatar\/b67e614b1b25b3e9c0c239efdd2fde5ab015b5affd6f1c3c85911ca4b384e790?s=96&d=mm&r=g\",\"contentUrl\":\"https:\/\/secure.gravatar.com\/avatar\/b67e614b1b25b3e9c0c239efdd2fde5ab015b5affd6f1c3c85911ca4b384e790?s=96&d=mm&r=g\",\"caption\":\"Author\"},\"sameAs\":[\"http:\/\/vof-news.eu\"],\"url\":\"https:\/\/vof-news.eu\/fr\/author\/zwt6qxnjulxbnyg\/\"}]}<\/script>\n<!-- \/ Yoast SEO plugin. -->","yoast_head_json":{"title":"Le bilan mitig\u00e9 d\u2019une ann\u00e9e parlementaire chaotique, entre censure, d\u00e9bats houleux et multiplication des textes - vof-news.eu","description":"En p\u00e9n\u00e9trant dans la salle Empire du Palais-Bourbon, le 3\u00a0juillet, Ya\u00ebl Braun-Pivet affiche un grand sourire. Les \u00e9quipes de la pr\u00e9sidente de l\u2019Assembl\u00e9e nationale, aussi d\u00e9put\u00e9e (Renaissance) des Yvelines, viennent de distribuer aux journalistes pr\u00e9sents pour la conf\u00e9rence de presse un livret qui fait l\u2019\u00e9loge de cette ann\u00e9e parlementaire sous la XVIIe l\u00e9gislature, d\u00e9but\u00e9e en juillet\u00a02024 apr\u00e8s la dissolution. ,se\u00a0f\u00e9licite-t-elle, un an plus tard. Vrai optimisme ou m\u00e9thode Cou\u00e9\u00a0? , plaide Ya\u00ebl Braun-Pivet. A l\u2019heure o\u00f9 l\u2019Assembl\u00e9e nationale vient de clore ses travaux, jeudi 10\u00a0juillet, pour laisser place \u00e0 la tr\u00eave estivale, la pr\u00e9sidente de l\u2019institution est bien seule \u00e0 d\u00e9fendre avec autant d\u2019enthousiasme le bilan de la dr\u00f4le d\u2019ann\u00e9e qui vient de s\u2019\u00e9couler. Peu de d\u00e9put\u00e9s interrog\u00e9s, du bloc central ou de l\u2019opposition, ont l\u2019impression de partir en vacances avec le sentiment du devoir accompli. La mort brutale, lundi, d\u2019Olivier Marleix, d\u00e9put\u00e9 (Les R\u00e9publicains) d\u2019Eure-et-Loir, n\u2019a fait qu\u2019assombrir un tableau d\u00e9j\u00e0 maussade, entre un certain immobilisme d\u2019une Assembl\u00e9e morcel\u00e9e en trois blocs et onze groupes, la censure d\u2019un gouvernement \u00e0 l\u2019hiver 2024, la survie \u2013 pour l\u2019instant \u2013 d\u2019un autre sans ligne claire au Parlement, une image chaotique caus\u00e9e par des d\u00e9bats houleux et le sentiment d\u2019impossibles compromis. Il vous reste 79.06% de cet article \u00e0 lire. La suite est r\u00e9serv\u00e9e aux abonn\u00e9s.","robots":{"index":"noindex","follow":"follow","max-snippet":"max-snippet:-1","max-image-preview":"max-image-preview:large","max-video-preview":"max-video-preview:-1"},"og_locale":"fr_FR","og_type":"article","og_title":"Le bilan mitig\u00e9 d\u2019une ann\u00e9e parlementaire chaotique, entre censure, d\u00e9bats houleux et multiplication des textes - vof-news.eu","og_description":"En p\u00e9n\u00e9trant dans la salle Empire du Palais-Bourbon, le 3\u00a0juillet, Ya\u00ebl Braun-Pivet affiche un grand sourire. Les \u00e9quipes de la pr\u00e9sidente de l\u2019Assembl\u00e9e nationale, aussi d\u00e9put\u00e9e (Renaissance) des Yvelines, viennent de distribuer aux journalistes pr\u00e9sents pour la conf\u00e9rence de presse un livret qui fait l\u2019\u00e9loge de cette ann\u00e9e parlementaire sous la XVIIe l\u00e9gislature, d\u00e9but\u00e9e en juillet\u00a02024 apr\u00e8s la dissolution. ,se\u00a0f\u00e9licite-t-elle, un an plus tard. Vrai optimisme ou m\u00e9thode Cou\u00e9\u00a0? , plaide Ya\u00ebl Braun-Pivet. A l\u2019heure o\u00f9 l\u2019Assembl\u00e9e nationale vient de clore ses travaux, jeudi 10\u00a0juillet, pour laisser place \u00e0 la tr\u00eave estivale, la pr\u00e9sidente de l\u2019institution est bien seule \u00e0 d\u00e9fendre avec autant d\u2019enthousiasme le bilan de la dr\u00f4le d\u2019ann\u00e9e qui vient de s\u2019\u00e9couler. Peu de d\u00e9put\u00e9s interrog\u00e9s, du bloc central ou de l\u2019opposition, ont l\u2019impression de partir en vacances avec le sentiment du devoir accompli. La mort brutale, lundi, d\u2019Olivier Marleix, d\u00e9put\u00e9 (Les R\u00e9publicains) d\u2019Eure-et-Loir, n\u2019a fait qu\u2019assombrir un tableau d\u00e9j\u00e0 maussade, entre un certain immobilisme d\u2019une Assembl\u00e9e morcel\u00e9e en trois blocs et onze groupes, la censure d\u2019un gouvernement \u00e0 l\u2019hiver 2024, la survie \u2013 pour l\u2019instant \u2013 d\u2019un autre sans ligne claire au Parlement, une image chaotique caus\u00e9e par des d\u00e9bats houleux et le sentiment d\u2019impossibles compromis. Il vous reste 79.06% de cet article \u00e0 lire. La suite est r\u00e9serv\u00e9e aux abonn\u00e9s.","og_url":"https:\/\/vof-news.eu\/fr\/le-bilan-mitige-dune-annee-parlementaire-chaotique-entre-censure-debats-houleux-et-multiplication-des-textes\/","og_site_name":"vof-news.eu","article_published_time":"2025-07-13T04:31:46+00:00","article_modified_time":"2025-07-13T04:32:18+00:00","og_image":[{"width":664,"height":443,"url":"https:\/\/vof-news.eu\/wp-content\/uploads\/2025\/07\/1f3fea2_upload-1-jmf7dbnenuc0-595993.jpg","type":"image\/jpeg"}],"author":"Author","twitter_card":"summary_large_image","twitter_misc":{"\u00c9crit par":"Author","Dur\u00e9e de lecture estim\u00e9e":"1 minute"},"schema":{"@context":"https:\/\/schema.org","@graph":[{"@type":"WebPage","@id":"https:\/\/vof-news.eu\/fr\/le-bilan-mitige-dune-annee-parlementaire-chaotique-entre-censure-debats-houleux-et-multiplication-des-textes\/","url":"https:\/\/vof-news.eu\/fr\/le-bilan-mitige-dune-annee-parlementaire-chaotique-entre-censure-debats-houleux-et-multiplication-des-textes\/","name":"Le bilan mitig\u00e9 d\u2019une ann\u00e9e parlementaire chaotique, entre censure, d\u00e9bats houleux et multiplication des textes - vof-news.eu","isPartOf":{"@id":"https:\/\/vof-news.eu\/fr\/#website"},"primaryImageOfPage":{"@id":"https:\/\/vof-news.eu\/fr\/le-bilan-mitige-dune-annee-parlementaire-chaotique-entre-censure-debats-houleux-et-multiplication-des-textes\/#primaryimage"},"image":{"@id":"https:\/\/vof-news.eu\/fr\/le-bilan-mitige-dune-annee-parlementaire-chaotique-entre-censure-debats-houleux-et-multiplication-des-textes\/#primaryimage"},"thumbnailUrl":"https:\/\/vof-news.eu\/wp-content\/uploads\/2025\/07\/1f3fea2_upload-1-jmf7dbnenuc0-595993.jpg","datePublished":"2025-07-13T04:31:46+00:00","dateModified":"2025-07-13T04:32:18+00:00","author":{"@id":"https:\/\/vof-news.eu\/fr\/#\/schema\/person\/f6a2a4309f0561835797fd8c19b333ed"},"description":"En p\u00e9n\u00e9trant dans la salle Empire du Palais-Bourbon, le 3\u00a0juillet, Ya\u00ebl Braun-Pivet affiche un grand sourire. Les \u00e9quipes de la pr\u00e9sidente de l\u2019Assembl\u00e9e nationale, aussi d\u00e9put\u00e9e (Renaissance) des Yvelines, viennent de distribuer aux journalistes pr\u00e9sents pour la conf\u00e9rence de presse un livret qui fait l\u2019\u00e9loge de cette ann\u00e9e parlementaire sous la XVIIe l\u00e9gislature, d\u00e9but\u00e9e en juillet\u00a02024 apr\u00e8s la dissolution. ,se\u00a0f\u00e9licite-t-elle, un an plus tard. Vrai optimisme ou m\u00e9thode Cou\u00e9\u00a0? , plaide Ya\u00ebl Braun-Pivet. A l\u2019heure o\u00f9 l\u2019Assembl\u00e9e nationale vient de clore ses travaux, jeudi 10\u00a0juillet, pour laisser place \u00e0 la tr\u00eave estivale, la pr\u00e9sidente de l\u2019institution est bien seule \u00e0 d\u00e9fendre avec autant d\u2019enthousiasme le bilan de la dr\u00f4le d\u2019ann\u00e9e qui vient de s\u2019\u00e9couler. Peu de d\u00e9put\u00e9s interrog\u00e9s, du bloc central ou de l\u2019opposition, ont l\u2019impression de partir en vacances avec le sentiment du devoir accompli. La mort brutale, lundi, d\u2019Olivier Marleix, d\u00e9put\u00e9 (Les R\u00e9publicains) d\u2019Eure-et-Loir, n\u2019a fait qu\u2019assombrir un tableau d\u00e9j\u00e0 maussade, entre un certain immobilisme d\u2019une Assembl\u00e9e morcel\u00e9e en trois blocs et onze groupes, la censure d\u2019un gouvernement \u00e0 l\u2019hiver 2024, la survie \u2013 pour l\u2019instant \u2013 d\u2019un autre sans ligne claire au Parlement, une image chaotique caus\u00e9e par des d\u00e9bats houleux et le sentiment d\u2019impossibles compromis. Il vous reste 79.06% de cet article \u00e0 lire. La suite est r\u00e9serv\u00e9e aux abonn\u00e9s.","breadcrumb":{"@id":"https:\/\/vof-news.eu\/fr\/le-bilan-mitige-dune-annee-parlementaire-chaotique-entre-censure-debats-houleux-et-multiplication-des-textes\/#breadcrumb"},"inLanguage":"fr-FR","potentialAction":[{"@type":"ReadAction","target":["https:\/\/vof-news.eu\/fr\/le-bilan-mitige-dune-annee-parlementaire-chaotique-entre-censure-debats-houleux-et-multiplication-des-textes\/"]}]},{"@type":"ImageObject","inLanguage":"fr-FR","@id":"https:\/\/vof-news.eu\/fr\/le-bilan-mitige-dune-annee-parlementaire-chaotique-entre-censure-debats-houleux-et-multiplication-des-textes\/#primaryimage","url":"https:\/\/vof-news.eu\/wp-content\/uploads\/2025\/07\/1f3fea2_upload-1-jmf7dbnenuc0-595993.jpg","contentUrl":"https:\/\/vof-news.eu\/wp-content\/uploads\/2025\/07\/1f3fea2_upload-1-jmf7dbnenuc0-595993.jpg","width":664,"height":443},{"@type":"BreadcrumbList","@id":"https:\/\/vof-news.eu\/fr\/le-bilan-mitige-dune-annee-parlementaire-chaotique-entre-censure-debats-houleux-et-multiplication-des-textes\/#breadcrumb","itemListElement":[{"@type":"ListItem","position":1,"name":"Home","item":"https:\/\/vof-news.eu\/fr\/"},{"@type":"ListItem","position":2,"name":"Le bilan mitig\u00e9 d\u2019une ann\u00e9e parlementaire chaotique, entre censure, d\u00e9bats houleux et multiplication des textes"}]},{"@type":"WebSite","@id":"https:\/\/vof-news.eu\/fr\/#website","url":"https:\/\/vof-news.eu\/fr\/","name":"vof-news.eu","description":"","potentialAction":[{"@type":"SearchAction","target":{"@type":"EntryPoint","urlTemplate":"https:\/\/vof-news.eu\/fr\/?s={search_term_string}"},"query-input":"required name=search_term_string"}],"inLanguage":"fr-FR"},{"@type":"Person","@id":"https:\/\/vof-news.eu\/fr\/#\/schema\/person\/f6a2a4309f0561835797fd8c19b333ed","name":"Author","image":{"@type":"ImageObject","inLanguage":"fr-FR","@id":"https:\/\/vof-news.eu\/fr\/#\/schema\/person\/image\/","url":"https:\/\/secure.gravatar.com\/avatar\/b67e614b1b25b3e9c0c239efdd2fde5ab015b5affd6f1c3c85911ca4b384e790?s=96&d=mm&r=g","contentUrl":"https:\/\/secure.gravatar.com\/avatar\/b67e614b1b25b3e9c0c239efdd2fde5ab015b5affd6f1c3c85911ca4b384e790?s=96&d=mm&r=g","caption":"Author"},"sameAs":["http:\/\/vof-news.eu"],"url":"https:\/\/vof-news.eu\/fr\/author\/zwt6qxnjulxbnyg\/"}]}},"yoast_meta":{"yoast_wpseo_title":"","yoast_wpseo_metadesc":"","yoast_wpseo_canonical":""},"_links":{"self":[{"href":"https:\/\/vof-news.eu\/fr\/wp-json\/wp\/v2\/posts\/253250","targetHints":{"allow":["GET"]}}],"collection":[{"href":"https:\/\/vof-news.eu\/fr\/wp-json\/wp\/v2\/posts"}],"about":[{"href":"https:\/\/vof-news.eu\/fr\/wp-json\/wp\/v2\/types\/post"}],"author":[{"embeddable":true,"href":"https:\/\/vof-news.eu\/fr\/wp-json\/wp\/v2\/users\/1"}],"replies":[{"embeddable":true,"href":"https:\/\/vof-news.eu\/fr\/wp-json\/wp\/v2\/comments?post=253250"}],"version-history":[{"count":1,"href":"https:\/\/vof-news.eu\/fr\/wp-json\/wp\/v2\/posts\/253250\/revisions"}],"predecessor-version":[{"id":253257,"href":"https:\/\/vof-news.eu\/fr\/wp-json\/wp\/v2\/posts\/253250\/revisions\/253257"}],"wp:featuredmedia":[{"embeddable":true,"href":"https:\/\/vof-news.eu\/fr\/wp-json\/wp\/v2\/media\/253251"}],"wp:attachment":[{"href":"https:\/\/vof-news.eu\/fr\/wp-json\/wp\/v2\/media?parent=253250"}],"wp:term":[{"taxonomy":"category","embeddable":true,"href":"https:\/\/vof-news.eu\/fr\/wp-json\/wp\/v2\/categories?post=253250"},{"taxonomy":"post_tag","embeddable":true,"href":"https:\/\/vof-news.eu\/fr\/wp-json\/wp\/v2\/tags?post=253250"}],"curies":[{"name":"wp","href":"https:\/\/api.w.org\/{rel}","templated":true}]}}