{"id":252804,"date":"2025-07-12T11:33:45","date_gmt":"2025-07-12T08:33:45","guid":{"rendered":"https:\/\/vof-news.eu\/a-rome-la-conference-pour-la-reconstruction-de-lukraine-fragilisee-par-lintensification-des-attaques-russes\/"},"modified":"2025-07-12T11:34:02","modified_gmt":"2025-07-12T08:34:02","slug":"a-rome-la-conference-pour-la-reconstruction-de-lukraine-fragilisee-par-lintensification-des-attaques-russes","status":"publish","type":"post","link":"https:\/\/vof-news.eu\/fr\/a-rome-la-conference-pour-la-reconstruction-de-lukraine-fragilisee-par-lintensification-des-attaques-russes\/","title":{"rendered":"A Rome, la conf\u00e9rence pour la reconstruction de l\u2019Ukraine fragilis\u00e9e par l\u2019intensification des attaques russes"},"content":{"rendered":"<article>\n<p>Les alli\u00e9s occidentaux de Kiev se sont r\u00e9unis \u00e0 Rome, jeudi\u00a010 et vendredi 11\u00a0juillet, lors d\u2019une conf\u00e9rence pour la reconstruction de l\u2019Ukraine pour augmenter les investissements dans le pays en guerre. Cet \u00e9v\u00e9nement, le quatri\u00e8me depuis le d\u00e9but du conflit, visait \u00e9galement \u00e0 pr\u00e9senter un front europ\u00e9en solide \u00e0 un moment crucial de l\u2019invasion russe. De nombreux partenariats public-priv\u00e9 ont \u00e9t\u00e9 annonc\u00e9s, de m\u00eame que la cr\u00e9ation par la Commission europ\u00e9enne d\u2019un nouveau fonds d\u2019investissement pour la reconstruction. Ce rendez-vous annuel s\u2019est tenu alors que le Kremlin intensifie ses bombardements sur les villes de l\u2019arri\u00e8re du pays.<\/p>\n<p>La premi\u00e8re journ\u00e9e, jeudi, a essentiellement vis\u00e9 \u00e0 envoyer un message politique d\u2019unit\u00e9 europ\u00e9enne derri\u00e8re l\u2019Ukraine, dans un contexte d\u2019incertitude quant \u00e0 l\u2019engagement des Etats-Unis dans le soutien \u00e0 Kiev. La conf\u00e9rence s\u2019est achev\u00e9e, vendredi, sur une bonne note pour le pays en guerre, avec l\u2019annonce, par le pr\u00e9sident ukrainien, Volodymyr Zelensky, d\u2019une reprise des livraisons d\u2019aide militaire am\u00e9ricaine, une semaine apr\u00e8s que celles-ci avaient \u00e9t\u00e9 stopp\u00e9es.<\/p>\n<p><strong>Il vous reste 78.93% de cet article \u00e0 lire. La suite est r\u00e9serv\u00e9e aux abonn\u00e9s.<\/strong><\/p>\n<\/article>\n","protected":false},"excerpt":{"rendered":"<p>Les alli\u00e9s occidentaux de Kiev se sont r\u00e9unis \u00e0 Rome, jeudi\u00a010 et vendredi 11\u00a0juillet, lors d\u2019une conf\u00e9rence pour la reconstruction de l\u2019Ukraine pour augmenter les investissements dans le pays en guerre. Cet \u00e9v\u00e9nement, le quatri\u00e8me depuis le d\u00e9but du conflit, visait \u00e9galement \u00e0 pr\u00e9senter un front europ\u00e9en solide \u00e0 un moment crucial de l\u2019invasion russe.<\/p>\n","protected":false},"author":1,"featured_media":252805,"comment_status":"open","ping_status":"open","sticky":false,"template":"","format":"standard","meta":{"footnotes":""},"categories":[115],"tags":[],"class_list":["post-252804","post","type-post","status-publish","format-standard","has-post-thumbnail","hentry","category-war-chronicles-fr"],"acf":[],"yoast_head":"<!-- This site is optimized with the Yoast SEO plugin v22.9 - https:\/\/yoast.com\/wordpress\/plugins\/seo\/ -->\n<title>A Rome, la conf\u00e9rence pour la reconstruction de l\u2019Ukraine fragilis\u00e9e par l\u2019intensification des attaques russes - vof-news.eu<\/title>\n<meta name=\"description\" content=\"Les alli\u00e9s occidentaux de Kiev se sont r\u00e9unis \u00e0 Rome, jeudi\u00a010 et vendredi 11\u00a0juillet, lors d\u2019une conf\u00e9rence pour la reconstruction de l\u2019Ukraine pour augmenter les investissements dans le pays en guerre. Cet \u00e9v\u00e9nement, le quatri\u00e8me depuis le d\u00e9but du conflit, visait \u00e9galement \u00e0 pr\u00e9senter un front europ\u00e9en solide \u00e0 un moment crucial de l\u2019invasion russe. De nombreux partenariats public-priv\u00e9 ont \u00e9t\u00e9 annonc\u00e9s, de m\u00eame que la cr\u00e9ation par la Commission europ\u00e9enne d\u2019un nouveau fonds d\u2019investissement pour la reconstruction. Ce rendez-vous annuel s\u2019est tenu alors que le Kremlin intensifie ses bombardements sur les villes de l\u2019arri\u00e8re du pays. La premi\u00e8re journ\u00e9e, jeudi, a essentiellement vis\u00e9 \u00e0 envoyer un message politique d\u2019unit\u00e9 europ\u00e9enne derri\u00e8re l\u2019Ukraine, dans un contexte d\u2019incertitude quant \u00e0 l\u2019engagement des Etats-Unis dans le soutien \u00e0 Kiev. La conf\u00e9rence s\u2019est achev\u00e9e, vendredi, sur une bonne note pour le pays en guerre, avec l\u2019annonce, par le pr\u00e9sident ukrainien, Volodymyr Zelensky, d\u2019une reprise des livraisons d\u2019aide militaire am\u00e9ricaine, une semaine apr\u00e8s que celles-ci avaient \u00e9t\u00e9 stopp\u00e9es. Il vous reste 78.93% de cet article \u00e0 lire. La suite est r\u00e9serv\u00e9e aux abonn\u00e9s.\" \/>\n<meta name=\"robots\" content=\"noindex, follow, max-snippet:-1, max-image-preview:large, max-video-preview:-1\" \/>\n<meta property=\"og:locale\" content=\"fr_FR\" \/>\n<meta property=\"og:type\" content=\"article\" \/>\n<meta property=\"og:title\" content=\"A Rome, la conf\u00e9rence pour la reconstruction de l\u2019Ukraine fragilis\u00e9e par l\u2019intensification des attaques russes - vof-news.eu\" \/>\n<meta property=\"og:description\" content=\"Les alli\u00e9s occidentaux de Kiev se sont r\u00e9unis \u00e0 Rome, jeudi\u00a010 et vendredi 11\u00a0juillet, lors d\u2019une conf\u00e9rence pour la reconstruction de l\u2019Ukraine pour augmenter les investissements dans le pays en guerre. Cet \u00e9v\u00e9nement, le quatri\u00e8me depuis le d\u00e9but du conflit, visait \u00e9galement \u00e0 pr\u00e9senter un front europ\u00e9en solide \u00e0 un moment crucial de l\u2019invasion russe. De nombreux partenariats public-priv\u00e9 ont \u00e9t\u00e9 annonc\u00e9s, de m\u00eame que la cr\u00e9ation par la Commission europ\u00e9enne d\u2019un nouveau fonds d\u2019investissement pour la reconstruction. Ce rendez-vous annuel s\u2019est tenu alors que le Kremlin intensifie ses bombardements sur les villes de l\u2019arri\u00e8re du pays. La premi\u00e8re journ\u00e9e, jeudi, a essentiellement vis\u00e9 \u00e0 envoyer un message politique d\u2019unit\u00e9 europ\u00e9enne derri\u00e8re l\u2019Ukraine, dans un contexte d\u2019incertitude quant \u00e0 l\u2019engagement des Etats-Unis dans le soutien \u00e0 Kiev. La conf\u00e9rence s\u2019est achev\u00e9e, vendredi, sur une bonne note pour le pays en guerre, avec l\u2019annonce, par le pr\u00e9sident ukrainien, Volodymyr Zelensky, d\u2019une reprise des livraisons d\u2019aide militaire am\u00e9ricaine, une semaine apr\u00e8s que celles-ci avaient \u00e9t\u00e9 stopp\u00e9es. Il vous reste 78.93% de cet article \u00e0 lire. La suite est r\u00e9serv\u00e9e aux abonn\u00e9s.\" \/>\n<meta property=\"og:url\" content=\"https:\/\/vof-news.eu\/fr\/a-rome-la-conference-pour-la-reconstruction-de-lukraine-fragilisee-par-lintensification-des-attaques-russes\/\" \/>\n<meta property=\"og:site_name\" content=\"vof-news.eu\" \/>\n<meta property=\"article:published_time\" content=\"2025-07-12T08:33:45+00:00\" \/>\n<meta property=\"article:modified_time\" content=\"2025-07-12T08:34:02+00:00\" \/>\n<meta property=\"og:image\" content=\"https:\/\/vof-news.eu\/wp-content\/uploads\/2025\/07\/63cda0e_upload-1-gbur46pschdt-488241.jpg\" \/>\n\t<meta property=\"og:image:width\" content=\"664\" \/>\n\t<meta property=\"og:image:height\" content=\"443\" \/>\n\t<meta property=\"og:image:type\" content=\"image\/jpeg\" \/>\n<meta name=\"author\" content=\"Author\" \/>\n<meta name=\"twitter:card\" content=\"summary_large_image\" \/>\n<meta name=\"twitter:label1\" content=\"\u00c9crit par\" \/>\n\t<meta name=\"twitter:data1\" content=\"Author\" \/>\n\t<meta name=\"twitter:label2\" content=\"Dur\u00e9e de lecture estim\u00e9e\" \/>\n\t<meta name=\"twitter:data2\" content=\"1 minute\" \/>\n<script type=\"application\/ld+json\" class=\"yoast-schema-graph\">{\"@context\":\"https:\/\/schema.org\",\"@graph\":[{\"@type\":\"WebPage\",\"@id\":\"https:\/\/vof-news.eu\/fr\/a-rome-la-conference-pour-la-reconstruction-de-lukraine-fragilisee-par-lintensification-des-attaques-russes\/\",\"url\":\"https:\/\/vof-news.eu\/fr\/a-rome-la-conference-pour-la-reconstruction-de-lukraine-fragilisee-par-lintensification-des-attaques-russes\/\",\"name\":\"A Rome, la conf\u00e9rence pour la reconstruction de l\u2019Ukraine fragilis\u00e9e par l\u2019intensification des attaques russes - vof-news.eu\",\"isPartOf\":{\"@id\":\"https:\/\/vof-news.eu\/fr\/#website\"},\"primaryImageOfPage\":{\"@id\":\"https:\/\/vof-news.eu\/fr\/a-rome-la-conference-pour-la-reconstruction-de-lukraine-fragilisee-par-lintensification-des-attaques-russes\/#primaryimage\"},\"image\":{\"@id\":\"https:\/\/vof-news.eu\/fr\/a-rome-la-conference-pour-la-reconstruction-de-lukraine-fragilisee-par-lintensification-des-attaques-russes\/#primaryimage\"},\"thumbnailUrl\":\"https:\/\/vof-news.eu\/wp-content\/uploads\/2025\/07\/63cda0e_upload-1-gbur46pschdt-488241.jpg\",\"datePublished\":\"2025-07-12T08:33:45+00:00\",\"dateModified\":\"2025-07-12T08:34:02+00:00\",\"author\":{\"@id\":\"https:\/\/vof-news.eu\/fr\/#\/schema\/person\/f6a2a4309f0561835797fd8c19b333ed\"},\"description\":\"Les alli\u00e9s occidentaux de Kiev se sont r\u00e9unis \u00e0 Rome, jeudi\u00a010 et vendredi 11\u00a0juillet, lors d\u2019une conf\u00e9rence pour la reconstruction de l\u2019Ukraine pour augmenter les investissements dans le pays en guerre. Cet \u00e9v\u00e9nement, le quatri\u00e8me depuis le d\u00e9but du conflit, visait \u00e9galement \u00e0 pr\u00e9senter un front europ\u00e9en solide \u00e0 un moment crucial de l\u2019invasion russe. De nombreux partenariats public-priv\u00e9 ont \u00e9t\u00e9 annonc\u00e9s, de m\u00eame que la cr\u00e9ation par la Commission europ\u00e9enne d\u2019un nouveau fonds d\u2019investissement pour la reconstruction. Ce rendez-vous annuel s\u2019est tenu alors que le Kremlin intensifie ses bombardements sur les villes de l\u2019arri\u00e8re du pays. La premi\u00e8re journ\u00e9e, jeudi, a essentiellement vis\u00e9 \u00e0 envoyer un message politique d\u2019unit\u00e9 europ\u00e9enne derri\u00e8re l\u2019Ukraine, dans un contexte d\u2019incertitude quant \u00e0 l\u2019engagement des Etats-Unis dans le soutien \u00e0 Kiev. La conf\u00e9rence s\u2019est achev\u00e9e, vendredi, sur une bonne note pour le pays en guerre, avec l\u2019annonce, par le pr\u00e9sident ukrainien, Volodymyr Zelensky, d\u2019une reprise des livraisons d\u2019aide militaire am\u00e9ricaine, une semaine apr\u00e8s que celles-ci avaient \u00e9t\u00e9 stopp\u00e9es. Il vous reste 78.93% de cet article \u00e0 lire. La suite est r\u00e9serv\u00e9e aux abonn\u00e9s.\",\"breadcrumb\":{\"@id\":\"https:\/\/vof-news.eu\/fr\/a-rome-la-conference-pour-la-reconstruction-de-lukraine-fragilisee-par-lintensification-des-attaques-russes\/#breadcrumb\"},\"inLanguage\":\"fr-FR\",\"potentialAction\":[{\"@type\":\"ReadAction\",\"target\":[\"https:\/\/vof-news.eu\/fr\/a-rome-la-conference-pour-la-reconstruction-de-lukraine-fragilisee-par-lintensification-des-attaques-russes\/\"]}]},{\"@type\":\"ImageObject\",\"inLanguage\":\"fr-FR\",\"@id\":\"https:\/\/vof-news.eu\/fr\/a-rome-la-conference-pour-la-reconstruction-de-lukraine-fragilisee-par-lintensification-des-attaques-russes\/#primaryimage\",\"url\":\"https:\/\/vof-news.eu\/wp-content\/uploads\/2025\/07\/63cda0e_upload-1-gbur46pschdt-488241.jpg\",\"contentUrl\":\"https:\/\/vof-news.eu\/wp-content\/uploads\/2025\/07\/63cda0e_upload-1-gbur46pschdt-488241.jpg\",\"width\":664,\"height\":443},{\"@type\":\"BreadcrumbList\",\"@id\":\"https:\/\/vof-news.eu\/fr\/a-rome-la-conference-pour-la-reconstruction-de-lukraine-fragilisee-par-lintensification-des-attaques-russes\/#breadcrumb\",\"itemListElement\":[{\"@type\":\"ListItem\",\"position\":1,\"name\":\"Home\",\"item\":\"https:\/\/vof-news.eu\/fr\/\"},{\"@type\":\"ListItem\",\"position\":2,\"name\":\"A Rome, la conf\u00e9rence pour la reconstruction de l\u2019Ukraine fragilis\u00e9e par l\u2019intensification des attaques russes\"}]},{\"@type\":\"WebSite\",\"@id\":\"https:\/\/vof-news.eu\/fr\/#website\",\"url\":\"https:\/\/vof-news.eu\/fr\/\",\"name\":\"vof-news.eu\",\"description\":\"\",\"potentialAction\":[{\"@type\":\"SearchAction\",\"target\":{\"@type\":\"EntryPoint\",\"urlTemplate\":\"https:\/\/vof-news.eu\/fr\/?s={search_term_string}\"},\"query-input\":\"required name=search_term_string\"}],\"inLanguage\":\"fr-FR\"},{\"@type\":\"Person\",\"@id\":\"https:\/\/vof-news.eu\/fr\/#\/schema\/person\/f6a2a4309f0561835797fd8c19b333ed\",\"name\":\"Author\",\"image\":{\"@type\":\"ImageObject\",\"inLanguage\":\"fr-FR\",\"@id\":\"https:\/\/vof-news.eu\/fr\/#\/schema\/person\/image\/\",\"url\":\"https:\/\/secure.gravatar.com\/avatar\/b67e614b1b25b3e9c0c239efdd2fde5ab015b5affd6f1c3c85911ca4b384e790?s=96&d=mm&r=g\",\"contentUrl\":\"https:\/\/secure.gravatar.com\/avatar\/b67e614b1b25b3e9c0c239efdd2fde5ab015b5affd6f1c3c85911ca4b384e790?s=96&d=mm&r=g\",\"caption\":\"Author\"},\"sameAs\":[\"http:\/\/vof-news.eu\"],\"url\":\"https:\/\/vof-news.eu\/fr\/author\/zwt6qxnjulxbnyg\/\"}]}<\/script>\n<!-- \/ Yoast SEO plugin. -->","yoast_head_json":{"title":"A Rome, la conf\u00e9rence pour la reconstruction de l\u2019Ukraine fragilis\u00e9e par l\u2019intensification des attaques russes - vof-news.eu","description":"Les alli\u00e9s occidentaux de Kiev se sont r\u00e9unis \u00e0 Rome, jeudi\u00a010 et vendredi 11\u00a0juillet, lors d\u2019une conf\u00e9rence pour la reconstruction de l\u2019Ukraine pour augmenter les investissements dans le pays en guerre. Cet \u00e9v\u00e9nement, le quatri\u00e8me depuis le d\u00e9but du conflit, visait \u00e9galement \u00e0 pr\u00e9senter un front europ\u00e9en solide \u00e0 un moment crucial de l\u2019invasion russe. De nombreux partenariats public-priv\u00e9 ont \u00e9t\u00e9 annonc\u00e9s, de m\u00eame que la cr\u00e9ation par la Commission europ\u00e9enne d\u2019un nouveau fonds d\u2019investissement pour la reconstruction. Ce rendez-vous annuel s\u2019est tenu alors que le Kremlin intensifie ses bombardements sur les villes de l\u2019arri\u00e8re du pays. La premi\u00e8re journ\u00e9e, jeudi, a essentiellement vis\u00e9 \u00e0 envoyer un message politique d\u2019unit\u00e9 europ\u00e9enne derri\u00e8re l\u2019Ukraine, dans un contexte d\u2019incertitude quant \u00e0 l\u2019engagement des Etats-Unis dans le soutien \u00e0 Kiev. La conf\u00e9rence s\u2019est achev\u00e9e, vendredi, sur une bonne note pour le pays en guerre, avec l\u2019annonce, par le pr\u00e9sident ukrainien, Volodymyr Zelensky, d\u2019une reprise des livraisons d\u2019aide militaire am\u00e9ricaine, une semaine apr\u00e8s que celles-ci avaient \u00e9t\u00e9 stopp\u00e9es. Il vous reste 78.93% de cet article \u00e0 lire. La suite est r\u00e9serv\u00e9e aux abonn\u00e9s.","robots":{"index":"noindex","follow":"follow","max-snippet":"max-snippet:-1","max-image-preview":"max-image-preview:large","max-video-preview":"max-video-preview:-1"},"og_locale":"fr_FR","og_type":"article","og_title":"A Rome, la conf\u00e9rence pour la reconstruction de l\u2019Ukraine fragilis\u00e9e par l\u2019intensification des attaques russes - vof-news.eu","og_description":"Les alli\u00e9s occidentaux de Kiev se sont r\u00e9unis \u00e0 Rome, jeudi\u00a010 et vendredi 11\u00a0juillet, lors d\u2019une conf\u00e9rence pour la reconstruction de l\u2019Ukraine pour augmenter les investissements dans le pays en guerre. Cet \u00e9v\u00e9nement, le quatri\u00e8me depuis le d\u00e9but du conflit, visait \u00e9galement \u00e0 pr\u00e9senter un front europ\u00e9en solide \u00e0 un moment crucial de l\u2019invasion russe. De nombreux partenariats public-priv\u00e9 ont \u00e9t\u00e9 annonc\u00e9s, de m\u00eame que la cr\u00e9ation par la Commission europ\u00e9enne d\u2019un nouveau fonds d\u2019investissement pour la reconstruction. Ce rendez-vous annuel s\u2019est tenu alors que le Kremlin intensifie ses bombardements sur les villes de l\u2019arri\u00e8re du pays. La premi\u00e8re journ\u00e9e, jeudi, a essentiellement vis\u00e9 \u00e0 envoyer un message politique d\u2019unit\u00e9 europ\u00e9enne derri\u00e8re l\u2019Ukraine, dans un contexte d\u2019incertitude quant \u00e0 l\u2019engagement des Etats-Unis dans le soutien \u00e0 Kiev. La conf\u00e9rence s\u2019est achev\u00e9e, vendredi, sur une bonne note pour le pays en guerre, avec l\u2019annonce, par le pr\u00e9sident ukrainien, Volodymyr Zelensky, d\u2019une reprise des livraisons d\u2019aide militaire am\u00e9ricaine, une semaine apr\u00e8s que celles-ci avaient \u00e9t\u00e9 stopp\u00e9es. Il vous reste 78.93% de cet article \u00e0 lire. La suite est r\u00e9serv\u00e9e aux abonn\u00e9s.","og_url":"https:\/\/vof-news.eu\/fr\/a-rome-la-conference-pour-la-reconstruction-de-lukraine-fragilisee-par-lintensification-des-attaques-russes\/","og_site_name":"vof-news.eu","article_published_time":"2025-07-12T08:33:45+00:00","article_modified_time":"2025-07-12T08:34:02+00:00","og_image":[{"width":664,"height":443,"url":"https:\/\/vof-news.eu\/wp-content\/uploads\/2025\/07\/63cda0e_upload-1-gbur46pschdt-488241.jpg","type":"image\/jpeg"}],"author":"Author","twitter_card":"summary_large_image","twitter_misc":{"\u00c9crit par":"Author","Dur\u00e9e de lecture estim\u00e9e":"1 minute"},"schema":{"@context":"https:\/\/schema.org","@graph":[{"@type":"WebPage","@id":"https:\/\/vof-news.eu\/fr\/a-rome-la-conference-pour-la-reconstruction-de-lukraine-fragilisee-par-lintensification-des-attaques-russes\/","url":"https:\/\/vof-news.eu\/fr\/a-rome-la-conference-pour-la-reconstruction-de-lukraine-fragilisee-par-lintensification-des-attaques-russes\/","name":"A Rome, la conf\u00e9rence pour la reconstruction de l\u2019Ukraine fragilis\u00e9e par l\u2019intensification des attaques russes - vof-news.eu","isPartOf":{"@id":"https:\/\/vof-news.eu\/fr\/#website"},"primaryImageOfPage":{"@id":"https:\/\/vof-news.eu\/fr\/a-rome-la-conference-pour-la-reconstruction-de-lukraine-fragilisee-par-lintensification-des-attaques-russes\/#primaryimage"},"image":{"@id":"https:\/\/vof-news.eu\/fr\/a-rome-la-conference-pour-la-reconstruction-de-lukraine-fragilisee-par-lintensification-des-attaques-russes\/#primaryimage"},"thumbnailUrl":"https:\/\/vof-news.eu\/wp-content\/uploads\/2025\/07\/63cda0e_upload-1-gbur46pschdt-488241.jpg","datePublished":"2025-07-12T08:33:45+00:00","dateModified":"2025-07-12T08:34:02+00:00","author":{"@id":"https:\/\/vof-news.eu\/fr\/#\/schema\/person\/f6a2a4309f0561835797fd8c19b333ed"},"description":"Les alli\u00e9s occidentaux de Kiev se sont r\u00e9unis \u00e0 Rome, jeudi\u00a010 et vendredi 11\u00a0juillet, lors d\u2019une conf\u00e9rence pour la reconstruction de l\u2019Ukraine pour augmenter les investissements dans le pays en guerre. Cet \u00e9v\u00e9nement, le quatri\u00e8me depuis le d\u00e9but du conflit, visait \u00e9galement \u00e0 pr\u00e9senter un front europ\u00e9en solide \u00e0 un moment crucial de l\u2019invasion russe. De nombreux partenariats public-priv\u00e9 ont \u00e9t\u00e9 annonc\u00e9s, de m\u00eame que la cr\u00e9ation par la Commission europ\u00e9enne d\u2019un nouveau fonds d\u2019investissement pour la reconstruction. Ce rendez-vous annuel s\u2019est tenu alors que le Kremlin intensifie ses bombardements sur les villes de l\u2019arri\u00e8re du pays. La premi\u00e8re journ\u00e9e, jeudi, a essentiellement vis\u00e9 \u00e0 envoyer un message politique d\u2019unit\u00e9 europ\u00e9enne derri\u00e8re l\u2019Ukraine, dans un contexte d\u2019incertitude quant \u00e0 l\u2019engagement des Etats-Unis dans le soutien \u00e0 Kiev. La conf\u00e9rence s\u2019est achev\u00e9e, vendredi, sur une bonne note pour le pays en guerre, avec l\u2019annonce, par le pr\u00e9sident ukrainien, Volodymyr Zelensky, d\u2019une reprise des livraisons d\u2019aide militaire am\u00e9ricaine, une semaine apr\u00e8s que celles-ci avaient \u00e9t\u00e9 stopp\u00e9es. Il vous reste 78.93% de cet article \u00e0 lire. La suite est r\u00e9serv\u00e9e aux abonn\u00e9s.","breadcrumb":{"@id":"https:\/\/vof-news.eu\/fr\/a-rome-la-conference-pour-la-reconstruction-de-lukraine-fragilisee-par-lintensification-des-attaques-russes\/#breadcrumb"},"inLanguage":"fr-FR","potentialAction":[{"@type":"ReadAction","target":["https:\/\/vof-news.eu\/fr\/a-rome-la-conference-pour-la-reconstruction-de-lukraine-fragilisee-par-lintensification-des-attaques-russes\/"]}]},{"@type":"ImageObject","inLanguage":"fr-FR","@id":"https:\/\/vof-news.eu\/fr\/a-rome-la-conference-pour-la-reconstruction-de-lukraine-fragilisee-par-lintensification-des-attaques-russes\/#primaryimage","url":"https:\/\/vof-news.eu\/wp-content\/uploads\/2025\/07\/63cda0e_upload-1-gbur46pschdt-488241.jpg","contentUrl":"https:\/\/vof-news.eu\/wp-content\/uploads\/2025\/07\/63cda0e_upload-1-gbur46pschdt-488241.jpg","width":664,"height":443},{"@type":"BreadcrumbList","@id":"https:\/\/vof-news.eu\/fr\/a-rome-la-conference-pour-la-reconstruction-de-lukraine-fragilisee-par-lintensification-des-attaques-russes\/#breadcrumb","itemListElement":[{"@type":"ListItem","position":1,"name":"Home","item":"https:\/\/vof-news.eu\/fr\/"},{"@type":"ListItem","position":2,"name":"A Rome, la conf\u00e9rence pour la reconstruction de l\u2019Ukraine fragilis\u00e9e par l\u2019intensification des attaques russes"}]},{"@type":"WebSite","@id":"https:\/\/vof-news.eu\/fr\/#website","url":"https:\/\/vof-news.eu\/fr\/","name":"vof-news.eu","description":"","potentialAction":[{"@type":"SearchAction","target":{"@type":"EntryPoint","urlTemplate":"https:\/\/vof-news.eu\/fr\/?s={search_term_string}"},"query-input":"required name=search_term_string"}],"inLanguage":"fr-FR"},{"@type":"Person","@id":"https:\/\/vof-news.eu\/fr\/#\/schema\/person\/f6a2a4309f0561835797fd8c19b333ed","name":"Author","image":{"@type":"ImageObject","inLanguage":"fr-FR","@id":"https:\/\/vof-news.eu\/fr\/#\/schema\/person\/image\/","url":"https:\/\/secure.gravatar.com\/avatar\/b67e614b1b25b3e9c0c239efdd2fde5ab015b5affd6f1c3c85911ca4b384e790?s=96&d=mm&r=g","contentUrl":"https:\/\/secure.gravatar.com\/avatar\/b67e614b1b25b3e9c0c239efdd2fde5ab015b5affd6f1c3c85911ca4b384e790?s=96&d=mm&r=g","caption":"Author"},"sameAs":["http:\/\/vof-news.eu"],"url":"https:\/\/vof-news.eu\/fr\/author\/zwt6qxnjulxbnyg\/"}]}},"yoast_meta":{"yoast_wpseo_title":"","yoast_wpseo_metadesc":"","yoast_wpseo_canonical":""},"_links":{"self":[{"href":"https:\/\/vof-news.eu\/fr\/wp-json\/wp\/v2\/posts\/252804","targetHints":{"allow":["GET"]}}],"collection":[{"href":"https:\/\/vof-news.eu\/fr\/wp-json\/wp\/v2\/posts"}],"about":[{"href":"https:\/\/vof-news.eu\/fr\/wp-json\/wp\/v2\/types\/post"}],"author":[{"embeddable":true,"href":"https:\/\/vof-news.eu\/fr\/wp-json\/wp\/v2\/users\/1"}],"replies":[{"embeddable":true,"href":"https:\/\/vof-news.eu\/fr\/wp-json\/wp\/v2\/comments?post=252804"}],"version-history":[{"count":1,"href":"https:\/\/vof-news.eu\/fr\/wp-json\/wp\/v2\/posts\/252804\/revisions"}],"predecessor-version":[{"id":252811,"href":"https:\/\/vof-news.eu\/fr\/wp-json\/wp\/v2\/posts\/252804\/revisions\/252811"}],"wp:featuredmedia":[{"embeddable":true,"href":"https:\/\/vof-news.eu\/fr\/wp-json\/wp\/v2\/media\/252805"}],"wp:attachment":[{"href":"https:\/\/vof-news.eu\/fr\/wp-json\/wp\/v2\/media?parent=252804"}],"wp:term":[{"taxonomy":"category","embeddable":true,"href":"https:\/\/vof-news.eu\/fr\/wp-json\/wp\/v2\/categories?post=252804"},{"taxonomy":"post_tag","embeddable":true,"href":"https:\/\/vof-news.eu\/fr\/wp-json\/wp\/v2\/tags?post=252804"}],"curies":[{"name":"wp","href":"https:\/\/api.w.org\/{rel}","templated":true}]}}