{"id":252481,"date":"2025-07-11T21:32:50","date_gmt":"2025-07-11T18:32:50","guid":{"rendered":"https:\/\/vof-news.eu\/pesticides-un-decret-publie-jeudi-accuse-de-remettre-en-cause-lindependance-de-lanses\/"},"modified":"2025-07-11T21:33:23","modified_gmt":"2025-07-11T18:33:23","slug":"pesticides-un-decret-publie-jeudi-accuse-de-remettre-en-cause-lindependance-de-lanses","status":"publish","type":"post","link":"https:\/\/vof-news.eu\/fr\/pesticides-un-decret-publie-jeudi-accuse-de-remettre-en-cause-lindependance-de-lanses\/","title":{"rendered":"Pesticides\u00a0: un d\u00e9cret publi\u00e9 jeudi accus\u00e9 de remettre en cause l\u2019ind\u00e9pendance de l\u2019Anses"},"content":{"rendered":"<article>\n<p>Il aura fallu \u00e0 peine quarante-huit heures pour que la proposition de loi (PPL) , dite PPL Duplomb, se r\u00e9invite \u00e0 l\u2019agenda politique. Jeudi 10\u00a0juillet, deux jours apr\u00e8s <a href=\"https:\/\/www.lemonde.fr\/planete\/article\/2025\/07\/08\/loi-duplomb-sur-l-agriculture-que-contient-le-texte-qui-doit-etre-vote-a-l-assemblee-nationale_6619911_3244.html\" rel=\"nofollow\">son adoption d\u00e9finitive \u00e0 l\u2019Assembl\u00e9e nationale<\/a> (316 voix pour, 223 contre), la publication d\u2019un d\u00e9cret<strong> <\/strong>a r\u00e9veill\u00e9 les angoisses des d\u00e9fenseurs de l\u2019environnement inquiets d\u2019un affaiblissement de l\u2019ind\u00e9pendance de l\u2019Agence nationale de s\u00e9curit\u00e9 sanitaire de l\u2019alimentation, de l\u2019environnement et du travail (Anses). , r\u00e9sume une source gouvernementale.<\/p>\n<p>Cosign\u00e9 par le minist\u00e8re de l\u2019agriculture et de la souverainet\u00e9 alimentaire et par le minist\u00e8re de la transition \u00e9cologique, ce texte publi\u00e9 au journal officiel indique que devra dor\u00e9navant  d\u2019un arr\u00eat\u00e9 du minist\u00e8re de l\u2019agriculture qui d\u00e9finira  de pesticides ayant pour objet de lutter contre des ravageurs de cultures ou des v\u00e9g\u00e9taux ind\u00e9sirables. Autrement dit, l\u2019Anses devra consid\u00e9rer les priorit\u00e9s du minist\u00e8re de l\u2019agriculture lorsqu\u2019elle \u00e9tablira son calendrier d\u2019examen des autorisations de mise sur le march\u00e9.<\/p>\n<p><strong>Il vous reste 80.64% de cet article \u00e0 lire. La suite est r\u00e9serv\u00e9e aux abonn\u00e9s.<\/strong><\/p>\n<\/article>\n","protected":false},"excerpt":{"rendered":"<p>Il aura fallu \u00e0 peine quarante-huit heures pour que la proposition de loi (PPL) , dite PPL Duplomb, se r\u00e9invite \u00e0 l\u2019agenda politique. Jeudi 10\u00a0juillet, deux jours apr\u00e8s son adoption d\u00e9finitive \u00e0 l\u2019Assembl\u00e9e nationale (316 voix pour, 223 contre), la publication d\u2019un d\u00e9cret a r\u00e9veill\u00e9 les angoisses des d\u00e9fenseurs de l\u2019environnement inquiets d\u2019un affaiblissement de<\/p>\n","protected":false},"author":1,"featured_media":252482,"comment_status":"open","ping_status":"open","sticky":false,"template":"","format":"standard","meta":{"footnotes":""},"categories":[68],"tags":[],"class_list":["post-252481","post","type-post","status-publish","format-standard","has-post-thumbnail","hentry","category-politics-fr"],"acf":[],"yoast_head":"<!-- This site is optimized with the Yoast SEO plugin v22.9 - https:\/\/yoast.com\/wordpress\/plugins\/seo\/ -->\n<title>Pesticides\u00a0: un d\u00e9cret publi\u00e9 jeudi accus\u00e9 de remettre en cause l\u2019ind\u00e9pendance de l\u2019Anses - vof-news.eu<\/title>\n<meta name=\"description\" content=\"Il aura fallu \u00e0 peine quarante-huit heures pour que la proposition de loi (PPL) , dite PPL Duplomb, se r\u00e9invite \u00e0 l\u2019agenda politique. Jeudi 10\u00a0juillet, deux jours apr\u00e8s son adoption d\u00e9finitive \u00e0 l\u2019Assembl\u00e9e nationale (316 voix pour, 223 contre), la publication d\u2019un d\u00e9cret a r\u00e9veill\u00e9 les angoisses des d\u00e9fenseurs de l\u2019environnement inquiets d\u2019un affaiblissement de l\u2019ind\u00e9pendance de l\u2019Agence nationale de s\u00e9curit\u00e9 sanitaire de l\u2019alimentation, de l\u2019environnement et du travail (Anses). , r\u00e9sume une source gouvernementale. Cosign\u00e9 par le minist\u00e8re de l\u2019agriculture et de la souverainet\u00e9 alimentaire et par le minist\u00e8re de la transition \u00e9cologique, ce texte publi\u00e9 au journal officiel indique que devra dor\u00e9navant d\u2019un arr\u00eat\u00e9 du minist\u00e8re de l\u2019agriculture qui d\u00e9finira de pesticides ayant pour objet de lutter contre des ravageurs de cultures ou des v\u00e9g\u00e9taux ind\u00e9sirables. Autrement dit, l\u2019Anses devra consid\u00e9rer les priorit\u00e9s du minist\u00e8re de l\u2019agriculture lorsqu\u2019elle \u00e9tablira son calendrier d\u2019examen des autorisations de mise sur le march\u00e9. Il vous reste 80.64% de cet article \u00e0 lire. La suite est r\u00e9serv\u00e9e aux abonn\u00e9s.\" \/>\n<meta name=\"robots\" content=\"noindex, follow, max-snippet:-1, max-image-preview:large, max-video-preview:-1\" \/>\n<meta property=\"og:locale\" content=\"fr_FR\" \/>\n<meta property=\"og:type\" content=\"article\" \/>\n<meta property=\"og:title\" content=\"Pesticides\u00a0: un d\u00e9cret publi\u00e9 jeudi accus\u00e9 de remettre en cause l\u2019ind\u00e9pendance de l\u2019Anses - vof-news.eu\" \/>\n<meta property=\"og:description\" content=\"Il aura fallu \u00e0 peine quarante-huit heures pour que la proposition de loi (PPL) , dite PPL Duplomb, se r\u00e9invite \u00e0 l\u2019agenda politique. Jeudi 10\u00a0juillet, deux jours apr\u00e8s son adoption d\u00e9finitive \u00e0 l\u2019Assembl\u00e9e nationale (316 voix pour, 223 contre), la publication d\u2019un d\u00e9cret a r\u00e9veill\u00e9 les angoisses des d\u00e9fenseurs de l\u2019environnement inquiets d\u2019un affaiblissement de l\u2019ind\u00e9pendance de l\u2019Agence nationale de s\u00e9curit\u00e9 sanitaire de l\u2019alimentation, de l\u2019environnement et du travail (Anses). , r\u00e9sume une source gouvernementale. Cosign\u00e9 par le minist\u00e8re de l\u2019agriculture et de la souverainet\u00e9 alimentaire et par le minist\u00e8re de la transition \u00e9cologique, ce texte publi\u00e9 au journal officiel indique que devra dor\u00e9navant d\u2019un arr\u00eat\u00e9 du minist\u00e8re de l\u2019agriculture qui d\u00e9finira de pesticides ayant pour objet de lutter contre des ravageurs de cultures ou des v\u00e9g\u00e9taux ind\u00e9sirables. Autrement dit, l\u2019Anses devra consid\u00e9rer les priorit\u00e9s du minist\u00e8re de l\u2019agriculture lorsqu\u2019elle \u00e9tablira son calendrier d\u2019examen des autorisations de mise sur le march\u00e9. Il vous reste 80.64% de cet article \u00e0 lire. La suite est r\u00e9serv\u00e9e aux abonn\u00e9s.\" \/>\n<meta property=\"og:url\" content=\"https:\/\/vof-news.eu\/fr\/pesticides-un-decret-publie-jeudi-accuse-de-remettre-en-cause-lindependance-de-lanses\/\" \/>\n<meta property=\"og:site_name\" content=\"vof-news.eu\" \/>\n<meta property=\"article:published_time\" content=\"2025-07-11T18:32:50+00:00\" \/>\n<meta property=\"article:modified_time\" content=\"2025-07-11T18:33:23+00:00\" \/>\n<meta property=\"og:image\" content=\"https:\/\/vof-news.eu\/wp-content\/uploads\/2025\/07\/66b3617_upload-1-mkkmo766kavx-jmug250701031.jpg\" \/>\n\t<meta property=\"og:image:width\" content=\"664\" \/>\n\t<meta property=\"og:image:height\" content=\"443\" \/>\n\t<meta property=\"og:image:type\" content=\"image\/jpeg\" \/>\n<meta name=\"author\" content=\"Author\" \/>\n<meta name=\"twitter:card\" content=\"summary_large_image\" \/>\n<meta name=\"twitter:label1\" content=\"\u00c9crit par\" \/>\n\t<meta name=\"twitter:data1\" content=\"Author\" \/>\n\t<meta name=\"twitter:label2\" content=\"Dur\u00e9e de lecture estim\u00e9e\" \/>\n\t<meta name=\"twitter:data2\" content=\"1 minute\" \/>\n<script type=\"application\/ld+json\" class=\"yoast-schema-graph\">{\"@context\":\"https:\/\/schema.org\",\"@graph\":[{\"@type\":\"WebPage\",\"@id\":\"https:\/\/vof-news.eu\/fr\/pesticides-un-decret-publie-jeudi-accuse-de-remettre-en-cause-lindependance-de-lanses\/\",\"url\":\"https:\/\/vof-news.eu\/fr\/pesticides-un-decret-publie-jeudi-accuse-de-remettre-en-cause-lindependance-de-lanses\/\",\"name\":\"Pesticides\u00a0: un d\u00e9cret publi\u00e9 jeudi accus\u00e9 de remettre en cause l\u2019ind\u00e9pendance de l\u2019Anses - vof-news.eu\",\"isPartOf\":{\"@id\":\"https:\/\/vof-news.eu\/fr\/#website\"},\"primaryImageOfPage\":{\"@id\":\"https:\/\/vof-news.eu\/fr\/pesticides-un-decret-publie-jeudi-accuse-de-remettre-en-cause-lindependance-de-lanses\/#primaryimage\"},\"image\":{\"@id\":\"https:\/\/vof-news.eu\/fr\/pesticides-un-decret-publie-jeudi-accuse-de-remettre-en-cause-lindependance-de-lanses\/#primaryimage\"},\"thumbnailUrl\":\"https:\/\/vof-news.eu\/wp-content\/uploads\/2025\/07\/66b3617_upload-1-mkkmo766kavx-jmug250701031.jpg\",\"datePublished\":\"2025-07-11T18:32:50+00:00\",\"dateModified\":\"2025-07-11T18:33:23+00:00\",\"author\":{\"@id\":\"https:\/\/vof-news.eu\/fr\/#\/schema\/person\/f6a2a4309f0561835797fd8c19b333ed\"},\"description\":\"Il aura fallu \u00e0 peine quarante-huit heures pour que la proposition de loi (PPL) , dite PPL Duplomb, se r\u00e9invite \u00e0 l\u2019agenda politique. Jeudi 10\u00a0juillet, deux jours apr\u00e8s son adoption d\u00e9finitive \u00e0 l\u2019Assembl\u00e9e nationale (316 voix pour, 223 contre), la publication d\u2019un d\u00e9cret a r\u00e9veill\u00e9 les angoisses des d\u00e9fenseurs de l\u2019environnement inquiets d\u2019un affaiblissement de l\u2019ind\u00e9pendance de l\u2019Agence nationale de s\u00e9curit\u00e9 sanitaire de l\u2019alimentation, de l\u2019environnement et du travail (Anses). , r\u00e9sume une source gouvernementale. Cosign\u00e9 par le minist\u00e8re de l\u2019agriculture et de la souverainet\u00e9 alimentaire et par le minist\u00e8re de la transition \u00e9cologique, ce texte publi\u00e9 au journal officiel indique que devra dor\u00e9navant d\u2019un arr\u00eat\u00e9 du minist\u00e8re de l\u2019agriculture qui d\u00e9finira de pesticides ayant pour objet de lutter contre des ravageurs de cultures ou des v\u00e9g\u00e9taux ind\u00e9sirables. Autrement dit, l\u2019Anses devra consid\u00e9rer les priorit\u00e9s du minist\u00e8re de l\u2019agriculture lorsqu\u2019elle \u00e9tablira son calendrier d\u2019examen des autorisations de mise sur le march\u00e9. Il vous reste 80.64% de cet article \u00e0 lire. La suite est r\u00e9serv\u00e9e aux abonn\u00e9s.\",\"breadcrumb\":{\"@id\":\"https:\/\/vof-news.eu\/fr\/pesticides-un-decret-publie-jeudi-accuse-de-remettre-en-cause-lindependance-de-lanses\/#breadcrumb\"},\"inLanguage\":\"fr-FR\",\"potentialAction\":[{\"@type\":\"ReadAction\",\"target\":[\"https:\/\/vof-news.eu\/fr\/pesticides-un-decret-publie-jeudi-accuse-de-remettre-en-cause-lindependance-de-lanses\/\"]}]},{\"@type\":\"ImageObject\",\"inLanguage\":\"fr-FR\",\"@id\":\"https:\/\/vof-news.eu\/fr\/pesticides-un-decret-publie-jeudi-accuse-de-remettre-en-cause-lindependance-de-lanses\/#primaryimage\",\"url\":\"https:\/\/vof-news.eu\/wp-content\/uploads\/2025\/07\/66b3617_upload-1-mkkmo766kavx-jmug250701031.jpg\",\"contentUrl\":\"https:\/\/vof-news.eu\/wp-content\/uploads\/2025\/07\/66b3617_upload-1-mkkmo766kavx-jmug250701031.jpg\",\"width\":664,\"height\":443},{\"@type\":\"BreadcrumbList\",\"@id\":\"https:\/\/vof-news.eu\/fr\/pesticides-un-decret-publie-jeudi-accuse-de-remettre-en-cause-lindependance-de-lanses\/#breadcrumb\",\"itemListElement\":[{\"@type\":\"ListItem\",\"position\":1,\"name\":\"Home\",\"item\":\"https:\/\/vof-news.eu\/fr\/\"},{\"@type\":\"ListItem\",\"position\":2,\"name\":\"Pesticides\u00a0: un d\u00e9cret publi\u00e9 jeudi accus\u00e9 de remettre en cause l\u2019ind\u00e9pendance de l\u2019Anses\"}]},{\"@type\":\"WebSite\",\"@id\":\"https:\/\/vof-news.eu\/fr\/#website\",\"url\":\"https:\/\/vof-news.eu\/fr\/\",\"name\":\"vof-news.eu\",\"description\":\"\",\"potentialAction\":[{\"@type\":\"SearchAction\",\"target\":{\"@type\":\"EntryPoint\",\"urlTemplate\":\"https:\/\/vof-news.eu\/fr\/?s={search_term_string}\"},\"query-input\":\"required name=search_term_string\"}],\"inLanguage\":\"fr-FR\"},{\"@type\":\"Person\",\"@id\":\"https:\/\/vof-news.eu\/fr\/#\/schema\/person\/f6a2a4309f0561835797fd8c19b333ed\",\"name\":\"Author\",\"image\":{\"@type\":\"ImageObject\",\"inLanguage\":\"fr-FR\",\"@id\":\"https:\/\/vof-news.eu\/fr\/#\/schema\/person\/image\/\",\"url\":\"https:\/\/secure.gravatar.com\/avatar\/b67e614b1b25b3e9c0c239efdd2fde5ab015b5affd6f1c3c85911ca4b384e790?s=96&d=mm&r=g\",\"contentUrl\":\"https:\/\/secure.gravatar.com\/avatar\/b67e614b1b25b3e9c0c239efdd2fde5ab015b5affd6f1c3c85911ca4b384e790?s=96&d=mm&r=g\",\"caption\":\"Author\"},\"sameAs\":[\"http:\/\/vof-news.eu\"],\"url\":\"https:\/\/vof-news.eu\/fr\/author\/zwt6qxnjulxbnyg\/\"}]}<\/script>\n<!-- \/ Yoast SEO plugin. -->","yoast_head_json":{"title":"Pesticides\u00a0: un d\u00e9cret publi\u00e9 jeudi accus\u00e9 de remettre en cause l\u2019ind\u00e9pendance de l\u2019Anses - vof-news.eu","description":"Il aura fallu \u00e0 peine quarante-huit heures pour que la proposition de loi (PPL) , dite PPL Duplomb, se r\u00e9invite \u00e0 l\u2019agenda politique. Jeudi 10\u00a0juillet, deux jours apr\u00e8s son adoption d\u00e9finitive \u00e0 l\u2019Assembl\u00e9e nationale (316 voix pour, 223 contre), la publication d\u2019un d\u00e9cret a r\u00e9veill\u00e9 les angoisses des d\u00e9fenseurs de l\u2019environnement inquiets d\u2019un affaiblissement de l\u2019ind\u00e9pendance de l\u2019Agence nationale de s\u00e9curit\u00e9 sanitaire de l\u2019alimentation, de l\u2019environnement et du travail (Anses). , r\u00e9sume une source gouvernementale. Cosign\u00e9 par le minist\u00e8re de l\u2019agriculture et de la souverainet\u00e9 alimentaire et par le minist\u00e8re de la transition \u00e9cologique, ce texte publi\u00e9 au journal officiel indique que devra dor\u00e9navant d\u2019un arr\u00eat\u00e9 du minist\u00e8re de l\u2019agriculture qui d\u00e9finira de pesticides ayant pour objet de lutter contre des ravageurs de cultures ou des v\u00e9g\u00e9taux ind\u00e9sirables. Autrement dit, l\u2019Anses devra consid\u00e9rer les priorit\u00e9s du minist\u00e8re de l\u2019agriculture lorsqu\u2019elle \u00e9tablira son calendrier d\u2019examen des autorisations de mise sur le march\u00e9. Il vous reste 80.64% de cet article \u00e0 lire. La suite est r\u00e9serv\u00e9e aux abonn\u00e9s.","robots":{"index":"noindex","follow":"follow","max-snippet":"max-snippet:-1","max-image-preview":"max-image-preview:large","max-video-preview":"max-video-preview:-1"},"og_locale":"fr_FR","og_type":"article","og_title":"Pesticides\u00a0: un d\u00e9cret publi\u00e9 jeudi accus\u00e9 de remettre en cause l\u2019ind\u00e9pendance de l\u2019Anses - vof-news.eu","og_description":"Il aura fallu \u00e0 peine quarante-huit heures pour que la proposition de loi (PPL) , dite PPL Duplomb, se r\u00e9invite \u00e0 l\u2019agenda politique. Jeudi 10\u00a0juillet, deux jours apr\u00e8s son adoption d\u00e9finitive \u00e0 l\u2019Assembl\u00e9e nationale (316 voix pour, 223 contre), la publication d\u2019un d\u00e9cret a r\u00e9veill\u00e9 les angoisses des d\u00e9fenseurs de l\u2019environnement inquiets d\u2019un affaiblissement de l\u2019ind\u00e9pendance de l\u2019Agence nationale de s\u00e9curit\u00e9 sanitaire de l\u2019alimentation, de l\u2019environnement et du travail (Anses). , r\u00e9sume une source gouvernementale. Cosign\u00e9 par le minist\u00e8re de l\u2019agriculture et de la souverainet\u00e9 alimentaire et par le minist\u00e8re de la transition \u00e9cologique, ce texte publi\u00e9 au journal officiel indique que devra dor\u00e9navant d\u2019un arr\u00eat\u00e9 du minist\u00e8re de l\u2019agriculture qui d\u00e9finira de pesticides ayant pour objet de lutter contre des ravageurs de cultures ou des v\u00e9g\u00e9taux ind\u00e9sirables. Autrement dit, l\u2019Anses devra consid\u00e9rer les priorit\u00e9s du minist\u00e8re de l\u2019agriculture lorsqu\u2019elle \u00e9tablira son calendrier d\u2019examen des autorisations de mise sur le march\u00e9. Il vous reste 80.64% de cet article \u00e0 lire. La suite est r\u00e9serv\u00e9e aux abonn\u00e9s.","og_url":"https:\/\/vof-news.eu\/fr\/pesticides-un-decret-publie-jeudi-accuse-de-remettre-en-cause-lindependance-de-lanses\/","og_site_name":"vof-news.eu","article_published_time":"2025-07-11T18:32:50+00:00","article_modified_time":"2025-07-11T18:33:23+00:00","og_image":[{"width":664,"height":443,"url":"https:\/\/vof-news.eu\/wp-content\/uploads\/2025\/07\/66b3617_upload-1-mkkmo766kavx-jmug250701031.jpg","type":"image\/jpeg"}],"author":"Author","twitter_card":"summary_large_image","twitter_misc":{"\u00c9crit par":"Author","Dur\u00e9e de lecture estim\u00e9e":"1 minute"},"schema":{"@context":"https:\/\/schema.org","@graph":[{"@type":"WebPage","@id":"https:\/\/vof-news.eu\/fr\/pesticides-un-decret-publie-jeudi-accuse-de-remettre-en-cause-lindependance-de-lanses\/","url":"https:\/\/vof-news.eu\/fr\/pesticides-un-decret-publie-jeudi-accuse-de-remettre-en-cause-lindependance-de-lanses\/","name":"Pesticides\u00a0: un d\u00e9cret publi\u00e9 jeudi accus\u00e9 de remettre en cause l\u2019ind\u00e9pendance de l\u2019Anses - vof-news.eu","isPartOf":{"@id":"https:\/\/vof-news.eu\/fr\/#website"},"primaryImageOfPage":{"@id":"https:\/\/vof-news.eu\/fr\/pesticides-un-decret-publie-jeudi-accuse-de-remettre-en-cause-lindependance-de-lanses\/#primaryimage"},"image":{"@id":"https:\/\/vof-news.eu\/fr\/pesticides-un-decret-publie-jeudi-accuse-de-remettre-en-cause-lindependance-de-lanses\/#primaryimage"},"thumbnailUrl":"https:\/\/vof-news.eu\/wp-content\/uploads\/2025\/07\/66b3617_upload-1-mkkmo766kavx-jmug250701031.jpg","datePublished":"2025-07-11T18:32:50+00:00","dateModified":"2025-07-11T18:33:23+00:00","author":{"@id":"https:\/\/vof-news.eu\/fr\/#\/schema\/person\/f6a2a4309f0561835797fd8c19b333ed"},"description":"Il aura fallu \u00e0 peine quarante-huit heures pour que la proposition de loi (PPL) , dite PPL Duplomb, se r\u00e9invite \u00e0 l\u2019agenda politique. Jeudi 10\u00a0juillet, deux jours apr\u00e8s son adoption d\u00e9finitive \u00e0 l\u2019Assembl\u00e9e nationale (316 voix pour, 223 contre), la publication d\u2019un d\u00e9cret a r\u00e9veill\u00e9 les angoisses des d\u00e9fenseurs de l\u2019environnement inquiets d\u2019un affaiblissement de l\u2019ind\u00e9pendance de l\u2019Agence nationale de s\u00e9curit\u00e9 sanitaire de l\u2019alimentation, de l\u2019environnement et du travail (Anses). , r\u00e9sume une source gouvernementale. Cosign\u00e9 par le minist\u00e8re de l\u2019agriculture et de la souverainet\u00e9 alimentaire et par le minist\u00e8re de la transition \u00e9cologique, ce texte publi\u00e9 au journal officiel indique que devra dor\u00e9navant d\u2019un arr\u00eat\u00e9 du minist\u00e8re de l\u2019agriculture qui d\u00e9finira de pesticides ayant pour objet de lutter contre des ravageurs de cultures ou des v\u00e9g\u00e9taux ind\u00e9sirables. Autrement dit, l\u2019Anses devra consid\u00e9rer les priorit\u00e9s du minist\u00e8re de l\u2019agriculture lorsqu\u2019elle \u00e9tablira son calendrier d\u2019examen des autorisations de mise sur le march\u00e9. Il vous reste 80.64% de cet article \u00e0 lire. La suite est r\u00e9serv\u00e9e aux abonn\u00e9s.","breadcrumb":{"@id":"https:\/\/vof-news.eu\/fr\/pesticides-un-decret-publie-jeudi-accuse-de-remettre-en-cause-lindependance-de-lanses\/#breadcrumb"},"inLanguage":"fr-FR","potentialAction":[{"@type":"ReadAction","target":["https:\/\/vof-news.eu\/fr\/pesticides-un-decret-publie-jeudi-accuse-de-remettre-en-cause-lindependance-de-lanses\/"]}]},{"@type":"ImageObject","inLanguage":"fr-FR","@id":"https:\/\/vof-news.eu\/fr\/pesticides-un-decret-publie-jeudi-accuse-de-remettre-en-cause-lindependance-de-lanses\/#primaryimage","url":"https:\/\/vof-news.eu\/wp-content\/uploads\/2025\/07\/66b3617_upload-1-mkkmo766kavx-jmug250701031.jpg","contentUrl":"https:\/\/vof-news.eu\/wp-content\/uploads\/2025\/07\/66b3617_upload-1-mkkmo766kavx-jmug250701031.jpg","width":664,"height":443},{"@type":"BreadcrumbList","@id":"https:\/\/vof-news.eu\/fr\/pesticides-un-decret-publie-jeudi-accuse-de-remettre-en-cause-lindependance-de-lanses\/#breadcrumb","itemListElement":[{"@type":"ListItem","position":1,"name":"Home","item":"https:\/\/vof-news.eu\/fr\/"},{"@type":"ListItem","position":2,"name":"Pesticides\u00a0: un d\u00e9cret publi\u00e9 jeudi accus\u00e9 de remettre en cause l\u2019ind\u00e9pendance de l\u2019Anses"}]},{"@type":"WebSite","@id":"https:\/\/vof-news.eu\/fr\/#website","url":"https:\/\/vof-news.eu\/fr\/","name":"vof-news.eu","description":"","potentialAction":[{"@type":"SearchAction","target":{"@type":"EntryPoint","urlTemplate":"https:\/\/vof-news.eu\/fr\/?s={search_term_string}"},"query-input":"required name=search_term_string"}],"inLanguage":"fr-FR"},{"@type":"Person","@id":"https:\/\/vof-news.eu\/fr\/#\/schema\/person\/f6a2a4309f0561835797fd8c19b333ed","name":"Author","image":{"@type":"ImageObject","inLanguage":"fr-FR","@id":"https:\/\/vof-news.eu\/fr\/#\/schema\/person\/image\/","url":"https:\/\/secure.gravatar.com\/avatar\/b67e614b1b25b3e9c0c239efdd2fde5ab015b5affd6f1c3c85911ca4b384e790?s=96&d=mm&r=g","contentUrl":"https:\/\/secure.gravatar.com\/avatar\/b67e614b1b25b3e9c0c239efdd2fde5ab015b5affd6f1c3c85911ca4b384e790?s=96&d=mm&r=g","caption":"Author"},"sameAs":["http:\/\/vof-news.eu"],"url":"https:\/\/vof-news.eu\/fr\/author\/zwt6qxnjulxbnyg\/"}]}},"yoast_meta":{"yoast_wpseo_title":"","yoast_wpseo_metadesc":"","yoast_wpseo_canonical":""},"_links":{"self":[{"href":"https:\/\/vof-news.eu\/fr\/wp-json\/wp\/v2\/posts\/252481","targetHints":{"allow":["GET"]}}],"collection":[{"href":"https:\/\/vof-news.eu\/fr\/wp-json\/wp\/v2\/posts"}],"about":[{"href":"https:\/\/vof-news.eu\/fr\/wp-json\/wp\/v2\/types\/post"}],"author":[{"embeddable":true,"href":"https:\/\/vof-news.eu\/fr\/wp-json\/wp\/v2\/users\/1"}],"replies":[{"embeddable":true,"href":"https:\/\/vof-news.eu\/fr\/wp-json\/wp\/v2\/comments?post=252481"}],"version-history":[{"count":1,"href":"https:\/\/vof-news.eu\/fr\/wp-json\/wp\/v2\/posts\/252481\/revisions"}],"predecessor-version":[{"id":252488,"href":"https:\/\/vof-news.eu\/fr\/wp-json\/wp\/v2\/posts\/252481\/revisions\/252488"}],"wp:featuredmedia":[{"embeddable":true,"href":"https:\/\/vof-news.eu\/fr\/wp-json\/wp\/v2\/media\/252482"}],"wp:attachment":[{"href":"https:\/\/vof-news.eu\/fr\/wp-json\/wp\/v2\/media?parent=252481"}],"wp:term":[{"taxonomy":"category","embeddable":true,"href":"https:\/\/vof-news.eu\/fr\/wp-json\/wp\/v2\/categories?post=252481"},{"taxonomy":"post_tag","embeddable":true,"href":"https:\/\/vof-news.eu\/fr\/wp-json\/wp\/v2\/tags?post=252481"}],"curies":[{"name":"wp","href":"https:\/\/api.w.org\/{rel}","templated":true}]}}