{"id":252385,"date":"2025-07-11T19:32:12","date_gmt":"2025-07-11T16:32:12","guid":{"rendered":"https:\/\/vof-news.eu\/le-detail-du-plan-du-gouvernement-pour-lutter-contre-les-accidents-du-travail\/"},"modified":"2025-07-11T19:32:27","modified_gmt":"2025-07-11T16:32:27","slug":"le-detail-du-plan-du-gouvernement-pour-lutter-contre-les-accidents-du-travail","status":"publish","type":"post","link":"https:\/\/vof-news.eu\/fr\/le-detail-du-plan-du-gouvernement-pour-lutter-contre-les-accidents-du-travail\/","title":{"rendered":"Le d\u00e9tail du plan du gouvernement pour lutter contre les accidents du travail"},"content":{"rendered":"<article>\n<p>Un plan ambitieux mais dont la mise en \u0153uvre est loin d\u2019\u00eatre effective. La ministre charg\u00e9e du travail, Astrid Panosyan-Bouvet, d\u00e9voile, vendredi 11\u00a0juillet, dans , sa strat\u00e9gie pour lutter contre les accidents du travail graves et mortels. Des orientations qu\u2019elle a pr\u00e9sent\u00e9es au patronat et aux syndicats, le m\u00eame jour, lors d\u2019un comit\u00e9 national de pr\u00e9vention et de sant\u00e9 au travail, avec pour objectif de les rendre op\u00e9rationnelles \u00e0 partir de 2026.<\/p>\n<p>Astrid Panosyan-Bouvet, devenue au fil des mois une sorte de caution sociale du gouvernement de Fran\u00e7ois Bayrou, affirme, depuis son arriv\u00e9e rue de Grenelle, vouloir lutter contre les accidents du travail. Son premier d\u00e9placement en tant que ministre, en octobre\u00a02024, s\u2019\u00e9tait d\u2019ailleurs fait en toute discr\u00e9tion sur un chantier, \u00e0 Paris, o\u00f9 un ouvrier avait trouv\u00e9 la mort quelques jours plus t\u00f4t. Mais, jusque-l\u00e0, les actes forts manquaient.<\/p>\n<section>   <\/section>\n<p><strong>Il vous reste 81.16% de cet article \u00e0 lire. La suite est r\u00e9serv\u00e9e aux abonn\u00e9s.<\/strong><\/p>\n<\/article>\n","protected":false},"excerpt":{"rendered":"<p>Un plan ambitieux mais dont la mise en \u0153uvre est loin d\u2019\u00eatre effective. La ministre charg\u00e9e du travail, Astrid Panosyan-Bouvet, d\u00e9voile, vendredi 11\u00a0juillet, dans , sa strat\u00e9gie pour lutter contre les accidents du travail graves et mortels. Des orientations qu\u2019elle a pr\u00e9sent\u00e9es au patronat et aux syndicats, le m\u00eame jour, lors d\u2019un comit\u00e9 national de<\/p>\n","protected":false},"author":1,"featured_media":252386,"comment_status":"open","ping_status":"open","sticky":false,"template":"","format":"standard","meta":{"footnotes":""},"categories":[68],"tags":[],"class_list":["post-252385","post","type-post","status-publish","format-standard","has-post-thumbnail","hentry","category-politics-fr"],"acf":[],"yoast_head":"<!-- This site is optimized with the Yoast SEO plugin v22.9 - https:\/\/yoast.com\/wordpress\/plugins\/seo\/ -->\n<title>Le d\u00e9tail du plan du gouvernement pour lutter contre les accidents du travail - vof-news.eu<\/title>\n<meta name=\"description\" content=\"Un plan ambitieux mais dont la mise en \u0153uvre est loin d\u2019\u00eatre effective. La ministre charg\u00e9e du travail, Astrid Panosyan-Bouvet, d\u00e9voile, vendredi 11\u00a0juillet, dans , sa strat\u00e9gie pour lutter contre les accidents du travail graves et mortels. Des orientations qu\u2019elle a pr\u00e9sent\u00e9es au patronat et aux syndicats, le m\u00eame jour, lors d\u2019un comit\u00e9 national de pr\u00e9vention et de sant\u00e9 au travail, avec pour objectif de les rendre op\u00e9rationnelles \u00e0 partir de 2026. Astrid Panosyan-Bouvet, devenue au fil des mois une sorte de caution sociale du gouvernement de Fran\u00e7ois Bayrou, affirme, depuis son arriv\u00e9e rue de Grenelle, vouloir lutter contre les accidents du travail. Son premier d\u00e9placement en tant que ministre, en octobre\u00a02024, s\u2019\u00e9tait d\u2019ailleurs fait en toute discr\u00e9tion sur un chantier, \u00e0 Paris, o\u00f9 un ouvrier avait trouv\u00e9 la mort quelques jours plus t\u00f4t. Mais, jusque-l\u00e0, les actes forts manquaient.   Il vous reste 81.16% de cet article \u00e0 lire. La suite est r\u00e9serv\u00e9e aux abonn\u00e9s.\" \/>\n<meta name=\"robots\" content=\"noindex, follow, max-snippet:-1, max-image-preview:large, max-video-preview:-1\" \/>\n<meta property=\"og:locale\" content=\"fr_FR\" \/>\n<meta property=\"og:type\" content=\"article\" \/>\n<meta property=\"og:title\" content=\"Le d\u00e9tail du plan du gouvernement pour lutter contre les accidents du travail - vof-news.eu\" \/>\n<meta property=\"og:description\" content=\"Un plan ambitieux mais dont la mise en \u0153uvre est loin d\u2019\u00eatre effective. La ministre charg\u00e9e du travail, Astrid Panosyan-Bouvet, d\u00e9voile, vendredi 11\u00a0juillet, dans , sa strat\u00e9gie pour lutter contre les accidents du travail graves et mortels. Des orientations qu\u2019elle a pr\u00e9sent\u00e9es au patronat et aux syndicats, le m\u00eame jour, lors d\u2019un comit\u00e9 national de pr\u00e9vention et de sant\u00e9 au travail, avec pour objectif de les rendre op\u00e9rationnelles \u00e0 partir de 2026. Astrid Panosyan-Bouvet, devenue au fil des mois une sorte de caution sociale du gouvernement de Fran\u00e7ois Bayrou, affirme, depuis son arriv\u00e9e rue de Grenelle, vouloir lutter contre les accidents du travail. Son premier d\u00e9placement en tant que ministre, en octobre\u00a02024, s\u2019\u00e9tait d\u2019ailleurs fait en toute discr\u00e9tion sur un chantier, \u00e0 Paris, o\u00f9 un ouvrier avait trouv\u00e9 la mort quelques jours plus t\u00f4t. Mais, jusque-l\u00e0, les actes forts manquaient.   Il vous reste 81.16% de cet article \u00e0 lire. La suite est r\u00e9serv\u00e9e aux abonn\u00e9s.\" \/>\n<meta property=\"og:url\" content=\"https:\/\/vof-news.eu\/fr\/le-detail-du-plan-du-gouvernement-pour-lutter-contre-les-accidents-du-travail\/\" \/>\n<meta property=\"og:site_name\" content=\"vof-news.eu\" \/>\n<meta property=\"article:published_time\" content=\"2025-07-11T16:32:12+00:00\" \/>\n<meta property=\"article:modified_time\" content=\"2025-07-11T16:32:27+00:00\" \/>\n<meta property=\"og:image\" content=\"https:\/\/vof-news.eu\/wp-content\/uploads\/2025\/07\/3907500_upload-1-non7g1qinmqt-000-66822ke.jpg\" \/>\n\t<meta property=\"og:image:width\" content=\"664\" \/>\n\t<meta property=\"og:image:height\" content=\"443\" \/>\n\t<meta property=\"og:image:type\" content=\"image\/jpeg\" \/>\n<meta name=\"author\" content=\"Author\" \/>\n<meta name=\"twitter:card\" content=\"summary_large_image\" \/>\n<meta name=\"twitter:label1\" content=\"\u00c9crit par\" \/>\n\t<meta name=\"twitter:data1\" content=\"Author\" \/>\n\t<meta name=\"twitter:label2\" content=\"Dur\u00e9e de lecture estim\u00e9e\" \/>\n\t<meta name=\"twitter:data2\" content=\"1 minute\" \/>\n<script type=\"application\/ld+json\" class=\"yoast-schema-graph\">{\"@context\":\"https:\/\/schema.org\",\"@graph\":[{\"@type\":\"WebPage\",\"@id\":\"https:\/\/vof-news.eu\/fr\/le-detail-du-plan-du-gouvernement-pour-lutter-contre-les-accidents-du-travail\/\",\"url\":\"https:\/\/vof-news.eu\/fr\/le-detail-du-plan-du-gouvernement-pour-lutter-contre-les-accidents-du-travail\/\",\"name\":\"Le d\u00e9tail du plan du gouvernement pour lutter contre les accidents du travail - vof-news.eu\",\"isPartOf\":{\"@id\":\"https:\/\/vof-news.eu\/fr\/#website\"},\"primaryImageOfPage\":{\"@id\":\"https:\/\/vof-news.eu\/fr\/le-detail-du-plan-du-gouvernement-pour-lutter-contre-les-accidents-du-travail\/#primaryimage\"},\"image\":{\"@id\":\"https:\/\/vof-news.eu\/fr\/le-detail-du-plan-du-gouvernement-pour-lutter-contre-les-accidents-du-travail\/#primaryimage\"},\"thumbnailUrl\":\"https:\/\/vof-news.eu\/wp-content\/uploads\/2025\/07\/3907500_upload-1-non7g1qinmqt-000-66822ke.jpg\",\"datePublished\":\"2025-07-11T16:32:12+00:00\",\"dateModified\":\"2025-07-11T16:32:27+00:00\",\"author\":{\"@id\":\"https:\/\/vof-news.eu\/fr\/#\/schema\/person\/f6a2a4309f0561835797fd8c19b333ed\"},\"description\":\"Un plan ambitieux mais dont la mise en \u0153uvre est loin d\u2019\u00eatre effective. La ministre charg\u00e9e du travail, Astrid Panosyan-Bouvet, d\u00e9voile, vendredi 11\u00a0juillet, dans , sa strat\u00e9gie pour lutter contre les accidents du travail graves et mortels. Des orientations qu\u2019elle a pr\u00e9sent\u00e9es au patronat et aux syndicats, le m\u00eame jour, lors d\u2019un comit\u00e9 national de pr\u00e9vention et de sant\u00e9 au travail, avec pour objectif de les rendre op\u00e9rationnelles \u00e0 partir de 2026. Astrid Panosyan-Bouvet, devenue au fil des mois une sorte de caution sociale du gouvernement de Fran\u00e7ois Bayrou, affirme, depuis son arriv\u00e9e rue de Grenelle, vouloir lutter contre les accidents du travail. Son premier d\u00e9placement en tant que ministre, en octobre\u00a02024, s\u2019\u00e9tait d\u2019ailleurs fait en toute discr\u00e9tion sur un chantier, \u00e0 Paris, o\u00f9 un ouvrier avait trouv\u00e9 la mort quelques jours plus t\u00f4t. Mais, jusque-l\u00e0, les actes forts manquaient. Il vous reste 81.16% de cet article \u00e0 lire. La suite est r\u00e9serv\u00e9e aux abonn\u00e9s.\",\"breadcrumb\":{\"@id\":\"https:\/\/vof-news.eu\/fr\/le-detail-du-plan-du-gouvernement-pour-lutter-contre-les-accidents-du-travail\/#breadcrumb\"},\"inLanguage\":\"fr-FR\",\"potentialAction\":[{\"@type\":\"ReadAction\",\"target\":[\"https:\/\/vof-news.eu\/fr\/le-detail-du-plan-du-gouvernement-pour-lutter-contre-les-accidents-du-travail\/\"]}]},{\"@type\":\"ImageObject\",\"inLanguage\":\"fr-FR\",\"@id\":\"https:\/\/vof-news.eu\/fr\/le-detail-du-plan-du-gouvernement-pour-lutter-contre-les-accidents-du-travail\/#primaryimage\",\"url\":\"https:\/\/vof-news.eu\/wp-content\/uploads\/2025\/07\/3907500_upload-1-non7g1qinmqt-000-66822ke.jpg\",\"contentUrl\":\"https:\/\/vof-news.eu\/wp-content\/uploads\/2025\/07\/3907500_upload-1-non7g1qinmqt-000-66822ke.jpg\",\"width\":664,\"height\":443},{\"@type\":\"BreadcrumbList\",\"@id\":\"https:\/\/vof-news.eu\/fr\/le-detail-du-plan-du-gouvernement-pour-lutter-contre-les-accidents-du-travail\/#breadcrumb\",\"itemListElement\":[{\"@type\":\"ListItem\",\"position\":1,\"name\":\"Home\",\"item\":\"https:\/\/vof-news.eu\/fr\/\"},{\"@type\":\"ListItem\",\"position\":2,\"name\":\"Le d\u00e9tail du plan du gouvernement pour lutter contre les accidents du travail\"}]},{\"@type\":\"WebSite\",\"@id\":\"https:\/\/vof-news.eu\/fr\/#website\",\"url\":\"https:\/\/vof-news.eu\/fr\/\",\"name\":\"vof-news.eu\",\"description\":\"\",\"potentialAction\":[{\"@type\":\"SearchAction\",\"target\":{\"@type\":\"EntryPoint\",\"urlTemplate\":\"https:\/\/vof-news.eu\/fr\/?s={search_term_string}\"},\"query-input\":\"required name=search_term_string\"}],\"inLanguage\":\"fr-FR\"},{\"@type\":\"Person\",\"@id\":\"https:\/\/vof-news.eu\/fr\/#\/schema\/person\/f6a2a4309f0561835797fd8c19b333ed\",\"name\":\"Author\",\"image\":{\"@type\":\"ImageObject\",\"inLanguage\":\"fr-FR\",\"@id\":\"https:\/\/vof-news.eu\/fr\/#\/schema\/person\/image\/\",\"url\":\"https:\/\/secure.gravatar.com\/avatar\/b67e614b1b25b3e9c0c239efdd2fde5ab015b5affd6f1c3c85911ca4b384e790?s=96&d=mm&r=g\",\"contentUrl\":\"https:\/\/secure.gravatar.com\/avatar\/b67e614b1b25b3e9c0c239efdd2fde5ab015b5affd6f1c3c85911ca4b384e790?s=96&d=mm&r=g\",\"caption\":\"Author\"},\"sameAs\":[\"http:\/\/vof-news.eu\"],\"url\":\"https:\/\/vof-news.eu\/fr\/author\/zwt6qxnjulxbnyg\/\"}]}<\/script>\n<!-- \/ Yoast SEO plugin. -->","yoast_head_json":{"title":"Le d\u00e9tail du plan du gouvernement pour lutter contre les accidents du travail - vof-news.eu","description":"Un plan ambitieux mais dont la mise en \u0153uvre est loin d\u2019\u00eatre effective. La ministre charg\u00e9e du travail, Astrid Panosyan-Bouvet, d\u00e9voile, vendredi 11\u00a0juillet, dans , sa strat\u00e9gie pour lutter contre les accidents du travail graves et mortels. Des orientations qu\u2019elle a pr\u00e9sent\u00e9es au patronat et aux syndicats, le m\u00eame jour, lors d\u2019un comit\u00e9 national de pr\u00e9vention et de sant\u00e9 au travail, avec pour objectif de les rendre op\u00e9rationnelles \u00e0 partir de 2026. Astrid Panosyan-Bouvet, devenue au fil des mois une sorte de caution sociale du gouvernement de Fran\u00e7ois Bayrou, affirme, depuis son arriv\u00e9e rue de Grenelle, vouloir lutter contre les accidents du travail. Son premier d\u00e9placement en tant que ministre, en octobre\u00a02024, s\u2019\u00e9tait d\u2019ailleurs fait en toute discr\u00e9tion sur un chantier, \u00e0 Paris, o\u00f9 un ouvrier avait trouv\u00e9 la mort quelques jours plus t\u00f4t. Mais, jusque-l\u00e0, les actes forts manquaient.   Il vous reste 81.16% de cet article \u00e0 lire. La suite est r\u00e9serv\u00e9e aux abonn\u00e9s.","robots":{"index":"noindex","follow":"follow","max-snippet":"max-snippet:-1","max-image-preview":"max-image-preview:large","max-video-preview":"max-video-preview:-1"},"og_locale":"fr_FR","og_type":"article","og_title":"Le d\u00e9tail du plan du gouvernement pour lutter contre les accidents du travail - vof-news.eu","og_description":"Un plan ambitieux mais dont la mise en \u0153uvre est loin d\u2019\u00eatre effective. La ministre charg\u00e9e du travail, Astrid Panosyan-Bouvet, d\u00e9voile, vendredi 11\u00a0juillet, dans , sa strat\u00e9gie pour lutter contre les accidents du travail graves et mortels. Des orientations qu\u2019elle a pr\u00e9sent\u00e9es au patronat et aux syndicats, le m\u00eame jour, lors d\u2019un comit\u00e9 national de pr\u00e9vention et de sant\u00e9 au travail, avec pour objectif de les rendre op\u00e9rationnelles \u00e0 partir de 2026. Astrid Panosyan-Bouvet, devenue au fil des mois une sorte de caution sociale du gouvernement de Fran\u00e7ois Bayrou, affirme, depuis son arriv\u00e9e rue de Grenelle, vouloir lutter contre les accidents du travail. Son premier d\u00e9placement en tant que ministre, en octobre\u00a02024, s\u2019\u00e9tait d\u2019ailleurs fait en toute discr\u00e9tion sur un chantier, \u00e0 Paris, o\u00f9 un ouvrier avait trouv\u00e9 la mort quelques jours plus t\u00f4t. Mais, jusque-l\u00e0, les actes forts manquaient.   Il vous reste 81.16% de cet article \u00e0 lire. La suite est r\u00e9serv\u00e9e aux abonn\u00e9s.","og_url":"https:\/\/vof-news.eu\/fr\/le-detail-du-plan-du-gouvernement-pour-lutter-contre-les-accidents-du-travail\/","og_site_name":"vof-news.eu","article_published_time":"2025-07-11T16:32:12+00:00","article_modified_time":"2025-07-11T16:32:27+00:00","og_image":[{"width":664,"height":443,"url":"https:\/\/vof-news.eu\/wp-content\/uploads\/2025\/07\/3907500_upload-1-non7g1qinmqt-000-66822ke.jpg","type":"image\/jpeg"}],"author":"Author","twitter_card":"summary_large_image","twitter_misc":{"\u00c9crit par":"Author","Dur\u00e9e de lecture estim\u00e9e":"1 minute"},"schema":{"@context":"https:\/\/schema.org","@graph":[{"@type":"WebPage","@id":"https:\/\/vof-news.eu\/fr\/le-detail-du-plan-du-gouvernement-pour-lutter-contre-les-accidents-du-travail\/","url":"https:\/\/vof-news.eu\/fr\/le-detail-du-plan-du-gouvernement-pour-lutter-contre-les-accidents-du-travail\/","name":"Le d\u00e9tail du plan du gouvernement pour lutter contre les accidents du travail - vof-news.eu","isPartOf":{"@id":"https:\/\/vof-news.eu\/fr\/#website"},"primaryImageOfPage":{"@id":"https:\/\/vof-news.eu\/fr\/le-detail-du-plan-du-gouvernement-pour-lutter-contre-les-accidents-du-travail\/#primaryimage"},"image":{"@id":"https:\/\/vof-news.eu\/fr\/le-detail-du-plan-du-gouvernement-pour-lutter-contre-les-accidents-du-travail\/#primaryimage"},"thumbnailUrl":"https:\/\/vof-news.eu\/wp-content\/uploads\/2025\/07\/3907500_upload-1-non7g1qinmqt-000-66822ke.jpg","datePublished":"2025-07-11T16:32:12+00:00","dateModified":"2025-07-11T16:32:27+00:00","author":{"@id":"https:\/\/vof-news.eu\/fr\/#\/schema\/person\/f6a2a4309f0561835797fd8c19b333ed"},"description":"Un plan ambitieux mais dont la mise en \u0153uvre est loin d\u2019\u00eatre effective. La ministre charg\u00e9e du travail, Astrid Panosyan-Bouvet, d\u00e9voile, vendredi 11\u00a0juillet, dans , sa strat\u00e9gie pour lutter contre les accidents du travail graves et mortels. Des orientations qu\u2019elle a pr\u00e9sent\u00e9es au patronat et aux syndicats, le m\u00eame jour, lors d\u2019un comit\u00e9 national de pr\u00e9vention et de sant\u00e9 au travail, avec pour objectif de les rendre op\u00e9rationnelles \u00e0 partir de 2026. Astrid Panosyan-Bouvet, devenue au fil des mois une sorte de caution sociale du gouvernement de Fran\u00e7ois Bayrou, affirme, depuis son arriv\u00e9e rue de Grenelle, vouloir lutter contre les accidents du travail. Son premier d\u00e9placement en tant que ministre, en octobre\u00a02024, s\u2019\u00e9tait d\u2019ailleurs fait en toute discr\u00e9tion sur un chantier, \u00e0 Paris, o\u00f9 un ouvrier avait trouv\u00e9 la mort quelques jours plus t\u00f4t. Mais, jusque-l\u00e0, les actes forts manquaient. Il vous reste 81.16% de cet article \u00e0 lire. La suite est r\u00e9serv\u00e9e aux abonn\u00e9s.","breadcrumb":{"@id":"https:\/\/vof-news.eu\/fr\/le-detail-du-plan-du-gouvernement-pour-lutter-contre-les-accidents-du-travail\/#breadcrumb"},"inLanguage":"fr-FR","potentialAction":[{"@type":"ReadAction","target":["https:\/\/vof-news.eu\/fr\/le-detail-du-plan-du-gouvernement-pour-lutter-contre-les-accidents-du-travail\/"]}]},{"@type":"ImageObject","inLanguage":"fr-FR","@id":"https:\/\/vof-news.eu\/fr\/le-detail-du-plan-du-gouvernement-pour-lutter-contre-les-accidents-du-travail\/#primaryimage","url":"https:\/\/vof-news.eu\/wp-content\/uploads\/2025\/07\/3907500_upload-1-non7g1qinmqt-000-66822ke.jpg","contentUrl":"https:\/\/vof-news.eu\/wp-content\/uploads\/2025\/07\/3907500_upload-1-non7g1qinmqt-000-66822ke.jpg","width":664,"height":443},{"@type":"BreadcrumbList","@id":"https:\/\/vof-news.eu\/fr\/le-detail-du-plan-du-gouvernement-pour-lutter-contre-les-accidents-du-travail\/#breadcrumb","itemListElement":[{"@type":"ListItem","position":1,"name":"Home","item":"https:\/\/vof-news.eu\/fr\/"},{"@type":"ListItem","position":2,"name":"Le d\u00e9tail du plan du gouvernement pour lutter contre les accidents du travail"}]},{"@type":"WebSite","@id":"https:\/\/vof-news.eu\/fr\/#website","url":"https:\/\/vof-news.eu\/fr\/","name":"vof-news.eu","description":"","potentialAction":[{"@type":"SearchAction","target":{"@type":"EntryPoint","urlTemplate":"https:\/\/vof-news.eu\/fr\/?s={search_term_string}"},"query-input":"required name=search_term_string"}],"inLanguage":"fr-FR"},{"@type":"Person","@id":"https:\/\/vof-news.eu\/fr\/#\/schema\/person\/f6a2a4309f0561835797fd8c19b333ed","name":"Author","image":{"@type":"ImageObject","inLanguage":"fr-FR","@id":"https:\/\/vof-news.eu\/fr\/#\/schema\/person\/image\/","url":"https:\/\/secure.gravatar.com\/avatar\/b67e614b1b25b3e9c0c239efdd2fde5ab015b5affd6f1c3c85911ca4b384e790?s=96&d=mm&r=g","contentUrl":"https:\/\/secure.gravatar.com\/avatar\/b67e614b1b25b3e9c0c239efdd2fde5ab015b5affd6f1c3c85911ca4b384e790?s=96&d=mm&r=g","caption":"Author"},"sameAs":["http:\/\/vof-news.eu"],"url":"https:\/\/vof-news.eu\/fr\/author\/zwt6qxnjulxbnyg\/"}]}},"yoast_meta":{"yoast_wpseo_title":"","yoast_wpseo_metadesc":"","yoast_wpseo_canonical":""},"_links":{"self":[{"href":"https:\/\/vof-news.eu\/fr\/wp-json\/wp\/v2\/posts\/252385","targetHints":{"allow":["GET"]}}],"collection":[{"href":"https:\/\/vof-news.eu\/fr\/wp-json\/wp\/v2\/posts"}],"about":[{"href":"https:\/\/vof-news.eu\/fr\/wp-json\/wp\/v2\/types\/post"}],"author":[{"embeddable":true,"href":"https:\/\/vof-news.eu\/fr\/wp-json\/wp\/v2\/users\/1"}],"replies":[{"embeddable":true,"href":"https:\/\/vof-news.eu\/fr\/wp-json\/wp\/v2\/comments?post=252385"}],"version-history":[{"count":1,"href":"https:\/\/vof-news.eu\/fr\/wp-json\/wp\/v2\/posts\/252385\/revisions"}],"predecessor-version":[{"id":252392,"href":"https:\/\/vof-news.eu\/fr\/wp-json\/wp\/v2\/posts\/252385\/revisions\/252392"}],"wp:featuredmedia":[{"embeddable":true,"href":"https:\/\/vof-news.eu\/fr\/wp-json\/wp\/v2\/media\/252386"}],"wp:attachment":[{"href":"https:\/\/vof-news.eu\/fr\/wp-json\/wp\/v2\/media?parent=252385"}],"wp:term":[{"taxonomy":"category","embeddable":true,"href":"https:\/\/vof-news.eu\/fr\/wp-json\/wp\/v2\/categories?post=252385"},{"taxonomy":"post_tag","embeddable":true,"href":"https:\/\/vof-news.eu\/fr\/wp-json\/wp\/v2\/tags?post=252385"}],"curies":[{"name":"wp","href":"https:\/\/api.w.org\/{rel}","templated":true}]}}