{"id":252377,"date":"2025-07-11T19:31:14","date_gmt":"2025-07-11T16:31:14","guid":{"rendered":"https:\/\/vof-news.eu\/jordan-bardella-attaque-le-parlement-europeen-pour-obtenir-lembauche-de-son-directeur-de-cabinet-comme-assistant-parlementaire\/"},"modified":"2025-07-11T19:31:39","modified_gmt":"2025-07-11T16:31:39","slug":"jordan-bardella-attaque-le-parlement-europeen-pour-obtenir-lembauche-de-son-directeur-de-cabinet-comme-assistant-parlementaire","status":"publish","type":"post","link":"https:\/\/vof-news.eu\/fr\/jordan-bardella-attaque-le-parlement-europeen-pour-obtenir-lembauche-de-son-directeur-de-cabinet-comme-assistant-parlementaire\/","title":{"rendered":"Jordan Bardella attaque le Parlement europ\u00e9en pour obtenir l\u2019embauche de son directeur de cabinet comme assistant parlementaire"},"content":{"rendered":"<article>\n<p>La gu\u00e9rilla juridique entre le Rassemblement national\u00a0(RN) et le Parlement europ\u00e9en ne conna\u00eet pas de tr\u00eave. Comme l\u2019a appris , Jordan Bardella et le d\u00e9put\u00e9 europ\u00e9en Alexandre Varaut ont formul\u00e9, en mai, un recours contre le Parlement europ\u00e9en devant le Tribunal de l\u2019Union europ\u00e9enne\u00a0(UE) pour obtenir les embauches de collaborateurs en tant qu\u2019assistants parlementaires locaux. Il s\u2019agit respectivement du directeur de cabinet du pr\u00e9sident du RN, Fran\u00e7ois Paradol, et de la secr\u00e9taire historique de M.\u00a0Varaut dans son cabinet d\u2019avocat.<\/p>\n<p>L\u2019administration europ\u00e9enne avait refus\u00e9, en novembre\u00a02024, de payer ces deux salaires, estimant qu\u2019il lui serait impossible de v\u00e9rifier si les deux collaborateurs travaillaient r\u00e9ellement \u00e0 aider les deux \u00e9lus dans leur t\u00e2che de d\u00e9put\u00e9 europ\u00e9en. Les contrats d\u2019assistants parlementaires locaux, qui sont bas\u00e9s en France, <a href=\"https:\/\/www.lemonde.fr\/societe\/article\/2025\/04\/17\/ineligibilite-de-marine-le-pen-et-election-presidentielle-2027-les-scenarios-judiciaires-possibles_6596954_3224.html\" rel=\"nofollow\">constituaient l\u2019essentiel de la proc\u00e9dure ayant co\u00fbt\u00e9 l\u2019in\u00e9ligibilit\u00e9 \u00e0 Marine Le\u00a0Pen<\/a>.<\/p>\n<p>Ce recours est donc un nouvel \u00e9pisode dans les relations conflictuelles entre l\u2019instance europ\u00e9enne et le parti d\u2019extr\u00eame droite. Le 31\u00a0mars, le parti, Marine Le\u00a0Pen et 23\u00a0autres \u00e9lus et cadres ont \u00e9t\u00e9 condamn\u00e9s par la justice fran\u00e7aise pour avoir fait r\u00e9mun\u00e9rer par le Parlement europ\u00e9en, en tant qu\u2019assistants parlementaires, des militants qui travaillaient en r\u00e9alit\u00e9 pour le parti \u2013\u00a0la moiti\u00e9 des condamn\u00e9s, dont M<sup>me<\/sup>\u00a0Le\u00a0Pen, a fait appel. Mardi 8\u00a0juillet, le parquet europ\u00e9en a annonc\u00e9 <a href=\"https:\/\/www.lemonde.fr\/international\/article\/2025\/07\/08\/le-parquet-europeen-ouvre-une-enquete-sur-le-rn-et-ses-allies-au-parlement-europeen-suspectes-d-avoir-mis-en-place-un-systeme-illegal-pour-financer-des-associations_6619920_3210.html\" rel=\"nofollow\">l\u2019ouverture d\u2019une autre enqu\u00eate concernant les agissements de la d\u00e9l\u00e9gation\u00a0RN et de ses alli\u00e9s \u00e0 Bruxelles<\/a>, qui auraient son budget de fonctionnement au profit de prestataires amis ou d\u2019associations dans une d\u00e9marche client\u00e9liste.<\/p>\n<p><strong>Il vous reste 62.4% de cet article \u00e0 lire. La suite est r\u00e9serv\u00e9e aux abonn\u00e9s.<\/strong><\/p>\n<\/article>\n","protected":false},"excerpt":{"rendered":"<p>La gu\u00e9rilla juridique entre le Rassemblement national\u00a0(RN) et le Parlement europ\u00e9en ne conna\u00eet pas de tr\u00eave. Comme l\u2019a appris , Jordan Bardella et le d\u00e9put\u00e9 europ\u00e9en Alexandre Varaut ont formul\u00e9, en mai, un recours contre le Parlement europ\u00e9en devant le Tribunal de l\u2019Union europ\u00e9enne\u00a0(UE) pour obtenir les embauches de collaborateurs en tant qu\u2019assistants parlementaires locaux.<\/p>\n","protected":false},"author":1,"featured_media":252378,"comment_status":"open","ping_status":"open","sticky":false,"template":"","format":"standard","meta":{"footnotes":""},"categories":[68],"tags":[],"class_list":["post-252377","post","type-post","status-publish","format-standard","has-post-thumbnail","hentry","category-politics-fr"],"acf":[],"yoast_head":"<!-- This site is optimized with the Yoast SEO plugin v22.9 - https:\/\/yoast.com\/wordpress\/plugins\/seo\/ -->\n<title>Jordan Bardella attaque le Parlement europ\u00e9en pour obtenir l\u2019embauche de son directeur de cabinet comme assistant parlementaire - vof-news.eu<\/title>\n<meta name=\"description\" content=\"La gu\u00e9rilla juridique entre le Rassemblement national\u00a0(RN) et le Parlement europ\u00e9en ne conna\u00eet pas de tr\u00eave. Comme l\u2019a appris , Jordan Bardella et le d\u00e9put\u00e9 europ\u00e9en Alexandre Varaut ont formul\u00e9, en mai, un recours contre le Parlement europ\u00e9en devant le Tribunal de l\u2019Union europ\u00e9enne\u00a0(UE) pour obtenir les embauches de collaborateurs en tant qu\u2019assistants parlementaires locaux. Il s\u2019agit respectivement du directeur de cabinet du pr\u00e9sident du RN, Fran\u00e7ois Paradol, et de la secr\u00e9taire historique de M.\u00a0Varaut dans son cabinet d\u2019avocat. L\u2019administration europ\u00e9enne avait refus\u00e9, en novembre\u00a02024, de payer ces deux salaires, estimant qu\u2019il lui serait impossible de v\u00e9rifier si les deux collaborateurs travaillaient r\u00e9ellement \u00e0 aider les deux \u00e9lus dans leur t\u00e2che de d\u00e9put\u00e9 europ\u00e9en. Les contrats d\u2019assistants parlementaires locaux, qui sont bas\u00e9s en France, constituaient l\u2019essentiel de la proc\u00e9dure ayant co\u00fbt\u00e9 l\u2019in\u00e9ligibilit\u00e9 \u00e0 Marine Le\u00a0Pen. Ce recours est donc un nouvel \u00e9pisode dans les relations conflictuelles entre l\u2019instance europ\u00e9enne et le parti d\u2019extr\u00eame droite. Le 31\u00a0mars, le parti, Marine Le\u00a0Pen et 23\u00a0autres \u00e9lus et cadres ont \u00e9t\u00e9 condamn\u00e9s par la justice fran\u00e7aise pour avoir fait r\u00e9mun\u00e9rer par le Parlement europ\u00e9en, en tant qu\u2019assistants parlementaires, des militants qui travaillaient en r\u00e9alit\u00e9 pour le parti \u2013\u00a0la moiti\u00e9 des condamn\u00e9s, dont Mme\u00a0Le\u00a0Pen, a fait appel. Mardi 8\u00a0juillet, le parquet europ\u00e9en a annonc\u00e9 l\u2019ouverture d\u2019une autre enqu\u00eate concernant les agissements de la d\u00e9l\u00e9gation\u00a0RN et de ses alli\u00e9s \u00e0 Bruxelles, qui auraient son budget de fonctionnement au profit de prestataires amis ou d\u2019associations dans une d\u00e9marche client\u00e9liste. Il vous reste 62.4% de cet article \u00e0 lire. La suite est r\u00e9serv\u00e9e aux abonn\u00e9s.\" \/>\n<meta name=\"robots\" content=\"noindex, follow, max-snippet:-1, max-image-preview:large, max-video-preview:-1\" \/>\n<meta property=\"og:locale\" content=\"fr_FR\" \/>\n<meta property=\"og:type\" content=\"article\" \/>\n<meta property=\"og:title\" content=\"Jordan Bardella attaque le Parlement europ\u00e9en pour obtenir l\u2019embauche de son directeur de cabinet comme assistant parlementaire - vof-news.eu\" \/>\n<meta property=\"og:description\" content=\"La gu\u00e9rilla juridique entre le Rassemblement national\u00a0(RN) et le Parlement europ\u00e9en ne conna\u00eet pas de tr\u00eave. Comme l\u2019a appris , Jordan Bardella et le d\u00e9put\u00e9 europ\u00e9en Alexandre Varaut ont formul\u00e9, en mai, un recours contre le Parlement europ\u00e9en devant le Tribunal de l\u2019Union europ\u00e9enne\u00a0(UE) pour obtenir les embauches de collaborateurs en tant qu\u2019assistants parlementaires locaux. Il s\u2019agit respectivement du directeur de cabinet du pr\u00e9sident du RN, Fran\u00e7ois Paradol, et de la secr\u00e9taire historique de M.\u00a0Varaut dans son cabinet d\u2019avocat. L\u2019administration europ\u00e9enne avait refus\u00e9, en novembre\u00a02024, de payer ces deux salaires, estimant qu\u2019il lui serait impossible de v\u00e9rifier si les deux collaborateurs travaillaient r\u00e9ellement \u00e0 aider les deux \u00e9lus dans leur t\u00e2che de d\u00e9put\u00e9 europ\u00e9en. Les contrats d\u2019assistants parlementaires locaux, qui sont bas\u00e9s en France, constituaient l\u2019essentiel de la proc\u00e9dure ayant co\u00fbt\u00e9 l\u2019in\u00e9ligibilit\u00e9 \u00e0 Marine Le\u00a0Pen. Ce recours est donc un nouvel \u00e9pisode dans les relations conflictuelles entre l\u2019instance europ\u00e9enne et le parti d\u2019extr\u00eame droite. Le 31\u00a0mars, le parti, Marine Le\u00a0Pen et 23\u00a0autres \u00e9lus et cadres ont \u00e9t\u00e9 condamn\u00e9s par la justice fran\u00e7aise pour avoir fait r\u00e9mun\u00e9rer par le Parlement europ\u00e9en, en tant qu\u2019assistants parlementaires, des militants qui travaillaient en r\u00e9alit\u00e9 pour le parti \u2013\u00a0la moiti\u00e9 des condamn\u00e9s, dont Mme\u00a0Le\u00a0Pen, a fait appel. Mardi 8\u00a0juillet, le parquet europ\u00e9en a annonc\u00e9 l\u2019ouverture d\u2019une autre enqu\u00eate concernant les agissements de la d\u00e9l\u00e9gation\u00a0RN et de ses alli\u00e9s \u00e0 Bruxelles, qui auraient son budget de fonctionnement au profit de prestataires amis ou d\u2019associations dans une d\u00e9marche client\u00e9liste. Il vous reste 62.4% de cet article \u00e0 lire. La suite est r\u00e9serv\u00e9e aux abonn\u00e9s.\" \/>\n<meta property=\"og:url\" content=\"https:\/\/vof-news.eu\/fr\/jordan-bardella-attaque-le-parlement-europeen-pour-obtenir-lembauche-de-son-directeur-de-cabinet-comme-assistant-parlementaire\/\" \/>\n<meta property=\"og:site_name\" content=\"vof-news.eu\" \/>\n<meta property=\"article:published_time\" content=\"2025-07-11T16:31:14+00:00\" \/>\n<meta property=\"article:modified_time\" content=\"2025-07-11T16:31:39+00:00\" \/>\n<meta property=\"og:image\" content=\"https:\/\/vof-news.eu\/wp-content\/uploads\/2025\/07\/890b8a1_upload-1-fl5gxqlvhiae-486454.jpg\" \/>\n\t<meta property=\"og:image:width\" content=\"664\" \/>\n\t<meta property=\"og:image:height\" content=\"443\" \/>\n\t<meta property=\"og:image:type\" content=\"image\/jpeg\" \/>\n<meta name=\"author\" content=\"Author\" \/>\n<meta name=\"twitter:card\" content=\"summary_large_image\" \/>\n<meta name=\"twitter:label1\" content=\"\u00c9crit par\" \/>\n\t<meta name=\"twitter:data1\" content=\"Author\" \/>\n\t<meta name=\"twitter:label2\" content=\"Dur\u00e9e de lecture estim\u00e9e\" \/>\n\t<meta name=\"twitter:data2\" content=\"2 minutes\" \/>\n<script type=\"application\/ld+json\" class=\"yoast-schema-graph\">{\"@context\":\"https:\/\/schema.org\",\"@graph\":[{\"@type\":\"WebPage\",\"@id\":\"https:\/\/vof-news.eu\/fr\/jordan-bardella-attaque-le-parlement-europeen-pour-obtenir-lembauche-de-son-directeur-de-cabinet-comme-assistant-parlementaire\/\",\"url\":\"https:\/\/vof-news.eu\/fr\/jordan-bardella-attaque-le-parlement-europeen-pour-obtenir-lembauche-de-son-directeur-de-cabinet-comme-assistant-parlementaire\/\",\"name\":\"Jordan Bardella attaque le Parlement europ\u00e9en pour obtenir l\u2019embauche de son directeur de cabinet comme assistant parlementaire - vof-news.eu\",\"isPartOf\":{\"@id\":\"https:\/\/vof-news.eu\/fr\/#website\"},\"primaryImageOfPage\":{\"@id\":\"https:\/\/vof-news.eu\/fr\/jordan-bardella-attaque-le-parlement-europeen-pour-obtenir-lembauche-de-son-directeur-de-cabinet-comme-assistant-parlementaire\/#primaryimage\"},\"image\":{\"@id\":\"https:\/\/vof-news.eu\/fr\/jordan-bardella-attaque-le-parlement-europeen-pour-obtenir-lembauche-de-son-directeur-de-cabinet-comme-assistant-parlementaire\/#primaryimage\"},\"thumbnailUrl\":\"https:\/\/vof-news.eu\/wp-content\/uploads\/2025\/07\/890b8a1_upload-1-fl5gxqlvhiae-486454.jpg\",\"datePublished\":\"2025-07-11T16:31:14+00:00\",\"dateModified\":\"2025-07-11T16:31:39+00:00\",\"author\":{\"@id\":\"https:\/\/vof-news.eu\/fr\/#\/schema\/person\/f6a2a4309f0561835797fd8c19b333ed\"},\"description\":\"La gu\u00e9rilla juridique entre le Rassemblement national\u00a0(RN) et le Parlement europ\u00e9en ne conna\u00eet pas de tr\u00eave. Comme l\u2019a appris , Jordan Bardella et le d\u00e9put\u00e9 europ\u00e9en Alexandre Varaut ont formul\u00e9, en mai, un recours contre le Parlement europ\u00e9en devant le Tribunal de l\u2019Union europ\u00e9enne\u00a0(UE) pour obtenir les embauches de collaborateurs en tant qu\u2019assistants parlementaires locaux. Il s\u2019agit respectivement du directeur de cabinet du pr\u00e9sident du RN, Fran\u00e7ois Paradol, et de la secr\u00e9taire historique de M.\u00a0Varaut dans son cabinet d\u2019avocat. L\u2019administration europ\u00e9enne avait refus\u00e9, en novembre\u00a02024, de payer ces deux salaires, estimant qu\u2019il lui serait impossible de v\u00e9rifier si les deux collaborateurs travaillaient r\u00e9ellement \u00e0 aider les deux \u00e9lus dans leur t\u00e2che de d\u00e9put\u00e9 europ\u00e9en. Les contrats d\u2019assistants parlementaires locaux, qui sont bas\u00e9s en France, constituaient l\u2019essentiel de la proc\u00e9dure ayant co\u00fbt\u00e9 l\u2019in\u00e9ligibilit\u00e9 \u00e0 Marine Le\u00a0Pen. Ce recours est donc un nouvel \u00e9pisode dans les relations conflictuelles entre l\u2019instance europ\u00e9enne et le parti d\u2019extr\u00eame droite. Le 31\u00a0mars, le parti, Marine Le\u00a0Pen et 23\u00a0autres \u00e9lus et cadres ont \u00e9t\u00e9 condamn\u00e9s par la justice fran\u00e7aise pour avoir fait r\u00e9mun\u00e9rer par le Parlement europ\u00e9en, en tant qu\u2019assistants parlementaires, des militants qui travaillaient en r\u00e9alit\u00e9 pour le parti \u2013\u00a0la moiti\u00e9 des condamn\u00e9s, dont Mme\u00a0Le\u00a0Pen, a fait appel. Mardi 8\u00a0juillet, le parquet europ\u00e9en a annonc\u00e9 l\u2019ouverture d\u2019une autre enqu\u00eate concernant les agissements de la d\u00e9l\u00e9gation\u00a0RN et de ses alli\u00e9s \u00e0 Bruxelles, qui auraient son budget de fonctionnement au profit de prestataires amis ou d\u2019associations dans une d\u00e9marche client\u00e9liste. Il vous reste 62.4% de cet article \u00e0 lire. La suite est r\u00e9serv\u00e9e aux abonn\u00e9s.\",\"breadcrumb\":{\"@id\":\"https:\/\/vof-news.eu\/fr\/jordan-bardella-attaque-le-parlement-europeen-pour-obtenir-lembauche-de-son-directeur-de-cabinet-comme-assistant-parlementaire\/#breadcrumb\"},\"inLanguage\":\"fr-FR\",\"potentialAction\":[{\"@type\":\"ReadAction\",\"target\":[\"https:\/\/vof-news.eu\/fr\/jordan-bardella-attaque-le-parlement-europeen-pour-obtenir-lembauche-de-son-directeur-de-cabinet-comme-assistant-parlementaire\/\"]}]},{\"@type\":\"ImageObject\",\"inLanguage\":\"fr-FR\",\"@id\":\"https:\/\/vof-news.eu\/fr\/jordan-bardella-attaque-le-parlement-europeen-pour-obtenir-lembauche-de-son-directeur-de-cabinet-comme-assistant-parlementaire\/#primaryimage\",\"url\":\"https:\/\/vof-news.eu\/wp-content\/uploads\/2025\/07\/890b8a1_upload-1-fl5gxqlvhiae-486454.jpg\",\"contentUrl\":\"https:\/\/vof-news.eu\/wp-content\/uploads\/2025\/07\/890b8a1_upload-1-fl5gxqlvhiae-486454.jpg\",\"width\":664,\"height\":443},{\"@type\":\"BreadcrumbList\",\"@id\":\"https:\/\/vof-news.eu\/fr\/jordan-bardella-attaque-le-parlement-europeen-pour-obtenir-lembauche-de-son-directeur-de-cabinet-comme-assistant-parlementaire\/#breadcrumb\",\"itemListElement\":[{\"@type\":\"ListItem\",\"position\":1,\"name\":\"Home\",\"item\":\"https:\/\/vof-news.eu\/fr\/\"},{\"@type\":\"ListItem\",\"position\":2,\"name\":\"Jordan Bardella attaque le Parlement europ\u00e9en pour obtenir l\u2019embauche de son directeur de cabinet comme assistant parlementaire\"}]},{\"@type\":\"WebSite\",\"@id\":\"https:\/\/vof-news.eu\/fr\/#website\",\"url\":\"https:\/\/vof-news.eu\/fr\/\",\"name\":\"vof-news.eu\",\"description\":\"\",\"potentialAction\":[{\"@type\":\"SearchAction\",\"target\":{\"@type\":\"EntryPoint\",\"urlTemplate\":\"https:\/\/vof-news.eu\/fr\/?s={search_term_string}\"},\"query-input\":\"required name=search_term_string\"}],\"inLanguage\":\"fr-FR\"},{\"@type\":\"Person\",\"@id\":\"https:\/\/vof-news.eu\/fr\/#\/schema\/person\/f6a2a4309f0561835797fd8c19b333ed\",\"name\":\"Author\",\"image\":{\"@type\":\"ImageObject\",\"inLanguage\":\"fr-FR\",\"@id\":\"https:\/\/vof-news.eu\/fr\/#\/schema\/person\/image\/\",\"url\":\"https:\/\/secure.gravatar.com\/avatar\/b67e614b1b25b3e9c0c239efdd2fde5ab015b5affd6f1c3c85911ca4b384e790?s=96&d=mm&r=g\",\"contentUrl\":\"https:\/\/secure.gravatar.com\/avatar\/b67e614b1b25b3e9c0c239efdd2fde5ab015b5affd6f1c3c85911ca4b384e790?s=96&d=mm&r=g\",\"caption\":\"Author\"},\"sameAs\":[\"http:\/\/vof-news.eu\"],\"url\":\"https:\/\/vof-news.eu\/fr\/author\/zwt6qxnjulxbnyg\/\"}]}<\/script>\n<!-- \/ Yoast SEO plugin. -->","yoast_head_json":{"title":"Jordan Bardella attaque le Parlement europ\u00e9en pour obtenir l\u2019embauche de son directeur de cabinet comme assistant parlementaire - vof-news.eu","description":"La gu\u00e9rilla juridique entre le Rassemblement national\u00a0(RN) et le Parlement europ\u00e9en ne conna\u00eet pas de tr\u00eave. Comme l\u2019a appris , Jordan Bardella et le d\u00e9put\u00e9 europ\u00e9en Alexandre Varaut ont formul\u00e9, en mai, un recours contre le Parlement europ\u00e9en devant le Tribunal de l\u2019Union europ\u00e9enne\u00a0(UE) pour obtenir les embauches de collaborateurs en tant qu\u2019assistants parlementaires locaux. Il s\u2019agit respectivement du directeur de cabinet du pr\u00e9sident du RN, Fran\u00e7ois Paradol, et de la secr\u00e9taire historique de M.\u00a0Varaut dans son cabinet d\u2019avocat. L\u2019administration europ\u00e9enne avait refus\u00e9, en novembre\u00a02024, de payer ces deux salaires, estimant qu\u2019il lui serait impossible de v\u00e9rifier si les deux collaborateurs travaillaient r\u00e9ellement \u00e0 aider les deux \u00e9lus dans leur t\u00e2che de d\u00e9put\u00e9 europ\u00e9en. Les contrats d\u2019assistants parlementaires locaux, qui sont bas\u00e9s en France, constituaient l\u2019essentiel de la proc\u00e9dure ayant co\u00fbt\u00e9 l\u2019in\u00e9ligibilit\u00e9 \u00e0 Marine Le\u00a0Pen. Ce recours est donc un nouvel \u00e9pisode dans les relations conflictuelles entre l\u2019instance europ\u00e9enne et le parti d\u2019extr\u00eame droite. Le 31\u00a0mars, le parti, Marine Le\u00a0Pen et 23\u00a0autres \u00e9lus et cadres ont \u00e9t\u00e9 condamn\u00e9s par la justice fran\u00e7aise pour avoir fait r\u00e9mun\u00e9rer par le Parlement europ\u00e9en, en tant qu\u2019assistants parlementaires, des militants qui travaillaient en r\u00e9alit\u00e9 pour le parti \u2013\u00a0la moiti\u00e9 des condamn\u00e9s, dont Mme\u00a0Le\u00a0Pen, a fait appel. Mardi 8\u00a0juillet, le parquet europ\u00e9en a annonc\u00e9 l\u2019ouverture d\u2019une autre enqu\u00eate concernant les agissements de la d\u00e9l\u00e9gation\u00a0RN et de ses alli\u00e9s \u00e0 Bruxelles, qui auraient son budget de fonctionnement au profit de prestataires amis ou d\u2019associations dans une d\u00e9marche client\u00e9liste. Il vous reste 62.4% de cet article \u00e0 lire. La suite est r\u00e9serv\u00e9e aux abonn\u00e9s.","robots":{"index":"noindex","follow":"follow","max-snippet":"max-snippet:-1","max-image-preview":"max-image-preview:large","max-video-preview":"max-video-preview:-1"},"og_locale":"fr_FR","og_type":"article","og_title":"Jordan Bardella attaque le Parlement europ\u00e9en pour obtenir l\u2019embauche de son directeur de cabinet comme assistant parlementaire - vof-news.eu","og_description":"La gu\u00e9rilla juridique entre le Rassemblement national\u00a0(RN) et le Parlement europ\u00e9en ne conna\u00eet pas de tr\u00eave. Comme l\u2019a appris , Jordan Bardella et le d\u00e9put\u00e9 europ\u00e9en Alexandre Varaut ont formul\u00e9, en mai, un recours contre le Parlement europ\u00e9en devant le Tribunal de l\u2019Union europ\u00e9enne\u00a0(UE) pour obtenir les embauches de collaborateurs en tant qu\u2019assistants parlementaires locaux. Il s\u2019agit respectivement du directeur de cabinet du pr\u00e9sident du RN, Fran\u00e7ois Paradol, et de la secr\u00e9taire historique de M.\u00a0Varaut dans son cabinet d\u2019avocat. L\u2019administration europ\u00e9enne avait refus\u00e9, en novembre\u00a02024, de payer ces deux salaires, estimant qu\u2019il lui serait impossible de v\u00e9rifier si les deux collaborateurs travaillaient r\u00e9ellement \u00e0 aider les deux \u00e9lus dans leur t\u00e2che de d\u00e9put\u00e9 europ\u00e9en. Les contrats d\u2019assistants parlementaires locaux, qui sont bas\u00e9s en France, constituaient l\u2019essentiel de la proc\u00e9dure ayant co\u00fbt\u00e9 l\u2019in\u00e9ligibilit\u00e9 \u00e0 Marine Le\u00a0Pen. Ce recours est donc un nouvel \u00e9pisode dans les relations conflictuelles entre l\u2019instance europ\u00e9enne et le parti d\u2019extr\u00eame droite. Le 31\u00a0mars, le parti, Marine Le\u00a0Pen et 23\u00a0autres \u00e9lus et cadres ont \u00e9t\u00e9 condamn\u00e9s par la justice fran\u00e7aise pour avoir fait r\u00e9mun\u00e9rer par le Parlement europ\u00e9en, en tant qu\u2019assistants parlementaires, des militants qui travaillaient en r\u00e9alit\u00e9 pour le parti \u2013\u00a0la moiti\u00e9 des condamn\u00e9s, dont Mme\u00a0Le\u00a0Pen, a fait appel. Mardi 8\u00a0juillet, le parquet europ\u00e9en a annonc\u00e9 l\u2019ouverture d\u2019une autre enqu\u00eate concernant les agissements de la d\u00e9l\u00e9gation\u00a0RN et de ses alli\u00e9s \u00e0 Bruxelles, qui auraient son budget de fonctionnement au profit de prestataires amis ou d\u2019associations dans une d\u00e9marche client\u00e9liste. Il vous reste 62.4% de cet article \u00e0 lire. La suite est r\u00e9serv\u00e9e aux abonn\u00e9s.","og_url":"https:\/\/vof-news.eu\/fr\/jordan-bardella-attaque-le-parlement-europeen-pour-obtenir-lembauche-de-son-directeur-de-cabinet-comme-assistant-parlementaire\/","og_site_name":"vof-news.eu","article_published_time":"2025-07-11T16:31:14+00:00","article_modified_time":"2025-07-11T16:31:39+00:00","og_image":[{"width":664,"height":443,"url":"https:\/\/vof-news.eu\/wp-content\/uploads\/2025\/07\/890b8a1_upload-1-fl5gxqlvhiae-486454.jpg","type":"image\/jpeg"}],"author":"Author","twitter_card":"summary_large_image","twitter_misc":{"\u00c9crit par":"Author","Dur\u00e9e de lecture estim\u00e9e":"2 minutes"},"schema":{"@context":"https:\/\/schema.org","@graph":[{"@type":"WebPage","@id":"https:\/\/vof-news.eu\/fr\/jordan-bardella-attaque-le-parlement-europeen-pour-obtenir-lembauche-de-son-directeur-de-cabinet-comme-assistant-parlementaire\/","url":"https:\/\/vof-news.eu\/fr\/jordan-bardella-attaque-le-parlement-europeen-pour-obtenir-lembauche-de-son-directeur-de-cabinet-comme-assistant-parlementaire\/","name":"Jordan Bardella attaque le Parlement europ\u00e9en pour obtenir l\u2019embauche de son directeur de cabinet comme assistant parlementaire - vof-news.eu","isPartOf":{"@id":"https:\/\/vof-news.eu\/fr\/#website"},"primaryImageOfPage":{"@id":"https:\/\/vof-news.eu\/fr\/jordan-bardella-attaque-le-parlement-europeen-pour-obtenir-lembauche-de-son-directeur-de-cabinet-comme-assistant-parlementaire\/#primaryimage"},"image":{"@id":"https:\/\/vof-news.eu\/fr\/jordan-bardella-attaque-le-parlement-europeen-pour-obtenir-lembauche-de-son-directeur-de-cabinet-comme-assistant-parlementaire\/#primaryimage"},"thumbnailUrl":"https:\/\/vof-news.eu\/wp-content\/uploads\/2025\/07\/890b8a1_upload-1-fl5gxqlvhiae-486454.jpg","datePublished":"2025-07-11T16:31:14+00:00","dateModified":"2025-07-11T16:31:39+00:00","author":{"@id":"https:\/\/vof-news.eu\/fr\/#\/schema\/person\/f6a2a4309f0561835797fd8c19b333ed"},"description":"La gu\u00e9rilla juridique entre le Rassemblement national\u00a0(RN) et le Parlement europ\u00e9en ne conna\u00eet pas de tr\u00eave. Comme l\u2019a appris , Jordan Bardella et le d\u00e9put\u00e9 europ\u00e9en Alexandre Varaut ont formul\u00e9, en mai, un recours contre le Parlement europ\u00e9en devant le Tribunal de l\u2019Union europ\u00e9enne\u00a0(UE) pour obtenir les embauches de collaborateurs en tant qu\u2019assistants parlementaires locaux. Il s\u2019agit respectivement du directeur de cabinet du pr\u00e9sident du RN, Fran\u00e7ois Paradol, et de la secr\u00e9taire historique de M.\u00a0Varaut dans son cabinet d\u2019avocat. L\u2019administration europ\u00e9enne avait refus\u00e9, en novembre\u00a02024, de payer ces deux salaires, estimant qu\u2019il lui serait impossible de v\u00e9rifier si les deux collaborateurs travaillaient r\u00e9ellement \u00e0 aider les deux \u00e9lus dans leur t\u00e2che de d\u00e9put\u00e9 europ\u00e9en. Les contrats d\u2019assistants parlementaires locaux, qui sont bas\u00e9s en France, constituaient l\u2019essentiel de la proc\u00e9dure ayant co\u00fbt\u00e9 l\u2019in\u00e9ligibilit\u00e9 \u00e0 Marine Le\u00a0Pen. Ce recours est donc un nouvel \u00e9pisode dans les relations conflictuelles entre l\u2019instance europ\u00e9enne et le parti d\u2019extr\u00eame droite. Le 31\u00a0mars, le parti, Marine Le\u00a0Pen et 23\u00a0autres \u00e9lus et cadres ont \u00e9t\u00e9 condamn\u00e9s par la justice fran\u00e7aise pour avoir fait r\u00e9mun\u00e9rer par le Parlement europ\u00e9en, en tant qu\u2019assistants parlementaires, des militants qui travaillaient en r\u00e9alit\u00e9 pour le parti \u2013\u00a0la moiti\u00e9 des condamn\u00e9s, dont Mme\u00a0Le\u00a0Pen, a fait appel. Mardi 8\u00a0juillet, le parquet europ\u00e9en a annonc\u00e9 l\u2019ouverture d\u2019une autre enqu\u00eate concernant les agissements de la d\u00e9l\u00e9gation\u00a0RN et de ses alli\u00e9s \u00e0 Bruxelles, qui auraient son budget de fonctionnement au profit de prestataires amis ou d\u2019associations dans une d\u00e9marche client\u00e9liste. Il vous reste 62.4% de cet article \u00e0 lire. La suite est r\u00e9serv\u00e9e aux abonn\u00e9s.","breadcrumb":{"@id":"https:\/\/vof-news.eu\/fr\/jordan-bardella-attaque-le-parlement-europeen-pour-obtenir-lembauche-de-son-directeur-de-cabinet-comme-assistant-parlementaire\/#breadcrumb"},"inLanguage":"fr-FR","potentialAction":[{"@type":"ReadAction","target":["https:\/\/vof-news.eu\/fr\/jordan-bardella-attaque-le-parlement-europeen-pour-obtenir-lembauche-de-son-directeur-de-cabinet-comme-assistant-parlementaire\/"]}]},{"@type":"ImageObject","inLanguage":"fr-FR","@id":"https:\/\/vof-news.eu\/fr\/jordan-bardella-attaque-le-parlement-europeen-pour-obtenir-lembauche-de-son-directeur-de-cabinet-comme-assistant-parlementaire\/#primaryimage","url":"https:\/\/vof-news.eu\/wp-content\/uploads\/2025\/07\/890b8a1_upload-1-fl5gxqlvhiae-486454.jpg","contentUrl":"https:\/\/vof-news.eu\/wp-content\/uploads\/2025\/07\/890b8a1_upload-1-fl5gxqlvhiae-486454.jpg","width":664,"height":443},{"@type":"BreadcrumbList","@id":"https:\/\/vof-news.eu\/fr\/jordan-bardella-attaque-le-parlement-europeen-pour-obtenir-lembauche-de-son-directeur-de-cabinet-comme-assistant-parlementaire\/#breadcrumb","itemListElement":[{"@type":"ListItem","position":1,"name":"Home","item":"https:\/\/vof-news.eu\/fr\/"},{"@type":"ListItem","position":2,"name":"Jordan Bardella attaque le Parlement europ\u00e9en pour obtenir l\u2019embauche de son directeur de cabinet comme assistant parlementaire"}]},{"@type":"WebSite","@id":"https:\/\/vof-news.eu\/fr\/#website","url":"https:\/\/vof-news.eu\/fr\/","name":"vof-news.eu","description":"","potentialAction":[{"@type":"SearchAction","target":{"@type":"EntryPoint","urlTemplate":"https:\/\/vof-news.eu\/fr\/?s={search_term_string}"},"query-input":"required name=search_term_string"}],"inLanguage":"fr-FR"},{"@type":"Person","@id":"https:\/\/vof-news.eu\/fr\/#\/schema\/person\/f6a2a4309f0561835797fd8c19b333ed","name":"Author","image":{"@type":"ImageObject","inLanguage":"fr-FR","@id":"https:\/\/vof-news.eu\/fr\/#\/schema\/person\/image\/","url":"https:\/\/secure.gravatar.com\/avatar\/b67e614b1b25b3e9c0c239efdd2fde5ab015b5affd6f1c3c85911ca4b384e790?s=96&d=mm&r=g","contentUrl":"https:\/\/secure.gravatar.com\/avatar\/b67e614b1b25b3e9c0c239efdd2fde5ab015b5affd6f1c3c85911ca4b384e790?s=96&d=mm&r=g","caption":"Author"},"sameAs":["http:\/\/vof-news.eu"],"url":"https:\/\/vof-news.eu\/fr\/author\/zwt6qxnjulxbnyg\/"}]}},"yoast_meta":{"yoast_wpseo_title":"","yoast_wpseo_metadesc":"","yoast_wpseo_canonical":""},"_links":{"self":[{"href":"https:\/\/vof-news.eu\/fr\/wp-json\/wp\/v2\/posts\/252377","targetHints":{"allow":["GET"]}}],"collection":[{"href":"https:\/\/vof-news.eu\/fr\/wp-json\/wp\/v2\/posts"}],"about":[{"href":"https:\/\/vof-news.eu\/fr\/wp-json\/wp\/v2\/types\/post"}],"author":[{"embeddable":true,"href":"https:\/\/vof-news.eu\/fr\/wp-json\/wp\/v2\/users\/1"}],"replies":[{"embeddable":true,"href":"https:\/\/vof-news.eu\/fr\/wp-json\/wp\/v2\/comments?post=252377"}],"version-history":[{"count":1,"href":"https:\/\/vof-news.eu\/fr\/wp-json\/wp\/v2\/posts\/252377\/revisions"}],"predecessor-version":[{"id":252384,"href":"https:\/\/vof-news.eu\/fr\/wp-json\/wp\/v2\/posts\/252377\/revisions\/252384"}],"wp:featuredmedia":[{"embeddable":true,"href":"https:\/\/vof-news.eu\/fr\/wp-json\/wp\/v2\/media\/252378"}],"wp:attachment":[{"href":"https:\/\/vof-news.eu\/fr\/wp-json\/wp\/v2\/media?parent=252377"}],"wp:term":[{"taxonomy":"category","embeddable":true,"href":"https:\/\/vof-news.eu\/fr\/wp-json\/wp\/v2\/categories?post=252377"},{"taxonomy":"post_tag","embeddable":true,"href":"https:\/\/vof-news.eu\/fr\/wp-json\/wp\/v2\/tags?post=252377"}],"curies":[{"name":"wp","href":"https:\/\/api.w.org\/{rel}","templated":true}]}}