{"id":252326,"date":"2025-07-11T17:37:06","date_gmt":"2025-07-11T14:37:06","guid":{"rendered":"https:\/\/vof-news.eu\/la-france-est-le-principal-adversaire-en-europe-de-la-russie-dit-le-chef-detat-major-francais\/"},"modified":"2025-07-11T17:37:28","modified_gmt":"2025-07-11T14:37:28","slug":"la-france-est-le-principal-adversaire-en-europe-de-la-russie-dit-le-chef-detat-major-francais","status":"publish","type":"post","link":"https:\/\/vof-news.eu\/fr\/la-france-est-le-principal-adversaire-en-europe-de-la-russie-dit-le-chef-detat-major-francais\/","title":{"rendered":"La France est le \u00ab\u00a0principal adversaire en Europe\u00a0\u00bb de la Russie, dit le chef d\u2019\u00e9tat-major fran\u00e7ais"},"content":{"rendered":"<article>\n<p>L\u2019exercice est rare pour le chef d\u2019\u00e9tat-major fran\u00e7ais, Thierry Burkhard. Sa derni\u00e8re prise de parole publique remontait \u00e0 septembre\u00a02021.<\/p>\n<p>Lors de cette conf\u00e9rence de presse, visant \u00e0 faire le point sur les le chef d\u2019\u00e9tat-major a longtemps parl\u00e9 de la Russie, une selon lui.<\/p>\n<p>(\u2026), a-t-il affirm\u00e9. Bien que la France ne soit pas menac\u00e9e de Thierry Burkhard a fait le point sur les diff\u00e9rentes  utilis\u00e9es par la Russie pour viser la France.<\/p>\n<section>\n<p> <span><a href=\"https:\/\/www.lemonde.fr\/signataires\/service-video\/\" rel=\"nofollow\"> <span>Service vid\u00e9o du Monde<\/span><\/a><\/span> <\/p>\n<\/section>\n<section>\n<section>\n<header>   <\/header>\n<section>\n<section> <a href=\"https:\/\/abo.lemonde.fr\/?lmd_medium=BOUTONS_LMFR&amp;lmd_campaign=CONTRIBUTION_ARTICLE\" rel=\"nofollow\">S\u2019abonner<\/a> <\/section>\n<\/section>\n<section><\/section>\n<\/section>\n<p>Contribuer<\/p>\n<p> <a href=\"https:\/\/www.lemonde.fr\/syndication\/\" rel=\"nofollow\">R\u00e9utiliser ce contenu<\/a> <\/section>\n<\/article>\n","protected":false},"excerpt":{"rendered":"<p>L\u2019exercice est rare pour le chef d\u2019\u00e9tat-major fran\u00e7ais, Thierry Burkhard. Sa derni\u00e8re prise de parole publique remontait \u00e0 septembre\u00a02021. Lors de cette conf\u00e9rence de presse, visant \u00e0 faire le point sur les le chef d\u2019\u00e9tat-major a longtemps parl\u00e9 de la Russie, une selon lui. (\u2026), a-t-il affirm\u00e9. Bien que la France ne soit pas menac\u00e9e<\/p>\n","protected":false},"author":1,"featured_media":0,"comment_status":"open","ping_status":"open","sticky":false,"template":"","format":"standard","meta":{"footnotes":""},"categories":[115],"tags":[],"class_list":["post-252326","post","type-post","status-publish","format-standard","hentry","category-war-chronicles-fr"],"acf":[],"yoast_head":"<!-- This site is optimized with the Yoast SEO plugin v22.9 - https:\/\/yoast.com\/wordpress\/plugins\/seo\/ -->\n<title>La France est le \u00ab\u00a0principal adversaire en Europe\u00a0\u00bb de la Russie, dit le chef d\u2019\u00e9tat-major fran\u00e7ais - vof-news.eu<\/title>\n<meta name=\"description\" content=\"L\u2019exercice est rare pour le chef d\u2019\u00e9tat-major fran\u00e7ais, Thierry Burkhard. Sa derni\u00e8re prise de parole publique remontait \u00e0 septembre\u00a02021. Lors de cette conf\u00e9rence de presse, visant \u00e0 faire le point sur les le chef d\u2019\u00e9tat-major a longtemps parl\u00e9 de la Russie, une selon lui. (\u2026), a-t-il affirm\u00e9. Bien que la France ne soit pas menac\u00e9e de Thierry Burkhard a fait le point sur les diff\u00e9rentes utilis\u00e9es par la Russie pour viser la France.  Service vid\u00e9o du Monde      S\u2019abonner   Contribuer R\u00e9utiliser ce contenu\" \/>\n<meta name=\"robots\" content=\"noindex, follow, max-snippet:-1, max-image-preview:large, max-video-preview:-1\" \/>\n<meta property=\"og:locale\" content=\"fr_FR\" \/>\n<meta property=\"og:type\" content=\"article\" \/>\n<meta property=\"og:title\" content=\"La France est le \u00ab\u00a0principal adversaire en Europe\u00a0\u00bb de la Russie, dit le chef d\u2019\u00e9tat-major fran\u00e7ais - vof-news.eu\" \/>\n<meta property=\"og:description\" content=\"L\u2019exercice est rare pour le chef d\u2019\u00e9tat-major fran\u00e7ais, Thierry Burkhard. Sa derni\u00e8re prise de parole publique remontait \u00e0 septembre\u00a02021. Lors de cette conf\u00e9rence de presse, visant \u00e0 faire le point sur les le chef d\u2019\u00e9tat-major a longtemps parl\u00e9 de la Russie, une selon lui. (\u2026), a-t-il affirm\u00e9. Bien que la France ne soit pas menac\u00e9e de Thierry Burkhard a fait le point sur les diff\u00e9rentes utilis\u00e9es par la Russie pour viser la France.  Service vid\u00e9o du Monde      S\u2019abonner   Contribuer R\u00e9utiliser ce contenu\" \/>\n<meta property=\"og:url\" content=\"https:\/\/vof-news.eu\/fr\/la-france-est-le-principal-adversaire-en-europe-de-la-russie-dit-le-chef-detat-major-francais\/\" \/>\n<meta property=\"og:site_name\" content=\"vof-news.eu\" \/>\n<meta property=\"article:published_time\" content=\"2025-07-11T14:37:06+00:00\" \/>\n<meta property=\"article:modified_time\" content=\"2025-07-11T14:37:28+00:00\" \/>\n<meta name=\"author\" content=\"Author\" \/>\n<meta name=\"twitter:card\" content=\"summary_large_image\" \/>\n<meta name=\"twitter:label1\" content=\"\u00c9crit par\" \/>\n\t<meta name=\"twitter:data1\" content=\"Author\" \/>\n<script type=\"application\/ld+json\" class=\"yoast-schema-graph\">{\"@context\":\"https:\/\/schema.org\",\"@graph\":[{\"@type\":\"WebPage\",\"@id\":\"https:\/\/vof-news.eu\/fr\/la-france-est-le-principal-adversaire-en-europe-de-la-russie-dit-le-chef-detat-major-francais\/\",\"url\":\"https:\/\/vof-news.eu\/fr\/la-france-est-le-principal-adversaire-en-europe-de-la-russie-dit-le-chef-detat-major-francais\/\",\"name\":\"La France est le \u00ab\u00a0principal adversaire en Europe\u00a0\u00bb de la Russie, dit le chef d\u2019\u00e9tat-major fran\u00e7ais - vof-news.eu\",\"isPartOf\":{\"@id\":\"https:\/\/vof-news.eu\/fr\/#website\"},\"datePublished\":\"2025-07-11T14:37:06+00:00\",\"dateModified\":\"2025-07-11T14:37:28+00:00\",\"author\":{\"@id\":\"https:\/\/vof-news.eu\/fr\/#\/schema\/person\/f6a2a4309f0561835797fd8c19b333ed\"},\"description\":\"L\u2019exercice est rare pour le chef d\u2019\u00e9tat-major fran\u00e7ais, Thierry Burkhard. Sa derni\u00e8re prise de parole publique remontait \u00e0 septembre\u00a02021. Lors de cette conf\u00e9rence de presse, visant \u00e0 faire le point sur les le chef d\u2019\u00e9tat-major a longtemps parl\u00e9 de la Russie, une selon lui. (\u2026), a-t-il affirm\u00e9. Bien que la France ne soit pas menac\u00e9e de Thierry Burkhard a fait le point sur les diff\u00e9rentes utilis\u00e9es par la Russie pour viser la France. Service vid\u00e9o du Monde S\u2019abonner Contribuer R\u00e9utiliser ce contenu\",\"breadcrumb\":{\"@id\":\"https:\/\/vof-news.eu\/fr\/la-france-est-le-principal-adversaire-en-europe-de-la-russie-dit-le-chef-detat-major-francais\/#breadcrumb\"},\"inLanguage\":\"fr-FR\",\"potentialAction\":[{\"@type\":\"ReadAction\",\"target\":[\"https:\/\/vof-news.eu\/fr\/la-france-est-le-principal-adversaire-en-europe-de-la-russie-dit-le-chef-detat-major-francais\/\"]}]},{\"@type\":\"BreadcrumbList\",\"@id\":\"https:\/\/vof-news.eu\/fr\/la-france-est-le-principal-adversaire-en-europe-de-la-russie-dit-le-chef-detat-major-francais\/#breadcrumb\",\"itemListElement\":[{\"@type\":\"ListItem\",\"position\":1,\"name\":\"Home\",\"item\":\"https:\/\/vof-news.eu\/fr\/\"},{\"@type\":\"ListItem\",\"position\":2,\"name\":\"La France est le \u00ab\u00a0principal adversaire en Europe\u00a0\u00bb de la Russie, dit le chef d\u2019\u00e9tat-major fran\u00e7ais\"}]},{\"@type\":\"WebSite\",\"@id\":\"https:\/\/vof-news.eu\/fr\/#website\",\"url\":\"https:\/\/vof-news.eu\/fr\/\",\"name\":\"vof-news.eu\",\"description\":\"\",\"potentialAction\":[{\"@type\":\"SearchAction\",\"target\":{\"@type\":\"EntryPoint\",\"urlTemplate\":\"https:\/\/vof-news.eu\/fr\/?s={search_term_string}\"},\"query-input\":\"required name=search_term_string\"}],\"inLanguage\":\"fr-FR\"},{\"@type\":\"Person\",\"@id\":\"https:\/\/vof-news.eu\/fr\/#\/schema\/person\/f6a2a4309f0561835797fd8c19b333ed\",\"name\":\"Author\",\"image\":{\"@type\":\"ImageObject\",\"inLanguage\":\"fr-FR\",\"@id\":\"https:\/\/vof-news.eu\/fr\/#\/schema\/person\/image\/\",\"url\":\"https:\/\/secure.gravatar.com\/avatar\/b67e614b1b25b3e9c0c239efdd2fde5ab015b5affd6f1c3c85911ca4b384e790?s=96&d=mm&r=g\",\"contentUrl\":\"https:\/\/secure.gravatar.com\/avatar\/b67e614b1b25b3e9c0c239efdd2fde5ab015b5affd6f1c3c85911ca4b384e790?s=96&d=mm&r=g\",\"caption\":\"Author\"},\"sameAs\":[\"http:\/\/vof-news.eu\"],\"url\":\"https:\/\/vof-news.eu\/fr\/author\/zwt6qxnjulxbnyg\/\"}]}<\/script>\n<!-- \/ Yoast SEO plugin. -->","yoast_head_json":{"title":"La France est le \u00ab\u00a0principal adversaire en Europe\u00a0\u00bb de la Russie, dit le chef d\u2019\u00e9tat-major fran\u00e7ais - vof-news.eu","description":"L\u2019exercice est rare pour le chef d\u2019\u00e9tat-major fran\u00e7ais, Thierry Burkhard. Sa derni\u00e8re prise de parole publique remontait \u00e0 septembre\u00a02021. Lors de cette conf\u00e9rence de presse, visant \u00e0 faire le point sur les le chef d\u2019\u00e9tat-major a longtemps parl\u00e9 de la Russie, une selon lui. (\u2026), a-t-il affirm\u00e9. Bien que la France ne soit pas menac\u00e9e de Thierry Burkhard a fait le point sur les diff\u00e9rentes utilis\u00e9es par la Russie pour viser la France.  Service vid\u00e9o du Monde      S\u2019abonner   Contribuer R\u00e9utiliser ce contenu","robots":{"index":"noindex","follow":"follow","max-snippet":"max-snippet:-1","max-image-preview":"max-image-preview:large","max-video-preview":"max-video-preview:-1"},"og_locale":"fr_FR","og_type":"article","og_title":"La France est le \u00ab\u00a0principal adversaire en Europe\u00a0\u00bb de la Russie, dit le chef d\u2019\u00e9tat-major fran\u00e7ais - vof-news.eu","og_description":"L\u2019exercice est rare pour le chef d\u2019\u00e9tat-major fran\u00e7ais, Thierry Burkhard. Sa derni\u00e8re prise de parole publique remontait \u00e0 septembre\u00a02021. Lors de cette conf\u00e9rence de presse, visant \u00e0 faire le point sur les le chef d\u2019\u00e9tat-major a longtemps parl\u00e9 de la Russie, une selon lui. (\u2026), a-t-il affirm\u00e9. Bien que la France ne soit pas menac\u00e9e de Thierry Burkhard a fait le point sur les diff\u00e9rentes utilis\u00e9es par la Russie pour viser la France.  Service vid\u00e9o du Monde      S\u2019abonner   Contribuer R\u00e9utiliser ce contenu","og_url":"https:\/\/vof-news.eu\/fr\/la-france-est-le-principal-adversaire-en-europe-de-la-russie-dit-le-chef-detat-major-francais\/","og_site_name":"vof-news.eu","article_published_time":"2025-07-11T14:37:06+00:00","article_modified_time":"2025-07-11T14:37:28+00:00","author":"Author","twitter_card":"summary_large_image","twitter_misc":{"\u00c9crit par":"Author"},"schema":{"@context":"https:\/\/schema.org","@graph":[{"@type":"WebPage","@id":"https:\/\/vof-news.eu\/fr\/la-france-est-le-principal-adversaire-en-europe-de-la-russie-dit-le-chef-detat-major-francais\/","url":"https:\/\/vof-news.eu\/fr\/la-france-est-le-principal-adversaire-en-europe-de-la-russie-dit-le-chef-detat-major-francais\/","name":"La France est le \u00ab\u00a0principal adversaire en Europe\u00a0\u00bb de la Russie, dit le chef d\u2019\u00e9tat-major fran\u00e7ais - vof-news.eu","isPartOf":{"@id":"https:\/\/vof-news.eu\/fr\/#website"},"datePublished":"2025-07-11T14:37:06+00:00","dateModified":"2025-07-11T14:37:28+00:00","author":{"@id":"https:\/\/vof-news.eu\/fr\/#\/schema\/person\/f6a2a4309f0561835797fd8c19b333ed"},"description":"L\u2019exercice est rare pour le chef d\u2019\u00e9tat-major fran\u00e7ais, Thierry Burkhard. Sa derni\u00e8re prise de parole publique remontait \u00e0 septembre\u00a02021. Lors de cette conf\u00e9rence de presse, visant \u00e0 faire le point sur les le chef d\u2019\u00e9tat-major a longtemps parl\u00e9 de la Russie, une selon lui. (\u2026), a-t-il affirm\u00e9. Bien que la France ne soit pas menac\u00e9e de Thierry Burkhard a fait le point sur les diff\u00e9rentes utilis\u00e9es par la Russie pour viser la France. Service vid\u00e9o du Monde S\u2019abonner Contribuer R\u00e9utiliser ce contenu","breadcrumb":{"@id":"https:\/\/vof-news.eu\/fr\/la-france-est-le-principal-adversaire-en-europe-de-la-russie-dit-le-chef-detat-major-francais\/#breadcrumb"},"inLanguage":"fr-FR","potentialAction":[{"@type":"ReadAction","target":["https:\/\/vof-news.eu\/fr\/la-france-est-le-principal-adversaire-en-europe-de-la-russie-dit-le-chef-detat-major-francais\/"]}]},{"@type":"BreadcrumbList","@id":"https:\/\/vof-news.eu\/fr\/la-france-est-le-principal-adversaire-en-europe-de-la-russie-dit-le-chef-detat-major-francais\/#breadcrumb","itemListElement":[{"@type":"ListItem","position":1,"name":"Home","item":"https:\/\/vof-news.eu\/fr\/"},{"@type":"ListItem","position":2,"name":"La France est le \u00ab\u00a0principal adversaire en Europe\u00a0\u00bb de la Russie, dit le chef d\u2019\u00e9tat-major fran\u00e7ais"}]},{"@type":"WebSite","@id":"https:\/\/vof-news.eu\/fr\/#website","url":"https:\/\/vof-news.eu\/fr\/","name":"vof-news.eu","description":"","potentialAction":[{"@type":"SearchAction","target":{"@type":"EntryPoint","urlTemplate":"https:\/\/vof-news.eu\/fr\/?s={search_term_string}"},"query-input":"required name=search_term_string"}],"inLanguage":"fr-FR"},{"@type":"Person","@id":"https:\/\/vof-news.eu\/fr\/#\/schema\/person\/f6a2a4309f0561835797fd8c19b333ed","name":"Author","image":{"@type":"ImageObject","inLanguage":"fr-FR","@id":"https:\/\/vof-news.eu\/fr\/#\/schema\/person\/image\/","url":"https:\/\/secure.gravatar.com\/avatar\/b67e614b1b25b3e9c0c239efdd2fde5ab015b5affd6f1c3c85911ca4b384e790?s=96&d=mm&r=g","contentUrl":"https:\/\/secure.gravatar.com\/avatar\/b67e614b1b25b3e9c0c239efdd2fde5ab015b5affd6f1c3c85911ca4b384e790?s=96&d=mm&r=g","caption":"Author"},"sameAs":["http:\/\/vof-news.eu"],"url":"https:\/\/vof-news.eu\/fr\/author\/zwt6qxnjulxbnyg\/"}]}},"yoast_meta":{"yoast_wpseo_title":"","yoast_wpseo_metadesc":"","yoast_wpseo_canonical":""},"_links":{"self":[{"href":"https:\/\/vof-news.eu\/fr\/wp-json\/wp\/v2\/posts\/252326","targetHints":{"allow":["GET"]}}],"collection":[{"href":"https:\/\/vof-news.eu\/fr\/wp-json\/wp\/v2\/posts"}],"about":[{"href":"https:\/\/vof-news.eu\/fr\/wp-json\/wp\/v2\/types\/post"}],"author":[{"embeddable":true,"href":"https:\/\/vof-news.eu\/fr\/wp-json\/wp\/v2\/users\/1"}],"replies":[{"embeddable":true,"href":"https:\/\/vof-news.eu\/fr\/wp-json\/wp\/v2\/comments?post=252326"}],"version-history":[{"count":1,"href":"https:\/\/vof-news.eu\/fr\/wp-json\/wp\/v2\/posts\/252326\/revisions"}],"predecessor-version":[{"id":252327,"href":"https:\/\/vof-news.eu\/fr\/wp-json\/wp\/v2\/posts\/252326\/revisions\/252327"}],"wp:attachment":[{"href":"https:\/\/vof-news.eu\/fr\/wp-json\/wp\/v2\/media?parent=252326"}],"wp:term":[{"taxonomy":"category","embeddable":true,"href":"https:\/\/vof-news.eu\/fr\/wp-json\/wp\/v2\/categories?post=252326"},{"taxonomy":"post_tag","embeddable":true,"href":"https:\/\/vof-news.eu\/fr\/wp-json\/wp\/v2\/tags?post=252326"}],"curies":[{"name":"wp","href":"https:\/\/api.w.org\/{rel}","templated":true}]}}