{"id":252302,"date":"2025-07-11T17:33:00","date_gmt":"2025-07-11T14:33:00","guid":{"rendered":"https:\/\/vof-news.eu\/reforme-de-laudiovisuel-public-rachida-dati-declenche-le-vote-bloque-pour-accelerer-ladoption-au-senat\/"},"modified":"2025-07-11T17:33:31","modified_gmt":"2025-07-11T14:33:31","slug":"reforme-de-laudiovisuel-public-rachida-dati-declenche-le-vote-bloque-pour-accelerer-ladoption-au-senat","status":"publish","type":"post","link":"https:\/\/vof-news.eu\/fr\/reforme-de-laudiovisuel-public-rachida-dati-declenche-le-vote-bloque-pour-accelerer-ladoption-au-senat\/","title":{"rendered":"R\u00e9forme de l\u2019audiovisuel public\u00a0: Rachida Dati d\u00e9clenche le vote bloqu\u00e9 pour acc\u00e9l\u00e9rer l\u2019adoption au S\u00e9nat"},"content":{"rendered":"<article>\n<p>D\u00e9non\u00e7ant l\u2019 de la gauche, la ministre de la culture, Rachida Dati, a d\u00e9gain\u00e9 l\u2019arme constitutionnelle du vote bloqu\u00e9 lors de l\u2019examen de la r\u00e9forme de l\u2019audiovisuel public au S\u00e9nat, vendredi 11\u00a0juillet au matin, pour tenter d\u2019acc\u00e9l\u00e9rer l\u2019examen du texte avant les cong\u00e9s parlementaires. Cette strat\u00e9gie a permis d\u2019aboutir \u00e0 l\u2019adoption du texte en deuxi\u00e8me lecture par la chambre, dans l\u2019apr\u00e8s-midi, par 194 voix contre 113.<\/p>\n<section>   <\/section>\n<p>Ce vote cl\u00f4t la session extraordinaire du Parlement, qui reprendra ses travaux le 22\u00a0septembre. En d\u00e9but d\u2019apr\u00e8s-midi, la gauche avait d\u00e9cid\u00e9 de quitter l\u2019H\u00e9micycle pour protester contre le recours par M<sup>me<\/sup> Dati \u00e0 la proc\u00e9dure pr\u00e9vue \u00e0 l\u2019article\u00a044.3 de la Constitution, qui a permis de sauter l\u2019examen de centaines d\u2019amendements, afin que les s\u00e9nateurs n\u2019aient la possibilit\u00e9 que d\u2019approuver ou de rejeter l\u2019ensemble du texte.<\/p>\n<p>Contest\u00e9e par les syndicats et la gauche mais port\u00e9e \u00e0 bout de bras par la ministre de la culture, la r\u00e9forme pr\u00e9voit dans les grandes lignes de cr\u00e9er le 1<sup>er<\/sup>\u00a0janvier\u00a02026 une holding, France M\u00e9dias, qui chapeauterait France T\u00e9l\u00e9visions, Radio France et l\u2019Institut national de l\u2019audiovisuel (INA), sous l\u2019autorit\u00e9 d\u2019un pr\u00e9sident-directeur g\u00e9n\u00e9ral.<\/p>\n<section>   <\/section>\n<h2>D\u00e9bats \u00ab\u00a0escamot\u00e9s\u00a0\u00bb<\/h2>\n<p>Depuis plusieurs mois, le texte, port\u00e9 \u00e0 bout de bras par la ministre de la culture, conna\u00eet un parcours parlementaire chaotique. <a href=\"https:\/\/www.lemonde.fr\/politique\/article\/2025\/07\/10\/reforme-de-l-audiovisuel-public-les-debats-s-enlisent-au-senat-rachida-dati-dans-le-viseur-de-la-gauche_6620557_823448.html\" rel=\"nofollow\">Jeudi, les d\u00e9bats se sont enlis\u00e9s au S\u00e9nat\u00a0<\/a>: suspensions de s\u00e9ance \u00e0 r\u00e9p\u00e9tition, rappels au r\u00e8glement, motions de rejet pr\u00e9alable, invectives en pagaille\u2026 En plus de huit heures de discussion, les s\u00e9nateurs ont \u00e0 peine d\u00e9marr\u00e9 l\u2019examen de l\u2019article premier de la proposition de loi du s\u00e9nateur Laurent Lafon. A la man\u0153uvre, la gauche, bien d\u00e9cid\u00e9e \u00e0 jouer la montre, alors que la session extraordinaire doit th\u00e9oriquement s\u2019achever vendredi \u00e0 minuit.<\/p>\n<p>Dans la matin\u00e9e, un peu plus d\u2019une demi-heure apr\u00e8s la reprise des d\u00e9bats, <a href=\"https:\/\/www.youtube.com\/watch?v=h5jqEHHkFiI\" rel=\"nofollow\">M<sup>me<\/sup> Dati a annonc\u00e9<\/a> que le gouvernement demandait au S\u00e9nat , .  (\u2026) , a-t-elle justifi\u00e9. Il restait alors environ 300 amendements \u00e0 d\u00e9battre.<\/p>\n<section>   <\/section>\n<p>Les d\u00e9bats, suspendus vers 10\u00a0h\u00a015, ont repris pr\u00e8s de deux heures plus tard. Les orateurs de la gauche ont successivement protest\u00e9 contre ce , selon le mot de l\u2019ancienne ministre socialiste Laurence Rossignol. , a-t-elle tonn\u00e9, rappelant que le S\u00e9nat avait d\u2019autres outils \u00e0 sa disposition pour discipliner les discussions.<\/p>\n<p>Le 30\u00a0juin, les d\u00e9bats avaient d\u00e9j\u00e0 \u00e9t\u00e9  en premi\u00e8re lecture \u00e0 l\u2019Assembl\u00e9e, <a href=\"https:\/\/www.lemonde.fr\/politique\/article\/2025\/06\/30\/la-reforme-de-l-audiovisuel-public-voulue-par-rachida-dati-rejetee-d-emblee-a-l-assemblee_6617002_823448.html\" rel=\"nofollow\">apr\u00e8s le vote surprise d\u2019une motion de rejet d\u00e9pos\u00e9e par les \u00e9cologistes<\/a>, face aux bancs d\u00e9sert\u00e9s de la coalition gouvernementale. , leur a r\u00e9torqu\u00e9 le rapporteur du texte, C\u00e9dric Vial (Les R\u00e9publicains).<\/p>\n<section>  <a href=\"https:\/\/www.lemonde.fr\/newsletters\/politique\/\" rel=\"nofollow\">    <\/a> <\/section>\n<p>Le pr\u00e9sident de la commission de la culture du S\u00e9nat, Laurent Lafon (UDI), a lui aussi d\u00e9fendu la d\u00e9cision du gouvernement, pointant une obstruction  destin\u00e9e \u00e0  au texte.<\/p>\n<p>D\u00e9sormais, l\u2019examen du texte devrait pouvoir  avant la fin de la session, selon cette source. Et revenir sans doute \u00e0 l\u2019automne \u00e0 l\u2019Assembl\u00e9e, \u00e0 une date ind\u00e9termin\u00e9e.<\/p>\n<section>   <\/section>\n<section>\n<p> <span>Le Monde avec AFP<\/span> <\/p>\n<\/section>\n<section>\n<section>\n<header>   <\/header>\n<section>\n<section> <a href=\"https:\/\/abo.lemonde.fr\/?lmd_medium=BOUTONS_LMFR&amp;lmd_campaign=CONTRIBUTION_ARTICLE\" rel=\"nofollow\">S\u2019abonner<\/a> <\/section>\n<\/section>\n<section><\/section>\n<\/section>\n<p>Contribuer<\/p>\n<p> <a href=\"https:\/\/www.lemonde.fr\/syndication\/\" rel=\"nofollow\">R\u00e9utiliser ce contenu<\/a> <\/section>\n<\/article>\n","protected":false},"excerpt":{"rendered":"<p>D\u00e9non\u00e7ant l\u2019 de la gauche, la ministre de la culture, Rachida Dati, a d\u00e9gain\u00e9 l\u2019arme constitutionnelle du vote bloqu\u00e9 lors de l\u2019examen de la r\u00e9forme de l\u2019audiovisuel public au S\u00e9nat, vendredi 11\u00a0juillet au matin, pour tenter d\u2019acc\u00e9l\u00e9rer l\u2019examen du texte avant les cong\u00e9s parlementaires. Cette strat\u00e9gie a permis d\u2019aboutir \u00e0 l\u2019adoption du texte en deuxi\u00e8me<\/p>\n","protected":false},"author":1,"featured_media":252303,"comment_status":"open","ping_status":"open","sticky":false,"template":"","format":"standard","meta":{"footnotes":""},"categories":[68],"tags":[],"class_list":["post-252302","post","type-post","status-publish","format-standard","has-post-thumbnail","hentry","category-politics-fr"],"acf":[],"yoast_head":"<!-- This site is optimized with the Yoast SEO plugin v22.9 - https:\/\/yoast.com\/wordpress\/plugins\/seo\/ -->\n<title>R\u00e9forme de l\u2019audiovisuel public\u00a0: Rachida Dati d\u00e9clenche le vote bloqu\u00e9 pour acc\u00e9l\u00e9rer l\u2019adoption au S\u00e9nat - vof-news.eu<\/title>\n<meta name=\"description\" content=\"D\u00e9non\u00e7ant l\u2019 de la gauche, la ministre de la culture, Rachida Dati, a d\u00e9gain\u00e9 l\u2019arme constitutionnelle du vote bloqu\u00e9 lors de l\u2019examen de la r\u00e9forme de l\u2019audiovisuel public au S\u00e9nat, vendredi 11\u00a0juillet au matin, pour tenter d\u2019acc\u00e9l\u00e9rer l\u2019examen du texte avant les cong\u00e9s parlementaires. Cette strat\u00e9gie a permis d\u2019aboutir \u00e0 l\u2019adoption du texte en deuxi\u00e8me lecture par la chambre, dans l\u2019apr\u00e8s-midi, par 194 voix contre 113.   Ce vote cl\u00f4t la session extraordinaire du Parlement, qui reprendra ses travaux le 22\u00a0septembre. En d\u00e9but d\u2019apr\u00e8s-midi, la gauche avait d\u00e9cid\u00e9 de quitter l\u2019H\u00e9micycle pour protester contre le recours par Mme Dati \u00e0 la proc\u00e9dure pr\u00e9vue \u00e0 l\u2019article\u00a044.3 de la Constitution, qui a permis de sauter l\u2019examen de centaines d\u2019amendements, afin que les s\u00e9nateurs n\u2019aient la possibilit\u00e9 que d\u2019approuver ou de rejeter l\u2019ensemble du texte. Contest\u00e9e par les syndicats et la gauche mais port\u00e9e \u00e0 bout de bras par la ministre de la culture, la r\u00e9forme pr\u00e9voit dans les grandes lignes de cr\u00e9er le 1er\u00a0janvier\u00a02026 une holding, France M\u00e9dias, qui chapeauterait France T\u00e9l\u00e9visions, Radio France et l\u2019Institut national de l\u2019audiovisuel (INA), sous l\u2019autorit\u00e9 d\u2019un pr\u00e9sident-directeur g\u00e9n\u00e9ral.   D\u00e9bats \u00ab\u00a0escamot\u00e9s\u00a0\u00bb Depuis plusieurs mois, le texte, port\u00e9 \u00e0 bout de bras par la ministre de la culture, conna\u00eet un parcours parlementaire chaotique. Jeudi, les d\u00e9bats se sont enlis\u00e9s au S\u00e9nat\u00a0: suspensions de s\u00e9ance \u00e0 r\u00e9p\u00e9tition, rappels au r\u00e8glement, motions de rejet pr\u00e9alable, invectives en pagaille\u2026 En plus de huit heures de discussion, les s\u00e9nateurs ont \u00e0 peine d\u00e9marr\u00e9 l\u2019examen de l\u2019article premier de la proposition de loi du s\u00e9nateur Laurent Lafon. A la man\u0153uvre, la gauche, bien d\u00e9cid\u00e9e \u00e0 jouer la montre, alors que la session extraordinaire doit th\u00e9oriquement s\u2019achever vendredi \u00e0 minuit. Dans la matin\u00e9e, un peu plus d\u2019une demi-heure apr\u00e8s la reprise des d\u00e9bats, Mme Dati a annonc\u00e9 que le gouvernement demandait au S\u00e9nat , . (\u2026) , a-t-elle justifi\u00e9. Il restait alors environ 300 amendements \u00e0 d\u00e9battre.   Les d\u00e9bats, suspendus vers 10\u00a0h\u00a015, ont repris pr\u00e8s de deux heures plus tard. Les orateurs de la gauche ont successivement protest\u00e9 contre ce , selon le mot de l\u2019ancienne ministre socialiste Laurence Rossignol. , a-t-elle tonn\u00e9, rappelant que le S\u00e9nat avait d\u2019autres outils \u00e0 sa disposition pour discipliner les discussions. Le 30\u00a0juin, les d\u00e9bats avaient d\u00e9j\u00e0 \u00e9t\u00e9 en premi\u00e8re lecture \u00e0 l\u2019Assembl\u00e9e, apr\u00e8s le vote surprise d\u2019une motion de rejet d\u00e9pos\u00e9e par les \u00e9cologistes, face aux bancs d\u00e9sert\u00e9s de la coalition gouvernementale. , leur a r\u00e9torqu\u00e9 le rapporteur du texte, C\u00e9dric Vial (Les R\u00e9publicains).     Le pr\u00e9sident de la commission de la culture du S\u00e9nat, Laurent Lafon (UDI), a lui aussi d\u00e9fendu la d\u00e9cision du gouvernement, pointant une obstruction destin\u00e9e \u00e0 au texte. D\u00e9sormais, l\u2019examen du texte devrait pouvoir avant la fin de la session, selon cette source. Et revenir sans doute \u00e0 l\u2019automne \u00e0 l\u2019Assembl\u00e9e, \u00e0 une date ind\u00e9termin\u00e9e.    Le Monde avec AFP      S\u2019abonner   Contribuer R\u00e9utiliser ce contenu\" \/>\n<meta name=\"robots\" content=\"noindex, follow, max-snippet:-1, max-image-preview:large, max-video-preview:-1\" \/>\n<meta property=\"og:locale\" content=\"fr_FR\" \/>\n<meta property=\"og:type\" content=\"article\" \/>\n<meta property=\"og:title\" content=\"R\u00e9forme de l\u2019audiovisuel public\u00a0: Rachida Dati d\u00e9clenche le vote bloqu\u00e9 pour acc\u00e9l\u00e9rer l\u2019adoption au S\u00e9nat - vof-news.eu\" \/>\n<meta property=\"og:description\" content=\"D\u00e9non\u00e7ant l\u2019 de la gauche, la ministre de la culture, Rachida Dati, a d\u00e9gain\u00e9 l\u2019arme constitutionnelle du vote bloqu\u00e9 lors de l\u2019examen de la r\u00e9forme de l\u2019audiovisuel public au S\u00e9nat, vendredi 11\u00a0juillet au matin, pour tenter d\u2019acc\u00e9l\u00e9rer l\u2019examen du texte avant les cong\u00e9s parlementaires. Cette strat\u00e9gie a permis d\u2019aboutir \u00e0 l\u2019adoption du texte en deuxi\u00e8me lecture par la chambre, dans l\u2019apr\u00e8s-midi, par 194 voix contre 113.   Ce vote cl\u00f4t la session extraordinaire du Parlement, qui reprendra ses travaux le 22\u00a0septembre. En d\u00e9but d\u2019apr\u00e8s-midi, la gauche avait d\u00e9cid\u00e9 de quitter l\u2019H\u00e9micycle pour protester contre le recours par Mme Dati \u00e0 la proc\u00e9dure pr\u00e9vue \u00e0 l\u2019article\u00a044.3 de la Constitution, qui a permis de sauter l\u2019examen de centaines d\u2019amendements, afin que les s\u00e9nateurs n\u2019aient la possibilit\u00e9 que d\u2019approuver ou de rejeter l\u2019ensemble du texte. Contest\u00e9e par les syndicats et la gauche mais port\u00e9e \u00e0 bout de bras par la ministre de la culture, la r\u00e9forme pr\u00e9voit dans les grandes lignes de cr\u00e9er le 1er\u00a0janvier\u00a02026 une holding, France M\u00e9dias, qui chapeauterait France T\u00e9l\u00e9visions, Radio France et l\u2019Institut national de l\u2019audiovisuel (INA), sous l\u2019autorit\u00e9 d\u2019un pr\u00e9sident-directeur g\u00e9n\u00e9ral.   D\u00e9bats \u00ab\u00a0escamot\u00e9s\u00a0\u00bb Depuis plusieurs mois, le texte, port\u00e9 \u00e0 bout de bras par la ministre de la culture, conna\u00eet un parcours parlementaire chaotique. Jeudi, les d\u00e9bats se sont enlis\u00e9s au S\u00e9nat\u00a0: suspensions de s\u00e9ance \u00e0 r\u00e9p\u00e9tition, rappels au r\u00e8glement, motions de rejet pr\u00e9alable, invectives en pagaille\u2026 En plus de huit heures de discussion, les s\u00e9nateurs ont \u00e0 peine d\u00e9marr\u00e9 l\u2019examen de l\u2019article premier de la proposition de loi du s\u00e9nateur Laurent Lafon. A la man\u0153uvre, la gauche, bien d\u00e9cid\u00e9e \u00e0 jouer la montre, alors que la session extraordinaire doit th\u00e9oriquement s\u2019achever vendredi \u00e0 minuit. Dans la matin\u00e9e, un peu plus d\u2019une demi-heure apr\u00e8s la reprise des d\u00e9bats, Mme Dati a annonc\u00e9 que le gouvernement demandait au S\u00e9nat , . (\u2026) , a-t-elle justifi\u00e9. Il restait alors environ 300 amendements \u00e0 d\u00e9battre.   Les d\u00e9bats, suspendus vers 10\u00a0h\u00a015, ont repris pr\u00e8s de deux heures plus tard. Les orateurs de la gauche ont successivement protest\u00e9 contre ce , selon le mot de l\u2019ancienne ministre socialiste Laurence Rossignol. , a-t-elle tonn\u00e9, rappelant que le S\u00e9nat avait d\u2019autres outils \u00e0 sa disposition pour discipliner les discussions. Le 30\u00a0juin, les d\u00e9bats avaient d\u00e9j\u00e0 \u00e9t\u00e9 en premi\u00e8re lecture \u00e0 l\u2019Assembl\u00e9e, apr\u00e8s le vote surprise d\u2019une motion de rejet d\u00e9pos\u00e9e par les \u00e9cologistes, face aux bancs d\u00e9sert\u00e9s de la coalition gouvernementale. , leur a r\u00e9torqu\u00e9 le rapporteur du texte, C\u00e9dric Vial (Les R\u00e9publicains).     Le pr\u00e9sident de la commission de la culture du S\u00e9nat, Laurent Lafon (UDI), a lui aussi d\u00e9fendu la d\u00e9cision du gouvernement, pointant une obstruction destin\u00e9e \u00e0 au texte. D\u00e9sormais, l\u2019examen du texte devrait pouvoir avant la fin de la session, selon cette source. Et revenir sans doute \u00e0 l\u2019automne \u00e0 l\u2019Assembl\u00e9e, \u00e0 une date ind\u00e9termin\u00e9e.    Le Monde avec AFP      S\u2019abonner   Contribuer R\u00e9utiliser ce contenu\" \/>\n<meta property=\"og:url\" content=\"https:\/\/vof-news.eu\/fr\/reforme-de-laudiovisuel-public-rachida-dati-declenche-le-vote-bloque-pour-accelerer-ladoption-au-senat\/\" \/>\n<meta property=\"og:site_name\" content=\"vof-news.eu\" \/>\n<meta property=\"article:published_time\" content=\"2025-07-11T14:33:00+00:00\" \/>\n<meta property=\"article:modified_time\" content=\"2025-07-11T14:33:31+00:00\" \/>\n<meta property=\"og:image\" content=\"https:\/\/vof-news.eu\/wp-content\/uploads\/2025\/07\/9139591_upload-1-mowiqqyiv4l2-jmug250630054.jpg\" \/>\n\t<meta property=\"og:image:width\" content=\"664\" \/>\n\t<meta property=\"og:image:height\" content=\"443\" \/>\n\t<meta property=\"og:image:type\" content=\"image\/jpeg\" \/>\n<meta name=\"author\" content=\"Author\" \/>\n<meta name=\"twitter:card\" content=\"summary_large_image\" \/>\n<meta name=\"twitter:label1\" content=\"\u00c9crit par\" \/>\n\t<meta name=\"twitter:data1\" content=\"Author\" \/>\n\t<meta name=\"twitter:label2\" content=\"Dur\u00e9e de lecture estim\u00e9e\" \/>\n\t<meta name=\"twitter:data2\" content=\"3 minutes\" \/>\n<script type=\"application\/ld+json\" class=\"yoast-schema-graph\">{\"@context\":\"https:\/\/schema.org\",\"@graph\":[{\"@type\":\"WebPage\",\"@id\":\"https:\/\/vof-news.eu\/fr\/reforme-de-laudiovisuel-public-rachida-dati-declenche-le-vote-bloque-pour-accelerer-ladoption-au-senat\/\",\"url\":\"https:\/\/vof-news.eu\/fr\/reforme-de-laudiovisuel-public-rachida-dati-declenche-le-vote-bloque-pour-accelerer-ladoption-au-senat\/\",\"name\":\"R\u00e9forme de l\u2019audiovisuel public\u00a0: Rachida Dati d\u00e9clenche le vote bloqu\u00e9 pour acc\u00e9l\u00e9rer l\u2019adoption au S\u00e9nat - vof-news.eu\",\"isPartOf\":{\"@id\":\"https:\/\/vof-news.eu\/fr\/#website\"},\"primaryImageOfPage\":{\"@id\":\"https:\/\/vof-news.eu\/fr\/reforme-de-laudiovisuel-public-rachida-dati-declenche-le-vote-bloque-pour-accelerer-ladoption-au-senat\/#primaryimage\"},\"image\":{\"@id\":\"https:\/\/vof-news.eu\/fr\/reforme-de-laudiovisuel-public-rachida-dati-declenche-le-vote-bloque-pour-accelerer-ladoption-au-senat\/#primaryimage\"},\"thumbnailUrl\":\"https:\/\/vof-news.eu\/wp-content\/uploads\/2025\/07\/9139591_upload-1-mowiqqyiv4l2-jmug250630054.jpg\",\"datePublished\":\"2025-07-11T14:33:00+00:00\",\"dateModified\":\"2025-07-11T14:33:31+00:00\",\"author\":{\"@id\":\"https:\/\/vof-news.eu\/fr\/#\/schema\/person\/f6a2a4309f0561835797fd8c19b333ed\"},\"description\":\"D\u00e9non\u00e7ant l\u2019 de la gauche, la ministre de la culture, Rachida Dati, a d\u00e9gain\u00e9 l\u2019arme constitutionnelle du vote bloqu\u00e9 lors de l\u2019examen de la r\u00e9forme de l\u2019audiovisuel public au S\u00e9nat, vendredi 11\u00a0juillet au matin, pour tenter d\u2019acc\u00e9l\u00e9rer l\u2019examen du texte avant les cong\u00e9s parlementaires. Cette strat\u00e9gie a permis d\u2019aboutir \u00e0 l\u2019adoption du texte en deuxi\u00e8me lecture par la chambre, dans l\u2019apr\u00e8s-midi, par 194 voix contre 113. Ce vote cl\u00f4t la session extraordinaire du Parlement, qui reprendra ses travaux le 22\u00a0septembre. En d\u00e9but d\u2019apr\u00e8s-midi, la gauche avait d\u00e9cid\u00e9 de quitter l\u2019H\u00e9micycle pour protester contre le recours par Mme Dati \u00e0 la proc\u00e9dure pr\u00e9vue \u00e0 l\u2019article\u00a044.3 de la Constitution, qui a permis de sauter l\u2019examen de centaines d\u2019amendements, afin que les s\u00e9nateurs n\u2019aient la possibilit\u00e9 que d\u2019approuver ou de rejeter l\u2019ensemble du texte. Contest\u00e9e par les syndicats et la gauche mais port\u00e9e \u00e0 bout de bras par la ministre de la culture, la r\u00e9forme pr\u00e9voit dans les grandes lignes de cr\u00e9er le 1er\u00a0janvier\u00a02026 une holding, France M\u00e9dias, qui chapeauterait France T\u00e9l\u00e9visions, Radio France et l\u2019Institut national de l\u2019audiovisuel (INA), sous l\u2019autorit\u00e9 d\u2019un pr\u00e9sident-directeur g\u00e9n\u00e9ral. D\u00e9bats \u00ab\u00a0escamot\u00e9s\u00a0\u00bb Depuis plusieurs mois, le texte, port\u00e9 \u00e0 bout de bras par la ministre de la culture, conna\u00eet un parcours parlementaire chaotique. Jeudi, les d\u00e9bats se sont enlis\u00e9s au S\u00e9nat\u00a0: suspensions de s\u00e9ance \u00e0 r\u00e9p\u00e9tition, rappels au r\u00e8glement, motions de rejet pr\u00e9alable, invectives en pagaille\u2026 En plus de huit heures de discussion, les s\u00e9nateurs ont \u00e0 peine d\u00e9marr\u00e9 l\u2019examen de l\u2019article premier de la proposition de loi du s\u00e9nateur Laurent Lafon. A la man\u0153uvre, la gauche, bien d\u00e9cid\u00e9e \u00e0 jouer la montre, alors que la session extraordinaire doit th\u00e9oriquement s\u2019achever vendredi \u00e0 minuit. Dans la matin\u00e9e, un peu plus d\u2019une demi-heure apr\u00e8s la reprise des d\u00e9bats, Mme Dati a annonc\u00e9 que le gouvernement demandait au S\u00e9nat , . (\u2026) , a-t-elle justifi\u00e9. Il restait alors environ 300 amendements \u00e0 d\u00e9battre. Les d\u00e9bats, suspendus vers 10\u00a0h\u00a015, ont repris pr\u00e8s de deux heures plus tard. Les orateurs de la gauche ont successivement protest\u00e9 contre ce , selon le mot de l\u2019ancienne ministre socialiste Laurence Rossignol. , a-t-elle tonn\u00e9, rappelant que le S\u00e9nat avait d\u2019autres outils \u00e0 sa disposition pour discipliner les discussions. Le 30\u00a0juin, les d\u00e9bats avaient d\u00e9j\u00e0 \u00e9t\u00e9 en premi\u00e8re lecture \u00e0 l\u2019Assembl\u00e9e, apr\u00e8s le vote surprise d\u2019une motion de rejet d\u00e9pos\u00e9e par les \u00e9cologistes, face aux bancs d\u00e9sert\u00e9s de la coalition gouvernementale. , leur a r\u00e9torqu\u00e9 le rapporteur du texte, C\u00e9dric Vial (Les R\u00e9publicains). Le pr\u00e9sident de la commission de la culture du S\u00e9nat, Laurent Lafon (UDI), a lui aussi d\u00e9fendu la d\u00e9cision du gouvernement, pointant une obstruction destin\u00e9e \u00e0 au texte. D\u00e9sormais, l\u2019examen du texte devrait pouvoir avant la fin de la session, selon cette source. Et revenir sans doute \u00e0 l\u2019automne \u00e0 l\u2019Assembl\u00e9e, \u00e0 une date ind\u00e9termin\u00e9e. Le Monde avec AFP S\u2019abonner Contribuer R\u00e9utiliser ce contenu\",\"breadcrumb\":{\"@id\":\"https:\/\/vof-news.eu\/fr\/reforme-de-laudiovisuel-public-rachida-dati-declenche-le-vote-bloque-pour-accelerer-ladoption-au-senat\/#breadcrumb\"},\"inLanguage\":\"fr-FR\",\"potentialAction\":[{\"@type\":\"ReadAction\",\"target\":[\"https:\/\/vof-news.eu\/fr\/reforme-de-laudiovisuel-public-rachida-dati-declenche-le-vote-bloque-pour-accelerer-ladoption-au-senat\/\"]}]},{\"@type\":\"ImageObject\",\"inLanguage\":\"fr-FR\",\"@id\":\"https:\/\/vof-news.eu\/fr\/reforme-de-laudiovisuel-public-rachida-dati-declenche-le-vote-bloque-pour-accelerer-ladoption-au-senat\/#primaryimage\",\"url\":\"https:\/\/vof-news.eu\/wp-content\/uploads\/2025\/07\/9139591_upload-1-mowiqqyiv4l2-jmug250630054.jpg\",\"contentUrl\":\"https:\/\/vof-news.eu\/wp-content\/uploads\/2025\/07\/9139591_upload-1-mowiqqyiv4l2-jmug250630054.jpg\",\"width\":664,\"height\":443},{\"@type\":\"BreadcrumbList\",\"@id\":\"https:\/\/vof-news.eu\/fr\/reforme-de-laudiovisuel-public-rachida-dati-declenche-le-vote-bloque-pour-accelerer-ladoption-au-senat\/#breadcrumb\",\"itemListElement\":[{\"@type\":\"ListItem\",\"position\":1,\"name\":\"Home\",\"item\":\"https:\/\/vof-news.eu\/fr\/\"},{\"@type\":\"ListItem\",\"position\":2,\"name\":\"R\u00e9forme de l\u2019audiovisuel public\u00a0: Rachida Dati d\u00e9clenche le vote bloqu\u00e9 pour acc\u00e9l\u00e9rer l\u2019adoption au S\u00e9nat\"}]},{\"@type\":\"WebSite\",\"@id\":\"https:\/\/vof-news.eu\/fr\/#website\",\"url\":\"https:\/\/vof-news.eu\/fr\/\",\"name\":\"vof-news.eu\",\"description\":\"\",\"potentialAction\":[{\"@type\":\"SearchAction\",\"target\":{\"@type\":\"EntryPoint\",\"urlTemplate\":\"https:\/\/vof-news.eu\/fr\/?s={search_term_string}\"},\"query-input\":\"required name=search_term_string\"}],\"inLanguage\":\"fr-FR\"},{\"@type\":\"Person\",\"@id\":\"https:\/\/vof-news.eu\/fr\/#\/schema\/person\/f6a2a4309f0561835797fd8c19b333ed\",\"name\":\"Author\",\"image\":{\"@type\":\"ImageObject\",\"inLanguage\":\"fr-FR\",\"@id\":\"https:\/\/vof-news.eu\/fr\/#\/schema\/person\/image\/\",\"url\":\"https:\/\/secure.gravatar.com\/avatar\/b67e614b1b25b3e9c0c239efdd2fde5ab015b5affd6f1c3c85911ca4b384e790?s=96&d=mm&r=g\",\"contentUrl\":\"https:\/\/secure.gravatar.com\/avatar\/b67e614b1b25b3e9c0c239efdd2fde5ab015b5affd6f1c3c85911ca4b384e790?s=96&d=mm&r=g\",\"caption\":\"Author\"},\"sameAs\":[\"http:\/\/vof-news.eu\"],\"url\":\"https:\/\/vof-news.eu\/fr\/author\/zwt6qxnjulxbnyg\/\"}]}<\/script>\n<!-- \/ Yoast SEO plugin. -->","yoast_head_json":{"title":"R\u00e9forme de l\u2019audiovisuel public\u00a0: Rachida Dati d\u00e9clenche le vote bloqu\u00e9 pour acc\u00e9l\u00e9rer l\u2019adoption au S\u00e9nat - vof-news.eu","description":"D\u00e9non\u00e7ant l\u2019 de la gauche, la ministre de la culture, Rachida Dati, a d\u00e9gain\u00e9 l\u2019arme constitutionnelle du vote bloqu\u00e9 lors de l\u2019examen de la r\u00e9forme de l\u2019audiovisuel public au S\u00e9nat, vendredi 11\u00a0juillet au matin, pour tenter d\u2019acc\u00e9l\u00e9rer l\u2019examen du texte avant les cong\u00e9s parlementaires. Cette strat\u00e9gie a permis d\u2019aboutir \u00e0 l\u2019adoption du texte en deuxi\u00e8me lecture par la chambre, dans l\u2019apr\u00e8s-midi, par 194 voix contre 113.   Ce vote cl\u00f4t la session extraordinaire du Parlement, qui reprendra ses travaux le 22\u00a0septembre. En d\u00e9but d\u2019apr\u00e8s-midi, la gauche avait d\u00e9cid\u00e9 de quitter l\u2019H\u00e9micycle pour protester contre le recours par Mme Dati \u00e0 la proc\u00e9dure pr\u00e9vue \u00e0 l\u2019article\u00a044.3 de la Constitution, qui a permis de sauter l\u2019examen de centaines d\u2019amendements, afin que les s\u00e9nateurs n\u2019aient la possibilit\u00e9 que d\u2019approuver ou de rejeter l\u2019ensemble du texte. Contest\u00e9e par les syndicats et la gauche mais port\u00e9e \u00e0 bout de bras par la ministre de la culture, la r\u00e9forme pr\u00e9voit dans les grandes lignes de cr\u00e9er le 1er\u00a0janvier\u00a02026 une holding, France M\u00e9dias, qui chapeauterait France T\u00e9l\u00e9visions, Radio France et l\u2019Institut national de l\u2019audiovisuel (INA), sous l\u2019autorit\u00e9 d\u2019un pr\u00e9sident-directeur g\u00e9n\u00e9ral.   D\u00e9bats \u00ab\u00a0escamot\u00e9s\u00a0\u00bb Depuis plusieurs mois, le texte, port\u00e9 \u00e0 bout de bras par la ministre de la culture, conna\u00eet un parcours parlementaire chaotique. Jeudi, les d\u00e9bats se sont enlis\u00e9s au S\u00e9nat\u00a0: suspensions de s\u00e9ance \u00e0 r\u00e9p\u00e9tition, rappels au r\u00e8glement, motions de rejet pr\u00e9alable, invectives en pagaille\u2026 En plus de huit heures de discussion, les s\u00e9nateurs ont \u00e0 peine d\u00e9marr\u00e9 l\u2019examen de l\u2019article premier de la proposition de loi du s\u00e9nateur Laurent Lafon. A la man\u0153uvre, la gauche, bien d\u00e9cid\u00e9e \u00e0 jouer la montre, alors que la session extraordinaire doit th\u00e9oriquement s\u2019achever vendredi \u00e0 minuit. Dans la matin\u00e9e, un peu plus d\u2019une demi-heure apr\u00e8s la reprise des d\u00e9bats, Mme Dati a annonc\u00e9 que le gouvernement demandait au S\u00e9nat , . (\u2026) , a-t-elle justifi\u00e9. Il restait alors environ 300 amendements \u00e0 d\u00e9battre.   Les d\u00e9bats, suspendus vers 10\u00a0h\u00a015, ont repris pr\u00e8s de deux heures plus tard. Les orateurs de la gauche ont successivement protest\u00e9 contre ce , selon le mot de l\u2019ancienne ministre socialiste Laurence Rossignol. , a-t-elle tonn\u00e9, rappelant que le S\u00e9nat avait d\u2019autres outils \u00e0 sa disposition pour discipliner les discussions. Le 30\u00a0juin, les d\u00e9bats avaient d\u00e9j\u00e0 \u00e9t\u00e9 en premi\u00e8re lecture \u00e0 l\u2019Assembl\u00e9e, apr\u00e8s le vote surprise d\u2019une motion de rejet d\u00e9pos\u00e9e par les \u00e9cologistes, face aux bancs d\u00e9sert\u00e9s de la coalition gouvernementale. , leur a r\u00e9torqu\u00e9 le rapporteur du texte, C\u00e9dric Vial (Les R\u00e9publicains).     Le pr\u00e9sident de la commission de la culture du S\u00e9nat, Laurent Lafon (UDI), a lui aussi d\u00e9fendu la d\u00e9cision du gouvernement, pointant une obstruction destin\u00e9e \u00e0 au texte. D\u00e9sormais, l\u2019examen du texte devrait pouvoir avant la fin de la session, selon cette source. Et revenir sans doute \u00e0 l\u2019automne \u00e0 l\u2019Assembl\u00e9e, \u00e0 une date ind\u00e9termin\u00e9e.    Le Monde avec AFP      S\u2019abonner   Contribuer R\u00e9utiliser ce contenu","robots":{"index":"noindex","follow":"follow","max-snippet":"max-snippet:-1","max-image-preview":"max-image-preview:large","max-video-preview":"max-video-preview:-1"},"og_locale":"fr_FR","og_type":"article","og_title":"R\u00e9forme de l\u2019audiovisuel public\u00a0: Rachida Dati d\u00e9clenche le vote bloqu\u00e9 pour acc\u00e9l\u00e9rer l\u2019adoption au S\u00e9nat - vof-news.eu","og_description":"D\u00e9non\u00e7ant l\u2019 de la gauche, la ministre de la culture, Rachida Dati, a d\u00e9gain\u00e9 l\u2019arme constitutionnelle du vote bloqu\u00e9 lors de l\u2019examen de la r\u00e9forme de l\u2019audiovisuel public au S\u00e9nat, vendredi 11\u00a0juillet au matin, pour tenter d\u2019acc\u00e9l\u00e9rer l\u2019examen du texte avant les cong\u00e9s parlementaires. Cette strat\u00e9gie a permis d\u2019aboutir \u00e0 l\u2019adoption du texte en deuxi\u00e8me lecture par la chambre, dans l\u2019apr\u00e8s-midi, par 194 voix contre 113.   Ce vote cl\u00f4t la session extraordinaire du Parlement, qui reprendra ses travaux le 22\u00a0septembre. En d\u00e9but d\u2019apr\u00e8s-midi, la gauche avait d\u00e9cid\u00e9 de quitter l\u2019H\u00e9micycle pour protester contre le recours par Mme Dati \u00e0 la proc\u00e9dure pr\u00e9vue \u00e0 l\u2019article\u00a044.3 de la Constitution, qui a permis de sauter l\u2019examen de centaines d\u2019amendements, afin que les s\u00e9nateurs n\u2019aient la possibilit\u00e9 que d\u2019approuver ou de rejeter l\u2019ensemble du texte. Contest\u00e9e par les syndicats et la gauche mais port\u00e9e \u00e0 bout de bras par la ministre de la culture, la r\u00e9forme pr\u00e9voit dans les grandes lignes de cr\u00e9er le 1er\u00a0janvier\u00a02026 une holding, France M\u00e9dias, qui chapeauterait France T\u00e9l\u00e9visions, Radio France et l\u2019Institut national de l\u2019audiovisuel (INA), sous l\u2019autorit\u00e9 d\u2019un pr\u00e9sident-directeur g\u00e9n\u00e9ral.   D\u00e9bats \u00ab\u00a0escamot\u00e9s\u00a0\u00bb Depuis plusieurs mois, le texte, port\u00e9 \u00e0 bout de bras par la ministre de la culture, conna\u00eet un parcours parlementaire chaotique. Jeudi, les d\u00e9bats se sont enlis\u00e9s au S\u00e9nat\u00a0: suspensions de s\u00e9ance \u00e0 r\u00e9p\u00e9tition, rappels au r\u00e8glement, motions de rejet pr\u00e9alable, invectives en pagaille\u2026 En plus de huit heures de discussion, les s\u00e9nateurs ont \u00e0 peine d\u00e9marr\u00e9 l\u2019examen de l\u2019article premier de la proposition de loi du s\u00e9nateur Laurent Lafon. A la man\u0153uvre, la gauche, bien d\u00e9cid\u00e9e \u00e0 jouer la montre, alors que la session extraordinaire doit th\u00e9oriquement s\u2019achever vendredi \u00e0 minuit. Dans la matin\u00e9e, un peu plus d\u2019une demi-heure apr\u00e8s la reprise des d\u00e9bats, Mme Dati a annonc\u00e9 que le gouvernement demandait au S\u00e9nat , . (\u2026) , a-t-elle justifi\u00e9. Il restait alors environ 300 amendements \u00e0 d\u00e9battre.   Les d\u00e9bats, suspendus vers 10\u00a0h\u00a015, ont repris pr\u00e8s de deux heures plus tard. Les orateurs de la gauche ont successivement protest\u00e9 contre ce , selon le mot de l\u2019ancienne ministre socialiste Laurence Rossignol. , a-t-elle tonn\u00e9, rappelant que le S\u00e9nat avait d\u2019autres outils \u00e0 sa disposition pour discipliner les discussions. Le 30\u00a0juin, les d\u00e9bats avaient d\u00e9j\u00e0 \u00e9t\u00e9 en premi\u00e8re lecture \u00e0 l\u2019Assembl\u00e9e, apr\u00e8s le vote surprise d\u2019une motion de rejet d\u00e9pos\u00e9e par les \u00e9cologistes, face aux bancs d\u00e9sert\u00e9s de la coalition gouvernementale. , leur a r\u00e9torqu\u00e9 le rapporteur du texte, C\u00e9dric Vial (Les R\u00e9publicains).     Le pr\u00e9sident de la commission de la culture du S\u00e9nat, Laurent Lafon (UDI), a lui aussi d\u00e9fendu la d\u00e9cision du gouvernement, pointant une obstruction destin\u00e9e \u00e0 au texte. D\u00e9sormais, l\u2019examen du texte devrait pouvoir avant la fin de la session, selon cette source. Et revenir sans doute \u00e0 l\u2019automne \u00e0 l\u2019Assembl\u00e9e, \u00e0 une date ind\u00e9termin\u00e9e.    Le Monde avec AFP      S\u2019abonner   Contribuer R\u00e9utiliser ce contenu","og_url":"https:\/\/vof-news.eu\/fr\/reforme-de-laudiovisuel-public-rachida-dati-declenche-le-vote-bloque-pour-accelerer-ladoption-au-senat\/","og_site_name":"vof-news.eu","article_published_time":"2025-07-11T14:33:00+00:00","article_modified_time":"2025-07-11T14:33:31+00:00","og_image":[{"width":664,"height":443,"url":"https:\/\/vof-news.eu\/wp-content\/uploads\/2025\/07\/9139591_upload-1-mowiqqyiv4l2-jmug250630054.jpg","type":"image\/jpeg"}],"author":"Author","twitter_card":"summary_large_image","twitter_misc":{"\u00c9crit par":"Author","Dur\u00e9e de lecture estim\u00e9e":"3 minutes"},"schema":{"@context":"https:\/\/schema.org","@graph":[{"@type":"WebPage","@id":"https:\/\/vof-news.eu\/fr\/reforme-de-laudiovisuel-public-rachida-dati-declenche-le-vote-bloque-pour-accelerer-ladoption-au-senat\/","url":"https:\/\/vof-news.eu\/fr\/reforme-de-laudiovisuel-public-rachida-dati-declenche-le-vote-bloque-pour-accelerer-ladoption-au-senat\/","name":"R\u00e9forme de l\u2019audiovisuel public\u00a0: Rachida Dati d\u00e9clenche le vote bloqu\u00e9 pour acc\u00e9l\u00e9rer l\u2019adoption au S\u00e9nat - vof-news.eu","isPartOf":{"@id":"https:\/\/vof-news.eu\/fr\/#website"},"primaryImageOfPage":{"@id":"https:\/\/vof-news.eu\/fr\/reforme-de-laudiovisuel-public-rachida-dati-declenche-le-vote-bloque-pour-accelerer-ladoption-au-senat\/#primaryimage"},"image":{"@id":"https:\/\/vof-news.eu\/fr\/reforme-de-laudiovisuel-public-rachida-dati-declenche-le-vote-bloque-pour-accelerer-ladoption-au-senat\/#primaryimage"},"thumbnailUrl":"https:\/\/vof-news.eu\/wp-content\/uploads\/2025\/07\/9139591_upload-1-mowiqqyiv4l2-jmug250630054.jpg","datePublished":"2025-07-11T14:33:00+00:00","dateModified":"2025-07-11T14:33:31+00:00","author":{"@id":"https:\/\/vof-news.eu\/fr\/#\/schema\/person\/f6a2a4309f0561835797fd8c19b333ed"},"description":"D\u00e9non\u00e7ant l\u2019 de la gauche, la ministre de la culture, Rachida Dati, a d\u00e9gain\u00e9 l\u2019arme constitutionnelle du vote bloqu\u00e9 lors de l\u2019examen de la r\u00e9forme de l\u2019audiovisuel public au S\u00e9nat, vendredi 11\u00a0juillet au matin, pour tenter d\u2019acc\u00e9l\u00e9rer l\u2019examen du texte avant les cong\u00e9s parlementaires. Cette strat\u00e9gie a permis d\u2019aboutir \u00e0 l\u2019adoption du texte en deuxi\u00e8me lecture par la chambre, dans l\u2019apr\u00e8s-midi, par 194 voix contre 113. Ce vote cl\u00f4t la session extraordinaire du Parlement, qui reprendra ses travaux le 22\u00a0septembre. En d\u00e9but d\u2019apr\u00e8s-midi, la gauche avait d\u00e9cid\u00e9 de quitter l\u2019H\u00e9micycle pour protester contre le recours par Mme Dati \u00e0 la proc\u00e9dure pr\u00e9vue \u00e0 l\u2019article\u00a044.3 de la Constitution, qui a permis de sauter l\u2019examen de centaines d\u2019amendements, afin que les s\u00e9nateurs n\u2019aient la possibilit\u00e9 que d\u2019approuver ou de rejeter l\u2019ensemble du texte. Contest\u00e9e par les syndicats et la gauche mais port\u00e9e \u00e0 bout de bras par la ministre de la culture, la r\u00e9forme pr\u00e9voit dans les grandes lignes de cr\u00e9er le 1er\u00a0janvier\u00a02026 une holding, France M\u00e9dias, qui chapeauterait France T\u00e9l\u00e9visions, Radio France et l\u2019Institut national de l\u2019audiovisuel (INA), sous l\u2019autorit\u00e9 d\u2019un pr\u00e9sident-directeur g\u00e9n\u00e9ral. D\u00e9bats \u00ab\u00a0escamot\u00e9s\u00a0\u00bb Depuis plusieurs mois, le texte, port\u00e9 \u00e0 bout de bras par la ministre de la culture, conna\u00eet un parcours parlementaire chaotique. Jeudi, les d\u00e9bats se sont enlis\u00e9s au S\u00e9nat\u00a0: suspensions de s\u00e9ance \u00e0 r\u00e9p\u00e9tition, rappels au r\u00e8glement, motions de rejet pr\u00e9alable, invectives en pagaille\u2026 En plus de huit heures de discussion, les s\u00e9nateurs ont \u00e0 peine d\u00e9marr\u00e9 l\u2019examen de l\u2019article premier de la proposition de loi du s\u00e9nateur Laurent Lafon. A la man\u0153uvre, la gauche, bien d\u00e9cid\u00e9e \u00e0 jouer la montre, alors que la session extraordinaire doit th\u00e9oriquement s\u2019achever vendredi \u00e0 minuit. Dans la matin\u00e9e, un peu plus d\u2019une demi-heure apr\u00e8s la reprise des d\u00e9bats, Mme Dati a annonc\u00e9 que le gouvernement demandait au S\u00e9nat , . (\u2026) , a-t-elle justifi\u00e9. Il restait alors environ 300 amendements \u00e0 d\u00e9battre. Les d\u00e9bats, suspendus vers 10\u00a0h\u00a015, ont repris pr\u00e8s de deux heures plus tard. Les orateurs de la gauche ont successivement protest\u00e9 contre ce , selon le mot de l\u2019ancienne ministre socialiste Laurence Rossignol. , a-t-elle tonn\u00e9, rappelant que le S\u00e9nat avait d\u2019autres outils \u00e0 sa disposition pour discipliner les discussions. Le 30\u00a0juin, les d\u00e9bats avaient d\u00e9j\u00e0 \u00e9t\u00e9 en premi\u00e8re lecture \u00e0 l\u2019Assembl\u00e9e, apr\u00e8s le vote surprise d\u2019une motion de rejet d\u00e9pos\u00e9e par les \u00e9cologistes, face aux bancs d\u00e9sert\u00e9s de la coalition gouvernementale. , leur a r\u00e9torqu\u00e9 le rapporteur du texte, C\u00e9dric Vial (Les R\u00e9publicains). Le pr\u00e9sident de la commission de la culture du S\u00e9nat, Laurent Lafon (UDI), a lui aussi d\u00e9fendu la d\u00e9cision du gouvernement, pointant une obstruction destin\u00e9e \u00e0 au texte. D\u00e9sormais, l\u2019examen du texte devrait pouvoir avant la fin de la session, selon cette source. Et revenir sans doute \u00e0 l\u2019automne \u00e0 l\u2019Assembl\u00e9e, \u00e0 une date ind\u00e9termin\u00e9e. Le Monde avec AFP S\u2019abonner Contribuer R\u00e9utiliser ce contenu","breadcrumb":{"@id":"https:\/\/vof-news.eu\/fr\/reforme-de-laudiovisuel-public-rachida-dati-declenche-le-vote-bloque-pour-accelerer-ladoption-au-senat\/#breadcrumb"},"inLanguage":"fr-FR","potentialAction":[{"@type":"ReadAction","target":["https:\/\/vof-news.eu\/fr\/reforme-de-laudiovisuel-public-rachida-dati-declenche-le-vote-bloque-pour-accelerer-ladoption-au-senat\/"]}]},{"@type":"ImageObject","inLanguage":"fr-FR","@id":"https:\/\/vof-news.eu\/fr\/reforme-de-laudiovisuel-public-rachida-dati-declenche-le-vote-bloque-pour-accelerer-ladoption-au-senat\/#primaryimage","url":"https:\/\/vof-news.eu\/wp-content\/uploads\/2025\/07\/9139591_upload-1-mowiqqyiv4l2-jmug250630054.jpg","contentUrl":"https:\/\/vof-news.eu\/wp-content\/uploads\/2025\/07\/9139591_upload-1-mowiqqyiv4l2-jmug250630054.jpg","width":664,"height":443},{"@type":"BreadcrumbList","@id":"https:\/\/vof-news.eu\/fr\/reforme-de-laudiovisuel-public-rachida-dati-declenche-le-vote-bloque-pour-accelerer-ladoption-au-senat\/#breadcrumb","itemListElement":[{"@type":"ListItem","position":1,"name":"Home","item":"https:\/\/vof-news.eu\/fr\/"},{"@type":"ListItem","position":2,"name":"R\u00e9forme de l\u2019audiovisuel public\u00a0: Rachida Dati d\u00e9clenche le vote bloqu\u00e9 pour acc\u00e9l\u00e9rer l\u2019adoption au S\u00e9nat"}]},{"@type":"WebSite","@id":"https:\/\/vof-news.eu\/fr\/#website","url":"https:\/\/vof-news.eu\/fr\/","name":"vof-news.eu","description":"","potentialAction":[{"@type":"SearchAction","target":{"@type":"EntryPoint","urlTemplate":"https:\/\/vof-news.eu\/fr\/?s={search_term_string}"},"query-input":"required name=search_term_string"}],"inLanguage":"fr-FR"},{"@type":"Person","@id":"https:\/\/vof-news.eu\/fr\/#\/schema\/person\/f6a2a4309f0561835797fd8c19b333ed","name":"Author","image":{"@type":"ImageObject","inLanguage":"fr-FR","@id":"https:\/\/vof-news.eu\/fr\/#\/schema\/person\/image\/","url":"https:\/\/secure.gravatar.com\/avatar\/b67e614b1b25b3e9c0c239efdd2fde5ab015b5affd6f1c3c85911ca4b384e790?s=96&d=mm&r=g","contentUrl":"https:\/\/secure.gravatar.com\/avatar\/b67e614b1b25b3e9c0c239efdd2fde5ab015b5affd6f1c3c85911ca4b384e790?s=96&d=mm&r=g","caption":"Author"},"sameAs":["http:\/\/vof-news.eu"],"url":"https:\/\/vof-news.eu\/fr\/author\/zwt6qxnjulxbnyg\/"}]}},"yoast_meta":{"yoast_wpseo_title":"","yoast_wpseo_metadesc":"","yoast_wpseo_canonical":""},"_links":{"self":[{"href":"https:\/\/vof-news.eu\/fr\/wp-json\/wp\/v2\/posts\/252302","targetHints":{"allow":["GET"]}}],"collection":[{"href":"https:\/\/vof-news.eu\/fr\/wp-json\/wp\/v2\/posts"}],"about":[{"href":"https:\/\/vof-news.eu\/fr\/wp-json\/wp\/v2\/types\/post"}],"author":[{"embeddable":true,"href":"https:\/\/vof-news.eu\/fr\/wp-json\/wp\/v2\/users\/1"}],"replies":[{"embeddable":true,"href":"https:\/\/vof-news.eu\/fr\/wp-json\/wp\/v2\/comments?post=252302"}],"version-history":[{"count":1,"href":"https:\/\/vof-news.eu\/fr\/wp-json\/wp\/v2\/posts\/252302\/revisions"}],"predecessor-version":[{"id":252309,"href":"https:\/\/vof-news.eu\/fr\/wp-json\/wp\/v2\/posts\/252302\/revisions\/252309"}],"wp:featuredmedia":[{"embeddable":true,"href":"https:\/\/vof-news.eu\/fr\/wp-json\/wp\/v2\/media\/252303"}],"wp:attachment":[{"href":"https:\/\/vof-news.eu\/fr\/wp-json\/wp\/v2\/media?parent=252302"}],"wp:term":[{"taxonomy":"category","embeddable":true,"href":"https:\/\/vof-news.eu\/fr\/wp-json\/wp\/v2\/categories?post=252302"},{"taxonomy":"post_tag","embeddable":true,"href":"https:\/\/vof-news.eu\/fr\/wp-json\/wp\/v2\/tags?post=252302"}],"curies":[{"name":"wp","href":"https:\/\/api.w.org\/{rel}","templated":true}]}}