{"id":252162,"date":"2025-07-11T13:32:16","date_gmt":"2025-07-11T10:32:16","guid":{"rendered":"https:\/\/vof-news.eu\/le-rn-publie-son-rapport-sur-la-desindustrialisation-avec-la-bienveillance-du-bloc-central\/"},"modified":"2025-07-11T13:32:31","modified_gmt":"2025-07-11T10:32:31","slug":"le-rn-publie-son-rapport-sur-la-desindustrialisation-avec-la-bienveillance-du-bloc-central","status":"publish","type":"post","link":"https:\/\/vof-news.eu\/fr\/le-rn-publie-son-rapport-sur-la-desindustrialisation-avec-la-bienveillance-du-bloc-central\/","title":{"rendered":"Le RN publie son rapport sur la d\u00e9sindustrialisation avec la bienveillance du bloc central"},"content":{"rendered":"<article>\n<p>D\u2019un c\u00f4t\u00e9 le Rassemblement national (RN), qui n\u2019a de cesse de pilonner la politique industrielle d\u2019Emmanuel Macron. De l\u2019autre, Ensemble pour la R\u00e9publique (EPR), le groupe de Renaissance \u00e0 l\u2019Assembl\u00e9e nationale, qui d\u00e9fend corps et\u00a0\u00e2me le bilan \u00e9conomique du chef de l\u2019Etat. Sur le papier, la pr\u00e9sentation du rapport de la commission d\u2019enqu\u00eate \u00ab\u00a0visant \u00e0 \u00e9tablir les freins \u00e0 la d\u00e9sindustrialisation de la France\u00a0\u00bb avait de quoi \u00eatre explosive. Il n\u2019en a rien \u00e9t\u00e9, jeudi 10\u00a0juillet, lors de la conf\u00e9rence de presse commune du pr\u00e9sident, Charles Rodwell (EPR), et du rapporteur, Alexandre Loubet (RN), \u00e0 l\u2019initiative de la cr\u00e9ation de la commission.<\/p>\n<section>   <\/section>\n<p>L\u2019exercice a d\u2019ailleurs vir\u00e9 \u00e0 l\u2019\u00e9change d\u2019amabilit\u00e9s entre les deux hommes, le d\u00e9put\u00e9 (RN) de Moselle se reprenant plusieurs fois apr\u00e8s avoir tutoy\u00e9 ou appel\u00e9 par son pr\u00e9nom le pr\u00e9sident de la commission, au sujet duquel il n\u2019a pas manqu\u00e9 de vanter la  Tout aussi cordial, le d\u00e9put\u00e9 (Renaissance) des Yvelines a lou\u00e9 la conduite des travaux avec le RN, qui , insiste-t-il, alors que le vote du rapport a \u00e9t\u00e9 boycott\u00e9 par les membres \u00ab\u00a0insoumis\u00a0\u00bb, socialiste et \u00e9cologiste de la commission.<\/p>\n<p><strong>Il vous reste 80.22% de cet article \u00e0 lire. La suite est r\u00e9serv\u00e9e aux abonn\u00e9s.<\/strong><\/p>\n<\/article>\n","protected":false},"excerpt":{"rendered":"<p>D\u2019un c\u00f4t\u00e9 le Rassemblement national (RN), qui n\u2019a de cesse de pilonner la politique industrielle d\u2019Emmanuel Macron. De l\u2019autre, Ensemble pour la R\u00e9publique (EPR), le groupe de Renaissance \u00e0 l\u2019Assembl\u00e9e nationale, qui d\u00e9fend corps et\u00a0\u00e2me le bilan \u00e9conomique du chef de l\u2019Etat. Sur le papier, la pr\u00e9sentation du rapport de la commission d\u2019enqu\u00eate \u00ab\u00a0visant \u00e0<\/p>\n","protected":false},"author":1,"featured_media":252163,"comment_status":"open","ping_status":"open","sticky":false,"template":"","format":"standard","meta":{"footnotes":""},"categories":[68],"tags":[],"class_list":["post-252162","post","type-post","status-publish","format-standard","has-post-thumbnail","hentry","category-politics-fr"],"acf":[],"yoast_head":"<!-- This site is optimized with the Yoast SEO plugin v22.9 - https:\/\/yoast.com\/wordpress\/plugins\/seo\/ -->\n<title>Le RN publie son rapport sur la d\u00e9sindustrialisation avec la bienveillance du bloc central - vof-news.eu<\/title>\n<meta name=\"description\" content=\"D\u2019un c\u00f4t\u00e9 le Rassemblement national (RN), qui n\u2019a de cesse de pilonner la politique industrielle d\u2019Emmanuel Macron. De l\u2019autre, Ensemble pour la R\u00e9publique (EPR), le groupe de Renaissance \u00e0 l\u2019Assembl\u00e9e nationale, qui d\u00e9fend corps et\u00a0\u00e2me le bilan \u00e9conomique du chef de l\u2019Etat. Sur le papier, la pr\u00e9sentation du rapport de la commission d\u2019enqu\u00eate \u00ab\u00a0visant \u00e0 \u00e9tablir les freins \u00e0 la d\u00e9sindustrialisation de la France\u00a0\u00bb avait de quoi \u00eatre explosive. Il n\u2019en a rien \u00e9t\u00e9, jeudi 10\u00a0juillet, lors de la conf\u00e9rence de presse commune du pr\u00e9sident, Charles Rodwell (EPR), et du rapporteur, Alexandre Loubet (RN), \u00e0 l\u2019initiative de la cr\u00e9ation de la commission.   L\u2019exercice a d\u2019ailleurs vir\u00e9 \u00e0 l\u2019\u00e9change d\u2019amabilit\u00e9s entre les deux hommes, le d\u00e9put\u00e9 (RN) de Moselle se reprenant plusieurs fois apr\u00e8s avoir tutoy\u00e9 ou appel\u00e9 par son pr\u00e9nom le pr\u00e9sident de la commission, au sujet duquel il n\u2019a pas manqu\u00e9 de vanter la Tout aussi cordial, le d\u00e9put\u00e9 (Renaissance) des Yvelines a lou\u00e9 la conduite des travaux avec le RN, qui , insiste-t-il, alors que le vote du rapport a \u00e9t\u00e9 boycott\u00e9 par les membres \u00ab\u00a0insoumis\u00a0\u00bb, socialiste et \u00e9cologiste de la commission. Il vous reste 80.22% de cet article \u00e0 lire. La suite est r\u00e9serv\u00e9e aux abonn\u00e9s.\" \/>\n<meta name=\"robots\" content=\"noindex, follow, max-snippet:-1, max-image-preview:large, max-video-preview:-1\" \/>\n<meta property=\"og:locale\" content=\"fr_FR\" \/>\n<meta property=\"og:type\" content=\"article\" \/>\n<meta property=\"og:title\" content=\"Le RN publie son rapport sur la d\u00e9sindustrialisation avec la bienveillance du bloc central - vof-news.eu\" \/>\n<meta property=\"og:description\" content=\"D\u2019un c\u00f4t\u00e9 le Rassemblement national (RN), qui n\u2019a de cesse de pilonner la politique industrielle d\u2019Emmanuel Macron. De l\u2019autre, Ensemble pour la R\u00e9publique (EPR), le groupe de Renaissance \u00e0 l\u2019Assembl\u00e9e nationale, qui d\u00e9fend corps et\u00a0\u00e2me le bilan \u00e9conomique du chef de l\u2019Etat. Sur le papier, la pr\u00e9sentation du rapport de la commission d\u2019enqu\u00eate \u00ab\u00a0visant \u00e0 \u00e9tablir les freins \u00e0 la d\u00e9sindustrialisation de la France\u00a0\u00bb avait de quoi \u00eatre explosive. Il n\u2019en a rien \u00e9t\u00e9, jeudi 10\u00a0juillet, lors de la conf\u00e9rence de presse commune du pr\u00e9sident, Charles Rodwell (EPR), et du rapporteur, Alexandre Loubet (RN), \u00e0 l\u2019initiative de la cr\u00e9ation de la commission.   L\u2019exercice a d\u2019ailleurs vir\u00e9 \u00e0 l\u2019\u00e9change d\u2019amabilit\u00e9s entre les deux hommes, le d\u00e9put\u00e9 (RN) de Moselle se reprenant plusieurs fois apr\u00e8s avoir tutoy\u00e9 ou appel\u00e9 par son pr\u00e9nom le pr\u00e9sident de la commission, au sujet duquel il n\u2019a pas manqu\u00e9 de vanter la Tout aussi cordial, le d\u00e9put\u00e9 (Renaissance) des Yvelines a lou\u00e9 la conduite des travaux avec le RN, qui , insiste-t-il, alors que le vote du rapport a \u00e9t\u00e9 boycott\u00e9 par les membres \u00ab\u00a0insoumis\u00a0\u00bb, socialiste et \u00e9cologiste de la commission. Il vous reste 80.22% de cet article \u00e0 lire. La suite est r\u00e9serv\u00e9e aux abonn\u00e9s.\" \/>\n<meta property=\"og:url\" content=\"https:\/\/vof-news.eu\/fr\/le-rn-publie-son-rapport-sur-la-desindustrialisation-avec-la-bienveillance-du-bloc-central\/\" \/>\n<meta property=\"og:site_name\" content=\"vof-news.eu\" \/>\n<meta property=\"article:published_time\" content=\"2025-07-11T10:32:16+00:00\" \/>\n<meta property=\"article:modified_time\" content=\"2025-07-11T10:32:31+00:00\" \/>\n<meta property=\"og:image\" content=\"https:\/\/vof-news.eu\/wp-content\/uploads\/2025\/07\/a9efbf4_upload-1-cuk4shd6sfyx-075-pinto-aweeklys250304-npgwy.jpg\" \/>\n\t<meta property=\"og:image:width\" content=\"664\" \/>\n\t<meta property=\"og:image:height\" content=\"443\" \/>\n\t<meta property=\"og:image:type\" content=\"image\/jpeg\" \/>\n<meta name=\"author\" content=\"Author\" \/>\n<meta name=\"twitter:card\" content=\"summary_large_image\" \/>\n<meta name=\"twitter:label1\" content=\"\u00c9crit par\" \/>\n\t<meta name=\"twitter:data1\" content=\"Author\" \/>\n\t<meta name=\"twitter:label2\" content=\"Dur\u00e9e de lecture estim\u00e9e\" \/>\n\t<meta name=\"twitter:data2\" content=\"1 minute\" \/>\n<script type=\"application\/ld+json\" class=\"yoast-schema-graph\">{\"@context\":\"https:\/\/schema.org\",\"@graph\":[{\"@type\":\"WebPage\",\"@id\":\"https:\/\/vof-news.eu\/fr\/le-rn-publie-son-rapport-sur-la-desindustrialisation-avec-la-bienveillance-du-bloc-central\/\",\"url\":\"https:\/\/vof-news.eu\/fr\/le-rn-publie-son-rapport-sur-la-desindustrialisation-avec-la-bienveillance-du-bloc-central\/\",\"name\":\"Le RN publie son rapport sur la d\u00e9sindustrialisation avec la bienveillance du bloc central - vof-news.eu\",\"isPartOf\":{\"@id\":\"https:\/\/vof-news.eu\/fr\/#website\"},\"primaryImageOfPage\":{\"@id\":\"https:\/\/vof-news.eu\/fr\/le-rn-publie-son-rapport-sur-la-desindustrialisation-avec-la-bienveillance-du-bloc-central\/#primaryimage\"},\"image\":{\"@id\":\"https:\/\/vof-news.eu\/fr\/le-rn-publie-son-rapport-sur-la-desindustrialisation-avec-la-bienveillance-du-bloc-central\/#primaryimage\"},\"thumbnailUrl\":\"https:\/\/vof-news.eu\/wp-content\/uploads\/2025\/07\/a9efbf4_upload-1-cuk4shd6sfyx-075-pinto-aweeklys250304-npgwy.jpg\",\"datePublished\":\"2025-07-11T10:32:16+00:00\",\"dateModified\":\"2025-07-11T10:32:31+00:00\",\"author\":{\"@id\":\"https:\/\/vof-news.eu\/fr\/#\/schema\/person\/f6a2a4309f0561835797fd8c19b333ed\"},\"description\":\"D\u2019un c\u00f4t\u00e9 le Rassemblement national (RN), qui n\u2019a de cesse de pilonner la politique industrielle d\u2019Emmanuel Macron. De l\u2019autre, Ensemble pour la R\u00e9publique (EPR), le groupe de Renaissance \u00e0 l\u2019Assembl\u00e9e nationale, qui d\u00e9fend corps et\u00a0\u00e2me le bilan \u00e9conomique du chef de l\u2019Etat. Sur le papier, la pr\u00e9sentation du rapport de la commission d\u2019enqu\u00eate \u00ab\u00a0visant \u00e0 \u00e9tablir les freins \u00e0 la d\u00e9sindustrialisation de la France\u00a0\u00bb avait de quoi \u00eatre explosive. Il n\u2019en a rien \u00e9t\u00e9, jeudi 10\u00a0juillet, lors de la conf\u00e9rence de presse commune du pr\u00e9sident, Charles Rodwell (EPR), et du rapporteur, Alexandre Loubet (RN), \u00e0 l\u2019initiative de la cr\u00e9ation de la commission. L\u2019exercice a d\u2019ailleurs vir\u00e9 \u00e0 l\u2019\u00e9change d\u2019amabilit\u00e9s entre les deux hommes, le d\u00e9put\u00e9 (RN) de Moselle se reprenant plusieurs fois apr\u00e8s avoir tutoy\u00e9 ou appel\u00e9 par son pr\u00e9nom le pr\u00e9sident de la commission, au sujet duquel il n\u2019a pas manqu\u00e9 de vanter la Tout aussi cordial, le d\u00e9put\u00e9 (Renaissance) des Yvelines a lou\u00e9 la conduite des travaux avec le RN, qui , insiste-t-il, alors que le vote du rapport a \u00e9t\u00e9 boycott\u00e9 par les membres \u00ab\u00a0insoumis\u00a0\u00bb, socialiste et \u00e9cologiste de la commission. Il vous reste 80.22% de cet article \u00e0 lire. La suite est r\u00e9serv\u00e9e aux abonn\u00e9s.\",\"breadcrumb\":{\"@id\":\"https:\/\/vof-news.eu\/fr\/le-rn-publie-son-rapport-sur-la-desindustrialisation-avec-la-bienveillance-du-bloc-central\/#breadcrumb\"},\"inLanguage\":\"fr-FR\",\"potentialAction\":[{\"@type\":\"ReadAction\",\"target\":[\"https:\/\/vof-news.eu\/fr\/le-rn-publie-son-rapport-sur-la-desindustrialisation-avec-la-bienveillance-du-bloc-central\/\"]}]},{\"@type\":\"ImageObject\",\"inLanguage\":\"fr-FR\",\"@id\":\"https:\/\/vof-news.eu\/fr\/le-rn-publie-son-rapport-sur-la-desindustrialisation-avec-la-bienveillance-du-bloc-central\/#primaryimage\",\"url\":\"https:\/\/vof-news.eu\/wp-content\/uploads\/2025\/07\/a9efbf4_upload-1-cuk4shd6sfyx-075-pinto-aweeklys250304-npgwy.jpg\",\"contentUrl\":\"https:\/\/vof-news.eu\/wp-content\/uploads\/2025\/07\/a9efbf4_upload-1-cuk4shd6sfyx-075-pinto-aweeklys250304-npgwy.jpg\",\"width\":664,\"height\":443},{\"@type\":\"BreadcrumbList\",\"@id\":\"https:\/\/vof-news.eu\/fr\/le-rn-publie-son-rapport-sur-la-desindustrialisation-avec-la-bienveillance-du-bloc-central\/#breadcrumb\",\"itemListElement\":[{\"@type\":\"ListItem\",\"position\":1,\"name\":\"Home\",\"item\":\"https:\/\/vof-news.eu\/fr\/\"},{\"@type\":\"ListItem\",\"position\":2,\"name\":\"Le RN publie son rapport sur la d\u00e9sindustrialisation avec la bienveillance du bloc central\"}]},{\"@type\":\"WebSite\",\"@id\":\"https:\/\/vof-news.eu\/fr\/#website\",\"url\":\"https:\/\/vof-news.eu\/fr\/\",\"name\":\"vof-news.eu\",\"description\":\"\",\"potentialAction\":[{\"@type\":\"SearchAction\",\"target\":{\"@type\":\"EntryPoint\",\"urlTemplate\":\"https:\/\/vof-news.eu\/fr\/?s={search_term_string}\"},\"query-input\":\"required name=search_term_string\"}],\"inLanguage\":\"fr-FR\"},{\"@type\":\"Person\",\"@id\":\"https:\/\/vof-news.eu\/fr\/#\/schema\/person\/f6a2a4309f0561835797fd8c19b333ed\",\"name\":\"Author\",\"image\":{\"@type\":\"ImageObject\",\"inLanguage\":\"fr-FR\",\"@id\":\"https:\/\/vof-news.eu\/fr\/#\/schema\/person\/image\/\",\"url\":\"https:\/\/secure.gravatar.com\/avatar\/b67e614b1b25b3e9c0c239efdd2fde5ab015b5affd6f1c3c85911ca4b384e790?s=96&d=mm&r=g\",\"contentUrl\":\"https:\/\/secure.gravatar.com\/avatar\/b67e614b1b25b3e9c0c239efdd2fde5ab015b5affd6f1c3c85911ca4b384e790?s=96&d=mm&r=g\",\"caption\":\"Author\"},\"sameAs\":[\"http:\/\/vof-news.eu\"],\"url\":\"https:\/\/vof-news.eu\/fr\/author\/zwt6qxnjulxbnyg\/\"}]}<\/script>\n<!-- \/ Yoast SEO plugin. -->","yoast_head_json":{"title":"Le RN publie son rapport sur la d\u00e9sindustrialisation avec la bienveillance du bloc central - vof-news.eu","description":"D\u2019un c\u00f4t\u00e9 le Rassemblement national (RN), qui n\u2019a de cesse de pilonner la politique industrielle d\u2019Emmanuel Macron. De l\u2019autre, Ensemble pour la R\u00e9publique (EPR), le groupe de Renaissance \u00e0 l\u2019Assembl\u00e9e nationale, qui d\u00e9fend corps et\u00a0\u00e2me le bilan \u00e9conomique du chef de l\u2019Etat. Sur le papier, la pr\u00e9sentation du rapport de la commission d\u2019enqu\u00eate \u00ab\u00a0visant \u00e0 \u00e9tablir les freins \u00e0 la d\u00e9sindustrialisation de la France\u00a0\u00bb avait de quoi \u00eatre explosive. Il n\u2019en a rien \u00e9t\u00e9, jeudi 10\u00a0juillet, lors de la conf\u00e9rence de presse commune du pr\u00e9sident, Charles Rodwell (EPR), et du rapporteur, Alexandre Loubet (RN), \u00e0 l\u2019initiative de la cr\u00e9ation de la commission.   L\u2019exercice a d\u2019ailleurs vir\u00e9 \u00e0 l\u2019\u00e9change d\u2019amabilit\u00e9s entre les deux hommes, le d\u00e9put\u00e9 (RN) de Moselle se reprenant plusieurs fois apr\u00e8s avoir tutoy\u00e9 ou appel\u00e9 par son pr\u00e9nom le pr\u00e9sident de la commission, au sujet duquel il n\u2019a pas manqu\u00e9 de vanter la Tout aussi cordial, le d\u00e9put\u00e9 (Renaissance) des Yvelines a lou\u00e9 la conduite des travaux avec le RN, qui , insiste-t-il, alors que le vote du rapport a \u00e9t\u00e9 boycott\u00e9 par les membres \u00ab\u00a0insoumis\u00a0\u00bb, socialiste et \u00e9cologiste de la commission. Il vous reste 80.22% de cet article \u00e0 lire. La suite est r\u00e9serv\u00e9e aux abonn\u00e9s.","robots":{"index":"noindex","follow":"follow","max-snippet":"max-snippet:-1","max-image-preview":"max-image-preview:large","max-video-preview":"max-video-preview:-1"},"og_locale":"fr_FR","og_type":"article","og_title":"Le RN publie son rapport sur la d\u00e9sindustrialisation avec la bienveillance du bloc central - vof-news.eu","og_description":"D\u2019un c\u00f4t\u00e9 le Rassemblement national (RN), qui n\u2019a de cesse de pilonner la politique industrielle d\u2019Emmanuel Macron. De l\u2019autre, Ensemble pour la R\u00e9publique (EPR), le groupe de Renaissance \u00e0 l\u2019Assembl\u00e9e nationale, qui d\u00e9fend corps et\u00a0\u00e2me le bilan \u00e9conomique du chef de l\u2019Etat. Sur le papier, la pr\u00e9sentation du rapport de la commission d\u2019enqu\u00eate \u00ab\u00a0visant \u00e0 \u00e9tablir les freins \u00e0 la d\u00e9sindustrialisation de la France\u00a0\u00bb avait de quoi \u00eatre explosive. Il n\u2019en a rien \u00e9t\u00e9, jeudi 10\u00a0juillet, lors de la conf\u00e9rence de presse commune du pr\u00e9sident, Charles Rodwell (EPR), et du rapporteur, Alexandre Loubet (RN), \u00e0 l\u2019initiative de la cr\u00e9ation de la commission.   L\u2019exercice a d\u2019ailleurs vir\u00e9 \u00e0 l\u2019\u00e9change d\u2019amabilit\u00e9s entre les deux hommes, le d\u00e9put\u00e9 (RN) de Moselle se reprenant plusieurs fois apr\u00e8s avoir tutoy\u00e9 ou appel\u00e9 par son pr\u00e9nom le pr\u00e9sident de la commission, au sujet duquel il n\u2019a pas manqu\u00e9 de vanter la Tout aussi cordial, le d\u00e9put\u00e9 (Renaissance) des Yvelines a lou\u00e9 la conduite des travaux avec le RN, qui , insiste-t-il, alors que le vote du rapport a \u00e9t\u00e9 boycott\u00e9 par les membres \u00ab\u00a0insoumis\u00a0\u00bb, socialiste et \u00e9cologiste de la commission. Il vous reste 80.22% de cet article \u00e0 lire. La suite est r\u00e9serv\u00e9e aux abonn\u00e9s.","og_url":"https:\/\/vof-news.eu\/fr\/le-rn-publie-son-rapport-sur-la-desindustrialisation-avec-la-bienveillance-du-bloc-central\/","og_site_name":"vof-news.eu","article_published_time":"2025-07-11T10:32:16+00:00","article_modified_time":"2025-07-11T10:32:31+00:00","og_image":[{"width":664,"height":443,"url":"https:\/\/vof-news.eu\/wp-content\/uploads\/2025\/07\/a9efbf4_upload-1-cuk4shd6sfyx-075-pinto-aweeklys250304-npgwy.jpg","type":"image\/jpeg"}],"author":"Author","twitter_card":"summary_large_image","twitter_misc":{"\u00c9crit par":"Author","Dur\u00e9e de lecture estim\u00e9e":"1 minute"},"schema":{"@context":"https:\/\/schema.org","@graph":[{"@type":"WebPage","@id":"https:\/\/vof-news.eu\/fr\/le-rn-publie-son-rapport-sur-la-desindustrialisation-avec-la-bienveillance-du-bloc-central\/","url":"https:\/\/vof-news.eu\/fr\/le-rn-publie-son-rapport-sur-la-desindustrialisation-avec-la-bienveillance-du-bloc-central\/","name":"Le RN publie son rapport sur la d\u00e9sindustrialisation avec la bienveillance du bloc central - vof-news.eu","isPartOf":{"@id":"https:\/\/vof-news.eu\/fr\/#website"},"primaryImageOfPage":{"@id":"https:\/\/vof-news.eu\/fr\/le-rn-publie-son-rapport-sur-la-desindustrialisation-avec-la-bienveillance-du-bloc-central\/#primaryimage"},"image":{"@id":"https:\/\/vof-news.eu\/fr\/le-rn-publie-son-rapport-sur-la-desindustrialisation-avec-la-bienveillance-du-bloc-central\/#primaryimage"},"thumbnailUrl":"https:\/\/vof-news.eu\/wp-content\/uploads\/2025\/07\/a9efbf4_upload-1-cuk4shd6sfyx-075-pinto-aweeklys250304-npgwy.jpg","datePublished":"2025-07-11T10:32:16+00:00","dateModified":"2025-07-11T10:32:31+00:00","author":{"@id":"https:\/\/vof-news.eu\/fr\/#\/schema\/person\/f6a2a4309f0561835797fd8c19b333ed"},"description":"D\u2019un c\u00f4t\u00e9 le Rassemblement national (RN), qui n\u2019a de cesse de pilonner la politique industrielle d\u2019Emmanuel Macron. De l\u2019autre, Ensemble pour la R\u00e9publique (EPR), le groupe de Renaissance \u00e0 l\u2019Assembl\u00e9e nationale, qui d\u00e9fend corps et\u00a0\u00e2me le bilan \u00e9conomique du chef de l\u2019Etat. Sur le papier, la pr\u00e9sentation du rapport de la commission d\u2019enqu\u00eate \u00ab\u00a0visant \u00e0 \u00e9tablir les freins \u00e0 la d\u00e9sindustrialisation de la France\u00a0\u00bb avait de quoi \u00eatre explosive. Il n\u2019en a rien \u00e9t\u00e9, jeudi 10\u00a0juillet, lors de la conf\u00e9rence de presse commune du pr\u00e9sident, Charles Rodwell (EPR), et du rapporteur, Alexandre Loubet (RN), \u00e0 l\u2019initiative de la cr\u00e9ation de la commission. L\u2019exercice a d\u2019ailleurs vir\u00e9 \u00e0 l\u2019\u00e9change d\u2019amabilit\u00e9s entre les deux hommes, le d\u00e9put\u00e9 (RN) de Moselle se reprenant plusieurs fois apr\u00e8s avoir tutoy\u00e9 ou appel\u00e9 par son pr\u00e9nom le pr\u00e9sident de la commission, au sujet duquel il n\u2019a pas manqu\u00e9 de vanter la Tout aussi cordial, le d\u00e9put\u00e9 (Renaissance) des Yvelines a lou\u00e9 la conduite des travaux avec le RN, qui , insiste-t-il, alors que le vote du rapport a \u00e9t\u00e9 boycott\u00e9 par les membres \u00ab\u00a0insoumis\u00a0\u00bb, socialiste et \u00e9cologiste de la commission. Il vous reste 80.22% de cet article \u00e0 lire. La suite est r\u00e9serv\u00e9e aux abonn\u00e9s.","breadcrumb":{"@id":"https:\/\/vof-news.eu\/fr\/le-rn-publie-son-rapport-sur-la-desindustrialisation-avec-la-bienveillance-du-bloc-central\/#breadcrumb"},"inLanguage":"fr-FR","potentialAction":[{"@type":"ReadAction","target":["https:\/\/vof-news.eu\/fr\/le-rn-publie-son-rapport-sur-la-desindustrialisation-avec-la-bienveillance-du-bloc-central\/"]}]},{"@type":"ImageObject","inLanguage":"fr-FR","@id":"https:\/\/vof-news.eu\/fr\/le-rn-publie-son-rapport-sur-la-desindustrialisation-avec-la-bienveillance-du-bloc-central\/#primaryimage","url":"https:\/\/vof-news.eu\/wp-content\/uploads\/2025\/07\/a9efbf4_upload-1-cuk4shd6sfyx-075-pinto-aweeklys250304-npgwy.jpg","contentUrl":"https:\/\/vof-news.eu\/wp-content\/uploads\/2025\/07\/a9efbf4_upload-1-cuk4shd6sfyx-075-pinto-aweeklys250304-npgwy.jpg","width":664,"height":443},{"@type":"BreadcrumbList","@id":"https:\/\/vof-news.eu\/fr\/le-rn-publie-son-rapport-sur-la-desindustrialisation-avec-la-bienveillance-du-bloc-central\/#breadcrumb","itemListElement":[{"@type":"ListItem","position":1,"name":"Home","item":"https:\/\/vof-news.eu\/fr\/"},{"@type":"ListItem","position":2,"name":"Le RN publie son rapport sur la d\u00e9sindustrialisation avec la bienveillance du bloc central"}]},{"@type":"WebSite","@id":"https:\/\/vof-news.eu\/fr\/#website","url":"https:\/\/vof-news.eu\/fr\/","name":"vof-news.eu","description":"","potentialAction":[{"@type":"SearchAction","target":{"@type":"EntryPoint","urlTemplate":"https:\/\/vof-news.eu\/fr\/?s={search_term_string}"},"query-input":"required name=search_term_string"}],"inLanguage":"fr-FR"},{"@type":"Person","@id":"https:\/\/vof-news.eu\/fr\/#\/schema\/person\/f6a2a4309f0561835797fd8c19b333ed","name":"Author","image":{"@type":"ImageObject","inLanguage":"fr-FR","@id":"https:\/\/vof-news.eu\/fr\/#\/schema\/person\/image\/","url":"https:\/\/secure.gravatar.com\/avatar\/b67e614b1b25b3e9c0c239efdd2fde5ab015b5affd6f1c3c85911ca4b384e790?s=96&d=mm&r=g","contentUrl":"https:\/\/secure.gravatar.com\/avatar\/b67e614b1b25b3e9c0c239efdd2fde5ab015b5affd6f1c3c85911ca4b384e790?s=96&d=mm&r=g","caption":"Author"},"sameAs":["http:\/\/vof-news.eu"],"url":"https:\/\/vof-news.eu\/fr\/author\/zwt6qxnjulxbnyg\/"}]}},"yoast_meta":{"yoast_wpseo_title":"","yoast_wpseo_metadesc":"","yoast_wpseo_canonical":""},"_links":{"self":[{"href":"https:\/\/vof-news.eu\/fr\/wp-json\/wp\/v2\/posts\/252162","targetHints":{"allow":["GET"]}}],"collection":[{"href":"https:\/\/vof-news.eu\/fr\/wp-json\/wp\/v2\/posts"}],"about":[{"href":"https:\/\/vof-news.eu\/fr\/wp-json\/wp\/v2\/types\/post"}],"author":[{"embeddable":true,"href":"https:\/\/vof-news.eu\/fr\/wp-json\/wp\/v2\/users\/1"}],"replies":[{"embeddable":true,"href":"https:\/\/vof-news.eu\/fr\/wp-json\/wp\/v2\/comments?post=252162"}],"version-history":[{"count":1,"href":"https:\/\/vof-news.eu\/fr\/wp-json\/wp\/v2\/posts\/252162\/revisions"}],"predecessor-version":[{"id":252169,"href":"https:\/\/vof-news.eu\/fr\/wp-json\/wp\/v2\/posts\/252162\/revisions\/252169"}],"wp:featuredmedia":[{"embeddable":true,"href":"https:\/\/vof-news.eu\/fr\/wp-json\/wp\/v2\/media\/252163"}],"wp:attachment":[{"href":"https:\/\/vof-news.eu\/fr\/wp-json\/wp\/v2\/media?parent=252162"}],"wp:term":[{"taxonomy":"category","embeddable":true,"href":"https:\/\/vof-news.eu\/fr\/wp-json\/wp\/v2\/categories?post=252162"},{"taxonomy":"post_tag","embeddable":true,"href":"https:\/\/vof-news.eu\/fr\/wp-json\/wp\/v2\/tags?post=252162"}],"curies":[{"name":"wp","href":"https:\/\/api.w.org\/{rel}","templated":true}]}}