{"id":252075,"date":"2025-07-11T11:30:16","date_gmt":"2025-07-11T08:30:16","guid":{"rendered":"https:\/\/vof-news.eu\/budget-pourquoi-le-comite-de-suivi-des-retraites-preconise-une-sous-indexation-des-pensions\/"},"modified":"2025-07-11T11:30:31","modified_gmt":"2025-07-11T08:30:31","slug":"budget-pourquoi-le-comite-de-suivi-des-retraites-preconise-une-sous-indexation-des-pensions","status":"publish","type":"post","link":"https:\/\/vof-news.eu\/fr\/budget-pourquoi-le-comite-de-suivi-des-retraites-preconise-une-sous-indexation-des-pensions\/","title":{"rendered":"Budget\u00a0: pourquoi le comit\u00e9 de suivi des retraites pr\u00e9conise une sous-indexation des pensions"},"content":{"rendered":"<article>\n<p>Un nouveau tour de vis s\u2019impose \u00e0 court terme. C\u2019est le point saillant du douzi\u00e8me avis annuel pr\u00e9sent\u00e9, jeudi 10\u00a0juillet, par le comit\u00e9 de suivi des retraites (CSR). Pour garantir l\u2019\u00e9quilibre budg\u00e9taire de notre syst\u00e8me par r\u00e9partition en\u00a02030, ce groupe d\u2019experts consid\u00e8re qu\u2019il faut : en d\u2019autres termes, les pensions seraient revaloris\u00e9es \u00e0 un rythme moins rapide que l\u2019inflation. Le fait de pr\u00e9coniser une telle solution capte l\u2019attention, \u00e0 quelques jours de la pr\u00e9sentation par le gouvernement, le 15\u00a0juillet, de sa strat\u00e9gie pour redresser les comptes publics. Il reste toutefois \u00e0 savoir si le pouvoir en place se r\u00e9approprierait une id\u00e9e qui, jusqu\u2019\u00e0 pr\u00e9sent, a \u00e9t\u00e9 combattue par une \u00e9crasante majorit\u00e9 du personnel politique \u2013 m\u00eame si des parlementaires macronistes commencent \u00e0 l\u2019\u00e9voquer.<\/p>\n<p>Plac\u00e9 aupr\u00e8s de Matignon, le CSR est charg\u00e9 d\u2019alerter l\u2019ex\u00e9cutif lorsque les caisses de retraite, prises dans leur globalit\u00e9, s\u2019\u00e9loignent des objectifs que la loi leur a dict\u00e9s\u00a0: \u00e9viter la formation de d\u00e9ficits durables, veiller \u00e0 l\u2019\u00e9quit\u00e9 entre les g\u00e9n\u00e9rations,\u00a0etc. En cas de n\u00e9cessit\u00e9, cette instance peut formuler des recommandations, ce qui s\u2019est tr\u00e8s rarement produit depuis la cr\u00e9ation de celle-ci, il y a onze ans. Le CSR l\u2019avait fait en\u00a02017 en invitant le gouvernement de l\u2019\u00e9poque \u00e0 . Une pr\u00e9conisation qui avait \u00e9t\u00e9 maintenue dans les avis de 2018 et de 2019.<\/p>\n<p><strong>Il vous reste 71.43% de cet article \u00e0 lire. La suite est r\u00e9serv\u00e9e aux abonn\u00e9s.<\/strong><\/p>\n<\/article>\n","protected":false},"excerpt":{"rendered":"<p>Un nouveau tour de vis s\u2019impose \u00e0 court terme. C\u2019est le point saillant du douzi\u00e8me avis annuel pr\u00e9sent\u00e9, jeudi 10\u00a0juillet, par le comit\u00e9 de suivi des retraites (CSR). Pour garantir l\u2019\u00e9quilibre budg\u00e9taire de notre syst\u00e8me par r\u00e9partition en\u00a02030, ce groupe d\u2019experts consid\u00e8re qu\u2019il faut : en d\u2019autres termes, les pensions seraient revaloris\u00e9es \u00e0 un rythme<\/p>\n","protected":false},"author":1,"featured_media":252076,"comment_status":"open","ping_status":"open","sticky":false,"template":"","format":"standard","meta":{"footnotes":""},"categories":[68],"tags":[],"class_list":["post-252075","post","type-post","status-publish","format-standard","has-post-thumbnail","hentry","category-politics-fr"],"acf":[],"yoast_head":"<!-- This site is optimized with the Yoast SEO plugin v22.9 - https:\/\/yoast.com\/wordpress\/plugins\/seo\/ -->\n<title>Budget\u00a0: pourquoi le comit\u00e9 de suivi des retraites pr\u00e9conise une sous-indexation des pensions - vof-news.eu<\/title>\n<meta name=\"description\" content=\"Un nouveau tour de vis s\u2019impose \u00e0 court terme. C\u2019est le point saillant du douzi\u00e8me avis annuel pr\u00e9sent\u00e9, jeudi 10\u00a0juillet, par le comit\u00e9 de suivi des retraites (CSR). Pour garantir l\u2019\u00e9quilibre budg\u00e9taire de notre syst\u00e8me par r\u00e9partition en\u00a02030, ce groupe d\u2019experts consid\u00e8re qu\u2019il faut : en d\u2019autres termes, les pensions seraient revaloris\u00e9es \u00e0 un rythme moins rapide que l\u2019inflation. Le fait de pr\u00e9coniser une telle solution capte l\u2019attention, \u00e0 quelques jours de la pr\u00e9sentation par le gouvernement, le 15\u00a0juillet, de sa strat\u00e9gie pour redresser les comptes publics. Il reste toutefois \u00e0 savoir si le pouvoir en place se r\u00e9approprierait une id\u00e9e qui, jusqu\u2019\u00e0 pr\u00e9sent, a \u00e9t\u00e9 combattue par une \u00e9crasante majorit\u00e9 du personnel politique \u2013 m\u00eame si des parlementaires macronistes commencent \u00e0 l\u2019\u00e9voquer. Plac\u00e9 aupr\u00e8s de Matignon, le CSR est charg\u00e9 d\u2019alerter l\u2019ex\u00e9cutif lorsque les caisses de retraite, prises dans leur globalit\u00e9, s\u2019\u00e9loignent des objectifs que la loi leur a dict\u00e9s\u00a0: \u00e9viter la formation de d\u00e9ficits durables, veiller \u00e0 l\u2019\u00e9quit\u00e9 entre les g\u00e9n\u00e9rations,\u00a0etc. En cas de n\u00e9cessit\u00e9, cette instance peut formuler des recommandations, ce qui s\u2019est tr\u00e8s rarement produit depuis la cr\u00e9ation de celle-ci, il y a onze ans. Le CSR l\u2019avait fait en\u00a02017 en invitant le gouvernement de l\u2019\u00e9poque \u00e0 . Une pr\u00e9conisation qui avait \u00e9t\u00e9 maintenue dans les avis de 2018 et de 2019. Il vous reste 71.43% de cet article \u00e0 lire. La suite est r\u00e9serv\u00e9e aux abonn\u00e9s.\" \/>\n<meta name=\"robots\" content=\"noindex, follow, max-snippet:-1, max-image-preview:large, max-video-preview:-1\" \/>\n<meta property=\"og:locale\" content=\"fr_FR\" \/>\n<meta property=\"og:type\" content=\"article\" \/>\n<meta property=\"og:title\" content=\"Budget\u00a0: pourquoi le comit\u00e9 de suivi des retraites pr\u00e9conise une sous-indexation des pensions - vof-news.eu\" \/>\n<meta property=\"og:description\" content=\"Un nouveau tour de vis s\u2019impose \u00e0 court terme. C\u2019est le point saillant du douzi\u00e8me avis annuel pr\u00e9sent\u00e9, jeudi 10\u00a0juillet, par le comit\u00e9 de suivi des retraites (CSR). Pour garantir l\u2019\u00e9quilibre budg\u00e9taire de notre syst\u00e8me par r\u00e9partition en\u00a02030, ce groupe d\u2019experts consid\u00e8re qu\u2019il faut : en d\u2019autres termes, les pensions seraient revaloris\u00e9es \u00e0 un rythme moins rapide que l\u2019inflation. Le fait de pr\u00e9coniser une telle solution capte l\u2019attention, \u00e0 quelques jours de la pr\u00e9sentation par le gouvernement, le 15\u00a0juillet, de sa strat\u00e9gie pour redresser les comptes publics. Il reste toutefois \u00e0 savoir si le pouvoir en place se r\u00e9approprierait une id\u00e9e qui, jusqu\u2019\u00e0 pr\u00e9sent, a \u00e9t\u00e9 combattue par une \u00e9crasante majorit\u00e9 du personnel politique \u2013 m\u00eame si des parlementaires macronistes commencent \u00e0 l\u2019\u00e9voquer. Plac\u00e9 aupr\u00e8s de Matignon, le CSR est charg\u00e9 d\u2019alerter l\u2019ex\u00e9cutif lorsque les caisses de retraite, prises dans leur globalit\u00e9, s\u2019\u00e9loignent des objectifs que la loi leur a dict\u00e9s\u00a0: \u00e9viter la formation de d\u00e9ficits durables, veiller \u00e0 l\u2019\u00e9quit\u00e9 entre les g\u00e9n\u00e9rations,\u00a0etc. En cas de n\u00e9cessit\u00e9, cette instance peut formuler des recommandations, ce qui s\u2019est tr\u00e8s rarement produit depuis la cr\u00e9ation de celle-ci, il y a onze ans. Le CSR l\u2019avait fait en\u00a02017 en invitant le gouvernement de l\u2019\u00e9poque \u00e0 . Une pr\u00e9conisation qui avait \u00e9t\u00e9 maintenue dans les avis de 2018 et de 2019. Il vous reste 71.43% de cet article \u00e0 lire. La suite est r\u00e9serv\u00e9e aux abonn\u00e9s.\" \/>\n<meta property=\"og:url\" content=\"https:\/\/vof-news.eu\/fr\/budget-pourquoi-le-comite-de-suivi-des-retraites-preconise-une-sous-indexation-des-pensions\/\" \/>\n<meta property=\"og:site_name\" content=\"vof-news.eu\" \/>\n<meta property=\"article:published_time\" content=\"2025-07-11T08:30:16+00:00\" \/>\n<meta property=\"article:modified_time\" content=\"2025-07-11T08:30:31+00:00\" \/>\n<meta property=\"og:image\" content=\"https:\/\/vof-news.eu\/wp-content\/uploads\/2025\/07\/6c7825b_upload-1-c3zxlfmnwdua-maxstockworld470802.jpg\" \/>\n\t<meta property=\"og:image:width\" content=\"664\" \/>\n\t<meta property=\"og:image:height\" content=\"464\" \/>\n\t<meta property=\"og:image:type\" content=\"image\/jpeg\" \/>\n<meta name=\"author\" content=\"Author\" \/>\n<meta name=\"twitter:card\" content=\"summary_large_image\" \/>\n<meta name=\"twitter:label1\" content=\"\u00c9crit par\" \/>\n\t<meta name=\"twitter:data1\" content=\"Author\" \/>\n\t<meta name=\"twitter:label2\" content=\"Dur\u00e9e de lecture estim\u00e9e\" \/>\n\t<meta name=\"twitter:data2\" content=\"1 minute\" \/>\n<script type=\"application\/ld+json\" class=\"yoast-schema-graph\">{\"@context\":\"https:\/\/schema.org\",\"@graph\":[{\"@type\":\"WebPage\",\"@id\":\"https:\/\/vof-news.eu\/fr\/budget-pourquoi-le-comite-de-suivi-des-retraites-preconise-une-sous-indexation-des-pensions\/\",\"url\":\"https:\/\/vof-news.eu\/fr\/budget-pourquoi-le-comite-de-suivi-des-retraites-preconise-une-sous-indexation-des-pensions\/\",\"name\":\"Budget\u00a0: pourquoi le comit\u00e9 de suivi des retraites pr\u00e9conise une sous-indexation des pensions - vof-news.eu\",\"isPartOf\":{\"@id\":\"https:\/\/vof-news.eu\/fr\/#website\"},\"primaryImageOfPage\":{\"@id\":\"https:\/\/vof-news.eu\/fr\/budget-pourquoi-le-comite-de-suivi-des-retraites-preconise-une-sous-indexation-des-pensions\/#primaryimage\"},\"image\":{\"@id\":\"https:\/\/vof-news.eu\/fr\/budget-pourquoi-le-comite-de-suivi-des-retraites-preconise-une-sous-indexation-des-pensions\/#primaryimage\"},\"thumbnailUrl\":\"https:\/\/vof-news.eu\/wp-content\/uploads\/2025\/07\/6c7825b_upload-1-c3zxlfmnwdua-maxstockworld470802.jpg\",\"datePublished\":\"2025-07-11T08:30:16+00:00\",\"dateModified\":\"2025-07-11T08:30:31+00:00\",\"author\":{\"@id\":\"https:\/\/vof-news.eu\/fr\/#\/schema\/person\/f6a2a4309f0561835797fd8c19b333ed\"},\"description\":\"Un nouveau tour de vis s\u2019impose \u00e0 court terme. C\u2019est le point saillant du douzi\u00e8me avis annuel pr\u00e9sent\u00e9, jeudi 10\u00a0juillet, par le comit\u00e9 de suivi des retraites (CSR). Pour garantir l\u2019\u00e9quilibre budg\u00e9taire de notre syst\u00e8me par r\u00e9partition en\u00a02030, ce groupe d\u2019experts consid\u00e8re qu\u2019il faut : en d\u2019autres termes, les pensions seraient revaloris\u00e9es \u00e0 un rythme moins rapide que l\u2019inflation. Le fait de pr\u00e9coniser une telle solution capte l\u2019attention, \u00e0 quelques jours de la pr\u00e9sentation par le gouvernement, le 15\u00a0juillet, de sa strat\u00e9gie pour redresser les comptes publics. Il reste toutefois \u00e0 savoir si le pouvoir en place se r\u00e9approprierait une id\u00e9e qui, jusqu\u2019\u00e0 pr\u00e9sent, a \u00e9t\u00e9 combattue par une \u00e9crasante majorit\u00e9 du personnel politique \u2013 m\u00eame si des parlementaires macronistes commencent \u00e0 l\u2019\u00e9voquer. Plac\u00e9 aupr\u00e8s de Matignon, le CSR est charg\u00e9 d\u2019alerter l\u2019ex\u00e9cutif lorsque les caisses de retraite, prises dans leur globalit\u00e9, s\u2019\u00e9loignent des objectifs que la loi leur a dict\u00e9s\u00a0: \u00e9viter la formation de d\u00e9ficits durables, veiller \u00e0 l\u2019\u00e9quit\u00e9 entre les g\u00e9n\u00e9rations,\u00a0etc. En cas de n\u00e9cessit\u00e9, cette instance peut formuler des recommandations, ce qui s\u2019est tr\u00e8s rarement produit depuis la cr\u00e9ation de celle-ci, il y a onze ans. Le CSR l\u2019avait fait en\u00a02017 en invitant le gouvernement de l\u2019\u00e9poque \u00e0 . Une pr\u00e9conisation qui avait \u00e9t\u00e9 maintenue dans les avis de 2018 et de 2019. Il vous reste 71.43% de cet article \u00e0 lire. La suite est r\u00e9serv\u00e9e aux abonn\u00e9s.\",\"breadcrumb\":{\"@id\":\"https:\/\/vof-news.eu\/fr\/budget-pourquoi-le-comite-de-suivi-des-retraites-preconise-une-sous-indexation-des-pensions\/#breadcrumb\"},\"inLanguage\":\"fr-FR\",\"potentialAction\":[{\"@type\":\"ReadAction\",\"target\":[\"https:\/\/vof-news.eu\/fr\/budget-pourquoi-le-comite-de-suivi-des-retraites-preconise-une-sous-indexation-des-pensions\/\"]}]},{\"@type\":\"ImageObject\",\"inLanguage\":\"fr-FR\",\"@id\":\"https:\/\/vof-news.eu\/fr\/budget-pourquoi-le-comite-de-suivi-des-retraites-preconise-une-sous-indexation-des-pensions\/#primaryimage\",\"url\":\"https:\/\/vof-news.eu\/wp-content\/uploads\/2025\/07\/6c7825b_upload-1-c3zxlfmnwdua-maxstockworld470802.jpg\",\"contentUrl\":\"https:\/\/vof-news.eu\/wp-content\/uploads\/2025\/07\/6c7825b_upload-1-c3zxlfmnwdua-maxstockworld470802.jpg\",\"width\":664,\"height\":464},{\"@type\":\"BreadcrumbList\",\"@id\":\"https:\/\/vof-news.eu\/fr\/budget-pourquoi-le-comite-de-suivi-des-retraites-preconise-une-sous-indexation-des-pensions\/#breadcrumb\",\"itemListElement\":[{\"@type\":\"ListItem\",\"position\":1,\"name\":\"Home\",\"item\":\"https:\/\/vof-news.eu\/fr\/\"},{\"@type\":\"ListItem\",\"position\":2,\"name\":\"Budget\u00a0: pourquoi le comit\u00e9 de suivi des retraites pr\u00e9conise une sous-indexation des pensions\"}]},{\"@type\":\"WebSite\",\"@id\":\"https:\/\/vof-news.eu\/fr\/#website\",\"url\":\"https:\/\/vof-news.eu\/fr\/\",\"name\":\"vof-news.eu\",\"description\":\"\",\"potentialAction\":[{\"@type\":\"SearchAction\",\"target\":{\"@type\":\"EntryPoint\",\"urlTemplate\":\"https:\/\/vof-news.eu\/fr\/?s={search_term_string}\"},\"query-input\":\"required name=search_term_string\"}],\"inLanguage\":\"fr-FR\"},{\"@type\":\"Person\",\"@id\":\"https:\/\/vof-news.eu\/fr\/#\/schema\/person\/f6a2a4309f0561835797fd8c19b333ed\",\"name\":\"Author\",\"image\":{\"@type\":\"ImageObject\",\"inLanguage\":\"fr-FR\",\"@id\":\"https:\/\/vof-news.eu\/fr\/#\/schema\/person\/image\/\",\"url\":\"https:\/\/secure.gravatar.com\/avatar\/b67e614b1b25b3e9c0c239efdd2fde5ab015b5affd6f1c3c85911ca4b384e790?s=96&d=mm&r=g\",\"contentUrl\":\"https:\/\/secure.gravatar.com\/avatar\/b67e614b1b25b3e9c0c239efdd2fde5ab015b5affd6f1c3c85911ca4b384e790?s=96&d=mm&r=g\",\"caption\":\"Author\"},\"sameAs\":[\"http:\/\/vof-news.eu\"],\"url\":\"https:\/\/vof-news.eu\/fr\/author\/zwt6qxnjulxbnyg\/\"}]}<\/script>\n<!-- \/ Yoast SEO plugin. -->","yoast_head_json":{"title":"Budget\u00a0: pourquoi le comit\u00e9 de suivi des retraites pr\u00e9conise une sous-indexation des pensions - vof-news.eu","description":"Un nouveau tour de vis s\u2019impose \u00e0 court terme. C\u2019est le point saillant du douzi\u00e8me avis annuel pr\u00e9sent\u00e9, jeudi 10\u00a0juillet, par le comit\u00e9 de suivi des retraites (CSR). Pour garantir l\u2019\u00e9quilibre budg\u00e9taire de notre syst\u00e8me par r\u00e9partition en\u00a02030, ce groupe d\u2019experts consid\u00e8re qu\u2019il faut : en d\u2019autres termes, les pensions seraient revaloris\u00e9es \u00e0 un rythme moins rapide que l\u2019inflation. Le fait de pr\u00e9coniser une telle solution capte l\u2019attention, \u00e0 quelques jours de la pr\u00e9sentation par le gouvernement, le 15\u00a0juillet, de sa strat\u00e9gie pour redresser les comptes publics. Il reste toutefois \u00e0 savoir si le pouvoir en place se r\u00e9approprierait une id\u00e9e qui, jusqu\u2019\u00e0 pr\u00e9sent, a \u00e9t\u00e9 combattue par une \u00e9crasante majorit\u00e9 du personnel politique \u2013 m\u00eame si des parlementaires macronistes commencent \u00e0 l\u2019\u00e9voquer. Plac\u00e9 aupr\u00e8s de Matignon, le CSR est charg\u00e9 d\u2019alerter l\u2019ex\u00e9cutif lorsque les caisses de retraite, prises dans leur globalit\u00e9, s\u2019\u00e9loignent des objectifs que la loi leur a dict\u00e9s\u00a0: \u00e9viter la formation de d\u00e9ficits durables, veiller \u00e0 l\u2019\u00e9quit\u00e9 entre les g\u00e9n\u00e9rations,\u00a0etc. En cas de n\u00e9cessit\u00e9, cette instance peut formuler des recommandations, ce qui s\u2019est tr\u00e8s rarement produit depuis la cr\u00e9ation de celle-ci, il y a onze ans. Le CSR l\u2019avait fait en\u00a02017 en invitant le gouvernement de l\u2019\u00e9poque \u00e0 . Une pr\u00e9conisation qui avait \u00e9t\u00e9 maintenue dans les avis de 2018 et de 2019. Il vous reste 71.43% de cet article \u00e0 lire. La suite est r\u00e9serv\u00e9e aux abonn\u00e9s.","robots":{"index":"noindex","follow":"follow","max-snippet":"max-snippet:-1","max-image-preview":"max-image-preview:large","max-video-preview":"max-video-preview:-1"},"og_locale":"fr_FR","og_type":"article","og_title":"Budget\u00a0: pourquoi le comit\u00e9 de suivi des retraites pr\u00e9conise une sous-indexation des pensions - vof-news.eu","og_description":"Un nouveau tour de vis s\u2019impose \u00e0 court terme. C\u2019est le point saillant du douzi\u00e8me avis annuel pr\u00e9sent\u00e9, jeudi 10\u00a0juillet, par le comit\u00e9 de suivi des retraites (CSR). Pour garantir l\u2019\u00e9quilibre budg\u00e9taire de notre syst\u00e8me par r\u00e9partition en\u00a02030, ce groupe d\u2019experts consid\u00e8re qu\u2019il faut : en d\u2019autres termes, les pensions seraient revaloris\u00e9es \u00e0 un rythme moins rapide que l\u2019inflation. Le fait de pr\u00e9coniser une telle solution capte l\u2019attention, \u00e0 quelques jours de la pr\u00e9sentation par le gouvernement, le 15\u00a0juillet, de sa strat\u00e9gie pour redresser les comptes publics. Il reste toutefois \u00e0 savoir si le pouvoir en place se r\u00e9approprierait une id\u00e9e qui, jusqu\u2019\u00e0 pr\u00e9sent, a \u00e9t\u00e9 combattue par une \u00e9crasante majorit\u00e9 du personnel politique \u2013 m\u00eame si des parlementaires macronistes commencent \u00e0 l\u2019\u00e9voquer. Plac\u00e9 aupr\u00e8s de Matignon, le CSR est charg\u00e9 d\u2019alerter l\u2019ex\u00e9cutif lorsque les caisses de retraite, prises dans leur globalit\u00e9, s\u2019\u00e9loignent des objectifs que la loi leur a dict\u00e9s\u00a0: \u00e9viter la formation de d\u00e9ficits durables, veiller \u00e0 l\u2019\u00e9quit\u00e9 entre les g\u00e9n\u00e9rations,\u00a0etc. En cas de n\u00e9cessit\u00e9, cette instance peut formuler des recommandations, ce qui s\u2019est tr\u00e8s rarement produit depuis la cr\u00e9ation de celle-ci, il y a onze ans. Le CSR l\u2019avait fait en\u00a02017 en invitant le gouvernement de l\u2019\u00e9poque \u00e0 . Une pr\u00e9conisation qui avait \u00e9t\u00e9 maintenue dans les avis de 2018 et de 2019. Il vous reste 71.43% de cet article \u00e0 lire. La suite est r\u00e9serv\u00e9e aux abonn\u00e9s.","og_url":"https:\/\/vof-news.eu\/fr\/budget-pourquoi-le-comite-de-suivi-des-retraites-preconise-une-sous-indexation-des-pensions\/","og_site_name":"vof-news.eu","article_published_time":"2025-07-11T08:30:16+00:00","article_modified_time":"2025-07-11T08:30:31+00:00","og_image":[{"width":664,"height":464,"url":"https:\/\/vof-news.eu\/wp-content\/uploads\/2025\/07\/6c7825b_upload-1-c3zxlfmnwdua-maxstockworld470802.jpg","type":"image\/jpeg"}],"author":"Author","twitter_card":"summary_large_image","twitter_misc":{"\u00c9crit par":"Author","Dur\u00e9e de lecture estim\u00e9e":"1 minute"},"schema":{"@context":"https:\/\/schema.org","@graph":[{"@type":"WebPage","@id":"https:\/\/vof-news.eu\/fr\/budget-pourquoi-le-comite-de-suivi-des-retraites-preconise-une-sous-indexation-des-pensions\/","url":"https:\/\/vof-news.eu\/fr\/budget-pourquoi-le-comite-de-suivi-des-retraites-preconise-une-sous-indexation-des-pensions\/","name":"Budget\u00a0: pourquoi le comit\u00e9 de suivi des retraites pr\u00e9conise une sous-indexation des pensions - vof-news.eu","isPartOf":{"@id":"https:\/\/vof-news.eu\/fr\/#website"},"primaryImageOfPage":{"@id":"https:\/\/vof-news.eu\/fr\/budget-pourquoi-le-comite-de-suivi-des-retraites-preconise-une-sous-indexation-des-pensions\/#primaryimage"},"image":{"@id":"https:\/\/vof-news.eu\/fr\/budget-pourquoi-le-comite-de-suivi-des-retraites-preconise-une-sous-indexation-des-pensions\/#primaryimage"},"thumbnailUrl":"https:\/\/vof-news.eu\/wp-content\/uploads\/2025\/07\/6c7825b_upload-1-c3zxlfmnwdua-maxstockworld470802.jpg","datePublished":"2025-07-11T08:30:16+00:00","dateModified":"2025-07-11T08:30:31+00:00","author":{"@id":"https:\/\/vof-news.eu\/fr\/#\/schema\/person\/f6a2a4309f0561835797fd8c19b333ed"},"description":"Un nouveau tour de vis s\u2019impose \u00e0 court terme. C\u2019est le point saillant du douzi\u00e8me avis annuel pr\u00e9sent\u00e9, jeudi 10\u00a0juillet, par le comit\u00e9 de suivi des retraites (CSR). Pour garantir l\u2019\u00e9quilibre budg\u00e9taire de notre syst\u00e8me par r\u00e9partition en\u00a02030, ce groupe d\u2019experts consid\u00e8re qu\u2019il faut : en d\u2019autres termes, les pensions seraient revaloris\u00e9es \u00e0 un rythme moins rapide que l\u2019inflation. Le fait de pr\u00e9coniser une telle solution capte l\u2019attention, \u00e0 quelques jours de la pr\u00e9sentation par le gouvernement, le 15\u00a0juillet, de sa strat\u00e9gie pour redresser les comptes publics. Il reste toutefois \u00e0 savoir si le pouvoir en place se r\u00e9approprierait une id\u00e9e qui, jusqu\u2019\u00e0 pr\u00e9sent, a \u00e9t\u00e9 combattue par une \u00e9crasante majorit\u00e9 du personnel politique \u2013 m\u00eame si des parlementaires macronistes commencent \u00e0 l\u2019\u00e9voquer. Plac\u00e9 aupr\u00e8s de Matignon, le CSR est charg\u00e9 d\u2019alerter l\u2019ex\u00e9cutif lorsque les caisses de retraite, prises dans leur globalit\u00e9, s\u2019\u00e9loignent des objectifs que la loi leur a dict\u00e9s\u00a0: \u00e9viter la formation de d\u00e9ficits durables, veiller \u00e0 l\u2019\u00e9quit\u00e9 entre les g\u00e9n\u00e9rations,\u00a0etc. En cas de n\u00e9cessit\u00e9, cette instance peut formuler des recommandations, ce qui s\u2019est tr\u00e8s rarement produit depuis la cr\u00e9ation de celle-ci, il y a onze ans. Le CSR l\u2019avait fait en\u00a02017 en invitant le gouvernement de l\u2019\u00e9poque \u00e0 . Une pr\u00e9conisation qui avait \u00e9t\u00e9 maintenue dans les avis de 2018 et de 2019. Il vous reste 71.43% de cet article \u00e0 lire. La suite est r\u00e9serv\u00e9e aux abonn\u00e9s.","breadcrumb":{"@id":"https:\/\/vof-news.eu\/fr\/budget-pourquoi-le-comite-de-suivi-des-retraites-preconise-une-sous-indexation-des-pensions\/#breadcrumb"},"inLanguage":"fr-FR","potentialAction":[{"@type":"ReadAction","target":["https:\/\/vof-news.eu\/fr\/budget-pourquoi-le-comite-de-suivi-des-retraites-preconise-une-sous-indexation-des-pensions\/"]}]},{"@type":"ImageObject","inLanguage":"fr-FR","@id":"https:\/\/vof-news.eu\/fr\/budget-pourquoi-le-comite-de-suivi-des-retraites-preconise-une-sous-indexation-des-pensions\/#primaryimage","url":"https:\/\/vof-news.eu\/wp-content\/uploads\/2025\/07\/6c7825b_upload-1-c3zxlfmnwdua-maxstockworld470802.jpg","contentUrl":"https:\/\/vof-news.eu\/wp-content\/uploads\/2025\/07\/6c7825b_upload-1-c3zxlfmnwdua-maxstockworld470802.jpg","width":664,"height":464},{"@type":"BreadcrumbList","@id":"https:\/\/vof-news.eu\/fr\/budget-pourquoi-le-comite-de-suivi-des-retraites-preconise-une-sous-indexation-des-pensions\/#breadcrumb","itemListElement":[{"@type":"ListItem","position":1,"name":"Home","item":"https:\/\/vof-news.eu\/fr\/"},{"@type":"ListItem","position":2,"name":"Budget\u00a0: pourquoi le comit\u00e9 de suivi des retraites pr\u00e9conise une sous-indexation des pensions"}]},{"@type":"WebSite","@id":"https:\/\/vof-news.eu\/fr\/#website","url":"https:\/\/vof-news.eu\/fr\/","name":"vof-news.eu","description":"","potentialAction":[{"@type":"SearchAction","target":{"@type":"EntryPoint","urlTemplate":"https:\/\/vof-news.eu\/fr\/?s={search_term_string}"},"query-input":"required name=search_term_string"}],"inLanguage":"fr-FR"},{"@type":"Person","@id":"https:\/\/vof-news.eu\/fr\/#\/schema\/person\/f6a2a4309f0561835797fd8c19b333ed","name":"Author","image":{"@type":"ImageObject","inLanguage":"fr-FR","@id":"https:\/\/vof-news.eu\/fr\/#\/schema\/person\/image\/","url":"https:\/\/secure.gravatar.com\/avatar\/b67e614b1b25b3e9c0c239efdd2fde5ab015b5affd6f1c3c85911ca4b384e790?s=96&d=mm&r=g","contentUrl":"https:\/\/secure.gravatar.com\/avatar\/b67e614b1b25b3e9c0c239efdd2fde5ab015b5affd6f1c3c85911ca4b384e790?s=96&d=mm&r=g","caption":"Author"},"sameAs":["http:\/\/vof-news.eu"],"url":"https:\/\/vof-news.eu\/fr\/author\/zwt6qxnjulxbnyg\/"}]}},"yoast_meta":{"yoast_wpseo_title":"","yoast_wpseo_metadesc":"","yoast_wpseo_canonical":""},"_links":{"self":[{"href":"https:\/\/vof-news.eu\/fr\/wp-json\/wp\/v2\/posts\/252075","targetHints":{"allow":["GET"]}}],"collection":[{"href":"https:\/\/vof-news.eu\/fr\/wp-json\/wp\/v2\/posts"}],"about":[{"href":"https:\/\/vof-news.eu\/fr\/wp-json\/wp\/v2\/types\/post"}],"author":[{"embeddable":true,"href":"https:\/\/vof-news.eu\/fr\/wp-json\/wp\/v2\/users\/1"}],"replies":[{"embeddable":true,"href":"https:\/\/vof-news.eu\/fr\/wp-json\/wp\/v2\/comments?post=252075"}],"version-history":[{"count":1,"href":"https:\/\/vof-news.eu\/fr\/wp-json\/wp\/v2\/posts\/252075\/revisions"}],"predecessor-version":[{"id":252082,"href":"https:\/\/vof-news.eu\/fr\/wp-json\/wp\/v2\/posts\/252075\/revisions\/252082"}],"wp:featuredmedia":[{"embeddable":true,"href":"https:\/\/vof-news.eu\/fr\/wp-json\/wp\/v2\/media\/252076"}],"wp:attachment":[{"href":"https:\/\/vof-news.eu\/fr\/wp-json\/wp\/v2\/media?parent=252075"}],"wp:term":[{"taxonomy":"category","embeddable":true,"href":"https:\/\/vof-news.eu\/fr\/wp-json\/wp\/v2\/categories?post=252075"},{"taxonomy":"post_tag","embeddable":true,"href":"https:\/\/vof-news.eu\/fr\/wp-json\/wp\/v2\/tags?post=252075"}],"curies":[{"name":"wp","href":"https:\/\/api.w.org\/{rel}","templated":true}]}}