{"id":251351,"date":"2025-07-10T13:35:12","date_gmt":"2025-07-10T10:35:12","guid":{"rendered":"https:\/\/vof-news.eu\/en-ukraine-les-militaires-reprochent-aux-civils-leur-indifference-mais-en-realite-la-societe-reste-mobilisee\/"},"modified":"2025-07-10T13:35:25","modified_gmt":"2025-07-10T10:35:25","slug":"en-ukraine-les-militaires-reprochent-aux-civils-leur-indifference-mais-en-realite-la-societe-reste-mobilisee","status":"publish","type":"post","link":"https:\/\/vof-news.eu\/fr\/en-ukraine-les-militaires-reprochent-aux-civils-leur-indifference-mais-en-realite-la-societe-reste-mobilisee\/","title":{"rendered":"En Ukraine, \u00ab\u00a0les militaires reprochent aux civils leur indiff\u00e9rence, mais, en r\u00e9alit\u00e9, la soci\u00e9t\u00e9 reste mobilis\u00e9e\u00a0\u00bb"},"content":{"rendered":"<article>\n<p>Ioulia Shukan, sociologue et directrice d\u2019\u00e9tudes \u00e0 l\u2019Ecole des hautes \u00e9tudes en sciences sociales, a men\u00e9 pendant neuf ans une enqu\u00eate ethnographique sur les b\u00e9n\u00e9voles venus apporter leur aide, d\u00e8s le d\u00e9but de la guerre dans le Donbass, en\u00a02014, au centre hospitalier de Kharkiv, l\u2019un des principaux \u00e9tablissements de prise en charge des soldats bless\u00e9s.<\/p>\n<p>Ce travail, restitu\u00e9 dans l\u2019ouvrage (Editions de la Maison des sciences de l\u2019homme, juin\u00a02025, 248\u00a0pages, 27\u00a0euros), met au jour les ressorts de l\u2019engagement des millions de civils qui, en contribuant b\u00e9n\u00e9volement \u00e0 l\u2019effort de guerre, constituent aujourd\u2019hui encore l\u2019un des piliers de la r\u00e9sistance \u00e0 l\u2019agression russe.<\/p>\n<h3>On parle de division croissante entre les soldats au front et les civils \u00e0 l\u2019arri\u00e8re. Le constatez-vous\u00a0?<\/h3>\n<p>Cette perception est assez classique. Elle est li\u00e9e \u00e0 une rupture d\u2019exp\u00e9rience entre les civils \u2013 m\u00eame s\u2019ils subissent des bombardements \u2013 et les soldats, dont les conditions de vie dans les tranch\u00e9es, extr\u00eamement dures, cr\u00e9ent une d\u00e9connexion avec la vie \u00e0 l\u2019arri\u00e8re. Les militaires reprochent aux civils leur indiff\u00e9rence, mais, en r\u00e9alit\u00e9, la soci\u00e9t\u00e9 reste mobilis\u00e9e. Les gens peuvent aller au caf\u00e9 ou au cin\u00e9ma, tout en \u00e9tant engag\u00e9s dans une forme d\u2019assistance \u00e0 l\u2019arm\u00e9e, \u00e0 travers le b\u00e9n\u00e9volat ou des dons.<\/p>\n<p><strong>Il vous reste 78.51% de cet article \u00e0 lire. La suite est r\u00e9serv\u00e9e aux abonn\u00e9s.<\/strong><\/p>\n<\/article>\n","protected":false},"excerpt":{"rendered":"<p>Ioulia Shukan, sociologue et directrice d\u2019\u00e9tudes \u00e0 l\u2019Ecole des hautes \u00e9tudes en sciences sociales, a men\u00e9 pendant neuf ans une enqu\u00eate ethnographique sur les b\u00e9n\u00e9voles venus apporter leur aide, d\u00e8s le d\u00e9but de la guerre dans le Donbass, en\u00a02014, au centre hospitalier de Kharkiv, l\u2019un des principaux \u00e9tablissements de prise en charge des soldats bless\u00e9s.<\/p>\n","protected":false},"author":1,"featured_media":251352,"comment_status":"open","ping_status":"open","sticky":false,"template":"","format":"standard","meta":{"footnotes":""},"categories":[115],"tags":[],"class_list":["post-251351","post","type-post","status-publish","format-standard","has-post-thumbnail","hentry","category-war-chronicles-fr"],"acf":[],"yoast_head":"<!-- This site is optimized with the Yoast SEO plugin v22.9 - https:\/\/yoast.com\/wordpress\/plugins\/seo\/ -->\n<title>En Ukraine, \u00ab\u00a0les militaires reprochent aux civils leur indiff\u00e9rence, mais, en r\u00e9alit\u00e9, la soci\u00e9t\u00e9 reste mobilis\u00e9e\u00a0\u00bb - vof-news.eu<\/title>\n<meta name=\"description\" content=\"Ioulia Shukan, sociologue et directrice d\u2019\u00e9tudes \u00e0 l\u2019Ecole des hautes \u00e9tudes en sciences sociales, a men\u00e9 pendant neuf ans une enqu\u00eate ethnographique sur les b\u00e9n\u00e9voles venus apporter leur aide, d\u00e8s le d\u00e9but de la guerre dans le Donbass, en\u00a02014, au centre hospitalier de Kharkiv, l\u2019un des principaux \u00e9tablissements de prise en charge des soldats bless\u00e9s. Ce travail, restitu\u00e9 dans l\u2019ouvrage (Editions de la Maison des sciences de l\u2019homme, juin\u00a02025, 248\u00a0pages, 27\u00a0euros), met au jour les ressorts de l\u2019engagement des millions de civils qui, en contribuant b\u00e9n\u00e9volement \u00e0 l\u2019effort de guerre, constituent aujourd\u2019hui encore l\u2019un des piliers de la r\u00e9sistance \u00e0 l\u2019agression russe. On parle de division croissante entre les soldats au front et les civils \u00e0 l\u2019arri\u00e8re. Le constatez-vous\u00a0? Cette perception est assez classique. Elle est li\u00e9e \u00e0 une rupture d\u2019exp\u00e9rience entre les civils \u2013 m\u00eame s\u2019ils subissent des bombardements \u2013 et les soldats, dont les conditions de vie dans les tranch\u00e9es, extr\u00eamement dures, cr\u00e9ent une d\u00e9connexion avec la vie \u00e0 l\u2019arri\u00e8re. Les militaires reprochent aux civils leur indiff\u00e9rence, mais, en r\u00e9alit\u00e9, la soci\u00e9t\u00e9 reste mobilis\u00e9e. Les gens peuvent aller au caf\u00e9 ou au cin\u00e9ma, tout en \u00e9tant engag\u00e9s dans une forme d\u2019assistance \u00e0 l\u2019arm\u00e9e, \u00e0 travers le b\u00e9n\u00e9volat ou des dons. Il vous reste 78.51% de cet article \u00e0 lire. La suite est r\u00e9serv\u00e9e aux abonn\u00e9s.\" \/>\n<meta name=\"robots\" content=\"noindex, follow, max-snippet:-1, max-image-preview:large, max-video-preview:-1\" \/>\n<meta property=\"og:locale\" content=\"fr_FR\" \/>\n<meta property=\"og:type\" content=\"article\" \/>\n<meta property=\"og:title\" content=\"En Ukraine, \u00ab\u00a0les militaires reprochent aux civils leur indiff\u00e9rence, mais, en r\u00e9alit\u00e9, la soci\u00e9t\u00e9 reste mobilis\u00e9e\u00a0\u00bb - vof-news.eu\" \/>\n<meta property=\"og:description\" content=\"Ioulia Shukan, sociologue et directrice d\u2019\u00e9tudes \u00e0 l\u2019Ecole des hautes \u00e9tudes en sciences sociales, a men\u00e9 pendant neuf ans une enqu\u00eate ethnographique sur les b\u00e9n\u00e9voles venus apporter leur aide, d\u00e8s le d\u00e9but de la guerre dans le Donbass, en\u00a02014, au centre hospitalier de Kharkiv, l\u2019un des principaux \u00e9tablissements de prise en charge des soldats bless\u00e9s. Ce travail, restitu\u00e9 dans l\u2019ouvrage (Editions de la Maison des sciences de l\u2019homme, juin\u00a02025, 248\u00a0pages, 27\u00a0euros), met au jour les ressorts de l\u2019engagement des millions de civils qui, en contribuant b\u00e9n\u00e9volement \u00e0 l\u2019effort de guerre, constituent aujourd\u2019hui encore l\u2019un des piliers de la r\u00e9sistance \u00e0 l\u2019agression russe. On parle de division croissante entre les soldats au front et les civils \u00e0 l\u2019arri\u00e8re. Le constatez-vous\u00a0? Cette perception est assez classique. Elle est li\u00e9e \u00e0 une rupture d\u2019exp\u00e9rience entre les civils \u2013 m\u00eame s\u2019ils subissent des bombardements \u2013 et les soldats, dont les conditions de vie dans les tranch\u00e9es, extr\u00eamement dures, cr\u00e9ent une d\u00e9connexion avec la vie \u00e0 l\u2019arri\u00e8re. Les militaires reprochent aux civils leur indiff\u00e9rence, mais, en r\u00e9alit\u00e9, la soci\u00e9t\u00e9 reste mobilis\u00e9e. Les gens peuvent aller au caf\u00e9 ou au cin\u00e9ma, tout en \u00e9tant engag\u00e9s dans une forme d\u2019assistance \u00e0 l\u2019arm\u00e9e, \u00e0 travers le b\u00e9n\u00e9volat ou des dons. Il vous reste 78.51% de cet article \u00e0 lire. La suite est r\u00e9serv\u00e9e aux abonn\u00e9s.\" \/>\n<meta property=\"og:url\" content=\"https:\/\/vof-news.eu\/fr\/en-ukraine-les-militaires-reprochent-aux-civils-leur-indifference-mais-en-realite-la-societe-reste-mobilisee\/\" \/>\n<meta property=\"og:site_name\" content=\"vof-news.eu\" \/>\n<meta property=\"article:published_time\" content=\"2025-07-10T10:35:12+00:00\" \/>\n<meta property=\"article:modified_time\" content=\"2025-07-10T10:35:25+00:00\" \/>\n<meta property=\"og:image\" content=\"https:\/\/vof-news.eu\/wp-content\/uploads\/2025\/07\/8240250_upload-1-fupwxlaoeikb-ap24355579994698.jpg\" \/>\n\t<meta property=\"og:image:width\" content=\"664\" \/>\n\t<meta property=\"og:image:height\" content=\"443\" \/>\n\t<meta property=\"og:image:type\" content=\"image\/jpeg\" \/>\n<meta name=\"author\" content=\"Author\" \/>\n<meta name=\"twitter:card\" content=\"summary_large_image\" \/>\n<meta name=\"twitter:label1\" content=\"\u00c9crit par\" \/>\n\t<meta name=\"twitter:data1\" content=\"Author\" \/>\n\t<meta name=\"twitter:label2\" content=\"Dur\u00e9e de lecture estim\u00e9e\" \/>\n\t<meta name=\"twitter:data2\" content=\"1 minute\" \/>\n<script type=\"application\/ld+json\" class=\"yoast-schema-graph\">{\"@context\":\"https:\/\/schema.org\",\"@graph\":[{\"@type\":\"WebPage\",\"@id\":\"https:\/\/vof-news.eu\/fr\/en-ukraine-les-militaires-reprochent-aux-civils-leur-indifference-mais-en-realite-la-societe-reste-mobilisee\/\",\"url\":\"https:\/\/vof-news.eu\/fr\/en-ukraine-les-militaires-reprochent-aux-civils-leur-indifference-mais-en-realite-la-societe-reste-mobilisee\/\",\"name\":\"En Ukraine, \u00ab\u00a0les militaires reprochent aux civils leur indiff\u00e9rence, mais, en r\u00e9alit\u00e9, la soci\u00e9t\u00e9 reste mobilis\u00e9e\u00a0\u00bb - vof-news.eu\",\"isPartOf\":{\"@id\":\"https:\/\/vof-news.eu\/fr\/#website\"},\"primaryImageOfPage\":{\"@id\":\"https:\/\/vof-news.eu\/fr\/en-ukraine-les-militaires-reprochent-aux-civils-leur-indifference-mais-en-realite-la-societe-reste-mobilisee\/#primaryimage\"},\"image\":{\"@id\":\"https:\/\/vof-news.eu\/fr\/en-ukraine-les-militaires-reprochent-aux-civils-leur-indifference-mais-en-realite-la-societe-reste-mobilisee\/#primaryimage\"},\"thumbnailUrl\":\"https:\/\/vof-news.eu\/wp-content\/uploads\/2025\/07\/8240250_upload-1-fupwxlaoeikb-ap24355579994698.jpg\",\"datePublished\":\"2025-07-10T10:35:12+00:00\",\"dateModified\":\"2025-07-10T10:35:25+00:00\",\"author\":{\"@id\":\"https:\/\/vof-news.eu\/fr\/#\/schema\/person\/f6a2a4309f0561835797fd8c19b333ed\"},\"description\":\"Ioulia Shukan, sociologue et directrice d\u2019\u00e9tudes \u00e0 l\u2019Ecole des hautes \u00e9tudes en sciences sociales, a men\u00e9 pendant neuf ans une enqu\u00eate ethnographique sur les b\u00e9n\u00e9voles venus apporter leur aide, d\u00e8s le d\u00e9but de la guerre dans le Donbass, en\u00a02014, au centre hospitalier de Kharkiv, l\u2019un des principaux \u00e9tablissements de prise en charge des soldats bless\u00e9s. Ce travail, restitu\u00e9 dans l\u2019ouvrage (Editions de la Maison des sciences de l\u2019homme, juin\u00a02025, 248\u00a0pages, 27\u00a0euros), met au jour les ressorts de l\u2019engagement des millions de civils qui, en contribuant b\u00e9n\u00e9volement \u00e0 l\u2019effort de guerre, constituent aujourd\u2019hui encore l\u2019un des piliers de la r\u00e9sistance \u00e0 l\u2019agression russe. On parle de division croissante entre les soldats au front et les civils \u00e0 l\u2019arri\u00e8re. Le constatez-vous\u00a0? Cette perception est assez classique. Elle est li\u00e9e \u00e0 une rupture d\u2019exp\u00e9rience entre les civils \u2013 m\u00eame s\u2019ils subissent des bombardements \u2013 et les soldats, dont les conditions de vie dans les tranch\u00e9es, extr\u00eamement dures, cr\u00e9ent une d\u00e9connexion avec la vie \u00e0 l\u2019arri\u00e8re. Les militaires reprochent aux civils leur indiff\u00e9rence, mais, en r\u00e9alit\u00e9, la soci\u00e9t\u00e9 reste mobilis\u00e9e. Les gens peuvent aller au caf\u00e9 ou au cin\u00e9ma, tout en \u00e9tant engag\u00e9s dans une forme d\u2019assistance \u00e0 l\u2019arm\u00e9e, \u00e0 travers le b\u00e9n\u00e9volat ou des dons. Il vous reste 78.51% de cet article \u00e0 lire. La suite est r\u00e9serv\u00e9e aux abonn\u00e9s.\",\"breadcrumb\":{\"@id\":\"https:\/\/vof-news.eu\/fr\/en-ukraine-les-militaires-reprochent-aux-civils-leur-indifference-mais-en-realite-la-societe-reste-mobilisee\/#breadcrumb\"},\"inLanguage\":\"fr-FR\",\"potentialAction\":[{\"@type\":\"ReadAction\",\"target\":[\"https:\/\/vof-news.eu\/fr\/en-ukraine-les-militaires-reprochent-aux-civils-leur-indifference-mais-en-realite-la-societe-reste-mobilisee\/\"]}]},{\"@type\":\"ImageObject\",\"inLanguage\":\"fr-FR\",\"@id\":\"https:\/\/vof-news.eu\/fr\/en-ukraine-les-militaires-reprochent-aux-civils-leur-indifference-mais-en-realite-la-societe-reste-mobilisee\/#primaryimage\",\"url\":\"https:\/\/vof-news.eu\/wp-content\/uploads\/2025\/07\/8240250_upload-1-fupwxlaoeikb-ap24355579994698.jpg\",\"contentUrl\":\"https:\/\/vof-news.eu\/wp-content\/uploads\/2025\/07\/8240250_upload-1-fupwxlaoeikb-ap24355579994698.jpg\",\"width\":664,\"height\":443},{\"@type\":\"BreadcrumbList\",\"@id\":\"https:\/\/vof-news.eu\/fr\/en-ukraine-les-militaires-reprochent-aux-civils-leur-indifference-mais-en-realite-la-societe-reste-mobilisee\/#breadcrumb\",\"itemListElement\":[{\"@type\":\"ListItem\",\"position\":1,\"name\":\"Home\",\"item\":\"https:\/\/vof-news.eu\/fr\/\"},{\"@type\":\"ListItem\",\"position\":2,\"name\":\"En Ukraine, \u00ab\u00a0les militaires reprochent aux civils leur indiff\u00e9rence, mais, en r\u00e9alit\u00e9, la soci\u00e9t\u00e9 reste mobilis\u00e9e\u00a0\u00bb\"}]},{\"@type\":\"WebSite\",\"@id\":\"https:\/\/vof-news.eu\/fr\/#website\",\"url\":\"https:\/\/vof-news.eu\/fr\/\",\"name\":\"vof-news.eu\",\"description\":\"\",\"potentialAction\":[{\"@type\":\"SearchAction\",\"target\":{\"@type\":\"EntryPoint\",\"urlTemplate\":\"https:\/\/vof-news.eu\/fr\/?s={search_term_string}\"},\"query-input\":\"required name=search_term_string\"}],\"inLanguage\":\"fr-FR\"},{\"@type\":\"Person\",\"@id\":\"https:\/\/vof-news.eu\/fr\/#\/schema\/person\/f6a2a4309f0561835797fd8c19b333ed\",\"name\":\"Author\",\"image\":{\"@type\":\"ImageObject\",\"inLanguage\":\"fr-FR\",\"@id\":\"https:\/\/vof-news.eu\/fr\/#\/schema\/person\/image\/\",\"url\":\"https:\/\/secure.gravatar.com\/avatar\/b67e614b1b25b3e9c0c239efdd2fde5ab015b5affd6f1c3c85911ca4b384e790?s=96&d=mm&r=g\",\"contentUrl\":\"https:\/\/secure.gravatar.com\/avatar\/b67e614b1b25b3e9c0c239efdd2fde5ab015b5affd6f1c3c85911ca4b384e790?s=96&d=mm&r=g\",\"caption\":\"Author\"},\"sameAs\":[\"http:\/\/vof-news.eu\"],\"url\":\"https:\/\/vof-news.eu\/fr\/author\/zwt6qxnjulxbnyg\/\"}]}<\/script>\n<!-- \/ Yoast SEO plugin. -->","yoast_head_json":{"title":"En Ukraine, \u00ab\u00a0les militaires reprochent aux civils leur indiff\u00e9rence, mais, en r\u00e9alit\u00e9, la soci\u00e9t\u00e9 reste mobilis\u00e9e\u00a0\u00bb - vof-news.eu","description":"Ioulia Shukan, sociologue et directrice d\u2019\u00e9tudes \u00e0 l\u2019Ecole des hautes \u00e9tudes en sciences sociales, a men\u00e9 pendant neuf ans une enqu\u00eate ethnographique sur les b\u00e9n\u00e9voles venus apporter leur aide, d\u00e8s le d\u00e9but de la guerre dans le Donbass, en\u00a02014, au centre hospitalier de Kharkiv, l\u2019un des principaux \u00e9tablissements de prise en charge des soldats bless\u00e9s. Ce travail, restitu\u00e9 dans l\u2019ouvrage (Editions de la Maison des sciences de l\u2019homme, juin\u00a02025, 248\u00a0pages, 27\u00a0euros), met au jour les ressorts de l\u2019engagement des millions de civils qui, en contribuant b\u00e9n\u00e9volement \u00e0 l\u2019effort de guerre, constituent aujourd\u2019hui encore l\u2019un des piliers de la r\u00e9sistance \u00e0 l\u2019agression russe. On parle de division croissante entre les soldats au front et les civils \u00e0 l\u2019arri\u00e8re. Le constatez-vous\u00a0? Cette perception est assez classique. Elle est li\u00e9e \u00e0 une rupture d\u2019exp\u00e9rience entre les civils \u2013 m\u00eame s\u2019ils subissent des bombardements \u2013 et les soldats, dont les conditions de vie dans les tranch\u00e9es, extr\u00eamement dures, cr\u00e9ent une d\u00e9connexion avec la vie \u00e0 l\u2019arri\u00e8re. Les militaires reprochent aux civils leur indiff\u00e9rence, mais, en r\u00e9alit\u00e9, la soci\u00e9t\u00e9 reste mobilis\u00e9e. Les gens peuvent aller au caf\u00e9 ou au cin\u00e9ma, tout en \u00e9tant engag\u00e9s dans une forme d\u2019assistance \u00e0 l\u2019arm\u00e9e, \u00e0 travers le b\u00e9n\u00e9volat ou des dons. Il vous reste 78.51% de cet article \u00e0 lire. La suite est r\u00e9serv\u00e9e aux abonn\u00e9s.","robots":{"index":"noindex","follow":"follow","max-snippet":"max-snippet:-1","max-image-preview":"max-image-preview:large","max-video-preview":"max-video-preview:-1"},"og_locale":"fr_FR","og_type":"article","og_title":"En Ukraine, \u00ab\u00a0les militaires reprochent aux civils leur indiff\u00e9rence, mais, en r\u00e9alit\u00e9, la soci\u00e9t\u00e9 reste mobilis\u00e9e\u00a0\u00bb - vof-news.eu","og_description":"Ioulia Shukan, sociologue et directrice d\u2019\u00e9tudes \u00e0 l\u2019Ecole des hautes \u00e9tudes en sciences sociales, a men\u00e9 pendant neuf ans une enqu\u00eate ethnographique sur les b\u00e9n\u00e9voles venus apporter leur aide, d\u00e8s le d\u00e9but de la guerre dans le Donbass, en\u00a02014, au centre hospitalier de Kharkiv, l\u2019un des principaux \u00e9tablissements de prise en charge des soldats bless\u00e9s. Ce travail, restitu\u00e9 dans l\u2019ouvrage (Editions de la Maison des sciences de l\u2019homme, juin\u00a02025, 248\u00a0pages, 27\u00a0euros), met au jour les ressorts de l\u2019engagement des millions de civils qui, en contribuant b\u00e9n\u00e9volement \u00e0 l\u2019effort de guerre, constituent aujourd\u2019hui encore l\u2019un des piliers de la r\u00e9sistance \u00e0 l\u2019agression russe. On parle de division croissante entre les soldats au front et les civils \u00e0 l\u2019arri\u00e8re. Le constatez-vous\u00a0? Cette perception est assez classique. Elle est li\u00e9e \u00e0 une rupture d\u2019exp\u00e9rience entre les civils \u2013 m\u00eame s\u2019ils subissent des bombardements \u2013 et les soldats, dont les conditions de vie dans les tranch\u00e9es, extr\u00eamement dures, cr\u00e9ent une d\u00e9connexion avec la vie \u00e0 l\u2019arri\u00e8re. Les militaires reprochent aux civils leur indiff\u00e9rence, mais, en r\u00e9alit\u00e9, la soci\u00e9t\u00e9 reste mobilis\u00e9e. Les gens peuvent aller au caf\u00e9 ou au cin\u00e9ma, tout en \u00e9tant engag\u00e9s dans une forme d\u2019assistance \u00e0 l\u2019arm\u00e9e, \u00e0 travers le b\u00e9n\u00e9volat ou des dons. Il vous reste 78.51% de cet article \u00e0 lire. La suite est r\u00e9serv\u00e9e aux abonn\u00e9s.","og_url":"https:\/\/vof-news.eu\/fr\/en-ukraine-les-militaires-reprochent-aux-civils-leur-indifference-mais-en-realite-la-societe-reste-mobilisee\/","og_site_name":"vof-news.eu","article_published_time":"2025-07-10T10:35:12+00:00","article_modified_time":"2025-07-10T10:35:25+00:00","og_image":[{"width":664,"height":443,"url":"https:\/\/vof-news.eu\/wp-content\/uploads\/2025\/07\/8240250_upload-1-fupwxlaoeikb-ap24355579994698.jpg","type":"image\/jpeg"}],"author":"Author","twitter_card":"summary_large_image","twitter_misc":{"\u00c9crit par":"Author","Dur\u00e9e de lecture estim\u00e9e":"1 minute"},"schema":{"@context":"https:\/\/schema.org","@graph":[{"@type":"WebPage","@id":"https:\/\/vof-news.eu\/fr\/en-ukraine-les-militaires-reprochent-aux-civils-leur-indifference-mais-en-realite-la-societe-reste-mobilisee\/","url":"https:\/\/vof-news.eu\/fr\/en-ukraine-les-militaires-reprochent-aux-civils-leur-indifference-mais-en-realite-la-societe-reste-mobilisee\/","name":"En Ukraine, \u00ab\u00a0les militaires reprochent aux civils leur indiff\u00e9rence, mais, en r\u00e9alit\u00e9, la soci\u00e9t\u00e9 reste mobilis\u00e9e\u00a0\u00bb - vof-news.eu","isPartOf":{"@id":"https:\/\/vof-news.eu\/fr\/#website"},"primaryImageOfPage":{"@id":"https:\/\/vof-news.eu\/fr\/en-ukraine-les-militaires-reprochent-aux-civils-leur-indifference-mais-en-realite-la-societe-reste-mobilisee\/#primaryimage"},"image":{"@id":"https:\/\/vof-news.eu\/fr\/en-ukraine-les-militaires-reprochent-aux-civils-leur-indifference-mais-en-realite-la-societe-reste-mobilisee\/#primaryimage"},"thumbnailUrl":"https:\/\/vof-news.eu\/wp-content\/uploads\/2025\/07\/8240250_upload-1-fupwxlaoeikb-ap24355579994698.jpg","datePublished":"2025-07-10T10:35:12+00:00","dateModified":"2025-07-10T10:35:25+00:00","author":{"@id":"https:\/\/vof-news.eu\/fr\/#\/schema\/person\/f6a2a4309f0561835797fd8c19b333ed"},"description":"Ioulia Shukan, sociologue et directrice d\u2019\u00e9tudes \u00e0 l\u2019Ecole des hautes \u00e9tudes en sciences sociales, a men\u00e9 pendant neuf ans une enqu\u00eate ethnographique sur les b\u00e9n\u00e9voles venus apporter leur aide, d\u00e8s le d\u00e9but de la guerre dans le Donbass, en\u00a02014, au centre hospitalier de Kharkiv, l\u2019un des principaux \u00e9tablissements de prise en charge des soldats bless\u00e9s. Ce travail, restitu\u00e9 dans l\u2019ouvrage (Editions de la Maison des sciences de l\u2019homme, juin\u00a02025, 248\u00a0pages, 27\u00a0euros), met au jour les ressorts de l\u2019engagement des millions de civils qui, en contribuant b\u00e9n\u00e9volement \u00e0 l\u2019effort de guerre, constituent aujourd\u2019hui encore l\u2019un des piliers de la r\u00e9sistance \u00e0 l\u2019agression russe. On parle de division croissante entre les soldats au front et les civils \u00e0 l\u2019arri\u00e8re. Le constatez-vous\u00a0? Cette perception est assez classique. Elle est li\u00e9e \u00e0 une rupture d\u2019exp\u00e9rience entre les civils \u2013 m\u00eame s\u2019ils subissent des bombardements \u2013 et les soldats, dont les conditions de vie dans les tranch\u00e9es, extr\u00eamement dures, cr\u00e9ent une d\u00e9connexion avec la vie \u00e0 l\u2019arri\u00e8re. Les militaires reprochent aux civils leur indiff\u00e9rence, mais, en r\u00e9alit\u00e9, la soci\u00e9t\u00e9 reste mobilis\u00e9e. Les gens peuvent aller au caf\u00e9 ou au cin\u00e9ma, tout en \u00e9tant engag\u00e9s dans une forme d\u2019assistance \u00e0 l\u2019arm\u00e9e, \u00e0 travers le b\u00e9n\u00e9volat ou des dons. Il vous reste 78.51% de cet article \u00e0 lire. La suite est r\u00e9serv\u00e9e aux abonn\u00e9s.","breadcrumb":{"@id":"https:\/\/vof-news.eu\/fr\/en-ukraine-les-militaires-reprochent-aux-civils-leur-indifference-mais-en-realite-la-societe-reste-mobilisee\/#breadcrumb"},"inLanguage":"fr-FR","potentialAction":[{"@type":"ReadAction","target":["https:\/\/vof-news.eu\/fr\/en-ukraine-les-militaires-reprochent-aux-civils-leur-indifference-mais-en-realite-la-societe-reste-mobilisee\/"]}]},{"@type":"ImageObject","inLanguage":"fr-FR","@id":"https:\/\/vof-news.eu\/fr\/en-ukraine-les-militaires-reprochent-aux-civils-leur-indifference-mais-en-realite-la-societe-reste-mobilisee\/#primaryimage","url":"https:\/\/vof-news.eu\/wp-content\/uploads\/2025\/07\/8240250_upload-1-fupwxlaoeikb-ap24355579994698.jpg","contentUrl":"https:\/\/vof-news.eu\/wp-content\/uploads\/2025\/07\/8240250_upload-1-fupwxlaoeikb-ap24355579994698.jpg","width":664,"height":443},{"@type":"BreadcrumbList","@id":"https:\/\/vof-news.eu\/fr\/en-ukraine-les-militaires-reprochent-aux-civils-leur-indifference-mais-en-realite-la-societe-reste-mobilisee\/#breadcrumb","itemListElement":[{"@type":"ListItem","position":1,"name":"Home","item":"https:\/\/vof-news.eu\/fr\/"},{"@type":"ListItem","position":2,"name":"En Ukraine, \u00ab\u00a0les militaires reprochent aux civils leur indiff\u00e9rence, mais, en r\u00e9alit\u00e9, la soci\u00e9t\u00e9 reste mobilis\u00e9e\u00a0\u00bb"}]},{"@type":"WebSite","@id":"https:\/\/vof-news.eu\/fr\/#website","url":"https:\/\/vof-news.eu\/fr\/","name":"vof-news.eu","description":"","potentialAction":[{"@type":"SearchAction","target":{"@type":"EntryPoint","urlTemplate":"https:\/\/vof-news.eu\/fr\/?s={search_term_string}"},"query-input":"required name=search_term_string"}],"inLanguage":"fr-FR"},{"@type":"Person","@id":"https:\/\/vof-news.eu\/fr\/#\/schema\/person\/f6a2a4309f0561835797fd8c19b333ed","name":"Author","image":{"@type":"ImageObject","inLanguage":"fr-FR","@id":"https:\/\/vof-news.eu\/fr\/#\/schema\/person\/image\/","url":"https:\/\/secure.gravatar.com\/avatar\/b67e614b1b25b3e9c0c239efdd2fde5ab015b5affd6f1c3c85911ca4b384e790?s=96&d=mm&r=g","contentUrl":"https:\/\/secure.gravatar.com\/avatar\/b67e614b1b25b3e9c0c239efdd2fde5ab015b5affd6f1c3c85911ca4b384e790?s=96&d=mm&r=g","caption":"Author"},"sameAs":["http:\/\/vof-news.eu"],"url":"https:\/\/vof-news.eu\/fr\/author\/zwt6qxnjulxbnyg\/"}]}},"yoast_meta":{"yoast_wpseo_title":"","yoast_wpseo_metadesc":"","yoast_wpseo_canonical":""},"_links":{"self":[{"href":"https:\/\/vof-news.eu\/fr\/wp-json\/wp\/v2\/posts\/251351","targetHints":{"allow":["GET"]}}],"collection":[{"href":"https:\/\/vof-news.eu\/fr\/wp-json\/wp\/v2\/posts"}],"about":[{"href":"https:\/\/vof-news.eu\/fr\/wp-json\/wp\/v2\/types\/post"}],"author":[{"embeddable":true,"href":"https:\/\/vof-news.eu\/fr\/wp-json\/wp\/v2\/users\/1"}],"replies":[{"embeddable":true,"href":"https:\/\/vof-news.eu\/fr\/wp-json\/wp\/v2\/comments?post=251351"}],"version-history":[{"count":1,"href":"https:\/\/vof-news.eu\/fr\/wp-json\/wp\/v2\/posts\/251351\/revisions"}],"predecessor-version":[{"id":251358,"href":"https:\/\/vof-news.eu\/fr\/wp-json\/wp\/v2\/posts\/251351\/revisions\/251358"}],"wp:featuredmedia":[{"embeddable":true,"href":"https:\/\/vof-news.eu\/fr\/wp-json\/wp\/v2\/media\/251352"}],"wp:attachment":[{"href":"https:\/\/vof-news.eu\/fr\/wp-json\/wp\/v2\/media?parent=251351"}],"wp:term":[{"taxonomy":"category","embeddable":true,"href":"https:\/\/vof-news.eu\/fr\/wp-json\/wp\/v2\/categories?post=251351"},{"taxonomy":"post_tag","embeddable":true,"href":"https:\/\/vof-news.eu\/fr\/wp-json\/wp\/v2\/tags?post=251351"}],"curies":[{"name":"wp","href":"https:\/\/api.w.org\/{rel}","templated":true}]}}