{"id":251339,"date":"2025-07-10T13:32:25","date_gmt":"2025-07-10T10:32:25","guid":{"rendered":"https:\/\/vof-news.eu\/le-patronat-sattaque-aux-arrets-maladie-dans-les-entreprises\/"},"modified":"2025-07-10T13:32:45","modified_gmt":"2025-07-10T10:32:45","slug":"le-patronat-sattaque-aux-arrets-maladie-dans-les-entreprises","status":"publish","type":"post","link":"https:\/\/vof-news.eu\/fr\/le-patronat-sattaque-aux-arrets-maladie-dans-les-entreprises\/","title":{"rendered":"Le patronat s\u2019attaque aux arr\u00eats maladie dans les entreprises"},"content":{"rendered":"<article>\n<p>Sus \u00e0 l\u2019absent\u00e9isme dans les entreprises\u00a0! En moins de vingt-quatre heures, les deux principales organisations patronales sont, de nouveau, mont\u00e9es au cr\u00e9neau pour attirer l\u2019attention sur le co\u00fbt croissant induit par les arr\u00eats maladie. Mercredi 9\u00a0juillet, lors d\u2019une conf\u00e9rence de presse, le Medef a pr\u00e9sent\u00e9 plusieurs propositions destin\u00e9es \u00e0 contenir les d\u00e9penses \u2013\u00a0sachant que ses id\u00e9es s\u2019int\u00e8grent dans une r\u00e9flexion plus globale sur notre syst\u00e8me de sant\u00e9. Dans un communiqu\u00e9 diffus\u00e9 la veille, la Conf\u00e9d\u00e9ration des petites et moyennes entreprises (CPME) avait, elle aussi, soulign\u00e9 l\u2019imp\u00e9rieuse n\u00e9cessit\u00e9 de  du ph\u00e9nom\u00e8ne. Des initiatives qui interviennent \u00e0 quelques jours de la pr\u00e9sentation par le gouvernement de pistes pour r\u00e9aliser 40\u00a0milliards d\u2019\u00e9conomies.<\/p>\n<section>   <\/section>\n<p>Les statistiques donnent un aper\u00e7u du probl\u00e8me. En\u00a02023, le r\u00e9gime g\u00e9n\u00e9ral de la S\u00e9curit\u00e9 sociale a consacr\u00e9 10,21\u00a0milliards d\u2019euros pour les indemnit\u00e9s journali\u00e8res attribu\u00e9es \u00e0 des salari\u00e9s en arr\u00eat de travail (du fait d\u2019une maladie \u00ab\u00a0ordinaire\u00a0\u00bb, c\u2019est-\u00e0-dire non imputable \u00e0 l\u2019activit\u00e9 professionnelle). Cette somme tend \u00e0 progresser \u00e0 un rythme de plus en plus soutenu\u00a0: +\u00a06,4\u00a0% par an, en moyenne, entre\u00a02019 et\u00a02023, contre + 2,9\u00a0% au cours de la d\u00e9cennie\u00a02010.<\/p>\n<p><strong>Il vous reste 70.74% de cet article \u00e0 lire. La suite est r\u00e9serv\u00e9e aux abonn\u00e9s.<\/strong><\/p>\n<\/article>\n","protected":false},"excerpt":{"rendered":"<p>Sus \u00e0 l\u2019absent\u00e9isme dans les entreprises\u00a0! En moins de vingt-quatre heures, les deux principales organisations patronales sont, de nouveau, mont\u00e9es au cr\u00e9neau pour attirer l\u2019attention sur le co\u00fbt croissant induit par les arr\u00eats maladie. Mercredi 9\u00a0juillet, lors d\u2019une conf\u00e9rence de presse, le Medef a pr\u00e9sent\u00e9 plusieurs propositions destin\u00e9es \u00e0 contenir les d\u00e9penses \u2013\u00a0sachant que ses<\/p>\n","protected":false},"author":1,"featured_media":251340,"comment_status":"open","ping_status":"open","sticky":false,"template":"","format":"standard","meta":{"footnotes":""},"categories":[68],"tags":[],"class_list":["post-251339","post","type-post","status-publish","format-standard","has-post-thumbnail","hentry","category-politics-fr"],"acf":[],"yoast_head":"<!-- This site is optimized with the Yoast SEO plugin v22.9 - https:\/\/yoast.com\/wordpress\/plugins\/seo\/ -->\n<title>Le patronat s\u2019attaque aux arr\u00eats maladie dans les entreprises - vof-news.eu<\/title>\n<meta name=\"description\" content=\"Sus \u00e0 l\u2019absent\u00e9isme dans les entreprises\u00a0! En moins de vingt-quatre heures, les deux principales organisations patronales sont, de nouveau, mont\u00e9es au cr\u00e9neau pour attirer l\u2019attention sur le co\u00fbt croissant induit par les arr\u00eats maladie. Mercredi 9\u00a0juillet, lors d\u2019une conf\u00e9rence de presse, le Medef a pr\u00e9sent\u00e9 plusieurs propositions destin\u00e9es \u00e0 contenir les d\u00e9penses \u2013\u00a0sachant que ses id\u00e9es s\u2019int\u00e8grent dans une r\u00e9flexion plus globale sur notre syst\u00e8me de sant\u00e9. Dans un communiqu\u00e9 diffus\u00e9 la veille, la Conf\u00e9d\u00e9ration des petites et moyennes entreprises (CPME) avait, elle aussi, soulign\u00e9 l\u2019imp\u00e9rieuse n\u00e9cessit\u00e9 de du ph\u00e9nom\u00e8ne. Des initiatives qui interviennent \u00e0 quelques jours de la pr\u00e9sentation par le gouvernement de pistes pour r\u00e9aliser 40\u00a0milliards d\u2019\u00e9conomies.   Les statistiques donnent un aper\u00e7u du probl\u00e8me. En\u00a02023, le r\u00e9gime g\u00e9n\u00e9ral de la S\u00e9curit\u00e9 sociale a consacr\u00e9 10,21\u00a0milliards d\u2019euros pour les indemnit\u00e9s journali\u00e8res attribu\u00e9es \u00e0 des salari\u00e9s en arr\u00eat de travail (du fait d\u2019une maladie \u00ab\u00a0ordinaire\u00a0\u00bb, c\u2019est-\u00e0-dire non imputable \u00e0 l\u2019activit\u00e9 professionnelle). Cette somme tend \u00e0 progresser \u00e0 un rythme de plus en plus soutenu\u00a0: +\u00a06,4\u00a0% par an, en moyenne, entre\u00a02019 et\u00a02023, contre + 2,9\u00a0% au cours de la d\u00e9cennie\u00a02010. Il vous reste 70.74% de cet article \u00e0 lire. La suite est r\u00e9serv\u00e9e aux abonn\u00e9s.\" \/>\n<meta name=\"robots\" content=\"noindex, follow, max-snippet:-1, max-image-preview:large, max-video-preview:-1\" \/>\n<meta property=\"og:locale\" content=\"fr_FR\" \/>\n<meta property=\"og:type\" content=\"article\" \/>\n<meta property=\"og:title\" content=\"Le patronat s\u2019attaque aux arr\u00eats maladie dans les entreprises - vof-news.eu\" \/>\n<meta property=\"og:description\" content=\"Sus \u00e0 l\u2019absent\u00e9isme dans les entreprises\u00a0! En moins de vingt-quatre heures, les deux principales organisations patronales sont, de nouveau, mont\u00e9es au cr\u00e9neau pour attirer l\u2019attention sur le co\u00fbt croissant induit par les arr\u00eats maladie. Mercredi 9\u00a0juillet, lors d\u2019une conf\u00e9rence de presse, le Medef a pr\u00e9sent\u00e9 plusieurs propositions destin\u00e9es \u00e0 contenir les d\u00e9penses \u2013\u00a0sachant que ses id\u00e9es s\u2019int\u00e8grent dans une r\u00e9flexion plus globale sur notre syst\u00e8me de sant\u00e9. Dans un communiqu\u00e9 diffus\u00e9 la veille, la Conf\u00e9d\u00e9ration des petites et moyennes entreprises (CPME) avait, elle aussi, soulign\u00e9 l\u2019imp\u00e9rieuse n\u00e9cessit\u00e9 de du ph\u00e9nom\u00e8ne. Des initiatives qui interviennent \u00e0 quelques jours de la pr\u00e9sentation par le gouvernement de pistes pour r\u00e9aliser 40\u00a0milliards d\u2019\u00e9conomies.   Les statistiques donnent un aper\u00e7u du probl\u00e8me. En\u00a02023, le r\u00e9gime g\u00e9n\u00e9ral de la S\u00e9curit\u00e9 sociale a consacr\u00e9 10,21\u00a0milliards d\u2019euros pour les indemnit\u00e9s journali\u00e8res attribu\u00e9es \u00e0 des salari\u00e9s en arr\u00eat de travail (du fait d\u2019une maladie \u00ab\u00a0ordinaire\u00a0\u00bb, c\u2019est-\u00e0-dire non imputable \u00e0 l\u2019activit\u00e9 professionnelle). Cette somme tend \u00e0 progresser \u00e0 un rythme de plus en plus soutenu\u00a0: +\u00a06,4\u00a0% par an, en moyenne, entre\u00a02019 et\u00a02023, contre + 2,9\u00a0% au cours de la d\u00e9cennie\u00a02010. Il vous reste 70.74% de cet article \u00e0 lire. La suite est r\u00e9serv\u00e9e aux abonn\u00e9s.\" \/>\n<meta property=\"og:url\" content=\"https:\/\/vof-news.eu\/fr\/le-patronat-sattaque-aux-arrets-maladie-dans-les-entreprises\/\" \/>\n<meta property=\"og:site_name\" content=\"vof-news.eu\" \/>\n<meta property=\"article:published_time\" content=\"2025-07-10T10:32:25+00:00\" \/>\n<meta property=\"article:modified_time\" content=\"2025-07-10T10:32:45+00:00\" \/>\n<meta property=\"og:image\" content=\"https:\/\/vof-news.eu\/wp-content\/uploads\/2025\/07\/bc25191_upload-1-n4paod6mdd2s-000-63ld3au.jpg\" \/>\n\t<meta property=\"og:image:width\" content=\"664\" \/>\n\t<meta property=\"og:image:height\" content=\"443\" \/>\n\t<meta property=\"og:image:type\" content=\"image\/jpeg\" \/>\n<meta name=\"author\" content=\"Author\" \/>\n<meta name=\"twitter:card\" content=\"summary_large_image\" \/>\n<meta name=\"twitter:label1\" content=\"\u00c9crit par\" \/>\n\t<meta name=\"twitter:data1\" content=\"Author\" \/>\n\t<meta name=\"twitter:label2\" content=\"Dur\u00e9e de lecture estim\u00e9e\" \/>\n\t<meta name=\"twitter:data2\" content=\"1 minute\" \/>\n<script type=\"application\/ld+json\" class=\"yoast-schema-graph\">{\"@context\":\"https:\/\/schema.org\",\"@graph\":[{\"@type\":\"WebPage\",\"@id\":\"https:\/\/vof-news.eu\/fr\/le-patronat-sattaque-aux-arrets-maladie-dans-les-entreprises\/\",\"url\":\"https:\/\/vof-news.eu\/fr\/le-patronat-sattaque-aux-arrets-maladie-dans-les-entreprises\/\",\"name\":\"Le patronat s\u2019attaque aux arr\u00eats maladie dans les entreprises - vof-news.eu\",\"isPartOf\":{\"@id\":\"https:\/\/vof-news.eu\/fr\/#website\"},\"primaryImageOfPage\":{\"@id\":\"https:\/\/vof-news.eu\/fr\/le-patronat-sattaque-aux-arrets-maladie-dans-les-entreprises\/#primaryimage\"},\"image\":{\"@id\":\"https:\/\/vof-news.eu\/fr\/le-patronat-sattaque-aux-arrets-maladie-dans-les-entreprises\/#primaryimage\"},\"thumbnailUrl\":\"https:\/\/vof-news.eu\/wp-content\/uploads\/2025\/07\/bc25191_upload-1-n4paod6mdd2s-000-63ld3au.jpg\",\"datePublished\":\"2025-07-10T10:32:25+00:00\",\"dateModified\":\"2025-07-10T10:32:45+00:00\",\"author\":{\"@id\":\"https:\/\/vof-news.eu\/fr\/#\/schema\/person\/f6a2a4309f0561835797fd8c19b333ed\"},\"description\":\"Sus \u00e0 l\u2019absent\u00e9isme dans les entreprises\u00a0! En moins de vingt-quatre heures, les deux principales organisations patronales sont, de nouveau, mont\u00e9es au cr\u00e9neau pour attirer l\u2019attention sur le co\u00fbt croissant induit par les arr\u00eats maladie. Mercredi 9\u00a0juillet, lors d\u2019une conf\u00e9rence de presse, le Medef a pr\u00e9sent\u00e9 plusieurs propositions destin\u00e9es \u00e0 contenir les d\u00e9penses \u2013\u00a0sachant que ses id\u00e9es s\u2019int\u00e8grent dans une r\u00e9flexion plus globale sur notre syst\u00e8me de sant\u00e9. Dans un communiqu\u00e9 diffus\u00e9 la veille, la Conf\u00e9d\u00e9ration des petites et moyennes entreprises (CPME) avait, elle aussi, soulign\u00e9 l\u2019imp\u00e9rieuse n\u00e9cessit\u00e9 de du ph\u00e9nom\u00e8ne. Des initiatives qui interviennent \u00e0 quelques jours de la pr\u00e9sentation par le gouvernement de pistes pour r\u00e9aliser 40\u00a0milliards d\u2019\u00e9conomies. Les statistiques donnent un aper\u00e7u du probl\u00e8me. En\u00a02023, le r\u00e9gime g\u00e9n\u00e9ral de la S\u00e9curit\u00e9 sociale a consacr\u00e9 10,21\u00a0milliards d\u2019euros pour les indemnit\u00e9s journali\u00e8res attribu\u00e9es \u00e0 des salari\u00e9s en arr\u00eat de travail (du fait d\u2019une maladie \u00ab\u00a0ordinaire\u00a0\u00bb, c\u2019est-\u00e0-dire non imputable \u00e0 l\u2019activit\u00e9 professionnelle). Cette somme tend \u00e0 progresser \u00e0 un rythme de plus en plus soutenu\u00a0: +\u00a06,4\u00a0% par an, en moyenne, entre\u00a02019 et\u00a02023, contre + 2,9\u00a0% au cours de la d\u00e9cennie\u00a02010. Il vous reste 70.74% de cet article \u00e0 lire. La suite est r\u00e9serv\u00e9e aux abonn\u00e9s.\",\"breadcrumb\":{\"@id\":\"https:\/\/vof-news.eu\/fr\/le-patronat-sattaque-aux-arrets-maladie-dans-les-entreprises\/#breadcrumb\"},\"inLanguage\":\"fr-FR\",\"potentialAction\":[{\"@type\":\"ReadAction\",\"target\":[\"https:\/\/vof-news.eu\/fr\/le-patronat-sattaque-aux-arrets-maladie-dans-les-entreprises\/\"]}]},{\"@type\":\"ImageObject\",\"inLanguage\":\"fr-FR\",\"@id\":\"https:\/\/vof-news.eu\/fr\/le-patronat-sattaque-aux-arrets-maladie-dans-les-entreprises\/#primaryimage\",\"url\":\"https:\/\/vof-news.eu\/wp-content\/uploads\/2025\/07\/bc25191_upload-1-n4paod6mdd2s-000-63ld3au.jpg\",\"contentUrl\":\"https:\/\/vof-news.eu\/wp-content\/uploads\/2025\/07\/bc25191_upload-1-n4paod6mdd2s-000-63ld3au.jpg\",\"width\":664,\"height\":443},{\"@type\":\"BreadcrumbList\",\"@id\":\"https:\/\/vof-news.eu\/fr\/le-patronat-sattaque-aux-arrets-maladie-dans-les-entreprises\/#breadcrumb\",\"itemListElement\":[{\"@type\":\"ListItem\",\"position\":1,\"name\":\"Home\",\"item\":\"https:\/\/vof-news.eu\/fr\/\"},{\"@type\":\"ListItem\",\"position\":2,\"name\":\"Le patronat s\u2019attaque aux arr\u00eats maladie dans les entreprises\"}]},{\"@type\":\"WebSite\",\"@id\":\"https:\/\/vof-news.eu\/fr\/#website\",\"url\":\"https:\/\/vof-news.eu\/fr\/\",\"name\":\"vof-news.eu\",\"description\":\"\",\"potentialAction\":[{\"@type\":\"SearchAction\",\"target\":{\"@type\":\"EntryPoint\",\"urlTemplate\":\"https:\/\/vof-news.eu\/fr\/?s={search_term_string}\"},\"query-input\":\"required name=search_term_string\"}],\"inLanguage\":\"fr-FR\"},{\"@type\":\"Person\",\"@id\":\"https:\/\/vof-news.eu\/fr\/#\/schema\/person\/f6a2a4309f0561835797fd8c19b333ed\",\"name\":\"Author\",\"image\":{\"@type\":\"ImageObject\",\"inLanguage\":\"fr-FR\",\"@id\":\"https:\/\/vof-news.eu\/fr\/#\/schema\/person\/image\/\",\"url\":\"https:\/\/secure.gravatar.com\/avatar\/b67e614b1b25b3e9c0c239efdd2fde5ab015b5affd6f1c3c85911ca4b384e790?s=96&d=mm&r=g\",\"contentUrl\":\"https:\/\/secure.gravatar.com\/avatar\/b67e614b1b25b3e9c0c239efdd2fde5ab015b5affd6f1c3c85911ca4b384e790?s=96&d=mm&r=g\",\"caption\":\"Author\"},\"sameAs\":[\"http:\/\/vof-news.eu\"],\"url\":\"https:\/\/vof-news.eu\/fr\/author\/zwt6qxnjulxbnyg\/\"}]}<\/script>\n<!-- \/ Yoast SEO plugin. -->","yoast_head_json":{"title":"Le patronat s\u2019attaque aux arr\u00eats maladie dans les entreprises - vof-news.eu","description":"Sus \u00e0 l\u2019absent\u00e9isme dans les entreprises\u00a0! En moins de vingt-quatre heures, les deux principales organisations patronales sont, de nouveau, mont\u00e9es au cr\u00e9neau pour attirer l\u2019attention sur le co\u00fbt croissant induit par les arr\u00eats maladie. Mercredi 9\u00a0juillet, lors d\u2019une conf\u00e9rence de presse, le Medef a pr\u00e9sent\u00e9 plusieurs propositions destin\u00e9es \u00e0 contenir les d\u00e9penses \u2013\u00a0sachant que ses id\u00e9es s\u2019int\u00e8grent dans une r\u00e9flexion plus globale sur notre syst\u00e8me de sant\u00e9. Dans un communiqu\u00e9 diffus\u00e9 la veille, la Conf\u00e9d\u00e9ration des petites et moyennes entreprises (CPME) avait, elle aussi, soulign\u00e9 l\u2019imp\u00e9rieuse n\u00e9cessit\u00e9 de du ph\u00e9nom\u00e8ne. Des initiatives qui interviennent \u00e0 quelques jours de la pr\u00e9sentation par le gouvernement de pistes pour r\u00e9aliser 40\u00a0milliards d\u2019\u00e9conomies.   Les statistiques donnent un aper\u00e7u du probl\u00e8me. En\u00a02023, le r\u00e9gime g\u00e9n\u00e9ral de la S\u00e9curit\u00e9 sociale a consacr\u00e9 10,21\u00a0milliards d\u2019euros pour les indemnit\u00e9s journali\u00e8res attribu\u00e9es \u00e0 des salari\u00e9s en arr\u00eat de travail (du fait d\u2019une maladie \u00ab\u00a0ordinaire\u00a0\u00bb, c\u2019est-\u00e0-dire non imputable \u00e0 l\u2019activit\u00e9 professionnelle). Cette somme tend \u00e0 progresser \u00e0 un rythme de plus en plus soutenu\u00a0: +\u00a06,4\u00a0% par an, en moyenne, entre\u00a02019 et\u00a02023, contre + 2,9\u00a0% au cours de la d\u00e9cennie\u00a02010. Il vous reste 70.74% de cet article \u00e0 lire. La suite est r\u00e9serv\u00e9e aux abonn\u00e9s.","robots":{"index":"noindex","follow":"follow","max-snippet":"max-snippet:-1","max-image-preview":"max-image-preview:large","max-video-preview":"max-video-preview:-1"},"og_locale":"fr_FR","og_type":"article","og_title":"Le patronat s\u2019attaque aux arr\u00eats maladie dans les entreprises - vof-news.eu","og_description":"Sus \u00e0 l\u2019absent\u00e9isme dans les entreprises\u00a0! En moins de vingt-quatre heures, les deux principales organisations patronales sont, de nouveau, mont\u00e9es au cr\u00e9neau pour attirer l\u2019attention sur le co\u00fbt croissant induit par les arr\u00eats maladie. Mercredi 9\u00a0juillet, lors d\u2019une conf\u00e9rence de presse, le Medef a pr\u00e9sent\u00e9 plusieurs propositions destin\u00e9es \u00e0 contenir les d\u00e9penses \u2013\u00a0sachant que ses id\u00e9es s\u2019int\u00e8grent dans une r\u00e9flexion plus globale sur notre syst\u00e8me de sant\u00e9. Dans un communiqu\u00e9 diffus\u00e9 la veille, la Conf\u00e9d\u00e9ration des petites et moyennes entreprises (CPME) avait, elle aussi, soulign\u00e9 l\u2019imp\u00e9rieuse n\u00e9cessit\u00e9 de du ph\u00e9nom\u00e8ne. Des initiatives qui interviennent \u00e0 quelques jours de la pr\u00e9sentation par le gouvernement de pistes pour r\u00e9aliser 40\u00a0milliards d\u2019\u00e9conomies.   Les statistiques donnent un aper\u00e7u du probl\u00e8me. En\u00a02023, le r\u00e9gime g\u00e9n\u00e9ral de la S\u00e9curit\u00e9 sociale a consacr\u00e9 10,21\u00a0milliards d\u2019euros pour les indemnit\u00e9s journali\u00e8res attribu\u00e9es \u00e0 des salari\u00e9s en arr\u00eat de travail (du fait d\u2019une maladie \u00ab\u00a0ordinaire\u00a0\u00bb, c\u2019est-\u00e0-dire non imputable \u00e0 l\u2019activit\u00e9 professionnelle). Cette somme tend \u00e0 progresser \u00e0 un rythme de plus en plus soutenu\u00a0: +\u00a06,4\u00a0% par an, en moyenne, entre\u00a02019 et\u00a02023, contre + 2,9\u00a0% au cours de la d\u00e9cennie\u00a02010. Il vous reste 70.74% de cet article \u00e0 lire. La suite est r\u00e9serv\u00e9e aux abonn\u00e9s.","og_url":"https:\/\/vof-news.eu\/fr\/le-patronat-sattaque-aux-arrets-maladie-dans-les-entreprises\/","og_site_name":"vof-news.eu","article_published_time":"2025-07-10T10:32:25+00:00","article_modified_time":"2025-07-10T10:32:45+00:00","og_image":[{"width":664,"height":443,"url":"https:\/\/vof-news.eu\/wp-content\/uploads\/2025\/07\/bc25191_upload-1-n4paod6mdd2s-000-63ld3au.jpg","type":"image\/jpeg"}],"author":"Author","twitter_card":"summary_large_image","twitter_misc":{"\u00c9crit par":"Author","Dur\u00e9e de lecture estim\u00e9e":"1 minute"},"schema":{"@context":"https:\/\/schema.org","@graph":[{"@type":"WebPage","@id":"https:\/\/vof-news.eu\/fr\/le-patronat-sattaque-aux-arrets-maladie-dans-les-entreprises\/","url":"https:\/\/vof-news.eu\/fr\/le-patronat-sattaque-aux-arrets-maladie-dans-les-entreprises\/","name":"Le patronat s\u2019attaque aux arr\u00eats maladie dans les entreprises - vof-news.eu","isPartOf":{"@id":"https:\/\/vof-news.eu\/fr\/#website"},"primaryImageOfPage":{"@id":"https:\/\/vof-news.eu\/fr\/le-patronat-sattaque-aux-arrets-maladie-dans-les-entreprises\/#primaryimage"},"image":{"@id":"https:\/\/vof-news.eu\/fr\/le-patronat-sattaque-aux-arrets-maladie-dans-les-entreprises\/#primaryimage"},"thumbnailUrl":"https:\/\/vof-news.eu\/wp-content\/uploads\/2025\/07\/bc25191_upload-1-n4paod6mdd2s-000-63ld3au.jpg","datePublished":"2025-07-10T10:32:25+00:00","dateModified":"2025-07-10T10:32:45+00:00","author":{"@id":"https:\/\/vof-news.eu\/fr\/#\/schema\/person\/f6a2a4309f0561835797fd8c19b333ed"},"description":"Sus \u00e0 l\u2019absent\u00e9isme dans les entreprises\u00a0! En moins de vingt-quatre heures, les deux principales organisations patronales sont, de nouveau, mont\u00e9es au cr\u00e9neau pour attirer l\u2019attention sur le co\u00fbt croissant induit par les arr\u00eats maladie. Mercredi 9\u00a0juillet, lors d\u2019une conf\u00e9rence de presse, le Medef a pr\u00e9sent\u00e9 plusieurs propositions destin\u00e9es \u00e0 contenir les d\u00e9penses \u2013\u00a0sachant que ses id\u00e9es s\u2019int\u00e8grent dans une r\u00e9flexion plus globale sur notre syst\u00e8me de sant\u00e9. Dans un communiqu\u00e9 diffus\u00e9 la veille, la Conf\u00e9d\u00e9ration des petites et moyennes entreprises (CPME) avait, elle aussi, soulign\u00e9 l\u2019imp\u00e9rieuse n\u00e9cessit\u00e9 de du ph\u00e9nom\u00e8ne. Des initiatives qui interviennent \u00e0 quelques jours de la pr\u00e9sentation par le gouvernement de pistes pour r\u00e9aliser 40\u00a0milliards d\u2019\u00e9conomies. Les statistiques donnent un aper\u00e7u du probl\u00e8me. En\u00a02023, le r\u00e9gime g\u00e9n\u00e9ral de la S\u00e9curit\u00e9 sociale a consacr\u00e9 10,21\u00a0milliards d\u2019euros pour les indemnit\u00e9s journali\u00e8res attribu\u00e9es \u00e0 des salari\u00e9s en arr\u00eat de travail (du fait d\u2019une maladie \u00ab\u00a0ordinaire\u00a0\u00bb, c\u2019est-\u00e0-dire non imputable \u00e0 l\u2019activit\u00e9 professionnelle). Cette somme tend \u00e0 progresser \u00e0 un rythme de plus en plus soutenu\u00a0: +\u00a06,4\u00a0% par an, en moyenne, entre\u00a02019 et\u00a02023, contre + 2,9\u00a0% au cours de la d\u00e9cennie\u00a02010. Il vous reste 70.74% de cet article \u00e0 lire. La suite est r\u00e9serv\u00e9e aux abonn\u00e9s.","breadcrumb":{"@id":"https:\/\/vof-news.eu\/fr\/le-patronat-sattaque-aux-arrets-maladie-dans-les-entreprises\/#breadcrumb"},"inLanguage":"fr-FR","potentialAction":[{"@type":"ReadAction","target":["https:\/\/vof-news.eu\/fr\/le-patronat-sattaque-aux-arrets-maladie-dans-les-entreprises\/"]}]},{"@type":"ImageObject","inLanguage":"fr-FR","@id":"https:\/\/vof-news.eu\/fr\/le-patronat-sattaque-aux-arrets-maladie-dans-les-entreprises\/#primaryimage","url":"https:\/\/vof-news.eu\/wp-content\/uploads\/2025\/07\/bc25191_upload-1-n4paod6mdd2s-000-63ld3au.jpg","contentUrl":"https:\/\/vof-news.eu\/wp-content\/uploads\/2025\/07\/bc25191_upload-1-n4paod6mdd2s-000-63ld3au.jpg","width":664,"height":443},{"@type":"BreadcrumbList","@id":"https:\/\/vof-news.eu\/fr\/le-patronat-sattaque-aux-arrets-maladie-dans-les-entreprises\/#breadcrumb","itemListElement":[{"@type":"ListItem","position":1,"name":"Home","item":"https:\/\/vof-news.eu\/fr\/"},{"@type":"ListItem","position":2,"name":"Le patronat s\u2019attaque aux arr\u00eats maladie dans les entreprises"}]},{"@type":"WebSite","@id":"https:\/\/vof-news.eu\/fr\/#website","url":"https:\/\/vof-news.eu\/fr\/","name":"vof-news.eu","description":"","potentialAction":[{"@type":"SearchAction","target":{"@type":"EntryPoint","urlTemplate":"https:\/\/vof-news.eu\/fr\/?s={search_term_string}"},"query-input":"required name=search_term_string"}],"inLanguage":"fr-FR"},{"@type":"Person","@id":"https:\/\/vof-news.eu\/fr\/#\/schema\/person\/f6a2a4309f0561835797fd8c19b333ed","name":"Author","image":{"@type":"ImageObject","inLanguage":"fr-FR","@id":"https:\/\/vof-news.eu\/fr\/#\/schema\/person\/image\/","url":"https:\/\/secure.gravatar.com\/avatar\/b67e614b1b25b3e9c0c239efdd2fde5ab015b5affd6f1c3c85911ca4b384e790?s=96&d=mm&r=g","contentUrl":"https:\/\/secure.gravatar.com\/avatar\/b67e614b1b25b3e9c0c239efdd2fde5ab015b5affd6f1c3c85911ca4b384e790?s=96&d=mm&r=g","caption":"Author"},"sameAs":["http:\/\/vof-news.eu"],"url":"https:\/\/vof-news.eu\/fr\/author\/zwt6qxnjulxbnyg\/"}]}},"yoast_meta":{"yoast_wpseo_title":"","yoast_wpseo_metadesc":"","yoast_wpseo_canonical":""},"_links":{"self":[{"href":"https:\/\/vof-news.eu\/fr\/wp-json\/wp\/v2\/posts\/251339","targetHints":{"allow":["GET"]}}],"collection":[{"href":"https:\/\/vof-news.eu\/fr\/wp-json\/wp\/v2\/posts"}],"about":[{"href":"https:\/\/vof-news.eu\/fr\/wp-json\/wp\/v2\/types\/post"}],"author":[{"embeddable":true,"href":"https:\/\/vof-news.eu\/fr\/wp-json\/wp\/v2\/users\/1"}],"replies":[{"embeddable":true,"href":"https:\/\/vof-news.eu\/fr\/wp-json\/wp\/v2\/comments?post=251339"}],"version-history":[{"count":1,"href":"https:\/\/vof-news.eu\/fr\/wp-json\/wp\/v2\/posts\/251339\/revisions"}],"predecessor-version":[{"id":251346,"href":"https:\/\/vof-news.eu\/fr\/wp-json\/wp\/v2\/posts\/251339\/revisions\/251346"}],"wp:featuredmedia":[{"embeddable":true,"href":"https:\/\/vof-news.eu\/fr\/wp-json\/wp\/v2\/media\/251340"}],"wp:attachment":[{"href":"https:\/\/vof-news.eu\/fr\/wp-json\/wp\/v2\/media?parent=251339"}],"wp:term":[{"taxonomy":"category","embeddable":true,"href":"https:\/\/vof-news.eu\/fr\/wp-json\/wp\/v2\/categories?post=251339"},{"taxonomy":"post_tag","embeddable":true,"href":"https:\/\/vof-news.eu\/fr\/wp-json\/wp\/v2\/tags?post=251339"}],"curies":[{"name":"wp","href":"https:\/\/api.w.org\/{rel}","templated":true}]}}