{"id":251133,"date":"2025-07-10T07:31:55","date_gmt":"2025-07-10T04:31:55","guid":{"rendered":"https:\/\/vof-news.eu\/au-parlement-larme-bien-utile-de-la-cmp\/"},"modified":"2025-07-10T07:32:14","modified_gmt":"2025-07-10T04:32:14","slug":"au-parlement-larme-bien-utile-de-la-cmp","status":"publish","type":"post","link":"https:\/\/vof-news.eu\/fr\/au-parlement-larme-bien-utile-de-la-cmp\/","title":{"rendered":"Au Parlement, l\u2019arme bien utile de la \u00ab\u00a0CMP\u00a0\u00bb"},"content":{"rendered":"<article>\n<p>Depuis quelques semaines, la vie parlementaire se r\u00e9sume souvent en trois lettres\u00a0: CMP, pour commission mixte paritaire. Narcotrafic, lev\u00e9e des contraintes \u00e0 l\u2019exercice du m\u00e9tier d\u2019agriculteur, r\u00e9forme des scrutins de Paris, Lyon et Marseille, lutte contre l\u2019antis\u00e9mitisme dans l\u2019enseignement sup\u00e9rieur, refondation de Mayotte\u2026 tous ces textes sont pass\u00e9s par la case CMP. Cet outil parlementaire permet \u00e0 sept d\u00e9put\u00e9s et sept s\u00e9nateurs de se r\u00e9unir pour trouver un compromis lorsque l\u2019Assembl\u00e9e nationale et le S\u00e9nat ne parviennent pas \u00e0 se mettre d\u2019accord sur un texte au gr\u00e9 de la navette parlementaire.<\/p>\n<p>L\u2019outil n\u2019est pas nouveau. R\u00e9gie par l\u2019article\u00a045 de la Constitution et par les r\u00e8glements de l\u2019Assembl\u00e9e nationale et du S\u00e9nat, la CMP existe depuis 1959. La r\u00e9forme constitutionnelle de 2008 a accentu\u00e9 son importance en modifiant les r\u00e8gles de la proc\u00e9dure acc\u00e9l\u00e9r\u00e9e, qui permet de convoquer la CMP apr\u00e8s une seule lecture dans les deux chambres, au lieu de deux en temps normal. De fait, ces derni\u00e8res ann\u00e9es, et encore plus depuis la r\u00e9\u00e9lection d\u2019Emmanuel Macron en\u00a02022 et la perte de la majorit\u00e9 absolue \u00e0 l\u2019Assembl\u00e9e (d\u2019abord en\u00a02022, mais surtout en\u00a02024), les gouvernements usent davantage de la proc\u00e9dure acc\u00e9l\u00e9r\u00e9e et les textes sont davantage adopt\u00e9s par CMP que par la navette parlementaire classique.<\/p>\n<p><strong>Il vous reste 87.06% de cet article \u00e0 lire. La suite est r\u00e9serv\u00e9e aux abonn\u00e9s.<\/strong><\/p>\n<\/article>\n","protected":false},"excerpt":{"rendered":"<p>Depuis quelques semaines, la vie parlementaire se r\u00e9sume souvent en trois lettres\u00a0: CMP, pour commission mixte paritaire. Narcotrafic, lev\u00e9e des contraintes \u00e0 l\u2019exercice du m\u00e9tier d\u2019agriculteur, r\u00e9forme des scrutins de Paris, Lyon et Marseille, lutte contre l\u2019antis\u00e9mitisme dans l\u2019enseignement sup\u00e9rieur, refondation de Mayotte\u2026 tous ces textes sont pass\u00e9s par la case CMP. Cet outil parlementaire<\/p>\n","protected":false},"author":1,"featured_media":251134,"comment_status":"open","ping_status":"open","sticky":false,"template":"","format":"standard","meta":{"footnotes":""},"categories":[68],"tags":[],"class_list":["post-251133","post","type-post","status-publish","format-standard","has-post-thumbnail","hentry","category-politics-fr"],"acf":[],"yoast_head":"<!-- This site is optimized with the Yoast SEO plugin v22.9 - https:\/\/yoast.com\/wordpress\/plugins\/seo\/ -->\n<title>Au Parlement, l\u2019arme bien utile de la \u00ab\u00a0CMP\u00a0\u00bb - vof-news.eu<\/title>\n<meta name=\"description\" content=\"Depuis quelques semaines, la vie parlementaire se r\u00e9sume souvent en trois lettres\u00a0: CMP, pour commission mixte paritaire. Narcotrafic, lev\u00e9e des contraintes \u00e0 l\u2019exercice du m\u00e9tier d\u2019agriculteur, r\u00e9forme des scrutins de Paris, Lyon et Marseille, lutte contre l\u2019antis\u00e9mitisme dans l\u2019enseignement sup\u00e9rieur, refondation de Mayotte\u2026 tous ces textes sont pass\u00e9s par la case CMP. Cet outil parlementaire permet \u00e0 sept d\u00e9put\u00e9s et sept s\u00e9nateurs de se r\u00e9unir pour trouver un compromis lorsque l\u2019Assembl\u00e9e nationale et le S\u00e9nat ne parviennent pas \u00e0 se mettre d\u2019accord sur un texte au gr\u00e9 de la navette parlementaire. L\u2019outil n\u2019est pas nouveau. R\u00e9gie par l\u2019article\u00a045 de la Constitution et par les r\u00e8glements de l\u2019Assembl\u00e9e nationale et du S\u00e9nat, la CMP existe depuis 1959. La r\u00e9forme constitutionnelle de 2008 a accentu\u00e9 son importance en modifiant les r\u00e8gles de la proc\u00e9dure acc\u00e9l\u00e9r\u00e9e, qui permet de convoquer la CMP apr\u00e8s une seule lecture dans les deux chambres, au lieu de deux en temps normal. De fait, ces derni\u00e8res ann\u00e9es, et encore plus depuis la r\u00e9\u00e9lection d\u2019Emmanuel Macron en\u00a02022 et la perte de la majorit\u00e9 absolue \u00e0 l\u2019Assembl\u00e9e (d\u2019abord en\u00a02022, mais surtout en\u00a02024), les gouvernements usent davantage de la proc\u00e9dure acc\u00e9l\u00e9r\u00e9e et les textes sont davantage adopt\u00e9s par CMP que par la navette parlementaire classique. Il vous reste 87.06% de cet article \u00e0 lire. La suite est r\u00e9serv\u00e9e aux abonn\u00e9s.\" \/>\n<meta name=\"robots\" content=\"noindex, follow, max-snippet:-1, max-image-preview:large, max-video-preview:-1\" \/>\n<meta property=\"og:locale\" content=\"fr_FR\" \/>\n<meta property=\"og:type\" content=\"article\" \/>\n<meta property=\"og:title\" content=\"Au Parlement, l\u2019arme bien utile de la \u00ab\u00a0CMP\u00a0\u00bb - vof-news.eu\" \/>\n<meta property=\"og:description\" content=\"Depuis quelques semaines, la vie parlementaire se r\u00e9sume souvent en trois lettres\u00a0: CMP, pour commission mixte paritaire. Narcotrafic, lev\u00e9e des contraintes \u00e0 l\u2019exercice du m\u00e9tier d\u2019agriculteur, r\u00e9forme des scrutins de Paris, Lyon et Marseille, lutte contre l\u2019antis\u00e9mitisme dans l\u2019enseignement sup\u00e9rieur, refondation de Mayotte\u2026 tous ces textes sont pass\u00e9s par la case CMP. Cet outil parlementaire permet \u00e0 sept d\u00e9put\u00e9s et sept s\u00e9nateurs de se r\u00e9unir pour trouver un compromis lorsque l\u2019Assembl\u00e9e nationale et le S\u00e9nat ne parviennent pas \u00e0 se mettre d\u2019accord sur un texte au gr\u00e9 de la navette parlementaire. L\u2019outil n\u2019est pas nouveau. R\u00e9gie par l\u2019article\u00a045 de la Constitution et par les r\u00e8glements de l\u2019Assembl\u00e9e nationale et du S\u00e9nat, la CMP existe depuis 1959. La r\u00e9forme constitutionnelle de 2008 a accentu\u00e9 son importance en modifiant les r\u00e8gles de la proc\u00e9dure acc\u00e9l\u00e9r\u00e9e, qui permet de convoquer la CMP apr\u00e8s une seule lecture dans les deux chambres, au lieu de deux en temps normal. De fait, ces derni\u00e8res ann\u00e9es, et encore plus depuis la r\u00e9\u00e9lection d\u2019Emmanuel Macron en\u00a02022 et la perte de la majorit\u00e9 absolue \u00e0 l\u2019Assembl\u00e9e (d\u2019abord en\u00a02022, mais surtout en\u00a02024), les gouvernements usent davantage de la proc\u00e9dure acc\u00e9l\u00e9r\u00e9e et les textes sont davantage adopt\u00e9s par CMP que par la navette parlementaire classique. Il vous reste 87.06% de cet article \u00e0 lire. La suite est r\u00e9serv\u00e9e aux abonn\u00e9s.\" \/>\n<meta property=\"og:url\" content=\"https:\/\/vof-news.eu\/fr\/au-parlement-larme-bien-utile-de-la-cmp\/\" \/>\n<meta property=\"og:site_name\" content=\"vof-news.eu\" \/>\n<meta property=\"article:published_time\" content=\"2025-07-10T04:31:55+00:00\" \/>\n<meta property=\"article:modified_time\" content=\"2025-07-10T04:32:14+00:00\" \/>\n<meta property=\"og:image\" content=\"https:\/\/vof-news.eu\/wp-content\/uploads\/2025\/07\/9462bbf_upload-1-rz0u6zuo0eta-img-9020.jpeg\" \/>\n\t<meta property=\"og:image:width\" content=\"664\" \/>\n\t<meta property=\"og:image:height\" content=\"567\" \/>\n\t<meta property=\"og:image:type\" content=\"image\/jpeg\" \/>\n<meta name=\"author\" content=\"Author\" \/>\n<meta name=\"twitter:card\" content=\"summary_large_image\" \/>\n<meta name=\"twitter:label1\" content=\"\u00c9crit par\" \/>\n\t<meta name=\"twitter:data1\" content=\"Author\" \/>\n\t<meta name=\"twitter:label2\" content=\"Dur\u00e9e de lecture estim\u00e9e\" \/>\n\t<meta name=\"twitter:data2\" content=\"1 minute\" \/>\n<script type=\"application\/ld+json\" class=\"yoast-schema-graph\">{\"@context\":\"https:\/\/schema.org\",\"@graph\":[{\"@type\":\"WebPage\",\"@id\":\"https:\/\/vof-news.eu\/fr\/au-parlement-larme-bien-utile-de-la-cmp\/\",\"url\":\"https:\/\/vof-news.eu\/fr\/au-parlement-larme-bien-utile-de-la-cmp\/\",\"name\":\"Au Parlement, l\u2019arme bien utile de la \u00ab\u00a0CMP\u00a0\u00bb - vof-news.eu\",\"isPartOf\":{\"@id\":\"https:\/\/vof-news.eu\/fr\/#website\"},\"primaryImageOfPage\":{\"@id\":\"https:\/\/vof-news.eu\/fr\/au-parlement-larme-bien-utile-de-la-cmp\/#primaryimage\"},\"image\":{\"@id\":\"https:\/\/vof-news.eu\/fr\/au-parlement-larme-bien-utile-de-la-cmp\/#primaryimage\"},\"thumbnailUrl\":\"https:\/\/vof-news.eu\/wp-content\/uploads\/2025\/07\/9462bbf_upload-1-rz0u6zuo0eta-img-9020.jpeg\",\"datePublished\":\"2025-07-10T04:31:55+00:00\",\"dateModified\":\"2025-07-10T04:32:14+00:00\",\"author\":{\"@id\":\"https:\/\/vof-news.eu\/fr\/#\/schema\/person\/f6a2a4309f0561835797fd8c19b333ed\"},\"description\":\"Depuis quelques semaines, la vie parlementaire se r\u00e9sume souvent en trois lettres\u00a0: CMP, pour commission mixte paritaire. Narcotrafic, lev\u00e9e des contraintes \u00e0 l\u2019exercice du m\u00e9tier d\u2019agriculteur, r\u00e9forme des scrutins de Paris, Lyon et Marseille, lutte contre l\u2019antis\u00e9mitisme dans l\u2019enseignement sup\u00e9rieur, refondation de Mayotte\u2026 tous ces textes sont pass\u00e9s par la case CMP. Cet outil parlementaire permet \u00e0 sept d\u00e9put\u00e9s et sept s\u00e9nateurs de se r\u00e9unir pour trouver un compromis lorsque l\u2019Assembl\u00e9e nationale et le S\u00e9nat ne parviennent pas \u00e0 se mettre d\u2019accord sur un texte au gr\u00e9 de la navette parlementaire. L\u2019outil n\u2019est pas nouveau. R\u00e9gie par l\u2019article\u00a045 de la Constitution et par les r\u00e8glements de l\u2019Assembl\u00e9e nationale et du S\u00e9nat, la CMP existe depuis 1959. La r\u00e9forme constitutionnelle de 2008 a accentu\u00e9 son importance en modifiant les r\u00e8gles de la proc\u00e9dure acc\u00e9l\u00e9r\u00e9e, qui permet de convoquer la CMP apr\u00e8s une seule lecture dans les deux chambres, au lieu de deux en temps normal. De fait, ces derni\u00e8res ann\u00e9es, et encore plus depuis la r\u00e9\u00e9lection d\u2019Emmanuel Macron en\u00a02022 et la perte de la majorit\u00e9 absolue \u00e0 l\u2019Assembl\u00e9e (d\u2019abord en\u00a02022, mais surtout en\u00a02024), les gouvernements usent davantage de la proc\u00e9dure acc\u00e9l\u00e9r\u00e9e et les textes sont davantage adopt\u00e9s par CMP que par la navette parlementaire classique. Il vous reste 87.06% de cet article \u00e0 lire. La suite est r\u00e9serv\u00e9e aux abonn\u00e9s.\",\"breadcrumb\":{\"@id\":\"https:\/\/vof-news.eu\/fr\/au-parlement-larme-bien-utile-de-la-cmp\/#breadcrumb\"},\"inLanguage\":\"fr-FR\",\"potentialAction\":[{\"@type\":\"ReadAction\",\"target\":[\"https:\/\/vof-news.eu\/fr\/au-parlement-larme-bien-utile-de-la-cmp\/\"]}]},{\"@type\":\"ImageObject\",\"inLanguage\":\"fr-FR\",\"@id\":\"https:\/\/vof-news.eu\/fr\/au-parlement-larme-bien-utile-de-la-cmp\/#primaryimage\",\"url\":\"https:\/\/vof-news.eu\/wp-content\/uploads\/2025\/07\/9462bbf_upload-1-rz0u6zuo0eta-img-9020.jpeg\",\"contentUrl\":\"https:\/\/vof-news.eu\/wp-content\/uploads\/2025\/07\/9462bbf_upload-1-rz0u6zuo0eta-img-9020.jpeg\",\"width\":664,\"height\":567},{\"@type\":\"BreadcrumbList\",\"@id\":\"https:\/\/vof-news.eu\/fr\/au-parlement-larme-bien-utile-de-la-cmp\/#breadcrumb\",\"itemListElement\":[{\"@type\":\"ListItem\",\"position\":1,\"name\":\"Home\",\"item\":\"https:\/\/vof-news.eu\/fr\/\"},{\"@type\":\"ListItem\",\"position\":2,\"name\":\"Au Parlement, l\u2019arme bien utile de la \u00ab\u00a0CMP\u00a0\u00bb\"}]},{\"@type\":\"WebSite\",\"@id\":\"https:\/\/vof-news.eu\/fr\/#website\",\"url\":\"https:\/\/vof-news.eu\/fr\/\",\"name\":\"vof-news.eu\",\"description\":\"\",\"potentialAction\":[{\"@type\":\"SearchAction\",\"target\":{\"@type\":\"EntryPoint\",\"urlTemplate\":\"https:\/\/vof-news.eu\/fr\/?s={search_term_string}\"},\"query-input\":\"required name=search_term_string\"}],\"inLanguage\":\"fr-FR\"},{\"@type\":\"Person\",\"@id\":\"https:\/\/vof-news.eu\/fr\/#\/schema\/person\/f6a2a4309f0561835797fd8c19b333ed\",\"name\":\"Author\",\"image\":{\"@type\":\"ImageObject\",\"inLanguage\":\"fr-FR\",\"@id\":\"https:\/\/vof-news.eu\/fr\/#\/schema\/person\/image\/\",\"url\":\"https:\/\/secure.gravatar.com\/avatar\/b67e614b1b25b3e9c0c239efdd2fde5ab015b5affd6f1c3c85911ca4b384e790?s=96&d=mm&r=g\",\"contentUrl\":\"https:\/\/secure.gravatar.com\/avatar\/b67e614b1b25b3e9c0c239efdd2fde5ab015b5affd6f1c3c85911ca4b384e790?s=96&d=mm&r=g\",\"caption\":\"Author\"},\"sameAs\":[\"http:\/\/vof-news.eu\"],\"url\":\"https:\/\/vof-news.eu\/fr\/author\/zwt6qxnjulxbnyg\/\"}]}<\/script>\n<!-- \/ Yoast SEO plugin. -->","yoast_head_json":{"title":"Au Parlement, l\u2019arme bien utile de la \u00ab\u00a0CMP\u00a0\u00bb - vof-news.eu","description":"Depuis quelques semaines, la vie parlementaire se r\u00e9sume souvent en trois lettres\u00a0: CMP, pour commission mixte paritaire. Narcotrafic, lev\u00e9e des contraintes \u00e0 l\u2019exercice du m\u00e9tier d\u2019agriculteur, r\u00e9forme des scrutins de Paris, Lyon et Marseille, lutte contre l\u2019antis\u00e9mitisme dans l\u2019enseignement sup\u00e9rieur, refondation de Mayotte\u2026 tous ces textes sont pass\u00e9s par la case CMP. Cet outil parlementaire permet \u00e0 sept d\u00e9put\u00e9s et sept s\u00e9nateurs de se r\u00e9unir pour trouver un compromis lorsque l\u2019Assembl\u00e9e nationale et le S\u00e9nat ne parviennent pas \u00e0 se mettre d\u2019accord sur un texte au gr\u00e9 de la navette parlementaire. L\u2019outil n\u2019est pas nouveau. R\u00e9gie par l\u2019article\u00a045 de la Constitution et par les r\u00e8glements de l\u2019Assembl\u00e9e nationale et du S\u00e9nat, la CMP existe depuis 1959. La r\u00e9forme constitutionnelle de 2008 a accentu\u00e9 son importance en modifiant les r\u00e8gles de la proc\u00e9dure acc\u00e9l\u00e9r\u00e9e, qui permet de convoquer la CMP apr\u00e8s une seule lecture dans les deux chambres, au lieu de deux en temps normal. De fait, ces derni\u00e8res ann\u00e9es, et encore plus depuis la r\u00e9\u00e9lection d\u2019Emmanuel Macron en\u00a02022 et la perte de la majorit\u00e9 absolue \u00e0 l\u2019Assembl\u00e9e (d\u2019abord en\u00a02022, mais surtout en\u00a02024), les gouvernements usent davantage de la proc\u00e9dure acc\u00e9l\u00e9r\u00e9e et les textes sont davantage adopt\u00e9s par CMP que par la navette parlementaire classique. Il vous reste 87.06% de cet article \u00e0 lire. La suite est r\u00e9serv\u00e9e aux abonn\u00e9s.","robots":{"index":"noindex","follow":"follow","max-snippet":"max-snippet:-1","max-image-preview":"max-image-preview:large","max-video-preview":"max-video-preview:-1"},"og_locale":"fr_FR","og_type":"article","og_title":"Au Parlement, l\u2019arme bien utile de la \u00ab\u00a0CMP\u00a0\u00bb - vof-news.eu","og_description":"Depuis quelques semaines, la vie parlementaire se r\u00e9sume souvent en trois lettres\u00a0: CMP, pour commission mixte paritaire. Narcotrafic, lev\u00e9e des contraintes \u00e0 l\u2019exercice du m\u00e9tier d\u2019agriculteur, r\u00e9forme des scrutins de Paris, Lyon et Marseille, lutte contre l\u2019antis\u00e9mitisme dans l\u2019enseignement sup\u00e9rieur, refondation de Mayotte\u2026 tous ces textes sont pass\u00e9s par la case CMP. Cet outil parlementaire permet \u00e0 sept d\u00e9put\u00e9s et sept s\u00e9nateurs de se r\u00e9unir pour trouver un compromis lorsque l\u2019Assembl\u00e9e nationale et le S\u00e9nat ne parviennent pas \u00e0 se mettre d\u2019accord sur un texte au gr\u00e9 de la navette parlementaire. L\u2019outil n\u2019est pas nouveau. R\u00e9gie par l\u2019article\u00a045 de la Constitution et par les r\u00e8glements de l\u2019Assembl\u00e9e nationale et du S\u00e9nat, la CMP existe depuis 1959. La r\u00e9forme constitutionnelle de 2008 a accentu\u00e9 son importance en modifiant les r\u00e8gles de la proc\u00e9dure acc\u00e9l\u00e9r\u00e9e, qui permet de convoquer la CMP apr\u00e8s une seule lecture dans les deux chambres, au lieu de deux en temps normal. De fait, ces derni\u00e8res ann\u00e9es, et encore plus depuis la r\u00e9\u00e9lection d\u2019Emmanuel Macron en\u00a02022 et la perte de la majorit\u00e9 absolue \u00e0 l\u2019Assembl\u00e9e (d\u2019abord en\u00a02022, mais surtout en\u00a02024), les gouvernements usent davantage de la proc\u00e9dure acc\u00e9l\u00e9r\u00e9e et les textes sont davantage adopt\u00e9s par CMP que par la navette parlementaire classique. Il vous reste 87.06% de cet article \u00e0 lire. La suite est r\u00e9serv\u00e9e aux abonn\u00e9s.","og_url":"https:\/\/vof-news.eu\/fr\/au-parlement-larme-bien-utile-de-la-cmp\/","og_site_name":"vof-news.eu","article_published_time":"2025-07-10T04:31:55+00:00","article_modified_time":"2025-07-10T04:32:14+00:00","og_image":[{"width":664,"height":567,"url":"https:\/\/vof-news.eu\/wp-content\/uploads\/2025\/07\/9462bbf_upload-1-rz0u6zuo0eta-img-9020.jpeg","type":"image\/jpeg"}],"author":"Author","twitter_card":"summary_large_image","twitter_misc":{"\u00c9crit par":"Author","Dur\u00e9e de lecture estim\u00e9e":"1 minute"},"schema":{"@context":"https:\/\/schema.org","@graph":[{"@type":"WebPage","@id":"https:\/\/vof-news.eu\/fr\/au-parlement-larme-bien-utile-de-la-cmp\/","url":"https:\/\/vof-news.eu\/fr\/au-parlement-larme-bien-utile-de-la-cmp\/","name":"Au Parlement, l\u2019arme bien utile de la \u00ab\u00a0CMP\u00a0\u00bb - vof-news.eu","isPartOf":{"@id":"https:\/\/vof-news.eu\/fr\/#website"},"primaryImageOfPage":{"@id":"https:\/\/vof-news.eu\/fr\/au-parlement-larme-bien-utile-de-la-cmp\/#primaryimage"},"image":{"@id":"https:\/\/vof-news.eu\/fr\/au-parlement-larme-bien-utile-de-la-cmp\/#primaryimage"},"thumbnailUrl":"https:\/\/vof-news.eu\/wp-content\/uploads\/2025\/07\/9462bbf_upload-1-rz0u6zuo0eta-img-9020.jpeg","datePublished":"2025-07-10T04:31:55+00:00","dateModified":"2025-07-10T04:32:14+00:00","author":{"@id":"https:\/\/vof-news.eu\/fr\/#\/schema\/person\/f6a2a4309f0561835797fd8c19b333ed"},"description":"Depuis quelques semaines, la vie parlementaire se r\u00e9sume souvent en trois lettres\u00a0: CMP, pour commission mixte paritaire. Narcotrafic, lev\u00e9e des contraintes \u00e0 l\u2019exercice du m\u00e9tier d\u2019agriculteur, r\u00e9forme des scrutins de Paris, Lyon et Marseille, lutte contre l\u2019antis\u00e9mitisme dans l\u2019enseignement sup\u00e9rieur, refondation de Mayotte\u2026 tous ces textes sont pass\u00e9s par la case CMP. Cet outil parlementaire permet \u00e0 sept d\u00e9put\u00e9s et sept s\u00e9nateurs de se r\u00e9unir pour trouver un compromis lorsque l\u2019Assembl\u00e9e nationale et le S\u00e9nat ne parviennent pas \u00e0 se mettre d\u2019accord sur un texte au gr\u00e9 de la navette parlementaire. L\u2019outil n\u2019est pas nouveau. R\u00e9gie par l\u2019article\u00a045 de la Constitution et par les r\u00e8glements de l\u2019Assembl\u00e9e nationale et du S\u00e9nat, la CMP existe depuis 1959. La r\u00e9forme constitutionnelle de 2008 a accentu\u00e9 son importance en modifiant les r\u00e8gles de la proc\u00e9dure acc\u00e9l\u00e9r\u00e9e, qui permet de convoquer la CMP apr\u00e8s une seule lecture dans les deux chambres, au lieu de deux en temps normal. De fait, ces derni\u00e8res ann\u00e9es, et encore plus depuis la r\u00e9\u00e9lection d\u2019Emmanuel Macron en\u00a02022 et la perte de la majorit\u00e9 absolue \u00e0 l\u2019Assembl\u00e9e (d\u2019abord en\u00a02022, mais surtout en\u00a02024), les gouvernements usent davantage de la proc\u00e9dure acc\u00e9l\u00e9r\u00e9e et les textes sont davantage adopt\u00e9s par CMP que par la navette parlementaire classique. Il vous reste 87.06% de cet article \u00e0 lire. La suite est r\u00e9serv\u00e9e aux abonn\u00e9s.","breadcrumb":{"@id":"https:\/\/vof-news.eu\/fr\/au-parlement-larme-bien-utile-de-la-cmp\/#breadcrumb"},"inLanguage":"fr-FR","potentialAction":[{"@type":"ReadAction","target":["https:\/\/vof-news.eu\/fr\/au-parlement-larme-bien-utile-de-la-cmp\/"]}]},{"@type":"ImageObject","inLanguage":"fr-FR","@id":"https:\/\/vof-news.eu\/fr\/au-parlement-larme-bien-utile-de-la-cmp\/#primaryimage","url":"https:\/\/vof-news.eu\/wp-content\/uploads\/2025\/07\/9462bbf_upload-1-rz0u6zuo0eta-img-9020.jpeg","contentUrl":"https:\/\/vof-news.eu\/wp-content\/uploads\/2025\/07\/9462bbf_upload-1-rz0u6zuo0eta-img-9020.jpeg","width":664,"height":567},{"@type":"BreadcrumbList","@id":"https:\/\/vof-news.eu\/fr\/au-parlement-larme-bien-utile-de-la-cmp\/#breadcrumb","itemListElement":[{"@type":"ListItem","position":1,"name":"Home","item":"https:\/\/vof-news.eu\/fr\/"},{"@type":"ListItem","position":2,"name":"Au Parlement, l\u2019arme bien utile de la \u00ab\u00a0CMP\u00a0\u00bb"}]},{"@type":"WebSite","@id":"https:\/\/vof-news.eu\/fr\/#website","url":"https:\/\/vof-news.eu\/fr\/","name":"vof-news.eu","description":"","potentialAction":[{"@type":"SearchAction","target":{"@type":"EntryPoint","urlTemplate":"https:\/\/vof-news.eu\/fr\/?s={search_term_string}"},"query-input":"required name=search_term_string"}],"inLanguage":"fr-FR"},{"@type":"Person","@id":"https:\/\/vof-news.eu\/fr\/#\/schema\/person\/f6a2a4309f0561835797fd8c19b333ed","name":"Author","image":{"@type":"ImageObject","inLanguage":"fr-FR","@id":"https:\/\/vof-news.eu\/fr\/#\/schema\/person\/image\/","url":"https:\/\/secure.gravatar.com\/avatar\/b67e614b1b25b3e9c0c239efdd2fde5ab015b5affd6f1c3c85911ca4b384e790?s=96&d=mm&r=g","contentUrl":"https:\/\/secure.gravatar.com\/avatar\/b67e614b1b25b3e9c0c239efdd2fde5ab015b5affd6f1c3c85911ca4b384e790?s=96&d=mm&r=g","caption":"Author"},"sameAs":["http:\/\/vof-news.eu"],"url":"https:\/\/vof-news.eu\/fr\/author\/zwt6qxnjulxbnyg\/"}]}},"yoast_meta":{"yoast_wpseo_title":"","yoast_wpseo_metadesc":"","yoast_wpseo_canonical":""},"_links":{"self":[{"href":"https:\/\/vof-news.eu\/fr\/wp-json\/wp\/v2\/posts\/251133","targetHints":{"allow":["GET"]}}],"collection":[{"href":"https:\/\/vof-news.eu\/fr\/wp-json\/wp\/v2\/posts"}],"about":[{"href":"https:\/\/vof-news.eu\/fr\/wp-json\/wp\/v2\/types\/post"}],"author":[{"embeddable":true,"href":"https:\/\/vof-news.eu\/fr\/wp-json\/wp\/v2\/users\/1"}],"replies":[{"embeddable":true,"href":"https:\/\/vof-news.eu\/fr\/wp-json\/wp\/v2\/comments?post=251133"}],"version-history":[{"count":1,"href":"https:\/\/vof-news.eu\/fr\/wp-json\/wp\/v2\/posts\/251133\/revisions"}],"predecessor-version":[{"id":251140,"href":"https:\/\/vof-news.eu\/fr\/wp-json\/wp\/v2\/posts\/251133\/revisions\/251140"}],"wp:featuredmedia":[{"embeddable":true,"href":"https:\/\/vof-news.eu\/fr\/wp-json\/wp\/v2\/media\/251134"}],"wp:attachment":[{"href":"https:\/\/vof-news.eu\/fr\/wp-json\/wp\/v2\/media?parent=251133"}],"wp:term":[{"taxonomy":"category","embeddable":true,"href":"https:\/\/vof-news.eu\/fr\/wp-json\/wp\/v2\/categories?post=251133"},{"taxonomy":"post_tag","embeddable":true,"href":"https:\/\/vof-news.eu\/fr\/wp-json\/wp\/v2\/tags?post=251133"}],"curies":[{"name":"wp","href":"https:\/\/api.w.org\/{rel}","templated":true}]}}