{"id":251125,"date":"2025-07-10T07:30:59","date_gmt":"2025-07-10T04:30:59","guid":{"rendered":"https:\/\/vof-news.eu\/emmanuel-macron-se-pose-en-recours-en-cas-dechec-de-son-camp-en-2027\/"},"modified":"2025-07-10T07:31:23","modified_gmt":"2025-07-10T04:31:23","slug":"emmanuel-macron-se-pose-en-recours-en-cas-dechec-de-son-camp-en-2027","status":"publish","type":"post","link":"https:\/\/vof-news.eu\/fr\/emmanuel-macron-se-pose-en-recours-en-cas-dechec-de-son-camp-en-2027\/","title":{"rendered":"Emmanuel Macron se pose en recours en cas d\u2019\u00e9chec de son camp en\u00a02027"},"content":{"rendered":"<article>\n<p>Emmanuel Macron affectionne , ont coutume de r\u00e9p\u00e9ter ses conseillers.<a href=\"https:\/\/www.lemonde.fr\/politique\/article\/2025\/07\/05\/gabriel-attal-annonce-vouloir-proposer-un-chemin-aux-francais-pour-l-election-presidentielle-de-2027_6618673_823449.html\" rel=\"nofollow\"> Ses d\u00e9clarations, le 5\u00a0juillet au Cirque d\u2019Hiver<\/a>, en ont apport\u00e9 la confirmation. Aux (ex-Jeunes avec Macron)r\u00e9unis pour f\u00eater leur dixi\u00e8me anniversaire, le chef de l\u2019Etat a lanc\u00e9 qu\u2019il aurait [eux].<\/p>\n<p>Cette descente pr\u00e9sidentielle dans l\u2019ar\u00e8ne politique est insolite \u00e0 plus d\u2019un titre. D\u2019abord parce qu\u2019il est de tradition que les pr\u00e9sidents de la R\u00e9publique, hors campagne pr\u00e9sidentielle, s\u2019abstiennent de participer \u00e0 des rassemblements partisans. , observe Fr\u00e9d\u00e9ric Dabi, directeur g\u00e9n\u00e9ral de l\u2019IFOP.<\/p>\n<p>D\u2019autre part, Emmanuel Macron se projette dans un monde o\u00f9 il pourra de nouveau \u00eatre candidat \u00e0 l\u2019\u00e9lection pr\u00e9sidentielle, alors que la Constitution l\u2019emp\u00eache de se pr\u00e9senter en\u00a02027. avait-il sembl\u00e9 regretter, le 13\u00a0mai sur TF1C\u00f4toyant au quotidien des leaders qui ne s\u2019embarrassent pas des r\u00e8gles d\u00e9mocratiques ou de l\u2019alternance, comme Donald Trump, Vladimir Poutine ou Narendra Modi, Emmanuel Macron devra, lui, se plier \u00e0 la r\u00e8gle introduite par la r\u00e9vision constitutionnelle de 2008.<\/p>\n<p><strong>Il vous reste 81.99% de cet article \u00e0 lire. La suite est r\u00e9serv\u00e9e aux abonn\u00e9s.<\/strong><\/p>\n<\/article>\n","protected":false},"excerpt":{"rendered":"<p>Emmanuel Macron affectionne , ont coutume de r\u00e9p\u00e9ter ses conseillers. Ses d\u00e9clarations, le 5\u00a0juillet au Cirque d\u2019Hiver, en ont apport\u00e9 la confirmation. Aux (ex-Jeunes avec Macron)r\u00e9unis pour f\u00eater leur dixi\u00e8me anniversaire, le chef de l\u2019Etat a lanc\u00e9 qu\u2019il aurait [eux]. Cette descente pr\u00e9sidentielle dans l\u2019ar\u00e8ne politique est insolite \u00e0 plus d\u2019un titre. D\u2019abord parce qu\u2019il<\/p>\n","protected":false},"author":1,"featured_media":251126,"comment_status":"open","ping_status":"open","sticky":false,"template":"","format":"standard","meta":{"footnotes":""},"categories":[68],"tags":[],"class_list":["post-251125","post","type-post","status-publish","format-standard","has-post-thumbnail","hentry","category-politics-fr"],"acf":[],"yoast_head":"<!-- This site is optimized with the Yoast SEO plugin v22.9 - https:\/\/yoast.com\/wordpress\/plugins\/seo\/ -->\n<title>Emmanuel Macron se pose en recours en cas d\u2019\u00e9chec de son camp en\u00a02027 - vof-news.eu<\/title>\n<meta name=\"description\" content=\"Emmanuel Macron affectionne , ont coutume de r\u00e9p\u00e9ter ses conseillers. Ses d\u00e9clarations, le 5\u00a0juillet au Cirque d\u2019Hiver, en ont apport\u00e9 la confirmation. Aux (ex-Jeunes avec Macron)r\u00e9unis pour f\u00eater leur dixi\u00e8me anniversaire, le chef de l\u2019Etat a lanc\u00e9 qu\u2019il aurait [eux]. Cette descente pr\u00e9sidentielle dans l\u2019ar\u00e8ne politique est insolite \u00e0 plus d\u2019un titre. D\u2019abord parce qu\u2019il est de tradition que les pr\u00e9sidents de la R\u00e9publique, hors campagne pr\u00e9sidentielle, s\u2019abstiennent de participer \u00e0 des rassemblements partisans. , observe Fr\u00e9d\u00e9ric Dabi, directeur g\u00e9n\u00e9ral de l\u2019IFOP. D\u2019autre part, Emmanuel Macron se projette dans un monde o\u00f9 il pourra de nouveau \u00eatre candidat \u00e0 l\u2019\u00e9lection pr\u00e9sidentielle, alors que la Constitution l\u2019emp\u00eache de se pr\u00e9senter en\u00a02027. avait-il sembl\u00e9 regretter, le 13\u00a0mai sur TF1C\u00f4toyant au quotidien des leaders qui ne s\u2019embarrassent pas des r\u00e8gles d\u00e9mocratiques ou de l\u2019alternance, comme Donald Trump, Vladimir Poutine ou Narendra Modi, Emmanuel Macron devra, lui, se plier \u00e0 la r\u00e8gle introduite par la r\u00e9vision constitutionnelle de 2008. Il vous reste 81.99% de cet article \u00e0 lire. La suite est r\u00e9serv\u00e9e aux abonn\u00e9s.\" \/>\n<meta name=\"robots\" content=\"noindex, follow, max-snippet:-1, max-image-preview:large, max-video-preview:-1\" \/>\n<meta property=\"og:locale\" content=\"fr_FR\" \/>\n<meta property=\"og:type\" content=\"article\" \/>\n<meta property=\"og:title\" content=\"Emmanuel Macron se pose en recours en cas d\u2019\u00e9chec de son camp en\u00a02027 - vof-news.eu\" \/>\n<meta property=\"og:description\" content=\"Emmanuel Macron affectionne , ont coutume de r\u00e9p\u00e9ter ses conseillers. Ses d\u00e9clarations, le 5\u00a0juillet au Cirque d\u2019Hiver, en ont apport\u00e9 la confirmation. Aux (ex-Jeunes avec Macron)r\u00e9unis pour f\u00eater leur dixi\u00e8me anniversaire, le chef de l\u2019Etat a lanc\u00e9 qu\u2019il aurait [eux]. Cette descente pr\u00e9sidentielle dans l\u2019ar\u00e8ne politique est insolite \u00e0 plus d\u2019un titre. D\u2019abord parce qu\u2019il est de tradition que les pr\u00e9sidents de la R\u00e9publique, hors campagne pr\u00e9sidentielle, s\u2019abstiennent de participer \u00e0 des rassemblements partisans. , observe Fr\u00e9d\u00e9ric Dabi, directeur g\u00e9n\u00e9ral de l\u2019IFOP. D\u2019autre part, Emmanuel Macron se projette dans un monde o\u00f9 il pourra de nouveau \u00eatre candidat \u00e0 l\u2019\u00e9lection pr\u00e9sidentielle, alors que la Constitution l\u2019emp\u00eache de se pr\u00e9senter en\u00a02027. avait-il sembl\u00e9 regretter, le 13\u00a0mai sur TF1C\u00f4toyant au quotidien des leaders qui ne s\u2019embarrassent pas des r\u00e8gles d\u00e9mocratiques ou de l\u2019alternance, comme Donald Trump, Vladimir Poutine ou Narendra Modi, Emmanuel Macron devra, lui, se plier \u00e0 la r\u00e8gle introduite par la r\u00e9vision constitutionnelle de 2008. Il vous reste 81.99% de cet article \u00e0 lire. La suite est r\u00e9serv\u00e9e aux abonn\u00e9s.\" \/>\n<meta property=\"og:url\" content=\"https:\/\/vof-news.eu\/fr\/emmanuel-macron-se-pose-en-recours-en-cas-dechec-de-son-camp-en-2027\/\" \/>\n<meta property=\"og:site_name\" content=\"vof-news.eu\" \/>\n<meta property=\"article:published_time\" content=\"2025-07-10T04:30:59+00:00\" \/>\n<meta property=\"article:modified_time\" content=\"2025-07-10T04:31:23+00:00\" \/>\n<meta property=\"og:image\" content=\"https:\/\/vof-news.eu\/wp-content\/uploads\/2025\/07\/2417e82_ftp-import-images-1-5f74bjgdmwsz-5343470-01-06.jpg\" \/>\n\t<meta property=\"og:image:width\" content=\"664\" \/>\n\t<meta property=\"og:image:height\" content=\"443\" \/>\n\t<meta property=\"og:image:type\" content=\"image\/jpeg\" \/>\n<meta name=\"author\" content=\"Author\" \/>\n<meta name=\"twitter:card\" content=\"summary_large_image\" \/>\n<meta name=\"twitter:label1\" content=\"\u00c9crit par\" \/>\n\t<meta name=\"twitter:data1\" content=\"Author\" \/>\n\t<meta name=\"twitter:label2\" content=\"Dur\u00e9e de lecture estim\u00e9e\" \/>\n\t<meta name=\"twitter:data2\" content=\"1 minute\" \/>\n<script type=\"application\/ld+json\" class=\"yoast-schema-graph\">{\"@context\":\"https:\/\/schema.org\",\"@graph\":[{\"@type\":\"WebPage\",\"@id\":\"https:\/\/vof-news.eu\/fr\/emmanuel-macron-se-pose-en-recours-en-cas-dechec-de-son-camp-en-2027\/\",\"url\":\"https:\/\/vof-news.eu\/fr\/emmanuel-macron-se-pose-en-recours-en-cas-dechec-de-son-camp-en-2027\/\",\"name\":\"Emmanuel Macron se pose en recours en cas d\u2019\u00e9chec de son camp en\u00a02027 - vof-news.eu\",\"isPartOf\":{\"@id\":\"https:\/\/vof-news.eu\/fr\/#website\"},\"primaryImageOfPage\":{\"@id\":\"https:\/\/vof-news.eu\/fr\/emmanuel-macron-se-pose-en-recours-en-cas-dechec-de-son-camp-en-2027\/#primaryimage\"},\"image\":{\"@id\":\"https:\/\/vof-news.eu\/fr\/emmanuel-macron-se-pose-en-recours-en-cas-dechec-de-son-camp-en-2027\/#primaryimage\"},\"thumbnailUrl\":\"https:\/\/vof-news.eu\/wp-content\/uploads\/2025\/07\/2417e82_ftp-import-images-1-5f74bjgdmwsz-5343470-01-06.jpg\",\"datePublished\":\"2025-07-10T04:30:59+00:00\",\"dateModified\":\"2025-07-10T04:31:23+00:00\",\"author\":{\"@id\":\"https:\/\/vof-news.eu\/fr\/#\/schema\/person\/f6a2a4309f0561835797fd8c19b333ed\"},\"description\":\"Emmanuel Macron affectionne , ont coutume de r\u00e9p\u00e9ter ses conseillers. Ses d\u00e9clarations, le 5\u00a0juillet au Cirque d\u2019Hiver, en ont apport\u00e9 la confirmation. Aux (ex-Jeunes avec Macron)r\u00e9unis pour f\u00eater leur dixi\u00e8me anniversaire, le chef de l\u2019Etat a lanc\u00e9 qu\u2019il aurait [eux]. Cette descente pr\u00e9sidentielle dans l\u2019ar\u00e8ne politique est insolite \u00e0 plus d\u2019un titre. D\u2019abord parce qu\u2019il est de tradition que les pr\u00e9sidents de la R\u00e9publique, hors campagne pr\u00e9sidentielle, s\u2019abstiennent de participer \u00e0 des rassemblements partisans. , observe Fr\u00e9d\u00e9ric Dabi, directeur g\u00e9n\u00e9ral de l\u2019IFOP. D\u2019autre part, Emmanuel Macron se projette dans un monde o\u00f9 il pourra de nouveau \u00eatre candidat \u00e0 l\u2019\u00e9lection pr\u00e9sidentielle, alors que la Constitution l\u2019emp\u00eache de se pr\u00e9senter en\u00a02027. avait-il sembl\u00e9 regretter, le 13\u00a0mai sur TF1C\u00f4toyant au quotidien des leaders qui ne s\u2019embarrassent pas des r\u00e8gles d\u00e9mocratiques ou de l\u2019alternance, comme Donald Trump, Vladimir Poutine ou Narendra Modi, Emmanuel Macron devra, lui, se plier \u00e0 la r\u00e8gle introduite par la r\u00e9vision constitutionnelle de 2008. Il vous reste 81.99% de cet article \u00e0 lire. La suite est r\u00e9serv\u00e9e aux abonn\u00e9s.\",\"breadcrumb\":{\"@id\":\"https:\/\/vof-news.eu\/fr\/emmanuel-macron-se-pose-en-recours-en-cas-dechec-de-son-camp-en-2027\/#breadcrumb\"},\"inLanguage\":\"fr-FR\",\"potentialAction\":[{\"@type\":\"ReadAction\",\"target\":[\"https:\/\/vof-news.eu\/fr\/emmanuel-macron-se-pose-en-recours-en-cas-dechec-de-son-camp-en-2027\/\"]}]},{\"@type\":\"ImageObject\",\"inLanguage\":\"fr-FR\",\"@id\":\"https:\/\/vof-news.eu\/fr\/emmanuel-macron-se-pose-en-recours-en-cas-dechec-de-son-camp-en-2027\/#primaryimage\",\"url\":\"https:\/\/vof-news.eu\/wp-content\/uploads\/2025\/07\/2417e82_ftp-import-images-1-5f74bjgdmwsz-5343470-01-06.jpg\",\"contentUrl\":\"https:\/\/vof-news.eu\/wp-content\/uploads\/2025\/07\/2417e82_ftp-import-images-1-5f74bjgdmwsz-5343470-01-06.jpg\",\"width\":664,\"height\":443},{\"@type\":\"BreadcrumbList\",\"@id\":\"https:\/\/vof-news.eu\/fr\/emmanuel-macron-se-pose-en-recours-en-cas-dechec-de-son-camp-en-2027\/#breadcrumb\",\"itemListElement\":[{\"@type\":\"ListItem\",\"position\":1,\"name\":\"Home\",\"item\":\"https:\/\/vof-news.eu\/fr\/\"},{\"@type\":\"ListItem\",\"position\":2,\"name\":\"Emmanuel Macron se pose en recours en cas d\u2019\u00e9chec de son camp en\u00a02027\"}]},{\"@type\":\"WebSite\",\"@id\":\"https:\/\/vof-news.eu\/fr\/#website\",\"url\":\"https:\/\/vof-news.eu\/fr\/\",\"name\":\"vof-news.eu\",\"description\":\"\",\"potentialAction\":[{\"@type\":\"SearchAction\",\"target\":{\"@type\":\"EntryPoint\",\"urlTemplate\":\"https:\/\/vof-news.eu\/fr\/?s={search_term_string}\"},\"query-input\":\"required name=search_term_string\"}],\"inLanguage\":\"fr-FR\"},{\"@type\":\"Person\",\"@id\":\"https:\/\/vof-news.eu\/fr\/#\/schema\/person\/f6a2a4309f0561835797fd8c19b333ed\",\"name\":\"Author\",\"image\":{\"@type\":\"ImageObject\",\"inLanguage\":\"fr-FR\",\"@id\":\"https:\/\/vof-news.eu\/fr\/#\/schema\/person\/image\/\",\"url\":\"https:\/\/secure.gravatar.com\/avatar\/b67e614b1b25b3e9c0c239efdd2fde5ab015b5affd6f1c3c85911ca4b384e790?s=96&d=mm&r=g\",\"contentUrl\":\"https:\/\/secure.gravatar.com\/avatar\/b67e614b1b25b3e9c0c239efdd2fde5ab015b5affd6f1c3c85911ca4b384e790?s=96&d=mm&r=g\",\"caption\":\"Author\"},\"sameAs\":[\"http:\/\/vof-news.eu\"],\"url\":\"https:\/\/vof-news.eu\/fr\/author\/zwt6qxnjulxbnyg\/\"}]}<\/script>\n<!-- \/ Yoast SEO plugin. -->","yoast_head_json":{"title":"Emmanuel Macron se pose en recours en cas d\u2019\u00e9chec de son camp en\u00a02027 - vof-news.eu","description":"Emmanuel Macron affectionne , ont coutume de r\u00e9p\u00e9ter ses conseillers. Ses d\u00e9clarations, le 5\u00a0juillet au Cirque d\u2019Hiver, en ont apport\u00e9 la confirmation. Aux (ex-Jeunes avec Macron)r\u00e9unis pour f\u00eater leur dixi\u00e8me anniversaire, le chef de l\u2019Etat a lanc\u00e9 qu\u2019il aurait [eux]. Cette descente pr\u00e9sidentielle dans l\u2019ar\u00e8ne politique est insolite \u00e0 plus d\u2019un titre. D\u2019abord parce qu\u2019il est de tradition que les pr\u00e9sidents de la R\u00e9publique, hors campagne pr\u00e9sidentielle, s\u2019abstiennent de participer \u00e0 des rassemblements partisans. , observe Fr\u00e9d\u00e9ric Dabi, directeur g\u00e9n\u00e9ral de l\u2019IFOP. D\u2019autre part, Emmanuel Macron se projette dans un monde o\u00f9 il pourra de nouveau \u00eatre candidat \u00e0 l\u2019\u00e9lection pr\u00e9sidentielle, alors que la Constitution l\u2019emp\u00eache de se pr\u00e9senter en\u00a02027. avait-il sembl\u00e9 regretter, le 13\u00a0mai sur TF1C\u00f4toyant au quotidien des leaders qui ne s\u2019embarrassent pas des r\u00e8gles d\u00e9mocratiques ou de l\u2019alternance, comme Donald Trump, Vladimir Poutine ou Narendra Modi, Emmanuel Macron devra, lui, se plier \u00e0 la r\u00e8gle introduite par la r\u00e9vision constitutionnelle de 2008. Il vous reste 81.99% de cet article \u00e0 lire. La suite est r\u00e9serv\u00e9e aux abonn\u00e9s.","robots":{"index":"noindex","follow":"follow","max-snippet":"max-snippet:-1","max-image-preview":"max-image-preview:large","max-video-preview":"max-video-preview:-1"},"og_locale":"fr_FR","og_type":"article","og_title":"Emmanuel Macron se pose en recours en cas d\u2019\u00e9chec de son camp en\u00a02027 - vof-news.eu","og_description":"Emmanuel Macron affectionne , ont coutume de r\u00e9p\u00e9ter ses conseillers. Ses d\u00e9clarations, le 5\u00a0juillet au Cirque d\u2019Hiver, en ont apport\u00e9 la confirmation. Aux (ex-Jeunes avec Macron)r\u00e9unis pour f\u00eater leur dixi\u00e8me anniversaire, le chef de l\u2019Etat a lanc\u00e9 qu\u2019il aurait [eux]. Cette descente pr\u00e9sidentielle dans l\u2019ar\u00e8ne politique est insolite \u00e0 plus d\u2019un titre. D\u2019abord parce qu\u2019il est de tradition que les pr\u00e9sidents de la R\u00e9publique, hors campagne pr\u00e9sidentielle, s\u2019abstiennent de participer \u00e0 des rassemblements partisans. , observe Fr\u00e9d\u00e9ric Dabi, directeur g\u00e9n\u00e9ral de l\u2019IFOP. D\u2019autre part, Emmanuel Macron se projette dans un monde o\u00f9 il pourra de nouveau \u00eatre candidat \u00e0 l\u2019\u00e9lection pr\u00e9sidentielle, alors que la Constitution l\u2019emp\u00eache de se pr\u00e9senter en\u00a02027. avait-il sembl\u00e9 regretter, le 13\u00a0mai sur TF1C\u00f4toyant au quotidien des leaders qui ne s\u2019embarrassent pas des r\u00e8gles d\u00e9mocratiques ou de l\u2019alternance, comme Donald Trump, Vladimir Poutine ou Narendra Modi, Emmanuel Macron devra, lui, se plier \u00e0 la r\u00e8gle introduite par la r\u00e9vision constitutionnelle de 2008. Il vous reste 81.99% de cet article \u00e0 lire. La suite est r\u00e9serv\u00e9e aux abonn\u00e9s.","og_url":"https:\/\/vof-news.eu\/fr\/emmanuel-macron-se-pose-en-recours-en-cas-dechec-de-son-camp-en-2027\/","og_site_name":"vof-news.eu","article_published_time":"2025-07-10T04:30:59+00:00","article_modified_time":"2025-07-10T04:31:23+00:00","og_image":[{"width":664,"height":443,"url":"https:\/\/vof-news.eu\/wp-content\/uploads\/2025\/07\/2417e82_ftp-import-images-1-5f74bjgdmwsz-5343470-01-06.jpg","type":"image\/jpeg"}],"author":"Author","twitter_card":"summary_large_image","twitter_misc":{"\u00c9crit par":"Author","Dur\u00e9e de lecture estim\u00e9e":"1 minute"},"schema":{"@context":"https:\/\/schema.org","@graph":[{"@type":"WebPage","@id":"https:\/\/vof-news.eu\/fr\/emmanuel-macron-se-pose-en-recours-en-cas-dechec-de-son-camp-en-2027\/","url":"https:\/\/vof-news.eu\/fr\/emmanuel-macron-se-pose-en-recours-en-cas-dechec-de-son-camp-en-2027\/","name":"Emmanuel Macron se pose en recours en cas d\u2019\u00e9chec de son camp en\u00a02027 - vof-news.eu","isPartOf":{"@id":"https:\/\/vof-news.eu\/fr\/#website"},"primaryImageOfPage":{"@id":"https:\/\/vof-news.eu\/fr\/emmanuel-macron-se-pose-en-recours-en-cas-dechec-de-son-camp-en-2027\/#primaryimage"},"image":{"@id":"https:\/\/vof-news.eu\/fr\/emmanuel-macron-se-pose-en-recours-en-cas-dechec-de-son-camp-en-2027\/#primaryimage"},"thumbnailUrl":"https:\/\/vof-news.eu\/wp-content\/uploads\/2025\/07\/2417e82_ftp-import-images-1-5f74bjgdmwsz-5343470-01-06.jpg","datePublished":"2025-07-10T04:30:59+00:00","dateModified":"2025-07-10T04:31:23+00:00","author":{"@id":"https:\/\/vof-news.eu\/fr\/#\/schema\/person\/f6a2a4309f0561835797fd8c19b333ed"},"description":"Emmanuel Macron affectionne , ont coutume de r\u00e9p\u00e9ter ses conseillers. Ses d\u00e9clarations, le 5\u00a0juillet au Cirque d\u2019Hiver, en ont apport\u00e9 la confirmation. Aux (ex-Jeunes avec Macron)r\u00e9unis pour f\u00eater leur dixi\u00e8me anniversaire, le chef de l\u2019Etat a lanc\u00e9 qu\u2019il aurait [eux]. Cette descente pr\u00e9sidentielle dans l\u2019ar\u00e8ne politique est insolite \u00e0 plus d\u2019un titre. D\u2019abord parce qu\u2019il est de tradition que les pr\u00e9sidents de la R\u00e9publique, hors campagne pr\u00e9sidentielle, s\u2019abstiennent de participer \u00e0 des rassemblements partisans. , observe Fr\u00e9d\u00e9ric Dabi, directeur g\u00e9n\u00e9ral de l\u2019IFOP. D\u2019autre part, Emmanuel Macron se projette dans un monde o\u00f9 il pourra de nouveau \u00eatre candidat \u00e0 l\u2019\u00e9lection pr\u00e9sidentielle, alors que la Constitution l\u2019emp\u00eache de se pr\u00e9senter en\u00a02027. avait-il sembl\u00e9 regretter, le 13\u00a0mai sur TF1C\u00f4toyant au quotidien des leaders qui ne s\u2019embarrassent pas des r\u00e8gles d\u00e9mocratiques ou de l\u2019alternance, comme Donald Trump, Vladimir Poutine ou Narendra Modi, Emmanuel Macron devra, lui, se plier \u00e0 la r\u00e8gle introduite par la r\u00e9vision constitutionnelle de 2008. Il vous reste 81.99% de cet article \u00e0 lire. La suite est r\u00e9serv\u00e9e aux abonn\u00e9s.","breadcrumb":{"@id":"https:\/\/vof-news.eu\/fr\/emmanuel-macron-se-pose-en-recours-en-cas-dechec-de-son-camp-en-2027\/#breadcrumb"},"inLanguage":"fr-FR","potentialAction":[{"@type":"ReadAction","target":["https:\/\/vof-news.eu\/fr\/emmanuel-macron-se-pose-en-recours-en-cas-dechec-de-son-camp-en-2027\/"]}]},{"@type":"ImageObject","inLanguage":"fr-FR","@id":"https:\/\/vof-news.eu\/fr\/emmanuel-macron-se-pose-en-recours-en-cas-dechec-de-son-camp-en-2027\/#primaryimage","url":"https:\/\/vof-news.eu\/wp-content\/uploads\/2025\/07\/2417e82_ftp-import-images-1-5f74bjgdmwsz-5343470-01-06.jpg","contentUrl":"https:\/\/vof-news.eu\/wp-content\/uploads\/2025\/07\/2417e82_ftp-import-images-1-5f74bjgdmwsz-5343470-01-06.jpg","width":664,"height":443},{"@type":"BreadcrumbList","@id":"https:\/\/vof-news.eu\/fr\/emmanuel-macron-se-pose-en-recours-en-cas-dechec-de-son-camp-en-2027\/#breadcrumb","itemListElement":[{"@type":"ListItem","position":1,"name":"Home","item":"https:\/\/vof-news.eu\/fr\/"},{"@type":"ListItem","position":2,"name":"Emmanuel Macron se pose en recours en cas d\u2019\u00e9chec de son camp en\u00a02027"}]},{"@type":"WebSite","@id":"https:\/\/vof-news.eu\/fr\/#website","url":"https:\/\/vof-news.eu\/fr\/","name":"vof-news.eu","description":"","potentialAction":[{"@type":"SearchAction","target":{"@type":"EntryPoint","urlTemplate":"https:\/\/vof-news.eu\/fr\/?s={search_term_string}"},"query-input":"required name=search_term_string"}],"inLanguage":"fr-FR"},{"@type":"Person","@id":"https:\/\/vof-news.eu\/fr\/#\/schema\/person\/f6a2a4309f0561835797fd8c19b333ed","name":"Author","image":{"@type":"ImageObject","inLanguage":"fr-FR","@id":"https:\/\/vof-news.eu\/fr\/#\/schema\/person\/image\/","url":"https:\/\/secure.gravatar.com\/avatar\/b67e614b1b25b3e9c0c239efdd2fde5ab015b5affd6f1c3c85911ca4b384e790?s=96&d=mm&r=g","contentUrl":"https:\/\/secure.gravatar.com\/avatar\/b67e614b1b25b3e9c0c239efdd2fde5ab015b5affd6f1c3c85911ca4b384e790?s=96&d=mm&r=g","caption":"Author"},"sameAs":["http:\/\/vof-news.eu"],"url":"https:\/\/vof-news.eu\/fr\/author\/zwt6qxnjulxbnyg\/"}]}},"yoast_meta":{"yoast_wpseo_title":"","yoast_wpseo_metadesc":"","yoast_wpseo_canonical":""},"_links":{"self":[{"href":"https:\/\/vof-news.eu\/fr\/wp-json\/wp\/v2\/posts\/251125","targetHints":{"allow":["GET"]}}],"collection":[{"href":"https:\/\/vof-news.eu\/fr\/wp-json\/wp\/v2\/posts"}],"about":[{"href":"https:\/\/vof-news.eu\/fr\/wp-json\/wp\/v2\/types\/post"}],"author":[{"embeddable":true,"href":"https:\/\/vof-news.eu\/fr\/wp-json\/wp\/v2\/users\/1"}],"replies":[{"embeddable":true,"href":"https:\/\/vof-news.eu\/fr\/wp-json\/wp\/v2\/comments?post=251125"}],"version-history":[{"count":1,"href":"https:\/\/vof-news.eu\/fr\/wp-json\/wp\/v2\/posts\/251125\/revisions"}],"predecessor-version":[{"id":251132,"href":"https:\/\/vof-news.eu\/fr\/wp-json\/wp\/v2\/posts\/251125\/revisions\/251132"}],"wp:featuredmedia":[{"embeddable":true,"href":"https:\/\/vof-news.eu\/fr\/wp-json\/wp\/v2\/media\/251126"}],"wp:attachment":[{"href":"https:\/\/vof-news.eu\/fr\/wp-json\/wp\/v2\/media?parent=251125"}],"wp:term":[{"taxonomy":"category","embeddable":true,"href":"https:\/\/vof-news.eu\/fr\/wp-json\/wp\/v2\/categories?post=251125"},{"taxonomy":"post_tag","embeddable":true,"href":"https:\/\/vof-news.eu\/fr\/wp-json\/wp\/v2\/tags?post=251125"}],"curies":[{"name":"wp","href":"https:\/\/api.w.org\/{rel}","templated":true}]}}