{"id":250897,"date":"2025-07-09T21:32:24","date_gmt":"2025-07-09T18:32:24","guid":{"rendered":"https:\/\/vof-news.eu\/au-rassemblement-national-une-avalanche-de-procedures-politico-financieres-en-cours\/"},"modified":"2025-07-09T21:33:00","modified_gmt":"2025-07-09T18:33:00","slug":"au-rassemblement-national-une-avalanche-de-procedures-politico-financieres-en-cours","status":"publish","type":"post","link":"https:\/\/vof-news.eu\/fr\/au-rassemblement-national-une-avalanche-de-procedures-politico-financieres-en-cours\/","title":{"rendered":"Au Rassemblement national, une avalanche de proc\u00e9dures politico-financi\u00e8res en cours"},"content":{"rendered":"<article>\n<p>C\u2019est ainsi qu\u2019a r\u00e9agi sur X le pr\u00e9sident du Rassemblement national (RN), Jordan Bardella, dans les minutes qui ont suivi la perquisition du si\u00e8ge du parti par les enqu\u00eateurs de la brigade financi\u00e8re, mercredi 9\u00a0juillet au matin. Le RN est suspect\u00e9 de financement illicite des derni\u00e8res campagnes \u00e9lectorales, \u00e0 travers un syst\u00e8me de pr\u00eats d\u00e9guis\u00e9s en dons pour un montant total d\u00e9passant 2\u00a0millions d\u2019euros. Les termes du message de M. Bardella sont pes\u00e9s\u00a0: la formation d\u2019extr\u00eame droite entretient, en effet, le r\u00e9cit d\u2019une pers\u00e9cution judiciaire face aux affaires qui s\u2019accumulent sur les bureaux des magistrats \u00e0 Paris, Bruxelles ou Fr\u00e9jus, \u00e9cornant la fa\u00e7ade ripolin\u00e9e du RN.<\/p>\n<p>Hasard du calendrier, le parquet europ\u00e9en avait annonc\u00e9, la veille de la perquisition au si\u00e8ge parisien du parti, l\u2019<a href=\"https:\/\/www.lemonde.fr\/international\/article\/2025\/07\/08\/le-parquet-europeen-ouvre-une-enquete-sur-le-rn-et-ses-allies-au-parlement-europeen-suspectes-d-avoir-mis-en-place-un-systeme-illegal-pour-financer-des-associations_6619920_3210.html\" rel=\"nofollow\">ouverture d\u2019une autre enqu\u00eate concernant les agissements de la d\u00e9l\u00e9gation RN et de ses alli\u00e9s \u00e0 Bruxelles<\/a>. En cause cette fois, le budget allou\u00e9 au fonctionnement du groupe et \u00e0 ses actions en lien avec l\u2019Union europ\u00e9enne, qui aurait \u00e9t\u00e9 au profit de prestataires amis ou d\u2019associations dans une d\u00e9marche client\u00e9liste, selon un rapport de la\u00a0direction g\u00e9n\u00e9rale des finances du Parlement europ\u00e9en. Plus de 4,3\u00a0millions d\u2019euros de financement sont concern\u00e9s. Parmi les principaux b\u00e9n\u00e9ficiaires, <a href=\"https:\/\/www.lemonde.fr\/les-decodeurs\/article\/2022\/01\/28\/e-politic-les-liaisons-dangereuses-du-prestataire-prefere-du-rn-avec-l-ultradroite-identitaire_6111359_4355770.html\" rel=\"nofollow\">les soci\u00e9t\u00e9s E-Politic<\/a> et Unanime, li\u00e9es \u00e0 l\u2019ancien \u00ab\u00a0gudard\u00a0\u00bb et intime de la famille Le Pen, Fr\u00e9d\u00e9ric Chatillon, <a href=\"https:\/\/www.lemonde.fr\/societe\/article\/2024\/06\/19\/la-cour-de-cassation-confirme-la-condamnation-du-rassemblement-national-dans-l-affaire-des-kits-de-campagne_6241414_3224.html\" rel=\"nofollow\">d\u00e9finitivement condamn\u00e9 en\u00a02024 <\/a>dans l\u2019affaire des kits de campagne.<\/p>\n<p><strong>Il vous reste 72.49% de cet article \u00e0 lire. La suite est r\u00e9serv\u00e9e aux abonn\u00e9s.<\/strong><\/p>\n<\/article>\n","protected":false},"excerpt":{"rendered":"<p>C\u2019est ainsi qu\u2019a r\u00e9agi sur X le pr\u00e9sident du Rassemblement national (RN), Jordan Bardella, dans les minutes qui ont suivi la perquisition du si\u00e8ge du parti par les enqu\u00eateurs de la brigade financi\u00e8re, mercredi 9\u00a0juillet au matin. Le RN est suspect\u00e9 de financement illicite des derni\u00e8res campagnes \u00e9lectorales, \u00e0 travers un syst\u00e8me de pr\u00eats d\u00e9guis\u00e9s<\/p>\n","protected":false},"author":1,"featured_media":250898,"comment_status":"open","ping_status":"open","sticky":false,"template":"","format":"standard","meta":{"footnotes":""},"categories":[68],"tags":[],"class_list":["post-250897","post","type-post","status-publish","format-standard","has-post-thumbnail","hentry","category-politics-fr"],"acf":[],"yoast_head":"<!-- This site is optimized with the Yoast SEO plugin v22.9 - https:\/\/yoast.com\/wordpress\/plugins\/seo\/ -->\n<title>Au Rassemblement national, une avalanche de proc\u00e9dures politico-financi\u00e8res en cours - vof-news.eu<\/title>\n<meta name=\"description\" content=\"C\u2019est ainsi qu\u2019a r\u00e9agi sur X le pr\u00e9sident du Rassemblement national (RN), Jordan Bardella, dans les minutes qui ont suivi la perquisition du si\u00e8ge du parti par les enqu\u00eateurs de la brigade financi\u00e8re, mercredi 9\u00a0juillet au matin. Le RN est suspect\u00e9 de financement illicite des derni\u00e8res campagnes \u00e9lectorales, \u00e0 travers un syst\u00e8me de pr\u00eats d\u00e9guis\u00e9s en dons pour un montant total d\u00e9passant 2\u00a0millions d\u2019euros. Les termes du message de M. Bardella sont pes\u00e9s\u00a0: la formation d\u2019extr\u00eame droite entretient, en effet, le r\u00e9cit d\u2019une pers\u00e9cution judiciaire face aux affaires qui s\u2019accumulent sur les bureaux des magistrats \u00e0 Paris, Bruxelles ou Fr\u00e9jus, \u00e9cornant la fa\u00e7ade ripolin\u00e9e du RN. Hasard du calendrier, le parquet europ\u00e9en avait annonc\u00e9, la veille de la perquisition au si\u00e8ge parisien du parti, l\u2019ouverture d\u2019une autre enqu\u00eate concernant les agissements de la d\u00e9l\u00e9gation RN et de ses alli\u00e9s \u00e0 Bruxelles. En cause cette fois, le budget allou\u00e9 au fonctionnement du groupe et \u00e0 ses actions en lien avec l\u2019Union europ\u00e9enne, qui aurait \u00e9t\u00e9 au profit de prestataires amis ou d\u2019associations dans une d\u00e9marche client\u00e9liste, selon un rapport de la\u00a0direction g\u00e9n\u00e9rale des finances du Parlement europ\u00e9en. Plus de 4,3\u00a0millions d\u2019euros de financement sont concern\u00e9s. Parmi les principaux b\u00e9n\u00e9ficiaires, les soci\u00e9t\u00e9s E-Politic et Unanime, li\u00e9es \u00e0 l\u2019ancien \u00ab\u00a0gudard\u00a0\u00bb et intime de la famille Le Pen, Fr\u00e9d\u00e9ric Chatillon, d\u00e9finitivement condamn\u00e9 en\u00a02024 dans l\u2019affaire des kits de campagne. Il vous reste 72.49% de cet article \u00e0 lire. La suite est r\u00e9serv\u00e9e aux abonn\u00e9s.\" \/>\n<meta name=\"robots\" content=\"noindex, follow, max-snippet:-1, max-image-preview:large, max-video-preview:-1\" \/>\n<meta property=\"og:locale\" content=\"fr_FR\" \/>\n<meta property=\"og:type\" content=\"article\" \/>\n<meta property=\"og:title\" content=\"Au Rassemblement national, une avalanche de proc\u00e9dures politico-financi\u00e8res en cours - vof-news.eu\" \/>\n<meta property=\"og:description\" content=\"C\u2019est ainsi qu\u2019a r\u00e9agi sur X le pr\u00e9sident du Rassemblement national (RN), Jordan Bardella, dans les minutes qui ont suivi la perquisition du si\u00e8ge du parti par les enqu\u00eateurs de la brigade financi\u00e8re, mercredi 9\u00a0juillet au matin. Le RN est suspect\u00e9 de financement illicite des derni\u00e8res campagnes \u00e9lectorales, \u00e0 travers un syst\u00e8me de pr\u00eats d\u00e9guis\u00e9s en dons pour un montant total d\u00e9passant 2\u00a0millions d\u2019euros. Les termes du message de M. Bardella sont pes\u00e9s\u00a0: la formation d\u2019extr\u00eame droite entretient, en effet, le r\u00e9cit d\u2019une pers\u00e9cution judiciaire face aux affaires qui s\u2019accumulent sur les bureaux des magistrats \u00e0 Paris, Bruxelles ou Fr\u00e9jus, \u00e9cornant la fa\u00e7ade ripolin\u00e9e du RN. Hasard du calendrier, le parquet europ\u00e9en avait annonc\u00e9, la veille de la perquisition au si\u00e8ge parisien du parti, l\u2019ouverture d\u2019une autre enqu\u00eate concernant les agissements de la d\u00e9l\u00e9gation RN et de ses alli\u00e9s \u00e0 Bruxelles. En cause cette fois, le budget allou\u00e9 au fonctionnement du groupe et \u00e0 ses actions en lien avec l\u2019Union europ\u00e9enne, qui aurait \u00e9t\u00e9 au profit de prestataires amis ou d\u2019associations dans une d\u00e9marche client\u00e9liste, selon un rapport de la\u00a0direction g\u00e9n\u00e9rale des finances du Parlement europ\u00e9en. Plus de 4,3\u00a0millions d\u2019euros de financement sont concern\u00e9s. Parmi les principaux b\u00e9n\u00e9ficiaires, les soci\u00e9t\u00e9s E-Politic et Unanime, li\u00e9es \u00e0 l\u2019ancien \u00ab\u00a0gudard\u00a0\u00bb et intime de la famille Le Pen, Fr\u00e9d\u00e9ric Chatillon, d\u00e9finitivement condamn\u00e9 en\u00a02024 dans l\u2019affaire des kits de campagne. Il vous reste 72.49% de cet article \u00e0 lire. La suite est r\u00e9serv\u00e9e aux abonn\u00e9s.\" \/>\n<meta property=\"og:url\" content=\"https:\/\/vof-news.eu\/fr\/au-rassemblement-national-une-avalanche-de-procedures-politico-financieres-en-cours\/\" \/>\n<meta property=\"og:site_name\" content=\"vof-news.eu\" \/>\n<meta property=\"article:published_time\" content=\"2025-07-09T18:32:24+00:00\" \/>\n<meta property=\"article:modified_time\" content=\"2025-07-09T18:33:00+00:00\" \/>\n<meta property=\"og:image\" content=\"https:\/\/vof-news.eu\/wp-content\/uploads\/2025\/07\/99f6e73_upload-1-wuzsd0guhxoq-600831.jpg\" \/>\n\t<meta property=\"og:image:width\" content=\"664\" \/>\n\t<meta property=\"og:image:height\" content=\"443\" \/>\n\t<meta property=\"og:image:type\" content=\"image\/jpeg\" \/>\n<meta name=\"author\" content=\"Author\" \/>\n<meta name=\"twitter:card\" content=\"summary_large_image\" \/>\n<meta name=\"twitter:label1\" content=\"\u00c9crit par\" \/>\n\t<meta name=\"twitter:data1\" content=\"Author\" \/>\n\t<meta name=\"twitter:label2\" content=\"Dur\u00e9e de lecture estim\u00e9e\" \/>\n\t<meta name=\"twitter:data2\" content=\"1 minute\" \/>\n<script type=\"application\/ld+json\" class=\"yoast-schema-graph\">{\"@context\":\"https:\/\/schema.org\",\"@graph\":[{\"@type\":\"WebPage\",\"@id\":\"https:\/\/vof-news.eu\/fr\/au-rassemblement-national-une-avalanche-de-procedures-politico-financieres-en-cours\/\",\"url\":\"https:\/\/vof-news.eu\/fr\/au-rassemblement-national-une-avalanche-de-procedures-politico-financieres-en-cours\/\",\"name\":\"Au Rassemblement national, une avalanche de proc\u00e9dures politico-financi\u00e8res en cours - vof-news.eu\",\"isPartOf\":{\"@id\":\"https:\/\/vof-news.eu\/fr\/#website\"},\"primaryImageOfPage\":{\"@id\":\"https:\/\/vof-news.eu\/fr\/au-rassemblement-national-une-avalanche-de-procedures-politico-financieres-en-cours\/#primaryimage\"},\"image\":{\"@id\":\"https:\/\/vof-news.eu\/fr\/au-rassemblement-national-une-avalanche-de-procedures-politico-financieres-en-cours\/#primaryimage\"},\"thumbnailUrl\":\"https:\/\/vof-news.eu\/wp-content\/uploads\/2025\/07\/99f6e73_upload-1-wuzsd0guhxoq-600831.jpg\",\"datePublished\":\"2025-07-09T18:32:24+00:00\",\"dateModified\":\"2025-07-09T18:33:00+00:00\",\"author\":{\"@id\":\"https:\/\/vof-news.eu\/fr\/#\/schema\/person\/f6a2a4309f0561835797fd8c19b333ed\"},\"description\":\"C\u2019est ainsi qu\u2019a r\u00e9agi sur X le pr\u00e9sident du Rassemblement national (RN), Jordan Bardella, dans les minutes qui ont suivi la perquisition du si\u00e8ge du parti par les enqu\u00eateurs de la brigade financi\u00e8re, mercredi 9\u00a0juillet au matin. Le RN est suspect\u00e9 de financement illicite des derni\u00e8res campagnes \u00e9lectorales, \u00e0 travers un syst\u00e8me de pr\u00eats d\u00e9guis\u00e9s en dons pour un montant total d\u00e9passant 2\u00a0millions d\u2019euros. Les termes du message de M. Bardella sont pes\u00e9s\u00a0: la formation d\u2019extr\u00eame droite entretient, en effet, le r\u00e9cit d\u2019une pers\u00e9cution judiciaire face aux affaires qui s\u2019accumulent sur les bureaux des magistrats \u00e0 Paris, Bruxelles ou Fr\u00e9jus, \u00e9cornant la fa\u00e7ade ripolin\u00e9e du RN. Hasard du calendrier, le parquet europ\u00e9en avait annonc\u00e9, la veille de la perquisition au si\u00e8ge parisien du parti, l\u2019ouverture d\u2019une autre enqu\u00eate concernant les agissements de la d\u00e9l\u00e9gation RN et de ses alli\u00e9s \u00e0 Bruxelles. En cause cette fois, le budget allou\u00e9 au fonctionnement du groupe et \u00e0 ses actions en lien avec l\u2019Union europ\u00e9enne, qui aurait \u00e9t\u00e9 au profit de prestataires amis ou d\u2019associations dans une d\u00e9marche client\u00e9liste, selon un rapport de la\u00a0direction g\u00e9n\u00e9rale des finances du Parlement europ\u00e9en. Plus de 4,3\u00a0millions d\u2019euros de financement sont concern\u00e9s. Parmi les principaux b\u00e9n\u00e9ficiaires, les soci\u00e9t\u00e9s E-Politic et Unanime, li\u00e9es \u00e0 l\u2019ancien \u00ab\u00a0gudard\u00a0\u00bb et intime de la famille Le Pen, Fr\u00e9d\u00e9ric Chatillon, d\u00e9finitivement condamn\u00e9 en\u00a02024 dans l\u2019affaire des kits de campagne. Il vous reste 72.49% de cet article \u00e0 lire. La suite est r\u00e9serv\u00e9e aux abonn\u00e9s.\",\"breadcrumb\":{\"@id\":\"https:\/\/vof-news.eu\/fr\/au-rassemblement-national-une-avalanche-de-procedures-politico-financieres-en-cours\/#breadcrumb\"},\"inLanguage\":\"fr-FR\",\"potentialAction\":[{\"@type\":\"ReadAction\",\"target\":[\"https:\/\/vof-news.eu\/fr\/au-rassemblement-national-une-avalanche-de-procedures-politico-financieres-en-cours\/\"]}]},{\"@type\":\"ImageObject\",\"inLanguage\":\"fr-FR\",\"@id\":\"https:\/\/vof-news.eu\/fr\/au-rassemblement-national-une-avalanche-de-procedures-politico-financieres-en-cours\/#primaryimage\",\"url\":\"https:\/\/vof-news.eu\/wp-content\/uploads\/2025\/07\/99f6e73_upload-1-wuzsd0guhxoq-600831.jpg\",\"contentUrl\":\"https:\/\/vof-news.eu\/wp-content\/uploads\/2025\/07\/99f6e73_upload-1-wuzsd0guhxoq-600831.jpg\",\"width\":664,\"height\":443},{\"@type\":\"BreadcrumbList\",\"@id\":\"https:\/\/vof-news.eu\/fr\/au-rassemblement-national-une-avalanche-de-procedures-politico-financieres-en-cours\/#breadcrumb\",\"itemListElement\":[{\"@type\":\"ListItem\",\"position\":1,\"name\":\"Home\",\"item\":\"https:\/\/vof-news.eu\/fr\/\"},{\"@type\":\"ListItem\",\"position\":2,\"name\":\"Au Rassemblement national, une avalanche de proc\u00e9dures politico-financi\u00e8res en cours\"}]},{\"@type\":\"WebSite\",\"@id\":\"https:\/\/vof-news.eu\/fr\/#website\",\"url\":\"https:\/\/vof-news.eu\/fr\/\",\"name\":\"vof-news.eu\",\"description\":\"\",\"potentialAction\":[{\"@type\":\"SearchAction\",\"target\":{\"@type\":\"EntryPoint\",\"urlTemplate\":\"https:\/\/vof-news.eu\/fr\/?s={search_term_string}\"},\"query-input\":\"required name=search_term_string\"}],\"inLanguage\":\"fr-FR\"},{\"@type\":\"Person\",\"@id\":\"https:\/\/vof-news.eu\/fr\/#\/schema\/person\/f6a2a4309f0561835797fd8c19b333ed\",\"name\":\"Author\",\"image\":{\"@type\":\"ImageObject\",\"inLanguage\":\"fr-FR\",\"@id\":\"https:\/\/vof-news.eu\/fr\/#\/schema\/person\/image\/\",\"url\":\"https:\/\/secure.gravatar.com\/avatar\/b67e614b1b25b3e9c0c239efdd2fde5ab015b5affd6f1c3c85911ca4b384e790?s=96&d=mm&r=g\",\"contentUrl\":\"https:\/\/secure.gravatar.com\/avatar\/b67e614b1b25b3e9c0c239efdd2fde5ab015b5affd6f1c3c85911ca4b384e790?s=96&d=mm&r=g\",\"caption\":\"Author\"},\"sameAs\":[\"http:\/\/vof-news.eu\"],\"url\":\"https:\/\/vof-news.eu\/fr\/author\/zwt6qxnjulxbnyg\/\"}]}<\/script>\n<!-- \/ Yoast SEO plugin. -->","yoast_head_json":{"title":"Au Rassemblement national, une avalanche de proc\u00e9dures politico-financi\u00e8res en cours - vof-news.eu","description":"C\u2019est ainsi qu\u2019a r\u00e9agi sur X le pr\u00e9sident du Rassemblement national (RN), Jordan Bardella, dans les minutes qui ont suivi la perquisition du si\u00e8ge du parti par les enqu\u00eateurs de la brigade financi\u00e8re, mercredi 9\u00a0juillet au matin. Le RN est suspect\u00e9 de financement illicite des derni\u00e8res campagnes \u00e9lectorales, \u00e0 travers un syst\u00e8me de pr\u00eats d\u00e9guis\u00e9s en dons pour un montant total d\u00e9passant 2\u00a0millions d\u2019euros. Les termes du message de M. Bardella sont pes\u00e9s\u00a0: la formation d\u2019extr\u00eame droite entretient, en effet, le r\u00e9cit d\u2019une pers\u00e9cution judiciaire face aux affaires qui s\u2019accumulent sur les bureaux des magistrats \u00e0 Paris, Bruxelles ou Fr\u00e9jus, \u00e9cornant la fa\u00e7ade ripolin\u00e9e du RN. Hasard du calendrier, le parquet europ\u00e9en avait annonc\u00e9, la veille de la perquisition au si\u00e8ge parisien du parti, l\u2019ouverture d\u2019une autre enqu\u00eate concernant les agissements de la d\u00e9l\u00e9gation RN et de ses alli\u00e9s \u00e0 Bruxelles. En cause cette fois, le budget allou\u00e9 au fonctionnement du groupe et \u00e0 ses actions en lien avec l\u2019Union europ\u00e9enne, qui aurait \u00e9t\u00e9 au profit de prestataires amis ou d\u2019associations dans une d\u00e9marche client\u00e9liste, selon un rapport de la\u00a0direction g\u00e9n\u00e9rale des finances du Parlement europ\u00e9en. Plus de 4,3\u00a0millions d\u2019euros de financement sont concern\u00e9s. Parmi les principaux b\u00e9n\u00e9ficiaires, les soci\u00e9t\u00e9s E-Politic et Unanime, li\u00e9es \u00e0 l\u2019ancien \u00ab\u00a0gudard\u00a0\u00bb et intime de la famille Le Pen, Fr\u00e9d\u00e9ric Chatillon, d\u00e9finitivement condamn\u00e9 en\u00a02024 dans l\u2019affaire des kits de campagne. Il vous reste 72.49% de cet article \u00e0 lire. La suite est r\u00e9serv\u00e9e aux abonn\u00e9s.","robots":{"index":"noindex","follow":"follow","max-snippet":"max-snippet:-1","max-image-preview":"max-image-preview:large","max-video-preview":"max-video-preview:-1"},"og_locale":"fr_FR","og_type":"article","og_title":"Au Rassemblement national, une avalanche de proc\u00e9dures politico-financi\u00e8res en cours - vof-news.eu","og_description":"C\u2019est ainsi qu\u2019a r\u00e9agi sur X le pr\u00e9sident du Rassemblement national (RN), Jordan Bardella, dans les minutes qui ont suivi la perquisition du si\u00e8ge du parti par les enqu\u00eateurs de la brigade financi\u00e8re, mercredi 9\u00a0juillet au matin. Le RN est suspect\u00e9 de financement illicite des derni\u00e8res campagnes \u00e9lectorales, \u00e0 travers un syst\u00e8me de pr\u00eats d\u00e9guis\u00e9s en dons pour un montant total d\u00e9passant 2\u00a0millions d\u2019euros. Les termes du message de M. Bardella sont pes\u00e9s\u00a0: la formation d\u2019extr\u00eame droite entretient, en effet, le r\u00e9cit d\u2019une pers\u00e9cution judiciaire face aux affaires qui s\u2019accumulent sur les bureaux des magistrats \u00e0 Paris, Bruxelles ou Fr\u00e9jus, \u00e9cornant la fa\u00e7ade ripolin\u00e9e du RN. Hasard du calendrier, le parquet europ\u00e9en avait annonc\u00e9, la veille de la perquisition au si\u00e8ge parisien du parti, l\u2019ouverture d\u2019une autre enqu\u00eate concernant les agissements de la d\u00e9l\u00e9gation RN et de ses alli\u00e9s \u00e0 Bruxelles. En cause cette fois, le budget allou\u00e9 au fonctionnement du groupe et \u00e0 ses actions en lien avec l\u2019Union europ\u00e9enne, qui aurait \u00e9t\u00e9 au profit de prestataires amis ou d\u2019associations dans une d\u00e9marche client\u00e9liste, selon un rapport de la\u00a0direction g\u00e9n\u00e9rale des finances du Parlement europ\u00e9en. Plus de 4,3\u00a0millions d\u2019euros de financement sont concern\u00e9s. Parmi les principaux b\u00e9n\u00e9ficiaires, les soci\u00e9t\u00e9s E-Politic et Unanime, li\u00e9es \u00e0 l\u2019ancien \u00ab\u00a0gudard\u00a0\u00bb et intime de la famille Le Pen, Fr\u00e9d\u00e9ric Chatillon, d\u00e9finitivement condamn\u00e9 en\u00a02024 dans l\u2019affaire des kits de campagne. Il vous reste 72.49% de cet article \u00e0 lire. La suite est r\u00e9serv\u00e9e aux abonn\u00e9s.","og_url":"https:\/\/vof-news.eu\/fr\/au-rassemblement-national-une-avalanche-de-procedures-politico-financieres-en-cours\/","og_site_name":"vof-news.eu","article_published_time":"2025-07-09T18:32:24+00:00","article_modified_time":"2025-07-09T18:33:00+00:00","og_image":[{"width":664,"height":443,"url":"https:\/\/vof-news.eu\/wp-content\/uploads\/2025\/07\/99f6e73_upload-1-wuzsd0guhxoq-600831.jpg","type":"image\/jpeg"}],"author":"Author","twitter_card":"summary_large_image","twitter_misc":{"\u00c9crit par":"Author","Dur\u00e9e de lecture estim\u00e9e":"1 minute"},"schema":{"@context":"https:\/\/schema.org","@graph":[{"@type":"WebPage","@id":"https:\/\/vof-news.eu\/fr\/au-rassemblement-national-une-avalanche-de-procedures-politico-financieres-en-cours\/","url":"https:\/\/vof-news.eu\/fr\/au-rassemblement-national-une-avalanche-de-procedures-politico-financieres-en-cours\/","name":"Au Rassemblement national, une avalanche de proc\u00e9dures politico-financi\u00e8res en cours - vof-news.eu","isPartOf":{"@id":"https:\/\/vof-news.eu\/fr\/#website"},"primaryImageOfPage":{"@id":"https:\/\/vof-news.eu\/fr\/au-rassemblement-national-une-avalanche-de-procedures-politico-financieres-en-cours\/#primaryimage"},"image":{"@id":"https:\/\/vof-news.eu\/fr\/au-rassemblement-national-une-avalanche-de-procedures-politico-financieres-en-cours\/#primaryimage"},"thumbnailUrl":"https:\/\/vof-news.eu\/wp-content\/uploads\/2025\/07\/99f6e73_upload-1-wuzsd0guhxoq-600831.jpg","datePublished":"2025-07-09T18:32:24+00:00","dateModified":"2025-07-09T18:33:00+00:00","author":{"@id":"https:\/\/vof-news.eu\/fr\/#\/schema\/person\/f6a2a4309f0561835797fd8c19b333ed"},"description":"C\u2019est ainsi qu\u2019a r\u00e9agi sur X le pr\u00e9sident du Rassemblement national (RN), Jordan Bardella, dans les minutes qui ont suivi la perquisition du si\u00e8ge du parti par les enqu\u00eateurs de la brigade financi\u00e8re, mercredi 9\u00a0juillet au matin. Le RN est suspect\u00e9 de financement illicite des derni\u00e8res campagnes \u00e9lectorales, \u00e0 travers un syst\u00e8me de pr\u00eats d\u00e9guis\u00e9s en dons pour un montant total d\u00e9passant 2\u00a0millions d\u2019euros. Les termes du message de M. Bardella sont pes\u00e9s\u00a0: la formation d\u2019extr\u00eame droite entretient, en effet, le r\u00e9cit d\u2019une pers\u00e9cution judiciaire face aux affaires qui s\u2019accumulent sur les bureaux des magistrats \u00e0 Paris, Bruxelles ou Fr\u00e9jus, \u00e9cornant la fa\u00e7ade ripolin\u00e9e du RN. Hasard du calendrier, le parquet europ\u00e9en avait annonc\u00e9, la veille de la perquisition au si\u00e8ge parisien du parti, l\u2019ouverture d\u2019une autre enqu\u00eate concernant les agissements de la d\u00e9l\u00e9gation RN et de ses alli\u00e9s \u00e0 Bruxelles. En cause cette fois, le budget allou\u00e9 au fonctionnement du groupe et \u00e0 ses actions en lien avec l\u2019Union europ\u00e9enne, qui aurait \u00e9t\u00e9 au profit de prestataires amis ou d\u2019associations dans une d\u00e9marche client\u00e9liste, selon un rapport de la\u00a0direction g\u00e9n\u00e9rale des finances du Parlement europ\u00e9en. Plus de 4,3\u00a0millions d\u2019euros de financement sont concern\u00e9s. Parmi les principaux b\u00e9n\u00e9ficiaires, les soci\u00e9t\u00e9s E-Politic et Unanime, li\u00e9es \u00e0 l\u2019ancien \u00ab\u00a0gudard\u00a0\u00bb et intime de la famille Le Pen, Fr\u00e9d\u00e9ric Chatillon, d\u00e9finitivement condamn\u00e9 en\u00a02024 dans l\u2019affaire des kits de campagne. Il vous reste 72.49% de cet article \u00e0 lire. La suite est r\u00e9serv\u00e9e aux abonn\u00e9s.","breadcrumb":{"@id":"https:\/\/vof-news.eu\/fr\/au-rassemblement-national-une-avalanche-de-procedures-politico-financieres-en-cours\/#breadcrumb"},"inLanguage":"fr-FR","potentialAction":[{"@type":"ReadAction","target":["https:\/\/vof-news.eu\/fr\/au-rassemblement-national-une-avalanche-de-procedures-politico-financieres-en-cours\/"]}]},{"@type":"ImageObject","inLanguage":"fr-FR","@id":"https:\/\/vof-news.eu\/fr\/au-rassemblement-national-une-avalanche-de-procedures-politico-financieres-en-cours\/#primaryimage","url":"https:\/\/vof-news.eu\/wp-content\/uploads\/2025\/07\/99f6e73_upload-1-wuzsd0guhxoq-600831.jpg","contentUrl":"https:\/\/vof-news.eu\/wp-content\/uploads\/2025\/07\/99f6e73_upload-1-wuzsd0guhxoq-600831.jpg","width":664,"height":443},{"@type":"BreadcrumbList","@id":"https:\/\/vof-news.eu\/fr\/au-rassemblement-national-une-avalanche-de-procedures-politico-financieres-en-cours\/#breadcrumb","itemListElement":[{"@type":"ListItem","position":1,"name":"Home","item":"https:\/\/vof-news.eu\/fr\/"},{"@type":"ListItem","position":2,"name":"Au Rassemblement national, une avalanche de proc\u00e9dures politico-financi\u00e8res en cours"}]},{"@type":"WebSite","@id":"https:\/\/vof-news.eu\/fr\/#website","url":"https:\/\/vof-news.eu\/fr\/","name":"vof-news.eu","description":"","potentialAction":[{"@type":"SearchAction","target":{"@type":"EntryPoint","urlTemplate":"https:\/\/vof-news.eu\/fr\/?s={search_term_string}"},"query-input":"required name=search_term_string"}],"inLanguage":"fr-FR"},{"@type":"Person","@id":"https:\/\/vof-news.eu\/fr\/#\/schema\/person\/f6a2a4309f0561835797fd8c19b333ed","name":"Author","image":{"@type":"ImageObject","inLanguage":"fr-FR","@id":"https:\/\/vof-news.eu\/fr\/#\/schema\/person\/image\/","url":"https:\/\/secure.gravatar.com\/avatar\/b67e614b1b25b3e9c0c239efdd2fde5ab015b5affd6f1c3c85911ca4b384e790?s=96&d=mm&r=g","contentUrl":"https:\/\/secure.gravatar.com\/avatar\/b67e614b1b25b3e9c0c239efdd2fde5ab015b5affd6f1c3c85911ca4b384e790?s=96&d=mm&r=g","caption":"Author"},"sameAs":["http:\/\/vof-news.eu"],"url":"https:\/\/vof-news.eu\/fr\/author\/zwt6qxnjulxbnyg\/"}]}},"yoast_meta":{"yoast_wpseo_title":"","yoast_wpseo_metadesc":"","yoast_wpseo_canonical":""},"_links":{"self":[{"href":"https:\/\/vof-news.eu\/fr\/wp-json\/wp\/v2\/posts\/250897","targetHints":{"allow":["GET"]}}],"collection":[{"href":"https:\/\/vof-news.eu\/fr\/wp-json\/wp\/v2\/posts"}],"about":[{"href":"https:\/\/vof-news.eu\/fr\/wp-json\/wp\/v2\/types\/post"}],"author":[{"embeddable":true,"href":"https:\/\/vof-news.eu\/fr\/wp-json\/wp\/v2\/users\/1"}],"replies":[{"embeddable":true,"href":"https:\/\/vof-news.eu\/fr\/wp-json\/wp\/v2\/comments?post=250897"}],"version-history":[{"count":1,"href":"https:\/\/vof-news.eu\/fr\/wp-json\/wp\/v2\/posts\/250897\/revisions"}],"predecessor-version":[{"id":250904,"href":"https:\/\/vof-news.eu\/fr\/wp-json\/wp\/v2\/posts\/250897\/revisions\/250904"}],"wp:featuredmedia":[{"embeddable":true,"href":"https:\/\/vof-news.eu\/fr\/wp-json\/wp\/v2\/media\/250898"}],"wp:attachment":[{"href":"https:\/\/vof-news.eu\/fr\/wp-json\/wp\/v2\/media?parent=250897"}],"wp:term":[{"taxonomy":"category","embeddable":true,"href":"https:\/\/vof-news.eu\/fr\/wp-json\/wp\/v2\/categories?post=250897"},{"taxonomy":"post_tag","embeddable":true,"href":"https:\/\/vof-news.eu\/fr\/wp-json\/wp\/v2\/tags?post=250897"}],"curies":[{"name":"wp","href":"https:\/\/api.w.org\/{rel}","templated":true}]}}