{"id":250888,"date":"2025-07-09T21:31:47","date_gmt":"2025-07-09T18:31:47","guid":{"rendered":"https:\/\/vof-news.eu\/paris-inaugure-une-piste-cyclable-paul-varry-en-memoire-du-cycliste-tue-par-un-automobiliste\/"},"modified":"2025-07-09T21:32:01","modified_gmt":"2025-07-09T18:32:01","slug":"paris-inaugure-une-piste-cyclable-paul-varry-en-memoire-du-cycliste-tue-par-un-automobiliste","status":"publish","type":"post","link":"https:\/\/vof-news.eu\/fr\/paris-inaugure-une-piste-cyclable-paul-varry-en-memoire-du-cycliste-tue-par-un-automobiliste\/","title":{"rendered":"Paris inaugure une piste cyclable \u00ab\u00a0Paul-Varry\u00a0\u00bb, en m\u00e9moire du cycliste tu\u00e9 par un automobiliste"},"content":{"rendered":"<article>\n<p>C\u2019est la toute premi\u00e8re plaque du genre \u00e0 Paris, en \u00e9mail blanc cern\u00e9 de vert, accroch\u00e9e en haut d\u2019un poteau \u00e0 l\u2019angle de la rue R\u00e9aumur et de la rue Vaucanson, dans le 3<sup>e<\/sup> arrondissement\u00a0: \u00ab\u00a0Piste cyclable Paul-Varry 1996-2024\u00a0militant du v\u00e9lo\u00a0\u00bb. Pour la premi\u00e8re fois, sur l\u2019initiative du maire (Parti socialiste) de Paris Centre, Ariel Weil, et avec l\u2019unanimit\u00e9 du Conseil de Paris, une voie r\u00e9serv\u00e9e aux v\u00e9los a \u00e9t\u00e9 officiellement nomm\u00e9e, mercredi 9\u00a0juillet, en m\u00e9moire de ce cycliste de 27\u00a0ans tu\u00e9, le 15\u00a0octobre, par un automobiliste.<\/p>\n<p>, a d\u00e9clar\u00e9 la maire de Paris, Anne Hidalgo, lors d\u2019une c\u00e9r\u00e9monie solennelle avec plusieurs adjoints et \u00e9lus de la majorit\u00e9 et en pr\u00e9sence de la famille et des proches de Paul Varry. Membre actif de l\u2019association Paris en selle, Paul Varry \u00e9tait un militant engag\u00e9 qui , a poursuivi l\u2019\u00e9dile socialiste. Cette piste, a-t-elle ajout\u00e9.<\/p>\n<p><strong>Il vous reste 60.3% de cet article \u00e0 lire. La suite est r\u00e9serv\u00e9e aux abonn\u00e9s.<\/strong><\/p>\n<\/article>\n","protected":false},"excerpt":{"rendered":"<p>C\u2019est la toute premi\u00e8re plaque du genre \u00e0 Paris, en \u00e9mail blanc cern\u00e9 de vert, accroch\u00e9e en haut d\u2019un poteau \u00e0 l\u2019angle de la rue R\u00e9aumur et de la rue Vaucanson, dans le 3e arrondissement\u00a0: \u00ab\u00a0Piste cyclable Paul-Varry 1996-2024\u00a0militant du v\u00e9lo\u00a0\u00bb. Pour la premi\u00e8re fois, sur l\u2019initiative du maire (Parti socialiste) de Paris Centre, Ariel<\/p>\n","protected":false},"author":1,"featured_media":250889,"comment_status":"open","ping_status":"open","sticky":false,"template":"","format":"standard","meta":{"footnotes":""},"categories":[68],"tags":[],"class_list":["post-250888","post","type-post","status-publish","format-standard","has-post-thumbnail","hentry","category-politics-fr"],"acf":[],"yoast_head":"<!-- This site is optimized with the Yoast SEO plugin v22.9 - https:\/\/yoast.com\/wordpress\/plugins\/seo\/ -->\n<title>Paris inaugure une piste cyclable \u00ab\u00a0Paul-Varry\u00a0\u00bb, en m\u00e9moire du cycliste tu\u00e9 par un automobiliste - vof-news.eu<\/title>\n<meta name=\"description\" content=\"C\u2019est la toute premi\u00e8re plaque du genre \u00e0 Paris, en \u00e9mail blanc cern\u00e9 de vert, accroch\u00e9e en haut d\u2019un poteau \u00e0 l\u2019angle de la rue R\u00e9aumur et de la rue Vaucanson, dans le 3e arrondissement\u00a0: \u00ab\u00a0Piste cyclable Paul-Varry 1996-2024\u00a0militant du v\u00e9lo\u00a0\u00bb. Pour la premi\u00e8re fois, sur l\u2019initiative du maire (Parti socialiste) de Paris Centre, Ariel Weil, et avec l\u2019unanimit\u00e9 du Conseil de Paris, une voie r\u00e9serv\u00e9e aux v\u00e9los a \u00e9t\u00e9 officiellement nomm\u00e9e, mercredi 9\u00a0juillet, en m\u00e9moire de ce cycliste de 27\u00a0ans tu\u00e9, le 15\u00a0octobre, par un automobiliste. , a d\u00e9clar\u00e9 la maire de Paris, Anne Hidalgo, lors d\u2019une c\u00e9r\u00e9monie solennelle avec plusieurs adjoints et \u00e9lus de la majorit\u00e9 et en pr\u00e9sence de la famille et des proches de Paul Varry. Membre actif de l\u2019association Paris en selle, Paul Varry \u00e9tait un militant engag\u00e9 qui , a poursuivi l\u2019\u00e9dile socialiste. Cette piste, a-t-elle ajout\u00e9. Il vous reste 60.3% de cet article \u00e0 lire. La suite est r\u00e9serv\u00e9e aux abonn\u00e9s.\" \/>\n<meta name=\"robots\" content=\"noindex, follow, max-snippet:-1, max-image-preview:large, max-video-preview:-1\" \/>\n<meta property=\"og:locale\" content=\"fr_FR\" \/>\n<meta property=\"og:type\" content=\"article\" \/>\n<meta property=\"og:title\" content=\"Paris inaugure une piste cyclable \u00ab\u00a0Paul-Varry\u00a0\u00bb, en m\u00e9moire du cycliste tu\u00e9 par un automobiliste - vof-news.eu\" \/>\n<meta property=\"og:description\" content=\"C\u2019est la toute premi\u00e8re plaque du genre \u00e0 Paris, en \u00e9mail blanc cern\u00e9 de vert, accroch\u00e9e en haut d\u2019un poteau \u00e0 l\u2019angle de la rue R\u00e9aumur et de la rue Vaucanson, dans le 3e arrondissement\u00a0: \u00ab\u00a0Piste cyclable Paul-Varry 1996-2024\u00a0militant du v\u00e9lo\u00a0\u00bb. Pour la premi\u00e8re fois, sur l\u2019initiative du maire (Parti socialiste) de Paris Centre, Ariel Weil, et avec l\u2019unanimit\u00e9 du Conseil de Paris, une voie r\u00e9serv\u00e9e aux v\u00e9los a \u00e9t\u00e9 officiellement nomm\u00e9e, mercredi 9\u00a0juillet, en m\u00e9moire de ce cycliste de 27\u00a0ans tu\u00e9, le 15\u00a0octobre, par un automobiliste. , a d\u00e9clar\u00e9 la maire de Paris, Anne Hidalgo, lors d\u2019une c\u00e9r\u00e9monie solennelle avec plusieurs adjoints et \u00e9lus de la majorit\u00e9 et en pr\u00e9sence de la famille et des proches de Paul Varry. Membre actif de l\u2019association Paris en selle, Paul Varry \u00e9tait un militant engag\u00e9 qui , a poursuivi l\u2019\u00e9dile socialiste. Cette piste, a-t-elle ajout\u00e9. Il vous reste 60.3% de cet article \u00e0 lire. La suite est r\u00e9serv\u00e9e aux abonn\u00e9s.\" \/>\n<meta property=\"og:url\" content=\"https:\/\/vof-news.eu\/fr\/paris-inaugure-une-piste-cyclable-paul-varry-en-memoire-du-cycliste-tue-par-un-automobiliste\/\" \/>\n<meta property=\"og:site_name\" content=\"vof-news.eu\" \/>\n<meta property=\"article:published_time\" content=\"2025-07-09T18:31:47+00:00\" \/>\n<meta property=\"article:modified_time\" content=\"2025-07-09T18:32:01+00:00\" \/>\n<meta property=\"og:image\" content=\"https:\/\/vof-news.eu\/wp-content\/uploads\/2025\/07\/fa3e44b_upload-1-mrmyulguyxav-sipa-shutterstock41217816-000037.jpg\" \/>\n\t<meta property=\"og:image:width\" content=\"664\" \/>\n\t<meta property=\"og:image:height\" content=\"443\" \/>\n\t<meta property=\"og:image:type\" content=\"image\/jpeg\" \/>\n<meta name=\"author\" content=\"Author\" \/>\n<meta name=\"twitter:card\" content=\"summary_large_image\" \/>\n<meta name=\"twitter:label1\" content=\"\u00c9crit par\" \/>\n\t<meta name=\"twitter:data1\" content=\"Author\" \/>\n\t<meta name=\"twitter:label2\" content=\"Dur\u00e9e de lecture estim\u00e9e\" \/>\n\t<meta name=\"twitter:data2\" content=\"1 minute\" \/>\n<script type=\"application\/ld+json\" class=\"yoast-schema-graph\">{\"@context\":\"https:\/\/schema.org\",\"@graph\":[{\"@type\":\"WebPage\",\"@id\":\"https:\/\/vof-news.eu\/fr\/paris-inaugure-une-piste-cyclable-paul-varry-en-memoire-du-cycliste-tue-par-un-automobiliste\/\",\"url\":\"https:\/\/vof-news.eu\/fr\/paris-inaugure-une-piste-cyclable-paul-varry-en-memoire-du-cycliste-tue-par-un-automobiliste\/\",\"name\":\"Paris inaugure une piste cyclable \u00ab\u00a0Paul-Varry\u00a0\u00bb, en m\u00e9moire du cycliste tu\u00e9 par un automobiliste - vof-news.eu\",\"isPartOf\":{\"@id\":\"https:\/\/vof-news.eu\/fr\/#website\"},\"primaryImageOfPage\":{\"@id\":\"https:\/\/vof-news.eu\/fr\/paris-inaugure-une-piste-cyclable-paul-varry-en-memoire-du-cycliste-tue-par-un-automobiliste\/#primaryimage\"},\"image\":{\"@id\":\"https:\/\/vof-news.eu\/fr\/paris-inaugure-une-piste-cyclable-paul-varry-en-memoire-du-cycliste-tue-par-un-automobiliste\/#primaryimage\"},\"thumbnailUrl\":\"https:\/\/vof-news.eu\/wp-content\/uploads\/2025\/07\/fa3e44b_upload-1-mrmyulguyxav-sipa-shutterstock41217816-000037.jpg\",\"datePublished\":\"2025-07-09T18:31:47+00:00\",\"dateModified\":\"2025-07-09T18:32:01+00:00\",\"author\":{\"@id\":\"https:\/\/vof-news.eu\/fr\/#\/schema\/person\/f6a2a4309f0561835797fd8c19b333ed\"},\"description\":\"C\u2019est la toute premi\u00e8re plaque du genre \u00e0 Paris, en \u00e9mail blanc cern\u00e9 de vert, accroch\u00e9e en haut d\u2019un poteau \u00e0 l\u2019angle de la rue R\u00e9aumur et de la rue Vaucanson, dans le 3e arrondissement\u00a0: \u00ab\u00a0Piste cyclable Paul-Varry 1996-2024\u00a0militant du v\u00e9lo\u00a0\u00bb. Pour la premi\u00e8re fois, sur l\u2019initiative du maire (Parti socialiste) de Paris Centre, Ariel Weil, et avec l\u2019unanimit\u00e9 du Conseil de Paris, une voie r\u00e9serv\u00e9e aux v\u00e9los a \u00e9t\u00e9 officiellement nomm\u00e9e, mercredi 9\u00a0juillet, en m\u00e9moire de ce cycliste de 27\u00a0ans tu\u00e9, le 15\u00a0octobre, par un automobiliste. , a d\u00e9clar\u00e9 la maire de Paris, Anne Hidalgo, lors d\u2019une c\u00e9r\u00e9monie solennelle avec plusieurs adjoints et \u00e9lus de la majorit\u00e9 et en pr\u00e9sence de la famille et des proches de Paul Varry. Membre actif de l\u2019association Paris en selle, Paul Varry \u00e9tait un militant engag\u00e9 qui , a poursuivi l\u2019\u00e9dile socialiste. Cette piste, a-t-elle ajout\u00e9. Il vous reste 60.3% de cet article \u00e0 lire. La suite est r\u00e9serv\u00e9e aux abonn\u00e9s.\",\"breadcrumb\":{\"@id\":\"https:\/\/vof-news.eu\/fr\/paris-inaugure-une-piste-cyclable-paul-varry-en-memoire-du-cycliste-tue-par-un-automobiliste\/#breadcrumb\"},\"inLanguage\":\"fr-FR\",\"potentialAction\":[{\"@type\":\"ReadAction\",\"target\":[\"https:\/\/vof-news.eu\/fr\/paris-inaugure-une-piste-cyclable-paul-varry-en-memoire-du-cycliste-tue-par-un-automobiliste\/\"]}]},{\"@type\":\"ImageObject\",\"inLanguage\":\"fr-FR\",\"@id\":\"https:\/\/vof-news.eu\/fr\/paris-inaugure-une-piste-cyclable-paul-varry-en-memoire-du-cycliste-tue-par-un-automobiliste\/#primaryimage\",\"url\":\"https:\/\/vof-news.eu\/wp-content\/uploads\/2025\/07\/fa3e44b_upload-1-mrmyulguyxav-sipa-shutterstock41217816-000037.jpg\",\"contentUrl\":\"https:\/\/vof-news.eu\/wp-content\/uploads\/2025\/07\/fa3e44b_upload-1-mrmyulguyxav-sipa-shutterstock41217816-000037.jpg\",\"width\":664,\"height\":443},{\"@type\":\"BreadcrumbList\",\"@id\":\"https:\/\/vof-news.eu\/fr\/paris-inaugure-une-piste-cyclable-paul-varry-en-memoire-du-cycliste-tue-par-un-automobiliste\/#breadcrumb\",\"itemListElement\":[{\"@type\":\"ListItem\",\"position\":1,\"name\":\"Home\",\"item\":\"https:\/\/vof-news.eu\/fr\/\"},{\"@type\":\"ListItem\",\"position\":2,\"name\":\"Paris inaugure une piste cyclable \u00ab\u00a0Paul-Varry\u00a0\u00bb, en m\u00e9moire du cycliste tu\u00e9 par un automobiliste\"}]},{\"@type\":\"WebSite\",\"@id\":\"https:\/\/vof-news.eu\/fr\/#website\",\"url\":\"https:\/\/vof-news.eu\/fr\/\",\"name\":\"vof-news.eu\",\"description\":\"\",\"potentialAction\":[{\"@type\":\"SearchAction\",\"target\":{\"@type\":\"EntryPoint\",\"urlTemplate\":\"https:\/\/vof-news.eu\/fr\/?s={search_term_string}\"},\"query-input\":\"required name=search_term_string\"}],\"inLanguage\":\"fr-FR\"},{\"@type\":\"Person\",\"@id\":\"https:\/\/vof-news.eu\/fr\/#\/schema\/person\/f6a2a4309f0561835797fd8c19b333ed\",\"name\":\"Author\",\"image\":{\"@type\":\"ImageObject\",\"inLanguage\":\"fr-FR\",\"@id\":\"https:\/\/vof-news.eu\/fr\/#\/schema\/person\/image\/\",\"url\":\"https:\/\/secure.gravatar.com\/avatar\/b67e614b1b25b3e9c0c239efdd2fde5ab015b5affd6f1c3c85911ca4b384e790?s=96&d=mm&r=g\",\"contentUrl\":\"https:\/\/secure.gravatar.com\/avatar\/b67e614b1b25b3e9c0c239efdd2fde5ab015b5affd6f1c3c85911ca4b384e790?s=96&d=mm&r=g\",\"caption\":\"Author\"},\"sameAs\":[\"http:\/\/vof-news.eu\"],\"url\":\"https:\/\/vof-news.eu\/fr\/author\/zwt6qxnjulxbnyg\/\"}]}<\/script>\n<!-- \/ Yoast SEO plugin. -->","yoast_head_json":{"title":"Paris inaugure une piste cyclable \u00ab\u00a0Paul-Varry\u00a0\u00bb, en m\u00e9moire du cycliste tu\u00e9 par un automobiliste - vof-news.eu","description":"C\u2019est la toute premi\u00e8re plaque du genre \u00e0 Paris, en \u00e9mail blanc cern\u00e9 de vert, accroch\u00e9e en haut d\u2019un poteau \u00e0 l\u2019angle de la rue R\u00e9aumur et de la rue Vaucanson, dans le 3e arrondissement\u00a0: \u00ab\u00a0Piste cyclable Paul-Varry 1996-2024\u00a0militant du v\u00e9lo\u00a0\u00bb. Pour la premi\u00e8re fois, sur l\u2019initiative du maire (Parti socialiste) de Paris Centre, Ariel Weil, et avec l\u2019unanimit\u00e9 du Conseil de Paris, une voie r\u00e9serv\u00e9e aux v\u00e9los a \u00e9t\u00e9 officiellement nomm\u00e9e, mercredi 9\u00a0juillet, en m\u00e9moire de ce cycliste de 27\u00a0ans tu\u00e9, le 15\u00a0octobre, par un automobiliste. , a d\u00e9clar\u00e9 la maire de Paris, Anne Hidalgo, lors d\u2019une c\u00e9r\u00e9monie solennelle avec plusieurs adjoints et \u00e9lus de la majorit\u00e9 et en pr\u00e9sence de la famille et des proches de Paul Varry. Membre actif de l\u2019association Paris en selle, Paul Varry \u00e9tait un militant engag\u00e9 qui , a poursuivi l\u2019\u00e9dile socialiste. Cette piste, a-t-elle ajout\u00e9. Il vous reste 60.3% de cet article \u00e0 lire. La suite est r\u00e9serv\u00e9e aux abonn\u00e9s.","robots":{"index":"noindex","follow":"follow","max-snippet":"max-snippet:-1","max-image-preview":"max-image-preview:large","max-video-preview":"max-video-preview:-1"},"og_locale":"fr_FR","og_type":"article","og_title":"Paris inaugure une piste cyclable \u00ab\u00a0Paul-Varry\u00a0\u00bb, en m\u00e9moire du cycliste tu\u00e9 par un automobiliste - vof-news.eu","og_description":"C\u2019est la toute premi\u00e8re plaque du genre \u00e0 Paris, en \u00e9mail blanc cern\u00e9 de vert, accroch\u00e9e en haut d\u2019un poteau \u00e0 l\u2019angle de la rue R\u00e9aumur et de la rue Vaucanson, dans le 3e arrondissement\u00a0: \u00ab\u00a0Piste cyclable Paul-Varry 1996-2024\u00a0militant du v\u00e9lo\u00a0\u00bb. Pour la premi\u00e8re fois, sur l\u2019initiative du maire (Parti socialiste) de Paris Centre, Ariel Weil, et avec l\u2019unanimit\u00e9 du Conseil de Paris, une voie r\u00e9serv\u00e9e aux v\u00e9los a \u00e9t\u00e9 officiellement nomm\u00e9e, mercredi 9\u00a0juillet, en m\u00e9moire de ce cycliste de 27\u00a0ans tu\u00e9, le 15\u00a0octobre, par un automobiliste. , a d\u00e9clar\u00e9 la maire de Paris, Anne Hidalgo, lors d\u2019une c\u00e9r\u00e9monie solennelle avec plusieurs adjoints et \u00e9lus de la majorit\u00e9 et en pr\u00e9sence de la famille et des proches de Paul Varry. Membre actif de l\u2019association Paris en selle, Paul Varry \u00e9tait un militant engag\u00e9 qui , a poursuivi l\u2019\u00e9dile socialiste. Cette piste, a-t-elle ajout\u00e9. Il vous reste 60.3% de cet article \u00e0 lire. La suite est r\u00e9serv\u00e9e aux abonn\u00e9s.","og_url":"https:\/\/vof-news.eu\/fr\/paris-inaugure-une-piste-cyclable-paul-varry-en-memoire-du-cycliste-tue-par-un-automobiliste\/","og_site_name":"vof-news.eu","article_published_time":"2025-07-09T18:31:47+00:00","article_modified_time":"2025-07-09T18:32:01+00:00","og_image":[{"width":664,"height":443,"url":"https:\/\/vof-news.eu\/wp-content\/uploads\/2025\/07\/fa3e44b_upload-1-mrmyulguyxav-sipa-shutterstock41217816-000037.jpg","type":"image\/jpeg"}],"author":"Author","twitter_card":"summary_large_image","twitter_misc":{"\u00c9crit par":"Author","Dur\u00e9e de lecture estim\u00e9e":"1 minute"},"schema":{"@context":"https:\/\/schema.org","@graph":[{"@type":"WebPage","@id":"https:\/\/vof-news.eu\/fr\/paris-inaugure-une-piste-cyclable-paul-varry-en-memoire-du-cycliste-tue-par-un-automobiliste\/","url":"https:\/\/vof-news.eu\/fr\/paris-inaugure-une-piste-cyclable-paul-varry-en-memoire-du-cycliste-tue-par-un-automobiliste\/","name":"Paris inaugure une piste cyclable \u00ab\u00a0Paul-Varry\u00a0\u00bb, en m\u00e9moire du cycliste tu\u00e9 par un automobiliste - vof-news.eu","isPartOf":{"@id":"https:\/\/vof-news.eu\/fr\/#website"},"primaryImageOfPage":{"@id":"https:\/\/vof-news.eu\/fr\/paris-inaugure-une-piste-cyclable-paul-varry-en-memoire-du-cycliste-tue-par-un-automobiliste\/#primaryimage"},"image":{"@id":"https:\/\/vof-news.eu\/fr\/paris-inaugure-une-piste-cyclable-paul-varry-en-memoire-du-cycliste-tue-par-un-automobiliste\/#primaryimage"},"thumbnailUrl":"https:\/\/vof-news.eu\/wp-content\/uploads\/2025\/07\/fa3e44b_upload-1-mrmyulguyxav-sipa-shutterstock41217816-000037.jpg","datePublished":"2025-07-09T18:31:47+00:00","dateModified":"2025-07-09T18:32:01+00:00","author":{"@id":"https:\/\/vof-news.eu\/fr\/#\/schema\/person\/f6a2a4309f0561835797fd8c19b333ed"},"description":"C\u2019est la toute premi\u00e8re plaque du genre \u00e0 Paris, en \u00e9mail blanc cern\u00e9 de vert, accroch\u00e9e en haut d\u2019un poteau \u00e0 l\u2019angle de la rue R\u00e9aumur et de la rue Vaucanson, dans le 3e arrondissement\u00a0: \u00ab\u00a0Piste cyclable Paul-Varry 1996-2024\u00a0militant du v\u00e9lo\u00a0\u00bb. Pour la premi\u00e8re fois, sur l\u2019initiative du maire (Parti socialiste) de Paris Centre, Ariel Weil, et avec l\u2019unanimit\u00e9 du Conseil de Paris, une voie r\u00e9serv\u00e9e aux v\u00e9los a \u00e9t\u00e9 officiellement nomm\u00e9e, mercredi 9\u00a0juillet, en m\u00e9moire de ce cycliste de 27\u00a0ans tu\u00e9, le 15\u00a0octobre, par un automobiliste. , a d\u00e9clar\u00e9 la maire de Paris, Anne Hidalgo, lors d\u2019une c\u00e9r\u00e9monie solennelle avec plusieurs adjoints et \u00e9lus de la majorit\u00e9 et en pr\u00e9sence de la famille et des proches de Paul Varry. Membre actif de l\u2019association Paris en selle, Paul Varry \u00e9tait un militant engag\u00e9 qui , a poursuivi l\u2019\u00e9dile socialiste. Cette piste, a-t-elle ajout\u00e9. Il vous reste 60.3% de cet article \u00e0 lire. La suite est r\u00e9serv\u00e9e aux abonn\u00e9s.","breadcrumb":{"@id":"https:\/\/vof-news.eu\/fr\/paris-inaugure-une-piste-cyclable-paul-varry-en-memoire-du-cycliste-tue-par-un-automobiliste\/#breadcrumb"},"inLanguage":"fr-FR","potentialAction":[{"@type":"ReadAction","target":["https:\/\/vof-news.eu\/fr\/paris-inaugure-une-piste-cyclable-paul-varry-en-memoire-du-cycliste-tue-par-un-automobiliste\/"]}]},{"@type":"ImageObject","inLanguage":"fr-FR","@id":"https:\/\/vof-news.eu\/fr\/paris-inaugure-une-piste-cyclable-paul-varry-en-memoire-du-cycliste-tue-par-un-automobiliste\/#primaryimage","url":"https:\/\/vof-news.eu\/wp-content\/uploads\/2025\/07\/fa3e44b_upload-1-mrmyulguyxav-sipa-shutterstock41217816-000037.jpg","contentUrl":"https:\/\/vof-news.eu\/wp-content\/uploads\/2025\/07\/fa3e44b_upload-1-mrmyulguyxav-sipa-shutterstock41217816-000037.jpg","width":664,"height":443},{"@type":"BreadcrumbList","@id":"https:\/\/vof-news.eu\/fr\/paris-inaugure-une-piste-cyclable-paul-varry-en-memoire-du-cycliste-tue-par-un-automobiliste\/#breadcrumb","itemListElement":[{"@type":"ListItem","position":1,"name":"Home","item":"https:\/\/vof-news.eu\/fr\/"},{"@type":"ListItem","position":2,"name":"Paris inaugure une piste cyclable \u00ab\u00a0Paul-Varry\u00a0\u00bb, en m\u00e9moire du cycliste tu\u00e9 par un automobiliste"}]},{"@type":"WebSite","@id":"https:\/\/vof-news.eu\/fr\/#website","url":"https:\/\/vof-news.eu\/fr\/","name":"vof-news.eu","description":"","potentialAction":[{"@type":"SearchAction","target":{"@type":"EntryPoint","urlTemplate":"https:\/\/vof-news.eu\/fr\/?s={search_term_string}"},"query-input":"required name=search_term_string"}],"inLanguage":"fr-FR"},{"@type":"Person","@id":"https:\/\/vof-news.eu\/fr\/#\/schema\/person\/f6a2a4309f0561835797fd8c19b333ed","name":"Author","image":{"@type":"ImageObject","inLanguage":"fr-FR","@id":"https:\/\/vof-news.eu\/fr\/#\/schema\/person\/image\/","url":"https:\/\/secure.gravatar.com\/avatar\/b67e614b1b25b3e9c0c239efdd2fde5ab015b5affd6f1c3c85911ca4b384e790?s=96&d=mm&r=g","contentUrl":"https:\/\/secure.gravatar.com\/avatar\/b67e614b1b25b3e9c0c239efdd2fde5ab015b5affd6f1c3c85911ca4b384e790?s=96&d=mm&r=g","caption":"Author"},"sameAs":["http:\/\/vof-news.eu"],"url":"https:\/\/vof-news.eu\/fr\/author\/zwt6qxnjulxbnyg\/"}]}},"yoast_meta":{"yoast_wpseo_title":"","yoast_wpseo_metadesc":"","yoast_wpseo_canonical":""},"_links":{"self":[{"href":"https:\/\/vof-news.eu\/fr\/wp-json\/wp\/v2\/posts\/250888","targetHints":{"allow":["GET"]}}],"collection":[{"href":"https:\/\/vof-news.eu\/fr\/wp-json\/wp\/v2\/posts"}],"about":[{"href":"https:\/\/vof-news.eu\/fr\/wp-json\/wp\/v2\/types\/post"}],"author":[{"embeddable":true,"href":"https:\/\/vof-news.eu\/fr\/wp-json\/wp\/v2\/users\/1"}],"replies":[{"embeddable":true,"href":"https:\/\/vof-news.eu\/fr\/wp-json\/wp\/v2\/comments?post=250888"}],"version-history":[{"count":1,"href":"https:\/\/vof-news.eu\/fr\/wp-json\/wp\/v2\/posts\/250888\/revisions"}],"predecessor-version":[{"id":250896,"href":"https:\/\/vof-news.eu\/fr\/wp-json\/wp\/v2\/posts\/250888\/revisions\/250896"}],"wp:featuredmedia":[{"embeddable":true,"href":"https:\/\/vof-news.eu\/fr\/wp-json\/wp\/v2\/media\/250889"}],"wp:attachment":[{"href":"https:\/\/vof-news.eu\/fr\/wp-json\/wp\/v2\/media?parent=250888"}],"wp:term":[{"taxonomy":"category","embeddable":true,"href":"https:\/\/vof-news.eu\/fr\/wp-json\/wp\/v2\/categories?post=250888"},{"taxonomy":"post_tag","embeddable":true,"href":"https:\/\/vof-news.eu\/fr\/wp-json\/wp\/v2\/tags?post=250888"}],"curies":[{"name":"wp","href":"https:\/\/api.w.org\/{rel}","templated":true}]}}