{"id":250247,"date":"2025-07-09T11:32:26","date_gmt":"2025-07-09T08:32:26","guid":{"rendered":"https:\/\/vof-news.eu\/nouvelle-caledonie-une-interminable-semaine-de-tractations\/"},"modified":"2025-07-09T11:32:43","modified_gmt":"2025-07-09T08:32:43","slug":"nouvelle-caledonie-une-interminable-semaine-de-tractations","status":"publish","type":"post","link":"https:\/\/vof-news.eu\/fr\/nouvelle-caledonie-une-interminable-semaine-de-tractations\/","title":{"rendered":"Nouvelle-Cal\u00e9donie\u00a0: une interminable semaine de tractations"},"content":{"rendered":"<article>\n<p>Une semaine apr\u00e8s le sommet de l\u2019Elys\u00e9e du 2\u00a0juillet sur l\u2019avenir de la Nouvelle-Cal\u00e9donie, et malgr\u00e9 l\u2019engagement du pr\u00e9sident de la R\u00e9publique sur le dossier, pas de fum\u00e9e blanche. Enferm\u00e9s dans l\u2019h\u00f4tel Hilton de Bougival (Yvelines), repr\u00e9sentants de l\u2019Etat, ind\u00e9pendantistes, et non-ind\u00e9pendantistes poursuivent leurs n\u00e9gociations, sans r\u00e9sultat. Et la fatigue commence \u00e0 se faire sentir.<\/p>\n<p>Salle des f\u00eates de l\u2019Elys\u00e9e, mercredi 2\u00a0juillet.  sur la Nouvelle-Cal\u00e9donie, soutient Emmanuel Macron devant les drapeaux r\u00e9unis de l\u2019Union europ\u00e9enne, de la France et de la Kanaky. Le chef de l\u2019Etat veut mobiliser les partis n\u00e9o-cal\u00e9doniens vers un accord politique trop longtemps attendu pour parachever l\u2019accord de d\u00e9colonisation de Noum\u00e9a de 1998. Il a l\u2019espoir qu\u2019il soit annonc\u00e9 avant le 14-Juillet, et inscrit dans la loi d\u00e8s 2026 apr\u00e8s une r\u00e9vision constitutionnelle. Des perspectives sont pos\u00e9es\u00a0: un  \u2013 des mots prononc\u00e9s pour la premi\u00e8re fois publiquement au plus haut niveau de l\u2019ex\u00e9cutif \u2013 ou tout autre statut d\u2019autonomie \u00e9largie par rapport \u00e0 la situation actuelle. Le ministre des outre-mer, Manuel Valls, dont la droite loyaliste de Sonia Back\u00e8s a r\u00e9clam\u00e9 en vain la t\u00eate, reprend la n\u00e9gociation. Si celle-ci capote, l\u2019ex\u00e9cutif dans son entier sera d\u00e9sormais comptable d\u2019un \u00e9chec.<\/p>\n<p><strong>Il vous reste 81.05% de cet article \u00e0 lire. La suite est r\u00e9serv\u00e9e aux abonn\u00e9s.<\/strong><\/p>\n<\/article>\n","protected":false},"excerpt":{"rendered":"<p>Une semaine apr\u00e8s le sommet de l\u2019Elys\u00e9e du 2\u00a0juillet sur l\u2019avenir de la Nouvelle-Cal\u00e9donie, et malgr\u00e9 l\u2019engagement du pr\u00e9sident de la R\u00e9publique sur le dossier, pas de fum\u00e9e blanche. Enferm\u00e9s dans l\u2019h\u00f4tel Hilton de Bougival (Yvelines), repr\u00e9sentants de l\u2019Etat, ind\u00e9pendantistes, et non-ind\u00e9pendantistes poursuivent leurs n\u00e9gociations, sans r\u00e9sultat. Et la fatigue commence \u00e0 se faire sentir.<\/p>\n","protected":false},"author":1,"featured_media":250248,"comment_status":"open","ping_status":"open","sticky":false,"template":"","format":"standard","meta":{"footnotes":""},"categories":[68],"tags":[],"class_list":["post-250247","post","type-post","status-publish","format-standard","has-post-thumbnail","hentry","category-politics-fr"],"acf":[],"yoast_head":"<!-- This site is optimized with the Yoast SEO plugin v22.9 - https:\/\/yoast.com\/wordpress\/plugins\/seo\/ -->\n<title>Nouvelle-Cal\u00e9donie\u00a0: une interminable semaine de tractations - vof-news.eu<\/title>\n<meta name=\"description\" content=\"Une semaine apr\u00e8s le sommet de l\u2019Elys\u00e9e du 2\u00a0juillet sur l\u2019avenir de la Nouvelle-Cal\u00e9donie, et malgr\u00e9 l\u2019engagement du pr\u00e9sident de la R\u00e9publique sur le dossier, pas de fum\u00e9e blanche. Enferm\u00e9s dans l\u2019h\u00f4tel Hilton de Bougival (Yvelines), repr\u00e9sentants de l\u2019Etat, ind\u00e9pendantistes, et non-ind\u00e9pendantistes poursuivent leurs n\u00e9gociations, sans r\u00e9sultat. Et la fatigue commence \u00e0 se faire sentir. Salle des f\u00eates de l\u2019Elys\u00e9e, mercredi 2\u00a0juillet. sur la Nouvelle-Cal\u00e9donie, soutient Emmanuel Macron devant les drapeaux r\u00e9unis de l\u2019Union europ\u00e9enne, de la France et de la Kanaky. Le chef de l\u2019Etat veut mobiliser les partis n\u00e9o-cal\u00e9doniens vers un accord politique trop longtemps attendu pour parachever l\u2019accord de d\u00e9colonisation de Noum\u00e9a de 1998. Il a l\u2019espoir qu\u2019il soit annonc\u00e9 avant le 14-Juillet, et inscrit dans la loi d\u00e8s 2026 apr\u00e8s une r\u00e9vision constitutionnelle. Des perspectives sont pos\u00e9es\u00a0: un \u2013 des mots prononc\u00e9s pour la premi\u00e8re fois publiquement au plus haut niveau de l\u2019ex\u00e9cutif \u2013 ou tout autre statut d\u2019autonomie \u00e9largie par rapport \u00e0 la situation actuelle. Le ministre des outre-mer, Manuel Valls, dont la droite loyaliste de Sonia Back\u00e8s a r\u00e9clam\u00e9 en vain la t\u00eate, reprend la n\u00e9gociation. Si celle-ci capote, l\u2019ex\u00e9cutif dans son entier sera d\u00e9sormais comptable d\u2019un \u00e9chec. Il vous reste 81.05% de cet article \u00e0 lire. La suite est r\u00e9serv\u00e9e aux abonn\u00e9s.\" \/>\n<meta name=\"robots\" content=\"noindex, follow, max-snippet:-1, max-image-preview:large, max-video-preview:-1\" \/>\n<meta property=\"og:locale\" content=\"fr_FR\" \/>\n<meta property=\"og:type\" content=\"article\" \/>\n<meta property=\"og:title\" content=\"Nouvelle-Cal\u00e9donie\u00a0: une interminable semaine de tractations - vof-news.eu\" \/>\n<meta property=\"og:description\" content=\"Une semaine apr\u00e8s le sommet de l\u2019Elys\u00e9e du 2\u00a0juillet sur l\u2019avenir de la Nouvelle-Cal\u00e9donie, et malgr\u00e9 l\u2019engagement du pr\u00e9sident de la R\u00e9publique sur le dossier, pas de fum\u00e9e blanche. Enferm\u00e9s dans l\u2019h\u00f4tel Hilton de Bougival (Yvelines), repr\u00e9sentants de l\u2019Etat, ind\u00e9pendantistes, et non-ind\u00e9pendantistes poursuivent leurs n\u00e9gociations, sans r\u00e9sultat. Et la fatigue commence \u00e0 se faire sentir. Salle des f\u00eates de l\u2019Elys\u00e9e, mercredi 2\u00a0juillet. sur la Nouvelle-Cal\u00e9donie, soutient Emmanuel Macron devant les drapeaux r\u00e9unis de l\u2019Union europ\u00e9enne, de la France et de la Kanaky. Le chef de l\u2019Etat veut mobiliser les partis n\u00e9o-cal\u00e9doniens vers un accord politique trop longtemps attendu pour parachever l\u2019accord de d\u00e9colonisation de Noum\u00e9a de 1998. Il a l\u2019espoir qu\u2019il soit annonc\u00e9 avant le 14-Juillet, et inscrit dans la loi d\u00e8s 2026 apr\u00e8s une r\u00e9vision constitutionnelle. Des perspectives sont pos\u00e9es\u00a0: un \u2013 des mots prononc\u00e9s pour la premi\u00e8re fois publiquement au plus haut niveau de l\u2019ex\u00e9cutif \u2013 ou tout autre statut d\u2019autonomie \u00e9largie par rapport \u00e0 la situation actuelle. Le ministre des outre-mer, Manuel Valls, dont la droite loyaliste de Sonia Back\u00e8s a r\u00e9clam\u00e9 en vain la t\u00eate, reprend la n\u00e9gociation. Si celle-ci capote, l\u2019ex\u00e9cutif dans son entier sera d\u00e9sormais comptable d\u2019un \u00e9chec. Il vous reste 81.05% de cet article \u00e0 lire. La suite est r\u00e9serv\u00e9e aux abonn\u00e9s.\" \/>\n<meta property=\"og:url\" content=\"https:\/\/vof-news.eu\/fr\/nouvelle-caledonie-une-interminable-semaine-de-tractations\/\" \/>\n<meta property=\"og:site_name\" content=\"vof-news.eu\" \/>\n<meta property=\"article:published_time\" content=\"2025-07-09T08:32:26+00:00\" \/>\n<meta property=\"article:modified_time\" content=\"2025-07-09T08:32:43+00:00\" \/>\n<meta property=\"og:image\" content=\"https:\/\/vof-news.eu\/wp-content\/uploads\/2025\/07\/9fd7c58_upload-1-1evn60esgr2c-000-64jz4px.jpg\" \/>\n\t<meta property=\"og:image:width\" content=\"664\" \/>\n\t<meta property=\"og:image:height\" content=\"443\" \/>\n\t<meta property=\"og:image:type\" content=\"image\/jpeg\" \/>\n<meta name=\"author\" content=\"Author\" \/>\n<meta name=\"twitter:card\" content=\"summary_large_image\" \/>\n<meta name=\"twitter:label1\" content=\"\u00c9crit par\" \/>\n\t<meta name=\"twitter:data1\" content=\"Author\" \/>\n\t<meta name=\"twitter:label2\" content=\"Dur\u00e9e de lecture estim\u00e9e\" \/>\n\t<meta name=\"twitter:data2\" content=\"1 minute\" \/>\n<script type=\"application\/ld+json\" class=\"yoast-schema-graph\">{\"@context\":\"https:\/\/schema.org\",\"@graph\":[{\"@type\":\"WebPage\",\"@id\":\"https:\/\/vof-news.eu\/fr\/nouvelle-caledonie-une-interminable-semaine-de-tractations\/\",\"url\":\"https:\/\/vof-news.eu\/fr\/nouvelle-caledonie-une-interminable-semaine-de-tractations\/\",\"name\":\"Nouvelle-Cal\u00e9donie\u00a0: une interminable semaine de tractations - vof-news.eu\",\"isPartOf\":{\"@id\":\"https:\/\/vof-news.eu\/fr\/#website\"},\"primaryImageOfPage\":{\"@id\":\"https:\/\/vof-news.eu\/fr\/nouvelle-caledonie-une-interminable-semaine-de-tractations\/#primaryimage\"},\"image\":{\"@id\":\"https:\/\/vof-news.eu\/fr\/nouvelle-caledonie-une-interminable-semaine-de-tractations\/#primaryimage\"},\"thumbnailUrl\":\"https:\/\/vof-news.eu\/wp-content\/uploads\/2025\/07\/9fd7c58_upload-1-1evn60esgr2c-000-64jz4px.jpg\",\"datePublished\":\"2025-07-09T08:32:26+00:00\",\"dateModified\":\"2025-07-09T08:32:43+00:00\",\"author\":{\"@id\":\"https:\/\/vof-news.eu\/fr\/#\/schema\/person\/f6a2a4309f0561835797fd8c19b333ed\"},\"description\":\"Une semaine apr\u00e8s le sommet de l\u2019Elys\u00e9e du 2\u00a0juillet sur l\u2019avenir de la Nouvelle-Cal\u00e9donie, et malgr\u00e9 l\u2019engagement du pr\u00e9sident de la R\u00e9publique sur le dossier, pas de fum\u00e9e blanche. Enferm\u00e9s dans l\u2019h\u00f4tel Hilton de Bougival (Yvelines), repr\u00e9sentants de l\u2019Etat, ind\u00e9pendantistes, et non-ind\u00e9pendantistes poursuivent leurs n\u00e9gociations, sans r\u00e9sultat. Et la fatigue commence \u00e0 se faire sentir. Salle des f\u00eates de l\u2019Elys\u00e9e, mercredi 2\u00a0juillet. sur la Nouvelle-Cal\u00e9donie, soutient Emmanuel Macron devant les drapeaux r\u00e9unis de l\u2019Union europ\u00e9enne, de la France et de la Kanaky. Le chef de l\u2019Etat veut mobiliser les partis n\u00e9o-cal\u00e9doniens vers un accord politique trop longtemps attendu pour parachever l\u2019accord de d\u00e9colonisation de Noum\u00e9a de 1998. Il a l\u2019espoir qu\u2019il soit annonc\u00e9 avant le 14-Juillet, et inscrit dans la loi d\u00e8s 2026 apr\u00e8s une r\u00e9vision constitutionnelle. Des perspectives sont pos\u00e9es\u00a0: un \u2013 des mots prononc\u00e9s pour la premi\u00e8re fois publiquement au plus haut niveau de l\u2019ex\u00e9cutif \u2013 ou tout autre statut d\u2019autonomie \u00e9largie par rapport \u00e0 la situation actuelle. Le ministre des outre-mer, Manuel Valls, dont la droite loyaliste de Sonia Back\u00e8s a r\u00e9clam\u00e9 en vain la t\u00eate, reprend la n\u00e9gociation. Si celle-ci capote, l\u2019ex\u00e9cutif dans son entier sera d\u00e9sormais comptable d\u2019un \u00e9chec. Il vous reste 81.05% de cet article \u00e0 lire. La suite est r\u00e9serv\u00e9e aux abonn\u00e9s.\",\"breadcrumb\":{\"@id\":\"https:\/\/vof-news.eu\/fr\/nouvelle-caledonie-une-interminable-semaine-de-tractations\/#breadcrumb\"},\"inLanguage\":\"fr-FR\",\"potentialAction\":[{\"@type\":\"ReadAction\",\"target\":[\"https:\/\/vof-news.eu\/fr\/nouvelle-caledonie-une-interminable-semaine-de-tractations\/\"]}]},{\"@type\":\"ImageObject\",\"inLanguage\":\"fr-FR\",\"@id\":\"https:\/\/vof-news.eu\/fr\/nouvelle-caledonie-une-interminable-semaine-de-tractations\/#primaryimage\",\"url\":\"https:\/\/vof-news.eu\/wp-content\/uploads\/2025\/07\/9fd7c58_upload-1-1evn60esgr2c-000-64jz4px.jpg\",\"contentUrl\":\"https:\/\/vof-news.eu\/wp-content\/uploads\/2025\/07\/9fd7c58_upload-1-1evn60esgr2c-000-64jz4px.jpg\",\"width\":664,\"height\":443},{\"@type\":\"BreadcrumbList\",\"@id\":\"https:\/\/vof-news.eu\/fr\/nouvelle-caledonie-une-interminable-semaine-de-tractations\/#breadcrumb\",\"itemListElement\":[{\"@type\":\"ListItem\",\"position\":1,\"name\":\"Home\",\"item\":\"https:\/\/vof-news.eu\/fr\/\"},{\"@type\":\"ListItem\",\"position\":2,\"name\":\"Nouvelle-Cal\u00e9donie\u00a0: une interminable semaine de tractations\"}]},{\"@type\":\"WebSite\",\"@id\":\"https:\/\/vof-news.eu\/fr\/#website\",\"url\":\"https:\/\/vof-news.eu\/fr\/\",\"name\":\"vof-news.eu\",\"description\":\"\",\"potentialAction\":[{\"@type\":\"SearchAction\",\"target\":{\"@type\":\"EntryPoint\",\"urlTemplate\":\"https:\/\/vof-news.eu\/fr\/?s={search_term_string}\"},\"query-input\":\"required name=search_term_string\"}],\"inLanguage\":\"fr-FR\"},{\"@type\":\"Person\",\"@id\":\"https:\/\/vof-news.eu\/fr\/#\/schema\/person\/f6a2a4309f0561835797fd8c19b333ed\",\"name\":\"Author\",\"image\":{\"@type\":\"ImageObject\",\"inLanguage\":\"fr-FR\",\"@id\":\"https:\/\/vof-news.eu\/fr\/#\/schema\/person\/image\/\",\"url\":\"https:\/\/secure.gravatar.com\/avatar\/b67e614b1b25b3e9c0c239efdd2fde5ab015b5affd6f1c3c85911ca4b384e790?s=96&d=mm&r=g\",\"contentUrl\":\"https:\/\/secure.gravatar.com\/avatar\/b67e614b1b25b3e9c0c239efdd2fde5ab015b5affd6f1c3c85911ca4b384e790?s=96&d=mm&r=g\",\"caption\":\"Author\"},\"sameAs\":[\"http:\/\/vof-news.eu\"],\"url\":\"https:\/\/vof-news.eu\/fr\/author\/zwt6qxnjulxbnyg\/\"}]}<\/script>\n<!-- \/ Yoast SEO plugin. -->","yoast_head_json":{"title":"Nouvelle-Cal\u00e9donie\u00a0: une interminable semaine de tractations - vof-news.eu","description":"Une semaine apr\u00e8s le sommet de l\u2019Elys\u00e9e du 2\u00a0juillet sur l\u2019avenir de la Nouvelle-Cal\u00e9donie, et malgr\u00e9 l\u2019engagement du pr\u00e9sident de la R\u00e9publique sur le dossier, pas de fum\u00e9e blanche. Enferm\u00e9s dans l\u2019h\u00f4tel Hilton de Bougival (Yvelines), repr\u00e9sentants de l\u2019Etat, ind\u00e9pendantistes, et non-ind\u00e9pendantistes poursuivent leurs n\u00e9gociations, sans r\u00e9sultat. Et la fatigue commence \u00e0 se faire sentir. Salle des f\u00eates de l\u2019Elys\u00e9e, mercredi 2\u00a0juillet. sur la Nouvelle-Cal\u00e9donie, soutient Emmanuel Macron devant les drapeaux r\u00e9unis de l\u2019Union europ\u00e9enne, de la France et de la Kanaky. Le chef de l\u2019Etat veut mobiliser les partis n\u00e9o-cal\u00e9doniens vers un accord politique trop longtemps attendu pour parachever l\u2019accord de d\u00e9colonisation de Noum\u00e9a de 1998. Il a l\u2019espoir qu\u2019il soit annonc\u00e9 avant le 14-Juillet, et inscrit dans la loi d\u00e8s 2026 apr\u00e8s une r\u00e9vision constitutionnelle. Des perspectives sont pos\u00e9es\u00a0: un \u2013 des mots prononc\u00e9s pour la premi\u00e8re fois publiquement au plus haut niveau de l\u2019ex\u00e9cutif \u2013 ou tout autre statut d\u2019autonomie \u00e9largie par rapport \u00e0 la situation actuelle. Le ministre des outre-mer, Manuel Valls, dont la droite loyaliste de Sonia Back\u00e8s a r\u00e9clam\u00e9 en vain la t\u00eate, reprend la n\u00e9gociation. Si celle-ci capote, l\u2019ex\u00e9cutif dans son entier sera d\u00e9sormais comptable d\u2019un \u00e9chec. Il vous reste 81.05% de cet article \u00e0 lire. La suite est r\u00e9serv\u00e9e aux abonn\u00e9s.","robots":{"index":"noindex","follow":"follow","max-snippet":"max-snippet:-1","max-image-preview":"max-image-preview:large","max-video-preview":"max-video-preview:-1"},"og_locale":"fr_FR","og_type":"article","og_title":"Nouvelle-Cal\u00e9donie\u00a0: une interminable semaine de tractations - vof-news.eu","og_description":"Une semaine apr\u00e8s le sommet de l\u2019Elys\u00e9e du 2\u00a0juillet sur l\u2019avenir de la Nouvelle-Cal\u00e9donie, et malgr\u00e9 l\u2019engagement du pr\u00e9sident de la R\u00e9publique sur le dossier, pas de fum\u00e9e blanche. Enferm\u00e9s dans l\u2019h\u00f4tel Hilton de Bougival (Yvelines), repr\u00e9sentants de l\u2019Etat, ind\u00e9pendantistes, et non-ind\u00e9pendantistes poursuivent leurs n\u00e9gociations, sans r\u00e9sultat. Et la fatigue commence \u00e0 se faire sentir. Salle des f\u00eates de l\u2019Elys\u00e9e, mercredi 2\u00a0juillet. sur la Nouvelle-Cal\u00e9donie, soutient Emmanuel Macron devant les drapeaux r\u00e9unis de l\u2019Union europ\u00e9enne, de la France et de la Kanaky. Le chef de l\u2019Etat veut mobiliser les partis n\u00e9o-cal\u00e9doniens vers un accord politique trop longtemps attendu pour parachever l\u2019accord de d\u00e9colonisation de Noum\u00e9a de 1998. Il a l\u2019espoir qu\u2019il soit annonc\u00e9 avant le 14-Juillet, et inscrit dans la loi d\u00e8s 2026 apr\u00e8s une r\u00e9vision constitutionnelle. Des perspectives sont pos\u00e9es\u00a0: un \u2013 des mots prononc\u00e9s pour la premi\u00e8re fois publiquement au plus haut niveau de l\u2019ex\u00e9cutif \u2013 ou tout autre statut d\u2019autonomie \u00e9largie par rapport \u00e0 la situation actuelle. Le ministre des outre-mer, Manuel Valls, dont la droite loyaliste de Sonia Back\u00e8s a r\u00e9clam\u00e9 en vain la t\u00eate, reprend la n\u00e9gociation. Si celle-ci capote, l\u2019ex\u00e9cutif dans son entier sera d\u00e9sormais comptable d\u2019un \u00e9chec. Il vous reste 81.05% de cet article \u00e0 lire. La suite est r\u00e9serv\u00e9e aux abonn\u00e9s.","og_url":"https:\/\/vof-news.eu\/fr\/nouvelle-caledonie-une-interminable-semaine-de-tractations\/","og_site_name":"vof-news.eu","article_published_time":"2025-07-09T08:32:26+00:00","article_modified_time":"2025-07-09T08:32:43+00:00","og_image":[{"width":664,"height":443,"url":"https:\/\/vof-news.eu\/wp-content\/uploads\/2025\/07\/9fd7c58_upload-1-1evn60esgr2c-000-64jz4px.jpg","type":"image\/jpeg"}],"author":"Author","twitter_card":"summary_large_image","twitter_misc":{"\u00c9crit par":"Author","Dur\u00e9e de lecture estim\u00e9e":"1 minute"},"schema":{"@context":"https:\/\/schema.org","@graph":[{"@type":"WebPage","@id":"https:\/\/vof-news.eu\/fr\/nouvelle-caledonie-une-interminable-semaine-de-tractations\/","url":"https:\/\/vof-news.eu\/fr\/nouvelle-caledonie-une-interminable-semaine-de-tractations\/","name":"Nouvelle-Cal\u00e9donie\u00a0: une interminable semaine de tractations - vof-news.eu","isPartOf":{"@id":"https:\/\/vof-news.eu\/fr\/#website"},"primaryImageOfPage":{"@id":"https:\/\/vof-news.eu\/fr\/nouvelle-caledonie-une-interminable-semaine-de-tractations\/#primaryimage"},"image":{"@id":"https:\/\/vof-news.eu\/fr\/nouvelle-caledonie-une-interminable-semaine-de-tractations\/#primaryimage"},"thumbnailUrl":"https:\/\/vof-news.eu\/wp-content\/uploads\/2025\/07\/9fd7c58_upload-1-1evn60esgr2c-000-64jz4px.jpg","datePublished":"2025-07-09T08:32:26+00:00","dateModified":"2025-07-09T08:32:43+00:00","author":{"@id":"https:\/\/vof-news.eu\/fr\/#\/schema\/person\/f6a2a4309f0561835797fd8c19b333ed"},"description":"Une semaine apr\u00e8s le sommet de l\u2019Elys\u00e9e du 2\u00a0juillet sur l\u2019avenir de la Nouvelle-Cal\u00e9donie, et malgr\u00e9 l\u2019engagement du pr\u00e9sident de la R\u00e9publique sur le dossier, pas de fum\u00e9e blanche. Enferm\u00e9s dans l\u2019h\u00f4tel Hilton de Bougival (Yvelines), repr\u00e9sentants de l\u2019Etat, ind\u00e9pendantistes, et non-ind\u00e9pendantistes poursuivent leurs n\u00e9gociations, sans r\u00e9sultat. Et la fatigue commence \u00e0 se faire sentir. Salle des f\u00eates de l\u2019Elys\u00e9e, mercredi 2\u00a0juillet. sur la Nouvelle-Cal\u00e9donie, soutient Emmanuel Macron devant les drapeaux r\u00e9unis de l\u2019Union europ\u00e9enne, de la France et de la Kanaky. Le chef de l\u2019Etat veut mobiliser les partis n\u00e9o-cal\u00e9doniens vers un accord politique trop longtemps attendu pour parachever l\u2019accord de d\u00e9colonisation de Noum\u00e9a de 1998. Il a l\u2019espoir qu\u2019il soit annonc\u00e9 avant le 14-Juillet, et inscrit dans la loi d\u00e8s 2026 apr\u00e8s une r\u00e9vision constitutionnelle. Des perspectives sont pos\u00e9es\u00a0: un \u2013 des mots prononc\u00e9s pour la premi\u00e8re fois publiquement au plus haut niveau de l\u2019ex\u00e9cutif \u2013 ou tout autre statut d\u2019autonomie \u00e9largie par rapport \u00e0 la situation actuelle. Le ministre des outre-mer, Manuel Valls, dont la droite loyaliste de Sonia Back\u00e8s a r\u00e9clam\u00e9 en vain la t\u00eate, reprend la n\u00e9gociation. Si celle-ci capote, l\u2019ex\u00e9cutif dans son entier sera d\u00e9sormais comptable d\u2019un \u00e9chec. Il vous reste 81.05% de cet article \u00e0 lire. La suite est r\u00e9serv\u00e9e aux abonn\u00e9s.","breadcrumb":{"@id":"https:\/\/vof-news.eu\/fr\/nouvelle-caledonie-une-interminable-semaine-de-tractations\/#breadcrumb"},"inLanguage":"fr-FR","potentialAction":[{"@type":"ReadAction","target":["https:\/\/vof-news.eu\/fr\/nouvelle-caledonie-une-interminable-semaine-de-tractations\/"]}]},{"@type":"ImageObject","inLanguage":"fr-FR","@id":"https:\/\/vof-news.eu\/fr\/nouvelle-caledonie-une-interminable-semaine-de-tractations\/#primaryimage","url":"https:\/\/vof-news.eu\/wp-content\/uploads\/2025\/07\/9fd7c58_upload-1-1evn60esgr2c-000-64jz4px.jpg","contentUrl":"https:\/\/vof-news.eu\/wp-content\/uploads\/2025\/07\/9fd7c58_upload-1-1evn60esgr2c-000-64jz4px.jpg","width":664,"height":443},{"@type":"BreadcrumbList","@id":"https:\/\/vof-news.eu\/fr\/nouvelle-caledonie-une-interminable-semaine-de-tractations\/#breadcrumb","itemListElement":[{"@type":"ListItem","position":1,"name":"Home","item":"https:\/\/vof-news.eu\/fr\/"},{"@type":"ListItem","position":2,"name":"Nouvelle-Cal\u00e9donie\u00a0: une interminable semaine de tractations"}]},{"@type":"WebSite","@id":"https:\/\/vof-news.eu\/fr\/#website","url":"https:\/\/vof-news.eu\/fr\/","name":"vof-news.eu","description":"","potentialAction":[{"@type":"SearchAction","target":{"@type":"EntryPoint","urlTemplate":"https:\/\/vof-news.eu\/fr\/?s={search_term_string}"},"query-input":"required name=search_term_string"}],"inLanguage":"fr-FR"},{"@type":"Person","@id":"https:\/\/vof-news.eu\/fr\/#\/schema\/person\/f6a2a4309f0561835797fd8c19b333ed","name":"Author","image":{"@type":"ImageObject","inLanguage":"fr-FR","@id":"https:\/\/vof-news.eu\/fr\/#\/schema\/person\/image\/","url":"https:\/\/secure.gravatar.com\/avatar\/b67e614b1b25b3e9c0c239efdd2fde5ab015b5affd6f1c3c85911ca4b384e790?s=96&d=mm&r=g","contentUrl":"https:\/\/secure.gravatar.com\/avatar\/b67e614b1b25b3e9c0c239efdd2fde5ab015b5affd6f1c3c85911ca4b384e790?s=96&d=mm&r=g","caption":"Author"},"sameAs":["http:\/\/vof-news.eu"],"url":"https:\/\/vof-news.eu\/fr\/author\/zwt6qxnjulxbnyg\/"}]}},"yoast_meta":{"yoast_wpseo_title":"","yoast_wpseo_metadesc":"","yoast_wpseo_canonical":""},"_links":{"self":[{"href":"https:\/\/vof-news.eu\/fr\/wp-json\/wp\/v2\/posts\/250247","targetHints":{"allow":["GET"]}}],"collection":[{"href":"https:\/\/vof-news.eu\/fr\/wp-json\/wp\/v2\/posts"}],"about":[{"href":"https:\/\/vof-news.eu\/fr\/wp-json\/wp\/v2\/types\/post"}],"author":[{"embeddable":true,"href":"https:\/\/vof-news.eu\/fr\/wp-json\/wp\/v2\/users\/1"}],"replies":[{"embeddable":true,"href":"https:\/\/vof-news.eu\/fr\/wp-json\/wp\/v2\/comments?post=250247"}],"version-history":[{"count":1,"href":"https:\/\/vof-news.eu\/fr\/wp-json\/wp\/v2\/posts\/250247\/revisions"}],"predecessor-version":[{"id":250254,"href":"https:\/\/vof-news.eu\/fr\/wp-json\/wp\/v2\/posts\/250247\/revisions\/250254"}],"wp:featuredmedia":[{"embeddable":true,"href":"https:\/\/vof-news.eu\/fr\/wp-json\/wp\/v2\/media\/250248"}],"wp:attachment":[{"href":"https:\/\/vof-news.eu\/fr\/wp-json\/wp\/v2\/media?parent=250247"}],"wp:term":[{"taxonomy":"category","embeddable":true,"href":"https:\/\/vof-news.eu\/fr\/wp-json\/wp\/v2\/categories?post=250247"},{"taxonomy":"post_tag","embeddable":true,"href":"https:\/\/vof-news.eu\/fr\/wp-json\/wp\/v2\/tags?post=250247"}],"curies":[{"name":"wp","href":"https:\/\/api.w.org\/{rel}","templated":true}]}}