{"id":250239,"date":"2025-07-09T11:31:25","date_gmt":"2025-07-09T08:31:25","guid":{"rendered":"https:\/\/vof-news.eu\/lassemblee-nationale-encore-sous-le-choc-apres-la-mort-dolivier-marleix-on-sous-estime-toujours-la-solitude-des-etres\/"},"modified":"2025-07-09T11:31:50","modified_gmt":"2025-07-09T08:31:50","slug":"lassemblee-nationale-encore-sous-le-choc-apres-la-mort-dolivier-marleix-on-sous-estime-toujours-la-solitude-des-etres","status":"publish","type":"post","link":"https:\/\/vof-news.eu\/fr\/lassemblee-nationale-encore-sous-le-choc-apres-la-mort-dolivier-marleix-on-sous-estime-toujours-la-solitude-des-etres\/","title":{"rendered":"L\u2019Assembl\u00e9e nationale encore sous le choc apr\u00e8s la mort d\u2019Olivier Marleix\u00a0: \u00ab\u00a0On sous-estime toujours la solitude des \u00eatres\u00a0\u00bb"},"content":{"rendered":"<article>\n<p>En noir et blanc, la photo est pos\u00e9e\u00a0\u00e0 l\u2019angle du patio. M\u00eame de loin, on reconna\u00eet la grande stature d\u2019Olivier Marleix et ce sourire g\u00ean\u00e9. Avant de rejoindre l\u2019hommage pr\u00e9vu \u00e0 l\u2019Assembl\u00e9e nationale voisine, le pr\u00e9sident des R\u00e9publicains (LR), Bruno Retailleau, a pris l\u2019initiative, mardi 8\u00a0juillet en d\u00e9but d\u2019apr\u00e8s-midi, de r\u00e9unir sa famille politique au si\u00e8ge du parti pour un moment de recueillement. Au lendemain de l\u2019annonce <a href=\"https:\/\/www.lemonde.fr\/disparitions\/article\/2025\/07\/07\/le-depute-olivier-marleix-les-republicains-a-mis-fin-a-ses-jours_6619651_3382.html\" rel=\"nofollow\">de la mort brutale du d\u00e9put\u00e9 d\u2019Eure-et-Loir,<\/a> la stupeur se m\u00e9lange encore \u00e0 l\u2019incompr\u00e9hension. Certains cherchent \u00e0 savoir pourquoi, d\u2019autres racontent leur dernier moment avec . Le 1<sup>er<\/sup>\u00a0juillet, il d\u00eenait avec d\u2019autres d\u00e9put\u00e9s LR et avait insist\u00e9 pour commander une bouteille de saint-pour\u00e7ain pour prolonger la nuit, le plaisir d\u2019\u00eatre ensemble et d\u2019argumenter encore.<\/p>\n<p>Parce qu\u2019il faut mettre des mots sur la peine et que la charge en revient au pr\u00e9sident \u00e9lu, Bruno Retailleau emprunte ceux de la philosophe Simone Weil\u00a0:  Michel Barnier, G\u00e9rard Larcher, Laurent Wauquiez et Val\u00e9rie P\u00e9cresse \u00e9coutent au premier rang alors que des larmes glissent sur le visage de la ministre d\u00e9l\u00e9gu\u00e9e charg\u00e9e du commerce, V\u00e9ronique Louwagie. ,poursuit Bruno Retailleau.  Entre les lignes, on lit les regrets collectifs de ceux et celles qui auraient aim\u00e9 voir mais n\u2019ont pas su.<\/p>\n<p><strong>Il vous reste 67.13% de cet article \u00e0 lire. La suite est r\u00e9serv\u00e9e aux abonn\u00e9s.<\/strong><\/p>\n<\/article>\n","protected":false},"excerpt":{"rendered":"<p>En noir et blanc, la photo est pos\u00e9e\u00a0\u00e0 l\u2019angle du patio. M\u00eame de loin, on reconna\u00eet la grande stature d\u2019Olivier Marleix et ce sourire g\u00ean\u00e9. Avant de rejoindre l\u2019hommage pr\u00e9vu \u00e0 l\u2019Assembl\u00e9e nationale voisine, le pr\u00e9sident des R\u00e9publicains (LR), Bruno Retailleau, a pris l\u2019initiative, mardi 8\u00a0juillet en d\u00e9but d\u2019apr\u00e8s-midi, de r\u00e9unir sa famille politique au<\/p>\n","protected":false},"author":1,"featured_media":250240,"comment_status":"open","ping_status":"open","sticky":false,"template":"","format":"standard","meta":{"footnotes":""},"categories":[68],"tags":[],"class_list":["post-250239","post","type-post","status-publish","format-standard","has-post-thumbnail","hentry","category-politics-fr"],"acf":[],"yoast_head":"<!-- This site is optimized with the Yoast SEO plugin v22.9 - https:\/\/yoast.com\/wordpress\/plugins\/seo\/ -->\n<title>L\u2019Assembl\u00e9e nationale encore sous le choc apr\u00e8s la mort d\u2019Olivier Marleix\u00a0: \u00ab\u00a0On sous-estime toujours la solitude des \u00eatres\u00a0\u00bb - vof-news.eu<\/title>\n<meta name=\"description\" content=\"En noir et blanc, la photo est pos\u00e9e\u00a0\u00e0 l\u2019angle du patio. M\u00eame de loin, on reconna\u00eet la grande stature d\u2019Olivier Marleix et ce sourire g\u00ean\u00e9. Avant de rejoindre l\u2019hommage pr\u00e9vu \u00e0 l\u2019Assembl\u00e9e nationale voisine, le pr\u00e9sident des R\u00e9publicains (LR), Bruno Retailleau, a pris l\u2019initiative, mardi 8\u00a0juillet en d\u00e9but d\u2019apr\u00e8s-midi, de r\u00e9unir sa famille politique au si\u00e8ge du parti pour un moment de recueillement. Au lendemain de l\u2019annonce de la mort brutale du d\u00e9put\u00e9 d\u2019Eure-et-Loir, la stupeur se m\u00e9lange encore \u00e0 l\u2019incompr\u00e9hension. Certains cherchent \u00e0 savoir pourquoi, d\u2019autres racontent leur dernier moment avec . Le 1er\u00a0juillet, il d\u00eenait avec d\u2019autres d\u00e9put\u00e9s LR et avait insist\u00e9 pour commander une bouteille de saint-pour\u00e7ain pour prolonger la nuit, le plaisir d\u2019\u00eatre ensemble et d\u2019argumenter encore. Parce qu\u2019il faut mettre des mots sur la peine et que la charge en revient au pr\u00e9sident \u00e9lu, Bruno Retailleau emprunte ceux de la philosophe Simone Weil\u00a0: Michel Barnier, G\u00e9rard Larcher, Laurent Wauquiez et Val\u00e9rie P\u00e9cresse \u00e9coutent au premier rang alors que des larmes glissent sur le visage de la ministre d\u00e9l\u00e9gu\u00e9e charg\u00e9e du commerce, V\u00e9ronique Louwagie. ,poursuit Bruno Retailleau. Entre les lignes, on lit les regrets collectifs de ceux et celles qui auraient aim\u00e9 voir mais n\u2019ont pas su. Il vous reste 67.13% de cet article \u00e0 lire. La suite est r\u00e9serv\u00e9e aux abonn\u00e9s.\" \/>\n<meta name=\"robots\" content=\"noindex, follow, max-snippet:-1, max-image-preview:large, max-video-preview:-1\" \/>\n<meta property=\"og:locale\" content=\"fr_FR\" \/>\n<meta property=\"og:type\" content=\"article\" \/>\n<meta property=\"og:title\" content=\"L\u2019Assembl\u00e9e nationale encore sous le choc apr\u00e8s la mort d\u2019Olivier Marleix\u00a0: \u00ab\u00a0On sous-estime toujours la solitude des \u00eatres\u00a0\u00bb - vof-news.eu\" \/>\n<meta property=\"og:description\" content=\"En noir et blanc, la photo est pos\u00e9e\u00a0\u00e0 l\u2019angle du patio. M\u00eame de loin, on reconna\u00eet la grande stature d\u2019Olivier Marleix et ce sourire g\u00ean\u00e9. Avant de rejoindre l\u2019hommage pr\u00e9vu \u00e0 l\u2019Assembl\u00e9e nationale voisine, le pr\u00e9sident des R\u00e9publicains (LR), Bruno Retailleau, a pris l\u2019initiative, mardi 8\u00a0juillet en d\u00e9but d\u2019apr\u00e8s-midi, de r\u00e9unir sa famille politique au si\u00e8ge du parti pour un moment de recueillement. Au lendemain de l\u2019annonce de la mort brutale du d\u00e9put\u00e9 d\u2019Eure-et-Loir, la stupeur se m\u00e9lange encore \u00e0 l\u2019incompr\u00e9hension. Certains cherchent \u00e0 savoir pourquoi, d\u2019autres racontent leur dernier moment avec . Le 1er\u00a0juillet, il d\u00eenait avec d\u2019autres d\u00e9put\u00e9s LR et avait insist\u00e9 pour commander une bouteille de saint-pour\u00e7ain pour prolonger la nuit, le plaisir d\u2019\u00eatre ensemble et d\u2019argumenter encore. Parce qu\u2019il faut mettre des mots sur la peine et que la charge en revient au pr\u00e9sident \u00e9lu, Bruno Retailleau emprunte ceux de la philosophe Simone Weil\u00a0: Michel Barnier, G\u00e9rard Larcher, Laurent Wauquiez et Val\u00e9rie P\u00e9cresse \u00e9coutent au premier rang alors que des larmes glissent sur le visage de la ministre d\u00e9l\u00e9gu\u00e9e charg\u00e9e du commerce, V\u00e9ronique Louwagie. ,poursuit Bruno Retailleau. Entre les lignes, on lit les regrets collectifs de ceux et celles qui auraient aim\u00e9 voir mais n\u2019ont pas su. Il vous reste 67.13% de cet article \u00e0 lire. La suite est r\u00e9serv\u00e9e aux abonn\u00e9s.\" \/>\n<meta property=\"og:url\" content=\"https:\/\/vof-news.eu\/fr\/lassemblee-nationale-encore-sous-le-choc-apres-la-mort-dolivier-marleix-on-sous-estime-toujours-la-solitude-des-etres\/\" \/>\n<meta property=\"og:site_name\" content=\"vof-news.eu\" \/>\n<meta property=\"article:published_time\" content=\"2025-07-09T08:31:25+00:00\" \/>\n<meta property=\"article:modified_time\" content=\"2025-07-09T08:31:50+00:00\" \/>\n<meta property=\"og:image\" content=\"https:\/\/vof-news.eu\/wp-content\/uploads\/2025\/07\/ce928dd_upload-1-vemb2i17sjbs-595991.jpg\" \/>\n\t<meta property=\"og:image:width\" content=\"664\" \/>\n\t<meta property=\"og:image:height\" content=\"443\" \/>\n\t<meta property=\"og:image:type\" content=\"image\/jpeg\" \/>\n<meta name=\"author\" content=\"Author\" \/>\n<meta name=\"twitter:card\" content=\"summary_large_image\" \/>\n<meta name=\"twitter:label1\" content=\"\u00c9crit par\" \/>\n\t<meta name=\"twitter:data1\" content=\"Author\" \/>\n\t<meta name=\"twitter:label2\" content=\"Dur\u00e9e de lecture estim\u00e9e\" \/>\n\t<meta name=\"twitter:data2\" content=\"1 minute\" \/>\n<script type=\"application\/ld+json\" class=\"yoast-schema-graph\">{\"@context\":\"https:\/\/schema.org\",\"@graph\":[{\"@type\":\"WebPage\",\"@id\":\"https:\/\/vof-news.eu\/fr\/lassemblee-nationale-encore-sous-le-choc-apres-la-mort-dolivier-marleix-on-sous-estime-toujours-la-solitude-des-etres\/\",\"url\":\"https:\/\/vof-news.eu\/fr\/lassemblee-nationale-encore-sous-le-choc-apres-la-mort-dolivier-marleix-on-sous-estime-toujours-la-solitude-des-etres\/\",\"name\":\"L\u2019Assembl\u00e9e nationale encore sous le choc apr\u00e8s la mort d\u2019Olivier Marleix\u00a0: \u00ab\u00a0On sous-estime toujours la solitude des \u00eatres\u00a0\u00bb - vof-news.eu\",\"isPartOf\":{\"@id\":\"https:\/\/vof-news.eu\/fr\/#website\"},\"primaryImageOfPage\":{\"@id\":\"https:\/\/vof-news.eu\/fr\/lassemblee-nationale-encore-sous-le-choc-apres-la-mort-dolivier-marleix-on-sous-estime-toujours-la-solitude-des-etres\/#primaryimage\"},\"image\":{\"@id\":\"https:\/\/vof-news.eu\/fr\/lassemblee-nationale-encore-sous-le-choc-apres-la-mort-dolivier-marleix-on-sous-estime-toujours-la-solitude-des-etres\/#primaryimage\"},\"thumbnailUrl\":\"https:\/\/vof-news.eu\/wp-content\/uploads\/2025\/07\/ce928dd_upload-1-vemb2i17sjbs-595991.jpg\",\"datePublished\":\"2025-07-09T08:31:25+00:00\",\"dateModified\":\"2025-07-09T08:31:50+00:00\",\"author\":{\"@id\":\"https:\/\/vof-news.eu\/fr\/#\/schema\/person\/f6a2a4309f0561835797fd8c19b333ed\"},\"description\":\"En noir et blanc, la photo est pos\u00e9e\u00a0\u00e0 l\u2019angle du patio. M\u00eame de loin, on reconna\u00eet la grande stature d\u2019Olivier Marleix et ce sourire g\u00ean\u00e9. Avant de rejoindre l\u2019hommage pr\u00e9vu \u00e0 l\u2019Assembl\u00e9e nationale voisine, le pr\u00e9sident des R\u00e9publicains (LR), Bruno Retailleau, a pris l\u2019initiative, mardi 8\u00a0juillet en d\u00e9but d\u2019apr\u00e8s-midi, de r\u00e9unir sa famille politique au si\u00e8ge du parti pour un moment de recueillement. Au lendemain de l\u2019annonce de la mort brutale du d\u00e9put\u00e9 d\u2019Eure-et-Loir, la stupeur se m\u00e9lange encore \u00e0 l\u2019incompr\u00e9hension. Certains cherchent \u00e0 savoir pourquoi, d\u2019autres racontent leur dernier moment avec . Le 1er\u00a0juillet, il d\u00eenait avec d\u2019autres d\u00e9put\u00e9s LR et avait insist\u00e9 pour commander une bouteille de saint-pour\u00e7ain pour prolonger la nuit, le plaisir d\u2019\u00eatre ensemble et d\u2019argumenter encore. Parce qu\u2019il faut mettre des mots sur la peine et que la charge en revient au pr\u00e9sident \u00e9lu, Bruno Retailleau emprunte ceux de la philosophe Simone Weil\u00a0: Michel Barnier, G\u00e9rard Larcher, Laurent Wauquiez et Val\u00e9rie P\u00e9cresse \u00e9coutent au premier rang alors que des larmes glissent sur le visage de la ministre d\u00e9l\u00e9gu\u00e9e charg\u00e9e du commerce, V\u00e9ronique Louwagie. ,poursuit Bruno Retailleau. Entre les lignes, on lit les regrets collectifs de ceux et celles qui auraient aim\u00e9 voir mais n\u2019ont pas su. Il vous reste 67.13% de cet article \u00e0 lire. La suite est r\u00e9serv\u00e9e aux abonn\u00e9s.\",\"breadcrumb\":{\"@id\":\"https:\/\/vof-news.eu\/fr\/lassemblee-nationale-encore-sous-le-choc-apres-la-mort-dolivier-marleix-on-sous-estime-toujours-la-solitude-des-etres\/#breadcrumb\"},\"inLanguage\":\"fr-FR\",\"potentialAction\":[{\"@type\":\"ReadAction\",\"target\":[\"https:\/\/vof-news.eu\/fr\/lassemblee-nationale-encore-sous-le-choc-apres-la-mort-dolivier-marleix-on-sous-estime-toujours-la-solitude-des-etres\/\"]}]},{\"@type\":\"ImageObject\",\"inLanguage\":\"fr-FR\",\"@id\":\"https:\/\/vof-news.eu\/fr\/lassemblee-nationale-encore-sous-le-choc-apres-la-mort-dolivier-marleix-on-sous-estime-toujours-la-solitude-des-etres\/#primaryimage\",\"url\":\"https:\/\/vof-news.eu\/wp-content\/uploads\/2025\/07\/ce928dd_upload-1-vemb2i17sjbs-595991.jpg\",\"contentUrl\":\"https:\/\/vof-news.eu\/wp-content\/uploads\/2025\/07\/ce928dd_upload-1-vemb2i17sjbs-595991.jpg\",\"width\":664,\"height\":443},{\"@type\":\"BreadcrumbList\",\"@id\":\"https:\/\/vof-news.eu\/fr\/lassemblee-nationale-encore-sous-le-choc-apres-la-mort-dolivier-marleix-on-sous-estime-toujours-la-solitude-des-etres\/#breadcrumb\",\"itemListElement\":[{\"@type\":\"ListItem\",\"position\":1,\"name\":\"Home\",\"item\":\"https:\/\/vof-news.eu\/fr\/\"},{\"@type\":\"ListItem\",\"position\":2,\"name\":\"L\u2019Assembl\u00e9e nationale encore sous le choc apr\u00e8s la mort d\u2019Olivier Marleix\u00a0: \u00ab\u00a0On sous-estime toujours la solitude des \u00eatres\u00a0\u00bb\"}]},{\"@type\":\"WebSite\",\"@id\":\"https:\/\/vof-news.eu\/fr\/#website\",\"url\":\"https:\/\/vof-news.eu\/fr\/\",\"name\":\"vof-news.eu\",\"description\":\"\",\"potentialAction\":[{\"@type\":\"SearchAction\",\"target\":{\"@type\":\"EntryPoint\",\"urlTemplate\":\"https:\/\/vof-news.eu\/fr\/?s={search_term_string}\"},\"query-input\":\"required name=search_term_string\"}],\"inLanguage\":\"fr-FR\"},{\"@type\":\"Person\",\"@id\":\"https:\/\/vof-news.eu\/fr\/#\/schema\/person\/f6a2a4309f0561835797fd8c19b333ed\",\"name\":\"Author\",\"image\":{\"@type\":\"ImageObject\",\"inLanguage\":\"fr-FR\",\"@id\":\"https:\/\/vof-news.eu\/fr\/#\/schema\/person\/image\/\",\"url\":\"https:\/\/secure.gravatar.com\/avatar\/b67e614b1b25b3e9c0c239efdd2fde5ab015b5affd6f1c3c85911ca4b384e790?s=96&d=mm&r=g\",\"contentUrl\":\"https:\/\/secure.gravatar.com\/avatar\/b67e614b1b25b3e9c0c239efdd2fde5ab015b5affd6f1c3c85911ca4b384e790?s=96&d=mm&r=g\",\"caption\":\"Author\"},\"sameAs\":[\"http:\/\/vof-news.eu\"],\"url\":\"https:\/\/vof-news.eu\/fr\/author\/zwt6qxnjulxbnyg\/\"}]}<\/script>\n<!-- \/ Yoast SEO plugin. -->","yoast_head_json":{"title":"L\u2019Assembl\u00e9e nationale encore sous le choc apr\u00e8s la mort d\u2019Olivier Marleix\u00a0: \u00ab\u00a0On sous-estime toujours la solitude des \u00eatres\u00a0\u00bb - vof-news.eu","description":"En noir et blanc, la photo est pos\u00e9e\u00a0\u00e0 l\u2019angle du patio. M\u00eame de loin, on reconna\u00eet la grande stature d\u2019Olivier Marleix et ce sourire g\u00ean\u00e9. Avant de rejoindre l\u2019hommage pr\u00e9vu \u00e0 l\u2019Assembl\u00e9e nationale voisine, le pr\u00e9sident des R\u00e9publicains (LR), Bruno Retailleau, a pris l\u2019initiative, mardi 8\u00a0juillet en d\u00e9but d\u2019apr\u00e8s-midi, de r\u00e9unir sa famille politique au si\u00e8ge du parti pour un moment de recueillement. Au lendemain de l\u2019annonce de la mort brutale du d\u00e9put\u00e9 d\u2019Eure-et-Loir, la stupeur se m\u00e9lange encore \u00e0 l\u2019incompr\u00e9hension. Certains cherchent \u00e0 savoir pourquoi, d\u2019autres racontent leur dernier moment avec . Le 1er\u00a0juillet, il d\u00eenait avec d\u2019autres d\u00e9put\u00e9s LR et avait insist\u00e9 pour commander une bouteille de saint-pour\u00e7ain pour prolonger la nuit, le plaisir d\u2019\u00eatre ensemble et d\u2019argumenter encore. Parce qu\u2019il faut mettre des mots sur la peine et que la charge en revient au pr\u00e9sident \u00e9lu, Bruno Retailleau emprunte ceux de la philosophe Simone Weil\u00a0: Michel Barnier, G\u00e9rard Larcher, Laurent Wauquiez et Val\u00e9rie P\u00e9cresse \u00e9coutent au premier rang alors que des larmes glissent sur le visage de la ministre d\u00e9l\u00e9gu\u00e9e charg\u00e9e du commerce, V\u00e9ronique Louwagie. ,poursuit Bruno Retailleau. Entre les lignes, on lit les regrets collectifs de ceux et celles qui auraient aim\u00e9 voir mais n\u2019ont pas su. Il vous reste 67.13% de cet article \u00e0 lire. La suite est r\u00e9serv\u00e9e aux abonn\u00e9s.","robots":{"index":"noindex","follow":"follow","max-snippet":"max-snippet:-1","max-image-preview":"max-image-preview:large","max-video-preview":"max-video-preview:-1"},"og_locale":"fr_FR","og_type":"article","og_title":"L\u2019Assembl\u00e9e nationale encore sous le choc apr\u00e8s la mort d\u2019Olivier Marleix\u00a0: \u00ab\u00a0On sous-estime toujours la solitude des \u00eatres\u00a0\u00bb - vof-news.eu","og_description":"En noir et blanc, la photo est pos\u00e9e\u00a0\u00e0 l\u2019angle du patio. M\u00eame de loin, on reconna\u00eet la grande stature d\u2019Olivier Marleix et ce sourire g\u00ean\u00e9. Avant de rejoindre l\u2019hommage pr\u00e9vu \u00e0 l\u2019Assembl\u00e9e nationale voisine, le pr\u00e9sident des R\u00e9publicains (LR), Bruno Retailleau, a pris l\u2019initiative, mardi 8\u00a0juillet en d\u00e9but d\u2019apr\u00e8s-midi, de r\u00e9unir sa famille politique au si\u00e8ge du parti pour un moment de recueillement. Au lendemain de l\u2019annonce de la mort brutale du d\u00e9put\u00e9 d\u2019Eure-et-Loir, la stupeur se m\u00e9lange encore \u00e0 l\u2019incompr\u00e9hension. Certains cherchent \u00e0 savoir pourquoi, d\u2019autres racontent leur dernier moment avec . Le 1er\u00a0juillet, il d\u00eenait avec d\u2019autres d\u00e9put\u00e9s LR et avait insist\u00e9 pour commander une bouteille de saint-pour\u00e7ain pour prolonger la nuit, le plaisir d\u2019\u00eatre ensemble et d\u2019argumenter encore. Parce qu\u2019il faut mettre des mots sur la peine et que la charge en revient au pr\u00e9sident \u00e9lu, Bruno Retailleau emprunte ceux de la philosophe Simone Weil\u00a0: Michel Barnier, G\u00e9rard Larcher, Laurent Wauquiez et Val\u00e9rie P\u00e9cresse \u00e9coutent au premier rang alors que des larmes glissent sur le visage de la ministre d\u00e9l\u00e9gu\u00e9e charg\u00e9e du commerce, V\u00e9ronique Louwagie. ,poursuit Bruno Retailleau. Entre les lignes, on lit les regrets collectifs de ceux et celles qui auraient aim\u00e9 voir mais n\u2019ont pas su. Il vous reste 67.13% de cet article \u00e0 lire. La suite est r\u00e9serv\u00e9e aux abonn\u00e9s.","og_url":"https:\/\/vof-news.eu\/fr\/lassemblee-nationale-encore-sous-le-choc-apres-la-mort-dolivier-marleix-on-sous-estime-toujours-la-solitude-des-etres\/","og_site_name":"vof-news.eu","article_published_time":"2025-07-09T08:31:25+00:00","article_modified_time":"2025-07-09T08:31:50+00:00","og_image":[{"width":664,"height":443,"url":"https:\/\/vof-news.eu\/wp-content\/uploads\/2025\/07\/ce928dd_upload-1-vemb2i17sjbs-595991.jpg","type":"image\/jpeg"}],"author":"Author","twitter_card":"summary_large_image","twitter_misc":{"\u00c9crit par":"Author","Dur\u00e9e de lecture estim\u00e9e":"1 minute"},"schema":{"@context":"https:\/\/schema.org","@graph":[{"@type":"WebPage","@id":"https:\/\/vof-news.eu\/fr\/lassemblee-nationale-encore-sous-le-choc-apres-la-mort-dolivier-marleix-on-sous-estime-toujours-la-solitude-des-etres\/","url":"https:\/\/vof-news.eu\/fr\/lassemblee-nationale-encore-sous-le-choc-apres-la-mort-dolivier-marleix-on-sous-estime-toujours-la-solitude-des-etres\/","name":"L\u2019Assembl\u00e9e nationale encore sous le choc apr\u00e8s la mort d\u2019Olivier Marleix\u00a0: \u00ab\u00a0On sous-estime toujours la solitude des \u00eatres\u00a0\u00bb - vof-news.eu","isPartOf":{"@id":"https:\/\/vof-news.eu\/fr\/#website"},"primaryImageOfPage":{"@id":"https:\/\/vof-news.eu\/fr\/lassemblee-nationale-encore-sous-le-choc-apres-la-mort-dolivier-marleix-on-sous-estime-toujours-la-solitude-des-etres\/#primaryimage"},"image":{"@id":"https:\/\/vof-news.eu\/fr\/lassemblee-nationale-encore-sous-le-choc-apres-la-mort-dolivier-marleix-on-sous-estime-toujours-la-solitude-des-etres\/#primaryimage"},"thumbnailUrl":"https:\/\/vof-news.eu\/wp-content\/uploads\/2025\/07\/ce928dd_upload-1-vemb2i17sjbs-595991.jpg","datePublished":"2025-07-09T08:31:25+00:00","dateModified":"2025-07-09T08:31:50+00:00","author":{"@id":"https:\/\/vof-news.eu\/fr\/#\/schema\/person\/f6a2a4309f0561835797fd8c19b333ed"},"description":"En noir et blanc, la photo est pos\u00e9e\u00a0\u00e0 l\u2019angle du patio. M\u00eame de loin, on reconna\u00eet la grande stature d\u2019Olivier Marleix et ce sourire g\u00ean\u00e9. Avant de rejoindre l\u2019hommage pr\u00e9vu \u00e0 l\u2019Assembl\u00e9e nationale voisine, le pr\u00e9sident des R\u00e9publicains (LR), Bruno Retailleau, a pris l\u2019initiative, mardi 8\u00a0juillet en d\u00e9but d\u2019apr\u00e8s-midi, de r\u00e9unir sa famille politique au si\u00e8ge du parti pour un moment de recueillement. Au lendemain de l\u2019annonce de la mort brutale du d\u00e9put\u00e9 d\u2019Eure-et-Loir, la stupeur se m\u00e9lange encore \u00e0 l\u2019incompr\u00e9hension. Certains cherchent \u00e0 savoir pourquoi, d\u2019autres racontent leur dernier moment avec . Le 1er\u00a0juillet, il d\u00eenait avec d\u2019autres d\u00e9put\u00e9s LR et avait insist\u00e9 pour commander une bouteille de saint-pour\u00e7ain pour prolonger la nuit, le plaisir d\u2019\u00eatre ensemble et d\u2019argumenter encore. Parce qu\u2019il faut mettre des mots sur la peine et que la charge en revient au pr\u00e9sident \u00e9lu, Bruno Retailleau emprunte ceux de la philosophe Simone Weil\u00a0: Michel Barnier, G\u00e9rard Larcher, Laurent Wauquiez et Val\u00e9rie P\u00e9cresse \u00e9coutent au premier rang alors que des larmes glissent sur le visage de la ministre d\u00e9l\u00e9gu\u00e9e charg\u00e9e du commerce, V\u00e9ronique Louwagie. ,poursuit Bruno Retailleau. Entre les lignes, on lit les regrets collectifs de ceux et celles qui auraient aim\u00e9 voir mais n\u2019ont pas su. Il vous reste 67.13% de cet article \u00e0 lire. La suite est r\u00e9serv\u00e9e aux abonn\u00e9s.","breadcrumb":{"@id":"https:\/\/vof-news.eu\/fr\/lassemblee-nationale-encore-sous-le-choc-apres-la-mort-dolivier-marleix-on-sous-estime-toujours-la-solitude-des-etres\/#breadcrumb"},"inLanguage":"fr-FR","potentialAction":[{"@type":"ReadAction","target":["https:\/\/vof-news.eu\/fr\/lassemblee-nationale-encore-sous-le-choc-apres-la-mort-dolivier-marleix-on-sous-estime-toujours-la-solitude-des-etres\/"]}]},{"@type":"ImageObject","inLanguage":"fr-FR","@id":"https:\/\/vof-news.eu\/fr\/lassemblee-nationale-encore-sous-le-choc-apres-la-mort-dolivier-marleix-on-sous-estime-toujours-la-solitude-des-etres\/#primaryimage","url":"https:\/\/vof-news.eu\/wp-content\/uploads\/2025\/07\/ce928dd_upload-1-vemb2i17sjbs-595991.jpg","contentUrl":"https:\/\/vof-news.eu\/wp-content\/uploads\/2025\/07\/ce928dd_upload-1-vemb2i17sjbs-595991.jpg","width":664,"height":443},{"@type":"BreadcrumbList","@id":"https:\/\/vof-news.eu\/fr\/lassemblee-nationale-encore-sous-le-choc-apres-la-mort-dolivier-marleix-on-sous-estime-toujours-la-solitude-des-etres\/#breadcrumb","itemListElement":[{"@type":"ListItem","position":1,"name":"Home","item":"https:\/\/vof-news.eu\/fr\/"},{"@type":"ListItem","position":2,"name":"L\u2019Assembl\u00e9e nationale encore sous le choc apr\u00e8s la mort d\u2019Olivier Marleix\u00a0: \u00ab\u00a0On sous-estime toujours la solitude des \u00eatres\u00a0\u00bb"}]},{"@type":"WebSite","@id":"https:\/\/vof-news.eu\/fr\/#website","url":"https:\/\/vof-news.eu\/fr\/","name":"vof-news.eu","description":"","potentialAction":[{"@type":"SearchAction","target":{"@type":"EntryPoint","urlTemplate":"https:\/\/vof-news.eu\/fr\/?s={search_term_string}"},"query-input":"required name=search_term_string"}],"inLanguage":"fr-FR"},{"@type":"Person","@id":"https:\/\/vof-news.eu\/fr\/#\/schema\/person\/f6a2a4309f0561835797fd8c19b333ed","name":"Author","image":{"@type":"ImageObject","inLanguage":"fr-FR","@id":"https:\/\/vof-news.eu\/fr\/#\/schema\/person\/image\/","url":"https:\/\/secure.gravatar.com\/avatar\/b67e614b1b25b3e9c0c239efdd2fde5ab015b5affd6f1c3c85911ca4b384e790?s=96&d=mm&r=g","contentUrl":"https:\/\/secure.gravatar.com\/avatar\/b67e614b1b25b3e9c0c239efdd2fde5ab015b5affd6f1c3c85911ca4b384e790?s=96&d=mm&r=g","caption":"Author"},"sameAs":["http:\/\/vof-news.eu"],"url":"https:\/\/vof-news.eu\/fr\/author\/zwt6qxnjulxbnyg\/"}]}},"yoast_meta":{"yoast_wpseo_title":"","yoast_wpseo_metadesc":"","yoast_wpseo_canonical":""},"_links":{"self":[{"href":"https:\/\/vof-news.eu\/fr\/wp-json\/wp\/v2\/posts\/250239","targetHints":{"allow":["GET"]}}],"collection":[{"href":"https:\/\/vof-news.eu\/fr\/wp-json\/wp\/v2\/posts"}],"about":[{"href":"https:\/\/vof-news.eu\/fr\/wp-json\/wp\/v2\/types\/post"}],"author":[{"embeddable":true,"href":"https:\/\/vof-news.eu\/fr\/wp-json\/wp\/v2\/users\/1"}],"replies":[{"embeddable":true,"href":"https:\/\/vof-news.eu\/fr\/wp-json\/wp\/v2\/comments?post=250239"}],"version-history":[{"count":1,"href":"https:\/\/vof-news.eu\/fr\/wp-json\/wp\/v2\/posts\/250239\/revisions"}],"predecessor-version":[{"id":250246,"href":"https:\/\/vof-news.eu\/fr\/wp-json\/wp\/v2\/posts\/250239\/revisions\/250246"}],"wp:featuredmedia":[{"embeddable":true,"href":"https:\/\/vof-news.eu\/fr\/wp-json\/wp\/v2\/media\/250240"}],"wp:attachment":[{"href":"https:\/\/vof-news.eu\/fr\/wp-json\/wp\/v2\/media?parent=250239"}],"wp:term":[{"taxonomy":"category","embeddable":true,"href":"https:\/\/vof-news.eu\/fr\/wp-json\/wp\/v2\/categories?post=250239"},{"taxonomy":"post_tag","embeddable":true,"href":"https:\/\/vof-news.eu\/fr\/wp-json\/wp\/v2\/tags?post=250239"}],"curies":[{"name":"wp","href":"https:\/\/api.w.org\/{rel}","templated":true}]}}