{"id":250155,"date":"2025-07-09T09:32:54","date_gmt":"2025-07-09T06:32:54","guid":{"rendered":"https:\/\/vof-news.eu\/maxime-maintier-membre-de-lr-sur-lecologie-la-droite-fait-fausse-route\/"},"modified":"2025-07-09T09:33:07","modified_gmt":"2025-07-09T06:33:07","slug":"maxime-maintier-membre-de-lr-sur-lecologie-la-droite-fait-fausse-route","status":"publish","type":"post","link":"https:\/\/vof-news.eu\/fr\/maxime-maintier-membre-de-lr-sur-lecologie-la-droite-fait-fausse-route\/","title":{"rendered":"Maxime Maintier, membre de\u00a0LR\u00a0: \u00ab\u00a0Sur l\u2019\u00e9cologie, la\u00a0droite fait fausse route\u00a0\u00bb"},"content":{"rendered":"<article>\n<p><span>L<\/span>a droite a vot\u00e9 avec le Rassemblement national, le 19\u00a0juin, \u00e0 l\u2019Assembl\u00e9e nationale, un moratoire sur l\u2019\u00e9olien et le photovolta\u00efque. Un mauvais signal, non seulement pour l\u2019\u00e9cologie, mais aussi pour la refondation que Bruno Retailleau  promet \u00e0 notre famille politique. Comment esp\u00e9rer reconqu\u00e9rir \u00e9lecteurs et militants, particuli\u00e8rement chez les jeunes, si nous tournons le dos \u00e0 l\u2019un des d\u00e9fis majeurs du si\u00e8cle\u00a0?<\/p>\n<section>   <\/section>\n<p>Pour la g\u00e9n\u00e9ration dont je fais partie, n\u00e9e avec le nouveau mill\u00e9naire, la question climatique n\u2019est pas un suppl\u00e9ment d\u2019\u00e2me\u00a0: nous avons grandi avec les probl\u00e9matiques environnementales et aspirons \u00e0 d\u00e9fendre un monde meilleur. C\u2019est donc une des cl\u00e9s de la cr\u00e9dibilit\u00e9 face \u00e0 une jeunesse qui n\u2019attend plus.<\/p>\n<p>La droite peut porter un message \u00e0 ce propos. Nous parlons ici de prot\u00e9ger notre patrimoine, notre souverainet\u00e9, nos paysages. Il s\u2019agit de faire de la transition \u00e9nerg\u00e9tique un levier de relocalisation, de r\u00e9industrialisation et de prosp\u00e9rit\u00e9 dans nos territoires. La droite ne peut se satisfaire de dire seulement non\u00a0: elle doit dire comment, o\u00f9 et pourquoi. Sinon, elle fait fausse route.<\/p>\n<p>La transition \u00e9nerg\u00e9tique n\u2019est pas une simple option. D\u2019apr\u00e8s RTE, le gestionnaire du r\u00e9seau public d\u2019\u00e9lectricit\u00e9, la consommation d\u2019\u00e9lectricit\u00e9 pourrait cro\u00eetre de 35\u00a0% d\u2019ici \u00e0 2050 par rapport \u00e0 2022. L\u2019intelligence artificielle, la multiplication des data centers, le passage massif \u00e0 la voiture \u00e9lectrique et les pics de chaleur r\u00e9clameront en effet, entre autres, toujours plus d\u2019\u00e9lectricit\u00e9.<\/p>\n<h2>Enjeu d\u2019ind\u00e9pendance<\/h2>\n<p>Bruno Retailleau lui-m\u00eame le rappelait dans son livre (L\u2019Observatoire, 2021): la cl\u00e9 r\u00e9side dans le mix \u00e9nerg\u00e9tique. Miser seulement sur le nucl\u00e9aire, c\u2019est ignorer l\u2019urgence. Un r\u00e9acteur met au moins quinze ans \u00e0 sortir de terre\u00a0; un champ photovolta\u00efque ou une \u00e9olienne terrestre, seulement deux \u00e0 cinq ans. Il faut ici raisonner en termes de compl\u00e9mentarit\u00e9, non d\u2019opposition.<\/p>\n<p><strong>Il vous reste 54.02% de cet article \u00e0 lire. La suite est r\u00e9serv\u00e9e aux abonn\u00e9s.<\/strong><\/p>\n<\/article>\n","protected":false},"excerpt":{"rendered":"<p>La droite a vot\u00e9 avec le Rassemblement national, le 19\u00a0juin, \u00e0 l\u2019Assembl\u00e9e nationale, un moratoire sur l\u2019\u00e9olien et le photovolta\u00efque. Un mauvais signal, non seulement pour l\u2019\u00e9cologie, mais aussi pour la refondation que Bruno Retailleau promet \u00e0 notre famille politique. Comment esp\u00e9rer reconqu\u00e9rir \u00e9lecteurs et militants, particuli\u00e8rement chez les jeunes, si nous tournons le dos<\/p>\n","protected":false},"author":1,"featured_media":0,"comment_status":"open","ping_status":"open","sticky":false,"template":"","format":"standard","meta":{"footnotes":""},"categories":[68],"tags":[],"class_list":["post-250155","post","type-post","status-publish","format-standard","hentry","category-politics-fr"],"acf":[],"yoast_head":"<!-- This site is optimized with the Yoast SEO plugin v22.9 - https:\/\/yoast.com\/wordpress\/plugins\/seo\/ -->\n<title>Maxime Maintier, membre de\u00a0LR\u00a0: \u00ab\u00a0Sur l\u2019\u00e9cologie, la\u00a0droite fait fausse route\u00a0\u00bb - vof-news.eu<\/title>\n<meta name=\"description\" content=\"La droite a vot\u00e9 avec le Rassemblement national, le 19\u00a0juin, \u00e0 l\u2019Assembl\u00e9e nationale, un moratoire sur l\u2019\u00e9olien et le photovolta\u00efque. Un mauvais signal, non seulement pour l\u2019\u00e9cologie, mais aussi pour la refondation que Bruno Retailleau promet \u00e0 notre famille politique. Comment esp\u00e9rer reconqu\u00e9rir \u00e9lecteurs et militants, particuli\u00e8rement chez les jeunes, si nous tournons le dos \u00e0 l\u2019un des d\u00e9fis majeurs du si\u00e8cle\u00a0?   Pour la g\u00e9n\u00e9ration dont je fais partie, n\u00e9e avec le nouveau mill\u00e9naire, la question climatique n\u2019est pas un suppl\u00e9ment d\u2019\u00e2me\u00a0: nous avons grandi avec les probl\u00e9matiques environnementales et aspirons \u00e0 d\u00e9fendre un monde meilleur. C\u2019est donc une des cl\u00e9s de la cr\u00e9dibilit\u00e9 face \u00e0 une jeunesse qui n\u2019attend plus. La droite peut porter un message \u00e0 ce propos. Nous parlons ici de prot\u00e9ger notre patrimoine, notre souverainet\u00e9, nos paysages. Il s\u2019agit de faire de la transition \u00e9nerg\u00e9tique un levier de relocalisation, de r\u00e9industrialisation et de prosp\u00e9rit\u00e9 dans nos territoires. La droite ne peut se satisfaire de dire seulement non\u00a0: elle doit dire comment, o\u00f9 et pourquoi. Sinon, elle fait fausse route. La transition \u00e9nerg\u00e9tique n\u2019est pas une simple option. D\u2019apr\u00e8s RTE, le gestionnaire du r\u00e9seau public d\u2019\u00e9lectricit\u00e9, la consommation d\u2019\u00e9lectricit\u00e9 pourrait cro\u00eetre de 35\u00a0% d\u2019ici \u00e0 2050 par rapport \u00e0 2022. L\u2019intelligence artificielle, la multiplication des data centers, le passage massif \u00e0 la voiture \u00e9lectrique et les pics de chaleur r\u00e9clameront en effet, entre autres, toujours plus d\u2019\u00e9lectricit\u00e9. Enjeu d\u2019ind\u00e9pendance Bruno Retailleau lui-m\u00eame le rappelait dans son livre (L\u2019Observatoire, 2021): la cl\u00e9 r\u00e9side dans le mix \u00e9nerg\u00e9tique. Miser seulement sur le nucl\u00e9aire, c\u2019est ignorer l\u2019urgence. Un r\u00e9acteur met au moins quinze ans \u00e0 sortir de terre\u00a0; un champ photovolta\u00efque ou une \u00e9olienne terrestre, seulement deux \u00e0 cinq ans. Il faut ici raisonner en termes de compl\u00e9mentarit\u00e9, non d\u2019opposition. Il vous reste 54.02% de cet article \u00e0 lire. La suite est r\u00e9serv\u00e9e aux abonn\u00e9s.\" \/>\n<meta name=\"robots\" content=\"noindex, follow, max-snippet:-1, max-image-preview:large, max-video-preview:-1\" \/>\n<meta property=\"og:locale\" content=\"fr_FR\" \/>\n<meta property=\"og:type\" content=\"article\" \/>\n<meta property=\"og:title\" content=\"Maxime Maintier, membre de\u00a0LR\u00a0: \u00ab\u00a0Sur l\u2019\u00e9cologie, la\u00a0droite fait fausse route\u00a0\u00bb - vof-news.eu\" \/>\n<meta property=\"og:description\" content=\"La droite a vot\u00e9 avec le Rassemblement national, le 19\u00a0juin, \u00e0 l\u2019Assembl\u00e9e nationale, un moratoire sur l\u2019\u00e9olien et le photovolta\u00efque. Un mauvais signal, non seulement pour l\u2019\u00e9cologie, mais aussi pour la refondation que Bruno Retailleau promet \u00e0 notre famille politique. Comment esp\u00e9rer reconqu\u00e9rir \u00e9lecteurs et militants, particuli\u00e8rement chez les jeunes, si nous tournons le dos \u00e0 l\u2019un des d\u00e9fis majeurs du si\u00e8cle\u00a0?   Pour la g\u00e9n\u00e9ration dont je fais partie, n\u00e9e avec le nouveau mill\u00e9naire, la question climatique n\u2019est pas un suppl\u00e9ment d\u2019\u00e2me\u00a0: nous avons grandi avec les probl\u00e9matiques environnementales et aspirons \u00e0 d\u00e9fendre un monde meilleur. C\u2019est donc une des cl\u00e9s de la cr\u00e9dibilit\u00e9 face \u00e0 une jeunesse qui n\u2019attend plus. La droite peut porter un message \u00e0 ce propos. Nous parlons ici de prot\u00e9ger notre patrimoine, notre souverainet\u00e9, nos paysages. Il s\u2019agit de faire de la transition \u00e9nerg\u00e9tique un levier de relocalisation, de r\u00e9industrialisation et de prosp\u00e9rit\u00e9 dans nos territoires. La droite ne peut se satisfaire de dire seulement non\u00a0: elle doit dire comment, o\u00f9 et pourquoi. Sinon, elle fait fausse route. La transition \u00e9nerg\u00e9tique n\u2019est pas une simple option. D\u2019apr\u00e8s RTE, le gestionnaire du r\u00e9seau public d\u2019\u00e9lectricit\u00e9, la consommation d\u2019\u00e9lectricit\u00e9 pourrait cro\u00eetre de 35\u00a0% d\u2019ici \u00e0 2050 par rapport \u00e0 2022. L\u2019intelligence artificielle, la multiplication des data centers, le passage massif \u00e0 la voiture \u00e9lectrique et les pics de chaleur r\u00e9clameront en effet, entre autres, toujours plus d\u2019\u00e9lectricit\u00e9. Enjeu d\u2019ind\u00e9pendance Bruno Retailleau lui-m\u00eame le rappelait dans son livre (L\u2019Observatoire, 2021): la cl\u00e9 r\u00e9side dans le mix \u00e9nerg\u00e9tique. Miser seulement sur le nucl\u00e9aire, c\u2019est ignorer l\u2019urgence. Un r\u00e9acteur met au moins quinze ans \u00e0 sortir de terre\u00a0; un champ photovolta\u00efque ou une \u00e9olienne terrestre, seulement deux \u00e0 cinq ans. Il faut ici raisonner en termes de compl\u00e9mentarit\u00e9, non d\u2019opposition. Il vous reste 54.02% de cet article \u00e0 lire. La suite est r\u00e9serv\u00e9e aux abonn\u00e9s.\" \/>\n<meta property=\"og:url\" content=\"https:\/\/vof-news.eu\/fr\/maxime-maintier-membre-de-lr-sur-lecologie-la-droite-fait-fausse-route\/\" \/>\n<meta property=\"og:site_name\" content=\"vof-news.eu\" \/>\n<meta property=\"article:published_time\" content=\"2025-07-09T06:32:54+00:00\" \/>\n<meta property=\"article:modified_time\" content=\"2025-07-09T06:33:07+00:00\" \/>\n<meta name=\"author\" content=\"Author\" \/>\n<meta name=\"twitter:card\" content=\"summary_large_image\" \/>\n<meta name=\"twitter:label1\" content=\"\u00c9crit par\" \/>\n\t<meta name=\"twitter:data1\" content=\"Author\" \/>\n\t<meta name=\"twitter:label2\" content=\"Dur\u00e9e de lecture estim\u00e9e\" \/>\n\t<meta name=\"twitter:data2\" content=\"2 minutes\" \/>\n<script type=\"application\/ld+json\" class=\"yoast-schema-graph\">{\"@context\":\"https:\/\/schema.org\",\"@graph\":[{\"@type\":\"WebPage\",\"@id\":\"https:\/\/vof-news.eu\/fr\/maxime-maintier-membre-de-lr-sur-lecologie-la-droite-fait-fausse-route\/\",\"url\":\"https:\/\/vof-news.eu\/fr\/maxime-maintier-membre-de-lr-sur-lecologie-la-droite-fait-fausse-route\/\",\"name\":\"Maxime Maintier, membre de\u00a0LR\u00a0: \u00ab\u00a0Sur l\u2019\u00e9cologie, la\u00a0droite fait fausse route\u00a0\u00bb - vof-news.eu\",\"isPartOf\":{\"@id\":\"https:\/\/vof-news.eu\/fr\/#website\"},\"datePublished\":\"2025-07-09T06:32:54+00:00\",\"dateModified\":\"2025-07-09T06:33:07+00:00\",\"author\":{\"@id\":\"https:\/\/vof-news.eu\/fr\/#\/schema\/person\/f6a2a4309f0561835797fd8c19b333ed\"},\"description\":\"La droite a vot\u00e9 avec le Rassemblement national, le 19\u00a0juin, \u00e0 l\u2019Assembl\u00e9e nationale, un moratoire sur l\u2019\u00e9olien et le photovolta\u00efque. Un mauvais signal, non seulement pour l\u2019\u00e9cologie, mais aussi pour la refondation que Bruno Retailleau promet \u00e0 notre famille politique. Comment esp\u00e9rer reconqu\u00e9rir \u00e9lecteurs et militants, particuli\u00e8rement chez les jeunes, si nous tournons le dos \u00e0 l\u2019un des d\u00e9fis majeurs du si\u00e8cle\u00a0? Pour la g\u00e9n\u00e9ration dont je fais partie, n\u00e9e avec le nouveau mill\u00e9naire, la question climatique n\u2019est pas un suppl\u00e9ment d\u2019\u00e2me\u00a0: nous avons grandi avec les probl\u00e9matiques environnementales et aspirons \u00e0 d\u00e9fendre un monde meilleur. C\u2019est donc une des cl\u00e9s de la cr\u00e9dibilit\u00e9 face \u00e0 une jeunesse qui n\u2019attend plus. La droite peut porter un message \u00e0 ce propos. Nous parlons ici de prot\u00e9ger notre patrimoine, notre souverainet\u00e9, nos paysages. Il s\u2019agit de faire de la transition \u00e9nerg\u00e9tique un levier de relocalisation, de r\u00e9industrialisation et de prosp\u00e9rit\u00e9 dans nos territoires. La droite ne peut se satisfaire de dire seulement non\u00a0: elle doit dire comment, o\u00f9 et pourquoi. Sinon, elle fait fausse route. La transition \u00e9nerg\u00e9tique n\u2019est pas une simple option. D\u2019apr\u00e8s RTE, le gestionnaire du r\u00e9seau public d\u2019\u00e9lectricit\u00e9, la consommation d\u2019\u00e9lectricit\u00e9 pourrait cro\u00eetre de 35\u00a0% d\u2019ici \u00e0 2050 par rapport \u00e0 2022. L\u2019intelligence artificielle, la multiplication des data centers, le passage massif \u00e0 la voiture \u00e9lectrique et les pics de chaleur r\u00e9clameront en effet, entre autres, toujours plus d\u2019\u00e9lectricit\u00e9. Enjeu d\u2019ind\u00e9pendance Bruno Retailleau lui-m\u00eame le rappelait dans son livre (L\u2019Observatoire, 2021): la cl\u00e9 r\u00e9side dans le mix \u00e9nerg\u00e9tique. Miser seulement sur le nucl\u00e9aire, c\u2019est ignorer l\u2019urgence. Un r\u00e9acteur met au moins quinze ans \u00e0 sortir de terre\u00a0; un champ photovolta\u00efque ou une \u00e9olienne terrestre, seulement deux \u00e0 cinq ans. Il faut ici raisonner en termes de compl\u00e9mentarit\u00e9, non d\u2019opposition. Il vous reste 54.02% de cet article \u00e0 lire. La suite est r\u00e9serv\u00e9e aux abonn\u00e9s.\",\"breadcrumb\":{\"@id\":\"https:\/\/vof-news.eu\/fr\/maxime-maintier-membre-de-lr-sur-lecologie-la-droite-fait-fausse-route\/#breadcrumb\"},\"inLanguage\":\"fr-FR\",\"potentialAction\":[{\"@type\":\"ReadAction\",\"target\":[\"https:\/\/vof-news.eu\/fr\/maxime-maintier-membre-de-lr-sur-lecologie-la-droite-fait-fausse-route\/\"]}]},{\"@type\":\"BreadcrumbList\",\"@id\":\"https:\/\/vof-news.eu\/fr\/maxime-maintier-membre-de-lr-sur-lecologie-la-droite-fait-fausse-route\/#breadcrumb\",\"itemListElement\":[{\"@type\":\"ListItem\",\"position\":1,\"name\":\"Home\",\"item\":\"https:\/\/vof-news.eu\/fr\/\"},{\"@type\":\"ListItem\",\"position\":2,\"name\":\"Maxime Maintier, membre de\u00a0LR\u00a0: \u00ab\u00a0Sur l\u2019\u00e9cologie, la\u00a0droite fait fausse route\u00a0\u00bb\"}]},{\"@type\":\"WebSite\",\"@id\":\"https:\/\/vof-news.eu\/fr\/#website\",\"url\":\"https:\/\/vof-news.eu\/fr\/\",\"name\":\"vof-news.eu\",\"description\":\"\",\"potentialAction\":[{\"@type\":\"SearchAction\",\"target\":{\"@type\":\"EntryPoint\",\"urlTemplate\":\"https:\/\/vof-news.eu\/fr\/?s={search_term_string}\"},\"query-input\":\"required name=search_term_string\"}],\"inLanguage\":\"fr-FR\"},{\"@type\":\"Person\",\"@id\":\"https:\/\/vof-news.eu\/fr\/#\/schema\/person\/f6a2a4309f0561835797fd8c19b333ed\",\"name\":\"Author\",\"image\":{\"@type\":\"ImageObject\",\"inLanguage\":\"fr-FR\",\"@id\":\"https:\/\/vof-news.eu\/fr\/#\/schema\/person\/image\/\",\"url\":\"https:\/\/secure.gravatar.com\/avatar\/b67e614b1b25b3e9c0c239efdd2fde5ab015b5affd6f1c3c85911ca4b384e790?s=96&d=mm&r=g\",\"contentUrl\":\"https:\/\/secure.gravatar.com\/avatar\/b67e614b1b25b3e9c0c239efdd2fde5ab015b5affd6f1c3c85911ca4b384e790?s=96&d=mm&r=g\",\"caption\":\"Author\"},\"sameAs\":[\"http:\/\/vof-news.eu\"],\"url\":\"https:\/\/vof-news.eu\/fr\/author\/zwt6qxnjulxbnyg\/\"}]}<\/script>\n<!-- \/ Yoast SEO plugin. -->","yoast_head_json":{"title":"Maxime Maintier, membre de\u00a0LR\u00a0: \u00ab\u00a0Sur l\u2019\u00e9cologie, la\u00a0droite fait fausse route\u00a0\u00bb - vof-news.eu","description":"La droite a vot\u00e9 avec le Rassemblement national, le 19\u00a0juin, \u00e0 l\u2019Assembl\u00e9e nationale, un moratoire sur l\u2019\u00e9olien et le photovolta\u00efque. Un mauvais signal, non seulement pour l\u2019\u00e9cologie, mais aussi pour la refondation que Bruno Retailleau promet \u00e0 notre famille politique. Comment esp\u00e9rer reconqu\u00e9rir \u00e9lecteurs et militants, particuli\u00e8rement chez les jeunes, si nous tournons le dos \u00e0 l\u2019un des d\u00e9fis majeurs du si\u00e8cle\u00a0?   Pour la g\u00e9n\u00e9ration dont je fais partie, n\u00e9e avec le nouveau mill\u00e9naire, la question climatique n\u2019est pas un suppl\u00e9ment d\u2019\u00e2me\u00a0: nous avons grandi avec les probl\u00e9matiques environnementales et aspirons \u00e0 d\u00e9fendre un monde meilleur. C\u2019est donc une des cl\u00e9s de la cr\u00e9dibilit\u00e9 face \u00e0 une jeunesse qui n\u2019attend plus. La droite peut porter un message \u00e0 ce propos. Nous parlons ici de prot\u00e9ger notre patrimoine, notre souverainet\u00e9, nos paysages. Il s\u2019agit de faire de la transition \u00e9nerg\u00e9tique un levier de relocalisation, de r\u00e9industrialisation et de prosp\u00e9rit\u00e9 dans nos territoires. La droite ne peut se satisfaire de dire seulement non\u00a0: elle doit dire comment, o\u00f9 et pourquoi. Sinon, elle fait fausse route. La transition \u00e9nerg\u00e9tique n\u2019est pas une simple option. D\u2019apr\u00e8s RTE, le gestionnaire du r\u00e9seau public d\u2019\u00e9lectricit\u00e9, la consommation d\u2019\u00e9lectricit\u00e9 pourrait cro\u00eetre de 35\u00a0% d\u2019ici \u00e0 2050 par rapport \u00e0 2022. L\u2019intelligence artificielle, la multiplication des data centers, le passage massif \u00e0 la voiture \u00e9lectrique et les pics de chaleur r\u00e9clameront en effet, entre autres, toujours plus d\u2019\u00e9lectricit\u00e9. Enjeu d\u2019ind\u00e9pendance Bruno Retailleau lui-m\u00eame le rappelait dans son livre (L\u2019Observatoire, 2021): la cl\u00e9 r\u00e9side dans le mix \u00e9nerg\u00e9tique. Miser seulement sur le nucl\u00e9aire, c\u2019est ignorer l\u2019urgence. Un r\u00e9acteur met au moins quinze ans \u00e0 sortir de terre\u00a0; un champ photovolta\u00efque ou une \u00e9olienne terrestre, seulement deux \u00e0 cinq ans. Il faut ici raisonner en termes de compl\u00e9mentarit\u00e9, non d\u2019opposition. Il vous reste 54.02% de cet article \u00e0 lire. La suite est r\u00e9serv\u00e9e aux abonn\u00e9s.","robots":{"index":"noindex","follow":"follow","max-snippet":"max-snippet:-1","max-image-preview":"max-image-preview:large","max-video-preview":"max-video-preview:-1"},"og_locale":"fr_FR","og_type":"article","og_title":"Maxime Maintier, membre de\u00a0LR\u00a0: \u00ab\u00a0Sur l\u2019\u00e9cologie, la\u00a0droite fait fausse route\u00a0\u00bb - vof-news.eu","og_description":"La droite a vot\u00e9 avec le Rassemblement national, le 19\u00a0juin, \u00e0 l\u2019Assembl\u00e9e nationale, un moratoire sur l\u2019\u00e9olien et le photovolta\u00efque. Un mauvais signal, non seulement pour l\u2019\u00e9cologie, mais aussi pour la refondation que Bruno Retailleau promet \u00e0 notre famille politique. Comment esp\u00e9rer reconqu\u00e9rir \u00e9lecteurs et militants, particuli\u00e8rement chez les jeunes, si nous tournons le dos \u00e0 l\u2019un des d\u00e9fis majeurs du si\u00e8cle\u00a0?   Pour la g\u00e9n\u00e9ration dont je fais partie, n\u00e9e avec le nouveau mill\u00e9naire, la question climatique n\u2019est pas un suppl\u00e9ment d\u2019\u00e2me\u00a0: nous avons grandi avec les probl\u00e9matiques environnementales et aspirons \u00e0 d\u00e9fendre un monde meilleur. C\u2019est donc une des cl\u00e9s de la cr\u00e9dibilit\u00e9 face \u00e0 une jeunesse qui n\u2019attend plus. La droite peut porter un message \u00e0 ce propos. Nous parlons ici de prot\u00e9ger notre patrimoine, notre souverainet\u00e9, nos paysages. Il s\u2019agit de faire de la transition \u00e9nerg\u00e9tique un levier de relocalisation, de r\u00e9industrialisation et de prosp\u00e9rit\u00e9 dans nos territoires. La droite ne peut se satisfaire de dire seulement non\u00a0: elle doit dire comment, o\u00f9 et pourquoi. Sinon, elle fait fausse route. La transition \u00e9nerg\u00e9tique n\u2019est pas une simple option. D\u2019apr\u00e8s RTE, le gestionnaire du r\u00e9seau public d\u2019\u00e9lectricit\u00e9, la consommation d\u2019\u00e9lectricit\u00e9 pourrait cro\u00eetre de 35\u00a0% d\u2019ici \u00e0 2050 par rapport \u00e0 2022. L\u2019intelligence artificielle, la multiplication des data centers, le passage massif \u00e0 la voiture \u00e9lectrique et les pics de chaleur r\u00e9clameront en effet, entre autres, toujours plus d\u2019\u00e9lectricit\u00e9. Enjeu d\u2019ind\u00e9pendance Bruno Retailleau lui-m\u00eame le rappelait dans son livre (L\u2019Observatoire, 2021): la cl\u00e9 r\u00e9side dans le mix \u00e9nerg\u00e9tique. Miser seulement sur le nucl\u00e9aire, c\u2019est ignorer l\u2019urgence. Un r\u00e9acteur met au moins quinze ans \u00e0 sortir de terre\u00a0; un champ photovolta\u00efque ou une \u00e9olienne terrestre, seulement deux \u00e0 cinq ans. Il faut ici raisonner en termes de compl\u00e9mentarit\u00e9, non d\u2019opposition. Il vous reste 54.02% de cet article \u00e0 lire. La suite est r\u00e9serv\u00e9e aux abonn\u00e9s.","og_url":"https:\/\/vof-news.eu\/fr\/maxime-maintier-membre-de-lr-sur-lecologie-la-droite-fait-fausse-route\/","og_site_name":"vof-news.eu","article_published_time":"2025-07-09T06:32:54+00:00","article_modified_time":"2025-07-09T06:33:07+00:00","author":"Author","twitter_card":"summary_large_image","twitter_misc":{"\u00c9crit par":"Author","Dur\u00e9e de lecture estim\u00e9e":"2 minutes"},"schema":{"@context":"https:\/\/schema.org","@graph":[{"@type":"WebPage","@id":"https:\/\/vof-news.eu\/fr\/maxime-maintier-membre-de-lr-sur-lecologie-la-droite-fait-fausse-route\/","url":"https:\/\/vof-news.eu\/fr\/maxime-maintier-membre-de-lr-sur-lecologie-la-droite-fait-fausse-route\/","name":"Maxime Maintier, membre de\u00a0LR\u00a0: \u00ab\u00a0Sur l\u2019\u00e9cologie, la\u00a0droite fait fausse route\u00a0\u00bb - vof-news.eu","isPartOf":{"@id":"https:\/\/vof-news.eu\/fr\/#website"},"datePublished":"2025-07-09T06:32:54+00:00","dateModified":"2025-07-09T06:33:07+00:00","author":{"@id":"https:\/\/vof-news.eu\/fr\/#\/schema\/person\/f6a2a4309f0561835797fd8c19b333ed"},"description":"La droite a vot\u00e9 avec le Rassemblement national, le 19\u00a0juin, \u00e0 l\u2019Assembl\u00e9e nationale, un moratoire sur l\u2019\u00e9olien et le photovolta\u00efque. Un mauvais signal, non seulement pour l\u2019\u00e9cologie, mais aussi pour la refondation que Bruno Retailleau promet \u00e0 notre famille politique. Comment esp\u00e9rer reconqu\u00e9rir \u00e9lecteurs et militants, particuli\u00e8rement chez les jeunes, si nous tournons le dos \u00e0 l\u2019un des d\u00e9fis majeurs du si\u00e8cle\u00a0? Pour la g\u00e9n\u00e9ration dont je fais partie, n\u00e9e avec le nouveau mill\u00e9naire, la question climatique n\u2019est pas un suppl\u00e9ment d\u2019\u00e2me\u00a0: nous avons grandi avec les probl\u00e9matiques environnementales et aspirons \u00e0 d\u00e9fendre un monde meilleur. C\u2019est donc une des cl\u00e9s de la cr\u00e9dibilit\u00e9 face \u00e0 une jeunesse qui n\u2019attend plus. La droite peut porter un message \u00e0 ce propos. Nous parlons ici de prot\u00e9ger notre patrimoine, notre souverainet\u00e9, nos paysages. Il s\u2019agit de faire de la transition \u00e9nerg\u00e9tique un levier de relocalisation, de r\u00e9industrialisation et de prosp\u00e9rit\u00e9 dans nos territoires. La droite ne peut se satisfaire de dire seulement non\u00a0: elle doit dire comment, o\u00f9 et pourquoi. Sinon, elle fait fausse route. La transition \u00e9nerg\u00e9tique n\u2019est pas une simple option. D\u2019apr\u00e8s RTE, le gestionnaire du r\u00e9seau public d\u2019\u00e9lectricit\u00e9, la consommation d\u2019\u00e9lectricit\u00e9 pourrait cro\u00eetre de 35\u00a0% d\u2019ici \u00e0 2050 par rapport \u00e0 2022. L\u2019intelligence artificielle, la multiplication des data centers, le passage massif \u00e0 la voiture \u00e9lectrique et les pics de chaleur r\u00e9clameront en effet, entre autres, toujours plus d\u2019\u00e9lectricit\u00e9. Enjeu d\u2019ind\u00e9pendance Bruno Retailleau lui-m\u00eame le rappelait dans son livre (L\u2019Observatoire, 2021): la cl\u00e9 r\u00e9side dans le mix \u00e9nerg\u00e9tique. Miser seulement sur le nucl\u00e9aire, c\u2019est ignorer l\u2019urgence. Un r\u00e9acteur met au moins quinze ans \u00e0 sortir de terre\u00a0; un champ photovolta\u00efque ou une \u00e9olienne terrestre, seulement deux \u00e0 cinq ans. Il faut ici raisonner en termes de compl\u00e9mentarit\u00e9, non d\u2019opposition. Il vous reste 54.02% de cet article \u00e0 lire. La suite est r\u00e9serv\u00e9e aux abonn\u00e9s.","breadcrumb":{"@id":"https:\/\/vof-news.eu\/fr\/maxime-maintier-membre-de-lr-sur-lecologie-la-droite-fait-fausse-route\/#breadcrumb"},"inLanguage":"fr-FR","potentialAction":[{"@type":"ReadAction","target":["https:\/\/vof-news.eu\/fr\/maxime-maintier-membre-de-lr-sur-lecologie-la-droite-fait-fausse-route\/"]}]},{"@type":"BreadcrumbList","@id":"https:\/\/vof-news.eu\/fr\/maxime-maintier-membre-de-lr-sur-lecologie-la-droite-fait-fausse-route\/#breadcrumb","itemListElement":[{"@type":"ListItem","position":1,"name":"Home","item":"https:\/\/vof-news.eu\/fr\/"},{"@type":"ListItem","position":2,"name":"Maxime Maintier, membre de\u00a0LR\u00a0: \u00ab\u00a0Sur l\u2019\u00e9cologie, la\u00a0droite fait fausse route\u00a0\u00bb"}]},{"@type":"WebSite","@id":"https:\/\/vof-news.eu\/fr\/#website","url":"https:\/\/vof-news.eu\/fr\/","name":"vof-news.eu","description":"","potentialAction":[{"@type":"SearchAction","target":{"@type":"EntryPoint","urlTemplate":"https:\/\/vof-news.eu\/fr\/?s={search_term_string}"},"query-input":"required name=search_term_string"}],"inLanguage":"fr-FR"},{"@type":"Person","@id":"https:\/\/vof-news.eu\/fr\/#\/schema\/person\/f6a2a4309f0561835797fd8c19b333ed","name":"Author","image":{"@type":"ImageObject","inLanguage":"fr-FR","@id":"https:\/\/vof-news.eu\/fr\/#\/schema\/person\/image\/","url":"https:\/\/secure.gravatar.com\/avatar\/b67e614b1b25b3e9c0c239efdd2fde5ab015b5affd6f1c3c85911ca4b384e790?s=96&d=mm&r=g","contentUrl":"https:\/\/secure.gravatar.com\/avatar\/b67e614b1b25b3e9c0c239efdd2fde5ab015b5affd6f1c3c85911ca4b384e790?s=96&d=mm&r=g","caption":"Author"},"sameAs":["http:\/\/vof-news.eu"],"url":"https:\/\/vof-news.eu\/fr\/author\/zwt6qxnjulxbnyg\/"}]}},"yoast_meta":{"yoast_wpseo_title":"","yoast_wpseo_metadesc":"","yoast_wpseo_canonical":""},"_links":{"self":[{"href":"https:\/\/vof-news.eu\/fr\/wp-json\/wp\/v2\/posts\/250155","targetHints":{"allow":["GET"]}}],"collection":[{"href":"https:\/\/vof-news.eu\/fr\/wp-json\/wp\/v2\/posts"}],"about":[{"href":"https:\/\/vof-news.eu\/fr\/wp-json\/wp\/v2\/types\/post"}],"author":[{"embeddable":true,"href":"https:\/\/vof-news.eu\/fr\/wp-json\/wp\/v2\/users\/1"}],"replies":[{"embeddable":true,"href":"https:\/\/vof-news.eu\/fr\/wp-json\/wp\/v2\/comments?post=250155"}],"version-history":[{"count":1,"href":"https:\/\/vof-news.eu\/fr\/wp-json\/wp\/v2\/posts\/250155\/revisions"}],"predecessor-version":[{"id":250156,"href":"https:\/\/vof-news.eu\/fr\/wp-json\/wp\/v2\/posts\/250155\/revisions\/250156"}],"wp:attachment":[{"href":"https:\/\/vof-news.eu\/fr\/wp-json\/wp\/v2\/media?parent=250155"}],"wp:term":[{"taxonomy":"category","embeddable":true,"href":"https:\/\/vof-news.eu\/fr\/wp-json\/wp\/v2\/categories?post=250155"},{"taxonomy":"post_tag","embeddable":true,"href":"https:\/\/vof-news.eu\/fr\/wp-json\/wp\/v2\/tags?post=250155"}],"curies":[{"name":"wp","href":"https:\/\/api.w.org\/{rel}","templated":true}]}}