{"id":250147,"date":"2025-07-09T09:31:59","date_gmt":"2025-07-09T06:31:59","guid":{"rendered":"https:\/\/vof-news.eu\/emmanuel-macron-en-visite-detat-a-londres-quand-la-marseillaise-resonne-a-windsor\/"},"modified":"2025-07-09T09:32:23","modified_gmt":"2025-07-09T06:32:23","slug":"emmanuel-macron-en-visite-detat-a-londres-quand-la-marseillaise-resonne-a-windsor","status":"publish","type":"post","link":"https:\/\/vof-news.eu\/fr\/emmanuel-macron-en-visite-detat-a-londres-quand-la-marseillaise-resonne-a-windsor\/","title":{"rendered":"Emmanuel Macron en visite d\u2019Etat \u00e0 Londres\u00a0: quand la Marseillaise r\u00e9sonne \u00e0 Windsor"},"content":{"rendered":"<article>\n<p>Des cal\u00e8ches, des uniformes en pagaille, des bijoux d\u2019exception, les ors de la Chambre des lords et m\u00eame un soleil resplendissant sur Londres et Windsor\u2026 <a href=\"https:\/\/www.lemonde.fr\/international\/article\/2025\/07\/08\/emmanuel-macron-evoque-le-brexit-devant-le-parlement-britannique-et-parle-d-une-decision-profondement-regrettable-mais-que-nous-respectons_6619919_3211.html\" rel=\"nofollow\">Tout \u00e9tait r\u00e9uni, mardi 8\u00a0juillet, pour le premier jour de la visite d\u2019Etat du pr\u00e9sident Emmanuel Macron au Royaume-Uni<\/a>. Il s\u2019agissait de d\u00e9montrer l\u2019endurance de la relation entre Paris et Londres en d\u00e9ployant toute la pompe de la monarchie britannique. Les deux pays se firent la guerre pendant des si\u00e8cles, <a href=\"https:\/\/www.lemonde.fr\/international\/article\/2024\/04\/08\/l-elysee-et-buckingham-celebrent-120-ans-d-entente-cordiale-avec-une-releve-de-la-garde-inedite-commune-aux-deux-palais_6226712_3210.html#:~:text=La%20signature%20de%20l'Entente,de%20la%20premi%C3%A8re%20guerre%20mondiale.\" rel=\"nofollow\">cohabitent pacifiquement depuis l\u2019entente cordiale de 1904<\/a>\u00a0et, face \u00e0 la mont\u00e9e des p\u00e9rils g\u00e9opolitiques, veulent d\u00e9sormais tirer un trait sur les tensions g\u00e9n\u00e9r\u00e9es par le Brexit de 2020.<\/p>\n<p>La journ\u00e9e a commenc\u00e9 sur la base militaire RAF Northolt, \u00e0 l\u2019ouest de la capitale britannique, o\u00f9 le couple pr\u00e9sidentiel fran\u00e7ais a \u00e9t\u00e9 accueilli \u00e0 sa sortie de l\u2019avion par le prince et la princesse de Galles, William and Catherine. Une marque sp\u00e9ciale d\u2019attention, ont soulign\u00e9 les m\u00e9dias britanniques, d\u2019autant que Catherine, en r\u00e9mission d\u2019un cancer, \u00e9tait habill\u00e9e en Dior de pied en cap.<\/p>\n<p>Le cort\u00e8ge s\u2019est rendu directement dans la ville de Windsor, pavois\u00e9e de drapeaux britanniques et fran\u00e7ais, o\u00f9 Emmanuel Macron et Charles III ont pris place pour une courte parade dans le \u00ab\u00a01902\u00a0State Landau\u00a0\u00bb, un carrosse sp\u00e9cialement construit pour le couronnement d\u2019Edouard VII, l\u2019arri\u00e8re grand-p\u00e8re d\u2019Elizabeth II, avant de dispara\u00eetre derri\u00e8re les hauts murs du ch\u00e2teau au son de la Marseillaise.<\/p>\n<p><strong>Il vous reste 57.47% de cet article \u00e0 lire. La suite est r\u00e9serv\u00e9e aux abonn\u00e9s.<\/strong><\/p>\n<\/article>\n","protected":false},"excerpt":{"rendered":"<p>Des cal\u00e8ches, des uniformes en pagaille, des bijoux d\u2019exception, les ors de la Chambre des lords et m\u00eame un soleil resplendissant sur Londres et Windsor\u2026 Tout \u00e9tait r\u00e9uni, mardi 8\u00a0juillet, pour le premier jour de la visite d\u2019Etat du pr\u00e9sident Emmanuel Macron au Royaume-Uni. Il s\u2019agissait de d\u00e9montrer l\u2019endurance de la relation entre Paris et<\/p>\n","protected":false},"author":1,"featured_media":250148,"comment_status":"open","ping_status":"open","sticky":false,"template":"","format":"standard","meta":{"footnotes":""},"categories":[68],"tags":[],"class_list":["post-250147","post","type-post","status-publish","format-standard","has-post-thumbnail","hentry","category-politics-fr"],"acf":[],"yoast_head":"<!-- This site is optimized with the Yoast SEO plugin v22.9 - https:\/\/yoast.com\/wordpress\/plugins\/seo\/ -->\n<title>Emmanuel Macron en visite d\u2019Etat \u00e0 Londres\u00a0: quand la Marseillaise r\u00e9sonne \u00e0 Windsor - vof-news.eu<\/title>\n<meta name=\"description\" content=\"Des cal\u00e8ches, des uniformes en pagaille, des bijoux d\u2019exception, les ors de la Chambre des lords et m\u00eame un soleil resplendissant sur Londres et Windsor\u2026 Tout \u00e9tait r\u00e9uni, mardi 8\u00a0juillet, pour le premier jour de la visite d\u2019Etat du pr\u00e9sident Emmanuel Macron au Royaume-Uni. Il s\u2019agissait de d\u00e9montrer l\u2019endurance de la relation entre Paris et Londres en d\u00e9ployant toute la pompe de la monarchie britannique. Les deux pays se firent la guerre pendant des si\u00e8cles, cohabitent pacifiquement depuis l\u2019entente cordiale de 1904\u00a0et, face \u00e0 la mont\u00e9e des p\u00e9rils g\u00e9opolitiques, veulent d\u00e9sormais tirer un trait sur les tensions g\u00e9n\u00e9r\u00e9es par le Brexit de 2020. La journ\u00e9e a commenc\u00e9 sur la base militaire RAF Northolt, \u00e0 l\u2019ouest de la capitale britannique, o\u00f9 le couple pr\u00e9sidentiel fran\u00e7ais a \u00e9t\u00e9 accueilli \u00e0 sa sortie de l\u2019avion par le prince et la princesse de Galles, William and Catherine. Une marque sp\u00e9ciale d\u2019attention, ont soulign\u00e9 les m\u00e9dias britanniques, d\u2019autant que Catherine, en r\u00e9mission d\u2019un cancer, \u00e9tait habill\u00e9e en Dior de pied en cap. Le cort\u00e8ge s\u2019est rendu directement dans la ville de Windsor, pavois\u00e9e de drapeaux britanniques et fran\u00e7ais, o\u00f9 Emmanuel Macron et Charles III ont pris place pour une courte parade dans le \u00ab\u00a01902\u00a0State Landau\u00a0\u00bb, un carrosse sp\u00e9cialement construit pour le couronnement d\u2019Edouard VII, l\u2019arri\u00e8re grand-p\u00e8re d\u2019Elizabeth II, avant de dispara\u00eetre derri\u00e8re les hauts murs du ch\u00e2teau au son de la Marseillaise. Il vous reste 57.47% de cet article \u00e0 lire. La suite est r\u00e9serv\u00e9e aux abonn\u00e9s.\" \/>\n<meta name=\"robots\" content=\"noindex, follow, max-snippet:-1, max-image-preview:large, max-video-preview:-1\" \/>\n<meta property=\"og:locale\" content=\"fr_FR\" \/>\n<meta property=\"og:type\" content=\"article\" \/>\n<meta property=\"og:title\" content=\"Emmanuel Macron en visite d\u2019Etat \u00e0 Londres\u00a0: quand la Marseillaise r\u00e9sonne \u00e0 Windsor - vof-news.eu\" \/>\n<meta property=\"og:description\" content=\"Des cal\u00e8ches, des uniformes en pagaille, des bijoux d\u2019exception, les ors de la Chambre des lords et m\u00eame un soleil resplendissant sur Londres et Windsor\u2026 Tout \u00e9tait r\u00e9uni, mardi 8\u00a0juillet, pour le premier jour de la visite d\u2019Etat du pr\u00e9sident Emmanuel Macron au Royaume-Uni. Il s\u2019agissait de d\u00e9montrer l\u2019endurance de la relation entre Paris et Londres en d\u00e9ployant toute la pompe de la monarchie britannique. Les deux pays se firent la guerre pendant des si\u00e8cles, cohabitent pacifiquement depuis l\u2019entente cordiale de 1904\u00a0et, face \u00e0 la mont\u00e9e des p\u00e9rils g\u00e9opolitiques, veulent d\u00e9sormais tirer un trait sur les tensions g\u00e9n\u00e9r\u00e9es par le Brexit de 2020. La journ\u00e9e a commenc\u00e9 sur la base militaire RAF Northolt, \u00e0 l\u2019ouest de la capitale britannique, o\u00f9 le couple pr\u00e9sidentiel fran\u00e7ais a \u00e9t\u00e9 accueilli \u00e0 sa sortie de l\u2019avion par le prince et la princesse de Galles, William and Catherine. Une marque sp\u00e9ciale d\u2019attention, ont soulign\u00e9 les m\u00e9dias britanniques, d\u2019autant que Catherine, en r\u00e9mission d\u2019un cancer, \u00e9tait habill\u00e9e en Dior de pied en cap. Le cort\u00e8ge s\u2019est rendu directement dans la ville de Windsor, pavois\u00e9e de drapeaux britanniques et fran\u00e7ais, o\u00f9 Emmanuel Macron et Charles III ont pris place pour une courte parade dans le \u00ab\u00a01902\u00a0State Landau\u00a0\u00bb, un carrosse sp\u00e9cialement construit pour le couronnement d\u2019Edouard VII, l\u2019arri\u00e8re grand-p\u00e8re d\u2019Elizabeth II, avant de dispara\u00eetre derri\u00e8re les hauts murs du ch\u00e2teau au son de la Marseillaise. Il vous reste 57.47% de cet article \u00e0 lire. La suite est r\u00e9serv\u00e9e aux abonn\u00e9s.\" \/>\n<meta property=\"og:url\" content=\"https:\/\/vof-news.eu\/fr\/emmanuel-macron-en-visite-detat-a-londres-quand-la-marseillaise-resonne-a-windsor\/\" \/>\n<meta property=\"og:site_name\" content=\"vof-news.eu\" \/>\n<meta property=\"article:published_time\" content=\"2025-07-09T06:31:59+00:00\" \/>\n<meta property=\"article:modified_time\" content=\"2025-07-09T06:32:23+00:00\" \/>\n<meta property=\"og:image\" content=\"https:\/\/vof-news.eu\/wp-content\/uploads\/2025\/07\/43302bb_ftp-import-images-1-hikv7wztslga-2025-07-08t182724z-1723373822-rc2cifa0lmri-rtrmadp-3-britain-france.jpg\" \/>\n\t<meta property=\"og:image:width\" content=\"664\" \/>\n\t<meta property=\"og:image:height\" content=\"443\" \/>\n\t<meta property=\"og:image:type\" content=\"image\/jpeg\" \/>\n<meta name=\"author\" content=\"Author\" \/>\n<meta name=\"twitter:card\" content=\"summary_large_image\" \/>\n<meta name=\"twitter:label1\" content=\"\u00c9crit par\" \/>\n\t<meta name=\"twitter:data1\" content=\"Author\" \/>\n\t<meta name=\"twitter:label2\" content=\"Dur\u00e9e de lecture estim\u00e9e\" \/>\n\t<meta name=\"twitter:data2\" content=\"1 minute\" \/>\n<script type=\"application\/ld+json\" class=\"yoast-schema-graph\">{\"@context\":\"https:\/\/schema.org\",\"@graph\":[{\"@type\":\"WebPage\",\"@id\":\"https:\/\/vof-news.eu\/fr\/emmanuel-macron-en-visite-detat-a-londres-quand-la-marseillaise-resonne-a-windsor\/\",\"url\":\"https:\/\/vof-news.eu\/fr\/emmanuel-macron-en-visite-detat-a-londres-quand-la-marseillaise-resonne-a-windsor\/\",\"name\":\"Emmanuel Macron en visite d\u2019Etat \u00e0 Londres\u00a0: quand la Marseillaise r\u00e9sonne \u00e0 Windsor - vof-news.eu\",\"isPartOf\":{\"@id\":\"https:\/\/vof-news.eu\/fr\/#website\"},\"primaryImageOfPage\":{\"@id\":\"https:\/\/vof-news.eu\/fr\/emmanuel-macron-en-visite-detat-a-londres-quand-la-marseillaise-resonne-a-windsor\/#primaryimage\"},\"image\":{\"@id\":\"https:\/\/vof-news.eu\/fr\/emmanuel-macron-en-visite-detat-a-londres-quand-la-marseillaise-resonne-a-windsor\/#primaryimage\"},\"thumbnailUrl\":\"https:\/\/vof-news.eu\/wp-content\/uploads\/2025\/07\/43302bb_ftp-import-images-1-hikv7wztslga-2025-07-08t182724z-1723373822-rc2cifa0lmri-rtrmadp-3-britain-france.jpg\",\"datePublished\":\"2025-07-09T06:31:59+00:00\",\"dateModified\":\"2025-07-09T06:32:23+00:00\",\"author\":{\"@id\":\"https:\/\/vof-news.eu\/fr\/#\/schema\/person\/f6a2a4309f0561835797fd8c19b333ed\"},\"description\":\"Des cal\u00e8ches, des uniformes en pagaille, des bijoux d\u2019exception, les ors de la Chambre des lords et m\u00eame un soleil resplendissant sur Londres et Windsor\u2026 Tout \u00e9tait r\u00e9uni, mardi 8\u00a0juillet, pour le premier jour de la visite d\u2019Etat du pr\u00e9sident Emmanuel Macron au Royaume-Uni. Il s\u2019agissait de d\u00e9montrer l\u2019endurance de la relation entre Paris et Londres en d\u00e9ployant toute la pompe de la monarchie britannique. Les deux pays se firent la guerre pendant des si\u00e8cles, cohabitent pacifiquement depuis l\u2019entente cordiale de 1904\u00a0et, face \u00e0 la mont\u00e9e des p\u00e9rils g\u00e9opolitiques, veulent d\u00e9sormais tirer un trait sur les tensions g\u00e9n\u00e9r\u00e9es par le Brexit de 2020. La journ\u00e9e a commenc\u00e9 sur la base militaire RAF Northolt, \u00e0 l\u2019ouest de la capitale britannique, o\u00f9 le couple pr\u00e9sidentiel fran\u00e7ais a \u00e9t\u00e9 accueilli \u00e0 sa sortie de l\u2019avion par le prince et la princesse de Galles, William and Catherine. Une marque sp\u00e9ciale d\u2019attention, ont soulign\u00e9 les m\u00e9dias britanniques, d\u2019autant que Catherine, en r\u00e9mission d\u2019un cancer, \u00e9tait habill\u00e9e en Dior de pied en cap. Le cort\u00e8ge s\u2019est rendu directement dans la ville de Windsor, pavois\u00e9e de drapeaux britanniques et fran\u00e7ais, o\u00f9 Emmanuel Macron et Charles III ont pris place pour une courte parade dans le \u00ab\u00a01902\u00a0State Landau\u00a0\u00bb, un carrosse sp\u00e9cialement construit pour le couronnement d\u2019Edouard VII, l\u2019arri\u00e8re grand-p\u00e8re d\u2019Elizabeth II, avant de dispara\u00eetre derri\u00e8re les hauts murs du ch\u00e2teau au son de la Marseillaise. Il vous reste 57.47% de cet article \u00e0 lire. La suite est r\u00e9serv\u00e9e aux abonn\u00e9s.\",\"breadcrumb\":{\"@id\":\"https:\/\/vof-news.eu\/fr\/emmanuel-macron-en-visite-detat-a-londres-quand-la-marseillaise-resonne-a-windsor\/#breadcrumb\"},\"inLanguage\":\"fr-FR\",\"potentialAction\":[{\"@type\":\"ReadAction\",\"target\":[\"https:\/\/vof-news.eu\/fr\/emmanuel-macron-en-visite-detat-a-londres-quand-la-marseillaise-resonne-a-windsor\/\"]}]},{\"@type\":\"ImageObject\",\"inLanguage\":\"fr-FR\",\"@id\":\"https:\/\/vof-news.eu\/fr\/emmanuel-macron-en-visite-detat-a-londres-quand-la-marseillaise-resonne-a-windsor\/#primaryimage\",\"url\":\"https:\/\/vof-news.eu\/wp-content\/uploads\/2025\/07\/43302bb_ftp-import-images-1-hikv7wztslga-2025-07-08t182724z-1723373822-rc2cifa0lmri-rtrmadp-3-britain-france.jpg\",\"contentUrl\":\"https:\/\/vof-news.eu\/wp-content\/uploads\/2025\/07\/43302bb_ftp-import-images-1-hikv7wztslga-2025-07-08t182724z-1723373822-rc2cifa0lmri-rtrmadp-3-britain-france.jpg\",\"width\":664,\"height\":443},{\"@type\":\"BreadcrumbList\",\"@id\":\"https:\/\/vof-news.eu\/fr\/emmanuel-macron-en-visite-detat-a-londres-quand-la-marseillaise-resonne-a-windsor\/#breadcrumb\",\"itemListElement\":[{\"@type\":\"ListItem\",\"position\":1,\"name\":\"Home\",\"item\":\"https:\/\/vof-news.eu\/fr\/\"},{\"@type\":\"ListItem\",\"position\":2,\"name\":\"Emmanuel Macron en visite d\u2019Etat \u00e0 Londres\u00a0: quand la Marseillaise r\u00e9sonne \u00e0 Windsor\"}]},{\"@type\":\"WebSite\",\"@id\":\"https:\/\/vof-news.eu\/fr\/#website\",\"url\":\"https:\/\/vof-news.eu\/fr\/\",\"name\":\"vof-news.eu\",\"description\":\"\",\"potentialAction\":[{\"@type\":\"SearchAction\",\"target\":{\"@type\":\"EntryPoint\",\"urlTemplate\":\"https:\/\/vof-news.eu\/fr\/?s={search_term_string}\"},\"query-input\":\"required name=search_term_string\"}],\"inLanguage\":\"fr-FR\"},{\"@type\":\"Person\",\"@id\":\"https:\/\/vof-news.eu\/fr\/#\/schema\/person\/f6a2a4309f0561835797fd8c19b333ed\",\"name\":\"Author\",\"image\":{\"@type\":\"ImageObject\",\"inLanguage\":\"fr-FR\",\"@id\":\"https:\/\/vof-news.eu\/fr\/#\/schema\/person\/image\/\",\"url\":\"https:\/\/secure.gravatar.com\/avatar\/b67e614b1b25b3e9c0c239efdd2fde5ab015b5affd6f1c3c85911ca4b384e790?s=96&d=mm&r=g\",\"contentUrl\":\"https:\/\/secure.gravatar.com\/avatar\/b67e614b1b25b3e9c0c239efdd2fde5ab015b5affd6f1c3c85911ca4b384e790?s=96&d=mm&r=g\",\"caption\":\"Author\"},\"sameAs\":[\"http:\/\/vof-news.eu\"],\"url\":\"https:\/\/vof-news.eu\/fr\/author\/zwt6qxnjulxbnyg\/\"}]}<\/script>\n<!-- \/ Yoast SEO plugin. -->","yoast_head_json":{"title":"Emmanuel Macron en visite d\u2019Etat \u00e0 Londres\u00a0: quand la Marseillaise r\u00e9sonne \u00e0 Windsor - vof-news.eu","description":"Des cal\u00e8ches, des uniformes en pagaille, des bijoux d\u2019exception, les ors de la Chambre des lords et m\u00eame un soleil resplendissant sur Londres et Windsor\u2026 Tout \u00e9tait r\u00e9uni, mardi 8\u00a0juillet, pour le premier jour de la visite d\u2019Etat du pr\u00e9sident Emmanuel Macron au Royaume-Uni. Il s\u2019agissait de d\u00e9montrer l\u2019endurance de la relation entre Paris et Londres en d\u00e9ployant toute la pompe de la monarchie britannique. Les deux pays se firent la guerre pendant des si\u00e8cles, cohabitent pacifiquement depuis l\u2019entente cordiale de 1904\u00a0et, face \u00e0 la mont\u00e9e des p\u00e9rils g\u00e9opolitiques, veulent d\u00e9sormais tirer un trait sur les tensions g\u00e9n\u00e9r\u00e9es par le Brexit de 2020. La journ\u00e9e a commenc\u00e9 sur la base militaire RAF Northolt, \u00e0 l\u2019ouest de la capitale britannique, o\u00f9 le couple pr\u00e9sidentiel fran\u00e7ais a \u00e9t\u00e9 accueilli \u00e0 sa sortie de l\u2019avion par le prince et la princesse de Galles, William and Catherine. Une marque sp\u00e9ciale d\u2019attention, ont soulign\u00e9 les m\u00e9dias britanniques, d\u2019autant que Catherine, en r\u00e9mission d\u2019un cancer, \u00e9tait habill\u00e9e en Dior de pied en cap. Le cort\u00e8ge s\u2019est rendu directement dans la ville de Windsor, pavois\u00e9e de drapeaux britanniques et fran\u00e7ais, o\u00f9 Emmanuel Macron et Charles III ont pris place pour une courte parade dans le \u00ab\u00a01902\u00a0State Landau\u00a0\u00bb, un carrosse sp\u00e9cialement construit pour le couronnement d\u2019Edouard VII, l\u2019arri\u00e8re grand-p\u00e8re d\u2019Elizabeth II, avant de dispara\u00eetre derri\u00e8re les hauts murs du ch\u00e2teau au son de la Marseillaise. Il vous reste 57.47% de cet article \u00e0 lire. La suite est r\u00e9serv\u00e9e aux abonn\u00e9s.","robots":{"index":"noindex","follow":"follow","max-snippet":"max-snippet:-1","max-image-preview":"max-image-preview:large","max-video-preview":"max-video-preview:-1"},"og_locale":"fr_FR","og_type":"article","og_title":"Emmanuel Macron en visite d\u2019Etat \u00e0 Londres\u00a0: quand la Marseillaise r\u00e9sonne \u00e0 Windsor - vof-news.eu","og_description":"Des cal\u00e8ches, des uniformes en pagaille, des bijoux d\u2019exception, les ors de la Chambre des lords et m\u00eame un soleil resplendissant sur Londres et Windsor\u2026 Tout \u00e9tait r\u00e9uni, mardi 8\u00a0juillet, pour le premier jour de la visite d\u2019Etat du pr\u00e9sident Emmanuel Macron au Royaume-Uni. Il s\u2019agissait de d\u00e9montrer l\u2019endurance de la relation entre Paris et Londres en d\u00e9ployant toute la pompe de la monarchie britannique. Les deux pays se firent la guerre pendant des si\u00e8cles, cohabitent pacifiquement depuis l\u2019entente cordiale de 1904\u00a0et, face \u00e0 la mont\u00e9e des p\u00e9rils g\u00e9opolitiques, veulent d\u00e9sormais tirer un trait sur les tensions g\u00e9n\u00e9r\u00e9es par le Brexit de 2020. La journ\u00e9e a commenc\u00e9 sur la base militaire RAF Northolt, \u00e0 l\u2019ouest de la capitale britannique, o\u00f9 le couple pr\u00e9sidentiel fran\u00e7ais a \u00e9t\u00e9 accueilli \u00e0 sa sortie de l\u2019avion par le prince et la princesse de Galles, William and Catherine. Une marque sp\u00e9ciale d\u2019attention, ont soulign\u00e9 les m\u00e9dias britanniques, d\u2019autant que Catherine, en r\u00e9mission d\u2019un cancer, \u00e9tait habill\u00e9e en Dior de pied en cap. Le cort\u00e8ge s\u2019est rendu directement dans la ville de Windsor, pavois\u00e9e de drapeaux britanniques et fran\u00e7ais, o\u00f9 Emmanuel Macron et Charles III ont pris place pour une courte parade dans le \u00ab\u00a01902\u00a0State Landau\u00a0\u00bb, un carrosse sp\u00e9cialement construit pour le couronnement d\u2019Edouard VII, l\u2019arri\u00e8re grand-p\u00e8re d\u2019Elizabeth II, avant de dispara\u00eetre derri\u00e8re les hauts murs du ch\u00e2teau au son de la Marseillaise. Il vous reste 57.47% de cet article \u00e0 lire. La suite est r\u00e9serv\u00e9e aux abonn\u00e9s.","og_url":"https:\/\/vof-news.eu\/fr\/emmanuel-macron-en-visite-detat-a-londres-quand-la-marseillaise-resonne-a-windsor\/","og_site_name":"vof-news.eu","article_published_time":"2025-07-09T06:31:59+00:00","article_modified_time":"2025-07-09T06:32:23+00:00","og_image":[{"width":664,"height":443,"url":"https:\/\/vof-news.eu\/wp-content\/uploads\/2025\/07\/43302bb_ftp-import-images-1-hikv7wztslga-2025-07-08t182724z-1723373822-rc2cifa0lmri-rtrmadp-3-britain-france.jpg","type":"image\/jpeg"}],"author":"Author","twitter_card":"summary_large_image","twitter_misc":{"\u00c9crit par":"Author","Dur\u00e9e de lecture estim\u00e9e":"1 minute"},"schema":{"@context":"https:\/\/schema.org","@graph":[{"@type":"WebPage","@id":"https:\/\/vof-news.eu\/fr\/emmanuel-macron-en-visite-detat-a-londres-quand-la-marseillaise-resonne-a-windsor\/","url":"https:\/\/vof-news.eu\/fr\/emmanuel-macron-en-visite-detat-a-londres-quand-la-marseillaise-resonne-a-windsor\/","name":"Emmanuel Macron en visite d\u2019Etat \u00e0 Londres\u00a0: quand la Marseillaise r\u00e9sonne \u00e0 Windsor - vof-news.eu","isPartOf":{"@id":"https:\/\/vof-news.eu\/fr\/#website"},"primaryImageOfPage":{"@id":"https:\/\/vof-news.eu\/fr\/emmanuel-macron-en-visite-detat-a-londres-quand-la-marseillaise-resonne-a-windsor\/#primaryimage"},"image":{"@id":"https:\/\/vof-news.eu\/fr\/emmanuel-macron-en-visite-detat-a-londres-quand-la-marseillaise-resonne-a-windsor\/#primaryimage"},"thumbnailUrl":"https:\/\/vof-news.eu\/wp-content\/uploads\/2025\/07\/43302bb_ftp-import-images-1-hikv7wztslga-2025-07-08t182724z-1723373822-rc2cifa0lmri-rtrmadp-3-britain-france.jpg","datePublished":"2025-07-09T06:31:59+00:00","dateModified":"2025-07-09T06:32:23+00:00","author":{"@id":"https:\/\/vof-news.eu\/fr\/#\/schema\/person\/f6a2a4309f0561835797fd8c19b333ed"},"description":"Des cal\u00e8ches, des uniformes en pagaille, des bijoux d\u2019exception, les ors de la Chambre des lords et m\u00eame un soleil resplendissant sur Londres et Windsor\u2026 Tout \u00e9tait r\u00e9uni, mardi 8\u00a0juillet, pour le premier jour de la visite d\u2019Etat du pr\u00e9sident Emmanuel Macron au Royaume-Uni. Il s\u2019agissait de d\u00e9montrer l\u2019endurance de la relation entre Paris et Londres en d\u00e9ployant toute la pompe de la monarchie britannique. Les deux pays se firent la guerre pendant des si\u00e8cles, cohabitent pacifiquement depuis l\u2019entente cordiale de 1904\u00a0et, face \u00e0 la mont\u00e9e des p\u00e9rils g\u00e9opolitiques, veulent d\u00e9sormais tirer un trait sur les tensions g\u00e9n\u00e9r\u00e9es par le Brexit de 2020. La journ\u00e9e a commenc\u00e9 sur la base militaire RAF Northolt, \u00e0 l\u2019ouest de la capitale britannique, o\u00f9 le couple pr\u00e9sidentiel fran\u00e7ais a \u00e9t\u00e9 accueilli \u00e0 sa sortie de l\u2019avion par le prince et la princesse de Galles, William and Catherine. Une marque sp\u00e9ciale d\u2019attention, ont soulign\u00e9 les m\u00e9dias britanniques, d\u2019autant que Catherine, en r\u00e9mission d\u2019un cancer, \u00e9tait habill\u00e9e en Dior de pied en cap. Le cort\u00e8ge s\u2019est rendu directement dans la ville de Windsor, pavois\u00e9e de drapeaux britanniques et fran\u00e7ais, o\u00f9 Emmanuel Macron et Charles III ont pris place pour une courte parade dans le \u00ab\u00a01902\u00a0State Landau\u00a0\u00bb, un carrosse sp\u00e9cialement construit pour le couronnement d\u2019Edouard VII, l\u2019arri\u00e8re grand-p\u00e8re d\u2019Elizabeth II, avant de dispara\u00eetre derri\u00e8re les hauts murs du ch\u00e2teau au son de la Marseillaise. Il vous reste 57.47% de cet article \u00e0 lire. La suite est r\u00e9serv\u00e9e aux abonn\u00e9s.","breadcrumb":{"@id":"https:\/\/vof-news.eu\/fr\/emmanuel-macron-en-visite-detat-a-londres-quand-la-marseillaise-resonne-a-windsor\/#breadcrumb"},"inLanguage":"fr-FR","potentialAction":[{"@type":"ReadAction","target":["https:\/\/vof-news.eu\/fr\/emmanuel-macron-en-visite-detat-a-londres-quand-la-marseillaise-resonne-a-windsor\/"]}]},{"@type":"ImageObject","inLanguage":"fr-FR","@id":"https:\/\/vof-news.eu\/fr\/emmanuel-macron-en-visite-detat-a-londres-quand-la-marseillaise-resonne-a-windsor\/#primaryimage","url":"https:\/\/vof-news.eu\/wp-content\/uploads\/2025\/07\/43302bb_ftp-import-images-1-hikv7wztslga-2025-07-08t182724z-1723373822-rc2cifa0lmri-rtrmadp-3-britain-france.jpg","contentUrl":"https:\/\/vof-news.eu\/wp-content\/uploads\/2025\/07\/43302bb_ftp-import-images-1-hikv7wztslga-2025-07-08t182724z-1723373822-rc2cifa0lmri-rtrmadp-3-britain-france.jpg","width":664,"height":443},{"@type":"BreadcrumbList","@id":"https:\/\/vof-news.eu\/fr\/emmanuel-macron-en-visite-detat-a-londres-quand-la-marseillaise-resonne-a-windsor\/#breadcrumb","itemListElement":[{"@type":"ListItem","position":1,"name":"Home","item":"https:\/\/vof-news.eu\/fr\/"},{"@type":"ListItem","position":2,"name":"Emmanuel Macron en visite d\u2019Etat \u00e0 Londres\u00a0: quand la Marseillaise r\u00e9sonne \u00e0 Windsor"}]},{"@type":"WebSite","@id":"https:\/\/vof-news.eu\/fr\/#website","url":"https:\/\/vof-news.eu\/fr\/","name":"vof-news.eu","description":"","potentialAction":[{"@type":"SearchAction","target":{"@type":"EntryPoint","urlTemplate":"https:\/\/vof-news.eu\/fr\/?s={search_term_string}"},"query-input":"required name=search_term_string"}],"inLanguage":"fr-FR"},{"@type":"Person","@id":"https:\/\/vof-news.eu\/fr\/#\/schema\/person\/f6a2a4309f0561835797fd8c19b333ed","name":"Author","image":{"@type":"ImageObject","inLanguage":"fr-FR","@id":"https:\/\/vof-news.eu\/fr\/#\/schema\/person\/image\/","url":"https:\/\/secure.gravatar.com\/avatar\/b67e614b1b25b3e9c0c239efdd2fde5ab015b5affd6f1c3c85911ca4b384e790?s=96&d=mm&r=g","contentUrl":"https:\/\/secure.gravatar.com\/avatar\/b67e614b1b25b3e9c0c239efdd2fde5ab015b5affd6f1c3c85911ca4b384e790?s=96&d=mm&r=g","caption":"Author"},"sameAs":["http:\/\/vof-news.eu"],"url":"https:\/\/vof-news.eu\/fr\/author\/zwt6qxnjulxbnyg\/"}]}},"yoast_meta":{"yoast_wpseo_title":"","yoast_wpseo_metadesc":"","yoast_wpseo_canonical":""},"_links":{"self":[{"href":"https:\/\/vof-news.eu\/fr\/wp-json\/wp\/v2\/posts\/250147","targetHints":{"allow":["GET"]}}],"collection":[{"href":"https:\/\/vof-news.eu\/fr\/wp-json\/wp\/v2\/posts"}],"about":[{"href":"https:\/\/vof-news.eu\/fr\/wp-json\/wp\/v2\/types\/post"}],"author":[{"embeddable":true,"href":"https:\/\/vof-news.eu\/fr\/wp-json\/wp\/v2\/users\/1"}],"replies":[{"embeddable":true,"href":"https:\/\/vof-news.eu\/fr\/wp-json\/wp\/v2\/comments?post=250147"}],"version-history":[{"count":1,"href":"https:\/\/vof-news.eu\/fr\/wp-json\/wp\/v2\/posts\/250147\/revisions"}],"predecessor-version":[{"id":250154,"href":"https:\/\/vof-news.eu\/fr\/wp-json\/wp\/v2\/posts\/250147\/revisions\/250154"}],"wp:featuredmedia":[{"embeddable":true,"href":"https:\/\/vof-news.eu\/fr\/wp-json\/wp\/v2\/media\/250148"}],"wp:attachment":[{"href":"https:\/\/vof-news.eu\/fr\/wp-json\/wp\/v2\/media?parent=250147"}],"wp:term":[{"taxonomy":"category","embeddable":true,"href":"https:\/\/vof-news.eu\/fr\/wp-json\/wp\/v2\/categories?post=250147"},{"taxonomy":"post_tag","embeddable":true,"href":"https:\/\/vof-news.eu\/fr\/wp-json\/wp\/v2\/tags?post=250147"}],"curies":[{"name":"wp","href":"https:\/\/api.w.org\/{rel}","templated":true}]}}