{"id":250041,"date":"2025-07-09T05:30:16","date_gmt":"2025-07-09T02:30:16","guid":{"rendered":"https:\/\/vof-news.eu\/les-deputes-votent-une-augmentation-de-lindemnite-des-elus-locaux\/"},"modified":"2025-07-09T05:30:41","modified_gmt":"2025-07-09T02:30:41","slug":"les-deputes-votent-une-augmentation-de-lindemnite-des-elus-locaux","status":"publish","type":"post","link":"https:\/\/vof-news.eu\/fr\/les-deputes-votent-une-augmentation-de-lindemnite-des-elus-locaux\/","title":{"rendered":"Les d\u00e9put\u00e9s votent une augmentation de l\u2019indemnit\u00e9 des \u00e9lus locaux"},"content":{"rendered":"<article>\n<p>A l\u2019Assembl\u00e9e nationale, les d\u00e9put\u00e9s ont de nouveau bataill\u00e9 mardi 8\u00a0juillet dans la soir\u00e9e sur la question de la r\u00e9mun\u00e9ration des \u00e9lus, et approuv\u00e9 une augmentation d\u00e9gressive des indemnit\u00e9s des maires adjoints pour les villes de moins de 20\u00a0000 habitants, dans le cadre de l\u2019examen d\u2019un texte sur le statut de l\u2019\u00e9lu.<\/p>\n<p>Les d\u00e9put\u00e9s ont approuv\u00e9 un amendement du gouvernement, l\u00e9g\u00e8rement modifi\u00e9 par la commission des lois, qui pr\u00e9voit une augmentation d\u00e9gressive en fonction de la taille des communes, de 10 \u00e0 4\u00a0%. La mesure permet de revaloriser avant tout les \u00e9lus des petites collectivit\u00e9s. La proposition de loi d\u2019origine s\u00e9natoriale devrait \u00eatre approuv\u00e9e dans son ensemble en premi\u00e8re lecture jeudi ou vendredi.<\/p>\n<p>Lundi, les d\u00e9put\u00e9s avaient approuv\u00e9 dans la confusion un amendement augmentant les indemnit\u00e9s des maires de mani\u00e8re d\u00e9gressive, d\u2019un peu moins de 8\u00a0% pour les communes de moins de 500\u00a0habitants, \u00e0 environ 1,4\u00a0% pour les communes de plus de 100\u00a0000\u00a0habitants. Le ministre de l\u2019am\u00e9nagement du territoire et de la d\u00e9centralisation, Fran\u00e7ois Rebsamen, a exprim\u00e9 le souhait que les deux mesures soient harmonis\u00e9es, ce qui pourrait donner lieu \u00e0 un second vote sur la r\u00e9mun\u00e9ration des maires.<\/p>\n<section>   <\/section>\n<h2>\u00ab\u00a0Compl\u00e8tement hors-sol\u00a0\u00bb<\/h2>\n<p>Le texte dans sa version s\u00e9natoriale proposait une augmentation uniforme de 10\u00a0% pour toutes les communes. Mais le gouvernement, \u00e0 l\u2019unisson de la majorit\u00e9 des parlementaires, a souhait\u00e9 concentrer la hausse sur les plus petites communes, dans un souci d\u2019\u00e9conomies. Quelques rares voix se sont \u00e9lev\u00e9es contre cette hausse, la d\u00e9put\u00e9e Horizons Marie-Agn\u00e8s Poussier-Winsback jugeant par exemple les d\u00e9bats , alors que le gouvernement est \u00e0 la recherche de 40\u00a0milliards d\u2019\u00e9conomies.<\/p>\n<p>Les d\u00e9put\u00e9s ont par ailleurs approuv\u00e9 contre l\u2019avis du gouvernement un article qui vise \u00e0 octroyer un trimestre de retraite par mandat aux \u00e9lus locaux, dans la limite de huit. La ministre du travail Astrid Panosyan-Bouvet a d\u00e9nonc\u00e9 une mesure , consistant \u00e0 attribuer des (\u2026) et en cr\u00e9ant .<\/p>\n<p>La d\u00e9put\u00e9e Renaissance Violette Spillbout a au contraire d\u00e9fendu la mesure, inspir\u00e9e d\u2019un avantage accord\u00e9e aux sapeurs-pompiers en\u00a02023, et r\u00e9clam\u00e9e par des associations d\u2019\u00e9lus, parce que beaucoup d\u2019entre eux (\u2026).<\/p>\n<section>   <\/section>\n<section>\n<p> <span>Le Monde avec AFP<\/span> <\/p>\n<\/section>\n<section>\n<section>\n<header>   <\/header>\n<section>\n<section> <a href=\"https:\/\/abo.lemonde.fr\/?lmd_medium=BOUTONS_LMFR&amp;lmd_campaign=CONTRIBUTION_ARTICLE\" rel=\"nofollow\">S\u2019abonner<\/a> <\/section>\n<\/section>\n<section><\/section>\n<\/section>\n<p>Contribuer<\/p>\n<p> <a href=\"https:\/\/www.lemonde.fr\/syndication\/\" rel=\"nofollow\">R\u00e9utiliser ce contenu<\/a> <\/section>\n<\/article>\n","protected":false},"excerpt":{"rendered":"<p>A l\u2019Assembl\u00e9e nationale, les d\u00e9put\u00e9s ont de nouveau bataill\u00e9 mardi 8\u00a0juillet dans la soir\u00e9e sur la question de la r\u00e9mun\u00e9ration des \u00e9lus, et approuv\u00e9 une augmentation d\u00e9gressive des indemnit\u00e9s des maires adjoints pour les villes de moins de 20\u00a0000 habitants, dans le cadre de l\u2019examen d\u2019un texte sur le statut de l\u2019\u00e9lu. Les d\u00e9put\u00e9s ont<\/p>\n","protected":false},"author":1,"featured_media":250042,"comment_status":"open","ping_status":"open","sticky":false,"template":"","format":"standard","meta":{"footnotes":""},"categories":[68],"tags":[],"class_list":["post-250041","post","type-post","status-publish","format-standard","has-post-thumbnail","hentry","category-politics-fr"],"acf":[],"yoast_head":"<!-- This site is optimized with the Yoast SEO plugin v22.9 - https:\/\/yoast.com\/wordpress\/plugins\/seo\/ -->\n<title>Les d\u00e9put\u00e9s votent une augmentation de l\u2019indemnit\u00e9 des \u00e9lus locaux - vof-news.eu<\/title>\n<meta name=\"description\" content=\"A l\u2019Assembl\u00e9e nationale, les d\u00e9put\u00e9s ont de nouveau bataill\u00e9 mardi 8\u00a0juillet dans la soir\u00e9e sur la question de la r\u00e9mun\u00e9ration des \u00e9lus, et approuv\u00e9 une augmentation d\u00e9gressive des indemnit\u00e9s des maires adjoints pour les villes de moins de 20\u00a0000 habitants, dans le cadre de l\u2019examen d\u2019un texte sur le statut de l\u2019\u00e9lu. Les d\u00e9put\u00e9s ont approuv\u00e9 un amendement du gouvernement, l\u00e9g\u00e8rement modifi\u00e9 par la commission des lois, qui pr\u00e9voit une augmentation d\u00e9gressive en fonction de la taille des communes, de 10 \u00e0 4\u00a0%. La mesure permet de revaloriser avant tout les \u00e9lus des petites collectivit\u00e9s. La proposition de loi d\u2019origine s\u00e9natoriale devrait \u00eatre approuv\u00e9e dans son ensemble en premi\u00e8re lecture jeudi ou vendredi. Lundi, les d\u00e9put\u00e9s avaient approuv\u00e9 dans la confusion un amendement augmentant les indemnit\u00e9s des maires de mani\u00e8re d\u00e9gressive, d\u2019un peu moins de 8\u00a0% pour les communes de moins de 500\u00a0habitants, \u00e0 environ 1,4\u00a0% pour les communes de plus de 100\u00a0000\u00a0habitants. Le ministre de l\u2019am\u00e9nagement du territoire et de la d\u00e9centralisation, Fran\u00e7ois Rebsamen, a exprim\u00e9 le souhait que les deux mesures soient harmonis\u00e9es, ce qui pourrait donner lieu \u00e0 un second vote sur la r\u00e9mun\u00e9ration des maires.   \u00ab\u00a0Compl\u00e8tement hors-sol\u00a0\u00bb Le texte dans sa version s\u00e9natoriale proposait une augmentation uniforme de 10\u00a0% pour toutes les communes. Mais le gouvernement, \u00e0 l\u2019unisson de la majorit\u00e9 des parlementaires, a souhait\u00e9 concentrer la hausse sur les plus petites communes, dans un souci d\u2019\u00e9conomies. Quelques rares voix se sont \u00e9lev\u00e9es contre cette hausse, la d\u00e9put\u00e9e Horizons Marie-Agn\u00e8s Poussier-Winsback jugeant par exemple les d\u00e9bats , alors que le gouvernement est \u00e0 la recherche de 40\u00a0milliards d\u2019\u00e9conomies. Les d\u00e9put\u00e9s ont par ailleurs approuv\u00e9 contre l\u2019avis du gouvernement un article qui vise \u00e0 octroyer un trimestre de retraite par mandat aux \u00e9lus locaux, dans la limite de huit. La ministre du travail Astrid Panosyan-Bouvet a d\u00e9nonc\u00e9 une mesure , consistant \u00e0 attribuer des (\u2026) et en cr\u00e9ant . La d\u00e9put\u00e9e Renaissance Violette Spillbout a au contraire d\u00e9fendu la mesure, inspir\u00e9e d\u2019un avantage accord\u00e9e aux sapeurs-pompiers en\u00a02023, et r\u00e9clam\u00e9e par des associations d\u2019\u00e9lus, parce que beaucoup d\u2019entre eux (\u2026).    Le Monde avec AFP      S\u2019abonner   Contribuer R\u00e9utiliser ce contenu\" \/>\n<meta name=\"robots\" content=\"noindex, follow, max-snippet:-1, max-image-preview:large, max-video-preview:-1\" \/>\n<meta property=\"og:locale\" content=\"fr_FR\" \/>\n<meta property=\"og:type\" content=\"article\" \/>\n<meta property=\"og:title\" content=\"Les d\u00e9put\u00e9s votent une augmentation de l\u2019indemnit\u00e9 des \u00e9lus locaux - vof-news.eu\" \/>\n<meta property=\"og:description\" content=\"A l\u2019Assembl\u00e9e nationale, les d\u00e9put\u00e9s ont de nouveau bataill\u00e9 mardi 8\u00a0juillet dans la soir\u00e9e sur la question de la r\u00e9mun\u00e9ration des \u00e9lus, et approuv\u00e9 une augmentation d\u00e9gressive des indemnit\u00e9s des maires adjoints pour les villes de moins de 20\u00a0000 habitants, dans le cadre de l\u2019examen d\u2019un texte sur le statut de l\u2019\u00e9lu. Les d\u00e9put\u00e9s ont approuv\u00e9 un amendement du gouvernement, l\u00e9g\u00e8rement modifi\u00e9 par la commission des lois, qui pr\u00e9voit une augmentation d\u00e9gressive en fonction de la taille des communes, de 10 \u00e0 4\u00a0%. La mesure permet de revaloriser avant tout les \u00e9lus des petites collectivit\u00e9s. La proposition de loi d\u2019origine s\u00e9natoriale devrait \u00eatre approuv\u00e9e dans son ensemble en premi\u00e8re lecture jeudi ou vendredi. Lundi, les d\u00e9put\u00e9s avaient approuv\u00e9 dans la confusion un amendement augmentant les indemnit\u00e9s des maires de mani\u00e8re d\u00e9gressive, d\u2019un peu moins de 8\u00a0% pour les communes de moins de 500\u00a0habitants, \u00e0 environ 1,4\u00a0% pour les communes de plus de 100\u00a0000\u00a0habitants. Le ministre de l\u2019am\u00e9nagement du territoire et de la d\u00e9centralisation, Fran\u00e7ois Rebsamen, a exprim\u00e9 le souhait que les deux mesures soient harmonis\u00e9es, ce qui pourrait donner lieu \u00e0 un second vote sur la r\u00e9mun\u00e9ration des maires.   \u00ab\u00a0Compl\u00e8tement hors-sol\u00a0\u00bb Le texte dans sa version s\u00e9natoriale proposait une augmentation uniforme de 10\u00a0% pour toutes les communes. Mais le gouvernement, \u00e0 l\u2019unisson de la majorit\u00e9 des parlementaires, a souhait\u00e9 concentrer la hausse sur les plus petites communes, dans un souci d\u2019\u00e9conomies. Quelques rares voix se sont \u00e9lev\u00e9es contre cette hausse, la d\u00e9put\u00e9e Horizons Marie-Agn\u00e8s Poussier-Winsback jugeant par exemple les d\u00e9bats , alors que le gouvernement est \u00e0 la recherche de 40\u00a0milliards d\u2019\u00e9conomies. Les d\u00e9put\u00e9s ont par ailleurs approuv\u00e9 contre l\u2019avis du gouvernement un article qui vise \u00e0 octroyer un trimestre de retraite par mandat aux \u00e9lus locaux, dans la limite de huit. La ministre du travail Astrid Panosyan-Bouvet a d\u00e9nonc\u00e9 une mesure , consistant \u00e0 attribuer des (\u2026) et en cr\u00e9ant . La d\u00e9put\u00e9e Renaissance Violette Spillbout a au contraire d\u00e9fendu la mesure, inspir\u00e9e d\u2019un avantage accord\u00e9e aux sapeurs-pompiers en\u00a02023, et r\u00e9clam\u00e9e par des associations d\u2019\u00e9lus, parce que beaucoup d\u2019entre eux (\u2026).    Le Monde avec AFP      S\u2019abonner   Contribuer R\u00e9utiliser ce contenu\" \/>\n<meta property=\"og:url\" content=\"https:\/\/vof-news.eu\/fr\/les-deputes-votent-une-augmentation-de-lindemnite-des-elus-locaux\/\" \/>\n<meta property=\"og:site_name\" content=\"vof-news.eu\" \/>\n<meta property=\"article:published_time\" content=\"2025-07-09T02:30:16+00:00\" \/>\n<meta property=\"article:modified_time\" content=\"2025-07-09T02:30:41+00:00\" \/>\n<meta property=\"og:image\" content=\"https:\/\/vof-news.eu\/wp-content\/uploads\/2025\/07\/f3b15f3_ftp-import-images-1-kaojn3amcwyb-5362908-01-06.jpg\" \/>\n\t<meta property=\"og:image:width\" content=\"664\" \/>\n\t<meta property=\"og:image:height\" content=\"443\" \/>\n\t<meta property=\"og:image:type\" content=\"image\/jpeg\" \/>\n<meta name=\"author\" content=\"Author\" \/>\n<meta name=\"twitter:card\" content=\"summary_large_image\" \/>\n<meta name=\"twitter:label1\" content=\"\u00c9crit par\" \/>\n\t<meta name=\"twitter:data1\" content=\"Author\" \/>\n\t<meta name=\"twitter:label2\" content=\"Dur\u00e9e de lecture estim\u00e9e\" \/>\n\t<meta name=\"twitter:data2\" content=\"2 minutes\" \/>\n<script type=\"application\/ld+json\" class=\"yoast-schema-graph\">{\"@context\":\"https:\/\/schema.org\",\"@graph\":[{\"@type\":\"WebPage\",\"@id\":\"https:\/\/vof-news.eu\/fr\/les-deputes-votent-une-augmentation-de-lindemnite-des-elus-locaux\/\",\"url\":\"https:\/\/vof-news.eu\/fr\/les-deputes-votent-une-augmentation-de-lindemnite-des-elus-locaux\/\",\"name\":\"Les d\u00e9put\u00e9s votent une augmentation de l\u2019indemnit\u00e9 des \u00e9lus locaux - vof-news.eu\",\"isPartOf\":{\"@id\":\"https:\/\/vof-news.eu\/fr\/#website\"},\"primaryImageOfPage\":{\"@id\":\"https:\/\/vof-news.eu\/fr\/les-deputes-votent-une-augmentation-de-lindemnite-des-elus-locaux\/#primaryimage\"},\"image\":{\"@id\":\"https:\/\/vof-news.eu\/fr\/les-deputes-votent-une-augmentation-de-lindemnite-des-elus-locaux\/#primaryimage\"},\"thumbnailUrl\":\"https:\/\/vof-news.eu\/wp-content\/uploads\/2025\/07\/f3b15f3_ftp-import-images-1-kaojn3amcwyb-5362908-01-06.jpg\",\"datePublished\":\"2025-07-09T02:30:16+00:00\",\"dateModified\":\"2025-07-09T02:30:41+00:00\",\"author\":{\"@id\":\"https:\/\/vof-news.eu\/fr\/#\/schema\/person\/f6a2a4309f0561835797fd8c19b333ed\"},\"description\":\"A l\u2019Assembl\u00e9e nationale, les d\u00e9put\u00e9s ont de nouveau bataill\u00e9 mardi 8\u00a0juillet dans la soir\u00e9e sur la question de la r\u00e9mun\u00e9ration des \u00e9lus, et approuv\u00e9 une augmentation d\u00e9gressive des indemnit\u00e9s des maires adjoints pour les villes de moins de 20\u00a0000 habitants, dans le cadre de l\u2019examen d\u2019un texte sur le statut de l\u2019\u00e9lu. Les d\u00e9put\u00e9s ont approuv\u00e9 un amendement du gouvernement, l\u00e9g\u00e8rement modifi\u00e9 par la commission des lois, qui pr\u00e9voit une augmentation d\u00e9gressive en fonction de la taille des communes, de 10 \u00e0 4\u00a0%. La mesure permet de revaloriser avant tout les \u00e9lus des petites collectivit\u00e9s. La proposition de loi d\u2019origine s\u00e9natoriale devrait \u00eatre approuv\u00e9e dans son ensemble en premi\u00e8re lecture jeudi ou vendredi. Lundi, les d\u00e9put\u00e9s avaient approuv\u00e9 dans la confusion un amendement augmentant les indemnit\u00e9s des maires de mani\u00e8re d\u00e9gressive, d\u2019un peu moins de 8\u00a0% pour les communes de moins de 500\u00a0habitants, \u00e0 environ 1,4\u00a0% pour les communes de plus de 100\u00a0000\u00a0habitants. Le ministre de l\u2019am\u00e9nagement du territoire et de la d\u00e9centralisation, Fran\u00e7ois Rebsamen, a exprim\u00e9 le souhait que les deux mesures soient harmonis\u00e9es, ce qui pourrait donner lieu \u00e0 un second vote sur la r\u00e9mun\u00e9ration des maires. \u00ab\u00a0Compl\u00e8tement hors-sol\u00a0\u00bb Le texte dans sa version s\u00e9natoriale proposait une augmentation uniforme de 10\u00a0% pour toutes les communes. Mais le gouvernement, \u00e0 l\u2019unisson de la majorit\u00e9 des parlementaires, a souhait\u00e9 concentrer la hausse sur les plus petites communes, dans un souci d\u2019\u00e9conomies. Quelques rares voix se sont \u00e9lev\u00e9es contre cette hausse, la d\u00e9put\u00e9e Horizons Marie-Agn\u00e8s Poussier-Winsback jugeant par exemple les d\u00e9bats , alors que le gouvernement est \u00e0 la recherche de 40\u00a0milliards d\u2019\u00e9conomies. Les d\u00e9put\u00e9s ont par ailleurs approuv\u00e9 contre l\u2019avis du gouvernement un article qui vise \u00e0 octroyer un trimestre de retraite par mandat aux \u00e9lus locaux, dans la limite de huit. La ministre du travail Astrid Panosyan-Bouvet a d\u00e9nonc\u00e9 une mesure , consistant \u00e0 attribuer des (\u2026) et en cr\u00e9ant . La d\u00e9put\u00e9e Renaissance Violette Spillbout a au contraire d\u00e9fendu la mesure, inspir\u00e9e d\u2019un avantage accord\u00e9e aux sapeurs-pompiers en\u00a02023, et r\u00e9clam\u00e9e par des associations d\u2019\u00e9lus, parce que beaucoup d\u2019entre eux (\u2026). Le Monde avec AFP S\u2019abonner Contribuer R\u00e9utiliser ce contenu\",\"breadcrumb\":{\"@id\":\"https:\/\/vof-news.eu\/fr\/les-deputes-votent-une-augmentation-de-lindemnite-des-elus-locaux\/#breadcrumb\"},\"inLanguage\":\"fr-FR\",\"potentialAction\":[{\"@type\":\"ReadAction\",\"target\":[\"https:\/\/vof-news.eu\/fr\/les-deputes-votent-une-augmentation-de-lindemnite-des-elus-locaux\/\"]}]},{\"@type\":\"ImageObject\",\"inLanguage\":\"fr-FR\",\"@id\":\"https:\/\/vof-news.eu\/fr\/les-deputes-votent-une-augmentation-de-lindemnite-des-elus-locaux\/#primaryimage\",\"url\":\"https:\/\/vof-news.eu\/wp-content\/uploads\/2025\/07\/f3b15f3_ftp-import-images-1-kaojn3amcwyb-5362908-01-06.jpg\",\"contentUrl\":\"https:\/\/vof-news.eu\/wp-content\/uploads\/2025\/07\/f3b15f3_ftp-import-images-1-kaojn3amcwyb-5362908-01-06.jpg\",\"width\":664,\"height\":443},{\"@type\":\"BreadcrumbList\",\"@id\":\"https:\/\/vof-news.eu\/fr\/les-deputes-votent-une-augmentation-de-lindemnite-des-elus-locaux\/#breadcrumb\",\"itemListElement\":[{\"@type\":\"ListItem\",\"position\":1,\"name\":\"Home\",\"item\":\"https:\/\/vof-news.eu\/fr\/\"},{\"@type\":\"ListItem\",\"position\":2,\"name\":\"Les d\u00e9put\u00e9s votent une augmentation de l\u2019indemnit\u00e9 des \u00e9lus locaux\"}]},{\"@type\":\"WebSite\",\"@id\":\"https:\/\/vof-news.eu\/fr\/#website\",\"url\":\"https:\/\/vof-news.eu\/fr\/\",\"name\":\"vof-news.eu\",\"description\":\"\",\"potentialAction\":[{\"@type\":\"SearchAction\",\"target\":{\"@type\":\"EntryPoint\",\"urlTemplate\":\"https:\/\/vof-news.eu\/fr\/?s={search_term_string}\"},\"query-input\":\"required name=search_term_string\"}],\"inLanguage\":\"fr-FR\"},{\"@type\":\"Person\",\"@id\":\"https:\/\/vof-news.eu\/fr\/#\/schema\/person\/f6a2a4309f0561835797fd8c19b333ed\",\"name\":\"Author\",\"image\":{\"@type\":\"ImageObject\",\"inLanguage\":\"fr-FR\",\"@id\":\"https:\/\/vof-news.eu\/fr\/#\/schema\/person\/image\/\",\"url\":\"https:\/\/secure.gravatar.com\/avatar\/b67e614b1b25b3e9c0c239efdd2fde5ab015b5affd6f1c3c85911ca4b384e790?s=96&d=mm&r=g\",\"contentUrl\":\"https:\/\/secure.gravatar.com\/avatar\/b67e614b1b25b3e9c0c239efdd2fde5ab015b5affd6f1c3c85911ca4b384e790?s=96&d=mm&r=g\",\"caption\":\"Author\"},\"sameAs\":[\"http:\/\/vof-news.eu\"],\"url\":\"https:\/\/vof-news.eu\/fr\/author\/zwt6qxnjulxbnyg\/\"}]}<\/script>\n<!-- \/ Yoast SEO plugin. -->","yoast_head_json":{"title":"Les d\u00e9put\u00e9s votent une augmentation de l\u2019indemnit\u00e9 des \u00e9lus locaux - vof-news.eu","description":"A l\u2019Assembl\u00e9e nationale, les d\u00e9put\u00e9s ont de nouveau bataill\u00e9 mardi 8\u00a0juillet dans la soir\u00e9e sur la question de la r\u00e9mun\u00e9ration des \u00e9lus, et approuv\u00e9 une augmentation d\u00e9gressive des indemnit\u00e9s des maires adjoints pour les villes de moins de 20\u00a0000 habitants, dans le cadre de l\u2019examen d\u2019un texte sur le statut de l\u2019\u00e9lu. Les d\u00e9put\u00e9s ont approuv\u00e9 un amendement du gouvernement, l\u00e9g\u00e8rement modifi\u00e9 par la commission des lois, qui pr\u00e9voit une augmentation d\u00e9gressive en fonction de la taille des communes, de 10 \u00e0 4\u00a0%. La mesure permet de revaloriser avant tout les \u00e9lus des petites collectivit\u00e9s. La proposition de loi d\u2019origine s\u00e9natoriale devrait \u00eatre approuv\u00e9e dans son ensemble en premi\u00e8re lecture jeudi ou vendredi. Lundi, les d\u00e9put\u00e9s avaient approuv\u00e9 dans la confusion un amendement augmentant les indemnit\u00e9s des maires de mani\u00e8re d\u00e9gressive, d\u2019un peu moins de 8\u00a0% pour les communes de moins de 500\u00a0habitants, \u00e0 environ 1,4\u00a0% pour les communes de plus de 100\u00a0000\u00a0habitants. Le ministre de l\u2019am\u00e9nagement du territoire et de la d\u00e9centralisation, Fran\u00e7ois Rebsamen, a exprim\u00e9 le souhait que les deux mesures soient harmonis\u00e9es, ce qui pourrait donner lieu \u00e0 un second vote sur la r\u00e9mun\u00e9ration des maires.   \u00ab\u00a0Compl\u00e8tement hors-sol\u00a0\u00bb Le texte dans sa version s\u00e9natoriale proposait une augmentation uniforme de 10\u00a0% pour toutes les communes. Mais le gouvernement, \u00e0 l\u2019unisson de la majorit\u00e9 des parlementaires, a souhait\u00e9 concentrer la hausse sur les plus petites communes, dans un souci d\u2019\u00e9conomies. Quelques rares voix se sont \u00e9lev\u00e9es contre cette hausse, la d\u00e9put\u00e9e Horizons Marie-Agn\u00e8s Poussier-Winsback jugeant par exemple les d\u00e9bats , alors que le gouvernement est \u00e0 la recherche de 40\u00a0milliards d\u2019\u00e9conomies. Les d\u00e9put\u00e9s ont par ailleurs approuv\u00e9 contre l\u2019avis du gouvernement un article qui vise \u00e0 octroyer un trimestre de retraite par mandat aux \u00e9lus locaux, dans la limite de huit. La ministre du travail Astrid Panosyan-Bouvet a d\u00e9nonc\u00e9 une mesure , consistant \u00e0 attribuer des (\u2026) et en cr\u00e9ant . La d\u00e9put\u00e9e Renaissance Violette Spillbout a au contraire d\u00e9fendu la mesure, inspir\u00e9e d\u2019un avantage accord\u00e9e aux sapeurs-pompiers en\u00a02023, et r\u00e9clam\u00e9e par des associations d\u2019\u00e9lus, parce que beaucoup d\u2019entre eux (\u2026).    Le Monde avec AFP      S\u2019abonner   Contribuer R\u00e9utiliser ce contenu","robots":{"index":"noindex","follow":"follow","max-snippet":"max-snippet:-1","max-image-preview":"max-image-preview:large","max-video-preview":"max-video-preview:-1"},"og_locale":"fr_FR","og_type":"article","og_title":"Les d\u00e9put\u00e9s votent une augmentation de l\u2019indemnit\u00e9 des \u00e9lus locaux - vof-news.eu","og_description":"A l\u2019Assembl\u00e9e nationale, les d\u00e9put\u00e9s ont de nouveau bataill\u00e9 mardi 8\u00a0juillet dans la soir\u00e9e sur la question de la r\u00e9mun\u00e9ration des \u00e9lus, et approuv\u00e9 une augmentation d\u00e9gressive des indemnit\u00e9s des maires adjoints pour les villes de moins de 20\u00a0000 habitants, dans le cadre de l\u2019examen d\u2019un texte sur le statut de l\u2019\u00e9lu. Les d\u00e9put\u00e9s ont approuv\u00e9 un amendement du gouvernement, l\u00e9g\u00e8rement modifi\u00e9 par la commission des lois, qui pr\u00e9voit une augmentation d\u00e9gressive en fonction de la taille des communes, de 10 \u00e0 4\u00a0%. La mesure permet de revaloriser avant tout les \u00e9lus des petites collectivit\u00e9s. La proposition de loi d\u2019origine s\u00e9natoriale devrait \u00eatre approuv\u00e9e dans son ensemble en premi\u00e8re lecture jeudi ou vendredi. Lundi, les d\u00e9put\u00e9s avaient approuv\u00e9 dans la confusion un amendement augmentant les indemnit\u00e9s des maires de mani\u00e8re d\u00e9gressive, d\u2019un peu moins de 8\u00a0% pour les communes de moins de 500\u00a0habitants, \u00e0 environ 1,4\u00a0% pour les communes de plus de 100\u00a0000\u00a0habitants. Le ministre de l\u2019am\u00e9nagement du territoire et de la d\u00e9centralisation, Fran\u00e7ois Rebsamen, a exprim\u00e9 le souhait que les deux mesures soient harmonis\u00e9es, ce qui pourrait donner lieu \u00e0 un second vote sur la r\u00e9mun\u00e9ration des maires.   \u00ab\u00a0Compl\u00e8tement hors-sol\u00a0\u00bb Le texte dans sa version s\u00e9natoriale proposait une augmentation uniforme de 10\u00a0% pour toutes les communes. Mais le gouvernement, \u00e0 l\u2019unisson de la majorit\u00e9 des parlementaires, a souhait\u00e9 concentrer la hausse sur les plus petites communes, dans un souci d\u2019\u00e9conomies. Quelques rares voix se sont \u00e9lev\u00e9es contre cette hausse, la d\u00e9put\u00e9e Horizons Marie-Agn\u00e8s Poussier-Winsback jugeant par exemple les d\u00e9bats , alors que le gouvernement est \u00e0 la recherche de 40\u00a0milliards d\u2019\u00e9conomies. Les d\u00e9put\u00e9s ont par ailleurs approuv\u00e9 contre l\u2019avis du gouvernement un article qui vise \u00e0 octroyer un trimestre de retraite par mandat aux \u00e9lus locaux, dans la limite de huit. La ministre du travail Astrid Panosyan-Bouvet a d\u00e9nonc\u00e9 une mesure , consistant \u00e0 attribuer des (\u2026) et en cr\u00e9ant . La d\u00e9put\u00e9e Renaissance Violette Spillbout a au contraire d\u00e9fendu la mesure, inspir\u00e9e d\u2019un avantage accord\u00e9e aux sapeurs-pompiers en\u00a02023, et r\u00e9clam\u00e9e par des associations d\u2019\u00e9lus, parce que beaucoup d\u2019entre eux (\u2026).    Le Monde avec AFP      S\u2019abonner   Contribuer R\u00e9utiliser ce contenu","og_url":"https:\/\/vof-news.eu\/fr\/les-deputes-votent-une-augmentation-de-lindemnite-des-elus-locaux\/","og_site_name":"vof-news.eu","article_published_time":"2025-07-09T02:30:16+00:00","article_modified_time":"2025-07-09T02:30:41+00:00","og_image":[{"width":664,"height":443,"url":"https:\/\/vof-news.eu\/wp-content\/uploads\/2025\/07\/f3b15f3_ftp-import-images-1-kaojn3amcwyb-5362908-01-06.jpg","type":"image\/jpeg"}],"author":"Author","twitter_card":"summary_large_image","twitter_misc":{"\u00c9crit par":"Author","Dur\u00e9e de lecture estim\u00e9e":"2 minutes"},"schema":{"@context":"https:\/\/schema.org","@graph":[{"@type":"WebPage","@id":"https:\/\/vof-news.eu\/fr\/les-deputes-votent-une-augmentation-de-lindemnite-des-elus-locaux\/","url":"https:\/\/vof-news.eu\/fr\/les-deputes-votent-une-augmentation-de-lindemnite-des-elus-locaux\/","name":"Les d\u00e9put\u00e9s votent une augmentation de l\u2019indemnit\u00e9 des \u00e9lus locaux - vof-news.eu","isPartOf":{"@id":"https:\/\/vof-news.eu\/fr\/#website"},"primaryImageOfPage":{"@id":"https:\/\/vof-news.eu\/fr\/les-deputes-votent-une-augmentation-de-lindemnite-des-elus-locaux\/#primaryimage"},"image":{"@id":"https:\/\/vof-news.eu\/fr\/les-deputes-votent-une-augmentation-de-lindemnite-des-elus-locaux\/#primaryimage"},"thumbnailUrl":"https:\/\/vof-news.eu\/wp-content\/uploads\/2025\/07\/f3b15f3_ftp-import-images-1-kaojn3amcwyb-5362908-01-06.jpg","datePublished":"2025-07-09T02:30:16+00:00","dateModified":"2025-07-09T02:30:41+00:00","author":{"@id":"https:\/\/vof-news.eu\/fr\/#\/schema\/person\/f6a2a4309f0561835797fd8c19b333ed"},"description":"A l\u2019Assembl\u00e9e nationale, les d\u00e9put\u00e9s ont de nouveau bataill\u00e9 mardi 8\u00a0juillet dans la soir\u00e9e sur la question de la r\u00e9mun\u00e9ration des \u00e9lus, et approuv\u00e9 une augmentation d\u00e9gressive des indemnit\u00e9s des maires adjoints pour les villes de moins de 20\u00a0000 habitants, dans le cadre de l\u2019examen d\u2019un texte sur le statut de l\u2019\u00e9lu. Les d\u00e9put\u00e9s ont approuv\u00e9 un amendement du gouvernement, l\u00e9g\u00e8rement modifi\u00e9 par la commission des lois, qui pr\u00e9voit une augmentation d\u00e9gressive en fonction de la taille des communes, de 10 \u00e0 4\u00a0%. La mesure permet de revaloriser avant tout les \u00e9lus des petites collectivit\u00e9s. La proposition de loi d\u2019origine s\u00e9natoriale devrait \u00eatre approuv\u00e9e dans son ensemble en premi\u00e8re lecture jeudi ou vendredi. Lundi, les d\u00e9put\u00e9s avaient approuv\u00e9 dans la confusion un amendement augmentant les indemnit\u00e9s des maires de mani\u00e8re d\u00e9gressive, d\u2019un peu moins de 8\u00a0% pour les communes de moins de 500\u00a0habitants, \u00e0 environ 1,4\u00a0% pour les communes de plus de 100\u00a0000\u00a0habitants. Le ministre de l\u2019am\u00e9nagement du territoire et de la d\u00e9centralisation, Fran\u00e7ois Rebsamen, a exprim\u00e9 le souhait que les deux mesures soient harmonis\u00e9es, ce qui pourrait donner lieu \u00e0 un second vote sur la r\u00e9mun\u00e9ration des maires. \u00ab\u00a0Compl\u00e8tement hors-sol\u00a0\u00bb Le texte dans sa version s\u00e9natoriale proposait une augmentation uniforme de 10\u00a0% pour toutes les communes. Mais le gouvernement, \u00e0 l\u2019unisson de la majorit\u00e9 des parlementaires, a souhait\u00e9 concentrer la hausse sur les plus petites communes, dans un souci d\u2019\u00e9conomies. Quelques rares voix se sont \u00e9lev\u00e9es contre cette hausse, la d\u00e9put\u00e9e Horizons Marie-Agn\u00e8s Poussier-Winsback jugeant par exemple les d\u00e9bats , alors que le gouvernement est \u00e0 la recherche de 40\u00a0milliards d\u2019\u00e9conomies. Les d\u00e9put\u00e9s ont par ailleurs approuv\u00e9 contre l\u2019avis du gouvernement un article qui vise \u00e0 octroyer un trimestre de retraite par mandat aux \u00e9lus locaux, dans la limite de huit. La ministre du travail Astrid Panosyan-Bouvet a d\u00e9nonc\u00e9 une mesure , consistant \u00e0 attribuer des (\u2026) et en cr\u00e9ant . La d\u00e9put\u00e9e Renaissance Violette Spillbout a au contraire d\u00e9fendu la mesure, inspir\u00e9e d\u2019un avantage accord\u00e9e aux sapeurs-pompiers en\u00a02023, et r\u00e9clam\u00e9e par des associations d\u2019\u00e9lus, parce que beaucoup d\u2019entre eux (\u2026). Le Monde avec AFP S\u2019abonner Contribuer R\u00e9utiliser ce contenu","breadcrumb":{"@id":"https:\/\/vof-news.eu\/fr\/les-deputes-votent-une-augmentation-de-lindemnite-des-elus-locaux\/#breadcrumb"},"inLanguage":"fr-FR","potentialAction":[{"@type":"ReadAction","target":["https:\/\/vof-news.eu\/fr\/les-deputes-votent-une-augmentation-de-lindemnite-des-elus-locaux\/"]}]},{"@type":"ImageObject","inLanguage":"fr-FR","@id":"https:\/\/vof-news.eu\/fr\/les-deputes-votent-une-augmentation-de-lindemnite-des-elus-locaux\/#primaryimage","url":"https:\/\/vof-news.eu\/wp-content\/uploads\/2025\/07\/f3b15f3_ftp-import-images-1-kaojn3amcwyb-5362908-01-06.jpg","contentUrl":"https:\/\/vof-news.eu\/wp-content\/uploads\/2025\/07\/f3b15f3_ftp-import-images-1-kaojn3amcwyb-5362908-01-06.jpg","width":664,"height":443},{"@type":"BreadcrumbList","@id":"https:\/\/vof-news.eu\/fr\/les-deputes-votent-une-augmentation-de-lindemnite-des-elus-locaux\/#breadcrumb","itemListElement":[{"@type":"ListItem","position":1,"name":"Home","item":"https:\/\/vof-news.eu\/fr\/"},{"@type":"ListItem","position":2,"name":"Les d\u00e9put\u00e9s votent une augmentation de l\u2019indemnit\u00e9 des \u00e9lus locaux"}]},{"@type":"WebSite","@id":"https:\/\/vof-news.eu\/fr\/#website","url":"https:\/\/vof-news.eu\/fr\/","name":"vof-news.eu","description":"","potentialAction":[{"@type":"SearchAction","target":{"@type":"EntryPoint","urlTemplate":"https:\/\/vof-news.eu\/fr\/?s={search_term_string}"},"query-input":"required name=search_term_string"}],"inLanguage":"fr-FR"},{"@type":"Person","@id":"https:\/\/vof-news.eu\/fr\/#\/schema\/person\/f6a2a4309f0561835797fd8c19b333ed","name":"Author","image":{"@type":"ImageObject","inLanguage":"fr-FR","@id":"https:\/\/vof-news.eu\/fr\/#\/schema\/person\/image\/","url":"https:\/\/secure.gravatar.com\/avatar\/b67e614b1b25b3e9c0c239efdd2fde5ab015b5affd6f1c3c85911ca4b384e790?s=96&d=mm&r=g","contentUrl":"https:\/\/secure.gravatar.com\/avatar\/b67e614b1b25b3e9c0c239efdd2fde5ab015b5affd6f1c3c85911ca4b384e790?s=96&d=mm&r=g","caption":"Author"},"sameAs":["http:\/\/vof-news.eu"],"url":"https:\/\/vof-news.eu\/fr\/author\/zwt6qxnjulxbnyg\/"}]}},"yoast_meta":{"yoast_wpseo_title":"","yoast_wpseo_metadesc":"","yoast_wpseo_canonical":""},"_links":{"self":[{"href":"https:\/\/vof-news.eu\/fr\/wp-json\/wp\/v2\/posts\/250041","targetHints":{"allow":["GET"]}}],"collection":[{"href":"https:\/\/vof-news.eu\/fr\/wp-json\/wp\/v2\/posts"}],"about":[{"href":"https:\/\/vof-news.eu\/fr\/wp-json\/wp\/v2\/types\/post"}],"author":[{"embeddable":true,"href":"https:\/\/vof-news.eu\/fr\/wp-json\/wp\/v2\/users\/1"}],"replies":[{"embeddable":true,"href":"https:\/\/vof-news.eu\/fr\/wp-json\/wp\/v2\/comments?post=250041"}],"version-history":[{"count":1,"href":"https:\/\/vof-news.eu\/fr\/wp-json\/wp\/v2\/posts\/250041\/revisions"}],"predecessor-version":[{"id":250048,"href":"https:\/\/vof-news.eu\/fr\/wp-json\/wp\/v2\/posts\/250041\/revisions\/250048"}],"wp:featuredmedia":[{"embeddable":true,"href":"https:\/\/vof-news.eu\/fr\/wp-json\/wp\/v2\/media\/250042"}],"wp:attachment":[{"href":"https:\/\/vof-news.eu\/fr\/wp-json\/wp\/v2\/media?parent=250041"}],"wp:term":[{"taxonomy":"category","embeddable":true,"href":"https:\/\/vof-news.eu\/fr\/wp-json\/wp\/v2\/categories?post=250041"},{"taxonomy":"post_tag","embeddable":true,"href":"https:\/\/vof-news.eu\/fr\/wp-json\/wp\/v2\/tags?post=250041"}],"curies":[{"name":"wp","href":"https:\/\/api.w.org\/{rel}","templated":true}]}}