{"id":250025,"date":"2025-07-09T03:30:13","date_gmt":"2025-07-09T00:30:13","guid":{"rendered":"https:\/\/vof-news.eu\/avenir-energetique-le-senat-approuve-a-nouveau-sa-loi-de-programmation-malgre-la-discorde-gouvernementale\/"},"modified":"2025-07-09T03:30:39","modified_gmt":"2025-07-09T00:30:39","slug":"avenir-energetique-le-senat-approuve-a-nouveau-sa-loi-de-programmation-malgre-la-discorde-gouvernementale","status":"publish","type":"post","link":"https:\/\/vof-news.eu\/fr\/avenir-energetique-le-senat-approuve-a-nouveau-sa-loi-de-programmation-malgre-la-discorde-gouvernementale\/","title":{"rendered":"Avenir \u00e9nerg\u00e9tique\u00a0: le S\u00e9nat approuve \u00e0 nouveau sa loi de programmation, malgr\u00e9 la discorde gouvernementale"},"content":{"rendered":"<article>\n<p>Encore une fois, le S\u00e9nat a approuv\u00e9 mardi 8\u00a0juillet une loi sur l\u2019avenir \u00e9nerg\u00e9tique de la France actant une relance massive du nucl\u00e9aire, cens\u00e9e aider l\u2019ex\u00e9cutif \u00e0 finaliser sa programmation pluriannuelle de l\u2019\u00e9nergie (PPE) , malgr\u00e9 les divergences gouvernementales r\u00e9centes sur les \u00e9nergies renouvelables.<\/p>\n<p>La proposition de loi du s\u00e9nateur Les R\u00e9publicains Daniel Gremillet (Vosges) a \u00e9t\u00e9 adopt\u00e9e dans la nuit \u00e0 221\u00a0voix contre\u00a024, en deuxi\u00e8me lecture. Elle doit d\u00e9sormais faire son retour fin septembre \u00e0 l\u2019Assembl\u00e9e nationale, o\u00f9 les d\u00e9bats inauguraux ont d\u00e9j\u00e0 \u00e9t\u00e9 tr\u00e8s chaotiques, conduisant \u00e0 son rejet en premi\u00e8re lecture fin juin.<\/p>\n<p>Au-del\u00e0 de l\u2019adoption de ce texte qui ne faisait aucun doute dans la chambre haute qui en est \u00e0 l\u2019initiative, les d\u00e9bats au S\u00e9nat ont surtout remis sur la table les passes d\u2019armes des derniers jours. La coalition gouvernementale est en effet fragilis\u00e9e par l\u2019opposition frontale entre camp macroniste et droite, depuis que le patron des R\u00e9publicains (LR) \u2212 et ministre de l\u2019int\u00e9rieur \u2212 Bruno Retailleau s\u2019est fendu d\u2019une tribune au dans laquelle il plaide pour la fin des  pour l\u2019\u00e9olien et le photovolta\u00efque.<\/p>\n<section>   <\/section>\n<p>, a martel\u00e9 le ministre de l\u2019industrie, Marc Ferracci (Renaissance), devant les s\u00e9nateurs, assurant que . Lui d\u00e9fend  Deux piliers qui figurent bien dans le texte examin\u00e9 au Parlement.<\/p>\n<h2>Quatorze nouveaux r\u00e9acteurs<\/h2>\n<p>Le groupe LR, premi\u00e8re force au S\u00e9nat, s\u2019est de son c\u00f4t\u00e9 employ\u00e9 \u00e0 expliquer que sa vision n\u2019\u00e9tait pas incompatible avec celle de Bruno Retailleau, qui est d\u2019ailleurs le coauteur du texte d\u00e9battu au S\u00e9nat. , a insist\u00e9 le s\u00e9nateur LR Alain Cadec.<\/p>\n<p>Mais, signe que le d\u00e9bat est loin d\u2019\u00eatre tranch\u00e9 \u00e0 droite, la pr\u00e9sidente LR d\u2019\u00cele-de-France Val\u00e9rie P\u00e9cresse a d\u00e9voil\u00e9 une position diff\u00e9rente de M. Retailleau, dans une contribution publi\u00e9e par  dimanche o\u00f9 elle fustige  rouverte entre nucl\u00e9aire et renouvelables.<\/p>\n<section>   <\/section>\n<p>La gauche n\u2019a pas manqu\u00e9 de s\u2019engager dans cette br\u00e8che, fustigeant ces dissensions comme l\u2019absence de volet financier dans cette loi programmatique, mise au d\u00e9bat sans \u00e9tude d\u2019impact ni avis du Conseil d\u2019Etat.<\/p>\n<p>, s\u2019est indign\u00e9 l\u2019\u00e9cologiste Yannick Jadot. Les \u00e9cologistes ont vot\u00e9 contre, les socialistes et communistes se sont eux abstenus.<\/p>\n<section>  <a href=\"https:\/\/www.lemonde.fr\/newsletters\/politique\/\" rel=\"nofollow\">    <\/a> <\/section>\n<p>La majorit\u00e9 s\u00e9natoriale d\u00e9fend tout de m\u00eame sa vision qu\u2019elle juge \u00a0: d\u2019une part une relance massive du nucl\u00e9aire, avec notamment la construction de quatorze nouveaux r\u00e9acteurs\u00a0; d\u2019autre part des objectifs pour l\u2019essor des \u00e9nergies renouvelables avec d\u2019ici 2030, une part d\u2019\u00e9nergie d\u00e9carbon\u00e9e d\u2019au moins 58\u00a0% de la consommation d\u2019\u00e9nergie en France, contre environ 40\u00a0% actuellement. Cette architecture a fait l\u2019objet de n\u00e9gociations entre gouvernement, s\u00e9nateurs et d\u00e9put\u00e9s de l\u2019ex-majorit\u00e9 pr\u00e9sidentielle, au point de faire quasiment consensus.<\/p>\n<section>   <\/section>\n<h2>Pas de moratoire<\/h2>\n<p>En tout cas, le moratoire sur les \u00e9nergies \u00e9olienne et solaire qui avait mis le feu aux poudres \u00e0 l\u2019Assembl\u00e9e nationale, convainquant les groupes de l\u2019ancienne majorit\u00e9 macroniste de voter contre l\u2019ensemble du texte, n\u2019est plus d\u2019actualit\u00e9\u00a0: il ne peut plus \u00eatre mis au d\u00e9bat en raison des r\u00e8gles de proc\u00e9dure parlementaire.<\/p>\n<p>Le S\u00e9nat n\u2019y \u00e9tait de toute fa\u00e7on pas favorable, m\u00eame s\u2019il a vot\u00e9 une mesure pr\u00e9cisant la n\u00e9cessit\u00e9 de  plut\u00f4t que l\u2019implantation de nouveaux projets.<\/p>\n<p>Les s\u00e9nateurs ont \u00e9galement plaid\u00e9 pour que le gouvernement attende l\u2019adoption d\u00e9finitive de cette loi pour finaliser sa programmation pluriannuelle de l\u2019\u00e9nergie (PPE), la trajectoire \u00e9nerg\u00e9tique qu\u2019il entend publier prochainement par d\u00e9cret.<\/p>\n<p>Le d\u00e9cret sera publi\u00e9 , a n\u00e9anmoins assur\u00e9 M. Ferracci. Un d\u00e9lai incompatible avec la deuxi\u00e8me lecture du texte par les d\u00e9put\u00e9s fin septembre, puis la tenue d\u2019une commission mixte paritaire attendue mi-octobre pour aboutir \u00e0 une r\u00e9daction commune aux deux chambres du Parlement.<\/p>\n<section>   <\/section>\n<section>\n<p> <span>Le Monde avec AFP<\/span> <\/p>\n<\/section>\n<section>\n<section>\n<header>   <\/header>\n<section>\n<section> <a href=\"https:\/\/abo.lemonde.fr\/?lmd_medium=BOUTONS_LMFR&amp;lmd_campaign=CONTRIBUTION_ARTICLE\" rel=\"nofollow\">S\u2019abonner<\/a> <\/section>\n<\/section>\n<section><\/section>\n<\/section>\n<p>Contribuer<\/p>\n<p> <a href=\"https:\/\/www.lemonde.fr\/syndication\/\" rel=\"nofollow\">R\u00e9utiliser ce contenu<\/a> <\/section>\n<\/article>\n","protected":false},"excerpt":{"rendered":"<p>Encore une fois, le S\u00e9nat a approuv\u00e9 mardi 8\u00a0juillet une loi sur l\u2019avenir \u00e9nerg\u00e9tique de la France actant une relance massive du nucl\u00e9aire, cens\u00e9e aider l\u2019ex\u00e9cutif \u00e0 finaliser sa programmation pluriannuelle de l\u2019\u00e9nergie (PPE) , malgr\u00e9 les divergences gouvernementales r\u00e9centes sur les \u00e9nergies renouvelables. La proposition de loi du s\u00e9nateur Les R\u00e9publicains Daniel Gremillet (Vosges)<\/p>\n","protected":false},"author":1,"featured_media":250026,"comment_status":"open","ping_status":"open","sticky":false,"template":"","format":"standard","meta":{"footnotes":""},"categories":[68],"tags":[],"class_list":["post-250025","post","type-post","status-publish","format-standard","has-post-thumbnail","hentry","category-politics-fr"],"acf":[],"yoast_head":"<!-- This site is optimized with the Yoast SEO plugin v22.9 - https:\/\/yoast.com\/wordpress\/plugins\/seo\/ -->\n<title>Avenir \u00e9nerg\u00e9tique\u00a0: le S\u00e9nat approuve \u00e0 nouveau sa loi de programmation, malgr\u00e9 la discorde gouvernementale - vof-news.eu<\/title>\n<meta name=\"description\" content=\"Encore une fois, le S\u00e9nat a approuv\u00e9 mardi 8\u00a0juillet une loi sur l\u2019avenir \u00e9nerg\u00e9tique de la France actant une relance massive du nucl\u00e9aire, cens\u00e9e aider l\u2019ex\u00e9cutif \u00e0 finaliser sa programmation pluriannuelle de l\u2019\u00e9nergie (PPE) , malgr\u00e9 les divergences gouvernementales r\u00e9centes sur les \u00e9nergies renouvelables. La proposition de loi du s\u00e9nateur Les R\u00e9publicains Daniel Gremillet (Vosges) a \u00e9t\u00e9 adopt\u00e9e dans la nuit \u00e0 221\u00a0voix contre\u00a024, en deuxi\u00e8me lecture. Elle doit d\u00e9sormais faire son retour fin septembre \u00e0 l\u2019Assembl\u00e9e nationale, o\u00f9 les d\u00e9bats inauguraux ont d\u00e9j\u00e0 \u00e9t\u00e9 tr\u00e8s chaotiques, conduisant \u00e0 son rejet en premi\u00e8re lecture fin juin. Au-del\u00e0 de l\u2019adoption de ce texte qui ne faisait aucun doute dans la chambre haute qui en est \u00e0 l\u2019initiative, les d\u00e9bats au S\u00e9nat ont surtout remis sur la table les passes d\u2019armes des derniers jours. La coalition gouvernementale est en effet fragilis\u00e9e par l\u2019opposition frontale entre camp macroniste et droite, depuis que le patron des R\u00e9publicains (LR) \u2212 et ministre de l\u2019int\u00e9rieur \u2212 Bruno Retailleau s\u2019est fendu d\u2019une tribune au dans laquelle il plaide pour la fin des pour l\u2019\u00e9olien et le photovolta\u00efque.   , a martel\u00e9 le ministre de l\u2019industrie, Marc Ferracci (Renaissance), devant les s\u00e9nateurs, assurant que . Lui d\u00e9fend Deux piliers qui figurent bien dans le texte examin\u00e9 au Parlement. Quatorze nouveaux r\u00e9acteurs Le groupe LR, premi\u00e8re force au S\u00e9nat, s\u2019est de son c\u00f4t\u00e9 employ\u00e9 \u00e0 expliquer que sa vision n\u2019\u00e9tait pas incompatible avec celle de Bruno Retailleau, qui est d\u2019ailleurs le coauteur du texte d\u00e9battu au S\u00e9nat. , a insist\u00e9 le s\u00e9nateur LR Alain Cadec. Mais, signe que le d\u00e9bat est loin d\u2019\u00eatre tranch\u00e9 \u00e0 droite, la pr\u00e9sidente LR d\u2019\u00cele-de-France Val\u00e9rie P\u00e9cresse a d\u00e9voil\u00e9 une position diff\u00e9rente de M. Retailleau, dans une contribution publi\u00e9e par dimanche o\u00f9 elle fustige rouverte entre nucl\u00e9aire et renouvelables.   La gauche n\u2019a pas manqu\u00e9 de s\u2019engager dans cette br\u00e8che, fustigeant ces dissensions comme l\u2019absence de volet financier dans cette loi programmatique, mise au d\u00e9bat sans \u00e9tude d\u2019impact ni avis du Conseil d\u2019Etat. , s\u2019est indign\u00e9 l\u2019\u00e9cologiste Yannick Jadot. Les \u00e9cologistes ont vot\u00e9 contre, les socialistes et communistes se sont eux abstenus.     La majorit\u00e9 s\u00e9natoriale d\u00e9fend tout de m\u00eame sa vision qu\u2019elle juge \u00a0: d\u2019une part une relance massive du nucl\u00e9aire, avec notamment la construction de quatorze nouveaux r\u00e9acteurs\u00a0; d\u2019autre part des objectifs pour l\u2019essor des \u00e9nergies renouvelables avec d\u2019ici 2030, une part d\u2019\u00e9nergie d\u00e9carbon\u00e9e d\u2019au moins 58\u00a0% de la consommation d\u2019\u00e9nergie en France, contre environ 40\u00a0% actuellement. Cette architecture a fait l\u2019objet de n\u00e9gociations entre gouvernement, s\u00e9nateurs et d\u00e9put\u00e9s de l\u2019ex-majorit\u00e9 pr\u00e9sidentielle, au point de faire quasiment consensus.   Pas de moratoire En tout cas, le moratoire sur les \u00e9nergies \u00e9olienne et solaire qui avait mis le feu aux poudres \u00e0 l\u2019Assembl\u00e9e nationale, convainquant les groupes de l\u2019ancienne majorit\u00e9 macroniste de voter contre l\u2019ensemble du texte, n\u2019est plus d\u2019actualit\u00e9\u00a0: il ne peut plus \u00eatre mis au d\u00e9bat en raison des r\u00e8gles de proc\u00e9dure parlementaire. Le S\u00e9nat n\u2019y \u00e9tait de toute fa\u00e7on pas favorable, m\u00eame s\u2019il a vot\u00e9 une mesure pr\u00e9cisant la n\u00e9cessit\u00e9 de plut\u00f4t que l\u2019implantation de nouveaux projets. Les s\u00e9nateurs ont \u00e9galement plaid\u00e9 pour que le gouvernement attende l\u2019adoption d\u00e9finitive de cette loi pour finaliser sa programmation pluriannuelle de l\u2019\u00e9nergie (PPE), la trajectoire \u00e9nerg\u00e9tique qu\u2019il entend publier prochainement par d\u00e9cret. Le d\u00e9cret sera publi\u00e9 , a n\u00e9anmoins assur\u00e9 M. Ferracci. Un d\u00e9lai incompatible avec la deuxi\u00e8me lecture du texte par les d\u00e9put\u00e9s fin septembre, puis la tenue d\u2019une commission mixte paritaire attendue mi-octobre pour aboutir \u00e0 une r\u00e9daction commune aux deux chambres du Parlement.    Le Monde avec AFP      S\u2019abonner   Contribuer R\u00e9utiliser ce contenu\" \/>\n<meta name=\"robots\" content=\"noindex, follow, max-snippet:-1, max-image-preview:large, max-video-preview:-1\" \/>\n<meta property=\"og:locale\" content=\"fr_FR\" \/>\n<meta property=\"og:type\" content=\"article\" \/>\n<meta property=\"og:title\" content=\"Avenir \u00e9nerg\u00e9tique\u00a0: le S\u00e9nat approuve \u00e0 nouveau sa loi de programmation, malgr\u00e9 la discorde gouvernementale - vof-news.eu\" \/>\n<meta property=\"og:description\" content=\"Encore une fois, le S\u00e9nat a approuv\u00e9 mardi 8\u00a0juillet une loi sur l\u2019avenir \u00e9nerg\u00e9tique de la France actant une relance massive du nucl\u00e9aire, cens\u00e9e aider l\u2019ex\u00e9cutif \u00e0 finaliser sa programmation pluriannuelle de l\u2019\u00e9nergie (PPE) , malgr\u00e9 les divergences gouvernementales r\u00e9centes sur les \u00e9nergies renouvelables. La proposition de loi du s\u00e9nateur Les R\u00e9publicains Daniel Gremillet (Vosges) a \u00e9t\u00e9 adopt\u00e9e dans la nuit \u00e0 221\u00a0voix contre\u00a024, en deuxi\u00e8me lecture. Elle doit d\u00e9sormais faire son retour fin septembre \u00e0 l\u2019Assembl\u00e9e nationale, o\u00f9 les d\u00e9bats inauguraux ont d\u00e9j\u00e0 \u00e9t\u00e9 tr\u00e8s chaotiques, conduisant \u00e0 son rejet en premi\u00e8re lecture fin juin. Au-del\u00e0 de l\u2019adoption de ce texte qui ne faisait aucun doute dans la chambre haute qui en est \u00e0 l\u2019initiative, les d\u00e9bats au S\u00e9nat ont surtout remis sur la table les passes d\u2019armes des derniers jours. La coalition gouvernementale est en effet fragilis\u00e9e par l\u2019opposition frontale entre camp macroniste et droite, depuis que le patron des R\u00e9publicains (LR) \u2212 et ministre de l\u2019int\u00e9rieur \u2212 Bruno Retailleau s\u2019est fendu d\u2019une tribune au dans laquelle il plaide pour la fin des pour l\u2019\u00e9olien et le photovolta\u00efque.   , a martel\u00e9 le ministre de l\u2019industrie, Marc Ferracci (Renaissance), devant les s\u00e9nateurs, assurant que . Lui d\u00e9fend Deux piliers qui figurent bien dans le texte examin\u00e9 au Parlement. Quatorze nouveaux r\u00e9acteurs Le groupe LR, premi\u00e8re force au S\u00e9nat, s\u2019est de son c\u00f4t\u00e9 employ\u00e9 \u00e0 expliquer que sa vision n\u2019\u00e9tait pas incompatible avec celle de Bruno Retailleau, qui est d\u2019ailleurs le coauteur du texte d\u00e9battu au S\u00e9nat. , a insist\u00e9 le s\u00e9nateur LR Alain Cadec. Mais, signe que le d\u00e9bat est loin d\u2019\u00eatre tranch\u00e9 \u00e0 droite, la pr\u00e9sidente LR d\u2019\u00cele-de-France Val\u00e9rie P\u00e9cresse a d\u00e9voil\u00e9 une position diff\u00e9rente de M. Retailleau, dans une contribution publi\u00e9e par dimanche o\u00f9 elle fustige rouverte entre nucl\u00e9aire et renouvelables.   La gauche n\u2019a pas manqu\u00e9 de s\u2019engager dans cette br\u00e8che, fustigeant ces dissensions comme l\u2019absence de volet financier dans cette loi programmatique, mise au d\u00e9bat sans \u00e9tude d\u2019impact ni avis du Conseil d\u2019Etat. , s\u2019est indign\u00e9 l\u2019\u00e9cologiste Yannick Jadot. Les \u00e9cologistes ont vot\u00e9 contre, les socialistes et communistes se sont eux abstenus.     La majorit\u00e9 s\u00e9natoriale d\u00e9fend tout de m\u00eame sa vision qu\u2019elle juge \u00a0: d\u2019une part une relance massive du nucl\u00e9aire, avec notamment la construction de quatorze nouveaux r\u00e9acteurs\u00a0; d\u2019autre part des objectifs pour l\u2019essor des \u00e9nergies renouvelables avec d\u2019ici 2030, une part d\u2019\u00e9nergie d\u00e9carbon\u00e9e d\u2019au moins 58\u00a0% de la consommation d\u2019\u00e9nergie en France, contre environ 40\u00a0% actuellement. Cette architecture a fait l\u2019objet de n\u00e9gociations entre gouvernement, s\u00e9nateurs et d\u00e9put\u00e9s de l\u2019ex-majorit\u00e9 pr\u00e9sidentielle, au point de faire quasiment consensus.   Pas de moratoire En tout cas, le moratoire sur les \u00e9nergies \u00e9olienne et solaire qui avait mis le feu aux poudres \u00e0 l\u2019Assembl\u00e9e nationale, convainquant les groupes de l\u2019ancienne majorit\u00e9 macroniste de voter contre l\u2019ensemble du texte, n\u2019est plus d\u2019actualit\u00e9\u00a0: il ne peut plus \u00eatre mis au d\u00e9bat en raison des r\u00e8gles de proc\u00e9dure parlementaire. Le S\u00e9nat n\u2019y \u00e9tait de toute fa\u00e7on pas favorable, m\u00eame s\u2019il a vot\u00e9 une mesure pr\u00e9cisant la n\u00e9cessit\u00e9 de plut\u00f4t que l\u2019implantation de nouveaux projets. Les s\u00e9nateurs ont \u00e9galement plaid\u00e9 pour que le gouvernement attende l\u2019adoption d\u00e9finitive de cette loi pour finaliser sa programmation pluriannuelle de l\u2019\u00e9nergie (PPE), la trajectoire \u00e9nerg\u00e9tique qu\u2019il entend publier prochainement par d\u00e9cret. Le d\u00e9cret sera publi\u00e9 , a n\u00e9anmoins assur\u00e9 M. Ferracci. Un d\u00e9lai incompatible avec la deuxi\u00e8me lecture du texte par les d\u00e9put\u00e9s fin septembre, puis la tenue d\u2019une commission mixte paritaire attendue mi-octobre pour aboutir \u00e0 une r\u00e9daction commune aux deux chambres du Parlement.    Le Monde avec AFP      S\u2019abonner   Contribuer R\u00e9utiliser ce contenu\" \/>\n<meta property=\"og:url\" content=\"https:\/\/vof-news.eu\/fr\/avenir-energetique-le-senat-approuve-a-nouveau-sa-loi-de-programmation-malgre-la-discorde-gouvernementale\/\" \/>\n<meta property=\"og:site_name\" content=\"vof-news.eu\" \/>\n<meta property=\"article:published_time\" content=\"2025-07-09T00:30:13+00:00\" \/>\n<meta property=\"article:modified_time\" content=\"2025-07-09T00:30:39+00:00\" \/>\n<meta property=\"og:image\" content=\"https:\/\/vof-news.eu\/wp-content\/uploads\/2025\/07\/a210525_upload-1-8ys6b27inw4n-000-36vp3aw.jpg\" \/>\n\t<meta property=\"og:image:width\" content=\"664\" \/>\n\t<meta property=\"og:image:height\" content=\"443\" \/>\n\t<meta property=\"og:image:type\" content=\"image\/jpeg\" \/>\n<meta name=\"author\" content=\"Author\" \/>\n<meta name=\"twitter:card\" content=\"summary_large_image\" \/>\n<meta name=\"twitter:label1\" content=\"\u00c9crit par\" \/>\n\t<meta name=\"twitter:data1\" content=\"Author\" \/>\n\t<meta name=\"twitter:label2\" content=\"Dur\u00e9e de lecture estim\u00e9e\" \/>\n\t<meta name=\"twitter:data2\" content=\"3 minutes\" \/>\n<script type=\"application\/ld+json\" class=\"yoast-schema-graph\">{\"@context\":\"https:\/\/schema.org\",\"@graph\":[{\"@type\":\"WebPage\",\"@id\":\"https:\/\/vof-news.eu\/fr\/avenir-energetique-le-senat-approuve-a-nouveau-sa-loi-de-programmation-malgre-la-discorde-gouvernementale\/\",\"url\":\"https:\/\/vof-news.eu\/fr\/avenir-energetique-le-senat-approuve-a-nouveau-sa-loi-de-programmation-malgre-la-discorde-gouvernementale\/\",\"name\":\"Avenir \u00e9nerg\u00e9tique\u00a0: le S\u00e9nat approuve \u00e0 nouveau sa loi de programmation, malgr\u00e9 la discorde gouvernementale - vof-news.eu\",\"isPartOf\":{\"@id\":\"https:\/\/vof-news.eu\/fr\/#website\"},\"primaryImageOfPage\":{\"@id\":\"https:\/\/vof-news.eu\/fr\/avenir-energetique-le-senat-approuve-a-nouveau-sa-loi-de-programmation-malgre-la-discorde-gouvernementale\/#primaryimage\"},\"image\":{\"@id\":\"https:\/\/vof-news.eu\/fr\/avenir-energetique-le-senat-approuve-a-nouveau-sa-loi-de-programmation-malgre-la-discorde-gouvernementale\/#primaryimage\"},\"thumbnailUrl\":\"https:\/\/vof-news.eu\/wp-content\/uploads\/2025\/07\/a210525_upload-1-8ys6b27inw4n-000-36vp3aw.jpg\",\"datePublished\":\"2025-07-09T00:30:13+00:00\",\"dateModified\":\"2025-07-09T00:30:39+00:00\",\"author\":{\"@id\":\"https:\/\/vof-news.eu\/fr\/#\/schema\/person\/f6a2a4309f0561835797fd8c19b333ed\"},\"description\":\"Encore une fois, le S\u00e9nat a approuv\u00e9 mardi 8\u00a0juillet une loi sur l\u2019avenir \u00e9nerg\u00e9tique de la France actant une relance massive du nucl\u00e9aire, cens\u00e9e aider l\u2019ex\u00e9cutif \u00e0 finaliser sa programmation pluriannuelle de l\u2019\u00e9nergie (PPE) , malgr\u00e9 les divergences gouvernementales r\u00e9centes sur les \u00e9nergies renouvelables. La proposition de loi du s\u00e9nateur Les R\u00e9publicains Daniel Gremillet (Vosges) a \u00e9t\u00e9 adopt\u00e9e dans la nuit \u00e0 221\u00a0voix contre\u00a024, en deuxi\u00e8me lecture. Elle doit d\u00e9sormais faire son retour fin septembre \u00e0 l\u2019Assembl\u00e9e nationale, o\u00f9 les d\u00e9bats inauguraux ont d\u00e9j\u00e0 \u00e9t\u00e9 tr\u00e8s chaotiques, conduisant \u00e0 son rejet en premi\u00e8re lecture fin juin. Au-del\u00e0 de l\u2019adoption de ce texte qui ne faisait aucun doute dans la chambre haute qui en est \u00e0 l\u2019initiative, les d\u00e9bats au S\u00e9nat ont surtout remis sur la table les passes d\u2019armes des derniers jours. La coalition gouvernementale est en effet fragilis\u00e9e par l\u2019opposition frontale entre camp macroniste et droite, depuis que le patron des R\u00e9publicains (LR) \u2212 et ministre de l\u2019int\u00e9rieur \u2212 Bruno Retailleau s\u2019est fendu d\u2019une tribune au dans laquelle il plaide pour la fin des pour l\u2019\u00e9olien et le photovolta\u00efque. , a martel\u00e9 le ministre de l\u2019industrie, Marc Ferracci (Renaissance), devant les s\u00e9nateurs, assurant que . Lui d\u00e9fend Deux piliers qui figurent bien dans le texte examin\u00e9 au Parlement. Quatorze nouveaux r\u00e9acteurs Le groupe LR, premi\u00e8re force au S\u00e9nat, s\u2019est de son c\u00f4t\u00e9 employ\u00e9 \u00e0 expliquer que sa vision n\u2019\u00e9tait pas incompatible avec celle de Bruno Retailleau, qui est d\u2019ailleurs le coauteur du texte d\u00e9battu au S\u00e9nat. , a insist\u00e9 le s\u00e9nateur LR Alain Cadec. Mais, signe que le d\u00e9bat est loin d\u2019\u00eatre tranch\u00e9 \u00e0 droite, la pr\u00e9sidente LR d\u2019\u00cele-de-France Val\u00e9rie P\u00e9cresse a d\u00e9voil\u00e9 une position diff\u00e9rente de M. Retailleau, dans une contribution publi\u00e9e par dimanche o\u00f9 elle fustige rouverte entre nucl\u00e9aire et renouvelables. La gauche n\u2019a pas manqu\u00e9 de s\u2019engager dans cette br\u00e8che, fustigeant ces dissensions comme l\u2019absence de volet financier dans cette loi programmatique, mise au d\u00e9bat sans \u00e9tude d\u2019impact ni avis du Conseil d\u2019Etat. , s\u2019est indign\u00e9 l\u2019\u00e9cologiste Yannick Jadot. Les \u00e9cologistes ont vot\u00e9 contre, les socialistes et communistes se sont eux abstenus. La majorit\u00e9 s\u00e9natoriale d\u00e9fend tout de m\u00eame sa vision qu\u2019elle juge \u00a0: d\u2019une part une relance massive du nucl\u00e9aire, avec notamment la construction de quatorze nouveaux r\u00e9acteurs\u00a0; d\u2019autre part des objectifs pour l\u2019essor des \u00e9nergies renouvelables avec d\u2019ici 2030, une part d\u2019\u00e9nergie d\u00e9carbon\u00e9e d\u2019au moins 58\u00a0% de la consommation d\u2019\u00e9nergie en France, contre environ 40\u00a0% actuellement. Cette architecture a fait l\u2019objet de n\u00e9gociations entre gouvernement, s\u00e9nateurs et d\u00e9put\u00e9s de l\u2019ex-majorit\u00e9 pr\u00e9sidentielle, au point de faire quasiment consensus. Pas de moratoire En tout cas, le moratoire sur les \u00e9nergies \u00e9olienne et solaire qui avait mis le feu aux poudres \u00e0 l\u2019Assembl\u00e9e nationale, convainquant les groupes de l\u2019ancienne majorit\u00e9 macroniste de voter contre l\u2019ensemble du texte, n\u2019est plus d\u2019actualit\u00e9\u00a0: il ne peut plus \u00eatre mis au d\u00e9bat en raison des r\u00e8gles de proc\u00e9dure parlementaire. Le S\u00e9nat n\u2019y \u00e9tait de toute fa\u00e7on pas favorable, m\u00eame s\u2019il a vot\u00e9 une mesure pr\u00e9cisant la n\u00e9cessit\u00e9 de plut\u00f4t que l\u2019implantation de nouveaux projets. Les s\u00e9nateurs ont \u00e9galement plaid\u00e9 pour que le gouvernement attende l\u2019adoption d\u00e9finitive de cette loi pour finaliser sa programmation pluriannuelle de l\u2019\u00e9nergie (PPE), la trajectoire \u00e9nerg\u00e9tique qu\u2019il entend publier prochainement par d\u00e9cret. Le d\u00e9cret sera publi\u00e9 , a n\u00e9anmoins assur\u00e9 M. Ferracci. Un d\u00e9lai incompatible avec la deuxi\u00e8me lecture du texte par les d\u00e9put\u00e9s fin septembre, puis la tenue d\u2019une commission mixte paritaire attendue mi-octobre pour aboutir \u00e0 une r\u00e9daction commune aux deux chambres du Parlement. Le Monde avec AFP S\u2019abonner Contribuer R\u00e9utiliser ce contenu\",\"breadcrumb\":{\"@id\":\"https:\/\/vof-news.eu\/fr\/avenir-energetique-le-senat-approuve-a-nouveau-sa-loi-de-programmation-malgre-la-discorde-gouvernementale\/#breadcrumb\"},\"inLanguage\":\"fr-FR\",\"potentialAction\":[{\"@type\":\"ReadAction\",\"target\":[\"https:\/\/vof-news.eu\/fr\/avenir-energetique-le-senat-approuve-a-nouveau-sa-loi-de-programmation-malgre-la-discorde-gouvernementale\/\"]}]},{\"@type\":\"ImageObject\",\"inLanguage\":\"fr-FR\",\"@id\":\"https:\/\/vof-news.eu\/fr\/avenir-energetique-le-senat-approuve-a-nouveau-sa-loi-de-programmation-malgre-la-discorde-gouvernementale\/#primaryimage\",\"url\":\"https:\/\/vof-news.eu\/wp-content\/uploads\/2025\/07\/a210525_upload-1-8ys6b27inw4n-000-36vp3aw.jpg\",\"contentUrl\":\"https:\/\/vof-news.eu\/wp-content\/uploads\/2025\/07\/a210525_upload-1-8ys6b27inw4n-000-36vp3aw.jpg\",\"width\":664,\"height\":443},{\"@type\":\"BreadcrumbList\",\"@id\":\"https:\/\/vof-news.eu\/fr\/avenir-energetique-le-senat-approuve-a-nouveau-sa-loi-de-programmation-malgre-la-discorde-gouvernementale\/#breadcrumb\",\"itemListElement\":[{\"@type\":\"ListItem\",\"position\":1,\"name\":\"Home\",\"item\":\"https:\/\/vof-news.eu\/fr\/\"},{\"@type\":\"ListItem\",\"position\":2,\"name\":\"Avenir \u00e9nerg\u00e9tique\u00a0: le S\u00e9nat approuve \u00e0 nouveau sa loi de programmation, malgr\u00e9 la discorde gouvernementale\"}]},{\"@type\":\"WebSite\",\"@id\":\"https:\/\/vof-news.eu\/fr\/#website\",\"url\":\"https:\/\/vof-news.eu\/fr\/\",\"name\":\"vof-news.eu\",\"description\":\"\",\"potentialAction\":[{\"@type\":\"SearchAction\",\"target\":{\"@type\":\"EntryPoint\",\"urlTemplate\":\"https:\/\/vof-news.eu\/fr\/?s={search_term_string}\"},\"query-input\":\"required name=search_term_string\"}],\"inLanguage\":\"fr-FR\"},{\"@type\":\"Person\",\"@id\":\"https:\/\/vof-news.eu\/fr\/#\/schema\/person\/f6a2a4309f0561835797fd8c19b333ed\",\"name\":\"Author\",\"image\":{\"@type\":\"ImageObject\",\"inLanguage\":\"fr-FR\",\"@id\":\"https:\/\/vof-news.eu\/fr\/#\/schema\/person\/image\/\",\"url\":\"https:\/\/secure.gravatar.com\/avatar\/b67e614b1b25b3e9c0c239efdd2fde5ab015b5affd6f1c3c85911ca4b384e790?s=96&d=mm&r=g\",\"contentUrl\":\"https:\/\/secure.gravatar.com\/avatar\/b67e614b1b25b3e9c0c239efdd2fde5ab015b5affd6f1c3c85911ca4b384e790?s=96&d=mm&r=g\",\"caption\":\"Author\"},\"sameAs\":[\"http:\/\/vof-news.eu\"],\"url\":\"https:\/\/vof-news.eu\/fr\/author\/zwt6qxnjulxbnyg\/\"}]}<\/script>\n<!-- \/ Yoast SEO plugin. -->","yoast_head_json":{"title":"Avenir \u00e9nerg\u00e9tique\u00a0: le S\u00e9nat approuve \u00e0 nouveau sa loi de programmation, malgr\u00e9 la discorde gouvernementale - vof-news.eu","description":"Encore une fois, le S\u00e9nat a approuv\u00e9 mardi 8\u00a0juillet une loi sur l\u2019avenir \u00e9nerg\u00e9tique de la France actant une relance massive du nucl\u00e9aire, cens\u00e9e aider l\u2019ex\u00e9cutif \u00e0 finaliser sa programmation pluriannuelle de l\u2019\u00e9nergie (PPE) , malgr\u00e9 les divergences gouvernementales r\u00e9centes sur les \u00e9nergies renouvelables. La proposition de loi du s\u00e9nateur Les R\u00e9publicains Daniel Gremillet (Vosges) a \u00e9t\u00e9 adopt\u00e9e dans la nuit \u00e0 221\u00a0voix contre\u00a024, en deuxi\u00e8me lecture. Elle doit d\u00e9sormais faire son retour fin septembre \u00e0 l\u2019Assembl\u00e9e nationale, o\u00f9 les d\u00e9bats inauguraux ont d\u00e9j\u00e0 \u00e9t\u00e9 tr\u00e8s chaotiques, conduisant \u00e0 son rejet en premi\u00e8re lecture fin juin. Au-del\u00e0 de l\u2019adoption de ce texte qui ne faisait aucun doute dans la chambre haute qui en est \u00e0 l\u2019initiative, les d\u00e9bats au S\u00e9nat ont surtout remis sur la table les passes d\u2019armes des derniers jours. La coalition gouvernementale est en effet fragilis\u00e9e par l\u2019opposition frontale entre camp macroniste et droite, depuis que le patron des R\u00e9publicains (LR) \u2212 et ministre de l\u2019int\u00e9rieur \u2212 Bruno Retailleau s\u2019est fendu d\u2019une tribune au dans laquelle il plaide pour la fin des pour l\u2019\u00e9olien et le photovolta\u00efque.   , a martel\u00e9 le ministre de l\u2019industrie, Marc Ferracci (Renaissance), devant les s\u00e9nateurs, assurant que . Lui d\u00e9fend Deux piliers qui figurent bien dans le texte examin\u00e9 au Parlement. Quatorze nouveaux r\u00e9acteurs Le groupe LR, premi\u00e8re force au S\u00e9nat, s\u2019est de son c\u00f4t\u00e9 employ\u00e9 \u00e0 expliquer que sa vision n\u2019\u00e9tait pas incompatible avec celle de Bruno Retailleau, qui est d\u2019ailleurs le coauteur du texte d\u00e9battu au S\u00e9nat. , a insist\u00e9 le s\u00e9nateur LR Alain Cadec. Mais, signe que le d\u00e9bat est loin d\u2019\u00eatre tranch\u00e9 \u00e0 droite, la pr\u00e9sidente LR d\u2019\u00cele-de-France Val\u00e9rie P\u00e9cresse a d\u00e9voil\u00e9 une position diff\u00e9rente de M. Retailleau, dans une contribution publi\u00e9e par dimanche o\u00f9 elle fustige rouverte entre nucl\u00e9aire et renouvelables.   La gauche n\u2019a pas manqu\u00e9 de s\u2019engager dans cette br\u00e8che, fustigeant ces dissensions comme l\u2019absence de volet financier dans cette loi programmatique, mise au d\u00e9bat sans \u00e9tude d\u2019impact ni avis du Conseil d\u2019Etat. , s\u2019est indign\u00e9 l\u2019\u00e9cologiste Yannick Jadot. Les \u00e9cologistes ont vot\u00e9 contre, les socialistes et communistes se sont eux abstenus.     La majorit\u00e9 s\u00e9natoriale d\u00e9fend tout de m\u00eame sa vision qu\u2019elle juge \u00a0: d\u2019une part une relance massive du nucl\u00e9aire, avec notamment la construction de quatorze nouveaux r\u00e9acteurs\u00a0; d\u2019autre part des objectifs pour l\u2019essor des \u00e9nergies renouvelables avec d\u2019ici 2030, une part d\u2019\u00e9nergie d\u00e9carbon\u00e9e d\u2019au moins 58\u00a0% de la consommation d\u2019\u00e9nergie en France, contre environ 40\u00a0% actuellement. Cette architecture a fait l\u2019objet de n\u00e9gociations entre gouvernement, s\u00e9nateurs et d\u00e9put\u00e9s de l\u2019ex-majorit\u00e9 pr\u00e9sidentielle, au point de faire quasiment consensus.   Pas de moratoire En tout cas, le moratoire sur les \u00e9nergies \u00e9olienne et solaire qui avait mis le feu aux poudres \u00e0 l\u2019Assembl\u00e9e nationale, convainquant les groupes de l\u2019ancienne majorit\u00e9 macroniste de voter contre l\u2019ensemble du texte, n\u2019est plus d\u2019actualit\u00e9\u00a0: il ne peut plus \u00eatre mis au d\u00e9bat en raison des r\u00e8gles de proc\u00e9dure parlementaire. Le S\u00e9nat n\u2019y \u00e9tait de toute fa\u00e7on pas favorable, m\u00eame s\u2019il a vot\u00e9 une mesure pr\u00e9cisant la n\u00e9cessit\u00e9 de plut\u00f4t que l\u2019implantation de nouveaux projets. Les s\u00e9nateurs ont \u00e9galement plaid\u00e9 pour que le gouvernement attende l\u2019adoption d\u00e9finitive de cette loi pour finaliser sa programmation pluriannuelle de l\u2019\u00e9nergie (PPE), la trajectoire \u00e9nerg\u00e9tique qu\u2019il entend publier prochainement par d\u00e9cret. Le d\u00e9cret sera publi\u00e9 , a n\u00e9anmoins assur\u00e9 M. Ferracci. Un d\u00e9lai incompatible avec la deuxi\u00e8me lecture du texte par les d\u00e9put\u00e9s fin septembre, puis la tenue d\u2019une commission mixte paritaire attendue mi-octobre pour aboutir \u00e0 une r\u00e9daction commune aux deux chambres du Parlement.    Le Monde avec AFP      S\u2019abonner   Contribuer R\u00e9utiliser ce contenu","robots":{"index":"noindex","follow":"follow","max-snippet":"max-snippet:-1","max-image-preview":"max-image-preview:large","max-video-preview":"max-video-preview:-1"},"og_locale":"fr_FR","og_type":"article","og_title":"Avenir \u00e9nerg\u00e9tique\u00a0: le S\u00e9nat approuve \u00e0 nouveau sa loi de programmation, malgr\u00e9 la discorde gouvernementale - vof-news.eu","og_description":"Encore une fois, le S\u00e9nat a approuv\u00e9 mardi 8\u00a0juillet une loi sur l\u2019avenir \u00e9nerg\u00e9tique de la France actant une relance massive du nucl\u00e9aire, cens\u00e9e aider l\u2019ex\u00e9cutif \u00e0 finaliser sa programmation pluriannuelle de l\u2019\u00e9nergie (PPE) , malgr\u00e9 les divergences gouvernementales r\u00e9centes sur les \u00e9nergies renouvelables. La proposition de loi du s\u00e9nateur Les R\u00e9publicains Daniel Gremillet (Vosges) a \u00e9t\u00e9 adopt\u00e9e dans la nuit \u00e0 221\u00a0voix contre\u00a024, en deuxi\u00e8me lecture. Elle doit d\u00e9sormais faire son retour fin septembre \u00e0 l\u2019Assembl\u00e9e nationale, o\u00f9 les d\u00e9bats inauguraux ont d\u00e9j\u00e0 \u00e9t\u00e9 tr\u00e8s chaotiques, conduisant \u00e0 son rejet en premi\u00e8re lecture fin juin. Au-del\u00e0 de l\u2019adoption de ce texte qui ne faisait aucun doute dans la chambre haute qui en est \u00e0 l\u2019initiative, les d\u00e9bats au S\u00e9nat ont surtout remis sur la table les passes d\u2019armes des derniers jours. La coalition gouvernementale est en effet fragilis\u00e9e par l\u2019opposition frontale entre camp macroniste et droite, depuis que le patron des R\u00e9publicains (LR) \u2212 et ministre de l\u2019int\u00e9rieur \u2212 Bruno Retailleau s\u2019est fendu d\u2019une tribune au dans laquelle il plaide pour la fin des pour l\u2019\u00e9olien et le photovolta\u00efque.   , a martel\u00e9 le ministre de l\u2019industrie, Marc Ferracci (Renaissance), devant les s\u00e9nateurs, assurant que . Lui d\u00e9fend Deux piliers qui figurent bien dans le texte examin\u00e9 au Parlement. Quatorze nouveaux r\u00e9acteurs Le groupe LR, premi\u00e8re force au S\u00e9nat, s\u2019est de son c\u00f4t\u00e9 employ\u00e9 \u00e0 expliquer que sa vision n\u2019\u00e9tait pas incompatible avec celle de Bruno Retailleau, qui est d\u2019ailleurs le coauteur du texte d\u00e9battu au S\u00e9nat. , a insist\u00e9 le s\u00e9nateur LR Alain Cadec. Mais, signe que le d\u00e9bat est loin d\u2019\u00eatre tranch\u00e9 \u00e0 droite, la pr\u00e9sidente LR d\u2019\u00cele-de-France Val\u00e9rie P\u00e9cresse a d\u00e9voil\u00e9 une position diff\u00e9rente de M. Retailleau, dans une contribution publi\u00e9e par dimanche o\u00f9 elle fustige rouverte entre nucl\u00e9aire et renouvelables.   La gauche n\u2019a pas manqu\u00e9 de s\u2019engager dans cette br\u00e8che, fustigeant ces dissensions comme l\u2019absence de volet financier dans cette loi programmatique, mise au d\u00e9bat sans \u00e9tude d\u2019impact ni avis du Conseil d\u2019Etat. , s\u2019est indign\u00e9 l\u2019\u00e9cologiste Yannick Jadot. Les \u00e9cologistes ont vot\u00e9 contre, les socialistes et communistes se sont eux abstenus.     La majorit\u00e9 s\u00e9natoriale d\u00e9fend tout de m\u00eame sa vision qu\u2019elle juge \u00a0: d\u2019une part une relance massive du nucl\u00e9aire, avec notamment la construction de quatorze nouveaux r\u00e9acteurs\u00a0; d\u2019autre part des objectifs pour l\u2019essor des \u00e9nergies renouvelables avec d\u2019ici 2030, une part d\u2019\u00e9nergie d\u00e9carbon\u00e9e d\u2019au moins 58\u00a0% de la consommation d\u2019\u00e9nergie en France, contre environ 40\u00a0% actuellement. Cette architecture a fait l\u2019objet de n\u00e9gociations entre gouvernement, s\u00e9nateurs et d\u00e9put\u00e9s de l\u2019ex-majorit\u00e9 pr\u00e9sidentielle, au point de faire quasiment consensus.   Pas de moratoire En tout cas, le moratoire sur les \u00e9nergies \u00e9olienne et solaire qui avait mis le feu aux poudres \u00e0 l\u2019Assembl\u00e9e nationale, convainquant les groupes de l\u2019ancienne majorit\u00e9 macroniste de voter contre l\u2019ensemble du texte, n\u2019est plus d\u2019actualit\u00e9\u00a0: il ne peut plus \u00eatre mis au d\u00e9bat en raison des r\u00e8gles de proc\u00e9dure parlementaire. Le S\u00e9nat n\u2019y \u00e9tait de toute fa\u00e7on pas favorable, m\u00eame s\u2019il a vot\u00e9 une mesure pr\u00e9cisant la n\u00e9cessit\u00e9 de plut\u00f4t que l\u2019implantation de nouveaux projets. Les s\u00e9nateurs ont \u00e9galement plaid\u00e9 pour que le gouvernement attende l\u2019adoption d\u00e9finitive de cette loi pour finaliser sa programmation pluriannuelle de l\u2019\u00e9nergie (PPE), la trajectoire \u00e9nerg\u00e9tique qu\u2019il entend publier prochainement par d\u00e9cret. Le d\u00e9cret sera publi\u00e9 , a n\u00e9anmoins assur\u00e9 M. Ferracci. Un d\u00e9lai incompatible avec la deuxi\u00e8me lecture du texte par les d\u00e9put\u00e9s fin septembre, puis la tenue d\u2019une commission mixte paritaire attendue mi-octobre pour aboutir \u00e0 une r\u00e9daction commune aux deux chambres du Parlement.    Le Monde avec AFP      S\u2019abonner   Contribuer R\u00e9utiliser ce contenu","og_url":"https:\/\/vof-news.eu\/fr\/avenir-energetique-le-senat-approuve-a-nouveau-sa-loi-de-programmation-malgre-la-discorde-gouvernementale\/","og_site_name":"vof-news.eu","article_published_time":"2025-07-09T00:30:13+00:00","article_modified_time":"2025-07-09T00:30:39+00:00","og_image":[{"width":664,"height":443,"url":"https:\/\/vof-news.eu\/wp-content\/uploads\/2025\/07\/a210525_upload-1-8ys6b27inw4n-000-36vp3aw.jpg","type":"image\/jpeg"}],"author":"Author","twitter_card":"summary_large_image","twitter_misc":{"\u00c9crit par":"Author","Dur\u00e9e de lecture estim\u00e9e":"3 minutes"},"schema":{"@context":"https:\/\/schema.org","@graph":[{"@type":"WebPage","@id":"https:\/\/vof-news.eu\/fr\/avenir-energetique-le-senat-approuve-a-nouveau-sa-loi-de-programmation-malgre-la-discorde-gouvernementale\/","url":"https:\/\/vof-news.eu\/fr\/avenir-energetique-le-senat-approuve-a-nouveau-sa-loi-de-programmation-malgre-la-discorde-gouvernementale\/","name":"Avenir \u00e9nerg\u00e9tique\u00a0: le S\u00e9nat approuve \u00e0 nouveau sa loi de programmation, malgr\u00e9 la discorde gouvernementale - vof-news.eu","isPartOf":{"@id":"https:\/\/vof-news.eu\/fr\/#website"},"primaryImageOfPage":{"@id":"https:\/\/vof-news.eu\/fr\/avenir-energetique-le-senat-approuve-a-nouveau-sa-loi-de-programmation-malgre-la-discorde-gouvernementale\/#primaryimage"},"image":{"@id":"https:\/\/vof-news.eu\/fr\/avenir-energetique-le-senat-approuve-a-nouveau-sa-loi-de-programmation-malgre-la-discorde-gouvernementale\/#primaryimage"},"thumbnailUrl":"https:\/\/vof-news.eu\/wp-content\/uploads\/2025\/07\/a210525_upload-1-8ys6b27inw4n-000-36vp3aw.jpg","datePublished":"2025-07-09T00:30:13+00:00","dateModified":"2025-07-09T00:30:39+00:00","author":{"@id":"https:\/\/vof-news.eu\/fr\/#\/schema\/person\/f6a2a4309f0561835797fd8c19b333ed"},"description":"Encore une fois, le S\u00e9nat a approuv\u00e9 mardi 8\u00a0juillet une loi sur l\u2019avenir \u00e9nerg\u00e9tique de la France actant une relance massive du nucl\u00e9aire, cens\u00e9e aider l\u2019ex\u00e9cutif \u00e0 finaliser sa programmation pluriannuelle de l\u2019\u00e9nergie (PPE) , malgr\u00e9 les divergences gouvernementales r\u00e9centes sur les \u00e9nergies renouvelables. La proposition de loi du s\u00e9nateur Les R\u00e9publicains Daniel Gremillet (Vosges) a \u00e9t\u00e9 adopt\u00e9e dans la nuit \u00e0 221\u00a0voix contre\u00a024, en deuxi\u00e8me lecture. Elle doit d\u00e9sormais faire son retour fin septembre \u00e0 l\u2019Assembl\u00e9e nationale, o\u00f9 les d\u00e9bats inauguraux ont d\u00e9j\u00e0 \u00e9t\u00e9 tr\u00e8s chaotiques, conduisant \u00e0 son rejet en premi\u00e8re lecture fin juin. Au-del\u00e0 de l\u2019adoption de ce texte qui ne faisait aucun doute dans la chambre haute qui en est \u00e0 l\u2019initiative, les d\u00e9bats au S\u00e9nat ont surtout remis sur la table les passes d\u2019armes des derniers jours. La coalition gouvernementale est en effet fragilis\u00e9e par l\u2019opposition frontale entre camp macroniste et droite, depuis que le patron des R\u00e9publicains (LR) \u2212 et ministre de l\u2019int\u00e9rieur \u2212 Bruno Retailleau s\u2019est fendu d\u2019une tribune au dans laquelle il plaide pour la fin des pour l\u2019\u00e9olien et le photovolta\u00efque. , a martel\u00e9 le ministre de l\u2019industrie, Marc Ferracci (Renaissance), devant les s\u00e9nateurs, assurant que . Lui d\u00e9fend Deux piliers qui figurent bien dans le texte examin\u00e9 au Parlement. Quatorze nouveaux r\u00e9acteurs Le groupe LR, premi\u00e8re force au S\u00e9nat, s\u2019est de son c\u00f4t\u00e9 employ\u00e9 \u00e0 expliquer que sa vision n\u2019\u00e9tait pas incompatible avec celle de Bruno Retailleau, qui est d\u2019ailleurs le coauteur du texte d\u00e9battu au S\u00e9nat. , a insist\u00e9 le s\u00e9nateur LR Alain Cadec. Mais, signe que le d\u00e9bat est loin d\u2019\u00eatre tranch\u00e9 \u00e0 droite, la pr\u00e9sidente LR d\u2019\u00cele-de-France Val\u00e9rie P\u00e9cresse a d\u00e9voil\u00e9 une position diff\u00e9rente de M. Retailleau, dans une contribution publi\u00e9e par dimanche o\u00f9 elle fustige rouverte entre nucl\u00e9aire et renouvelables. La gauche n\u2019a pas manqu\u00e9 de s\u2019engager dans cette br\u00e8che, fustigeant ces dissensions comme l\u2019absence de volet financier dans cette loi programmatique, mise au d\u00e9bat sans \u00e9tude d\u2019impact ni avis du Conseil d\u2019Etat. , s\u2019est indign\u00e9 l\u2019\u00e9cologiste Yannick Jadot. Les \u00e9cologistes ont vot\u00e9 contre, les socialistes et communistes se sont eux abstenus. La majorit\u00e9 s\u00e9natoriale d\u00e9fend tout de m\u00eame sa vision qu\u2019elle juge \u00a0: d\u2019une part une relance massive du nucl\u00e9aire, avec notamment la construction de quatorze nouveaux r\u00e9acteurs\u00a0; d\u2019autre part des objectifs pour l\u2019essor des \u00e9nergies renouvelables avec d\u2019ici 2030, une part d\u2019\u00e9nergie d\u00e9carbon\u00e9e d\u2019au moins 58\u00a0% de la consommation d\u2019\u00e9nergie en France, contre environ 40\u00a0% actuellement. Cette architecture a fait l\u2019objet de n\u00e9gociations entre gouvernement, s\u00e9nateurs et d\u00e9put\u00e9s de l\u2019ex-majorit\u00e9 pr\u00e9sidentielle, au point de faire quasiment consensus. Pas de moratoire En tout cas, le moratoire sur les \u00e9nergies \u00e9olienne et solaire qui avait mis le feu aux poudres \u00e0 l\u2019Assembl\u00e9e nationale, convainquant les groupes de l\u2019ancienne majorit\u00e9 macroniste de voter contre l\u2019ensemble du texte, n\u2019est plus d\u2019actualit\u00e9\u00a0: il ne peut plus \u00eatre mis au d\u00e9bat en raison des r\u00e8gles de proc\u00e9dure parlementaire. Le S\u00e9nat n\u2019y \u00e9tait de toute fa\u00e7on pas favorable, m\u00eame s\u2019il a vot\u00e9 une mesure pr\u00e9cisant la n\u00e9cessit\u00e9 de plut\u00f4t que l\u2019implantation de nouveaux projets. Les s\u00e9nateurs ont \u00e9galement plaid\u00e9 pour que le gouvernement attende l\u2019adoption d\u00e9finitive de cette loi pour finaliser sa programmation pluriannuelle de l\u2019\u00e9nergie (PPE), la trajectoire \u00e9nerg\u00e9tique qu\u2019il entend publier prochainement par d\u00e9cret. Le d\u00e9cret sera publi\u00e9 , a n\u00e9anmoins assur\u00e9 M. Ferracci. Un d\u00e9lai incompatible avec la deuxi\u00e8me lecture du texte par les d\u00e9put\u00e9s fin septembre, puis la tenue d\u2019une commission mixte paritaire attendue mi-octobre pour aboutir \u00e0 une r\u00e9daction commune aux deux chambres du Parlement. Le Monde avec AFP S\u2019abonner Contribuer R\u00e9utiliser ce contenu","breadcrumb":{"@id":"https:\/\/vof-news.eu\/fr\/avenir-energetique-le-senat-approuve-a-nouveau-sa-loi-de-programmation-malgre-la-discorde-gouvernementale\/#breadcrumb"},"inLanguage":"fr-FR","potentialAction":[{"@type":"ReadAction","target":["https:\/\/vof-news.eu\/fr\/avenir-energetique-le-senat-approuve-a-nouveau-sa-loi-de-programmation-malgre-la-discorde-gouvernementale\/"]}]},{"@type":"ImageObject","inLanguage":"fr-FR","@id":"https:\/\/vof-news.eu\/fr\/avenir-energetique-le-senat-approuve-a-nouveau-sa-loi-de-programmation-malgre-la-discorde-gouvernementale\/#primaryimage","url":"https:\/\/vof-news.eu\/wp-content\/uploads\/2025\/07\/a210525_upload-1-8ys6b27inw4n-000-36vp3aw.jpg","contentUrl":"https:\/\/vof-news.eu\/wp-content\/uploads\/2025\/07\/a210525_upload-1-8ys6b27inw4n-000-36vp3aw.jpg","width":664,"height":443},{"@type":"BreadcrumbList","@id":"https:\/\/vof-news.eu\/fr\/avenir-energetique-le-senat-approuve-a-nouveau-sa-loi-de-programmation-malgre-la-discorde-gouvernementale\/#breadcrumb","itemListElement":[{"@type":"ListItem","position":1,"name":"Home","item":"https:\/\/vof-news.eu\/fr\/"},{"@type":"ListItem","position":2,"name":"Avenir \u00e9nerg\u00e9tique\u00a0: le S\u00e9nat approuve \u00e0 nouveau sa loi de programmation, malgr\u00e9 la discorde gouvernementale"}]},{"@type":"WebSite","@id":"https:\/\/vof-news.eu\/fr\/#website","url":"https:\/\/vof-news.eu\/fr\/","name":"vof-news.eu","description":"","potentialAction":[{"@type":"SearchAction","target":{"@type":"EntryPoint","urlTemplate":"https:\/\/vof-news.eu\/fr\/?s={search_term_string}"},"query-input":"required name=search_term_string"}],"inLanguage":"fr-FR"},{"@type":"Person","@id":"https:\/\/vof-news.eu\/fr\/#\/schema\/person\/f6a2a4309f0561835797fd8c19b333ed","name":"Author","image":{"@type":"ImageObject","inLanguage":"fr-FR","@id":"https:\/\/vof-news.eu\/fr\/#\/schema\/person\/image\/","url":"https:\/\/secure.gravatar.com\/avatar\/b67e614b1b25b3e9c0c239efdd2fde5ab015b5affd6f1c3c85911ca4b384e790?s=96&d=mm&r=g","contentUrl":"https:\/\/secure.gravatar.com\/avatar\/b67e614b1b25b3e9c0c239efdd2fde5ab015b5affd6f1c3c85911ca4b384e790?s=96&d=mm&r=g","caption":"Author"},"sameAs":["http:\/\/vof-news.eu"],"url":"https:\/\/vof-news.eu\/fr\/author\/zwt6qxnjulxbnyg\/"}]}},"yoast_meta":{"yoast_wpseo_title":"","yoast_wpseo_metadesc":"","yoast_wpseo_canonical":""},"_links":{"self":[{"href":"https:\/\/vof-news.eu\/fr\/wp-json\/wp\/v2\/posts\/250025","targetHints":{"allow":["GET"]}}],"collection":[{"href":"https:\/\/vof-news.eu\/fr\/wp-json\/wp\/v2\/posts"}],"about":[{"href":"https:\/\/vof-news.eu\/fr\/wp-json\/wp\/v2\/types\/post"}],"author":[{"embeddable":true,"href":"https:\/\/vof-news.eu\/fr\/wp-json\/wp\/v2\/users\/1"}],"replies":[{"embeddable":true,"href":"https:\/\/vof-news.eu\/fr\/wp-json\/wp\/v2\/comments?post=250025"}],"version-history":[{"count":1,"href":"https:\/\/vof-news.eu\/fr\/wp-json\/wp\/v2\/posts\/250025\/revisions"}],"predecessor-version":[{"id":250032,"href":"https:\/\/vof-news.eu\/fr\/wp-json\/wp\/v2\/posts\/250025\/revisions\/250032"}],"wp:featuredmedia":[{"embeddable":true,"href":"https:\/\/vof-news.eu\/fr\/wp-json\/wp\/v2\/media\/250026"}],"wp:attachment":[{"href":"https:\/\/vof-news.eu\/fr\/wp-json\/wp\/v2\/media?parent=250025"}],"wp:term":[{"taxonomy":"category","embeddable":true,"href":"https:\/\/vof-news.eu\/fr\/wp-json\/wp\/v2\/categories?post=250025"},{"taxonomy":"post_tag","embeddable":true,"href":"https:\/\/vof-news.eu\/fr\/wp-json\/wp\/v2\/tags?post=250025"}],"curies":[{"name":"wp","href":"https:\/\/api.w.org\/{rel}","templated":true}]}}