{"id":249913,"date":"2025-07-08T21:33:40","date_gmt":"2025-07-08T18:33:40","guid":{"rendered":"https:\/\/vof-news.eu\/emmanuel-macron-evoque-le-brexit-devant-le-parlement-britannique-et-parle-dune-decision-profondement-regrettable-mais-que-la-france-respecte\/"},"modified":"2025-07-08T21:34:07","modified_gmt":"2025-07-08T18:34:07","slug":"emmanuel-macron-evoque-le-brexit-devant-le-parlement-britannique-et-parle-dune-decision-profondement-regrettable-mais-que-la-france-respecte","status":"publish","type":"post","link":"https:\/\/vof-news.eu\/fr\/emmanuel-macron-evoque-le-brexit-devant-le-parlement-britannique-et-parle-dune-decision-profondement-regrettable-mais-que-la-france-respecte\/","title":{"rendered":"Emmanuel Macron \u00e9voque le Brexit devant le Parlement britannique, et parle d\u2019une d\u00e9cision \u00ab\u00a0profond\u00e9ment regrettable\u00a0\u00bb mais que \u00ab\u00a0[la France] respect[e]\u00a0\u00bb"},"content":{"rendered":"<article>\n<p>La d\u00e9cision des Britanniques de quitter l\u2019Union europ\u00e9enne (UE) est  mais nous la , a d\u00e9clar\u00e9, mardi 8\u00a0juillet, le pr\u00e9sident fran\u00e7ais, Emmanuel Macron, devant le Parlement britannique \u00e0 l\u2019occasion de la premi\u00e8re visite d\u2019Etat d\u2019un dirigeant de l\u2019UE au Royaume-Uni depuis le Brexit, en\u00a02020.<\/p>\n<p>Le chef de l\u2019Etat fran\u00e7ais, qui s\u2019exprimait en anglais devant les d\u00e9put\u00e9s et les Lords, a affirm\u00e9 . Il a aussi soulign\u00e9 que .<\/p>\n<p>La France et le Royaume-Uni doivent  pour  issu de la seconde guerre mondiale, a \u00e9galement d\u00e9clar\u00e9 le pr\u00e9sident fran\u00e7ais \u00e0 cette occasion. , a-t-il ajout\u00e9.<\/p>\n<section>   <\/section>\n<p>Emmanuel Macron a \u00e9galement promis  dans la lutte contre l\u2019immigration clandestine au Royaume-Uni. Alors que plus de 21\u00a0000\u00a0personnes sont arriv\u00e9es cette ann\u00e9e sur les c\u00f4tes britanniques en traversant la Manche depuis la France \u2013 un record historique sur cette p\u00e9riode de l\u2019ann\u00e9e \u2013 le pr\u00e9sident fran\u00e7ais a soulign\u00e9 que cette immigration repr\u00e9sentait un  pour les deux pays.<\/p>\n<p>, a-t-il dit. , a-t-il poursuivi, annon\u00e7ant des  lors du sommet franco-britannique de jeudi, qui selon lui (\u2026).<\/p>\n<h2>\u00ab\u00a0Marseillaise\u00a0\u00bb et cal\u00e8ches royales<\/h2>\n<p>Le pr\u00e9sident fran\u00e7ais est arriv\u00e9 mardi matin au Royaume-Uni, accompagn\u00e9 de son \u00e9pouse, Brigitte, pour une visite d\u2019Etat de trois jours. L\u2019avion pr\u00e9sidentiel s\u2019est pos\u00e9 peu apr\u00e8s 11\u00a0heures \u00e0 la base militaire de Northolt, \u00e0 l\u2019ouest de Londres.<\/p>\n<p>C\u2019est  et , a-t-il comment\u00e9 sur X, appelant l\u2019Europe et le Royaume-Uni \u00e0  face aux  mondiaux.<\/p>\n<section>  <a href=\"https:\/\/www.lemonde.fr\/newsletters\/a-la-une\/\" rel=\"nofollow\">    <\/a> <\/section>\n<p>, a d\u00e9taill\u00e9 le chef d\u2019Etat fran\u00e7ais. , a-t-il ajout\u00e9.<\/p>\n<p>Le prince h\u00e9ritier, William, et son \u00e9pouse, Kate, ont accueilli le couple fran\u00e7ais sur le tarmac, \u00e0 la sortie de l\u2019avion. Une haie d\u2019honneur avait \u00e9t\u00e9 d\u00e9ploy\u00e9e pour l\u2019occasion. Le couple pr\u00e9sidentiel a \u00e9t\u00e9 aussit\u00f4t conduit au ch\u00e2teau de Windsor, \u00e0 l\u2019ouest de Londres, o\u00f9 il a rejoint le roi Charles III et la reine Camilla, pr\u00e8s de deux ans apr\u00e8s la visite d\u2019Etat du couple royal en France. Apr\u00e8s avoir \u00e9cout\u00e9 , tous ont pris place dans des cal\u00e8ches royales, qui ont remont\u00e9 la rue principale de Windsor pavois\u00e9e de drapeaux britanniques et fran\u00e7ais, jusqu\u2019au ch\u00e2teau, o\u00f9 r\u00e9sidera le couple pr\u00e9sidentiel.<\/p>\n<p>A l\u2019occasion de cette visite, l\u2019Elys\u00e9e a annonc\u00e9 que l\u2019\u00e9nerg\u00e9ticien public fran\u00e7ais EDF d\u00e9tiendra 12,5\u00a0% de la future centrale nucl\u00e9aire britannique de Sizewell C, dans l\u2019est de l\u2019Angleterre. Cette future centrale est un projet-cl\u00e9 pour la s\u00e9curit\u00e9 \u00e9nerg\u00e9tique britannique. , dans laquelle l\u2019entreprise publique fran\u00e7aise investira  (1,3\u00a0milliard d\u2019euros), a pr\u00e9cis\u00e9 l\u2019Elys\u00e9e dans un communiqu\u00e9.<\/p>\n<section>   <\/section>\n<section>\n<p> <span>Le Monde avec AFP<\/span> <\/p>\n<\/section>\n<section>\n<section>\n<header>   <\/header>\n<section>\n<section> <a href=\"https:\/\/abo.lemonde.fr\/?lmd_medium=BOUTONS_LMFR&amp;lmd_campaign=CONTRIBUTION_ARTICLE\" rel=\"nofollow\">S\u2019abonner<\/a> <\/section>\n<\/section>\n<section><\/section>\n<\/section>\n<p>Contribuer<\/p>\n<p> <a href=\"https:\/\/www.lemonde.fr\/syndication\/\" rel=\"nofollow\">R\u00e9utiliser ce contenu<\/a> <\/section>\n<\/article>\n","protected":false},"excerpt":{"rendered":"<p>La d\u00e9cision des Britanniques de quitter l\u2019Union europ\u00e9enne (UE) est mais nous la , a d\u00e9clar\u00e9, mardi 8\u00a0juillet, le pr\u00e9sident fran\u00e7ais, Emmanuel Macron, devant le Parlement britannique \u00e0 l\u2019occasion de la premi\u00e8re visite d\u2019Etat d\u2019un dirigeant de l\u2019UE au Royaume-Uni depuis le Brexit, en\u00a02020. Le chef de l\u2019Etat fran\u00e7ais, qui s\u2019exprimait en anglais devant les<\/p>\n","protected":false},"author":1,"featured_media":249914,"comment_status":"open","ping_status":"open","sticky":false,"template":"","format":"standard","meta":{"footnotes":""},"categories":[68],"tags":[],"class_list":["post-249913","post","type-post","status-publish","format-standard","has-post-thumbnail","hentry","category-politics-fr"],"acf":[],"yoast_head":"<!-- This site is optimized with the Yoast SEO plugin v22.9 - https:\/\/yoast.com\/wordpress\/plugins\/seo\/ -->\n<title>Emmanuel Macron \u00e9voque le Brexit devant le Parlement britannique, et parle d\u2019une d\u00e9cision \u00ab\u00a0profond\u00e9ment regrettable\u00a0\u00bb mais que \u00ab\u00a0[la France] respect[e]\u00a0\u00bb - vof-news.eu<\/title>\n<meta name=\"description\" content=\"La d\u00e9cision des Britanniques de quitter l\u2019Union europ\u00e9enne (UE) est mais nous la , a d\u00e9clar\u00e9, mardi 8\u00a0juillet, le pr\u00e9sident fran\u00e7ais, Emmanuel Macron, devant le Parlement britannique \u00e0 l\u2019occasion de la premi\u00e8re visite d\u2019Etat d\u2019un dirigeant de l\u2019UE au Royaume-Uni depuis le Brexit, en\u00a02020. Le chef de l\u2019Etat fran\u00e7ais, qui s\u2019exprimait en anglais devant les d\u00e9put\u00e9s et les Lords, a affirm\u00e9 . Il a aussi soulign\u00e9 que . La France et le Royaume-Uni doivent pour issu de la seconde guerre mondiale, a \u00e9galement d\u00e9clar\u00e9 le pr\u00e9sident fran\u00e7ais \u00e0 cette occasion. , a-t-il ajout\u00e9.   Emmanuel Macron a \u00e9galement promis dans la lutte contre l\u2019immigration clandestine au Royaume-Uni. Alors que plus de 21\u00a0000\u00a0personnes sont arriv\u00e9es cette ann\u00e9e sur les c\u00f4tes britanniques en traversant la Manche depuis la France \u2013 un record historique sur cette p\u00e9riode de l\u2019ann\u00e9e \u2013 le pr\u00e9sident fran\u00e7ais a soulign\u00e9 que cette immigration repr\u00e9sentait un pour les deux pays. , a-t-il dit. , a-t-il poursuivi, annon\u00e7ant des lors du sommet franco-britannique de jeudi, qui selon lui (\u2026). \u00ab\u00a0Marseillaise\u00a0\u00bb et cal\u00e8ches royales Le pr\u00e9sident fran\u00e7ais est arriv\u00e9 mardi matin au Royaume-Uni, accompagn\u00e9 de son \u00e9pouse, Brigitte, pour une visite d\u2019Etat de trois jours. L\u2019avion pr\u00e9sidentiel s\u2019est pos\u00e9 peu apr\u00e8s 11\u00a0heures \u00e0 la base militaire de Northolt, \u00e0 l\u2019ouest de Londres. C\u2019est et , a-t-il comment\u00e9 sur X, appelant l\u2019Europe et le Royaume-Uni \u00e0 face aux mondiaux.     , a d\u00e9taill\u00e9 le chef d\u2019Etat fran\u00e7ais. , a-t-il ajout\u00e9. Le prince h\u00e9ritier, William, et son \u00e9pouse, Kate, ont accueilli le couple fran\u00e7ais sur le tarmac, \u00e0 la sortie de l\u2019avion. Une haie d\u2019honneur avait \u00e9t\u00e9 d\u00e9ploy\u00e9e pour l\u2019occasion. Le couple pr\u00e9sidentiel a \u00e9t\u00e9 aussit\u00f4t conduit au ch\u00e2teau de Windsor, \u00e0 l\u2019ouest de Londres, o\u00f9 il a rejoint le roi Charles III et la reine Camilla, pr\u00e8s de deux ans apr\u00e8s la visite d\u2019Etat du couple royal en France. Apr\u00e8s avoir \u00e9cout\u00e9 , tous ont pris place dans des cal\u00e8ches royales, qui ont remont\u00e9 la rue principale de Windsor pavois\u00e9e de drapeaux britanniques et fran\u00e7ais, jusqu\u2019au ch\u00e2teau, o\u00f9 r\u00e9sidera le couple pr\u00e9sidentiel. A l\u2019occasion de cette visite, l\u2019Elys\u00e9e a annonc\u00e9 que l\u2019\u00e9nerg\u00e9ticien public fran\u00e7ais EDF d\u00e9tiendra 12,5\u00a0% de la future centrale nucl\u00e9aire britannique de Sizewell C, dans l\u2019est de l\u2019Angleterre. Cette future centrale est un projet-cl\u00e9 pour la s\u00e9curit\u00e9 \u00e9nerg\u00e9tique britannique. , dans laquelle l\u2019entreprise publique fran\u00e7aise investira (1,3\u00a0milliard d\u2019euros), a pr\u00e9cis\u00e9 l\u2019Elys\u00e9e dans un communiqu\u00e9.    Le Monde avec AFP      S\u2019abonner   Contribuer R\u00e9utiliser ce contenu\" \/>\n<meta name=\"robots\" content=\"noindex, follow, max-snippet:-1, max-image-preview:large, max-video-preview:-1\" \/>\n<meta property=\"og:locale\" content=\"fr_FR\" \/>\n<meta property=\"og:type\" content=\"article\" \/>\n<meta property=\"og:title\" content=\"Emmanuel Macron \u00e9voque le Brexit devant le Parlement britannique, et parle d\u2019une d\u00e9cision \u00ab\u00a0profond\u00e9ment regrettable\u00a0\u00bb mais que \u00ab\u00a0[la France] respect[e]\u00a0\u00bb - vof-news.eu\" \/>\n<meta property=\"og:description\" content=\"La d\u00e9cision des Britanniques de quitter l\u2019Union europ\u00e9enne (UE) est mais nous la , a d\u00e9clar\u00e9, mardi 8\u00a0juillet, le pr\u00e9sident fran\u00e7ais, Emmanuel Macron, devant le Parlement britannique \u00e0 l\u2019occasion de la premi\u00e8re visite d\u2019Etat d\u2019un dirigeant de l\u2019UE au Royaume-Uni depuis le Brexit, en\u00a02020. Le chef de l\u2019Etat fran\u00e7ais, qui s\u2019exprimait en anglais devant les d\u00e9put\u00e9s et les Lords, a affirm\u00e9 . Il a aussi soulign\u00e9 que . La France et le Royaume-Uni doivent pour issu de la seconde guerre mondiale, a \u00e9galement d\u00e9clar\u00e9 le pr\u00e9sident fran\u00e7ais \u00e0 cette occasion. , a-t-il ajout\u00e9.   Emmanuel Macron a \u00e9galement promis dans la lutte contre l\u2019immigration clandestine au Royaume-Uni. Alors que plus de 21\u00a0000\u00a0personnes sont arriv\u00e9es cette ann\u00e9e sur les c\u00f4tes britanniques en traversant la Manche depuis la France \u2013 un record historique sur cette p\u00e9riode de l\u2019ann\u00e9e \u2013 le pr\u00e9sident fran\u00e7ais a soulign\u00e9 que cette immigration repr\u00e9sentait un pour les deux pays. , a-t-il dit. , a-t-il poursuivi, annon\u00e7ant des lors du sommet franco-britannique de jeudi, qui selon lui (\u2026). \u00ab\u00a0Marseillaise\u00a0\u00bb et cal\u00e8ches royales Le pr\u00e9sident fran\u00e7ais est arriv\u00e9 mardi matin au Royaume-Uni, accompagn\u00e9 de son \u00e9pouse, Brigitte, pour une visite d\u2019Etat de trois jours. L\u2019avion pr\u00e9sidentiel s\u2019est pos\u00e9 peu apr\u00e8s 11\u00a0heures \u00e0 la base militaire de Northolt, \u00e0 l\u2019ouest de Londres. C\u2019est et , a-t-il comment\u00e9 sur X, appelant l\u2019Europe et le Royaume-Uni \u00e0 face aux mondiaux.     , a d\u00e9taill\u00e9 le chef d\u2019Etat fran\u00e7ais. , a-t-il ajout\u00e9. Le prince h\u00e9ritier, William, et son \u00e9pouse, Kate, ont accueilli le couple fran\u00e7ais sur le tarmac, \u00e0 la sortie de l\u2019avion. Une haie d\u2019honneur avait \u00e9t\u00e9 d\u00e9ploy\u00e9e pour l\u2019occasion. Le couple pr\u00e9sidentiel a \u00e9t\u00e9 aussit\u00f4t conduit au ch\u00e2teau de Windsor, \u00e0 l\u2019ouest de Londres, o\u00f9 il a rejoint le roi Charles III et la reine Camilla, pr\u00e8s de deux ans apr\u00e8s la visite d\u2019Etat du couple royal en France. Apr\u00e8s avoir \u00e9cout\u00e9 , tous ont pris place dans des cal\u00e8ches royales, qui ont remont\u00e9 la rue principale de Windsor pavois\u00e9e de drapeaux britanniques et fran\u00e7ais, jusqu\u2019au ch\u00e2teau, o\u00f9 r\u00e9sidera le couple pr\u00e9sidentiel. A l\u2019occasion de cette visite, l\u2019Elys\u00e9e a annonc\u00e9 que l\u2019\u00e9nerg\u00e9ticien public fran\u00e7ais EDF d\u00e9tiendra 12,5\u00a0% de la future centrale nucl\u00e9aire britannique de Sizewell C, dans l\u2019est de l\u2019Angleterre. Cette future centrale est un projet-cl\u00e9 pour la s\u00e9curit\u00e9 \u00e9nerg\u00e9tique britannique. , dans laquelle l\u2019entreprise publique fran\u00e7aise investira (1,3\u00a0milliard d\u2019euros), a pr\u00e9cis\u00e9 l\u2019Elys\u00e9e dans un communiqu\u00e9.    Le Monde avec AFP      S\u2019abonner   Contribuer R\u00e9utiliser ce contenu\" \/>\n<meta property=\"og:url\" content=\"https:\/\/vof-news.eu\/fr\/emmanuel-macron-evoque-le-brexit-devant-le-parlement-britannique-et-parle-dune-decision-profondement-regrettable-mais-que-la-france-respecte\/\" \/>\n<meta property=\"og:site_name\" content=\"vof-news.eu\" \/>\n<meta property=\"article:published_time\" content=\"2025-07-08T18:33:40+00:00\" \/>\n<meta property=\"article:modified_time\" content=\"2025-07-08T18:34:07+00:00\" \/>\n<meta property=\"og:image\" content=\"https:\/\/vof-news.eu\/wp-content\/uploads\/2025\/07\/4b94cee_upload-1-mfktrbi9juan-945462.jpg\" \/>\n\t<meta property=\"og:image:width\" content=\"664\" \/>\n\t<meta property=\"og:image:height\" content=\"457\" \/>\n\t<meta property=\"og:image:type\" content=\"image\/jpeg\" \/>\n<meta name=\"author\" content=\"Author\" \/>\n<meta name=\"twitter:card\" content=\"summary_large_image\" \/>\n<meta name=\"twitter:label1\" content=\"\u00c9crit par\" \/>\n\t<meta name=\"twitter:data1\" content=\"Author\" \/>\n\t<meta name=\"twitter:label2\" content=\"Dur\u00e9e de lecture estim\u00e9e\" \/>\n\t<meta name=\"twitter:data2\" content=\"2 minutes\" \/>\n<script type=\"application\/ld+json\" class=\"yoast-schema-graph\">{\"@context\":\"https:\/\/schema.org\",\"@graph\":[{\"@type\":\"WebPage\",\"@id\":\"https:\/\/vof-news.eu\/fr\/emmanuel-macron-evoque-le-brexit-devant-le-parlement-britannique-et-parle-dune-decision-profondement-regrettable-mais-que-la-france-respecte\/\",\"url\":\"https:\/\/vof-news.eu\/fr\/emmanuel-macron-evoque-le-brexit-devant-le-parlement-britannique-et-parle-dune-decision-profondement-regrettable-mais-que-la-france-respecte\/\",\"name\":\"Emmanuel Macron \u00e9voque le Brexit devant le Parlement britannique, et parle d\u2019une d\u00e9cision \u00ab\u00a0profond\u00e9ment regrettable\u00a0\u00bb mais que \u00ab\u00a0[la France] respect[e]\u00a0\u00bb - vof-news.eu\",\"isPartOf\":{\"@id\":\"https:\/\/vof-news.eu\/fr\/#website\"},\"primaryImageOfPage\":{\"@id\":\"https:\/\/vof-news.eu\/fr\/emmanuel-macron-evoque-le-brexit-devant-le-parlement-britannique-et-parle-dune-decision-profondement-regrettable-mais-que-la-france-respecte\/#primaryimage\"},\"image\":{\"@id\":\"https:\/\/vof-news.eu\/fr\/emmanuel-macron-evoque-le-brexit-devant-le-parlement-britannique-et-parle-dune-decision-profondement-regrettable-mais-que-la-france-respecte\/#primaryimage\"},\"thumbnailUrl\":\"https:\/\/vof-news.eu\/wp-content\/uploads\/2025\/07\/4b94cee_upload-1-mfktrbi9juan-945462.jpg\",\"datePublished\":\"2025-07-08T18:33:40+00:00\",\"dateModified\":\"2025-07-08T18:34:07+00:00\",\"author\":{\"@id\":\"https:\/\/vof-news.eu\/fr\/#\/schema\/person\/f6a2a4309f0561835797fd8c19b333ed\"},\"description\":\"La d\u00e9cision des Britanniques de quitter l\u2019Union europ\u00e9enne (UE) est mais nous la , a d\u00e9clar\u00e9, mardi 8\u00a0juillet, le pr\u00e9sident fran\u00e7ais, Emmanuel Macron, devant le Parlement britannique \u00e0 l\u2019occasion de la premi\u00e8re visite d\u2019Etat d\u2019un dirigeant de l\u2019UE au Royaume-Uni depuis le Brexit, en\u00a02020. Le chef de l\u2019Etat fran\u00e7ais, qui s\u2019exprimait en anglais devant les d\u00e9put\u00e9s et les Lords, a affirm\u00e9 . Il a aussi soulign\u00e9 que . La France et le Royaume-Uni doivent pour issu de la seconde guerre mondiale, a \u00e9galement d\u00e9clar\u00e9 le pr\u00e9sident fran\u00e7ais \u00e0 cette occasion. , a-t-il ajout\u00e9. Emmanuel Macron a \u00e9galement promis dans la lutte contre l\u2019immigration clandestine au Royaume-Uni. Alors que plus de 21\u00a0000\u00a0personnes sont arriv\u00e9es cette ann\u00e9e sur les c\u00f4tes britanniques en traversant la Manche depuis la France \u2013 un record historique sur cette p\u00e9riode de l\u2019ann\u00e9e \u2013 le pr\u00e9sident fran\u00e7ais a soulign\u00e9 que cette immigration repr\u00e9sentait un pour les deux pays. , a-t-il dit. , a-t-il poursuivi, annon\u00e7ant des lors du sommet franco-britannique de jeudi, qui selon lui (\u2026). \u00ab\u00a0Marseillaise\u00a0\u00bb et cal\u00e8ches royales Le pr\u00e9sident fran\u00e7ais est arriv\u00e9 mardi matin au Royaume-Uni, accompagn\u00e9 de son \u00e9pouse, Brigitte, pour une visite d\u2019Etat de trois jours. L\u2019avion pr\u00e9sidentiel s\u2019est pos\u00e9 peu apr\u00e8s 11\u00a0heures \u00e0 la base militaire de Northolt, \u00e0 l\u2019ouest de Londres. C\u2019est et , a-t-il comment\u00e9 sur X, appelant l\u2019Europe et le Royaume-Uni \u00e0 face aux mondiaux. , a d\u00e9taill\u00e9 le chef d\u2019Etat fran\u00e7ais. , a-t-il ajout\u00e9. Le prince h\u00e9ritier, William, et son \u00e9pouse, Kate, ont accueilli le couple fran\u00e7ais sur le tarmac, \u00e0 la sortie de l\u2019avion. Une haie d\u2019honneur avait \u00e9t\u00e9 d\u00e9ploy\u00e9e pour l\u2019occasion. Le couple pr\u00e9sidentiel a \u00e9t\u00e9 aussit\u00f4t conduit au ch\u00e2teau de Windsor, \u00e0 l\u2019ouest de Londres, o\u00f9 il a rejoint le roi Charles III et la reine Camilla, pr\u00e8s de deux ans apr\u00e8s la visite d\u2019Etat du couple royal en France. Apr\u00e8s avoir \u00e9cout\u00e9 , tous ont pris place dans des cal\u00e8ches royales, qui ont remont\u00e9 la rue principale de Windsor pavois\u00e9e de drapeaux britanniques et fran\u00e7ais, jusqu\u2019au ch\u00e2teau, o\u00f9 r\u00e9sidera le couple pr\u00e9sidentiel. A l\u2019occasion de cette visite, l\u2019Elys\u00e9e a annonc\u00e9 que l\u2019\u00e9nerg\u00e9ticien public fran\u00e7ais EDF d\u00e9tiendra 12,5\u00a0% de la future centrale nucl\u00e9aire britannique de Sizewell C, dans l\u2019est de l\u2019Angleterre. Cette future centrale est un projet-cl\u00e9 pour la s\u00e9curit\u00e9 \u00e9nerg\u00e9tique britannique. , dans laquelle l\u2019entreprise publique fran\u00e7aise investira (1,3\u00a0milliard d\u2019euros), a pr\u00e9cis\u00e9 l\u2019Elys\u00e9e dans un communiqu\u00e9. Le Monde avec AFP S\u2019abonner Contribuer R\u00e9utiliser ce contenu\",\"breadcrumb\":{\"@id\":\"https:\/\/vof-news.eu\/fr\/emmanuel-macron-evoque-le-brexit-devant-le-parlement-britannique-et-parle-dune-decision-profondement-regrettable-mais-que-la-france-respecte\/#breadcrumb\"},\"inLanguage\":\"fr-FR\",\"potentialAction\":[{\"@type\":\"ReadAction\",\"target\":[\"https:\/\/vof-news.eu\/fr\/emmanuel-macron-evoque-le-brexit-devant-le-parlement-britannique-et-parle-dune-decision-profondement-regrettable-mais-que-la-france-respecte\/\"]}]},{\"@type\":\"ImageObject\",\"inLanguage\":\"fr-FR\",\"@id\":\"https:\/\/vof-news.eu\/fr\/emmanuel-macron-evoque-le-brexit-devant-le-parlement-britannique-et-parle-dune-decision-profondement-regrettable-mais-que-la-france-respecte\/#primaryimage\",\"url\":\"https:\/\/vof-news.eu\/wp-content\/uploads\/2025\/07\/4b94cee_upload-1-mfktrbi9juan-945462.jpg\",\"contentUrl\":\"https:\/\/vof-news.eu\/wp-content\/uploads\/2025\/07\/4b94cee_upload-1-mfktrbi9juan-945462.jpg\",\"width\":664,\"height\":457},{\"@type\":\"BreadcrumbList\",\"@id\":\"https:\/\/vof-news.eu\/fr\/emmanuel-macron-evoque-le-brexit-devant-le-parlement-britannique-et-parle-dune-decision-profondement-regrettable-mais-que-la-france-respecte\/#breadcrumb\",\"itemListElement\":[{\"@type\":\"ListItem\",\"position\":1,\"name\":\"Home\",\"item\":\"https:\/\/vof-news.eu\/fr\/\"},{\"@type\":\"ListItem\",\"position\":2,\"name\":\"Emmanuel Macron \u00e9voque le Brexit devant le Parlement britannique, et parle d\u2019une d\u00e9cision \u00ab\u00a0profond\u00e9ment regrettable\u00a0\u00bb mais que \u00ab\u00a0[la France] respect[e]\u00a0\u00bb\"}]},{\"@type\":\"WebSite\",\"@id\":\"https:\/\/vof-news.eu\/fr\/#website\",\"url\":\"https:\/\/vof-news.eu\/fr\/\",\"name\":\"vof-news.eu\",\"description\":\"\",\"potentialAction\":[{\"@type\":\"SearchAction\",\"target\":{\"@type\":\"EntryPoint\",\"urlTemplate\":\"https:\/\/vof-news.eu\/fr\/?s={search_term_string}\"},\"query-input\":\"required name=search_term_string\"}],\"inLanguage\":\"fr-FR\"},{\"@type\":\"Person\",\"@id\":\"https:\/\/vof-news.eu\/fr\/#\/schema\/person\/f6a2a4309f0561835797fd8c19b333ed\",\"name\":\"Author\",\"image\":{\"@type\":\"ImageObject\",\"inLanguage\":\"fr-FR\",\"@id\":\"https:\/\/vof-news.eu\/fr\/#\/schema\/person\/image\/\",\"url\":\"https:\/\/secure.gravatar.com\/avatar\/b67e614b1b25b3e9c0c239efdd2fde5ab015b5affd6f1c3c85911ca4b384e790?s=96&d=mm&r=g\",\"contentUrl\":\"https:\/\/secure.gravatar.com\/avatar\/b67e614b1b25b3e9c0c239efdd2fde5ab015b5affd6f1c3c85911ca4b384e790?s=96&d=mm&r=g\",\"caption\":\"Author\"},\"sameAs\":[\"http:\/\/vof-news.eu\"],\"url\":\"https:\/\/vof-news.eu\/fr\/author\/zwt6qxnjulxbnyg\/\"}]}<\/script>\n<!-- \/ Yoast SEO plugin. -->","yoast_head_json":{"title":"Emmanuel Macron \u00e9voque le Brexit devant le Parlement britannique, et parle d\u2019une d\u00e9cision \u00ab\u00a0profond\u00e9ment regrettable\u00a0\u00bb mais que \u00ab\u00a0[la France] respect[e]\u00a0\u00bb - vof-news.eu","description":"La d\u00e9cision des Britanniques de quitter l\u2019Union europ\u00e9enne (UE) est mais nous la , a d\u00e9clar\u00e9, mardi 8\u00a0juillet, le pr\u00e9sident fran\u00e7ais, Emmanuel Macron, devant le Parlement britannique \u00e0 l\u2019occasion de la premi\u00e8re visite d\u2019Etat d\u2019un dirigeant de l\u2019UE au Royaume-Uni depuis le Brexit, en\u00a02020. Le chef de l\u2019Etat fran\u00e7ais, qui s\u2019exprimait en anglais devant les d\u00e9put\u00e9s et les Lords, a affirm\u00e9 . Il a aussi soulign\u00e9 que . La France et le Royaume-Uni doivent pour issu de la seconde guerre mondiale, a \u00e9galement d\u00e9clar\u00e9 le pr\u00e9sident fran\u00e7ais \u00e0 cette occasion. , a-t-il ajout\u00e9.   Emmanuel Macron a \u00e9galement promis dans la lutte contre l\u2019immigration clandestine au Royaume-Uni. Alors que plus de 21\u00a0000\u00a0personnes sont arriv\u00e9es cette ann\u00e9e sur les c\u00f4tes britanniques en traversant la Manche depuis la France \u2013 un record historique sur cette p\u00e9riode de l\u2019ann\u00e9e \u2013 le pr\u00e9sident fran\u00e7ais a soulign\u00e9 que cette immigration repr\u00e9sentait un pour les deux pays. , a-t-il dit. , a-t-il poursuivi, annon\u00e7ant des lors du sommet franco-britannique de jeudi, qui selon lui (\u2026). \u00ab\u00a0Marseillaise\u00a0\u00bb et cal\u00e8ches royales Le pr\u00e9sident fran\u00e7ais est arriv\u00e9 mardi matin au Royaume-Uni, accompagn\u00e9 de son \u00e9pouse, Brigitte, pour une visite d\u2019Etat de trois jours. L\u2019avion pr\u00e9sidentiel s\u2019est pos\u00e9 peu apr\u00e8s 11\u00a0heures \u00e0 la base militaire de Northolt, \u00e0 l\u2019ouest de Londres. C\u2019est et , a-t-il comment\u00e9 sur X, appelant l\u2019Europe et le Royaume-Uni \u00e0 face aux mondiaux.     , a d\u00e9taill\u00e9 le chef d\u2019Etat fran\u00e7ais. , a-t-il ajout\u00e9. Le prince h\u00e9ritier, William, et son \u00e9pouse, Kate, ont accueilli le couple fran\u00e7ais sur le tarmac, \u00e0 la sortie de l\u2019avion. Une haie d\u2019honneur avait \u00e9t\u00e9 d\u00e9ploy\u00e9e pour l\u2019occasion. Le couple pr\u00e9sidentiel a \u00e9t\u00e9 aussit\u00f4t conduit au ch\u00e2teau de Windsor, \u00e0 l\u2019ouest de Londres, o\u00f9 il a rejoint le roi Charles III et la reine Camilla, pr\u00e8s de deux ans apr\u00e8s la visite d\u2019Etat du couple royal en France. Apr\u00e8s avoir \u00e9cout\u00e9 , tous ont pris place dans des cal\u00e8ches royales, qui ont remont\u00e9 la rue principale de Windsor pavois\u00e9e de drapeaux britanniques et fran\u00e7ais, jusqu\u2019au ch\u00e2teau, o\u00f9 r\u00e9sidera le couple pr\u00e9sidentiel. A l\u2019occasion de cette visite, l\u2019Elys\u00e9e a annonc\u00e9 que l\u2019\u00e9nerg\u00e9ticien public fran\u00e7ais EDF d\u00e9tiendra 12,5\u00a0% de la future centrale nucl\u00e9aire britannique de Sizewell C, dans l\u2019est de l\u2019Angleterre. Cette future centrale est un projet-cl\u00e9 pour la s\u00e9curit\u00e9 \u00e9nerg\u00e9tique britannique. , dans laquelle l\u2019entreprise publique fran\u00e7aise investira (1,3\u00a0milliard d\u2019euros), a pr\u00e9cis\u00e9 l\u2019Elys\u00e9e dans un communiqu\u00e9.    Le Monde avec AFP      S\u2019abonner   Contribuer R\u00e9utiliser ce contenu","robots":{"index":"noindex","follow":"follow","max-snippet":"max-snippet:-1","max-image-preview":"max-image-preview:large","max-video-preview":"max-video-preview:-1"},"og_locale":"fr_FR","og_type":"article","og_title":"Emmanuel Macron \u00e9voque le Brexit devant le Parlement britannique, et parle d\u2019une d\u00e9cision \u00ab\u00a0profond\u00e9ment regrettable\u00a0\u00bb mais que \u00ab\u00a0[la France] respect[e]\u00a0\u00bb - vof-news.eu","og_description":"La d\u00e9cision des Britanniques de quitter l\u2019Union europ\u00e9enne (UE) est mais nous la , a d\u00e9clar\u00e9, mardi 8\u00a0juillet, le pr\u00e9sident fran\u00e7ais, Emmanuel Macron, devant le Parlement britannique \u00e0 l\u2019occasion de la premi\u00e8re visite d\u2019Etat d\u2019un dirigeant de l\u2019UE au Royaume-Uni depuis le Brexit, en\u00a02020. Le chef de l\u2019Etat fran\u00e7ais, qui s\u2019exprimait en anglais devant les d\u00e9put\u00e9s et les Lords, a affirm\u00e9 . Il a aussi soulign\u00e9 que . La France et le Royaume-Uni doivent pour issu de la seconde guerre mondiale, a \u00e9galement d\u00e9clar\u00e9 le pr\u00e9sident fran\u00e7ais \u00e0 cette occasion. , a-t-il ajout\u00e9.   Emmanuel Macron a \u00e9galement promis dans la lutte contre l\u2019immigration clandestine au Royaume-Uni. Alors que plus de 21\u00a0000\u00a0personnes sont arriv\u00e9es cette ann\u00e9e sur les c\u00f4tes britanniques en traversant la Manche depuis la France \u2013 un record historique sur cette p\u00e9riode de l\u2019ann\u00e9e \u2013 le pr\u00e9sident fran\u00e7ais a soulign\u00e9 que cette immigration repr\u00e9sentait un pour les deux pays. , a-t-il dit. , a-t-il poursuivi, annon\u00e7ant des lors du sommet franco-britannique de jeudi, qui selon lui (\u2026). \u00ab\u00a0Marseillaise\u00a0\u00bb et cal\u00e8ches royales Le pr\u00e9sident fran\u00e7ais est arriv\u00e9 mardi matin au Royaume-Uni, accompagn\u00e9 de son \u00e9pouse, Brigitte, pour une visite d\u2019Etat de trois jours. L\u2019avion pr\u00e9sidentiel s\u2019est pos\u00e9 peu apr\u00e8s 11\u00a0heures \u00e0 la base militaire de Northolt, \u00e0 l\u2019ouest de Londres. C\u2019est et , a-t-il comment\u00e9 sur X, appelant l\u2019Europe et le Royaume-Uni \u00e0 face aux mondiaux.     , a d\u00e9taill\u00e9 le chef d\u2019Etat fran\u00e7ais. , a-t-il ajout\u00e9. Le prince h\u00e9ritier, William, et son \u00e9pouse, Kate, ont accueilli le couple fran\u00e7ais sur le tarmac, \u00e0 la sortie de l\u2019avion. Une haie d\u2019honneur avait \u00e9t\u00e9 d\u00e9ploy\u00e9e pour l\u2019occasion. Le couple pr\u00e9sidentiel a \u00e9t\u00e9 aussit\u00f4t conduit au ch\u00e2teau de Windsor, \u00e0 l\u2019ouest de Londres, o\u00f9 il a rejoint le roi Charles III et la reine Camilla, pr\u00e8s de deux ans apr\u00e8s la visite d\u2019Etat du couple royal en France. Apr\u00e8s avoir \u00e9cout\u00e9 , tous ont pris place dans des cal\u00e8ches royales, qui ont remont\u00e9 la rue principale de Windsor pavois\u00e9e de drapeaux britanniques et fran\u00e7ais, jusqu\u2019au ch\u00e2teau, o\u00f9 r\u00e9sidera le couple pr\u00e9sidentiel. A l\u2019occasion de cette visite, l\u2019Elys\u00e9e a annonc\u00e9 que l\u2019\u00e9nerg\u00e9ticien public fran\u00e7ais EDF d\u00e9tiendra 12,5\u00a0% de la future centrale nucl\u00e9aire britannique de Sizewell C, dans l\u2019est de l\u2019Angleterre. Cette future centrale est un projet-cl\u00e9 pour la s\u00e9curit\u00e9 \u00e9nerg\u00e9tique britannique. , dans laquelle l\u2019entreprise publique fran\u00e7aise investira (1,3\u00a0milliard d\u2019euros), a pr\u00e9cis\u00e9 l\u2019Elys\u00e9e dans un communiqu\u00e9.    Le Monde avec AFP      S\u2019abonner   Contribuer R\u00e9utiliser ce contenu","og_url":"https:\/\/vof-news.eu\/fr\/emmanuel-macron-evoque-le-brexit-devant-le-parlement-britannique-et-parle-dune-decision-profondement-regrettable-mais-que-la-france-respecte\/","og_site_name":"vof-news.eu","article_published_time":"2025-07-08T18:33:40+00:00","article_modified_time":"2025-07-08T18:34:07+00:00","og_image":[{"width":664,"height":457,"url":"https:\/\/vof-news.eu\/wp-content\/uploads\/2025\/07\/4b94cee_upload-1-mfktrbi9juan-945462.jpg","type":"image\/jpeg"}],"author":"Author","twitter_card":"summary_large_image","twitter_misc":{"\u00c9crit par":"Author","Dur\u00e9e de lecture estim\u00e9e":"2 minutes"},"schema":{"@context":"https:\/\/schema.org","@graph":[{"@type":"WebPage","@id":"https:\/\/vof-news.eu\/fr\/emmanuel-macron-evoque-le-brexit-devant-le-parlement-britannique-et-parle-dune-decision-profondement-regrettable-mais-que-la-france-respecte\/","url":"https:\/\/vof-news.eu\/fr\/emmanuel-macron-evoque-le-brexit-devant-le-parlement-britannique-et-parle-dune-decision-profondement-regrettable-mais-que-la-france-respecte\/","name":"Emmanuel Macron \u00e9voque le Brexit devant le Parlement britannique, et parle d\u2019une d\u00e9cision \u00ab\u00a0profond\u00e9ment regrettable\u00a0\u00bb mais que \u00ab\u00a0[la France] respect[e]\u00a0\u00bb - vof-news.eu","isPartOf":{"@id":"https:\/\/vof-news.eu\/fr\/#website"},"primaryImageOfPage":{"@id":"https:\/\/vof-news.eu\/fr\/emmanuel-macron-evoque-le-brexit-devant-le-parlement-britannique-et-parle-dune-decision-profondement-regrettable-mais-que-la-france-respecte\/#primaryimage"},"image":{"@id":"https:\/\/vof-news.eu\/fr\/emmanuel-macron-evoque-le-brexit-devant-le-parlement-britannique-et-parle-dune-decision-profondement-regrettable-mais-que-la-france-respecte\/#primaryimage"},"thumbnailUrl":"https:\/\/vof-news.eu\/wp-content\/uploads\/2025\/07\/4b94cee_upload-1-mfktrbi9juan-945462.jpg","datePublished":"2025-07-08T18:33:40+00:00","dateModified":"2025-07-08T18:34:07+00:00","author":{"@id":"https:\/\/vof-news.eu\/fr\/#\/schema\/person\/f6a2a4309f0561835797fd8c19b333ed"},"description":"La d\u00e9cision des Britanniques de quitter l\u2019Union europ\u00e9enne (UE) est mais nous la , a d\u00e9clar\u00e9, mardi 8\u00a0juillet, le pr\u00e9sident fran\u00e7ais, Emmanuel Macron, devant le Parlement britannique \u00e0 l\u2019occasion de la premi\u00e8re visite d\u2019Etat d\u2019un dirigeant de l\u2019UE au Royaume-Uni depuis le Brexit, en\u00a02020. Le chef de l\u2019Etat fran\u00e7ais, qui s\u2019exprimait en anglais devant les d\u00e9put\u00e9s et les Lords, a affirm\u00e9 . Il a aussi soulign\u00e9 que . La France et le Royaume-Uni doivent pour issu de la seconde guerre mondiale, a \u00e9galement d\u00e9clar\u00e9 le pr\u00e9sident fran\u00e7ais \u00e0 cette occasion. , a-t-il ajout\u00e9. Emmanuel Macron a \u00e9galement promis dans la lutte contre l\u2019immigration clandestine au Royaume-Uni. Alors que plus de 21\u00a0000\u00a0personnes sont arriv\u00e9es cette ann\u00e9e sur les c\u00f4tes britanniques en traversant la Manche depuis la France \u2013 un record historique sur cette p\u00e9riode de l\u2019ann\u00e9e \u2013 le pr\u00e9sident fran\u00e7ais a soulign\u00e9 que cette immigration repr\u00e9sentait un pour les deux pays. , a-t-il dit. , a-t-il poursuivi, annon\u00e7ant des lors du sommet franco-britannique de jeudi, qui selon lui (\u2026). \u00ab\u00a0Marseillaise\u00a0\u00bb et cal\u00e8ches royales Le pr\u00e9sident fran\u00e7ais est arriv\u00e9 mardi matin au Royaume-Uni, accompagn\u00e9 de son \u00e9pouse, Brigitte, pour une visite d\u2019Etat de trois jours. L\u2019avion pr\u00e9sidentiel s\u2019est pos\u00e9 peu apr\u00e8s 11\u00a0heures \u00e0 la base militaire de Northolt, \u00e0 l\u2019ouest de Londres. C\u2019est et , a-t-il comment\u00e9 sur X, appelant l\u2019Europe et le Royaume-Uni \u00e0 face aux mondiaux. , a d\u00e9taill\u00e9 le chef d\u2019Etat fran\u00e7ais. , a-t-il ajout\u00e9. Le prince h\u00e9ritier, William, et son \u00e9pouse, Kate, ont accueilli le couple fran\u00e7ais sur le tarmac, \u00e0 la sortie de l\u2019avion. Une haie d\u2019honneur avait \u00e9t\u00e9 d\u00e9ploy\u00e9e pour l\u2019occasion. Le couple pr\u00e9sidentiel a \u00e9t\u00e9 aussit\u00f4t conduit au ch\u00e2teau de Windsor, \u00e0 l\u2019ouest de Londres, o\u00f9 il a rejoint le roi Charles III et la reine Camilla, pr\u00e8s de deux ans apr\u00e8s la visite d\u2019Etat du couple royal en France. Apr\u00e8s avoir \u00e9cout\u00e9 , tous ont pris place dans des cal\u00e8ches royales, qui ont remont\u00e9 la rue principale de Windsor pavois\u00e9e de drapeaux britanniques et fran\u00e7ais, jusqu\u2019au ch\u00e2teau, o\u00f9 r\u00e9sidera le couple pr\u00e9sidentiel. A l\u2019occasion de cette visite, l\u2019Elys\u00e9e a annonc\u00e9 que l\u2019\u00e9nerg\u00e9ticien public fran\u00e7ais EDF d\u00e9tiendra 12,5\u00a0% de la future centrale nucl\u00e9aire britannique de Sizewell C, dans l\u2019est de l\u2019Angleterre. Cette future centrale est un projet-cl\u00e9 pour la s\u00e9curit\u00e9 \u00e9nerg\u00e9tique britannique. , dans laquelle l\u2019entreprise publique fran\u00e7aise investira (1,3\u00a0milliard d\u2019euros), a pr\u00e9cis\u00e9 l\u2019Elys\u00e9e dans un communiqu\u00e9. Le Monde avec AFP S\u2019abonner Contribuer R\u00e9utiliser ce contenu","breadcrumb":{"@id":"https:\/\/vof-news.eu\/fr\/emmanuel-macron-evoque-le-brexit-devant-le-parlement-britannique-et-parle-dune-decision-profondement-regrettable-mais-que-la-france-respecte\/#breadcrumb"},"inLanguage":"fr-FR","potentialAction":[{"@type":"ReadAction","target":["https:\/\/vof-news.eu\/fr\/emmanuel-macron-evoque-le-brexit-devant-le-parlement-britannique-et-parle-dune-decision-profondement-regrettable-mais-que-la-france-respecte\/"]}]},{"@type":"ImageObject","inLanguage":"fr-FR","@id":"https:\/\/vof-news.eu\/fr\/emmanuel-macron-evoque-le-brexit-devant-le-parlement-britannique-et-parle-dune-decision-profondement-regrettable-mais-que-la-france-respecte\/#primaryimage","url":"https:\/\/vof-news.eu\/wp-content\/uploads\/2025\/07\/4b94cee_upload-1-mfktrbi9juan-945462.jpg","contentUrl":"https:\/\/vof-news.eu\/wp-content\/uploads\/2025\/07\/4b94cee_upload-1-mfktrbi9juan-945462.jpg","width":664,"height":457},{"@type":"BreadcrumbList","@id":"https:\/\/vof-news.eu\/fr\/emmanuel-macron-evoque-le-brexit-devant-le-parlement-britannique-et-parle-dune-decision-profondement-regrettable-mais-que-la-france-respecte\/#breadcrumb","itemListElement":[{"@type":"ListItem","position":1,"name":"Home","item":"https:\/\/vof-news.eu\/fr\/"},{"@type":"ListItem","position":2,"name":"Emmanuel Macron \u00e9voque le Brexit devant le Parlement britannique, et parle d\u2019une d\u00e9cision \u00ab\u00a0profond\u00e9ment regrettable\u00a0\u00bb mais que \u00ab\u00a0[la France] respect[e]\u00a0\u00bb"}]},{"@type":"WebSite","@id":"https:\/\/vof-news.eu\/fr\/#website","url":"https:\/\/vof-news.eu\/fr\/","name":"vof-news.eu","description":"","potentialAction":[{"@type":"SearchAction","target":{"@type":"EntryPoint","urlTemplate":"https:\/\/vof-news.eu\/fr\/?s={search_term_string}"},"query-input":"required name=search_term_string"}],"inLanguage":"fr-FR"},{"@type":"Person","@id":"https:\/\/vof-news.eu\/fr\/#\/schema\/person\/f6a2a4309f0561835797fd8c19b333ed","name":"Author","image":{"@type":"ImageObject","inLanguage":"fr-FR","@id":"https:\/\/vof-news.eu\/fr\/#\/schema\/person\/image\/","url":"https:\/\/secure.gravatar.com\/avatar\/b67e614b1b25b3e9c0c239efdd2fde5ab015b5affd6f1c3c85911ca4b384e790?s=96&d=mm&r=g","contentUrl":"https:\/\/secure.gravatar.com\/avatar\/b67e614b1b25b3e9c0c239efdd2fde5ab015b5affd6f1c3c85911ca4b384e790?s=96&d=mm&r=g","caption":"Author"},"sameAs":["http:\/\/vof-news.eu"],"url":"https:\/\/vof-news.eu\/fr\/author\/zwt6qxnjulxbnyg\/"}]}},"yoast_meta":{"yoast_wpseo_title":"","yoast_wpseo_metadesc":"","yoast_wpseo_canonical":""},"_links":{"self":[{"href":"https:\/\/vof-news.eu\/fr\/wp-json\/wp\/v2\/posts\/249913","targetHints":{"allow":["GET"]}}],"collection":[{"href":"https:\/\/vof-news.eu\/fr\/wp-json\/wp\/v2\/posts"}],"about":[{"href":"https:\/\/vof-news.eu\/fr\/wp-json\/wp\/v2\/types\/post"}],"author":[{"embeddable":true,"href":"https:\/\/vof-news.eu\/fr\/wp-json\/wp\/v2\/users\/1"}],"replies":[{"embeddable":true,"href":"https:\/\/vof-news.eu\/fr\/wp-json\/wp\/v2\/comments?post=249913"}],"version-history":[{"count":1,"href":"https:\/\/vof-news.eu\/fr\/wp-json\/wp\/v2\/posts\/249913\/revisions"}],"predecessor-version":[{"id":249920,"href":"https:\/\/vof-news.eu\/fr\/wp-json\/wp\/v2\/posts\/249913\/revisions\/249920"}],"wp:featuredmedia":[{"embeddable":true,"href":"https:\/\/vof-news.eu\/fr\/wp-json\/wp\/v2\/media\/249914"}],"wp:attachment":[{"href":"https:\/\/vof-news.eu\/fr\/wp-json\/wp\/v2\/media?parent=249913"}],"wp:term":[{"taxonomy":"category","embeddable":true,"href":"https:\/\/vof-news.eu\/fr\/wp-json\/wp\/v2\/categories?post=249913"},{"taxonomy":"post_tag","embeddable":true,"href":"https:\/\/vof-news.eu\/fr\/wp-json\/wp\/v2\/tags?post=249913"}],"curies":[{"name":"wp","href":"https:\/\/api.w.org\/{rel}","templated":true}]}}