{"id":249905,"date":"2025-07-08T21:32:28","date_gmt":"2025-07-08T18:32:28","guid":{"rendered":"https:\/\/vof-news.eu\/enquete-sur-le-rn-et-ses-allies-au-parlement-europeen-sur-quoi-portent-les-accusations-dirregularites-financieres\/"},"modified":"2025-07-08T21:33:01","modified_gmt":"2025-07-08T18:33:01","slug":"enquete-sur-le-rn-et-ses-allies-au-parlement-europeen-sur-quoi-portent-les-accusations-dirregularites-financieres","status":"publish","type":"post","link":"https:\/\/vof-news.eu\/fr\/enquete-sur-le-rn-et-ses-allies-au-parlement-europeen-sur-quoi-portent-les-accusations-dirregularites-financieres\/","title":{"rendered":"Enqu\u00eate sur le RN et ses alli\u00e9s au Parlement europ\u00e9en\u00a0: sur quoi portent les accusations d\u2019irr\u00e9gularit\u00e9s financi\u00e8res\u00a0?"},"content":{"rendered":"<article>\n<p>Apr\u00e8s l\u2019affaire des assistants fant\u00f4mes du Parlement europ\u00e9en, le Rassemblement national (RN) est \u00e0 nouveau mis en cause pour ses pratiques financi\u00e8res \u00e0 Bruxelles. Mardi 8\u00a0juillet, <a href=\"https:\/\/www.lemonde.fr\/international\/article\/2025\/07\/08\/le-parquet-europeen-ouvre-une-enquete-sur-le-rn-et-ses-allies-au-parlement-europeen-suspectes-d-avoir-mis-en-place-un-systeme-illegal-pour-financer-des-associations_6619920_3210.html\" rel=\"nofollow\">le parquet europ\u00e9en a annonc\u00e9 l\u2019ouverture d\u2019une enqu\u00eate<\/a> contre le parti de Jordan Bardella et ses alli\u00e9s continentaux.<\/p>\n<p>Cr\u00e9\u00e9 en\u00a02021\u00a0et dot\u00e9 de comp\u00e9tences judiciaires propres, le parquet europ\u00e9en a pour mission d\u2019enqu\u00eater sur des infractions pouvant porter atteinte au budget de l\u2019Union europ\u00e9enne. Il peut ensuite engager des poursuites en saisissant les juridictions nationales.<\/p>\n<p>Si l\u2019institution refuse de donner des d\u00e9tails, la proc\u00e9dure intervient au lendemain de la remise d\u2019un rapport de la direction des affaires financi\u00e8res\u00a0du Parlement europ\u00e9en \u2013 r\u00e9v\u00e9l\u00e9 par et ses partenaires (l\u2019\u00e9mission allemande d\u2019investigation \u00ab\u00a0Kontraste\u00a0\u00bb, le magazine allemand\u00a0\u00a0et l\u2019hebdomadaire autrichien\u00a0) \u2013 dans lequel le groupe Identit\u00e9 et d\u00e9mocratie (ID), o\u00f9 le RN a si\u00e9g\u00e9 de 2019\u00a0\u00e0 2024, est soup\u00e7onn\u00e9 d\u2019avoir  4,33\u00a0millions d\u2019euros.<\/p>\n<section>   <\/section>\n<h2>\u00ab\u00a0Graves probl\u00e8mes de conformit\u00e9\u00a0\u00bb<\/h2>\n<p>A l\u2019origine allou\u00e9e au fonctionnement op\u00e9rationnel du groupe ou \u00e0 des actions en lien avec l\u2019Union europ\u00e9enne,une partie de cette somme aurait notamment \u00e9t\u00e9 capt\u00e9e par des soci\u00e9t\u00e9s li\u00e9es \u00e0 des proches de Marine Le Pen dans le cadre d\u2019appels d\u2019offres entach\u00e9s par deselon le parquet europ\u00e9enPrincipales b\u00e9n\u00e9ficiaires, les entreprises E-Politic et Unanime, auxquelles le groupe ID a respectivement pass\u00e9 pour 1,7\u00a0million d\u2019euros et 1,4\u00a0million d\u2019euros de commandes.<\/p>\n<p><strong>Il vous reste 49.98% de cet article \u00e0 lire. La suite est r\u00e9serv\u00e9e aux abonn\u00e9s.<\/strong><\/p>\n<\/article>\n","protected":false},"excerpt":{"rendered":"<p>Apr\u00e8s l\u2019affaire des assistants fant\u00f4mes du Parlement europ\u00e9en, le Rassemblement national (RN) est \u00e0 nouveau mis en cause pour ses pratiques financi\u00e8res \u00e0 Bruxelles. Mardi 8\u00a0juillet, le parquet europ\u00e9en a annonc\u00e9 l\u2019ouverture d\u2019une enqu\u00eate contre le parti de Jordan Bardella et ses alli\u00e9s continentaux. Cr\u00e9\u00e9 en\u00a02021\u00a0et dot\u00e9 de comp\u00e9tences judiciaires propres, le parquet europ\u00e9en a<\/p>\n","protected":false},"author":1,"featured_media":249906,"comment_status":"open","ping_status":"open","sticky":false,"template":"","format":"standard","meta":{"footnotes":""},"categories":[68],"tags":[],"class_list":["post-249905","post","type-post","status-publish","format-standard","has-post-thumbnail","hentry","category-politics-fr"],"acf":[],"yoast_head":"<!-- This site is optimized with the Yoast SEO plugin v22.9 - https:\/\/yoast.com\/wordpress\/plugins\/seo\/ -->\n<title>Enqu\u00eate sur le RN et ses alli\u00e9s au Parlement europ\u00e9en\u00a0: sur quoi portent les accusations d\u2019irr\u00e9gularit\u00e9s financi\u00e8res\u00a0? - vof-news.eu<\/title>\n<meta name=\"description\" content=\"Apr\u00e8s l\u2019affaire des assistants fant\u00f4mes du Parlement europ\u00e9en, le Rassemblement national (RN) est \u00e0 nouveau mis en cause pour ses pratiques financi\u00e8res \u00e0 Bruxelles. Mardi 8\u00a0juillet, le parquet europ\u00e9en a annonc\u00e9 l\u2019ouverture d\u2019une enqu\u00eate contre le parti de Jordan Bardella et ses alli\u00e9s continentaux. Cr\u00e9\u00e9 en\u00a02021\u00a0et dot\u00e9 de comp\u00e9tences judiciaires propres, le parquet europ\u00e9en a pour mission d\u2019enqu\u00eater sur des infractions pouvant porter atteinte au budget de l\u2019Union europ\u00e9enne. Il peut ensuite engager des poursuites en saisissant les juridictions nationales. Si l\u2019institution refuse de donner des d\u00e9tails, la proc\u00e9dure intervient au lendemain de la remise d\u2019un rapport de la direction des affaires financi\u00e8res\u00a0du Parlement europ\u00e9en \u2013 r\u00e9v\u00e9l\u00e9 par et ses partenaires (l\u2019\u00e9mission allemande d\u2019investigation \u00ab\u00a0Kontraste\u00a0\u00bb, le magazine allemand\u00a0\u00a0et l\u2019hebdomadaire autrichien\u00a0) \u2013 dans lequel le groupe Identit\u00e9 et d\u00e9mocratie (ID), o\u00f9 le RN a si\u00e9g\u00e9 de 2019\u00a0\u00e0 2024, est soup\u00e7onn\u00e9 d\u2019avoir 4,33\u00a0millions d\u2019euros.   \u00ab\u00a0Graves probl\u00e8mes de conformit\u00e9\u00a0\u00bb A l\u2019origine allou\u00e9e au fonctionnement op\u00e9rationnel du groupe ou \u00e0 des actions en lien avec l\u2019Union europ\u00e9enne,une partie de cette somme aurait notamment \u00e9t\u00e9 capt\u00e9e par des soci\u00e9t\u00e9s li\u00e9es \u00e0 des proches de Marine Le Pen dans le cadre d\u2019appels d\u2019offres entach\u00e9s par deselon le parquet europ\u00e9enPrincipales b\u00e9n\u00e9ficiaires, les entreprises E-Politic et Unanime, auxquelles le groupe ID a respectivement pass\u00e9 pour 1,7\u00a0million d\u2019euros et 1,4\u00a0million d\u2019euros de commandes. Il vous reste 49.98% de cet article \u00e0 lire. La suite est r\u00e9serv\u00e9e aux abonn\u00e9s.\" \/>\n<meta name=\"robots\" content=\"noindex, follow, max-snippet:-1, max-image-preview:large, max-video-preview:-1\" \/>\n<meta property=\"og:locale\" content=\"fr_FR\" \/>\n<meta property=\"og:type\" content=\"article\" \/>\n<meta property=\"og:title\" content=\"Enqu\u00eate sur le RN et ses alli\u00e9s au Parlement europ\u00e9en\u00a0: sur quoi portent les accusations d\u2019irr\u00e9gularit\u00e9s financi\u00e8res\u00a0? - vof-news.eu\" \/>\n<meta property=\"og:description\" content=\"Apr\u00e8s l\u2019affaire des assistants fant\u00f4mes du Parlement europ\u00e9en, le Rassemblement national (RN) est \u00e0 nouveau mis en cause pour ses pratiques financi\u00e8res \u00e0 Bruxelles. Mardi 8\u00a0juillet, le parquet europ\u00e9en a annonc\u00e9 l\u2019ouverture d\u2019une enqu\u00eate contre le parti de Jordan Bardella et ses alli\u00e9s continentaux. Cr\u00e9\u00e9 en\u00a02021\u00a0et dot\u00e9 de comp\u00e9tences judiciaires propres, le parquet europ\u00e9en a pour mission d\u2019enqu\u00eater sur des infractions pouvant porter atteinte au budget de l\u2019Union europ\u00e9enne. Il peut ensuite engager des poursuites en saisissant les juridictions nationales. Si l\u2019institution refuse de donner des d\u00e9tails, la proc\u00e9dure intervient au lendemain de la remise d\u2019un rapport de la direction des affaires financi\u00e8res\u00a0du Parlement europ\u00e9en \u2013 r\u00e9v\u00e9l\u00e9 par et ses partenaires (l\u2019\u00e9mission allemande d\u2019investigation \u00ab\u00a0Kontraste\u00a0\u00bb, le magazine allemand\u00a0\u00a0et l\u2019hebdomadaire autrichien\u00a0) \u2013 dans lequel le groupe Identit\u00e9 et d\u00e9mocratie (ID), o\u00f9 le RN a si\u00e9g\u00e9 de 2019\u00a0\u00e0 2024, est soup\u00e7onn\u00e9 d\u2019avoir 4,33\u00a0millions d\u2019euros.   \u00ab\u00a0Graves probl\u00e8mes de conformit\u00e9\u00a0\u00bb A l\u2019origine allou\u00e9e au fonctionnement op\u00e9rationnel du groupe ou \u00e0 des actions en lien avec l\u2019Union europ\u00e9enne,une partie de cette somme aurait notamment \u00e9t\u00e9 capt\u00e9e par des soci\u00e9t\u00e9s li\u00e9es \u00e0 des proches de Marine Le Pen dans le cadre d\u2019appels d\u2019offres entach\u00e9s par deselon le parquet europ\u00e9enPrincipales b\u00e9n\u00e9ficiaires, les entreprises E-Politic et Unanime, auxquelles le groupe ID a respectivement pass\u00e9 pour 1,7\u00a0million d\u2019euros et 1,4\u00a0million d\u2019euros de commandes. Il vous reste 49.98% de cet article \u00e0 lire. La suite est r\u00e9serv\u00e9e aux abonn\u00e9s.\" \/>\n<meta property=\"og:url\" content=\"https:\/\/vof-news.eu\/fr\/enquete-sur-le-rn-et-ses-allies-au-parlement-europeen-sur-quoi-portent-les-accusations-dirregularites-financieres\/\" \/>\n<meta property=\"og:site_name\" content=\"vof-news.eu\" \/>\n<meta property=\"article:published_time\" content=\"2025-07-08T18:32:28+00:00\" \/>\n<meta property=\"article:modified_time\" content=\"2025-07-08T18:33:01+00:00\" \/>\n<meta property=\"og:image\" content=\"https:\/\/vof-news.eu\/wp-content\/uploads\/2025\/07\/bfbc0f3_ftp-import-images-1-7fvsif8rm4ll-5359556-01-06.jpg\" \/>\n\t<meta property=\"og:image:width\" content=\"664\" \/>\n\t<meta property=\"og:image:height\" content=\"443\" \/>\n\t<meta property=\"og:image:type\" content=\"image\/jpeg\" \/>\n<meta name=\"author\" content=\"Author\" \/>\n<meta name=\"twitter:card\" content=\"summary_large_image\" \/>\n<meta name=\"twitter:label1\" content=\"\u00c9crit par\" \/>\n\t<meta name=\"twitter:data1\" content=\"Author\" \/>\n\t<meta name=\"twitter:label2\" content=\"Dur\u00e9e de lecture estim\u00e9e\" \/>\n\t<meta name=\"twitter:data2\" content=\"1 minute\" \/>\n<script type=\"application\/ld+json\" class=\"yoast-schema-graph\">{\"@context\":\"https:\/\/schema.org\",\"@graph\":[{\"@type\":\"WebPage\",\"@id\":\"https:\/\/vof-news.eu\/fr\/enquete-sur-le-rn-et-ses-allies-au-parlement-europeen-sur-quoi-portent-les-accusations-dirregularites-financieres\/\",\"url\":\"https:\/\/vof-news.eu\/fr\/enquete-sur-le-rn-et-ses-allies-au-parlement-europeen-sur-quoi-portent-les-accusations-dirregularites-financieres\/\",\"name\":\"Enqu\u00eate sur le RN et ses alli\u00e9s au Parlement europ\u00e9en\u00a0: sur quoi portent les accusations d\u2019irr\u00e9gularit\u00e9s financi\u00e8res\u00a0? - vof-news.eu\",\"isPartOf\":{\"@id\":\"https:\/\/vof-news.eu\/fr\/#website\"},\"primaryImageOfPage\":{\"@id\":\"https:\/\/vof-news.eu\/fr\/enquete-sur-le-rn-et-ses-allies-au-parlement-europeen-sur-quoi-portent-les-accusations-dirregularites-financieres\/#primaryimage\"},\"image\":{\"@id\":\"https:\/\/vof-news.eu\/fr\/enquete-sur-le-rn-et-ses-allies-au-parlement-europeen-sur-quoi-portent-les-accusations-dirregularites-financieres\/#primaryimage\"},\"thumbnailUrl\":\"https:\/\/vof-news.eu\/wp-content\/uploads\/2025\/07\/bfbc0f3_ftp-import-images-1-7fvsif8rm4ll-5359556-01-06.jpg\",\"datePublished\":\"2025-07-08T18:32:28+00:00\",\"dateModified\":\"2025-07-08T18:33:01+00:00\",\"author\":{\"@id\":\"https:\/\/vof-news.eu\/fr\/#\/schema\/person\/f6a2a4309f0561835797fd8c19b333ed\"},\"description\":\"Apr\u00e8s l\u2019affaire des assistants fant\u00f4mes du Parlement europ\u00e9en, le Rassemblement national (RN) est \u00e0 nouveau mis en cause pour ses pratiques financi\u00e8res \u00e0 Bruxelles. Mardi 8\u00a0juillet, le parquet europ\u00e9en a annonc\u00e9 l\u2019ouverture d\u2019une enqu\u00eate contre le parti de Jordan Bardella et ses alli\u00e9s continentaux. Cr\u00e9\u00e9 en\u00a02021\u00a0et dot\u00e9 de comp\u00e9tences judiciaires propres, le parquet europ\u00e9en a pour mission d\u2019enqu\u00eater sur des infractions pouvant porter atteinte au budget de l\u2019Union europ\u00e9enne. Il peut ensuite engager des poursuites en saisissant les juridictions nationales. Si l\u2019institution refuse de donner des d\u00e9tails, la proc\u00e9dure intervient au lendemain de la remise d\u2019un rapport de la direction des affaires financi\u00e8res\u00a0du Parlement europ\u00e9en \u2013 r\u00e9v\u00e9l\u00e9 par et ses partenaires (l\u2019\u00e9mission allemande d\u2019investigation \u00ab\u00a0Kontraste\u00a0\u00bb, le magazine allemand\u00a0\u00a0et l\u2019hebdomadaire autrichien\u00a0) \u2013 dans lequel le groupe Identit\u00e9 et d\u00e9mocratie (ID), o\u00f9 le RN a si\u00e9g\u00e9 de 2019\u00a0\u00e0 2024, est soup\u00e7onn\u00e9 d\u2019avoir 4,33\u00a0millions d\u2019euros. \u00ab\u00a0Graves probl\u00e8mes de conformit\u00e9\u00a0\u00bb A l\u2019origine allou\u00e9e au fonctionnement op\u00e9rationnel du groupe ou \u00e0 des actions en lien avec l\u2019Union europ\u00e9enne,une partie de cette somme aurait notamment \u00e9t\u00e9 capt\u00e9e par des soci\u00e9t\u00e9s li\u00e9es \u00e0 des proches de Marine Le Pen dans le cadre d\u2019appels d\u2019offres entach\u00e9s par deselon le parquet europ\u00e9enPrincipales b\u00e9n\u00e9ficiaires, les entreprises E-Politic et Unanime, auxquelles le groupe ID a respectivement pass\u00e9 pour 1,7\u00a0million d\u2019euros et 1,4\u00a0million d\u2019euros de commandes. Il vous reste 49.98% de cet article \u00e0 lire. La suite est r\u00e9serv\u00e9e aux abonn\u00e9s.\",\"breadcrumb\":{\"@id\":\"https:\/\/vof-news.eu\/fr\/enquete-sur-le-rn-et-ses-allies-au-parlement-europeen-sur-quoi-portent-les-accusations-dirregularites-financieres\/#breadcrumb\"},\"inLanguage\":\"fr-FR\",\"potentialAction\":[{\"@type\":\"ReadAction\",\"target\":[\"https:\/\/vof-news.eu\/fr\/enquete-sur-le-rn-et-ses-allies-au-parlement-europeen-sur-quoi-portent-les-accusations-dirregularites-financieres\/\"]}]},{\"@type\":\"ImageObject\",\"inLanguage\":\"fr-FR\",\"@id\":\"https:\/\/vof-news.eu\/fr\/enquete-sur-le-rn-et-ses-allies-au-parlement-europeen-sur-quoi-portent-les-accusations-dirregularites-financieres\/#primaryimage\",\"url\":\"https:\/\/vof-news.eu\/wp-content\/uploads\/2025\/07\/bfbc0f3_ftp-import-images-1-7fvsif8rm4ll-5359556-01-06.jpg\",\"contentUrl\":\"https:\/\/vof-news.eu\/wp-content\/uploads\/2025\/07\/bfbc0f3_ftp-import-images-1-7fvsif8rm4ll-5359556-01-06.jpg\",\"width\":664,\"height\":443},{\"@type\":\"BreadcrumbList\",\"@id\":\"https:\/\/vof-news.eu\/fr\/enquete-sur-le-rn-et-ses-allies-au-parlement-europeen-sur-quoi-portent-les-accusations-dirregularites-financieres\/#breadcrumb\",\"itemListElement\":[{\"@type\":\"ListItem\",\"position\":1,\"name\":\"Home\",\"item\":\"https:\/\/vof-news.eu\/fr\/\"},{\"@type\":\"ListItem\",\"position\":2,\"name\":\"Enqu\u00eate sur le RN et ses alli\u00e9s au Parlement europ\u00e9en\u00a0: sur quoi portent les accusations d\u2019irr\u00e9gularit\u00e9s financi\u00e8res\u00a0?\"}]},{\"@type\":\"WebSite\",\"@id\":\"https:\/\/vof-news.eu\/fr\/#website\",\"url\":\"https:\/\/vof-news.eu\/fr\/\",\"name\":\"vof-news.eu\",\"description\":\"\",\"potentialAction\":[{\"@type\":\"SearchAction\",\"target\":{\"@type\":\"EntryPoint\",\"urlTemplate\":\"https:\/\/vof-news.eu\/fr\/?s={search_term_string}\"},\"query-input\":\"required name=search_term_string\"}],\"inLanguage\":\"fr-FR\"},{\"@type\":\"Person\",\"@id\":\"https:\/\/vof-news.eu\/fr\/#\/schema\/person\/f6a2a4309f0561835797fd8c19b333ed\",\"name\":\"Author\",\"image\":{\"@type\":\"ImageObject\",\"inLanguage\":\"fr-FR\",\"@id\":\"https:\/\/vof-news.eu\/fr\/#\/schema\/person\/image\/\",\"url\":\"https:\/\/secure.gravatar.com\/avatar\/b67e614b1b25b3e9c0c239efdd2fde5ab015b5affd6f1c3c85911ca4b384e790?s=96&d=mm&r=g\",\"contentUrl\":\"https:\/\/secure.gravatar.com\/avatar\/b67e614b1b25b3e9c0c239efdd2fde5ab015b5affd6f1c3c85911ca4b384e790?s=96&d=mm&r=g\",\"caption\":\"Author\"},\"sameAs\":[\"http:\/\/vof-news.eu\"],\"url\":\"https:\/\/vof-news.eu\/fr\/author\/zwt6qxnjulxbnyg\/\"}]}<\/script>\n<!-- \/ Yoast SEO plugin. -->","yoast_head_json":{"title":"Enqu\u00eate sur le RN et ses alli\u00e9s au Parlement europ\u00e9en\u00a0: sur quoi portent les accusations d\u2019irr\u00e9gularit\u00e9s financi\u00e8res\u00a0? - vof-news.eu","description":"Apr\u00e8s l\u2019affaire des assistants fant\u00f4mes du Parlement europ\u00e9en, le Rassemblement national (RN) est \u00e0 nouveau mis en cause pour ses pratiques financi\u00e8res \u00e0 Bruxelles. Mardi 8\u00a0juillet, le parquet europ\u00e9en a annonc\u00e9 l\u2019ouverture d\u2019une enqu\u00eate contre le parti de Jordan Bardella et ses alli\u00e9s continentaux. Cr\u00e9\u00e9 en\u00a02021\u00a0et dot\u00e9 de comp\u00e9tences judiciaires propres, le parquet europ\u00e9en a pour mission d\u2019enqu\u00eater sur des infractions pouvant porter atteinte au budget de l\u2019Union europ\u00e9enne. Il peut ensuite engager des poursuites en saisissant les juridictions nationales. Si l\u2019institution refuse de donner des d\u00e9tails, la proc\u00e9dure intervient au lendemain de la remise d\u2019un rapport de la direction des affaires financi\u00e8res\u00a0du Parlement europ\u00e9en \u2013 r\u00e9v\u00e9l\u00e9 par et ses partenaires (l\u2019\u00e9mission allemande d\u2019investigation \u00ab\u00a0Kontraste\u00a0\u00bb, le magazine allemand\u00a0\u00a0et l\u2019hebdomadaire autrichien\u00a0) \u2013 dans lequel le groupe Identit\u00e9 et d\u00e9mocratie (ID), o\u00f9 le RN a si\u00e9g\u00e9 de 2019\u00a0\u00e0 2024, est soup\u00e7onn\u00e9 d\u2019avoir 4,33\u00a0millions d\u2019euros.   \u00ab\u00a0Graves probl\u00e8mes de conformit\u00e9\u00a0\u00bb A l\u2019origine allou\u00e9e au fonctionnement op\u00e9rationnel du groupe ou \u00e0 des actions en lien avec l\u2019Union europ\u00e9enne,une partie de cette somme aurait notamment \u00e9t\u00e9 capt\u00e9e par des soci\u00e9t\u00e9s li\u00e9es \u00e0 des proches de Marine Le Pen dans le cadre d\u2019appels d\u2019offres entach\u00e9s par deselon le parquet europ\u00e9enPrincipales b\u00e9n\u00e9ficiaires, les entreprises E-Politic et Unanime, auxquelles le groupe ID a respectivement pass\u00e9 pour 1,7\u00a0million d\u2019euros et 1,4\u00a0million d\u2019euros de commandes. Il vous reste 49.98% de cet article \u00e0 lire. La suite est r\u00e9serv\u00e9e aux abonn\u00e9s.","robots":{"index":"noindex","follow":"follow","max-snippet":"max-snippet:-1","max-image-preview":"max-image-preview:large","max-video-preview":"max-video-preview:-1"},"og_locale":"fr_FR","og_type":"article","og_title":"Enqu\u00eate sur le RN et ses alli\u00e9s au Parlement europ\u00e9en\u00a0: sur quoi portent les accusations d\u2019irr\u00e9gularit\u00e9s financi\u00e8res\u00a0? - vof-news.eu","og_description":"Apr\u00e8s l\u2019affaire des assistants fant\u00f4mes du Parlement europ\u00e9en, le Rassemblement national (RN) est \u00e0 nouveau mis en cause pour ses pratiques financi\u00e8res \u00e0 Bruxelles. Mardi 8\u00a0juillet, le parquet europ\u00e9en a annonc\u00e9 l\u2019ouverture d\u2019une enqu\u00eate contre le parti de Jordan Bardella et ses alli\u00e9s continentaux. Cr\u00e9\u00e9 en\u00a02021\u00a0et dot\u00e9 de comp\u00e9tences judiciaires propres, le parquet europ\u00e9en a pour mission d\u2019enqu\u00eater sur des infractions pouvant porter atteinte au budget de l\u2019Union europ\u00e9enne. Il peut ensuite engager des poursuites en saisissant les juridictions nationales. Si l\u2019institution refuse de donner des d\u00e9tails, la proc\u00e9dure intervient au lendemain de la remise d\u2019un rapport de la direction des affaires financi\u00e8res\u00a0du Parlement europ\u00e9en \u2013 r\u00e9v\u00e9l\u00e9 par et ses partenaires (l\u2019\u00e9mission allemande d\u2019investigation \u00ab\u00a0Kontraste\u00a0\u00bb, le magazine allemand\u00a0\u00a0et l\u2019hebdomadaire autrichien\u00a0) \u2013 dans lequel le groupe Identit\u00e9 et d\u00e9mocratie (ID), o\u00f9 le RN a si\u00e9g\u00e9 de 2019\u00a0\u00e0 2024, est soup\u00e7onn\u00e9 d\u2019avoir 4,33\u00a0millions d\u2019euros.   \u00ab\u00a0Graves probl\u00e8mes de conformit\u00e9\u00a0\u00bb A l\u2019origine allou\u00e9e au fonctionnement op\u00e9rationnel du groupe ou \u00e0 des actions en lien avec l\u2019Union europ\u00e9enne,une partie de cette somme aurait notamment \u00e9t\u00e9 capt\u00e9e par des soci\u00e9t\u00e9s li\u00e9es \u00e0 des proches de Marine Le Pen dans le cadre d\u2019appels d\u2019offres entach\u00e9s par deselon le parquet europ\u00e9enPrincipales b\u00e9n\u00e9ficiaires, les entreprises E-Politic et Unanime, auxquelles le groupe ID a respectivement pass\u00e9 pour 1,7\u00a0million d\u2019euros et 1,4\u00a0million d\u2019euros de commandes. Il vous reste 49.98% de cet article \u00e0 lire. La suite est r\u00e9serv\u00e9e aux abonn\u00e9s.","og_url":"https:\/\/vof-news.eu\/fr\/enquete-sur-le-rn-et-ses-allies-au-parlement-europeen-sur-quoi-portent-les-accusations-dirregularites-financieres\/","og_site_name":"vof-news.eu","article_published_time":"2025-07-08T18:32:28+00:00","article_modified_time":"2025-07-08T18:33:01+00:00","og_image":[{"width":664,"height":443,"url":"https:\/\/vof-news.eu\/wp-content\/uploads\/2025\/07\/bfbc0f3_ftp-import-images-1-7fvsif8rm4ll-5359556-01-06.jpg","type":"image\/jpeg"}],"author":"Author","twitter_card":"summary_large_image","twitter_misc":{"\u00c9crit par":"Author","Dur\u00e9e de lecture estim\u00e9e":"1 minute"},"schema":{"@context":"https:\/\/schema.org","@graph":[{"@type":"WebPage","@id":"https:\/\/vof-news.eu\/fr\/enquete-sur-le-rn-et-ses-allies-au-parlement-europeen-sur-quoi-portent-les-accusations-dirregularites-financieres\/","url":"https:\/\/vof-news.eu\/fr\/enquete-sur-le-rn-et-ses-allies-au-parlement-europeen-sur-quoi-portent-les-accusations-dirregularites-financieres\/","name":"Enqu\u00eate sur le RN et ses alli\u00e9s au Parlement europ\u00e9en\u00a0: sur quoi portent les accusations d\u2019irr\u00e9gularit\u00e9s financi\u00e8res\u00a0? - vof-news.eu","isPartOf":{"@id":"https:\/\/vof-news.eu\/fr\/#website"},"primaryImageOfPage":{"@id":"https:\/\/vof-news.eu\/fr\/enquete-sur-le-rn-et-ses-allies-au-parlement-europeen-sur-quoi-portent-les-accusations-dirregularites-financieres\/#primaryimage"},"image":{"@id":"https:\/\/vof-news.eu\/fr\/enquete-sur-le-rn-et-ses-allies-au-parlement-europeen-sur-quoi-portent-les-accusations-dirregularites-financieres\/#primaryimage"},"thumbnailUrl":"https:\/\/vof-news.eu\/wp-content\/uploads\/2025\/07\/bfbc0f3_ftp-import-images-1-7fvsif8rm4ll-5359556-01-06.jpg","datePublished":"2025-07-08T18:32:28+00:00","dateModified":"2025-07-08T18:33:01+00:00","author":{"@id":"https:\/\/vof-news.eu\/fr\/#\/schema\/person\/f6a2a4309f0561835797fd8c19b333ed"},"description":"Apr\u00e8s l\u2019affaire des assistants fant\u00f4mes du Parlement europ\u00e9en, le Rassemblement national (RN) est \u00e0 nouveau mis en cause pour ses pratiques financi\u00e8res \u00e0 Bruxelles. Mardi 8\u00a0juillet, le parquet europ\u00e9en a annonc\u00e9 l\u2019ouverture d\u2019une enqu\u00eate contre le parti de Jordan Bardella et ses alli\u00e9s continentaux. Cr\u00e9\u00e9 en\u00a02021\u00a0et dot\u00e9 de comp\u00e9tences judiciaires propres, le parquet europ\u00e9en a pour mission d\u2019enqu\u00eater sur des infractions pouvant porter atteinte au budget de l\u2019Union europ\u00e9enne. Il peut ensuite engager des poursuites en saisissant les juridictions nationales. Si l\u2019institution refuse de donner des d\u00e9tails, la proc\u00e9dure intervient au lendemain de la remise d\u2019un rapport de la direction des affaires financi\u00e8res\u00a0du Parlement europ\u00e9en \u2013 r\u00e9v\u00e9l\u00e9 par et ses partenaires (l\u2019\u00e9mission allemande d\u2019investigation \u00ab\u00a0Kontraste\u00a0\u00bb, le magazine allemand\u00a0\u00a0et l\u2019hebdomadaire autrichien\u00a0) \u2013 dans lequel le groupe Identit\u00e9 et d\u00e9mocratie (ID), o\u00f9 le RN a si\u00e9g\u00e9 de 2019\u00a0\u00e0 2024, est soup\u00e7onn\u00e9 d\u2019avoir 4,33\u00a0millions d\u2019euros. \u00ab\u00a0Graves probl\u00e8mes de conformit\u00e9\u00a0\u00bb A l\u2019origine allou\u00e9e au fonctionnement op\u00e9rationnel du groupe ou \u00e0 des actions en lien avec l\u2019Union europ\u00e9enne,une partie de cette somme aurait notamment \u00e9t\u00e9 capt\u00e9e par des soci\u00e9t\u00e9s li\u00e9es \u00e0 des proches de Marine Le Pen dans le cadre d\u2019appels d\u2019offres entach\u00e9s par deselon le parquet europ\u00e9enPrincipales b\u00e9n\u00e9ficiaires, les entreprises E-Politic et Unanime, auxquelles le groupe ID a respectivement pass\u00e9 pour 1,7\u00a0million d\u2019euros et 1,4\u00a0million d\u2019euros de commandes. Il vous reste 49.98% de cet article \u00e0 lire. La suite est r\u00e9serv\u00e9e aux abonn\u00e9s.","breadcrumb":{"@id":"https:\/\/vof-news.eu\/fr\/enquete-sur-le-rn-et-ses-allies-au-parlement-europeen-sur-quoi-portent-les-accusations-dirregularites-financieres\/#breadcrumb"},"inLanguage":"fr-FR","potentialAction":[{"@type":"ReadAction","target":["https:\/\/vof-news.eu\/fr\/enquete-sur-le-rn-et-ses-allies-au-parlement-europeen-sur-quoi-portent-les-accusations-dirregularites-financieres\/"]}]},{"@type":"ImageObject","inLanguage":"fr-FR","@id":"https:\/\/vof-news.eu\/fr\/enquete-sur-le-rn-et-ses-allies-au-parlement-europeen-sur-quoi-portent-les-accusations-dirregularites-financieres\/#primaryimage","url":"https:\/\/vof-news.eu\/wp-content\/uploads\/2025\/07\/bfbc0f3_ftp-import-images-1-7fvsif8rm4ll-5359556-01-06.jpg","contentUrl":"https:\/\/vof-news.eu\/wp-content\/uploads\/2025\/07\/bfbc0f3_ftp-import-images-1-7fvsif8rm4ll-5359556-01-06.jpg","width":664,"height":443},{"@type":"BreadcrumbList","@id":"https:\/\/vof-news.eu\/fr\/enquete-sur-le-rn-et-ses-allies-au-parlement-europeen-sur-quoi-portent-les-accusations-dirregularites-financieres\/#breadcrumb","itemListElement":[{"@type":"ListItem","position":1,"name":"Home","item":"https:\/\/vof-news.eu\/fr\/"},{"@type":"ListItem","position":2,"name":"Enqu\u00eate sur le RN et ses alli\u00e9s au Parlement europ\u00e9en\u00a0: sur quoi portent les accusations d\u2019irr\u00e9gularit\u00e9s financi\u00e8res\u00a0?"}]},{"@type":"WebSite","@id":"https:\/\/vof-news.eu\/fr\/#website","url":"https:\/\/vof-news.eu\/fr\/","name":"vof-news.eu","description":"","potentialAction":[{"@type":"SearchAction","target":{"@type":"EntryPoint","urlTemplate":"https:\/\/vof-news.eu\/fr\/?s={search_term_string}"},"query-input":"required name=search_term_string"}],"inLanguage":"fr-FR"},{"@type":"Person","@id":"https:\/\/vof-news.eu\/fr\/#\/schema\/person\/f6a2a4309f0561835797fd8c19b333ed","name":"Author","image":{"@type":"ImageObject","inLanguage":"fr-FR","@id":"https:\/\/vof-news.eu\/fr\/#\/schema\/person\/image\/","url":"https:\/\/secure.gravatar.com\/avatar\/b67e614b1b25b3e9c0c239efdd2fde5ab015b5affd6f1c3c85911ca4b384e790?s=96&d=mm&r=g","contentUrl":"https:\/\/secure.gravatar.com\/avatar\/b67e614b1b25b3e9c0c239efdd2fde5ab015b5affd6f1c3c85911ca4b384e790?s=96&d=mm&r=g","caption":"Author"},"sameAs":["http:\/\/vof-news.eu"],"url":"https:\/\/vof-news.eu\/fr\/author\/zwt6qxnjulxbnyg\/"}]}},"yoast_meta":{"yoast_wpseo_title":"","yoast_wpseo_metadesc":"","yoast_wpseo_canonical":""},"_links":{"self":[{"href":"https:\/\/vof-news.eu\/fr\/wp-json\/wp\/v2\/posts\/249905","targetHints":{"allow":["GET"]}}],"collection":[{"href":"https:\/\/vof-news.eu\/fr\/wp-json\/wp\/v2\/posts"}],"about":[{"href":"https:\/\/vof-news.eu\/fr\/wp-json\/wp\/v2\/types\/post"}],"author":[{"embeddable":true,"href":"https:\/\/vof-news.eu\/fr\/wp-json\/wp\/v2\/users\/1"}],"replies":[{"embeddable":true,"href":"https:\/\/vof-news.eu\/fr\/wp-json\/wp\/v2\/comments?post=249905"}],"version-history":[{"count":1,"href":"https:\/\/vof-news.eu\/fr\/wp-json\/wp\/v2\/posts\/249905\/revisions"}],"predecessor-version":[{"id":249912,"href":"https:\/\/vof-news.eu\/fr\/wp-json\/wp\/v2\/posts\/249905\/revisions\/249912"}],"wp:featuredmedia":[{"embeddable":true,"href":"https:\/\/vof-news.eu\/fr\/wp-json\/wp\/v2\/media\/249906"}],"wp:attachment":[{"href":"https:\/\/vof-news.eu\/fr\/wp-json\/wp\/v2\/media?parent=249905"}],"wp:term":[{"taxonomy":"category","embeddable":true,"href":"https:\/\/vof-news.eu\/fr\/wp-json\/wp\/v2\/categories?post=249905"},{"taxonomy":"post_tag","embeddable":true,"href":"https:\/\/vof-news.eu\/fr\/wp-json\/wp\/v2\/tags?post=249905"}],"curies":[{"name":"wp","href":"https:\/\/api.w.org\/{rel}","templated":true}]}}