{"id":249829,"date":"2025-07-08T19:35:32","date_gmt":"2025-07-08T16:35:32","guid":{"rendered":"https:\/\/vof-news.eu\/morts-au-travail-lhecatombe-chez-les-jeunes-touche-meme-les-mineurs\/"},"modified":"2025-07-08T19:35:48","modified_gmt":"2025-07-08T16:35:48","slug":"morts-au-travail-lhecatombe-chez-les-jeunes-touche-meme-les-mineurs","status":"publish","type":"post","link":"https:\/\/vof-news.eu\/fr\/morts-au-travail-lhecatombe-chez-les-jeunes-touche-meme-les-mineurs\/","title":{"rendered":"Morts au travail\u00a0: l\u2019h\u00e9catombe chez les jeunes touche m\u00eame les mineurs"},"content":{"rendered":"<article>\n<p>Un apprenti ma\u00e7on de 15\u00a0ans, mort apr\u00e8s avoir \u00e9t\u00e9 percut\u00e9 par un engin de chantier, le 30\u00a0avril, dans les Alpes-Maritimes. Un lyc\u00e9en en bac pro de 17\u00a0ans, \u00e9cras\u00e9 sous une poutre m\u00e9tallique de 500\u00a0kilos, le 16\u00a0mai, dans une usine de Sa\u00f4ne-et-Loire. Un \u00e9l\u00e8ve de 2<sup>de<\/sup>, en stage dans un magasin Gifi \u00e0 Saint-L\u00f4 pour quelques jours, tu\u00e9, le 17\u00a0juin, par la chute d\u2019une palette. Un stagiaire de 16\u00a0ans percut\u00e9 mortellement par un engin dans un \u00e9tablissement agricole, le 4\u00a0juillet, dans le Maine-et-Loire\u2026<\/p>\n<section>   <\/section>\n<p>Les r\u00e9cits dramatiques d\u2019accidents du travail mortels s\u2019accumulent ces derniers mois chez les mineurs. Ces drames s\u2019ajoutent aux accidents subis par les moins de 25\u00a0ans. La fr\u00e9quence des accidents du travail est deux fois et demi plus \u00e9lev\u00e9e dans cette population que dans le reste des salari\u00e9s, selon l\u2019Institut national de recherche et de s\u00e9curit\u00e9 (INRS). En\u00a02023\u00a0\u2013\u00a0derniers chiffres officiels\u00a0\u2013, 33\u00a0travailleurs de moins de 25\u00a0ans sont d\u00e9c\u00e9d\u00e9s sur leur lieu de travail.<\/p>\n<p>Pourtant, le code du travail est cens\u00e9 prot\u00e9ger les mineurs\u00a0: les moins de 18\u00a0ans ont l\u2019interdiction d\u2019exercer certaines t\u00e2ches, comme celles pouvant exposer \u00e0 une temp\u00e9rature extr\u00eame, d\u2019autres, comme le travail en hauteur ou la manipulation d\u2019engins de levage, souvent \u00e0 l\u2019origine d\u2019accidents graves, sont r\u00e9glement\u00e9es et soumises \u00e0 d\u00e9rogation.<\/p>\n<p><strong>Il vous reste 76.88% de cet article \u00e0 lire. La suite est r\u00e9serv\u00e9e aux abonn\u00e9s.<\/strong><\/p>\n<\/article>\n","protected":false},"excerpt":{"rendered":"<p>Un apprenti ma\u00e7on de 15\u00a0ans, mort apr\u00e8s avoir \u00e9t\u00e9 percut\u00e9 par un engin de chantier, le 30\u00a0avril, dans les Alpes-Maritimes. Un lyc\u00e9en en bac pro de 17\u00a0ans, \u00e9cras\u00e9 sous une poutre m\u00e9tallique de 500\u00a0kilos, le 16\u00a0mai, dans une usine de Sa\u00f4ne-et-Loire. Un \u00e9l\u00e8ve de 2de, en stage dans un magasin Gifi \u00e0 Saint-L\u00f4 pour quelques<\/p>\n","protected":false},"author":1,"featured_media":249830,"comment_status":"open","ping_status":"open","sticky":false,"template":"","format":"standard","meta":{"footnotes":""},"categories":[58],"tags":[],"class_list":["post-249829","post","type-post","status-publish","format-standard","has-post-thumbnail","hentry","category-business-fr"],"acf":[],"yoast_head":"<!-- This site is optimized with the Yoast SEO plugin v22.9 - https:\/\/yoast.com\/wordpress\/plugins\/seo\/ -->\n<title>Morts au travail\u00a0: l\u2019h\u00e9catombe chez les jeunes touche m\u00eame les mineurs - vof-news.eu<\/title>\n<meta name=\"description\" content=\"Un apprenti ma\u00e7on de 15\u00a0ans, mort apr\u00e8s avoir \u00e9t\u00e9 percut\u00e9 par un engin de chantier, le 30\u00a0avril, dans les Alpes-Maritimes. Un lyc\u00e9en en bac pro de 17\u00a0ans, \u00e9cras\u00e9 sous une poutre m\u00e9tallique de 500\u00a0kilos, le 16\u00a0mai, dans une usine de Sa\u00f4ne-et-Loire. Un \u00e9l\u00e8ve de 2de, en stage dans un magasin Gifi \u00e0 Saint-L\u00f4 pour quelques jours, tu\u00e9, le 17\u00a0juin, par la chute d\u2019une palette. Un stagiaire de 16\u00a0ans percut\u00e9 mortellement par un engin dans un \u00e9tablissement agricole, le 4\u00a0juillet, dans le Maine-et-Loire\u2026   Les r\u00e9cits dramatiques d\u2019accidents du travail mortels s\u2019accumulent ces derniers mois chez les mineurs. Ces drames s\u2019ajoutent aux accidents subis par les moins de 25\u00a0ans. La fr\u00e9quence des accidents du travail est deux fois et demi plus \u00e9lev\u00e9e dans cette population que dans le reste des salari\u00e9s, selon l\u2019Institut national de recherche et de s\u00e9curit\u00e9 (INRS). En\u00a02023\u00a0\u2013\u00a0derniers chiffres officiels\u00a0\u2013, 33\u00a0travailleurs de moins de 25\u00a0ans sont d\u00e9c\u00e9d\u00e9s sur leur lieu de travail. Pourtant, le code du travail est cens\u00e9 prot\u00e9ger les mineurs\u00a0: les moins de 18\u00a0ans ont l\u2019interdiction d\u2019exercer certaines t\u00e2ches, comme celles pouvant exposer \u00e0 une temp\u00e9rature extr\u00eame, d\u2019autres, comme le travail en hauteur ou la manipulation d\u2019engins de levage, souvent \u00e0 l\u2019origine d\u2019accidents graves, sont r\u00e9glement\u00e9es et soumises \u00e0 d\u00e9rogation. Il vous reste 76.88% de cet article \u00e0 lire. La suite est r\u00e9serv\u00e9e aux abonn\u00e9s.\" \/>\n<meta name=\"robots\" content=\"noindex, follow, max-snippet:-1, max-image-preview:large, max-video-preview:-1\" \/>\n<meta property=\"og:locale\" content=\"fr_FR\" \/>\n<meta property=\"og:type\" content=\"article\" \/>\n<meta property=\"og:title\" content=\"Morts au travail\u00a0: l\u2019h\u00e9catombe chez les jeunes touche m\u00eame les mineurs - vof-news.eu\" \/>\n<meta property=\"og:description\" content=\"Un apprenti ma\u00e7on de 15\u00a0ans, mort apr\u00e8s avoir \u00e9t\u00e9 percut\u00e9 par un engin de chantier, le 30\u00a0avril, dans les Alpes-Maritimes. Un lyc\u00e9en en bac pro de 17\u00a0ans, \u00e9cras\u00e9 sous une poutre m\u00e9tallique de 500\u00a0kilos, le 16\u00a0mai, dans une usine de Sa\u00f4ne-et-Loire. Un \u00e9l\u00e8ve de 2de, en stage dans un magasin Gifi \u00e0 Saint-L\u00f4 pour quelques jours, tu\u00e9, le 17\u00a0juin, par la chute d\u2019une palette. Un stagiaire de 16\u00a0ans percut\u00e9 mortellement par un engin dans un \u00e9tablissement agricole, le 4\u00a0juillet, dans le Maine-et-Loire\u2026   Les r\u00e9cits dramatiques d\u2019accidents du travail mortels s\u2019accumulent ces derniers mois chez les mineurs. Ces drames s\u2019ajoutent aux accidents subis par les moins de 25\u00a0ans. La fr\u00e9quence des accidents du travail est deux fois et demi plus \u00e9lev\u00e9e dans cette population que dans le reste des salari\u00e9s, selon l\u2019Institut national de recherche et de s\u00e9curit\u00e9 (INRS). En\u00a02023\u00a0\u2013\u00a0derniers chiffres officiels\u00a0\u2013, 33\u00a0travailleurs de moins de 25\u00a0ans sont d\u00e9c\u00e9d\u00e9s sur leur lieu de travail. Pourtant, le code du travail est cens\u00e9 prot\u00e9ger les mineurs\u00a0: les moins de 18\u00a0ans ont l\u2019interdiction d\u2019exercer certaines t\u00e2ches, comme celles pouvant exposer \u00e0 une temp\u00e9rature extr\u00eame, d\u2019autres, comme le travail en hauteur ou la manipulation d\u2019engins de levage, souvent \u00e0 l\u2019origine d\u2019accidents graves, sont r\u00e9glement\u00e9es et soumises \u00e0 d\u00e9rogation. Il vous reste 76.88% de cet article \u00e0 lire. La suite est r\u00e9serv\u00e9e aux abonn\u00e9s.\" \/>\n<meta property=\"og:url\" content=\"https:\/\/vof-news.eu\/fr\/morts-au-travail-lhecatombe-chez-les-jeunes-touche-meme-les-mineurs\/\" \/>\n<meta property=\"og:site_name\" content=\"vof-news.eu\" \/>\n<meta property=\"article:published_time\" content=\"2025-07-08T16:35:32+00:00\" \/>\n<meta property=\"article:modified_time\" content=\"2025-07-08T16:35:48+00:00\" \/>\n<meta property=\"og:image\" content=\"https:\/\/vof-news.eu\/wp-content\/uploads\/2025\/07\/7fa2915_upload-1-mgxcqnofiaqq-media-d-appel-2.jpg\" \/>\n\t<meta property=\"og:image:width\" content=\"664\" \/>\n\t<meta property=\"og:image:height\" content=\"443\" \/>\n\t<meta property=\"og:image:type\" content=\"image\/jpeg\" \/>\n<meta name=\"author\" content=\"Author\" \/>\n<meta name=\"twitter:card\" content=\"summary_large_image\" \/>\n<meta name=\"twitter:label1\" content=\"\u00c9crit par\" \/>\n\t<meta name=\"twitter:data1\" content=\"Author\" \/>\n\t<meta name=\"twitter:label2\" content=\"Dur\u00e9e de lecture estim\u00e9e\" \/>\n\t<meta name=\"twitter:data2\" content=\"1 minute\" \/>\n<script type=\"application\/ld+json\" class=\"yoast-schema-graph\">{\"@context\":\"https:\/\/schema.org\",\"@graph\":[{\"@type\":\"WebPage\",\"@id\":\"https:\/\/vof-news.eu\/fr\/morts-au-travail-lhecatombe-chez-les-jeunes-touche-meme-les-mineurs\/\",\"url\":\"https:\/\/vof-news.eu\/fr\/morts-au-travail-lhecatombe-chez-les-jeunes-touche-meme-les-mineurs\/\",\"name\":\"Morts au travail\u00a0: l\u2019h\u00e9catombe chez les jeunes touche m\u00eame les mineurs - vof-news.eu\",\"isPartOf\":{\"@id\":\"https:\/\/vof-news.eu\/fr\/#website\"},\"primaryImageOfPage\":{\"@id\":\"https:\/\/vof-news.eu\/fr\/morts-au-travail-lhecatombe-chez-les-jeunes-touche-meme-les-mineurs\/#primaryimage\"},\"image\":{\"@id\":\"https:\/\/vof-news.eu\/fr\/morts-au-travail-lhecatombe-chez-les-jeunes-touche-meme-les-mineurs\/#primaryimage\"},\"thumbnailUrl\":\"https:\/\/vof-news.eu\/wp-content\/uploads\/2025\/07\/7fa2915_upload-1-mgxcqnofiaqq-media-d-appel-2.jpg\",\"datePublished\":\"2025-07-08T16:35:32+00:00\",\"dateModified\":\"2025-07-08T16:35:48+00:00\",\"author\":{\"@id\":\"https:\/\/vof-news.eu\/fr\/#\/schema\/person\/f6a2a4309f0561835797fd8c19b333ed\"},\"description\":\"Un apprenti ma\u00e7on de 15\u00a0ans, mort apr\u00e8s avoir \u00e9t\u00e9 percut\u00e9 par un engin de chantier, le 30\u00a0avril, dans les Alpes-Maritimes. Un lyc\u00e9en en bac pro de 17\u00a0ans, \u00e9cras\u00e9 sous une poutre m\u00e9tallique de 500\u00a0kilos, le 16\u00a0mai, dans une usine de Sa\u00f4ne-et-Loire. Un \u00e9l\u00e8ve de 2de, en stage dans un magasin Gifi \u00e0 Saint-L\u00f4 pour quelques jours, tu\u00e9, le 17\u00a0juin, par la chute d\u2019une palette. Un stagiaire de 16\u00a0ans percut\u00e9 mortellement par un engin dans un \u00e9tablissement agricole, le 4\u00a0juillet, dans le Maine-et-Loire\u2026 Les r\u00e9cits dramatiques d\u2019accidents du travail mortels s\u2019accumulent ces derniers mois chez les mineurs. Ces drames s\u2019ajoutent aux accidents subis par les moins de 25\u00a0ans. La fr\u00e9quence des accidents du travail est deux fois et demi plus \u00e9lev\u00e9e dans cette population que dans le reste des salari\u00e9s, selon l\u2019Institut national de recherche et de s\u00e9curit\u00e9 (INRS). En\u00a02023\u00a0\u2013\u00a0derniers chiffres officiels\u00a0\u2013, 33\u00a0travailleurs de moins de 25\u00a0ans sont d\u00e9c\u00e9d\u00e9s sur leur lieu de travail. Pourtant, le code du travail est cens\u00e9 prot\u00e9ger les mineurs\u00a0: les moins de 18\u00a0ans ont l\u2019interdiction d\u2019exercer certaines t\u00e2ches, comme celles pouvant exposer \u00e0 une temp\u00e9rature extr\u00eame, d\u2019autres, comme le travail en hauteur ou la manipulation d\u2019engins de levage, souvent \u00e0 l\u2019origine d\u2019accidents graves, sont r\u00e9glement\u00e9es et soumises \u00e0 d\u00e9rogation. Il vous reste 76.88% de cet article \u00e0 lire. La suite est r\u00e9serv\u00e9e aux abonn\u00e9s.\",\"breadcrumb\":{\"@id\":\"https:\/\/vof-news.eu\/fr\/morts-au-travail-lhecatombe-chez-les-jeunes-touche-meme-les-mineurs\/#breadcrumb\"},\"inLanguage\":\"fr-FR\",\"potentialAction\":[{\"@type\":\"ReadAction\",\"target\":[\"https:\/\/vof-news.eu\/fr\/morts-au-travail-lhecatombe-chez-les-jeunes-touche-meme-les-mineurs\/\"]}]},{\"@type\":\"ImageObject\",\"inLanguage\":\"fr-FR\",\"@id\":\"https:\/\/vof-news.eu\/fr\/morts-au-travail-lhecatombe-chez-les-jeunes-touche-meme-les-mineurs\/#primaryimage\",\"url\":\"https:\/\/vof-news.eu\/wp-content\/uploads\/2025\/07\/7fa2915_upload-1-mgxcqnofiaqq-media-d-appel-2.jpg\",\"contentUrl\":\"https:\/\/vof-news.eu\/wp-content\/uploads\/2025\/07\/7fa2915_upload-1-mgxcqnofiaqq-media-d-appel-2.jpg\",\"width\":664,\"height\":443},{\"@type\":\"BreadcrumbList\",\"@id\":\"https:\/\/vof-news.eu\/fr\/morts-au-travail-lhecatombe-chez-les-jeunes-touche-meme-les-mineurs\/#breadcrumb\",\"itemListElement\":[{\"@type\":\"ListItem\",\"position\":1,\"name\":\"Home\",\"item\":\"https:\/\/vof-news.eu\/fr\/\"},{\"@type\":\"ListItem\",\"position\":2,\"name\":\"Morts au travail\u00a0: l\u2019h\u00e9catombe chez les jeunes touche m\u00eame les mineurs\"}]},{\"@type\":\"WebSite\",\"@id\":\"https:\/\/vof-news.eu\/fr\/#website\",\"url\":\"https:\/\/vof-news.eu\/fr\/\",\"name\":\"vof-news.eu\",\"description\":\"\",\"potentialAction\":[{\"@type\":\"SearchAction\",\"target\":{\"@type\":\"EntryPoint\",\"urlTemplate\":\"https:\/\/vof-news.eu\/fr\/?s={search_term_string}\"},\"query-input\":\"required name=search_term_string\"}],\"inLanguage\":\"fr-FR\"},{\"@type\":\"Person\",\"@id\":\"https:\/\/vof-news.eu\/fr\/#\/schema\/person\/f6a2a4309f0561835797fd8c19b333ed\",\"name\":\"Author\",\"image\":{\"@type\":\"ImageObject\",\"inLanguage\":\"fr-FR\",\"@id\":\"https:\/\/vof-news.eu\/fr\/#\/schema\/person\/image\/\",\"url\":\"https:\/\/secure.gravatar.com\/avatar\/b67e614b1b25b3e9c0c239efdd2fde5ab015b5affd6f1c3c85911ca4b384e790?s=96&d=mm&r=g\",\"contentUrl\":\"https:\/\/secure.gravatar.com\/avatar\/b67e614b1b25b3e9c0c239efdd2fde5ab015b5affd6f1c3c85911ca4b384e790?s=96&d=mm&r=g\",\"caption\":\"Author\"},\"sameAs\":[\"http:\/\/vof-news.eu\"],\"url\":\"https:\/\/vof-news.eu\/fr\/author\/zwt6qxnjulxbnyg\/\"}]}<\/script>\n<!-- \/ Yoast SEO plugin. -->","yoast_head_json":{"title":"Morts au travail\u00a0: l\u2019h\u00e9catombe chez les jeunes touche m\u00eame les mineurs - vof-news.eu","description":"Un apprenti ma\u00e7on de 15\u00a0ans, mort apr\u00e8s avoir \u00e9t\u00e9 percut\u00e9 par un engin de chantier, le 30\u00a0avril, dans les Alpes-Maritimes. Un lyc\u00e9en en bac pro de 17\u00a0ans, \u00e9cras\u00e9 sous une poutre m\u00e9tallique de 500\u00a0kilos, le 16\u00a0mai, dans une usine de Sa\u00f4ne-et-Loire. Un \u00e9l\u00e8ve de 2de, en stage dans un magasin Gifi \u00e0 Saint-L\u00f4 pour quelques jours, tu\u00e9, le 17\u00a0juin, par la chute d\u2019une palette. Un stagiaire de 16\u00a0ans percut\u00e9 mortellement par un engin dans un \u00e9tablissement agricole, le 4\u00a0juillet, dans le Maine-et-Loire\u2026   Les r\u00e9cits dramatiques d\u2019accidents du travail mortels s\u2019accumulent ces derniers mois chez les mineurs. Ces drames s\u2019ajoutent aux accidents subis par les moins de 25\u00a0ans. La fr\u00e9quence des accidents du travail est deux fois et demi plus \u00e9lev\u00e9e dans cette population que dans le reste des salari\u00e9s, selon l\u2019Institut national de recherche et de s\u00e9curit\u00e9 (INRS). En\u00a02023\u00a0\u2013\u00a0derniers chiffres officiels\u00a0\u2013, 33\u00a0travailleurs de moins de 25\u00a0ans sont d\u00e9c\u00e9d\u00e9s sur leur lieu de travail. Pourtant, le code du travail est cens\u00e9 prot\u00e9ger les mineurs\u00a0: les moins de 18\u00a0ans ont l\u2019interdiction d\u2019exercer certaines t\u00e2ches, comme celles pouvant exposer \u00e0 une temp\u00e9rature extr\u00eame, d\u2019autres, comme le travail en hauteur ou la manipulation d\u2019engins de levage, souvent \u00e0 l\u2019origine d\u2019accidents graves, sont r\u00e9glement\u00e9es et soumises \u00e0 d\u00e9rogation. Il vous reste 76.88% de cet article \u00e0 lire. La suite est r\u00e9serv\u00e9e aux abonn\u00e9s.","robots":{"index":"noindex","follow":"follow","max-snippet":"max-snippet:-1","max-image-preview":"max-image-preview:large","max-video-preview":"max-video-preview:-1"},"og_locale":"fr_FR","og_type":"article","og_title":"Morts au travail\u00a0: l\u2019h\u00e9catombe chez les jeunes touche m\u00eame les mineurs - vof-news.eu","og_description":"Un apprenti ma\u00e7on de 15\u00a0ans, mort apr\u00e8s avoir \u00e9t\u00e9 percut\u00e9 par un engin de chantier, le 30\u00a0avril, dans les Alpes-Maritimes. Un lyc\u00e9en en bac pro de 17\u00a0ans, \u00e9cras\u00e9 sous une poutre m\u00e9tallique de 500\u00a0kilos, le 16\u00a0mai, dans une usine de Sa\u00f4ne-et-Loire. Un \u00e9l\u00e8ve de 2de, en stage dans un magasin Gifi \u00e0 Saint-L\u00f4 pour quelques jours, tu\u00e9, le 17\u00a0juin, par la chute d\u2019une palette. Un stagiaire de 16\u00a0ans percut\u00e9 mortellement par un engin dans un \u00e9tablissement agricole, le 4\u00a0juillet, dans le Maine-et-Loire\u2026   Les r\u00e9cits dramatiques d\u2019accidents du travail mortels s\u2019accumulent ces derniers mois chez les mineurs. Ces drames s\u2019ajoutent aux accidents subis par les moins de 25\u00a0ans. La fr\u00e9quence des accidents du travail est deux fois et demi plus \u00e9lev\u00e9e dans cette population que dans le reste des salari\u00e9s, selon l\u2019Institut national de recherche et de s\u00e9curit\u00e9 (INRS). En\u00a02023\u00a0\u2013\u00a0derniers chiffres officiels\u00a0\u2013, 33\u00a0travailleurs de moins de 25\u00a0ans sont d\u00e9c\u00e9d\u00e9s sur leur lieu de travail. Pourtant, le code du travail est cens\u00e9 prot\u00e9ger les mineurs\u00a0: les moins de 18\u00a0ans ont l\u2019interdiction d\u2019exercer certaines t\u00e2ches, comme celles pouvant exposer \u00e0 une temp\u00e9rature extr\u00eame, d\u2019autres, comme le travail en hauteur ou la manipulation d\u2019engins de levage, souvent \u00e0 l\u2019origine d\u2019accidents graves, sont r\u00e9glement\u00e9es et soumises \u00e0 d\u00e9rogation. Il vous reste 76.88% de cet article \u00e0 lire. La suite est r\u00e9serv\u00e9e aux abonn\u00e9s.","og_url":"https:\/\/vof-news.eu\/fr\/morts-au-travail-lhecatombe-chez-les-jeunes-touche-meme-les-mineurs\/","og_site_name":"vof-news.eu","article_published_time":"2025-07-08T16:35:32+00:00","article_modified_time":"2025-07-08T16:35:48+00:00","og_image":[{"width":664,"height":443,"url":"https:\/\/vof-news.eu\/wp-content\/uploads\/2025\/07\/7fa2915_upload-1-mgxcqnofiaqq-media-d-appel-2.jpg","type":"image\/jpeg"}],"author":"Author","twitter_card":"summary_large_image","twitter_misc":{"\u00c9crit par":"Author","Dur\u00e9e de lecture estim\u00e9e":"1 minute"},"schema":{"@context":"https:\/\/schema.org","@graph":[{"@type":"WebPage","@id":"https:\/\/vof-news.eu\/fr\/morts-au-travail-lhecatombe-chez-les-jeunes-touche-meme-les-mineurs\/","url":"https:\/\/vof-news.eu\/fr\/morts-au-travail-lhecatombe-chez-les-jeunes-touche-meme-les-mineurs\/","name":"Morts au travail\u00a0: l\u2019h\u00e9catombe chez les jeunes touche m\u00eame les mineurs - vof-news.eu","isPartOf":{"@id":"https:\/\/vof-news.eu\/fr\/#website"},"primaryImageOfPage":{"@id":"https:\/\/vof-news.eu\/fr\/morts-au-travail-lhecatombe-chez-les-jeunes-touche-meme-les-mineurs\/#primaryimage"},"image":{"@id":"https:\/\/vof-news.eu\/fr\/morts-au-travail-lhecatombe-chez-les-jeunes-touche-meme-les-mineurs\/#primaryimage"},"thumbnailUrl":"https:\/\/vof-news.eu\/wp-content\/uploads\/2025\/07\/7fa2915_upload-1-mgxcqnofiaqq-media-d-appel-2.jpg","datePublished":"2025-07-08T16:35:32+00:00","dateModified":"2025-07-08T16:35:48+00:00","author":{"@id":"https:\/\/vof-news.eu\/fr\/#\/schema\/person\/f6a2a4309f0561835797fd8c19b333ed"},"description":"Un apprenti ma\u00e7on de 15\u00a0ans, mort apr\u00e8s avoir \u00e9t\u00e9 percut\u00e9 par un engin de chantier, le 30\u00a0avril, dans les Alpes-Maritimes. Un lyc\u00e9en en bac pro de 17\u00a0ans, \u00e9cras\u00e9 sous une poutre m\u00e9tallique de 500\u00a0kilos, le 16\u00a0mai, dans une usine de Sa\u00f4ne-et-Loire. Un \u00e9l\u00e8ve de 2de, en stage dans un magasin Gifi \u00e0 Saint-L\u00f4 pour quelques jours, tu\u00e9, le 17\u00a0juin, par la chute d\u2019une palette. Un stagiaire de 16\u00a0ans percut\u00e9 mortellement par un engin dans un \u00e9tablissement agricole, le 4\u00a0juillet, dans le Maine-et-Loire\u2026 Les r\u00e9cits dramatiques d\u2019accidents du travail mortels s\u2019accumulent ces derniers mois chez les mineurs. Ces drames s\u2019ajoutent aux accidents subis par les moins de 25\u00a0ans. La fr\u00e9quence des accidents du travail est deux fois et demi plus \u00e9lev\u00e9e dans cette population que dans le reste des salari\u00e9s, selon l\u2019Institut national de recherche et de s\u00e9curit\u00e9 (INRS). En\u00a02023\u00a0\u2013\u00a0derniers chiffres officiels\u00a0\u2013, 33\u00a0travailleurs de moins de 25\u00a0ans sont d\u00e9c\u00e9d\u00e9s sur leur lieu de travail. Pourtant, le code du travail est cens\u00e9 prot\u00e9ger les mineurs\u00a0: les moins de 18\u00a0ans ont l\u2019interdiction d\u2019exercer certaines t\u00e2ches, comme celles pouvant exposer \u00e0 une temp\u00e9rature extr\u00eame, d\u2019autres, comme le travail en hauteur ou la manipulation d\u2019engins de levage, souvent \u00e0 l\u2019origine d\u2019accidents graves, sont r\u00e9glement\u00e9es et soumises \u00e0 d\u00e9rogation. Il vous reste 76.88% de cet article \u00e0 lire. La suite est r\u00e9serv\u00e9e aux abonn\u00e9s.","breadcrumb":{"@id":"https:\/\/vof-news.eu\/fr\/morts-au-travail-lhecatombe-chez-les-jeunes-touche-meme-les-mineurs\/#breadcrumb"},"inLanguage":"fr-FR","potentialAction":[{"@type":"ReadAction","target":["https:\/\/vof-news.eu\/fr\/morts-au-travail-lhecatombe-chez-les-jeunes-touche-meme-les-mineurs\/"]}]},{"@type":"ImageObject","inLanguage":"fr-FR","@id":"https:\/\/vof-news.eu\/fr\/morts-au-travail-lhecatombe-chez-les-jeunes-touche-meme-les-mineurs\/#primaryimage","url":"https:\/\/vof-news.eu\/wp-content\/uploads\/2025\/07\/7fa2915_upload-1-mgxcqnofiaqq-media-d-appel-2.jpg","contentUrl":"https:\/\/vof-news.eu\/wp-content\/uploads\/2025\/07\/7fa2915_upload-1-mgxcqnofiaqq-media-d-appel-2.jpg","width":664,"height":443},{"@type":"BreadcrumbList","@id":"https:\/\/vof-news.eu\/fr\/morts-au-travail-lhecatombe-chez-les-jeunes-touche-meme-les-mineurs\/#breadcrumb","itemListElement":[{"@type":"ListItem","position":1,"name":"Home","item":"https:\/\/vof-news.eu\/fr\/"},{"@type":"ListItem","position":2,"name":"Morts au travail\u00a0: l\u2019h\u00e9catombe chez les jeunes touche m\u00eame les mineurs"}]},{"@type":"WebSite","@id":"https:\/\/vof-news.eu\/fr\/#website","url":"https:\/\/vof-news.eu\/fr\/","name":"vof-news.eu","description":"","potentialAction":[{"@type":"SearchAction","target":{"@type":"EntryPoint","urlTemplate":"https:\/\/vof-news.eu\/fr\/?s={search_term_string}"},"query-input":"required name=search_term_string"}],"inLanguage":"fr-FR"},{"@type":"Person","@id":"https:\/\/vof-news.eu\/fr\/#\/schema\/person\/f6a2a4309f0561835797fd8c19b333ed","name":"Author","image":{"@type":"ImageObject","inLanguage":"fr-FR","@id":"https:\/\/vof-news.eu\/fr\/#\/schema\/person\/image\/","url":"https:\/\/secure.gravatar.com\/avatar\/b67e614b1b25b3e9c0c239efdd2fde5ab015b5affd6f1c3c85911ca4b384e790?s=96&d=mm&r=g","contentUrl":"https:\/\/secure.gravatar.com\/avatar\/b67e614b1b25b3e9c0c239efdd2fde5ab015b5affd6f1c3c85911ca4b384e790?s=96&d=mm&r=g","caption":"Author"},"sameAs":["http:\/\/vof-news.eu"],"url":"https:\/\/vof-news.eu\/fr\/author\/zwt6qxnjulxbnyg\/"}]}},"yoast_meta":{"yoast_wpseo_title":"","yoast_wpseo_metadesc":"","yoast_wpseo_canonical":""},"_links":{"self":[{"href":"https:\/\/vof-news.eu\/fr\/wp-json\/wp\/v2\/posts\/249829","targetHints":{"allow":["GET"]}}],"collection":[{"href":"https:\/\/vof-news.eu\/fr\/wp-json\/wp\/v2\/posts"}],"about":[{"href":"https:\/\/vof-news.eu\/fr\/wp-json\/wp\/v2\/types\/post"}],"author":[{"embeddable":true,"href":"https:\/\/vof-news.eu\/fr\/wp-json\/wp\/v2\/users\/1"}],"replies":[{"embeddable":true,"href":"https:\/\/vof-news.eu\/fr\/wp-json\/wp\/v2\/comments?post=249829"}],"version-history":[{"count":1,"href":"https:\/\/vof-news.eu\/fr\/wp-json\/wp\/v2\/posts\/249829\/revisions"}],"predecessor-version":[{"id":249836,"href":"https:\/\/vof-news.eu\/fr\/wp-json\/wp\/v2\/posts\/249829\/revisions\/249836"}],"wp:featuredmedia":[{"embeddable":true,"href":"https:\/\/vof-news.eu\/fr\/wp-json\/wp\/v2\/media\/249830"}],"wp:attachment":[{"href":"https:\/\/vof-news.eu\/fr\/wp-json\/wp\/v2\/media?parent=249829"}],"wp:term":[{"taxonomy":"category","embeddable":true,"href":"https:\/\/vof-news.eu\/fr\/wp-json\/wp\/v2\/categories?post=249829"},{"taxonomy":"post_tag","embeddable":true,"href":"https:\/\/vof-news.eu\/fr\/wp-json\/wp\/v2\/tags?post=249829"}],"curies":[{"name":"wp","href":"https:\/\/api.w.org\/{rel}","templated":true}]}}