{"id":249813,"date":"2025-07-08T19:32:16","date_gmt":"2025-07-08T16:32:16","guid":{"rendered":"https:\/\/vof-news.eu\/les-aides-publiques-aux-entreprises-ont-atteint-au-moins-211-milliards-deuros-en-2023-calcule-la-commission-denquete-senatoriale-2\/"},"modified":"2025-07-08T19:33:53","modified_gmt":"2025-07-08T16:33:53","slug":"les-aides-publiques-aux-entreprises-ont-atteint-au-moins-211-milliards-deuros-en-2023-calcule-la-commission-denquete-senatoriale-2","status":"publish","type":"post","link":"https:\/\/vof-news.eu\/fr\/les-aides-publiques-aux-entreprises-ont-atteint-au-moins-211-milliards-deuros-en-2023-calcule-la-commission-denquete-senatoriale-2\/","title":{"rendered":"Les aides publiques aux entreprises ont atteint au moins 211\u00a0milliards d\u2019euros, en\u00a02023, calcule la commission d\u2019enqu\u00eate s\u00e9natoriale"},"content":{"rendered":"<article>\n<p>La premi\u00e8re des 26\u00a0pr\u00e9conisations du rapport de la commission d\u2019enqu\u00eate du S\u00e9nat sur l\u2019utilit\u00e9 des aides publiques aux entreprises, rendu public mardi 8\u00a0juillet, para\u00eetrait presque enfantine\u00a0: cr\u00e9er un tableau. Elle est pourtant \u00e0 l\u2019image de ce qu\u2019ont r\u00e9v\u00e9l\u00e9, parfois de fa\u00e7on ubuesque, les quatre-vingt-sept heures de travaux de la commission\u00a0: un manque de transparence et de suivi de ce qui constitue aujourd\u2019hui l\u2019un des plus importants budgets de l\u2019Etat, avec une difficult\u00e9 des services de l\u2019Etat eux-m\u00eames \u00e0 s\u2019y retrouver.<\/p>\n<p>Cr\u00e9\u00e9e, en janvier, \u00e0 la demande du groupe Communiste, r\u00e9publicain, citoyen et \u00e9cologiste &#8211; Kanaky, la commission emmen\u00e9e par les s\u00e9nateurs Olivier Rietmann (Les R\u00e9publicains, Haute-Sa\u00f4ne), en tant que pr\u00e9sident, et Fabien Gay (Parti communiste, Seine-Saint-Denis), comme rapporteur, a auditionn\u00e9 33\u00a0dirigeants des plus grandes entreprises fran\u00e7aises, une dizaine de repr\u00e9sentants des services de l\u2019Etat et d\u2019institutions publiques, autant d\u2019\u00e9conomistes, les syndicats de salari\u00e9s, le Medef, le ministre de l\u2019\u00e9conomie et des finances, Eric Lombard, et la ministre du travail, de la sant\u00e9, des solidarit\u00e9s et des familles, Catherine Vautrin, entre autres. Dans un contexte de crise des finances publiques et de guerre commerciale mondiale, elle poursuivait trois objectifs\u00a0: \u00e9tablir le co\u00fbt des aides publiques octroy\u00e9es aux entreprises, d\u00e9terminer si ces aides sont correctement contr\u00f4l\u00e9es et \u00e9valu\u00e9es, r\u00e9fl\u00e9chir \u00e0 leur conditionnalit\u00e9.<\/p>\n<p><strong>Il vous reste 79.05% de cet article \u00e0 lire. La suite est r\u00e9serv\u00e9e aux abonn\u00e9s.<\/strong><\/p>\n<\/article>\n","protected":false},"excerpt":{"rendered":"<p>La premi\u00e8re des 26\u00a0pr\u00e9conisations du rapport de la commission d\u2019enqu\u00eate du S\u00e9nat sur l\u2019utilit\u00e9 des aides publiques aux entreprises, rendu public mardi 8\u00a0juillet, para\u00eetrait presque enfantine\u00a0: cr\u00e9er un tableau. Elle est pourtant \u00e0 l\u2019image de ce qu\u2019ont r\u00e9v\u00e9l\u00e9, parfois de fa\u00e7on ubuesque, les quatre-vingt-sept heures de travaux de la commission\u00a0: un manque de transparence et<\/p>\n","protected":false},"author":1,"featured_media":249814,"comment_status":"open","ping_status":"open","sticky":false,"template":"","format":"standard","meta":{"footnotes":""},"categories":[68],"tags":[],"class_list":["post-249813","post","type-post","status-publish","format-standard","has-post-thumbnail","hentry","category-politics-fr"],"acf":[],"yoast_head":"<!-- This site is optimized with the Yoast SEO plugin v22.9 - https:\/\/yoast.com\/wordpress\/plugins\/seo\/ -->\n<title>Les aides publiques aux entreprises ont atteint au moins 211\u00a0milliards d\u2019euros, en\u00a02023, calcule la commission d\u2019enqu\u00eate s\u00e9natoriale - vof-news.eu<\/title>\n<meta name=\"description\" content=\"La premi\u00e8re des 26\u00a0pr\u00e9conisations du rapport de la commission d\u2019enqu\u00eate du S\u00e9nat sur l\u2019utilit\u00e9 des aides publiques aux entreprises, rendu public mardi 8\u00a0juillet, para\u00eetrait presque enfantine\u00a0: cr\u00e9er un tableau. Elle est pourtant \u00e0 l\u2019image de ce qu\u2019ont r\u00e9v\u00e9l\u00e9, parfois de fa\u00e7on ubuesque, les quatre-vingt-sept heures de travaux de la commission\u00a0: un manque de transparence et de suivi de ce qui constitue aujourd\u2019hui l\u2019un des plus importants budgets de l\u2019Etat, avec une difficult\u00e9 des services de l\u2019Etat eux-m\u00eames \u00e0 s\u2019y retrouver. Cr\u00e9\u00e9e, en janvier, \u00e0 la demande du groupe Communiste, r\u00e9publicain, citoyen et \u00e9cologiste - Kanaky, la commission emmen\u00e9e par les s\u00e9nateurs Olivier Rietmann (Les R\u00e9publicains, Haute-Sa\u00f4ne), en tant que pr\u00e9sident, et Fabien Gay (Parti communiste, Seine-Saint-Denis), comme rapporteur, a auditionn\u00e9 33\u00a0dirigeants des plus grandes entreprises fran\u00e7aises, une dizaine de repr\u00e9sentants des services de l\u2019Etat et d\u2019institutions publiques, autant d\u2019\u00e9conomistes, les syndicats de salari\u00e9s, le Medef, le ministre de l\u2019\u00e9conomie et des finances, Eric Lombard, et la ministre du travail, de la sant\u00e9, des solidarit\u00e9s et des familles, Catherine Vautrin, entre autres. Dans un contexte de crise des finances publiques et de guerre commerciale mondiale, elle poursuivait trois objectifs\u00a0: \u00e9tablir le co\u00fbt des aides publiques octroy\u00e9es aux entreprises, d\u00e9terminer si ces aides sont correctement contr\u00f4l\u00e9es et \u00e9valu\u00e9es, r\u00e9fl\u00e9chir \u00e0 leur conditionnalit\u00e9. Il vous reste 79.05% de cet article \u00e0 lire. La suite est r\u00e9serv\u00e9e aux abonn\u00e9s.\" \/>\n<meta name=\"robots\" content=\"noindex, follow, max-snippet:-1, max-image-preview:large, max-video-preview:-1\" \/>\n<meta property=\"og:locale\" content=\"fr_FR\" \/>\n<meta property=\"og:type\" content=\"article\" \/>\n<meta property=\"og:title\" content=\"Les aides publiques aux entreprises ont atteint au moins 211\u00a0milliards d\u2019euros, en\u00a02023, calcule la commission d\u2019enqu\u00eate s\u00e9natoriale - vof-news.eu\" \/>\n<meta property=\"og:description\" content=\"La premi\u00e8re des 26\u00a0pr\u00e9conisations du rapport de la commission d\u2019enqu\u00eate du S\u00e9nat sur l\u2019utilit\u00e9 des aides publiques aux entreprises, rendu public mardi 8\u00a0juillet, para\u00eetrait presque enfantine\u00a0: cr\u00e9er un tableau. Elle est pourtant \u00e0 l\u2019image de ce qu\u2019ont r\u00e9v\u00e9l\u00e9, parfois de fa\u00e7on ubuesque, les quatre-vingt-sept heures de travaux de la commission\u00a0: un manque de transparence et de suivi de ce qui constitue aujourd\u2019hui l\u2019un des plus importants budgets de l\u2019Etat, avec une difficult\u00e9 des services de l\u2019Etat eux-m\u00eames \u00e0 s\u2019y retrouver. Cr\u00e9\u00e9e, en janvier, \u00e0 la demande du groupe Communiste, r\u00e9publicain, citoyen et \u00e9cologiste - Kanaky, la commission emmen\u00e9e par les s\u00e9nateurs Olivier Rietmann (Les R\u00e9publicains, Haute-Sa\u00f4ne), en tant que pr\u00e9sident, et Fabien Gay (Parti communiste, Seine-Saint-Denis), comme rapporteur, a auditionn\u00e9 33\u00a0dirigeants des plus grandes entreprises fran\u00e7aises, une dizaine de repr\u00e9sentants des services de l\u2019Etat et d\u2019institutions publiques, autant d\u2019\u00e9conomistes, les syndicats de salari\u00e9s, le Medef, le ministre de l\u2019\u00e9conomie et des finances, Eric Lombard, et la ministre du travail, de la sant\u00e9, des solidarit\u00e9s et des familles, Catherine Vautrin, entre autres. Dans un contexte de crise des finances publiques et de guerre commerciale mondiale, elle poursuivait trois objectifs\u00a0: \u00e9tablir le co\u00fbt des aides publiques octroy\u00e9es aux entreprises, d\u00e9terminer si ces aides sont correctement contr\u00f4l\u00e9es et \u00e9valu\u00e9es, r\u00e9fl\u00e9chir \u00e0 leur conditionnalit\u00e9. Il vous reste 79.05% de cet article \u00e0 lire. La suite est r\u00e9serv\u00e9e aux abonn\u00e9s.\" \/>\n<meta property=\"og:url\" content=\"https:\/\/vof-news.eu\/fr\/les-aides-publiques-aux-entreprises-ont-atteint-au-moins-211-milliards-deuros-en-2023-calcule-la-commission-denquete-senatoriale-2\/\" \/>\n<meta property=\"og:site_name\" content=\"vof-news.eu\" \/>\n<meta property=\"article:published_time\" content=\"2025-07-08T16:32:16+00:00\" \/>\n<meta property=\"article:modified_time\" content=\"2025-07-08T16:33:53+00:00\" \/>\n<meta property=\"og:image\" content=\"https:\/\/vof-news.eu\/wp-content\/uploads\/2025\/07\/a415bc6_upload-1-jv4rgm5ii2qu-capture-da-ei-cran-2025-07-08-ai-16-16-44-1.jpg\" \/>\n\t<meta property=\"og:image:width\" content=\"664\" \/>\n\t<meta property=\"og:image:height\" content=\"374\" \/>\n\t<meta property=\"og:image:type\" content=\"image\/jpeg\" \/>\n<meta name=\"author\" content=\"Author\" \/>\n<meta name=\"twitter:card\" content=\"summary_large_image\" \/>\n<meta name=\"twitter:label1\" content=\"\u00c9crit par\" \/>\n\t<meta name=\"twitter:data1\" content=\"Author\" \/>\n\t<meta name=\"twitter:label2\" content=\"Dur\u00e9e de lecture estim\u00e9e\" \/>\n\t<meta name=\"twitter:data2\" content=\"1 minute\" \/>\n<script type=\"application\/ld+json\" class=\"yoast-schema-graph\">{\"@context\":\"https:\/\/schema.org\",\"@graph\":[{\"@type\":\"WebPage\",\"@id\":\"https:\/\/vof-news.eu\/fr\/les-aides-publiques-aux-entreprises-ont-atteint-au-moins-211-milliards-deuros-en-2023-calcule-la-commission-denquete-senatoriale-2\/\",\"url\":\"https:\/\/vof-news.eu\/fr\/les-aides-publiques-aux-entreprises-ont-atteint-au-moins-211-milliards-deuros-en-2023-calcule-la-commission-denquete-senatoriale-2\/\",\"name\":\"Les aides publiques aux entreprises ont atteint au moins 211\u00a0milliards d\u2019euros, en\u00a02023, calcule la commission d\u2019enqu\u00eate s\u00e9natoriale - vof-news.eu\",\"isPartOf\":{\"@id\":\"https:\/\/vof-news.eu\/fr\/#website\"},\"primaryImageOfPage\":{\"@id\":\"https:\/\/vof-news.eu\/fr\/les-aides-publiques-aux-entreprises-ont-atteint-au-moins-211-milliards-deuros-en-2023-calcule-la-commission-denquete-senatoriale-2\/#primaryimage\"},\"image\":{\"@id\":\"https:\/\/vof-news.eu\/fr\/les-aides-publiques-aux-entreprises-ont-atteint-au-moins-211-milliards-deuros-en-2023-calcule-la-commission-denquete-senatoriale-2\/#primaryimage\"},\"thumbnailUrl\":\"https:\/\/vof-news.eu\/wp-content\/uploads\/2025\/07\/a415bc6_upload-1-jv4rgm5ii2qu-capture-da-ei-cran-2025-07-08-ai-16-16-44-1.jpg\",\"datePublished\":\"2025-07-08T16:32:16+00:00\",\"dateModified\":\"2025-07-08T16:33:53+00:00\",\"author\":{\"@id\":\"https:\/\/vof-news.eu\/fr\/#\/schema\/person\/f6a2a4309f0561835797fd8c19b333ed\"},\"description\":\"La premi\u00e8re des 26\u00a0pr\u00e9conisations du rapport de la commission d\u2019enqu\u00eate du S\u00e9nat sur l\u2019utilit\u00e9 des aides publiques aux entreprises, rendu public mardi 8\u00a0juillet, para\u00eetrait presque enfantine\u00a0: cr\u00e9er un tableau. Elle est pourtant \u00e0 l\u2019image de ce qu\u2019ont r\u00e9v\u00e9l\u00e9, parfois de fa\u00e7on ubuesque, les quatre-vingt-sept heures de travaux de la commission\u00a0: un manque de transparence et de suivi de ce qui constitue aujourd\u2019hui l\u2019un des plus importants budgets de l\u2019Etat, avec une difficult\u00e9 des services de l\u2019Etat eux-m\u00eames \u00e0 s\u2019y retrouver. Cr\u00e9\u00e9e, en janvier, \u00e0 la demande du groupe Communiste, r\u00e9publicain, citoyen et \u00e9cologiste - Kanaky, la commission emmen\u00e9e par les s\u00e9nateurs Olivier Rietmann (Les R\u00e9publicains, Haute-Sa\u00f4ne), en tant que pr\u00e9sident, et Fabien Gay (Parti communiste, Seine-Saint-Denis), comme rapporteur, a auditionn\u00e9 33\u00a0dirigeants des plus grandes entreprises fran\u00e7aises, une dizaine de repr\u00e9sentants des services de l\u2019Etat et d\u2019institutions publiques, autant d\u2019\u00e9conomistes, les syndicats de salari\u00e9s, le Medef, le ministre de l\u2019\u00e9conomie et des finances, Eric Lombard, et la ministre du travail, de la sant\u00e9, des solidarit\u00e9s et des familles, Catherine Vautrin, entre autres. Dans un contexte de crise des finances publiques et de guerre commerciale mondiale, elle poursuivait trois objectifs\u00a0: \u00e9tablir le co\u00fbt des aides publiques octroy\u00e9es aux entreprises, d\u00e9terminer si ces aides sont correctement contr\u00f4l\u00e9es et \u00e9valu\u00e9es, r\u00e9fl\u00e9chir \u00e0 leur conditionnalit\u00e9. Il vous reste 79.05% de cet article \u00e0 lire. La suite est r\u00e9serv\u00e9e aux abonn\u00e9s.\",\"breadcrumb\":{\"@id\":\"https:\/\/vof-news.eu\/fr\/les-aides-publiques-aux-entreprises-ont-atteint-au-moins-211-milliards-deuros-en-2023-calcule-la-commission-denquete-senatoriale-2\/#breadcrumb\"},\"inLanguage\":\"fr-FR\",\"potentialAction\":[{\"@type\":\"ReadAction\",\"target\":[\"https:\/\/vof-news.eu\/fr\/les-aides-publiques-aux-entreprises-ont-atteint-au-moins-211-milliards-deuros-en-2023-calcule-la-commission-denquete-senatoriale-2\/\"]}]},{\"@type\":\"ImageObject\",\"inLanguage\":\"fr-FR\",\"@id\":\"https:\/\/vof-news.eu\/fr\/les-aides-publiques-aux-entreprises-ont-atteint-au-moins-211-milliards-deuros-en-2023-calcule-la-commission-denquete-senatoriale-2\/#primaryimage\",\"url\":\"https:\/\/vof-news.eu\/wp-content\/uploads\/2025\/07\/a415bc6_upload-1-jv4rgm5ii2qu-capture-da-ei-cran-2025-07-08-ai-16-16-44-1.jpg\",\"contentUrl\":\"https:\/\/vof-news.eu\/wp-content\/uploads\/2025\/07\/a415bc6_upload-1-jv4rgm5ii2qu-capture-da-ei-cran-2025-07-08-ai-16-16-44-1.jpg\",\"width\":664,\"height\":374},{\"@type\":\"BreadcrumbList\",\"@id\":\"https:\/\/vof-news.eu\/fr\/les-aides-publiques-aux-entreprises-ont-atteint-au-moins-211-milliards-deuros-en-2023-calcule-la-commission-denquete-senatoriale-2\/#breadcrumb\",\"itemListElement\":[{\"@type\":\"ListItem\",\"position\":1,\"name\":\"Home\",\"item\":\"https:\/\/vof-news.eu\/fr\/\"},{\"@type\":\"ListItem\",\"position\":2,\"name\":\"Les aides publiques aux entreprises ont atteint au moins 211\u00a0milliards d\u2019euros, en\u00a02023, calcule la commission d\u2019enqu\u00eate s\u00e9natoriale\"}]},{\"@type\":\"WebSite\",\"@id\":\"https:\/\/vof-news.eu\/fr\/#website\",\"url\":\"https:\/\/vof-news.eu\/fr\/\",\"name\":\"vof-news.eu\",\"description\":\"\",\"potentialAction\":[{\"@type\":\"SearchAction\",\"target\":{\"@type\":\"EntryPoint\",\"urlTemplate\":\"https:\/\/vof-news.eu\/fr\/?s={search_term_string}\"},\"query-input\":\"required name=search_term_string\"}],\"inLanguage\":\"fr-FR\"},{\"@type\":\"Person\",\"@id\":\"https:\/\/vof-news.eu\/fr\/#\/schema\/person\/f6a2a4309f0561835797fd8c19b333ed\",\"name\":\"Author\",\"image\":{\"@type\":\"ImageObject\",\"inLanguage\":\"fr-FR\",\"@id\":\"https:\/\/vof-news.eu\/fr\/#\/schema\/person\/image\/\",\"url\":\"https:\/\/secure.gravatar.com\/avatar\/b67e614b1b25b3e9c0c239efdd2fde5ab015b5affd6f1c3c85911ca4b384e790?s=96&d=mm&r=g\",\"contentUrl\":\"https:\/\/secure.gravatar.com\/avatar\/b67e614b1b25b3e9c0c239efdd2fde5ab015b5affd6f1c3c85911ca4b384e790?s=96&d=mm&r=g\",\"caption\":\"Author\"},\"sameAs\":[\"http:\/\/vof-news.eu\"],\"url\":\"https:\/\/vof-news.eu\/fr\/author\/zwt6qxnjulxbnyg\/\"}]}<\/script>\n<!-- \/ Yoast SEO plugin. -->","yoast_head_json":{"title":"Les aides publiques aux entreprises ont atteint au moins 211\u00a0milliards d\u2019euros, en\u00a02023, calcule la commission d\u2019enqu\u00eate s\u00e9natoriale - vof-news.eu","description":"La premi\u00e8re des 26\u00a0pr\u00e9conisations du rapport de la commission d\u2019enqu\u00eate du S\u00e9nat sur l\u2019utilit\u00e9 des aides publiques aux entreprises, rendu public mardi 8\u00a0juillet, para\u00eetrait presque enfantine\u00a0: cr\u00e9er un tableau. Elle est pourtant \u00e0 l\u2019image de ce qu\u2019ont r\u00e9v\u00e9l\u00e9, parfois de fa\u00e7on ubuesque, les quatre-vingt-sept heures de travaux de la commission\u00a0: un manque de transparence et de suivi de ce qui constitue aujourd\u2019hui l\u2019un des plus importants budgets de l\u2019Etat, avec une difficult\u00e9 des services de l\u2019Etat eux-m\u00eames \u00e0 s\u2019y retrouver. Cr\u00e9\u00e9e, en janvier, \u00e0 la demande du groupe Communiste, r\u00e9publicain, citoyen et \u00e9cologiste - Kanaky, la commission emmen\u00e9e par les s\u00e9nateurs Olivier Rietmann (Les R\u00e9publicains, Haute-Sa\u00f4ne), en tant que pr\u00e9sident, et Fabien Gay (Parti communiste, Seine-Saint-Denis), comme rapporteur, a auditionn\u00e9 33\u00a0dirigeants des plus grandes entreprises fran\u00e7aises, une dizaine de repr\u00e9sentants des services de l\u2019Etat et d\u2019institutions publiques, autant d\u2019\u00e9conomistes, les syndicats de salari\u00e9s, le Medef, le ministre de l\u2019\u00e9conomie et des finances, Eric Lombard, et la ministre du travail, de la sant\u00e9, des solidarit\u00e9s et des familles, Catherine Vautrin, entre autres. Dans un contexte de crise des finances publiques et de guerre commerciale mondiale, elle poursuivait trois objectifs\u00a0: \u00e9tablir le co\u00fbt des aides publiques octroy\u00e9es aux entreprises, d\u00e9terminer si ces aides sont correctement contr\u00f4l\u00e9es et \u00e9valu\u00e9es, r\u00e9fl\u00e9chir \u00e0 leur conditionnalit\u00e9. Il vous reste 79.05% de cet article \u00e0 lire. La suite est r\u00e9serv\u00e9e aux abonn\u00e9s.","robots":{"index":"noindex","follow":"follow","max-snippet":"max-snippet:-1","max-image-preview":"max-image-preview:large","max-video-preview":"max-video-preview:-1"},"og_locale":"fr_FR","og_type":"article","og_title":"Les aides publiques aux entreprises ont atteint au moins 211\u00a0milliards d\u2019euros, en\u00a02023, calcule la commission d\u2019enqu\u00eate s\u00e9natoriale - vof-news.eu","og_description":"La premi\u00e8re des 26\u00a0pr\u00e9conisations du rapport de la commission d\u2019enqu\u00eate du S\u00e9nat sur l\u2019utilit\u00e9 des aides publiques aux entreprises, rendu public mardi 8\u00a0juillet, para\u00eetrait presque enfantine\u00a0: cr\u00e9er un tableau. Elle est pourtant \u00e0 l\u2019image de ce qu\u2019ont r\u00e9v\u00e9l\u00e9, parfois de fa\u00e7on ubuesque, les quatre-vingt-sept heures de travaux de la commission\u00a0: un manque de transparence et de suivi de ce qui constitue aujourd\u2019hui l\u2019un des plus importants budgets de l\u2019Etat, avec une difficult\u00e9 des services de l\u2019Etat eux-m\u00eames \u00e0 s\u2019y retrouver. Cr\u00e9\u00e9e, en janvier, \u00e0 la demande du groupe Communiste, r\u00e9publicain, citoyen et \u00e9cologiste - Kanaky, la commission emmen\u00e9e par les s\u00e9nateurs Olivier Rietmann (Les R\u00e9publicains, Haute-Sa\u00f4ne), en tant que pr\u00e9sident, et Fabien Gay (Parti communiste, Seine-Saint-Denis), comme rapporteur, a auditionn\u00e9 33\u00a0dirigeants des plus grandes entreprises fran\u00e7aises, une dizaine de repr\u00e9sentants des services de l\u2019Etat et d\u2019institutions publiques, autant d\u2019\u00e9conomistes, les syndicats de salari\u00e9s, le Medef, le ministre de l\u2019\u00e9conomie et des finances, Eric Lombard, et la ministre du travail, de la sant\u00e9, des solidarit\u00e9s et des familles, Catherine Vautrin, entre autres. Dans un contexte de crise des finances publiques et de guerre commerciale mondiale, elle poursuivait trois objectifs\u00a0: \u00e9tablir le co\u00fbt des aides publiques octroy\u00e9es aux entreprises, d\u00e9terminer si ces aides sont correctement contr\u00f4l\u00e9es et \u00e9valu\u00e9es, r\u00e9fl\u00e9chir \u00e0 leur conditionnalit\u00e9. Il vous reste 79.05% de cet article \u00e0 lire. La suite est r\u00e9serv\u00e9e aux abonn\u00e9s.","og_url":"https:\/\/vof-news.eu\/fr\/les-aides-publiques-aux-entreprises-ont-atteint-au-moins-211-milliards-deuros-en-2023-calcule-la-commission-denquete-senatoriale-2\/","og_site_name":"vof-news.eu","article_published_time":"2025-07-08T16:32:16+00:00","article_modified_time":"2025-07-08T16:33:53+00:00","og_image":[{"width":664,"height":374,"url":"https:\/\/vof-news.eu\/wp-content\/uploads\/2025\/07\/a415bc6_upload-1-jv4rgm5ii2qu-capture-da-ei-cran-2025-07-08-ai-16-16-44-1.jpg","type":"image\/jpeg"}],"author":"Author","twitter_card":"summary_large_image","twitter_misc":{"\u00c9crit par":"Author","Dur\u00e9e de lecture estim\u00e9e":"1 minute"},"schema":{"@context":"https:\/\/schema.org","@graph":[{"@type":"WebPage","@id":"https:\/\/vof-news.eu\/fr\/les-aides-publiques-aux-entreprises-ont-atteint-au-moins-211-milliards-deuros-en-2023-calcule-la-commission-denquete-senatoriale-2\/","url":"https:\/\/vof-news.eu\/fr\/les-aides-publiques-aux-entreprises-ont-atteint-au-moins-211-milliards-deuros-en-2023-calcule-la-commission-denquete-senatoriale-2\/","name":"Les aides publiques aux entreprises ont atteint au moins 211\u00a0milliards d\u2019euros, en\u00a02023, calcule la commission d\u2019enqu\u00eate s\u00e9natoriale - vof-news.eu","isPartOf":{"@id":"https:\/\/vof-news.eu\/fr\/#website"},"primaryImageOfPage":{"@id":"https:\/\/vof-news.eu\/fr\/les-aides-publiques-aux-entreprises-ont-atteint-au-moins-211-milliards-deuros-en-2023-calcule-la-commission-denquete-senatoriale-2\/#primaryimage"},"image":{"@id":"https:\/\/vof-news.eu\/fr\/les-aides-publiques-aux-entreprises-ont-atteint-au-moins-211-milliards-deuros-en-2023-calcule-la-commission-denquete-senatoriale-2\/#primaryimage"},"thumbnailUrl":"https:\/\/vof-news.eu\/wp-content\/uploads\/2025\/07\/a415bc6_upload-1-jv4rgm5ii2qu-capture-da-ei-cran-2025-07-08-ai-16-16-44-1.jpg","datePublished":"2025-07-08T16:32:16+00:00","dateModified":"2025-07-08T16:33:53+00:00","author":{"@id":"https:\/\/vof-news.eu\/fr\/#\/schema\/person\/f6a2a4309f0561835797fd8c19b333ed"},"description":"La premi\u00e8re des 26\u00a0pr\u00e9conisations du rapport de la commission d\u2019enqu\u00eate du S\u00e9nat sur l\u2019utilit\u00e9 des aides publiques aux entreprises, rendu public mardi 8\u00a0juillet, para\u00eetrait presque enfantine\u00a0: cr\u00e9er un tableau. Elle est pourtant \u00e0 l\u2019image de ce qu\u2019ont r\u00e9v\u00e9l\u00e9, parfois de fa\u00e7on ubuesque, les quatre-vingt-sept heures de travaux de la commission\u00a0: un manque de transparence et de suivi de ce qui constitue aujourd\u2019hui l\u2019un des plus importants budgets de l\u2019Etat, avec une difficult\u00e9 des services de l\u2019Etat eux-m\u00eames \u00e0 s\u2019y retrouver. Cr\u00e9\u00e9e, en janvier, \u00e0 la demande du groupe Communiste, r\u00e9publicain, citoyen et \u00e9cologiste - Kanaky, la commission emmen\u00e9e par les s\u00e9nateurs Olivier Rietmann (Les R\u00e9publicains, Haute-Sa\u00f4ne), en tant que pr\u00e9sident, et Fabien Gay (Parti communiste, Seine-Saint-Denis), comme rapporteur, a auditionn\u00e9 33\u00a0dirigeants des plus grandes entreprises fran\u00e7aises, une dizaine de repr\u00e9sentants des services de l\u2019Etat et d\u2019institutions publiques, autant d\u2019\u00e9conomistes, les syndicats de salari\u00e9s, le Medef, le ministre de l\u2019\u00e9conomie et des finances, Eric Lombard, et la ministre du travail, de la sant\u00e9, des solidarit\u00e9s et des familles, Catherine Vautrin, entre autres. Dans un contexte de crise des finances publiques et de guerre commerciale mondiale, elle poursuivait trois objectifs\u00a0: \u00e9tablir le co\u00fbt des aides publiques octroy\u00e9es aux entreprises, d\u00e9terminer si ces aides sont correctement contr\u00f4l\u00e9es et \u00e9valu\u00e9es, r\u00e9fl\u00e9chir \u00e0 leur conditionnalit\u00e9. Il vous reste 79.05% de cet article \u00e0 lire. La suite est r\u00e9serv\u00e9e aux abonn\u00e9s.","breadcrumb":{"@id":"https:\/\/vof-news.eu\/fr\/les-aides-publiques-aux-entreprises-ont-atteint-au-moins-211-milliards-deuros-en-2023-calcule-la-commission-denquete-senatoriale-2\/#breadcrumb"},"inLanguage":"fr-FR","potentialAction":[{"@type":"ReadAction","target":["https:\/\/vof-news.eu\/fr\/les-aides-publiques-aux-entreprises-ont-atteint-au-moins-211-milliards-deuros-en-2023-calcule-la-commission-denquete-senatoriale-2\/"]}]},{"@type":"ImageObject","inLanguage":"fr-FR","@id":"https:\/\/vof-news.eu\/fr\/les-aides-publiques-aux-entreprises-ont-atteint-au-moins-211-milliards-deuros-en-2023-calcule-la-commission-denquete-senatoriale-2\/#primaryimage","url":"https:\/\/vof-news.eu\/wp-content\/uploads\/2025\/07\/a415bc6_upload-1-jv4rgm5ii2qu-capture-da-ei-cran-2025-07-08-ai-16-16-44-1.jpg","contentUrl":"https:\/\/vof-news.eu\/wp-content\/uploads\/2025\/07\/a415bc6_upload-1-jv4rgm5ii2qu-capture-da-ei-cran-2025-07-08-ai-16-16-44-1.jpg","width":664,"height":374},{"@type":"BreadcrumbList","@id":"https:\/\/vof-news.eu\/fr\/les-aides-publiques-aux-entreprises-ont-atteint-au-moins-211-milliards-deuros-en-2023-calcule-la-commission-denquete-senatoriale-2\/#breadcrumb","itemListElement":[{"@type":"ListItem","position":1,"name":"Home","item":"https:\/\/vof-news.eu\/fr\/"},{"@type":"ListItem","position":2,"name":"Les aides publiques aux entreprises ont atteint au moins 211\u00a0milliards d\u2019euros, en\u00a02023, calcule la commission d\u2019enqu\u00eate s\u00e9natoriale"}]},{"@type":"WebSite","@id":"https:\/\/vof-news.eu\/fr\/#website","url":"https:\/\/vof-news.eu\/fr\/","name":"vof-news.eu","description":"","potentialAction":[{"@type":"SearchAction","target":{"@type":"EntryPoint","urlTemplate":"https:\/\/vof-news.eu\/fr\/?s={search_term_string}"},"query-input":"required name=search_term_string"}],"inLanguage":"fr-FR"},{"@type":"Person","@id":"https:\/\/vof-news.eu\/fr\/#\/schema\/person\/f6a2a4309f0561835797fd8c19b333ed","name":"Author","image":{"@type":"ImageObject","inLanguage":"fr-FR","@id":"https:\/\/vof-news.eu\/fr\/#\/schema\/person\/image\/","url":"https:\/\/secure.gravatar.com\/avatar\/b67e614b1b25b3e9c0c239efdd2fde5ab015b5affd6f1c3c85911ca4b384e790?s=96&d=mm&r=g","contentUrl":"https:\/\/secure.gravatar.com\/avatar\/b67e614b1b25b3e9c0c239efdd2fde5ab015b5affd6f1c3c85911ca4b384e790?s=96&d=mm&r=g","caption":"Author"},"sameAs":["http:\/\/vof-news.eu"],"url":"https:\/\/vof-news.eu\/fr\/author\/zwt6qxnjulxbnyg\/"}]}},"yoast_meta":{"yoast_wpseo_title":"","yoast_wpseo_metadesc":"","yoast_wpseo_canonical":""},"_links":{"self":[{"href":"https:\/\/vof-news.eu\/fr\/wp-json\/wp\/v2\/posts\/249813","targetHints":{"allow":["GET"]}}],"collection":[{"href":"https:\/\/vof-news.eu\/fr\/wp-json\/wp\/v2\/posts"}],"about":[{"href":"https:\/\/vof-news.eu\/fr\/wp-json\/wp\/v2\/types\/post"}],"author":[{"embeddable":true,"href":"https:\/\/vof-news.eu\/fr\/wp-json\/wp\/v2\/users\/1"}],"replies":[{"embeddable":true,"href":"https:\/\/vof-news.eu\/fr\/wp-json\/wp\/v2\/comments?post=249813"}],"version-history":[{"count":1,"href":"https:\/\/vof-news.eu\/fr\/wp-json\/wp\/v2\/posts\/249813\/revisions"}],"predecessor-version":[{"id":249820,"href":"https:\/\/vof-news.eu\/fr\/wp-json\/wp\/v2\/posts\/249813\/revisions\/249820"}],"wp:featuredmedia":[{"embeddable":true,"href":"https:\/\/vof-news.eu\/fr\/wp-json\/wp\/v2\/media\/249814"}],"wp:attachment":[{"href":"https:\/\/vof-news.eu\/fr\/wp-json\/wp\/v2\/media?parent=249813"}],"wp:term":[{"taxonomy":"category","embeddable":true,"href":"https:\/\/vof-news.eu\/fr\/wp-json\/wp\/v2\/categories?post=249813"},{"taxonomy":"post_tag","embeddable":true,"href":"https:\/\/vof-news.eu\/fr\/wp-json\/wp\/v2\/tags?post=249813"}],"curies":[{"name":"wp","href":"https:\/\/api.w.org\/{rel}","templated":true}]}}