{"id":249685,"date":"2025-07-08T17:33:04","date_gmt":"2025-07-08T14:33:04","guid":{"rendered":"https:\/\/vof-news.eu\/a-lyon-la-deputee-insoumise-anais-belouassa-cherifi-prepare-sa-candidature-aux-municipales\/"},"modified":"2025-07-08T17:33:28","modified_gmt":"2025-07-08T14:33:28","slug":"a-lyon-la-deputee-insoumise-anais-belouassa-cherifi-prepare-sa-candidature-aux-municipales","status":"publish","type":"post","link":"https:\/\/vof-news.eu\/fr\/a-lyon-la-deputee-insoumise-anais-belouassa-cherifi-prepare-sa-candidature-aux-municipales\/","title":{"rendered":"A Lyon, la d\u00e9put\u00e9e \u00ab\u00a0insoumise\u00a0\u00bb Ana\u00efs Belouassa-Cherifi pr\u00e9pare sa candidature aux municipales"},"content":{"rendered":"<article>\n<p>Le choc des cultures et des g\u00e9n\u00e9rations. Alors que l\u2019homme d\u2019affaires Jean-Michel Aulas, 76\u00a0ans, <a href=\"https:\/\/www.lemonde.fr\/politique\/article\/2025\/02\/17\/jean-michel-aulas-entretient-le-suspense-sur-sa-candidature-a-la-mairie-de-lyon_6551288_823448.html\" rel=\"nofollow\">h\u00e9site depuis des mois \u00e0 se pr\u00e9senter officiellement<\/a>, Ana\u00efs Belouassa-Cherifi, 30\u00a0ans, d\u00e9put\u00e9e La France insoumise (LFI) de la 1<sup>re<\/sup> circonscription du Rh\u00f4ne, ne cache plus son intention d\u2019emmener une liste \u00e0 la conqu\u00eate de la mairie de Lyon, en mars\u00a02026. , confie au l\u2019ancienne secr\u00e9taire g\u00e9n\u00e9rale de la campagne pr\u00e9sidentielle de Jean-Luc M\u00e9lenchon, en\u00a02022, confort\u00e9e par des \u00e9tudes r\u00e9centes lui pr\u00e9disant de 10\u00a0% \u00e0 14\u00a0% des voix au premier tour des municipales.<\/p>\n<p>L\u2019annonce formelle de sa candidature devrait intervenir \u00e0 la fin du mois de septembre, \u00e0 l\u2019issue d\u2019un processus interne qui passe par la d\u00e9signation des \u00ab\u00a0chefs de file\u00a0\u00bb LFI dans chacun des neuf arrondissements lyonnais, suivi d\u2019une r\u00e9union consacr\u00e9e \u00e0 la nomination de la t\u00eate de liste. En attendant, la jeune d\u00e9put\u00e9e parcourt sa circonscription \u00e0 un train d\u2019enfer, encha\u00eenant les rencontres et les permanences parlementaires mobiles dans les cinq arrondissements de Lyon qui la composent.<\/p>\n<p><strong>Il vous reste 78.32% de cet article \u00e0 lire. La suite est r\u00e9serv\u00e9e aux abonn\u00e9s.<\/strong><\/p>\n<\/article>\n","protected":false},"excerpt":{"rendered":"<p>Le choc des cultures et des g\u00e9n\u00e9rations. Alors que l\u2019homme d\u2019affaires Jean-Michel Aulas, 76\u00a0ans, h\u00e9site depuis des mois \u00e0 se pr\u00e9senter officiellement, Ana\u00efs Belouassa-Cherifi, 30\u00a0ans, d\u00e9put\u00e9e La France insoumise (LFI) de la 1re circonscription du Rh\u00f4ne, ne cache plus son intention d\u2019emmener une liste \u00e0 la conqu\u00eate de la mairie de Lyon, en mars\u00a02026. ,<\/p>\n","protected":false},"author":1,"featured_media":249686,"comment_status":"open","ping_status":"open","sticky":false,"template":"","format":"standard","meta":{"footnotes":""},"categories":[68],"tags":[],"class_list":["post-249685","post","type-post","status-publish","format-standard","has-post-thumbnail","hentry","category-politics-fr"],"acf":[],"yoast_head":"<!-- This site is optimized with the Yoast SEO plugin v22.9 - https:\/\/yoast.com\/wordpress\/plugins\/seo\/ -->\n<title>A Lyon, la d\u00e9put\u00e9e \u00ab\u00a0insoumise\u00a0\u00bb Ana\u00efs Belouassa-Cherifi pr\u00e9pare sa candidature aux municipales - vof-news.eu<\/title>\n<meta name=\"description\" content=\"Le choc des cultures et des g\u00e9n\u00e9rations. Alors que l\u2019homme d\u2019affaires Jean-Michel Aulas, 76\u00a0ans, h\u00e9site depuis des mois \u00e0 se pr\u00e9senter officiellement, Ana\u00efs Belouassa-Cherifi, 30\u00a0ans, d\u00e9put\u00e9e La France insoumise (LFI) de la 1re circonscription du Rh\u00f4ne, ne cache plus son intention d\u2019emmener une liste \u00e0 la conqu\u00eate de la mairie de Lyon, en mars\u00a02026. , confie au l\u2019ancienne secr\u00e9taire g\u00e9n\u00e9rale de la campagne pr\u00e9sidentielle de Jean-Luc M\u00e9lenchon, en\u00a02022, confort\u00e9e par des \u00e9tudes r\u00e9centes lui pr\u00e9disant de 10\u00a0% \u00e0 14\u00a0% des voix au premier tour des municipales. L\u2019annonce formelle de sa candidature devrait intervenir \u00e0 la fin du mois de septembre, \u00e0 l\u2019issue d\u2019un processus interne qui passe par la d\u00e9signation des \u00ab\u00a0chefs de file\u00a0\u00bb LFI dans chacun des neuf arrondissements lyonnais, suivi d\u2019une r\u00e9union consacr\u00e9e \u00e0 la nomination de la t\u00eate de liste. En attendant, la jeune d\u00e9put\u00e9e parcourt sa circonscription \u00e0 un train d\u2019enfer, encha\u00eenant les rencontres et les permanences parlementaires mobiles dans les cinq arrondissements de Lyon qui la composent. Il vous reste 78.32% de cet article \u00e0 lire. La suite est r\u00e9serv\u00e9e aux abonn\u00e9s.\" \/>\n<meta name=\"robots\" content=\"noindex, follow, max-snippet:-1, max-image-preview:large, max-video-preview:-1\" \/>\n<meta property=\"og:locale\" content=\"fr_FR\" \/>\n<meta property=\"og:type\" content=\"article\" \/>\n<meta property=\"og:title\" content=\"A Lyon, la d\u00e9put\u00e9e \u00ab\u00a0insoumise\u00a0\u00bb Ana\u00efs Belouassa-Cherifi pr\u00e9pare sa candidature aux municipales - vof-news.eu\" \/>\n<meta property=\"og:description\" content=\"Le choc des cultures et des g\u00e9n\u00e9rations. Alors que l\u2019homme d\u2019affaires Jean-Michel Aulas, 76\u00a0ans, h\u00e9site depuis des mois \u00e0 se pr\u00e9senter officiellement, Ana\u00efs Belouassa-Cherifi, 30\u00a0ans, d\u00e9put\u00e9e La France insoumise (LFI) de la 1re circonscription du Rh\u00f4ne, ne cache plus son intention d\u2019emmener une liste \u00e0 la conqu\u00eate de la mairie de Lyon, en mars\u00a02026. , confie au l\u2019ancienne secr\u00e9taire g\u00e9n\u00e9rale de la campagne pr\u00e9sidentielle de Jean-Luc M\u00e9lenchon, en\u00a02022, confort\u00e9e par des \u00e9tudes r\u00e9centes lui pr\u00e9disant de 10\u00a0% \u00e0 14\u00a0% des voix au premier tour des municipales. L\u2019annonce formelle de sa candidature devrait intervenir \u00e0 la fin du mois de septembre, \u00e0 l\u2019issue d\u2019un processus interne qui passe par la d\u00e9signation des \u00ab\u00a0chefs de file\u00a0\u00bb LFI dans chacun des neuf arrondissements lyonnais, suivi d\u2019une r\u00e9union consacr\u00e9e \u00e0 la nomination de la t\u00eate de liste. En attendant, la jeune d\u00e9put\u00e9e parcourt sa circonscription \u00e0 un train d\u2019enfer, encha\u00eenant les rencontres et les permanences parlementaires mobiles dans les cinq arrondissements de Lyon qui la composent. Il vous reste 78.32% de cet article \u00e0 lire. La suite est r\u00e9serv\u00e9e aux abonn\u00e9s.\" \/>\n<meta property=\"og:url\" content=\"https:\/\/vof-news.eu\/fr\/a-lyon-la-deputee-insoumise-anais-belouassa-cherifi-prepare-sa-candidature-aux-municipales\/\" \/>\n<meta property=\"og:site_name\" content=\"vof-news.eu\" \/>\n<meta property=\"article:published_time\" content=\"2025-07-08T14:33:04+00:00\" \/>\n<meta property=\"article:modified_time\" content=\"2025-07-08T14:33:28+00:00\" \/>\n<meta property=\"og:image\" content=\"https:\/\/vof-news.eu\/wp-content\/uploads\/2025\/07\/33c9a69_upload-1-0fkdn5h0ybxj-000-34zg27p.jpg\" \/>\n\t<meta property=\"og:image:width\" content=\"664\" \/>\n\t<meta property=\"og:image:height\" content=\"443\" \/>\n\t<meta property=\"og:image:type\" content=\"image\/jpeg\" \/>\n<meta name=\"author\" content=\"Author\" \/>\n<meta name=\"twitter:card\" content=\"summary_large_image\" \/>\n<meta name=\"twitter:label1\" content=\"\u00c9crit par\" \/>\n\t<meta name=\"twitter:data1\" content=\"Author\" \/>\n\t<meta name=\"twitter:label2\" content=\"Dur\u00e9e de lecture estim\u00e9e\" \/>\n\t<meta name=\"twitter:data2\" content=\"1 minute\" \/>\n<script type=\"application\/ld+json\" class=\"yoast-schema-graph\">{\"@context\":\"https:\/\/schema.org\",\"@graph\":[{\"@type\":\"WebPage\",\"@id\":\"https:\/\/vof-news.eu\/fr\/a-lyon-la-deputee-insoumise-anais-belouassa-cherifi-prepare-sa-candidature-aux-municipales\/\",\"url\":\"https:\/\/vof-news.eu\/fr\/a-lyon-la-deputee-insoumise-anais-belouassa-cherifi-prepare-sa-candidature-aux-municipales\/\",\"name\":\"A Lyon, la d\u00e9put\u00e9e \u00ab\u00a0insoumise\u00a0\u00bb Ana\u00efs Belouassa-Cherifi pr\u00e9pare sa candidature aux municipales - vof-news.eu\",\"isPartOf\":{\"@id\":\"https:\/\/vof-news.eu\/fr\/#website\"},\"primaryImageOfPage\":{\"@id\":\"https:\/\/vof-news.eu\/fr\/a-lyon-la-deputee-insoumise-anais-belouassa-cherifi-prepare-sa-candidature-aux-municipales\/#primaryimage\"},\"image\":{\"@id\":\"https:\/\/vof-news.eu\/fr\/a-lyon-la-deputee-insoumise-anais-belouassa-cherifi-prepare-sa-candidature-aux-municipales\/#primaryimage\"},\"thumbnailUrl\":\"https:\/\/vof-news.eu\/wp-content\/uploads\/2025\/07\/33c9a69_upload-1-0fkdn5h0ybxj-000-34zg27p.jpg\",\"datePublished\":\"2025-07-08T14:33:04+00:00\",\"dateModified\":\"2025-07-08T14:33:28+00:00\",\"author\":{\"@id\":\"https:\/\/vof-news.eu\/fr\/#\/schema\/person\/f6a2a4309f0561835797fd8c19b333ed\"},\"description\":\"Le choc des cultures et des g\u00e9n\u00e9rations. Alors que l\u2019homme d\u2019affaires Jean-Michel Aulas, 76\u00a0ans, h\u00e9site depuis des mois \u00e0 se pr\u00e9senter officiellement, Ana\u00efs Belouassa-Cherifi, 30\u00a0ans, d\u00e9put\u00e9e La France insoumise (LFI) de la 1re circonscription du Rh\u00f4ne, ne cache plus son intention d\u2019emmener une liste \u00e0 la conqu\u00eate de la mairie de Lyon, en mars\u00a02026. , confie au l\u2019ancienne secr\u00e9taire g\u00e9n\u00e9rale de la campagne pr\u00e9sidentielle de Jean-Luc M\u00e9lenchon, en\u00a02022, confort\u00e9e par des \u00e9tudes r\u00e9centes lui pr\u00e9disant de 10\u00a0% \u00e0 14\u00a0% des voix au premier tour des municipales. L\u2019annonce formelle de sa candidature devrait intervenir \u00e0 la fin du mois de septembre, \u00e0 l\u2019issue d\u2019un processus interne qui passe par la d\u00e9signation des \u00ab\u00a0chefs de file\u00a0\u00bb LFI dans chacun des neuf arrondissements lyonnais, suivi d\u2019une r\u00e9union consacr\u00e9e \u00e0 la nomination de la t\u00eate de liste. En attendant, la jeune d\u00e9put\u00e9e parcourt sa circonscription \u00e0 un train d\u2019enfer, encha\u00eenant les rencontres et les permanences parlementaires mobiles dans les cinq arrondissements de Lyon qui la composent. Il vous reste 78.32% de cet article \u00e0 lire. La suite est r\u00e9serv\u00e9e aux abonn\u00e9s.\",\"breadcrumb\":{\"@id\":\"https:\/\/vof-news.eu\/fr\/a-lyon-la-deputee-insoumise-anais-belouassa-cherifi-prepare-sa-candidature-aux-municipales\/#breadcrumb\"},\"inLanguage\":\"fr-FR\",\"potentialAction\":[{\"@type\":\"ReadAction\",\"target\":[\"https:\/\/vof-news.eu\/fr\/a-lyon-la-deputee-insoumise-anais-belouassa-cherifi-prepare-sa-candidature-aux-municipales\/\"]}]},{\"@type\":\"ImageObject\",\"inLanguage\":\"fr-FR\",\"@id\":\"https:\/\/vof-news.eu\/fr\/a-lyon-la-deputee-insoumise-anais-belouassa-cherifi-prepare-sa-candidature-aux-municipales\/#primaryimage\",\"url\":\"https:\/\/vof-news.eu\/wp-content\/uploads\/2025\/07\/33c9a69_upload-1-0fkdn5h0ybxj-000-34zg27p.jpg\",\"contentUrl\":\"https:\/\/vof-news.eu\/wp-content\/uploads\/2025\/07\/33c9a69_upload-1-0fkdn5h0ybxj-000-34zg27p.jpg\",\"width\":664,\"height\":443},{\"@type\":\"BreadcrumbList\",\"@id\":\"https:\/\/vof-news.eu\/fr\/a-lyon-la-deputee-insoumise-anais-belouassa-cherifi-prepare-sa-candidature-aux-municipales\/#breadcrumb\",\"itemListElement\":[{\"@type\":\"ListItem\",\"position\":1,\"name\":\"Home\",\"item\":\"https:\/\/vof-news.eu\/fr\/\"},{\"@type\":\"ListItem\",\"position\":2,\"name\":\"A Lyon, la d\u00e9put\u00e9e \u00ab\u00a0insoumise\u00a0\u00bb Ana\u00efs Belouassa-Cherifi pr\u00e9pare sa candidature aux municipales\"}]},{\"@type\":\"WebSite\",\"@id\":\"https:\/\/vof-news.eu\/fr\/#website\",\"url\":\"https:\/\/vof-news.eu\/fr\/\",\"name\":\"vof-news.eu\",\"description\":\"\",\"potentialAction\":[{\"@type\":\"SearchAction\",\"target\":{\"@type\":\"EntryPoint\",\"urlTemplate\":\"https:\/\/vof-news.eu\/fr\/?s={search_term_string}\"},\"query-input\":\"required name=search_term_string\"}],\"inLanguage\":\"fr-FR\"},{\"@type\":\"Person\",\"@id\":\"https:\/\/vof-news.eu\/fr\/#\/schema\/person\/f6a2a4309f0561835797fd8c19b333ed\",\"name\":\"Author\",\"image\":{\"@type\":\"ImageObject\",\"inLanguage\":\"fr-FR\",\"@id\":\"https:\/\/vof-news.eu\/fr\/#\/schema\/person\/image\/\",\"url\":\"https:\/\/secure.gravatar.com\/avatar\/b67e614b1b25b3e9c0c239efdd2fde5ab015b5affd6f1c3c85911ca4b384e790?s=96&d=mm&r=g\",\"contentUrl\":\"https:\/\/secure.gravatar.com\/avatar\/b67e614b1b25b3e9c0c239efdd2fde5ab015b5affd6f1c3c85911ca4b384e790?s=96&d=mm&r=g\",\"caption\":\"Author\"},\"sameAs\":[\"http:\/\/vof-news.eu\"],\"url\":\"https:\/\/vof-news.eu\/fr\/author\/zwt6qxnjulxbnyg\/\"}]}<\/script>\n<!-- \/ Yoast SEO plugin. -->","yoast_head_json":{"title":"A Lyon, la d\u00e9put\u00e9e \u00ab\u00a0insoumise\u00a0\u00bb Ana\u00efs Belouassa-Cherifi pr\u00e9pare sa candidature aux municipales - vof-news.eu","description":"Le choc des cultures et des g\u00e9n\u00e9rations. Alors que l\u2019homme d\u2019affaires Jean-Michel Aulas, 76\u00a0ans, h\u00e9site depuis des mois \u00e0 se pr\u00e9senter officiellement, Ana\u00efs Belouassa-Cherifi, 30\u00a0ans, d\u00e9put\u00e9e La France insoumise (LFI) de la 1re circonscription du Rh\u00f4ne, ne cache plus son intention d\u2019emmener une liste \u00e0 la conqu\u00eate de la mairie de Lyon, en mars\u00a02026. , confie au l\u2019ancienne secr\u00e9taire g\u00e9n\u00e9rale de la campagne pr\u00e9sidentielle de Jean-Luc M\u00e9lenchon, en\u00a02022, confort\u00e9e par des \u00e9tudes r\u00e9centes lui pr\u00e9disant de 10\u00a0% \u00e0 14\u00a0% des voix au premier tour des municipales. L\u2019annonce formelle de sa candidature devrait intervenir \u00e0 la fin du mois de septembre, \u00e0 l\u2019issue d\u2019un processus interne qui passe par la d\u00e9signation des \u00ab\u00a0chefs de file\u00a0\u00bb LFI dans chacun des neuf arrondissements lyonnais, suivi d\u2019une r\u00e9union consacr\u00e9e \u00e0 la nomination de la t\u00eate de liste. En attendant, la jeune d\u00e9put\u00e9e parcourt sa circonscription \u00e0 un train d\u2019enfer, encha\u00eenant les rencontres et les permanences parlementaires mobiles dans les cinq arrondissements de Lyon qui la composent. Il vous reste 78.32% de cet article \u00e0 lire. La suite est r\u00e9serv\u00e9e aux abonn\u00e9s.","robots":{"index":"noindex","follow":"follow","max-snippet":"max-snippet:-1","max-image-preview":"max-image-preview:large","max-video-preview":"max-video-preview:-1"},"og_locale":"fr_FR","og_type":"article","og_title":"A Lyon, la d\u00e9put\u00e9e \u00ab\u00a0insoumise\u00a0\u00bb Ana\u00efs Belouassa-Cherifi pr\u00e9pare sa candidature aux municipales - vof-news.eu","og_description":"Le choc des cultures et des g\u00e9n\u00e9rations. Alors que l\u2019homme d\u2019affaires Jean-Michel Aulas, 76\u00a0ans, h\u00e9site depuis des mois \u00e0 se pr\u00e9senter officiellement, Ana\u00efs Belouassa-Cherifi, 30\u00a0ans, d\u00e9put\u00e9e La France insoumise (LFI) de la 1re circonscription du Rh\u00f4ne, ne cache plus son intention d\u2019emmener une liste \u00e0 la conqu\u00eate de la mairie de Lyon, en mars\u00a02026. , confie au l\u2019ancienne secr\u00e9taire g\u00e9n\u00e9rale de la campagne pr\u00e9sidentielle de Jean-Luc M\u00e9lenchon, en\u00a02022, confort\u00e9e par des \u00e9tudes r\u00e9centes lui pr\u00e9disant de 10\u00a0% \u00e0 14\u00a0% des voix au premier tour des municipales. L\u2019annonce formelle de sa candidature devrait intervenir \u00e0 la fin du mois de septembre, \u00e0 l\u2019issue d\u2019un processus interne qui passe par la d\u00e9signation des \u00ab\u00a0chefs de file\u00a0\u00bb LFI dans chacun des neuf arrondissements lyonnais, suivi d\u2019une r\u00e9union consacr\u00e9e \u00e0 la nomination de la t\u00eate de liste. En attendant, la jeune d\u00e9put\u00e9e parcourt sa circonscription \u00e0 un train d\u2019enfer, encha\u00eenant les rencontres et les permanences parlementaires mobiles dans les cinq arrondissements de Lyon qui la composent. Il vous reste 78.32% de cet article \u00e0 lire. La suite est r\u00e9serv\u00e9e aux abonn\u00e9s.","og_url":"https:\/\/vof-news.eu\/fr\/a-lyon-la-deputee-insoumise-anais-belouassa-cherifi-prepare-sa-candidature-aux-municipales\/","og_site_name":"vof-news.eu","article_published_time":"2025-07-08T14:33:04+00:00","article_modified_time":"2025-07-08T14:33:28+00:00","og_image":[{"width":664,"height":443,"url":"https:\/\/vof-news.eu\/wp-content\/uploads\/2025\/07\/33c9a69_upload-1-0fkdn5h0ybxj-000-34zg27p.jpg","type":"image\/jpeg"}],"author":"Author","twitter_card":"summary_large_image","twitter_misc":{"\u00c9crit par":"Author","Dur\u00e9e de lecture estim\u00e9e":"1 minute"},"schema":{"@context":"https:\/\/schema.org","@graph":[{"@type":"WebPage","@id":"https:\/\/vof-news.eu\/fr\/a-lyon-la-deputee-insoumise-anais-belouassa-cherifi-prepare-sa-candidature-aux-municipales\/","url":"https:\/\/vof-news.eu\/fr\/a-lyon-la-deputee-insoumise-anais-belouassa-cherifi-prepare-sa-candidature-aux-municipales\/","name":"A Lyon, la d\u00e9put\u00e9e \u00ab\u00a0insoumise\u00a0\u00bb Ana\u00efs Belouassa-Cherifi pr\u00e9pare sa candidature aux municipales - vof-news.eu","isPartOf":{"@id":"https:\/\/vof-news.eu\/fr\/#website"},"primaryImageOfPage":{"@id":"https:\/\/vof-news.eu\/fr\/a-lyon-la-deputee-insoumise-anais-belouassa-cherifi-prepare-sa-candidature-aux-municipales\/#primaryimage"},"image":{"@id":"https:\/\/vof-news.eu\/fr\/a-lyon-la-deputee-insoumise-anais-belouassa-cherifi-prepare-sa-candidature-aux-municipales\/#primaryimage"},"thumbnailUrl":"https:\/\/vof-news.eu\/wp-content\/uploads\/2025\/07\/33c9a69_upload-1-0fkdn5h0ybxj-000-34zg27p.jpg","datePublished":"2025-07-08T14:33:04+00:00","dateModified":"2025-07-08T14:33:28+00:00","author":{"@id":"https:\/\/vof-news.eu\/fr\/#\/schema\/person\/f6a2a4309f0561835797fd8c19b333ed"},"description":"Le choc des cultures et des g\u00e9n\u00e9rations. Alors que l\u2019homme d\u2019affaires Jean-Michel Aulas, 76\u00a0ans, h\u00e9site depuis des mois \u00e0 se pr\u00e9senter officiellement, Ana\u00efs Belouassa-Cherifi, 30\u00a0ans, d\u00e9put\u00e9e La France insoumise (LFI) de la 1re circonscription du Rh\u00f4ne, ne cache plus son intention d\u2019emmener une liste \u00e0 la conqu\u00eate de la mairie de Lyon, en mars\u00a02026. , confie au l\u2019ancienne secr\u00e9taire g\u00e9n\u00e9rale de la campagne pr\u00e9sidentielle de Jean-Luc M\u00e9lenchon, en\u00a02022, confort\u00e9e par des \u00e9tudes r\u00e9centes lui pr\u00e9disant de 10\u00a0% \u00e0 14\u00a0% des voix au premier tour des municipales. L\u2019annonce formelle de sa candidature devrait intervenir \u00e0 la fin du mois de septembre, \u00e0 l\u2019issue d\u2019un processus interne qui passe par la d\u00e9signation des \u00ab\u00a0chefs de file\u00a0\u00bb LFI dans chacun des neuf arrondissements lyonnais, suivi d\u2019une r\u00e9union consacr\u00e9e \u00e0 la nomination de la t\u00eate de liste. En attendant, la jeune d\u00e9put\u00e9e parcourt sa circonscription \u00e0 un train d\u2019enfer, encha\u00eenant les rencontres et les permanences parlementaires mobiles dans les cinq arrondissements de Lyon qui la composent. Il vous reste 78.32% de cet article \u00e0 lire. La suite est r\u00e9serv\u00e9e aux abonn\u00e9s.","breadcrumb":{"@id":"https:\/\/vof-news.eu\/fr\/a-lyon-la-deputee-insoumise-anais-belouassa-cherifi-prepare-sa-candidature-aux-municipales\/#breadcrumb"},"inLanguage":"fr-FR","potentialAction":[{"@type":"ReadAction","target":["https:\/\/vof-news.eu\/fr\/a-lyon-la-deputee-insoumise-anais-belouassa-cherifi-prepare-sa-candidature-aux-municipales\/"]}]},{"@type":"ImageObject","inLanguage":"fr-FR","@id":"https:\/\/vof-news.eu\/fr\/a-lyon-la-deputee-insoumise-anais-belouassa-cherifi-prepare-sa-candidature-aux-municipales\/#primaryimage","url":"https:\/\/vof-news.eu\/wp-content\/uploads\/2025\/07\/33c9a69_upload-1-0fkdn5h0ybxj-000-34zg27p.jpg","contentUrl":"https:\/\/vof-news.eu\/wp-content\/uploads\/2025\/07\/33c9a69_upload-1-0fkdn5h0ybxj-000-34zg27p.jpg","width":664,"height":443},{"@type":"BreadcrumbList","@id":"https:\/\/vof-news.eu\/fr\/a-lyon-la-deputee-insoumise-anais-belouassa-cherifi-prepare-sa-candidature-aux-municipales\/#breadcrumb","itemListElement":[{"@type":"ListItem","position":1,"name":"Home","item":"https:\/\/vof-news.eu\/fr\/"},{"@type":"ListItem","position":2,"name":"A Lyon, la d\u00e9put\u00e9e \u00ab\u00a0insoumise\u00a0\u00bb Ana\u00efs Belouassa-Cherifi pr\u00e9pare sa candidature aux municipales"}]},{"@type":"WebSite","@id":"https:\/\/vof-news.eu\/fr\/#website","url":"https:\/\/vof-news.eu\/fr\/","name":"vof-news.eu","description":"","potentialAction":[{"@type":"SearchAction","target":{"@type":"EntryPoint","urlTemplate":"https:\/\/vof-news.eu\/fr\/?s={search_term_string}"},"query-input":"required name=search_term_string"}],"inLanguage":"fr-FR"},{"@type":"Person","@id":"https:\/\/vof-news.eu\/fr\/#\/schema\/person\/f6a2a4309f0561835797fd8c19b333ed","name":"Author","image":{"@type":"ImageObject","inLanguage":"fr-FR","@id":"https:\/\/vof-news.eu\/fr\/#\/schema\/person\/image\/","url":"https:\/\/secure.gravatar.com\/avatar\/b67e614b1b25b3e9c0c239efdd2fde5ab015b5affd6f1c3c85911ca4b384e790?s=96&d=mm&r=g","contentUrl":"https:\/\/secure.gravatar.com\/avatar\/b67e614b1b25b3e9c0c239efdd2fde5ab015b5affd6f1c3c85911ca4b384e790?s=96&d=mm&r=g","caption":"Author"},"sameAs":["http:\/\/vof-news.eu"],"url":"https:\/\/vof-news.eu\/fr\/author\/zwt6qxnjulxbnyg\/"}]}},"yoast_meta":{"yoast_wpseo_title":"","yoast_wpseo_metadesc":"","yoast_wpseo_canonical":""},"_links":{"self":[{"href":"https:\/\/vof-news.eu\/fr\/wp-json\/wp\/v2\/posts\/249685","targetHints":{"allow":["GET"]}}],"collection":[{"href":"https:\/\/vof-news.eu\/fr\/wp-json\/wp\/v2\/posts"}],"about":[{"href":"https:\/\/vof-news.eu\/fr\/wp-json\/wp\/v2\/types\/post"}],"author":[{"embeddable":true,"href":"https:\/\/vof-news.eu\/fr\/wp-json\/wp\/v2\/users\/1"}],"replies":[{"embeddable":true,"href":"https:\/\/vof-news.eu\/fr\/wp-json\/wp\/v2\/comments?post=249685"}],"version-history":[{"count":1,"href":"https:\/\/vof-news.eu\/fr\/wp-json\/wp\/v2\/posts\/249685\/revisions"}],"predecessor-version":[{"id":249692,"href":"https:\/\/vof-news.eu\/fr\/wp-json\/wp\/v2\/posts\/249685\/revisions\/249692"}],"wp:featuredmedia":[{"embeddable":true,"href":"https:\/\/vof-news.eu\/fr\/wp-json\/wp\/v2\/media\/249686"}],"wp:attachment":[{"href":"https:\/\/vof-news.eu\/fr\/wp-json\/wp\/v2\/media?parent=249685"}],"wp:term":[{"taxonomy":"category","embeddable":true,"href":"https:\/\/vof-news.eu\/fr\/wp-json\/wp\/v2\/categories?post=249685"},{"taxonomy":"post_tag","embeddable":true,"href":"https:\/\/vof-news.eu\/fr\/wp-json\/wp\/v2\/tags?post=249685"}],"curies":[{"name":"wp","href":"https:\/\/api.w.org\/{rel}","templated":true}]}}